{"id":91024,"date":"2026-09-03T10:17:38","date_gmt":"2026-09-03T13:17:38","guid":{"rendered":"https:\/\/noticiasribeiraopreto.com.br\/index.php\/2026\/09\/03\/sertaozinho-recebe-feira-300-vagas-emprego\/"},"modified":"2026-09-03T10:17:38","modified_gmt":"2026-09-03T13:17:38","slug":"sertaozinho-recebe-feira-300-vagas-emprego","status":"publish","type":"post","link":"https:\/\/noticiasribeiraopreto.com.br\/index.php\/2026\/09\/03\/sertaozinho-recebe-feira-300-vagas-emprego\/","title":{"rendered":"Sert\u00e3ozinho recebe feira com mais de 300 vagas de emprego"},"content":{"rendered":"<div class='code-block code-block-1' style='margin: 8px 0 8px auto; text-align: right; display: block; clear: both;'>\n<p><a href=\"https:\/\/wa.link\/vpicfd\"><img data-recalc-dims=\"1\" class=\"wp-image-4922\" style=\"aspect-ratio: 2.0253164556962027; width: 561px; height: auto;\" src=\"https:\/\/i0.wp.com\/ismaelcolosi.com.br\/wp-content\/uploads\/2023\/11\/grupo-de-empregos-whatsapp-e-facebook-ismael-colosi-vagas.jpg?ssl=1\" alt=\"\" \/><\/a><\/p>\n<!-- \/wp:image -->\n<\/div>\n<p> <br \/>\n<\/p>\n<p>Acontece na pr\u00f3xima quinta-feira (10) a<strong> 3\u00aa Maratona pelo Emprego e Empregabilidade de Sert\u00e3ozinho<\/strong>, na regi\u00e3o de Ribeir\u00e3o Preto. Segundo os organizadores, s\u00e3o mais de 300 vagas de emprego dispon\u00edveis na a\u00e7\u00e3o, que acontece, das 9h \u00e0s 16h, na Faculdade Anhanguera.\u00a0<\/p>\n<p class=\"has-cyan-bluish-gray-background-color has-background\"><em>Receba not\u00edcias do\u00a0<strong>acidade on Ribeir\u00e3o\u00a0<\/strong>no WhatsApp e fique por dentro de tudo! Basta acessar o link<a href=\"https:\/\/chat.whatsapp.com\/DfXwcjKVIddHUT3BvnQuPZ?mode=hqctshi\" target=\"_blank\" rel=\"noreferrer noopener\">\u00a0aqui<\/a>!<\/em><\/p>\n<p>A iniciativa acontece em parceria com a Prefeitura de Sert\u00e3ozinho e tem o objetivo aproximar trabalhadores de empresas com oportunidades abertas na regi\u00e3o.\u00a0<\/p>\n<p>Entre as empresas participantes est\u00e3o Copercana, Havan, Maravilhas do Lar, McDonald\u2019s, Savegnago, Sevengel, Tese Motores, Tetracom, Triex, Tubesteel e Zanini.\u00a0<\/p>\n<h2 class=\"wp-block-heading\"><strong>Entrevistas de emprego em Sert\u00e3ozinho<\/strong><\/h2>\n<p>Durante o evento, os candidatos poder\u00e3o participar de entrevistas de emprego no local, al\u00e9m de cadastrar curr\u00edculos e ter acesso a informa\u00e7\u00f5es e orienta\u00e7\u00f5es relacionadas ao mercado de trabalho.<\/p>\n<p>A a\u00e7\u00e3o contar\u00e1 ainda com o apoio da ACIS, Sincom\u00e9rcio, Sincomerci\u00e1rios, CEISE, CPL e CIESP, reunindo poder p\u00fablico, empresas e institui\u00e7\u00f5es parceiras em uma iniciativa voltada \u00e0 empregabilidade no munic\u00edpio.<\/p>\n<p>Segundo Julio Vilcher, diretor da Faculdade Anhanguera de Sert\u00e3ozinho, a iniciativa busca facilitar o acesso da popula\u00e7\u00e3o \u00e0s oportunidades dispon\u00edveis no mercado de trabalho.<\/p>\n<blockquote class=\"wp-block-quote is-layout-flow wp-block-quote-is-layout-flow\">\n<p>\u201cReunir empresas que est\u00e3o contratando e profissionais em busca de uma oportunidade permite tornar esse contato mais direto. Al\u00e9m das vagas, a proposta \u00e9 oferecer orienta\u00e7\u00e3o e ferramentas que possam contribuir para a prepara\u00e7\u00e3o dos candidatos e para sua inser\u00e7\u00e3o no mercado de trabalho\u201d, destaca.<\/p>\n<\/blockquote>\n<h2 class=\"wp-block-heading\"><strong>Servi\u00e7o<\/strong><\/h2>\n<h3 class=\"wp-block-heading\"><strong>3\u00aa Maratona pelo Emprego e Empregabilidade de Sert\u00e3ozinho<\/strong><\/h3>\n<p><strong><br \/>Data: <\/strong>10 de setembro de 2026<br \/><strong>Hor\u00e1rio:<\/strong> das 9h \u00e0s 16h<br \/><strong>Local:<\/strong> Faculdade Anhanguera de Sert\u00e3ozinho<br \/><strong>Endere\u00e7o:<\/strong> Avenida Ant\u00f4nio Paschoal, 1.954 \u2013 Sert\u00e3ozinho\/SP<br \/><strong>Participa\u00e7\u00e3o:<\/strong> gratuita<\/p>\n<figure class=\"wp-block-gallery has-nested-images columns-default is-cropped wp-block-gallery-1 is-layout-flex wp-block-gallery-is-layout-flex\">\n<figure class=\"wp-block-image size-large\"><\/figure>\n<figure class=\"wp-block-image size-large\"><img data-recalc-dims=\"1\" loading=\"lazy\" decoding=\"async\" width=\"1024\" height=\"768\" data-id=\"163127\" src=\"https:\/\/i0.wp.com\/www.acidadeon.com\/ribeiraopreto\/wp-content\/uploads\/sites\/3\/2026\/06\/RibeiroPretoterfeirocommaisde800vagasdeempregonestaquinta_Tamanho_2_image_2026-02-09_15-24-19-1-1-1024x768.webp?resize=1024%2C768&#038;ssl=1\" alt=\"RibeiroPretoterfeirocommaisde800vagasdeempregonestaquinta Tamanho 2 image 2026 02 09 15 24 19 1 1\" class=\"wp-image-163127\" title=\"Sert\u00e3ozinho recebe feira com mais de 300 vagas de emprego 2\"><\/figure>\n<figure class=\"wp-block-image size-large\"><img data-recalc-dims=\"1\" loading=\"lazy\" decoding=\"async\" width=\"1024\" height=\"576\" data-id=\"163126\" src=\"https:\/\/i0.wp.com\/www.acidadeon.com\/ribeiraopreto\/wp-content\/uploads\/sites\/3\/2026\/06\/emprego-2_2026-05-04_19-11-05-1-1-1024x576.webp?resize=1024%2C576&#038;ssl=1\" alt=\"sert\u00e3ozinho\" class=\"wp-image-163126\" title=\"Sert\u00e3ozinho recebe feira com mais de 300 vagas de emprego 3\"><\/figure>\n<figure class=\"wp-block-image size-large\"><img data-recalc-dims=\"1\" loading=\"lazy\" decoding=\"async\" width=\"1024\" height=\"576\" data-id=\"157771\" src=\"https:\/\/i0.wp.com\/www.acidadeon.com\/ribeiraopreto\/wp-content\/uploads\/sites\/3\/2026\/05\/carteira-de-trabalho_2026-05-25_13-04-55-1024x576.webp?resize=1024%2C576&#038;ssl=1\" alt=\"Vagas de emprego s\u00e3o para diversas fun\u00e7\u00f5es dentro da ind\u00fastria de alimentos - Foto: Marcello Casal jr\/ Ag\u00eancia Brasil.\" class=\"wp-image-157771\" title=\"Sert\u00e3ozinho recebe feira com mais de 300 vagas de emprego 4\"><figcaption class=\"wp-element-caption\">Foto: Marcello Casal jr\/ Ag\u00eancia Brasil.<\/figcaption><\/figure>\n<\/figure>\n<p class=\"has-cyan-bluish-gray-background-color has-background\"><em>Fa\u00e7a uma den\u00fancia ou sugira uma reportagem sobre\u00a0<strong>Ribeir\u00e3o Preto\u00a0<\/strong>e regi\u00e3o por meio do WhatsApp do\u00a0<strong>acidade on Ribeir\u00e3o<\/strong>: (16) 99117-7802.<\/em><\/p>\n<p>O post Sert\u00e3ozinho recebe feira com mais de 300 vagas de emprego apareceu primeiro em ACidade ON Ribeir\u00e3o Preto.<\/p>\n<p><br \/>\n<br \/><a href=\"https:\/\/www.acidadeon.com\/ribeiraopreto\/economia\/sertaozinho-recebe-feira-300-vagas-emprego\/\">Link para o texto original aqui <\/a><\/p>\n<!-- CONTENT END 1 -->\n","protected":false},"excerpt":{"rendered":"<p>Acontece na pr\u00f3xima quinta-feira (10) a 3\u00aa Maratona pelo Emprego e Empregabilidade de Sert\u00e3ozinho, na regi\u00e3o de Ribeir\u00e3o Preto. Segundo os organizadores, s\u00e3o mais de&#8230;<\/p>\n","protected":false},"author":1,"featured_media":91025,"comment_status":"","ping_status":"","sticky":false,"template":"","format":"standard","meta":{"advanced_seo_description":"","jetpack_seo_html_title":"","jetpack_seo_noindex":false,"jetpack_seo_schema_type":"","_jetpack_newsletter_access":"","_jetpack_dont_email_post_to_subs":false,"_jetpack_newsletter_tier_id":0,"_jetpack_memberships_contains_paywalled_content":false,"_jetpack_feature_clip_id":0,"_jetpack_memberships_contains_paid_content":false,"footnotes":"","jetpack_publicize_message":"","jetpack_publicize_feature_enabled":true,"jetpack_social_post_already_shared":true,"jetpack_social_options":{"image_generator_settings":{"template":"highway","default_image_id":0,"font":"","enabled":false},"version":2},"jetpack_post_was_ever_published":false},"categories":[11],"tags":[144,202,276,407,865,143],"class_list":["post-91024","post","type-post","status-publish","format-standard","has-post-thumbnail","hentry","category-noticias-de-ribeirao-preto-sp-e-regiao-ismael-colosi","tag-emprego","tag-feira","tag-mais","tag-recebe","tag-sertaozinho","tag-vagas"],"jetpack_publicize_connections":[],"jetpack-related-posts":[{"id":84436,"url":"https:\/\/noticiasribeiraopreto.com.br\/index.php\/2026\/04\/09\/procurando-emprego-sertaozinho-recebe-maratona-com-centenas-de-vagas\/","url_meta":{"origin":91024,"position":0},"title":"Procurando emprego? Sert\u00e3ozinho recebe maratona com centenas de vagas","author":"noticiasribeiraopreto.com.br","date":"9 de April de 2026","format":false,"excerpt":"Ler o resumo da not\u00edcia Sert\u00e3ozinho realiza nesta quarta-feira (15) a 2\u00aa Maratona pelo Emprego e Empregabilidade, das 9h \u00e0s 16h. O evento ocorre na Faculty Anhanguera, na avenida Ant\u00f4nio Paschoal, 1954, no Jardim Sumar\u00e9. Participam empresas, PAT, Programa Meu Primeiro Trabalho e Programa de Empregabilidade Inclusiva. Candidatos devem levar\u2026","rel":"","context":"In &quot;Not\u00edcias de Ribeir\u00e3o Preto-SP e Regi\u00e3o&quot;","block_context":{"text":"Not\u00edcias de Ribeir\u00e3o Preto-SP e Regi\u00e3o","link":"https:\/\/noticiasribeiraopreto.com.br\/index.php\/category\/noticias-de-ribeirao-preto-sp-e-regiao-ismael-colosi\/"},"img":{"alt_text":"","src":"https:\/\/i0.wp.com\/noticiasribeiraopreto.com.br\/wp-content\/uploads\/2026\/03\/pec-fim-escala-6-x-1_2026-02-09_18-34-28.webp.webp?fit=1200%2C717&ssl=1&resize=350%2C200","width":350,"height":200,"srcset":"https:\/\/i0.wp.com\/noticiasribeiraopreto.com.br\/wp-content\/uploads\/2026\/03\/pec-fim-escala-6-x-1_2026-02-09_18-34-28.webp.webp?fit=1200%2C717&ssl=1&resize=350%2C200 1x, https:\/\/i0.wp.com\/noticiasribeiraopreto.com.br\/wp-content\/uploads\/2026\/03\/pec-fim-escala-6-x-1_2026-02-09_18-34-28.webp.webp?fit=1200%2C717&ssl=1&resize=525%2C300 1.5x, https:\/\/i0.wp.com\/noticiasribeiraopreto.com.br\/wp-content\/uploads\/2026\/03\/pec-fim-escala-6-x-1_2026-02-09_18-34-28.webp.webp?fit=1200%2C717&ssl=1&resize=700%2C400 2x, https:\/\/i0.wp.com\/noticiasribeiraopreto.com.br\/wp-content\/uploads\/2026\/03\/pec-fim-escala-6-x-1_2026-02-09_18-34-28.webp.webp?fit=1200%2C717&ssl=1&resize=1050%2C600 3x"},"classes":[]},{"id":91034,"url":"https:\/\/noticiasribeiraopreto.com.br\/index.php\/2026\/09\/03\/terminal-de-ribeirao-preto-recebe-mutirao-com-mais-de-500-vagas-de-emprego\/","url_meta":{"origin":91024,"position":1},"title":"Terminal de Ribeir\u00e3o Preto recebe mutir\u00e3o com mais de 500 vagas de emprego","author":"noticiasribeiraopreto.com.br","date":"3 de September de 2026","format":false,"excerpt":"O Terminal Rodovi\u00e1rio de Ribeir\u00e3o Preto recebe na pr\u00f3xima ter\u00e7a-feira (8) mais uma edi\u00e7\u00e3o do Mutir\u00e3o do Emprego. S\u00e3o oferecidas 500 vagas de emprego em diversas empresas da cidade, com oportunidades para candidatos com ou sem experi\u00eancia, est\u00e1gio e Jovem Aprendiz, al\u00e9m de orienta\u00e7\u00f5es para o empreendedorismo.\u00a0 Receba not\u00edcias do\u00a0acidade\u2026","rel":"","context":"In &quot;Not\u00edcias de Ribeir\u00e3o Preto-SP e Regi\u00e3o&quot;","block_context":{"text":"Not\u00edcias de Ribeir\u00e3o Preto-SP e Regi\u00e3o","link":"https:\/\/noticiasribeiraopreto.com.br\/index.php\/category\/noticias-de-ribeirao-preto-sp-e-regiao-ismael-colosi\/"},"img":{"alt_text":"","src":"https:\/\/i0.wp.com\/noticiasribeiraopreto.com.br\/wp-content\/uploads\/2026\/09\/terminal-rodovia-ribeirao-preto.jpeg?fit=1200%2C674&ssl=1&resize=350%2C200","width":350,"height":200,"srcset":"https:\/\/i0.wp.com\/noticiasribeiraopreto.com.br\/wp-content\/uploads\/2026\/09\/terminal-rodovia-ribeirao-preto.jpeg?fit=1200%2C674&ssl=1&resize=350%2C200 1x, https:\/\/i0.wp.com\/noticiasribeiraopreto.com.br\/wp-content\/uploads\/2026\/09\/terminal-rodovia-ribeirao-preto.jpeg?fit=1200%2C674&ssl=1&resize=525%2C300 1.5x, https:\/\/i0.wp.com\/noticiasribeiraopreto.com.br\/wp-content\/uploads\/2026\/09\/terminal-rodovia-ribeirao-preto.jpeg?fit=1200%2C674&ssl=1&resize=700%2C400 2x, https:\/\/i0.wp.com\/noticiasribeiraopreto.com.br\/wp-content\/uploads\/2026\/09\/terminal-rodovia-ribeirao-preto.jpeg?fit=1200%2C674&ssl=1&resize=1050%2C600 3x"},"classes":[]},{"id":82951,"url":"https:\/\/noticiasribeiraopreto.com.br\/index.php\/2026\/03\/04\/pat-de-sertaozinho-realiza-processo-seletivo-com-20-vagas-de-emprego-saiba-como-participar\/","url_meta":{"origin":91024,"position":2},"title":"PAT de Sert\u00e3ozinho realiza processo seletivo com 20 vagas de emprego; Saiba como participar","author":"noticiasribeiraopreto.com.br","date":"4 de March de 2026","format":false,"excerpt":"A Prefeitura de Sert\u00e3ozinho, cidade na regi\u00e3o de Ribeir\u00e3o Preto, realiza nesta quarta-feira (4) entrevistas com trabalhadores que buscam uma oportunidade de emprego. A a\u00e7\u00e3o \u00e9 organizada pela Secretaria de Desenvolvimento Econ\u00f4mico e Inova\u00e7\u00e3o, por meio do Posto de Atendimento ao Trabalhador (PAT). De acordo com a administra\u00e7\u00e3o municipal, o\u2026","rel":"","context":"In &quot;Not\u00edcias de Ribeir\u00e3o Preto-SP e Regi\u00e3o&quot;","block_context":{"text":"Not\u00edcias de Ribeir\u00e3o Preto-SP e Regi\u00e3o","link":"https:\/\/noticiasribeiraopreto.com.br\/index.php\/category\/noticias-de-ribeirao-preto-sp-e-regiao-ismael-colosi\/"},"img":{"alt_text":"","src":"https:\/\/i0.wp.com\/noticiasribeiraopreto.com.br\/wp-content\/uploads\/2026\/03\/pec-fim-escala-6-x-1_2026-02-09_18-34-28.webp.webp?fit=1200%2C717&ssl=1&resize=350%2C200","width":350,"height":200,"srcset":"https:\/\/i0.wp.com\/noticiasribeiraopreto.com.br\/wp-content\/uploads\/2026\/03\/pec-fim-escala-6-x-1_2026-02-09_18-34-28.webp.webp?fit=1200%2C717&ssl=1&resize=350%2C200 1x, https:\/\/i0.wp.com\/noticiasribeiraopreto.com.br\/wp-content\/uploads\/2026\/03\/pec-fim-escala-6-x-1_2026-02-09_18-34-28.webp.webp?fit=1200%2C717&ssl=1&resize=525%2C300 1.5x, https:\/\/i0.wp.com\/noticiasribeiraopreto.com.br\/wp-content\/uploads\/2026\/03\/pec-fim-escala-6-x-1_2026-02-09_18-34-28.webp.webp?fit=1200%2C717&ssl=1&resize=700%2C400 2x, https:\/\/i0.wp.com\/noticiasribeiraopreto.com.br\/wp-content\/uploads\/2026\/03\/pec-fim-escala-6-x-1_2026-02-09_18-34-28.webp.webp?fit=1200%2C717&ssl=1&resize=1050%2C600 3x"},"classes":[]},{"id":12253,"url":"https:\/\/noticiasribeiraopreto.com.br\/index.php\/2023\/12\/07\/empresas-de-ribeirao-realizam-mutiroes-de-vagas-de-emprego-veja-como-participar\/","url_meta":{"origin":91024,"position":3},"title":"Empresas de Ribeir\u00e3o realizam mutir\u00f5es de vagas de emprego; Veja como participar","author":"noticiasribeiraopreto.com.br","date":"7 de December de 2023","format":false,"excerpt":"Empresas de Ribeir\u00e3o Preto realizam mutir\u00e3o de vagas de emprego na pr\u00f3xima semana. S\u00e3o oportunidades para profissionais com n\u00edvel fundamental e n\u00edvel m\u00e9dio completo. Veja as oportunidades dispon\u00edveis: Telhanorte A Telhanorte conta com cinco vagas de emprego para os cargos de assessor de loja e oficial de manuten\u00e7\u00e3o eletricista. S\u00e3o\u2026","rel":"","context":"In &quot;Not\u00edcias de Ribeir\u00e3o Preto-SP e Regi\u00e3o&quot;","block_context":{"text":"Not\u00edcias de Ribeir\u00e3o Preto-SP e Regi\u00e3o","link":"https:\/\/noticiasribeiraopreto.com.br\/index.php\/category\/noticias-de-ribeirao-preto-sp-e-regiao-ismael-colosi\/"},"img":{"alt_text":"","src":"https:\/\/i0.wp.com\/noticiasribeiraopreto.com.br\/wp-content\/uploads\/2023\/12\/entrevista-de-emprego.jpg?fit=1200%2C800&ssl=1&resize=350%2C200","width":350,"height":200,"srcset":"https:\/\/i0.wp.com\/noticiasribeiraopreto.com.br\/wp-content\/uploads\/2023\/12\/entrevista-de-emprego.jpg?fit=1200%2C800&ssl=1&resize=350%2C200 1x, https:\/\/i0.wp.com\/noticiasribeiraopreto.com.br\/wp-content\/uploads\/2023\/12\/entrevista-de-emprego.jpg?fit=1200%2C800&ssl=1&resize=525%2C300 1.5x, https:\/\/i0.wp.com\/noticiasribeiraopreto.com.br\/wp-content\/uploads\/2023\/12\/entrevista-de-emprego.jpg?fit=1200%2C800&ssl=1&resize=700%2C400 2x, https:\/\/i0.wp.com\/noticiasribeiraopreto.com.br\/wp-content\/uploads\/2023\/12\/entrevista-de-emprego.jpg?fit=1200%2C800&ssl=1&resize=1050%2C600 3x"},"classes":[]},{"id":69236,"url":"https:\/\/noticiasribeiraopreto.com.br\/index.php\/2025\/05\/03\/rede-de-supermercados-conta-com-vagas-de-emprego-em-ribeirao-e-regiao\/","url_meta":{"origin":91024,"position":4},"title":"Rede de supermercados conta com vagas de emprego em Ribeir\u00e3o e regi\u00e3o","author":"noticiasribeiraopreto.com.br","date":"3 de May de 2025","format":false,"excerpt":"O Paulist\u00e3o Atacad\u00e3o est\u00e1 com diversas vagas de emprego dispon\u00edveis para as novas lojas em Ribeir\u00e3o Preto e Sert\u00e3ozinho. A previs\u00e3o \u00e9 de que as duas unidades sejam inauguradas ainda no primeiro semestre deste ano. De acordo com a empresa, as oportunidades est\u00e3o dispon\u00edveis para diversos cargos, como operador de\u2026","rel":"","context":"In &quot;Not\u00edcias de Ribeir\u00e3o Preto-SP e Regi\u00e3o&quot;","block_context":{"text":"Not\u00edcias de Ribeir\u00e3o Preto-SP e Regi\u00e3o","link":"https:\/\/noticiasribeiraopreto.com.br\/index.php\/category\/noticias-de-ribeirao-preto-sp-e-regiao-ismael-colosi\/"},"img":{"alt_text":"","src":"https:\/\/i0.wp.com\/noticiasribeiraopreto.com.br\/wp-content\/uploads\/2025\/05\/shopping-1165437_1280-1.jpg?fit=1200%2C690&ssl=1&resize=350%2C200","width":350,"height":200,"srcset":"https:\/\/i0.wp.com\/noticiasribeiraopreto.com.br\/wp-content\/uploads\/2025\/05\/shopping-1165437_1280-1.jpg?fit=1200%2C690&ssl=1&resize=350%2C200 1x, https:\/\/i0.wp.com\/noticiasribeiraopreto.com.br\/wp-content\/uploads\/2025\/05\/shopping-1165437_1280-1.jpg?fit=1200%2C690&ssl=1&resize=525%2C300 1.5x, https:\/\/i0.wp.com\/noticiasribeiraopreto.com.br\/wp-content\/uploads\/2025\/05\/shopping-1165437_1280-1.jpg?fit=1200%2C690&ssl=1&resize=700%2C400 2x, https:\/\/i0.wp.com\/noticiasribeiraopreto.com.br\/wp-content\/uploads\/2025\/05\/shopping-1165437_1280-1.jpg?fit=1200%2C690&ssl=1&resize=1050%2C600 3x"},"classes":[]},{"id":61324,"url":"https:\/\/noticiasribeiraopreto.com.br\/index.php\/2024\/12\/09\/feirao-de-emprego-acontece-na-regiao-de-ribeirao-preto-veja-quando\/","url_meta":{"origin":91024,"position":5},"title":"Feir\u00e3o de emprego acontece na regi\u00e3o de Ribeir\u00e3o Preto; veja quando","author":"noticiasribeiraopreto.com.br","date":"9 de December de 2024","format":false,"excerpt":"A Entrevias Concession\u00e1ria de Rodovias realizar\u00e1 um feir\u00e3o de emprego nesta ter\u00e7a-feira (10), em Sert\u00e3ozinho, na regi\u00e3o de Ribeir\u00e3o Preto. O feir\u00e3o, que acontece no Posto de Atendimento ao Trabalhador (PAT), \u00e9 gratuito e aberto a toda a popula\u00e7\u00e3o. O objetivo \u00e9 divulgar o projeto nas principais cidades do trecho\u2026","rel":"","context":"In &quot;Not\u00edcias de Ribeir\u00e3o Preto-SP e Regi\u00e3o&quot;","block_context":{"text":"Not\u00edcias de Ribeir\u00e3o Preto-SP e Regi\u00e3o","link":"https:\/\/noticiasribeiraopreto.com.br\/index.php\/category\/noticias-de-ribeirao-preto-sp-e-regiao-ismael-colosi\/"},"img":{"alt_text":"","src":"https:\/\/i0.wp.com\/noticiasribeiraopreto.com.br\/wp-content\/uploads\/2024\/04\/AnyConv.com__trabalho_carteira_digital_-_foto_guilherme_sircili_3004.webp.webp?fit=1200%2C799&ssl=1&resize=350%2C200","width":350,"height":200,"srcset":"https:\/\/i0.wp.com\/noticiasribeiraopreto.com.br\/wp-content\/uploads\/2024\/04\/AnyConv.com__trabalho_carteira_digital_-_foto_guilherme_sircili_3004.webp.webp?fit=1200%2C799&ssl=1&resize=350%2C200 1x, https:\/\/i0.wp.com\/noticiasribeiraopreto.com.br\/wp-content\/uploads\/2024\/04\/AnyConv.com__trabalho_carteira_digital_-_foto_guilherme_sircili_3004.webp.webp?fit=1200%2C799&ssl=1&resize=525%2C300 1.5x, https:\/\/i0.wp.com\/noticiasribeiraopreto.com.br\/wp-content\/uploads\/2024\/04\/AnyConv.com__trabalho_carteira_digital_-_foto_guilherme_sircili_3004.webp.webp?fit=1200%2C799&ssl=1&resize=700%2C400 2x, https:\/\/i0.wp.com\/noticiasribeiraopreto.com.br\/wp-content\/uploads\/2024\/04\/AnyConv.com__trabalho_carteira_digital_-_foto_guilherme_sircili_3004.webp.webp?fit=1200%2C799&ssl=1&resize=1050%2C600 3x"},"classes":[]}],"jetpack_sharing_enabled":true,"jetpack_shortlink":"https:\/\/wp.me\/peQAOb-nG8","jetpack_featured_media_url":"https:\/\/i0.wp.com\/noticiasribeiraopreto.com.br\/wp-content\/uploads\/2026\/09\/PAT-de-Ribeirao-Preto-tem-vagas-de-emprego-disponiveis.jpeg?fit=1200%2C675&ssl=1","_links":{"self":[{"href":"https:\/\/noticiasribeiraopreto.com.br\/index.php\/wp-json\/wp\/v2\/posts\/91024","targetHints":{"allow":["GET"]}}],"collection":[{"href":"https:\/\/noticiasribeiraopreto.com.br\/index.php\/wp-json\/wp\/v2\/posts"}],"about":[{"href":"https:\/\/noticiasribeiraopreto.com.br\/index.php\/wp-json\/wp\/v2\/types\/post"}],"author":[{"embeddable":true,"href":"https:\/\/noticiasribeiraopreto.com.br\/index.php\/wp-json\/wp\/v2\/users\/1"}],"replies":[{"embeddable":true,"href":"https:\/\/noticiasribeiraopreto.com.br\/index.php\/wp-json\/wp\/v2\/comments?post=91024"}],"version-history":[{"count":0,"href":"https:\/\/noticiasribeiraopreto.com.br\/index.php\/wp-json\/wp\/v2\/posts\/91024\/revisions"}],"wp:featuredmedia":[{"embeddable":true,"href":"https:\/\/noticiasribeiraopreto.com.br\/index.php\/wp-json\/wp\/v2\/media\/91025"}],"wp:attachment":[{"href":"https:\/\/noticiasribeiraopreto.com.br\/index.php\/wp-json\/wp\/v2\/media?parent=91024"}],"wp:term":[{"taxonomy":"category","embeddable":true,"href":"https:\/\/noticiasribeiraopreto.com.br\/index.php\/wp-json\/wp\/v2\/categories?post=91024"},{"taxonomy":"post_tag","embeddable":true,"href":"https:\/\/noticiasribeiraopreto.com.br\/index.php\/wp-json\/wp\/v2\/tags?post=91024"}],"curies":[{"name":"wp","href":"https:\/\/api.w.org\/{rel}","templated":true}]}}