{"id":91026,"date":"2026-09-03T10:45:54","date_gmt":"2026-09-03T13:45:54","guid":{"rendered":"https:\/\/noticiasribeiraopreto.com.br\/index.php\/2026\/09\/03\/alerta-amarelo-inmet-publica-aviso-para-o-interior-de-sp-veja-locais-afetados\/"},"modified":"2026-09-03T10:45:54","modified_gmt":"2026-09-03T13:45:54","slug":"alerta-amarelo-inmet-publica-aviso-para-o-interior-de-sp-veja-locais-afetados","status":"publish","type":"post","link":"https:\/\/noticiasribeiraopreto.com.br\/index.php\/2026\/09\/03\/alerta-amarelo-inmet-publica-aviso-para-o-interior-de-sp-veja-locais-afetados\/","title":{"rendered":"Alerta amarelo: Inmet publica aviso para o interior de SP; veja locais afetados"},"content":{"rendered":"<div class='code-block code-block-1' style='margin: 8px 0 8px auto; text-align: right; display: block; clear: both;'>\n<p><a href=\"https:\/\/wa.link\/vpicfd\"><img data-recalc-dims=\"1\" class=\"wp-image-4922\" style=\"aspect-ratio: 2.0253164556962027; width: 561px; height: auto;\" src=\"https:\/\/i0.wp.com\/ismaelcolosi.com.br\/wp-content\/uploads\/2023\/11\/grupo-de-empregos-whatsapp-e-facebook-ismael-colosi-vagas.jpg?ssl=1\" alt=\"\" \/><\/a><\/p>\n<!-- \/wp:image -->\n<\/div>\n<p> <br \/>\n<\/p>\n<p>O<a href=\"https:\/\/avisos.inmet.gov.br\/55603\" data-type=\"link\" data-id=\"https:\/\/avisos.inmet.gov.br\/55603\" target=\"_blank\" rel=\"noopener\"><strong> Inmet (Instituto Nacional de Meteorologia)<\/strong> <\/a>publicou alerta amarelo para baixo umidade no <strong>interior de S\u00e3o Paulo<\/strong>. O aviso \u00e9 v\u00e1lido at\u00e9 as 23h desta quinta-feira (3).<\/p>\n<p class=\"has-cyan-bluish-gray-background-color has-background\"><em>Receba not\u00edcias do\u00a0<strong>acidade on Ribeir\u00e3o\u00a0<\/strong>no WhatsApp e fique por dentro de tudo! Basta acessar o link<a href=\"https:\/\/chat.whatsapp.com\/DfXwcjKVIddHUT3BvnQuPZ?mode=hqctshi\" target=\"_blank\" rel=\"noreferrer noopener\">\u00a0aqui<\/a>!<\/em><\/p>\n<p>Segundo o Inmet, a umidade relativa do ar varia entre 20% e 30%. Portanto, h\u00e1 riscos baixos de inc\u00eandios florestais e \u00e0 sa\u00fade.<\/p>\n<p>As regi\u00f5es afetadas s\u00e3o:<\/p>\n<ul class=\"wp-block-list\">\n<li>Ribeir\u00e3o Preto, Presidente Prudente, S\u00e3o Jos\u00e9 do Rio Preto, Bauru, Ara\u00e7atuba, Mar\u00edlia, Araraquara, Assis, Piracicaba e Campinas.<\/li>\n<\/ul>\n<h2 class=\"wp-block-heading\" id=\"instrucoes-para-o-alerta\"><strong>Instru\u00e7\u00f5es para o alerta<\/strong><\/h2>\n<ul class=\"wp-block-list\">\n<li>Beba bastante l\u00edquido.<\/li>\n<\/ul>\n<ul class=\"wp-block-list\">\n<li>Evite desgaste f\u00edsico nas horas mais secas.<\/li>\n<\/ul>\n<ul class=\"wp-block-list\">\n<li>Evite exposi\u00e7\u00e3o ao sol nas horas mais quentes do dia.<\/li>\n<\/ul>\n<ul class=\"wp-block-list\">\n<li>Obtenha mais informa\u00e7\u00f5es junto \u00e0 Defesa Civil (telefone 199) e ao Corpo de Bombeiros (telefone 193).<\/li>\n<\/ul>\n<figure class=\"wp-block-gallery has-nested-images columns-default is-cropped wp-block-gallery-1 is-layout-flex wp-block-gallery-is-layout-flex\">\n<figure class=\"wp-block-image size-large\"><figcaption class=\"wp-element-caption\">Foto de arquivo: Weber Sian \/ acidade on<\/figcaption><\/figure>\n<figure class=\"wp-block-image size-large\"><img data-recalc-dims=\"1\" loading=\"lazy\" decoding=\"async\" width=\"1024\" height=\"461\" data-id=\"122616\" src=\"https:\/\/i0.wp.com\/www.acidadeon.com\/ribeiraopreto\/wp-content\/uploads\/sites\/3\/2025\/07\/WhatsApp-Image-2025-07-16-at-06.27.26-1_2025-07-16_09-31-29-1024x461.webp?resize=1024%2C461&#038;ssl=1\" alt=\"Baixa umidade do ar chama a aten\u00e7\u00e3o em Ribeir\u00e3o Preto neste domingo - Foto de arquivo: Ricardo Canaveze.\" class=\"wp-image-122616\" title=\"Alerta amarelo: Inmet publica aviso para o interior de SP; veja locais afetados 2\"><figcaption class=\"wp-element-caption\">Foto de arquivo: Ricardo Canaveze.<\/figcaption><\/figure>\n<\/figure>\n<p class=\"has-cyan-bluish-gray-background-color has-background\"><em>Fa\u00e7a uma den\u00fancia ou sugira uma reportagem sobre\u00a0<strong>Ribeir\u00e3o Preto\u00a0<\/strong>e regi\u00e3o por meio do WhatsApp do\u00a0<strong>acidade on Ribeir\u00e3o<\/strong>: (16) 99117-7802.<\/em><\/p>\n<h2 class=\"wp-block-heading\" id=\"ficou-sabendo\"><strong>Ficou sabendo?<\/strong><\/h2>\n<h3 class=\"wp-block-heading\" id=\"ribeirao-preto-tera-sol-e-baixa-umidade-nesta-quinta-chuva-volta-no-fim-de-semana\"><strong>Ribeir\u00e3o Preto ter\u00e1 sol e baixa umidade nesta quinta; chuva volta no fim de semana<\/strong><\/h3>\n<p>O\u00a0<strong>tempo segue est\u00e1vel em Ribeir\u00e3o Preto<\/strong>\u00a0nesta\u00a0<strong>quinta-feira (3).<\/strong>\u00a0O dia ser\u00e1 marcado pelo sol e c\u00e9u aberto, sem previs\u00e3o de chuva. As\u00a0<strong>temperaturas variam entre 14\u00b0C e 29\u00b0C<\/strong>, de acordo com a previs\u00e3o da\u00a0<strong><a href=\"https:\/\/www.climatempo.com.br\/\" target=\"_blank\" rel=\"noreferrer noopener\">Climatempo<\/a><\/strong>.<\/p>\n<p>A atua\u00e7\u00e3o de uma\u00a0<strong>massa de ar seco<\/strong>\u00a0mant\u00e9m o tempo na regi\u00e3o, com isso, a<strong>\u00a0umidade relativa do ar deve cair durante a tarde<\/strong>,\u00a0<mark>principalmente no\u00a0<strong>interior de S\u00e3o Paulo<\/strong>, onde os \u00edndices podem ficar entre\u00a0<strong>20%<\/strong>\u00a0e\u00a0<strong>30%<\/strong>.<\/mark><\/p>\n<p>Segundo os especialistas,\u00a0<strong>esse per\u00edodo de baixa umidade do ar representa um s\u00e9rio risco \u00e0 sa\u00fade<\/strong>, j\u00e1 que o ressecamento das mucosas do nariz, garganta e olhos prejudica a defesa natural do organismo, favorecendo irrita\u00e7\u00f5es, infec\u00e7\u00f5es respirat\u00f3rias e at\u00e9 problemas de pele.<\/p>\n<p>Por esse motivo, para minimizar os efeitos do ar seco que deve afetar Ribeir\u00e3o Preto, a<strong>\u00a0recomenda\u00e7\u00e3o \u00e9 manter uma boa hidrata\u00e7\u00e3o e utilizar umidificadores ou recipientes com \u00e1gua nos ambientes<\/strong>, especialmente nos locais fechados.<\/p>\n<p>Al\u00e9m disso, moradores de Ribeir\u00e3o Preto tamb\u00e9m devem adotar medidas como\u00a0<strong>lavar o nariz com soro fisiol\u00f3gico<\/strong>,\u00a0<strong>manter os ambientes ventilados sem levantar poeira<\/strong>\u00a0e\u00a0<strong>evitar atividades f\u00edsicas intensas nos hor\u00e1rios mais secos<\/strong>\u00a0tamb\u00e9m devem ser adotadas para ajudar durante este per\u00edodo.<\/p>\n<figure class=\"wp-block-image\"><img data-recalc-dims=\"1\" loading=\"lazy\" decoding=\"async\" width=\"1024\" height=\"683\" src=\"https:\/\/i0.wp.com\/www.acidadeon.com\/ribeiraopreto\/wp-content\/uploads\/sites\/3\/2026\/08\/onda-de-calor-1024x683.jpg?resize=1024%2C683&#038;ssl=1\" alt=\"onda de calor\" class=\"wp-image-172634\" title=\"Ribeir\u00e3o Preto ter\u00e1 sol e baixa umidade nesta quinta; chuva volta no fim de semana 1\"><figcaption class=\"wp-element-caption\">Baixa umidade deve afetar Ribeir\u00e3o Preto e outras cidades do interior de SP \u2013 Foto: reprodu\u00e7\u00e3o\/ Magnific.<\/figcaption><\/figure>\n<\/p>\n<h2 class=\"wp-block-heading\" id=\"quando-a-chuva-retorna-para-ribeirao-preto\"><strong>Quando a chuva retorna para Ribeir\u00e3o Preto?<\/strong><\/h2>\n<p>Apesar da melhora nas condi\u00e7\u00f5es do tempo, a\u00a0<strong>previs\u00e3o estendida da Climatempo<\/strong>\u00a0indica que a chuva deve voltar a atingir\u00a0<strong>Ribeir\u00e3o Preto<\/strong>\u00a0nos pr\u00f3ximos dias.<\/p>\n<p>Entre hoje e sexta-feira (4), o tempo segue firme, por\u00e9m, no\u00a0<strong>s\u00e1bado (5), esse cen\u00e1rio muda<\/strong>. O dia em Ribeir\u00e3o Preto come\u00e7a com sol e muitas nuvens,\u00a0<strong>mas h\u00e1 previs\u00e3o de per\u00edodos de c\u00e9u nublado e pancadas de chuva durante a noite.<\/strong><\/p>\n<p>J\u00e1 no\u00a0<strong>domingo (6)<\/strong>, o tempo continua inst\u00e1vel, com sol entre algumas nuvens e possibilidade de chuva r\u00e1pida ao longo do dia e tamb\u00e9m \u00e0 noite.\u00a0<strong><mark>As temperaturas no fim de semana em Ribeir\u00e3o Preto variam entre 16\u00b0C e 29\u00b0C.<\/mark><\/strong><\/p>\n<h2 class=\"wp-block-heading\" id=\"e-qual-e-a-previsao-para-o-mes-de-setembro\"><strong>E qual \u00e9 a previs\u00e3o para o m\u00eas de setembro?<\/strong><\/h2>\n<p>O m\u00eas de setembro de 2026 marca a transi\u00e7\u00e3o entre o inverno e a primavera em territ\u00f3rio brasileiro. No estado de S\u00e3o Paulo, o comportamento do tempo ao longo do per\u00edodo ser\u00e1 determinado pela atua\u00e7\u00e3o do fen\u00f4meno El Ni\u00f1o e pela eleva\u00e7\u00e3o de temperatura observada nas \u00e1guas do Oceano Atl\u00e2ntico, conforme dados divulgados pela Climatempo.<\/p>\n<p>O per\u00edodo de setembro costuma registrar aus\u00eancia de precipita\u00e7\u00e3o, \u00edndices reduzidos de umidade no ar e eleva\u00e7\u00e3o de temperatura no interior. Neste ano, as medi\u00e7\u00f5es indicam a presen\u00e7a de chuvas em intervalos menores e volumes acumulados maiores em compara\u00e7\u00e3o aos registros do mesmo per\u00edodo de 2025 no estado de S\u00e3o Paulo.<\/p>\n<figure class=\"wp-block-image\"><img data-recalc-dims=\"1\" loading=\"lazy\" decoding=\"async\" width=\"1024\" height=\"720\" src=\"https:\/\/i0.wp.com\/www.acidadeon.com\/ribeiraopreto\/wp-content\/uploads\/sites\/3\/2026\/09\/anomalia-frente-fria.jpeg?resize=1024%2C720&#038;ssl=1\" alt=\"anomalia frente fria\" class=\"wp-image-173473\" title=\"Ribeir\u00e3o Preto ter\u00e1 sol e baixa umidade nesta quinta; chuva volta no fim de semana 2\"><figcaption class=\"wp-element-caption\">Previs\u00e3o de anomalia de temperatura entre os dias 7 e 14 de Setembro mostra que a pr\u00f3xima semana ser\u00e1 muito fria sobre o Brasil, marcada por uma onda de frio com temperaturas negativas (Fonte: Meteored)<\/figcaption><\/figure>\n<h3 class=\"wp-block-heading\" id=\"atuacao-do-el-nino\"><strong>Atua\u00e7\u00e3o do El Ni\u00f1o<\/strong><\/h3>\n<p>A presen\u00e7a do fen\u00f4meno El Ni\u00f1o no Oceano Pac\u00edfico atua sobre a movimenta\u00e7\u00e3o do ar na Am\u00e9rica do Sul. Ao mesmo tempo, as \u00e1guas do Oceano Atl\u00e2ntico na costa das regi\u00f5es Sul e Sudeste mant\u00eam valores t\u00e9rmicos acima da m\u00e9dia.<\/p>\n<p>Essa condi\u00e7\u00e3o no oceano possibilita a forma\u00e7\u00e3o e o deslocamento de frentes frias e \u00e1reas de baixa press\u00e3o atmosf\u00e9rica em dire\u00e7\u00e3o ao continente. A umidade \u00e9 transportada para as regi\u00f5es do estado de S\u00e3o Paulo, resultando na forma\u00e7\u00e3o de nuvens e na ocorr\u00eancia de precipita\u00e7\u00f5es em diferentes munic\u00edpios paulistas.<\/p>\n<p>Nos primeiros dez dias do m\u00eas, o territ\u00f3rio paulista registra instabilidades com a passagem de frentes frias. Por isso, h\u00e1 previs\u00e3o de chuva, trovoadas e ventos durante o per\u00edodo. A ocorr\u00eancia dessas precipita\u00e7\u00f5es nos primeiros dias de setembro eleva a umidade presente no ar e no solo. Esse fator atua na redu\u00e7\u00e3o de registros de focos de fogo em vegeta\u00e7\u00e3o, ocorr\u00eancia comum no estado durante os meses finais do inverno.<\/p>\n<figure class=\"wp-block-image\"><img data-recalc-dims=\"1\" loading=\"lazy\" decoding=\"async\" width=\"1024\" height=\"720\" src=\"https:\/\/i0.wp.com\/www.acidadeon.com\/ribeiraopreto\/wp-content\/uploads\/sites\/3\/2026\/09\/meteored-frente-fria.jpeg?resize=1024%2C720&#038;ssl=1\" alt=\"meteored frente fria\" class=\"wp-image-173474\" title=\"Ribeir\u00e3o Preto ter\u00e1 sol e baixa umidade nesta quinta; chuva volta no fim de semana 3\"><figcaption class=\"wp-element-caption\">Previs\u00e3o mostra uma intensa massa de ar frio avan\u00e7ando pelo pa\u00eds e causando uma queda das temperaturas em 16 estados (Fonte: Meteored)<\/figcaption><\/figure>\n<h2 class=\"wp-block-heading\" id=\"temperaturas-em-sp\"><strong>Temperaturas em SP<\/strong><\/h2>\n<p>A presen\u00e7a de nebulosidade e a frequ\u00eancia de precipita\u00e7\u00f5es limitam a eleva\u00e7\u00e3o cont\u00ednua das temperaturas m\u00e9dias na faixa leste, no litoral e na Regi\u00e3o Metropolitana de S\u00e3o Paulo. Nessas \u00e1reas, os valores m\u00e9dios registrados permanecem mais baixos do que a m\u00e9dia habitual para o m\u00eas de setembro.<\/p>\n<p>Nas regi\u00f5es norte, noroeste e oeste do estado de S\u00e3o Paulo, o transporte de ar vindo da regi\u00e3o Centro-Oeste mant\u00e9m registros de calor nos per\u00edodos da tarde durante os dias sem chuva, com os term\u00f4metros alcan\u00e7ando marcas de 35 \u00b0C.<\/p>\n<p>Ap\u00f3s o deslocamento das frentes frias pelo estado, a entrada de massas de ar frio provoca redu\u00e7\u00e3o tempor\u00e1ria nos valores de temperatura, registrando m\u00ednimas pr\u00f3ximas a 12 \u00b0C durante a madrugada e o in\u00edcio da manh\u00e3 em pontos do sul paulista e em locais de relevo mais alto.<\/p>\n<div class=\"wp-block-rank-math-toc-block\" id=\"rank-math-toc\">\n<nav>\n<ul>\n<li class=\"\">Instru\u00e7\u00f5es para o alerta<\/li>\n<li class=\"\">Ficou sabendo?\n<ul>\n<li class=\"\">Ribeir\u00e3o Preto ter\u00e1 sol e baixa umidade nesta quinta; chuva volta no fim de semana<\/li>\n<\/ul>\n<\/li>\n<li class=\"\">Quando a chuva retorna para Ribeir\u00e3o Preto?<\/li>\n<li class=\"\">E qual \u00e9 a previs\u00e3o para o m\u00eas de setembro?\n<ul>\n<li class=\"\">Atua\u00e7\u00e3o do El Ni\u00f1o<\/li>\n<\/ul>\n<\/li>\n<li class=\"\">Temperaturas em SP<\/li>\n<\/ul>\n<\/nav>\n<\/div>\n<p><strong><br \/><\/strong><\/p>\n<p>O post Alerta amarelo: Inmet publica aviso para o interior de SP; veja locais afetados apareceu primeiro em ACidade ON Ribeir\u00e3o Preto.<\/p>\n<p><br \/>\n<br \/><a href=\"https:\/\/www.acidadeon.com\/ribeiraopreto\/cotidiano\/alerta-amarelo-inmet-publica-aviso-para-o-interior-de-sp-veja-locais-afetados\/\">Link para o texto original aqui <\/a><\/p>\n<!-- CONTENT END 1 -->\n","protected":false},"excerpt":{"rendered":"<p>O Inmet (Instituto Nacional de Meteorologia) publicou alerta amarelo para baixo umidade no interior de S\u00e3o Paulo. O aviso \u00e9 v\u00e1lido at\u00e9 as 23h desta&#8230;<\/p>\n","protected":false},"author":1,"featured_media":91027,"comment_status":"","ping_status":"","sticky":false,"template":"","format":"standard","meta":{"advanced_seo_description":"","jetpack_seo_html_title":"","jetpack_seo_noindex":false,"jetpack_seo_schema_type":"","_jetpack_newsletter_access":"","_jetpack_dont_email_post_to_subs":false,"_jetpack_newsletter_tier_id":0,"_jetpack_memberships_contains_paywalled_content":false,"_jetpack_feature_clip_id":0,"_jetpack_memberships_contains_paid_content":false,"footnotes":"","jetpack_publicize_message":"","jetpack_publicize_feature_enabled":true,"jetpack_social_post_already_shared":true,"jetpack_social_options":{"image_generator_settings":{"template":"highway","default_image_id":0,"font":"","enabled":false},"version":2},"jetpack_post_was_ever_published":false},"categories":[11],"tags":[3268,163,1659,7852,1578,237,624,71,1404,48],"class_list":["post-91026","post","type-post","status-publish","format-standard","has-post-thumbnail","hentry","category-noticias-de-ribeirao-preto-sp-e-regiao-ismael-colosi","tag-afetados","tag-alerta","tag-amarelo","tag-aviso","tag-inmet","tag-interior","tag-locais","tag-para","tag-publica","tag-veja"],"jetpack_publicize_connections":[],"jetpack-related-posts":[{"id":80354,"url":"https:\/\/noticiasribeiraopreto.com.br\/index.php\/2025\/11\/20\/inmet-publica-alerta-amarelo-para-o-interior-de-sp-veja-os-locais-afetados\/","url_meta":{"origin":91026,"position":0},"title":"Inmet publica alerta amarelo para o interior de SP; Veja os locais afetados","author":"noticiasribeiraopreto.com.br","date":"20 de November de 2025","format":false,"excerpt":"O Inmet (Instituto Nacional de Meteorologia) publicou nesta quinta-feira (20) um alerta amarelo de perigo potencial para baixa umidade no interior de S\u00e3o Paulo. O aviso \u00e9 v\u00e1lido at\u00e9 as 19h de hoje. Segundo o Inmet, a umidade relativa do ar pode variar entre 20% e 30%. As regi\u00f5es afetadas\u2026","rel":"","context":"In &quot;Not\u00edcias de Ribeir\u00e3o Preto-SP e Regi\u00e3o&quot;","block_context":{"text":"Not\u00edcias de Ribeir\u00e3o Preto-SP e Regi\u00e3o","link":"https:\/\/noticiasribeiraopreto.com.br\/index.php\/category\/noticias-de-ribeirao-preto-sp-e-regiao-ismael-colosi\/"},"img":{"alt_text":"","src":"https:\/\/i0.wp.com\/noticiasribeiraopreto.com.br\/wp-content\/uploads\/2025\/11\/alerta-inmet_2025-11-20_15-30-36.webp.webp?fit=1200%2C809&ssl=1&resize=350%2C200","width":350,"height":200,"srcset":"https:\/\/i0.wp.com\/noticiasribeiraopreto.com.br\/wp-content\/uploads\/2025\/11\/alerta-inmet_2025-11-20_15-30-36.webp.webp?fit=1200%2C809&ssl=1&resize=350%2C200 1x, https:\/\/i0.wp.com\/noticiasribeiraopreto.com.br\/wp-content\/uploads\/2025\/11\/alerta-inmet_2025-11-20_15-30-36.webp.webp?fit=1200%2C809&ssl=1&resize=525%2C300 1.5x, https:\/\/i0.wp.com\/noticiasribeiraopreto.com.br\/wp-content\/uploads\/2025\/11\/alerta-inmet_2025-11-20_15-30-36.webp.webp?fit=1200%2C809&ssl=1&resize=700%2C400 2x, https:\/\/i0.wp.com\/noticiasribeiraopreto.com.br\/wp-content\/uploads\/2025\/11\/alerta-inmet_2025-11-20_15-30-36.webp.webp?fit=1200%2C809&ssl=1&resize=1050%2C600 3x"},"classes":[]},{"id":90477,"url":"https:\/\/noticiasribeiraopreto.com.br\/index.php\/2026\/08\/23\/umidade-despenca-e-pode-chegar-a-12-no-interior-de-sp-veja-cidades-em-alerta\/","url_meta":{"origin":91026,"position":1},"title":"Umidade despenca e pode chegar a 12% no interior de SP; Veja cidades em alerta","author":"noticiasribeiraopreto.com.br","date":"23 de August de 2026","format":false,"excerpt":"O Instituto Nacional de Meteorologia (Inmet) emitiu dois novos alertas de baixa umidade para o interior de S\u00e3o Paulo neste domingo (23). Os avisos s\u00e3o classificados nas cores amarela e laranja e atingem diferentes regi\u00f5es do estado \u2014 veja abaixo quais. De acordo com o \u00f3rg\u00e3o, o alerta amarelo indica\u2026","rel":"","context":"In &quot;Not\u00edcias de Ribeir\u00e3o Preto-SP e Regi\u00e3o&quot;","block_context":{"text":"Not\u00edcias de Ribeir\u00e3o Preto-SP e Regi\u00e3o","link":"https:\/\/noticiasribeiraopreto.com.br\/index.php\/category\/noticias-de-ribeirao-preto-sp-e-regiao-ismael-colosi\/"},"img":{"alt_text":"","src":"https:\/\/i0.wp.com\/noticiasribeiraopreto.com.br\/wp-content\/uploads\/2026\/08\/alerta-inmet.jpg?fit=1200%2C675&ssl=1&resize=350%2C200","width":350,"height":200,"srcset":"https:\/\/i0.wp.com\/noticiasribeiraopreto.com.br\/wp-content\/uploads\/2026\/08\/alerta-inmet.jpg?fit=1200%2C675&ssl=1&resize=350%2C200 1x, https:\/\/i0.wp.com\/noticiasribeiraopreto.com.br\/wp-content\/uploads\/2026\/08\/alerta-inmet.jpg?fit=1200%2C675&ssl=1&resize=525%2C300 1.5x, https:\/\/i0.wp.com\/noticiasribeiraopreto.com.br\/wp-content\/uploads\/2026\/08\/alerta-inmet.jpg?fit=1200%2C675&ssl=1&resize=700%2C400 2x, https:\/\/i0.wp.com\/noticiasribeiraopreto.com.br\/wp-content\/uploads\/2026\/08\/alerta-inmet.jpg?fit=1200%2C675&ssl=1&resize=1050%2C600 3x"},"classes":[]},{"id":89703,"url":"https:\/\/noticiasribeiraopreto.com.br\/index.php\/2026\/08\/10\/inmet-alerta-cidades-do-interior-de-sp-para-baixa-umidade-do-ar-veja-quais\/","url_meta":{"origin":91026,"position":2},"title":"Inmet alerta cidades do interior de SP para baixa umidade do ar; Veja quais","author":"noticiasribeiraopreto.com.br","date":"10 de August de 2026","format":false,"excerpt":"O\u00a0Inmet (Instituto Nacional de Meteorologia)\u00a0emitiu alertas para baixa umidade do ar em cidades do interior de S\u00e3o Paulo, incluindo Ribeir\u00e3o Preto e munic\u00edpios da regi\u00e3o. Os avisos valem das 12h \u00e0s 18h desta segunda-feira (10). Receba not\u00edcias do\u00a0acidade on Ribeir\u00e3o\u00a0no WhatsApp e fique por dentro de tudo! Basta acessar o\u2026","rel":"","context":"In &quot;Not\u00edcias de Ribeir\u00e3o Preto-SP e Regi\u00e3o&quot;","block_context":{"text":"Not\u00edcias de Ribeir\u00e3o Preto-SP e Regi\u00e3o","link":"https:\/\/noticiasribeiraopreto.com.br\/index.php\/category\/noticias-de-ribeirao-preto-sp-e-regiao-ismael-colosi\/"},"img":{"alt_text":"","src":"https:\/\/i0.wp.com\/noticiasribeiraopreto.com.br\/wp-content\/uploads\/2026\/08\/mapa-5.jpg?fit=1200%2C766&ssl=1&resize=350%2C200","width":350,"height":200,"srcset":"https:\/\/i0.wp.com\/noticiasribeiraopreto.com.br\/wp-content\/uploads\/2026\/08\/mapa-5.jpg?fit=1200%2C766&ssl=1&resize=350%2C200 1x, https:\/\/i0.wp.com\/noticiasribeiraopreto.com.br\/wp-content\/uploads\/2026\/08\/mapa-5.jpg?fit=1200%2C766&ssl=1&resize=525%2C300 1.5x, https:\/\/i0.wp.com\/noticiasribeiraopreto.com.br\/wp-content\/uploads\/2026\/08\/mapa-5.jpg?fit=1200%2C766&ssl=1&resize=700%2C400 2x, https:\/\/i0.wp.com\/noticiasribeiraopreto.com.br\/wp-content\/uploads\/2026\/08\/mapa-5.jpg?fit=1200%2C766&ssl=1&resize=1050%2C600 3x"},"classes":[]},{"id":76545,"url":"https:\/\/noticiasribeiraopreto.com.br\/index.php\/2025\/08\/31\/interior-de-sp-tem-novo-alerta-do-inmet-veja-os-locais-afetados-2\/","url_meta":{"origin":91026,"position":3},"title":"Interior de SP tem novo alerta do Inmet; Veja os locais afetados","author":"noticiasribeiraopreto.com.br","date":"31 de August de 2025","format":false,"excerpt":"O Inmet (Instituto Nacional de Meteorologia) publicou um alerta de perigo potencial para baixa umidade no interior de S\u00e3o Paulo. O aviso \u00e9 v\u00e1lido para este domingo (31) at\u00e9 o final do dia. Segundo o Inmet, o aviso \u00e9 v\u00e1lido para as regi\u00f5es de: Ribeir\u00e3o Preto, Presidente Prudente, S\u00e3o Jos\u00e9\u2026","rel":"","context":"In &quot;Not\u00edcias de Ribeir\u00e3o Preto-SP e Regi\u00e3o&quot;","block_context":{"text":"Not\u00edcias de Ribeir\u00e3o Preto-SP e Regi\u00e3o","link":"https:\/\/noticiasribeiraopreto.com.br\/index.php\/category\/noticias-de-ribeirao-preto-sp-e-regiao-ismael-colosi\/"},"img":{"alt_text":"","src":"https:\/\/i0.wp.com\/noticiasribeiraopreto.com.br\/wp-content\/uploads\/2025\/08\/inmet-mapa_2025-08-31_14-06-00.webp.webp?fit=1200%2C686&ssl=1&resize=350%2C200","width":350,"height":200,"srcset":"https:\/\/i0.wp.com\/noticiasribeiraopreto.com.br\/wp-content\/uploads\/2025\/08\/inmet-mapa_2025-08-31_14-06-00.webp.webp?fit=1200%2C686&ssl=1&resize=350%2C200 1x, https:\/\/i0.wp.com\/noticiasribeiraopreto.com.br\/wp-content\/uploads\/2025\/08\/inmet-mapa_2025-08-31_14-06-00.webp.webp?fit=1200%2C686&ssl=1&resize=525%2C300 1.5x, https:\/\/i0.wp.com\/noticiasribeiraopreto.com.br\/wp-content\/uploads\/2025\/08\/inmet-mapa_2025-08-31_14-06-00.webp.webp?fit=1200%2C686&ssl=1&resize=700%2C400 2x, https:\/\/i0.wp.com\/noticiasribeiraopreto.com.br\/wp-content\/uploads\/2025\/08\/inmet-mapa_2025-08-31_14-06-00.webp.webp?fit=1200%2C686&ssl=1&resize=1050%2C600 3x"},"classes":[]},{"id":59968,"url":"https:\/\/noticiasribeiraopreto.com.br\/index.php\/2024\/11\/03\/inmet-publica-alerta-de-chuvas-para-o-interior-de-sp-veja-os-locais\/","url_meta":{"origin":91026,"position":4},"title":"Inmet publica alerta de chuvas para o interior de SP; Veja os locais","author":"noticiasribeiraopreto.com.br","date":"3 de November de 2024","format":false,"excerpt":"O Inmet (Instituto Nacional de Meteorologia) publicou um alerta de chuvas intensas para o interior de S\u00e3o Paulo na manh\u00e3 deste domingo (3). Segundo o aviso, o alerta \u00e9 v\u00e1lido para o per\u00edodo entre \u00e0s 10h deste domingo e 10h de segunda-feira (4). De acordo com o Inmet, pode chover\u2026","rel":"","context":"In &quot;Not\u00edcias de Ribeir\u00e3o Preto-SP e Regi\u00e3o&quot;","block_context":{"text":"Not\u00edcias de Ribeir\u00e3o Preto-SP e Regi\u00e3o","link":"https:\/\/noticiasribeiraopreto.com.br\/index.php\/category\/noticias-de-ribeirao-preto-sp-e-regiao-ismael-colosi\/"},"img":{"alt_text":"","src":"https:\/\/i0.wp.com\/noticiasribeiraopreto.com.br\/wp-content\/uploads\/2024\/10\/chuva-3_2024-10-09_20-06-20_jpeg_2024-10-09_20-06-21.webp.webp?fit=1200%2C900&ssl=1&resize=350%2C200","width":350,"height":200,"srcset":"https:\/\/i0.wp.com\/noticiasribeiraopreto.com.br\/wp-content\/uploads\/2024\/10\/chuva-3_2024-10-09_20-06-20_jpeg_2024-10-09_20-06-21.webp.webp?fit=1200%2C900&ssl=1&resize=350%2C200 1x, https:\/\/i0.wp.com\/noticiasribeiraopreto.com.br\/wp-content\/uploads\/2024\/10\/chuva-3_2024-10-09_20-06-20_jpeg_2024-10-09_20-06-21.webp.webp?fit=1200%2C900&ssl=1&resize=525%2C300 1.5x, https:\/\/i0.wp.com\/noticiasribeiraopreto.com.br\/wp-content\/uploads\/2024\/10\/chuva-3_2024-10-09_20-06-20_jpeg_2024-10-09_20-06-21.webp.webp?fit=1200%2C900&ssl=1&resize=700%2C400 2x, https:\/\/i0.wp.com\/noticiasribeiraopreto.com.br\/wp-content\/uploads\/2024\/10\/chuva-3_2024-10-09_20-06-20_jpeg_2024-10-09_20-06-21.webp.webp?fit=1200%2C900&ssl=1&resize=1050%2C600 3x"},"classes":[]},{"id":60497,"url":"https:\/\/noticiasribeiraopreto.com.br\/index.php\/2024\/11\/15\/interior-de-sp-tem-novo-alerta-do-inmet-veja-os-locais-afetados\/","url_meta":{"origin":91026,"position":5},"title":"Interior de SP tem novo alerta do Inmet; Veja os locais afetados","author":"noticiasribeiraopreto.com.br","date":"15 de November de 2024","format":false,"excerpt":"O Inmet (Instituto Nacional de Meteorologia) publicou um alerta de chuvas intensas para o interior de S\u00e3o Paulo. O aviso \u00e9 v\u00e1lido at\u00e9 as 10h de s\u00e1bado (16). Segundo o \u00f3rg\u00e3o, pode chover o acumulado de at\u00e9 50 mil\u00edmetros no per\u00edodo de um dia, com ventos intensos entre 40 km\/h\u2026","rel":"","context":"In &quot;Not\u00edcias de Ribeir\u00e3o Preto-SP e Regi\u00e3o&quot;","block_context":{"text":"Not\u00edcias de Ribeir\u00e3o Preto-SP e Regi\u00e3o","link":"https:\/\/noticiasribeiraopreto.com.br\/index.php\/category\/noticias-de-ribeirao-preto-sp-e-regiao-ismael-colosi\/"},"img":{"alt_text":"","src":"https:\/\/i0.wp.com\/noticiasribeiraopreto.com.br\/wp-content\/uploads\/2024\/11\/1731687414_chuva.jpeg?fit=1200%2C903&ssl=1&resize=350%2C200","width":350,"height":200,"srcset":"https:\/\/i0.wp.com\/noticiasribeiraopreto.com.br\/wp-content\/uploads\/2024\/11\/1731687414_chuva.jpeg?fit=1200%2C903&ssl=1&resize=350%2C200 1x, https:\/\/i0.wp.com\/noticiasribeiraopreto.com.br\/wp-content\/uploads\/2024\/11\/1731687414_chuva.jpeg?fit=1200%2C903&ssl=1&resize=525%2C300 1.5x, https:\/\/i0.wp.com\/noticiasribeiraopreto.com.br\/wp-content\/uploads\/2024\/11\/1731687414_chuva.jpeg?fit=1200%2C903&ssl=1&resize=700%2C400 2x, https:\/\/i0.wp.com\/noticiasribeiraopreto.com.br\/wp-content\/uploads\/2024\/11\/1731687414_chuva.jpeg?fit=1200%2C903&ssl=1&resize=1050%2C600 3x"},"classes":[]}],"jetpack_sharing_enabled":true,"jetpack_shortlink":"https:\/\/wp.me\/peQAOb-nGa","jetpack_featured_media_url":"https:\/\/i0.wp.com\/noticiasribeiraopreto.com.br\/wp-content\/uploads\/2026\/09\/RIBEIRAO_2025-09-11_14-52-08-1024x556.webp.webp?fit=1024%2C556&ssl=1","_links":{"self":[{"href":"https:\/\/noticiasribeiraopreto.com.br\/index.php\/wp-json\/wp\/v2\/posts\/91026","targetHints":{"allow":["GET"]}}],"collection":[{"href":"https:\/\/noticiasribeiraopreto.com.br\/index.php\/wp-json\/wp\/v2\/posts"}],"about":[{"href":"https:\/\/noticiasribeiraopreto.com.br\/index.php\/wp-json\/wp\/v2\/types\/post"}],"author":[{"embeddable":true,"href":"https:\/\/noticiasribeiraopreto.com.br\/index.php\/wp-json\/wp\/v2\/users\/1"}],"replies":[{"embeddable":true,"href":"https:\/\/noticiasribeiraopreto.com.br\/index.php\/wp-json\/wp\/v2\/comments?post=91026"}],"version-history":[{"count":0,"href":"https:\/\/noticiasribeiraopreto.com.br\/index.php\/wp-json\/wp\/v2\/posts\/91026\/revisions"}],"wp:featuredmedia":[{"embeddable":true,"href":"https:\/\/noticiasribeiraopreto.com.br\/index.php\/wp-json\/wp\/v2\/media\/91027"}],"wp:attachment":[{"href":"https:\/\/noticiasribeiraopreto.com.br\/index.php\/wp-json\/wp\/v2\/media?parent=91026"}],"wp:term":[{"taxonomy":"category","embeddable":true,"href":"https:\/\/noticiasribeiraopreto.com.br\/index.php\/wp-json\/wp\/v2\/categories?post=91026"},{"taxonomy":"post_tag","embeddable":true,"href":"https:\/\/noticiasribeiraopreto.com.br\/index.php\/wp-json\/wp\/v2\/tags?post=91026"}],"curies":[{"name":"wp","href":"https:\/\/api.w.org\/{rel}","templated":true}]}}