{"id":91028,"date":"2026-09-03T11:50:29","date_gmt":"2026-09-03T14:50:29","guid":{"rendered":"https:\/\/noticiasribeiraopreto.com.br\/index.php\/2026\/09\/03\/cantor-que-matou-crianca-atropelada-confessa-fuga-e-pagara-150-salarios-minimos-em-acordo\/"},"modified":"2026-09-03T11:50:29","modified_gmt":"2026-09-03T14:50:29","slug":"cantor-que-matou-crianca-atropelada-confessa-fuga-e-pagara-150-salarios-minimos-em-acordo","status":"publish","type":"post","link":"https:\/\/noticiasribeiraopreto.com.br\/index.php\/2026\/09\/03\/cantor-que-matou-crianca-atropelada-confessa-fuga-e-pagara-150-salarios-minimos-em-acordo\/","title":{"rendered":"Cantor que matou crian\u00e7a atropelada confessa fuga e pagar\u00e1 150 sal\u00e1rios m\u00ednimos em acordo"},"content":{"rendered":"<div class='code-block code-block-1' style='margin: 8px 0 8px auto; text-align: right; display: block; clear: both;'>\n<p><a href=\"https:\/\/wa.link\/vpicfd\"><img data-recalc-dims=\"1\" class=\"wp-image-4922\" style=\"aspect-ratio: 2.0253164556962027; width: 561px; height: auto;\" src=\"https:\/\/i0.wp.com\/ismaelcolosi.com.br\/wp-content\/uploads\/2023\/11\/grupo-de-empregos-whatsapp-e-facebook-ismael-colosi-vagas.jpg?ssl=1\" alt=\"\" \/><\/a><\/p>\n<!-- \/wp:image -->\n<\/div>\n<p> <br \/>\n<\/p>\n<p>O cantor <strong>Gustavo Perissoto de Oliveira<\/strong>, motorista que atropelou e matou Guilherme da Silva Maia, de 6 anos, confessou perante ao<strong><a href=\"https:\/\/www.mpsp.mp.br\/\" data-type=\"link\" data-id=\"https:\/\/www.mpsp.mp.br\/\" target=\"_blank\" rel=\"noopener\"> MP-SP (Minist\u00e9rio P\u00fablico de S\u00e3o Paulo) <\/a><\/strong>que fugiu sem prestar socorro. O acidente aconteceu no distrito de Bonfim Paulista, em Ribeir\u00e3o Preto, no dia 1\u00ba de janeiro. A informa\u00e7\u00e3o foi divulgada pela r\u00e1dio <strong>CBN Ribeir\u00e3o<\/strong>.<\/p>\n<p class=\"has-cyan-bluish-gray-background-color has-background\"><em>Receba not\u00edcias do\u00a0<strong>acidade on Ribeir\u00e3o\u00a0<\/strong>no WhatsApp e fique por dentro de tudo! Basta acessar o link<a href=\"https:\/\/chat.whatsapp.com\/DfXwcjKVIddHUT3BvnQuPZ?mode=hqctshi\" target=\"_blank\" rel=\"noreferrer noopener\">\u00a0aqui<\/a>!<\/em><\/p>\n<p>Com a confiss\u00e3o formal, foi homologado um Acordo de N\u00e3o Persecu\u00e7\u00e3o Penal para que Gustavo pague 150 sal\u00e1rios m\u00ednimos (cerca de R$ 243.150,00 nos valores atuais) para a fam\u00edlia da v\u00edtima. Al\u00e9m disso, o motorista teve a CNH (Carteira Nacional de Habilita\u00e7\u00e3o) suspensa pelo per\u00edodo de um 1 ano e 7 meses e ter\u00e1 que cumprir presta\u00e7\u00e3o de servi\u00e7os \u00e0 comunidade.<\/p>\n<h2 class=\"wp-block-heading\" id=\"confissao-do-cantor\"><strong>Confiss\u00e3o<\/strong> do cantor<\/h2>\n<p>O acordo foi conduzido pelo promotor de Justi\u00e7a Manoel Jos\u00e9 Ber\u00e7a. A audi\u00eancia que selou os termos do acordo aconteceu na presen\u00e7a dos advogados de defesa do motorista. Em depoimento gravado em v\u00eddeo, o condutor admitiu ter deixado o local imediatamente ap\u00f3s a colis\u00e3o, sem acionar resgate para as v\u00edtimas.<\/p>\n<p>O plano de pagamento da indeniza\u00e7\u00e3o estipula uma entrada imediata de R$ 100 mil, com o restante dividido em 12 parcelas de R$ 11.930. O advogado Jo\u00e3o Pedro Damasceno, que defende Gustavo, avaliou o acordo como positivo para ambas as partes e disse que o cliente pretende cumprir todas as obriga\u00e7\u00f5es judiciais impostas a partir de agora.<\/p>\n<h2 class=\"wp-block-heading\" id=\"relembre-o-caso\"><strong>Relembre o caso<\/strong><\/h2>\n<p>A trag\u00e9dia ocorreu no dia 1\u00ba de janeiro deste ano. De acordo com as investiga\u00e7\u00f5es, o motorista trafegava a 68 km\/h em uma via com velocidade m\u00e1xima permitida de 40 km\/h, quando perdeu o controle da dire\u00e7\u00e3o e invadiu o acostamento, atingindo a crian\u00e7a e a m\u00e3e, Eliene de Santana Maia.<\/p>\n<p>Guilherme foi socorrido em estado grave, mas n\u00e3o resistiu aos ferimentos e morreu tr\u00eas dias ap\u00f3s a colis\u00e3o. Eliene recebeu alta m\u00e9dica ap\u00f3s 19 dias internada.<\/p>\n<p>Caso o motorista cumpra integralmente todas as exig\u00eancias fixadas no termo de ajuste, a sua punibilidade ser\u00e1 extinta ao final do prazo estipulado. Em contrapartida, se houver qualquer inadimpl\u00eancia ou descumprimento das regras, o benef\u00edcio ser\u00e1 revogado de imediato e o Minist\u00e9rio P\u00fablico oferecer\u00e1 den\u00fancia formal \u00e0 Justi\u00e7a, dando prosseguimento \u00e0 a\u00e7\u00e3o penal pelo crime.<\/p>\n<p><em>Com informa\u00e7\u00f5es Eudis Filho\/CBN Ribeir\u00e3o<\/em><\/p>\n<figure class=\"wp-block-gallery has-nested-images columns-default is-cropped wp-block-gallery-1 is-layout-flex wp-block-gallery-is-layout-flex\">\n<figure class=\"wp-block-image size-large\"><figcaption class=\"wp-element-caption\">Guilherme da Silva Maia tinha 6 anos \u2013 Foto: Reprodu\u00e7\u00e3o.<\/figcaption><\/figure>\n<figure class=\"wp-block-image size-large\"><img data-recalc-dims=\"1\" loading=\"lazy\" decoding=\"async\" width=\"984\" height=\"549\" data-id=\"140881\" src=\"https:\/\/i0.wp.com\/www.acidadeon.com\/ribeiraopreto\/wp-content\/uploads\/sites\/3\/2026\/01\/image_2026-01-02_15-42-11.webp?resize=984%2C549&#038;ssl=1\" alt=\"cantor\" class=\"wp-image-140881\" title=\"Cantor que matou crian\u00e7a atropelada confessa fuga e pagar\u00e1 150 sal\u00e1rios m\u00ednimos em acordo 2\"><figcaption class=\"wp-element-caption\">Local das obras \u00e9 o mesmo onde uma crian\u00e7a foi atropelada no dia 1\u00ba de janeiro, em Bonfim Paulista \u2013 Foto: Reprodu\u00e7\u00e3o<\/figcaption><\/figure>\n<\/figure>\n<p class=\"has-cyan-bluish-gray-background-color has-background\"><em>Fa\u00e7a uma den\u00fancia ou sugira uma reportagem sobre\u00a0<strong>Ribeir\u00e3o Preto\u00a0<\/strong>e regi\u00e3o por meio do WhatsApp do\u00a0<strong>acidade on Ribeir\u00e3o<\/strong>: (16) 99117-7802.<\/em><\/p>\n<div class=\"wp-block-rank-math-toc-block\" id=\"rank-math-toc\">\n<nav>\n<ul>\n<li class=\"\">Confiss\u00e3o do cantor<\/li>\n<li class=\"\">Relembre o caso<\/li>\n<\/ul>\n<\/nav>\n<\/div>\n<p>O post Cantor que matou crian\u00e7a atropelada confessa fuga e pagar\u00e1 150 sal\u00e1rios m\u00ednimos em acordo apareceu primeiro em ACidade ON Ribeir\u00e3o Preto.<\/p>\n<p><br \/>\n<br \/><a href=\"https:\/\/www.acidadeon.com\/ribeiraopreto\/cotidiano\/cantor-que-matou-crianca-atropelada-confessa-fuga-e-pagara-150-salarios-minimos-em-acordo\/\">Link para o texto original aqui <\/a><\/p>\n<!-- CONTENT END 1 -->\n","protected":false},"excerpt":{"rendered":"<p>O cantor Gustavo Perissoto de Oliveira, motorista que atropelou e matou Guilherme da Silva Maia, de 6 anos, confessou perante ao MP-SP (Minist\u00e9rio P\u00fablico de&#8230;<\/p>\n","protected":false},"author":1,"featured_media":91029,"comment_status":"","ping_status":"","sticky":false,"template":"","format":"standard","meta":{"advanced_seo_description":"","jetpack_seo_html_title":"","jetpack_seo_noindex":false,"jetpack_seo_schema_type":"","_jetpack_newsletter_access":"","_jetpack_dont_email_post_to_subs":false,"_jetpack_newsletter_tier_id":0,"_jetpack_memberships_contains_paywalled_content":false,"_jetpack_feature_clip_id":0,"_jetpack_memberships_contains_paid_content":false,"footnotes":"","jetpack_publicize_message":"","jetpack_publicize_feature_enabled":true,"jetpack_social_post_already_shared":true,"jetpack_social_options":{"image_generator_settings":{"template":"highway","default_image_id":0,"font":"","enabled":false},"version":2},"jetpack_post_was_ever_published":false},"categories":[11],"tags":[629,2088,53,3795,330,2778,651,8905,8904,768],"class_list":["post-91028","post","type-post","status-publish","format-standard","has-post-thumbnail","hentry","category-noticias-de-ribeirao-preto-sp-e-regiao-ismael-colosi","tag-acordo","tag-atropelada","tag-cantor","tag-confessa","tag-crianca","tag-fuga","tag-matou","tag-minimos","tag-pagara","tag-salarios"],"jetpack_publicize_connections":[],"jetpack-related-posts":[{"id":81637,"url":"https:\/\/noticiasribeiraopreto.com.br\/index.php\/2026\/01\/12\/atropelamento-que-matou-crianca-e-feriu-mae-em-ribeirao-envolveu-carro-alugado-diz-advogado\/","url_meta":{"origin":91028,"position":0},"title":"Atropelamento que matou crian\u00e7a e feriu m\u00e3e em Ribeir\u00e3o envolveu carro alugado, diz advogado","author":"noticiasribeiraopreto.com.br","date":"12 de January de 2026","format":false,"excerpt":"O advogado da fam\u00edlia de Guilherme da Silva Maia, de 6 anos, que morreu ap\u00f3s ser atropelado no acostamento de uma rodovia de Bonfim Paulista, distrito de Ribeir\u00e3o Preto, afirmou que o ve\u00edculo conduzido pelo envolvido era alugado. A informa\u00e7\u00e3o foi divulgada neste s\u00e1bado (10), durante uma manifesta\u00e7\u00e3o de amigos\u2026","rel":"","context":"In &quot;Not\u00edcias de Ribeir\u00e3o Preto-SP e Regi\u00e3o&quot;","block_context":{"text":"Not\u00edcias de Ribeir\u00e3o Preto-SP e Regi\u00e3o","link":"https:\/\/noticiasribeiraopreto.com.br\/index.php\/category\/noticias-de-ribeirao-preto-sp-e-regiao-ismael-colosi\/"},"img":{"alt_text":"","src":"https:\/\/i0.wp.com\/noticiasribeiraopreto.com.br\/wp-content\/uploads\/2026\/01\/image_2026-01-02_15-42-11.webp.webp?fit=984%2C549&ssl=1&resize=350%2C200","width":350,"height":200,"srcset":"https:\/\/i0.wp.com\/noticiasribeiraopreto.com.br\/wp-content\/uploads\/2026\/01\/image_2026-01-02_15-42-11.webp.webp?fit=984%2C549&ssl=1&resize=350%2C200 1x, https:\/\/i0.wp.com\/noticiasribeiraopreto.com.br\/wp-content\/uploads\/2026\/01\/image_2026-01-02_15-42-11.webp.webp?fit=984%2C549&ssl=1&resize=525%2C300 1.5x, https:\/\/i0.wp.com\/noticiasribeiraopreto.com.br\/wp-content\/uploads\/2026\/01\/image_2026-01-02_15-42-11.webp.webp?fit=984%2C549&ssl=1&resize=700%2C400 2x"},"classes":[]},{"id":15414,"url":"https:\/\/noticiasribeiraopreto.com.br\/index.php\/2023\/12\/13\/crianca-morre-atropelada-em-rodovia-na-regiao-de-ribeirao-preto\/","url_meta":{"origin":91028,"position":1},"title":"Crian\u00e7a morre atropelada em rodovia na regi\u00e3o de Ribeir\u00e3o Preto","author":"noticiasribeiraopreto.com.br","date":"13 de December de 2023","format":false,"excerpt":"Uma crian\u00e7a morreu ap\u00f3s ter sido atropelada na rodovia Armando Sales de Oliveira (SP-322), na tarde desta quarta-feira (13), em Sert\u00e3ozinho, cidade na regi\u00e3o de Ribeir\u00e3o Preto. Segundo as informa\u00e7\u00f5es, a v\u00edtima \u00e9 um garoto, de 9 anos, que estaria tentando atravessar o local. O acidente ocorreu no km 342\u2026","rel":"","context":"In &quot;Not\u00edcias de Ribeir\u00e3o Preto-SP e Regi\u00e3o&quot;","block_context":{"text":"Not\u00edcias de Ribeir\u00e3o Preto-SP e Regi\u00e3o","link":"https:\/\/noticiasribeiraopreto.com.br\/index.php\/category\/noticias-de-ribeirao-preto-sp-e-regiao-ismael-colosi\/"},"img":{"alt_text":"","src":"https:\/\/i0.wp.com\/noticiasribeiraopreto.com.br\/wp-content\/uploads\/2023\/12\/Copia-de-Copia-de-TAMANHO-EXATO-PARA-FOTOS-NO-SISTEMA-NOVO-19.png?fit=1200%2C675&ssl=1&resize=350%2C200","width":350,"height":200,"srcset":"https:\/\/i0.wp.com\/noticiasribeiraopreto.com.br\/wp-content\/uploads\/2023\/12\/Copia-de-Copia-de-TAMANHO-EXATO-PARA-FOTOS-NO-SISTEMA-NOVO-19.png?fit=1200%2C675&ssl=1&resize=350%2C200 1x, https:\/\/i0.wp.com\/noticiasribeiraopreto.com.br\/wp-content\/uploads\/2023\/12\/Copia-de-Copia-de-TAMANHO-EXATO-PARA-FOTOS-NO-SISTEMA-NOVO-19.png?fit=1200%2C675&ssl=1&resize=525%2C300 1.5x, https:\/\/i0.wp.com\/noticiasribeiraopreto.com.br\/wp-content\/uploads\/2023\/12\/Copia-de-Copia-de-TAMANHO-EXATO-PARA-FOTOS-NO-SISTEMA-NOVO-19.png?fit=1200%2C675&ssl=1&resize=700%2C400 2x, https:\/\/i0.wp.com\/noticiasribeiraopreto.com.br\/wp-content\/uploads\/2023\/12\/Copia-de-Copia-de-TAMANHO-EXATO-PARA-FOTOS-NO-SISTEMA-NOVO-19.png?fit=1200%2C675&ssl=1&resize=1050%2C600 3x"},"classes":[]},{"id":66414,"url":"https:\/\/noticiasribeiraopreto.com.br\/index.php\/2025\/03\/31\/crianca-e-atropelada-e-vai-parar-debaixo-de-carro-em-ribeirao-preto\/","url_meta":{"origin":91028,"position":2},"title":"Crian\u00e7a \u00e9 atropelada e vai parar debaixo de carro em Ribeir\u00e3o Preto","author":"noticiasribeiraopreto.com.br","date":"31 de March de 2025","format":false,"excerpt":"Na tarde desta segunda-feira (31), um menino de 5 anos foi atropelado ao atravessar a rua correndo no bairro Cristo Redentor, em\u00a0Ribeir\u00e3o Preto. Com o impacto, a crian\u00e7a foi parar debaixo do carro. De acordo com testemunhas, foi preciso usar um macaco hidr\u00e1ulico para retir\u00e1-lo dali. O menino foi socorrido\u2026","rel":"","context":"In &quot;Not\u00edcias de Ribeir\u00e3o Preto-SP e Regi\u00e3o&quot;","block_context":{"text":"Not\u00edcias de Ribeir\u00e3o Preto-SP e Regi\u00e3o","link":"https:\/\/noticiasribeiraopreto.com.br\/index.php\/category\/noticias-de-ribeirao-preto-sp-e-regiao-ismael-colosi\/"},"img":{"alt_text":"","src":"https:\/\/i0.wp.com\/noticiasribeiraopreto.com.br\/wp-content\/uploads\/2025\/03\/Copia-de-Copia-de-Copia-de-TAMANHO-EXATO-PARA-FOTOS-NO-SISTEMA-NOVO-2025-03-31T205524.270_2025-03-31_23-56-03_png_2025-03-31_23-56-03.webp.webp?fit=1200%2C675&ssl=1&resize=350%2C200","width":350,"height":200,"srcset":"https:\/\/i0.wp.com\/noticiasribeiraopreto.com.br\/wp-content\/uploads\/2025\/03\/Copia-de-Copia-de-Copia-de-TAMANHO-EXATO-PARA-FOTOS-NO-SISTEMA-NOVO-2025-03-31T205524.270_2025-03-31_23-56-03_png_2025-03-31_23-56-03.webp.webp?fit=1200%2C675&ssl=1&resize=350%2C200 1x, https:\/\/i0.wp.com\/noticiasribeiraopreto.com.br\/wp-content\/uploads\/2025\/03\/Copia-de-Copia-de-Copia-de-TAMANHO-EXATO-PARA-FOTOS-NO-SISTEMA-NOVO-2025-03-31T205524.270_2025-03-31_23-56-03_png_2025-03-31_23-56-03.webp.webp?fit=1200%2C675&ssl=1&resize=525%2C300 1.5x, https:\/\/i0.wp.com\/noticiasribeiraopreto.com.br\/wp-content\/uploads\/2025\/03\/Copia-de-Copia-de-Copia-de-TAMANHO-EXATO-PARA-FOTOS-NO-SISTEMA-NOVO-2025-03-31T205524.270_2025-03-31_23-56-03_png_2025-03-31_23-56-03.webp.webp?fit=1200%2C675&ssl=1&resize=700%2C400 2x, https:\/\/i0.wp.com\/noticiasribeiraopreto.com.br\/wp-content\/uploads\/2025\/03\/Copia-de-Copia-de-Copia-de-TAMANHO-EXATO-PARA-FOTOS-NO-SISTEMA-NOVO-2025-03-31T205524.270_2025-03-31_23-56-03_png_2025-03-31_23-56-03.webp.webp?fit=1200%2C675&ssl=1&resize=1050%2C600 3x"},"classes":[]},{"id":60974,"url":"https:\/\/noticiasribeiraopreto.com.br\/index.php\/2024\/11\/30\/o-que-se-sabe-sobre-caso-em-que-marido-matou-a-mulher-atropelada-no-interior-de-sp\/","url_meta":{"origin":91028,"position":3},"title":"O que se sabe sobre caso em que marido matou a mulher atropelada no interior de SP","author":"noticiasribeiraopreto.com.br","date":"30 de November de 2024","format":false,"excerpt":"James Cristian foi preso ao tentar fugir (Foto: reprodu\u00e7\u00e3o\/redes sociais) O homem que atropelou e matou a esposa em Franca, no interior de S\u00e3o Paulo, na tarde da \u00faltima sexta-feira (29), tentou roubar um carro para fugir. James Cristian dos Reis, de 46 anos, foi preso ap\u00f3s matar a companheira\u2026","rel":"","context":"In &quot;Not\u00edcias de Ribeir\u00e3o Preto-SP e Regi\u00e3o&quot;","block_context":{"text":"Not\u00edcias de Ribeir\u00e3o Preto-SP e Regi\u00e3o","link":"https:\/\/noticiasribeiraopreto.com.br\/index.php\/category\/noticias-de-ribeirao-preto-sp-e-regiao-ismael-colosi\/"},"img":{"alt_text":"","src":"https:\/\/i0.wp.com\/noticiasribeiraopreto.com.br\/wp-content\/uploads\/2024\/11\/james-cristian_2024-11-30_16-58-53_jpg_2024-11-30_16-58-53.webp.webp?fit=982%2C609&ssl=1&resize=350%2C200","width":350,"height":200,"srcset":"https:\/\/i0.wp.com\/noticiasribeiraopreto.com.br\/wp-content\/uploads\/2024\/11\/james-cristian_2024-11-30_16-58-53_jpg_2024-11-30_16-58-53.webp.webp?fit=982%2C609&ssl=1&resize=350%2C200 1x, https:\/\/i0.wp.com\/noticiasribeiraopreto.com.br\/wp-content\/uploads\/2024\/11\/james-cristian_2024-11-30_16-58-53_jpg_2024-11-30_16-58-53.webp.webp?fit=982%2C609&ssl=1&resize=525%2C300 1.5x, https:\/\/i0.wp.com\/noticiasribeiraopreto.com.br\/wp-content\/uploads\/2024\/11\/james-cristian_2024-11-30_16-58-53_jpg_2024-11-30_16-58-53.webp.webp?fit=982%2C609&ssl=1&resize=700%2C400 2x"},"classes":[]},{"id":59891,"url":"https:\/\/noticiasribeiraopreto.com.br\/index.php\/2024\/10\/31\/motorista-que-atropelou-e-matou-ciclista-em-ribeirao-preto-se-apresenta-a-policia\/","url_meta":{"origin":91028,"position":4},"title":"Motorista que atropelou e matou ciclista em Ribeir\u00e3o Preto se apresenta \u00e0 pol\u00edcia","author":"noticiasribeiraopreto.com.br","date":"31 de October de 2024","format":false,"excerpt":"O motorista acusado de atropelar e matar um ciclista de 51 anos, em frente ao Parque Maur\u00edlio Biagi, na zona Oeste de Ribeir\u00e3o Preto, se apresentou \u00e0 pol\u00edcia nesta quinta-feira (31), de acordo com a SSP (Secretaria de Seguran\u00e7a P\u00fablica). O acidente aconteceu na quarta-feira (30), e, segundo o BO\u2026","rel":"","context":"In &quot;Not\u00edcias de Ribeir\u00e3o Preto-SP e Regi\u00e3o&quot;","block_context":{"text":"Not\u00edcias de Ribeir\u00e3o Preto-SP e Regi\u00e3o","link":"https:\/\/noticiasribeiraopreto.com.br\/index.php\/category\/noticias-de-ribeirao-preto-sp-e-regiao-ismael-colosi\/"},"img":{"alt_text":"","src":"https:\/\/i0.wp.com\/noticiasribeiraopreto.com.br\/wp-content\/uploads\/2024\/10\/CICLISTA_2024-10-31_11-28-06_jpg_2024-10-31_11-28-06.webp.webp?fit=1200%2C883&ssl=1&resize=350%2C200","width":350,"height":200,"srcset":"https:\/\/i0.wp.com\/noticiasribeiraopreto.com.br\/wp-content\/uploads\/2024\/10\/CICLISTA_2024-10-31_11-28-06_jpg_2024-10-31_11-28-06.webp.webp?fit=1200%2C883&ssl=1&resize=350%2C200 1x, https:\/\/i0.wp.com\/noticiasribeiraopreto.com.br\/wp-content\/uploads\/2024\/10\/CICLISTA_2024-10-31_11-28-06_jpg_2024-10-31_11-28-06.webp.webp?fit=1200%2C883&ssl=1&resize=525%2C300 1.5x, https:\/\/i0.wp.com\/noticiasribeiraopreto.com.br\/wp-content\/uploads\/2024\/10\/CICLISTA_2024-10-31_11-28-06_jpg_2024-10-31_11-28-06.webp.webp?fit=1200%2C883&ssl=1&resize=700%2C400 2x, https:\/\/i0.wp.com\/noticiasribeiraopreto.com.br\/wp-content\/uploads\/2024\/10\/CICLISTA_2024-10-31_11-28-06_jpg_2024-10-31_11-28-06.webp.webp?fit=1200%2C883&ssl=1&resize=1050%2C600 3x"},"classes":[]},{"id":61896,"url":"https:\/\/noticiasribeiraopreto.com.br\/index.php\/2024\/12\/26\/motorista-que-atropelou-e-matou-mulher-em-ribeirao-preto-se-apresenta-a-policia\/","url_meta":{"origin":91028,"position":5},"title":"Motorista que atropelou e matou mulher em Ribeir\u00e3o Preto se apresenta \u00e0 pol\u00edcia","author":"noticiasribeiraopreto.com.br","date":"26 de December de 2024","format":false,"excerpt":"A motorista respons\u00e1vel pelo atropelamento que resultou na morte de Josiane Aparecida Cajuela e deixou outras v\u00edtimas feridas, se apresentou \u00e0 Pol\u00edcia Civil na tarde desta quinta-feira (26), em Ribeir\u00e3o Preto. O acidente aconteceu, na madrugada de segunda-feira (23), em frente a uma pizzaria na zona Norte da cidade. Acompanhada\u2026","rel":"","context":"In &quot;Not\u00edcias de Ribeir\u00e3o Preto-SP e Regi\u00e3o&quot;","block_context":{"text":"Not\u00edcias de Ribeir\u00e3o Preto-SP e Regi\u00e3o","link":"https:\/\/noticiasribeiraopreto.com.br\/index.php\/category\/noticias-de-ribeirao-preto-sp-e-regiao-ismael-colosi\/"},"img":{"alt_text":"","src":"https:\/\/i0.wp.com\/noticiasribeiraopreto.com.br\/wp-content\/uploads\/2024\/12\/JOSIANE_2024-12-26_15-28-17_jpg_2024-12-26_15-28-17.webp.webp?fit=1200%2C808&ssl=1&resize=350%2C200","width":350,"height":200,"srcset":"https:\/\/i0.wp.com\/noticiasribeiraopreto.com.br\/wp-content\/uploads\/2024\/12\/JOSIANE_2024-12-26_15-28-17_jpg_2024-12-26_15-28-17.webp.webp?fit=1200%2C808&ssl=1&resize=350%2C200 1x, https:\/\/i0.wp.com\/noticiasribeiraopreto.com.br\/wp-content\/uploads\/2024\/12\/JOSIANE_2024-12-26_15-28-17_jpg_2024-12-26_15-28-17.webp.webp?fit=1200%2C808&ssl=1&resize=525%2C300 1.5x, https:\/\/i0.wp.com\/noticiasribeiraopreto.com.br\/wp-content\/uploads\/2024\/12\/JOSIANE_2024-12-26_15-28-17_jpg_2024-12-26_15-28-17.webp.webp?fit=1200%2C808&ssl=1&resize=700%2C400 2x, https:\/\/i0.wp.com\/noticiasribeiraopreto.com.br\/wp-content\/uploads\/2024\/12\/JOSIANE_2024-12-26_15-28-17_jpg_2024-12-26_15-28-17.webp.webp?fit=1200%2C808&ssl=1&resize=1050%2C600 3x"},"classes":[]}],"jetpack_sharing_enabled":true,"jetpack_shortlink":"https:\/\/wp.me\/peQAOb-nGc","jetpack_featured_media_url":"https:\/\/i0.wp.com\/noticiasribeiraopreto.com.br\/wp-content\/uploads\/2026\/09\/gustavo-perissoto-de-oliveira.jpeg?fit=1280%2C719&ssl=1","_links":{"self":[{"href":"https:\/\/noticiasribeiraopreto.com.br\/index.php\/wp-json\/wp\/v2\/posts\/91028","targetHints":{"allow":["GET"]}}],"collection":[{"href":"https:\/\/noticiasribeiraopreto.com.br\/index.php\/wp-json\/wp\/v2\/posts"}],"about":[{"href":"https:\/\/noticiasribeiraopreto.com.br\/index.php\/wp-json\/wp\/v2\/types\/post"}],"author":[{"embeddable":true,"href":"https:\/\/noticiasribeiraopreto.com.br\/index.php\/wp-json\/wp\/v2\/users\/1"}],"replies":[{"embeddable":true,"href":"https:\/\/noticiasribeiraopreto.com.br\/index.php\/wp-json\/wp\/v2\/comments?post=91028"}],"version-history":[{"count":0,"href":"https:\/\/noticiasribeiraopreto.com.br\/index.php\/wp-json\/wp\/v2\/posts\/91028\/revisions"}],"wp:featuredmedia":[{"embeddable":true,"href":"https:\/\/noticiasribeiraopreto.com.br\/index.php\/wp-json\/wp\/v2\/media\/91029"}],"wp:attachment":[{"href":"https:\/\/noticiasribeiraopreto.com.br\/index.php\/wp-json\/wp\/v2\/media?parent=91028"}],"wp:term":[{"taxonomy":"category","embeddable":true,"href":"https:\/\/noticiasribeiraopreto.com.br\/index.php\/wp-json\/wp\/v2\/categories?post=91028"},{"taxonomy":"post_tag","embeddable":true,"href":"https:\/\/noticiasribeiraopreto.com.br\/index.php\/wp-json\/wp\/v2\/tags?post=91028"}],"curies":[{"name":"wp","href":"https:\/\/api.w.org\/{rel}","templated":true}]}}