{"id":91030,"date":"2026-09-03T11:55:04","date_gmt":"2026-09-03T14:55:04","guid":{"rendered":"https:\/\/noticiasribeiraopreto.com.br\/index.php\/2026\/09\/03\/corredor-leste-oeste-maraca-apresenta-a-situacao-atual-da-maior-intervencao-viaria-da-historia\/"},"modified":"2026-09-03T11:55:04","modified_gmt":"2026-09-03T14:55:04","slug":"corredor-leste-oeste-maraca-apresenta-a-situacao-atual-da-maior-intervencao-viaria-da-historia","status":"publish","type":"post","link":"https:\/\/noticiasribeiraopreto.com.br\/index.php\/2026\/09\/03\/corredor-leste-oeste-maraca-apresenta-a-situacao-atual-da-maior-intervencao-viaria-da-historia\/","title":{"rendered":"Maraca apresenta a situa\u00e7\u00e3o atual da \u201cmaior interven\u00e7\u00e3o vi\u00e1ria da hist\u00f3ria\u201d"},"content":{"rendered":"<div class='code-block code-block-1' style='margin: 8px 0 8px auto; text-align: right; display: block; clear: both;'>\n<p><a href=\"https:\/\/wa.link\/vpicfd\"><img data-recalc-dims=\"1\" class=\"wp-image-4922\" style=\"aspect-ratio: 2.0253164556962027; width: 561px; height: auto;\" src=\"https:\/\/i0.wp.com\/ismaelcolosi.com.br\/wp-content\/uploads\/2023\/11\/grupo-de-empregos-whatsapp-e-facebook-ismael-colosi-vagas.jpg?ssl=1\" alt=\"\" \/><\/a><\/p>\n<!-- \/wp:image -->\n<\/div>\n<p> <br \/>\n<\/p>\n<div>\n<p>Durante<strong> entrevista exclusiva ao programa Larga Brasa<\/strong> desta quinta-feira (03), o <strong>vice-prefeito de Ribeir\u00e3o Preto, Alessandro Maraca (MDB)<\/strong>, comentou sobre a constru\u00e7\u00e3o do corredor Leste-Oeste.<\/p>\n<p>Segundo Maraca,<strong> a prefeitura cumpriu sua responsabilidade, tendo o andamento do projeto trope\u00e7ado em quest\u00f5es de burocracia \u2013 incluindo a garantia da uni\u00e3o, por exemplo, e a espera pela an\u00e1lise do Conselho Nacional Monet\u00e1rio.<\/strong><\/p>\n<p>\u201cElabora\u00e7\u00e3o do pr\u00e9-projeto, parte do desenvolvimento das primeiras etapas, todas elas foram cumpridas. A prefeitura cumpriu, n\u00f3s depois protocolizamos esse projeto em Bras\u00edlia, o pr\u00e9-projeto foi aprovado, Ribeir\u00e3o Preto foi contemplado com recurso, mas n\u00f3s temos algumas etapas burocr\u00e1ticas\u201d, explicou.<\/p>\n<p><strong>Sem o aval do Conselho Nacional Monet\u00e1rio, a Caixa Econ\u00f4mica Federal fica impedida de realizar o repasse financeiro<\/strong>, ainda segundo justificado por Maraca.<\/p>\n<p>Com o dinheiro em m\u00e3os, o vice-prefeito confirmou a \u201ccontrata\u00e7\u00e3o integrada\u201d da empresa que ser\u00e1 respons\u00e1vel, ao mesmo tempo, pela elabora\u00e7\u00e3o do projeto final e a constru\u00e7\u00e3o do corredor.<\/p>\n<p>A \u201cmaior interven\u00e7\u00e3o vi\u00e1ria da hist\u00f3ria de Ribeir\u00e3o Preto\u201d, ainda de acordo com Maraca, <strong>poder\u00e1 ter sua execu\u00e7\u00e3o dividida por fases.<\/strong> A divis\u00e3o das obras, entretanto, dever\u00e1 ser definida pelo prefeito municipal.<\/p>\n<p>\u201cAgora, est\u00e1 na m\u00e3o do Governo Federal, n\u00f3s estamos em contato direto. N\u00f3s j\u00e1 tivemos, por exemplo, ex-ministro anunciando que o projeto em Ribeir\u00e3o vai acontecer. Ent\u00e3o, a gente confia muito\u201d, concluiu Maraca, que disp\u00f5e sobre novas parcerias visando a conclus\u00e3o do projeto.<\/p>\n<p>Com<strong> 27,1 quil\u00f4metros de extens\u00e3o<\/strong>, o novo corredor vai conectar as zonas Leste e Oeste por um eixo perimetral, <strong>reorganizando o fluxo vi\u00e1rio da cidade e reduzindo a sobrecarga dos principais corredores urbanos, como previsto pela administra\u00e7\u00e3o<\/strong>. A estimativa \u00e9 que o corredor beneficie diretamente milhares de moradores, al\u00e9m de <strong>atender diariamente entre 1.800 e 2.200 usu\u00e1rios do transporte coletivo<\/strong> e induzir a ocupa\u00e7\u00e3o planejada de regi\u00f5es com potencial para abrigar cerca de <strong>81 mil novos habitantes.<\/strong><\/p>\n<p>O programa<strong> Larga Brasa<\/strong> \u00e9 apresentado por Ant\u00f4nio Carlos Morandini e vai ao ar de<strong> segunda \u00e0 sexta-feira, a partir das 9h30. Assista pelos canais 32.1 ou 522, al\u00e9m do YouTube.<\/strong><\/p>\n<p>Assista a edi\u00e7\u00e3o na \u00edntegra:<\/p>\n<p><iframe loading=\"lazy\" title=\"Larga Brasa (03\/09\/2026)\" width=\"500\" height=\"375\" src=\"https:\/\/www.youtube.com\/embed\/vjR0cr_4QV4?feature=oembed\" frameborder=\"0\" allow=\"accelerometer; autoplay; clipboard-write; encrypted-media; gyroscope; picture-in-picture; web-share\" referrerpolicy=\"strict-origin-when-cross-origin\" allowfullscreen><\/iframe><\/p>\n<\/div>\n<p><br \/>\n<br \/><a href=\"https:\/\/thmais.com.br\/cidades\/ribeirao-preto\/corredor-leste-oeste-maraca-apresenta-a-situacao-atual-da-maior-intervencao-viaria-da-historia\/\">Link para o texto original aqui <\/a><\/p>\n<!-- CONTENT END 1 -->\n","protected":false},"excerpt":{"rendered":"<p>Durante entrevista exclusiva ao programa Larga Brasa desta quinta-feira (03), o vice-prefeito de Ribeir\u00e3o Preto, Alessandro Maraca (MDB), comentou sobre a constru\u00e7\u00e3o do corredor Leste-Oeste&#8230;.<\/p>\n","protected":false},"author":1,"featured_media":91031,"comment_status":"","ping_status":"","sticky":false,"template":"","format":"standard","meta":{"advanced_seo_description":"","jetpack_seo_html_title":"","jetpack_seo_noindex":false,"jetpack_seo_schema_type":"","_jetpack_newsletter_access":"","_jetpack_dont_email_post_to_subs":false,"_jetpack_newsletter_tier_id":0,"_jetpack_memberships_contains_paywalled_content":false,"_jetpack_feature_clip_id":0,"_jetpack_memberships_contains_paid_content":false,"footnotes":"","jetpack_publicize_message":"","jetpack_publicize_feature_enabled":true,"jetpack_social_post_already_shared":true,"jetpack_social_options":{"image_generator_settings":{"template":"highway","default_image_id":0,"font":"","enabled":false},"version":2},"jetpack_post_was_ever_published":false},"categories":[11],"tags":[56,8907,8469,478,7112,201,8906,4686,6456,34,1879],"class_list":["post-91030","post","type-post","status-publish","format-standard","has-post-thumbnail","hentry","category-noticias-de-ribeirao-preto-sp-e-regiao-ismael-colosi","tag-apresenta","tag-atual","tag-corredor-leste-oeste","tag-historia","tag-intervencao","tag-maior","tag-maraca","tag-noticias","tag-ribeirao-preto","tag-situacao","tag-viaria"],"jetpack_publicize_connections":[],"jetpack-related-posts":[{"id":71978,"url":"https:\/\/noticiasribeiraopreto.com.br\/index.php\/2025\/06\/12\/maraca-assume-a-prefeitura-de-rp\/","url_meta":{"origin":91030,"position":0},"title":"Maraca assume a prefeitura de RP","author":"noticiasribeiraopreto.com.br","date":"12 de June de 2025","format":false,"excerpt":"12 de junho de 2025 08:3011 de junho de 2025 19:330 Compartilhar0 Durante seis dias \u2013 entre esta quinta-feira (12) e o dia 17 de junho \u2013, Alessandro Maraca (MDB) ser\u00e1 o prefeito de Ribeir\u00e3o Preto, j\u00e1 que o titular, Ricardo Silva (PSD) viajou para Israel, onde participar\u00e1 da MUNIEXPO\u2026","rel":"","context":"In &quot;Not\u00edcias de Ribeir\u00e3o Preto-SP e Regi\u00e3o&quot;","block_context":{"text":"Not\u00edcias de Ribeir\u00e3o Preto-SP e Regi\u00e3o","link":"https:\/\/noticiasribeiraopreto.com.br\/index.php\/category\/noticias-de-ribeirao-preto-sp-e-regiao-ismael-colosi\/"},"img":{"alt_text":"","src":"https:\/\/i0.wp.com\/noticiasribeiraopreto.com.br\/wp-content\/uploads\/2025\/06\/Silva-Alfredo-Risk-scaled.jpg?fit=750%2C500&ssl=1&resize=350%2C200","width":350,"height":200,"srcset":"https:\/\/i0.wp.com\/noticiasribeiraopreto.com.br\/wp-content\/uploads\/2025\/06\/Silva-Alfredo-Risk-scaled.jpg?fit=750%2C500&ssl=1&resize=350%2C200 1x, https:\/\/i0.wp.com\/noticiasribeiraopreto.com.br\/wp-content\/uploads\/2025\/06\/Silva-Alfredo-Risk-scaled.jpg?fit=750%2C500&ssl=1&resize=525%2C300 1.5x, https:\/\/i0.wp.com\/noticiasribeiraopreto.com.br\/wp-content\/uploads\/2025\/06\/Silva-Alfredo-Risk-scaled.jpg?fit=750%2C500&ssl=1&resize=700%2C400 2x"},"classes":[]},{"id":76518,"url":"https:\/\/noticiasribeiraopreto.com.br\/index.php\/2025\/08\/30\/rp-recebe-areas-ferreas-tribuna-ribeirao\/","url_meta":{"origin":91030,"position":1},"title":"RP recebe \u00e1reas f\u00e9rreas &#8211; Tribuna Ribeir\u00e3o","author":"noticiasribeiraopreto.com.br","date":"30 de August de 2025","format":false,"excerpt":"30 de agosto de 2025 18:0030 de agosto de 2025 11:1510 Compartilhar0 O governo federal oficializou a cess\u00e3o de uso gratuito das \u00e1reas f\u00e9rreas federais situadas na avenida Rio Pardo \u00e0 prefeitura de Ribeir\u00e3o Preto, fundamentais para a implanta\u00e7\u00e3o do projeto das Vias Leste-Oeste, que contempla a avenida Tanquinho, na\u2026","rel":"","context":"In &quot;Not\u00edcias de Ribeir\u00e3o Preto-SP e Regi\u00e3o&quot;","block_context":{"text":"Not\u00edcias de Ribeir\u00e3o Preto-SP e Regi\u00e3o","link":"https:\/\/noticiasribeiraopreto.com.br\/index.php\/category\/noticias-de-ribeirao-preto-sp-e-regiao-ismael-colosi\/"},"img":{"alt_text":"","src":"https:\/\/i0.wp.com\/noticiasribeiraopreto.com.br\/wp-content\/uploads\/2025\/08\/novas-vias.jpg?fit=960%2C579&ssl=1&resize=350%2C200","width":350,"height":200,"srcset":"https:\/\/i0.wp.com\/noticiasribeiraopreto.com.br\/wp-content\/uploads\/2025\/08\/novas-vias.jpg?fit=960%2C579&ssl=1&resize=350%2C200 1x, https:\/\/i0.wp.com\/noticiasribeiraopreto.com.br\/wp-content\/uploads\/2025\/08\/novas-vias.jpg?fit=960%2C579&ssl=1&resize=525%2C300 1.5x, https:\/\/i0.wp.com\/noticiasribeiraopreto.com.br\/wp-content\/uploads\/2025\/08\/novas-vias.jpg?fit=960%2C579&ssl=1&resize=700%2C400 2x"},"classes":[]},{"id":71893,"url":"https:\/\/noticiasribeiraopreto.com.br\/index.php\/2025\/06\/11\/prefeitura-apresenta-anteprojeto-de-vias\/","url_meta":{"origin":91030,"position":2},"title":"Prefeitura apresenta anteprojeto de vias","author":"noticiasribeiraopreto.com.br","date":"11 de June de 2025","format":false,"excerpt":"11 de junho de 2025 09:184 Compartilhar0 Com o objetivo de interligar regi\u00f5es estrat\u00e9gicas, melhorar a fluidez do tr\u00e2nsito e impulsionar o desenvolvimento urbano de forma planejada e sustent\u00e1vel, as Vias Leste e Oeste comp\u00f5em um dos projetos estruturantes mais relevantes para o futuro da mobilidade em Ribeir\u00e3o Preto e\u2026","rel":"","context":"In &quot;Not\u00edcias de Ribeir\u00e3o Preto-SP e Regi\u00e3o&quot;","block_context":{"text":"Not\u00edcias de Ribeir\u00e3o Preto-SP e Regi\u00e3o","link":"https:\/\/noticiasribeiraopreto.com.br\/index.php\/category\/noticias-de-ribeirao-preto-sp-e-regiao-ismael-colosi\/"},"img":{"alt_text":"","src":"https:\/\/i0.wp.com\/noticiasribeiraopreto.com.br\/wp-content\/uploads\/2025\/06\/NovoPAC-Gru-Guilherme-Sircili-scaled.jpg?fit=750%2C500&ssl=1&resize=350%2C200","width":350,"height":200,"srcset":"https:\/\/i0.wp.com\/noticiasribeiraopreto.com.br\/wp-content\/uploads\/2025\/06\/NovoPAC-Gru-Guilherme-Sircili-scaled.jpg?fit=750%2C500&ssl=1&resize=350%2C200 1x, https:\/\/i0.wp.com\/noticiasribeiraopreto.com.br\/wp-content\/uploads\/2025\/06\/NovoPAC-Gru-Guilherme-Sircili-scaled.jpg?fit=750%2C500&ssl=1&resize=525%2C300 1.5x, https:\/\/i0.wp.com\/noticiasribeiraopreto.com.br\/wp-content\/uploads\/2025\/06\/NovoPAC-Gru-Guilherme-Sircili-scaled.jpg?fit=750%2C500&ssl=1&resize=700%2C400 2x"},"classes":[]},{"id":70090,"url":"https:\/\/noticiasribeiraopreto.com.br\/index.php\/2025\/05\/22\/prefeito-e-vice-sancionam-arraia-mio-di-bao-no-calendario-oficial-de-eventos-de-rp\/","url_meta":{"origin":91030,"position":3},"title":"Prefeito e vice sancionam &#8216;Arrai\u00e1 Mi\u00f3 di B\u00e3o&#8217; no calend\u00e1rio oficial de eventos de RP","author":"noticiasribeiraopreto.com.br","date":"22 de May de 2025","format":false,"excerpt":"Projeto aprovado por unanimidade pela C\u00e2mara no \u00faltimo dia 5 deste m\u00eas, foi sancionado na data de hoje com as canetas do prefeito Ricardo Silva e do vice, Alessandro Maraca Em despacho na sede da Prefeitura Municipal na tarde desta quinta-feira (22), o prefeito de Ribeir\u00e3o Preto, Ricardo Silva (PSD)\u2026","rel":"","context":"In &quot;Not\u00edcias de Ribeir\u00e3o Preto-SP e Regi\u00e3o&quot;","block_context":{"text":"Not\u00edcias de Ribeir\u00e3o Preto-SP e Regi\u00e3o","link":"https:\/\/noticiasribeiraopreto.com.br\/index.php\/category\/noticias-de-ribeirao-preto-sp-e-regiao-ismael-colosi\/"},"img":{"alt_text":"","src":"https:\/\/i0.wp.com\/noticiasribeiraopreto.com.br\/wp-content\/uploads\/2025\/05\/01_2_Arraia_Mio_Di_Bao_Divulgacao_01.jpg?fit=1200%2C555&ssl=1&resize=350%2C200","width":350,"height":200,"srcset":"https:\/\/i0.wp.com\/noticiasribeiraopreto.com.br\/wp-content\/uploads\/2025\/05\/01_2_Arraia_Mio_Di_Bao_Divulgacao_01.jpg?fit=1200%2C555&ssl=1&resize=350%2C200 1x, https:\/\/i0.wp.com\/noticiasribeiraopreto.com.br\/wp-content\/uploads\/2025\/05\/01_2_Arraia_Mio_Di_Bao_Divulgacao_01.jpg?fit=1200%2C555&ssl=1&resize=525%2C300 1.5x, https:\/\/i0.wp.com\/noticiasribeiraopreto.com.br\/wp-content\/uploads\/2025\/05\/01_2_Arraia_Mio_Di_Bao_Divulgacao_01.jpg?fit=1200%2C555&ssl=1&resize=700%2C400 2x, https:\/\/i0.wp.com\/noticiasribeiraopreto.com.br\/wp-content\/uploads\/2025\/05\/01_2_Arraia_Mio_Di_Bao_Divulgacao_01.jpg?fit=1200%2C555&ssl=1&resize=1050%2C600 3x"},"classes":[]},{"id":86634,"url":"https:\/\/noticiasribeiraopreto.com.br\/index.php\/2026\/06\/17\/camara-de-ribeirao-preto-quer-retirada-de-projeto-de-permuta-da-prefeitura\/","url_meta":{"origin":91030,"position":4},"title":"C\u00e2mara de Ribeir\u00e3o Preto quer retirada de projeto de permuta da prefeitura","author":"noticiasribeiraopreto.com.br","date":"17 de June de 2026","format":false,"excerpt":"O presidente da Mesa Diretora da C\u00e2mara de Ribeir\u00e3o Preto, Daniel Gobbi (PP), pediu que a prefeitura retire do Legislativo a proposta de permuta entre o munic\u00edpio e o Col\u00e9gio Marista para troca de terrenos. O assunto foi tema de audi\u00eancia p\u00fablica realizada na \u00faltima ter\u00e7a-feira (16), no audit\u00f3rio do\u2026","rel":"","context":"In &quot;Not\u00edcias de Ribeir\u00e3o Preto-SP e Regi\u00e3o&quot;","block_context":{"text":"Not\u00edcias de Ribeir\u00e3o Preto-SP e Regi\u00e3o","link":"https:\/\/noticiasribeiraopreto.com.br\/index.php\/category\/noticias-de-ribeirao-preto-sp-e-regiao-ismael-colosi\/"},"img":{"alt_text":"","src":"https:\/\/i0.wp.com\/noticiasribeiraopreto.com.br\/wp-content\/uploads\/2026\/06\/Copia-de-Copia-de-Copia-de-TAMANHO-EXATO-PARA-FOTOS-NO-SISTEMA-NOVO-2025-10-15T204145.589_2025-10-15_23-42-01.webp.webp?fit=1200%2C675&ssl=1&resize=350%2C200","width":350,"height":200,"srcset":"https:\/\/i0.wp.com\/noticiasribeiraopreto.com.br\/wp-content\/uploads\/2026\/06\/Copia-de-Copia-de-Copia-de-TAMANHO-EXATO-PARA-FOTOS-NO-SISTEMA-NOVO-2025-10-15T204145.589_2025-10-15_23-42-01.webp.webp?fit=1200%2C675&ssl=1&resize=350%2C200 1x, https:\/\/i0.wp.com\/noticiasribeiraopreto.com.br\/wp-content\/uploads\/2026\/06\/Copia-de-Copia-de-Copia-de-TAMANHO-EXATO-PARA-FOTOS-NO-SISTEMA-NOVO-2025-10-15T204145.589_2025-10-15_23-42-01.webp.webp?fit=1200%2C675&ssl=1&resize=525%2C300 1.5x, https:\/\/i0.wp.com\/noticiasribeiraopreto.com.br\/wp-content\/uploads\/2026\/06\/Copia-de-Copia-de-Copia-de-TAMANHO-EXATO-PARA-FOTOS-NO-SISTEMA-NOVO-2025-10-15T204145.589_2025-10-15_23-42-01.webp.webp?fit=1200%2C675&ssl=1&resize=700%2C400 2x, https:\/\/i0.wp.com\/noticiasribeiraopreto.com.br\/wp-content\/uploads\/2026\/06\/Copia-de-Copia-de-Copia-de-TAMANHO-EXATO-PARA-FOTOS-NO-SISTEMA-NOVO-2025-10-15T204145.589_2025-10-15_23-42-01.webp.webp?fit=1200%2C675&ssl=1&resize=1050%2C600 3x"},"classes":[]},{"id":61609,"url":"https:\/\/noticiasribeiraopreto.com.br\/index.php\/2024\/12\/17\/vice-prefeito-eleito-precisa-ser-internado-em-ribeirao-preto\/","url_meta":{"origin":91030,"position":5},"title":"Vice-prefeito eleito precisa ser internado em Ribeir\u00e3o Preto","author":"noticiasribeiraopreto.com.br","date":"17 de December de 2024","format":false,"excerpt":"O vereador e vice-prefeito eleito de Ribeir\u00e3o Preto, Alessandro Maraca (MDB), precisou ser internado ap\u00f3s ter sido diagnosticado com uma infec\u00e7\u00e3o renal (sepse) na \u00faltima quinta-feira (12). Segundo a assessoria de Maraca, o parlamentar est\u00e1 se recuperando e aguarda alta hospitalar ainda nesta ter\u00e7a-feira (17). Ele vinha reclamando de dores,\u2026","rel":"","context":"In &quot;Not\u00edcias de Ribeir\u00e3o Preto-SP e Regi\u00e3o&quot;","block_context":{"text":"Not\u00edcias de Ribeir\u00e3o Preto-SP e Regi\u00e3o","link":"https:\/\/noticiasribeiraopreto.com.br\/index.php\/category\/noticias-de-ribeirao-preto-sp-e-regiao-ismael-colosi\/"},"img":{"alt_text":"","src":"https:\/\/i0.wp.com\/noticiasribeiraopreto.com.br\/wp-content\/uploads\/2024\/12\/MARACA_2024-12-17_16-47-16_jpg_2024-12-17_16-47-16.webp.webp?fit=1200%2C800&ssl=1&resize=350%2C200","width":350,"height":200,"srcset":"https:\/\/i0.wp.com\/noticiasribeiraopreto.com.br\/wp-content\/uploads\/2024\/12\/MARACA_2024-12-17_16-47-16_jpg_2024-12-17_16-47-16.webp.webp?fit=1200%2C800&ssl=1&resize=350%2C200 1x, https:\/\/i0.wp.com\/noticiasribeiraopreto.com.br\/wp-content\/uploads\/2024\/12\/MARACA_2024-12-17_16-47-16_jpg_2024-12-17_16-47-16.webp.webp?fit=1200%2C800&ssl=1&resize=525%2C300 1.5x, https:\/\/i0.wp.com\/noticiasribeiraopreto.com.br\/wp-content\/uploads\/2024\/12\/MARACA_2024-12-17_16-47-16_jpg_2024-12-17_16-47-16.webp.webp?fit=1200%2C800&ssl=1&resize=700%2C400 2x, https:\/\/i0.wp.com\/noticiasribeiraopreto.com.br\/wp-content\/uploads\/2024\/12\/MARACA_2024-12-17_16-47-16_jpg_2024-12-17_16-47-16.webp.webp?fit=1200%2C800&ssl=1&resize=1050%2C600 3x"},"classes":[]}],"jetpack_sharing_enabled":true,"jetpack_shortlink":"https:\/\/wp.me\/peQAOb-nGe","jetpack_featured_media_url":"https:\/\/i0.wp.com\/noticiasribeiraopreto.com.br\/wp-content\/uploads\/2026\/09\/Captura-de-tela-2026-09-03-110158.png?fit=1351%2C728&ssl=1","_links":{"self":[{"href":"https:\/\/noticiasribeiraopreto.com.br\/index.php\/wp-json\/wp\/v2\/posts\/91030","targetHints":{"allow":["GET"]}}],"collection":[{"href":"https:\/\/noticiasribeiraopreto.com.br\/index.php\/wp-json\/wp\/v2\/posts"}],"about":[{"href":"https:\/\/noticiasribeiraopreto.com.br\/index.php\/wp-json\/wp\/v2\/types\/post"}],"author":[{"embeddable":true,"href":"https:\/\/noticiasribeiraopreto.com.br\/index.php\/wp-json\/wp\/v2\/users\/1"}],"replies":[{"embeddable":true,"href":"https:\/\/noticiasribeiraopreto.com.br\/index.php\/wp-json\/wp\/v2\/comments?post=91030"}],"version-history":[{"count":0,"href":"https:\/\/noticiasribeiraopreto.com.br\/index.php\/wp-json\/wp\/v2\/posts\/91030\/revisions"}],"wp:featuredmedia":[{"embeddable":true,"href":"https:\/\/noticiasribeiraopreto.com.br\/index.php\/wp-json\/wp\/v2\/media\/91031"}],"wp:attachment":[{"href":"https:\/\/noticiasribeiraopreto.com.br\/index.php\/wp-json\/wp\/v2\/media?parent=91030"}],"wp:term":[{"taxonomy":"category","embeddable":true,"href":"https:\/\/noticiasribeiraopreto.com.br\/index.php\/wp-json\/wp\/v2\/categories?post=91030"},{"taxonomy":"post_tag","embeddable":true,"href":"https:\/\/noticiasribeiraopreto.com.br\/index.php\/wp-json\/wp\/v2\/tags?post=91030"}],"curies":[{"name":"wp","href":"https:\/\/api.w.org\/{rel}","templated":true}]}}