{"id":91032,"date":"2026-09-03T11:55:52","date_gmt":"2026-09-03T14:55:52","guid":{"rendered":"https:\/\/noticiasribeiraopreto.com.br\/index.php\/2026\/09\/03\/video-homem-e-preso-apos-roubar-corrente-de-ouro-de-idosa\/"},"modified":"2026-09-03T11:55:52","modified_gmt":"2026-09-03T14:55:52","slug":"video-homem-e-preso-apos-roubar-corrente-de-ouro-de-idosa","status":"publish","type":"post","link":"https:\/\/noticiasribeiraopreto.com.br\/index.php\/2026\/09\/03\/video-homem-e-preso-apos-roubar-corrente-de-ouro-de-idosa\/","title":{"rendered":"V\u00cdDEO &#8211; Homem \u00e9 preso ap\u00f3s roubar corrente de ouro de idosa"},"content":{"rendered":"<div class='code-block code-block-1' style='margin: 8px 0 8px auto; text-align: right; display: block; clear: both;'>\n<p><a href=\"https:\/\/wa.link\/vpicfd\"><img data-recalc-dims=\"1\" class=\"wp-image-4922\" style=\"aspect-ratio: 2.0253164556962027; width: 561px; height: auto;\" src=\"https:\/\/i0.wp.com\/ismaelcolosi.com.br\/wp-content\/uploads\/2023\/11\/grupo-de-empregos-whatsapp-e-facebook-ismael-colosi-vagas.jpg?ssl=1\" alt=\"\" \/><\/a><\/p>\n<!-- \/wp:image -->\n<\/div>\n<p> <br \/>\n<\/p>\n<div id=\"\">&#13;<\/p>\n<h2 class=\"penci-post-subtitle\">Suspeito agiu com viol\u00eancia e utilizava moto e mochila de entregador de comida; c\u00e2meras de seguran\u00e7a ajudaram na identifica\u00e7\u00e3o<\/h2>\n<p>&#13;<\/p>\n<p>&#13;<br \/>\n\t\t\t\t\t\t\t\t\t<span class=\"entry-meta-item penci-posted-on\"><i class=\"fa fa-clock-o\"\/><time class=\"entry-date published updated\" datetime=\"2026-09-03T11:53:28-03:00\">3 de setembro de 2026 11:53<\/time><\/span><span class=\"entry-meta-item penci-post-countview\"\/>\t\t\t\t\t\t\t\t<\/p>\n<p><!-- .entry-meta -->&#13;<br \/>\n\t\t\t\t\t\t\t\t<span class=\"penci-social-buttons penci-social-share-footer\"><span class=\"penci-social-share-text\">Compartilhar<\/span><a href=\"#\" class=\"penci-post-like penci_post-meta_item  single-like-button penci-social-item like\" data-post_id=\"475960\" title=\"Like\" data-like=\"Like\" data-unlike=\"Unlike\"><i class=\"fa fa-thumbs-o-up\"\/><span class=\"penci-share-number\">2<\/span><\/a><i class=\"fa fa-facebook\"\/><a class=\"penci-social-item twitter\" target=\"_blank\" rel=\"noopener\" title=\"\" href=\"https:\/\/twitter.com\/intent\/tweet?text=V\u00cdDEO%20-%20Homem%20\u00e9%20preso%20ap\u00f3s%20roubar%20corrente%20de%20ouro%20de%20idosa%20-%20https:\/\/www.tribunaribeirao.com.br\/video-homem-e-preso-apos-roubar-corrente-de-ouro-de-idosa\/\"><i class=\"fa fa-twitter\"\/><\/a><i class=\"fa fa-linkedin\"\/><i class=\"fa fa-whatsapp\"\/><i class=\"fa fa-telegram\"\/><i class=\"fa fa-envelope\"\/><\/span>\t\t\t\t\t\t\t<\/div>\n<div>\n<p>| Por: Alfredo Risk e Adalberto Luque |<\/p>\n<p>Um homem foi preso na noite desta quarta-feira (2) por roubo de uma corrente de ouro. O crime ocorreu na rua Os\u00f3rio Ferreira, no Jardim Castelo Branco, zona Leste de Ribeir\u00e3o Preto. C\u00e2meras de seguran\u00e7a registraram o assalto.<\/p>\n<p>A idosa, de 77 anos, varria a cal\u00e7ada na manh\u00e3 de quarta-feira quando um homem, em uma moto e com mochila de entregador de comida, se aproximou. O suspeito parou a moto, desceu e arrancou a corrente de ouro da v\u00edtima, que pediu para que ele tivesse calma.<\/p>\n<figure id=\"attachment_475963\" aria-describedby=\"caption-attachment-475963\" style=\"width: 1170px\" class=\"wp-caption alignnone\"><figcaption id=\"caption-attachment-475963\" class=\"wp-caption-text\">Homem admitiu ter roubado a corrente e vendido para uma pessoa no Centro, mas n\u00e3o indicou o nome do receptador (Foto: Alfredo Risk)<\/figcaption><\/figure>\n<p>Depois de arrancar a joia, avaliada em R$ 5 mil, o homem subiu na moto e fugiu. A Pol\u00edcia Militar foi acionada e acessou c\u00e2meras de seguran\u00e7a de resid\u00eancias pr\u00f3ximas, conseguindo identificar a motocicleta usada pelo assaltante, uma Honda CG 160.<\/p>\n<p>Os policiais foram at\u00e9 o endere\u00e7o que consta no certificado da moto e a localizaram na garagem, onde tamb\u00e9m viram um homem por uma fresta. Os policiais pediram que ele sa\u00edsse at\u00e9 a cal\u00e7ada. Durante a revista, nada foi encontrado.<\/p>\n<figure id=\"attachment_475961\" aria-describedby=\"caption-attachment-475961\" style=\"width: 1040px\" class=\"wp-caption alignnone\"><img data-recalc-dims=\"1\" loading=\"lazy\" decoding=\"async\" class=\"size-full wp-image-475961 lazyload\" src=\"https:\/\/i0.wp.com\/www.tribunaribeirao.com.br\/wp-content\/uploads\/2026\/09\/03-set-2026-correntedeouro3-scaled.jpg?resize=1040%2C780&#038;ssl=1\" alt=\"\" width=\"1040\" height=\"780\" srcset=\"https:\/\/www.tribunaribeirao.com.br\/wp-content\/uploads\/2026\/09\/03-set-2026-correntedeouro3-scaled.jpg 1040w, https:\/\/www.tribunaribeirao.com.br\/wp-content\/uploads\/2026\/09\/03-set-2026-correntedeouro3-300x225.jpg 300w, https:\/\/www.tribunaribeirao.com.br\/wp-content\/uploads\/2026\/09\/03-set-2026-correntedeouro3-1024x768.jpg 1024w, https:\/\/www.tribunaribeirao.com.br\/wp-content\/uploads\/2026\/09\/03-set-2026-correntedeouro3-768x576.jpg 768w, https:\/\/www.tribunaribeirao.com.br\/wp-content\/uploads\/2026\/09\/03-set-2026-correntedeouro3-1536x1152.jpg 1536w, https:\/\/www.tribunaribeirao.com.br\/wp-content\/uploads\/2026\/09\/03-set-2026-correntedeouro3-760x570.jpg 760w, https:\/\/www.tribunaribeirao.com.br\/wp-content\/uploads\/2026\/09\/03-set-2026-correntedeouro3-960x720.jpg 960w, https:\/\/www.tribunaribeirao.com.br\/wp-content\/uploads\/2026\/09\/03-set-2026-correntedeouro3-533x400.jpg 533w, https:\/\/www.tribunaribeirao.com.br\/wp-content\/uploads\/2026\/09\/03-set-2026-correntedeouro3-585x439.jpg 585w\" data-sizes=\"(max-width: 1040px) 100vw, 1040px\" style=\"--smush-placeholder-width: 1040px; --smush-placeholder-aspect-ratio: 1040\/780;\"\/><figcaption id=\"caption-attachment-475961\" class=\"wp-caption-text\">Roupas usadas no roubo, registrado por c\u00e2meras de seguran\u00e7a, foram encontradas na casa onde a moto estava (Foto: Divulga\u00e7\u00e3o)<\/figcaption><\/figure>\n<p>A companheira do homem, que acompanhava a abordagem, permitiu a entrada dos policiais na resid\u00eancia. Al\u00e9m da moto, os policiais encontraram o capacete, o cal\u00e7ado e a mochila compat\u00edveis com os usados pelo homem que roubou a corrente de ouro.<\/p>\n<p>O suspeito admitiu ter cometido o crime, mas disse que vendeu a joia por R$ 1 mil na regi\u00e3o central da cidade, sem identificar o comprador. Ele foi levado para a Central de Pol\u00edcia Judici\u00e1ria (CPJ).<\/p>\n<p>Preso em flagrante, o homem foi encaminhado para uma unidade prisional. Ele vai responder por roubo e ficou \u00e0 disposi\u00e7\u00e3o da Justi\u00e7a.<\/p>\n<div style=\"background-color: #f4f4f5; border: 1px solid #d4d4d8; padding: 15px; margin: 20px 0; border-radius: 6px; font-family: sans-serif; line-height: 1.5;\">\n    <span style=\"color: #27272a;\">Inscreva-se em nosso Canal no Whatsapp e fique por dentro de tudo que acontece na regi\u00e3o. <\/span><br \/>\n    <a href=\"https:\/\/whatsapp.com\/channel\/0029VanuE2o7z4kYjo0XVS3u\" target=\"_blank\" rel=\"noopener noreferrer\" style=\"color: #16a34a; font-weight: bold; text-decoration: underline;\">Clique Aqui!<\/a>\n<\/div>\n<\/div>\n<p><script async src=\"\/\/platform.twitter.com\/widgets.js\" charset=\"utf-8\"><\/script><br \/>\n<br \/><br \/>\n<br \/><a href=\"https:\/\/www.tribunaribeirao.com.br\/video-homem-e-preso-apos-roubar-corrente-de-ouro-de-idosa\/\">Texto original daqui <\/a><\/p>\n<!-- CONTENT END 1 -->\n","protected":false},"excerpt":{"rendered":"<p>&#13; Suspeito agiu com viol\u00eancia e utilizava moto e mochila de entregador de comida; c\u00e2meras de seguran\u00e7a ajudaram na identifica\u00e7\u00e3o &#13; &#13; 3 de setembro&#8230;<\/p>\n","protected":false},"author":1,"featured_media":91033,"comment_status":"","ping_status":"","sticky":false,"template":"","format":"standard","meta":{"advanced_seo_description":"","jetpack_seo_html_title":"","jetpack_seo_noindex":false,"jetpack_seo_schema_type":"","_jetpack_newsletter_access":"","_jetpack_dont_email_post_to_subs":false,"_jetpack_newsletter_tier_id":0,"_jetpack_memberships_contains_paywalled_content":false,"_jetpack_feature_clip_id":0,"_jetpack_memberships_contains_paid_content":false,"footnotes":"","jetpack_publicize_message":"","jetpack_publicize_feature_enabled":true,"jetpack_social_post_already_shared":true,"jetpack_social_options":{"image_generator_settings":{"template":"highway","default_image_id":0,"font":"","enabled":false},"version":2},"jetpack_post_was_ever_published":false},"categories":[11],"tags":[37,8902,59,1368,1445,36,1592,67],"class_list":["post-91032","post","type-post","status-publish","format-standard","has-post-thumbnail","hentry","category-noticias-de-ribeirao-preto-sp-e-regiao-ismael-colosi","tag-apos","tag-corrente","tag-homem","tag-idosa","tag-ouro","tag-preso","tag-roubar","tag-video"],"jetpack_publicize_connections":[],"jetpack-related-posts":[{"id":91022,"url":"https:\/\/noticiasribeiraopreto.com.br\/index.php\/2026\/09\/03\/idosa-tem-corrente-de-ouro-roubada-enquanto-varria-calcada-em-ribeirao-preto-video\/","url_meta":{"origin":91032,"position":0},"title":"Idosa tem corrente de ouro roubada enquanto varria cal\u00e7ada em Ribeir\u00e3o Preto; V\u00cdDEO","author":"noticiasribeiraopreto.com.br","date":"3 de September de 2026","format":false,"excerpt":"Uma idosa teve uma corrente de ouro roubada na manh\u00e3 desta quarta-feira (2), enquanto varria a cal\u00e7ada de casa, na esquina das ruas Jo\u00e3o Nucci e Os\u00f3rio Ferreira, no Parque dos Bandeirantes, zona Leste de Ribeir\u00e3o Preto. De acordo com o boletim de ocorr\u00eancia (BO), a joia, uma corrente com\u2026","rel":"","context":"In &quot;Not\u00edcias de Ribeir\u00e3o Preto-SP e Regi\u00e3o&quot;","block_context":{"text":"Not\u00edcias de Ribeir\u00e3o Preto-SP e Regi\u00e3o","link":"https:\/\/noticiasribeiraopreto.com.br\/index.php\/category\/noticias-de-ribeirao-preto-sp-e-regiao-ismael-colosi\/"},"img":{"alt_text":"","src":"https:\/\/i0.wp.com\/noticiasribeiraopreto.com.br\/wp-content\/uploads\/2026\/09\/roubo-idosa-ribeirao-preto-5.jpg?fit=1200%2C675&ssl=1&resize=350%2C200","width":350,"height":200,"srcset":"https:\/\/i0.wp.com\/noticiasribeiraopreto.com.br\/wp-content\/uploads\/2026\/09\/roubo-idosa-ribeirao-preto-5.jpg?fit=1200%2C675&ssl=1&resize=350%2C200 1x, https:\/\/i0.wp.com\/noticiasribeiraopreto.com.br\/wp-content\/uploads\/2026\/09\/roubo-idosa-ribeirao-preto-5.jpg?fit=1200%2C675&ssl=1&resize=525%2C300 1.5x, https:\/\/i0.wp.com\/noticiasribeiraopreto.com.br\/wp-content\/uploads\/2026\/09\/roubo-idosa-ribeirao-preto-5.jpg?fit=1200%2C675&ssl=1&resize=700%2C400 2x, https:\/\/i0.wp.com\/noticiasribeiraopreto.com.br\/wp-content\/uploads\/2026\/09\/roubo-idosa-ribeirao-preto-5.jpg?fit=1200%2C675&ssl=1&resize=1050%2C600 3x"},"classes":[]},{"id":57906,"url":"https:\/\/noticiasribeiraopreto.com.br\/index.php\/2024\/09\/13\/policia-prende-suspeito-de-roubar-e-matar-idosa-na-vila-virginia-em-ribeirao-preto\/","url_meta":{"origin":91032,"position":1},"title":"Pol\u00edcia prende suspeito de roubar e matar idosa na Vila Virg\u00ednia em Ribeir\u00e3o Preto","author":"noticiasribeiraopreto.com.br","date":"13 de September de 2024","format":false,"excerpt":"A Pol\u00edcia Civil prendeu nesta sexta-feira (13) um homem suspeito de roubar e matar uma idosa na Vila Virg\u00ednia, zona Oeste de Ribeir\u00e3o Preto. Segundo o boletim de ocorr\u00eancia (BO), a v\u00edtima, identificada como Maria Angela Sales Avelino, de 72 anos, foi achada morta no \u00faltimo dia 21 de agosto,\u2026","rel":"","context":"In &quot;Not\u00edcias de Ribeir\u00e3o Preto-SP e Regi\u00e3o&quot;","block_context":{"text":"Not\u00edcias de Ribeir\u00e3o Preto-SP e Regi\u00e3o","link":"https:\/\/noticiasribeiraopreto.com.br\/index.php\/category\/noticias-de-ribeirao-preto-sp-e-regiao-ismael-colosi\/"},"img":{"alt_text":"","src":"https:\/\/i0.wp.com\/noticiasribeiraopreto.com.br\/wp-content\/uploads\/2024\/09\/LATROCINIO_2024-09-13_13-49-39_jpg_2024-09-13_13-49-39.webp.webp?fit=1200%2C790&ssl=1&resize=350%2C200","width":350,"height":200,"srcset":"https:\/\/i0.wp.com\/noticiasribeiraopreto.com.br\/wp-content\/uploads\/2024\/09\/LATROCINIO_2024-09-13_13-49-39_jpg_2024-09-13_13-49-39.webp.webp?fit=1200%2C790&ssl=1&resize=350%2C200 1x, https:\/\/i0.wp.com\/noticiasribeiraopreto.com.br\/wp-content\/uploads\/2024\/09\/LATROCINIO_2024-09-13_13-49-39_jpg_2024-09-13_13-49-39.webp.webp?fit=1200%2C790&ssl=1&resize=525%2C300 1.5x, https:\/\/i0.wp.com\/noticiasribeiraopreto.com.br\/wp-content\/uploads\/2024\/09\/LATROCINIO_2024-09-13_13-49-39_jpg_2024-09-13_13-49-39.webp.webp?fit=1200%2C790&ssl=1&resize=700%2C400 2x, https:\/\/i0.wp.com\/noticiasribeiraopreto.com.br\/wp-content\/uploads\/2024\/09\/LATROCINIO_2024-09-13_13-49-39_jpg_2024-09-13_13-49-39.webp.webp?fit=1200%2C790&ssl=1&resize=1050%2C600 3x"},"classes":[]},{"id":59340,"url":"https:\/\/noticiasribeiraopreto.com.br\/index.php\/2024\/10\/21\/homem-e-preso-apos-roubar-loja-de-colchoes-na-zona-norte-de-ribeirao\/","url_meta":{"origin":91032,"position":2},"title":"Homem \u00e9 preso ap\u00f3s roubar loja de colch\u00f5es na zona Norte de Ribeir\u00e3o","author":"noticiasribeiraopreto.com.br","date":"21 de October de 2024","format":false,"excerpt":"A Guarda Civil Municipal (GCM) prendeu, na tarde desta segunda-feira (21), um homem suspeito de roubar uma loja de colch\u00f5es, na avenida Dom Pedro, na zona Norte de Ribeir\u00e3o Preto. Ele teria feito men\u00e7\u00e3o de estar armado e levou quatro celulares, sendo dois de funcion\u00e1rias e dois da loja. De\u2026","rel":"","context":"In &quot;Not\u00edcias de Ribeir\u00e3o Preto-SP e Regi\u00e3o&quot;","block_context":{"text":"Not\u00edcias de Ribeir\u00e3o Preto-SP e Regi\u00e3o","link":"https:\/\/noticiasribeiraopreto.com.br\/index.php\/category\/noticias-de-ribeirao-preto-sp-e-regiao-ismael-colosi\/"},"img":{"alt_text":"","src":"https:\/\/i0.wp.com\/noticiasribeiraopreto.com.br\/wp-content\/uploads\/2024\/10\/Copia-de-Copia-de-Copia-de-TAMANHO-EXATO-PARA-FOTOS-NO-SISTEMA-NOVO-29_2024-10-21_21-14-51_png_2024-10-21_21-14-51.webp.webp?fit=1200%2C675&ssl=1&resize=350%2C200","width":350,"height":200,"srcset":"https:\/\/i0.wp.com\/noticiasribeiraopreto.com.br\/wp-content\/uploads\/2024\/10\/Copia-de-Copia-de-Copia-de-TAMANHO-EXATO-PARA-FOTOS-NO-SISTEMA-NOVO-29_2024-10-21_21-14-51_png_2024-10-21_21-14-51.webp.webp?fit=1200%2C675&ssl=1&resize=350%2C200 1x, https:\/\/i0.wp.com\/noticiasribeiraopreto.com.br\/wp-content\/uploads\/2024\/10\/Copia-de-Copia-de-Copia-de-TAMANHO-EXATO-PARA-FOTOS-NO-SISTEMA-NOVO-29_2024-10-21_21-14-51_png_2024-10-21_21-14-51.webp.webp?fit=1200%2C675&ssl=1&resize=525%2C300 1.5x, https:\/\/i0.wp.com\/noticiasribeiraopreto.com.br\/wp-content\/uploads\/2024\/10\/Copia-de-Copia-de-Copia-de-TAMANHO-EXATO-PARA-FOTOS-NO-SISTEMA-NOVO-29_2024-10-21_21-14-51_png_2024-10-21_21-14-51.webp.webp?fit=1200%2C675&ssl=1&resize=700%2C400 2x, https:\/\/i0.wp.com\/noticiasribeiraopreto.com.br\/wp-content\/uploads\/2024\/10\/Copia-de-Copia-de-Copia-de-TAMANHO-EXATO-PARA-FOTOS-NO-SISTEMA-NOVO-29_2024-10-21_21-14-51_png_2024-10-21_21-14-51.webp.webp?fit=1200%2C675&ssl=1&resize=1050%2C600 3x"},"classes":[]},{"id":44941,"url":"https:\/\/noticiasribeiraopreto.com.br\/index.php\/2024\/04\/01\/homem-e-preso-tentando-roubar-produtos-de-higiene-em-supermercado\/","url_meta":{"origin":91032,"position":3},"title":"Homem \u00e9 preso tentando roubar produtos de higiene em supermercado","author":"noticiasribeiraopreto.com.br","date":"1 de April de 2024","format":false,"excerpt":"1 de abril de 2024 | 13:021 de abril de 2024 | 13:03 0 Neste domingo (31), um homem foi preso, suspeito de roubar produtos de higiene e beleza em um supermercado, no Centro de Ribeir\u00e3o Preto. Segundo o\u00a0boletim de ocorr\u00eancia (BO), o\u00a0suspeito teria dado uma cabe\u00e7ada em um funcion\u00e1rio\u2026","rel":"","context":"In &quot;Not\u00edcias de Ribeir\u00e3o Preto-SP e Regi\u00e3o&quot;","block_context":{"text":"Not\u00edcias de Ribeir\u00e3o Preto-SP e Regi\u00e3o","link":"https:\/\/noticiasribeiraopreto.com.br\/index.php\/category\/noticias-de-ribeirao-preto-sp-e-regiao-ismael-colosi\/"},"img":{"alt_text":"","src":"https:\/\/i0.wp.com\/noticiasribeiraopreto.com.br\/wp-content\/uploads\/2024\/04\/00-29-fev-2024-tesoureira-cef-01-foto-alfredo-risk-scaled.jpg?fit=1000%2C523&ssl=1&resize=350%2C200","width":350,"height":200,"srcset":"https:\/\/i0.wp.com\/noticiasribeiraopreto.com.br\/wp-content\/uploads\/2024\/04\/00-29-fev-2024-tesoureira-cef-01-foto-alfredo-risk-scaled.jpg?fit=1000%2C523&ssl=1&resize=350%2C200 1x, https:\/\/i0.wp.com\/noticiasribeiraopreto.com.br\/wp-content\/uploads\/2024\/04\/00-29-fev-2024-tesoureira-cef-01-foto-alfredo-risk-scaled.jpg?fit=1000%2C523&ssl=1&resize=525%2C300 1.5x, https:\/\/i0.wp.com\/noticiasribeiraopreto.com.br\/wp-content\/uploads\/2024\/04\/00-29-fev-2024-tesoureira-cef-01-foto-alfredo-risk-scaled.jpg?fit=1000%2C523&ssl=1&resize=700%2C400 2x"},"classes":[]},{"id":82665,"url":"https:\/\/noticiasribeiraopreto.com.br\/index.php\/2026\/02\/22\/homem-de-64-anos-morre-apos-ser-baleado-em-tentativa-de-assalto-em-ribeirao-preto\/","url_meta":{"origin":91032,"position":4},"title":"Homem de 64 anos morre ap\u00f3s ser baleado em tentativa de assalto em Ribeir\u00e3o Preto","author":"noticiasribeiraopreto.com.br","date":"22 de February de 2026","format":false,"excerpt":"Um homem morreu ap\u00f3s uma tentativa de roubo na noite desta sexta-feira (20), no bairro Jardim Presidente Dutra, em Ribeir\u00e3o Preto. O crime aconteceu por volta das 20h30, na rua \u00c1lvaro de Lacerda Chaves. Segundo informa\u00e7\u00f5es do boletim de ocorr\u00eancia, o suspeito tentou roubar a corrente de ouro da v\u00edtima,\u2026","rel":"","context":"In &quot;Not\u00edcias de Ribeir\u00e3o Preto-SP e Regi\u00e3o&quot;","block_context":{"text":"Not\u00edcias de Ribeir\u00e3o Preto-SP e Regi\u00e3o","link":"https:\/\/noticiasribeiraopreto.com.br\/index.php\/category\/noticias-de-ribeirao-preto-sp-e-regiao-ismael-colosi\/"},"img":{"alt_text":"","src":"https:\/\/i0.wp.com\/noticiasribeiraopreto.com.br\/wp-content\/uploads\/2026\/02\/palace-22_2026-02-21_12-37-28.webp.webp?fit=1200%2C675&ssl=1&resize=350%2C200","width":350,"height":200,"srcset":"https:\/\/i0.wp.com\/noticiasribeiraopreto.com.br\/wp-content\/uploads\/2026\/02\/palace-22_2026-02-21_12-37-28.webp.webp?fit=1200%2C675&ssl=1&resize=350%2C200 1x, https:\/\/i0.wp.com\/noticiasribeiraopreto.com.br\/wp-content\/uploads\/2026\/02\/palace-22_2026-02-21_12-37-28.webp.webp?fit=1200%2C675&ssl=1&resize=525%2C300 1.5x, https:\/\/i0.wp.com\/noticiasribeiraopreto.com.br\/wp-content\/uploads\/2026\/02\/palace-22_2026-02-21_12-37-28.webp.webp?fit=1200%2C675&ssl=1&resize=700%2C400 2x, https:\/\/i0.wp.com\/noticiasribeiraopreto.com.br\/wp-content\/uploads\/2026\/02\/palace-22_2026-02-21_12-37-28.webp.webp?fit=1200%2C675&ssl=1&resize=1050%2C600 3x"},"classes":[]},{"id":83636,"url":"https:\/\/noticiasribeiraopreto.com.br\/index.php\/2026\/03\/23\/policia-civil-prende-suspeito-de-matar-homem-durante-assalto-em-ribeirao-preto\/","url_meta":{"origin":91032,"position":5},"title":"Pol\u00edcia Civil prende suspeito de matar homem durante assalto em Ribeir\u00e3o Preto","author":"noticiasribeiraopreto.com.br","date":"23 de March de 2026","format":false,"excerpt":"A Pol\u00edcia Civil prendeu nesta segunda-feira (23) o suspeito de um latroc\u00ednio ocorrido no \u00faltimo dia 20 de fevereiro, perto de um bar no Jardim Presidente Dutra I, zona Norte de Ribeir\u00e3o Preto. Segundo a pol\u00edcia, o homem preso, identificado como Thiago Daniel Freitas Garcia, conhecido como \u201cOreia\u201d, de 23\u2026","rel":"","context":"In &quot;Not\u00edcias de Ribeir\u00e3o Preto-SP e Regi\u00e3o&quot;","block_context":{"text":"Not\u00edcias de Ribeir\u00e3o Preto-SP e Regi\u00e3o","link":"https:\/\/noticiasribeiraopreto.com.br\/index.php\/category\/noticias-de-ribeirao-preto-sp-e-regiao-ismael-colosi\/"},"img":{"alt_text":"","src":"https:\/\/i0.wp.com\/noticiasribeiraopreto.com.br\/wp-content\/uploads\/2026\/03\/WhatsApp-Image-2026-03-23-at-06.47.27_2026-03-23_09-51-42.webp.webp?fit=1200%2C675&ssl=1&resize=350%2C200","width":350,"height":200,"srcset":"https:\/\/i0.wp.com\/noticiasribeiraopreto.com.br\/wp-content\/uploads\/2026\/03\/WhatsApp-Image-2026-03-23-at-06.47.27_2026-03-23_09-51-42.webp.webp?fit=1200%2C675&ssl=1&resize=350%2C200 1x, https:\/\/i0.wp.com\/noticiasribeiraopreto.com.br\/wp-content\/uploads\/2026\/03\/WhatsApp-Image-2026-03-23-at-06.47.27_2026-03-23_09-51-42.webp.webp?fit=1200%2C675&ssl=1&resize=525%2C300 1.5x, https:\/\/i0.wp.com\/noticiasribeiraopreto.com.br\/wp-content\/uploads\/2026\/03\/WhatsApp-Image-2026-03-23-at-06.47.27_2026-03-23_09-51-42.webp.webp?fit=1200%2C675&ssl=1&resize=700%2C400 2x, https:\/\/i0.wp.com\/noticiasribeiraopreto.com.br\/wp-content\/uploads\/2026\/03\/WhatsApp-Image-2026-03-23-at-06.47.27_2026-03-23_09-51-42.webp.webp?fit=1200%2C675&ssl=1&resize=1050%2C600 3x"},"classes":[]}],"jetpack_sharing_enabled":true,"jetpack_shortlink":"https:\/\/wp.me\/peQAOb-nGg","jetpack_featured_media_url":"https:\/\/i0.wp.com\/noticiasribeiraopreto.com.br\/wp-content\/uploads\/2026\/09\/03-set-2026-correntedeouro1-scaled.jpg?fit=1200%2C675&ssl=1","_links":{"self":[{"href":"https:\/\/noticiasribeiraopreto.com.br\/index.php\/wp-json\/wp\/v2\/posts\/91032","targetHints":{"allow":["GET"]}}],"collection":[{"href":"https:\/\/noticiasribeiraopreto.com.br\/index.php\/wp-json\/wp\/v2\/posts"}],"about":[{"href":"https:\/\/noticiasribeiraopreto.com.br\/index.php\/wp-json\/wp\/v2\/types\/post"}],"author":[{"embeddable":true,"href":"https:\/\/noticiasribeiraopreto.com.br\/index.php\/wp-json\/wp\/v2\/users\/1"}],"replies":[{"embeddable":true,"href":"https:\/\/noticiasribeiraopreto.com.br\/index.php\/wp-json\/wp\/v2\/comments?post=91032"}],"version-history":[{"count":0,"href":"https:\/\/noticiasribeiraopreto.com.br\/index.php\/wp-json\/wp\/v2\/posts\/91032\/revisions"}],"wp:featuredmedia":[{"embeddable":true,"href":"https:\/\/noticiasribeiraopreto.com.br\/index.php\/wp-json\/wp\/v2\/media\/91033"}],"wp:attachment":[{"href":"https:\/\/noticiasribeiraopreto.com.br\/index.php\/wp-json\/wp\/v2\/media?parent=91032"}],"wp:term":[{"taxonomy":"category","embeddable":true,"href":"https:\/\/noticiasribeiraopreto.com.br\/index.php\/wp-json\/wp\/v2\/categories?post=91032"},{"taxonomy":"post_tag","embeddable":true,"href":"https:\/\/noticiasribeiraopreto.com.br\/index.php\/wp-json\/wp\/v2\/tags?post=91032"}],"curies":[{"name":"wp","href":"https:\/\/api.w.org\/{rel}","templated":true}]}}