{"id":91034,"date":"2026-09-03T12:34:13","date_gmt":"2026-09-03T15:34:13","guid":{"rendered":"https:\/\/noticiasribeiraopreto.com.br\/index.php\/2026\/09\/03\/terminal-de-ribeirao-preto-recebe-mutirao-com-mais-de-500-vagas-de-emprego\/"},"modified":"2026-09-03T12:34:13","modified_gmt":"2026-09-03T15:34:13","slug":"terminal-de-ribeirao-preto-recebe-mutirao-com-mais-de-500-vagas-de-emprego","status":"publish","type":"post","link":"https:\/\/noticiasribeiraopreto.com.br\/index.php\/2026\/09\/03\/terminal-de-ribeirao-preto-recebe-mutirao-com-mais-de-500-vagas-de-emprego\/","title":{"rendered":"Terminal de Ribeir\u00e3o Preto recebe mutir\u00e3o com mais de 500 vagas de emprego"},"content":{"rendered":"<div class='code-block code-block-1' style='margin: 8px 0 8px auto; text-align: right; display: block; clear: both;'>\n<p><a href=\"https:\/\/wa.link\/vpicfd\"><img data-recalc-dims=\"1\" class=\"wp-image-4922\" style=\"aspect-ratio: 2.0253164556962027; width: 561px; height: auto;\" src=\"https:\/\/i0.wp.com\/ismaelcolosi.com.br\/wp-content\/uploads\/2023\/11\/grupo-de-empregos-whatsapp-e-facebook-ismael-colosi-vagas.jpg?ssl=1\" alt=\"\" \/><\/a><\/p>\n<!-- \/wp:image -->\n<\/div>\n<p> <br \/>\n<\/p>\n<p>O <strong>Terminal Rodovi\u00e1rio de Ribeir\u00e3o Preto <\/strong>recebe na pr\u00f3xima ter\u00e7a-feira (8) mais uma edi\u00e7\u00e3o do <strong>Mutir\u00e3o do Emprego<\/strong>. S\u00e3o oferecidas 500 vagas de emprego em diversas empresas da cidade, com oportunidades para candidatos com ou sem experi\u00eancia, est\u00e1gio e Jovem Aprendiz, al\u00e9m de orienta\u00e7\u00f5es para o empreendedorismo.\u00a0<\/p>\n<p class=\"has-cyan-bluish-gray-background-color has-background\"><em>Receba not\u00edcias do\u00a0<strong>acidade on Ribeir\u00e3o\u00a0<\/strong>no WhatsApp e fique por dentro de tudo! Basta acessar o link<a href=\"https:\/\/chat.whatsapp.com\/DfXwcjKVIddHUT3BvnQuPZ?mode=hqctshi\" target=\"_blank\" rel=\"noreferrer noopener\">\u00a0aqui<\/a>!<\/em><\/p>\n<p>A iniciativa, gratuita, acontece das 10h \u00e0s 12h. O objetivo \u00e9 ajudar as pessoas a entrar no mercado de trabalho e se recolocar profissionalmente, al\u00e9m de passar orienta\u00e7\u00f5es e dicas para os candidatos.\u00a0<\/p>\n<p>Os interessados em participar do mutir\u00e3o devem comparecer ao Terminal Rodovi\u00e1rio portando curr\u00edculo atualizado e impresso e documentos pessoais com foto.\u00a0<\/p>\n<p>Eles poder\u00e3o se inscrever diretamente para as vagas ofertadas pelas empresas envolvidas, participar de entrevistas no local e ter\u00e3o a oportunidade de sair do terminal j\u00e1 empregados.\u00a0<\/p>\n<h2 class=\"wp-block-heading\" id=\"servico\"><strong>Servi\u00e7o<\/strong><\/h2>\n<h3 class=\"wp-block-heading\" id=\"mutirao-de-emprego-no-terminal-rodoviario-de-ribeirao-preto\"><strong>Mutir\u00e3o de Emprego no Terminal Rodovi\u00e1rio de Ribeir\u00e3o Preto<\/strong><\/h3>\n<p><strong>Data: <\/strong>8 de setembro de 2026 (ter\u00e7a-feira)<br \/><strong>Hor\u00e1rio:<\/strong> das 10h \u00e0s 12h<br \/><strong>Local: <\/strong>Terminal Rodovi\u00e1rio de Ribeir\u00e3o Preto \u2013 Avenida Jer\u00f4nimo Gon\u00e7alves, 640 \u2013 Centro, Ribeir\u00e3o Preto\u00a0<\/p>\n<p class=\"has-cyan-bluish-gray-background-color has-background\"><em>Fa\u00e7a uma den\u00fancia ou sugira uma reportagem sobre\u00a0<strong>Ribeir\u00e3o Preto\u00a0<\/strong>e regi\u00e3o por meio do WhatsApp do\u00a0<strong>acidade on Ribeir\u00e3o<\/strong>: (16) 99117-7802.<\/em><\/p>\n<h2 class=\"wp-block-heading\" id=\"viu-essa\"><strong>Viu essa?<\/strong><\/h2>\n<h3 class=\"wp-block-heading\" id=\"sertaozinho-recebe-feira-com-mais-de-300-vagas-de-emprego\"><strong>Sert\u00e3ozinho recebe feira com mais de 300 vagas de emprego<\/strong><\/h3>\n<figure class=\"wp-block-image size-large\"><figcaption class=\"wp-element-caption\">Candidatos poder\u00e3o passar por entrevistas de emprego e cadastrar curr\u00edculos- Foto: Marcelo Camargo\/ Ag\u00eancia Brasil<\/figcaption><\/figure>\n<p>Acontece na pr\u00f3xima quinta-feira (10) a<strong>\u00a03\u00aa Maratona pelo Emprego e Empregabilidade de\u00a0Sert\u00e3ozinho<\/strong>, na regi\u00e3o de Ribeir\u00e3o Preto. Segundo os organizadores, s\u00e3o mais de 300 vagas de emprego dispon\u00edveis na a\u00e7\u00e3o, que acontece, das 9h \u00e0s 16h, na Faculdade Anhanguera.\u00a0<\/p>\n<p>A iniciativa acontece em parceria com a Prefeitura de Sert\u00e3ozinho e tem o objetivo aproximar trabalhadores de empresas com oportunidades abertas na regi\u00e3o.\u00a0<\/p>\n<p>Entre as empresas participantes est\u00e3o Copercana, Havan, Maravilhas do Lar, McDonald\u2019s, Savegnago, Sevengel, Tese Motores, Tetracom, Triex, Tubesteel e Zanini.\u00a0<\/p>\n<p><strong>Entrevistas de emprego em Sert\u00e3ozinho<\/strong><\/p>\n<p>Durante o evento, os candidatos poder\u00e3o participar de entrevistas de emprego no local, al\u00e9m de cadastrar curr\u00edculos e ter acesso a informa\u00e7\u00f5es e orienta\u00e7\u00f5es relacionadas ao mercado de trabalho.<\/p>\n<p>A a\u00e7\u00e3o contar\u00e1 ainda com o apoio da ACIS, Sincom\u00e9rcio, Sincomerci\u00e1rios, CEISE, CPL e CIESP, reunindo poder p\u00fablico, empresas e institui\u00e7\u00f5es parceiras em uma iniciativa voltada \u00e0 empregabilidade no munic\u00edpio.<\/p>\n<p>Segundo Julio Vilcher, diretor da Faculdade Anhanguera de Sert\u00e3ozinho, a iniciativa busca facilitar o acesso da popula\u00e7\u00e3o \u00e0s oportunidades dispon\u00edveis no mercado de trabalho.<\/p>\n<p>\u201cReunir empresas que est\u00e3o contratando e profissionais em busca de uma oportunidade permite tornar esse contato mais direto. Al\u00e9m das vagas, a proposta \u00e9 oferecer orienta\u00e7\u00e3o e ferramentas que possam contribuir para a prepara\u00e7\u00e3o dos candidatos e para sua inser\u00e7\u00e3o no mercado de trabalho\u201d, destaca.<\/p>\n<h2 class=\"wp-block-heading\" id=\"servico-1\"><strong>Servi\u00e7o<\/strong><\/h2>\n<h3 class=\"wp-block-heading\" id=\"3-maratona-pelo-emprego-e-empregabilidade-de-sertaozinho\"><strong>3\u00aa Maratona pelo Emprego e Empregabilidade de Sert\u00e3ozinho<\/strong><\/h3>\n<p><strong><br \/>Data:\u00a0<\/strong>10 de setembro de 2026<br \/><strong>Hor\u00e1rio:<\/strong>\u00a0das 9h \u00e0s 16h<br \/><strong>Local:<\/strong>\u00a0Faculdade Anhanguera de Sert\u00e3ozinho<br \/><strong>Endere\u00e7o:<\/strong>\u00a0Avenida Ant\u00f4nio Paschoal, 1.954 \u2013 Sert\u00e3ozinho\/SP<br \/><strong>Participa\u00e7\u00e3o:<\/strong>\u00a0gratuita<\/p>\n<figure class=\"wp-block-gallery has-nested-images columns-default is-cropped wp-block-gallery-1 is-layout-flex wp-block-gallery-is-layout-flex\">\n<figure class=\"wp-block-image size-large\"><img data-recalc-dims=\"1\" loading=\"lazy\" decoding=\"async\" width=\"1024\" height=\"576\" data-id=\"166652\" src=\"https:\/\/i0.wp.com\/www.acidadeon.com\/ribeiraopreto\/wp-content\/uploads\/sites\/3\/2026\/07\/PAT-de-Ribeirao-Preto-tem-vagas-de-emprego-disponiveis-1024x576.jpeg?resize=1024%2C576&#038;ssl=1\" alt=\"Foto: Marcelo Camargo\/ Ag\u00eancia Brasil.\" class=\"wp-image-166652\" title=\"Terminal de Ribeir\u00e3o Preto recebe mutir\u00e3o com mais de 500 vagas de emprego 2\"><figcaption class=\"wp-element-caption\"> Foto: Marcelo Camargo\/ Ag\u00eancia Brasil<\/figcaption><\/figure>\n<figure class=\"wp-block-image size-large\"><img data-recalc-dims=\"1\" loading=\"lazy\" decoding=\"async\" width=\"1024\" height=\"576\" data-id=\"166651\" src=\"https:\/\/i0.wp.com\/www.acidadeon.com\/ribeiraopreto\/wp-content\/uploads\/sites\/3\/2026\/07\/PAT-de-Ribeirao-Preto-tem-vagas-de-emprego-disponiveis-4.jpeg?resize=1024%2C576&#038;ssl=1\" alt=\"PAT de Ribeir\u00e3o Preto tem vagas de emprego dispon\u00edveis - Foto: Governo de SP\" class=\"wp-image-166651\" title=\"Terminal de Ribeir\u00e3o Preto recebe mutir\u00e3o com mais de 500 vagas de emprego 3\"><figcaption class=\"wp-element-caption\"> Foto: Governo de SP<\/figcaption><\/figure>\n<figure class=\"wp-block-image size-large\"><img data-recalc-dims=\"1\" loading=\"lazy\" decoding=\"async\" width=\"1024\" height=\"576\" data-id=\"166650\" src=\"https:\/\/i0.wp.com\/www.acidadeon.com\/ribeiraopreto\/wp-content\/uploads\/sites\/3\/2026\/07\/PAT-de-Ribeirao-Preto-tem-vagas-de-emprego-disponiveis-3-1024x576.jpeg?resize=1024%2C576&#038;ssl=1\" alt=\"Foto: Guilherme Sircili \/ CCS\" class=\"wp-image-166650\" title=\"Terminal de Ribeir\u00e3o Preto recebe mutir\u00e3o com mais de 500 vagas de emprego 4\"><figcaption class=\"wp-element-caption\">Foto: Guilherme Sircili \/ CCS<\/figcaption><\/figure>\n<figure class=\"wp-block-image size-large\"><img data-recalc-dims=\"1\" loading=\"lazy\" decoding=\"async\" width=\"1024\" height=\"576\" data-id=\"163126\" src=\"https:\/\/i0.wp.com\/www.acidadeon.com\/ribeiraopreto\/wp-content\/uploads\/sites\/3\/2026\/06\/emprego-2_2026-05-04_19-11-05-1-1-1024x576.webp?resize=1024%2C576&#038;ssl=1\" alt=\"emprego 2 2026 05 04 19 11 05 1 1\" class=\"wp-image-163126\" title=\"Terminal de Ribeir\u00e3o Preto recebe mutir\u00e3o com mais de 500 vagas de emprego 5\"><\/figure>\n<figure class=\"wp-block-image size-large\"><img data-recalc-dims=\"1\" loading=\"lazy\" decoding=\"async\" width=\"1024\" height=\"768\" data-id=\"163127\" src=\"https:\/\/i0.wp.com\/www.acidadeon.com\/ribeiraopreto\/wp-content\/uploads\/sites\/3\/2026\/06\/RibeiroPretoterfeirocommaisde800vagasdeempregonestaquinta_Tamanho_2_image_2026-02-09_15-24-19-1-1-1024x768.webp?resize=1024%2C768&#038;ssl=1\" alt=\"RibeiroPretoterfeirocommaisde800vagasdeempregonestaquinta Tamanho 2 image 2026 02 09 15 24 19 1 1\" class=\"wp-image-163127\" title=\"Terminal de Ribeir\u00e3o Preto recebe mutir\u00e3o com mais de 500 vagas de emprego 6\"><\/figure>\n<\/figure>\n<h2 class=\"wp-block-heading\" id=\"viu-essa-2\"><strong><br \/>Viu essa?<\/strong><\/h2>\n<h3 class=\"wp-block-heading\" id=\"hospital-das-clinicas-abre-inscricoes-para-curso-tecnico-gratuito-de-enfermagem\"><strong>Hospital das Cl\u00ednicas abre inscri\u00e7\u00f5es para curso t\u00e9cnico gratuito de enfermagem<\/strong><\/h3>\n<p><strong><br \/><\/strong>O\u00a0<strong>Centro Interescolar do Hospital das Cl\u00ednicas\u00a0<\/strong>da\u00a0<strong>Faculdade de Medicina de Ribeir\u00e3o Preto (HCFMRP-USP)<\/strong>\u00a0abriu inscri\u00e7\u00f5es para o\u00a0<strong>processo seletivo<\/strong>\u00a0do\u00a0<strong>curso t\u00e9cnico em enfermagem<\/strong>.<\/p>\n<p>Ao todo, s\u00e3o oferecidas\u00a0<strong>160 vagas divididas nos per\u00edodos da manh\u00e3, tarde e noite<\/strong>\u00a0\u2013 saiba mais logo abaixo.<\/p>\n<p>As inscri\u00e7\u00f5es devem ser feitas exclusivamente pela\u00a0<strong>internet (<a href=\"https:\/\/www.hcribeirao.sp.gov.br\/hcfmrp\" target=\"_blank\" rel=\"noreferrer noopener\">clique aqui<\/a>) at\u00e9 o dia 18 de setembro de 2026<\/strong>.\u00a0<mark>A taxa de inscri\u00e7\u00e3o \u00e9 de R$ 84,52.<\/mark><\/p>\n<p>O\u00a0<strong>curso \u00e9 gratuito<\/strong>\u00a0e integra o eixo tecnol\u00f3gico de Ambiente e Sa\u00fade, preparando profissionais para atua\u00e7\u00e3o na \u00e1rea de enfermagem por meio de aulas te\u00f3ricas, pr\u00e1ticas e est\u00e1gios supervisionados.<\/p>\n<figure class=\"wp-block-image\"><img data-recalc-dims=\"1\" loading=\"lazy\" decoding=\"async\" width=\"1024\" height=\"576\" src=\"https:\/\/i0.wp.com\/www.acidadeon.com\/ribeiraopreto\/wp-content\/uploads\/sites\/3\/2025\/09\/Copia-de-Copia-de-TAMANHO-EXATO-PARA-FOTOS-NO-SISTEMA-NOVO_2024-07-10_14-29-47_jpg_2024-07-10_14-29-47-1068x601-4-1024x576.webp?resize=1024%2C576&#038;ssl=1\" alt=\"Hospital das Cl\u00ednicas publica processo seletivo para curso de t\u00e9cnico de enfermagem \u2013 Foto: Divulga\u00e7\u00e3o.\" class=\"wp-image-129740\" title=\"Hospital das Cl\u00ednicas abre inscri\u00e7\u00f5es para curso t\u00e9cnico gratuito de enfermagem 1\"><figcaption class=\"wp-element-caption\">Hospital das Cl\u00ednicas publica processo seletivo para curso de t\u00e9cnico de enfermagem \u2013 Foto: Divulga\u00e7\u00e3o.<\/figcaption><\/figure>\n<\/p>\n<h2 class=\"wp-block-heading\" id=\"quem-pode-se-inscrever-no-curso-tecnico-em-enfermagem\"><strong>Quem pode se inscrever no curso t\u00e9cnico em Enfermagem?<\/strong><\/h2>\n<p>Para participar do processo seletivo do hospital, deve ter\u00a0<strong>18 anos completos at\u00e9 a data da matr\u00edcula<\/strong>\u00a0e\u00a0<strong>possuir certificado de conclus\u00e3o do Ensino M\u00e9dio\u00a0<\/strong>ou declara\u00e7\u00e3o de conclus\u00e3o emitida pela escola.<\/p>\n<h2 class=\"wp-block-heading\" id=\"como-sera-a-prova-do-processo-seletivo\"><strong>Como ser\u00e1 a prova do processo seletivo?<\/strong><\/h2>\n<p>O exame de sele\u00e7\u00e3o ser\u00e1 composto por uma prova objetiva com 50 quest\u00f5es de m\u00faltipla escolha de n\u00edvel m\u00e9dio. A avalia\u00e7\u00e3o ter\u00e1 a seguinte distribui\u00e7\u00e3o:<\/p>\n<ul class=\"wp-block-list\">\n<li>15 quest\u00f5es de Portugu\u00eas;<\/li>\n<li>10 quest\u00f5es de Matem\u00e1tica;<\/li>\n<li>15 quest\u00f5es de Biologia;<\/li>\n<li>10 quest\u00f5es de Inform\u00e1tica.<\/li>\n<\/ul>\n<p>Cada quest\u00e3o valer\u00e1 dois pontos, totalizando 100 pontos. Para ser considerado habilitado, o candidato dever\u00e1 obter nota m\u00ednima de 50 pontos. A prova ter\u00e1 dura\u00e7\u00e3o de tr\u00eas horas.<\/p>\n<figure class=\"wp-block-image\"><img data-recalc-dims=\"1\" loading=\"lazy\" decoding=\"async\" width=\"1024\" height=\"736\" src=\"https:\/\/i0.wp.com\/www.acidadeon.com\/ribeiraopreto\/wp-content\/uploads\/sites\/3\/2024\/09\/hc-ribeirao-preto_2024-09-19_13-13-53_jpg_2024-09-19_13-13-53-1024x736.webp?resize=1024%2C736&#038;ssl=1\" alt=\"Hospital das Cl\u00ednicas publica edital de novo concurso p\u00fablico \u2013 Foto: Divulga\u00e7\u00e3o.\" class=\"wp-image-93820\" title=\"Hospital das Cl\u00ednicas abre inscri\u00e7\u00f5es para curso t\u00e9cnico gratuito de enfermagem 2\"><figcaption class=\"wp-element-caption\">Processo seletivo oferece turmas de enfermagem de manh\u00e3, tarde e noite \u2013 Foto: Divulga\u00e7\u00e3o.<\/figcaption><\/figure>\n<h2 class=\"wp-block-heading\" id=\"quando-sera-a-prova-do-hospital-das-clinicas\"><strong>Quando ser\u00e1 a prova do Hospital das Cl\u00ednicas?<\/strong><\/h2>\n<p>A data, o hor\u00e1rio e o local do exame ainda\u00a0<strong>ser\u00e3o divulgados em edital espec\u00edfico<\/strong>, publicado no site do Hospital das Cl\u00ednicas de Ribeir\u00e3o Preto com pelo menos cinco dias \u00fateis de anteced\u00eancia.<\/p>\n<p>A convoca\u00e7\u00e3o ser\u00e1 de responsabilidade dos candidatos, que dever\u00e3o acompanhar as publica\u00e7\u00f5es oficiais do processo seletivo.<\/p>\n<h2 class=\"wp-block-heading\" id=\"qual-sera-o-horario-das-aulas\"><strong>Qual ser\u00e1 o hor\u00e1rio das aulas?<\/strong><\/h2>\n<p>De acordo com o edital, as aulas t\u00eam in\u00edcio previsto para o dia 19 de outubro de 2026. Os cursos ser\u00e3o oferecidos nos seguintes hor\u00e1rios:<\/p>\n<ul class=\"wp-block-list\">\n<li><strong>Manh\u00e3<\/strong>: 40 vagas. As aulas ser\u00e3o ministradas de segunda \u00e0 sexta-feira no per\u00edodo da manh\u00e3 das 08h \u00e0s 12h15h;<\/li>\n<li><strong>Tarde<\/strong>: 40 vagas. As aulas ser\u00e3o ministradas de segunda \u00e0 sexta-feira no per\u00edodo da manh\u00e3 das 13h \u00e0s 17h15;<\/li>\n<li><strong>Noite<\/strong>: 80 vagas. As aulas ser\u00e3o ministradas de segunda \u00e0 sexta-feira no per\u00edodo noturno das 18h30 \u00e0s 22h45.<\/li>\n<\/ul>\n<figure class=\"wp-block-image\"><img data-recalc-dims=\"1\" loading=\"lazy\" decoding=\"async\" width=\"1024\" height=\"690\" src=\"https:\/\/i0.wp.com\/www.acidadeon.com\/ribeiraopreto\/wp-content\/uploads\/sites\/3\/2026\/07\/curso_2026-07-12_20-44-36-1024x690.webp?resize=1024%2C690&#038;ssl=1\" alt=\"Curso de f\u00e9rias ser\u00e1 realizado na Escola de Enfermagem da USP - Foto: Divulga\u00e7\u00e3o\" class=\"wp-image-165398\" title=\"Hospital das Cl\u00ednicas abre inscri\u00e7\u00f5es para curso t\u00e9cnico gratuito de enfermagem 3\"><figcaption class=\"wp-element-caption\">Curso de f\u00e9rias ser\u00e1 realizado na Escola de Enfermagem da USP \u2013 Foto: Divulga\u00e7\u00e3o<\/figcaption><\/figure>\n<div class=\"wp-block-rank-math-toc-block\" id=\"rank-math-toc\">\n<nav>\n<ul>\n<li class=\"\">Servi\u00e7o\n<ul>\n<li class=\"\">Mutir\u00e3o de Emprego no Terminal Rodovi\u00e1rio de Ribeir\u00e3o Preto<\/li>\n<\/ul>\n<\/li>\n<li class=\"\">Viu essa?\n<ul>\n<li class=\"\">Sert\u00e3ozinho recebe feira com mais de 300 vagas de emprego<\/li>\n<\/ul>\n<\/li>\n<li class=\"\">Servi\u00e7o\n<ul>\n<li class=\"\">3\u00aa Maratona pelo Emprego e Empregabilidade de Sert\u00e3ozinho<\/li>\n<\/ul>\n<\/li>\n<li class=\"\"> Viu essa?\n<ul>\n<li class=\"\">Hospital das Cl\u00ednicas abre inscri\u00e7\u00f5es para curso t\u00e9cnico gratuito de enfermagem<\/li>\n<\/ul>\n<\/li>\n<li class=\"\">Quem pode se inscrever no curso t\u00e9cnico em Enfermagem?<\/li>\n<li class=\"\">Como ser\u00e1 a prova do processo seletivo?<\/li>\n<li class=\"\">Quando ser\u00e1 a prova do Hospital das Cl\u00ednicas?<\/li>\n<li class=\"\">Qual ser\u00e1 o hor\u00e1rio das aulas?<\/li>\n<\/ul>\n<\/nav>\n<\/div>\n<p>O post Terminal de Ribeir\u00e3o Preto recebe mutir\u00e3o com mais de 500 vagas de emprego apareceu primeiro em ACidade ON Ribeir\u00e3o Preto.<\/p>\n<p><br \/>\n<br \/><a href=\"https:\/\/www.acidadeon.com\/ribeiraopreto\/cotidiano\/terminal-de-ribeirao-preto-recebe-mutirao-com-mais-de-500-vagas-de-emprego\/\">Link para o texto original aqui <\/a><\/p>\n<!-- CONTENT END 1 -->\n","protected":false},"excerpt":{"rendered":"<p>O Terminal Rodovi\u00e1rio de Ribeir\u00e3o Preto recebe na pr\u00f3xima ter\u00e7a-feira (8) mais uma edi\u00e7\u00e3o do Mutir\u00e3o do Emprego. S\u00e3o oferecidas 500 vagas de emprego em&#8230;<\/p>\n","protected":false},"author":1,"featured_media":91035,"comment_status":"","ping_status":"","sticky":false,"template":"","format":"standard","meta":{"advanced_seo_description":"","jetpack_seo_html_title":"","jetpack_seo_noindex":false,"jetpack_seo_schema_type":"","_jetpack_newsletter_access":"","_jetpack_dont_email_post_to_subs":false,"_jetpack_newsletter_tier_id":0,"_jetpack_memberships_contains_paywalled_content":false,"_jetpack_feature_clip_id":0,"_jetpack_memberships_contains_paid_content":false,"footnotes":"","jetpack_publicize_message":"","jetpack_publicize_feature_enabled":true,"jetpack_social_post_already_shared":true,"jetpack_social_options":{"image_generator_settings":{"template":"highway","default_image_id":0,"font":"","enabled":false},"version":2},"jetpack_post_was_ever_published":false},"categories":[11],"tags":[144,276,2034,27,407,26,334,143],"class_list":["post-91034","post","type-post","status-publish","format-standard","has-post-thumbnail","hentry","category-noticias-de-ribeirao-preto-sp-e-regiao-ismael-colosi","tag-emprego","tag-mais","tag-mutirao","tag-preto","tag-recebe","tag-ribeirao","tag-terminal","tag-vagas"],"jetpack_publicize_connections":[],"jetpack-related-posts":[{"id":61361,"url":"https:\/\/noticiasribeiraopreto.com.br\/index.php\/2024\/12\/10\/ribeirao-preto-recebe-mutirao-com-mais-de-mil-oportunidades-de-emprego\/","url_meta":{"origin":91034,"position":0},"title":"Ribeir\u00e3o Preto recebe mutir\u00e3o com mais de mil oportunidades de emprego","author":"noticiasribeiraopreto.com.br","date":"10 de December de 2024","format":false,"excerpt":"O Terminal Rodovi\u00e1rio de Ribeir\u00e3o Preto recebe nesta quarta-feira (11), das 9h \u00e0s 12h, a \u00faltima edi\u00e7\u00e3o do ano do mutir\u00e3o de emprego que acontece no local. Ser\u00e3o mais de mil oportunidades tempor\u00e1rias, efetivas e para est\u00e1gios. As oportunidades oferecidas s\u00e3o para atuar em com\u00e9rcio e servi\u00e7o em diversos setores.\u2026","rel":"","context":"In &quot;Not\u00edcias de Ribeir\u00e3o Preto-SP e Regi\u00e3o&quot;","block_context":{"text":"Not\u00edcias de Ribeir\u00e3o Preto-SP e Regi\u00e3o","link":"https:\/\/noticiasribeiraopreto.com.br\/index.php\/category\/noticias-de-ribeirao-preto-sp-e-regiao-ismael-colosi\/"},"img":{"alt_text":"","src":"https:\/\/i0.wp.com\/noticiasribeiraopreto.com.br\/wp-content\/uploads\/2024\/12\/trabalho_mutirao_do_emprego_caterp_pat_pei_-_foto_guilherme_sircili_4-1068x711-1.jpg?fit=1068%2C711&ssl=1&resize=350%2C200","width":350,"height":200,"srcset":"https:\/\/i0.wp.com\/noticiasribeiraopreto.com.br\/wp-content\/uploads\/2024\/12\/trabalho_mutirao_do_emprego_caterp_pat_pei_-_foto_guilherme_sircili_4-1068x711-1.jpg?fit=1068%2C711&ssl=1&resize=350%2C200 1x, https:\/\/i0.wp.com\/noticiasribeiraopreto.com.br\/wp-content\/uploads\/2024\/12\/trabalho_mutirao_do_emprego_caterp_pat_pei_-_foto_guilherme_sircili_4-1068x711-1.jpg?fit=1068%2C711&ssl=1&resize=525%2C300 1.5x, https:\/\/i0.wp.com\/noticiasribeiraopreto.com.br\/wp-content\/uploads\/2024\/12\/trabalho_mutirao_do_emprego_caterp_pat_pei_-_foto_guilherme_sircili_4-1068x711-1.jpg?fit=1068%2C711&ssl=1&resize=700%2C400 2x, https:\/\/i0.wp.com\/noticiasribeiraopreto.com.br\/wp-content\/uploads\/2024\/12\/trabalho_mutirao_do_emprego_caterp_pat_pei_-_foto_guilherme_sircili_4-1068x711-1.jpg?fit=1068%2C711&ssl=1&resize=1050%2C600 3x"},"classes":[]},{"id":34060,"url":"https:\/\/noticiasribeiraopreto.com.br\/index.php\/2024\/01\/31\/rp-realiza-mutirao-de-emprego-com-mais-de-300-oportunidades-nesta-quinta-01\/","url_meta":{"origin":91034,"position":1},"title":"RP realiza mutir\u00e3o de emprego com mais de 300 oportunidades nesta quinta, 01","author":"noticiasribeiraopreto.com.br","date":"31 de January de 2024","format":false,"excerpt":"O Terminal Rodovi\u00e1rio de Ribeir\u00e3o Preto recebe nesta quinta-feira, dia primeiro de fevereiro o 3\u00ba Mini Mutir\u00e3o do Emprego, com mais de 300 vagas de trabalho. Realizado pela Prefeitura de Ribeir\u00e3o Preto, o evento, que acontece das 10h \u00e0s 14h, apresenta uma chance \u00edmpar para os cidad\u00e3os acessarem oportunidades de\u2026","rel":"","context":"In &quot;Not\u00edcias de Ribeir\u00e3o Preto-SP e Regi\u00e3o&quot;","block_context":{"text":"Not\u00edcias de Ribeir\u00e3o Preto-SP e Regi\u00e3o","link":"https:\/\/noticiasribeiraopreto.com.br\/index.php\/category\/noticias-de-ribeirao-preto-sp-e-regiao-ismael-colosi\/"},"img":{"alt_text":"","src":"https:\/\/i0.wp.com\/noticiasribeiraopreto.com.br\/wp-content\/uploads\/2024\/01\/mutirao-de-emprego.jpg?fit=900%2C600&ssl=1&resize=350%2C200","width":350,"height":200,"srcset":"https:\/\/i0.wp.com\/noticiasribeiraopreto.com.br\/wp-content\/uploads\/2024\/01\/mutirao-de-emprego.jpg?fit=900%2C600&ssl=1&resize=350%2C200 1x, https:\/\/i0.wp.com\/noticiasribeiraopreto.com.br\/wp-content\/uploads\/2024\/01\/mutirao-de-emprego.jpg?fit=900%2C600&ssl=1&resize=525%2C300 1.5x, https:\/\/i0.wp.com\/noticiasribeiraopreto.com.br\/wp-content\/uploads\/2024\/01\/mutirao-de-emprego.jpg?fit=900%2C600&ssl=1&resize=700%2C400 2x"},"classes":[]},{"id":74422,"url":"https:\/\/noticiasribeiraopreto.com.br\/index.php\/2025\/07\/22\/em-busca-de-emprego-ribeirao-preto-tera-mutirao-com-mais-de-500-vagas\/","url_meta":{"origin":91034,"position":2},"title":"Em busca de emprego? Ribeir\u00e3o Preto ter\u00e1 mutir\u00e3o com mais de 500 vagas","author":"noticiasribeiraopreto.com.br","date":"22 de July de 2025","format":false,"excerpt":"O Terminal Rodovi\u00e1rio de Ribeir\u00e3o Preto recebe, nos dias 24 e 25 de julho, das 10h \u00e0s 13h, mais uma edi\u00e7\u00e3o do Mutir\u00e3o do Emprego. A iniciativa, realizada em parceria com o Instituto Brasileiro do Emprego e do Empreendedorismo (IBEE), vai oferecer mais de 500 vagas em empresas da cidade,\u2026","rel":"","context":"In &quot;Not\u00edcias de Ribeir\u00e3o Preto-SP e Regi\u00e3o&quot;","block_context":{"text":"Not\u00edcias de Ribeir\u00e3o Preto-SP e Regi\u00e3o","link":"https:\/\/noticiasribeiraopreto.com.br\/index.php\/category\/noticias-de-ribeirao-preto-sp-e-regiao-ismael-colosi\/"},"img":{"alt_text":"","src":"https:\/\/i0.wp.com\/noticiasribeiraopreto.com.br\/wp-content\/uploads\/2025\/07\/carteira_de_1024x576_27092020203402_2025-07-07_21-38-43.webp.webp?fit=1024%2C576&ssl=1&resize=350%2C200","width":350,"height":200,"srcset":"https:\/\/i0.wp.com\/noticiasribeiraopreto.com.br\/wp-content\/uploads\/2025\/07\/carteira_de_1024x576_27092020203402_2025-07-07_21-38-43.webp.webp?fit=1024%2C576&ssl=1&resize=350%2C200 1x, https:\/\/i0.wp.com\/noticiasribeiraopreto.com.br\/wp-content\/uploads\/2025\/07\/carteira_de_1024x576_27092020203402_2025-07-07_21-38-43.webp.webp?fit=1024%2C576&ssl=1&resize=525%2C300 1.5x, https:\/\/i0.wp.com\/noticiasribeiraopreto.com.br\/wp-content\/uploads\/2025\/07\/carteira_de_1024x576_27092020203402_2025-07-07_21-38-43.webp.webp?fit=1024%2C576&ssl=1&resize=700%2C400 2x"},"classes":[]},{"id":66253,"url":"https:\/\/noticiasribeiraopreto.com.br\/index.php\/2025\/03\/29\/ribeirao-preto-recebe-mutirao-com-250-oportunidades-de-emprego\/","url_meta":{"origin":91034,"position":3},"title":"Ribeir\u00e3o Preto recebe mutir\u00e3o com 250 oportunidades de emprego","author":"noticiasribeiraopreto.com.br","date":"29 de March de 2025","format":false,"excerpt":"Na pr\u00f3xima quarta e quinta-feira, o\u00a0Terminal Rodovi\u00e1rio de Ribeir\u00e3o Preto\u00a0recebe a 2\u00aa edi\u00e7\u00e3o do ano do\u00a0mutir\u00e3o de emprego e empreendedorismo.\u00a0Ser\u00e3o 250 vagas tempor\u00e1rias,\u00a0efetivas, jovem aprendiz e para\u00a0est\u00e1gios. As oportunidades oferecidas s\u00e3o para atuar em\u00a0com\u00e9rcio\u00a0e\u00a0servi\u00e7o\u00a0em diversos setores. Interessados tem que ter mais de 16 anos e n\u00e3o precisam ter experi\u00eancia. Al\u00e9m\u2026","rel":"","context":"In &quot;Not\u00edcias de Ribeir\u00e3o Preto-SP e Regi\u00e3o&quot;","block_context":{"text":"Not\u00edcias de Ribeir\u00e3o Preto-SP e Regi\u00e3o","link":"https:\/\/noticiasribeiraopreto.com.br\/index.php\/category\/noticias-de-ribeirao-preto-sp-e-regiao-ismael-colosi\/"},"img":{"alt_text":"","src":"https:\/\/i0.wp.com\/noticiasribeiraopreto.com.br\/wp-content\/uploads\/2025\/03\/WhatsApp-Image-2023-12-21-at-16.11.23.jpeg?fit=1200%2C800&ssl=1&resize=350%2C200","width":350,"height":200,"srcset":"https:\/\/i0.wp.com\/noticiasribeiraopreto.com.br\/wp-content\/uploads\/2025\/03\/WhatsApp-Image-2023-12-21-at-16.11.23.jpeg?fit=1200%2C800&ssl=1&resize=350%2C200 1x, https:\/\/i0.wp.com\/noticiasribeiraopreto.com.br\/wp-content\/uploads\/2025\/03\/WhatsApp-Image-2023-12-21-at-16.11.23.jpeg?fit=1200%2C800&ssl=1&resize=525%2C300 1.5x, https:\/\/i0.wp.com\/noticiasribeiraopreto.com.br\/wp-content\/uploads\/2025\/03\/WhatsApp-Image-2023-12-21-at-16.11.23.jpeg?fit=1200%2C800&ssl=1&resize=700%2C400 2x, https:\/\/i0.wp.com\/noticiasribeiraopreto.com.br\/wp-content\/uploads\/2025\/03\/WhatsApp-Image-2023-12-21-at-16.11.23.jpeg?fit=1200%2C800&ssl=1&resize=1050%2C600 3x"},"classes":[]},{"id":87703,"url":"https:\/\/noticiasribeiraopreto.com.br\/index.php\/2026\/07\/08\/ribeirao-preto-recebe-mutirao-de-emprego-com-500-oportunidades-veja-como-participar-2\/","url_meta":{"origin":91034,"position":4},"title":"Ribeir\u00e3o Preto recebe mutir\u00e3o de emprego com 500 oportunidades; Veja como participar","author":"noticiasribeiraopreto.com.br","date":"8 de July de 2026","format":false,"excerpt":"Ribeir\u00e3o Preto recebe no pr\u00f3ximo dia 14 de julho um mutir\u00e3o de emprego com 500 oportunidades entre empregos formais, est\u00e1gios e vagas para jovens aprendizes. A a\u00e7\u00e3o integra o programa Emprega Mais Ribeir\u00e3o e ser\u00e1 realizada no Terminal Rodovi\u00e1rio, das 10h \u00e0s 13h. O que fazer? Os interessados devem comparecer\u2026","rel":"","context":"In &quot;Not\u00edcias de Ribeir\u00e3o Preto-SP e Regi\u00e3o&quot;","block_context":{"text":"Not\u00edcias de Ribeir\u00e3o Preto-SP e Regi\u00e3o","link":"https:\/\/noticiasribeiraopreto.com.br\/index.php\/category\/noticias-de-ribeirao-preto-sp-e-regiao-ismael-colosi\/"},"img":{"alt_text":"","src":"https:\/\/i0.wp.com\/noticiasribeiraopreto.com.br\/wp-content\/uploads\/2026\/07\/WhatsApp-Image-2023-10-16-at-14.04.45.jpeg?fit=1200%2C798&ssl=1&resize=350%2C200","width":350,"height":200,"srcset":"https:\/\/i0.wp.com\/noticiasribeiraopreto.com.br\/wp-content\/uploads\/2026\/07\/WhatsApp-Image-2023-10-16-at-14.04.45.jpeg?fit=1200%2C798&ssl=1&resize=350%2C200 1x, https:\/\/i0.wp.com\/noticiasribeiraopreto.com.br\/wp-content\/uploads\/2026\/07\/WhatsApp-Image-2023-10-16-at-14.04.45.jpeg?fit=1200%2C798&ssl=1&resize=525%2C300 1.5x, https:\/\/i0.wp.com\/noticiasribeiraopreto.com.br\/wp-content\/uploads\/2026\/07\/WhatsApp-Image-2023-10-16-at-14.04.45.jpeg?fit=1200%2C798&ssl=1&resize=700%2C400 2x, https:\/\/i0.wp.com\/noticiasribeiraopreto.com.br\/wp-content\/uploads\/2026\/07\/WhatsApp-Image-2023-10-16-at-14.04.45.jpeg?fit=1200%2C798&ssl=1&resize=1050%2C600 3x"},"classes":[]},{"id":57755,"url":"https:\/\/noticiasribeiraopreto.com.br\/index.php\/2024\/09\/09\/ribeirao-preto-tem-mutirao-do-emprego-com-mais-de-mil-vagas-veja-como-participar\/","url_meta":{"origin":91034,"position":5},"title":"Ribeir\u00e3o Preto tem mutir\u00e3o do emprego com mais de mil vagas; Veja como participar","author":"noticiasribeiraopreto.com.br","date":"9 de September de 2024","format":false,"excerpt":"Um mutir\u00e3o do emprego com mais de mil oportunidades acontece nesta quarta-feira (11), das 9h \u00e0s 12h, no Terminal Rodovi\u00e1rio de Ribeir\u00e3o Preto, regi\u00e3o central do munic\u00edpio. Al\u00e9m das vagas de emprego, haver\u00e1 oportunidades para est\u00e1gio e aprendiz. O mutir\u00e3o tamb\u00e9m oferecer\u00e1 servi\u00e7os de orienta\u00e7\u00e3o profissional e dicas de curr\u00edculo\u2026","rel":"","context":"In &quot;Not\u00edcias de Ribeir\u00e3o Preto-SP e Regi\u00e3o&quot;","block_context":{"text":"Not\u00edcias de Ribeir\u00e3o Preto-SP e Regi\u00e3o","link":"https:\/\/noticiasribeiraopreto.com.br\/index.php\/category\/noticias-de-ribeirao-preto-sp-e-regiao-ismael-colosi\/"},"img":{"alt_text":"","src":"https:\/\/i0.wp.com\/noticiasribeiraopreto.com.br\/wp-content\/uploads\/2024\/09\/Copia-de-Copia-de-TAMANHO-EXATO-PARA-FOTOS-NO-SISTEMA-NOVO-76.jpg?fit=1200%2C675&ssl=1&resize=350%2C200","width":350,"height":200,"srcset":"https:\/\/i0.wp.com\/noticiasribeiraopreto.com.br\/wp-content\/uploads\/2024\/09\/Copia-de-Copia-de-TAMANHO-EXATO-PARA-FOTOS-NO-SISTEMA-NOVO-76.jpg?fit=1200%2C675&ssl=1&resize=350%2C200 1x, https:\/\/i0.wp.com\/noticiasribeiraopreto.com.br\/wp-content\/uploads\/2024\/09\/Copia-de-Copia-de-TAMANHO-EXATO-PARA-FOTOS-NO-SISTEMA-NOVO-76.jpg?fit=1200%2C675&ssl=1&resize=525%2C300 1.5x, https:\/\/i0.wp.com\/noticiasribeiraopreto.com.br\/wp-content\/uploads\/2024\/09\/Copia-de-Copia-de-TAMANHO-EXATO-PARA-FOTOS-NO-SISTEMA-NOVO-76.jpg?fit=1200%2C675&ssl=1&resize=700%2C400 2x, https:\/\/i0.wp.com\/noticiasribeiraopreto.com.br\/wp-content\/uploads\/2024\/09\/Copia-de-Copia-de-TAMANHO-EXATO-PARA-FOTOS-NO-SISTEMA-NOVO-76.jpg?fit=1200%2C675&ssl=1&resize=1050%2C600 3x"},"classes":[]}],"jetpack_sharing_enabled":true,"jetpack_shortlink":"https:\/\/wp.me\/peQAOb-nGi","jetpack_featured_media_url":"https:\/\/i0.wp.com\/noticiasribeiraopreto.com.br\/wp-content\/uploads\/2026\/09\/terminal-rodovia-ribeirao-preto.jpeg?fit=1280%2C719&ssl=1","_links":{"self":[{"href":"https:\/\/noticiasribeiraopreto.com.br\/index.php\/wp-json\/wp\/v2\/posts\/91034","targetHints":{"allow":["GET"]}}],"collection":[{"href":"https:\/\/noticiasribeiraopreto.com.br\/index.php\/wp-json\/wp\/v2\/posts"}],"about":[{"href":"https:\/\/noticiasribeiraopreto.com.br\/index.php\/wp-json\/wp\/v2\/types\/post"}],"author":[{"embeddable":true,"href":"https:\/\/noticiasribeiraopreto.com.br\/index.php\/wp-json\/wp\/v2\/users\/1"}],"replies":[{"embeddable":true,"href":"https:\/\/noticiasribeiraopreto.com.br\/index.php\/wp-json\/wp\/v2\/comments?post=91034"}],"version-history":[{"count":0,"href":"https:\/\/noticiasribeiraopreto.com.br\/index.php\/wp-json\/wp\/v2\/posts\/91034\/revisions"}],"wp:featuredmedia":[{"embeddable":true,"href":"https:\/\/noticiasribeiraopreto.com.br\/index.php\/wp-json\/wp\/v2\/media\/91035"}],"wp:attachment":[{"href":"https:\/\/noticiasribeiraopreto.com.br\/index.php\/wp-json\/wp\/v2\/media?parent=91034"}],"wp:term":[{"taxonomy":"category","embeddable":true,"href":"https:\/\/noticiasribeiraopreto.com.br\/index.php\/wp-json\/wp\/v2\/categories?post=91034"},{"taxonomy":"post_tag","embeddable":true,"href":"https:\/\/noticiasribeiraopreto.com.br\/index.php\/wp-json\/wp\/v2\/tags?post=91034"}],"curies":[{"name":"wp","href":"https:\/\/api.w.org\/{rel}","templated":true}]}}