{"id":91036,"date":"2026-09-03T12:48:14","date_gmt":"2026-09-03T15:48:14","guid":{"rendered":"https:\/\/noticiasribeiraopreto.com.br\/index.php\/2026\/09\/03\/pais-de-alunos-cobram-reforma-de-quadra-interditada-em-escola-de-ribeirao-preto-apos-vendaval\/"},"modified":"2026-09-03T12:48:14","modified_gmt":"2026-09-03T15:48:14","slug":"pais-de-alunos-cobram-reforma-de-quadra-interditada-em-escola-de-ribeirao-preto-apos-vendaval","status":"publish","type":"post","link":"https:\/\/noticiasribeiraopreto.com.br\/index.php\/2026\/09\/03\/pais-de-alunos-cobram-reforma-de-quadra-interditada-em-escola-de-ribeirao-preto-apos-vendaval\/","title":{"rendered":"Pais de alunos cobram reforma de quadra interditada em escola de Ribeir\u00e3o Preto ap\u00f3s vendaval"},"content":{"rendered":"<div class='code-block code-block-1' style='margin: 8px 0 8px auto; text-align: right; display: block; clear: both;'>\n<p><a href=\"https:\/\/wa.link\/vpicfd\"><img data-recalc-dims=\"1\" class=\"wp-image-4922\" style=\"aspect-ratio: 2.0253164556962027; width: 561px; height: auto;\" src=\"https:\/\/i0.wp.com\/ismaelcolosi.com.br\/wp-content\/uploads\/2023\/11\/grupo-de-empregos-whatsapp-e-facebook-ismael-colosi-vagas.jpg?ssl=1\" alt=\"\" \/><\/a><\/p>\n<!-- \/wp:image -->\n<\/div>\n<p> <br \/>\n<\/p>\n<p>A for\u00e7a do <strong>vendaval<\/strong> que atingiu <strong>Ribeir\u00e3o Preto<\/strong> deixou preju\u00edzos estruturais na <strong>quadra <\/strong>de <strong>esportes<\/strong> da <strong>Escola Estadual Professor Rafael Leme<\/strong> <strong>Franco<\/strong>, localizada na rua Padre Anchieta, no Jardim Antartica. Pais, alunos e comunidade se mobilizaram pela reforma da quadra do col\u00e9gio, que ficou <strong>interditada<\/strong>.<\/p>\n<figure class=\"wp-block-image size-full is-resized\"><figcaption class=\"wp-element-caption\">Imagem registrada na semana seguinte ao vendaval mostram quadra de escola ap\u00f3s temporal \u2013 Foto: redes sociais <\/figcaption><\/figure>\n<p class=\"has-very-light-gray-to-cyan-bluish-gray-gradient-background has-background\"><em>Receba not\u00edcias do\u00a0<strong>acidade on Ribeir\u00e3o\u00a0<\/strong>no WhatsApp e fique por dentro de tudo! Basta acessar o link<a href=\"https:\/\/chat.whatsapp.com\/DfXwcjKVIddHUT3BvnQuPZ?mode=hqctshi\" target=\"_blank\" rel=\"noreferrer noopener\">\u00a0aqui<\/a>!<\/em><\/p>\n<h2 class=\"wp-block-heading\"><strong>Pais de alunos procuraram o acidade on<\/strong><\/h2>\n<p>Familiares procuraram a equipe de reportagem do<strong> acidade on<\/strong> para denunciar a situa\u00e7\u00e3o. De acordo com os pais, o esporte \u00e9 um dos principais atrativos da institui\u00e7\u00e3o, sendo o motivo pelo qual v\u00e1rios estudantes ingressaram no col\u00e9gio.<\/p>\n<p>O grupo tamb\u00e9m criou um <a href=\"https:\/\/www.instagram.com\/quadra.de.novo\/\" data-type=\"link\" data-id=\"https:\/\/www.instagram.com\/quadra.de.novo\/\" target=\"_blank\" rel=\"noopener\">perfil<\/a> nas redes sociais para mobilizar a popula\u00e7\u00e3o.<\/p>\n<h2 class=\"wp-block-heading\"><strong>O que diz a Secretaria de Educa\u00e7\u00e3o<\/strong><\/h2>\n<p>Procurada pela reportagem, a Funda\u00e7\u00e3o para Desenvolvimento da Educa\u00e7\u00e3o (FDE) retornou sobre a situa\u00e7\u00e3o.<\/p>\n<blockquote class=\"wp-block-quote is-layout-flow wp-block-quote-is-layout-flow\">\n<p>\u201cA Funda\u00e7\u00e3o para Desenvolvimento da Educa\u00e7\u00e3o (FDE) informa que, ap\u00f3s o temporal que atingiu a regi\u00e3o, agiu imediatamente junto da Unidade Regional de Ensino (URE) de Ribeir\u00e3o Preto para realizar os reparos emergenciais necess\u00e1rios na referida unidade, permitindo a retomada das atividades escolares. <\/p>\n<p>A quadra de esportes em quest\u00e3o est\u00e1 momentaneamente interditada, uma vez que a empresa contratada atua na remo\u00e7\u00e3o dos escombros que restaram no local. Ao todo, 33 unidades escolares da regi\u00e3o est\u00e3o recebendo obras de manuten\u00e7\u00e3o em decorr\u00eancia do temporal de julho. As obras foram or\u00e7adas em R$ 33 milh\u00f5es.<\/p>\n<p> A Funda\u00e7\u00e3o refor\u00e7a que a reconstru\u00e7\u00e3o da cobertura da quadra ser\u00e1 atendida no planejamento de futuras interven\u00e7\u00f5es, observando crit\u00e9rios t\u00e9cnicos de prioriza\u00e7\u00e3o e disponibilidade or\u00e7ament\u00e1ria. A FDE, a URE Ribeir\u00e3o Preto e a unidade escolar ficam \u00e0 disposi\u00e7\u00e3o da comunidade para mais esclarecimentos.\u201d<\/p>\n<\/blockquote>\n<figure class=\"wp-block-gallery has-nested-images columns-default is-cropped wp-block-gallery-1 is-layout-flex wp-block-gallery-is-layout-flex\">\n<figure class=\"wp-block-image size-large\"><img data-recalc-dims=\"1\" loading=\"lazy\" decoding=\"async\" width=\"720\" height=\"405\" data-id=\"173553\" src=\"https:\/\/i0.wp.com\/www.acidadeon.com\/ribeiraopreto\/wp-content\/uploads\/sites\/3\/2026\/09\/Quadra-de-escola-ficou-interditada-apos-vendaval.jpeg?resize=720%2C405&#038;ssl=1\" alt=\"Imagem registrada na semana seguinte ao vendaval mostra quadra destru\u00edda - Foto: redes sociais\" class=\"wp-image-173553\" title=\"Pais de alunos cobram reforma de quadra interditada em escola de Ribeir\u00e3o Preto ap\u00f3s vendaval 2\"><figcaption class=\"wp-element-caption\"> Foto: redes sociais <\/figcaption><\/figure>\n<figure class=\"wp-block-image size-large\"><img data-recalc-dims=\"1\" loading=\"lazy\" decoding=\"async\" width=\"720\" height=\"405\" data-id=\"173550\" src=\"https:\/\/i0.wp.com\/www.acidadeon.com\/ribeiraopreto\/wp-content\/uploads\/sites\/3\/2026\/09\/Quadra-de-escola-ficou-interditada-apos-vendaval-2.jpeg?resize=720%2C405&#038;ssl=1\" alt=\"Imagem registrada na semana seguinte ao vendaval mostra quadra destru\u00edda - Foto: redes sociais\" class=\"wp-image-173550\" title=\"Pais de alunos cobram reforma de quadra interditada em escola de Ribeir\u00e3o Preto ap\u00f3s vendaval 3\"><figcaption class=\"wp-element-caption\">Foto: redes sociais <\/figcaption><\/figure>\n<figure class=\"wp-block-image size-large\"><img data-recalc-dims=\"1\" loading=\"lazy\" decoding=\"async\" width=\"1024\" height=\"576\" data-id=\"173552\" src=\"https:\/\/i0.wp.com\/www.acidadeon.com\/ribeiraopreto\/wp-content\/uploads\/sites\/3\/2026\/09\/Quadra-de-escola-ficou-interditada-apos-vendaval-4-1024x576.jpeg?resize=1024%2C576&#038;ssl=1\" alt=\"Quadra de escola ficou interditada apos vendaval 4\" class=\"wp-image-173552\" title=\"Pais de alunos cobram reforma de quadra interditada em escola de Ribeir\u00e3o Preto ap\u00f3s vendaval 4\"><figcaption class=\"wp-element-caption\">Imagem: redes sociais <\/figcaption><\/figure>\n<\/figure>\n<p class=\"has-very-light-gray-to-cyan-bluish-gray-gradient-background has-background\"><em>Fa\u00e7a uma den\u00fancia ou sugira uma reportagem sobre\u00a0<strong>Ribeir\u00e3o Preto\u00a0<\/strong>e regi\u00e3o por meio do WhatsApp do\u00a0<strong>acidade on Ribeir\u00e3o<\/strong>: (16) 99117-7802.<\/em><\/p>\n<p>O post Pais de alunos cobram reforma de quadra interditada em escola de Ribeir\u00e3o Preto ap\u00f3s vendaval apareceu primeiro em ACidade ON Ribeir\u00e3o Preto.<\/p>\n<p><script async src=\"\/\/www.instagram.com\/embed.js\"><\/script><br \/>\n<br \/><br \/>\n<br \/><a href=\"https:\/\/www.acidadeon.com\/ribeiraopreto\/cotidiano\/pais-de-alunos-cobram-reforma-de-quadra-interditada-em-escola-de-ribeirao-preto-apos-vendaval\/\">Link para o texto original aqui <\/a><\/p>\n<!-- CONTENT END 1 -->\n","protected":false},"excerpt":{"rendered":"<p>A for\u00e7a do vendaval que atingiu Ribeir\u00e3o Preto deixou preju\u00edzos estruturais na quadra de esportes da Escola Estadual Professor Rafael Leme Franco, localizada na rua&#8230;<\/p>\n","protected":false},"author":1,"featured_media":91037,"comment_status":"","ping_status":"","sticky":false,"template":"","format":"standard","meta":{"advanced_seo_description":"","jetpack_seo_html_title":"","jetpack_seo_noindex":false,"jetpack_seo_schema_type":"","_jetpack_newsletter_access":"","_jetpack_dont_email_post_to_subs":false,"_jetpack_newsletter_tier_id":0,"_jetpack_memberships_contains_paywalled_content":false,"_jetpack_feature_clip_id":0,"_jetpack_memberships_contains_paid_content":false,"footnotes":"","jetpack_publicize_message":"","jetpack_publicize_feature_enabled":true,"jetpack_social_post_already_shared":true,"jetpack_social_options":{"image_generator_settings":{"template":"highway","default_image_id":0,"font":"","enabled":false},"version":2},"jetpack_post_was_ever_published":false},"categories":[11],"tags":[1594,37,4636,1898,3871,709,27,3202,2287,26,7991],"class_list":["post-91036","post","type-post","status-publish","format-standard","has-post-thumbnail","hentry","category-noticias-de-ribeirao-preto-sp-e-regiao-ismael-colosi","tag-alunos","tag-apos","tag-cobram","tag-escola","tag-interditada","tag-pais","tag-preto","tag-quadra","tag-reforma","tag-ribeirao","tag-vendaval"],"jetpack_publicize_connections":[],"jetpack-related-posts":[{"id":46760,"url":"https:\/\/noticiasribeiraopreto.com.br\/index.php\/2024\/04\/14\/alunos-voltam-ter-aulas-em-escola-fechada-por-mais-de-cinco-anos-em-ribeirao-preto\/","url_meta":{"origin":91036,"position":0},"title":"Alunos voltam ter aulas em escola fechada por mais de cinco anos em Ribeir\u00e3o Preto","author":"noticiasribeiraopreto.com.br","date":"14 de April de 2024","format":false,"excerpt":"Os estudantes do ensino fundamental da escola municipal Domingos Angerami voltam, nesta segunda-feira (15), a ter aulas no pr\u00e9dio rec\u00e9m-inaugurado, ap\u00f3s mais de cinco anos fechado. A escola foi interditada em setembro de 2018 pela Justi\u00e7a por problemas estruturais apontados por um laudo do MP-SP (Minist\u00e9rio P\u00fablico de S\u00e3o Paulo).\u2026","rel":"","context":"In &quot;Not\u00edcias de Ribeir\u00e3o Preto-SP e Regi\u00e3o&quot;","block_context":{"text":"Not\u00edcias de Ribeir\u00e3o Preto-SP e Regi\u00e3o","link":"https:\/\/noticiasribeiraopreto.com.br\/index.php\/category\/noticias-de-ribeirao-preto-sp-e-regiao-ismael-colosi\/"},"img":{"alt_text":"","src":"https:\/\/i0.wp.com\/noticiasribeiraopreto.com.br\/wp-content\/uploads\/2024\/04\/Copia-de-Copia-de-TAMANHO-EXATO-PARA-FOTOS-NO-SISTEMA-NOVO-36.webp.webp?fit=1200%2C675&ssl=1&resize=350%2C200","width":350,"height":200,"srcset":"https:\/\/i0.wp.com\/noticiasribeiraopreto.com.br\/wp-content\/uploads\/2024\/04\/Copia-de-Copia-de-TAMANHO-EXATO-PARA-FOTOS-NO-SISTEMA-NOVO-36.webp.webp?fit=1200%2C675&ssl=1&resize=350%2C200 1x, https:\/\/i0.wp.com\/noticiasribeiraopreto.com.br\/wp-content\/uploads\/2024\/04\/Copia-de-Copia-de-TAMANHO-EXATO-PARA-FOTOS-NO-SISTEMA-NOVO-36.webp.webp?fit=1200%2C675&ssl=1&resize=525%2C300 1.5x, https:\/\/i0.wp.com\/noticiasribeiraopreto.com.br\/wp-content\/uploads\/2024\/04\/Copia-de-Copia-de-TAMANHO-EXATO-PARA-FOTOS-NO-SISTEMA-NOVO-36.webp.webp?fit=1200%2C675&ssl=1&resize=700%2C400 2x, https:\/\/i0.wp.com\/noticiasribeiraopreto.com.br\/wp-content\/uploads\/2024\/04\/Copia-de-Copia-de-TAMANHO-EXATO-PARA-FOTOS-NO-SISTEMA-NOVO-36.webp.webp?fit=1200%2C675&ssl=1&resize=1050%2C600 3x"},"classes":[]},{"id":90387,"url":"https:\/\/noticiasribeiraopreto.com.br\/index.php\/2026\/08\/21\/moradores-cobram-limpeza-em-praca-no-jardim-independencia-e-em-calcada-do-centro-apos-vendaval-em-ribeirao-preto\/","url_meta":{"origin":91036,"position":1},"title":"Moradores cobram limpeza em pra\u00e7a no Jardim Independ\u00eancia e em cal\u00e7ada do centro ap\u00f3s vendaval em Ribeir\u00e3o Preto","author":"noticiasribeiraopreto.com.br","date":"21 de August de 2026","format":false,"excerpt":"A Pra\u00e7a Dante Alighieri, no Jardim Independ\u00eancia, e a cal\u00e7ada da rua Visconde de Inha\u00fama, no Centro de Ribeir\u00e3o Preto, acumulam galhos ca\u00eddos. Segundo a prefeitura, os dois locais est\u00e3o no cronograma de limpeza. A falta de limpeza e recolhimento de galhos ap\u00f3s o vendaval que atingiu Ribeir\u00e3o Preto tem\u2026","rel":"","context":"In &quot;Not\u00edcias de Ribeir\u00e3o Preto-SP e Regi\u00e3o&quot;","block_context":{"text":"Not\u00edcias de Ribeir\u00e3o Preto-SP e Regi\u00e3o","link":"https:\/\/noticiasribeiraopreto.com.br\/index.php\/category\/noticias-de-ribeirao-preto-sp-e-regiao-ismael-colosi\/"},"img":{"alt_text":"","src":"https:\/\/i0.wp.com\/noticiasribeiraopreto.com.br\/wp-content\/uploads\/2026\/08\/Moradores-cobram-limpeza-em-praca-no-Jardim-Independencia-e-calcada-do-centro-apos-vendaval-em-Ribeirao-Preto.jpeg?fit=1200%2C675&ssl=1&resize=350%2C200","width":350,"height":200,"srcset":"https:\/\/i0.wp.com\/noticiasribeiraopreto.com.br\/wp-content\/uploads\/2026\/08\/Moradores-cobram-limpeza-em-praca-no-Jardim-Independencia-e-calcada-do-centro-apos-vendaval-em-Ribeirao-Preto.jpeg?fit=1200%2C675&ssl=1&resize=350%2C200 1x, https:\/\/i0.wp.com\/noticiasribeiraopreto.com.br\/wp-content\/uploads\/2026\/08\/Moradores-cobram-limpeza-em-praca-no-Jardim-Independencia-e-calcada-do-centro-apos-vendaval-em-Ribeirao-Preto.jpeg?fit=1200%2C675&ssl=1&resize=525%2C300 1.5x, https:\/\/i0.wp.com\/noticiasribeiraopreto.com.br\/wp-content\/uploads\/2026\/08\/Moradores-cobram-limpeza-em-praca-no-Jardim-Independencia-e-calcada-do-centro-apos-vendaval-em-Ribeirao-Preto.jpeg?fit=1200%2C675&ssl=1&resize=700%2C400 2x, https:\/\/i0.wp.com\/noticiasribeiraopreto.com.br\/wp-content\/uploads\/2026\/08\/Moradores-cobram-limpeza-em-praca-no-Jardim-Independencia-e-calcada-do-centro-apos-vendaval-em-Ribeirao-Preto.jpeg?fit=1200%2C675&ssl=1&resize=1050%2C600 3x"},"classes":[]},{"id":78839,"url":"https:\/\/noticiasribeiraopreto.com.br\/index.php\/2025\/10\/19\/organizadores-anunciam-reembolso-e-alteracoes-no-torneio-internacional-de-beach-tennis-apos-incidente\/","url_meta":{"origin":91036,"position":2},"title":"Organizadores anunciam reembolso e altera\u00e7\u00f5es no torneio internacional de beach tennis ap\u00f3s incidente","author":"noticiasribeiraopreto.com.br","date":"19 de October de 2025","format":false,"excerpt":"Os organizadores do torneio internacional de beach tennis em Ribeir\u00e3o Preto anunciaram a devolu\u00e7\u00e3o integral dos ingressos comprados para os dias 18 e 19 de outubro. A decis\u00e3o ocorre ap\u00f3s o vendaval que atingiu a cidade no s\u00e1bado (18) e derrubou parte da estrutura montada na arena do evento. Nove\u2026","rel":"","context":"In &quot;Not\u00edcias de Ribeir\u00e3o Preto-SP e Regi\u00e3o&quot;","block_context":{"text":"Not\u00edcias de Ribeir\u00e3o Preto-SP e Regi\u00e3o","link":"https:\/\/noticiasribeiraopreto.com.br\/index.php\/category\/noticias-de-ribeirao-preto-sp-e-regiao-ismael-colosi\/"},"img":{"alt_text":"","src":"https:\/\/i0.wp.com\/noticiasribeiraopreto.com.br\/wp-content\/uploads\/2025\/10\/arena-beach-tennis-ribeirao-preto_2025-10-18_20-56-52.webp.webp?fit=1200%2C675&ssl=1&resize=350%2C200","width":350,"height":200,"srcset":"https:\/\/i0.wp.com\/noticiasribeiraopreto.com.br\/wp-content\/uploads\/2025\/10\/arena-beach-tennis-ribeirao-preto_2025-10-18_20-56-52.webp.webp?fit=1200%2C675&ssl=1&resize=350%2C200 1x, https:\/\/i0.wp.com\/noticiasribeiraopreto.com.br\/wp-content\/uploads\/2025\/10\/arena-beach-tennis-ribeirao-preto_2025-10-18_20-56-52.webp.webp?fit=1200%2C675&ssl=1&resize=525%2C300 1.5x, https:\/\/i0.wp.com\/noticiasribeiraopreto.com.br\/wp-content\/uploads\/2025\/10\/arena-beach-tennis-ribeirao-preto_2025-10-18_20-56-52.webp.webp?fit=1200%2C675&ssl=1&resize=700%2C400 2x, https:\/\/i0.wp.com\/noticiasribeiraopreto.com.br\/wp-content\/uploads\/2025\/10\/arena-beach-tennis-ribeirao-preto_2025-10-18_20-56-52.webp.webp?fit=1200%2C675&ssl=1&resize=1050%2C600 3x"},"classes":[]},{"id":36585,"url":"https:\/\/noticiasribeiraopreto.com.br\/index.php\/2024\/02\/10\/quadra-de-escola-de-samba-tera-carnaval-gratuito-na-zona-norte-de-ribeirao\/","url_meta":{"origin":91036,"position":3},"title":"Quadra de escola de samba ter\u00e1 Carnaval gratuito na zona Norte de Ribeir\u00e3o","author":"noticiasribeiraopreto.com.br","date":"10 de February de 2024","format":false,"excerpt":"Neste domingo (11) e na pr\u00f3xima na ter\u00e7a-feira (13), a quadra da escola de samba Embaixadores, na Vila Carvalho, zona Norte de Ribeir\u00e3o Preto, receber\u00e1 os foli\u00f5es para o seu evento de Carnaval 2024. A festa ser\u00e1 realizada das 14h \u00e0s 20h. A entrada \u00e9 gratuita. A quadra se tornou\u2026","rel":"","context":"In &quot;Not\u00edcias de Ribeir\u00e3o Preto-SP e Regi\u00e3o&quot;","block_context":{"text":"Not\u00edcias de Ribeir\u00e3o Preto-SP e Regi\u00e3o","link":"https:\/\/noticiasribeiraopreto.com.br\/index.php\/category\/noticias-de-ribeirao-preto-sp-e-regiao-ismael-colosi\/"},"img":{"alt_text":"","src":"https:\/\/i0.wp.com\/noticiasribeiraopreto.com.br\/wp-content\/uploads\/2024\/02\/EMBAIXADORES.jpg?fit=1200%2C826&ssl=1&resize=350%2C200","width":350,"height":200,"srcset":"https:\/\/i0.wp.com\/noticiasribeiraopreto.com.br\/wp-content\/uploads\/2024\/02\/EMBAIXADORES.jpg?fit=1200%2C826&ssl=1&resize=350%2C200 1x, https:\/\/i0.wp.com\/noticiasribeiraopreto.com.br\/wp-content\/uploads\/2024\/02\/EMBAIXADORES.jpg?fit=1200%2C826&ssl=1&resize=525%2C300 1.5x, https:\/\/i0.wp.com\/noticiasribeiraopreto.com.br\/wp-content\/uploads\/2024\/02\/EMBAIXADORES.jpg?fit=1200%2C826&ssl=1&resize=700%2C400 2x, https:\/\/i0.wp.com\/noticiasribeiraopreto.com.br\/wp-content\/uploads\/2024\/02\/EMBAIXADORES.jpg?fit=1200%2C826&ssl=1&resize=1050%2C600 3x"},"classes":[]},{"id":88773,"url":"https:\/\/noticiasribeiraopreto.com.br\/index.php\/2026\/07\/24\/vendaval-em-ribeirao-preto-8-pessoas-foram-levadas-para-escola-apos-tempestade\/","url_meta":{"origin":91036,"position":4},"title":"Vendaval em Ribeir\u00e3o Preto: 8 pessoas foram levadas para escola ap\u00f3s tempestade","author":"noticiasribeiraopreto.com.br","date":"24 de July de 2026","format":false,"excerpt":"A Prefeitura de Ribeir\u00e3o Preto informou que 8 pessoas precisaram ser acolhidas em uma escola ap\u00f3s o vendaval que atingiu a cidade na madrugada desta sexta-feira (24). Um idoso de 75 anos morreu em decorr\u00eancia da tempestade no Jardim Salgado Filho. Receba not\u00edcias do\u00a0acidade on Ribeir\u00e3o\u00a0no WhatsApp e fique por\u2026","rel":"","context":"In &quot;Not\u00edcias de Ribeir\u00e3o Preto-SP e Regi\u00e3o&quot;","block_context":{"text":"Not\u00edcias de Ribeir\u00e3o Preto-SP e Regi\u00e3o","link":"https:\/\/noticiasribeiraopreto.com.br\/index.php\/category\/noticias-de-ribeirao-preto-sp-e-regiao-ismael-colosi\/"},"img":{"alt_text":"","src":"https:\/\/i0.wp.com\/noticiasribeiraopreto.com.br\/wp-content\/uploads\/2026\/07\/ajuda-humanitaria-1.jpg?fit=1200%2C900&ssl=1&resize=350%2C200","width":350,"height":200,"srcset":"https:\/\/i0.wp.com\/noticiasribeiraopreto.com.br\/wp-content\/uploads\/2026\/07\/ajuda-humanitaria-1.jpg?fit=1200%2C900&ssl=1&resize=350%2C200 1x, https:\/\/i0.wp.com\/noticiasribeiraopreto.com.br\/wp-content\/uploads\/2026\/07\/ajuda-humanitaria-1.jpg?fit=1200%2C900&ssl=1&resize=525%2C300 1.5x, https:\/\/i0.wp.com\/noticiasribeiraopreto.com.br\/wp-content\/uploads\/2026\/07\/ajuda-humanitaria-1.jpg?fit=1200%2C900&ssl=1&resize=700%2C400 2x, https:\/\/i0.wp.com\/noticiasribeiraopreto.com.br\/wp-content\/uploads\/2026\/07\/ajuda-humanitaria-1.jpg?fit=1200%2C900&ssl=1&resize=1050%2C600 3x"},"classes":[]},{"id":89596,"url":"https:\/\/noticiasribeiraopreto.com.br\/index.php\/2026\/08\/08\/pracas-e-parques-entram-no-cronograma-de-limpeza-apos-vendaval-em-ribeirao-preto\/","url_meta":{"origin":91036,"position":5},"title":"Pra\u00e7as e parques entram no cronograma de limpeza ap\u00f3s vendaval em Ribeir\u00e3o Preto","author":"noticiasribeiraopreto.com.br","date":"8 de August de 2026","format":false,"excerpt":"Ap\u00f3s concentrar os trabalhos de limpeza nas vias e nos pontos de maior circula\u00e7\u00e3o de pessoas, a Prefeitura de Ribeir\u00e3o Preto iniciou uma nova etapa da opera\u00e7\u00e3o de recupera\u00e7\u00e3o dos espa\u00e7os p\u00fablicos atingidos pelo vendaval de 24 de julho. As equipes da Secretaria de Infraestrutura e Zeladoria avan\u00e7am, agora, na\u2026","rel":"","context":"In &quot;Not\u00edcias de Ribeir\u00e3o Preto-SP e Regi\u00e3o&quot;","block_context":{"text":"Not\u00edcias de Ribeir\u00e3o Preto-SP e Regi\u00e3o","link":"https:\/\/noticiasribeiraopreto.com.br\/index.php\/category\/noticias-de-ribeirao-preto-sp-e-regiao-ismael-colosi\/"},"img":{"alt_text":"","src":"https:\/\/i0.wp.com\/noticiasribeiraopreto.com.br\/wp-content\/uploads\/2026\/08\/WhatsApp-Image-2026-08-07-at-12.31.46.jpeg?fit=1200%2C800&ssl=1&resize=350%2C200","width":350,"height":200,"srcset":"https:\/\/i0.wp.com\/noticiasribeiraopreto.com.br\/wp-content\/uploads\/2026\/08\/WhatsApp-Image-2026-08-07-at-12.31.46.jpeg?fit=1200%2C800&ssl=1&resize=350%2C200 1x, https:\/\/i0.wp.com\/noticiasribeiraopreto.com.br\/wp-content\/uploads\/2026\/08\/WhatsApp-Image-2026-08-07-at-12.31.46.jpeg?fit=1200%2C800&ssl=1&resize=525%2C300 1.5x, https:\/\/i0.wp.com\/noticiasribeiraopreto.com.br\/wp-content\/uploads\/2026\/08\/WhatsApp-Image-2026-08-07-at-12.31.46.jpeg?fit=1200%2C800&ssl=1&resize=700%2C400 2x, https:\/\/i0.wp.com\/noticiasribeiraopreto.com.br\/wp-content\/uploads\/2026\/08\/WhatsApp-Image-2026-08-07-at-12.31.46.jpeg?fit=1200%2C800&ssl=1&resize=1050%2C600 3x"},"classes":[]}],"jetpack_sharing_enabled":true,"jetpack_shortlink":"https:\/\/wp.me\/peQAOb-nGk","jetpack_featured_media_url":"https:\/\/i0.wp.com\/noticiasribeiraopreto.com.br\/wp-content\/uploads\/2026\/09\/Quadra-de-escola-ficou-interditada-apos-vendaval.jpeg?fit=720%2C405&ssl=1","_links":{"self":[{"href":"https:\/\/noticiasribeiraopreto.com.br\/index.php\/wp-json\/wp\/v2\/posts\/91036","targetHints":{"allow":["GET"]}}],"collection":[{"href":"https:\/\/noticiasribeiraopreto.com.br\/index.php\/wp-json\/wp\/v2\/posts"}],"about":[{"href":"https:\/\/noticiasribeiraopreto.com.br\/index.php\/wp-json\/wp\/v2\/types\/post"}],"author":[{"embeddable":true,"href":"https:\/\/noticiasribeiraopreto.com.br\/index.php\/wp-json\/wp\/v2\/users\/1"}],"replies":[{"embeddable":true,"href":"https:\/\/noticiasribeiraopreto.com.br\/index.php\/wp-json\/wp\/v2\/comments?post=91036"}],"version-history":[{"count":0,"href":"https:\/\/noticiasribeiraopreto.com.br\/index.php\/wp-json\/wp\/v2\/posts\/91036\/revisions"}],"wp:featuredmedia":[{"embeddable":true,"href":"https:\/\/noticiasribeiraopreto.com.br\/index.php\/wp-json\/wp\/v2\/media\/91037"}],"wp:attachment":[{"href":"https:\/\/noticiasribeiraopreto.com.br\/index.php\/wp-json\/wp\/v2\/media?parent=91036"}],"wp:term":[{"taxonomy":"category","embeddable":true,"href":"https:\/\/noticiasribeiraopreto.com.br\/index.php\/wp-json\/wp\/v2\/categories?post=91036"},{"taxonomy":"post_tag","embeddable":true,"href":"https:\/\/noticiasribeiraopreto.com.br\/index.php\/wp-json\/wp\/v2\/tags?post=91036"}],"curies":[{"name":"wp","href":"https:\/\/api.w.org\/{rel}","templated":true}]}}