{"id":91038,"date":"2026-09-03T12:50:36","date_gmt":"2026-09-03T15:50:36","guid":{"rendered":"https:\/\/noticiasribeiraopreto.com.br\/index.php\/2026\/09\/03\/musico-faz-acordo-apos-morte-de-crianca-em-atropelamento\/"},"modified":"2026-09-03T12:50:36","modified_gmt":"2026-09-03T15:50:36","slug":"musico-faz-acordo-apos-morte-de-crianca-em-atropelamento","status":"publish","type":"post","link":"https:\/\/noticiasribeiraopreto.com.br\/index.php\/2026\/09\/03\/musico-faz-acordo-apos-morte-de-crianca-em-atropelamento\/","title":{"rendered":"M\u00fasico faz acordo ap\u00f3s morte de crian\u00e7a em atropelamento"},"content":{"rendered":"<div class='code-block code-block-1' style='margin: 8px 0 8px auto; text-align: right; display: block; clear: both;'>\n<p><a href=\"https:\/\/wa.link\/vpicfd\"><img data-recalc-dims=\"1\" class=\"wp-image-4922\" style=\"aspect-ratio: 2.0253164556962027; width: 561px; height: auto;\" src=\"https:\/\/i0.wp.com\/ismaelcolosi.com.br\/wp-content\/uploads\/2023\/11\/grupo-de-empregos-whatsapp-e-facebook-ismael-colosi-vagas.jpg?ssl=1\" alt=\"\" \/><\/a><\/p>\n<!-- \/wp:image -->\n<\/div>\n<p> <br \/>\n<\/p>\n<div id=\"\">&#13;<\/p>\n<h2 class=\"penci-post-subtitle\">Gustavo Perissoto de Oliveira ter\u00e1 de pagar indeniza\u00e7\u00e3o, prestar servi\u00e7os \u00e0 comunidade e ficar\u00e1 sem dirigir por um ano e sete meses<\/h2>\n<p>&#13;<\/p>\n<p>&#13;<br \/>\n\t\t\t\t\t\t\t\t\t<span class=\"entry-meta-item penci-posted-on\"><i class=\"fa fa-clock-o\"\/><time class=\"entry-date published updated\" datetime=\"2026-09-03T12:48:16-03:00\">3 de setembro de 2026 12:48<\/time><\/span><span class=\"entry-meta-item penci-post-countview\"\/>\t\t\t\t\t\t\t\t<\/p>\n<p><!-- .entry-meta -->&#13;<br \/>\n\t\t\t\t\t\t\t\t<span class=\"penci-social-buttons penci-social-share-footer\"><span class=\"penci-social-share-text\">Compartilhar<\/span><a href=\"#\" class=\"penci-post-like penci_post-meta_item  single-like-button penci-social-item like\" data-post_id=\"475969\" title=\"Like\" data-like=\"Like\" data-unlike=\"Unlike\"><i class=\"fa fa-thumbs-o-up\"\/><span class=\"penci-share-number\">0<\/span><\/a><i class=\"fa fa-facebook\"\/><a class=\"penci-social-item twitter\" target=\"_blank\" rel=\"noopener\" title=\"\" href=\"https:\/\/twitter.com\/intent\/tweet?text=M\u00fasico%20faz%20acordo%20ap\u00f3s%20morte%20de%20crian\u00e7a%20em%20atropelamento%20-%20https:\/\/www.tribunaribeirao.com.br\/musico-faz-acordo-apos-morte-de-crianca-em-atropelamento\/\"><i class=\"fa fa-twitter\"\/><\/a><i class=\"fa fa-linkedin\"\/><i class=\"fa fa-whatsapp\"\/><i class=\"fa fa-telegram\"\/><i class=\"fa fa-envelope\"\/><\/span>\t\t\t\t\t\t\t<\/div>\n<div>\n<p>| Por: Adalberto Luque |<\/p>\n<p>A Justi\u00e7a homologou o Acordo de N\u00e3o Persecu\u00e7\u00e3o Penal (ANPP) firmado entre Gustavo Perissoto de Oliveira e o Minist\u00e9rio P\u00fablico de S\u00e3o Paulo. A decis\u00e3o foi tomada durante audi\u00eancia virtual, nesta quarta-feira (2), pela Vara Regional das Garantias.<\/p>\n<p>Pelo acordo, Gustavo ter\u00e1 de pagar indeniza\u00e7\u00e3o equivalente a 150 sal\u00e1rios m\u00ednimos, cerca de R$ 240 mil, aos pais de Guilherme da Silva Maia, de 6 anos, que morreu ap\u00f3s ser atropelado. Ele tamb\u00e9m dever\u00e1 prestar servi\u00e7os \u00e0 comunidade pelo per\u00edodo de um ano e sete meses.<\/p>\n<p>O acordo prev\u00ea ainda a suspens\u00e3o da Carteira Nacional de Habilita\u00e7\u00e3o (CNH) pelo mesmo per\u00edodo, impedindo Gustavo de dirigir ve\u00edculo automotor em via p\u00fablica.<\/p>\n<p>Segundo a defesa, o acordo foi firmado porque o caso \u00e9 tratado como infra\u00e7\u00e3o culposa, sem inten\u00e7\u00e3o, e Gustavo \u00e9 prim\u00e1rio e possui bons antecedentes.<\/p>\n<figure id=\"attachment_452499\" aria-describedby=\"caption-attachment-452499\" style=\"width: 848px\" class=\"wp-caption alignnone\"><figcaption id=\"caption-attachment-452499\" class=\"wp-caption-text\">Defesa do m\u00fasico Gustavo Perissoto de Oliveira confirmou acordo (Foto: Redes Sociais)<\/figcaption><\/figure>\n<p>A defesa informou que Gustavo colaborou com a Justi\u00e7a desde o in\u00edcio e permanece abalado pela morte de Guilherme e pelos ferimentos sofridos pela m\u00e3e da crian\u00e7a, Eliene de Santana Maia.<\/p>\n<p>Com o cumprimento integral das condi\u00e7\u00f5es estabelecidas no acordo, est\u00e1 prevista a extin\u00e7\u00e3o da punibilidade.<\/p>\n<p><strong>Relembre o caso<\/strong><\/p>\n<p>Guilherme e a m\u00e3e, Eliene de Santana Maia, de 33 anos, foram atropelados em 1\u00ba de janeiro deste ano, na rua Professor Felisberto Almada, ao lado da Rodovia Jos\u00e9 Fregonesi (SP-328), em Bonfim Paulista. Os dois seguiam para uma farm\u00e1cia pr\u00f3xima ao local.<\/p>\n<p>Uma c\u00e2mera de seguran\u00e7a registrou o momento em que o carro conduzido por Gustavo saiu da pista e atingiu m\u00e3e e filho no acostamento. O motorista deixou o local sem parar para prestar socorro.<\/p>\n<p>A defesa afirmou, \u00e0 \u00e9poca, que Gustavo n\u00e3o percebeu que havia atropelado duas pessoas. Segundo os advogados, ele estava mexendo na central multim\u00eddia do carro e acreditou ter atingido a defensa met\u00e1lica.<\/p>\n<p>A defesa tamb\u00e9m informou que ele n\u00e3o havia consumido bebida alco\u00f3lica e que se apresentou depois de saber do atropelamento.<\/p>\n<figure id=\"attachment_452501\" aria-describedby=\"caption-attachment-452501\" style=\"width: 994px\" class=\"wp-caption alignnone\"><img data-recalc-dims=\"1\" loading=\"lazy\" decoding=\"async\" class=\"size-full wp-image-452501 lazyload\" src=\"https:\/\/i0.wp.com\/www.tribunaribeirao.com.br\/wp-content\/uploads\/2026\/01\/05-jan-2026-meninoatropelado3-1.jpg?resize=994%2C546&#038;ssl=1\" alt=\"\" width=\"994\" height=\"546\" srcset=\"https:\/\/www.tribunaribeirao.com.br\/wp-content\/uploads\/2026\/01\/05-jan-2026-meninoatropelado3-1.jpg 994w, https:\/\/www.tribunaribeirao.com.br\/wp-content\/uploads\/2026\/01\/05-jan-2026-meninoatropelado3-1-300x165.jpg 300w, https:\/\/www.tribunaribeirao.com.br\/wp-content\/uploads\/2026\/01\/05-jan-2026-meninoatropelado3-1-768x422.jpg 768w, https:\/\/www.tribunaribeirao.com.br\/wp-content\/uploads\/2026\/01\/05-jan-2026-meninoatropelado3-1-960x527.jpg 960w, https:\/\/www.tribunaribeirao.com.br\/wp-content\/uploads\/2026\/01\/05-jan-2026-meninoatropelado3-1-728x400.jpg 728w, https:\/\/www.tribunaribeirao.com.br\/wp-content\/uploads\/2026\/01\/05-jan-2026-meninoatropelado3-1-585x321.jpg 585w\" data-sizes=\"(max-width: 994px) 100vw, 994px\" style=\"--smush-placeholder-width: 994px; --smush-placeholder-aspect-ratio: 994\/546;\"\/><figcaption id=\"caption-attachment-452501\" class=\"wp-caption-text\">Em depoimento, motorista disse que n\u00e3o percebeu atropelamento pois acessava central multim\u00eddia do ve\u00edculo que era alugado (Foto: Divulga\u00e7\u00e3o)<\/figcaption><\/figure>\n<p>M\u00e3e e filho foram socorridos em estado grave e levados ao Hospital das Cl\u00ednicas \u2013 Unidade de Emerg\u00eancia. Guilherme ficou internado na UTI pedi\u00e1trica, mas morreu em 4 de janeiro.<\/p>\n<p>Eliene passou por duas cirurgias e recebeu alta em 19 de janeiro. Ela deixou Ribeir\u00e3o Preto de cadeira de rodas para morar com uma cunhada na Capital durante a recupera\u00e7\u00e3o.<\/p>\n<div style=\"background-color: #f4f4f5; border: 1px solid #d4d4d8; padding: 15px; margin: 20px 0; border-radius: 6px; font-family: sans-serif; line-height: 1.5;\">\n    <span style=\"color: #27272a;\">Inscreva-se em nosso Canal no Whatsapp e fique por dentro de tudo que acontece na regi\u00e3o. <\/span><br \/>\n    <a href=\"https:\/\/whatsapp.com\/channel\/0029VanuE2o7z4kYjo0XVS3u\" target=\"_blank\" rel=\"noopener noreferrer\" style=\"color: #16a34a; font-weight: bold; text-decoration: underline;\">Clique Aqui!<\/a>\n<\/div>\n<\/div>\n<p><script async src=\"\/\/platform.twitter.com\/widgets.js\" charset=\"utf-8\"><\/script><br \/>\n<br \/><br \/>\n<br \/><a href=\"https:\/\/www.tribunaribeirao.com.br\/musico-faz-acordo-apos-morte-de-crianca-em-atropelamento\/\">Texto original daqui <\/a><\/p>\n<!-- CONTENT END 1 -->\n","protected":false},"excerpt":{"rendered":"<p>&#13; Gustavo Perissoto de Oliveira ter\u00e1 de pagar indeniza\u00e7\u00e3o, prestar servi\u00e7os \u00e0 comunidade e ficar\u00e1 sem dirigir por um ano e sete meses &#13; &#13;&#8230;<\/p>\n","protected":false},"author":1,"featured_media":91039,"comment_status":"","ping_status":"","sticky":false,"template":"","format":"standard","meta":{"advanced_seo_description":"","jetpack_seo_html_title":"","jetpack_seo_noindex":false,"jetpack_seo_schema_type":"","_jetpack_newsletter_access":"","_jetpack_dont_email_post_to_subs":false,"_jetpack_newsletter_tier_id":0,"_jetpack_memberships_contains_paywalled_content":false,"_jetpack_feature_clip_id":0,"_jetpack_memberships_contains_paid_content":false,"footnotes":"","jetpack_publicize_message":"","jetpack_publicize_feature_enabled":true,"jetpack_social_post_already_shared":true,"jetpack_social_options":{"image_generator_settings":{"template":"highway","default_image_id":0,"font":"","enabled":false},"version":2},"jetpack_post_was_ever_published":false},"categories":[11],"tags":[629,37,3978,330,365,558,2320],"class_list":["post-91038","post","type-post","status-publish","format-standard","has-post-thumbnail","hentry","category-noticias-de-ribeirao-preto-sp-e-regiao-ismael-colosi","tag-acordo","tag-apos","tag-atropelamento","tag-crianca","tag-faz","tag-morte","tag-musico"],"jetpack_publicize_connections":[],"jetpack-related-posts":[{"id":81675,"url":"https:\/\/noticiasribeiraopreto.com.br\/index.php\/2026\/01\/13\/policia-ouve-testemunhas-de-atropelamento-fatal\/","url_meta":{"origin":91038,"position":0},"title":"Pol\u00edcia ouve testemunhas de atropelamento fatal","author":"noticiasribeiraopreto.com.br","date":"13 de January de 2026","format":false,"excerpt":"\r Frentistas de posto de combust\u00edvel quase em frente ao local onde ocorreu o acidente garantem que motorista ouviu avisos sobre o ocorrido\r \r 13 de janeiro de 2026 13:01 \r Compartilhar2 Por: Adalberto Luque A Pol\u00edcia Civil ouviu, nesta segunda-feira (12), tr\u00eas frentistas que presenciaram o atropelamento de Guilherme\u2026","rel":"","context":"In &quot;Not\u00edcias de Ribeir\u00e3o Preto-SP e Regi\u00e3o&quot;","block_context":{"text":"Not\u00edcias de Ribeir\u00e3o Preto-SP e Regi\u00e3o","link":"https:\/\/noticiasribeiraopreto.com.br\/index.php\/category\/noticias-de-ribeirao-preto-sp-e-regiao-ismael-colosi\/"},"img":{"alt_text":"","src":"https:\/\/i0.wp.com\/noticiasribeiraopreto.com.br\/wp-content\/uploads\/2026\/01\/05-jan-2026-meninoatropelado2.jpg?fit=809%2C618&ssl=1&resize=350%2C200","width":350,"height":200,"srcset":"https:\/\/i0.wp.com\/noticiasribeiraopreto.com.br\/wp-content\/uploads\/2026\/01\/05-jan-2026-meninoatropelado2.jpg?fit=809%2C618&ssl=1&resize=350%2C200 1x, https:\/\/i0.wp.com\/noticiasribeiraopreto.com.br\/wp-content\/uploads\/2026\/01\/05-jan-2026-meninoatropelado2.jpg?fit=809%2C618&ssl=1&resize=525%2C300 1.5x, https:\/\/i0.wp.com\/noticiasribeiraopreto.com.br\/wp-content\/uploads\/2026\/01\/05-jan-2026-meninoatropelado2.jpg?fit=809%2C618&ssl=1&resize=700%2C400 2x"},"classes":[]},{"id":81637,"url":"https:\/\/noticiasribeiraopreto.com.br\/index.php\/2026\/01\/12\/atropelamento-que-matou-crianca-e-feriu-mae-em-ribeirao-envolveu-carro-alugado-diz-advogado\/","url_meta":{"origin":91038,"position":1},"title":"Atropelamento que matou crian\u00e7a e feriu m\u00e3e em Ribeir\u00e3o envolveu carro alugado, diz advogado","author":"noticiasribeiraopreto.com.br","date":"12 de January de 2026","format":false,"excerpt":"O advogado da fam\u00edlia de Guilherme da Silva Maia, de 6 anos, que morreu ap\u00f3s ser atropelado no acostamento de uma rodovia de Bonfim Paulista, distrito de Ribeir\u00e3o Preto, afirmou que o ve\u00edculo conduzido pelo envolvido era alugado. A informa\u00e7\u00e3o foi divulgada neste s\u00e1bado (10), durante uma manifesta\u00e7\u00e3o de amigos\u2026","rel":"","context":"In &quot;Not\u00edcias de Ribeir\u00e3o Preto-SP e Regi\u00e3o&quot;","block_context":{"text":"Not\u00edcias de Ribeir\u00e3o Preto-SP e Regi\u00e3o","link":"https:\/\/noticiasribeiraopreto.com.br\/index.php\/category\/noticias-de-ribeirao-preto-sp-e-regiao-ismael-colosi\/"},"img":{"alt_text":"","src":"https:\/\/i0.wp.com\/noticiasribeiraopreto.com.br\/wp-content\/uploads\/2026\/01\/image_2026-01-02_15-42-11.webp.webp?fit=984%2C549&ssl=1&resize=350%2C200","width":350,"height":200,"srcset":"https:\/\/i0.wp.com\/noticiasribeiraopreto.com.br\/wp-content\/uploads\/2026\/01\/image_2026-01-02_15-42-11.webp.webp?fit=984%2C549&ssl=1&resize=350%2C200 1x, https:\/\/i0.wp.com\/noticiasribeiraopreto.com.br\/wp-content\/uploads\/2026\/01\/image_2026-01-02_15-42-11.webp.webp?fit=984%2C549&ssl=1&resize=525%2C300 1.5x, https:\/\/i0.wp.com\/noticiasribeiraopreto.com.br\/wp-content\/uploads\/2026\/01\/image_2026-01-02_15-42-11.webp.webp?fit=984%2C549&ssl=1&resize=700%2C400 2x"},"classes":[]},{"id":81453,"url":"https:\/\/noticiasribeiraopreto.com.br\/index.php\/2026\/01\/06\/pai-de-menino-morto-apos-atropelamento-presta-depoimento\/","url_meta":{"origin":91038,"position":2},"title":"Pai de menino morto ap\u00f3s atropelamento presta depoimento","author":"noticiasribeiraopreto.com.br","date":"6 de January de 2026","format":false,"excerpt":"Por: Alfredo Risk e Adalberto Luque Albertino da Silva Filho, pai de Guilherme da Silva Maia, de 6 anos, que morreu ap\u00f3s ser atropelado no dia 1\u00ba de janeiro, foi ouvido pelo delegado que investiga o caso na manh\u00e3 desta ter\u00e7a-feira (6). O depoimento de Albertino foi colhido na Central\u2026","rel":"","context":"In &quot;Not\u00edcias de Ribeir\u00e3o Preto-SP e Regi\u00e3o&quot;","block_context":{"text":"Not\u00edcias de Ribeir\u00e3o Preto-SP e Regi\u00e3o","link":"https:\/\/noticiasribeiraopreto.com.br\/index.php\/category\/noticias-de-ribeirao-preto-sp-e-regiao-ismael-colosi\/"},"img":{"alt_text":"","src":"https:\/\/i0.wp.com\/noticiasribeiraopreto.com.br\/wp-content\/uploads\/2026\/01\/06-jan-2026-paitestemunhas-scaled.jpg?fit=1170%2C780&ssl=1&resize=350%2C200","width":350,"height":200,"srcset":"https:\/\/i0.wp.com\/noticiasribeiraopreto.com.br\/wp-content\/uploads\/2026\/01\/06-jan-2026-paitestemunhas-scaled.jpg?fit=1170%2C780&ssl=1&resize=350%2C200 1x, https:\/\/i0.wp.com\/noticiasribeiraopreto.com.br\/wp-content\/uploads\/2026\/01\/06-jan-2026-paitestemunhas-scaled.jpg?fit=1170%2C780&ssl=1&resize=525%2C300 1.5x, https:\/\/i0.wp.com\/noticiasribeiraopreto.com.br\/wp-content\/uploads\/2026\/01\/06-jan-2026-paitestemunhas-scaled.jpg?fit=1170%2C780&ssl=1&resize=700%2C400 2x, https:\/\/i0.wp.com\/noticiasribeiraopreto.com.br\/wp-content\/uploads\/2026\/01\/06-jan-2026-paitestemunhas-scaled.jpg?fit=1170%2C780&ssl=1&resize=1050%2C600 3x"},"classes":[]},{"id":47533,"url":"https:\/\/noticiasribeiraopreto.com.br\/index.php\/2024\/04\/26\/identificada-vitima-morta-apos-atropelamento-em-avenida-de-ribeirao-preto\/","url_meta":{"origin":91038,"position":3},"title":"Identificada v\u00edtima morta ap\u00f3s atropelamento em avenida de Ribeir\u00e3o Preto","author":"noticiasribeiraopreto.com.br","date":"26 de April de 2024","format":false,"excerpt":"Foi identificado como Francisco Charles Costa Silva, de 40 anos, a v\u00edtima do atropelamento na avenida Jer\u00f4nimo Gon\u00e7alves, em frente ao terminal Doutora Evangelina de Carvalho Passig, em Ribeir\u00e3o Preto, na tarde da \u00faltima quinta-feira (25). De acordo com o motorista, ele n\u00e3o teve tempo h\u00e1bil de desviar de Francisco,\u2026","rel":"","context":"In &quot;Not\u00edcias de Ribeir\u00e3o Preto-SP e Regi\u00e3o&quot;","block_context":{"text":"Not\u00edcias de Ribeir\u00e3o Preto-SP e Regi\u00e3o","link":"https:\/\/noticiasribeiraopreto.com.br\/index.php\/category\/noticias-de-ribeirao-preto-sp-e-regiao-ismael-colosi\/"},"img":{"alt_text":"","src":"https:\/\/i0.wp.com\/noticiasribeiraopreto.com.br\/wp-content\/uploads\/2024\/04\/AnyConv.com__atropelamento.webp.webp?fit=1200%2C675&ssl=1&resize=350%2C200","width":350,"height":200,"srcset":"https:\/\/i0.wp.com\/noticiasribeiraopreto.com.br\/wp-content\/uploads\/2024\/04\/AnyConv.com__atropelamento.webp.webp?fit=1200%2C675&ssl=1&resize=350%2C200 1x, https:\/\/i0.wp.com\/noticiasribeiraopreto.com.br\/wp-content\/uploads\/2024\/04\/AnyConv.com__atropelamento.webp.webp?fit=1200%2C675&ssl=1&resize=525%2C300 1.5x, https:\/\/i0.wp.com\/noticiasribeiraopreto.com.br\/wp-content\/uploads\/2024\/04\/AnyConv.com__atropelamento.webp.webp?fit=1200%2C675&ssl=1&resize=700%2C400 2x, https:\/\/i0.wp.com\/noticiasribeiraopreto.com.br\/wp-content\/uploads\/2024\/04\/AnyConv.com__atropelamento.webp.webp?fit=1200%2C675&ssl=1&resize=1050%2C600 3x"},"classes":[]},{"id":24957,"url":"https:\/\/noticiasribeiraopreto.com.br\/index.php\/2024\/01\/05\/video-flagra-momento-em-que-garoto-de-cinco-anos-perde-a-vida-ao-ser-atropelado-dentro-de-condominio-condutora-foi-detida\/","url_meta":{"origin":91038,"position":4},"title":"V\u00eddeo flagra momento em que garoto de cinco anos perde a vida ao ser atropelado dentro de condom\u00ednio; condutora foi detida","author":"noticiasribeiraopreto.com.br","date":"5 de January de 2024","format":false,"excerpt":"O instante em que um garoto de 5 anos foi atingido por um ve\u00edculo dentro do condom\u00ednio que fica na cidade Jaboat\u00e3o dos Guararapes, localizada na Regi\u00e3o Metropolitana do Recife, capital do estado de Pernambuco, foi capturado por uma c\u00e2mera de vigil\u00e2ncia.O atropelamento resultou na morte imediata da crian\u00e7a, e\u2026","rel":"","context":"In &quot;Blog&quot;","block_context":{"text":"Blog","link":"https:\/\/noticiasribeiraopreto.com.br\/index.php\/category\/blog\/"},"img":{"alt_text":"","src":"https:\/\/i0.wp.com\/noticiasribeiraopreto.com.br\/wp-content\/uploads\/2024\/01\/postimg-6598331d47a8c1114.jpg?fit=1200%2C628&ssl=1&resize=350%2C200","width":350,"height":200,"srcset":"https:\/\/i0.wp.com\/noticiasribeiraopreto.com.br\/wp-content\/uploads\/2024\/01\/postimg-6598331d47a8c1114.jpg?fit=1200%2C628&ssl=1&resize=350%2C200 1x, https:\/\/i0.wp.com\/noticiasribeiraopreto.com.br\/wp-content\/uploads\/2024\/01\/postimg-6598331d47a8c1114.jpg?fit=1200%2C628&ssl=1&resize=525%2C300 1.5x, https:\/\/i0.wp.com\/noticiasribeiraopreto.com.br\/wp-content\/uploads\/2024\/01\/postimg-6598331d47a8c1114.jpg?fit=1200%2C628&ssl=1&resize=700%2C400 2x, https:\/\/i0.wp.com\/noticiasribeiraopreto.com.br\/wp-content\/uploads\/2024\/01\/postimg-6598331d47a8c1114.jpg?fit=1200%2C628&ssl=1&resize=1050%2C600 3x"},"classes":[]},{"id":72103,"url":"https:\/\/noticiasribeiraopreto.com.br\/index.php\/2025\/06\/13\/video-crianca-e-atropelada-por-onibus-e-morre-na-zona-norte\/","url_meta":{"origin":91038,"position":5},"title":"V\u00cdDEO &#8211; Crian\u00e7a \u00e9 atropelada por \u00f4nibus e morre na zona Norte","author":"noticiasribeiraopreto.com.br","date":"13 de June de 2025","format":false,"excerpt":"Adolescente estava com a irm\u00e3 em bicicleta quando ocorreu o atropelamento; a mais velha foi levada para um hospital 13 de junho de 2025 10:0613 de junho de 2025 10:073 Compartilhar1 Por: Adalberto Luque Um atropelamento deixou uma crian\u00e7a morte e uma adolescente ferida, na manh\u00e3 desta sexta-feira (13). O\u2026","rel":"","context":"In &quot;Not\u00edcias de Ribeir\u00e3o Preto-SP e Regi\u00e3o&quot;","block_context":{"text":"Not\u00edcias de Ribeir\u00e3o Preto-SP e Regi\u00e3o","link":"https:\/\/noticiasribeiraopreto.com.br\/index.php\/category\/noticias-de-ribeirao-preto-sp-e-regiao-ismael-colosi\/"},"img":{"alt_text":"","src":"https:\/\/i0.wp.com\/noticiasribeiraopreto.com.br\/wp-content\/uploads\/2025\/06\/13-jun-2025-meninaacidente-scaled.jpg?fit=800%2C458&ssl=1&resize=350%2C200","width":350,"height":200,"srcset":"https:\/\/i0.wp.com\/noticiasribeiraopreto.com.br\/wp-content\/uploads\/2025\/06\/13-jun-2025-meninaacidente-scaled.jpg?fit=800%2C458&ssl=1&resize=350%2C200 1x, https:\/\/i0.wp.com\/noticiasribeiraopreto.com.br\/wp-content\/uploads\/2025\/06\/13-jun-2025-meninaacidente-scaled.jpg?fit=800%2C458&ssl=1&resize=525%2C300 1.5x, https:\/\/i0.wp.com\/noticiasribeiraopreto.com.br\/wp-content\/uploads\/2025\/06\/13-jun-2025-meninaacidente-scaled.jpg?fit=800%2C458&ssl=1&resize=700%2C400 2x"},"classes":[]}],"jetpack_sharing_enabled":true,"jetpack_shortlink":"https:\/\/wp.me\/peQAOb-nGm","jetpack_featured_media_url":"https:\/\/i0.wp.com\/noticiasribeiraopreto.com.br\/wp-content\/uploads\/2026\/09\/05-jan-2026-meninoatropelado2-1.jpg?fit=809%2C618&ssl=1","_links":{"self":[{"href":"https:\/\/noticiasribeiraopreto.com.br\/index.php\/wp-json\/wp\/v2\/posts\/91038","targetHints":{"allow":["GET"]}}],"collection":[{"href":"https:\/\/noticiasribeiraopreto.com.br\/index.php\/wp-json\/wp\/v2\/posts"}],"about":[{"href":"https:\/\/noticiasribeiraopreto.com.br\/index.php\/wp-json\/wp\/v2\/types\/post"}],"author":[{"embeddable":true,"href":"https:\/\/noticiasribeiraopreto.com.br\/index.php\/wp-json\/wp\/v2\/users\/1"}],"replies":[{"embeddable":true,"href":"https:\/\/noticiasribeiraopreto.com.br\/index.php\/wp-json\/wp\/v2\/comments?post=91038"}],"version-history":[{"count":0,"href":"https:\/\/noticiasribeiraopreto.com.br\/index.php\/wp-json\/wp\/v2\/posts\/91038\/revisions"}],"wp:featuredmedia":[{"embeddable":true,"href":"https:\/\/noticiasribeiraopreto.com.br\/index.php\/wp-json\/wp\/v2\/media\/91039"}],"wp:attachment":[{"href":"https:\/\/noticiasribeiraopreto.com.br\/index.php\/wp-json\/wp\/v2\/media?parent=91038"}],"wp:term":[{"taxonomy":"category","embeddable":true,"href":"https:\/\/noticiasribeiraopreto.com.br\/index.php\/wp-json\/wp\/v2\/categories?post=91038"},{"taxonomy":"post_tag","embeddable":true,"href":"https:\/\/noticiasribeiraopreto.com.br\/index.php\/wp-json\/wp\/v2\/tags?post=91038"}],"curies":[{"name":"wp","href":"https:\/\/api.w.org\/{rel}","templated":true}]}}