{"id":91040,"date":"2026-09-03T13:16:47","date_gmt":"2026-09-03T16:16:47","guid":{"rendered":"https:\/\/noticiasribeiraopreto.com.br\/index.php\/2026\/09\/03\/grupo-galpao-literatura-internacional-e-debates-sobre-juventude-movimentam-a-fil-nesta-quinta-feira\/"},"modified":"2026-09-03T13:16:47","modified_gmt":"2026-09-03T16:16:47","slug":"grupo-galpao-literatura-internacional-e-debates-sobre-juventude-movimentam-a-fil-nesta-quinta-feira","status":"publish","type":"post","link":"https:\/\/noticiasribeiraopreto.com.br\/index.php\/2026\/09\/03\/grupo-galpao-literatura-internacional-e-debates-sobre-juventude-movimentam-a-fil-nesta-quinta-feira\/","title":{"rendered":"Grupo Galp\u00e3o, literatura internacional e debates sobre juventude movimentam a FIL nesta quinta-feira"},"content":{"rendered":"<div class='code-block code-block-1' style='margin: 8px 0 8px auto; text-align: right; display: block; clear: both;'>\n<p><a href=\"https:\/\/wa.link\/vpicfd\"><img data-recalc-dims=\"1\" class=\"wp-image-4922\" style=\"aspect-ratio: 2.0253164556962027; width: 561px; height: auto;\" src=\"https:\/\/i0.wp.com\/ismaelcolosi.com.br\/wp-content\/uploads\/2023\/11\/grupo-de-empregos-whatsapp-e-facebook-ismael-colosi-vagas.jpg?ssl=1\" alt=\"\" \/><\/a><\/p>\n<!-- \/wp:image -->\n<\/div>\n<p> <br \/>\n<\/p>\n<div>\n<p><span style=\"font-weight: 400;\">A programa\u00e7\u00e3o da 25\u00aa FIL \u2013 Feira Internacional do Livro de Ribeir\u00e3o Preto segue nesta quinta-feira (03) com <strong>atividades que percorrem diferentes temas e linguagens, do empreendedorismo e da forma\u00e7\u00e3o de leitores aos debates sobre sustentabilidade, viol\u00eancia, juventude e rela\u00e7\u00f5es entre gera\u00e7\u00f5es.<\/strong> Ao longo do dia, escritores, artistas, educadores e convidados ocupam espa\u00e7os da regi\u00e3o central da cidade, com encontros, oficinas, m\u00fasica, cinema e teatro.<\/span><\/p>\n<h2>Espet\u00e1culo no Theatro Pedro II<\/h2>\n<p><span style=\"font-weight: 400;\">Entre os destaques est\u00e1 a apresenta\u00e7\u00e3o de<strong> \u201c(Um) Ensaio Sobre a Cegueira\u201d, do Grupo Galp\u00e3o, \u00e0s 20h30, na Sala Principal do Theatro Pedro II.<\/strong> Inspirado na obra de Jos\u00e9 Saramago, o espet\u00e1culo prop\u00f5e uma reflex\u00e3o sobre \u00e9tica, solidariedade e rela\u00e7\u00f5es humanas em uma sociedade colocada \u00e0 prova pela perda dos referenciais de conviv\u00eancia coletiva. <strong>A montagem encerra uma programa\u00e7\u00e3o que come\u00e7a pela manh\u00e3 e avan\u00e7a at\u00e9 a noite.<\/strong><\/span><\/p>\n<p><span style=\"font-weight: 400;\">O dia tamb\u00e9m ter\u00e1 a participa\u00e7\u00e3o do escritor ucraniano Lyubko Deresh, considerado uma das principais vozes da literatura contempor\u00e2nea de seu pa\u00eds. <strong>No Centro Cultural Palace, \u00e0s 17h, ele conversa com o p\u00fablico sobre sua produ\u00e7\u00e3o liter\u00e1ria<\/strong>, o contexto cultural da Ucr\u00e2nia e o papel da fic\u00e7\u00e3o diante das transforma\u00e7\u00f5es sociais e pol\u00edticas do mundo atual.<\/span><\/p>\n<h2>Tarde re\u00fane literatura, sustentabilidade e di\u00e1logos entre gera\u00e7\u00f5es<\/h2>\n<p><span style=\"font-weight: 400;\">A tarde come\u00e7a com um bate-papo com a fil\u00f3sofa e professora, Marcia Tiburi, \u00e0s 14h, na Biblioteca Sinh\u00e1 Junqueira. <strong>A escritora conversa com o p\u00fablico sobre literatura, pensamento cr\u00edtico e os desafios da sociedade contempor\u00e2nea.<\/strong> O encontro percorre temas presentes em sua produ\u00e7\u00e3o intelectual e aborda o papel da escrita como instrumento de reflex\u00e3o sobre o mundo atual.<\/span><\/p>\n<p><span style=\"font-weight: 400;\">No fim da tarde, a<strong> FIL concentra alguns dos principais encontros do dia. \u00c0s 17h, na Tenda Sesc Senac, a jornalista e escritora L\u00edgia Morelli e a cantora e pesquisadora Fabiana Cozza participam do bate-papo \u201cElza: insurrei\u00e7\u00e3o na garganta\u201d<\/strong>. A conversa percorre a trajet\u00f3ria de Elza Soares a partir do livro que revisita sua transforma\u00e7\u00e3o art\u00edstica e pol\u00edtica e o legado deixado pela cantora na cultura brasileira.<\/span><\/p>\n<p><span style=\"font-weight: 400;\">No mesmo hor\u00e1rio, a Biblioteca Sinh\u00e1 Junqueira recebe o debate \u201cDi\u00e1logo entre gera\u00e7\u00f5es: quais os caminhos para um futuro mais sustent\u00e1vel? Como as empresas podem colaborar mais?\u201d, com representantes de diferentes setores discutindo sustentabilidade, responsabilidade social e os desafios para a constru\u00e7\u00e3o de um futuro ambientalmente equilibrado.<\/span><\/p>\n<h2>Juventude, viol\u00eancia e literatura afro-brasileira est\u00e3o entre os temas da noite<\/h2>\n<p><span style=\"font-weight: 400;\">\u00c0s 19h, o educador, escritor e professor Cesar Nunes participa da palestra \u201cJuventude Brasileira: entre ansiedade e futuro\u201d, no Audit\u00f3rio Meira J\u00fanior. <strong>O encontro prop\u00f5e uma reflex\u00e3o sobre identidade, projeto de vida e as perspectivas das novas gera\u00e7\u00f5es diante das transforma\u00e7\u00f5es contempor\u00e2neas.<\/strong><\/span><\/p>\n<p><span style=\"font-weight: 400;\">No mesmo hor\u00e1rio, o Cineclube Cauim exibe o document\u00e1rio \u201cCadernos Negros\u201d, que apresenta a trajet\u00f3ria da publica\u00e7\u00e3o respons\u00e1vel por reunir e projetar escritores negros brasileiros ao longo de d\u00e9cadas. A sess\u00e3o ser\u00e1 seguida de conversa com o p\u00fablico.<\/span><\/p>\n<p><span style=\"font-weight: 400;\">A programa\u00e7\u00e3o tamb\u00e9m abre espa\u00e7o para <strong>discuss\u00f5es sobre feminic\u00eddio e viol\u00eancia contra a mulher, com um bate-papo no Espa\u00e7o Favela sobre formas de viol\u00eancia presentes no cotidiano, rela\u00e7\u00f5es abusivas, cultura do sil\u00eancio e estrat\u00e9gias de preven\u00e7\u00e3o e acolhimento.<\/strong><\/span><\/p>\n<p><span style=\"font-weight: 400;\">Na Casa da Mem\u00f3ria Italiana, Daniela Penha lan\u00e7a \u201cFor\u00e7a Italiana \u2013 Hist\u00f3rias de Fam\u00edlia\u201d, obra que re\u00fane mem\u00f3rias e narrativas de fam\u00edlias italianas de Ribeir\u00e3o Preto e regi\u00e3o.<\/span><\/p>\n<p><span style=\"font-weight: 400;\">Al\u00e9m das atividades liter\u00e1rias e dos debates, a noite ter\u00e1 apresenta\u00e7\u00e3o do Coral Aquarela, oficina de cria\u00e7\u00e3o de body splash e m\u00fasica. \u00c0s 20h30, enquanto o Grupo Galp\u00e3o ocupa a Sala Principal do Theatro Pedro II, o coletivo Samba da Opini\u00e3o realiza uma roda de samba no Ambient de Leitura, na Esplanada.<\/span><\/p>\n<h2>Programa\u00e7\u00e3o entra na reta final<\/h2>\n<p><span style=\"font-weight: 400;\"><strong>A FIL segue at\u00e9 s\u00e1bado, 5 de setembro.<\/strong> Para Priscilla Altran, vice-presidente da Funda\u00e7\u00e3o do Livro e Leitura de Ribeir\u00e3o Preto, os \u00faltimos dias mant\u00eam atividades para diferentes p\u00fablicos e novas oportunidades de participa\u00e7\u00e3o nos espa\u00e7os da feira.<\/span><\/p>\n<p><span style=\"font-weight: 400;\">\u201cA feira chega aos \u00faltimos dias com atividades para crian\u00e7as, jovens, adultos e idosos. Queremos que pessoas de todas as gera\u00e7\u00f5es participem da programa\u00e7\u00e3o e ocupem os espa\u00e7os da feira. Celebrar 25 edi\u00e7\u00f5es tamb\u00e9m \u00e9 reconhecer uma trajet\u00f3ria constru\u00edda com a presen\u00e7a do p\u00fablico\u201d, afirma Priscilla.<\/span><\/p>\n<p><span style=\"font-weight: 400;\">\u00a0<\/span><\/p>\n<h2>Servi\u00e7o<\/h2>\n<p><b>25\u00aa FIL \u2013 Feira Internacional do Livro de Ribeir\u00e3o Preto<\/b><\/p>\n<p><b>Per\u00edodo:<\/b><span style=\"font-weight: 400;\"> de 30 de agosto a 5 de setembro de 2026<\/span><\/p>\n<p><b>Programa\u00e7\u00e3o deste release:<\/b><span style=\"font-weight: 400;\"> 3 de setembro, quinta-feira, das 8h \u00e0s 20h30<\/span><\/p>\n<p><span style=\"font-weight: 400;\">Locais: mais de 20 locais, com destaque para Pra\u00e7a XV de Novembro, Esplanada e Theatro Pedro II, Biblioteca Sinh\u00e1 Junqueira, Centro Cultural Palace, Cineclube Cauim, Museu Casa da Mem\u00f3ria Italiana e Teatro do Sesi Ribeir\u00e3o Preto<\/span><\/p>\n<p><b>Entrada:<\/b><span style=\"font-weight: 400;\"> gratuita<\/span><\/p>\n<p><b>Programa\u00e7\u00e3o completa do dia:<\/b><a href=\"https:\/\/docs.google.com\/document\/d\/1OIq5ZO717oQOH7CX3MgVjPQTBZxcJPbHB8SbyY6cYs0\/edit?usp=sharing\"> <span style=\"font-weight: 400;\">https:\/\/docs.google.com\/document\/d\/1OIq5ZO717oQOH7CX3MgVjPQTBZxcJPbHB8SbyY6cYs0\/edit?usp=sharing<\/span><\/a><\/p>\n<p><span style=\"font-weight: 400;\">\u00a0<\/span><\/p>\n<p><b>Mais informa\u00e7\u00f5es:<\/b><span style=\"font-weight: 400;\"> www.fundacaodolivroeleiturarp.com<\/span><\/p>\n<p><span style=\"font-weight: 400;\">\u00a0<\/span><\/p>\n<h2>Sobre a FIL<\/h2>\n<p><span style=\"font-weight: 400;\">A FIL \u2013 Feira Internacional do Livro de Ribeir\u00e3o Preto est\u00e1 na 25\u00aa edi\u00e7\u00e3o em 2026. Realizada pela Funda\u00e7\u00e3o do Livro e Leitura de Ribeir\u00e3o Preto, re\u00fane debates, encontros com autores nacionais e internacionais, atividades educativas, a\u00e7\u00f5es de forma\u00e7\u00e3o de leitores e iniciativas culturais em diferentes espa\u00e7os da cidade.<\/span><\/p>\n<p><span style=\"font-weight: 400;\">Nas 24 edi\u00e7\u00f5es realizadas at\u00e9 2025,<strong> registrou cerca de 7 milh\u00f5es de visitantes e a participa\u00e7\u00e3o de mais de 3 mil autores<\/strong>. A edi\u00e7\u00e3o deste ano acontece de 30 de agosto a 5 de setembro, com o tema <\/span><i><span style=\"font-weight: 400;\">\u201cX, Y, Z, Alpha, Beta \u2013 Gera\u00e7\u00f5es Liter\u00e1rias\u201d.<\/span><\/i><\/p>\n<p>\u00a0<\/p>\n<\/div>\n<p><br \/>\n<br \/><a href=\"https:\/\/thmais.com.br\/cidades\/ribeirao-preto\/grupo-galpao-literatura-internacional-e-debates-sobre-juventude-movimentam-a-fil-nesta-quinta-feira\/\">Link para o texto original aqui <\/a><\/p>\n<!-- CONTENT END 1 -->\n","protected":false},"excerpt":{"rendered":"<p>A programa\u00e7\u00e3o da 25\u00aa FIL \u2013 Feira Internacional do Livro de Ribeir\u00e3o Preto segue nesta quinta-feira (03) com atividades que percorrem diferentes temas e linguagens,&#8230;<\/p>\n","protected":false},"author":1,"featured_media":91041,"comment_status":"","ping_status":"","sticky":false,"template":"","format":"standard","meta":{"advanced_seo_description":"","jetpack_seo_html_title":"","jetpack_seo_noindex":false,"jetpack_seo_schema_type":"","_jetpack_newsletter_access":"","_jetpack_dont_email_post_to_subs":false,"_jetpack_newsletter_tier_id":0,"_jetpack_memberships_contains_paywalled_content":false,"_jetpack_feature_clip_id":0,"_jetpack_memberships_contains_paid_content":false,"footnotes":"","jetpack_publicize_message":"","jetpack_publicize_feature_enabled":true,"jetpack_social_post_already_shared":true,"jetpack_social_options":{"image_generator_settings":{"template":"highway","default_image_id":0,"font":"","enabled":false},"version":2},"jetpack_post_was_ever_published":false},"categories":[11],"tags":[7056,8908,8828,1441,494,1620,7979,1339,6476,207,4686,3389,6456,468],"class_list":["post-91040","post","type-post","status-publish","format-standard","has-post-thumbnail","hentry","category-noticias-de-ribeirao-preto-sp-e-regiao-ismael-colosi","tag-debates","tag-feira-internacional-do-livro","tag-fil","tag-galpao","tag-grupo","tag-internacional","tag-juventude","tag-literatura","tag-movimentam","tag-nesta","tag-noticias","tag-quintafeira","tag-ribeirao-preto","tag-sobre"],"jetpack_publicize_connections":[],"jetpack-related-posts":[{"id":89559,"url":"https:\/\/noticiasribeiraopreto.com.br\/index.php\/2026\/08\/07\/feira-do-livro-anuncia-programacao-da-25a-edicao-com-mais-de-350-atividades-gratuitas-em-ribeirao\/","url_meta":{"origin":91040,"position":0},"title":"Feira do Livro anuncia programa\u00e7\u00e3o da 25\u00aa edi\u00e7\u00e3o com mais de 350 atividades gratuitas em Ribeir\u00e3o","author":"noticiasribeiraopreto.com.br","date":"7 de August de 2026","format":false,"excerpt":"O lan\u00e7amento oficial da programa\u00e7\u00e3o da 25\u00aa edi\u00e7\u00e3o da Feira Internacional do Livro (FIL) de Ribeir\u00e3o Preto aconteceu nesta quinta-feira (7), em um hotel no Centro da cidade, e reuniu autoridades, organizadores e convidados. Neste ano, o evento ter\u00e1 mais de 350 atividades gratuitas, distribu\u00eddas em 20 espa\u00e7os culturais, entre\u2026","rel":"","context":"In &quot;Not\u00edcias de Ribeir\u00e3o Preto-SP e Regi\u00e3o&quot;","block_context":{"text":"Not\u00edcias de Ribeir\u00e3o Preto-SP e Regi\u00e3o","link":"https:\/\/noticiasribeiraopreto.com.br\/index.php\/category\/noticias-de-ribeirao-preto-sp-e-regiao-ismael-colosi\/"},"img":{"alt_text":"","src":"https:\/\/i0.wp.com\/noticiasribeiraopreto.com.br\/wp-content\/uploads\/2026\/08\/feira-do-livro.jpg?fit=1200%2C675&ssl=1&resize=350%2C200","width":350,"height":200,"srcset":"https:\/\/i0.wp.com\/noticiasribeiraopreto.com.br\/wp-content\/uploads\/2026\/08\/feira-do-livro.jpg?fit=1200%2C675&ssl=1&resize=350%2C200 1x, https:\/\/i0.wp.com\/noticiasribeiraopreto.com.br\/wp-content\/uploads\/2026\/08\/feira-do-livro.jpg?fit=1200%2C675&ssl=1&resize=525%2C300 1.5x, https:\/\/i0.wp.com\/noticiasribeiraopreto.com.br\/wp-content\/uploads\/2026\/08\/feira-do-livro.jpg?fit=1200%2C675&ssl=1&resize=700%2C400 2x, https:\/\/i0.wp.com\/noticiasribeiraopreto.com.br\/wp-content\/uploads\/2026\/08\/feira-do-livro.jpg?fit=1200%2C675&ssl=1&resize=1050%2C600 3x"},"classes":[]},{"id":89373,"url":"https:\/\/noticiasribeiraopreto.com.br\/index.php\/2026\/08\/04\/programacao-da-feira-internacional-do-livro-de-ribeirao-preto-tem-data-marcada-para-ser-apresentada-veja-quando\/","url_meta":{"origin":91040,"position":1},"title":"Programa\u00e7\u00e3o da Feira Internacional do Livro de Ribeir\u00e3o Preto tem data marcada para ser apresentada; Veja quando","author":"noticiasribeiraopreto.com.br","date":"4 de August de 2026","format":false,"excerpt":"A Funda\u00e7\u00e3o do Livro e Leitura de Ribeir\u00e3o Preto apresenta a programa\u00e7\u00e3o oficial da 25\u00aa edi\u00e7\u00e3o da FIL (Feira Internacional do Livro), que tem como tema central \u201cX, Y, Z, Alpha, Beta \u2013 Gera\u00e7\u00f5es Liter\u00e1rias\u201d. O evento acontece nesta sexta-feira (7), \u00e0s 9h, no Stream Hot\u00e9is e re\u00fane imprensa, patrocinadores,\u2026","rel":"","context":"In &quot;Not\u00edcias de Ribeir\u00e3o Preto-SP e Regi\u00e3o&quot;","block_context":{"text":"Not\u00edcias de Ribeir\u00e3o Preto-SP e Regi\u00e3o","link":"https:\/\/noticiasribeiraopreto.com.br\/index.php\/category\/noticias-de-ribeirao-preto-sp-e-regiao-ismael-colosi\/"},"img":{"alt_text":"","src":"https:\/\/i0.wp.com\/noticiasribeiraopreto.com.br\/wp-content\/uploads\/2026\/08\/Lancamento-Oficial-da-Programacao-acontece-07-de-agosto-de-2026-sexta-feira-as-9h.jpeg?fit=960%2C461&ssl=1&resize=350%2C200","width":350,"height":200,"srcset":"https:\/\/i0.wp.com\/noticiasribeiraopreto.com.br\/wp-content\/uploads\/2026\/08\/Lancamento-Oficial-da-Programacao-acontece-07-de-agosto-de-2026-sexta-feira-as-9h.jpeg?fit=960%2C461&ssl=1&resize=350%2C200 1x, https:\/\/i0.wp.com\/noticiasribeiraopreto.com.br\/wp-content\/uploads\/2026\/08\/Lancamento-Oficial-da-Programacao-acontece-07-de-agosto-de-2026-sexta-feira-as-9h.jpeg?fit=960%2C461&ssl=1&resize=525%2C300 1.5x, https:\/\/i0.wp.com\/noticiasribeiraopreto.com.br\/wp-content\/uploads\/2026\/08\/Lancamento-Oficial-da-Programacao-acontece-07-de-agosto-de-2026-sexta-feira-as-9h.jpeg?fit=960%2C461&ssl=1&resize=700%2C400 2x"},"classes":[]},{"id":89569,"url":"https:\/\/noticiasribeiraopreto.com.br\/index.php\/2026\/08\/07\/feira-do-livro-e-lancada-em-ribeirao-preto-com-foco-nas-geracoes-literarias\/","url_meta":{"origin":91040,"position":2},"title":"Feira do Livro \u00e9 lan\u00e7ada em Ribeir\u00e3o Preto com foco nas gera\u00e7\u00f5es liter\u00e1rias","author":"noticiasribeiraopreto.com.br","date":"7 de August de 2026","format":false,"excerpt":"A Feira Internacional do Livro foi lan\u00e7ada nesta sexta-feira (07), em Ribeir\u00e3o Preto. Com o tema \u201cX, Y, Z \u2013 Alpha, Beta: Gera\u00e7\u00f5es Liter\u00e1rias\u201d, a feira acontece entre os dias 29 de agosto e 5 de setembro.A edi\u00e7\u00e3o que marca os 25 anos da FIL contar\u00e1 com mais de 350\u2026","rel":"","context":"In &quot;Not\u00edcias de Ribeir\u00e3o Preto-SP e Regi\u00e3o&quot;","block_context":{"text":"Not\u00edcias de Ribeir\u00e3o Preto-SP e Regi\u00e3o","link":"https:\/\/noticiasribeiraopreto.com.br\/index.php\/category\/noticias-de-ribeirao-preto-sp-e-regiao-ismael-colosi\/"},"img":{"alt_text":"","src":"https:\/\/i0.wp.com\/noticiasribeiraopreto.com.br\/wp-content\/uploads\/2026\/08\/Captura-de-tela-2026-08-07-135058.png?fit=1151%2C725&ssl=1&resize=350%2C200","width":350,"height":200,"srcset":"https:\/\/i0.wp.com\/noticiasribeiraopreto.com.br\/wp-content\/uploads\/2026\/08\/Captura-de-tela-2026-08-07-135058.png?fit=1151%2C725&ssl=1&resize=350%2C200 1x, https:\/\/i0.wp.com\/noticiasribeiraopreto.com.br\/wp-content\/uploads\/2026\/08\/Captura-de-tela-2026-08-07-135058.png?fit=1151%2C725&ssl=1&resize=525%2C300 1.5x, https:\/\/i0.wp.com\/noticiasribeiraopreto.com.br\/wp-content\/uploads\/2026\/08\/Captura-de-tela-2026-08-07-135058.png?fit=1151%2C725&ssl=1&resize=700%2C400 2x, https:\/\/i0.wp.com\/noticiasribeiraopreto.com.br\/wp-content\/uploads\/2026\/08\/Captura-de-tela-2026-08-07-135058.png?fit=1151%2C725&ssl=1&resize=1050%2C600 3x"},"classes":[]},{"id":89427,"url":"https:\/\/noticiasribeiraopreto.com.br\/index.php\/2026\/08\/05\/25a-feira-do-livro-propoe-reflexao-sobre-as-formas-de-ler-e-compartilhar-conhecimento-entre-geracoes\/","url_meta":{"origin":91040,"position":3},"title":"25\u00aa Feira do Livro prop\u00f5e reflex\u00e3o sobre as formas de ler e compartilhar conhecimento entre gera\u00e7\u00f5es","author":"noticiasribeiraopreto.com.br","date":"5 de August de 2026","format":false,"excerpt":"Das pesquisas presenciais em bibliotecas e consultas a enciclop\u00e9dias \u00e0s buscas realizadas em celulares, computadores e outras telas, as formas de acessar informa\u00e7\u00f5es, produzir conhecimento e se relacionar com a leitura passaram por mudan\u00e7as ao longo das \u00faltimas d\u00e9cadas. Essas transforma\u00e7\u00f5es orientam o tema da 25\u00aa Feira Internacional do Livro\u2026","rel":"","context":"In &quot;Not\u00edcias de Ribeir\u00e3o Preto-SP e Regi\u00e3o&quot;","block_context":{"text":"Not\u00edcias de Ribeir\u00e3o Preto-SP e Regi\u00e3o","link":"https:\/\/noticiasribeiraopreto.com.br\/index.php\/category\/noticias-de-ribeirao-preto-sp-e-regiao-ismael-colosi\/"},"img":{"alt_text":"","src":"https:\/\/i0.wp.com\/noticiasribeiraopreto.com.br\/wp-content\/uploads\/2026\/08\/a.ok_.feira_do_livro_-_terca_feira_-_foto_guilherme_sircili_5.jpg?fit=1200%2C800&ssl=1&resize=350%2C200","width":350,"height":200,"srcset":"https:\/\/i0.wp.com\/noticiasribeiraopreto.com.br\/wp-content\/uploads\/2026\/08\/a.ok_.feira_do_livro_-_terca_feira_-_foto_guilherme_sircili_5.jpg?fit=1200%2C800&ssl=1&resize=350%2C200 1x, https:\/\/i0.wp.com\/noticiasribeiraopreto.com.br\/wp-content\/uploads\/2026\/08\/a.ok_.feira_do_livro_-_terca_feira_-_foto_guilherme_sircili_5.jpg?fit=1200%2C800&ssl=1&resize=525%2C300 1.5x, https:\/\/i0.wp.com\/noticiasribeiraopreto.com.br\/wp-content\/uploads\/2026\/08\/a.ok_.feira_do_livro_-_terca_feira_-_foto_guilherme_sircili_5.jpg?fit=1200%2C800&ssl=1&resize=700%2C400 2x, https:\/\/i0.wp.com\/noticiasribeiraopreto.com.br\/wp-content\/uploads\/2026\/08\/a.ok_.feira_do_livro_-_terca_feira_-_foto_guilherme_sircili_5.jpg?fit=1200%2C800&ssl=1&resize=1050%2C600 3x"},"classes":[]},{"id":55592,"url":"https:\/\/noticiasribeiraopreto.com.br\/index.php\/2024\/08\/03\/mv-bill-e-carlos-de-assumpcao-falam-sobre-literatura-racismo-e-rap-na-feira-do-livro-de-ribeirao\/","url_meta":{"origin":91040,"position":4},"title":"MV Bill e Carlos de Assump\u00e7\u00e3o falam sobre literatura, racismo e RAP na Feira do Livro de Ribeir\u00e3o","author":"noticiasribeiraopreto.com.br","date":"3 de August de 2024","format":false,"excerpt":"A 23\u00aa edi\u00e7\u00e3o da Feira Internacional do Livro de Ribeir\u00e3o Preto\u00a0(FIL) recebeu o rapper, escritor, ator e cineasta MV Bill, e o advogado, escritor homenageado e professor Carlos de Assump\u00e7\u00e3o nesta sexta-feira (3), no \u201cRecital, RAP e Tal: A atemporalidade da poesia\u201d. O encontro teve in\u00edcio com a apresenta\u00e7\u00e3o do\u2026","rel":"","context":"In &quot;Not\u00edcias de Ribeir\u00e3o Preto-SP e Regi\u00e3o&quot;","block_context":{"text":"Not\u00edcias de Ribeir\u00e3o Preto-SP e Regi\u00e3o","link":"https:\/\/noticiasribeiraopreto.com.br\/index.php\/category\/noticias-de-ribeirao-preto-sp-e-regiao-ismael-colosi\/"},"img":{"alt_text":"","src":"https:\/\/i0.wp.com\/noticiasribeiraopreto.com.br\/wp-content\/uploads\/2024\/08\/Copia-de-Copia-de-TAMANHO-EXATO-PARA-FOTOS-NO-SISTEMA-NOVO-26_2024-08-03_15-22-01_jpg_2024-08-03_15-22-01.webp.webp?fit=1200%2C675&ssl=1&resize=350%2C200","width":350,"height":200,"srcset":"https:\/\/i0.wp.com\/noticiasribeiraopreto.com.br\/wp-content\/uploads\/2024\/08\/Copia-de-Copia-de-TAMANHO-EXATO-PARA-FOTOS-NO-SISTEMA-NOVO-26_2024-08-03_15-22-01_jpg_2024-08-03_15-22-01.webp.webp?fit=1200%2C675&ssl=1&resize=350%2C200 1x, https:\/\/i0.wp.com\/noticiasribeiraopreto.com.br\/wp-content\/uploads\/2024\/08\/Copia-de-Copia-de-TAMANHO-EXATO-PARA-FOTOS-NO-SISTEMA-NOVO-26_2024-08-03_15-22-01_jpg_2024-08-03_15-22-01.webp.webp?fit=1200%2C675&ssl=1&resize=525%2C300 1.5x, https:\/\/i0.wp.com\/noticiasribeiraopreto.com.br\/wp-content\/uploads\/2024\/08\/Copia-de-Copia-de-TAMANHO-EXATO-PARA-FOTOS-NO-SISTEMA-NOVO-26_2024-08-03_15-22-01_jpg_2024-08-03_15-22-01.webp.webp?fit=1200%2C675&ssl=1&resize=700%2C400 2x, https:\/\/i0.wp.com\/noticiasribeiraopreto.com.br\/wp-content\/uploads\/2024\/08\/Copia-de-Copia-de-TAMANHO-EXATO-PARA-FOTOS-NO-SISTEMA-NOVO-26_2024-08-03_15-22-01_jpg_2024-08-03_15-22-01.webp.webp?fit=1200%2C675&ssl=1&resize=1050%2C600 3x"},"classes":[]},{"id":90817,"url":"https:\/\/noticiasribeiraopreto.com.br\/index.php\/2026\/08\/31\/fil-ribeirao-preto-programacao-segunda-feira-31\/","url_meta":{"origin":91040,"position":5},"title":"FIL Ribeir\u00e3o Preto tem programa\u00e7\u00e3o com literatura, m\u00fasica e debates nesta segunda (31)","author":"noticiasribeiraopreto.com.br","date":"31 de August de 2026","format":false,"excerpt":"A programa\u00e7\u00e3o da 25\u00aa FIL \u2013 Feira Internacional do Livro de Ribeir\u00e3o Preto continua nesta segunda-feira (31), com atividades voltadas \u00e0 literatura, \u00e0 educa\u00e7\u00e3o, \u00e0 cultura digital, \u00e0 diversidade, \u00e0 forma\u00e7\u00e3o de leitores e \u00e0s rela\u00e7\u00f5es entre arte e sociedade.Ao longo do dia, a FIL ter\u00e1 confer\u00eancia, conta\u00e7\u00f5es de hist\u00f3rias,\u2026","rel":"","context":"In &quot;Not\u00edcias de Ribeir\u00e3o Preto-SP e Regi\u00e3o&quot;","block_context":{"text":"Not\u00edcias de Ribeir\u00e3o Preto-SP e Regi\u00e3o","link":"https:\/\/noticiasribeiraopreto.com.br\/index.php\/category\/noticias-de-ribeirao-preto-sp-e-regiao-ismael-colosi\/"},"img":{"alt_text":"","src":"https:\/\/i0.wp.com\/noticiasribeiraopreto.com.br\/wp-content\/uploads\/2026\/08\/Feira-do-Livro_2025-2.jpg?fit=1200%2C800&ssl=1&resize=350%2C200","width":350,"height":200,"srcset":"https:\/\/i0.wp.com\/noticiasribeiraopreto.com.br\/wp-content\/uploads\/2026\/08\/Feira-do-Livro_2025-2.jpg?fit=1200%2C800&ssl=1&resize=350%2C200 1x, https:\/\/i0.wp.com\/noticiasribeiraopreto.com.br\/wp-content\/uploads\/2026\/08\/Feira-do-Livro_2025-2.jpg?fit=1200%2C800&ssl=1&resize=525%2C300 1.5x, https:\/\/i0.wp.com\/noticiasribeiraopreto.com.br\/wp-content\/uploads\/2026\/08\/Feira-do-Livro_2025-2.jpg?fit=1200%2C800&ssl=1&resize=700%2C400 2x, https:\/\/i0.wp.com\/noticiasribeiraopreto.com.br\/wp-content\/uploads\/2026\/08\/Feira-do-Livro_2025-2.jpg?fit=1200%2C800&ssl=1&resize=1050%2C600 3x"},"classes":[]}],"jetpack_sharing_enabled":true,"jetpack_shortlink":"https:\/\/wp.me\/peQAOb-nGo","jetpack_featured_media_url":"https:\/\/i0.wp.com\/noticiasribeiraopreto.com.br\/wp-content\/uploads\/2026\/09\/WhatsApp-Image-2026-08-31-at-10.58.08-1.jpeg?fit=1600%2C1200&ssl=1","_links":{"self":[{"href":"https:\/\/noticiasribeiraopreto.com.br\/index.php\/wp-json\/wp\/v2\/posts\/91040","targetHints":{"allow":["GET"]}}],"collection":[{"href":"https:\/\/noticiasribeiraopreto.com.br\/index.php\/wp-json\/wp\/v2\/posts"}],"about":[{"href":"https:\/\/noticiasribeiraopreto.com.br\/index.php\/wp-json\/wp\/v2\/types\/post"}],"author":[{"embeddable":true,"href":"https:\/\/noticiasribeiraopreto.com.br\/index.php\/wp-json\/wp\/v2\/users\/1"}],"replies":[{"embeddable":true,"href":"https:\/\/noticiasribeiraopreto.com.br\/index.php\/wp-json\/wp\/v2\/comments?post=91040"}],"version-history":[{"count":0,"href":"https:\/\/noticiasribeiraopreto.com.br\/index.php\/wp-json\/wp\/v2\/posts\/91040\/revisions"}],"wp:featuredmedia":[{"embeddable":true,"href":"https:\/\/noticiasribeiraopreto.com.br\/index.php\/wp-json\/wp\/v2\/media\/91041"}],"wp:attachment":[{"href":"https:\/\/noticiasribeiraopreto.com.br\/index.php\/wp-json\/wp\/v2\/media?parent=91040"}],"wp:term":[{"taxonomy":"category","embeddable":true,"href":"https:\/\/noticiasribeiraopreto.com.br\/index.php\/wp-json\/wp\/v2\/categories?post=91040"},{"taxonomy":"post_tag","embeddable":true,"href":"https:\/\/noticiasribeiraopreto.com.br\/index.php\/wp-json\/wp\/v2\/tags?post=91040"}],"curies":[{"name":"wp","href":"https:\/\/api.w.org\/{rel}","templated":true}]}}