{"id":91042,"date":"2026-09-03T13:50:24","date_gmt":"2026-09-03T16:50:24","guid":{"rendered":"https:\/\/noticiasribeiraopreto.com.br\/index.php\/2026\/09\/03\/projeto-capacita-150-jovens-da-regiao-de-ribeirao-preto-em-praticas-de-agrofloresta-e-protecao-de-nascentes\/"},"modified":"2026-09-03T13:50:24","modified_gmt":"2026-09-03T16:50:24","slug":"projeto-capacita-150-jovens-da-regiao-de-ribeirao-preto-em-praticas-de-agrofloresta-e-protecao-de-nascentes","status":"publish","type":"post","link":"https:\/\/noticiasribeiraopreto.com.br\/index.php\/2026\/09\/03\/projeto-capacita-150-jovens-da-regiao-de-ribeirao-preto-em-praticas-de-agrofloresta-e-protecao-de-nascentes\/","title":{"rendered":"Projeto capacita 150 jovens da regi\u00e3o de Ribeir\u00e3o Preto em pr\u00e1ticas de agrofloresta e prote\u00e7\u00e3o de nascentes"},"content":{"rendered":"<div class='code-block code-block-1' style='margin: 8px 0 8px auto; text-align: right; display: block; clear: both;'>\n<p><a href=\"https:\/\/wa.link\/vpicfd\"><img data-recalc-dims=\"1\" class=\"wp-image-4922\" style=\"aspect-ratio: 2.0253164556962027; width: 561px; height: auto;\" src=\"https:\/\/i0.wp.com\/ismaelcolosi.com.br\/wp-content\/uploads\/2023\/11\/grupo-de-empregos-whatsapp-e-facebook-ismael-colosi-vagas.jpg?ssl=1\" alt=\"\" \/><\/a><\/p>\n<!-- \/wp:image -->\n<\/div>\n<p> <br \/>\n<\/p>\n<p><strong>Cravinhos,<\/strong> cidade localizada na regi\u00e3o de Ribeir\u00e3o Preto, recebe a partir desta <strong>sexta-feira (4)<\/strong> o <strong>projeto \u201c\u00c1gua se Planta!\u201d<\/strong>, voltado \u00e0 <strong>educa\u00e7\u00e3o ambiental<\/strong> e \u00e0 prote\u00e7\u00e3o dos recursos h\u00eddricos. A iniciativa busca capacitar 150 adolescentes, com idades entre 14 e 17 anos, em sistemas agroflorestais e conserva\u00e7\u00e3o da \u00e1gua.<\/p>\n<p><mark class=\"has-inline-color\">O projeto segue at\u00e9 abril de 2027 e tem como objetivo viv\u00eancias pr\u00e1ticas em sistemas agroflorestais<\/mark> e a recupera\u00e7\u00e3o de corpos d\u2019\u00e1gua da Bacia Hidrogr\u00e1fica do Rio Pardo. A iniciativa \u00e9 desenvolvida pelo Instituto Nova Era de Desenvolvimento Socioambiental em parceria com o Fehidro e o Senar.<\/p>\n<figure class=\"wp-block-image size-large\"><figcaption class=\"wp-element-caption\">Projeto capacita 150 adolescentes em agrofloresta e preserva\u00e7\u00e3o da \u00e1gua \u2013 Foto: divulga\u00e7\u00e3o<\/figcaption><\/figure>\n<p class=\"has-very-light-gray-to-cyan-bluish-gray-gradient-background has-background\"><em>Receba not\u00edcias do\u00a0<strong>acidade on Ribeir\u00e3o\u00a0<\/strong>no WhatsApp e fique por dentro de tudo! Basta acessar o link<a href=\"https:\/\/chat.whatsapp.com\/DfXwcjKVIddHUT3BvnQuPZ?mode=hqctshi\" target=\"_blank\" rel=\"noreferrer noopener\">\u00a0aqui<\/a>!<\/em><\/p>\n<h2 class=\"wp-block-heading\"><strong>Projeto \u201c\u00c1gua se Planta!\u201d<\/strong><\/h2>\n<p>A iniciativa com dura\u00e7\u00e3o de dez meses divide os participantes em dez turmas de 15 alunos para visitas ecopedag\u00f3gicas \u00e0 Fazenda Painal, sede do instituto em Cravinhos. No local, os jovens ter\u00e3o contato pr\u00e1tico com agroflorestas, nascentes recuperadas e atividades da agroind\u00fastria. <\/p>\n<p>Al\u00e9m disso, a programa\u00e7\u00e3o prev\u00ea oficinas e a\u00e7\u00f5es culturais abertas \u00e0 comunidade, com teatro, exibi\u00e7\u00e3o de v\u00eddeo e rodas de conversa.<\/p>\n<figure class=\"wp-block-image size-large\"><img data-recalc-dims=\"1\" loading=\"lazy\" decoding=\"async\" width=\"1024\" height=\"576\" src=\"https:\/\/i0.wp.com\/www.acidadeon.com\/ribeiraopreto\/wp-content\/uploads\/sites\/3\/2026\/09\/Projeto-capacita-150-adolescentes-em-agrofloresta-e-preservacao-da-agua-5-1024x576.jpeg?resize=1024%2C576&#038;ssl=1\" alt=\"Projeto capacita 150 adolescentes em agrofloresta e preserva\u00e7\u00e3o da \u00e1gua - Foto: divulga\u00e7\u00e3o\" class=\"wp-image-173575\" title=\"Projeto capacita 150 jovens da regi\u00e3o de Ribeir\u00e3o Preto em pr\u00e1ticas de agrofloresta e prote\u00e7\u00e3o de nascentes 2\"><figcaption class=\"wp-element-caption\">Projeto capacita 150 adolescentes em agrofloresta e preserva\u00e7\u00e3o da \u00e1gua \u2013 Foto: divulga\u00e7\u00e3o<\/figcaption><\/figure>\n<p>O coordenador t\u00e9cnico do projeto, Jo\u00e3o Robazzi, destaca a import\u00e2ncia da iniciativa.<\/p>\n<blockquote class=\"wp-block-quote is-layout-flow wp-block-quote-is-layout-flow\">\n<p>\u201cQuando falamos sobre \u00e1gua, muitas vezes pensamos apenas no rio, na nascente ou na represa. Mas existe uma rela\u00e7\u00e3o muito mais profunda entre a \u00e1gua e a forma como cuidamos do solo. O \u2018\u00c1gua se Planta!\u2019 quer aproximar os adolescentes de solu\u00e7\u00f5es que podem fazer parte do futuro da pr\u00f3pria regi\u00e3o.<\/p>\n<\/blockquote>\n<p>O coordenador comenta que um dos objetivos do projeto \u00e9 compreender a atividade na pr\u00e1tica.<\/p>\n<blockquote class=\"wp-block-quote is-layout-flow wp-block-quote-is-layout-flow\">\n<p>A proposta \u00e9 que eles compreendam, na pr\u00e1tica, que a conserva\u00e7\u00e3o da \u00e1gua n\u00e3o come\u00e7a apenas nas margens de um rio ou dentro de uma nascente, mas tamb\u00e9m na maneira como o solo \u00e9 utilizado e manejado\u201d, afirma Jo\u00e3o Robazzi.<\/p>\n<\/blockquote>\n<p>A meta da iniciativa \u00e9 que pelo menos 80% dos participantes ampliem os conhecimentos sobre agrofloresta e conserva\u00e7\u00e3o da \u00e1gua ao longo da forma\u00e7\u00e3o.<\/p>\n<figure class=\"wp-block-gallery has-nested-images columns-default is-cropped wp-block-gallery-1 is-layout-flex wp-block-gallery-is-layout-flex\">\n<figure class=\"wp-block-image size-large\"><img data-recalc-dims=\"1\" loading=\"lazy\" decoding=\"async\" width=\"1024\" height=\"576\" data-id=\"173576\" src=\"https:\/\/i0.wp.com\/www.acidadeon.com\/ribeiraopreto\/wp-content\/uploads\/sites\/3\/2026\/09\/Projeto-capacita-150-adolescentes-em-agrofloresta-e-preservacao-da-agua-6-1024x576.jpeg?resize=1024%2C576&#038;ssl=1\" alt=\"Projeto capacita 150 adolescentes em agrofloresta e preserva\u00e7\u00e3o da \u00e1gua - Foto: divulga\u00e7\u00e3o\" class=\"wp-image-173576\" title=\"Projeto capacita 150 jovens da regi\u00e3o de Ribeir\u00e3o Preto em pr\u00e1ticas de agrofloresta e prote\u00e7\u00e3o de nascentes 3\"><figcaption class=\"wp-element-caption\">Foto: divulga\u00e7\u00e3o<\/figcaption><\/figure>\n<figure class=\"wp-block-image size-large\"><img data-recalc-dims=\"1\" loading=\"lazy\" decoding=\"async\" width=\"1024\" height=\"576\" data-id=\"173574\" src=\"https:\/\/i0.wp.com\/www.acidadeon.com\/ribeiraopreto\/wp-content\/uploads\/sites\/3\/2026\/09\/Projeto-capacita-150-adolescentes-em-agrofloresta-e-preservacao-da-agua-4-1024x576.jpeg?resize=1024%2C576&#038;ssl=1\" alt=\"Projeto capacita 150 adolescentes em agrofloresta e preserva\u00e7\u00e3o da \u00e1gua - Foto: divulga\u00e7\u00e3o\" class=\"wp-image-173574\" title=\"Projeto capacita 150 jovens da regi\u00e3o de Ribeir\u00e3o Preto em pr\u00e1ticas de agrofloresta e prote\u00e7\u00e3o de nascentes 4\"><figcaption class=\"wp-element-caption\"> Foto: divulga\u00e7\u00e3o<\/figcaption><\/figure>\n<figure class=\"wp-block-image size-large\"><img data-recalc-dims=\"1\" loading=\"lazy\" decoding=\"async\" width=\"1024\" height=\"576\" data-id=\"173572\" src=\"https:\/\/i0.wp.com\/www.acidadeon.com\/ribeiraopreto\/wp-content\/uploads\/sites\/3\/2026\/09\/Projeto-capacita-150-adolescentes-em-agrofloresta-e-preservacao-da-agua-2-1024x576.jpeg?resize=1024%2C576&#038;ssl=1\" alt=\"Projeto capacita 150 adolescentes em agrofloresta e preserva\u00e7\u00e3o da \u00e1gua - Foto: divulga\u00e7\u00e3o\" class=\"wp-image-173572\" title=\"Projeto capacita 150 jovens da regi\u00e3o de Ribeir\u00e3o Preto em pr\u00e1ticas de agrofloresta e prote\u00e7\u00e3o de nascentes 5\"><figcaption class=\"wp-element-caption\"> Foto: divulga\u00e7\u00e3o<\/figcaption><\/figure>\n<\/figure>\n<p class=\"has-very-light-gray-to-cyan-bluish-gray-gradient-background has-background\"><em>Fa\u00e7a uma den\u00fancia ou sugira uma reportagem sobre\u00a0<strong>Ribeir\u00e3o Preto\u00a0<\/strong>e regi\u00e3o por meio do WhatsApp do\u00a0<strong>acidade on Ribeir\u00e3o<\/strong>: (16) 99117-7802.<\/em><\/p>\n<p>O post Projeto capacita 150 jovens da regi\u00e3o de Ribeir\u00e3o Preto em pr\u00e1ticas de agrofloresta e prote\u00e7\u00e3o de nascentes apareceu primeiro em ACidade ON Ribeir\u00e3o Preto.<\/p>\n<p><br \/>\n<br \/><a href=\"https:\/\/www.acidadeon.com\/ribeiraopreto\/cotidiano\/projeto-capacita-150-jovens-da-regiao-de-ribeirao-preto-em-praticas-de-agrofloresta-e-protecao-de-nascentes\/\">Link para o texto original aqui <\/a><\/p>\n<!-- CONTENT END 1 -->\n","protected":false},"excerpt":{"rendered":"<p>Cravinhos, cidade localizada na regi\u00e3o de Ribeir\u00e3o Preto, recebe a partir desta sexta-feira (4) o projeto \u201c\u00c1gua se Planta!\u201d, voltado \u00e0 educa\u00e7\u00e3o ambiental e \u00e0&#8230;<\/p>\n","protected":false},"author":1,"featured_media":91043,"comment_status":"","ping_status":"","sticky":false,"template":"","format":"standard","meta":{"advanced_seo_description":"","jetpack_seo_html_title":"","jetpack_seo_noindex":false,"jetpack_seo_schema_type":"","_jetpack_newsletter_access":"","_jetpack_dont_email_post_to_subs":false,"_jetpack_newsletter_tier_id":0,"_jetpack_memberships_contains_paywalled_content":false,"_jetpack_feature_clip_id":0,"_jetpack_memberships_contains_paid_content":false,"footnotes":"","jetpack_publicize_message":"","jetpack_publicize_feature_enabled":true,"jetpack_social_post_already_shared":true,"jetpack_social_options":{"image_generator_settings":{"template":"highway","default_image_id":0,"font":"","enabled":false},"version":2},"jetpack_post_was_ever_published":false},"categories":[11],"tags":[8910,8909,1242,8911,5423,27,685,1796,277,26],"class_list":["post-91042","post","type-post","status-publish","format-standard","has-post-thumbnail","hentry","category-noticias-de-ribeirao-preto-sp-e-regiao-ismael-colosi","tag-agrofloresta","tag-capacita","tag-jovens","tag-nascentes","tag-praticas","tag-preto","tag-projeto","tag-protecao","tag-regiao","tag-ribeirao"],"jetpack_publicize_connections":[],"jetpack-related-posts":[{"id":80912,"url":"https:\/\/noticiasribeiraopreto.com.br\/index.php\/2025\/12\/18\/ribeirao-preto-ganha-agrofloresta-urbana-com-mais-de-50-especies-plantadas\/","url_meta":{"origin":91042,"position":0},"title":"Ribeir\u00e3o Preto ganha agrofloresta urbana com mais de 50 esp\u00e9cies plantadas","author":"noticiasribeiraopreto.com.br","date":"18 de December de 2025","format":false,"excerpt":"Ribeir\u00e3o Preto recebeu a primeira agrofloresta em \u00e1rea urbana, implantada em uma \u00e1rea de cerca de um hectare na parte externa do est\u00e1dio do Santa Cruz, no bairro Ribeir\u00e2nia, onde volunt\u00e1rios e especialistas se re\u00fanem aos s\u00e1bados para o plantio. Conforme explica\u00e7\u00e3o da Embrapa, esse sistema \u00e9 um modelos de\u2026","rel":"","context":"In &quot;Not\u00edcias de Ribeir\u00e3o Preto-SP e Regi\u00e3o&quot;","block_context":{"text":"Not\u00edcias de Ribeir\u00e3o Preto-SP e Regi\u00e3o","link":"https:\/\/noticiasribeiraopreto.com.br\/index.php\/category\/noticias-de-ribeirao-preto-sp-e-regiao-ismael-colosi\/"},"img":{"alt_text":"","src":"https:\/\/i0.wp.com\/noticiasribeiraopreto.com.br\/wp-content\/uploads\/2025\/12\/domingo-9_2025-12-17_17-42-59.webp.webp?fit=1200%2C675&ssl=1&resize=350%2C200","width":350,"height":200,"srcset":"https:\/\/i0.wp.com\/noticiasribeiraopreto.com.br\/wp-content\/uploads\/2025\/12\/domingo-9_2025-12-17_17-42-59.webp.webp?fit=1200%2C675&ssl=1&resize=350%2C200 1x, https:\/\/i0.wp.com\/noticiasribeiraopreto.com.br\/wp-content\/uploads\/2025\/12\/domingo-9_2025-12-17_17-42-59.webp.webp?fit=1200%2C675&ssl=1&resize=525%2C300 1.5x, https:\/\/i0.wp.com\/noticiasribeiraopreto.com.br\/wp-content\/uploads\/2025\/12\/domingo-9_2025-12-17_17-42-59.webp.webp?fit=1200%2C675&ssl=1&resize=700%2C400 2x, https:\/\/i0.wp.com\/noticiasribeiraopreto.com.br\/wp-content\/uploads\/2025\/12\/domingo-9_2025-12-17_17-42-59.webp.webp?fit=1200%2C675&ssl=1&resize=1050%2C600 3x"},"classes":[]},{"id":41710,"url":"https:\/\/noticiasribeiraopreto.com.br\/index.php\/2024\/03\/10\/santa-rosa-inaugura-a-escola-de-educacao-ambiental-de-nhumirim\/","url_meta":{"origin":91042,"position":1},"title":"Santa Rosa inaugura a Escola de Educa\u00e7\u00e3o Ambiental de Nhumirim\u00a0","author":"noticiasribeiraopreto.com.br","date":"10 de March de 2024","format":false,"excerpt":"Adriana Dorazi \u2013 especial para o Tribuna A partir deste m\u00eas de mar\u00e7o estudantes de Santa Rosa de Viterbo e munic\u00edpios vizinhos poder\u00e3o aprender mais sobre educa\u00e7\u00e3o ambiental na pr\u00e1tica, em um projeto pioneiro. Foi inaugurada no \u00faltimo dia 29 a Escola de Educa\u00e7\u00e3o Ambiental Norberto Vilas Boas. Localizada no\u2026","rel":"","context":"In &quot;Not\u00edcias de Ribeir\u00e3o Preto-SP e Regi\u00e3o&quot;","block_context":{"text":"Not\u00edcias de Ribeir\u00e3o Preto-SP e Regi\u00e3o","link":"https:\/\/noticiasribeiraopreto.com.br\/index.php\/category\/noticias-de-ribeirao-preto-sp-e-regiao-ismael-colosi\/"},"img":{"alt_text":"","src":"https:\/\/i0.wp.com\/noticiasribeiraopreto.com.br\/wp-content\/uploads\/2024\/03\/Escola_Ed_Ambiental_divulgacao01-scaled.jpg?fit=1000%2C562&ssl=1&resize=350%2C200","width":350,"height":200,"srcset":"https:\/\/i0.wp.com\/noticiasribeiraopreto.com.br\/wp-content\/uploads\/2024\/03\/Escola_Ed_Ambiental_divulgacao01-scaled.jpg?fit=1000%2C562&ssl=1&resize=350%2C200 1x, https:\/\/i0.wp.com\/noticiasribeiraopreto.com.br\/wp-content\/uploads\/2024\/03\/Escola_Ed_Ambiental_divulgacao01-scaled.jpg?fit=1000%2C562&ssl=1&resize=525%2C300 1.5x, https:\/\/i0.wp.com\/noticiasribeiraopreto.com.br\/wp-content\/uploads\/2024\/03\/Escola_Ed_Ambiental_divulgacao01-scaled.jpg?fit=1000%2C562&ssl=1&resize=700%2C400 2x"},"classes":[]},{"id":67190,"url":"https:\/\/noticiasribeiraopreto.com.br\/index.php\/2025\/04\/10\/conheca-a-experiencia-de-uma-agrofloresta-na-regiao-de-ribeirao-preto\/","url_meta":{"origin":91042,"position":2},"title":"Conhe\u00e7a a experi\u00eancia de uma agrofloresta na regi\u00e3o de Ribeir\u00e3o Preto","author":"noticiasribeiraopreto.com.br","date":"10 de April de 2025","format":false,"excerpt":"O exemplo da agrofloresta do S\u00edtio Santa Terra, em Patroc\u00ednio Paulista, na regi\u00e3o de Ribeir\u00e3o Preto, foi um dos destaques de um workshop na 5\u00aa edi\u00e7\u00e3o da Alta Caf\u00e9, no Clube de Campo da Franca. O workshop foi apresentando pelos agroflorestadores Anderson Arcanjoleto e Ang\u00e9lica Facirolli nesta quinta-feira (10), \u00faltimo\u2026","rel":"","context":"In &quot;Not\u00edcias de Ribeir\u00e3o Preto-SP e Regi\u00e3o&quot;","block_context":{"text":"Not\u00edcias de Ribeir\u00e3o Preto-SP e Regi\u00e3o","link":"https:\/\/noticiasribeiraopreto.com.br\/index.php\/category\/noticias-de-ribeirao-preto-sp-e-regiao-ismael-colosi\/"},"img":{"alt_text":"","src":"https:\/\/i0.wp.com\/noticiasribeiraopreto.com.br\/wp-content\/uploads\/2025\/04\/agrofloresta_2025-04-10_19-14-02_jpeg_2025-04-10_19-14-02.webp.webp?fit=1024%2C576&ssl=1&resize=350%2C200","width":350,"height":200,"srcset":"https:\/\/i0.wp.com\/noticiasribeiraopreto.com.br\/wp-content\/uploads\/2025\/04\/agrofloresta_2025-04-10_19-14-02_jpeg_2025-04-10_19-14-02.webp.webp?fit=1024%2C576&ssl=1&resize=350%2C200 1x, https:\/\/i0.wp.com\/noticiasribeiraopreto.com.br\/wp-content\/uploads\/2025\/04\/agrofloresta_2025-04-10_19-14-02_jpeg_2025-04-10_19-14-02.webp.webp?fit=1024%2C576&ssl=1&resize=525%2C300 1.5x, https:\/\/i0.wp.com\/noticiasribeiraopreto.com.br\/wp-content\/uploads\/2025\/04\/agrofloresta_2025-04-10_19-14-02_jpeg_2025-04-10_19-14-02.webp.webp?fit=1024%2C576&ssl=1&resize=700%2C400 2x"},"classes":[]},{"id":64226,"url":"https:\/\/noticiasribeiraopreto.com.br\/index.php\/2025\/03\/05\/projeto-oferece-atividades-esportivas-e-recreativas-gratuitas-em-ruas-de-ribeirao-preto\/","url_meta":{"origin":91042,"position":3},"title":"Projeto oferece atividades esportivas e recreativas gratuitas em ruas de Ribeir\u00e3o Preto","author":"noticiasribeiraopreto.com.br","date":"5 de March de 2025","format":false,"excerpt":"Ribeir\u00e3o Preto recebe neste domingo (9), a primeira edi\u00e7\u00e3o \u201cVida Ativa \u2013 Ruas de Lazer\u201d, projeto que busca aproximar a popula\u00e7\u00e3o da pr\u00e1tica esportiva e conscientizar sobre os benef\u00edcios de uma vida ativa. O projeto acontece partir das 8h, na avenida Maestro Herv\u00e9 Cordovil, no bairro Ant\u00f4nio Marincek, em frente\u2026","rel":"","context":"In &quot;Not\u00edcias de Ribeir\u00e3o Preto-SP e Regi\u00e3o&quot;","block_context":{"text":"Not\u00edcias de Ribeir\u00e3o Preto-SP e Regi\u00e3o","link":"https:\/\/noticiasribeiraopreto.com.br\/index.php\/category\/noticias-de-ribeirao-preto-sp-e-regiao-ismael-colosi\/"},"img":{"alt_text":"","src":"https:\/\/i0.wp.com\/noticiasribeiraopreto.com.br\/wp-content\/uploads\/2025\/03\/rua_de_lazer_1-1_2025-03-05_21-40-01_jpeg_2025-03-05_21-40-01.webp.webp?fit=1000%2C666&ssl=1&resize=350%2C200","width":350,"height":200,"srcset":"https:\/\/i0.wp.com\/noticiasribeiraopreto.com.br\/wp-content\/uploads\/2025\/03\/rua_de_lazer_1-1_2025-03-05_21-40-01_jpeg_2025-03-05_21-40-01.webp.webp?fit=1000%2C666&ssl=1&resize=350%2C200 1x, https:\/\/i0.wp.com\/noticiasribeiraopreto.com.br\/wp-content\/uploads\/2025\/03\/rua_de_lazer_1-1_2025-03-05_21-40-01_jpeg_2025-03-05_21-40-01.webp.webp?fit=1000%2C666&ssl=1&resize=525%2C300 1.5x, https:\/\/i0.wp.com\/noticiasribeiraopreto.com.br\/wp-content\/uploads\/2025\/03\/rua_de_lazer_1-1_2025-03-05_21-40-01_jpeg_2025-03-05_21-40-01.webp.webp?fit=1000%2C666&ssl=1&resize=700%2C400 2x"},"classes":[]},{"id":73456,"url":"https:\/\/noticiasribeiraopreto.com.br\/index.php\/2025\/07\/02\/projeto-de-artes-marciais-abre-inscricoes-gratuitas-em-ribeirao-preto\/","url_meta":{"origin":91042,"position":4},"title":"Projeto de artes marciais abre inscri\u00e7\u00f5es gratuitas em Ribeir\u00e3o Preto","author":"noticiasribeiraopreto.com.br","date":"2 de July de 2025","format":false,"excerpt":"O projeto Escola Aberta de Artes Marciais recebe inscri\u00e7\u00f5es at\u00e9 sexta-feira (4), \u00e0s 14h. As vagas s\u00e3o para as modalidades de jiu-jitsu e capoeira. As aulas come\u00e7aram nesta semana e acontecem na Escola de Educa\u00e7\u00e3o F\u00edsica e Esporte de Ribeir\u00e3o Preto (EEFERP) da USP, em parceria com o Centro Internacional\u2026","rel":"","context":"In &quot;Not\u00edcias de Ribeir\u00e3o Preto-SP e Regi\u00e3o&quot;","block_context":{"text":"Not\u00edcias de Ribeir\u00e3o Preto-SP e Regi\u00e3o","link":"https:\/\/noticiasribeiraopreto.com.br\/index.php\/category\/noticias-de-ribeirao-preto-sp-e-regiao-ismael-colosi\/"},"img":{"alt_text":"","src":"https:\/\/i0.wp.com\/noticiasribeiraopreto.com.br\/wp-content\/uploads\/2025\/07\/karate-player-performing-karate-stance_2025-07-02_20-35-10.webp.webp?fit=1200%2C800&ssl=1&resize=350%2C200","width":350,"height":200,"srcset":"https:\/\/i0.wp.com\/noticiasribeiraopreto.com.br\/wp-content\/uploads\/2025\/07\/karate-player-performing-karate-stance_2025-07-02_20-35-10.webp.webp?fit=1200%2C800&ssl=1&resize=350%2C200 1x, https:\/\/i0.wp.com\/noticiasribeiraopreto.com.br\/wp-content\/uploads\/2025\/07\/karate-player-performing-karate-stance_2025-07-02_20-35-10.webp.webp?fit=1200%2C800&ssl=1&resize=525%2C300 1.5x, https:\/\/i0.wp.com\/noticiasribeiraopreto.com.br\/wp-content\/uploads\/2025\/07\/karate-player-performing-karate-stance_2025-07-02_20-35-10.webp.webp?fit=1200%2C800&ssl=1&resize=700%2C400 2x, https:\/\/i0.wp.com\/noticiasribeiraopreto.com.br\/wp-content\/uploads\/2025\/07\/karate-player-performing-karate-stance_2025-07-02_20-35-10.webp.webp?fit=1200%2C800&ssl=1&resize=1050%2C600 3x"},"classes":[]},{"id":86517,"url":"https:\/\/noticiasribeiraopreto.com.br\/index.php\/2026\/06\/15\/rede-de-apoio-a-vitimas-de-violencia-registra-55-mil-atendimentos-em-ribeirao-preto\/","url_meta":{"origin":91042,"position":5},"title":"Rede de apoio a v\u00edtimas de viol\u00eancia registra 5,5 mil atendimentos em Ribeir\u00e3o Preto","author":"noticiasribeiraopreto.com.br","date":"15 de June de 2026","format":false,"excerpt":"A rede de apoio a v\u00edtimas de viol\u00eancia dom\u00e9stica ligada ao N\u00facleo de Justi\u00e7a Restaurativa de Ribeir\u00e3o Preto registrou 5.549 atendimentos entre 2023 e 2025. LeiaEntenda o guia Atendimento a mulheres concentra maior volume de a\u00e7\u00f5esProjetos trabalham com autores de viol\u00eanciaA proposta Entenda o guia Os n\u00fameros integram o Guia\u2026","rel":"","context":"In &quot;Not\u00edcias de Ribeir\u00e3o Preto-SP e Regi\u00e3o&quot;","block_context":{"text":"Not\u00edcias de Ribeir\u00e3o Preto-SP e Regi\u00e3o","link":"https:\/\/noticiasribeiraopreto.com.br\/index.php\/category\/noticias-de-ribeirao-preto-sp-e-regiao-ismael-colosi\/"},"img":{"alt_text":"","src":"https:\/\/i0.wp.com\/noticiasribeiraopreto.com.br\/wp-content\/uploads\/2025\/03\/DDM_2025-03-13_15-22-52_jpg_2025-03-13_15-22-52.webp.webp?fit=1200%2C854&ssl=1&resize=350%2C200","width":350,"height":200,"srcset":"https:\/\/i0.wp.com\/noticiasribeiraopreto.com.br\/wp-content\/uploads\/2025\/03\/DDM_2025-03-13_15-22-52_jpg_2025-03-13_15-22-52.webp.webp?fit=1200%2C854&ssl=1&resize=350%2C200 1x, https:\/\/i0.wp.com\/noticiasribeiraopreto.com.br\/wp-content\/uploads\/2025\/03\/DDM_2025-03-13_15-22-52_jpg_2025-03-13_15-22-52.webp.webp?fit=1200%2C854&ssl=1&resize=525%2C300 1.5x, https:\/\/i0.wp.com\/noticiasribeiraopreto.com.br\/wp-content\/uploads\/2025\/03\/DDM_2025-03-13_15-22-52_jpg_2025-03-13_15-22-52.webp.webp?fit=1200%2C854&ssl=1&resize=700%2C400 2x, https:\/\/i0.wp.com\/noticiasribeiraopreto.com.br\/wp-content\/uploads\/2025\/03\/DDM_2025-03-13_15-22-52_jpg_2025-03-13_15-22-52.webp.webp?fit=1200%2C854&ssl=1&resize=1050%2C600 3x"},"classes":[]}],"jetpack_sharing_enabled":true,"jetpack_shortlink":"https:\/\/wp.me\/peQAOb-nGq","jetpack_featured_media_url":"https:\/\/i0.wp.com\/noticiasribeiraopreto.com.br\/wp-content\/uploads\/2026\/09\/Projeto-capacita-150-adolescentes-em-agrofloresta-e-preservacao-da-agua-3.jpeg?fit=1600%2C900&ssl=1","_links":{"self":[{"href":"https:\/\/noticiasribeiraopreto.com.br\/index.php\/wp-json\/wp\/v2\/posts\/91042","targetHints":{"allow":["GET"]}}],"collection":[{"href":"https:\/\/noticiasribeiraopreto.com.br\/index.php\/wp-json\/wp\/v2\/posts"}],"about":[{"href":"https:\/\/noticiasribeiraopreto.com.br\/index.php\/wp-json\/wp\/v2\/types\/post"}],"author":[{"embeddable":true,"href":"https:\/\/noticiasribeiraopreto.com.br\/index.php\/wp-json\/wp\/v2\/users\/1"}],"replies":[{"embeddable":true,"href":"https:\/\/noticiasribeiraopreto.com.br\/index.php\/wp-json\/wp\/v2\/comments?post=91042"}],"version-history":[{"count":0,"href":"https:\/\/noticiasribeiraopreto.com.br\/index.php\/wp-json\/wp\/v2\/posts\/91042\/revisions"}],"wp:featuredmedia":[{"embeddable":true,"href":"https:\/\/noticiasribeiraopreto.com.br\/index.php\/wp-json\/wp\/v2\/media\/91043"}],"wp:attachment":[{"href":"https:\/\/noticiasribeiraopreto.com.br\/index.php\/wp-json\/wp\/v2\/media?parent=91042"}],"wp:term":[{"taxonomy":"category","embeddable":true,"href":"https:\/\/noticiasribeiraopreto.com.br\/index.php\/wp-json\/wp\/v2\/categories?post=91042"},{"taxonomy":"post_tag","embeddable":true,"href":"https:\/\/noticiasribeiraopreto.com.br\/index.php\/wp-json\/wp\/v2\/tags?post=91042"}],"curies":[{"name":"wp","href":"https:\/\/api.w.org\/{rel}","templated":true}]}}