{"id":91044,"date":"2026-09-03T15:00:00","date_gmt":"2026-09-03T18:00:00","guid":{"rendered":"https:\/\/noticiasribeiraopreto.com.br\/index.php\/2026\/09\/03\/nao-tenho-medo-dela-diz-vitima-de-acai-envenenado-ao-defender-namorada\/"},"modified":"2026-09-03T15:00:00","modified_gmt":"2026-09-03T18:00:00","slug":"nao-tenho-medo-dela-diz-vitima-de-acai-envenenado-ao-defender-namorada","status":"publish","type":"post","link":"https:\/\/noticiasribeiraopreto.com.br\/index.php\/2026\/09\/03\/nao-tenho-medo-dela-diz-vitima-de-acai-envenenado-ao-defender-namorada\/","title":{"rendered":"\u2018N\u00e3o tenho medo dela\u2019, diz v\u00edtima de a\u00e7a\u00ed envenenado ao defender namorada"},"content":{"rendered":"<div class='code-block code-block-1' style='margin: 8px 0 8px auto; text-align: right; display: block; clear: both;'>\n<p><a href=\"https:\/\/wa.link\/vpicfd\"><img data-recalc-dims=\"1\" class=\"wp-image-4922\" style=\"aspect-ratio: 2.0253164556962027; width: 561px; height: auto;\" src=\"https:\/\/i0.wp.com\/ismaelcolosi.com.br\/wp-content\/uploads\/2023\/11\/grupo-de-empregos-whatsapp-e-facebook-ismael-colosi-vagas.jpg?ssl=1\" alt=\"\" \/><\/a><\/p>\n<!-- \/wp:image -->\n<\/div>\n<p> <br \/>\n<\/p>\n<p>Adenilson Ferreira Parente, v\u00edtima do caso do a\u00e7a\u00ed envenenado em Ribeir\u00e3o Preto, afirmou \u00e0 Justi\u00e7a que n\u00e3o acredita que a namorada, Larissa de Souza Batista, tenha tentado mat\u00e1-lo. Durante a audi\u00eancia de instru\u00e7\u00e3o, <strong>ele disse que n\u00e3o sabe como a subst\u00e2ncia apontada como veneno chegou ao copo e declarou que n\u00e3o sente medo dela.<\/strong><\/p>\n<div class=\"wp-block-rank-math-toc-block\" id=\"rank-math-toc\">\n<h2>Entenda<\/h2>\n<nav>\n<ul>\n<li class=\"\">V\u00edtima afirma que pretende continuar relacionamento<\/li>\n<li class=\"\">Promotor considera depoimento ao pedir liberdade<\/li>\n<li class=\"\">Adenilson relata compra e consumo do a\u00e7a\u00ed<\/li>\n<li class=\"\">Namorada teria pedido ajuda ap\u00f3s sintomas<\/li>\n<li class=\"\">Larissa afirma que colocou leite condensado<\/li>\n<li class=\"\">O que diz a defesa?<\/li>\n<\/ul>\n<\/nav>\n<\/div>\n<p>O depoimento aconteceu durante a audi\u00eancia que apura a acusa\u00e7\u00e3o de tentativa de homic\u00eddio contra Larissa. Segundo Adenilson, a namorada tamb\u00e9m foi respons\u00e1vel por buscar ajuda quando ele come\u00e7ou a apresentar sintomas ap\u00f3s consumir o a\u00e7a\u00ed.<\/p>\n<h2 class=\"wp-block-heading\" id=\"vitima-afirma-que-pretende-continuar-relacionamento\">V\u00edtima afirma que pretende continuar relacionamento<\/h2>\n<p>Adenilson contou que mant\u00e9m um relacionamento com Larissa h\u00e1 cerca de tr\u00eas anos e afirmou que a conviv\u00eancia entre os dois n\u00e3o faz com que ele acredite na hip\u00f3tese de uma tentativa de homic\u00eddio.<\/p>\n<p>Questionado sobre a possibilidade de a namorada deixar a pris\u00e3o, ele disse que pretende continuar com o relacionamento e voltar a morar com ela.<\/p>\n<div class=\"wp-block-image\">\n<figure class=\"aligncenter size-full\"><figcaption class=\"wp-element-caption\">Adenilson Ferreira Parente \u2013 Foto: Reprodu\u00e7\u00e3o<\/figcaption><\/figure>\n<\/div>\n<p>Durante o depoimento, Adenilson tamb\u00e9m negou que os dois tenham discutido no dia em que ele passou mal. Ele afirmou ainda que o casal n\u00e3o enfrentava problemas financeiros.<\/p>\n<p>O homem disse que Larissa n\u00e3o costumava pedir dinheiro de forma excessiva e negou a exist\u00eancia de seguros ou outros benef\u00edcios em seu nome que pudessem favorecer a namorada.<\/p>\n<h2 class=\"wp-block-heading\" id=\"promotor-considera-depoimento-ao-pedir-liberdade\">Promotor considera depoimento ao pedir liberdade<\/h2>\n<p>O promotor <strong>Eliseu Berardo Gon\u00e7alves<\/strong> se manifestou favoravelmente ao pedido de liberdade provis\u00f3ria apresentado pela defesa de Larissa.<\/p>\n<p>Segundo ele, o posicionamento de Adenilson teve peso na manifesta\u00e7\u00e3o do Minist\u00e9rio P\u00fablico. O promotor explicou que avaliaria a situa\u00e7\u00e3o de outra forma caso a v\u00edtima afirmasse ter medo da r\u00e9 ou temesse sofrer algum novo ataque.<\/p>\n<blockquote class=\"wp-block-quote is-layout-flow wp-block-quote-is-layout-flow\">\n<p><em>\u201cPoderia haver perigo para ele, para o Adenilson, a soltura dela. Mas, como ele vai continuar morando com ela, ele n\u00e3o tem medo nenhum, temor nenhum, ent\u00e3o pesou\u201d<\/em>, afirmou.<\/p>\n<\/blockquote>\n<p>Apesar da manifesta\u00e7\u00e3o favor\u00e1vel \u00e0 liberdade, a decis\u00e3o sobre a pris\u00e3o preventiva cabe \u00e0 Justi\u00e7a.<\/p>\n<p>Larissa est\u00e1 presa desde abril na Penitenci\u00e1ria Feminina de Mogi Gua\u00e7u.<\/p>\n<h2 class=\"wp-block-heading\" id=\"adenilson-relata-compra-e-consumo-do-acai\">Adenilson relata compra e consumo do a\u00e7a\u00ed<\/h2>\n<p>Adenilson afirmou que ele e Larissa fizeram o pedido de dois a\u00e7a\u00eds por aplicativo e foram juntos at\u00e9 o estabelecimento para retirar os produtos.<\/p>\n<p>De acordo com o depoimento, Larissa abriu um dos copos na frente dele e consumiu o produto. Adenilson levou o outro para casa e o colocou na geladeira enquanto saiu para buscar um carro que havia comprado.<\/p>\n<div class=\"wp-block-image\">\n<figure class=\"aligncenter size-full\"><img data-recalc-dims=\"1\" loading=\"lazy\" decoding=\"async\" width=\"1000\" height=\"562\" src=\"https:\/\/i0.wp.com\/www.acidadeon.com\/ribeiraopreto\/wp-content\/uploads\/sites\/3\/2026\/09\/image-38.png?resize=1000%2C562&#038;ssl=1\" alt=\"image 38\" class=\"wp-image-173588\" title=\"&apos;N\u00e3o tenho medo dela&apos;, diz v\u00edtima de a\u00e7a\u00ed envenenado ao defender namorada 2\"><figcaption class=\"wp-element-caption\">Foto: Reprodu\u00e7\u00e3o\/ EPTV<\/figcaption><\/figure>\n<\/div>\n<p>Quando voltou, segundo ele, retirou o copo ainda dentro do saquinho e com o lacre. Depois de abrir o produto, come\u00e7ou a consumir o a\u00e7a\u00ed. Adenilson relatou que percebeu um gosto diferente, mas n\u00e3o associou o sabor \u00e0 presen\u00e7a de veneno naquele momento.<\/p>\n<p>Depois, os dois retornaram ao estabelecimento para reclamar sobre o produto. A v\u00edtima negou que Larissa tenha tentado impedir que ele conversasse com funcion\u00e1rios da loja.<\/p>\n<blockquote class=\"wp-block-quote is-layout-flow wp-block-quote-is-layout-flow\">\n<p><em>\u201cEm nenhum momento\u201d,<\/em> respondeu ao ser questionado sobre isso.<\/p>\n<\/blockquote>\n<h2 class=\"wp-block-heading\" id=\"namorada-teria-pedido-ajuda-apos-sintomas\">Namorada teria pedido ajuda ap\u00f3s sintomas<\/h2>\n<p>Depois de voltar para casa, Adenilson disse que tomou banho e jantou. Em seguida, come\u00e7ou a apresentar sintomas como febre, calafrios e escurecimento da vis\u00e3o.<\/p>\n<div class=\"wp-block-image\">\n<figure class=\"aligncenter size-full\"><img data-recalc-dims=\"1\" loading=\"lazy\" decoding=\"async\" width=\"1000\" height=\"626\" src=\"https:\/\/i0.wp.com\/www.acidadeon.com\/ribeiraopreto\/wp-content\/uploads\/sites\/3\/2026\/09\/image-39.png?resize=1000%2C626&#038;ssl=1\" alt=\"image 39\" class=\"wp-image-173589\" title=\"&apos;N\u00e3o tenho medo dela&apos;, diz v\u00edtima de a\u00e7a\u00ed envenenado ao defender namorada 3\"><figcaption class=\"wp-element-caption\">Foto: Reprodu\u00e7\u00e3o<\/figcaption><\/figure>\n<\/div>\n<p>Segundo ele, Larissa percebeu a situa\u00e7\u00e3o e sugeriu que o irm\u00e3o dele fosse chamado para ajudar.<\/p>\n<blockquote class=\"wp-block-quote is-layout-flow wp-block-quote-is-layout-flow\">\n<p><em>\u201cFoi ela que pediu para ligar para o meu irm\u00e3o para levar no hospital\u201d<\/em>, afirmou.<\/p>\n<\/blockquote>\n<p>O irm\u00e3o chegou ao im\u00f3vel e levou Adenilson ao hospital, acompanhado por familiares e por Larissa.<\/p>\n<p>Durante a audi\u00eancia, a v\u00edtima relatou que permaneceu cinco dias entubada e passou outros cinco dias em recupera\u00e7\u00e3o.<\/p>\n<h2 class=\"wp-block-heading\" id=\"larissa-afirma-que-colocou-leite-condensado\">Larissa afirma que colocou leite condensado<\/h2>\n<p>Durante o mesmo processo, Larissa apresentou uma vers\u00e3o diferente sobre o conte\u00fado colocado no a\u00e7a\u00ed. Ela afirmou \u00e0 Justi\u00e7a que adicionou leite condensado ao produto.<\/p>\n<p>A acusa\u00e7\u00e3o contesta essa vers\u00e3o e sustenta que a subst\u00e2ncia encontrada no a\u00e7a\u00ed tinha rela\u00e7\u00e3o com uma tentativa de envenenamento.<\/p>\n<div class=\"wp-block-image\">\n<figure class=\"aligncenter size-large\"><img data-recalc-dims=\"1\" loading=\"lazy\" decoding=\"async\" width=\"1024\" height=\"576\" src=\"https:\/\/i0.wp.com\/www.acidadeon.com\/ribeiraopreto\/wp-content\/uploads\/sites\/3\/2026\/09\/depoimento-larissa-acai-1024x576.jpg?resize=1024%2C576&#038;ssl=1\" alt=\"Larissa de Sousa Batista - Foto: Reprodu\u00e7\u00e3o\" class=\"wp-image-173461\" title=\"&apos;N\u00e3o tenho medo dela&apos;, diz v\u00edtima de a\u00e7a\u00ed envenenado ao defender namorada 4\"><figcaption class=\"wp-element-caption\">Larissa de Sousa Batista \u2013 Foto: Reprodu\u00e7\u00e3o<\/figcaption><\/figure>\n<\/div>\n<p>Larissa responde por tentativa de homic\u00eddio qualificado por meio cruel, uso de veneno e recurso que teria dificultado a defesa da v\u00edtima.<\/p>\n<p class=\"has-text-align-center\"><em>Receba not\u00edcias do\u00a0<strong>acidade on Ribeir\u00e3o\u00a0<\/strong>no WhatsApp e fique por dentro de tudo! Basta acessar o link<a href=\"https:\/\/chat.whatsapp.com\/DfXwcjKVIddHUT3BvnQuPZ?mode=hqctshi\" target=\"_blank\" rel=\"noreferrer noopener\">\u00a0aqui<\/a>!<\/em><\/p>\n<h2 class=\"wp-block-heading\" id=\"o-que-diz-a-defesa\">O que diz a defesa?<\/h2>\n<p>A advogada J\u00e9ssica Noz\u00e9 afirmou, em nota, que apresentou o pedido de liberdade provis\u00f3ria ap\u00f3s os depoimentos colhidos durante a audi\u00eancia.<\/p>\n<p>Segundo a defesa, as declara\u00e7\u00f5es prestadas em ju\u00edzo indicaram que Larissa n\u00e3o oferece risco \u00e0 v\u00edtima, \u00e0s testemunhas ou ao andamento da a\u00e7\u00e3o. A advogada tamb\u00e9m destacou que Larissa e Adenilson afirmaram que continuam juntos e que pretendem morar novamente na mesma casa caso ela deixe a pris\u00e3o.<\/p>\n<p>A defesa ressaltou que a manifesta\u00e7\u00e3o do Minist\u00e9rio P\u00fablico pela possibilidade de liberdade n\u00e3o representa uma mudan\u00e7a na acusa\u00e7\u00e3o feita contra Larissa.<\/p>\n<blockquote class=\"wp-block-quote is-layout-flow wp-block-quote-is-layout-flow\">\n<p><em>\u201cO promotor segue firme com a acusa\u00e7\u00e3o, enquanto a defesa segue intransigente com as teses defensivas\u201d<\/em>, informou a advogada.<\/p>\n<\/blockquote>\n<p>A defesa pretende pedir a absolvi\u00e7\u00e3o de Larissa e a impron\u00fancia, para evitar que ela seja levada a julgamento pelo Tribunal do J\u00fari.<\/p>\n<p><em>Com informa\u00e7\u00f5es da EPTV<\/em><\/p>\n<hr class=\"wp-block-separator has-alpha-channel-opacity\">\n<p class=\"has-text-align-center\"><em>Fa\u00e7a uma den\u00fancia ou sugira uma reportagem sobre\u00a0<strong>Ribeir\u00e3o Preto\u00a0<\/strong>e regi\u00e3o por meio do WhatsApp do\u00a0<strong>acidade on Ribeir\u00e3o<\/strong>: (16) 99117-7802.<\/em><\/p>\n<p>O post \u2018N\u00e3o tenho medo dela\u2019, diz v\u00edtima de a\u00e7a\u00ed envenenado ao defender namorada apareceu primeiro em ACidade ON Ribeir\u00e3o Preto.<\/p>\n<p><br \/>\n<br \/><a href=\"https:\/\/www.acidadeon.com\/ribeiraopreto\/cotidiano\/nao-tenho-medo-dela-diz-vitima-de-acai-envenenado-ao-defender-namorada\/\">Link para o texto original aqui <\/a><\/p>\n<!-- CONTENT END 1 -->\n","protected":false},"excerpt":{"rendered":"<p>Adenilson Ferreira Parente, v\u00edtima do caso do a\u00e7a\u00ed envenenado em Ribeir\u00e3o Preto, afirmou \u00e0 Justi\u00e7a que n\u00e3o acredita que a namorada, Larissa de Souza Batista,&#8230;<\/p>\n","protected":false},"author":1,"featured_media":91045,"comment_status":"","ping_status":"","sticky":false,"template":"","format":"standard","meta":{"advanced_seo_description":"","jetpack_seo_html_title":"","jetpack_seo_noindex":false,"jetpack_seo_schema_type":"","_jetpack_newsletter_access":"","_jetpack_dont_email_post_to_subs":false,"_jetpack_newsletter_tier_id":0,"_jetpack_memberships_contains_paywalled_content":false,"_jetpack_feature_clip_id":0,"_jetpack_memberships_contains_paid_content":false,"footnotes":"","jetpack_publicize_message":"","jetpack_publicize_feature_enabled":true,"jetpack_social_post_already_shared":true,"jetpack_social_options":{"image_generator_settings":{"template":"highway","default_image_id":0,"font":"","enabled":false},"version":2},"jetpack_post_was_ever_published":false},"categories":[11],"tags":[7429,7898,8838,1498,8876,8147,8116,678,8619,391],"class_list":["post-91044","post","type-post","status-publish","format-standard","has-post-thumbnail","hentry","category-noticias-de-ribeirao-preto-sp-e-regiao-ismael-colosi","tag-acai","tag-defender","tag-dela","tag-diz","tag-envenenado","tag-medo","tag-namorada","tag-nao","tag-tenho","tag-vitima"],"jetpack_publicize_connections":[],"jetpack-related-posts":[{"id":84345,"url":"https:\/\/noticiasribeiraopreto.com.br\/index.php\/2026\/04\/07\/homem-que-comeu-acai-envenenado-mantem-versao-e-diz-acreditar-na-inocencia-da-namorada\/","url_meta":{"origin":91044,"position":0},"title":"Homem que comeu a\u00e7a\u00ed envenenado mant\u00e9m vers\u00e3o e diz acreditar na inoc\u00eancia da namorada","author":"noticiasribeiraopreto.com.br","date":"7 de April de 2026","format":false,"excerpt":"Ler o resumo da not\u00edcia \r Homem envenenado com a\u00e7a\u00ed em Ribeir\u00e3o Preto prestou novo depoimento \u00e0 pol\u00edcia nesta ter\u00e7a-feira (7) e manteve vers\u00e3o de que acredita na inoc\u00eancia da namorada, Larissa de Souza, principal suspeita do crime.\r Larissa foi indiciada por tentativa de homic\u00eddio, mas o Minist\u00e9rio P\u00fablico pediu\u2026","rel":"","context":"In &quot;Not\u00edcias de Ribeir\u00e3o Preto-SP e Regi\u00e3o&quot;","block_context":{"text":"Not\u00edcias de Ribeir\u00e3o Preto-SP e Regi\u00e3o","link":"https:\/\/noticiasribeiraopreto.com.br\/index.php\/category\/noticias-de-ribeirao-preto-sp-e-regiao-ismael-colosi\/"},"img":{"alt_text":"","src":"https:\/\/i0.wp.com\/noticiasribeiraopreto.com.br\/wp-content\/uploads\/2026\/04\/palace-12_2026-02-19_16-16-43.webp.webp?fit=1200%2C675&ssl=1&resize=350%2C200","width":350,"height":200,"srcset":"https:\/\/i0.wp.com\/noticiasribeiraopreto.com.br\/wp-content\/uploads\/2026\/04\/palace-12_2026-02-19_16-16-43.webp.webp?fit=1200%2C675&ssl=1&resize=350%2C200 1x, https:\/\/i0.wp.com\/noticiasribeiraopreto.com.br\/wp-content\/uploads\/2026\/04\/palace-12_2026-02-19_16-16-43.webp.webp?fit=1200%2C675&ssl=1&resize=525%2C300 1.5x, https:\/\/i0.wp.com\/noticiasribeiraopreto.com.br\/wp-content\/uploads\/2026\/04\/palace-12_2026-02-19_16-16-43.webp.webp?fit=1200%2C675&ssl=1&resize=700%2C400 2x, https:\/\/i0.wp.com\/noticiasribeiraopreto.com.br\/wp-content\/uploads\/2026\/04\/palace-12_2026-02-19_16-16-43.webp.webp?fit=1200%2C675&ssl=1&resize=1050%2C600 3x"},"classes":[]},{"id":90963,"url":"https:\/\/noticiasribeiraopreto.com.br\/index.php\/2026\/09\/02\/justica-ouve-testemunhas-em-caso-de-acai-envenenado-em-ribeirao-preto\/","url_meta":{"origin":91044,"position":1},"title":"Justi\u00e7a ouve testemunhas em caso de a\u00e7a\u00ed envenenado em Ribeir\u00e3o Preto","author":"noticiasribeiraopreto.com.br","date":"2 de September de 2026","format":false,"excerpt":"A Justi\u00e7a deu in\u00edcio nesta ter\u00e7a-feira (1\u00ba) as audi\u00eancias de instru\u00e7\u00e3o do processo contra Larissa de Souza Batista, acusada pelo Minist\u00e9rio P\u00fablico de tentar matar o namorado, Adenilson Ferreira Parente, ap\u00f3s ele passar mal ao consumir um a\u00e7a\u00ed com chumbinho em Ribeir\u00e3o Preto. De acordo com as informa\u00e7\u00f5es da EPTV,\u2026","rel":"","context":"In &quot;Not\u00edcias de Ribeir\u00e3o Preto-SP e Regi\u00e3o&quot;","block_context":{"text":"Not\u00edcias de Ribeir\u00e3o Preto-SP e Regi\u00e3o","link":"https:\/\/noticiasribeiraopreto.com.br\/index.php\/category\/noticias-de-ribeirao-preto-sp-e-regiao-ismael-colosi\/"},"img":{"alt_text":"","src":"https:\/\/i0.wp.com\/noticiasribeiraopreto.com.br\/wp-content\/uploads\/2026\/09\/acai-envenenado-ribeirao-preto-1.jpg?fit=1200%2C675&ssl=1&resize=350%2C200","width":350,"height":200,"srcset":"https:\/\/i0.wp.com\/noticiasribeiraopreto.com.br\/wp-content\/uploads\/2026\/09\/acai-envenenado-ribeirao-preto-1.jpg?fit=1200%2C675&ssl=1&resize=350%2C200 1x, https:\/\/i0.wp.com\/noticiasribeiraopreto.com.br\/wp-content\/uploads\/2026\/09\/acai-envenenado-ribeirao-preto-1.jpg?fit=1200%2C675&ssl=1&resize=525%2C300 1.5x, https:\/\/i0.wp.com\/noticiasribeiraopreto.com.br\/wp-content\/uploads\/2026\/09\/acai-envenenado-ribeirao-preto-1.jpg?fit=1200%2C675&ssl=1&resize=700%2C400 2x, https:\/\/i0.wp.com\/noticiasribeiraopreto.com.br\/wp-content\/uploads\/2026\/09\/acai-envenenado-ribeirao-preto-1.jpg?fit=1200%2C675&ssl=1&resize=1050%2C600 3x"},"classes":[]},{"id":84682,"url":"https:\/\/noticiasribeiraopreto.com.br\/index.php\/2026\/04\/14\/acai-envenenado-mulher-suspeita-de-tentar-matar-namorado-e-considerada-foragida\/","url_meta":{"origin":91044,"position":2},"title":"A\u00e7a\u00ed envenenado: Mulher suspeita de tentar matar namorado \u00e9 considerada foragida","author":"noticiasribeiraopreto.com.br","date":"14 de April de 2026","format":false,"excerpt":"Ler o resumo da not\u00edcia Larissa de Souza teve pris\u00e3o preventiva decretada por suspeita de envenenar o namorado com a\u00e7a\u00ed; ela \u00e9 considerada foragida. A ordem de pris\u00e3o foi expedida na segunda-feira (13) por volta das 17h, mas a suspecta n\u00e3o foi encontrada. O namorado Adenilson Parente tamb\u00e9m n\u00e3o foi\u2026","rel":"","context":"In &quot;Not\u00edcias de Ribeir\u00e3o Preto-SP e Regi\u00e3o&quot;","block_context":{"text":"Not\u00edcias de Ribeir\u00e3o Preto-SP e Regi\u00e3o","link":"https:\/\/noticiasribeiraopreto.com.br\/index.php\/category\/noticias-de-ribeirao-preto-sp-e-regiao-ismael-colosi\/"},"img":{"alt_text":"","src":"https:\/\/i0.wp.com\/noticiasribeiraopreto.com.br\/wp-content\/uploads\/2026\/04\/image_2026-04-13_21-30-19.webp.webp?fit=984%2C553&ssl=1&resize=350%2C200","width":350,"height":200,"srcset":"https:\/\/i0.wp.com\/noticiasribeiraopreto.com.br\/wp-content\/uploads\/2026\/04\/image_2026-04-13_21-30-19.webp.webp?fit=984%2C553&ssl=1&resize=350%2C200 1x, https:\/\/i0.wp.com\/noticiasribeiraopreto.com.br\/wp-content\/uploads\/2026\/04\/image_2026-04-13_21-30-19.webp.webp?fit=984%2C553&ssl=1&resize=525%2C300 1.5x, https:\/\/i0.wp.com\/noticiasribeiraopreto.com.br\/wp-content\/uploads\/2026\/04\/image_2026-04-13_21-30-19.webp.webp?fit=984%2C553&ssl=1&resize=700%2C400 2x"},"classes":[]},{"id":90999,"url":"https:\/\/noticiasribeiraopreto.com.br\/index.php\/2026\/09\/02\/video-mostra-depoimento-de-mulher-acusada-de-envenenar-companheiro-com-acai-assista\/","url_meta":{"origin":91044,"position":3},"title":"V\u00eddeo mostra depoimento de mulher acusada de envenenar companheiro com a\u00e7a\u00ed; ASSISTA","author":"noticiasribeiraopreto.com.br","date":"2 de September de 2026","format":false,"excerpt":"\u201cEra leite condensado.\u201d Essa foi a resposta de Larissa de Sousa Batista ao explicar, durante audi\u00eancia na Justi\u00e7a, o que aparece nas imagens de uma c\u00e2mera de seguran\u00e7a que mostram ela colocando uma subst\u00e2ncia dentro do a\u00e7a\u00ed do companheiro. O v\u00eddeo do depoimento, obtido com exclusividade pela CBN Ribeir\u00e3o, realizado\u2026","rel":"","context":"In &quot;Not\u00edcias de Ribeir\u00e3o Preto-SP e Regi\u00e3o&quot;","block_context":{"text":"Not\u00edcias de Ribeir\u00e3o Preto-SP e Regi\u00e3o","link":"https:\/\/noticiasribeiraopreto.com.br\/index.php\/category\/noticias-de-ribeirao-preto-sp-e-regiao-ismael-colosi\/"},"img":{"alt_text":"","src":"https:\/\/i0.wp.com\/noticiasribeiraopreto.com.br\/wp-content\/uploads\/2026\/09\/depoimento-larissa-acai.jpg?fit=1200%2C675&ssl=1&resize=350%2C200","width":350,"height":200,"srcset":"https:\/\/i0.wp.com\/noticiasribeiraopreto.com.br\/wp-content\/uploads\/2026\/09\/depoimento-larissa-acai.jpg?fit=1200%2C675&ssl=1&resize=350%2C200 1x, https:\/\/i0.wp.com\/noticiasribeiraopreto.com.br\/wp-content\/uploads\/2026\/09\/depoimento-larissa-acai.jpg?fit=1200%2C675&ssl=1&resize=525%2C300 1.5x, https:\/\/i0.wp.com\/noticiasribeiraopreto.com.br\/wp-content\/uploads\/2026\/09\/depoimento-larissa-acai.jpg?fit=1200%2C675&ssl=1&resize=700%2C400 2x, https:\/\/i0.wp.com\/noticiasribeiraopreto.com.br\/wp-content\/uploads\/2026\/09\/depoimento-larissa-acai.jpg?fit=1200%2C675&ssl=1&resize=1050%2C600 3x"},"classes":[]},{"id":84326,"url":"https:\/\/noticiasribeiraopreto.com.br\/index.php\/2026\/04\/07\/caso-do-acai-envenenado-promotor-aponta-dinheiro-como-possivel-motivacao-do-crime\/","url_meta":{"origin":91044,"position":4},"title":"Caso do a\u00e7a\u00ed envenenado: promotor aponta dinheiro como poss\u00edvel motiva\u00e7\u00e3o do crime","author":"noticiasribeiraopreto.com.br","date":"7 de April de 2026","format":false,"excerpt":"Ler o resumo da not\u00edcia Caso do a\u00e7a\u00ed envenenado em Ribeir\u00e3o Preto \u00e9 investigado desde ter\u00e7a-feira (7) com foco em motiva\u00e7\u00e3o financeira. Promotor Eliseu Bernardo Gon\u00e7alves revelou que a v\u00edtima Adenilson carregava entre R$ 18 mil e R$ 20 mil no dia do crime. Funcion\u00e1ria da loja explicou que o\u2026","rel":"","context":"In &quot;Not\u00edcias de Ribeir\u00e3o Preto-SP e Regi\u00e3o&quot;","block_context":{"text":"Not\u00edcias de Ribeir\u00e3o Preto-SP e Regi\u00e3o","link":"https:\/\/noticiasribeiraopreto.com.br\/index.php\/category\/noticias-de-ribeirao-preto-sp-e-regiao-ismael-colosi\/"},"img":{"alt_text":"","src":"https:\/\/i0.wp.com\/noticiasribeiraopreto.com.br\/wp-content\/uploads\/2026\/03\/palace-90_2026-03-23_20-19-01.webp.webp?fit=1200%2C675&ssl=1&resize=350%2C200","width":350,"height":200,"srcset":"https:\/\/i0.wp.com\/noticiasribeiraopreto.com.br\/wp-content\/uploads\/2026\/03\/palace-90_2026-03-23_20-19-01.webp.webp?fit=1200%2C675&ssl=1&resize=350%2C200 1x, https:\/\/i0.wp.com\/noticiasribeiraopreto.com.br\/wp-content\/uploads\/2026\/03\/palace-90_2026-03-23_20-19-01.webp.webp?fit=1200%2C675&ssl=1&resize=525%2C300 1.5x, https:\/\/i0.wp.com\/noticiasribeiraopreto.com.br\/wp-content\/uploads\/2026\/03\/palace-90_2026-03-23_20-19-01.webp.webp?fit=1200%2C675&ssl=1&resize=700%2C400 2x, https:\/\/i0.wp.com\/noticiasribeiraopreto.com.br\/wp-content\/uploads\/2026\/03\/palace-90_2026-03-23_20-19-01.webp.webp?fit=1200%2C675&ssl=1&resize=1050%2C600 3x"},"classes":[]},{"id":83897,"url":"https:\/\/noticiasribeiraopreto.com.br\/index.php\/2026\/03\/27\/em-carta-homem-diz-nao-acreditar-que-foi-envenenado-pela-companheira-em-ribeirao-preto\/","url_meta":{"origin":91044,"position":5},"title":"Em carta, homem diz n\u00e3o acreditar que foi envenenado pela companheira em Ribeir\u00e3o Preto","author":"noticiasribeiraopreto.com.br","date":"27 de March de 2026","format":false,"excerpt":"Adenilson Ferreira Parente, de 27 anos, que passou mal ap\u00f3s consumir um a\u00e7a\u00ed com presen\u00e7a de chumbinho, afirma que n\u00e3o acredita ter sido v\u00edtima de um crime cometido pela pr\u00f3pria companheira, Larissa de Souza, de 26 anos. Em uma carta escrita \u00e0 m\u00e3o e anexada ao processo, ele defende a\u2026","rel":"","context":"In &quot;Not\u00edcias de Ribeir\u00e3o Preto-SP e Regi\u00e3o&quot;","block_context":{"text":"Not\u00edcias de Ribeir\u00e3o Preto-SP e Regi\u00e3o","link":"https:\/\/noticiasribeiraopreto.com.br\/index.php\/category\/noticias-de-ribeirao-preto-sp-e-regiao-ismael-colosi\/"},"img":{"alt_text":"","src":"https:\/\/i0.wp.com\/noticiasribeiraopreto.com.br\/wp-content\/uploads\/2026\/03\/namorada-acai_2026-03-17_15-17-04.webp.webp?fit=1200%2C735&ssl=1&resize=350%2C200","width":350,"height":200,"srcset":"https:\/\/i0.wp.com\/noticiasribeiraopreto.com.br\/wp-content\/uploads\/2026\/03\/namorada-acai_2026-03-17_15-17-04.webp.webp?fit=1200%2C735&ssl=1&resize=350%2C200 1x, https:\/\/i0.wp.com\/noticiasribeiraopreto.com.br\/wp-content\/uploads\/2026\/03\/namorada-acai_2026-03-17_15-17-04.webp.webp?fit=1200%2C735&ssl=1&resize=525%2C300 1.5x, https:\/\/i0.wp.com\/noticiasribeiraopreto.com.br\/wp-content\/uploads\/2026\/03\/namorada-acai_2026-03-17_15-17-04.webp.webp?fit=1200%2C735&ssl=1&resize=700%2C400 2x, https:\/\/i0.wp.com\/noticiasribeiraopreto.com.br\/wp-content\/uploads\/2026\/03\/namorada-acai_2026-03-17_15-17-04.webp.webp?fit=1200%2C735&ssl=1&resize=1050%2C600 3x"},"classes":[]}],"jetpack_sharing_enabled":true,"jetpack_shortlink":"https:\/\/wp.me\/peQAOb-nGs","jetpack_featured_media_url":"https:\/\/i0.wp.com\/noticiasribeiraopreto.com.br\/wp-content\/uploads\/2026\/09\/image-27.png?fit=1024%2C576&ssl=1","_links":{"self":[{"href":"https:\/\/noticiasribeiraopreto.com.br\/index.php\/wp-json\/wp\/v2\/posts\/91044","targetHints":{"allow":["GET"]}}],"collection":[{"href":"https:\/\/noticiasribeiraopreto.com.br\/index.php\/wp-json\/wp\/v2\/posts"}],"about":[{"href":"https:\/\/noticiasribeiraopreto.com.br\/index.php\/wp-json\/wp\/v2\/types\/post"}],"author":[{"embeddable":true,"href":"https:\/\/noticiasribeiraopreto.com.br\/index.php\/wp-json\/wp\/v2\/users\/1"}],"replies":[{"embeddable":true,"href":"https:\/\/noticiasribeiraopreto.com.br\/index.php\/wp-json\/wp\/v2\/comments?post=91044"}],"version-history":[{"count":0,"href":"https:\/\/noticiasribeiraopreto.com.br\/index.php\/wp-json\/wp\/v2\/posts\/91044\/revisions"}],"wp:featuredmedia":[{"embeddable":true,"href":"https:\/\/noticiasribeiraopreto.com.br\/index.php\/wp-json\/wp\/v2\/media\/91045"}],"wp:attachment":[{"href":"https:\/\/noticiasribeiraopreto.com.br\/index.php\/wp-json\/wp\/v2\/media?parent=91044"}],"wp:term":[{"taxonomy":"category","embeddable":true,"href":"https:\/\/noticiasribeiraopreto.com.br\/index.php\/wp-json\/wp\/v2\/categories?post=91044"},{"taxonomy":"post_tag","embeddable":true,"href":"https:\/\/noticiasribeiraopreto.com.br\/index.php\/wp-json\/wp\/v2\/tags?post=91044"}],"curies":[{"name":"wp","href":"https:\/\/api.w.org\/{rel}","templated":true}]}}