{"id":91046,"date":"2026-09-03T15:43:13","date_gmt":"2026-09-03T18:43:13","guid":{"rendered":"https:\/\/noticiasribeiraopreto.com.br\/index.php\/2026\/09\/03\/investidor-encerra-parceria-e-comercial-promete-tomar-medidas\/"},"modified":"2026-09-03T15:43:13","modified_gmt":"2026-09-03T18:43:13","slug":"investidor-encerra-parceria-e-comercial-promete-tomar-medidas","status":"publish","type":"post","link":"https:\/\/noticiasribeiraopreto.com.br\/index.php\/2026\/09\/03\/investidor-encerra-parceria-e-comercial-promete-tomar-medidas\/","title":{"rendered":"Investidor encerra parceria e Comercial promete tomar medidas"},"content":{"rendered":"<div class='code-block code-block-1' style='margin: 8px 0 8px auto; text-align: right; display: block; clear: both;'>\n<p><a href=\"https:\/\/wa.link\/vpicfd\"><img data-recalc-dims=\"1\" class=\"wp-image-4922\" style=\"aspect-ratio: 2.0253164556962027; width: 561px; height: auto;\" src=\"https:\/\/i0.wp.com\/ismaelcolosi.com.br\/wp-content\/uploads\/2023\/11\/grupo-de-empregos-whatsapp-e-facebook-ismael-colosi-vagas.jpg?ssl=1\" alt=\"\" \/><\/a><\/p>\n<!-- \/wp:image -->\n<\/div>\n<p> <br \/>\n<\/p>\n<div>\n<p><strong><em>Por Hugo Luque<\/em><\/strong><\/p>\n<p>O Comercial confirmou, nesta quinta-feira (3), por meio de uma nota oficial, o rompimento da parceria com a empresa Rico Gest\u00e3o Esportiva, investidora do clube desde abril. Respons\u00e1vel pelo pagamento da folha salarial da equipe, a marca teria, segundo o Le\u00e3o do Norte, rompido na \u00faltima quarta-feira, de forma unilateral, o v\u00ednculo assinado neste ano e com dura\u00e7\u00e3o at\u00e9 2029.<\/p>\n<p>O clube, agora, analisa medidas que ser\u00e3o tomadas extrajudicialmente e at\u00e9 mesmo judicialmente, se necess\u00e1rio. Al\u00e9m disso, o Bafo pontuou que n\u00e3o houve comum acordo para o fim da parceria, o que pode acarretar em multa para a parte que encerrou o acordo.<\/p>\n<p>No \u00faltimo m\u00eas, o Comercial passou por problemas fora das quatro linhas, no decorrer da Copa Paulista, quando a empresa investidora atrasou os pagamentos do elenco. Fontes revelaram que jogadores n\u00e3o teriam treinado para uma das partidas da fase de grupos como protesto, o que foi negado pelo clube.<\/p>\n<p>\u201cDa nossa parte, n\u00f3s apenas notificamos o parceiro para que ele cumprisse com as obriga\u00e7\u00f5es dele, para que ele conseguisse reembolsar o clube dos investimentos que o clube fez pagando toda a folha salarial do m\u00eas que passou. Ent\u00e3o, n\u00f3s notificamos o Bruno para que ele fizesse o reembolso desses valores. Por\u00e9m, pelo que parece, o parceiro n\u00e3o tem dinheiro para poder cumprir com essas obriga\u00e7\u00f5es e preferiu dizer que estavam saindo em comum acordo. N\u00e3o, n\u00e3o \u00e9 em comum acordo. O clube vai acion\u00e1-lo na Justi\u00e7a caso ele n\u00e3o venha a cumprir pelo menos com os reembolsos que hoje precisam ser feitos aqui no clube\u201d, afirmou o presidente comercialino Wesley Rios, que tamb\u00e9m garantiu o cumprimento dos compromissos selados com os funcion\u00e1rios.<\/p>\n<p>Ap\u00f3s vencer o duelo de ida do \u201cplay-in\u201d da Copa Paulista por 2 a 0, em casa, o Comercial visita o EC S\u00e3o Bernardo para o jogo de volta neste s\u00e1bado, \u00e0s 15h, em Diadema (SP).<\/p>\n<p><strong>Confira a nota completa<\/strong><\/p>\n<p><em>\u201cO Comercial Futebol Clube informa que, nesta quarta-feira (02\/09), foi formalmente comunicado pela Rico Gest\u00e3o Empresarial acerca da decis\u00e3o unilateral de promover o encerramento da parceria contratual mantida com o clube para o departamento de futebol.<\/em><\/p>\n<p><em>O Comercial esclarece que a referida decis\u00e3o n\u00e3o decorreu de consenso entre as partes, inexistindo distrato bilateral ou qualquer manifesta\u00e7\u00e3o do clube concordando com a extin\u00e7\u00e3o da rela\u00e7\u00e3o contratual nos termos apresentados pela empresa.<\/em><\/p>\n<p><em>A institui\u00e7\u00e3o registra, ainda, que eventuais obriga\u00e7\u00f5es decorrentes da rela\u00e7\u00e3o mantida com a empresa ser\u00e3o devidamente analisadas \u00e0 luz das disposi\u00e7\u00f5es previstas no instrumento contratual firmado entre as partes.<\/em><\/p>\n<p><em>Diante do ocorrido, o Departamento Jur\u00eddico do Comercial Futebol Clube j\u00e1 est\u00e1 adotando as medidas extrajudiciais e, se necess\u00e1rias, judiciais cab\u00edveis, com o objetivo de resguardar integralmente os direitos e interesses do clube, sem preju\u00edzo da apura\u00e7\u00e3o de eventuais responsabilidades e da aplica\u00e7\u00e3o das disposi\u00e7\u00f5es previstas contratualmente.<\/em><\/p>\n<p><em>O Comercial ressalta, de forma expressa, que todas as obriga\u00e7\u00f5es financeiras do clube perante atletas, comiss\u00e3o t\u00e9cnica e demais profissionais do departamento de futebol encontram-se integralmente em dia, n\u00e3o existindo, neste momento, qualquer valor vencido ou pendente de pagamento por parte da institui\u00e7\u00e3o.<\/em><\/p>\n<p><em>O pagamento previsto para esta sexta-feira (04\/09) corresponde a uma antecipa\u00e7\u00e3o de valores, e n\u00e3o \u00e0 regulariza\u00e7\u00e3o de qualquer obriga\u00e7\u00e3o em atraso.<\/em><\/p>\n<p><em>Diante do encerramento unilateral da parceria, a diretoria j\u00e1 adotou as provid\u00eancias administrativas e financeiras necess\u00e1rias para absorver as obriga\u00e7\u00f5es futuras do departamento de futebol, garantindo a continuidade do projeto esportivo e o cumprimento integral dos compromissos assumidos pelo Comercial daqui em diante.<\/em><\/p>\n<p><em>Neste momento, especialmente diante dos importantes compromissos esportivos em andamento, o Comercial Futebol Clube reafirma que sua prioridade \u00e9 preservar a estabilidade institucional, proporcionar tranquilidade aos atletas, comiss\u00e3o t\u00e9cnica e demais profissionais e manter o foco integral nas atividades esportivas.<\/em><\/p>\n<p><em>O clube seguir\u00e1 conduzindo a quest\u00e3o contratual pelas vias adequadas, com responsabilidade, transpar\u00eancia e estrita observ\u00e2ncia aos seus direitos e obriga\u00e7\u00f5es.\u201d<\/em><\/p>\n<div style=\"background-color: #f4f4f5; border: 1px solid #d4d4d8; padding: 15px; margin: 20px 0; border-radius: 6px; font-family: sans-serif; line-height: 1.5;\">\n    <span style=\"color: #27272a;\">Inscreva-se em nosso Canal no Whatsapp e fique por dentro de tudo que acontece na regi\u00e3o. <\/span><br \/>\n    <a href=\"https:\/\/whatsapp.com\/channel\/0029VanuE2o7z4kYjo0XVS3u\" target=\"_blank\" rel=\"noopener noreferrer\" style=\"color: #16a34a; font-weight: bold; text-decoration: underline;\">Clique Aqui!<\/a>\n<\/div>\n<\/div>\n<p><br \/>\n<br \/><a href=\"https:\/\/www.tribunaribeirao.com.br\/investidor-encerra-parceria-e-comercial-promete-tomar-medidas\/\">Texto original daqui <\/a><\/p>\n<!-- CONTENT END 1 -->\n","protected":false},"excerpt":{"rendered":"<p>Por Hugo Luque O Comercial confirmou, nesta quinta-feira (3), por meio de uma nota oficial, o rompimento da parceria com a empresa Rico Gest\u00e3o Esportiva,&#8230;<\/p>\n","protected":false},"author":1,"featured_media":91047,"comment_status":"","ping_status":"","sticky":false,"template":"","format":"standard","meta":{"advanced_seo_description":"","jetpack_seo_html_title":"","jetpack_seo_noindex":false,"jetpack_seo_schema_type":"","_jetpack_newsletter_access":"","_jetpack_dont_email_post_to_subs":false,"_jetpack_newsletter_tier_id":0,"_jetpack_memberships_contains_paywalled_content":false,"_jetpack_feature_clip_id":0,"_jetpack_memberships_contains_paid_content":false,"footnotes":"","jetpack_publicize_message":"","jetpack_publicize_feature_enabled":true,"jetpack_social_post_already_shared":true,"jetpack_social_options":{"image_generator_settings":{"template":"highway","default_image_id":0,"font":"","enabled":false},"version":2},"jetpack_post_was_ever_published":false},"categories":[11],"tags":[705,1325,8912,2366,3816,2183,8913],"class_list":["post-91046","post","type-post","status-publish","format-standard","has-post-thumbnail","hentry","category-noticias-de-ribeirao-preto-sp-e-regiao-ismael-colosi","tag-comercial","tag-encerra","tag-investidor","tag-medidas","tag-parceria","tag-promete","tag-tomar"],"jetpack_publicize_connections":[],"jetpack-related-posts":[{"id":84928,"url":"https:\/\/noticiasribeiraopreto.com.br\/index.php\/2026\/04\/17\/comercial-decide-nao-disputar-copa-paulista\/","url_meta":{"origin":91046,"position":0},"title":"Comercial decide n\u00e3o disputar Copa Paulista","author":"noticiasribeiraopreto.com.br","date":"17 de April de 2026","format":false,"excerpt":"\r Bafo ainda pode voltar atr\u00e1s em caso de parceria\r \r 17 de abril de 2026 22:26 \r Compartilhar1 Por Hugo Luque O Comercial n\u00e3o deve disputar a Copa Paulista de 2026. O novo presidente do clube, Wesley Rios, afirmou, por meio de uma nota oficial na noite desta sexta-feira\u2026","rel":"","context":"In &quot;Not\u00edcias de Ribeir\u00e3o Preto-SP e Regi\u00e3o&quot;","block_context":{"text":"Not\u00edcias de Ribeir\u00e3o Preto-SP e Regi\u00e3o","link":"https:\/\/noticiasribeiraopreto.com.br\/index.php\/category\/noticias-de-ribeirao-preto-sp-e-regiao-ismael-colosi\/"},"img":{"alt_text":"","src":"https:\/\/i0.wp.com\/noticiasribeiraopreto.com.br\/wp-content\/uploads\/2026\/04\/Comercial-x-Taquaritinga-Raul-Ramos-2.jpg?fit=799%2C533&ssl=1&resize=350%2C200","width":350,"height":200,"srcset":"https:\/\/i0.wp.com\/noticiasribeiraopreto.com.br\/wp-content\/uploads\/2026\/04\/Comercial-x-Taquaritinga-Raul-Ramos-2.jpg?fit=799%2C533&ssl=1&resize=350%2C200 1x, https:\/\/i0.wp.com\/noticiasribeiraopreto.com.br\/wp-content\/uploads\/2026\/04\/Comercial-x-Taquaritinga-Raul-Ramos-2.jpg?fit=799%2C533&ssl=1&resize=525%2C300 1.5x, https:\/\/i0.wp.com\/noticiasribeiraopreto.com.br\/wp-content\/uploads\/2026\/04\/Comercial-x-Taquaritinga-Raul-Ramos-2.jpg?fit=799%2C533&ssl=1&resize=700%2C400 2x"},"classes":[]},{"id":85141,"url":"https:\/\/noticiasribeiraopreto.com.br\/index.php\/2026\/04\/22\/comercial-muda-de-ideia-e-vai-disputar-copa-paulista\/","url_meta":{"origin":91046,"position":1},"title":"Comercial muda de ideia e vai disputar Copa Paulista","author":"noticiasribeiraopreto.com.br","date":"22 de April de 2026","format":false,"excerpt":"\r Bafo fecha parceria no \u2018apagar das luzes\u2019 e estar\u00e1 no Conselho T\u00e9cnico desta quinta-feira\r \r 22 de abril de 2026 21:11 \r Compartilhar1 Por Hugo Luque Ao contr\u00e1rio do indicado em nota oficial no fim da \u00faltima semana, o Comercial voltou atr\u00e1s e vai disputar a edi\u00e7\u00e3o de 2026\u2026","rel":"","context":"In &quot;Not\u00edcias de Ribeir\u00e3o Preto-SP e Regi\u00e3o&quot;","block_context":{"text":"Not\u00edcias de Ribeir\u00e3o Preto-SP e Regi\u00e3o","link":"https:\/\/noticiasribeiraopreto.com.br\/index.php\/category\/noticias-de-ribeirao-preto-sp-e-regiao-ismael-colosi\/"},"img":{"alt_text":"","src":"https:\/\/i0.wp.com\/noticiasribeiraopreto.com.br\/wp-content\/uploads\/2026\/04\/Foto-03-Barbara-Pires_Comercial-FC-scaled.jpeg?fit=1169%2C780&ssl=1&resize=350%2C200","width":350,"height":200,"srcset":"https:\/\/i0.wp.com\/noticiasribeiraopreto.com.br\/wp-content\/uploads\/2026\/04\/Foto-03-Barbara-Pires_Comercial-FC-scaled.jpeg?fit=1169%2C780&ssl=1&resize=350%2C200 1x, https:\/\/i0.wp.com\/noticiasribeiraopreto.com.br\/wp-content\/uploads\/2026\/04\/Foto-03-Barbara-Pires_Comercial-FC-scaled.jpeg?fit=1169%2C780&ssl=1&resize=525%2C300 1.5x, https:\/\/i0.wp.com\/noticiasribeiraopreto.com.br\/wp-content\/uploads\/2026\/04\/Foto-03-Barbara-Pires_Comercial-FC-scaled.jpeg?fit=1169%2C780&ssl=1&resize=700%2C400 2x, https:\/\/i0.wp.com\/noticiasribeiraopreto.com.br\/wp-content\/uploads\/2026\/04\/Foto-03-Barbara-Pires_Comercial-FC-scaled.jpeg?fit=1169%2C780&ssl=1&resize=1050%2C600 3x"},"classes":[]},{"id":79418,"url":"https:\/\/noticiasribeiraopreto.com.br\/index.php\/2025\/10\/31\/comercial-confirma-acordo-com-marca-italiana-como-fornecedora-de-material-esportivo\/","url_meta":{"origin":91046,"position":2},"title":"Comercial confirma acordo com marca italiana como fornecedora de material esportivo","author":"noticiasribeiraopreto.com.br","date":"31 de October de 2025","format":false,"excerpt":"O Comercial e a multinacional italiana Kappa fecharam um acordo de tr\u00eas anos para o fornecimento de todo material de jogo e treino do clube de Ribeir\u00e3o Preto. O contrato foi anunciado nesta sexta-feira (31) e ter\u00e1 validade de janeiro de 2026 a dezembro de 2028. A multinacional fabricar\u00e1 todas\u2026","rel":"","context":"In &quot;Not\u00edcias de Ribeir\u00e3o Preto-SP e Regi\u00e3o&quot;","block_context":{"text":"Not\u00edcias de Ribeir\u00e3o Preto-SP e Regi\u00e3o","link":"https:\/\/noticiasribeiraopreto.com.br\/index.php\/category\/noticias-de-ribeirao-preto-sp-e-regiao-ismael-colosi\/"},"img":{"alt_text":"","src":"https:\/\/i0.wp.com\/noticiasribeiraopreto.com.br\/wp-content\/uploads\/2025\/10\/comercial-kappa_2025-10-31_15-12-53.webp.webp?fit=1200%2C903&ssl=1&resize=350%2C200","width":350,"height":200,"srcset":"https:\/\/i0.wp.com\/noticiasribeiraopreto.com.br\/wp-content\/uploads\/2025\/10\/comercial-kappa_2025-10-31_15-12-53.webp.webp?fit=1200%2C903&ssl=1&resize=350%2C200 1x, https:\/\/i0.wp.com\/noticiasribeiraopreto.com.br\/wp-content\/uploads\/2025\/10\/comercial-kappa_2025-10-31_15-12-53.webp.webp?fit=1200%2C903&ssl=1&resize=525%2C300 1.5x, https:\/\/i0.wp.com\/noticiasribeiraopreto.com.br\/wp-content\/uploads\/2025\/10\/comercial-kappa_2025-10-31_15-12-53.webp.webp?fit=1200%2C903&ssl=1&resize=700%2C400 2x, https:\/\/i0.wp.com\/noticiasribeiraopreto.com.br\/wp-content\/uploads\/2025\/10\/comercial-kappa_2025-10-31_15-12-53.webp.webp?fit=1200%2C903&ssl=1&resize=1050%2C600 3x"},"classes":[]},{"id":84922,"url":"https:\/\/noticiasribeiraopreto.com.br\/index.php\/2026\/04\/17\/comercial-confirma-que-nao-vai-jogar-a-copa-paulista\/","url_meta":{"origin":91046,"position":3},"title":"Comercial confirma que n\u00e3o vai jogar a Copa Paulista","author":"noticiasribeiraopreto.com.br","date":"17 de April de 2026","format":false,"excerpt":"Ler o resumo da not\u00edcia Comercial Futebol Clube anunciou que n\u00e3o disputar\u00e1 a Copa Paulista de 2026, decis\u00e3o divulgada pelo presidente Wesley Rios. A diretoria justificou a aus\u00eancia como parte de um plano de reestrutura\u00e7\u00e3o financeira para recuperar capacidade de investimento. O clube focar\u00e1 na reorganiza\u00e7\u00e3o do departamento de futebol\u2026","rel":"","context":"In &quot;Not\u00edcias de Ribeir\u00e3o Preto-SP e Regi\u00e3o&quot;","block_context":{"text":"Not\u00edcias de Ribeir\u00e3o Preto-SP e Regi\u00e3o","link":"https:\/\/noticiasribeiraopreto.com.br\/index.php\/category\/noticias-de-ribeirao-preto-sp-e-regiao-ismael-colosi\/"},"img":{"alt_text":"","src":"https:\/\/i0.wp.com\/noticiasribeiraopreto.com.br\/wp-content\/uploads\/2026\/04\/1776468879_Copia-de-Copia-de-TAMANHO-EXATO-PARA-FOTOS-NO-SISTEMA-NOVO-61.jpg?fit=1200%2C675&ssl=1&resize=350%2C200","width":350,"height":200,"srcset":"https:\/\/i0.wp.com\/noticiasribeiraopreto.com.br\/wp-content\/uploads\/2026\/04\/1776468879_Copia-de-Copia-de-TAMANHO-EXATO-PARA-FOTOS-NO-SISTEMA-NOVO-61.jpg?fit=1200%2C675&ssl=1&resize=350%2C200 1x, https:\/\/i0.wp.com\/noticiasribeiraopreto.com.br\/wp-content\/uploads\/2026\/04\/1776468879_Copia-de-Copia-de-TAMANHO-EXATO-PARA-FOTOS-NO-SISTEMA-NOVO-61.jpg?fit=1200%2C675&ssl=1&resize=525%2C300 1.5x, https:\/\/i0.wp.com\/noticiasribeiraopreto.com.br\/wp-content\/uploads\/2026\/04\/1776468879_Copia-de-Copia-de-TAMANHO-EXATO-PARA-FOTOS-NO-SISTEMA-NOVO-61.jpg?fit=1200%2C675&ssl=1&resize=700%2C400 2x, https:\/\/i0.wp.com\/noticiasribeiraopreto.com.br\/wp-content\/uploads\/2026\/04\/1776468879_Copia-de-Copia-de-TAMANHO-EXATO-PARA-FOTOS-NO-SISTEMA-NOVO-61.jpg?fit=1200%2C675&ssl=1&resize=1050%2C600 3x"},"classes":[]},{"id":89867,"url":"https:\/\/noticiasribeiraopreto.com.br\/index.php\/2026\/08\/12\/comercial-anuncia-consultoria-de-gestao-financeira-e-juridica\/","url_meta":{"origin":91046,"position":4},"title":"Comercial anuncia consultoria de gest\u00e3o financeira e jur\u00eddica","author":"noticiasribeiraopreto.com.br","date":"12 de August de 2026","format":false,"excerpt":"O Comercial anunciou nesta quarta-feira (12) uma parceria com a empresa Triunfae para atuar na consultoria empresarial, de gest\u00e3o e jur\u00eddica do clube. Receba not\u00edcias do\u00a0acidade on Ribeir\u00e3o\u00a0no WhatsApp e fique por dentro de tudo! Basta acessar o link\u00a0aqui! Comercial anuncia consultoria Segundo o clube, a iniciativa do presidente Wesley\u2026","rel":"","context":"In &quot;Not\u00edcias de Ribeir\u00e3o Preto-SP e Regi\u00e3o&quot;","block_context":{"text":"Not\u00edcias de Ribeir\u00e3o Preto-SP e Regi\u00e3o","link":"https:\/\/noticiasribeiraopreto.com.br\/index.php\/category\/noticias-de-ribeirao-preto-sp-e-regiao-ismael-colosi\/"},"img":{"alt_text":"","src":"https:\/\/i0.wp.com\/noticiasribeiraopreto.com.br\/wp-content\/uploads\/2026\/08\/wesley.jpg?fit=1200%2C886&ssl=1&resize=350%2C200","width":350,"height":200,"srcset":"https:\/\/i0.wp.com\/noticiasribeiraopreto.com.br\/wp-content\/uploads\/2026\/08\/wesley.jpg?fit=1200%2C886&ssl=1&resize=350%2C200 1x, https:\/\/i0.wp.com\/noticiasribeiraopreto.com.br\/wp-content\/uploads\/2026\/08\/wesley.jpg?fit=1200%2C886&ssl=1&resize=525%2C300 1.5x, https:\/\/i0.wp.com\/noticiasribeiraopreto.com.br\/wp-content\/uploads\/2026\/08\/wesley.jpg?fit=1200%2C886&ssl=1&resize=700%2C400 2x, https:\/\/i0.wp.com\/noticiasribeiraopreto.com.br\/wp-content\/uploads\/2026\/08\/wesley.jpg?fit=1200%2C886&ssl=1&resize=1050%2C600 3x"},"classes":[]},{"id":79400,"url":"https:\/\/noticiasribeiraopreto.com.br\/index.php\/2025\/10\/30\/empresa-de-austriaco-avanca-por-saf-no-comercial\/","url_meta":{"origin":91046,"position":5},"title":"Empresa de austr\u00edaco avan\u00e7a por SAF no Comercial","author":"noticiasribeiraopreto.com.br","date":"30 de October de 2025","format":false,"excerpt":"Conselho do clube aprova proposta da WWSA, que iniciar\u00e1 processo de \u2018due diligence\u2019 30 de outubro de 2025 23:144 Compartilhar0 Por Hugo Luque O Comercial deu um importante passo na rumo \u00e0 Sociedade An\u00f4nima do Futebol (SAF) na noite desta quinta-feira (30), quando o Conselho Deliberativo do clube se reuniu\u2026","rel":"","context":"In &quot;Not\u00edcias de Ribeir\u00e3o Preto-SP e Regi\u00e3o&quot;","block_context":{"text":"Not\u00edcias de Ribeir\u00e3o Preto-SP e Regi\u00e3o","link":"https:\/\/noticiasribeiraopreto.com.br\/index.php\/category\/noticias-de-ribeirao-preto-sp-e-regiao-ismael-colosi\/"},"img":{"alt_text":"","src":"https:\/\/i0.wp.com\/noticiasribeiraopreto.com.br\/wp-content\/uploads\/2025\/10\/1-Palma-Travassos-Raul-Ramos-4.jpg?fit=799%2C533&ssl=1&resize=350%2C200","width":350,"height":200,"srcset":"https:\/\/i0.wp.com\/noticiasribeiraopreto.com.br\/wp-content\/uploads\/2025\/10\/1-Palma-Travassos-Raul-Ramos-4.jpg?fit=799%2C533&ssl=1&resize=350%2C200 1x, https:\/\/i0.wp.com\/noticiasribeiraopreto.com.br\/wp-content\/uploads\/2025\/10\/1-Palma-Travassos-Raul-Ramos-4.jpg?fit=799%2C533&ssl=1&resize=525%2C300 1.5x, https:\/\/i0.wp.com\/noticiasribeiraopreto.com.br\/wp-content\/uploads\/2025\/10\/1-Palma-Travassos-Raul-Ramos-4.jpg?fit=799%2C533&ssl=1&resize=700%2C400 2x"},"classes":[]}],"jetpack_sharing_enabled":true,"jetpack_shortlink":"https:\/\/wp.me\/peQAOb-nGu","jetpack_featured_media_url":"https:\/\/i0.wp.com\/noticiasribeiraopreto.com.br\/wp-content\/uploads\/2026\/09\/1-Palma-Travassos-Raul-Ramos-4.jpg?fit=799%2C533&ssl=1","_links":{"self":[{"href":"https:\/\/noticiasribeiraopreto.com.br\/index.php\/wp-json\/wp\/v2\/posts\/91046","targetHints":{"allow":["GET"]}}],"collection":[{"href":"https:\/\/noticiasribeiraopreto.com.br\/index.php\/wp-json\/wp\/v2\/posts"}],"about":[{"href":"https:\/\/noticiasribeiraopreto.com.br\/index.php\/wp-json\/wp\/v2\/types\/post"}],"author":[{"embeddable":true,"href":"https:\/\/noticiasribeiraopreto.com.br\/index.php\/wp-json\/wp\/v2\/users\/1"}],"replies":[{"embeddable":true,"href":"https:\/\/noticiasribeiraopreto.com.br\/index.php\/wp-json\/wp\/v2\/comments?post=91046"}],"version-history":[{"count":0,"href":"https:\/\/noticiasribeiraopreto.com.br\/index.php\/wp-json\/wp\/v2\/posts\/91046\/revisions"}],"wp:featuredmedia":[{"embeddable":true,"href":"https:\/\/noticiasribeiraopreto.com.br\/index.php\/wp-json\/wp\/v2\/media\/91047"}],"wp:attachment":[{"href":"https:\/\/noticiasribeiraopreto.com.br\/index.php\/wp-json\/wp\/v2\/media?parent=91046"}],"wp:term":[{"taxonomy":"category","embeddable":true,"href":"https:\/\/noticiasribeiraopreto.com.br\/index.php\/wp-json\/wp\/v2\/categories?post=91046"},{"taxonomy":"post_tag","embeddable":true,"href":"https:\/\/noticiasribeiraopreto.com.br\/index.php\/wp-json\/wp\/v2\/tags?post=91046"}],"curies":[{"name":"wp","href":"https:\/\/api.w.org\/{rel}","templated":true}]}}