{"id":91048,"date":"2026-09-03T15:44:53","date_gmt":"2026-09-03T18:44:53","guid":{"rendered":"https:\/\/noticiasribeiraopreto.com.br\/index.php\/2026\/09\/03\/nos-moldes-curitiba-ribeirao-preto-debate-criacao-instituto-permanente-planejamento\/"},"modified":"2026-09-03T15:44:53","modified_gmt":"2026-09-03T18:44:53","slug":"nos-moldes-curitiba-ribeirao-preto-debate-criacao-instituto-permanente-planejamento","status":"publish","type":"post","link":"https:\/\/noticiasribeiraopreto.com.br\/index.php\/2026\/09\/03\/nos-moldes-curitiba-ribeirao-preto-debate-criacao-instituto-permanente-planejamento\/","title":{"rendered":"Nos moldes de Curitiba: Ribeir\u00e3o Preto debate cria\u00e7\u00e3o de instituto permanente de planejamento"},"content":{"rendered":"<div class='code-block code-block-1' style='margin: 8px 0 8px auto; text-align: right; display: block; clear: both;'>\n<p><a href=\"https:\/\/wa.link\/vpicfd\"><img data-recalc-dims=\"1\" class=\"wp-image-4922\" style=\"aspect-ratio: 2.0253164556962027; width: 561px; height: auto;\" src=\"https:\/\/i0.wp.com\/ismaelcolosi.com.br\/wp-content\/uploads\/2023\/11\/grupo-de-empregos-whatsapp-e-facebook-ismael-colosi-vagas.jpg?ssl=1\" alt=\"\" \/><\/a><\/p>\n<!-- \/wp:image -->\n<\/div>\n<p> <br \/>\n<\/p>\n<p>A <strong><a href=\"https:\/\/www.camararibeiraopreto.sp.gov.br\/\" data-type=\"link\" data-id=\"https:\/\/www.camararibeiraopreto.sp.gov.br\/\" target=\"_blank\" rel=\"noopener\">C\u00e2mara Municipal<\/a><\/strong> realizou, na \u00faltima quarta-feira (2), a primeira reuni\u00e3o da <strong>CEE (Comiss\u00e3o Especial de Estudos) <\/strong>que discute a cria\u00e7\u00e3o do Instituto de Planejamento Urbano de Ribeir\u00e3o Preto. O encontro contou com a participa\u00e7\u00e3o de integrantes do Instituto Ribeir\u00e3o 2030.<\/p>\n<p class=\"has-cyan-bluish-gray-background-color has-background\"><em>Receba not\u00edcias do\u00a0<strong>acidade on Ribeir\u00e3o\u00a0<\/strong>no WhatsApp e fique por dentro de tudo! Basta acessar o link<a href=\"https:\/\/chat.whatsapp.com\/DfXwcjKVIddHUT3BvnQuPZ?mode=hqctshi\" target=\"_blank\" rel=\"noreferrer noopener\">\u00a0aqui<\/a>!<\/em><\/p>\n<p>Segundo o presidente do Legislativo, <strong>Daniel Gobbi (PP)<\/strong>, autor da proposta da CEE, o objetivo \u00e9 criar um \u00f3rg\u00e3o t\u00e9cnico permanente dedicado ao desenvolvimento urbano da cidade. Para Gobbi, o instituto atuaria nos moldes do IPPUC (Instituto de Pesquisa e Planejamento Urbano de Curitiba).<\/p>\n<blockquote class=\"wp-block-quote is-layout-flow wp-block-quote-is-layout-flow\">\n<p>\u201cA idealiza\u00e7\u00e3o da cria\u00e7\u00e3o do instituto de pesquisa e planejamento est\u00e1 balizada pela observa\u00e7\u00e3o de munic\u00edpios que s\u00e3o modelos de gest\u00e3o e de entrega \u00e0 popula\u00e7\u00e3o, como Curitiba, por exemplo\u201d, afirma.<\/p>\n<\/blockquote>\n<figure class=\"wp-block-image size-large\"><figcaption class=\"wp-element-caption\">Presidente do Instituto 2030, Silvio Contart (Foto: divulga\u00e7\u00e3o)<\/figcaption><\/figure>\n<p>O presidente do Instituto 2030, Silvio Contart, avalia que o atual formato das secretarias municipais de Planejamento acaba restringindo a atua\u00e7\u00e3o das pastas, muitas vezes concentrada em processos de licenciamento.<\/p>\n<blockquote class=\"wp-block-quote is-layout-flow wp-block-quote-is-layout-flow\">\n<p>\u201cCom essa limita\u00e7\u00e3o, os planos e projetos de cidade nesse formato acontecem de dois jeitos. No primeiro, o gestor p\u00fablico consegue o investimento e precisa gastar. J\u00e1 o outro \u00e9 reativo, para resolver um problema pontual e emergencial. Acredito que deveria ser praticamente obrigat\u00f3rio que munic\u00edpios com mais de 500 mil habitantes tivessem seus institutos de pesquisa e planejamento\u201d, disse.<\/p>\n<\/blockquote>\n<h2 class=\"wp-block-heading\"><strong>\u2018Crescimento no improviso\u2019<\/strong><\/h2>\n<p>J\u00e1 a diretora de Projetos da institui\u00e7\u00e3o, Gabriela Rosa, acredita que Ribeir\u00e3o Preto tem enfrentado um processo de crescimento sem diretrizes suficientemente claras para orientar seu desenvolvimento.<\/p>\n<blockquote class=\"wp-block-quote is-layout-flow wp-block-quote-is-layout-flow\">\n<p>\u201cRibeir\u00e3o cresce no improviso. Atualmente, 23 cidades no Brasil criaram seus institutos de pesquisa e planejamento e t\u00eam conseguido olhar para o ordenamento do munic\u00edpio de forma integrada. Elas conseguem compor com as diversas secretarias e auxiliar no processo de tomada de decis\u00e3o, como a instala\u00e7\u00e3o de uma escola no local onde de fato ela \u00e9 necess\u00e1ria\u201d, destaca.<\/p>\n<\/blockquote>\n<figure class=\"wp-block-image size-large\"><img data-recalc-dims=\"1\" loading=\"lazy\" decoding=\"async\" width=\"1024\" height=\"683\" src=\"https:\/\/i0.wp.com\/www.acidadeon.com\/ribeiraopreto\/wp-content\/uploads\/sites\/3\/2026\/09\/gabriela-rosa-1024x683.jpeg?resize=1024%2C683&#038;ssl=1\" alt=\"gabriela rosa\" class=\"wp-image-173594\" title=\"Nos moldes de Curitiba: Ribeir\u00e3o Preto debate cria\u00e7\u00e3o de instituto permanente de planejamento 2\"><figcaption class=\"wp-element-caption\">Diretora de Projetos do Instituto 2030, Gabriela Rosa (Foto: divulga\u00e7\u00e3o)<\/figcaption><\/figure>\n<h2 class=\"wp-block-heading\"><strong>Pr\u00f3xima reuni\u00e3o<\/strong><\/h2>\n<p>A CEE definiu que a pr\u00f3xima reuni\u00e3o dever\u00e1 contar com a participa\u00e7\u00e3o de Adriano Qu\u00e9rcia, do Instituto Movimento Cidades Inteligentes. A data do encontro ainda ser\u00e1 confirmada.<\/p>\n<p class=\"has-cyan-bluish-gray-background-color has-background\"><em>Fa\u00e7a uma den\u00fancia ou sugira uma reportagem sobre\u00a0<strong>Ribeir\u00e3o Preto\u00a0<\/strong>e regi\u00e3o por meio do WhatsApp do\u00a0<strong>acidade on Ribeir\u00e3o<\/strong>: (16) 99117-7802.<\/em><\/p>\n<figure class=\"wp-block-gallery has-nested-images columns-default is-cropped wp-block-gallery-1 is-layout-flex wp-block-gallery-is-layout-flex\">\n<figure class=\"wp-block-image size-large\"><img data-recalc-dims=\"1\" loading=\"lazy\" decoding=\"async\" width=\"1024\" height=\"683\" data-id=\"173594\" src=\"https:\/\/i0.wp.com\/www.acidadeon.com\/ribeiraopreto\/wp-content\/uploads\/sites\/3\/2026\/09\/gabriela-rosa-1024x683.jpeg?resize=1024%2C683&#038;ssl=1\" alt=\"gabriela rosa\" class=\"wp-image-173594\" title=\"Nos moldes de Curitiba: Ribeir\u00e3o Preto debate cria\u00e7\u00e3o de instituto permanente de planejamento 3\"><figcaption class=\"wp-element-caption\">Foto: Divulga\u00e7\u00e3o<\/figcaption><\/figure>\n<figure class=\"wp-block-image size-large\"><img data-recalc-dims=\"1\" loading=\"lazy\" decoding=\"async\" width=\"1024\" height=\"683\" data-id=\"173595\" src=\"https:\/\/i0.wp.com\/www.acidadeon.com\/ribeiraopreto\/wp-content\/uploads\/sites\/3\/2026\/09\/silvio-contart-1-1024x683.jpeg?resize=1024%2C683&#038;ssl=1\" alt=\"silvio contart 1\" class=\"wp-image-173595\" title=\"Nos moldes de Curitiba: Ribeir\u00e3o Preto debate cria\u00e7\u00e3o de instituto permanente de planejamento 4\"><figcaption class=\"wp-element-caption\">Foto: divulga\u00e7\u00e3o<\/figcaption><\/figure>\n<\/figure>\n<p>O post Nos moldes de Curitiba: Ribeir\u00e3o Preto debate cria\u00e7\u00e3o de instituto permanente de planejamento apareceu primeiro em ACidade ON Ribeir\u00e3o Preto.<\/p>\n<p><br \/>\n<br \/><a href=\"https:\/\/www.acidadeon.com\/ribeiraopreto\/politica\/nos-moldes-curitiba-ribeirao-preto-debate-criacao-instituto-permanente-planejamento\/\">Link para o texto original aqui <\/a><\/p>\n<!-- CONTENT END 1 -->\n","protected":false},"excerpt":{"rendered":"<p>A C\u00e2mara Municipal realizou, na \u00faltima quarta-feira (2), a primeira reuni\u00e3o da CEE (Comiss\u00e3o Especial de Estudos) que discute a cria\u00e7\u00e3o do Instituto de Planejamento&#8230;<\/p>\n","protected":false},"author":1,"featured_media":91049,"comment_status":"","ping_status":"","sticky":false,"template":"","format":"standard","meta":{"advanced_seo_description":"","jetpack_seo_html_title":"","jetpack_seo_noindex":false,"jetpack_seo_schema_type":"","_jetpack_newsletter_access":"","_jetpack_dont_email_post_to_subs":false,"_jetpack_newsletter_tier_id":0,"_jetpack_memberships_contains_paywalled_content":false,"_jetpack_feature_clip_id":0,"_jetpack_memberships_contains_paid_content":false,"footnotes":"","jetpack_publicize_message":"","jetpack_publicize_feature_enabled":true,"jetpack_social_post_already_shared":true,"jetpack_social_options":{"image_generator_settings":{"template":"highway","default_image_id":0,"font":"","enabled":false},"version":2},"jetpack_post_was_ever_published":false},"categories":[11],"tags":[1816,8722,5995,547,8914,896,3041,3852,27,26],"class_list":["post-91048","post","type-post","status-publish","format-standard","has-post-thumbnail","hentry","category-noticias-de-ribeirao-preto-sp-e-regiao-ismael-colosi","tag-criacao","tag-curitiba","tag-debate","tag-instituto","tag-moldes","tag-nos","tag-permanente","tag-planejamento","tag-preto","tag-ribeirao"],"jetpack_publicize_connections":[],"jetpack-related-posts":[{"id":90019,"url":"https:\/\/noticiasribeiraopreto.com.br\/index.php\/2026\/08\/15\/cee-cobra-prazos-e-documentos-sobre-obras-de-r-11-bilhao-no-corredor-leste\/","url_meta":{"origin":91048,"position":0},"title":"CEE cobra prazos e documentos sobre obras de R$ 1,1 bilh\u00e3o no Corredor Leste","author":"noticiasribeiraopreto.com.br","date":"15 de August de 2026","format":false,"excerpt":"A Comiss\u00e3o Especial de Estudos (CEE) da C\u00e2mara Municipal de Ribeir\u00e3o Preto reuniu-se para acompanhar o andamento da opera\u00e7\u00e3o de cr\u00e9dito de R$ 1,15 bilh\u00e3o destinada aos corredores de mobilidade urbana Leste-Oeste. Conduzida pelo presidente Daniel Gobbi (PP), com as participa\u00e7\u00f5es do vice-presidente, vereador Rangel Scandiuzzi (PSD), e da relatora,\u2026","rel":"","context":"In &quot;Not\u00edcias de Ribeir\u00e3o Preto-SP e Regi\u00e3o&quot;","block_context":{"text":"Not\u00edcias de Ribeir\u00e3o Preto-SP e Regi\u00e3o","link":"https:\/\/noticiasribeiraopreto.com.br\/index.php\/category\/noticias-de-ribeirao-preto-sp-e-regiao-ismael-colosi\/"},"img":{"alt_text":"","src":"https:\/\/i0.wp.com\/noticiasribeiraopreto.com.br\/wp-content\/uploads\/2026\/08\/reuniao_corredor_de_obras_12_08_26_foto_julia_rechi_dip.01-scaled.jpg?fit=1200%2C800&ssl=1&resize=350%2C200","width":350,"height":200,"srcset":"https:\/\/i0.wp.com\/noticiasribeiraopreto.com.br\/wp-content\/uploads\/2026\/08\/reuniao_corredor_de_obras_12_08_26_foto_julia_rechi_dip.01-scaled.jpg?fit=1200%2C800&ssl=1&resize=350%2C200 1x, https:\/\/i0.wp.com\/noticiasribeiraopreto.com.br\/wp-content\/uploads\/2026\/08\/reuniao_corredor_de_obras_12_08_26_foto_julia_rechi_dip.01-scaled.jpg?fit=1200%2C800&ssl=1&resize=525%2C300 1.5x, https:\/\/i0.wp.com\/noticiasribeiraopreto.com.br\/wp-content\/uploads\/2026\/08\/reuniao_corredor_de_obras_12_08_26_foto_julia_rechi_dip.01-scaled.jpg?fit=1200%2C800&ssl=1&resize=700%2C400 2x, https:\/\/i0.wp.com\/noticiasribeiraopreto.com.br\/wp-content\/uploads\/2026\/08\/reuniao_corredor_de_obras_12_08_26_foto_julia_rechi_dip.01-scaled.jpg?fit=1200%2C800&ssl=1&resize=1050%2C600 3x"},"classes":[]},{"id":41968,"url":"https:\/\/noticiasribeiraopreto.com.br\/index.php\/2024\/03\/12\/lula-confirma-criacao-do-instituto-federal-de-ribeirao-preto\/","url_meta":{"origin":91048,"position":1},"title":"Lula confirma cria\u00e7\u00e3o do Instituto Federal de Ribeir\u00e3o Preto","author":"noticiasribeiraopreto.com.br","date":"12 de March de 2024","format":false,"excerpt":"O presidente Luiz In\u00e1cio Lula da Silva (PT) confirmou nesta ter\u00e7a-feira (12) a cria\u00e7\u00e3o de 100 novos Institutos Federais em todo o Pa\u00eds, entre eles o de Ribeir\u00e3o Preto. Cada instituto ter\u00e1 capacidade para atendimento de at\u00e9 1,4 mil estudantes. O an\u00fancio aconteceu em cerim\u00f4nia no Pal\u00e1cio do Planalto, em\u2026","rel":"","context":"In &quot;Not\u00edcias de Ribeir\u00e3o Preto-SP e Regi\u00e3o&quot;","block_context":{"text":"Not\u00edcias de Ribeir\u00e3o Preto-SP e Regi\u00e3o","link":"https:\/\/noticiasribeiraopreto.com.br\/index.php\/category\/noticias-de-ribeirao-preto-sp-e-regiao-ismael-colosi\/"},"img":{"alt_text":"","src":"https:\/\/i0.wp.com\/noticiasribeiraopreto.com.br\/wp-content\/uploads\/2024\/03\/AnyConv.com__lula.webp.webp?fit=1200%2C800&ssl=1&resize=350%2C200","width":350,"height":200,"srcset":"https:\/\/i0.wp.com\/noticiasribeiraopreto.com.br\/wp-content\/uploads\/2024\/03\/AnyConv.com__lula.webp.webp?fit=1200%2C800&ssl=1&resize=350%2C200 1x, https:\/\/i0.wp.com\/noticiasribeiraopreto.com.br\/wp-content\/uploads\/2024\/03\/AnyConv.com__lula.webp.webp?fit=1200%2C800&ssl=1&resize=525%2C300 1.5x, https:\/\/i0.wp.com\/noticiasribeiraopreto.com.br\/wp-content\/uploads\/2024\/03\/AnyConv.com__lula.webp.webp?fit=1200%2C800&ssl=1&resize=700%2C400 2x, https:\/\/i0.wp.com\/noticiasribeiraopreto.com.br\/wp-content\/uploads\/2024\/03\/AnyConv.com__lula.webp.webp?fit=1200%2C800&ssl=1&resize=1050%2C600 3x"},"classes":[]},{"id":89085,"url":"https:\/\/noticiasribeiraopreto.com.br\/index.php\/2026\/07\/30\/gobbi-defende-o-reforco-na-prevencao-de-desastres-e-estruturacao-da-defesa-civil-como-objetivos-da-camara-para-o-segundo-semestre\/","url_meta":{"origin":91048,"position":2},"title":"Gobbi defende o refor\u00e7o na preven\u00e7\u00e3o de desastres e estrutura\u00e7\u00e3o da Defesa Civil como objetivos da C\u00e2mara para o segundo semestre","author":"noticiasribeiraopreto.com.br","date":"30 de July de 2026","format":false,"excerpt":"A C\u00e2mara Municipal de Ribeir\u00e3o Preto concluiu os trabalhos legislativos do primeiro semestre de 2026 com um saldo focado no planejamento or\u00e7ament\u00e1rio e no fortalecimento do debate democr\u00e1tico.Em balan\u00e7o sobre o per\u00edodo, o presidente do Legislativo, Daniel Gobbi (PP), destacou a aprova\u00e7\u00e3o da Lei de Diretrizes Or\u00e7ament\u00e1rias (LDO) e apontou\u2026","rel":"","context":"In &quot;Not\u00edcias de Ribeir\u00e3o Preto-SP e Regi\u00e3o&quot;","block_context":{"text":"Not\u00edcias de Ribeir\u00e3o Preto-SP e Regi\u00e3o","link":"https:\/\/noticiasribeiraopreto.com.br\/index.php\/category\/noticias-de-ribeirao-preto-sp-e-regiao-ismael-colosi\/"},"img":{"alt_text":"","src":"https:\/\/i0.wp.com\/noticiasribeiraopreto.com.br\/wp-content\/uploads\/2026\/07\/WhatsApp-Image-2026-07-30-at-08.29.48.jpeg?fit=1200%2C877&ssl=1&resize=350%2C200","width":350,"height":200,"srcset":"https:\/\/i0.wp.com\/noticiasribeiraopreto.com.br\/wp-content\/uploads\/2026\/07\/WhatsApp-Image-2026-07-30-at-08.29.48.jpeg?fit=1200%2C877&ssl=1&resize=350%2C200 1x, https:\/\/i0.wp.com\/noticiasribeiraopreto.com.br\/wp-content\/uploads\/2026\/07\/WhatsApp-Image-2026-07-30-at-08.29.48.jpeg?fit=1200%2C877&ssl=1&resize=525%2C300 1.5x, https:\/\/i0.wp.com\/noticiasribeiraopreto.com.br\/wp-content\/uploads\/2026\/07\/WhatsApp-Image-2026-07-30-at-08.29.48.jpeg?fit=1200%2C877&ssl=1&resize=700%2C400 2x, https:\/\/i0.wp.com\/noticiasribeiraopreto.com.br\/wp-content\/uploads\/2026\/07\/WhatsApp-Image-2026-07-30-at-08.29.48.jpeg?fit=1200%2C877&ssl=1&resize=1050%2C600 3x"},"classes":[]},{"id":29776,"url":"https:\/\/noticiasribeiraopreto.com.br\/index.php\/2024\/01\/19\/gobbi-diz-ser-o-sucessor-natural-de-nogueira\/","url_meta":{"origin":91048,"position":3},"title":"Gobbi diz ser o sucessor natural de Nogueira","author":"noticiasribeiraopreto.com.br","date":"19 de January de 2024","format":false,"excerpt":"O vice-prefeito e secret\u00e1rio municipal de Planejamento de Ribeir\u00e3o Preto, Daniel Gobbi (PP) afirmou que \u00e9 o sucessor natural do grupo do atual prefeito, Duarte Nogueira (PSDB) nas elei\u00e7\u00f5es municipais deste ano, marcadas para o dia 6 de outubro. Nas cidades onde for necess\u00e1rio o segundo turno, ele ser\u00e1 realizado\u2026","rel":"","context":"In &quot;Not\u00edcias de Ribeir\u00e3o Preto-SP e Regi\u00e3o&quot;","block_context":{"text":"Not\u00edcias de Ribeir\u00e3o Preto-SP e Regi\u00e3o","link":"https:\/\/noticiasribeiraopreto.com.br\/index.php\/category\/noticias-de-ribeirao-preto-sp-e-regiao-ismael-colosi\/"},"img":{"alt_text":"","src":"https:\/\/i0.wp.com\/noticiasribeiraopreto.com.br\/wp-content\/uploads\/2024\/01\/Gobbi-Palacio-768x512-1.jpg?fit=768%2C512&ssl=1&resize=350%2C200","width":350,"height":200,"srcset":"https:\/\/i0.wp.com\/noticiasribeiraopreto.com.br\/wp-content\/uploads\/2024\/01\/Gobbi-Palacio-768x512-1.jpg?fit=768%2C512&ssl=1&resize=350%2C200 1x, https:\/\/i0.wp.com\/noticiasribeiraopreto.com.br\/wp-content\/uploads\/2024\/01\/Gobbi-Palacio-768x512-1.jpg?fit=768%2C512&ssl=1&resize=525%2C300 1.5x, https:\/\/i0.wp.com\/noticiasribeiraopreto.com.br\/wp-content\/uploads\/2024\/01\/Gobbi-Palacio-768x512-1.jpg?fit=768%2C512&ssl=1&resize=700%2C400 2x"},"classes":[]},{"id":34815,"url":"https:\/\/noticiasribeiraopreto.com.br\/index.php\/2024\/02\/03\/lula-anuncia-12-institutos-federais-em-sp-ribeirao-preto-aguarda-confirmacao\/","url_meta":{"origin":91048,"position":4},"title":"Lula anuncia 12 Institutos Federais em SP; Ribeir\u00e3o Preto aguarda confirma\u00e7\u00e3o","author":"noticiasribeiraopreto.com.br","date":"3 de February de 2024","format":false,"excerpt":"O presidente Luiz In\u00e1cio Lula da Silva (PT) anunciou na \u00faltima sexta-feira (2) a cria\u00e7\u00e3o de mais 12 Institutos Federais de educa\u00e7\u00e3o no Estado de S\u00e3o Paulo. O presidente confirmou algumas cidades que receber\u00e3o o instituto, mas ainda n\u00e3o anunciou a implanta\u00e7\u00e3o do campus em Ribeir\u00e3o Preto. Entre as unidades\u2026","rel":"","context":"In &quot;Not\u00edcias de Ribeir\u00e3o Preto-SP e Regi\u00e3o&quot;","block_context":{"text":"Not\u00edcias de Ribeir\u00e3o Preto-SP e Regi\u00e3o","link":"https:\/\/noticiasribeiraopreto.com.br\/index.php\/category\/noticias-de-ribeirao-preto-sp-e-regiao-ismael-colosi\/"},"img":{"alt_text":"","src":"https:\/\/i0.wp.com\/noticiasribeiraopreto.com.br\/wp-content\/uploads\/2024\/02\/lula-scaled.jpg?fit=1200%2C800&ssl=1&resize=350%2C200","width":350,"height":200,"srcset":"https:\/\/i0.wp.com\/noticiasribeiraopreto.com.br\/wp-content\/uploads\/2024\/02\/lula-scaled.jpg?fit=1200%2C800&ssl=1&resize=350%2C200 1x, https:\/\/i0.wp.com\/noticiasribeiraopreto.com.br\/wp-content\/uploads\/2024\/02\/lula-scaled.jpg?fit=1200%2C800&ssl=1&resize=525%2C300 1.5x, https:\/\/i0.wp.com\/noticiasribeiraopreto.com.br\/wp-content\/uploads\/2024\/02\/lula-scaled.jpg?fit=1200%2C800&ssl=1&resize=700%2C400 2x, https:\/\/i0.wp.com\/noticiasribeiraopreto.com.br\/wp-content\/uploads\/2024\/02\/lula-scaled.jpg?fit=1200%2C800&ssl=1&resize=1050%2C600 3x"},"classes":[]},{"id":83224,"url":"https:\/\/noticiasribeiraopreto.com.br\/index.php\/2026\/03\/13\/aprovada-cee-da-via-leste-oeste\/","url_meta":{"origin":91048,"position":5},"title":"Aprovada CEE da Via Leste-Oeste","author":"noticiasribeiraopreto.com.br","date":"13 de March de 2026","format":false,"excerpt":"Comiss\u00e3o Especial de Estudos ir\u00e1 fiscalizar a execu\u00e7\u00e3o e a aplica\u00e7\u00e3o do financiamento de R$1,1 bilh\u00e3o para a implanta\u00e7\u00e3o do corredor de mobilidade Leste-Oeste A C\u00e2mara de Ribeir\u00e3o Preto aprovou a cria\u00e7\u00e3o de uma Comiss\u00e3o Especial de Estudos (CEE) para acompanhar a libera\u00e7\u00e3o de cr\u00e9dito de R$ 1,1 bilh\u00e3o via\u2026","rel":"","context":"In &quot;Not\u00edcias de Ribeir\u00e3o Preto-SP e Regi\u00e3o&quot;","block_context":{"text":"Not\u00edcias de Ribeir\u00e3o Preto-SP e Regi\u00e3o","link":"https:\/\/noticiasribeiraopreto.com.br\/index.php\/category\/noticias-de-ribeirao-preto-sp-e-regiao-ismael-colosi\/"},"img":{"alt_text":"","src":"https:\/\/i0.wp.com\/noticiasribeiraopreto.com.br\/wp-content\/uploads\/2026\/03\/NovoPAC-Alfredo-Risk-1-scaled.jpg?fit=1200%2C675&ssl=1&resize=350%2C200","width":350,"height":200,"srcset":"https:\/\/i0.wp.com\/noticiasribeiraopreto.com.br\/wp-content\/uploads\/2026\/03\/NovoPAC-Alfredo-Risk-1-scaled.jpg?fit=1200%2C675&ssl=1&resize=350%2C200 1x, https:\/\/i0.wp.com\/noticiasribeiraopreto.com.br\/wp-content\/uploads\/2026\/03\/NovoPAC-Alfredo-Risk-1-scaled.jpg?fit=1200%2C675&ssl=1&resize=525%2C300 1.5x, https:\/\/i0.wp.com\/noticiasribeiraopreto.com.br\/wp-content\/uploads\/2026\/03\/NovoPAC-Alfredo-Risk-1-scaled.jpg?fit=1200%2C675&ssl=1&resize=700%2C400 2x, https:\/\/i0.wp.com\/noticiasribeiraopreto.com.br\/wp-content\/uploads\/2026\/03\/NovoPAC-Alfredo-Risk-1-scaled.jpg?fit=1200%2C675&ssl=1&resize=1050%2C600 3x"},"classes":[]}],"jetpack_sharing_enabled":true,"jetpack_shortlink":"https:\/\/wp.me\/peQAOb-nGw","jetpack_featured_media_url":"https:\/\/i0.wp.com\/noticiasribeiraopreto.com.br\/wp-content\/uploads\/2026\/09\/habitantes-ribeirao-preto.jpeg?fit=1280%2C960&ssl=1","_links":{"self":[{"href":"https:\/\/noticiasribeiraopreto.com.br\/index.php\/wp-json\/wp\/v2\/posts\/91048","targetHints":{"allow":["GET"]}}],"collection":[{"href":"https:\/\/noticiasribeiraopreto.com.br\/index.php\/wp-json\/wp\/v2\/posts"}],"about":[{"href":"https:\/\/noticiasribeiraopreto.com.br\/index.php\/wp-json\/wp\/v2\/types\/post"}],"author":[{"embeddable":true,"href":"https:\/\/noticiasribeiraopreto.com.br\/index.php\/wp-json\/wp\/v2\/users\/1"}],"replies":[{"embeddable":true,"href":"https:\/\/noticiasribeiraopreto.com.br\/index.php\/wp-json\/wp\/v2\/comments?post=91048"}],"version-history":[{"count":0,"href":"https:\/\/noticiasribeiraopreto.com.br\/index.php\/wp-json\/wp\/v2\/posts\/91048\/revisions"}],"wp:featuredmedia":[{"embeddable":true,"href":"https:\/\/noticiasribeiraopreto.com.br\/index.php\/wp-json\/wp\/v2\/media\/91049"}],"wp:attachment":[{"href":"https:\/\/noticiasribeiraopreto.com.br\/index.php\/wp-json\/wp\/v2\/media?parent=91048"}],"wp:term":[{"taxonomy":"category","embeddable":true,"href":"https:\/\/noticiasribeiraopreto.com.br\/index.php\/wp-json\/wp\/v2\/categories?post=91048"},{"taxonomy":"post_tag","embeddable":true,"href":"https:\/\/noticiasribeiraopreto.com.br\/index.php\/wp-json\/wp\/v2\/tags?post=91048"}],"curies":[{"name":"wp","href":"https:\/\/api.w.org\/{rel}","templated":true}]}}