{"id":91050,"date":"2026-09-03T16:11:13","date_gmt":"2026-09-03T19:11:13","guid":{"rendered":"https:\/\/noticiasribeiraopreto.com.br\/index.php\/2026\/09\/03\/ribeirao-preto-entra-na-rota-de-nova-frente-fria-com-chuva-forte-e-queda-de-temperatura\/"},"modified":"2026-09-03T16:11:13","modified_gmt":"2026-09-03T19:11:13","slug":"ribeirao-preto-entra-na-rota-de-nova-frente-fria-com-chuva-forte-e-queda-de-temperatura","status":"publish","type":"post","link":"https:\/\/noticiasribeiraopreto.com.br\/index.php\/2026\/09\/03\/ribeirao-preto-entra-na-rota-de-nova-frente-fria-com-chuva-forte-e-queda-de-temperatura\/","title":{"rendered":"Ribeir\u00e3o Preto entra na rota de nova frente fria com chuva forte e queda de temperatura"},"content":{"rendered":"<div class='code-block code-block-1' style='margin: 8px 0 8px auto; text-align: right; display: block; clear: both;'>\n<p><a href=\"https:\/\/wa.link\/vpicfd\"><img data-recalc-dims=\"1\" class=\"wp-image-4922\" style=\"aspect-ratio: 2.0253164556962027; width: 561px; height: auto;\" src=\"https:\/\/i0.wp.com\/ismaelcolosi.com.br\/wp-content\/uploads\/2023\/11\/grupo-de-empregos-whatsapp-e-facebook-ismael-colosi-vagas.jpg?ssl=1\" alt=\"\" \/><\/a><\/p>\n<!-- \/wp:image -->\n<\/div>\n<p> <br \/>\n<\/p>\n<p>Uma<strong> nova frente fria deve avan\u00e7ar sobre o estado de S\u00e3o Paulo neste fim de semana<\/strong> e aumentar as condi\u00e7\u00f5es para chuva em Ribeir\u00e3o Preto. Em conversa com o<em> acidade on,<\/em> a meteorologista <strong>Jos\u00e9lia Pegorim, da Climatempo<\/strong>, explicou que o sistema deve provocar chuva generalizada no estado, com possibilidade de epis\u00f3dios de intensidade moderada a forte na regi\u00e3o.<\/p>\n<p>A previs\u00e3o indica que a frente fria deve provocar chuva principalmente <strong>na tarde e na noite de s\u00e1bado (5)<\/strong> e tamb\u00e9m durante o <strong>domingo (6)<\/strong>.<\/p>\n<div class=\"wp-block-image\">\n<figure class=\"aligncenter size-large\"><figcaption class=\"wp-element-caption\"> Foto: Ricardo Canaveze.<\/figcaption><\/figure>\n<\/div>\n<h2 class=\"wp-block-heading\">Chuva deve ganhar for\u00e7a no fim de semana<\/h2>\n<p>De acordo com Jos\u00e9lia, a frente fria chega ao estado com for\u00e7a e deve provocar instabilidade em diferentes regi\u00f5es de S\u00e3o Paulo. Em Ribeir\u00e3o Preto, a previs\u00e3o aponta possibilidade de chuva moderada a forte durante a passagem do sistema.<\/p>\n<div class=\"wp-block-image\">\n<figure class=\"aligncenter size-full\"><img data-recalc-dims=\"1\" loading=\"lazy\" decoding=\"async\" width=\"774\" height=\"626\" src=\"https:\/\/i0.wp.com\/www.acidadeon.com\/ribeiraopreto\/wp-content\/uploads\/sites\/3\/2026\/09\/image-41.png?resize=774%2C626&#038;ssl=1\" alt=\"image 41\" class=\"wp-image-173598\" title=\"Ribeir\u00e3o Preto entra na rota de nova frente fria com chuva forte e queda de temperatura 2\"><figcaption class=\"wp-element-caption\">Foto: Climatempo<\/figcaption><\/figure>\n<\/div>\n<p>O cen\u00e1rio ocorre ap\u00f3s a passagem de outra frente fria no in\u00edcio de setembro. Segundo a meteorologista, esse primeiro sistema provocou volumes de chuva entre <strong>10 e 20 mil\u00edmetros<\/strong>.<\/p>\n<p>Para setembro, a m\u00e9dia de precipita\u00e7\u00e3o na regi\u00e3o de Ribeir\u00e3o Preto varia entre <strong>60 e 80 mil\u00edmetros<\/strong>.<\/p>\n<figure class=\"wp-block-video\"><video height=\"1920\" width=\"1080\" controls src=\"https:\/\/www.acidadeon.com\/ribeiraopreto\/wp-content\/uploads\/sites\/3\/2026\/09\/Opcao-1-2026-09-03T160224.470.mp4\"><\/video><\/figure>\n<p class=\"has-text-align-center has-small-font-size\"><em>Receba not\u00edcias do\u00a0<strong>acidade on Ribeir\u00e3o\u00a0<\/strong>no WhatsApp e fique por dentro de tudo! Basta acessar o link<a href=\"https:\/\/chat.whatsapp.com\/DfXwcjKVIddHUT3BvnQuPZ?mode=hqctshi\" target=\"_blank\" rel=\"noreferrer noopener\">\u00a0aqui<\/a>!<\/em><\/p>\n<h2 class=\"wp-block-heading\">Feriado ter\u00e1 queda de temperatura<\/h2>\n<p>Depois da passagem da frente fria, o tempo deve mudar novamente por causa da chegada de <strong>ar frio<\/strong>. A entrada dessa massa de ar deve provocar queda nas temperaturas em Ribeir\u00e3o Preto e regi\u00e3o.<\/p>\n<p>No <strong>feriado de 7 de Setembro<\/strong>, a expectativa \u00e9 de que a chuva diminua. Segundo Jos\u00e9lia, o principal destaque para a data ser\u00e1 a queda de temperatura provocada pela chegada do ar frio.<\/p>\n<div class=\"wp-block-image\">\n<figure class=\"aligncenter size-large\"><img data-recalc-dims=\"1\" loading=\"lazy\" decoding=\"async\" width=\"1024\" height=\"576\" src=\"https:\/\/i0.wp.com\/www.acidadeon.com\/ribeiraopreto\/wp-content\/uploads\/sites\/3\/2026\/09\/alerta-tempestade-inmet-1024x576.jpg?resize=1024%2C576&#038;ssl=1\" alt=\"Inmet emite alerta para o risco de tempestade no estado de SP - Foto: Marcello Casal Jr\/ Ag\u00eancia Brasil.\" class=\"wp-image-173182\" title=\"Ribeir\u00e3o Preto entra na rota de nova frente fria com chuva forte e queda de temperatura 3\"><figcaption class=\"wp-element-caption\">Foto: Marcello Casal Jr\/ Ag\u00eancia Brasil.<br \/><\/figcaption><\/figure>\n<\/div>\n<p class=\"has-text-align-center has-small-font-size\"><em>Fa\u00e7a uma den\u00fancia ou sugira uma reportagem sobre\u00a0<strong>Ribeir\u00e3o Preto\u00a0<\/strong>e regi\u00e3o por meio do WhatsApp do\u00a0<strong>acidade on Ribeir\u00e3o<\/strong>: (16) 99117-7802.<\/em><\/p>\n<\/p>\n<p>O post Ribeir\u00e3o Preto entra na rota de nova frente fria com chuva forte e queda de temperatura apareceu primeiro em ACidade ON Ribeir\u00e3o Preto.<\/p>\n<p><br \/>\n<br \/><a href=\"https:\/\/www.acidadeon.com\/ribeiraopreto\/cotidiano\/ribeirao-preto-entra-na-rota-de-nova-frente-fria-com-chuva-forte-e-queda-de-temperatura\/\">Link para o texto original aqui <\/a><\/p>\n<!-- CONTENT END 1 -->\n","protected":false},"excerpt":{"rendered":"<p>Uma nova frente fria deve avan\u00e7ar sobre o estado de S\u00e3o Paulo neste fim de semana e aumentar as condi\u00e7\u00f5es para chuva em Ribeir\u00e3o Preto&#8230;.<\/p>\n","protected":false},"author":1,"featured_media":91051,"comment_status":"","ping_status":"","sticky":false,"template":"","format":"standard","meta":{"advanced_seo_description":"","jetpack_seo_html_title":"","jetpack_seo_noindex":false,"jetpack_seo_schema_type":"","_jetpack_newsletter_access":"","_jetpack_dont_email_post_to_subs":false,"_jetpack_newsletter_tier_id":0,"_jetpack_memberships_contains_paywalled_content":false,"_jetpack_feature_clip_id":0,"_jetpack_memberships_contains_paid_content":false,"footnotes":"","jetpack_publicize_message":"","jetpack_publicize_feature_enabled":true,"jetpack_social_post_already_shared":true,"jetpack_social_options":{"image_generator_settings":{"template":"highway","default_image_id":0,"font":"","enabled":false},"version":2},"jetpack_post_was_ever_published":false},"categories":[11],"tags":[224,2499,2590,490,491,422,27,2588,26,4238,2186],"class_list":["post-91050","post","type-post","status-publish","format-standard","has-post-thumbnail","hentry","category-noticias-de-ribeirao-preto-sp-e-regiao-ismael-colosi","tag-chuva","tag-entra","tag-forte","tag-frente","tag-fria","tag-nova","tag-preto","tag-queda","tag-ribeirao","tag-rota","tag-temperatura"],"jetpack_publicize_connections":[],"jetpack-related-posts":[{"id":64761,"url":"https:\/\/noticiasribeiraopreto.com.br\/index.php\/2025\/03\/12\/nova-frente-fria-traz-chuva-e-queda-de-temperatura-para-o-estado-de-sp-veja-quando\/","url_meta":{"origin":91050,"position":0},"title":"Nova frente fria traz chuva e queda de temperatura para o estado de SP; Veja quando","author":"noticiasribeiraopreto.com.br","date":"12 de March de 2025","format":false,"excerpt":"Uma nova frente fria dever\u00e1 trazer pancadas de chuva e provocar a queda da temperatura em grande parte do estado de S\u00e3o Paulo nos pr\u00f3ximos dias. Segundo a Meteored, entre o s\u00e1bado (15) e o domingo (16), a frente fria ser\u00e1 impulsionada por um ciclone e ir\u00e1 reorganizar o tempo\u2026","rel":"","context":"In &quot;Not\u00edcias de Ribeir\u00e3o Preto-SP e Regi\u00e3o&quot;","block_context":{"text":"Not\u00edcias de Ribeir\u00e3o Preto-SP e Regi\u00e3o","link":"https:\/\/noticiasribeiraopreto.com.br\/index.php\/category\/noticias-de-ribeirao-preto-sp-e-regiao-ismael-colosi\/"},"img":{"alt_text":"","src":"https:\/\/i0.wp.com\/noticiasribeiraopreto.com.br\/wp-content\/uploads\/2024\/08\/WhatsApp-Image-2024-07-13-at-19.42.17_2024-07-13_22-42-51_jpeg_2024-07-13_22-42-51.webp.webp?fit=1200%2C553&ssl=1&resize=350%2C200","width":350,"height":200,"srcset":"https:\/\/i0.wp.com\/noticiasribeiraopreto.com.br\/wp-content\/uploads\/2024\/08\/WhatsApp-Image-2024-07-13-at-19.42.17_2024-07-13_22-42-51_jpeg_2024-07-13_22-42-51.webp.webp?fit=1200%2C553&ssl=1&resize=350%2C200 1x, https:\/\/i0.wp.com\/noticiasribeiraopreto.com.br\/wp-content\/uploads\/2024\/08\/WhatsApp-Image-2024-07-13-at-19.42.17_2024-07-13_22-42-51_jpeg_2024-07-13_22-42-51.webp.webp?fit=1200%2C553&ssl=1&resize=525%2C300 1.5x, https:\/\/i0.wp.com\/noticiasribeiraopreto.com.br\/wp-content\/uploads\/2024\/08\/WhatsApp-Image-2024-07-13-at-19.42.17_2024-07-13_22-42-51_jpeg_2024-07-13_22-42-51.webp.webp?fit=1200%2C553&ssl=1&resize=700%2C400 2x, https:\/\/i0.wp.com\/noticiasribeiraopreto.com.br\/wp-content\/uploads\/2024\/08\/WhatsApp-Image-2024-07-13-at-19.42.17_2024-07-13_22-42-51_jpeg_2024-07-13_22-42-51.webp.webp?fit=1200%2C553&ssl=1&resize=1050%2C600 3x"},"classes":[]},{"id":90864,"url":"https:\/\/noticiasribeiraopreto.com.br\/index.php\/2026\/09\/01\/com-chegada-de-frente-fria-ribeirao-pode-ter-minima-invertida-veja-previsao\/","url_meta":{"origin":91050,"position":1},"title":"Com chegada de frente fria, Ribeir\u00e3o pode ter m\u00ednima invertida; Veja previs\u00e3o","author":"noticiasribeiraopreto.com.br","date":"1 de September de 2026","format":false,"excerpt":"Ap\u00f3s dias marcados por tempo seco e altas temperaturas, uma nova frente fria avan\u00e7a elo Estado de S\u00e3o Paulo nesta ter\u00e7a-feira (1\u00ba) e provoca chuva forte, temporais e queda significativa das temperaturas em diversas regi\u00f5es, inclusive em Ribeir\u00e3o Preto. De acordo com a Climatempo, o dia come\u00e7a com sol entre\u2026","rel":"","context":"In &quot;Not\u00edcias de Ribeir\u00e3o Preto-SP e Regi\u00e3o&quot;","block_context":{"text":"Not\u00edcias de Ribeir\u00e3o Preto-SP e Regi\u00e3o","link":"https:\/\/noticiasribeiraopreto.com.br\/index.php\/category\/noticias-de-ribeirao-preto-sp-e-regiao-ismael-colosi\/"},"img":{"alt_text":"","src":"https:\/\/i0.wp.com\/noticiasribeiraopreto.com.br\/wp-content\/uploads\/2026\/09\/WhatsApp-Image-2025-11-08-at-10.56.13_2025-11-08_14-04-47.webp.webp?fit=1200%2C903&ssl=1&resize=350%2C200","width":350,"height":200,"srcset":"https:\/\/i0.wp.com\/noticiasribeiraopreto.com.br\/wp-content\/uploads\/2026\/09\/WhatsApp-Image-2025-11-08-at-10.56.13_2025-11-08_14-04-47.webp.webp?fit=1200%2C903&ssl=1&resize=350%2C200 1x, https:\/\/i0.wp.com\/noticiasribeiraopreto.com.br\/wp-content\/uploads\/2026\/09\/WhatsApp-Image-2025-11-08-at-10.56.13_2025-11-08_14-04-47.webp.webp?fit=1200%2C903&ssl=1&resize=525%2C300 1.5x, https:\/\/i0.wp.com\/noticiasribeiraopreto.com.br\/wp-content\/uploads\/2026\/09\/WhatsApp-Image-2025-11-08-at-10.56.13_2025-11-08_14-04-47.webp.webp?fit=1200%2C903&ssl=1&resize=700%2C400 2x, https:\/\/i0.wp.com\/noticiasribeiraopreto.com.br\/wp-content\/uploads\/2026\/09\/WhatsApp-Image-2025-11-08-at-10.56.13_2025-11-08_14-04-47.webp.webp?fit=1200%2C903&ssl=1&resize=1050%2C600 3x"},"classes":[]},{"id":90364,"url":"https:\/\/noticiasribeiraopreto.com.br\/index.php\/2026\/08\/21\/frente-fria-traz-ventos-de-ate-90-km-h-e-coloca-areas-de-sp-em-atencao\/","url_meta":{"origin":91050,"position":2},"title":"Frente fria traz ventos de at\u00e9 90 km\/h e coloca \u00e1reas de SP em aten\u00e7\u00e3o","author":"noticiasribeiraopreto.com.br","date":"21 de August de 2026","format":false,"excerpt":"A passagem de uma frente fria coloca \u00e1reas do estado de S\u00e3o Paulo em aten\u00e7\u00e3o para fortes rajadas de vento nesta sexta-feira (21). De acordo com a Climatempo, os ventos podem chegar a 90 km\/h em alguns pontos, enquanto no centro, oeste e norte paulista as rajadas podem atingir at\u00e9\u2026","rel":"","context":"In &quot;Not\u00edcias de Ribeir\u00e3o Preto-SP e Regi\u00e3o&quot;","block_context":{"text":"Not\u00edcias de Ribeir\u00e3o Preto-SP e Regi\u00e3o","link":"https:\/\/noticiasribeiraopreto.com.br\/index.php\/category\/noticias-de-ribeirao-preto-sp-e-regiao-ismael-colosi\/"},"img":{"alt_text":"","src":"https:\/\/i0.wp.com\/noticiasribeiraopreto.com.br\/wp-content\/uploads\/2024\/09\/NY_1764_2024-08-24_20-32-38_jpg_2024-08-24_20-32-39-1068x712-1_2024-09-13_21-37-09.webp.webp?fit=1068%2C712&ssl=1&resize=350%2C200","width":350,"height":200,"srcset":"https:\/\/i0.wp.com\/noticiasribeiraopreto.com.br\/wp-content\/uploads\/2024\/09\/NY_1764_2024-08-24_20-32-38_jpg_2024-08-24_20-32-39-1068x712-1_2024-09-13_21-37-09.webp.webp?fit=1068%2C712&ssl=1&resize=350%2C200 1x, https:\/\/i0.wp.com\/noticiasribeiraopreto.com.br\/wp-content\/uploads\/2024\/09\/NY_1764_2024-08-24_20-32-38_jpg_2024-08-24_20-32-39-1068x712-1_2024-09-13_21-37-09.webp.webp?fit=1068%2C712&ssl=1&resize=525%2C300 1.5x, https:\/\/i0.wp.com\/noticiasribeiraopreto.com.br\/wp-content\/uploads\/2024\/09\/NY_1764_2024-08-24_20-32-38_jpg_2024-08-24_20-32-39-1068x712-1_2024-09-13_21-37-09.webp.webp?fit=1068%2C712&ssl=1&resize=700%2C400 2x, https:\/\/i0.wp.com\/noticiasribeiraopreto.com.br\/wp-content\/uploads\/2024\/09\/NY_1764_2024-08-24_20-32-38_jpg_2024-08-24_20-32-39-1068x712-1_2024-09-13_21-37-09.webp.webp?fit=1068%2C712&ssl=1&resize=1050%2C600 3x"},"classes":[]},{"id":88938,"url":"https:\/\/noticiasribeiraopreto.com.br\/index.php\/2026\/07\/28\/nova-frente-fria-muda-o-tempo-no-estado-de-sp-nesta-semana-veja-a-previsao\/","url_meta":{"origin":91050,"position":3},"title":"Nova frente fria muda o tempo no estado de SP nesta semana; Veja a previs\u00e3o","author":"noticiasribeiraopreto.com.br","date":"28 de July de 2026","format":false,"excerpt":"Uma\u00a0nova frente\u00a0fria deve avan\u00e7ar nesta semana e o estado de S\u00e3o Paulo tem previs\u00e3o de mudan\u00e7a no tempo entre a noite de quarta-feira (29) e a quinta-feira (30). Receba not\u00edcias do\u00a0acidade on Ribeir\u00e3o\u00a0no WhatsApp e fique por dentro de tudo! Basta acessar o link\u00a0aqui! Nova frente fria nesta semana Segundo\u2026","rel":"","context":"In &quot;Not\u00edcias de Ribeir\u00e3o Preto-SP e Regi\u00e3o&quot;","block_context":{"text":"Not\u00edcias de Ribeir\u00e3o Preto-SP e Regi\u00e3o","link":"https:\/\/noticiasribeiraopreto.com.br\/index.php\/category\/noticias-de-ribeirao-preto-sp-e-regiao-ismael-colosi\/"},"img":{"alt_text":"","src":"https:\/\/i0.wp.com\/noticiasribeiraopreto.com.br\/wp-content\/uploads\/2026\/04\/WhatsApp-Image-2026-04-06-at-13.41.27_2026-04-06_16-43-12.webp.webp?fit=1200%2C637&ssl=1&resize=350%2C200","width":350,"height":200,"srcset":"https:\/\/i0.wp.com\/noticiasribeiraopreto.com.br\/wp-content\/uploads\/2026\/04\/WhatsApp-Image-2026-04-06-at-13.41.27_2026-04-06_16-43-12.webp.webp?fit=1200%2C637&ssl=1&resize=350%2C200 1x, https:\/\/i0.wp.com\/noticiasribeiraopreto.com.br\/wp-content\/uploads\/2026\/04\/WhatsApp-Image-2026-04-06-at-13.41.27_2026-04-06_16-43-12.webp.webp?fit=1200%2C637&ssl=1&resize=525%2C300 1.5x, https:\/\/i0.wp.com\/noticiasribeiraopreto.com.br\/wp-content\/uploads\/2026\/04\/WhatsApp-Image-2026-04-06-at-13.41.27_2026-04-06_16-43-12.webp.webp?fit=1200%2C637&ssl=1&resize=700%2C400 2x, https:\/\/i0.wp.com\/noticiasribeiraopreto.com.br\/wp-content\/uploads\/2026\/04\/WhatsApp-Image-2026-04-06-at-13.41.27_2026-04-06_16-43-12.webp.webp?fit=1200%2C637&ssl=1&resize=1050%2C600 3x"},"classes":[]},{"id":46128,"url":"https:\/\/noticiasribeiraopreto.com.br\/index.php\/2024\/04\/09\/entenda-a-frente-fria-que-deve-atingir-o-estado-de-sp\/","url_meta":{"origin":91050,"position":4},"title":"Entenda a frente fria que deve atingir o estado de SP","author":"noticiasribeiraopreto.com.br","date":"9 de April de 2024","format":false,"excerpt":"Uma nova frente fria deve atingir o estado de S\u00e3o Paulo, a partir desta quinta-feira (11), trazendo mais umidade e maiores condi\u00e7\u00f5es de chuva no final desta semana, de acordo com a Climatempo. A previs\u00e3o indica que esse sistema come\u00e7a a avan\u00e7ar da Argentina, nesta ter\u00e7a-feira (09), e \u00e0 noite\u2026","rel":"","context":"In &quot;Not\u00edcias de Ribeir\u00e3o Preto-SP e Regi\u00e3o&quot;","block_context":{"text":"Not\u00edcias de Ribeir\u00e3o Preto-SP e Regi\u00e3o","link":"https:\/\/noticiasribeiraopreto.com.br\/index.php\/category\/noticias-de-ribeirao-preto-sp-e-regiao-ismael-colosi\/"},"img":{"alt_text":"","src":"https:\/\/i0.wp.com\/noticiasribeiraopreto.com.br\/wp-content\/uploads\/2024\/04\/AnyConv.com__WhatsApp-Image-2024-04-05-at-15.03.28.webp.webp?fit=1200%2C553&ssl=1&resize=350%2C200","width":350,"height":200,"srcset":"https:\/\/i0.wp.com\/noticiasribeiraopreto.com.br\/wp-content\/uploads\/2024\/04\/AnyConv.com__WhatsApp-Image-2024-04-05-at-15.03.28.webp.webp?fit=1200%2C553&ssl=1&resize=350%2C200 1x, https:\/\/i0.wp.com\/noticiasribeiraopreto.com.br\/wp-content\/uploads\/2024\/04\/AnyConv.com__WhatsApp-Image-2024-04-05-at-15.03.28.webp.webp?fit=1200%2C553&ssl=1&resize=525%2C300 1.5x, https:\/\/i0.wp.com\/noticiasribeiraopreto.com.br\/wp-content\/uploads\/2024\/04\/AnyConv.com__WhatsApp-Image-2024-04-05-at-15.03.28.webp.webp?fit=1200%2C553&ssl=1&resize=700%2C400 2x, https:\/\/i0.wp.com\/noticiasribeiraopreto.com.br\/wp-content\/uploads\/2024\/04\/AnyConv.com__WhatsApp-Image-2024-04-05-at-15.03.28.webp.webp?fit=1200%2C553&ssl=1&resize=1050%2C600 3x"},"classes":[]},{"id":45864,"url":"https:\/\/noticiasribeiraopreto.com.br\/index.php\/2024\/04\/08\/nova-frente-fria-avanca-em-direcao-ao-estado-de-sp-nesta-semana-confira-a-previsao\/","url_meta":{"origin":91050,"position":5},"title":"Nova frente fria avan\u00e7a em dire\u00e7\u00e3o ao estado de SP nesta semana; Confira a previs\u00e3o","author":"noticiasribeiraopreto.com.br","date":"8 de April de 2024","format":false,"excerpt":"Uma nova frente fria deve se deslocar nesta semana em dire\u00e7\u00e3o ao estado de S\u00e3o Paulo e aumentar a condi\u00e7\u00e3o para chuva e queda de temperatura no pr\u00f3ximo fim de semana. Segundo a Climatempo, o sistema come\u00e7a a se formar ao longo desta ter\u00e7a-feira (9) e se aproxima do Rio\u2026","rel":"","context":"In &quot;Not\u00edcias de Ribeir\u00e3o Preto-SP e Regi\u00e3o&quot;","block_context":{"text":"Not\u00edcias de Ribeir\u00e3o Preto-SP e Regi\u00e3o","link":"https:\/\/noticiasribeiraopreto.com.br\/index.php\/category\/noticias-de-ribeirao-preto-sp-e-regiao-ismael-colosi\/"},"img":{"alt_text":"","src":"https:\/\/i0.wp.com\/noticiasribeiraopreto.com.br\/wp-content\/uploads\/2024\/04\/WhatsApp-Image-2024-04-08-at-12.03.16.jpeg?fit=1200%2C639&ssl=1&resize=350%2C200","width":350,"height":200,"srcset":"https:\/\/i0.wp.com\/noticiasribeiraopreto.com.br\/wp-content\/uploads\/2024\/04\/WhatsApp-Image-2024-04-08-at-12.03.16.jpeg?fit=1200%2C639&ssl=1&resize=350%2C200 1x, https:\/\/i0.wp.com\/noticiasribeiraopreto.com.br\/wp-content\/uploads\/2024\/04\/WhatsApp-Image-2024-04-08-at-12.03.16.jpeg?fit=1200%2C639&ssl=1&resize=525%2C300 1.5x, https:\/\/i0.wp.com\/noticiasribeiraopreto.com.br\/wp-content\/uploads\/2024\/04\/WhatsApp-Image-2024-04-08-at-12.03.16.jpeg?fit=1200%2C639&ssl=1&resize=700%2C400 2x, https:\/\/i0.wp.com\/noticiasribeiraopreto.com.br\/wp-content\/uploads\/2024\/04\/WhatsApp-Image-2024-04-08-at-12.03.16.jpeg?fit=1200%2C639&ssl=1&resize=1050%2C600 3x"},"classes":[]}],"jetpack_sharing_enabled":true,"jetpack_shortlink":"https:\/\/wp.me\/peQAOb-nGy","jetpack_featured_media_url":"https:\/\/i0.wp.com\/noticiasribeiraopreto.com.br\/wp-content\/uploads\/2026\/09\/WhatsApp-Image-2024-02-18-at-09.57.43-2.jpeg?fit=1600%2C1050&ssl=1","_links":{"self":[{"href":"https:\/\/noticiasribeiraopreto.com.br\/index.php\/wp-json\/wp\/v2\/posts\/91050","targetHints":{"allow":["GET"]}}],"collection":[{"href":"https:\/\/noticiasribeiraopreto.com.br\/index.php\/wp-json\/wp\/v2\/posts"}],"about":[{"href":"https:\/\/noticiasribeiraopreto.com.br\/index.php\/wp-json\/wp\/v2\/types\/post"}],"author":[{"embeddable":true,"href":"https:\/\/noticiasribeiraopreto.com.br\/index.php\/wp-json\/wp\/v2\/users\/1"}],"replies":[{"embeddable":true,"href":"https:\/\/noticiasribeiraopreto.com.br\/index.php\/wp-json\/wp\/v2\/comments?post=91050"}],"version-history":[{"count":0,"href":"https:\/\/noticiasribeiraopreto.com.br\/index.php\/wp-json\/wp\/v2\/posts\/91050\/revisions"}],"wp:featuredmedia":[{"embeddable":true,"href":"https:\/\/noticiasribeiraopreto.com.br\/index.php\/wp-json\/wp\/v2\/media\/91051"}],"wp:attachment":[{"href":"https:\/\/noticiasribeiraopreto.com.br\/index.php\/wp-json\/wp\/v2\/media?parent=91050"}],"wp:term":[{"taxonomy":"category","embeddable":true,"href":"https:\/\/noticiasribeiraopreto.com.br\/index.php\/wp-json\/wp\/v2\/categories?post=91050"},{"taxonomy":"post_tag","embeddable":true,"href":"https:\/\/noticiasribeiraopreto.com.br\/index.php\/wp-json\/wp\/v2\/tags?post=91050"}],"curies":[{"name":"wp","href":"https:\/\/api.w.org\/{rel}","templated":true}]}}