{"id":91052,"date":"2026-09-03T16:20:29","date_gmt":"2026-09-03T19:20:29","guid":{"rendered":"https:\/\/noticiasribeiraopreto.com.br\/index.php\/2026\/09\/03\/obra-de-noel-rosa-ganha-show-especial-no-teatro-minaz-em-ribeirao-preto\/"},"modified":"2026-09-03T16:20:29","modified_gmt":"2026-09-03T19:20:29","slug":"obra-de-noel-rosa-ganha-show-especial-no-teatro-minaz-em-ribeirao-preto","status":"publish","type":"post","link":"https:\/\/noticiasribeiraopreto.com.br\/index.php\/2026\/09\/03\/obra-de-noel-rosa-ganha-show-especial-no-teatro-minaz-em-ribeirao-preto\/","title":{"rendered":"Obra de Noel Rosa ganha show especial no Teatro Minaz em Ribeir\u00e3o Preto"},"content":{"rendered":"<div class='code-block code-block-1' style='margin: 8px 0 8px auto; text-align: right; display: block; clear: both;'>\n<p><a href=\"https:\/\/wa.link\/vpicfd\"><img data-recalc-dims=\"1\" class=\"wp-image-4922\" style=\"aspect-ratio: 2.0253164556962027; width: 561px; height: auto;\" src=\"https:\/\/i0.wp.com\/ismaelcolosi.com.br\/wp-content\/uploads\/2023\/11\/grupo-de-empregos-whatsapp-e-facebook-ismael-colosi-vagas.jpg?ssl=1\" alt=\"\" \/><\/a><\/p>\n<!-- \/wp:image -->\n<\/div>\n<p> <br \/>\n<\/p>\n<p>O Teatro Minaz, em Ribeir\u00e3o Preto, abre a programa\u00e7\u00e3o de setembro com um show em homenagem a obra do cantor, compositor e violonista Noel Rosa, na s\u00e9rie \u201cBrasil Regional\u201d. A apresenta\u00e7\u00e3o acontece nesta sexta-feira (4), a partir das 20h.<\/p>\n<p class=\"has-cyan-bluish-gray-background-color has-background\"><em>Receba not\u00edcias do\u00a0<strong>acidade on Ribeir\u00e3o\u00a0<\/strong>no WhatsApp e fique por dentro de tudo! Basta acessar o link<a href=\"https:\/\/chat.whatsapp.com\/DfXwcjKVIddHUT3BvnQuPZ?mode=hqctshi\" target=\"_blank\" rel=\"noreferrer noopener\">\u00a0aqui<\/a>!<\/em><\/p>\n<p>Os ingressos custam entre R$ 20 e R$ 40 e podem ser adquiridos pela internet <a href=\"https:\/\/www.minaz.com.br\/\" data-type=\"link\" data-id=\"https:\/\/www.minaz.com.br\/\" target=\"_blank\" rel=\"noopener\">(clique aqui)<\/a>. O Teatro Minaz fica na rua Carlos Chagas, 273 \u2013 Jardim Paulista, \u00e0s 20 horas.<\/p>\n<h2 class=\"wp-block-heading\"><strong>Brasil Regional<\/strong><\/h2>\n<p>A s\u00e9rie que foi lan\u00e7ada em abril deste ano prop\u00f5e um mergulho na constru\u00e7\u00e3o da identidade sonora brasileira, valorizando repert\u00f3rios em que o conjunto regional formado por viol\u00f5es, cavaquinho, pandeiro e solista, base essencial na interpreta\u00e7\u00e3o dos g\u00eaneros da m\u00fasica brasileira<\/p>\n<h2 class=\"wp-block-heading\"><strong>Obra de Noel Rosa<\/strong><\/h2>\n<p>Nesta segunda edi\u00e7\u00e3o, a m\u00fasica de Noel Rosa tomar\u00e1 o palco do Teatro Minaz. Noel Rosa (1910\u20131937), o eterno \u201cPoeta da Vila\u201d, foi um g\u00eanio precoce da m\u00fasica brasileira. Nascido em Vila Isabel, no Rio de Janeiro, ele revolucionou o samba na d\u00e9cada de 1930 ao unir o ritmo dos morros \u00e0 cr\u00f4nica urbana do asfalto.\u00a0<\/p>\n<p>Suas letras usavam o humor, a ironia e uma sensibilidade \u00fanica para retratar o cotidiano e o amor, transformando a fala do povo em poesia.<\/p>\n<p>Mesmo com uma vida breve, interrompida aos 26 anos pela tuberculose, Noel deixou mais de 300 composi\u00e7\u00f5es geniais, consolidando-se como um dos maiores pilares da nossa cultura popular.\u00a0<\/p>\n<p>Para dar vida a essa sonoridade, o palco recebe Saulo Ligo como solista, acompanhado por um conjunto de excel\u00eancia: Rui Kleiner no bandolim e viol\u00e3o tenor, Rafael Martelli no cavaco, Vitor Sampaio no viol\u00e3o de 7 cordas, Fernando Genari no viol\u00e3o de 6 cordas, Keila Yonashiro no pandeiro, Marcel Roberto na percuss\u00e3o e participa\u00e7\u00e3o especial de Gisele Ganade, cantora, diretora art\u00edstica da Cia. Minaz e do Teatro Minaz .\u00a0<\/p>\n<h2 class=\"wp-block-heading\"><strong>SERVI\u00c7O\u00a0<\/strong><\/h2>\n<h3 class=\"wp-block-heading\"><strong>S\u00e9rie \u201cBrasil Regional\u201d em homenagem a Noel Rosa<\/strong><\/h3>\n<p><strong>Dia:<\/strong> 04 de setembro de 2026<br \/><strong>Local:<\/strong> Teatro Minaz (Rua Carlos Chagas, 273 \u2013 Jardim Paulista)\u00a0<br \/><strong>Hor\u00e1rio:<\/strong> 20 horas\u00a0<br \/><strong>Ingressos: <\/strong>Vendas no <a href=\"https:\/\/www.minaz.com.br\/\" data-type=\"link\" data-id=\"https:\/\/www.minaz.com.br\/\" target=\"_blank\" rel=\"noopener\">site do Teatro Minaz<\/a> \u2013 R$ 40 (inteira) e R$ 20 (meia\/antecipado)\u00a0<\/p>\n<figure class=\"wp-block-gallery has-nested-images columns-default is-cropped wp-block-gallery-1 is-layout-flex wp-block-gallery-is-layout-flex\">\n<figure class=\"wp-block-image size-large\"><figcaption class=\"wp-element-caption\">(Foto: Graziela Expedita)<\/figcaption><\/figure>\n<figure class=\"wp-block-image size-large\"><img data-recalc-dims=\"1\" loading=\"lazy\" decoding=\"async\" width=\"1024\" height=\"576\" data-id=\"110328\" src=\"https:\/\/i0.wp.com\/www.acidadeon.com\/ribeiraopreto\/wp-content\/uploads\/sites\/3\/2025\/03\/Copia-de-Copia-de-Copia-de-TAMANHO-EXATO-PARA-FOTOS-NO-SISTEMA-NOVO-23_2025-03-12_11-53-22_jpg_2025-03-12_11-53-22-1024x576.webp?resize=1024%2C576&#038;ssl=1\" alt=\"Evento ser\u00e1 realizado no Teatro Minaz, em Ribeir\u00e3o Preto - Foto: Claudio Frateshi\" class=\"wp-image-110328\" title=\"Obra de Noel Rosa ganha show especial no Teatro Minaz em Ribeir\u00e3o Preto 2\"><figcaption class=\"wp-element-caption\"> Foto: Claudio Frateshi<\/figcaption><\/figure>\n<figure class=\"wp-block-image size-large\"><img data-recalc-dims=\"1\" loading=\"lazy\" decoding=\"async\" width=\"1024\" height=\"576\" data-id=\"90356\" src=\"https:\/\/i0.wp.com\/www.acidadeon.com\/ribeiraopreto\/wp-content\/uploads\/sites\/3\/2024\/08\/Copia-de-Copia-de-Copia-de-TAMANHO-EXATO-PARA-FOTOS-NO-SISTEMA-NOVO-1_2024-08-14_13-23-45_jpg_2024-08-14_13-23-45-1024x576.webp?resize=1024%2C576&#038;ssl=1\" alt=\"obra\" class=\"wp-image-90356\" title=\"Obra de Noel Rosa ganha show especial no Teatro Minaz em Ribeir\u00e3o Preto 3\"><figcaption class=\"wp-element-caption\">Foto: Teatro Minaz<\/figcaption><\/figure>\n<\/figure>\n<p class=\"has-cyan-bluish-gray-background-color has-background\"><em>Fa\u00e7a uma den\u00fancia ou sugira uma reportagem sobre\u00a0<strong>Ribeir\u00e3o Preto\u00a0<\/strong>e regi\u00e3o por meio do WhatsApp do\u00a0<strong>acidade on Ribeir\u00e3o<\/strong>: (16) 99117-7802.<\/em><\/p>\n<h2 class=\"wp-block-heading\"><strong>Ficou sabendo?<\/strong><\/h2>\n<h3 class=\"wp-block-heading\"><strong>Tony Bellotto fala sobre rela\u00e7\u00e3o dos Tit\u00e3s com Ribeir\u00e3o Preto antes de apresenta\u00e7\u00e3o; confira<\/strong><\/h3>\n<p>Os\u00a0<strong>Tit\u00e3s\u00a0<\/strong>se apresentam em<strong>\u00a0Ribeir\u00e3o Pret<\/strong>o neste s\u00e1bado (5), cidade que, segundo o guitarrista\u00a0<strong>Tony Bellotto<\/strong>, faz parte da hist\u00f3ria da banda h\u00e1 muitos anos.<\/p>\n<p>Em entrevista ao\u00a0<strong>acidade on<\/strong>, ele contou que o grupo mant\u00e9m um\u00a0<strong>f\u00e3-clube no munic\u00edpio<\/strong>\u00a0e destacou o carinho pelos f\u00e3s que acompanham os Tit\u00e3s h\u00e1 d\u00e9cadas.<\/p>\n<blockquote class=\"wp-block-quote is-layout-flow wp-block-quote-is-layout-flow\">\n<p>\u201cN\u00f3s temos uma rela\u00e7\u00e3o muito carinhosa e muito antiga, muito longa com Ribeir\u00e3o Preto, n\u00e9? N\u00f3s temos um f\u00e3-clube a\u00ed, que \u00e9 sediado a\u00ed, muitos f\u00e3s que nos acompanham h\u00e1 muito tempo, e a gente gosta muito de Ribeir\u00e3o Preto, \u00e9 uma cidade muito simp\u00e1tica\u201d, afirmou Bellotto.<\/p>\n<\/blockquote>\n<p>A rela\u00e7\u00e3o com a cidade tamb\u00e9m faz parte da rotina da banda. Segundo\u00a0<strong>Bellotto<\/strong>,\u00a0<mark>os\u00a0<strong>Tit\u00e3s\u00a0<\/strong>costumam passar por\u00a0<strong>Ribeir\u00e3o Preto<\/strong>\u00a0para apresentar ao p\u00fablico o trabalho que\u00a0<strong>est\u00e3o fazendo em cada fase da carreira.<\/strong><\/mark><\/p>\n<p>Desta vez, o reencontro acontece com a turn\u00ea \u201c<strong>Cabe\u00e7a Dinossauro 40 Anos<\/strong>\u201d, que leva aos palcos o \u00e1lbum lan\u00e7ado em 1986. Para o guitarrista, a turn\u00ea tem uma caracter\u00edstica especial porque re\u00fane<strong>\u00a0f\u00e3s que j\u00e1 conhecem o \u00e1lbum e jovens que est\u00e3o descobrindo as m\u00fasicas agora<\/strong>.<\/p>\n<blockquote class=\"wp-block-quote is-layout-flow wp-block-quote-is-layout-flow\">\n<p>\u201cEu acho que os f\u00e3s podem esperar o melhor dos Tit\u00e3s [\u2026] ent\u00e3o, vai ser muito divertido tocar em Ribeir\u00e3o, como sempre \u00e9\u201d.<\/p>\n<\/blockquote>\n<p><strong>Uma nova gera\u00e7\u00e3o descobrindo os Tit\u00e3s<\/strong><\/p>\n<p>A presen\u00e7a de um\u00a0<strong>p\u00fablico mais jovem tem chamado a aten\u00e7\u00e3o da banda<\/strong>\u00a0durante os shows. Segundo o guitarrista, muita gente est\u00e1 tendo o primeiro contato com \u201c<strong>Cabe\u00e7a Dinossauro<\/strong>\u201d justamente por meio da turn\u00ea.<\/p>\n<blockquote class=\"wp-block-quote is-layout-flow wp-block-quote-is-layout-flow\">\n<p>\u201cA turn\u00ea \u2018Tit\u00e3s Cabe\u00e7a de Dinossauro 40 Anos\u2019 oferece uma emo\u00e7\u00e3o dupla, vamos dizer assim. Para quem j\u00e1 conhece o disco, \u00e9 uma grande celebra\u00e7\u00e3o de ouvir o disco inteiro, na \u00edntegra, na maneira como foi gravado, na ordem das m\u00fasicas e tudo mais.\u201d<\/p>\n<\/blockquote>\n<p>Essa mistura de gera\u00e7\u00f5es tamb\u00e9m muda a experi\u00eancia dos m\u00fasicos no palco. De um lado, est\u00e3o os f\u00e3s que acompanham o \u00e1lbum h\u00e1 d\u00e9cadas. Do outro, jovens que est\u00e3o conhecendo agora m\u00fasicas lan\u00e7adas muito antes de eles nascerem.<\/p>\n<p>\u201cUma coisa muito interessante que acontece nesse show, que a gente tem percebido, \u00e9 um p\u00fablico de jovens, muita gente, muita garotada que t\u00e1 tendo a oportunidade de conhecer esse disco agora. Ent\u00e3o, para gente l\u00e1 em cima do palco, \u00e9 uma emo\u00e7\u00e3o dupla, n\u00e9? Ver aqueles que j\u00e1 conhecem o disco se divertindo e ver aqueles que ainda n\u00e3o conhecem se divertindo tamb\u00e9m e conhecendo um trabalho que continua muito relevante e atual.\u201d<\/p>\n<figure class=\"wp-block-image\"><img data-recalc-dims=\"1\" loading=\"lazy\" decoding=\"async\" width=\"1024\" height=\"576\" src=\"https:\/\/i0.wp.com\/www.acidadeon.com\/ribeiraopreto\/wp-content\/uploads\/sites\/3\/2026\/05\/titas-ribeirao_2026-05-11_17-15-37-1024x576.webp?resize=1024%2C576&#038;ssl=1\" alt=\"Tit\u00e3s trazem nova turn\u00ea para Ribeir\u00e3o Preto - Foto: reprodu\u00e7\u00e3o.\" class=\"wp-image-155693\" title=\"Tony Bellotto fala sobre rela\u00e7\u00e3o dos Tit\u00e3s com Ribeir\u00e3o Preto antes de apresenta\u00e7\u00e3o; confira 1\"><figcaption class=\"wp-element-caption\">Tit\u00e3s trazem nova turn\u00ea para Ribeir\u00e3o Preto \u2013 Foto: @bmaisca.<\/figcaption><\/figure>\n<h2 class=\"wp-block-heading\"><strong>M\u00fasicas que continuam atuais<\/strong><\/h2>\n<p>Quatro d\u00e9cadas depois do lan\u00e7amento,\u00a0<strong>Bellotto\u00a0<\/strong>acredita que as letras de \u201cCabe\u00e7a Dinossauro\u201d continuam fazendo sentido para o p\u00fablico.<\/p>\n<p>Segundo ele, as m\u00fasicas\u00a0<strong>foram constru\u00eddas de forma direta e mantiveram a for\u00e7a das mensagens ao longo do tempo<\/strong>. O guitarrista cita \u201c<strong>Igreja<\/strong>\u201d como exemplo e afirma que a can\u00e7\u00e3o ganhou ainda mais relev\u00e2ncia diante de quest\u00f5es que continuam presentes na sociedade.<\/p>\n<blockquote class=\"wp-block-quote is-layout-flow wp-block-quote-is-layout-flow\">\n<p>\u201cEnt\u00e3o, Igreja, eu considero ainda mais atual hoje em dia do que era naquela \u00e9poca, s\u00f3 para dar um exemplo. Mas o significado das m\u00fasicas \u00e9 muito claro e continua muito pertinente.\u201d<\/p>\n<\/blockquote>\n<p>Outra faixa que ganhou uma nova porta de entrada para o p\u00fablico foi \u201c<strong>Bichos Escrotos<\/strong>\u201d, que recebeu uma grava\u00e7\u00e3o de\u00a0<strong>Anitta<\/strong>.\u00a0<mark>Para\u00a0<strong>Bellotto<\/strong>, a nova vers\u00e3o tamb\u00e9m ajudou pessoas que n\u00e3o conheciam a m\u00fasica original a chegar aos Tit\u00e3s.<\/mark><\/p>\n<p>Se precisasse escolher uma m\u00fasica para apresentar a banda a algu\u00e9m de 18 anos, por\u00e9m, o guitarrista ficaria com \u201c<strong>Cabe\u00e7a de Dinossauro<\/strong>\u201d \u2013\u00a0<strong>ou\u00e7as as m\u00fasicas logo abaixo<\/strong>.<\/p>\n<blockquote class=\"wp-block-quote is-layout-flow wp-block-quote-is-layout-flow\">\n<p>\u201cEu, se fosse escolher uma pessoalmente, eu escolheria Cabe\u00e7a de Dinossauro, que eu acho uma m\u00fasica muito concisa, n\u00e9, que elas s\u00e3o praticamente tr\u00eas versos, n\u00e9, e ela diz muito do que \u00e9 a gente.\u201d<strong><br \/><\/strong><\/p>\n<\/blockquote>\n<h2 class=\"wp-block-heading\"><strong>Show dos Tit\u00e3s em Ribeir\u00e3o Preto<\/strong><\/h2>\n<p>A apresenta\u00e7\u00e3o dos\u00a0<strong>Tit\u00e3s em Ribeir\u00e3o Preto<\/strong>\u00a0acontece neste s\u00e1bado (5), no Multiplan Hall, localizado na zona Sul do munic\u00edpio.\u00a0<strong>No repert\u00f3rio da apresenta\u00e7\u00e3o est\u00e3o faixas como \u201cPol\u00edcia\u201d, \u201cIgreja\u201d, \u201cBichos Escrotos\u201d e \u201cAAUU\u201d.<\/strong><\/p>\n<p>Os ingressos para a apresenta\u00e7\u00e3o\u00a0<strong>ainda est\u00e3o dispon\u00edveis<\/strong>\u00a0e podem ser adquiridos de\u00a0<strong>forma online (<a href=\"https:\/\/www.eventim.com.br\/event\/titas-cabeca-dinossauro-40-anos-multiplan-hall-ribeirao-preto-21671556\/\" target=\"_blank\" rel=\"noreferrer noopener\">clique aqui<\/a>)<\/strong>. Confira os valores e setores:<\/p>\n<ul class=\"wp-block-list\">\n<li><strong>Bistr\u00f4\u00a0<\/strong>\u2013 R$ 135,00 (meia-entrada) | R$ 189,00 (entrada social) | R$ 270,00 (inteira)<\/li>\n<li><strong>Premium<\/strong>\u00a0\u2013 R$ 145,00 (meia-entrada) | R$ 203,00 (entrada social) | R$ 290,00 (inteira)<\/li>\n<li><strong>Mesas Vip B\u00a0<\/strong>\u2013 R$ 140,00 (meia-entrada) | R$ 196,00 (entrada social) | R$ 280,00 (inteira)<\/li>\n<li><strong>Mesa Vip A<\/strong>\u00a0\u2013 R$ 172,50 (meia-entrada) | R$ 241,50 (entrada social) | R$ 345,00 (inteira)<\/li>\n<li><strong>Mesa Vip Extra<\/strong>\u00a0\u2013 R$ 205 (meia-entrada) | R$ 287,00 (entrada social) | R$ 410,00 (inteira)<\/li>\n<li><strong>Mesa Vip Especial<\/strong>\u00a0\u2013 R$ 440,00 (inteira)<\/li>\n<\/ul>\n<h3 class=\"wp-block-heading\"><strong>Servi\u00e7o<\/strong><\/h3>\n<p><em>Turn\u00ea \u201cCabe\u00e7a Dinossauro\u201d dos Tit\u00e3s<\/em><\/p>\n<p>Quando: 5 de setembro de 2026 (s\u00e1bado)<\/p>\n<p>Local: Multiplan Hall \u2013 Ribeir\u00e3o Shopping \u2013 Avenida Cel. Fernando Ferreira Leite, 1540 \u2013 Jardim Nova Alian\u00e7a<\/p>\n<p>Ingressos: a partir de R$ 135 \u2013\u00a0<a href=\"https:\/\/www.eventim.com.br\/event\/titas-cabeca-dinossauro-40-anos-multiplan-hall-ribeirao-preto-21671556\/\" target=\"_blank\" rel=\"noreferrer noopener\">clique aqui<\/a><\/p>\n<p>O post Obra de Noel Rosa ganha show especial no Teatro Minaz em Ribeir\u00e3o Preto apareceu primeiro em ACidade ON Ribeir\u00e3o Preto.<\/p>\n<p><br \/>\n<br \/><a href=\"https:\/\/www.acidadeon.com\/ribeiraopreto\/lazer-e-cultura\/obra-de-noel-rosa-ganha-show-especial-no-teatro-minaz-em-ribeirao-preto\/\">Link para o texto original aqui <\/a><\/p>\n<!-- CONTENT END 1 -->\n","protected":false},"excerpt":{"rendered":"<p>O Teatro Minaz, em Ribeir\u00e3o Preto, abre a programa\u00e7\u00e3o de setembro com um show em homenagem a obra do cantor, compositor e violonista Noel Rosa,&#8230;<\/p>\n","protected":false},"author":1,"featured_media":91053,"comment_status":"","ping_status":"","sticky":false,"template":"","format":"standard","meta":{"advanced_seo_description":"","jetpack_seo_html_title":"","jetpack_seo_noindex":false,"jetpack_seo_schema_type":"","_jetpack_newsletter_access":"","_jetpack_dont_email_post_to_subs":false,"_jetpack_newsletter_tier_id":0,"_jetpack_memberships_contains_paywalled_content":false,"_jetpack_feature_clip_id":0,"_jetpack_memberships_contains_paid_content":false,"footnotes":"","jetpack_publicize_message":"","jetpack_publicize_feature_enabled":true,"jetpack_social_post_already_shared":true,"jetpack_social_options":{"image_generator_settings":{"template":"highway","default_image_id":0,"font":"","enabled":false},"version":2},"jetpack_post_was_ever_published":false},"categories":[11],"tags":[923,1565,3338,1198,169,27,26,4908,360,3552],"class_list":["post-91052","post","type-post","status-publish","format-standard","has-post-thumbnail","hentry","category-noticias-de-ribeirao-preto-sp-e-regiao-ismael-colosi","tag-especial","tag-ganha","tag-minaz","tag-noel","tag-obra","tag-preto","tag-ribeirao","tag-rosa","tag-show","tag-teatro"],"jetpack_publicize_connections":[],"jetpack-related-posts":[{"id":86894,"url":"https:\/\/noticiasribeiraopreto.com.br\/index.php\/2026\/06\/23\/semana-minaz-de-corais-2026-acontece-em-ribeirao-preto-ingressos-ja-estao-a-venda\/","url_meta":{"origin":91052,"position":0},"title":"Semana Minaz de Corais 2026 acontece em Ribeir\u00e3o Preto; ingressos j\u00e1 est\u00e3o \u00e0 venda","author":"noticiasribeiraopreto.com.br","date":"23 de June de 2026","format":false,"excerpt":"A Cia. Minaz realiza, at\u00e9 o pr\u00f3ximo s\u00e1bado (27), a Semana Minaz de Corais 2026. O evento tem como objetivo divulgar a m\u00fasica coral por meio de apresenta\u00e7\u00f5es de corais infantis, juvenis e adultos da pr\u00f3pria companhia e de corais convidados. Receba not\u00edcias do\u00a0acidade on Ribeir\u00e3o\u00a0no WhatsApp e fique por\u2026","rel":"","context":"In &quot;Not\u00edcias de Ribeir\u00e3o Preto-SP e Regi\u00e3o&quot;","block_context":{"text":"Not\u00edcias de Ribeir\u00e3o Preto-SP e Regi\u00e3o","link":"https:\/\/noticiasribeiraopreto.com.br\/index.php\/category\/noticias-de-ribeirao-preto-sp-e-regiao-ismael-colosi\/"},"img":{"alt_text":"","src":"https:\/\/i0.wp.com\/noticiasribeiraopreto.com.br\/wp-content\/uploads\/2026\/06\/Creditos-Claudio-Frateschi.jpg_2026-06-23_14-27-04.webp.webp?fit=1200%2C800&ssl=1&resize=350%2C200","width":350,"height":200,"srcset":"https:\/\/i0.wp.com\/noticiasribeiraopreto.com.br\/wp-content\/uploads\/2026\/06\/Creditos-Claudio-Frateschi.jpg_2026-06-23_14-27-04.webp.webp?fit=1200%2C800&ssl=1&resize=350%2C200 1x, https:\/\/i0.wp.com\/noticiasribeiraopreto.com.br\/wp-content\/uploads\/2026\/06\/Creditos-Claudio-Frateschi.jpg_2026-06-23_14-27-04.webp.webp?fit=1200%2C800&ssl=1&resize=525%2C300 1.5x, https:\/\/i0.wp.com\/noticiasribeiraopreto.com.br\/wp-content\/uploads\/2026\/06\/Creditos-Claudio-Frateschi.jpg_2026-06-23_14-27-04.webp.webp?fit=1200%2C800&ssl=1&resize=700%2C400 2x, https:\/\/i0.wp.com\/noticiasribeiraopreto.com.br\/wp-content\/uploads\/2026\/06\/Creditos-Claudio-Frateschi.jpg_2026-06-23_14-27-04.webp.webp?fit=1200%2C800&ssl=1&resize=1050%2C600 3x"},"classes":[]},{"id":89321,"url":"https:\/\/noticiasribeiraopreto.com.br\/index.php\/2026\/08\/03\/minaz-jazz-recebe-andre-siqueira-e-toninho-ferragutti-em-agosto\/","url_meta":{"origin":91052,"position":1},"title":"Minaz Jazz recebe Andr\u00e9 Siqueira e Toninho Ferragutti em agosto","author":"noticiasribeiraopreto.com.br","date":"3 de August de 2026","format":false,"excerpt":"Andr\u00e9 Siqueira e Toninho Ferragutti chegam ao Teatro Minaz, em Ribeir\u00e3o Preto, no pr\u00f3ximo dia 14, \u00e0s 20h, em mais uma edi\u00e7\u00e3o do Minaz Jazz. Os artistas apresentam o show \u201cDa outra margem: Andr\u00e9 Siqueira visita Toninho Ferragutti\u201d e os ingressos custam R$ 40 (inteira) e R$ 20\u00a0 (meia e\u2026","rel":"","context":"In &quot;Not\u00edcias de Ribeir\u00e3o Preto-SP e Regi\u00e3o&quot;","block_context":{"text":"Not\u00edcias de Ribeir\u00e3o Preto-SP e Regi\u00e3o","link":"https:\/\/noticiasribeiraopreto.com.br\/index.php\/category\/noticias-de-ribeirao-preto-sp-e-regiao-ismael-colosi\/"},"img":{"alt_text":"","src":"https:\/\/i0.wp.com\/noticiasribeiraopreto.com.br\/wp-content\/uploads\/2026\/08\/minaz-jazz.jpeg?fit=1200%2C801&ssl=1&resize=350%2C200","width":350,"height":200,"srcset":"https:\/\/i0.wp.com\/noticiasribeiraopreto.com.br\/wp-content\/uploads\/2026\/08\/minaz-jazz.jpeg?fit=1200%2C801&ssl=1&resize=350%2C200 1x, https:\/\/i0.wp.com\/noticiasribeiraopreto.com.br\/wp-content\/uploads\/2026\/08\/minaz-jazz.jpeg?fit=1200%2C801&ssl=1&resize=525%2C300 1.5x, https:\/\/i0.wp.com\/noticiasribeiraopreto.com.br\/wp-content\/uploads\/2026\/08\/minaz-jazz.jpeg?fit=1200%2C801&ssl=1&resize=700%2C400 2x, https:\/\/i0.wp.com\/noticiasribeiraopreto.com.br\/wp-content\/uploads\/2026\/08\/minaz-jazz.jpeg?fit=1200%2C801&ssl=1&resize=1050%2C600 3x"},"classes":[]},{"id":77655,"url":"https:\/\/noticiasribeiraopreto.com.br\/index.php\/2025\/09\/23\/trio-baru-apresenta-turne-comemorativa-de-20-anos-em-ribeirao-preto\/","url_meta":{"origin":91052,"position":2},"title":"Trio Baru apresenta turn\u00ea comemorativa de 20 anos em Ribeir\u00e3o Preto","author":"noticiasribeiraopreto.com.br","date":"23 de September de 2025","format":false,"excerpt":"O Trio Baru se apresenta em Ribeir\u00e3o Preto com a turn\u00ea que celebra suas duas d\u00e9cadas de trajet\u00f3ria, no pr\u00f3ximo domingo (28), \u00e0s 19h, no Teatro Minaz. A apresenta\u00e7\u00e3o integra a programa\u00e7\u00e3o do Minaz Jazz Brasil. O grupo chega \u00e0 cidade ap\u00f3s dois meses de turn\u00ea pela Europa e passagens\u2026","rel":"","context":"In &quot;Not\u00edcias de Ribeir\u00e3o Preto-SP e Regi\u00e3o&quot;","block_context":{"text":"Not\u00edcias de Ribeir\u00e3o Preto-SP e Regi\u00e3o","link":"https:\/\/noticiasribeiraopreto.com.br\/index.php\/category\/noticias-de-ribeirao-preto-sp-e-regiao-ismael-colosi\/"},"img":{"alt_text":"","src":"https:\/\/i0.wp.com\/noticiasribeiraopreto.com.br\/wp-content\/uploads\/2025\/09\/889d21c6-30c8-4b73-92bf-8ae8ce5cebfc_2025-09-23_12-46-54.webp.webp?fit=1200%2C800&ssl=1&resize=350%2C200","width":350,"height":200,"srcset":"https:\/\/i0.wp.com\/noticiasribeiraopreto.com.br\/wp-content\/uploads\/2025\/09\/889d21c6-30c8-4b73-92bf-8ae8ce5cebfc_2025-09-23_12-46-54.webp.webp?fit=1200%2C800&ssl=1&resize=350%2C200 1x, https:\/\/i0.wp.com\/noticiasribeiraopreto.com.br\/wp-content\/uploads\/2025\/09\/889d21c6-30c8-4b73-92bf-8ae8ce5cebfc_2025-09-23_12-46-54.webp.webp?fit=1200%2C800&ssl=1&resize=525%2C300 1.5x, https:\/\/i0.wp.com\/noticiasribeiraopreto.com.br\/wp-content\/uploads\/2025\/09\/889d21c6-30c8-4b73-92bf-8ae8ce5cebfc_2025-09-23_12-46-54.webp.webp?fit=1200%2C800&ssl=1&resize=700%2C400 2x, https:\/\/i0.wp.com\/noticiasribeiraopreto.com.br\/wp-content\/uploads\/2025\/09\/889d21c6-30c8-4b73-92bf-8ae8ce5cebfc_2025-09-23_12-46-54.webp.webp?fit=1200%2C800&ssl=1&resize=1050%2C600 3x"},"classes":[]},{"id":77103,"url":"https:\/\/noticiasribeiraopreto.com.br\/index.php\/2025\/09\/11\/teatro-minaz-recebe-rafael-leme-no-projeto-choro-na-esquina\/","url_meta":{"origin":91052,"position":3},"title":"Teatro Minaz recebe Rafael Leme no projeto Choro na Esquina","author":"noticiasribeiraopreto.com.br","date":"11 de September de 2025","format":false,"excerpt":"O projeto Choro na Esquina recebe neste domingo (14) o multi-instrumentista, compositor, escritor e educador brasileiro, Rafael Leme. Esta edi\u00e7\u00e3o acontece no Teatro Minaz, a partir das 9h30. A entrada \u00e9 gratuita e aberta ao p\u00fablico. A s\u00e9rie Choro na Esquina foi criada em 2023 pela Minaz para envolver a\u2026","rel":"","context":"In &quot;Not\u00edcias de Ribeir\u00e3o Preto-SP e Regi\u00e3o&quot;","block_context":{"text":"Not\u00edcias de Ribeir\u00e3o Preto-SP e Regi\u00e3o","link":"https:\/\/noticiasribeiraopreto.com.br\/index.php\/category\/noticias-de-ribeirao-preto-sp-e-regiao-ismael-colosi\/"},"img":{"alt_text":"","src":"https:\/\/i0.wp.com\/noticiasribeiraopreto.com.br\/wp-content\/uploads\/2025\/09\/Copia-de-Copia-de-Copia-de-TAMANHO-EXATO-PARA-FOTOS-NO-SISTEMA-NOVO-1_2025-09-11_13-38-14.webp.webp?fit=1200%2C675&ssl=1&resize=350%2C200","width":350,"height":200,"srcset":"https:\/\/i0.wp.com\/noticiasribeiraopreto.com.br\/wp-content\/uploads\/2025\/09\/Copia-de-Copia-de-Copia-de-TAMANHO-EXATO-PARA-FOTOS-NO-SISTEMA-NOVO-1_2025-09-11_13-38-14.webp.webp?fit=1200%2C675&ssl=1&resize=350%2C200 1x, https:\/\/i0.wp.com\/noticiasribeiraopreto.com.br\/wp-content\/uploads\/2025\/09\/Copia-de-Copia-de-Copia-de-TAMANHO-EXATO-PARA-FOTOS-NO-SISTEMA-NOVO-1_2025-09-11_13-38-14.webp.webp?fit=1200%2C675&ssl=1&resize=525%2C300 1.5x, https:\/\/i0.wp.com\/noticiasribeiraopreto.com.br\/wp-content\/uploads\/2025\/09\/Copia-de-Copia-de-Copia-de-TAMANHO-EXATO-PARA-FOTOS-NO-SISTEMA-NOVO-1_2025-09-11_13-38-14.webp.webp?fit=1200%2C675&ssl=1&resize=700%2C400 2x, https:\/\/i0.wp.com\/noticiasribeiraopreto.com.br\/wp-content\/uploads\/2025\/09\/Copia-de-Copia-de-Copia-de-TAMANHO-EXATO-PARA-FOTOS-NO-SISTEMA-NOVO-1_2025-09-11_13-38-14.webp.webp?fit=1200%2C675&ssl=1&resize=1050%2C600 3x"},"classes":[]},{"id":72356,"url":"https:\/\/noticiasribeiraopreto.com.br\/index.php\/2025\/06\/16\/ribeirao-preto-recebe-serie-minaz-jazz-com-performance-do-grupo-baxo\/","url_meta":{"origin":91052,"position":4},"title":"Ribeir\u00e3o Preto recebe s\u00e9rie &#8216;Minaz Jazz&#8217; com performance do grupo &#8216;Bax\u00f4!&#8217;","author":"noticiasribeiraopreto.com.br","date":"16 de June de 2025","format":false,"excerpt":"A Cia. Minaz realizada mais uma edi\u00e7\u00e3o da s\u00e9rie \u201cMinaz Jazz\u201d, no dia 27 de junho, com apresenta\u00e7\u00e3o do grupo de contrabaixos \u201cBax\u00f4!\u201d. O show acontece \u00e0s 20h, no Teatro Minaz, localizado na Rua Carlos Chagas, 273, no Jardim Paulista, zona Sul de Ribeir\u00e3o Preto. Os ingressos para o espet\u00e1culo\u2026","rel":"","context":"In &quot;Not\u00edcias de Ribeir\u00e3o Preto-SP e Regi\u00e3o&quot;","block_context":{"text":"Not\u00edcias de Ribeir\u00e3o Preto-SP e Regi\u00e3o","link":"https:\/\/noticiasribeiraopreto.com.br\/index.php\/category\/noticias-de-ribeirao-preto-sp-e-regiao-ismael-colosi\/"},"img":{"alt_text":"","src":"https:\/\/i0.wp.com\/noticiasribeiraopreto.com.br\/wp-content\/uploads\/2025\/06\/Foto-2-Baxo-Sesi-2024-Taiane-Cris-Campos_2025-06-16_15-41-05.webp.webp?fit=1200%2C800&ssl=1&resize=350%2C200","width":350,"height":200,"srcset":"https:\/\/i0.wp.com\/noticiasribeiraopreto.com.br\/wp-content\/uploads\/2025\/06\/Foto-2-Baxo-Sesi-2024-Taiane-Cris-Campos_2025-06-16_15-41-05.webp.webp?fit=1200%2C800&ssl=1&resize=350%2C200 1x, https:\/\/i0.wp.com\/noticiasribeiraopreto.com.br\/wp-content\/uploads\/2025\/06\/Foto-2-Baxo-Sesi-2024-Taiane-Cris-Campos_2025-06-16_15-41-05.webp.webp?fit=1200%2C800&ssl=1&resize=525%2C300 1.5x, https:\/\/i0.wp.com\/noticiasribeiraopreto.com.br\/wp-content\/uploads\/2025\/06\/Foto-2-Baxo-Sesi-2024-Taiane-Cris-Campos_2025-06-16_15-41-05.webp.webp?fit=1200%2C800&ssl=1&resize=700%2C400 2x, https:\/\/i0.wp.com\/noticiasribeiraopreto.com.br\/wp-content\/uploads\/2025\/06\/Foto-2-Baxo-Sesi-2024-Taiane-Cris-Campos_2025-06-16_15-41-05.webp.webp?fit=1200%2C800&ssl=1&resize=1050%2C600 3x"},"classes":[]},{"id":1620,"url":"https:\/\/noticiasribeiraopreto.com.br\/index.php\/2023\/11\/13\/edson-cordeiro-se-apresenta-no-teatro-minaz-em-ribeirao-preto\/","url_meta":{"origin":91052,"position":5},"title":"Edson Cordeiro se apresenta no Teatro Minaz em Ribeir\u00e3o Preto\u00a0","author":"noticiasribeiraopreto.com.br","date":"13 de November de 2023","format":false,"excerpt":"O Teatro Minaz, no Jardim Paulista, em Ribeir\u00e3o Preto, recebe, no dia 17 de novembro, \u00e0s 20h, o cantor Edson Cordeiro com o espet\u00e1culo \u2018Voz e Viol\u00e3o\u2019. Os ingressos podem ser adquiridos on-line. Dono de dois discos de ouro, sua carreira internacional decolou quando se apresentou no Montreux Jazz Festival,\u2026","rel":"","context":"In &quot;Not\u00edcias de Ribeir\u00e3o Preto-SP e Regi\u00e3o&quot;","block_context":{"text":"Not\u00edcias de Ribeir\u00e3o Preto-SP e Regi\u00e3o","link":"https:\/\/noticiasribeiraopreto.com.br\/index.php\/category\/noticias-de-ribeirao-preto-sp-e-regiao-ismael-colosi\/"},"img":{"alt_text":"","src":"https:\/\/i0.wp.com\/noticiasribeiraopreto.com.br\/wp-content\/uploads\/2023\/11\/WhatsApp-Image-2023-11-13-at-09.03.32.jpeg?fit=900%2C915&ssl=1&resize=350%2C200","width":350,"height":200,"srcset":"https:\/\/i0.wp.com\/noticiasribeiraopreto.com.br\/wp-content\/uploads\/2023\/11\/WhatsApp-Image-2023-11-13-at-09.03.32.jpeg?fit=900%2C915&ssl=1&resize=350%2C200 1x, https:\/\/i0.wp.com\/noticiasribeiraopreto.com.br\/wp-content\/uploads\/2023\/11\/WhatsApp-Image-2023-11-13-at-09.03.32.jpeg?fit=900%2C915&ssl=1&resize=525%2C300 1.5x, https:\/\/i0.wp.com\/noticiasribeiraopreto.com.br\/wp-content\/uploads\/2023\/11\/WhatsApp-Image-2023-11-13-at-09.03.32.jpeg?fit=900%2C915&ssl=1&resize=700%2C400 2x"},"classes":[]}],"jetpack_sharing_enabled":true,"jetpack_shortlink":"https:\/\/wp.me\/peQAOb-nGA","jetpack_featured_media_url":"https:\/\/i0.wp.com\/noticiasribeiraopreto.com.br\/wp-content\/uploads\/2026\/09\/brasil-regional-noel-rosa-1024x683.jpeg?fit=1024%2C683&ssl=1","_links":{"self":[{"href":"https:\/\/noticiasribeiraopreto.com.br\/index.php\/wp-json\/wp\/v2\/posts\/91052","targetHints":{"allow":["GET"]}}],"collection":[{"href":"https:\/\/noticiasribeiraopreto.com.br\/index.php\/wp-json\/wp\/v2\/posts"}],"about":[{"href":"https:\/\/noticiasribeiraopreto.com.br\/index.php\/wp-json\/wp\/v2\/types\/post"}],"author":[{"embeddable":true,"href":"https:\/\/noticiasribeiraopreto.com.br\/index.php\/wp-json\/wp\/v2\/users\/1"}],"replies":[{"embeddable":true,"href":"https:\/\/noticiasribeiraopreto.com.br\/index.php\/wp-json\/wp\/v2\/comments?post=91052"}],"version-history":[{"count":0,"href":"https:\/\/noticiasribeiraopreto.com.br\/index.php\/wp-json\/wp\/v2\/posts\/91052\/revisions"}],"wp:featuredmedia":[{"embeddable":true,"href":"https:\/\/noticiasribeiraopreto.com.br\/index.php\/wp-json\/wp\/v2\/media\/91053"}],"wp:attachment":[{"href":"https:\/\/noticiasribeiraopreto.com.br\/index.php\/wp-json\/wp\/v2\/media?parent=91052"}],"wp:term":[{"taxonomy":"category","embeddable":true,"href":"https:\/\/noticiasribeiraopreto.com.br\/index.php\/wp-json\/wp\/v2\/categories?post=91052"},{"taxonomy":"post_tag","embeddable":true,"href":"https:\/\/noticiasribeiraopreto.com.br\/index.php\/wp-json\/wp\/v2\/tags?post=91052"}],"curies":[{"name":"wp","href":"https:\/\/api.w.org\/{rel}","templated":true}]}}