{"id":91054,"date":"2026-09-03T17:03:56","date_gmt":"2026-09-03T20:03:56","guid":{"rendered":"https:\/\/noticiasribeiraopreto.com.br\/index.php\/2026\/09\/03\/leilao-da-receita-tem-ps5-por-r-554-e-carros-a-partir-de-r-28-mil-veja-como-participar\/"},"modified":"2026-09-03T17:03:56","modified_gmt":"2026-09-03T20:03:56","slug":"leilao-da-receita-tem-ps5-por-r-554-e-carros-a-partir-de-r-28-mil-veja-como-participar","status":"publish","type":"post","link":"https:\/\/noticiasribeiraopreto.com.br\/index.php\/2026\/09\/03\/leilao-da-receita-tem-ps5-por-r-554-e-carros-a-partir-de-r-28-mil-veja-como-participar\/","title":{"rendered":"Leil\u00e3o da Receita tem PS5 por R$ 554 e carros a partir de R$ 2,8 mil; veja como participar"},"content":{"rendered":"<div class='code-block code-block-1' style='margin: 8px 0 8px auto; text-align: right; display: block; clear: both;'>\n<p><a href=\"https:\/\/wa.link\/vpicfd\"><img data-recalc-dims=\"1\" class=\"wp-image-4922\" style=\"aspect-ratio: 2.0253164556962027; width: 561px; height: auto;\" src=\"https:\/\/i0.wp.com\/ismaelcolosi.com.br\/wp-content\/uploads\/2023\/11\/grupo-de-empregos-whatsapp-e-facebook-ismael-colosi-vagas.jpg?ssl=1\" alt=\"\" \/><\/a><\/p>\n<!-- \/wp:image -->\n<\/div>\n<p> <br \/>\n<\/p>\n<p>A<strong> Receita Federal em S\u00e3o Paulo<\/strong> realiza, no dia 15 de setembro, um leil\u00e3o eletr\u00f4nico de mercadorias apreendidas ou abandonadas. Entre os produtos dispon\u00edveis est\u00e3o <strong>smartphones<\/strong>, <strong>notebooks<\/strong>, <strong>videogames<\/strong>, <strong>rel\u00f3gios inteligentes<\/strong>, <strong>ve\u00edculos<\/strong>, <strong>instrumentos musicais<\/strong>, <strong>perfumes<\/strong>, <strong>cosm\u00e9ticos<\/strong>, <strong>bolsas<\/strong>, <strong>cal\u00e7ados <\/strong>e <strong>artigos esportivos.<\/strong><\/p>\n<p><strong>O leil\u00e3o \u00e9 destinado a pessoas f\u00edsicas e jur\u00eddicas.<\/strong> Os interessados podem apresentar propostas entre as <strong>8h do dia 8 de setembro e as 21h do dia 14 de setembro<\/strong>. A sess\u00e3o para disputa dos lotes come\u00e7a \u00e0s <strong>10h de 15 de setembro<\/strong>, no hor\u00e1rio de Bras\u00edlia.<\/p>\n<figure class=\"wp-block-gallery has-nested-images columns-default is-cropped wp-block-gallery-1 is-layout-flex wp-block-gallery-is-layout-flex\">\n<figure class=\"wp-block-image size-large\"><figcaption class=\"wp-element-caption\">Foto: Receita Federal<\/figcaption><\/figure>\n<figure class=\"wp-block-image size-large\"><img data-recalc-dims=\"1\" loading=\"lazy\" decoding=\"async\" width=\"1024\" height=\"726\" data-id=\"173615\" src=\"https:\/\/i0.wp.com\/www.acidadeon.com\/ribeiraopreto\/wp-content\/uploads\/sites\/3\/2026\/09\/foto_800100_2026_10_76_541746_655b3ab2832f246a50c886c089a942d5-1024x726.jpg?resize=1024%2C726&#038;ssl=1\" alt=\"foto 800100 2026 10 76 541746 655b3ab2832f246a50c886c089a942d5\" class=\"wp-image-173615\" title=\"Leil\u00e3o da Receita tem PS5 por R$ 554 e carros a partir de R$ 2,8 mil; veja como participar 2\"><figcaption class=\"wp-element-caption\">Foto: Receita Federal<\/figcaption><\/figure>\n<\/figure>\n<h2 class=\"wp-block-heading\">Produtos dispon\u00edveis no leil\u00e3o<\/h2>\n<p>Entre os lotes,<strong> h\u00e1 eletr\u00f4nicos e ve\u00edculos com valores iniciais que chamam a aten\u00e7\u00e3o<\/strong>. Os destaques incluem:<\/p>\n<ul class=\"wp-block-list\">\n<li>PlayStation 5 de 1 TB: lance inicial de R$ 554<\/li>\n<li>iPhone 17 Pro de 256 GB: R$ 1.604;<\/li>\n<li>iPhone 17 Pro Max de 256 GB: R$ 1.937;<\/li>\n<li>MacBook Air de 13 polegadas e 256 GB: R$ 1.099;<\/li>\n<li>DJI Neo Fly More Combo: R$ 1.902;<\/li>\n<li>Nissan Kicks SV CVT 2017: R$ 2.880;<\/li>\n<li>Honda Civic LXS autom\u00e1tico 2014\/2015: R$ 3.250;<\/li>\n<li>Toyota Corolla SEG 1.8 2003: R$ 5.760;<\/li>\n<li>Chevrolet Onix Plus 1.0T 2024: R$ 12.960;<\/li>\n<li>Citro\u00ebn C3 Live 1.0 2024: R$ 13.200.<\/li>\n<\/ul>\n<p>Os valores correspondem aos lances m\u00ednimos estabelecidos para os lotes. O pre\u00e7o final pode aumentar conforme a disputa entre os participantes.<\/p>\n<p class=\"has-text-align-center\"><em>Receba not\u00edcias do\u00a0<strong>acidade on Ribeir\u00e3o\u00a0<\/strong>no WhatsApp e fique por dentro de tudo! Basta acessar o link<a href=\"https:\/\/chat.whatsapp.com\/DfXwcjKVIddHUT3BvnQuPZ?mode=hqctshi\" target=\"_blank\" rel=\"noreferrer noopener\">\u00a0aqui<\/a>!<\/em><\/p>\n<figure class=\"wp-block-gallery has-nested-images columns-default is-cropped wp-block-gallery-2 is-layout-flex wp-block-gallery-is-layout-flex\">\n<figure class=\"wp-block-image size-large\"><img data-recalc-dims=\"1\" loading=\"lazy\" decoding=\"async\" width=\"768\" height=\"1024\" data-id=\"173610\" src=\"https:\/\/i0.wp.com\/www.acidadeon.com\/ribeiraopreto\/wp-content\/uploads\/sites\/3\/2026\/09\/foto_800100_2026_10_103_540069_c7fb3cefa9475f082a842256291b70cb-768x1024.jpg?resize=768%2C1024&#038;ssl=1\" alt=\"foto 800100 2026 10 103 540069 c7fb3cefa9475f082a842256291b70cb\" class=\"wp-image-173610\" title=\"Leil\u00e3o da Receita tem PS5 por R$ 554 e carros a partir de R$ 2,8 mil; veja como participar 3\"><figcaption class=\"wp-element-caption\">Foto: Receita Federal<\/figcaption><\/figure>\n<figure class=\"wp-block-image size-large\"><img data-recalc-dims=\"1\" loading=\"lazy\" decoding=\"async\" width=\"768\" height=\"1024\" data-id=\"173612\" src=\"https:\/\/i0.wp.com\/www.acidadeon.com\/ribeiraopreto\/wp-content\/uploads\/sites\/3\/2026\/09\/foto_800100_2026_10_101_540055_8ef39e5054c2ffe3dee9e0aab553241c-768x1024.jpg?resize=768%2C1024&#038;ssl=1\" alt=\"foto 800100 2026 10 101 540055 8ef39e5054c2ffe3dee9e0aab553241c\" class=\"wp-image-173612\" title=\"Leil\u00e3o da Receita tem PS5 por R$ 554 e carros a partir de R$ 2,8 mil; veja como participar 4\"><figcaption class=\"wp-element-caption\">Foto: Receita Federal<\/figcaption><\/figure>\n<figure class=\"wp-block-image size-large\"><img data-recalc-dims=\"1\" loading=\"lazy\" decoding=\"async\" width=\"768\" height=\"1024\" data-id=\"173611\" src=\"https:\/\/i0.wp.com\/www.acidadeon.com\/ribeiraopreto\/wp-content\/uploads\/sites\/3\/2026\/09\/foto_800100_2026_10_102_540062_1d1919a49a94f9c633d8bb945f92d372-768x1024.jpg?resize=768%2C1024&#038;ssl=1\" alt=\"foto 800100 2026 10 102 540062 1d1919a49a94f9c633d8bb945f92d372\" class=\"wp-image-173611\" title=\"Leil\u00e3o da Receita tem PS5 por R$ 554 e carros a partir de R$ 2,8 mil; veja como participar 5\"><figcaption class=\"wp-element-caption\">Foto: Receita Federal<\/figcaption><\/figure>\n<\/figure>\n<h2 class=\"wp-block-heading\">Como participar do leil\u00e3o?<\/h2>\n<p>Para apresentar uma proposta, o interessado deve acessar o<a href=\"https:\/\/www25.receita.fazenda.gov.br\/sle-sociedade\/portal\/edital\/800100\/10\/2026\" data-type=\"link\" data-id=\"https:\/\/www25.receita.fazenda.gov.br\/sle-sociedade\/portal\/edital\/800100\/10\/2026\" target=\"_blank\" rel=\"noopener\"> Sistema de Leil\u00e3o Eletr\u00f4nico <\/a>por meio do Centro Virtual de Atendimento ao Contribuinte (e-CAC), dentro do per\u00edodo estabelecido pela Receita Federal.<\/p>\n<p>Depois, \u00e9 necess\u00e1rio selecionar o edital <strong>0800100\/000010\/2026<\/strong>, escolher o lote de interesse e clicar em \u201cincluir proposta\u201d. O participante tamb\u00e9m precisa aceitar os termos e condi\u00e7\u00f5es apresentados pelo sistema e informar um valor superior ao lance m\u00ednimo definido pela Receita.<\/p>\n<p>A participa\u00e7\u00e3o ocorre de forma eletr\u00f4nica, e os interessados devem observar os hor\u00e1rios definidos no edital.<\/p>\n<h2 class=\"wp-block-heading\">Quem pode participar?<\/h2>\n<p>Pessoas f\u00edsicas precisam ter <strong>18 anos ou mais<\/strong>, ou serem emancipadas, estar inscritas no CPF e possuir selo de confiabilidade <strong>Prata ou Ouro<\/strong> no sistema de identidade digital do Governo Federal.<\/p>\n<p>No caso das pessoas jur\u00eddicas, \u00e9 necess\u00e1rio ter cadastro regular no CNPJ. O respons\u00e1vel pela empresa ou procurador tamb\u00e9m precisa possuir selo de confiabilidade Prata ou Ouro no sistema de identidade digital do governo federal.<\/p>\n<p>A Receita Federal orienta os interessados a consultar o edital e as regras espec\u00edficas de cada lote antes de apresentar uma proposta.<\/p>\n<hr class=\"wp-block-separator has-alpha-channel-opacity\">\n<p><em>Fa\u00e7a uma den\u00fancia ou sugira uma reportagem sobre\u00a0<strong>Ribeir\u00e3o Preto\u00a0<\/strong>e regi\u00e3o por meio do WhatsApp do\u00a0<strong>acidade on Ribeir\u00e3o<\/strong>: (16) 99117-7802.<\/em><\/p>\n<\/p>\n<p>O post Leil\u00e3o da Receita tem PS5 por R$ 554 e carros a partir de R$ 2,8 mil; veja como participar apareceu primeiro em ACidade ON Ribeir\u00e3o Preto.<\/p>\n<p><br \/>\n<br \/><a href=\"https:\/\/www.acidadeon.com\/ribeiraopreto\/economia\/leilao-da-receita-tem-ps5-por-r-554-e-carros-a-partir-de-r-28-mil-veja-como-participar\/\">Link para o texto original aqui <\/a><\/p>\n<!-- CONTENT END 1 -->\n","protected":false},"excerpt":{"rendered":"<p>A Receita Federal em S\u00e3o Paulo realiza, no dia 15 de setembro, um leil\u00e3o eletr\u00f4nico de mercadorias apreendidas ou abandonadas. Entre os produtos dispon\u00edveis est\u00e3o&#8230;<\/p>\n","protected":false},"author":1,"featured_media":91055,"comment_status":"","ping_status":"","sticky":false,"template":"","format":"standard","meta":{"advanced_seo_description":"","jetpack_seo_html_title":"","jetpack_seo_noindex":false,"jetpack_seo_schema_type":"","_jetpack_newsletter_access":"","_jetpack_dont_email_post_to_subs":false,"_jetpack_newsletter_tier_id":0,"_jetpack_memberships_contains_paywalled_content":false,"_jetpack_feature_clip_id":0,"_jetpack_memberships_contains_paid_content":false,"footnotes":"","jetpack_publicize_message":"","jetpack_publicize_feature_enabled":true,"jetpack_social_post_already_shared":true,"jetpack_social_options":{"image_generator_settings":{"template":"highway","default_image_id":0,"font":"","enabled":false},"version":2},"jetpack_post_was_ever_published":false},"categories":[11],"tags":[1091,265,530,402,467,166,134,8915,1131,162,48],"class_list":["post-91054","post","type-post","status-publish","format-standard","has-post-thumbnail","hentry","category-noticias-de-ribeirao-preto-sp-e-regiao-ismael-colosi","tag-carros","tag-como","tag-leilao","tag-mil","tag-participar","tag-partir","tag-por","tag-ps5","tag-receita","tag-tem","tag-veja"],"jetpack_publicize_connections":[],"jetpack-related-posts":[{"id":75052,"url":"https:\/\/noticiasribeiraopreto.com.br\/index.php\/2025\/08\/02\/leilao-da-receita-tem-carros-a-partir-de-r-36-mil-e-iphones-por-r-1-mil-veja-como-participar\/","url_meta":{"origin":91054,"position":0},"title":"Leil\u00e3o da Receita tem carros a partir de R$ 3,6 mil e iPhones por R$ 1 mil; veja como participar","author":"noticiasribeiraopreto.com.br","date":"2 de August de 2025","format":false,"excerpt":"A Receita Federal realiza uma nova edi\u00e7\u00e3o do leil\u00e3o eletr\u00f4nico de mercadorias apreendidas ou abandonadas em S\u00e3o Paulo. A disputa come\u00e7a no dia 7 de agosto e segue at\u00e9 o dia 11, com mais de 270 lotes dispon\u00edveis para lances. O leil\u00e3o \u00e9 aberto a pessoas f\u00edsicas e jur\u00eddicas e\u2026","rel":"","context":"In &quot;Not\u00edcias de Ribeir\u00e3o Preto-SP e Regi\u00e3o&quot;","block_context":{"text":"Not\u00edcias de Ribeir\u00e3o Preto-SP e Regi\u00e3o","link":"https:\/\/noticiasribeiraopreto.com.br\/index.php\/category\/noticias-de-ribeirao-preto-sp-e-regiao-ismael-colosi\/"},"img":{"alt_text":"","src":"https:\/\/i0.wp.com\/noticiasribeiraopreto.com.br\/wp-content\/uploads\/2025\/08\/Copia-de-Copia-de-Copia-de-TAMANHO-EXATO-PARA-FOTOS-NO-SISTEMA-NOVO-2025-08-02T122443.758_2025-08-02_15-27-11.webp.webp?fit=1200%2C675&ssl=1&resize=350%2C200","width":350,"height":200,"srcset":"https:\/\/i0.wp.com\/noticiasribeiraopreto.com.br\/wp-content\/uploads\/2025\/08\/Copia-de-Copia-de-Copia-de-TAMANHO-EXATO-PARA-FOTOS-NO-SISTEMA-NOVO-2025-08-02T122443.758_2025-08-02_15-27-11.webp.webp?fit=1200%2C675&ssl=1&resize=350%2C200 1x, https:\/\/i0.wp.com\/noticiasribeiraopreto.com.br\/wp-content\/uploads\/2025\/08\/Copia-de-Copia-de-Copia-de-TAMANHO-EXATO-PARA-FOTOS-NO-SISTEMA-NOVO-2025-08-02T122443.758_2025-08-02_15-27-11.webp.webp?fit=1200%2C675&ssl=1&resize=525%2C300 1.5x, https:\/\/i0.wp.com\/noticiasribeiraopreto.com.br\/wp-content\/uploads\/2025\/08\/Copia-de-Copia-de-Copia-de-TAMANHO-EXATO-PARA-FOTOS-NO-SISTEMA-NOVO-2025-08-02T122443.758_2025-08-02_15-27-11.webp.webp?fit=1200%2C675&ssl=1&resize=700%2C400 2x, https:\/\/i0.wp.com\/noticiasribeiraopreto.com.br\/wp-content\/uploads\/2025\/08\/Copia-de-Copia-de-Copia-de-TAMANHO-EXATO-PARA-FOTOS-NO-SISTEMA-NOVO-2025-08-02T122443.758_2025-08-02_15-27-11.webp.webp?fit=1200%2C675&ssl=1&resize=1050%2C600 3x"},"classes":[]},{"id":33962,"url":"https:\/\/noticiasribeiraopreto.com.br\/index.php\/2024\/01\/31\/leilao-da-receita-tem-veiculos-a-partir-de-r-1-mil-e-celulares-a-r-500-veja-como-participar\/","url_meta":{"origin":91054,"position":1},"title":"Leil\u00e3o da Receita tem ve\u00edculos a partir de R$ 1 mil e celulares a R$ 500; veja como participar","author":"noticiasribeiraopreto.com.br","date":"31 de January de 2024","format":false,"excerpt":"A Receita Federal de Ribeir\u00e3o Preto (SP) realizar\u00e1 no dia 30 de janeiro mais um leil\u00e3o com mercadorias apreendidas ou abandonadas.\u00a0Entre os 74 lotes, h\u00e1 ve\u00edculos, como carros e patinetes el\u00e9tricos, a partir de R$ 1 mil, e celulares Xiaomi e iPhone com valor m\u00ednimo de R$ 500.Al\u00e9m disso, a\u2026","rel":"","context":"In &quot;Not\u00edcias de Ribeir\u00e3o Preto-SP e Regi\u00e3o&quot;","block_context":{"text":"Not\u00edcias de Ribeir\u00e3o Preto-SP e Regi\u00e3o","link":"https:\/\/noticiasribeiraopreto.com.br\/index.php\/category\/noticias-de-ribeirao-preto-sp-e-regiao-ismael-colosi\/"},"img":{"alt_text":"","src":"https:\/\/i0.wp.com\/noticiasribeiraopreto.com.br\/wp-content\/uploads\/2024\/01\/2699_845FCDB8C87D649B-2.jpg?fit=1024%2C768&ssl=1&resize=350%2C200","width":350,"height":200,"srcset":"https:\/\/i0.wp.com\/noticiasribeiraopreto.com.br\/wp-content\/uploads\/2024\/01\/2699_845FCDB8C87D649B-2.jpg?fit=1024%2C768&ssl=1&resize=350%2C200 1x, https:\/\/i0.wp.com\/noticiasribeiraopreto.com.br\/wp-content\/uploads\/2024\/01\/2699_845FCDB8C87D649B-2.jpg?fit=1024%2C768&ssl=1&resize=525%2C300 1.5x, https:\/\/i0.wp.com\/noticiasribeiraopreto.com.br\/wp-content\/uploads\/2024\/01\/2699_845FCDB8C87D649B-2.jpg?fit=1024%2C768&ssl=1&resize=700%2C400 2x"},"classes":[]},{"id":62469,"url":"https:\/\/noticiasribeiraopreto.com.br\/index.php\/2025\/01\/15\/leilao-da-receita-federal-tem-playstation-5-por-r-100-eletronicos-e-joias-veja-como-participar\/","url_meta":{"origin":91054,"position":2},"title":"Leil\u00e3o da Receita Federal tem PlayStation 5 por R$ 100, eletr\u00f4nicos e joias; Veja como participar","author":"noticiasribeiraopreto.com.br","date":"15 de January de 2025","format":false,"excerpt":"O leil\u00e3o da Receita Federal em S\u00e3o Paulo acontece no pr\u00f3ximo dia 30 de janeiro e conta com 203 lotes com diversos produtos, como por exemplo, um PlayStation 5 por R$ 100. Al\u00e9m de videogames, os lotes incluem \u00f3culos de realidade virtual, notebooks, smartphones, joias, diamantes, ve\u00edculos, instrumentos musicais, m\u00e1quinas\u2026","rel":"","context":"In &quot;Not\u00edcias de Ribeir\u00e3o Preto-SP e Regi\u00e3o&quot;","block_context":{"text":"Not\u00edcias de Ribeir\u00e3o Preto-SP e Regi\u00e3o","link":"https:\/\/noticiasribeiraopreto.com.br\/index.php\/category\/noticias-de-ribeirao-preto-sp-e-regiao-ismael-colosi\/"},"img":{"alt_text":"","src":"https:\/\/i0.wp.com\/noticiasribeiraopreto.com.br\/wp-content\/uploads\/2025\/01\/Copia-de-Copia-de-Copia-de-TAMANHO-EXATO-PARA-FOTOS-NO-SISTEMA-NOVO-2025-01-15T115632.396_2025-01-15_14-56-37_png_2025-01-15_14-56-37.webp.webp?fit=1200%2C675&ssl=1&resize=350%2C200","width":350,"height":200,"srcset":"https:\/\/i0.wp.com\/noticiasribeiraopreto.com.br\/wp-content\/uploads\/2025\/01\/Copia-de-Copia-de-Copia-de-TAMANHO-EXATO-PARA-FOTOS-NO-SISTEMA-NOVO-2025-01-15T115632.396_2025-01-15_14-56-37_png_2025-01-15_14-56-37.webp.webp?fit=1200%2C675&ssl=1&resize=350%2C200 1x, https:\/\/i0.wp.com\/noticiasribeiraopreto.com.br\/wp-content\/uploads\/2025\/01\/Copia-de-Copia-de-Copia-de-TAMANHO-EXATO-PARA-FOTOS-NO-SISTEMA-NOVO-2025-01-15T115632.396_2025-01-15_14-56-37_png_2025-01-15_14-56-37.webp.webp?fit=1200%2C675&ssl=1&resize=525%2C300 1.5x, https:\/\/i0.wp.com\/noticiasribeiraopreto.com.br\/wp-content\/uploads\/2025\/01\/Copia-de-Copia-de-Copia-de-TAMANHO-EXATO-PARA-FOTOS-NO-SISTEMA-NOVO-2025-01-15T115632.396_2025-01-15_14-56-37_png_2025-01-15_14-56-37.webp.webp?fit=1200%2C675&ssl=1&resize=700%2C400 2x, https:\/\/i0.wp.com\/noticiasribeiraopreto.com.br\/wp-content\/uploads\/2025\/01\/Copia-de-Copia-de-Copia-de-TAMANHO-EXATO-PARA-FOTOS-NO-SISTEMA-NOVO-2025-01-15T115632.396_2025-01-15_14-56-37_png_2025-01-15_14-56-37.webp.webp?fit=1200%2C675&ssl=1&resize=1050%2C600 3x"},"classes":[]},{"id":28837,"url":"https:\/\/noticiasribeiraopreto.com.br\/index.php\/2024\/01\/16\/receita-federal-tem-leilao-de-eletronicos-veiculos-e-outros-produtos-em-ribeirao-veja-como-participar\/","url_meta":{"origin":91054,"position":3},"title":"Receita Federal tem leil\u00e3o de eletr\u00f4nicos, ve\u00edculos e outros produtos em Ribeir\u00e3o; Veja como participar","author":"noticiasribeiraopreto.com.br","date":"16 de January de 2024","format":false,"excerpt":"A Delegacia da Receita Federal de Ribeir\u00e3o Preto realiza, no dia 30 de janeiro, o primeiro leil\u00e3o de mercadorias apreendidas ou abandonadas, de 2024. No total s\u00e3o 74 lotes, que incluem smartphones, smartwatches, notebooks, tablets, carros, drones e consoles de videogame. Entre os produtos est\u00e3o iPhones, t\u00eanis Adidas, bicicletas el\u00e9tricas\u2026","rel":"","context":"In &quot;Not\u00edcias de Ribeir\u00e3o Preto-SP e Regi\u00e3o&quot;","block_context":{"text":"Not\u00edcias de Ribeir\u00e3o Preto-SP e Regi\u00e3o","link":"https:\/\/noticiasribeiraopreto.com.br\/index.php\/category\/noticias-de-ribeirao-preto-sp-e-regiao-ismael-colosi\/"},"img":{"alt_text":"","src":"https:\/\/i0.wp.com\/noticiasribeiraopreto.com.br\/wp-content\/uploads\/2024\/01\/Copia-de-Copia-de-TAMANHO-EXATO-PARA-FOTOS-NO-SISTEMA-NOVO-15.jpg?fit=1200%2C675&ssl=1&resize=350%2C200","width":350,"height":200,"srcset":"https:\/\/i0.wp.com\/noticiasribeiraopreto.com.br\/wp-content\/uploads\/2024\/01\/Copia-de-Copia-de-TAMANHO-EXATO-PARA-FOTOS-NO-SISTEMA-NOVO-15.jpg?fit=1200%2C675&ssl=1&resize=350%2C200 1x, https:\/\/i0.wp.com\/noticiasribeiraopreto.com.br\/wp-content\/uploads\/2024\/01\/Copia-de-Copia-de-TAMANHO-EXATO-PARA-FOTOS-NO-SISTEMA-NOVO-15.jpg?fit=1200%2C675&ssl=1&resize=525%2C300 1.5x, https:\/\/i0.wp.com\/noticiasribeiraopreto.com.br\/wp-content\/uploads\/2024\/01\/Copia-de-Copia-de-TAMANHO-EXATO-PARA-FOTOS-NO-SISTEMA-NOVO-15.jpg?fit=1200%2C675&ssl=1&resize=700%2C400 2x, https:\/\/i0.wp.com\/noticiasribeiraopreto.com.br\/wp-content\/uploads\/2024\/01\/Copia-de-Copia-de-TAMANHO-EXATO-PARA-FOTOS-NO-SISTEMA-NOVO-15.jpg?fit=1200%2C675&ssl=1&resize=1050%2C600 3x"},"classes":[]},{"id":59334,"url":"https:\/\/noticiasribeiraopreto.com.br\/index.php\/2024\/10\/21\/receita-realiza-nova-edicao-de-leilao-com-iphone-por-r-300-e-carros-por-r-72-mil\/","url_meta":{"origin":91054,"position":4},"title":"Receita realiza nova edi\u00e7\u00e3o de leil\u00e3o com iPhone por R$ 300 e carros por R$ 7,2 mil","author":"noticiasribeiraopreto.com.br","date":"21 de October de 2024","format":false,"excerpt":"A\u00a0Receita Federal\u00a0de S\u00e3o Paulo\u00a0vai realizar, no dia\u00a05 de novembro, mais um leil\u00e3o de mercadorias apreendidas ou abandonadas. Ao todo, ser\u00e3o 129 lotes que incluem celulares, ve\u00edculos, produtos eletr\u00f4nicos e de inform\u00e1tica, artigos esportivos, instrumentos musicais e itens de vestu\u00e1rio. O leil\u00e3o ser\u00e1 realizado de forma eletr\u00f4nica com participa\u00e7\u00e3o de pessoas\u2026","rel":"","context":"In &quot;Not\u00edcias de Ribeir\u00e3o Preto-SP e Regi\u00e3o&quot;","block_context":{"text":"Not\u00edcias de Ribeir\u00e3o Preto-SP e Regi\u00e3o","link":"https:\/\/noticiasribeiraopreto.com.br\/index.php\/category\/noticias-de-ribeirao-preto-sp-e-regiao-ismael-colosi\/"},"img":{"alt_text":"","src":"https:\/\/i0.wp.com\/noticiasribeiraopreto.com.br\/wp-content\/uploads\/2024\/10\/hand-that-holds-hammer-piles-money-written-with-white-chalk-draw-concept_2024-10-21_19-11-11_jpg_2024-10-21_19-11-13-scaled.webp.webp?fit=1200%2C800&ssl=1&resize=350%2C200","width":350,"height":200,"srcset":"https:\/\/i0.wp.com\/noticiasribeiraopreto.com.br\/wp-content\/uploads\/2024\/10\/hand-that-holds-hammer-piles-money-written-with-white-chalk-draw-concept_2024-10-21_19-11-11_jpg_2024-10-21_19-11-13-scaled.webp.webp?fit=1200%2C800&ssl=1&resize=350%2C200 1x, https:\/\/i0.wp.com\/noticiasribeiraopreto.com.br\/wp-content\/uploads\/2024\/10\/hand-that-holds-hammer-piles-money-written-with-white-chalk-draw-concept_2024-10-21_19-11-11_jpg_2024-10-21_19-11-13-scaled.webp.webp?fit=1200%2C800&ssl=1&resize=525%2C300 1.5x, https:\/\/i0.wp.com\/noticiasribeiraopreto.com.br\/wp-content\/uploads\/2024\/10\/hand-that-holds-hammer-piles-money-written-with-white-chalk-draw-concept_2024-10-21_19-11-11_jpg_2024-10-21_19-11-13-scaled.webp.webp?fit=1200%2C800&ssl=1&resize=700%2C400 2x, https:\/\/i0.wp.com\/noticiasribeiraopreto.com.br\/wp-content\/uploads\/2024\/10\/hand-that-holds-hammer-piles-money-written-with-white-chalk-draw-concept_2024-10-21_19-11-11_jpg_2024-10-21_19-11-13-scaled.webp.webp?fit=1200%2C800&ssl=1&resize=1050%2C600 3x"},"classes":[]},{"id":59347,"url":"https:\/\/noticiasribeiraopreto.com.br\/index.php\/2024\/10\/21\/receita-realiza-nova-edicao-de-leilao-com-iphone-por-r-300-e-carros-por-r-72-mil-2\/","url_meta":{"origin":91054,"position":5},"title":"Receita realiza nova edi\u00e7\u00e3o de leil\u00e3o com iPhone por R$ 300 e carros por R$ 7,2 mil","author":"noticiasribeiraopreto.com.br","date":"21 de October de 2024","format":false,"excerpt":"A\u00a0Receita Federal\u00a0de S\u00e3o Paulo\u00a0vai realizar, no dia\u00a05 de novembro, mais um leil\u00e3o de mercadorias apreendidas ou abandonadas. Ao todo, ser\u00e3o 129 lotes que incluem celulares, ve\u00edculos, produtos eletr\u00f4nicos e de inform\u00e1tica, artigos esportivos, instrumentos musicais e itens de vestu\u00e1rio. O leil\u00e3o ser\u00e1 realizado de forma eletr\u00f4nica com participa\u00e7\u00e3o de pessoas\u2026","rel":"","context":"In &quot;Not\u00edcias de Ribeir\u00e3o Preto-SP e Regi\u00e3o&quot;","block_context":{"text":"Not\u00edcias de Ribeir\u00e3o Preto-SP e Regi\u00e3o","link":"https:\/\/noticiasribeiraopreto.com.br\/index.php\/category\/noticias-de-ribeirao-preto-sp-e-regiao-ismael-colosi\/"},"img":{"alt_text":"","src":"https:\/\/i0.wp.com\/noticiasribeiraopreto.com.br\/wp-content\/uploads\/2024\/10\/Copia-de-Copia-de-Copia-de-TAMANHO-EXATO-PARA-FOTOS-NO-SISTEMA-NOVO-31_2024-10-21_23-52-13_png_2024-10-21_23-52-13.webp.webp?fit=1200%2C675&ssl=1&resize=350%2C200","width":350,"height":200,"srcset":"https:\/\/i0.wp.com\/noticiasribeiraopreto.com.br\/wp-content\/uploads\/2024\/10\/Copia-de-Copia-de-Copia-de-TAMANHO-EXATO-PARA-FOTOS-NO-SISTEMA-NOVO-31_2024-10-21_23-52-13_png_2024-10-21_23-52-13.webp.webp?fit=1200%2C675&ssl=1&resize=350%2C200 1x, https:\/\/i0.wp.com\/noticiasribeiraopreto.com.br\/wp-content\/uploads\/2024\/10\/Copia-de-Copia-de-Copia-de-TAMANHO-EXATO-PARA-FOTOS-NO-SISTEMA-NOVO-31_2024-10-21_23-52-13_png_2024-10-21_23-52-13.webp.webp?fit=1200%2C675&ssl=1&resize=525%2C300 1.5x, https:\/\/i0.wp.com\/noticiasribeiraopreto.com.br\/wp-content\/uploads\/2024\/10\/Copia-de-Copia-de-Copia-de-TAMANHO-EXATO-PARA-FOTOS-NO-SISTEMA-NOVO-31_2024-10-21_23-52-13_png_2024-10-21_23-52-13.webp.webp?fit=1200%2C675&ssl=1&resize=700%2C400 2x, https:\/\/i0.wp.com\/noticiasribeiraopreto.com.br\/wp-content\/uploads\/2024\/10\/Copia-de-Copia-de-Copia-de-TAMANHO-EXATO-PARA-FOTOS-NO-SISTEMA-NOVO-31_2024-10-21_23-52-13_png_2024-10-21_23-52-13.webp.webp?fit=1200%2C675&ssl=1&resize=1050%2C600 3x"},"classes":[]}],"jetpack_sharing_enabled":true,"jetpack_shortlink":"https:\/\/wp.me\/peQAOb-nGC","jetpack_featured_media_url":"https:\/\/i0.wp.com\/noticiasribeiraopreto.com.br\/wp-content\/uploads\/2026\/09\/leilao-receita.jpg?fit=1200%2C675&ssl=1","_links":{"self":[{"href":"https:\/\/noticiasribeiraopreto.com.br\/index.php\/wp-json\/wp\/v2\/posts\/91054","targetHints":{"allow":["GET"]}}],"collection":[{"href":"https:\/\/noticiasribeiraopreto.com.br\/index.php\/wp-json\/wp\/v2\/posts"}],"about":[{"href":"https:\/\/noticiasribeiraopreto.com.br\/index.php\/wp-json\/wp\/v2\/types\/post"}],"author":[{"embeddable":true,"href":"https:\/\/noticiasribeiraopreto.com.br\/index.php\/wp-json\/wp\/v2\/users\/1"}],"replies":[{"embeddable":true,"href":"https:\/\/noticiasribeiraopreto.com.br\/index.php\/wp-json\/wp\/v2\/comments?post=91054"}],"version-history":[{"count":0,"href":"https:\/\/noticiasribeiraopreto.com.br\/index.php\/wp-json\/wp\/v2\/posts\/91054\/revisions"}],"wp:featuredmedia":[{"embeddable":true,"href":"https:\/\/noticiasribeiraopreto.com.br\/index.php\/wp-json\/wp\/v2\/media\/91055"}],"wp:attachment":[{"href":"https:\/\/noticiasribeiraopreto.com.br\/index.php\/wp-json\/wp\/v2\/media?parent=91054"}],"wp:term":[{"taxonomy":"category","embeddable":true,"href":"https:\/\/noticiasribeiraopreto.com.br\/index.php\/wp-json\/wp\/v2\/categories?post=91054"},{"taxonomy":"post_tag","embeddable":true,"href":"https:\/\/noticiasribeiraopreto.com.br\/index.php\/wp-json\/wp\/v2\/tags?post=91054"}],"curies":[{"name":"wp","href":"https:\/\/api.w.org\/{rel}","templated":true}]}}