{"id":91056,"date":"2026-09-03T17:44:21","date_gmt":"2026-09-03T20:44:21","guid":{"rendered":"https:\/\/noticiasribeiraopreto.com.br\/index.php\/2026\/09\/03\/motociclista-fica-ferido-em-acidente-com-onibus-em-ribeirao-preto\/"},"modified":"2026-09-03T17:44:21","modified_gmt":"2026-09-03T20:44:21","slug":"motociclista-fica-ferido-em-acidente-com-onibus-em-ribeirao-preto","status":"publish","type":"post","link":"https:\/\/noticiasribeiraopreto.com.br\/index.php\/2026\/09\/03\/motociclista-fica-ferido-em-acidente-com-onibus-em-ribeirao-preto\/","title":{"rendered":"Motociclista fica ferido em acidente com \u00f4nibus em Ribeir\u00e3o Preto"},"content":{"rendered":"<div class='code-block code-block-1' style='margin: 8px 0 8px auto; text-align: right; display: block; clear: both;'>\n<p><a href=\"https:\/\/wa.link\/vpicfd\"><img data-recalc-dims=\"1\" class=\"wp-image-4922\" style=\"aspect-ratio: 2.0253164556962027; width: 561px; height: auto;\" src=\"https:\/\/i0.wp.com\/ismaelcolosi.com.br\/wp-content\/uploads\/2023\/11\/grupo-de-empregos-whatsapp-e-facebook-ismael-colosi-vagas.jpg?ssl=1\" alt=\"\" \/><\/a><\/p>\n<!-- \/wp:image -->\n<\/div>\n<p> <br \/>\n<\/p>\n<p>Um <strong>homem de 46 anos<\/strong> ficou ferido ap\u00f3s um acidente envolvendo uma moto e um \u00f4nibus na tarde desta quinta-feira (3), na avenida Luiz Galv\u00e3o C\u00e9sar, em Ribeir\u00e3o Preto.<\/p>\n<p>Equipes de atendimento socorreram o motociclista e o encaminharam ao <strong>Hospital das Cl\u00ednicas \u2013 Unidade de Emerg\u00eancia (HC-UE)<\/strong>. At\u00e9 o momento, n\u00e3o h\u00e1 informa\u00e7\u00f5es sobre o estado de sa\u00fade da v\u00edtima.<\/p>\n<p class=\"has-text-align-center has-small-font-size\"><em>Receba not\u00edcias do\u00a0<strong>acidade on Ribeir\u00e3o\u00a0<\/strong>no WhatsApp e fique por dentro de tudo! Basta acessar o link<a href=\"https:\/\/chat.whatsapp.com\/DfXwcjKVIddHUT3BvnQuPZ?mode=hqctshi\" target=\"_blank\" rel=\"noreferrer noopener\">\u00a0aqui<\/a>!<\/em><\/p>\n<figure class=\"wp-block-gallery has-nested-images columns-default is-cropped wp-block-gallery-1 is-layout-flex wp-block-gallery-is-layout-flex\">\n<figure class=\"wp-block-image size-large\"><figcaption class=\"wp-element-caption\">Foto: Gabriela Rodrigues\/EPTV<\/figcaption><\/figure>\n<figure class=\"wp-block-image size-large\"><img data-recalc-dims=\"1\" loading=\"lazy\" decoding=\"async\" width=\"381\" height=\"674\" data-id=\"173623\" src=\"https:\/\/i0.wp.com\/www.acidadeon.com\/ribeiraopreto\/wp-content\/uploads\/sites\/3\/2026\/09\/Captura-de-tela-2026-09-03-172717.png?resize=381%2C674&#038;ssl=1\" alt=\"Captura de tela 2026 09 03 172717\" class=\"wp-image-173623\" title=\"Motociclista fica ferido em acidente com \u00f4nibus em Ribeir\u00e3o Preto 2\"><figcaption class=\"wp-element-caption\">Foto: Gabriela Rodrigues\/EPTV<\/figcaption><\/figure>\n<figure class=\"wp-block-image size-large\"><img data-recalc-dims=\"1\" loading=\"lazy\" decoding=\"async\" width=\"380\" height=\"678\" data-id=\"173624\" src=\"https:\/\/i0.wp.com\/www.acidadeon.com\/ribeiraopreto\/wp-content\/uploads\/sites\/3\/2026\/09\/Captura-de-tela-2026-09-03-172732.png?resize=380%2C678&#038;ssl=1\" alt=\"Captura de tela 2026 09 03 172732\" class=\"wp-image-173624\" title=\"Motociclista fica ferido em acidente com \u00f4nibus em Ribeir\u00e3o Preto 3\"><figcaption class=\"wp-element-caption\">Foto: Gabriela Rodrigues\/EPTV<\/figcaption><\/figure>\n<\/figure>\n<p>O tr\u00e2nsito ficou interditado para atendimento da ocorr\u00eancia, mas j\u00e1 foi liberado.<\/p>\n<p class=\"has-text-align-center has-small-font-size\"><em>Fa\u00e7a uma den\u00fancia ou sugira uma reportagem sobre\u00a0<strong>Ribeir\u00e3o Preto\u00a0<\/strong>e regi\u00e3o por meio do WhatsApp do\u00a0<strong>acidade on Ribeir\u00e3o<\/strong>: (16) 99117-7802.<\/em><\/p>\n<hr class=\"wp-block-separator has-alpha-channel-opacity\">\n<h2 class=\"wp-block-heading\"><mark class=\"has-inline-color has-white-color\">moto<\/mark><\/h2>\n<p>O post Motociclista fica ferido em acidente com \u00f4nibus em Ribeir\u00e3o Preto apareceu primeiro em ACidade ON Ribeir\u00e3o Preto.<\/p>\n<p><br \/>\n<br \/><a href=\"https:\/\/www.acidadeon.com\/ribeiraopreto\/cotidiano\/motociclista-fica-ferido-em-acidente-com-onibus-em-ribeirao-preto\/\">Link para o texto original aqui <\/a><\/p>\n<!-- CONTENT END 1 -->\n","protected":false},"excerpt":{"rendered":"<p>Um homem de 46 anos ficou ferido ap\u00f3s um acidente envolvendo uma moto e um \u00f4nibus na tarde desta quinta-feira (3), na avenida Luiz Galv\u00e3o&#8230;<\/p>\n","protected":false},"author":1,"featured_media":91057,"comment_status":"","ping_status":"","sticky":false,"template":"","format":"standard","meta":{"advanced_seo_description":"","jetpack_seo_html_title":"","jetpack_seo_noindex":false,"jetpack_seo_schema_type":"","_jetpack_newsletter_access":"","_jetpack_dont_email_post_to_subs":false,"_jetpack_newsletter_tier_id":0,"_jetpack_memberships_contains_paywalled_content":false,"_jetpack_feature_clip_id":0,"_jetpack_memberships_contains_paid_content":false,"footnotes":"","jetpack_publicize_message":"","jetpack_publicize_feature_enabled":true,"jetpack_social_post_already_shared":true,"jetpack_social_options":{"image_generator_settings":{"template":"highway","default_image_id":0,"font":"","enabled":false},"version":2},"jetpack_post_was_ever_published":false},"categories":[11],"tags":[74,79,398,395,904,335,27,26],"class_list":["post-91056","post","type-post","status-publish","format-standard","has-post-thumbnail","hentry","category-noticias-de-ribeirao-preto-sp-e-regiao-ismael-colosi","tag-acidente","tag-ferido","tag-fica","tag-moto","tag-motociclista","tag-onibus","tag-preto","tag-ribeirao"],"jetpack_publicize_connections":[],"jetpack-related-posts":[{"id":33359,"url":"https:\/\/noticiasribeiraopreto.com.br\/index.php\/2024\/01\/29\/motociclista-fica-ferido-em-rotatoria-da-zona-leste\/","url_meta":{"origin":91056,"position":0},"title":"Motociclista fica ferido em rotat\u00f3ria da zona Leste","author":"noticiasribeiraopreto.com.br","date":"29 de January de 2024","format":false,"excerpt":"Acidente ocorreu pr\u00f3ximo a sem\u00e1foro; condutor da moto teria batido na lateral de um ve\u00edculo e colidido contra \u00f4nibus 29 de janeiro de 2024 | 11:26 2Por: Adalberto LuqueUm motociclista ficou ferido, na manh\u00e3 desta segunda-feira (29), ap\u00f3s um acidente envolvendo sua moto, um ve\u00edculo e um \u00f4nibus de transporte\u2026","rel":"","context":"In &quot;Not\u00edcias de Ribeir\u00e3o Preto-SP e Regi\u00e3o&quot;","block_context":{"text":"Not\u00edcias de Ribeir\u00e3o Preto-SP e Regi\u00e3o","link":"https:\/\/noticiasribeiraopreto.com.br\/index.php\/category\/noticias-de-ribeirao-preto-sp-e-regiao-ismael-colosi\/"},"img":{"alt_text":"","src":"https:\/\/i0.wp.com\/noticiasribeiraopreto.com.br\/wp-content\/uploads\/2024\/01\/00-29-jan-2024-acidente-castelo-foto-max-gallao-mesquita-scaled.jpg?fit=1000%2C627&ssl=1&resize=350%2C200","width":350,"height":200,"srcset":"https:\/\/i0.wp.com\/noticiasribeiraopreto.com.br\/wp-content\/uploads\/2024\/01\/00-29-jan-2024-acidente-castelo-foto-max-gallao-mesquita-scaled.jpg?fit=1000%2C627&ssl=1&resize=350%2C200 1x, https:\/\/i0.wp.com\/noticiasribeiraopreto.com.br\/wp-content\/uploads\/2024\/01\/00-29-jan-2024-acidente-castelo-foto-max-gallao-mesquita-scaled.jpg?fit=1000%2C627&ssl=1&resize=525%2C300 1.5x, https:\/\/i0.wp.com\/noticiasribeiraopreto.com.br\/wp-content\/uploads\/2024\/01\/00-29-jan-2024-acidente-castelo-foto-max-gallao-mesquita-scaled.jpg?fit=1000%2C627&ssl=1&resize=700%2C400 2x"},"classes":[]},{"id":89672,"url":"https:\/\/noticiasribeiraopreto.com.br\/index.php\/2026\/08\/09\/motociclista-de-21-anos-morre-apos-batida-entre-moto-e-onibus\/","url_meta":{"origin":91056,"position":1},"title":"Motociclista de 21 anos morre ap\u00f3s batida entre moto e \u00f4nibus","author":"noticiasribeiraopreto.com.br","date":"9 de August de 2026","format":false,"excerpt":"Um motociclista de 21 anos morreu na noite deste s\u00e1bado (8), depois de uma batida entre a moto que pilotava e um \u00f4nibus do transporte p\u00fablico, em Cravinhos, na regi\u00e3o de Ribeir\u00e3o Preto. A primeira informa\u00e7\u00e3o era que a v\u00edtima tinha 20 anos e foi corrigida. Receba not\u00edcias do\u00a0acidade on\u2026","rel":"","context":"In &quot;Not\u00edcias de Ribeir\u00e3o Preto-SP e Regi\u00e3o&quot;","block_context":{"text":"Not\u00edcias de Ribeir\u00e3o Preto-SP e Regi\u00e3o","link":"https:\/\/noticiasribeiraopreto.com.br\/index.php\/category\/noticias-de-ribeirao-preto-sp-e-regiao-ismael-colosi\/"},"img":{"alt_text":"","src":"https:\/\/i0.wp.com\/noticiasribeiraopreto.com.br\/wp-content\/uploads\/2026\/08\/LUZ-POLICIA_2025-09-18_12-53-42.webp.webp?fit=1200%2C672&ssl=1&resize=350%2C200","width":350,"height":200,"srcset":"https:\/\/i0.wp.com\/noticiasribeiraopreto.com.br\/wp-content\/uploads\/2026\/08\/LUZ-POLICIA_2025-09-18_12-53-42.webp.webp?fit=1200%2C672&ssl=1&resize=350%2C200 1x, https:\/\/i0.wp.com\/noticiasribeiraopreto.com.br\/wp-content\/uploads\/2026\/08\/LUZ-POLICIA_2025-09-18_12-53-42.webp.webp?fit=1200%2C672&ssl=1&resize=525%2C300 1.5x, https:\/\/i0.wp.com\/noticiasribeiraopreto.com.br\/wp-content\/uploads\/2026\/08\/LUZ-POLICIA_2025-09-18_12-53-42.webp.webp?fit=1200%2C672&ssl=1&resize=700%2C400 2x, https:\/\/i0.wp.com\/noticiasribeiraopreto.com.br\/wp-content\/uploads\/2026\/08\/LUZ-POLICIA_2025-09-18_12-53-42.webp.webp?fit=1200%2C672&ssl=1&resize=1050%2C600 3x"},"classes":[]},{"id":58448,"url":"https:\/\/noticiasribeiraopreto.com.br\/index.php\/2024\/09\/27\/agente-penitenciario-fica-gravemente-ferido-apos-acidente-no-centro-de-ribeirao\/","url_meta":{"origin":91056,"position":2},"title":"Agente penitenci\u00e1rio fica gravemente ferido ap\u00f3s acidente no Centro de Ribeir\u00e3o","author":"noticiasribeiraopreto.com.br","date":"27 de September de 2024","format":false,"excerpt":"Um agente penitenci\u00e1rio ficou gravemente ferido, na manh\u00e3 desta sexta-feira (27), ap\u00f3s colidir a moto que pilotava na lateral de um \u00f4nibus, no cruzamento da rua Flor\u00eancio de Abreu com a avenida Jer\u00f4nimo Gon\u00e7alves, no Centro de Ribeir\u00e3o Preto. No transporte coletivo tinha oito passageiros, mas nenhum ficou ferido. O\u2026","rel":"","context":"In &quot;Not\u00edcias de Ribeir\u00e3o Preto-SP e Regi\u00e3o&quot;","block_context":{"text":"Not\u00edcias de Ribeir\u00e3o Preto-SP e Regi\u00e3o","link":"https:\/\/noticiasribeiraopreto.com.br\/index.php\/category\/noticias-de-ribeirao-preto-sp-e-regiao-ismael-colosi\/"},"img":{"alt_text":"","src":"https:\/\/i0.wp.com\/noticiasribeiraopreto.com.br\/wp-content\/uploads\/2024\/09\/Imagem-do-WhatsApp-de-2024-09-27-as-11.46.13_2a6420db_2024-09-27_14-48-39_jpg_2024-09-27_14-48-39.webp.webp?fit=1179%2C664&ssl=1&resize=350%2C200","width":350,"height":200,"srcset":"https:\/\/i0.wp.com\/noticiasribeiraopreto.com.br\/wp-content\/uploads\/2024\/09\/Imagem-do-WhatsApp-de-2024-09-27-as-11.46.13_2a6420db_2024-09-27_14-48-39_jpg_2024-09-27_14-48-39.webp.webp?fit=1179%2C664&ssl=1&resize=350%2C200 1x, https:\/\/i0.wp.com\/noticiasribeiraopreto.com.br\/wp-content\/uploads\/2024\/09\/Imagem-do-WhatsApp-de-2024-09-27-as-11.46.13_2a6420db_2024-09-27_14-48-39_jpg_2024-09-27_14-48-39.webp.webp?fit=1179%2C664&ssl=1&resize=525%2C300 1.5x, https:\/\/i0.wp.com\/noticiasribeiraopreto.com.br\/wp-content\/uploads\/2024\/09\/Imagem-do-WhatsApp-de-2024-09-27-as-11.46.13_2a6420db_2024-09-27_14-48-39_jpg_2024-09-27_14-48-39.webp.webp?fit=1179%2C664&ssl=1&resize=700%2C400 2x, https:\/\/i0.wp.com\/noticiasribeiraopreto.com.br\/wp-content\/uploads\/2024\/09\/Imagem-do-WhatsApp-de-2024-09-27-as-11.46.13_2a6420db_2024-09-27_14-48-39_jpg_2024-09-27_14-48-39.webp.webp?fit=1179%2C664&ssl=1&resize=1050%2C600 3x"},"classes":[]},{"id":60984,"url":"https:\/\/noticiasribeiraopreto.com.br\/index.php\/2024\/11\/30\/motociclista-fica-ferido-apos-acidente-com-onibus-em-ribeirao-preto\/","url_meta":{"origin":91056,"position":3},"title":"Motociclista fica ferido ap\u00f3s acidente com \u00f4nibus em Ribeir\u00e3o Preto","author":"noticiasribeiraopreto.com.br","date":"30 de November de 2024","format":false,"excerpt":"Um motociclista ficou ferido ap\u00f3s um acidente com um \u00f4nibus no Jardim Mosteiro, em Ribeir\u00e3o Preto, no final da tarde deste s\u00e1bado (30). A v\u00edtima foi socorrida pelo Samu (Servi\u00e7o de Atendimento M\u00f3vel de Urg\u00eancia). O acidente aconteceu no cruzamento da rua Camilo de Matos com a Dom Jo\u00e3o VI.\u2026","rel":"","context":"In &quot;Not\u00edcias de Ribeir\u00e3o Preto-SP e Regi\u00e3o&quot;","block_context":{"text":"Not\u00edcias de Ribeir\u00e3o Preto-SP e Regi\u00e3o","link":"https:\/\/noticiasribeiraopreto.com.br\/index.php\/category\/noticias-de-ribeirao-preto-sp-e-regiao-ismael-colosi\/"},"img":{"alt_text":"","src":"https:\/\/i0.wp.com\/noticiasribeiraopreto.com.br\/wp-content\/uploads\/2024\/11\/acidente-onibus-ribeirao_2024-11-30_21-54-20_jpg_2024-11-30_21-54-20.webp.webp?fit=960%2C709&ssl=1&resize=350%2C200","width":350,"height":200,"srcset":"https:\/\/i0.wp.com\/noticiasribeiraopreto.com.br\/wp-content\/uploads\/2024\/11\/acidente-onibus-ribeirao_2024-11-30_21-54-20_jpg_2024-11-30_21-54-20.webp.webp?fit=960%2C709&ssl=1&resize=350%2C200 1x, https:\/\/i0.wp.com\/noticiasribeiraopreto.com.br\/wp-content\/uploads\/2024\/11\/acidente-onibus-ribeirao_2024-11-30_21-54-20_jpg_2024-11-30_21-54-20.webp.webp?fit=960%2C709&ssl=1&resize=525%2C300 1.5x, https:\/\/i0.wp.com\/noticiasribeiraopreto.com.br\/wp-content\/uploads\/2024\/11\/acidente-onibus-ribeirao_2024-11-30_21-54-20_jpg_2024-11-30_21-54-20.webp.webp?fit=960%2C709&ssl=1&resize=700%2C400 2x"},"classes":[]},{"id":58450,"url":"https:\/\/noticiasribeiraopreto.com.br\/index.php\/2024\/09\/27\/policial-penal-fica-gravemente-ferido-apos-acidente-no-centro-de-ribeirao\/","url_meta":{"origin":91056,"position":4},"title":"Policial penal fica gravemente ferido ap\u00f3s acidente no Centro de Ribeir\u00e3o","author":"noticiasribeiraopreto.com.br","date":"27 de September de 2024","format":false,"excerpt":"Um policial penal ficou gravemente ferido, na manh\u00e3 desta sexta-feira (27), ap\u00f3s colidir a moto que pilotava na lateral de um \u00f4nibus, no cruzamento da rua Flor\u00eancio de Abreu com a avenida Jer\u00f4nimo Gon\u00e7alves, no Centro de Ribeir\u00e3o Preto. No transporte coletivo tinha oito passageiros, mas nenhum ficou ferido. O\u2026","rel":"","context":"In &quot;Not\u00edcias de Ribeir\u00e3o Preto-SP e Regi\u00e3o&quot;","block_context":{"text":"Not\u00edcias de Ribeir\u00e3o Preto-SP e Regi\u00e3o","link":"https:\/\/noticiasribeiraopreto.com.br\/index.php\/category\/noticias-de-ribeirao-preto-sp-e-regiao-ismael-colosi\/"},"img":{"alt_text":"","src":"https:\/\/i0.wp.com\/noticiasribeiraopreto.com.br\/wp-content\/uploads\/2024\/09\/Imagem-do-WhatsApp-de-2024-09-27-as-11.46.13_2a6420db_2024-09-27_14-48-39_jpg_2024-09-27_14-48-39.webp.webp?fit=1179%2C664&ssl=1&resize=350%2C200","width":350,"height":200,"srcset":"https:\/\/i0.wp.com\/noticiasribeiraopreto.com.br\/wp-content\/uploads\/2024\/09\/Imagem-do-WhatsApp-de-2024-09-27-as-11.46.13_2a6420db_2024-09-27_14-48-39_jpg_2024-09-27_14-48-39.webp.webp?fit=1179%2C664&ssl=1&resize=350%2C200 1x, https:\/\/i0.wp.com\/noticiasribeiraopreto.com.br\/wp-content\/uploads\/2024\/09\/Imagem-do-WhatsApp-de-2024-09-27-as-11.46.13_2a6420db_2024-09-27_14-48-39_jpg_2024-09-27_14-48-39.webp.webp?fit=1179%2C664&ssl=1&resize=525%2C300 1.5x, https:\/\/i0.wp.com\/noticiasribeiraopreto.com.br\/wp-content\/uploads\/2024\/09\/Imagem-do-WhatsApp-de-2024-09-27-as-11.46.13_2a6420db_2024-09-27_14-48-39_jpg_2024-09-27_14-48-39.webp.webp?fit=1179%2C664&ssl=1&resize=700%2C400 2x, https:\/\/i0.wp.com\/noticiasribeiraopreto.com.br\/wp-content\/uploads\/2024\/09\/Imagem-do-WhatsApp-de-2024-09-27-as-11.46.13_2a6420db_2024-09-27_14-48-39_jpg_2024-09-27_14-48-39.webp.webp?fit=1179%2C664&ssl=1&resize=1050%2C600 3x"},"classes":[]},{"id":86341,"url":"https:\/\/noticiasribeiraopreto.com.br\/index.php\/2026\/06\/11\/video-motociclista-fica-ferido-apos-atingir-traseira-de-onibus\/","url_meta":{"origin":91056,"position":5},"title":"V\u00cdDEO &#8211; Motociclista fica ferido ap\u00f3s atingir traseira de \u00f4nibus","author":"noticiasribeiraopreto.com.br","date":"11 de June de 2026","format":false,"excerpt":"\r \r \r Condutor da moto teria voltado para faixa de \u00f4nibus que fazia convers\u00e3o \u00e0 direita e o impacto foi grande\r \r 11 de junho de 2026 11:5511 de junho de 2026 11:56 \r Compartilhar1 \r | Por: Adalberto Luque | Um motociclista ficou ferido, na manh\u00e3 desta quinta-feira\u2026","rel":"","context":"In &quot;Not\u00edcias de Ribeir\u00e3o Preto-SP e Regi\u00e3o&quot;","block_context":{"text":"Not\u00edcias de Ribeir\u00e3o Preto-SP e Regi\u00e3o","link":"https:\/\/noticiasribeiraopreto.com.br\/index.php\/category\/noticias-de-ribeirao-preto-sp-e-regiao-ismael-colosi\/"},"img":{"alt_text":"","src":"https:\/\/i0.wp.com\/noticiasribeiraopreto.com.br\/wp-content\/uploads\/2026\/06\/11-jun-2026-motoqueirobusao1.jpg?fit=684%2C323&ssl=1&resize=350%2C200","width":350,"height":200,"srcset":"https:\/\/i0.wp.com\/noticiasribeiraopreto.com.br\/wp-content\/uploads\/2026\/06\/11-jun-2026-motoqueirobusao1.jpg?fit=684%2C323&ssl=1&resize=350%2C200 1x, https:\/\/i0.wp.com\/noticiasribeiraopreto.com.br\/wp-content\/uploads\/2026\/06\/11-jun-2026-motoqueirobusao1.jpg?fit=684%2C323&ssl=1&resize=525%2C300 1.5x"},"classes":[]}],"jetpack_sharing_enabled":true,"jetpack_shortlink":"https:\/\/wp.me\/peQAOb-nGE","jetpack_featured_media_url":"https:\/\/i0.wp.com\/noticiasribeiraopreto.com.br\/wp-content\/uploads\/2026\/09\/moto-onibus.jpg?fit=1200%2C675&ssl=1","_links":{"self":[{"href":"https:\/\/noticiasribeiraopreto.com.br\/index.php\/wp-json\/wp\/v2\/posts\/91056","targetHints":{"allow":["GET"]}}],"collection":[{"href":"https:\/\/noticiasribeiraopreto.com.br\/index.php\/wp-json\/wp\/v2\/posts"}],"about":[{"href":"https:\/\/noticiasribeiraopreto.com.br\/index.php\/wp-json\/wp\/v2\/types\/post"}],"author":[{"embeddable":true,"href":"https:\/\/noticiasribeiraopreto.com.br\/index.php\/wp-json\/wp\/v2\/users\/1"}],"replies":[{"embeddable":true,"href":"https:\/\/noticiasribeiraopreto.com.br\/index.php\/wp-json\/wp\/v2\/comments?post=91056"}],"version-history":[{"count":0,"href":"https:\/\/noticiasribeiraopreto.com.br\/index.php\/wp-json\/wp\/v2\/posts\/91056\/revisions"}],"wp:featuredmedia":[{"embeddable":true,"href":"https:\/\/noticiasribeiraopreto.com.br\/index.php\/wp-json\/wp\/v2\/media\/91057"}],"wp:attachment":[{"href":"https:\/\/noticiasribeiraopreto.com.br\/index.php\/wp-json\/wp\/v2\/media?parent=91056"}],"wp:term":[{"taxonomy":"category","embeddable":true,"href":"https:\/\/noticiasribeiraopreto.com.br\/index.php\/wp-json\/wp\/v2\/categories?post=91056"},{"taxonomy":"post_tag","embeddable":true,"href":"https:\/\/noticiasribeiraopreto.com.br\/index.php\/wp-json\/wp\/v2\/tags?post=91056"}],"curies":[{"name":"wp","href":"https:\/\/api.w.org\/{rel}","templated":true}]}}