{"id":91058,"date":"2026-09-03T18:27:58","date_gmt":"2026-09-03T21:27:58","guid":{"rendered":"https:\/\/noticiasribeiraopreto.com.br\/index.php\/2026\/09\/03\/caso-acai-com-chumbinho-justica-nega-liberdade-para-larissa\/"},"modified":"2026-09-03T18:27:58","modified_gmt":"2026-09-03T21:27:58","slug":"caso-acai-com-chumbinho-justica-nega-liberdade-para-larissa","status":"publish","type":"post","link":"https:\/\/noticiasribeiraopreto.com.br\/index.php\/2026\/09\/03\/caso-acai-com-chumbinho-justica-nega-liberdade-para-larissa\/","title":{"rendered":"Caso a\u00e7a\u00ed com chumbinho: Justi\u00e7a nega liberdade para Larissa"},"content":{"rendered":"<div class='code-block code-block-1' style='margin: 8px 0 8px auto; text-align: right; display: block; clear: both;'>\n<p><a href=\"https:\/\/wa.link\/vpicfd\"><img data-recalc-dims=\"1\" class=\"wp-image-4922\" style=\"aspect-ratio: 2.0253164556962027; width: 561px; height: auto;\" src=\"https:\/\/i0.wp.com\/ismaelcolosi.com.br\/wp-content\/uploads\/2023\/11\/grupo-de-empregos-whatsapp-e-facebook-ismael-colosi-vagas.jpg?ssl=1\" alt=\"\" \/><\/a><\/p>\n<!-- \/wp:image -->\n<\/div>\n<p> <br \/>\n<\/p>\n<div id=\"\">&#13;<\/p>\n<h2 class=\"penci-post-subtitle\">Liberdade provis\u00f3ria foi negada e magistrada estabeleceu prazo de cinco dias para MP e defesa apresentarem suas alega\u00e7\u00f5es finais<\/h2>\n<p>&#13;<\/p>\n<p>&#13;<br \/>\n\t\t\t\t\t\t\t\t\t<span class=\"entry-meta-item penci-posted-on\"><i class=\"fa fa-clock-o\"\/><time class=\"entry-date published updated\" datetime=\"2026-09-03T18:25:09-03:00\">3 de setembro de 2026 18:25<\/time><\/span><span class=\"entry-meta-item penci-post-countview\"\/>\t\t\t\t\t\t\t\t<\/p>\n<p><!-- .entry-meta -->&#13;<br \/>\n\t\t\t\t\t\t\t\t<span class=\"penci-social-buttons penci-social-share-footer\"><span class=\"penci-social-share-text\">Compartilhar<\/span><a href=\"#\" class=\"penci-post-like penci_post-meta_item  single-like-button penci-social-item like\" data-post_id=\"475987\" title=\"Like\" data-like=\"Like\" data-unlike=\"Unlike\"><i class=\"fa fa-thumbs-o-up\"\/><span class=\"penci-share-number\">2<\/span><\/a><i class=\"fa fa-facebook\"\/><a class=\"penci-social-item twitter\" target=\"_blank\" rel=\"noopener\" title=\"\" href=\"https:\/\/twitter.com\/intent\/tweet?text=Caso%20a\u00e7a\u00ed%20com%20chumbinho:%20Justi\u00e7a%20nega%20liberdade%20para%20Larissa%20-%20https:\/\/www.tribunaribeirao.com.br\/caso-acai-com-chumbinho-justica-nega-liberdade-para-larissa\/\"><i class=\"fa fa-twitter\"\/><\/a><i class=\"fa fa-linkedin\"\/><i class=\"fa fa-whatsapp\"\/><i class=\"fa fa-telegram\"\/><i class=\"fa fa-envelope\"\/><\/span>\t\t\t\t\t\t\t<\/div>\n<div>\n<p>| Por: Adalberto Luque |<\/p>\n<p>A Justi\u00e7a negou liberdade provis\u00f3ria para Larissa de Souza Rodrigues, acusada de tentativa de homic\u00eddio contra o namorado, Adenilson Ferreira Parente, usando um copo de a\u00e7a\u00ed envenenado com chumbinho.<\/p>\n<p>A decis\u00e3o foi publicada na tarde desta quinta-feira (3) pela ju\u00edza Carolina Moreira Gama, da 1\u00aa Vara do J\u00fari e das Execu\u00e7\u00f5es Criminais de Ribeir\u00e3o Preto, respons\u00e1vel pela an\u00e1lise da den\u00fancia apresentada pelo promotor Eliseu Jos\u00e9 Berardo Gon\u00e7alves, do Minist\u00e9rio P\u00fablico de S\u00e3o Paulo (MPSP).<\/p>\n<p>A audi\u00eancia foi realizada na tarde e noite de 1\u00ba de setembro, de forma h\u00edbrida. Larissa prestou depoimento online da Penitenci\u00e1ria Feminina de Mogi Gua\u00e7u, onde est\u00e1 presa desde 15 de abril. Na sess\u00e3o, foram ouvidas pelo menos dez testemunhas, entre elas o delegado respons\u00e1vel pela apura\u00e7\u00e3o do caso, Fernando Bravo.<\/p>\n<p>Na ocasi\u00e3o, J\u00e9ssica Noz\u00e9, advogada da r\u00e9, entrou com pedido de liberdade provis\u00f3ria. O promotor Eliseu Jos\u00e9 Berardo Gon\u00e7alves, do MPSP, n\u00e3o se op\u00f4s ao pedido da defesa.<\/p>\n<p>Contudo, a ju\u00edza entendeu que n\u00e3o seria o caso de conceder a liberdade. Entre os motivos apontados est\u00e3o as consequ\u00eancias do caso para o estabelecimento onde o copo de a\u00e7a\u00ed foi comercializado, a fuga de Larissa ap\u00f3s a expedi\u00e7\u00e3o do mandado de pris\u00e3o e o uso dos dados de outra pessoa para se hospedar em um hotel.<\/p>\n<figure id=\"attachment_458308\" aria-describedby=\"caption-attachment-458308\" style=\"width: 1200px\" class=\"wp-caption alignnone\"><figcaption id=\"caption-attachment-458308\" class=\"wp-caption-text\">Caso de envenenamento com chumbinho encontrado em copo de a\u00e7a\u00ed segue na Justi\u00e7a (Foto: Reprodu\u00e7\u00e3o)<\/figcaption><\/figure>\n<p>Segundo a decis\u00e3o, mais de 80 copos foram vendidos no dia do ocorrido, o que gerou receio entre consumidores de que pudessem ter ingerido produto contaminado. A magistrada tamb\u00e9m relatou as consequ\u00eancias para o com\u00e9rcio, que teria sofrido queda no faturamento, ataques nas redes sociais, fechado cinco unidades em 30 dias e dispensado cerca de 20 funcion\u00e1rios, permanecendo em situa\u00e7\u00e3o deficit\u00e1ria.<\/p>\n<p>Outro ponto considerado foi a fuga. Conforme a decis\u00e3o, ap\u00f3s a expedi\u00e7\u00e3o do mandado de pris\u00e3o, em 13 de abril, policiais encontraram o im\u00f3vel aberto e com sinais de uma sa\u00edda apressada. Larissa foi localizada dois dias depois, em um hotel de Ribeir\u00e3o Preto, onde teria se hospedado usando nome, data de nascimento e CPF pertencentes a outra pessoa.<\/p>\n<p>A ju\u00edza tamb\u00e9m citou o fato de o conte\u00fado do \u00fanico celular que poderia ajudar a identificar a origem da subst\u00e2ncia ter sido apagado. No aparelho, por\u00e9m, permaneceram registros de consultas a reportagens sobre o caso, indicando, segundo a magistrada, que Larissa acompanhava a repercuss\u00e3o do epis\u00f3dio.<\/p>\n<p>Para a ju\u00edza, esses fatos indicam uma tentativa de dificultar a responsabiliza\u00e7\u00e3o criminal e justificam a manuten\u00e7\u00e3o da pris\u00e3o preventiva. Ela tamb\u00e9m considerou que medidas alternativas \u00e0 pris\u00e3o n\u00e3o seriam suficientes, principalmente diante da fuga e do uso de identidade de outra pessoa.<\/p>\n<p>Na decis\u00e3o, a magistrada ainda destacou a possibilidade de uma pena elevada caso Larissa seja condenada pelo crime de homic\u00eddio qualificado. Ao final, indeferiu o pedido de liberdade provis\u00f3ria e manteve a pris\u00e3o preventiva da r\u00e9.<\/p>\n<p>A ju\u00edza deu prazo de cinco dias ao MP para apresentar, por escrito, suas considera\u00e7\u00f5es finais. Em seguida, a defesa ter\u00e1 outros cinco dias para apresentar suas alega\u00e7\u00f5es. Em nota, a advogada J\u00e9ssica Noz\u00e9, respons\u00e1vel pela defesa de Larissa, informou que ir\u00e1 pedir a absolvi\u00e7\u00e3o e a impron\u00fancia de sua cliente.<\/p>\n<div style=\"background-color: #f4f4f5; border: 1px solid #d4d4d8; padding: 15px; margin: 20px 0; border-radius: 6px; font-family: sans-serif; line-height: 1.5;\">\n    <span style=\"color: #27272a;\">Inscreva-se em nosso Canal no Whatsapp e fique por dentro de tudo que acontece na regi\u00e3o. <\/span><br \/>\n    <a href=\"https:\/\/whatsapp.com\/channel\/0029VanuE2o7z4kYjo0XVS3u\" target=\"_blank\" rel=\"noopener noreferrer\" style=\"color: #16a34a; font-weight: bold; text-decoration: underline;\">Clique Aqui!<\/a>\n<\/div>\n<\/div>\n<p><script async src=\"\/\/platform.twitter.com\/widgets.js\" charset=\"utf-8\"><\/script><br \/>\n<br \/><br \/>\n<br \/><a href=\"https:\/\/www.tribunaribeirao.com.br\/caso-acai-com-chumbinho-justica-nega-liberdade-para-larissa\/\">Texto original daqui <\/a><\/p>\n<!-- CONTENT END 1 -->\n","protected":false},"excerpt":{"rendered":"<p>&#13; Liberdade provis\u00f3ria foi negada e magistrada estabeleceu prazo de cinco dias para MP e defesa apresentarem suas alega\u00e7\u00f5es finais &#13; &#13; 3 de setembro&#8230;<\/p>\n","protected":false},"author":1,"featured_media":91059,"comment_status":"","ping_status":"","sticky":false,"template":"","format":"standard","meta":{"advanced_seo_description":"","jetpack_seo_html_title":"","jetpack_seo_noindex":false,"jetpack_seo_schema_type":"","_jetpack_newsletter_access":"","_jetpack_dont_email_post_to_subs":false,"_jetpack_newsletter_tier_id":0,"_jetpack_memberships_contains_paywalled_content":false,"_jetpack_feature_clip_id":0,"_jetpack_memberships_contains_paid_content":false,"footnotes":"","jetpack_publicize_message":"","jetpack_publicize_feature_enabled":true,"jetpack_social_post_already_shared":true,"jetpack_social_options":{"image_generator_settings":{"template":"highway","default_image_id":0,"font":"","enabled":false},"version":2},"jetpack_post_was_ever_published":false},"categories":[11],"tags":[7429,3778,7428,988,8754,5150,1873,71],"class_list":["post-91058","post","type-post","status-publish","format-standard","has-post-thumbnail","hentry","category-noticias-de-ribeirao-preto-sp-e-regiao-ismael-colosi","tag-acai","tag-caso","tag-chumbinho","tag-justica","tag-larissa","tag-liberdade","tag-nega","tag-para"],"jetpack_publicize_connections":[],"jetpack-related-posts":[{"id":90981,"url":"https:\/\/noticiasribeiraopreto.com.br\/index.php\/2026\/09\/02\/acai-com-chumbinho-larissa-pode-responder-em-liberdade\/","url_meta":{"origin":91058,"position":0},"title":"A\u00e7a\u00ed com chumbinho: Larissa pode responder em liberdade","author":"noticiasribeiraopreto.com.br","date":"2 de September de 2026","format":false,"excerpt":"| Por: Adalberto Luque | Foi realizada na tarde desta ter\u00e7a-feira (1\u00ba), no F\u00f3rum de Ribeir\u00e3o Preto, a audi\u00eancia de instru\u00e7\u00e3o e julgamento de Larissa Batista de Sousa, acusada de tentar matar o namorado, Adenilson Ferreira Parente, com um copo de a\u00e7a\u00ed envenenado com chumbinho. O caso ocorreu em fevereiro\u2026","rel":"","context":"In &quot;Not\u00edcias de Ribeir\u00e3o Preto-SP e Regi\u00e3o&quot;","block_context":{"text":"Not\u00edcias de Ribeir\u00e3o Preto-SP e Regi\u00e3o","link":"https:\/\/noticiasribeiraopreto.com.br\/index.php\/category\/noticias-de-ribeirao-preto-sp-e-regiao-ismael-colosi\/"},"img":{"alt_text":"","src":"https:\/\/i0.wp.com\/noticiasribeiraopreto.com.br\/wp-content\/uploads\/2026\/09\/15-abr-2026-acaicomchumbinho4-scaled.jpg?fit=1170%2C780&ssl=1&resize=350%2C200","width":350,"height":200,"srcset":"https:\/\/i0.wp.com\/noticiasribeiraopreto.com.br\/wp-content\/uploads\/2026\/09\/15-abr-2026-acaicomchumbinho4-scaled.jpg?fit=1170%2C780&ssl=1&resize=350%2C200 1x, https:\/\/i0.wp.com\/noticiasribeiraopreto.com.br\/wp-content\/uploads\/2026\/09\/15-abr-2026-acaicomchumbinho4-scaled.jpg?fit=1170%2C780&ssl=1&resize=525%2C300 1.5x, https:\/\/i0.wp.com\/noticiasribeiraopreto.com.br\/wp-content\/uploads\/2026\/09\/15-abr-2026-acaicomchumbinho4-scaled.jpg?fit=1170%2C780&ssl=1&resize=700%2C400 2x, https:\/\/i0.wp.com\/noticiasribeiraopreto.com.br\/wp-content\/uploads\/2026\/09\/15-abr-2026-acaicomchumbinho4-scaled.jpg?fit=1170%2C780&ssl=1&resize=1050%2C600 3x"},"classes":[]},{"id":90963,"url":"https:\/\/noticiasribeiraopreto.com.br\/index.php\/2026\/09\/02\/justica-ouve-testemunhas-em-caso-de-acai-envenenado-em-ribeirao-preto\/","url_meta":{"origin":91058,"position":1},"title":"Justi\u00e7a ouve testemunhas em caso de a\u00e7a\u00ed envenenado em Ribeir\u00e3o Preto","author":"noticiasribeiraopreto.com.br","date":"2 de September de 2026","format":false,"excerpt":"A Justi\u00e7a deu in\u00edcio nesta ter\u00e7a-feira (1\u00ba) as audi\u00eancias de instru\u00e7\u00e3o do processo contra Larissa de Souza Batista, acusada pelo Minist\u00e9rio P\u00fablico de tentar matar o namorado, Adenilson Ferreira Parente, ap\u00f3s ele passar mal ao consumir um a\u00e7a\u00ed com chumbinho em Ribeir\u00e3o Preto. De acordo com as informa\u00e7\u00f5es da EPTV,\u2026","rel":"","context":"In &quot;Not\u00edcias de Ribeir\u00e3o Preto-SP e Regi\u00e3o&quot;","block_context":{"text":"Not\u00edcias de Ribeir\u00e3o Preto-SP e Regi\u00e3o","link":"https:\/\/noticiasribeiraopreto.com.br\/index.php\/category\/noticias-de-ribeirao-preto-sp-e-regiao-ismael-colosi\/"},"img":{"alt_text":"","src":"https:\/\/i0.wp.com\/noticiasribeiraopreto.com.br\/wp-content\/uploads\/2026\/09\/acai-envenenado-ribeirao-preto-1.jpg?fit=1200%2C675&ssl=1&resize=350%2C200","width":350,"height":200,"srcset":"https:\/\/i0.wp.com\/noticiasribeiraopreto.com.br\/wp-content\/uploads\/2026\/09\/acai-envenenado-ribeirao-preto-1.jpg?fit=1200%2C675&ssl=1&resize=350%2C200 1x, https:\/\/i0.wp.com\/noticiasribeiraopreto.com.br\/wp-content\/uploads\/2026\/09\/acai-envenenado-ribeirao-preto-1.jpg?fit=1200%2C675&ssl=1&resize=525%2C300 1.5x, https:\/\/i0.wp.com\/noticiasribeiraopreto.com.br\/wp-content\/uploads\/2026\/09\/acai-envenenado-ribeirao-preto-1.jpg?fit=1200%2C675&ssl=1&resize=700%2C400 2x, https:\/\/i0.wp.com\/noticiasribeiraopreto.com.br\/wp-content\/uploads\/2026\/09\/acai-envenenado-ribeirao-preto-1.jpg?fit=1200%2C675&ssl=1&resize=1050%2C600 3x"},"classes":[]},{"id":83689,"url":"https:\/\/noticiasribeiraopreto.com.br\/index.php\/2026\/03\/23\/acai-com-chumbinho-policia-civil-indicia-namorada-por-tentativa-de-homicidio\/","url_meta":{"origin":91058,"position":2},"title":"A\u00e7a\u00ed com chumbinho: Pol\u00edcia Civil indicia namorada por tentativa de homic\u00eddio","author":"noticiasribeiraopreto.com.br","date":"23 de March de 2026","format":false,"excerpt":"A Pol\u00edcia Civil concluiu nesta segunda-feira (23) o inqu\u00e9rito sobre o envenenamento de Adenilson Ferreira Parente, de 27 anos, ap\u00f3s o consumo de a\u00e7a\u00ed em Ribeir\u00e3o Preto. O caso resultou no indiciamento de Larissa de Souza, namorada da v\u00edtima, por tentativa de homic\u00eddio qualificado por envenenamento. Foto: Redes sociais Segundo\u2026","rel":"","context":"In &quot;Not\u00edcias de Ribeir\u00e3o Preto-SP e Regi\u00e3o&quot;","block_context":{"text":"Not\u00edcias de Ribeir\u00e3o Preto-SP e Regi\u00e3o","link":"https:\/\/noticiasribeiraopreto.com.br\/index.php\/category\/noticias-de-ribeirao-preto-sp-e-regiao-ismael-colosi\/"},"img":{"alt_text":"","src":"https:\/\/i0.wp.com\/noticiasribeiraopreto.com.br\/wp-content\/uploads\/2026\/03\/palace-90_2026-03-23_20-19-01.webp.webp?fit=1200%2C675&ssl=1&resize=350%2C200","width":350,"height":200,"srcset":"https:\/\/i0.wp.com\/noticiasribeiraopreto.com.br\/wp-content\/uploads\/2026\/03\/palace-90_2026-03-23_20-19-01.webp.webp?fit=1200%2C675&ssl=1&resize=350%2C200 1x, https:\/\/i0.wp.com\/noticiasribeiraopreto.com.br\/wp-content\/uploads\/2026\/03\/palace-90_2026-03-23_20-19-01.webp.webp?fit=1200%2C675&ssl=1&resize=525%2C300 1.5x, https:\/\/i0.wp.com\/noticiasribeiraopreto.com.br\/wp-content\/uploads\/2026\/03\/palace-90_2026-03-23_20-19-01.webp.webp?fit=1200%2C675&ssl=1&resize=700%2C400 2x, https:\/\/i0.wp.com\/noticiasribeiraopreto.com.br\/wp-content\/uploads\/2026\/03\/palace-90_2026-03-23_20-19-01.webp.webp?fit=1200%2C675&ssl=1&resize=1050%2C600 3x"},"classes":[]},{"id":84743,"url":"https:\/\/noticiasribeiraopreto.com.br\/index.php\/2026\/04\/15\/caso-acai-com-chumbinho-larissa-e-presa\/","url_meta":{"origin":91058,"position":3},"title":"Caso A\u00e7a\u00ed com Chumbinho: Larissa \u00e9 presa","author":"noticiasribeiraopreto.com.br","date":"15 de April de 2026","format":false,"excerpt":"| Por: Adalberto Luque | A principal suspeita da tentativa de homic\u00eddio contra Adenilson Ferreira Parente, de 27 anos, foi presa na manh\u00e3 desta quarta-feira (15). Larissa Batista de Sousa, de 26 anos, foi presa pela equipe da Delegacia de Homic\u00eddios da Divis\u00e3o Especializada de Investiga\u00e7\u00f5es Criminais (DEIC). O mandado\u2026","rel":"","context":"In &quot;Not\u00edcias de Ribeir\u00e3o Preto-SP e Regi\u00e3o&quot;","block_context":{"text":"Not\u00edcias de Ribeir\u00e3o Preto-SP e Regi\u00e3o","link":"https:\/\/noticiasribeiraopreto.com.br\/index.php\/category\/noticias-de-ribeirao-preto-sp-e-regiao-ismael-colosi\/"},"img":{"alt_text":"","src":"https:\/\/i0.wp.com\/noticiasribeiraopreto.com.br\/wp-content\/uploads\/2026\/04\/14-mar-2026-acaichumbinho3.jpg?fit=1200%2C773&ssl=1&resize=350%2C200","width":350,"height":200,"srcset":"https:\/\/i0.wp.com\/noticiasribeiraopreto.com.br\/wp-content\/uploads\/2026\/04\/14-mar-2026-acaichumbinho3.jpg?fit=1200%2C773&ssl=1&resize=350%2C200 1x, https:\/\/i0.wp.com\/noticiasribeiraopreto.com.br\/wp-content\/uploads\/2026\/04\/14-mar-2026-acaichumbinho3.jpg?fit=1200%2C773&ssl=1&resize=525%2C300 1.5x, https:\/\/i0.wp.com\/noticiasribeiraopreto.com.br\/wp-content\/uploads\/2026\/04\/14-mar-2026-acaichumbinho3.jpg?fit=1200%2C773&ssl=1&resize=700%2C400 2x, https:\/\/i0.wp.com\/noticiasribeiraopreto.com.br\/wp-content\/uploads\/2026\/04\/14-mar-2026-acaichumbinho3.jpg?fit=1200%2C773&ssl=1&resize=1050%2C600 3x"},"classes":[]},{"id":69891,"url":"https:\/\/noticiasribeiraopreto.com.br\/index.php\/2025\/05\/10\/caso-larissa-justica-nega-pedido-de-liberdade-para-o-medico-luiz-antonio-garnica\/","url_meta":{"origin":91058,"position":4},"title":"Caso Larissa: Justi\u00e7a nega pedido de liberdade para o m\u00e9dico Luiz Ant\u00f4nio Garnica","author":"noticiasribeiraopreto.com.br","date":"10 de May de 2025","format":false,"excerpt":"O desembargador Lu\u00eds Augusto de Sampaio Arruda negou o pedido de liminar de habeas corpus para liberdade do m\u00e9dico Luiz Ant\u00f4nio Garnica, suspeito de envolvimento na morte da professora Larissa Talle Le\u00f4ncio Rodrigues. A decis\u00e3o foi publicada na noite de sexta-feira (9). A professora foi encontrada sem vida no dia\u2026","rel":"","context":"In &quot;Not\u00edcias de Ribeir\u00e3o Preto-SP e Regi\u00e3o&quot;","block_context":{"text":"Not\u00edcias de Ribeir\u00e3o Preto-SP e Regi\u00e3o","link":"https:\/\/noticiasribeiraopreto.com.br\/index.php\/category\/noticias-de-ribeirao-preto-sp-e-regiao-ismael-colosi\/"},"img":{"alt_text":"","src":"https:\/\/i0.wp.com\/noticiasribeiraopreto.com.br\/wp-content\/uploads\/2025\/05\/luiz-antonio-garnica_2025-05-10_13-05-28.webp.webp?fit=1200%2C666&ssl=1&resize=350%2C200","width":350,"height":200,"srcset":"https:\/\/i0.wp.com\/noticiasribeiraopreto.com.br\/wp-content\/uploads\/2025\/05\/luiz-antonio-garnica_2025-05-10_13-05-28.webp.webp?fit=1200%2C666&ssl=1&resize=350%2C200 1x, https:\/\/i0.wp.com\/noticiasribeiraopreto.com.br\/wp-content\/uploads\/2025\/05\/luiz-antonio-garnica_2025-05-10_13-05-28.webp.webp?fit=1200%2C666&ssl=1&resize=525%2C300 1.5x, https:\/\/i0.wp.com\/noticiasribeiraopreto.com.br\/wp-content\/uploads\/2025\/05\/luiz-antonio-garnica_2025-05-10_13-05-28.webp.webp?fit=1200%2C666&ssl=1&resize=700%2C400 2x, https:\/\/i0.wp.com\/noticiasribeiraopreto.com.br\/wp-content\/uploads\/2025\/05\/luiz-antonio-garnica_2025-05-10_13-05-28.webp.webp?fit=1200%2C666&ssl=1&resize=1050%2C600 3x"},"classes":[]},{"id":70893,"url":"https:\/\/noticiasribeiraopreto.com.br\/index.php\/2025\/05\/30\/caso-larissa-justica-nega-prisao-domiciliar-a-sogra-suspeita-de-matar-professora\/","url_meta":{"origin":91058,"position":5},"title":"Caso Larissa: Justi\u00e7a nega pris\u00e3o domiciliar \u00e0 sogra suspeita de matar professora","author":"noticiasribeiraopreto.com.br","date":"30 de May de 2025","format":false,"excerpt":"A Justi\u00e7a negou, no final da tarde desta sexta-feira (30), o pedido de pris\u00e3o domiciliar feito pela defesa de Elizabete Arraba\u00e7a, sogra de Larissa Rodrigues, professora de pilates morta por envenenamento. O juiz da 2\u00aa Vara do Tribunal do J\u00fari negou o pedido ao considerar que a requerente n\u00e3o preenche\u2026","rel":"","context":"In &quot;Not\u00edcias de Ribeir\u00e3o Preto-SP e Regi\u00e3o&quot;","block_context":{"text":"Not\u00edcias de Ribeir\u00e3o Preto-SP e Regi\u00e3o","link":"https:\/\/noticiasribeiraopreto.com.br\/index.php\/category\/noticias-de-ribeirao-preto-sp-e-regiao-ismael-colosi\/"},"img":{"alt_text":"","src":"https:\/\/i0.wp.com\/noticiasribeiraopreto.com.br\/wp-content\/uploads\/2025\/05\/WhatsApp-Image-2025-05-07-at-08.08.58_2025-05-07_11-09-16.webp.webp?fit=1200%2C675&ssl=1&resize=350%2C200","width":350,"height":200,"srcset":"https:\/\/i0.wp.com\/noticiasribeiraopreto.com.br\/wp-content\/uploads\/2025\/05\/WhatsApp-Image-2025-05-07-at-08.08.58_2025-05-07_11-09-16.webp.webp?fit=1200%2C675&ssl=1&resize=350%2C200 1x, https:\/\/i0.wp.com\/noticiasribeiraopreto.com.br\/wp-content\/uploads\/2025\/05\/WhatsApp-Image-2025-05-07-at-08.08.58_2025-05-07_11-09-16.webp.webp?fit=1200%2C675&ssl=1&resize=525%2C300 1.5x, https:\/\/i0.wp.com\/noticiasribeiraopreto.com.br\/wp-content\/uploads\/2025\/05\/WhatsApp-Image-2025-05-07-at-08.08.58_2025-05-07_11-09-16.webp.webp?fit=1200%2C675&ssl=1&resize=700%2C400 2x, https:\/\/i0.wp.com\/noticiasribeiraopreto.com.br\/wp-content\/uploads\/2025\/05\/WhatsApp-Image-2025-05-07-at-08.08.58_2025-05-07_11-09-16.webp.webp?fit=1200%2C675&ssl=1&resize=1050%2C600 3x"},"classes":[]}],"jetpack_sharing_enabled":true,"jetpack_shortlink":"https:\/\/wp.me\/peQAOb-nGG","jetpack_featured_media_url":"https:\/\/i0.wp.com\/noticiasribeiraopreto.com.br\/wp-content\/uploads\/2026\/09\/1788470878_15-abr-2026-acaicomchumbinho4-scaled.jpg?fit=1170%2C780&ssl=1","_links":{"self":[{"href":"https:\/\/noticiasribeiraopreto.com.br\/index.php\/wp-json\/wp\/v2\/posts\/91058","targetHints":{"allow":["GET"]}}],"collection":[{"href":"https:\/\/noticiasribeiraopreto.com.br\/index.php\/wp-json\/wp\/v2\/posts"}],"about":[{"href":"https:\/\/noticiasribeiraopreto.com.br\/index.php\/wp-json\/wp\/v2\/types\/post"}],"author":[{"embeddable":true,"href":"https:\/\/noticiasribeiraopreto.com.br\/index.php\/wp-json\/wp\/v2\/users\/1"}],"replies":[{"embeddable":true,"href":"https:\/\/noticiasribeiraopreto.com.br\/index.php\/wp-json\/wp\/v2\/comments?post=91058"}],"version-history":[{"count":0,"href":"https:\/\/noticiasribeiraopreto.com.br\/index.php\/wp-json\/wp\/v2\/posts\/91058\/revisions"}],"wp:featuredmedia":[{"embeddable":true,"href":"https:\/\/noticiasribeiraopreto.com.br\/index.php\/wp-json\/wp\/v2\/media\/91059"}],"wp:attachment":[{"href":"https:\/\/noticiasribeiraopreto.com.br\/index.php\/wp-json\/wp\/v2\/media?parent=91058"}],"wp:term":[{"taxonomy":"category","embeddable":true,"href":"https:\/\/noticiasribeiraopreto.com.br\/index.php\/wp-json\/wp\/v2\/categories?post=91058"},{"taxonomy":"post_tag","embeddable":true,"href":"https:\/\/noticiasribeiraopreto.com.br\/index.php\/wp-json\/wp\/v2\/tags?post=91058"}],"curies":[{"name":"wp","href":"https:\/\/api.w.org\/{rel}","templated":true}]}}