{"id":91060,"date":"2026-09-03T19:19:57","date_gmt":"2026-09-03T22:19:57","guid":{"rendered":"https:\/\/noticiasribeiraopreto.com.br\/index.php\/2026\/09\/03\/pesquisa-datafolha-lula-tem-38-e-flavio-bolsonaro-33-no-1o-turno-cury-chega-a-8\/"},"modified":"2026-09-03T19:19:57","modified_gmt":"2026-09-03T22:19:57","slug":"pesquisa-datafolha-lula-tem-38-e-flavio-bolsonaro-33-no-1o-turno-cury-chega-a-8","status":"publish","type":"post","link":"https:\/\/noticiasribeiraopreto.com.br\/index.php\/2026\/09\/03\/pesquisa-datafolha-lula-tem-38-e-flavio-bolsonaro-33-no-1o-turno-cury-chega-a-8\/","title":{"rendered":"Pesquisa Datafolha: Lula tem 38% e Fl\u00e1vio Bolsonaro 33% no 1\u00ba turno; Cury chega a 8%"},"content":{"rendered":"<div class='code-block code-block-1' style='margin: 8px 0 8px auto; text-align: right; display: block; clear: both;'>\n<p><a href=\"https:\/\/wa.link\/vpicfd\"><img data-recalc-dims=\"1\" class=\"wp-image-4922\" style=\"aspect-ratio: 2.0253164556962027; width: 561px; height: auto;\" src=\"https:\/\/i0.wp.com\/ismaelcolosi.com.br\/wp-content\/uploads\/2023\/11\/grupo-de-empregos-whatsapp-e-facebook-ismael-colosi-vagas.jpg?ssl=1\" alt=\"\" \/><\/a><\/p>\n<!-- \/wp:image -->\n<\/div>\n<p> <br \/>\n<\/p>\n<p>Uma nova pesquisa Datafolha divulgada nesta quinta-feira (3) mostra o<strong> presidente Lula (PT)<\/strong> na lideran\u00e7a da corrida presidencial, com <strong>38% das inten\u00e7\u00f5es de voto no primeiro turno. Fl\u00e1vio Bolsonaro (PL) <\/strong>aparece em <strong>segundo lugar<\/strong>, com <strong>33%.<\/strong><\/p>\n<p>O destaque do levantamento \u00e9 a ascens\u00e3o de<strong> Augusto Cury (Avante)<\/strong>, que subiu seis pontos em rela\u00e7\u00e3o \u00e0 pesquisa anterior e isolou-se no terceiro lugar, agora com<strong> 8%<\/strong>. Em seguida v\u00eam <strong>Ronaldo Caiado (PSD)<\/strong>, com<strong> 4%<\/strong>; <strong>Renan Santos (Miss\u00e3o)<\/strong>, com <strong>3%<\/strong>; <strong>Romeu Zema (Novo)<\/strong>, com <strong>2%<\/strong>; e<strong> Samara (UP)<\/strong> e <strong>Edmilson Costa (PCB)<\/strong>, com <strong>1%<\/strong> cada. Os demais candidatos n\u00e3o pontuaram.<\/p>\n<h2 class=\"wp-block-heading\">Segundo turno tem empate t\u00e9cnico<\/h2>\n<p>Em um eventual segundo turno entre Lula e Fl\u00e1vio Bolsonaro, o presidente aparece \u00e0 frente por 46% a 44% \u2014 uma diferen\u00e7a dentro da margem de erro, configurando um empate t\u00e9cnico.<\/p>\n<p class=\"has-text-align-center\"><em>Receba not\u00edcias do\u00a0<strong>acidade on Ribeir\u00e3o\u00a0<\/strong>no WhatsApp e fique por dentro de tudo! Basta acessar o link<a href=\"https:\/\/chat.whatsapp.com\/DfXwcjKVIddHUT3BvnQuPZ?mode=hqctshi\" target=\"_blank\" rel=\"noreferrer noopener\">\u00a0aqui<\/a>!<\/em><\/p>\n<h2 class=\"wp-block-heading\">Compara\u00e7\u00e3o com pesquisa anterior<\/h2>\n<p>Na rodada anterior, feita h\u00e1 duas semanas, Lula tinha 39% e Fl\u00e1vio Bolsonaro, 33%. Caiado marcava 5%, Renan Santos, 4%, Zema, 3%, e Cury, apenas 2% \u2014 o que refor\u00e7a o salto do candidato do Avante nesta nova pesquisa.<\/p>\n<p>Nos cen\u00e1rios de segundo turno simulados naquele levantamento anterior, Lula venceria Caiado por 47% a 40%, o candidato do Novo por 48% a 38%, e o do Miss\u00e3o por 47% a 37%.<\/p>\n<figure class=\"wp-block-gallery has-nested-images columns-default is-cropped wp-block-gallery-1 is-layout-flex wp-block-gallery-is-layout-flex\">\n<figure class=\"wp-block-image size-large\"><figcaption class=\"wp-element-caption\">Lula (Foto: Ricardo Stuckert)<\/figcaption><\/figure>\n<figure class=\"wp-block-image size-large\"><img data-recalc-dims=\"1\" loading=\"lazy\" decoding=\"async\" width=\"1024\" height=\"683\" data-id=\"173037\" src=\"https:\/\/i0.wp.com\/www.acidadeon.com\/ribeiraopreto\/wp-content\/uploads\/sites\/3\/2026\/08\/flavio-bolsonaro-1024x683.jpg?resize=1024%2C683&#038;ssl=1\" alt=\"flavio bolsonaro\" class=\"wp-image-173037\" title=\"Pesquisa Datafolha: Lula tem 38% e Fl\u00e1vio Bolsonaro 33% no 1\u00ba turno; Cury chega a 8% 2\"><figcaption class=\"wp-element-caption\">Fl\u00e1vio Bolsonaro (Foto: Geraldo Magela\/Ag\u00eancia Senado)<\/figcaption><\/figure>\n<figure class=\"wp-block-image size-large\"><img data-recalc-dims=\"1\" loading=\"lazy\" decoding=\"async\" width=\"1024\" height=\"768\" data-id=\"153984\" src=\"https:\/\/i0.wp.com\/www.acidadeon.com\/ribeiraopreto\/wp-content\/uploads\/sites\/3\/2026\/04\/WhatsApp-Image-2026-04-29-at-11.40.08_2026-04-29_15-48-38-1024x768.webp?resize=1024%2C768&#038;ssl=1\" alt=\"Ronaldo Caiado\" class=\"wp-image-153984\" title=\"Pesquisa Datafolha: Lula tem 38% e Fl\u00e1vio Bolsonaro 33% no 1\u00ba turno; Cury chega a 8% 3\"><figcaption class=\"wp-element-caption\">Ronaldo Caiado (PSD) \u2013 Foto: Ricardo Canaveze<\/figcaption><\/figure>\n<figure class=\"wp-block-image size-large\"><img data-recalc-dims=\"1\" loading=\"lazy\" decoding=\"async\" width=\"1024\" height=\"777\" data-id=\"147997\" src=\"https:\/\/i0.wp.com\/www.acidadeon.com\/ribeiraopreto\/wp-content\/uploads\/sites\/3\/2026\/03\/augusto-cury_2026-03-06_18-49-30-1024x777.webp?resize=1024%2C777&#038;ssl=1\" alt=\"Escritor Augusto Cury espera discutir poss\u00edvel pr\u00e9-candidatura com partidos (Foto: reprodu\u00e7\u00e3o\/Instagram)\" class=\"wp-image-147997\" title=\"Pesquisa Datafolha: Lula tem 38% e Fl\u00e1vio Bolsonaro 33% no 1\u00ba turno; Cury chega a 8% 4\"><figcaption class=\"wp-element-caption\">Escritor Augusto Cury (Foto: reprodu\u00e7\u00e3o\/Instagram)<\/figcaption><\/figure>\n<figure class=\"wp-block-image size-large\"><img data-recalc-dims=\"1\" loading=\"lazy\" decoding=\"async\" width=\"1024\" height=\"541\" data-id=\"150008\" src=\"https:\/\/i0.wp.com\/www.acidadeon.com\/ribeiraopreto\/wp-content\/uploads\/sites\/3\/2026\/03\/zema_2026-03-25_20-42-42-1024x541.webp?resize=1024%2C541&#038;ssl=1\" alt=\"pesquisa\" class=\"wp-image-150008\" title=\"Pesquisa Datafolha: Lula tem 38% e Fl\u00e1vio Bolsonaro 33% no 1\u00ba turno; Cury chega a 8% 5\"><figcaption class=\"wp-element-caption\">Romeu Zema (Foto: reprodu\u00e7\u00e3o\/EPTV)<\/figcaption><\/figure>\n<figure class=\"wp-block-image size-large\"><img data-recalc-dims=\"1\" loading=\"lazy\" decoding=\"async\" width=\"1024\" height=\"576\" data-id=\"173170\" src=\"https:\/\/i0.wp.com\/www.acidadeon.com\/ribeiraopreto\/wp-content\/uploads\/sites\/3\/2026\/09\/eleicoes-2026-pesquisas-1-1024x576.jpg?resize=1024%2C576&#038;ssl=1\" alt=\"Renan Santos (Miss\u00e3o), candidato a presidente do Brasil - Foto: S\u00e9rgio Lima\/Novo Selo\" class=\"wp-image-173170\" title=\"Pesquisa Datafolha: Lula tem 38% e Fl\u00e1vio Bolsonaro 33% no 1\u00ba turno; Cury chega a 8% 6\"><figcaption class=\"wp-element-caption\">Renan Santos (Miss\u00e3o) \u2013 Foto: S\u00e9rgio Lima\/Novo Selo<\/figcaption><\/figure>\n<\/figure>\n<h2 class=\"wp-block-heading\">Ficha t\u00e9cnica<\/h2>\n<p>A pesquisa Datafolha ouviu 2.002 eleitores em 125 cidades brasileiras, nos dias 1\u00ba e 2 de setembro. A margem de erro \u00e9 de dois pontos percentuais, para mais ou para menos. O levantamento foi contratado pela TV Globo e pela Folha de S.Paulo e est\u00e1 registrado no TSE sob o c\u00f3digo BR-03669\/2026.<\/p>\n<p><em>Com informa\u00e7\u00f5es do Datafolha e da Folha de S.Paulo.<\/em><\/p>\n<hr class=\"wp-block-separator has-alpha-channel-opacity\">\n<p><em>Fa\u00e7a uma den\u00fancia ou sugira uma reportagem sobre\u00a0<strong>Ribeir\u00e3o Preto\u00a0<\/strong>e regi\u00e3o por meio do WhatsApp do\u00a0<strong>acidade on Ribeir\u00e3o<\/strong>: (16) 99117-7802.<\/em><\/p>\n<p>O post Pesquisa Datafolha: Lula tem 38% e Fl\u00e1vio Bolsonaro 33% no 1\u00ba turno; Cury chega a 8% apareceu primeiro em ACidade ON Ribeir\u00e3o Preto.<\/p>\n<p><br \/>\n<br \/><a href=\"https:\/\/www.acidadeon.com\/ribeiraopreto\/politica\/eleicoes\/pesquisa-datafolha-lula-tem-38-e-flavio-bolsonaro-33-no-1o-turno-cury-chega-a-8\/\">Link para o texto original aqui <\/a><\/p>\n<!-- CONTENT END 1 -->\n","protected":false},"excerpt":{"rendered":"<p>Uma nova pesquisa Datafolha divulgada nesta quinta-feira (3) mostra o presidente Lula (PT) na lideran\u00e7a da corrida presidencial, com 38% das inten\u00e7\u00f5es de voto no&#8230;<\/p>\n","protected":false},"author":1,"featured_media":91061,"comment_status":"","ping_status":"","sticky":false,"template":"","format":"standard","meta":{"advanced_seo_description":"","jetpack_seo_html_title":"","jetpack_seo_noindex":false,"jetpack_seo_schema_type":"","_jetpack_newsletter_access":"","_jetpack_dont_email_post_to_subs":false,"_jetpack_newsletter_tier_id":0,"_jetpack_memberships_contains_paywalled_content":false,"_jetpack_feature_clip_id":0,"_jetpack_memberships_contains_paid_content":false,"footnotes":"","jetpack_publicize_message":"","jetpack_publicize_feature_enabled":true,"jetpack_social_post_already_shared":true,"jetpack_social_options":{"image_generator_settings":{"template":"highway","default_image_id":0,"font":"","enabled":false},"version":2},"jetpack_post_was_ever_published":false},"categories":[11],"tags":[2185,3964,531,1933,7571,890,750,99,162,4487],"class_list":["post-91060","post","type-post","status-publish","format-standard","has-post-thumbnail","hentry","category-noticias-de-ribeirao-preto-sp-e-regiao-ismael-colosi","tag-1o","tag-bolsonaro","tag-chega","tag-cury","tag-datafolha","tag-flavio","tag-lula","tag-pesquisa","tag-tem","tag-turno"],"jetpack_publicize_connections":[],"jetpack-related-posts":[{"id":90866,"url":"https:\/\/noticiasribeiraopreto.com.br\/index.php\/2026\/09\/01\/pesquisas-para-presidente-lula-e-bolsonaro-lideram-e-cury-chama-atencao\/","url_meta":{"origin":91060,"position":0},"title":"Pesquisas para presidente: Lula e Bolsonaro lideram, e Cury chama aten\u00e7\u00e3o","author":"noticiasribeiraopreto.com.br","date":"1 de September de 2026","format":false,"excerpt":"A pesquisa Real Time Big Data, divulgada nesta ter\u00e7a-feira (1\u00ba), mostra Luiz In\u00e1cio Lula da Silva (PT) na lideran\u00e7a da disputa pela Presid\u00eancia da Rep\u00fablica no primeiro turno. O presidente aparece com 38% das inten\u00e7\u00f5es de voto, seguido por Fl\u00e1vio Bolsonaro (PL), com 30%, e Augusto Cury (Avante), com 11%.\u2026","rel":"","context":"In &quot;Not\u00edcias de Ribeir\u00e3o Preto-SP e Regi\u00e3o&quot;","block_context":{"text":"Not\u00edcias de Ribeir\u00e3o Preto-SP e Regi\u00e3o","link":"https:\/\/noticiasribeiraopreto.com.br\/index.php\/category\/noticias-de-ribeirao-preto-sp-e-regiao-ismael-colosi\/"},"img":{"alt_text":"","src":"https:\/\/i0.wp.com\/noticiasribeiraopreto.com.br\/wp-content\/uploads\/2026\/09\/lula-bolsonaro-cury-eleicoes-2026.jpg?fit=1200%2C675&ssl=1&resize=350%2C200","width":350,"height":200,"srcset":"https:\/\/i0.wp.com\/noticiasribeiraopreto.com.br\/wp-content\/uploads\/2026\/09\/lula-bolsonaro-cury-eleicoes-2026.jpg?fit=1200%2C675&ssl=1&resize=350%2C200 1x, https:\/\/i0.wp.com\/noticiasribeiraopreto.com.br\/wp-content\/uploads\/2026\/09\/lula-bolsonaro-cury-eleicoes-2026.jpg?fit=1200%2C675&ssl=1&resize=525%2C300 1.5x, https:\/\/i0.wp.com\/noticiasribeiraopreto.com.br\/wp-content\/uploads\/2026\/09\/lula-bolsonaro-cury-eleicoes-2026.jpg?fit=1200%2C675&ssl=1&resize=700%2C400 2x, https:\/\/i0.wp.com\/noticiasribeiraopreto.com.br\/wp-content\/uploads\/2026\/09\/lula-bolsonaro-cury-eleicoes-2026.jpg?fit=1200%2C675&ssl=1&resize=1050%2C600 3x"},"classes":[]},{"id":90807,"url":"https:\/\/noticiasribeiraopreto.com.br\/index.php\/2026\/08\/31\/pesquisas-para-presidente-lula-e-flavio-lideram-e-novo-nome-assume-o-3o-lugar\/","url_meta":{"origin":91060,"position":1},"title":"Pesquisas para presidente: Lula e Fl\u00e1vio lideram e novo nome assume o 3\u00ba lugar","author":"noticiasribeiraopreto.com.br","date":"31 de August de 2026","format":false,"excerpt":"Duas pesquisas eleitorais para a disputa da Presid\u00eancia da Rep\u00fablica nas Elei\u00e7\u00f5es 2026 foram divulgadas nesta segunda-feira (31). Segundo os levantamentos da Atlas\/Bloomberg e da BTG\/Nexus, o escritor Augusto Cury (Avante) aparece na terceira coloca\u00e7\u00e3o das pesquisas, que seguem lideradas por Luiz In\u00e1cio Lula da Silva (PT) e Fl\u00e1vio Bolsonaro\u2026","rel":"","context":"In &quot;Not\u00edcias de Ribeir\u00e3o Preto-SP e Regi\u00e3o&quot;","block_context":{"text":"Not\u00edcias de Ribeir\u00e3o Preto-SP e Regi\u00e3o","link":"https:\/\/noticiasribeiraopreto.com.br\/index.php\/category\/noticias-de-ribeirao-preto-sp-e-regiao-ismael-colosi\/"},"img":{"alt_text":"","src":"https:\/\/i0.wp.com\/noticiasribeiraopreto.com.br\/wp-content\/uploads\/2026\/08\/lula-flavio-pesquisa.jpeg?fit=1200%2C674&ssl=1&resize=350%2C200","width":350,"height":200,"srcset":"https:\/\/i0.wp.com\/noticiasribeiraopreto.com.br\/wp-content\/uploads\/2026\/08\/lula-flavio-pesquisa.jpeg?fit=1200%2C674&ssl=1&resize=350%2C200 1x, https:\/\/i0.wp.com\/noticiasribeiraopreto.com.br\/wp-content\/uploads\/2026\/08\/lula-flavio-pesquisa.jpeg?fit=1200%2C674&ssl=1&resize=525%2C300 1.5x, https:\/\/i0.wp.com\/noticiasribeiraopreto.com.br\/wp-content\/uploads\/2026\/08\/lula-flavio-pesquisa.jpeg?fit=1200%2C674&ssl=1&resize=700%2C400 2x, https:\/\/i0.wp.com\/noticiasribeiraopreto.com.br\/wp-content\/uploads\/2026\/08\/lula-flavio-pesquisa.jpeg?fit=1200%2C674&ssl=1&resize=1050%2C600 3x"},"classes":[]},{"id":87782,"url":"https:\/\/noticiasribeiraopreto.com.br\/index.php\/2026\/07\/09\/lula-e-flavio-bolsonaro-empatam-em-sp-para-presidente-mas-petista-tem-rejeicao-maior-aponta-datafolha\/","url_meta":{"origin":91060,"position":2},"title":"Lula e Fl\u00e1vio Bolsonaro empatam em SP para presidente, mas petista tem rejei\u00e7\u00e3o maior, aponta Datafolha","author":"noticiasribeiraopreto.com.br","date":"9 de July de 2026","format":false,"excerpt":"O presidente Lula (PT) e o senador Fl\u00e1vio Bolsonaro (PL-RJ) empatam nas inten\u00e7\u00f5es de voto em S\u00e3o Paulo para a disputa ao Pal\u00e1cio do Planalto no primeiro e no segundo turno, mas o petista tem rejei\u00e7\u00e3o maior entre o eleitorado paulista, segundo nova pesquisa Datafolha.Tanto Lula quanto o filho do\u2026","rel":"","context":"In &quot;Not\u00edcias de Ribeir\u00e3o Preto-SP e Regi\u00e3o&quot;","block_context":{"text":"Not\u00edcias de Ribeir\u00e3o Preto-SP e Regi\u00e3o","link":"https:\/\/noticiasribeiraopreto.com.br\/index.php\/category\/noticias-de-ribeirao-preto-sp-e-regiao-ismael-colosi\/"},"img":{"alt_text":"","src":"https:\/\/i0.wp.com\/noticiasribeiraopreto.com.br\/wp-content\/uploads\/2026\/07\/TH-PORTAL-IMAGEM-2.png?fit=1200%2C675&ssl=1&resize=350%2C200","width":350,"height":200,"srcset":"https:\/\/i0.wp.com\/noticiasribeiraopreto.com.br\/wp-content\/uploads\/2026\/07\/TH-PORTAL-IMAGEM-2.png?fit=1200%2C675&ssl=1&resize=350%2C200 1x, https:\/\/i0.wp.com\/noticiasribeiraopreto.com.br\/wp-content\/uploads\/2026\/07\/TH-PORTAL-IMAGEM-2.png?fit=1200%2C675&ssl=1&resize=525%2C300 1.5x, https:\/\/i0.wp.com\/noticiasribeiraopreto.com.br\/wp-content\/uploads\/2026\/07\/TH-PORTAL-IMAGEM-2.png?fit=1200%2C675&ssl=1&resize=700%2C400 2x, https:\/\/i0.wp.com\/noticiasribeiraopreto.com.br\/wp-content\/uploads\/2026\/07\/TH-PORTAL-IMAGEM-2.png?fit=1200%2C675&ssl=1&resize=1050%2C600 3x"},"classes":[]},{"id":90971,"url":"https:\/\/noticiasribeiraopreto.com.br\/index.php\/2026\/09\/02\/pesquisa-quaest-distancia-entre-lula-e-flavio-cai-para-1-ponto-no-2o-turno\/","url_meta":{"origin":91060,"position":3},"title":"Pesquisa Quaest: dist\u00e2ncia entre Lula e Fl\u00e1vio cai para 1 ponto no 2\u00ba turno","author":"noticiasribeiraopreto.com.br","date":"2 de September de 2026","format":false,"excerpt":"A nova pesquisa Quaest, divulgada nesta quarta-feira (2), mostra que o presidente Luiz In\u00e1cio Lula da Silva (PT) e o senador Fl\u00e1vio Bolsonaro (PL) est\u00e3o tecnicamente empatados em uma eventual disputa de segundo turno das Elei\u00e7\u00f5es 2026. Lula registra 42% das inten\u00e7\u00f5es de voto, ante 41% de Fl\u00e1vio. O levantamento\u2026","rel":"","context":"In &quot;Not\u00edcias de Ribeir\u00e3o Preto-SP e Regi\u00e3o&quot;","block_context":{"text":"Not\u00edcias de Ribeir\u00e3o Preto-SP e Regi\u00e3o","link":"https:\/\/noticiasribeiraopreto.com.br\/index.php\/category\/noticias-de-ribeirao-preto-sp-e-regiao-ismael-colosi\/"},"img":{"alt_text":"","src":"https:\/\/i0.wp.com\/noticiasribeiraopreto.com.br\/wp-content\/uploads\/2026\/09\/lula-flavio-bolsonaro-quaest.jpeg?fit=1200%2C674&ssl=1&resize=350%2C200","width":350,"height":200,"srcset":"https:\/\/i0.wp.com\/noticiasribeiraopreto.com.br\/wp-content\/uploads\/2026\/09\/lula-flavio-bolsonaro-quaest.jpeg?fit=1200%2C674&ssl=1&resize=350%2C200 1x, https:\/\/i0.wp.com\/noticiasribeiraopreto.com.br\/wp-content\/uploads\/2026\/09\/lula-flavio-bolsonaro-quaest.jpeg?fit=1200%2C674&ssl=1&resize=525%2C300 1.5x, https:\/\/i0.wp.com\/noticiasribeiraopreto.com.br\/wp-content\/uploads\/2026\/09\/lula-flavio-bolsonaro-quaest.jpeg?fit=1200%2C674&ssl=1&resize=700%2C400 2x, https:\/\/i0.wp.com\/noticiasribeiraopreto.com.br\/wp-content\/uploads\/2026\/09\/lula-flavio-bolsonaro-quaest.jpeg?fit=1200%2C674&ssl=1&resize=1050%2C600 3x"},"classes":[]},{"id":90868,"url":"https:\/\/noticiasribeiraopreto.com.br\/index.php\/2026\/09\/01\/eleicoes-2026-acidade-on-entrevista-candidatos-ao-governo-do-estado-de-sp\/","url_meta":{"origin":91060,"position":4},"title":"Elei\u00e7\u00f5es 2026: acidade on entrevista candidatos ao Governo do Estado de SP","author":"noticiasribeiraopreto.com.br","date":"1 de September de 2026","format":false,"excerpt":"O Portal acidade on entrevista, nesta semana, os candidatos ao Governo do Estado de S\u00e3o Paulo nas Elei\u00e7\u00f5es 2026. Foram convidados os candidatos que somaram mais de 5% das inten\u00e7\u00f5es de voto na \u00faltima pesquisa Quaest, divulgada na \u00faltima ter\u00e7a-feira (25). As perguntas ser\u00e3o voltadas \u00e0s regi\u00f5es de Campinas e\u2026","rel":"","context":"In &quot;Not\u00edcias de Ribeir\u00e3o Preto-SP e Regi\u00e3o&quot;","block_context":{"text":"Not\u00edcias de Ribeir\u00e3o Preto-SP e Regi\u00e3o","link":"https:\/\/noticiasribeiraopreto.com.br\/index.php\/category\/noticias-de-ribeirao-preto-sp-e-regiao-ismael-colosi\/"},"img":{"alt_text":"","src":"https:\/\/i0.wp.com\/noticiasribeiraopreto.com.br\/wp-content\/uploads\/2026\/09\/tarcisio-haddad-entrevista.jpeg?fit=768%2C432&ssl=1&resize=350%2C200","width":350,"height":200,"srcset":"https:\/\/i0.wp.com\/noticiasribeiraopreto.com.br\/wp-content\/uploads\/2026\/09\/tarcisio-haddad-entrevista.jpeg?fit=768%2C432&ssl=1&resize=350%2C200 1x, https:\/\/i0.wp.com\/noticiasribeiraopreto.com.br\/wp-content\/uploads\/2026\/09\/tarcisio-haddad-entrevista.jpeg?fit=768%2C432&ssl=1&resize=525%2C300 1.5x, https:\/\/i0.wp.com\/noticiasribeiraopreto.com.br\/wp-content\/uploads\/2026\/09\/tarcisio-haddad-entrevista.jpeg?fit=768%2C432&ssl=1&resize=700%2C400 2x"},"classes":[]},{"id":90985,"url":"https:\/\/noticiasribeiraopreto.com.br\/index.php\/2026\/09\/02\/justica-eleitoral-proibe-uso-de-foto-de-bolsonaro-em-propaganda-de-candidato-a-deputado\/","url_meta":{"origin":91060,"position":5},"title":"Justi\u00e7a Eleitoral pro\u00edbe uso de foto de Bolsonaro em propaganda de candidato a deputado","author":"noticiasribeiraopreto.com.br","date":"2 de September de 2026","format":false,"excerpt":"A Justi\u00e7a Eleitoral de S\u00e3o Paulo proibiu o deputado estadual e candidato \u00e0 reelei\u00e7\u00e3o Lucas Bove (PL) de reutilizar materiais de campanha que associam sua imagem \u00e0 do ex-presidente Jair Bolsonaro (PL). A decis\u00e3o do Tribunal Regional Eleitoral de S\u00e3o Paulo (TRE-SP) analisou uma representa\u00e7\u00e3o apresentada pela vereadora de Ribeir\u00e3o\u2026","rel":"","context":"In &quot;Not\u00edcias de Ribeir\u00e3o Preto-SP e Regi\u00e3o&quot;","block_context":{"text":"Not\u00edcias de Ribeir\u00e3o Preto-SP e Regi\u00e3o","link":"https:\/\/noticiasribeiraopreto.com.br\/index.php\/category\/noticias-de-ribeirao-preto-sp-e-regiao-ismael-colosi\/"},"img":{"alt_text":"","src":"https:\/\/i0.wp.com\/noticiasribeiraopreto.com.br\/wp-content\/uploads\/2026\/09\/bolsonaro_2025-11-23_16-53-17.webp.webp?fit=1200%2C687&ssl=1&resize=350%2C200","width":350,"height":200,"srcset":"https:\/\/i0.wp.com\/noticiasribeiraopreto.com.br\/wp-content\/uploads\/2026\/09\/bolsonaro_2025-11-23_16-53-17.webp.webp?fit=1200%2C687&ssl=1&resize=350%2C200 1x, https:\/\/i0.wp.com\/noticiasribeiraopreto.com.br\/wp-content\/uploads\/2026\/09\/bolsonaro_2025-11-23_16-53-17.webp.webp?fit=1200%2C687&ssl=1&resize=525%2C300 1.5x, https:\/\/i0.wp.com\/noticiasribeiraopreto.com.br\/wp-content\/uploads\/2026\/09\/bolsonaro_2025-11-23_16-53-17.webp.webp?fit=1200%2C687&ssl=1&resize=700%2C400 2x, https:\/\/i0.wp.com\/noticiasribeiraopreto.com.br\/wp-content\/uploads\/2026\/09\/bolsonaro_2025-11-23_16-53-17.webp.webp?fit=1200%2C687&ssl=1&resize=1050%2C600 3x"},"classes":[]}],"jetpack_sharing_enabled":true,"jetpack_shortlink":"https:\/\/wp.me\/peQAOb-nGI","jetpack_featured_media_url":"https:\/\/i0.wp.com\/noticiasribeiraopreto.com.br\/wp-content\/uploads\/2026\/09\/lula-flavio-bolsonaro.jpeg?fit=1280%2C719&ssl=1","_links":{"self":[{"href":"https:\/\/noticiasribeiraopreto.com.br\/index.php\/wp-json\/wp\/v2\/posts\/91060","targetHints":{"allow":["GET"]}}],"collection":[{"href":"https:\/\/noticiasribeiraopreto.com.br\/index.php\/wp-json\/wp\/v2\/posts"}],"about":[{"href":"https:\/\/noticiasribeiraopreto.com.br\/index.php\/wp-json\/wp\/v2\/types\/post"}],"author":[{"embeddable":true,"href":"https:\/\/noticiasribeiraopreto.com.br\/index.php\/wp-json\/wp\/v2\/users\/1"}],"replies":[{"embeddable":true,"href":"https:\/\/noticiasribeiraopreto.com.br\/index.php\/wp-json\/wp\/v2\/comments?post=91060"}],"version-history":[{"count":0,"href":"https:\/\/noticiasribeiraopreto.com.br\/index.php\/wp-json\/wp\/v2\/posts\/91060\/revisions"}],"wp:featuredmedia":[{"embeddable":true,"href":"https:\/\/noticiasribeiraopreto.com.br\/index.php\/wp-json\/wp\/v2\/media\/91061"}],"wp:attachment":[{"href":"https:\/\/noticiasribeiraopreto.com.br\/index.php\/wp-json\/wp\/v2\/media?parent=91060"}],"wp:term":[{"taxonomy":"category","embeddable":true,"href":"https:\/\/noticiasribeiraopreto.com.br\/index.php\/wp-json\/wp\/v2\/categories?post=91060"},{"taxonomy":"post_tag","embeddable":true,"href":"https:\/\/noticiasribeiraopreto.com.br\/index.php\/wp-json\/wp\/v2\/tags?post=91060"}],"curies":[{"name":"wp","href":"https:\/\/api.w.org\/{rel}","templated":true}]}}