{"id":91062,"date":"2026-09-03T21:59:31","date_gmt":"2026-09-04T00:59:31","guid":{"rendered":"https:\/\/noticiasribeiraopreto.com.br\/index.php\/2026\/09\/03\/botafogo-perde-para-o-nautico-e-pode-terminar-a-rodada-no-z-4-da-serie-b\/"},"modified":"2026-09-03T21:59:31","modified_gmt":"2026-09-04T00:59:31","slug":"botafogo-perde-para-o-nautico-e-pode-terminar-a-rodada-no-z-4-da-serie-b","status":"publish","type":"post","link":"https:\/\/noticiasribeiraopreto.com.br\/index.php\/2026\/09\/03\/botafogo-perde-para-o-nautico-e-pode-terminar-a-rodada-no-z-4-da-serie-b\/","title":{"rendered":"Botafogo perde para o N\u00e1utico e pode terminar a rodada no Z-4 da S\u00e9rie B"},"content":{"rendered":"<div class='code-block code-block-1' style='margin: 8px 0 8px auto; text-align: right; display: block; clear: both;'>\n<p><a href=\"https:\/\/wa.link\/vpicfd\"><img data-recalc-dims=\"1\" class=\"wp-image-4922\" style=\"aspect-ratio: 2.0253164556962027; width: 561px; height: auto;\" src=\"https:\/\/i0.wp.com\/ismaelcolosi.com.br\/wp-content\/uploads\/2023\/11\/grupo-de-empregos-whatsapp-e-facebook-ismael-colosi-vagas.jpg?ssl=1\" alt=\"\" \/><\/a><\/p>\n<!-- \/wp:image -->\n<\/div>\n<p> <br \/>\n<\/p>\n<p>O <strong>Botafogo perdeu para o N\u00e1utico por 1 a 0<\/strong> na noite desta quinta-feira (3), no Est\u00e1dio dos Aflitos, em Recife, pela 26\u00aa rodada da S\u00e9rie B do Campeonato Brasileiro. Com o resultado, o time de Ribeir\u00e3o Preto fica a tr\u00eas pontos da zona de rebaixamento, na 15\u00aa coloca\u00e7\u00e3o, e pode terminar a rodada no Z-4.<\/p>\n<h2 class=\"wp-block-heading\">\u00danico gol do jogo<\/h2>\n<p>O gol da vit\u00f3ria do N\u00e1utico saiu aos 31 minutos do segundo tempo. J\u00fanior Todinho fez a jogada pela direita e tocou para Kau\u00e3 Maranh\u00e3o, que finalizou de primeira. O goleiro Victor Souza espalmou, e o centroavante Luiz Cl\u00e1udio aproveitou o rebote para abrir o placar.<\/p>\n<p class=\"has-text-align-center has-small-font-size\"><em>Receba not\u00edcias do\u00a0<strong>acidade on Ribeir\u00e3o\u00a0<\/strong>no WhatsApp e fique por dentro de tudo! Basta acessar o link<a href=\"https:\/\/chat.whatsapp.com\/DfXwcjKVIddHUT3BvnQuPZ?mode=hqctshi\" target=\"_blank\" rel=\"noreferrer noopener\">\u00a0aqui<\/a>!<\/em><\/p>\n<h2 class=\"wp-block-heading\">Primeiro tempo equilibrado<\/h2>\n<p>N\u00e1utico e Botafogo fizeram um primeiro tempo equilibrado na capital pernambucana. Mesmo com o mando de campo, o time da casa encontrou dificuldades para transformar as chegadas ao ataque em oportunidades claras.<\/p>\n<p>O N\u00e1utico levou perigo em jogadas isoladas. Em uma delas, Arnaldo encontrou Borasi, que finalizou e acertou a trave. Jean Carlos tamb\u00e9m tentou de fora da \u00e1rea, mas n\u00e3o conseguiu marcar.<\/p>\n<figure class=\"wp-block-gallery has-nested-images columns-default is-cropped wp-block-gallery-1 is-layout-flex wp-block-gallery-is-layout-flex\">\n<figure class=\"wp-block-image size-large\"><figcaption class=\"wp-element-caption\">Foto: Marlon Costa\/Ag\u00eancia Botafogo\/Divulga\u00e7\u00e3o<\/figcaption><\/figure>\n<figure class=\"wp-block-image size-large\"><img data-recalc-dims=\"1\" loading=\"lazy\" decoding=\"async\" width=\"1024\" height=\"1024\" data-id=\"173636\" src=\"https:\/\/i0.wp.com\/www.acidadeon.com\/ribeiraopreto\/wp-content\/uploads\/sites\/3\/2026\/09\/WhatsApp-Image-2026-09-03-at-21.10.50-3-1024x1024.jpeg?resize=1024%2C1024&#038;ssl=1\" alt=\"WhatsApp Image 2026 09 03 at 21.10.50 3\" class=\"wp-image-173636\" title=\"Botafogo perde para o N\u00e1utico e pode terminar a rodada no Z-4 da S\u00e9rie B 2\"><figcaption class=\"wp-element-caption\">Foto: Marlon Costa\/Ag\u00eancia Botafogo\/Divulga\u00e7\u00e3o<\/figcaption><\/figure>\n<figure class=\"wp-block-image size-large\"><img data-recalc-dims=\"1\" loading=\"lazy\" decoding=\"async\" width=\"1024\" height=\"1024\" data-id=\"173637\" src=\"https:\/\/i0.wp.com\/www.acidadeon.com\/ribeiraopreto\/wp-content\/uploads\/sites\/3\/2026\/09\/WhatsApp-Image-2026-09-03-at-21.10.50-2-1024x1024.jpeg?resize=1024%2C1024&#038;ssl=1\" alt=\"WhatsApp Image 2026 09 03 at 21.10.50 2\" class=\"wp-image-173637\" title=\"Botafogo perde para o N\u00e1utico e pode terminar a rodada no Z-4 da S\u00e9rie B 3\"><figcaption class=\"wp-element-caption\">Foto: Marlon Costa\/Ag\u00eancia Botafogo\/Divulga\u00e7\u00e3o<\/figcaption><\/figure>\n<\/figure>\n<p>O Pantera buscou o ataque principalmente em cruzamentos e aproveitou erros na sa\u00edda de bola do advers\u00e1rio. O goleiro Muriel apareceu bem em algumas interven\u00e7\u00f5es e evitou que a equipe paulista abrisse o placar.<\/p>\n<p>A melhor oportunidade do time de Ribeir\u00e3o Preto no primeiro tempo ficou com Hygor. O atacante recebeu sozinho dentro da \u00e1rea, mas finalizou para fora.<\/p>\n<h2 class=\"wp-block-heading\">Na agenda<\/h2>\n<p>O Pantera volta a campo na quarta-feira (9), quando recebe o Novorizontino, \u00e0s 19h30, em Ribeir\u00e3o Preto. <\/p>\n<hr class=\"wp-block-separator has-alpha-channel-opacity\">\n<p class=\"has-text-align-center\"><em>Fa\u00e7a uma den\u00fancia ou sugira uma reportagem sobre\u00a0<strong>Ribeir\u00e3o Preto\u00a0<\/strong>e regi\u00e3o por meio do WhatsApp do\u00a0<strong>acidade on Ribeir\u00e3o<\/strong>: (16) 99117-7802.<\/em><\/p>\n<p>O post Botafogo perde para o N\u00e1utico e pode terminar a rodada no Z-4 da S\u00e9rie B apareceu primeiro em ACidade ON Ribeir\u00e3o Preto.<\/p>\n<p><br \/>\n<br \/><a href=\"https:\/\/www.acidadeon.com\/ribeiraopreto\/esportes\/botafogo-perde-para-o-nautico-e-pode-terminar-a-rodada-no-z-4-da-serie-b\/\">Link para o texto original aqui <\/a><\/p>\n<!-- CONTENT END 1 -->\n","protected":false},"excerpt":{"rendered":"<p>O Botafogo perdeu para o N\u00e1utico por 1 a 0 na noite desta quinta-feira (3), no Est\u00e1dio dos Aflitos, em Recife, pela 26\u00aa rodada da&#8230;<\/p>\n","protected":false},"author":1,"featured_media":91063,"comment_status":"","ping_status":"","sticky":false,"template":"","format":"standard","meta":{"advanced_seo_description":"","jetpack_seo_html_title":"","jetpack_seo_noindex":false,"jetpack_seo_schema_type":"","_jetpack_newsletter_access":"","_jetpack_dont_email_post_to_subs":false,"_jetpack_newsletter_tier_id":0,"_jetpack_memberships_contains_paywalled_content":false,"_jetpack_feature_clip_id":0,"_jetpack_memberships_contains_paid_content":false,"footnotes":"","jetpack_publicize_message":"","jetpack_publicize_feature_enabled":true,"jetpack_social_post_already_shared":true,"jetpack_social_options":{"image_generator_settings":{"template":"highway","default_image_id":0,"font":"","enabled":false},"version":2},"jetpack_post_was_ever_published":false},"categories":[11],"tags":[52,8916,71,312,217,6232,314,2373],"class_list":["post-91062","post","type-post","status-publish","format-standard","has-post-thumbnail","hentry","category-noticias-de-ribeirao-preto-sp-e-regiao-ismael-colosi","tag-botafogo","tag-nautico","tag-para","tag-perde","tag-pode","tag-rodada","tag-serie","tag-terminar"],"jetpack_publicize_connections":[],"jetpack-related-posts":[{"id":91064,"url":"https:\/\/noticiasribeiraopreto.com.br\/index.php\/2026\/09\/03\/botafogo-perde-para-nautico-e-se-complica-na-serie-b\/","url_meta":{"origin":91062,"position":0},"title":"Botafogo perde para N\u00e1utico e se complica na S\u00e9rie B","author":"noticiasribeiraopreto.com.br","date":"3 de September de 2026","format":false,"excerpt":"\r Pantera acumula terceiro rev\u00e9s consecutivo na competi\u00e7\u00e3o\r \r 3 de setembro de 2026 22:23 \r Compartilhar0 Por Hugo Luque O Botafogo perdeu para o N\u00e1utico por 1 a 0 nesta quinta-feira (3), nos Aflitos, pela 26\u00aa rodada da S\u00e9rie B do Campeonato Brasileiro. O Pantera pressionou e manteve o\u2026","rel":"","context":"In &quot;Not\u00edcias de Ribeir\u00e3o Preto-SP e Regi\u00e3o&quot;","block_context":{"text":"Not\u00edcias de Ribeir\u00e3o Preto-SP e Regi\u00e3o","link":"https:\/\/noticiasribeiraopreto.com.br\/index.php\/category\/noticias-de-ribeirao-preto-sp-e-regiao-ismael-colosi\/"},"img":{"alt_text":"","src":"https:\/\/i0.wp.com\/noticiasribeiraopreto.com.br\/wp-content\/uploads\/2026\/09\/1-Nautico-x-Botafogo-Marlon-Costa_Divulgacao_Agencia-Botafogo-scaled.jpeg?fit=780%2C780&ssl=1&resize=350%2C200","width":350,"height":200,"srcset":"https:\/\/i0.wp.com\/noticiasribeiraopreto.com.br\/wp-content\/uploads\/2026\/09\/1-Nautico-x-Botafogo-Marlon-Costa_Divulgacao_Agencia-Botafogo-scaled.jpeg?fit=780%2C780&ssl=1&resize=350%2C200 1x, https:\/\/i0.wp.com\/noticiasribeiraopreto.com.br\/wp-content\/uploads\/2026\/09\/1-Nautico-x-Botafogo-Marlon-Costa_Divulgacao_Agencia-Botafogo-scaled.jpeg?fit=780%2C780&ssl=1&resize=525%2C300 1.5x, https:\/\/i0.wp.com\/noticiasribeiraopreto.com.br\/wp-content\/uploads\/2026\/09\/1-Nautico-x-Botafogo-Marlon-Costa_Divulgacao_Agencia-Botafogo-scaled.jpeg?fit=780%2C780&ssl=1&resize=700%2C400 2x"},"classes":[]},{"id":90771,"url":"https:\/\/noticiasribeiraopreto.com.br\/index.php\/2026\/08\/31\/botafogo-perde-para-cuiaba-no-santa-cruz\/","url_meta":{"origin":91062,"position":1},"title":"Botafogo perde para Cuiab\u00e1 no Santa Cruz","author":"noticiasribeiraopreto.com.br","date":"31 de August de 2026","format":false,"excerpt":"\r Pantera sai atr\u00e1s e busca empate, mas leva mais um gol e pode terminar rodada colado no Z-4\r \r 29 de agosto de 2026 21:01 \r Compartilhar1 Por Hugo Luque O Botafogo sofreu mais uma derrota pela S\u00e9rie B do Campeonato Brasileiro neste s\u00e1bado (29), por 2 a 1,\u2026","rel":"","context":"In &quot;Not\u00edcias de Ribeir\u00e3o Preto-SP e Regi\u00e3o&quot;","block_context":{"text":"Not\u00edcias de Ribeir\u00e3o Preto-SP e Regi\u00e3o","link":"https:\/\/noticiasribeiraopreto.com.br\/index.php\/category\/noticias-de-ribeirao-preto-sp-e-regiao-ismael-colosi\/"},"img":{"alt_text":"","src":"https:\/\/i0.wp.com\/noticiasribeiraopreto.com.br\/wp-content\/uploads\/2026\/08\/Botafogo-x-Cuiaba-Raul-Ramos.jpeg?fit=1143%2C762&ssl=1&resize=350%2C200","width":350,"height":200,"srcset":"https:\/\/i0.wp.com\/noticiasribeiraopreto.com.br\/wp-content\/uploads\/2026\/08\/Botafogo-x-Cuiaba-Raul-Ramos.jpeg?fit=1143%2C762&ssl=1&resize=350%2C200 1x, https:\/\/i0.wp.com\/noticiasribeiraopreto.com.br\/wp-content\/uploads\/2026\/08\/Botafogo-x-Cuiaba-Raul-Ramos.jpeg?fit=1143%2C762&ssl=1&resize=525%2C300 1.5x, https:\/\/i0.wp.com\/noticiasribeiraopreto.com.br\/wp-content\/uploads\/2026\/08\/Botafogo-x-Cuiaba-Raul-Ramos.jpeg?fit=1143%2C762&ssl=1&resize=700%2C400 2x, https:\/\/i0.wp.com\/noticiasribeiraopreto.com.br\/wp-content\/uploads\/2026\/08\/Botafogo-x-Cuiaba-Raul-Ramos.jpeg?fit=1143%2C762&ssl=1&resize=1050%2C600 3x"},"classes":[]},{"id":84391,"url":"https:\/\/noticiasribeiraopreto.com.br\/index.php\/2026\/04\/08\/botafogo-conhece-tabela-da-6a-a-11a-rodada-da-serie-b-veja-os-detalhes\/","url_meta":{"origin":91062,"position":2},"title":"Botafogo conhece tabela da 6\u00aa \u00e0 11\u00aa rodada da S\u00e9rie B; veja os detalhes","author":"noticiasribeiraopreto.com.br","date":"8 de April de 2026","format":false,"excerpt":"Ler o resumo da not\u00edcia CBF publicou tabela da 6\u00aa \u00e0 11\u00aa rodada da S\u00e9rie B com jogos entre 22 de abril e 1\u00ba de junho. Botafogo de Ribeir\u00e3o Preto inicia sequ\u00eancia contra o Cuiab\u00e1, em 22\/4, \u00e0s 21h30, na Arena Pantanal. Advers\u00e1rios no per\u00edodo: N\u00e1utico, Novorizontino, Goi\u00e1s, Athletic-MG e\u2026","rel":"","context":"In &quot;Not\u00edcias de Ribeir\u00e3o Preto-SP e Regi\u00e3o&quot;","block_context":{"text":"Not\u00edcias de Ribeir\u00e3o Preto-SP e Regi\u00e3o","link":"https:\/\/noticiasribeiraopreto.com.br\/index.php\/category\/noticias-de-ribeirao-preto-sp-e-regiao-ismael-colosi\/"},"img":{"alt_text":"","src":"https:\/\/i0.wp.com\/noticiasribeiraopreto.com.br\/wp-content\/uploads\/2026\/04\/Imagem-do-WhatsApp-de-2025-12-01-as-13.18.24_26a34174_2025-12-01_16-21-16.webp.webp?fit=1200%2C675&ssl=1&resize=350%2C200","width":350,"height":200,"srcset":"https:\/\/i0.wp.com\/noticiasribeiraopreto.com.br\/wp-content\/uploads\/2026\/04\/Imagem-do-WhatsApp-de-2025-12-01-as-13.18.24_26a34174_2025-12-01_16-21-16.webp.webp?fit=1200%2C675&ssl=1&resize=350%2C200 1x, https:\/\/i0.wp.com\/noticiasribeiraopreto.com.br\/wp-content\/uploads\/2026\/04\/Imagem-do-WhatsApp-de-2025-12-01-as-13.18.24_26a34174_2025-12-01_16-21-16.webp.webp?fit=1200%2C675&ssl=1&resize=525%2C300 1.5x, https:\/\/i0.wp.com\/noticiasribeiraopreto.com.br\/wp-content\/uploads\/2026\/04\/Imagem-do-WhatsApp-de-2025-12-01-as-13.18.24_26a34174_2025-12-01_16-21-16.webp.webp?fit=1200%2C675&ssl=1&resize=700%2C400 2x, https:\/\/i0.wp.com\/noticiasribeiraopreto.com.br\/wp-content\/uploads\/2026\/04\/Imagem-do-WhatsApp-de-2025-12-01-as-13.18.24_26a34174_2025-12-01_16-21-16.webp.webp?fit=1200%2C675&ssl=1&resize=1050%2C600 3x"},"classes":[]},{"id":72206,"url":"https:\/\/noticiasribeiraopreto.com.br\/index.php\/2025\/06\/14\/botafogo-perde-para-o-paysandu-com-gol-no-final-pela-serie-b-do-brasileiro\/","url_meta":{"origin":91062,"position":3},"title":"Botafogo perde para o Paysandu\u00a0com gol no final pela S\u00e9rie B do Brasileiro","author":"noticiasribeiraopreto.com.br","date":"14 de June de 2025","format":false,"excerpt":"O Botafogo perdeu para o Paysandu na noite desta sexta-feira (13), com gol marcado aos 45 minutos do segundo tempo, na Curuzu, em Bel\u00e9m, pela 12\u00aa rodada da S\u00e9rie B do Campeonato Brasileiro. O \u00fanico gol da partida foi anotado pelo volante Leandro Vilela. Com o resultado, o Pantera permanece\u2026","rel":"","context":"In &quot;Not\u00edcias de Ribeir\u00e3o Preto-SP e Regi\u00e3o&quot;","block_context":{"text":"Not\u00edcias de Ribeir\u00e3o Preto-SP e Regi\u00e3o","link":"https:\/\/noticiasribeiraopreto.com.br\/index.php\/category\/noticias-de-ribeirao-preto-sp-e-regiao-ismael-colosi\/"},"img":{"alt_text":"","src":"https:\/\/i0.wp.com\/noticiasribeiraopreto.com.br\/wp-content\/uploads\/2025\/06\/54587929423_c04c312ee9_k_2025-06-14_12-36-31.webp.webp?fit=1200%2C800&ssl=1&resize=350%2C200","width":350,"height":200,"srcset":"https:\/\/i0.wp.com\/noticiasribeiraopreto.com.br\/wp-content\/uploads\/2025\/06\/54587929423_c04c312ee9_k_2025-06-14_12-36-31.webp.webp?fit=1200%2C800&ssl=1&resize=350%2C200 1x, https:\/\/i0.wp.com\/noticiasribeiraopreto.com.br\/wp-content\/uploads\/2025\/06\/54587929423_c04c312ee9_k_2025-06-14_12-36-31.webp.webp?fit=1200%2C800&ssl=1&resize=525%2C300 1.5x, https:\/\/i0.wp.com\/noticiasribeiraopreto.com.br\/wp-content\/uploads\/2025\/06\/54587929423_c04c312ee9_k_2025-06-14_12-36-31.webp.webp?fit=1200%2C800&ssl=1&resize=700%2C400 2x, https:\/\/i0.wp.com\/noticiasribeiraopreto.com.br\/wp-content\/uploads\/2025\/06\/54587929423_c04c312ee9_k_2025-06-14_12-36-31.webp.webp?fit=1200%2C800&ssl=1&resize=1050%2C600 3x"},"classes":[]},{"id":88362,"url":"https:\/\/noticiasribeiraopreto.com.br\/index.php\/2026\/07\/18\/botafogo-empata-sem-gols-com-o-londrina-pela-serie-b\/","url_meta":{"origin":91062,"position":4},"title":"Botafogo empata sem gols com o Londrina pela S\u00e9rie B","author":"noticiasribeiraopreto.com.br","date":"18 de July de 2026","format":false,"excerpt":"O Botafogo empatou em 0 a 0 com o Londrina na noite de sexta-feira (17), no Est\u00e1dio Vitorino Gon\u00e7alves Dias, em Londrina, pela 19\u00aa rodada da S\u00e9rie B do Campeonato Brasileiro. Com o resultado, o Pantera somou um ponto fora de casa e encerrou o primeiro turno da competi\u00e7\u00e3o. O\u2026","rel":"","context":"In &quot;Not\u00edcias de Ribeir\u00e3o Preto-SP e Regi\u00e3o&quot;","block_context":{"text":"Not\u00edcias de Ribeir\u00e3o Preto-SP e Regi\u00e3o","link":"https:\/\/noticiasribeiraopreto.com.br\/index.php\/category\/noticias-de-ribeirao-preto-sp-e-regiao-ismael-colosi\/"},"img":{"alt_text":"","src":"https:\/\/i0.wp.com\/noticiasribeiraopreto.com.br\/wp-content\/uploads\/2026\/07\/WhatsApp-Image-2026-07-17-at-22.20.32.jpeg?fit=1200%2C900&ssl=1&resize=350%2C200","width":350,"height":200,"srcset":"https:\/\/i0.wp.com\/noticiasribeiraopreto.com.br\/wp-content\/uploads\/2026\/07\/WhatsApp-Image-2026-07-17-at-22.20.32.jpeg?fit=1200%2C900&ssl=1&resize=350%2C200 1x, https:\/\/i0.wp.com\/noticiasribeiraopreto.com.br\/wp-content\/uploads\/2026\/07\/WhatsApp-Image-2026-07-17-at-22.20.32.jpeg?fit=1200%2C900&ssl=1&resize=525%2C300 1.5x, https:\/\/i0.wp.com\/noticiasribeiraopreto.com.br\/wp-content\/uploads\/2026\/07\/WhatsApp-Image-2026-07-17-at-22.20.32.jpeg?fit=1200%2C900&ssl=1&resize=700%2C400 2x, https:\/\/i0.wp.com\/noticiasribeiraopreto.com.br\/wp-content\/uploads\/2026\/07\/WhatsApp-Image-2026-07-17-at-22.20.32.jpeg?fit=1200%2C900&ssl=1&resize=1050%2C600 3x"},"classes":[]},{"id":84527,"url":"https:\/\/noticiasribeiraopreto.com.br\/index.php\/2026\/04\/11\/com-gol-nos-acrescimos-botafogo-perde-para-o-criciuma-pela-4a-rodada-da-serie-b\/","url_meta":{"origin":91062,"position":5},"title":"Com gol nos acr\u00e9scimos, Botafogo perde para o Crici\u00fama pela 4\u00aa rodada da S\u00e9rie B","author":"noticiasribeiraopreto.com.br","date":"11 de April de 2026","format":false,"excerpt":"Ler o resumo da not\u00edcia \r Botafogo perdeu para o Crici\u00fama por 1 a 0 na noite desta sexta-feira (10), pela 4\u00aa rodada da S\u00e9rie B.\r O gol foi marcado por Otero aos 51 minutos do segundo tempo, em cobran\u00e7a de falta, no est\u00e1dio Heriberto H\u00fclse.\r O Tricolor volta a\u2026","rel":"","context":"In &quot;Not\u00edcias de Ribeir\u00e3o Preto-SP e Regi\u00e3o&quot;","block_context":{"text":"Not\u00edcias de Ribeir\u00e3o Preto-SP e Regi\u00e3o","link":"https:\/\/noticiasribeiraopreto.com.br\/index.php\/category\/noticias-de-ribeirao-preto-sp-e-regiao-ismael-colosi\/"},"img":{"alt_text":"","src":"https:\/\/i0.wp.com\/noticiasribeiraopreto.com.br\/wp-content\/uploads\/2026\/04\/palace-2026-04-10T222205.039_2026-04-11_01-22-18.webp.webp?fit=1200%2C675&ssl=1&resize=350%2C200","width":350,"height":200,"srcset":"https:\/\/i0.wp.com\/noticiasribeiraopreto.com.br\/wp-content\/uploads\/2026\/04\/palace-2026-04-10T222205.039_2026-04-11_01-22-18.webp.webp?fit=1200%2C675&ssl=1&resize=350%2C200 1x, https:\/\/i0.wp.com\/noticiasribeiraopreto.com.br\/wp-content\/uploads\/2026\/04\/palace-2026-04-10T222205.039_2026-04-11_01-22-18.webp.webp?fit=1200%2C675&ssl=1&resize=525%2C300 1.5x, https:\/\/i0.wp.com\/noticiasribeiraopreto.com.br\/wp-content\/uploads\/2026\/04\/palace-2026-04-10T222205.039_2026-04-11_01-22-18.webp.webp?fit=1200%2C675&ssl=1&resize=700%2C400 2x, https:\/\/i0.wp.com\/noticiasribeiraopreto.com.br\/wp-content\/uploads\/2026\/04\/palace-2026-04-10T222205.039_2026-04-11_01-22-18.webp.webp?fit=1200%2C675&ssl=1&resize=1050%2C600 3x"},"classes":[]}],"jetpack_sharing_enabled":true,"jetpack_shortlink":"https:\/\/wp.me\/peQAOb-nGK","jetpack_featured_media_url":"https:\/\/i0.wp.com\/noticiasribeiraopreto.com.br\/wp-content\/uploads\/2026\/09\/botafogo-nautico.jpg?fit=1200%2C675&ssl=1","_links":{"self":[{"href":"https:\/\/noticiasribeiraopreto.com.br\/index.php\/wp-json\/wp\/v2\/posts\/91062","targetHints":{"allow":["GET"]}}],"collection":[{"href":"https:\/\/noticiasribeiraopreto.com.br\/index.php\/wp-json\/wp\/v2\/posts"}],"about":[{"href":"https:\/\/noticiasribeiraopreto.com.br\/index.php\/wp-json\/wp\/v2\/types\/post"}],"author":[{"embeddable":true,"href":"https:\/\/noticiasribeiraopreto.com.br\/index.php\/wp-json\/wp\/v2\/users\/1"}],"replies":[{"embeddable":true,"href":"https:\/\/noticiasribeiraopreto.com.br\/index.php\/wp-json\/wp\/v2\/comments?post=91062"}],"version-history":[{"count":0,"href":"https:\/\/noticiasribeiraopreto.com.br\/index.php\/wp-json\/wp\/v2\/posts\/91062\/revisions"}],"wp:featuredmedia":[{"embeddable":true,"href":"https:\/\/noticiasribeiraopreto.com.br\/index.php\/wp-json\/wp\/v2\/media\/91063"}],"wp:attachment":[{"href":"https:\/\/noticiasribeiraopreto.com.br\/index.php\/wp-json\/wp\/v2\/media?parent=91062"}],"wp:term":[{"taxonomy":"category","embeddable":true,"href":"https:\/\/noticiasribeiraopreto.com.br\/index.php\/wp-json\/wp\/v2\/categories?post=91062"},{"taxonomy":"post_tag","embeddable":true,"href":"https:\/\/noticiasribeiraopreto.com.br\/index.php\/wp-json\/wp\/v2\/tags?post=91062"}],"curies":[{"name":"wp","href":"https:\/\/api.w.org\/{rel}","templated":true}]}}