{"id":91064,"date":"2026-09-03T22:24:34","date_gmt":"2026-09-04T01:24:34","guid":{"rendered":"https:\/\/noticiasribeiraopreto.com.br\/index.php\/2026\/09\/03\/botafogo-perde-para-nautico-e-se-complica-na-serie-b\/"},"modified":"2026-09-03T22:24:34","modified_gmt":"2026-09-04T01:24:34","slug":"botafogo-perde-para-nautico-e-se-complica-na-serie-b","status":"publish","type":"post","link":"https:\/\/noticiasribeiraopreto.com.br\/index.php\/2026\/09\/03\/botafogo-perde-para-nautico-e-se-complica-na-serie-b\/","title":{"rendered":"Botafogo perde para N\u00e1utico e se complica na S\u00e9rie B"},"content":{"rendered":"<div class='code-block code-block-1' style='margin: 8px 0 8px auto; text-align: right; display: block; clear: both;'>\n<p><a href=\"https:\/\/wa.link\/vpicfd\"><img data-recalc-dims=\"1\" class=\"wp-image-4922\" style=\"aspect-ratio: 2.0253164556962027; width: 561px; height: auto;\" src=\"https:\/\/i0.wp.com\/ismaelcolosi.com.br\/wp-content\/uploads\/2023\/11\/grupo-de-empregos-whatsapp-e-facebook-ismael-colosi-vagas.jpg?ssl=1\" alt=\"\" \/><\/a><\/p>\n<!-- \/wp:image -->\n<\/div>\n<p> <br \/>\n<\/p>\n<div id=\"\">&#13;<\/p>\n<h2 class=\"penci-post-subtitle\">Pantera acumula terceiro rev\u00e9s consecutivo na competi\u00e7\u00e3o<\/h2>\n<p>&#13;<\/p>\n<p>&#13;<br \/>\n\t\t\t\t\t\t\t\t\t<span class=\"entry-meta-item penci-posted-on\"><i class=\"fa fa-clock-o\"\/><time class=\"entry-date published updated\" datetime=\"2026-09-03T22:23:45-03:00\">3 de setembro de 2026 22:23<\/time><\/span><span class=\"entry-meta-item penci-post-countview\"\/>\t\t\t\t\t\t\t\t<\/p>\n<p><!-- .entry-meta -->&#13;<br \/>\n\t\t\t\t\t\t\t\t<span class=\"penci-social-buttons penci-social-share-footer\"><span class=\"penci-social-share-text\">Compartilhar<\/span><a href=\"#\" class=\"penci-post-like penci_post-meta_item  single-like-button penci-social-item like\" data-post_id=\"475991\" title=\"Like\" data-like=\"Like\" data-unlike=\"Unlike\"><i class=\"fa fa-thumbs-o-up\"\/><span class=\"penci-share-number\">0<\/span><\/a><i class=\"fa fa-facebook\"\/><a class=\"penci-social-item twitter\" target=\"_blank\" rel=\"noopener\" title=\"\" href=\"https:\/\/twitter.com\/intent\/tweet?text=Botafogo%20perde%20para%20N\u00e1utico%20e%20se%20complica%20na%20S\u00e9rie%20B%20-%20https:\/\/www.tribunaribeirao.com.br\/botafogo-perde-para-nautico-e-se-complica-na-serie-b\/\"><i class=\"fa fa-twitter\"\/><\/a><i class=\"fa fa-linkedin\"\/><i class=\"fa fa-whatsapp\"\/><i class=\"fa fa-telegram\"\/><i class=\"fa fa-envelope\"\/><\/span>\t\t\t\t\t\t\t<\/div>\n<div>\n<p><strong><em>Por Hugo Luque<\/em><\/strong><\/p>\n<p>O Botafogo perdeu para o N\u00e1utico por 1 a 0 nesta quinta-feira (3), nos Aflitos, pela 26\u00aa rodada da S\u00e9rie B do Campeonato Brasileiro. O Pantera pressionou e manteve o confronto equilibrado, mesmo fora de casa, mas desperdi\u00e7ou muitas chances e cedeu o gol da noite no segundo tempo. Assim, acumulou sua terceira derrota consecutiva na competi\u00e7\u00e3o.<\/p>\n<p>A miss\u00e3o para o t\u00e9cnico Claudio Tencati e seus comandados, a partir de agora, \u00e9 evitar uma nova sequ\u00eancia negativa como no primeiro turno. Na ocasi\u00e3o, o Tricolor ficou dez rodadas sem vencer e entrou de vez na briga contra a zona de rebaixamento.<\/p>\n<p>Ap\u00f3s abrir vantagem para o Z-4 no in\u00edcio do segundo turno, o conjunto ribeir\u00e3o-pretano volta a se complicar na tabela. \u201cEstacionado\u201d nos 31 pontos, tem tr\u00eas de vantagem para o Cear\u00e1, que matematicamente pode ultrapassar o Bota nesta rodada, mas precisa de uma goleada hist\u00f3rica sobre o Sport, no s\u00e1bado. Al\u00e9m disso, o Ava\u00ed tamb\u00e9m teria de vencer seu confronto diante do Novorizontino.<\/p>\n<p>O pr\u00f3ximo compromisso botafoguense \u00e9 contra o Novorizontino, quarto colocado, na quarta-feira, \u00e0s 19h30, no Est\u00e1dio Santa Cruz\/Arena Nicnet.<\/p>\n<p><strong>O jogo<\/strong><\/p>\n<p>O primeiro tempo do Botafogo n\u00e3o foi ruim. A partida foi equilibrada, com chances para os dois lados. A principal delas foi dos donos da casa, quando Borasi acertou a trave de Victor Souza. Pelo lado visitante, Hygor, sozinho na \u00e1rea, desperdi\u00e7ou boa oportunidade.<\/p>\n<p>No segundo tempo, o duelo ficou bastante estudado, com poucas oportunidades nos minutos iniciais. Tencati, que optou por \u201cpeso\u201d na frente com Hygor e Arthur Caike na forma\u00e7\u00e3o inicial, tentou deixar o time mais leve ao sacar o \u00faltimo para colocar Kelvin, que tem entrado bem nos \u00faltimos jogos.<\/p>\n<p>Desta vez, no entanto, n\u00e3o funcionou. Ap\u00f3s uma boa chance para o N\u00e1utico e mais tr\u00eas desperdi\u00e7adas por Hygor, para o lado paulista, o Timbu aproveitou e colocou na rede, aos 33 minutos da etapa complementar, com Luiz Cl\u00e1udio. O atacante aproveitou rebote de Victor Souza em batida de Kau\u00e3 Maranh\u00e3o para dar n\u00fameros finais ao encontro.<\/p>\n<p>O N\u00e1utico ainda teve a chance de ampliar, mas parou na trave com J\u00fanior Todinho. A melhor tentativa de rea\u00e7\u00e3o do Botafogo veio em finaliza\u00e7\u00e3o de fora da \u00e1rea de Leandro Maciel defendida por Muriel.<\/p>\n<div style=\"background-color: #f4f4f5; border: 1px solid #d4d4d8; padding: 15px; margin: 20px 0; border-radius: 6px; font-family: sans-serif; line-height: 1.5;\">\n    <span style=\"color: #27272a;\">Inscreva-se em nosso Canal no Whatsapp e fique por dentro de tudo que acontece na regi\u00e3o. <\/span><br \/>\n    <a href=\"https:\/\/whatsapp.com\/channel\/0029VanuE2o7z4kYjo0XVS3u\" target=\"_blank\" rel=\"noopener noreferrer\" style=\"color: #16a34a; font-weight: bold; text-decoration: underline;\">Clique Aqui!<\/a>\n<\/div>\n<\/div>\n<p><script async src=\"\/\/platform.twitter.com\/widgets.js\" charset=\"utf-8\"><\/script><br \/>\n<br \/><br \/>\n<br \/><a href=\"https:\/\/www.tribunaribeirao.com.br\/botafogo-perde-para-nautico-e-se-complica-na-serie-b\/\">Texto original daqui <\/a><\/p>\n<!-- CONTENT END 1 -->\n","protected":false},"excerpt":{"rendered":"<p>&#13; Pantera acumula terceiro rev\u00e9s consecutivo na competi\u00e7\u00e3o &#13; &#13; 3 de setembro de 2026 22:23 &#13; Compartilhar0 Por Hugo Luque O Botafogo perdeu para&#8230;<\/p>\n","protected":false},"author":1,"featured_media":91065,"comment_status":"","ping_status":"","sticky":false,"template":"","format":"standard","meta":{"advanced_seo_description":"","jetpack_seo_html_title":"","jetpack_seo_noindex":false,"jetpack_seo_schema_type":"","_jetpack_newsletter_access":"","_jetpack_dont_email_post_to_subs":false,"_jetpack_newsletter_tier_id":0,"_jetpack_memberships_contains_paywalled_content":false,"_jetpack_feature_clip_id":0,"_jetpack_memberships_contains_paid_content":false,"footnotes":"","jetpack_publicize_message":"","jetpack_publicize_feature_enabled":true,"jetpack_social_post_already_shared":true,"jetpack_social_options":{"image_generator_settings":{"template":"highway","default_image_id":0,"font":"","enabled":false},"version":2},"jetpack_post_was_ever_published":false},"categories":[11],"tags":[52,8917,8916,71,312,314],"class_list":["post-91064","post","type-post","status-publish","format-standard","has-post-thumbnail","hentry","category-noticias-de-ribeirao-preto-sp-e-regiao-ismael-colosi","tag-botafogo","tag-complica","tag-nautico","tag-para","tag-perde","tag-serie"],"jetpack_publicize_connections":[],"jetpack-related-posts":[{"id":91062,"url":"https:\/\/noticiasribeiraopreto.com.br\/index.php\/2026\/09\/03\/botafogo-perde-para-o-nautico-e-pode-terminar-a-rodada-no-z-4-da-serie-b\/","url_meta":{"origin":91064,"position":0},"title":"Botafogo perde para o N\u00e1utico e pode terminar a rodada no Z-4 da S\u00e9rie B","author":"noticiasribeiraopreto.com.br","date":"3 de September de 2026","format":false,"excerpt":"O Botafogo perdeu para o N\u00e1utico por 1 a 0 na noite desta quinta-feira (3), no Est\u00e1dio dos Aflitos, em Recife, pela 26\u00aa rodada da S\u00e9rie B do Campeonato Brasileiro. Com o resultado, o time de Ribeir\u00e3o Preto fica a tr\u00eas pontos da zona de rebaixamento, na 15\u00aa coloca\u00e7\u00e3o, e\u2026","rel":"","context":"In &quot;Not\u00edcias de Ribeir\u00e3o Preto-SP e Regi\u00e3o&quot;","block_context":{"text":"Not\u00edcias de Ribeir\u00e3o Preto-SP e Regi\u00e3o","link":"https:\/\/noticiasribeiraopreto.com.br\/index.php\/category\/noticias-de-ribeirao-preto-sp-e-regiao-ismael-colosi\/"},"img":{"alt_text":"","src":"https:\/\/i0.wp.com\/noticiasribeiraopreto.com.br\/wp-content\/uploads\/2026\/09\/botafogo-nautico.jpg?fit=1200%2C675&ssl=1&resize=350%2C200","width":350,"height":200,"srcset":"https:\/\/i0.wp.com\/noticiasribeiraopreto.com.br\/wp-content\/uploads\/2026\/09\/botafogo-nautico.jpg?fit=1200%2C675&ssl=1&resize=350%2C200 1x, https:\/\/i0.wp.com\/noticiasribeiraopreto.com.br\/wp-content\/uploads\/2026\/09\/botafogo-nautico.jpg?fit=1200%2C675&ssl=1&resize=525%2C300 1.5x, https:\/\/i0.wp.com\/noticiasribeiraopreto.com.br\/wp-content\/uploads\/2026\/09\/botafogo-nautico.jpg?fit=1200%2C675&ssl=1&resize=700%2C400 2x, https:\/\/i0.wp.com\/noticiasribeiraopreto.com.br\/wp-content\/uploads\/2026\/09\/botafogo-nautico.jpg?fit=1200%2C675&ssl=1&resize=1050%2C600 3x"},"classes":[]},{"id":77739,"url":"https:\/\/noticiasribeiraopreto.com.br\/index.php\/2025\/09\/24\/botafogo-perde-para-crb-e-se-complica-na-serie-b\/","url_meta":{"origin":91064,"position":1},"title":"Botafogo perde para CRB e se complica na S\u00e9rie B","author":"noticiasribeiraopreto.com.br","date":"24 de September de 2025","format":false,"excerpt":"Pantera deixa a desejar mais uma vez e estaciona na zona de rebaixamento 24 de setembro de 2025 21:152 Compartilhar0 Por Hugo Luque A situa\u00e7\u00e3o do Botafogo come\u00e7a a ficar cada vez mais preocupante a caminho da reta final da S\u00e9rie B do Campeonato Brasileiro. O Pantera fez mais um\u2026","rel":"","context":"In &quot;Not\u00edcias de Ribeir\u00e3o Preto-SP e Regi\u00e3o&quot;","block_context":{"text":"Not\u00edcias de Ribeir\u00e3o Preto-SP e Regi\u00e3o","link":"https:\/\/noticiasribeiraopreto.com.br\/index.php\/category\/noticias-de-ribeirao-preto-sp-e-regiao-ismael-colosi\/"},"img":{"alt_text":"","src":"https:\/\/i0.wp.com\/noticiasribeiraopreto.com.br\/wp-content\/uploads\/2025\/09\/1-CRB-x-Botafogo-Allan-Max_Divulgacao_Agencia-Botafogo-scaled.jpg?fit=1170%2C780&ssl=1&resize=350%2C200","width":350,"height":200,"srcset":"https:\/\/i0.wp.com\/noticiasribeiraopreto.com.br\/wp-content\/uploads\/2025\/09\/1-CRB-x-Botafogo-Allan-Max_Divulgacao_Agencia-Botafogo-scaled.jpg?fit=1170%2C780&ssl=1&resize=350%2C200 1x, https:\/\/i0.wp.com\/noticiasribeiraopreto.com.br\/wp-content\/uploads\/2025\/09\/1-CRB-x-Botafogo-Allan-Max_Divulgacao_Agencia-Botafogo-scaled.jpg?fit=1170%2C780&ssl=1&resize=525%2C300 1.5x, https:\/\/i0.wp.com\/noticiasribeiraopreto.com.br\/wp-content\/uploads\/2025\/09\/1-CRB-x-Botafogo-Allan-Max_Divulgacao_Agencia-Botafogo-scaled.jpg?fit=1170%2C780&ssl=1&resize=700%2C400 2x, https:\/\/i0.wp.com\/noticiasribeiraopreto.com.br\/wp-content\/uploads\/2025\/09\/1-CRB-x-Botafogo-Allan-Max_Divulgacao_Agencia-Botafogo-scaled.jpg?fit=1170%2C780&ssl=1&resize=1050%2C600 3x"},"classes":[]},{"id":84391,"url":"https:\/\/noticiasribeiraopreto.com.br\/index.php\/2026\/04\/08\/botafogo-conhece-tabela-da-6a-a-11a-rodada-da-serie-b-veja-os-detalhes\/","url_meta":{"origin":91064,"position":2},"title":"Botafogo conhece tabela da 6\u00aa \u00e0 11\u00aa rodada da S\u00e9rie B; veja os detalhes","author":"noticiasribeiraopreto.com.br","date":"8 de April de 2026","format":false,"excerpt":"Ler o resumo da not\u00edcia CBF publicou tabela da 6\u00aa \u00e0 11\u00aa rodada da S\u00e9rie B com jogos entre 22 de abril e 1\u00ba de junho. Botafogo de Ribeir\u00e3o Preto inicia sequ\u00eancia contra o Cuiab\u00e1, em 22\/4, \u00e0s 21h30, na Arena Pantanal. Advers\u00e1rios no per\u00edodo: N\u00e1utico, Novorizontino, Goi\u00e1s, Athletic-MG e\u2026","rel":"","context":"In &quot;Not\u00edcias de Ribeir\u00e3o Preto-SP e Regi\u00e3o&quot;","block_context":{"text":"Not\u00edcias de Ribeir\u00e3o Preto-SP e Regi\u00e3o","link":"https:\/\/noticiasribeiraopreto.com.br\/index.php\/category\/noticias-de-ribeirao-preto-sp-e-regiao-ismael-colosi\/"},"img":{"alt_text":"","src":"https:\/\/i0.wp.com\/noticiasribeiraopreto.com.br\/wp-content\/uploads\/2026\/04\/Imagem-do-WhatsApp-de-2025-12-01-as-13.18.24_26a34174_2025-12-01_16-21-16.webp.webp?fit=1200%2C675&ssl=1&resize=350%2C200","width":350,"height":200,"srcset":"https:\/\/i0.wp.com\/noticiasribeiraopreto.com.br\/wp-content\/uploads\/2026\/04\/Imagem-do-WhatsApp-de-2025-12-01-as-13.18.24_26a34174_2025-12-01_16-21-16.webp.webp?fit=1200%2C675&ssl=1&resize=350%2C200 1x, https:\/\/i0.wp.com\/noticiasribeiraopreto.com.br\/wp-content\/uploads\/2026\/04\/Imagem-do-WhatsApp-de-2025-12-01-as-13.18.24_26a34174_2025-12-01_16-21-16.webp.webp?fit=1200%2C675&ssl=1&resize=525%2C300 1.5x, https:\/\/i0.wp.com\/noticiasribeiraopreto.com.br\/wp-content\/uploads\/2026\/04\/Imagem-do-WhatsApp-de-2025-12-01-as-13.18.24_26a34174_2025-12-01_16-21-16.webp.webp?fit=1200%2C675&ssl=1&resize=700%2C400 2x, https:\/\/i0.wp.com\/noticiasribeiraopreto.com.br\/wp-content\/uploads\/2026\/04\/Imagem-do-WhatsApp-de-2025-12-01-as-13.18.24_26a34174_2025-12-01_16-21-16.webp.webp?fit=1200%2C675&ssl=1&resize=1050%2C600 3x"},"classes":[]},{"id":90771,"url":"https:\/\/noticiasribeiraopreto.com.br\/index.php\/2026\/08\/31\/botafogo-perde-para-cuiaba-no-santa-cruz\/","url_meta":{"origin":91064,"position":3},"title":"Botafogo perde para Cuiab\u00e1 no Santa Cruz","author":"noticiasribeiraopreto.com.br","date":"31 de August de 2026","format":false,"excerpt":"\r Pantera sai atr\u00e1s e busca empate, mas leva mais um gol e pode terminar rodada colado no Z-4\r \r 29 de agosto de 2026 21:01 \r Compartilhar1 Por Hugo Luque O Botafogo sofreu mais uma derrota pela S\u00e9rie B do Campeonato Brasileiro neste s\u00e1bado (29), por 2 a 1,\u2026","rel":"","context":"In &quot;Not\u00edcias de Ribeir\u00e3o Preto-SP e Regi\u00e3o&quot;","block_context":{"text":"Not\u00edcias de Ribeir\u00e3o Preto-SP e Regi\u00e3o","link":"https:\/\/noticiasribeiraopreto.com.br\/index.php\/category\/noticias-de-ribeirao-preto-sp-e-regiao-ismael-colosi\/"},"img":{"alt_text":"","src":"https:\/\/i0.wp.com\/noticiasribeiraopreto.com.br\/wp-content\/uploads\/2026\/08\/Botafogo-x-Cuiaba-Raul-Ramos.jpeg?fit=1143%2C762&ssl=1&resize=350%2C200","width":350,"height":200,"srcset":"https:\/\/i0.wp.com\/noticiasribeiraopreto.com.br\/wp-content\/uploads\/2026\/08\/Botafogo-x-Cuiaba-Raul-Ramos.jpeg?fit=1143%2C762&ssl=1&resize=350%2C200 1x, https:\/\/i0.wp.com\/noticiasribeiraopreto.com.br\/wp-content\/uploads\/2026\/08\/Botafogo-x-Cuiaba-Raul-Ramos.jpeg?fit=1143%2C762&ssl=1&resize=525%2C300 1.5x, https:\/\/i0.wp.com\/noticiasribeiraopreto.com.br\/wp-content\/uploads\/2026\/08\/Botafogo-x-Cuiaba-Raul-Ramos.jpeg?fit=1143%2C762&ssl=1&resize=700%2C400 2x, https:\/\/i0.wp.com\/noticiasribeiraopreto.com.br\/wp-content\/uploads\/2026\/08\/Botafogo-x-Cuiaba-Raul-Ramos.jpeg?fit=1143%2C762&ssl=1&resize=1050%2C600 3x"},"classes":[]},{"id":74579,"url":"https:\/\/noticiasribeiraopreto.com.br\/index.php\/2025\/07\/24\/botafogo-perde-para-criciuma-e-vira-lanterna-da-serie-b\/","url_meta":{"origin":91064,"position":4},"title":"Botafogo perde para Crici\u00fama e vira lanterna da S\u00e9rie B","author":"noticiasribeiraopreto.com.br","date":"24 de July de 2025","format":false,"excerpt":"Pantera sofre um gol no in\u00edcio de cada tempo e se complica 24 de julho de 2025 21:1324 de julho de 2025 21:153 Compartilhar1 Por Hugo Luque O Botafogo mais uma vez criou e finalizou mais do que o advers\u00e1rio, mas sofreu com a falta de aten\u00e7\u00e3o no in\u00edcio de\u2026","rel":"","context":"In &quot;Not\u00edcias de Ribeir\u00e3o Preto-SP e Regi\u00e3o&quot;","block_context":{"text":"Not\u00edcias de Ribeir\u00e3o Preto-SP e Regi\u00e3o","link":"https:\/\/noticiasribeiraopreto.com.br\/index.php\/category\/noticias-de-ribeirao-preto-sp-e-regiao-ismael-colosi\/"},"img":{"alt_text":"","src":"https:\/\/i0.wp.com\/noticiasribeiraopreto.com.br\/wp-content\/uploads\/2025\/07\/Tribuna-5.jpg?fit=800%2C500&ssl=1&resize=350%2C200","width":350,"height":200,"srcset":"https:\/\/i0.wp.com\/noticiasribeiraopreto.com.br\/wp-content\/uploads\/2025\/07\/Tribuna-5.jpg?fit=800%2C500&ssl=1&resize=350%2C200 1x, https:\/\/i0.wp.com\/noticiasribeiraopreto.com.br\/wp-content\/uploads\/2025\/07\/Tribuna-5.jpg?fit=800%2C500&ssl=1&resize=525%2C300 1.5x, https:\/\/i0.wp.com\/noticiasribeiraopreto.com.br\/wp-content\/uploads\/2025\/07\/Tribuna-5.jpg?fit=800%2C500&ssl=1&resize=700%2C400 2x"},"classes":[]},{"id":83494,"url":"https:\/\/noticiasribeiraopreto.com.br\/index.php\/2026\/03\/19\/botafogo-contrata-meio-campista-do-vila-nova\/","url_meta":{"origin":91064,"position":5},"title":"Botafogo contrata meio-campista do Vila Nova","author":"noticiasribeiraopreto.com.br","date":"19 de March de 2026","format":false,"excerpt":"\r Marco Ant\u00f4nio \u00e9 o sexto refor\u00e7o do Pantera para a S\u00e9rie B\r \r 19 de mar\u00e7o de 2026 13:36 \r Compartilhar1 Por Hugo Luque Com a S\u00e9rie B do Campeonato Brasileiro prestes a come\u00e7ar, o Botafogo anunciou, nesta quinta-feira (19), a contrata\u00e7\u00e3o do meio-campista Marco Ant\u00f4nio. O jogador de\u2026","rel":"","context":"In &quot;Not\u00edcias de Ribeir\u00e3o Preto-SP e Regi\u00e3o&quot;","block_context":{"text":"Not\u00edcias de Ribeir\u00e3o Preto-SP e Regi\u00e3o","link":"https:\/\/noticiasribeiraopreto.com.br\/index.php\/category\/noticias-de-ribeirao-preto-sp-e-regiao-ismael-colosi\/"},"img":{"alt_text":"","src":"https:\/\/i0.wp.com\/noticiasribeiraopreto.com.br\/wp-content\/uploads\/2026\/03\/VOL-Marco-Antonio-Heber-Gomes-scaled.jpeg?fit=1200%2C732&ssl=1&resize=350%2C200","width":350,"height":200,"srcset":"https:\/\/i0.wp.com\/noticiasribeiraopreto.com.br\/wp-content\/uploads\/2026\/03\/VOL-Marco-Antonio-Heber-Gomes-scaled.jpeg?fit=1200%2C732&ssl=1&resize=350%2C200 1x, https:\/\/i0.wp.com\/noticiasribeiraopreto.com.br\/wp-content\/uploads\/2026\/03\/VOL-Marco-Antonio-Heber-Gomes-scaled.jpeg?fit=1200%2C732&ssl=1&resize=525%2C300 1.5x, https:\/\/i0.wp.com\/noticiasribeiraopreto.com.br\/wp-content\/uploads\/2026\/03\/VOL-Marco-Antonio-Heber-Gomes-scaled.jpeg?fit=1200%2C732&ssl=1&resize=700%2C400 2x, https:\/\/i0.wp.com\/noticiasribeiraopreto.com.br\/wp-content\/uploads\/2026\/03\/VOL-Marco-Antonio-Heber-Gomes-scaled.jpeg?fit=1200%2C732&ssl=1&resize=1050%2C600 3x"},"classes":[]}],"jetpack_sharing_enabled":true,"jetpack_shortlink":"https:\/\/wp.me\/peQAOb-nGM","jetpack_featured_media_url":"https:\/\/i0.wp.com\/noticiasribeiraopreto.com.br\/wp-content\/uploads\/2026\/09\/1-Nautico-x-Botafogo-Marlon-Costa_Divulgacao_Agencia-Botafogo-scaled.jpeg?fit=780%2C780&ssl=1","_links":{"self":[{"href":"https:\/\/noticiasribeiraopreto.com.br\/index.php\/wp-json\/wp\/v2\/posts\/91064","targetHints":{"allow":["GET"]}}],"collection":[{"href":"https:\/\/noticiasribeiraopreto.com.br\/index.php\/wp-json\/wp\/v2\/posts"}],"about":[{"href":"https:\/\/noticiasribeiraopreto.com.br\/index.php\/wp-json\/wp\/v2\/types\/post"}],"author":[{"embeddable":true,"href":"https:\/\/noticiasribeiraopreto.com.br\/index.php\/wp-json\/wp\/v2\/users\/1"}],"replies":[{"embeddable":true,"href":"https:\/\/noticiasribeiraopreto.com.br\/index.php\/wp-json\/wp\/v2\/comments?post=91064"}],"version-history":[{"count":0,"href":"https:\/\/noticiasribeiraopreto.com.br\/index.php\/wp-json\/wp\/v2\/posts\/91064\/revisions"}],"wp:featuredmedia":[{"embeddable":true,"href":"https:\/\/noticiasribeiraopreto.com.br\/index.php\/wp-json\/wp\/v2\/media\/91065"}],"wp:attachment":[{"href":"https:\/\/noticiasribeiraopreto.com.br\/index.php\/wp-json\/wp\/v2\/media?parent=91064"}],"wp:term":[{"taxonomy":"category","embeddable":true,"href":"https:\/\/noticiasribeiraopreto.com.br\/index.php\/wp-json\/wp\/v2\/categories?post=91064"},{"taxonomy":"post_tag","embeddable":true,"href":"https:\/\/noticiasribeiraopreto.com.br\/index.php\/wp-json\/wp\/v2\/tags?post=91064"}],"curies":[{"name":"wp","href":"https:\/\/api.w.org\/{rel}","templated":true}]}}