{"id":91067,"date":"2026-09-04T05:52:18","date_gmt":"2026-09-04T08:52:18","guid":{"rendered":"https:\/\/noticiasribeiraopreto.com.br\/index.php\/2026\/09\/04\/feira-do-livro-recebe-nesta-sexta-a-apresentadora-do-bom-dia-brasil-ana-paula-araujo-confira-a-programacao\/"},"modified":"2026-09-04T05:52:18","modified_gmt":"2026-09-04T08:52:18","slug":"feira-do-livro-recebe-nesta-sexta-a-apresentadora-do-bom-dia-brasil-ana-paula-araujo-confira-a-programacao","status":"publish","type":"post","link":"https:\/\/noticiasribeiraopreto.com.br\/index.php\/2026\/09\/04\/feira-do-livro-recebe-nesta-sexta-a-apresentadora-do-bom-dia-brasil-ana-paula-araujo-confira-a-programacao\/","title":{"rendered":"Feira do Livro recebe nesta sexta a apresentadora do Bom Dia Brasil, Ana Paula Ara\u00fajo; Confira a programa\u00e7\u00e3o"},"content":{"rendered":"<div class='code-block code-block-1' style='margin: 8px 0 8px auto; text-align: right; display: block; clear: both;'>\n<p><a href=\"https:\/\/wa.link\/vpicfd\"><img data-recalc-dims=\"1\" class=\"wp-image-4922\" style=\"aspect-ratio: 2.0253164556962027; width: 561px; height: auto;\" src=\"https:\/\/i0.wp.com\/ismaelcolosi.com.br\/wp-content\/uploads\/2023\/11\/grupo-de-empregos-whatsapp-e-facebook-ismael-colosi-vagas.jpg?ssl=1\" alt=\"\" \/><\/a><\/p>\n<!-- \/wp:image -->\n<\/div>\n<p> <br \/>\n<\/p>\n<p>A <strong>programa\u00e7\u00e3o da 25\u00aa FIL (Feira Internacional do Livro)<\/strong> de Ribeir\u00e3o Preto segue nesta sexta-feira (4) com a participa\u00e7\u00e3o da <strong>apresentadora <\/strong>do <strong>Bom Dia Brasil<\/strong>, <strong>Ana Paula Ara\u00fajo<\/strong>, \u00e0s <strong>18h30<\/strong>, no <strong>Theatro Pedro II<\/strong>. O painel ter\u00e1 media\u00e7\u00e3o do jornalista Heitor Moreira, da EPTV.<\/p>\n<p>A entrada \u00e9 gratuita, e os ingressos ser\u00e3o distribu\u00eddos no ponto de informa\u00e7\u00f5es da Feira do Livro uma hora antes do in\u00edcio do evento.<\/p>\n<figure class=\"wp-block-image size-large\"><figcaption class=\"wp-element-caption\">Ana Paula Ara\u00fajo, apresentadora do Bom Dia Brasil \u2013 Foto: divulga\u00e7\u00e3o<\/figcaption><\/figure>\n<p class=\"has-very-light-gray-to-cyan-bluish-gray-gradient-background has-background\"><em>Receba not\u00edcias do\u00a0<strong>acidade on Ribeir\u00e3o\u00a0<\/strong>no WhatsApp e fique por dentro de tudo! Basta acessar o link<a href=\"https:\/\/chat.whatsapp.com\/DfXwcjKVIddHUT3BvnQuPZ?mode=hqctshi\" target=\"_blank\" rel=\"noreferrer noopener\">\u00a0aqui<\/a>!<\/em><\/p>\n<p>Al\u00e9m da apresentadora, os destaques ficam com Daniela Penha no Theatro Pedro II, \u00e0s 19h, e o bate-papo na Biblioteca Sinh\u00e1 Junqueira com Rodney William, tamb\u00e9m no mesmo hor\u00e1rio. \u00c0s 20h30, \u00e9 a vez do encontro com Thalita Rebou\u00e7as no Theatro Pedro II.<\/p>\n<figure class=\"wp-block-gallery has-nested-images columns-default is-cropped wp-block-gallery-1 is-layout-flex wp-block-gallery-is-layout-flex\">\n<figure class=\"wp-block-image size-large\"><img data-recalc-dims=\"1\" loading=\"lazy\" decoding=\"async\" width=\"1024\" height=\"576\" data-id=\"173520\" src=\"https:\/\/i0.wp.com\/www.acidadeon.com\/ribeiraopreto\/wp-content\/uploads\/sites\/3\/2026\/09\/Autora-Daniela-Penha-Foto-redes-sociais-%40danielapenhamb-1024x576.jpeg?resize=1024%2C576&#038;ssl=1\" alt=\"Autora Daniela Penha - Foto: redes sociais \/ @danielapenhamb\" class=\"wp-image-173520\" title=\"Feira do Livro recebe nesta sexta a apresentadora do Bom Dia Brasil, Ana Paula Ara\u00fajo; Confira a programa\u00e7\u00e3o 2\"><figcaption class=\"wp-element-caption\"> Daniela Penha \u2013 Foto: redes sociais \/ @danielapenhamb<\/figcaption><\/figure>\n<figure class=\"wp-block-image size-large\"><img data-recalc-dims=\"1\" loading=\"lazy\" decoding=\"async\" width=\"1024\" height=\"576\" data-id=\"173518\" src=\"https:\/\/i0.wp.com\/www.acidadeon.com\/ribeiraopreto\/wp-content\/uploads\/sites\/3\/2026\/09\/Escritor-e-babalorixa-Rodney-William-Eugenio-1024x576.jpeg?resize=1024%2C576&#038;ssl=1\" alt=\"Escritor e babalorix\u00e1, Rodney William Eug\u00eanio - Foto: redes sociais \/ @rodneywilliam_\" class=\"wp-image-173518\" title=\"Feira do Livro recebe nesta sexta a apresentadora do Bom Dia Brasil, Ana Paula Ara\u00fajo; Confira a programa\u00e7\u00e3o 3\"><figcaption class=\"wp-element-caption\"> Rodney William \u2013 Foto: redes sociais \/ @rodneywilliam_<\/figcaption><\/figure>\n<figure class=\"wp-block-image size-large\"><img data-recalc-dims=\"1\" loading=\"lazy\" decoding=\"async\" width=\"1024\" height=\"576\" data-id=\"173519\" src=\"https:\/\/i0.wp.com\/www.acidadeon.com\/ribeiraopreto\/wp-content\/uploads\/sites\/3\/2026\/09\/Escritora-infantojuvenil-Thalita-Reboucas-1024x576.jpeg?resize=1024%2C576&#038;ssl=1\" alt=\"Escritora infantojuvenil Thalita Rebou\u00e7as - Foto: @edurodriguesofficial\" class=\"wp-image-173519\" title=\"Feira do Livro recebe nesta sexta a apresentadora do Bom Dia Brasil, Ana Paula Ara\u00fajo; Confira a programa\u00e7\u00e3o 4\"><figcaption class=\"wp-element-caption\">Thalita Rebou\u00e7as \u2013 Foto: @edurodriguesofficial<\/figcaption><\/figure>\n<\/figure>\n<p>Espalhada por pontos de Ribeir\u00e3o Preto como a Pra\u00e7a XV de Novembro, o Theatro Pedro II e a Biblioteca Sinh\u00e1 Junqueira, a programa\u00e7\u00e3o do evento abrange conta\u00e7\u00f5es de hist\u00f3rias, oficinas criativas, viv\u00eancias liter\u00e1rias e interven\u00e7\u00f5es art\u00edsticas gratuitas ao longo do dia.<\/p>\n<h2 class=\"wp-block-heading\"><strong>Confira a programa\u00e7\u00e3o desta sexta (4)<\/strong><br \/><\/h2>\n<p><strong>8H<\/strong><\/p>\n<ul class=\"wp-block-list\">\n<li><strong>Jogo \u2022 Passa ou Repassa<\/strong><\/li>\n<li>Em uma din\u00e2mica inspirada no tradicional jogo de perguntas e respostas, os participantes s\u00e3o convidados a refletir sobre anticapacitismo, pol\u00edticas p\u00fablicas e os principais mitos relacionados \u00e0s pessoas com defici\u00eancia.<\/li>\n<li>LOCAL Pra\u00e7a XV de Novembro \u2022 Espa\u00e7o Oficinas Sesc Senac<\/li>\n<\/ul>\n<ul class=\"wp-block-list\">\n<li><strong>Oficina \u2022 Constru\u00e7\u00e3o da mem\u00f3ria<\/strong><\/li>\n<li>Conduzida pela arte-educadora L\u00eddia Quaresma, a oficina convida os participantes a personalizarem uma maquete inspirada nas viv\u00eancias dos alunos do Corassol.<\/li>\n<li>LOCAL Coreto Pra\u00e7a XV de Novembro \u2022 Espa\u00e7o Favela<\/li>\n<\/ul>\n<ul class=\"wp-block-list\">\n<li><strong>8H30<\/strong><\/li>\n<\/ul>\n<ul class=\"wp-block-list\">\n<li><strong>Interven\u00e7\u00e3o \u2022 Declama\u00e7\u00e3o de poemas<\/strong><\/li>\n<li>Em um encontro entre palavra e oralidade, a atividade aproxima o p\u00fablico de diferentes estilos e autores.<\/li>\n<li>LOCAL Pra\u00e7a XV de Novembro \u2022 Estande Prefeitura Municipal de Ribeir\u00e3o Preto<\/li>\n<\/ul>\n<ul class=\"wp-block-list\">\n<li><strong>Interven\u00e7\u00e3o \u2022 Conex\u00f5es sustent\u00e1veis: educa\u00e7\u00e3o ambiental e cidadania em movimento<\/strong><\/li>\n<li>Realizada pelo Instituto Estre, em parceria com a Secretaria Municipal de Infraestrutura e Zeladoria, a a\u00e7\u00e3o promove reflex\u00f5es sobre sustentabilidade e cidadania por meio de pr\u00e1ticas e experi\u00eancias de educa\u00e7\u00e3o ambiental.<\/li>\n<li>LOCAL Pra\u00e7a XV de Novembro \u2022 Estande Prefeitura Municipal de Ribeir\u00e3o Preto<\/li>\n<\/ul>\n<ul class=\"wp-block-list\">\n<li><strong>Conta\u00e7\u00e3o de hist\u00f3ria<\/strong><\/li>\n<li>Realizada pela equipe da Funda\u00e7\u00e3o Instituto do Livro de Ribeir\u00e3o Preto, a atividade convida o p\u00fablico a entrar no universo da narrativa oral, estimulando a imagina\u00e7\u00e3o, a escuta e o encantamento pelas hist\u00f3rias.<\/li>\n<li>LOCAL Pra\u00e7a XV de Novembro \u2022 Estande Prefeitura Municipal de Ribeir\u00e3o Preto\n<p><strong>9H<\/strong><\/li>\n<li><strong>Conta\u00e7\u00e3o de hist\u00f3rias \u2022 Cole\u00e7\u00e3o Financinhas<\/strong><\/li>\n<li>COM SICOOB COOPERAC<\/li>\n<li>A partir das hist\u00f3rias da Cole\u00e7\u00e3o Financinhas, do Instituto Sicoob, a atividade aborda temas como sonhos, escolhas, coopera\u00e7\u00e3o, consumo consciente e planejamento, incentivando as crian\u00e7as a refletirem sobre sua rela\u00e7\u00e3o com o dinheiro e com a comunidade onde vivem. De forma l\u00fadica e interativa, a experi\u00eancia une literatura, educa\u00e7\u00e3o financeira e cidadania.<\/li>\n<li>LOCAL Centro Cultural Palace \u2022 Audit\u00f3rio Pedro Paulo<\/li>\n<\/ul>\n<ul class=\"wp-block-list\">\n<li><strong>Oficina \u2022 Tudo que aprendi rimando<\/strong><\/li>\n<li>COM KAMILA ANDRADE<\/li>\n<li>A oficina apresenta a trajet\u00f3ria da rima no Brasil, mostrando como a tradi\u00e7\u00e3o da improvisa\u00e7\u00e3o percorre manifesta\u00e7\u00f5es como o repente nordestino, o partido-alto e o rap. A atividade convida os participantes a conhecerem essa express\u00e3o da cultura popular e a experimentarem a cria\u00e7\u00e3o de versos por meio da oralidade e da criatividade.<\/li>\n<li>LOCAL Pra\u00e7a XV de Novembro \u2022 Usina do Saber<\/li>\n<\/ul>\n<ul class=\"wp-block-list\">\n<li><strong>Circo \u2022 O fabuloso laborat\u00f3rio<\/strong><\/li>\n<li>COM CIA N\u00d3S MESMOS QUE SOMOS A GENTE<\/li>\n<li>Dois entregadores encontram um laborat\u00f3rio repleto de experi\u00eancias sonoras, luzes e inven\u00e7\u00f5es que despertam a curiosidade e a imagina\u00e7\u00e3o. Com linguagem circense e uma est\u00e9tica inspirada na fic\u00e7\u00e3o cient\u00edfica, o espet\u00e1culo convida crian\u00e7as, jovens e adultos a embarcarem em uma divertida jornada de descobertas.<\/li>\n<li>LOCAL Esplanada Theatro Pedro II \u2022 Ambient de Leitura\n<p><strong>Jogo \u2022 Passa ou Repassa<\/strong><\/li>\n<li>Em uma din\u00e2mica inspirada no tradicional jogo de perguntas e respostas, os participantes s\u00e3o convidados a refletir sobre anticapacitismo, pol\u00edticas p\u00fablicas e os principais mitos relacionados \u00e0s pessoas com defici\u00eancia.<\/li>\n<li>LOCAL Pra\u00e7a XV de Novembro \u2022 Espa\u00e7o Oficinas Sesc Senac\n<p><strong>9H30<\/strong><\/li>\n<li><strong>Interven\u00e7\u00e3o \u2022 RPG \u2013 jogos<\/strong><\/li>\n<li>A atividade convida o p\u00fablico a conhecer o universo dos jogos de interpreta\u00e7\u00e3o de pap\u00e9is (RPG), estimulando a imagina\u00e7\u00e3o, o trabalho em equipe e a constru\u00e7\u00e3o coletiva de hist\u00f3rias.<\/li>\n<li>LOCAL Pra\u00e7a XV de Novembro \u2022 Estande Prefeitura Municipal de Ribeir\u00e3o Preto\n<p><strong>10H<\/strong><\/li>\n<li><strong>Oficina \u2022 Media\u00e7\u00e3o de leitura e express\u00e3o criativa<\/strong><\/li>\n<li>A partir da leitura compartilhada do livro Ernesto, a oficina convida crian\u00e7as e fam\u00edlias a explorarem sentimentos e interpreta\u00e7\u00f5es despertados pela narrativa. Em seguida, os participantes transformam suas percep\u00e7\u00f5es em cria\u00e7\u00f5es com massinha de modelar, unindo literatura, imagina\u00e7\u00e3o e express\u00e3o art\u00edstica.<\/li>\n<li>LOCAL Pra\u00e7a XV de Novembro \u2022 Espa\u00e7o Oficinas Sesc Senac<\/li>\n<\/ul>\n<ul class=\"wp-block-list\">\n<li><strong>Conta\u00e7\u00e3o de hist\u00f3ria \u2022 O mundo no Black Power de Tay\u00f3<\/strong><\/li>\n<li>COM KIUSAM DE OLIVEIRA<\/li>\n<li>A escritora Kiusam de Oliveira apresenta A Hist\u00f3ria de Tay\u00f3, uma menina que encontra em seu cabelo black power a for\u00e7a de sua ancestralidade e de sua identidade. Em uma narrativa que aborda autoestima, pertencimento e enfrentamento ao preconceito, a narrativa incentiva crian\u00e7as e fam\u00edlias a refletirem sobre diversidade e valoriza\u00e7\u00e3o da cultura afro-brasileira.<\/li>\n<li>LOCAL Esplanada Theatro Pedro II \u2022 Tenda Sesc Senac\n<p><strong>10H15<\/strong><\/li>\n<li><strong>Conta\u00e7\u00e3o de hist\u00f3rias \u2022 Cole\u00e7\u00e3o Financinhas<\/strong><\/li>\n<li>COM SICOOB COOPERAC<\/li>\n<li>LOCAL Pra\u00e7a XV de Novembro \u2022 Usina do Saber\n<p><strong>10H30<\/strong><\/li>\n<li><strong>Teatro \u2022 Vozes da experi\u00eancia que protegem a inf\u00e2ncia<\/strong><\/li>\n<li>COM CRAS 1<\/li>\n<li>Mulheres participantes da oficina de teatro do CRAS 1, com idades entre 67 e 92 anos, apresentam uma montagem inspirada em hist\u00f3rias de vida e no papel da comunidade na prote\u00e7\u00e3o de crian\u00e7as e adolescentes. A atividade re\u00fane arte, conviv\u00eancia e conscientiza\u00e7\u00e3o em uma apresenta\u00e7\u00e3o coletiva. De forma l\u00fadica e acolhedora, a pe\u00e7a aborda a preven\u00e7\u00e3o ao abuso sexual infantil, fortalecendo a\u00e7\u00f5es de prote\u00e7\u00e3o, autocuidado e orienta\u00e7\u00e3o sobre formas de den\u00fancia.<\/li>\n<li>LOCAL Pra\u00e7a XV de Novembro \u2022 Estande Prefeitura Municipal de Ribeir\u00e3o Preto<\/li>\n<\/ul>\n<ul class=\"wp-block-list\">\n<li><strong>Oficina \u2022 Programa Grupo Comunit\u00e1rio de Sa\u00fade Mental<\/strong><\/li>\n<li>A atividade prop\u00f5e um espa\u00e7o de acolhimento e compartilhamento de experi\u00eancias, utilizando a cultura e o cotidiano como pontos de partida para o di\u00e1logo. Organizados em encontros coletivos, os participantes s\u00e3o estimulados a refletir sobre suas viv\u00eancias, fortalecendo v\u00ednculos e promovendo o cuidado em sa\u00fade mental.<\/li>\n<li>LOCAL Biblioteca Sinh\u00e1 Junqueira \u2022 Audit\u00f3rio<\/li>\n<\/ul>\n<ul class=\"wp-block-list\">\n<li><strong>Bate-papo \u2022 Pol\u00edcia Militar e Comunidade: Seguran\u00e7a no Mundo Digital e na Vida Real<\/strong><\/li>\n<li>COM CABO PM PAULO ROG\u00c9RIO CARDOSO E SOLDADO PM LOREN GARCIA FERREIRA<\/li>\n<li>O encontro orienta crian\u00e7as e adolescentes sobre seguran\u00e7a, cidadania e conviv\u00eancia social, abordando temas como crimes no ambiente digital, uso respons\u00e1vel das redes sociais, cyberbullying, bullying, respeito \u00e0s pessoas e ao patrim\u00f4nio p\u00fablico e privado. Promovida pela Pol\u00edcia Militar, a atividade busca estimular a reflex\u00e3o sobre as consequ\u00eancias das atitudes no mundo virtual e presencial, fortalecendo a cultura de paz, o respeito e a responsabilidade.<\/li>\n<li>LOCAL Esplanada Theatro Pedro II \u2022 Ambient de Leitura<\/li>\n<\/ul>\n<ul class=\"wp-block-list\">\n<li><strong>Interven\u00e7\u00e3o \u2022 Bibliotecas fant\u00e1sticas<\/strong><\/li>\n<li>COM GRUPO TATURANA<\/li>\n<li>Misturando teatro narrativo e teatro em miniatura, a interven\u00e7\u00e3o transforma a biblioteca e d\u00e1 novos significados aos livros, enquanto a imagina\u00e7\u00e3o conduz a cada descoberta. Com poesia, humor e delicadeza, o Grupo Taturana convida o p\u00fablico a percorrer hist\u00f3rias em que o imposs\u00edvel se torna parte da leitura e da experi\u00eancia liter\u00e1ria.<\/li>\n<li>LOCAL Esplanada Theatro Pedro II\n<p><strong>11H<\/strong><\/li>\n<li><strong>Oficina \u2022 Fotografia com celular em luz natural<\/strong><\/li>\n<li>A oficina conduz os participantes a registrar diferentes espa\u00e7os e atividades da Feira do Livro utilizando apenas o celular. Com orienta\u00e7\u00e3o de docentes do Senac Ribeir\u00e3o Preto, a atividade apresenta t\u00e9cnicas para aproveitar a luz natural e explorar os recursos dos smartphones na produ\u00e7\u00e3o de imagens.<\/li>\n<li>LOCAL Pra\u00e7a XV de Novembro \u2022 Espa\u00e7o Oficinas Sesc Senac\n<p><strong>12H<\/strong><\/li>\n<li><strong>Sarau \u2022 Espalhando sementes<\/strong><\/li>\n<li>COM SARAU AYRUM\u00c3<\/li>\n<li>Conduzido por mulheres ind\u00edgenas em contexto urbano, o sarau re\u00fane poesia, m\u00fasica, oralidade e narrativas ancestrais em um encontro que valoriza a diversidade dos povos origin\u00e1rios. A atividade cria um espa\u00e7o de escuta e partilha, fortalecendo a mem\u00f3ria, os saberes tradicionais e as express\u00f5es culturais ind\u00edgenas contempor\u00e2neas.<\/li>\n<li>LOCAL Esplanada Theatro Pedro II \u2022 Tenda Sesc Senac\n<p><strong>13H<\/strong><\/li>\n<li><strong>Jogo \u2022 Risoto<\/strong><\/li>\n<li>Os participantes aprendem t\u00e9cnicas para o preparo do risoto cl\u00e1ssico em uma oficina expositiva e dialogada que apresenta ingredientes, etapas e procedimentos da receita.<\/li>\n<li>LOCAL Pra\u00e7a XV de Novembro \u2022 Espa\u00e7o Oficinas Sesc Senac\n<p><strong>13H30<\/strong><\/li>\n<li><strong>Conta\u00e7\u00e3o de hist\u00f3rias \u2022 Cole\u00e7\u00e3o Financinhas<\/strong><\/li>\n<li>COM SICOOB COOPERAC<\/li>\n<li>LOCAL Centro Cultural Palace \u2022 Audit\u00f3rio Pedro Paulo<\/li>\n<\/ul>\n<ul class=\"wp-block-list\">\n<li><strong>Oficina \u2022 Reflex\u00f5es pr\u00e1ticas sobre economia circular<\/strong><\/li>\n<li>Realizada pela Secretaria Municipal de Infraestrutura e Zeladoria, em parceria com o Instituto Estre, a oficina apresenta conceitos de economia circular e consumo consciente, estimulando a reflex\u00e3o sobre pr\u00e1ticas ambientais aplic\u00e1veis ao cotidiano.<\/li>\n<li>LOCAL Pra\u00e7a XV de Novembro \u2022 Estande Prefeitura Municipal de Ribeir\u00e3o Preto\n<p><strong>14H<\/strong><\/li>\n<li><strong>Circo \u2022 O fabuloso laborat\u00f3rio<\/strong><\/li>\n<li>COM CIA N\u00d3S MESMOS QUE SOMOS A GENTE<\/li>\n<li>Dois entregadores encontram um laborat\u00f3rio repleto de experi\u00eancias sonoras, luzes e inven\u00e7\u00f5es que despertam a curiosidade e a imagina\u00e7\u00e3o. Com linguagem circense e uma est\u00e9tica inspirada na fic\u00e7\u00e3o cient\u00edfica, o espet\u00e1culo convida crian\u00e7as, jovens e adultos a embarcarem em uma divertida jornada de descobertas.<\/li>\n<li>LOCAL Esplanada Theatro Pedro II \u2022 Ambient de Leitura<\/li>\n<\/ul>\n<ul class=\"wp-block-list\">\n<li><strong>Conta\u00e7\u00e3o de hist\u00f3ria \u2022 O mundo no Black Power de Tay\u00f3<\/strong><\/li>\n<li>COM KIUSAM DE OLIVEIRA<\/li>\n<li>LOCAL Esplanada Theatro Pedro II \u2022 Tenda Sesc Senac\n<p><\/li>\n<li><strong>Visita mediada \u2022 Biblioteca Sinh\u00e1 Junqueira<\/strong><\/li>\n<li>A a\u00e7\u00e3o convida o p\u00fablico a conhecer a hist\u00f3ria e os espa\u00e7os da mais tradicional biblioteca de Ribeir\u00e3o Preto. O roteiro apresenta ambientes, acontecimentos e personagens ligados a Theolina Junqueira, antiga propriet\u00e1ria da casa que se tornou um importante patrim\u00f4nio hist\u00f3rico e cultural da cidade.<\/li>\n<li>LOCAL Biblioteca Sinh\u00e1 Junqueira<\/li>\n<\/ul>\n<ul class=\"wp-block-list\">\n<li><strong>Oficina \u2022 Media\u00e7\u00e3o de leitura e express\u00e3o criativa<\/strong><\/li>\n<li>LOCAL Pra\u00e7a XV de Novembro \u2022 Espa\u00e7o Oficinas Sesc Senac<\/li>\n<\/ul>\n<p><strong>14H30<\/strong><\/p>\n<ul class=\"wp-block-list\">\n<li><strong>Oficina \u2022 Tudo que aprendi rimando<\/strong><\/li>\n<li>COM KAMILA ANDRADE<\/li>\n<li>LOCAL Pra\u00e7a XV de Novembro \u2022 Usina do Saber<\/li>\n<\/ul>\n<ul class=\"wp-block-list\">\n<li><strong>Apresenta\u00e7\u00e3o escolar \u2022 Miados da hist\u00f3ria \u2013 170 anos de Ribeir\u00e3o Preto<\/strong><\/li>\n<li>Alunos da rede municipal apresentam um livro gigante que conta a hist\u00f3ria de Ribeir\u00e3o Preto a partir do olhar de um grupo de gatos.<\/li>\n<li>LOCAL Pra\u00e7a XV de Novembro \u2022 Estande Prefeitura Municipal de Ribeir\u00e3o Preto\n<p><strong>14H45<\/strong><\/li>\n<li><strong>Conta\u00e7\u00e3o de hist\u00f3rias \u2022 Cole\u00e7\u00e3o Financinhas<\/strong><\/li>\n<li>COM SICOOB COOPERAC<\/li>\n<li>LOCAL Pra\u00e7a XV de Novembro \u2022 Usina do Saber\n<p><strong>15H<\/strong><\/li>\n<li><strong>Interven\u00e7\u00e3o \u2022 Bibliotecas fant\u00e1sticas<\/strong><\/li>\n<li>COM GRUPO TATURANA<\/li>\n<li>LOCAL Esplanada Theatro Pedro II<\/li>\n<\/ul>\n<ul class=\"wp-block-list\">\n<li><strong>Interven\u00e7\u00e3o \u2022 Aprendizado<\/strong><\/li>\n<li>Em um jogo de tabuleiro em tamanho humano, os participantes conhecem as etapas de forma\u00e7\u00e3o dos Jovens Aprendizes, o desenvolvimento de compet\u00eancias e as experi\u00eancias vividas ao longo do curso. A atividade valoriza o protagonismo dos estudantes e apresenta, de forma interativa, os caminhos da aprendizagem e da prepara\u00e7\u00e3o para o mundo do trabalho.<\/li>\n<li>LOCAL Pra\u00e7a XV de Novembro \u2022 Espa\u00e7o Oficinas Sesc Senac<\/li>\n<\/ul>\n<ul class=\"wp-block-list\">\n<li><strong>Palestra \u2022 A cria\u00e7\u00e3o na cosmovis\u00e3o guarani<\/strong><\/li>\n<li>Realizada pela Secretaria Municipal da Educa\u00e7\u00e3o, a atividade apresenta a cosmovis\u00e3o Guarani sobre a cria\u00e7\u00e3o do mundo, promovendo o contato com saberes, espiritualidade e tradi\u00e7\u00f5es ind\u00edgenas. A programa\u00e7\u00e3o inclui ainda uma viv\u00eancia de canto ind\u00edgena, valorizando a oralidade e as express\u00f5es culturais tradicionais.<\/li>\n<li>LOCAL Pra\u00e7a XV de Novembro \u2022 Estande Prefeitura Municipal de Ribeir\u00e3o Preto<\/li>\n<\/ul>\n<ul class=\"wp-block-list\">\n<li><strong>Oficina \u2022 Clube do leitor<\/strong><\/li>\n<li>COM ALINE BOTELHO<\/li>\n<li>A oficina apresenta estrat\u00e9gias para a cria\u00e7\u00e3o e condu\u00e7\u00e3o de clubes de leitura, tomando como ponto de partida o tema da FIL: gera\u00e7\u00f5es e transforma\u00e7\u00e3o. A partir de obras liter\u00e1rias selecionadas, os participantes s\u00e3o convidados a refletir sobre como a leitura compartilhada amplia o di\u00e1logo, fortalece a empatia e aproxima diferentes experi\u00eancias de vida.<\/li>\n<li>LOCAL Coreto Pra\u00e7a XV de Novembro \u2022 Espa\u00e7o Favela\n<p><strong>15H30<\/strong><\/p>\n<p><strong>Bate-papo \u2022 Comida como narrativa: O Ganso Marisco e Capitu v\u00eam para o jantar<\/strong><\/li>\n<li>COM BRENO LERNER E DENISE GODINHO \u2022 MEDIA\u00c7\u00c3O DE VERA ABRIATA<\/li>\n<li>Ingredientes, receitas e mem\u00f3rias se encontram em uma conversa sobre a rela\u00e7\u00e3o entre gastronomia e literatura. Breno Lerner e Denise Godinho mostram como a comida pode contar hist\u00f3rias, revelar identidades culturais e despertar afetos, explorando a mesa como espa\u00e7o de narrativas e encontros entre diferentes tradi\u00e7\u00f5es.<\/li>\n<li>LOCAL Esplanada Theatro Pedro II \u2022 Tenda Sesc Senac\n<p><strong>Bate-papo \u2022 Pol\u00edcia Militar e Comunidade: Seguran\u00e7a no Mundo Digital e na Vida Real<\/strong><\/li>\n<li>COM CABO PM PAULO ROG\u00c9RIO CARDOSO E SOLDADO PM LOREN GARCIA FERREIRA<\/li>\n<li>LOCAL Esplanada Theatro Pedro II \u2022 Ambient de Leitura<strong><br \/><\/strong>\n<p><strong>16H<\/strong><\/li>\n<li><strong>Oficina \u2022 Biblioteca sensorial: mem\u00f3rias, aromas e percep\u00e7\u00e3o<\/strong><\/li>\n<li>Por meio de um jogo da mem\u00f3ria sensorial, a oficina convida os participantes a explorar lembran\u00e7as e experi\u00eancias despertadas pelo olfato. Diferentes aromas s\u00e3o associados a imagens e elementos visuais, proporcionando uma viv\u00eancia que une percep\u00e7\u00e3o, mem\u00f3ria e imagina\u00e7\u00e3o em uma experi\u00eancia interativa.<\/li>\n<li>LOCAL Pra\u00e7a XV de Novembro \u2022 Espa\u00e7o Oficinas Sesc Senac\n<p><strong>17H<\/strong><\/li>\n<li><strong>Oficina \u2022 Jogo da pizza<\/strong><\/li>\n<li>Em uma atividade l\u00fadica e interativa, os participantes aprendem conceitos e t\u00e9cnicas do preparo de pizza, explorando ingredientes, etapas da receita e curiosidades sobre esse tradicional prato.<\/li>\n<li>LOCAL Pra\u00e7a XV de Novembro \u2022 Espa\u00e7o Oficinas Sesc Senac<\/li>\n<\/ul>\n<ul class=\"wp-block-list\">\n<li><strong>Bate-papo \u2022 Para entender (quase) tudo sobre biodiversidade<\/strong><\/li>\n<li>COM KAMILA CAMILO E MARIA ZULMIRA DE SOUZA<\/li>\n<li>As convidadas discutem a biodiversidade para al\u00e9m dos aspectos ambientais, refletindo sobre a rela\u00e7\u00e3o entre sociedade, desenvolvimento e preserva\u00e7\u00e3o da vida. O encontro aborda os impactos da degrada\u00e7\u00e3o dos ecossistemas, das mudan\u00e7as clim\u00e1ticas e das atividades humanas, promovendo um di\u00e1logo sobre os desafios e caminhos para a constru\u00e7\u00e3o de um futuro mais sustent\u00e1vel.<\/li>\n<li>LOCAL Esplanada Theatro Pedro II \u2022 Tenda Sesc Senac\n<p><strong>18H<\/strong><\/li>\n<li><strong>Oficina \u2022 GeraLab: produtos para as gera\u00e7\u00f5es<\/strong><\/li>\n<li>Na oficina, os participantes desenvolvem prot\u00f3tipos de produtos voltados a diferentes gera\u00e7\u00f5es, estimulando a criatividade, a inova\u00e7\u00e3o e o trabalho em equipe. Ao final da atividade, os grupos apresentam suas propostas ao p\u00fablico, exercitando conceitos de empreendedorismo, comunica\u00e7\u00e3o e desenvolvimento de solu\u00e7\u00f5es.<\/li>\n<li>LOCAL Pra\u00e7a XV de Novembro \u2022 Espa\u00e7o Oficinas Sesc Senac<\/li>\n<\/ul>\n<ul class=\"wp-block-list\">\n<li><strong>Bate-papo \u2022 Preserva\u00e7\u00e3o do patrim\u00f4nio arquitet\u00f4nico e identidades culturais: experi\u00eancias de Ouro Preto e as pol\u00edticas ribeir\u00e3o-pretanas<\/strong><\/li>\n<li>COM ANGELO OSWALDO \u2022 MEDIA\u00c7\u00c3O DE BELISA BRI\u00c3O FIGUEIR\u00d3 (DOCENTE DOS CURSOS DE COMUNICA\u00c7\u00c3O DO CENTRO UNIVERSIT\u00c1RIO BAR\u00c3O DE MAU\u00c1)<\/li>\n<li>O encontro promove uma reflex\u00e3o sobre a preserva\u00e7\u00e3o do patrim\u00f4nio arquitet\u00f4nico e sua rela\u00e7\u00e3o com a constru\u00e7\u00e3o das identidades culturais, a partir das experi\u00eancias de Ouro Preto e das pol\u00edticas de preserva\u00e7\u00e3o desenvolvidas em Ribeir\u00e3o Preto.<\/li>\n<li>LOCAL Centro Cultural Palace \u2022 Audit\u00f3rio Pedro Paulo<\/li>\n<\/ul>\n<ul class=\"wp-block-list\">\n<li><strong>Viv\u00eancia \u2022 Fala, Favela<\/strong><\/li>\n<li>Neste encontro, o Espa\u00e7o Favela re\u00fane diferentes express\u00f5es da produ\u00e7\u00e3o art\u00edstica local, valorizando o protagonismo, a criatividade e a diversidade de vozes e linguagens da cidade.<\/li>\n<li>LOCAL Coreto Pra\u00e7a XV de Novembro \u2022 Espa\u00e7o Favela<\/li>\n<\/ul>\n<ul class=\"wp-block-list\">\n<li><strong>Sarau \u2022 Cultura e Arte Surda<\/strong><\/li>\n<li>COM ASSOCIA\u00c7\u00c3O DE SURDOS DE RIBEIR\u00c3O PRETO<\/li>\n<li>O encontro celebra a cultura e a arte surda atrav\u00e9s de manifesta\u00e7\u00f5es art\u00edsticas que valorizam a L\u00edngua Brasileira de Sinais (Libras), a express\u00e3o cultural e o protagonismo da comunidade surda. O sarau prop\u00f5e um espa\u00e7o de encontro, troca e reconhecimento da diversidade cultural.<\/li>\n<li>LOCAL Biblioteca Sinh\u00e1 Junqueira \u2022 Quintal\n<p><strong>18H30<\/strong><\/li>\n<li><strong><mark class=\"has-inline-color\">Participa\u00e7\u00e3o \u2022 Ana Paula Ara\u00fajo, apresentadora do\u00a0<em>Bom Dia Brasil<\/em>\u00a0<\/mark><\/strong><\/li>\n<li>A apresentadora do\u00a0<em>Bom Dia Brasil<\/em>, com media\u00e7\u00e3o do jornalista Heitor Moreira, da EPTV, vai falar sobre a carreira no jornalismo e os livros que escreveu.  Na literatura, Ana Paula \u00e9 autora de\u00a0<em>Abuso: a cultura do estupro no Brasil<\/em>, que vendeu mais de 30 mil exemplares. Em 2025, lan\u00e7ou\u00a0<em>Agress\u00e3o: A escalada da viol\u00eancia contra a mulher no Brasil<\/em>, outro livro-reportagem. Ap\u00f3s o painel,\u00a0Ana Paula Ara\u00fajo tamb\u00e9m far\u00e1 uma sess\u00e3o de aut\u00f3grafos dos livros publicados por ela.<\/li>\n<li><strong><mark class=\"has-inline-color\">LOCAL Theatro Pedro II<\/mark><\/strong>\n<\/li>\n<li><strong>Apresenta\u00e7\u00e3o musical \u2022 Lyra Orquestra de Ribeir\u00e3o Preto<\/strong><\/li>\n<li>A Lyra Orquestra de Ribeir\u00e3o Preto \u00e9 um coletivo formado exclusivamente por mulheres instrumentistas, dedicado \u00e0 valoriza\u00e7\u00e3o da representatividade feminina na m\u00fasica. A apresenta\u00e7\u00e3o re\u00fane diferentes repert\u00f3rios e celebra a diversidade, o talento e a presen\u00e7a das mulheres na cena musical. Atividade realizada pela Secretaria da Cultura e Turismo.<\/li>\n<li>LOCAL Pra\u00e7a XV de Novembro \u2022 Estande Prefeitura Municipal de Ribeir\u00e3o Preto\n<p><strong>19H<\/strong><\/li>\n<li><strong>Show \u2022 Reverbo<\/strong><\/li>\n<li>COM MARI MERENDA<\/li>\n<li>Cantora, compositora, multi-instrumentista e produtora musical, Mari Merenda apresenta o show Reverbo, reunindo composi\u00e7\u00f5es autorais que transitam entre ritmos brasileiros, pop, R&amp;B e influ\u00eancias da m\u00fasica eletr\u00f4nica. O espet\u00e1culo destaca a sonoridade constru\u00edda pela artista, reconhecida internacionalmente por seu trabalho com o instrumento africano asalato e por sua produ\u00e7\u00e3o independente.<\/li>\n<li>LOCAL Esplanada Theatro Pedro II \u2022 Tenda Sesc Senac<\/li>\n<\/ul>\n<ul class=\"wp-block-list\">\n<li><mark class=\"has-inline-color\">Bate-papo \u2022 A b\u00ean\u00e7\u00e3o aos mais velhos: di\u00e1logos entre gera\u00e7\u00f5es nos terreiros de Candombl\u00e9<\/mark><\/li>\n<li><mark class=\"has-inline-color\">COM RODNEY WILLIAM EUG\u00caNIO (ONG ARCO-\u00cdRIS)<\/mark><\/li>\n<li>Escritor, pesquisador e babalorix\u00e1, Rodney William Eug\u00eanio conduz uma conversa sobre as rela\u00e7\u00f5es entre ancestralidade, senioridade e transmiss\u00e3o de saberes nos terreiros de Candombl\u00e9. A partir de sua obra A b\u00ean\u00e7\u00e3o aos mais velhos, o encontro aborda o papel das pessoas mais velhas, o di\u00e1logo entre gera\u00e7\u00f5es e as viv\u00eancias de corpos LGBTQIAPN+ nas religi\u00f5es de matriz africana.<\/li>\n<li><mark class=\"has-inline-color\">LOCAL Biblioteca Sinh\u00e1 Junqueira \u2022 Audit\u00f3rio<\/mark><\/li>\n<\/ul>\n<ul class=\"wp-block-list\">\n<li><strong>Lan\u00e7amento de livro e bate-papo \u2022 A dan\u00e7a de Clarice e o polvo: cartografia de um corpo em busca da vida<\/strong><\/li>\n<li>A roda de conversa marca o lan\u00e7amento do livro A dan\u00e7a de Clarice e o polvo: cartografia de um corpo em busca da vida, obra que transforma em literatura a experi\u00eancia diante do diagn\u00f3stico de um c\u00e2ncer. O encontro prop\u00f5e uma reflex\u00e3o sobre vida, morte, escrita e mem\u00f3ria, valorizando a produ\u00e7\u00e3o liter\u00e1ria feminina e o di\u00e1logo sobre temas que atravessam a exist\u00eancia humana.<\/li>\n<li>LOCAL Museu Casa da Mem\u00f3ria Italiana<\/li>\n<\/ul>\n<ul class=\"wp-block-list\">\n<li><mark class=\"has-inline-color\">Palestra \u2022 Sess\u00e3o Homenageada<\/mark><\/li>\n<li><mark class=\"has-inline-color\">COM DANIELA PENHA \u2022 MEDIA\u00c7\u00c3O DE JULIANA JUDICE<\/mark><\/li>\n<li>Jornalista, escritora e pesquisadora, Daniela Penha apresenta seu trabalho dedicado \u00e0 preserva\u00e7\u00e3o da mem\u00f3ria por meio da literatura, do jornalismo e da hist\u00f3ria oral. O encontro aborda sua produ\u00e7\u00e3o liter\u00e1ria e os projetos que desenvolve na interface entre educa\u00e7\u00e3o, direitos socioambientais e narrativas de vida, destacando o papel das hist\u00f3rias na constru\u00e7\u00e3o da mem\u00f3ria coletiva.<\/li>\n<li><mark class=\"has-inline-color\">LOCAL Theatro Pedro II \u2022 Audit\u00f3rio Meira Junior<\/mark>\n<p><strong>19H30<\/strong><\/li>\n<li><strong>Oficina \u2022 Brinquedos \u00f3pticos: taumatr\u00f3pio<\/strong><\/li>\n<li>A oficina apresenta os princ\u00edpios da ilus\u00e3o de movimento por meio da constru\u00e7\u00e3o de um taumatr\u00f3pio, um dos primeiros brinquedos \u00f3pticos da hist\u00f3ria. Enquanto produzem o artefato, os participantes conhecem conceitos ligados \u00e0 persist\u00eancia retiniana e descobrem como esse fen\u00f4meno contribuiu para o surgimento da anima\u00e7\u00e3o e do cinema.<\/li>\n<li>LOCAL Pra\u00e7a XV de Novembro \u2022 Espa\u00e7o Oficinas Sesc Senac\n<p><strong><br \/>20H30<\/strong><\/li>\n<li><mark class=\"has-inline-color\">Confer\u00eancia \u2022 25 anos de Thalita Rebou\u00e7as<\/mark><\/li>\n<li>Uma das escritoras mais lidas da literatura infantojuvenil brasileira, Thalita Rebou\u00e7as celebra seus 25 anos de carreira em uma confer\u00eancia sobre sua trajet\u00f3ria como autora, o di\u00e1logo com os leitores e as transforma\u00e7\u00f5es da literatura voltada ao p\u00fablico jovem ao longo das \u00faltimas d\u00e9cadas.<\/li>\n<li><mark class=\"has-inline-color\">LOCAL Theatro Pedro II \u2022 Sala Principal<\/mark><\/li>\n<\/ul>\n<ul class=\"wp-block-list\">\n<li><strong>Teatro \u2022 Quixote: um sonho<\/strong><\/li>\n<li>COM GUT UNAERP<\/li>\n<li>Inspirado na obra de Miguel de Cervantes, o espet\u00e1culo apresenta um Dom Quixote que escolhe sonhar como forma de transformar a realidade. Entre momentos de humor, poesia e aventura, provoca uma reflex\u00e3o sobre a for\u00e7a da imagina\u00e7\u00e3o, dos ideais e da capacidade de enxergar o mundo por diferentes perspectivas.<\/li>\n<li>LOCAL Teatro Auxiliadora<\/li>\n<\/ul>\n<figure class=\"wp-block-image size-large\"><img data-recalc-dims=\"1\" loading=\"lazy\" decoding=\"async\" width=\"1024\" height=\"575\" src=\"https:\/\/i0.wp.com\/www.acidadeon.com\/ribeiraopreto\/wp-content\/uploads\/sites\/3\/2026\/08\/Em-ordem-da-esquerda-para-a-direita-Daniela-Penha-foto-divulgacao-Rodney-Eugenio-foto-divulgacao-e-Thalita-Reboucas-fotoedurodriguesofficial-1024x575.jpeg?resize=1024%2C575&#038;ssl=1\" alt=\"Em ordem, da esquerda para a direita: Daniela Penha (foto divulga\u00e7\u00e3o), Rodney Eug\u00eanio (foto divulga\u00e7\u00e3o) e Thalita Rebou\u00e7as (foto: @edurodriguesofficial)\" class=\"wp-image-172759\" title=\"Feira do Livro recebe nesta sexta a apresentadora do Bom Dia Brasil, Ana Paula Ara\u00fajo; Confira a programa\u00e7\u00e3o 5\"><figcaption class=\"wp-element-caption\">Em ordem, da esquerda para a direita: Daniela Penha (foto divulga\u00e7\u00e3o), Rodney Eug\u00eanio (foto divulga\u00e7\u00e3o) e Thalita Rebou\u00e7as (foto: @edurodriguesofficial)<\/figcaption><\/figure>\n<h2 class=\"wp-block-heading\" id=\"programacao-permanente\"><strong>Programa\u00e7\u00e3o Permanente<\/strong><\/h2>\n<p><strong>(Todos os dias, das 8h \u00e0s 20h, exceto onde indicado o contr\u00e1rio)<\/strong><\/p>\n<p>R\u00e1dio Unaerp (Todos os dias, das 9h \u00e0s 20h): Estudantes de jornalismo realizam cobertura ao vivo com entrevistas, not\u00edcias e reportagens especiais dispon\u00edveis no Facebook, YouTube e site da Unaerp. (Local: Pra\u00e7a XV de Novembro)\u00a0<\/p>\n<p>Exposi\u00e7\u00e3o Educativa Preven\u00e7\u00e3o: escorpi\u00f5es, roedores, morcegos e dengue: Promovida pela Secretaria da Sa\u00fade para orientar o p\u00fablico sobre cuidados e medidas de preven\u00e7\u00e3o no ambiente urbano. (Local: Pra\u00e7a XV de Novembro \u2013 Estande Prefeitura Municipal de Ribeir\u00e3o Preto)\u00a0<\/p>\n<p>Usina do Saber: Ambiente de aprendizado assinado pela Usina Alta Mogiana, com oficinas voltadas a diferentes p\u00fablicos e faixas et\u00e1rias. (Local: Pra\u00e7a XV de Novembro)\u00a0<\/p>\n<p>Exposi\u00e7\u00e3o Palavras que florescem: mem\u00f3rias de afetos e resist\u00eancias (Por ONG Arco-\u00cdris, todos os dias das 9h \u00e0s 18h): Instala\u00e7\u00e3o sensorial com cartazes po\u00e9ticos, fotografias e cores sobre mem\u00f3rias, afetos e resist\u00eancias da comunidade LGBTQIAPN+. (Local: Biblioteca Sinh\u00e1 Junqueira \u2013 Quintal)\u00a0<\/p>\n<p>Exposi\u00e7\u00e3o Asteroide B-612 onde mora o essencial (Por ALARP, todos os dias das 9h \u00e0s 20h): Mostra inspirada em O Pequeno Pr\u00edncipe, explorando sentimentos e v\u00ednculos por meio de linguagem autoral. (Local: Centro Cultural Palace)\u00a0<\/p>\n<p>Painel Interativo: O que \u00e9 inclus\u00e3o para voc\u00ea?: Promovido pela Secretaria da Cidadania, Pessoa com Defici\u00eancia e Inclus\u00e3o Social, convidando o p\u00fablico a fixar post-its em um mural coletivo. (Local: Pra\u00e7a XV de Novembro \u2013 Estande Prefeitura Municipal de Ribeir\u00e3o Preto)\u00a0<\/p>\n<p>Bibliocasa: Espa\u00e7o de doa\u00e7\u00e3o de livros (exceto t\u00e9cnicas, did\u00e1ticas, apostilas e enciclop\u00e9dias) em parceria com a Necta G\u00e1s Natural. (Local: Pra\u00e7a XV de Novembro)\u00a0<\/p>\n<p>Laborat\u00f3rio de Ideias: Espa\u00e7o assinado pela Necta G\u00e1s Natural onde as Dras. Bio e Gia recebem visitantes para experi\u00eancias voltadas \u00e0 sustentabilidade e literatura. (Local: Pra\u00e7a XV de Novembro | Aberto todos os dias das 8h \u00e0s 20h, com hor\u00e1rios espec\u00edficos de segunda a sexta para agendamento escolar)\u00a0<\/p>\n<p>\u00d4nibus Livro Vivo: \u00d4nibus itinerante com acervo de mais de mil t\u00edtulos e atividades culturais para crian\u00e7as. (Local: Pra\u00e7a XV de Novembro)\u00a0<\/p>\n<p>Espa\u00e7o Mude um H\u00e1bito: Ambiente de troca de livros, descanso e leitura assinado pela Unimed Ribeir\u00e3o Preto. (Local: Pra\u00e7a XV de Novembro)\u00a0<\/p>\n<p>Atividades de racioc\u00ednio (Jogos interativos: xadrez e damas): Promovido pela Secretaria de Esportes para incentivar o racioc\u00ednio l\u00f3gico e a conviv\u00eancia. (Local: Pra\u00e7a XV de Novembro \u2013 Estande Prefeitura Municipal de Ribeir\u00e3o Preto)\u00a0<\/p>\n<p>Espa\u00e7o Autores da Casa: Estande de lan\u00e7amentos, sess\u00f5es de aut\u00f3grafos e circula\u00e7\u00e3o de escritores independentes, com comercializa\u00e7\u00e3o em parceria com a livraria A Degustadora de Hist\u00f3rias. (Local: Pra\u00e7a XV de Novembro)\u00a0<\/p>\n<p>Espa\u00e7o Autores Locais (Ribeir\u00e3o em Letras): Ponto de encontro tradicional para autores de Ribeir\u00e3o Preto com apoio de entidades liter\u00e1rias locais (CPERP, UEI, Casa do Poeta, Ordem dos Trovadores e ALARP). (Local: Centro Cultural Palace)\u00a0<\/p>\n<p>Estande da Prefeitura de Ribeir\u00e3o Preto: Espa\u00e7o dedicado \u00e0 valoriza\u00e7\u00e3o da cultura local com programa\u00e7\u00e3o di\u00e1ria de apresenta\u00e7\u00f5es art\u00edsticas. (Local: Pra\u00e7a XV de Novembro)\u00a0<\/p>\n<p>Espa\u00e7o Oficinas Sesc Senac: Oficinas variadas para todas as idades (necess\u00e1ria retirada de senha 30 minutos antes). (Local: Pra\u00e7a XV de Novembro)\u00a0<\/p>\n<p>Ambient de Leitura: Espa\u00e7o da GS Inima Ambient com conta\u00e7\u00f5es de hist\u00f3rias, apresenta\u00e7\u00f5es circenses e shows musicais. (Local: Pra\u00e7a XV de Novembro)\u00a0<\/p>\n<p>Espa\u00e7o Favela: Organizado pela CUFA-RP no Coreto, reunindo exposi\u00e7\u00f5es, debates, rodas de conversa e apresenta\u00e7\u00f5es da cultura perif\u00e9rica. (Local: Pra\u00e7a XV de Novembro)\u00a0<\/p>\n<p>Tenda Sesc Senac: Espa\u00e7o em frente ao Theatro Pedro II com lan\u00e7amentos, conta\u00e7\u00f5es de hist\u00f3ria, bate-papos, debates, apresenta\u00e7\u00f5es musicais e livraria das Edi\u00e7\u00f5es Sesc (com tradu\u00e7\u00e3o em Libras e distribui\u00e7\u00e3o de abafadores). (Local: Pra\u00e7a XV de Novembro)\u00a0<\/p>\n<p>Instala\u00e7\u00e3o M\u00e1quina do Tempo: Uma viagem pela FIL: Percurso interativo pela hist\u00f3ria dos 25 anos da feira (segunda a sexta com hor\u00e1rios espec\u00edficos para agendamento escolar). (Local: Pra\u00e7a XV de Novembro)\u00a0<\/p>\n<p>Oficina IA na pr\u00e1tica: crie personagens de obras liter\u00e1rias com intelig\u00eancia artificial (Com Funtec, dias 30 de agosto e 5 de setembro \u00e0s 18h): Atividade pr\u00e1tica de cria\u00e7\u00e3o de imagens digitais via celular. (Local: Pra\u00e7a XV de Novembro \u2013 Estande Prefeitura Municipal)\u00a0<\/p>\n<p>Feira Coisa Boa (Dias 30 de agosto e 5 de setembro, das 10h \u00e0s 20h): Ocupa\u00e7\u00e3o dedicada \u00e0 economia criativa, produ\u00e7\u00e3o independente e oficinas. (Local: Pra\u00e7a XV de Novembro)<\/p>\n<h2 class=\"wp-block-heading\"><strong>Retirada de senhas <\/strong><\/h2>\n<p>Para participar das atividades no Theatro Pedro II \u00e9 necess\u00e1rio retirar a senha de acesso com <mark class=\"has-inline-color\"><\/mark><mark class=\"has-inline-color\">uma hora de anteced\u00eancia<\/mark>. A distribui\u00e7\u00e3o das senhas ocorre na <mark class=\"has-inline-color\"><\/mark><mark class=\"has-inline-color\">Central de Informa\u00e7\u00f5es da FIL, localizada na Esplanada do Theatro Pedro II<\/mark>.<\/p>\n<p>Para o <mark class=\"has-inline-color\">Espa\u00e7o de Oficinas Sesc Senac<\/mark>, \u00e9 necess\u00e1rio <mark class=\"has-inline-color\">retirar as senhas 30 minutos antes de cada atividade no pr\u00f3prio espa\u00e7o<\/mark>. Nos <mark class=\"has-inline-color\">demais locais<\/mark>, a entrada ser\u00e1 por <mark class=\"has-inline-color\">ordem de chegada<\/mark>, respeitando a capacidade de cada espa\u00e7o. A programa\u00e7\u00e3o completa de todos os dias e agendamento escolar est\u00e3o no site oficial da <a href=\"https:\/\/www.fundacaodolivroeleiturarp.com\/\" data-type=\"link\" data-id=\"https:\/\/www.fundacaodolivroeleiturarp.com\/\" target=\"_blank\" rel=\"noopener\">Funda\u00e7\u00e3o do Livro e Leitura de Ribeir\u00e3o Preto<\/a>.<\/p>\n<h2 class=\"wp-block-heading\" id=\"servico\"><strong>Servi\u00e7o<\/strong><\/h2>\n<p><strong>25\u00aa Feira Internacional do Livro de Ribeir\u00e3o Preto<\/strong><\/p>\n<p><strong>Onde:\u00a0<\/strong>Esplanada do Theatro Pedro II, Pra\u00e7a XV de Novembro e diversos pontos culturais de Ribeir\u00e3o Preto (SP).<br \/><strong>Quando:\u00a0<\/strong>Todos os dias at\u00e9 5 de setembro.<br \/><strong>Quanto:\u00a0<\/strong>Entrada gratuita em toda a programa\u00e7\u00e3o.<br \/><strong>Informa\u00e7\u00f5es:\u00a0<\/strong>Para participar das atividades no Theatro Pedro II \u00e9 necess\u00e1rio retirar a senha de acesso com uma hora de anteced\u00eancia. A distribui\u00e7\u00e3o das senhas ocorre na Central de Informa\u00e7\u00f5es da FIL, localizada na Esplanada do Theatro Pedro II. Para o Espa\u00e7o de Oficinas Sesc Senac, \u00e9 necess\u00e1rio retirar as senhas 30 minutos antes de cada atividade no pr\u00f3prio espa\u00e7o. Nos demais locais, a entrada ser\u00e1 por ordem de chegada, respeitando a capacidade de cada espa\u00e7o. Programa\u00e7\u00e3o completa e agendamento escolar no\u00a0<a href=\"https:\/\/www.fundacaodolivroeleiturarp.com\/\" target=\"_blank\" rel=\"noreferrer noopener\">site oficial da Funda\u00e7\u00e3o do Livro e Leitura de Ribeir\u00e3o Preto<\/a>.<\/p>\n<p class=\"has-very-light-gray-to-cyan-bluish-gray-gradient-background has-background\"><em>Fa\u00e7a uma den\u00fancia ou sugira uma reportagem sobre\u00a0<strong>Ribeir\u00e3o Preto\u00a0<\/strong>e regi\u00e3o por meio do WhatsApp do\u00a0<strong>acidade on Ribeir\u00e3o<\/strong>: (16) 99117-7802.<\/em><\/p>\n<p>O post Feira do Livro recebe nesta sexta a apresentadora do Bom Dia Brasil, Ana Paula Ara\u00fajo; Confira a programa\u00e7\u00e3o apareceu primeiro em ACidade ON Ribeir\u00e3o Preto.<\/p>\n<p><br \/>\n<br \/><a href=\"https:\/\/www.acidadeon.com\/ribeiraopreto\/lazer-e-cultura\/feira-do-livro-recebe-nesta-sexta-a-apresentadora-do-bom-dia-brasil-ana-paula-araujo-confira-a-programacao\/\">Link para o texto original aqui <\/a><\/p>\n<!-- CONTENT END 1 -->\n","protected":false},"excerpt":{"rendered":"<p>A programa\u00e7\u00e3o da 25\u00aa FIL (Feira Internacional do Livro) de Ribeir\u00e3o Preto segue nesta sexta-feira (4) com a participa\u00e7\u00e3o da apresentadora do Bom Dia Brasil,&#8230;<\/p>\n","protected":false},"author":1,"featured_media":91068,"comment_status":"","ping_status":"","sticky":false,"template":"","format":"standard","meta":{"advanced_seo_description":"","jetpack_seo_html_title":"","jetpack_seo_noindex":false,"jetpack_seo_schema_type":"","_jetpack_newsletter_access":"","_jetpack_dont_email_post_to_subs":false,"_jetpack_newsletter_tier_id":0,"_jetpack_memberships_contains_paywalled_content":false,"_jetpack_feature_clip_id":0,"_jetpack_memberships_contains_paid_content":false,"footnotes":"","jetpack_publicize_message":"","jetpack_publicize_feature_enabled":true,"jetpack_social_post_already_shared":true,"jetpack_social_options":{"image_generator_settings":{"template":"highway","default_image_id":0,"font":"","enabled":false},"version":2},"jetpack_post_was_ever_published":false},"categories":[11],"tags":[5457,8918,3219,1238,137,269,142,202,508,207,2640,70,407,26,513],"class_list":["post-91067","post","type-post","status-publish","format-standard","has-post-thumbnail","hentry","category-noticias-de-ribeirao-preto-sp-e-regiao-ismael-colosi","tag-ana","tag-apresentadora","tag-araujo","tag-bom","tag-brasil","tag-confira","tag-dia","tag-feira","tag-livro","tag-nesta","tag-paula","tag-programacao","tag-recebe","tag-ribeirao","tag-sexta"],"jetpack_publicize_connections":[],"jetpack-related-posts":[{"id":90844,"url":"https:\/\/noticiasribeiraopreto.com.br\/index.php\/2026\/08\/31\/jornalista-e-escritora-ana-paula-araujo-participa-da-feira-do-livro-de-ribeirao-preto\/","url_meta":{"origin":91067,"position":0},"title":"Jornalista e escritora Ana Paula Ara\u00fajo participa da Feira do Livro de Ribeir\u00e3o Preto","author":"noticiasribeiraopreto.com.br","date":"31 de August de 2026","format":false,"excerpt":"A jornalista e escritora Ana Paula Ara\u00fajo participa da Feira Internacional do Livro de Ribeir\u00e3o Preto no dia 4 de setembro, \u00e0s 18h30, no Theatro Pedro II. A apresentadora do Bom Dia Brasil vai falar sobre a carreira no jornalismo e os livros que escreveu. O painel ter\u00e1 media\u00e7\u00e3o do\u2026","rel":"","context":"In &quot;Not\u00edcias de Ribeir\u00e3o Preto-SP e Regi\u00e3o&quot;","block_context":{"text":"Not\u00edcias de Ribeir\u00e3o Preto-SP e Regi\u00e3o","link":"https:\/\/noticiasribeiraopreto.com.br\/index.php\/category\/noticias-de-ribeirao-preto-sp-e-regiao-ismael-colosi\/"},"img":{"alt_text":"","src":"https:\/\/i0.wp.com\/noticiasribeiraopreto.com.br\/wp-content\/uploads\/2026\/08\/ana-paula-araujo.jpg?fit=1200%2C675&ssl=1&resize=350%2C200","width":350,"height":200,"srcset":"https:\/\/i0.wp.com\/noticiasribeiraopreto.com.br\/wp-content\/uploads\/2026\/08\/ana-paula-araujo.jpg?fit=1200%2C675&ssl=1&resize=350%2C200 1x, https:\/\/i0.wp.com\/noticiasribeiraopreto.com.br\/wp-content\/uploads\/2026\/08\/ana-paula-araujo.jpg?fit=1200%2C675&ssl=1&resize=525%2C300 1.5x, https:\/\/i0.wp.com\/noticiasribeiraopreto.com.br\/wp-content\/uploads\/2026\/08\/ana-paula-araujo.jpg?fit=1200%2C675&ssl=1&resize=700%2C400 2x, https:\/\/i0.wp.com\/noticiasribeiraopreto.com.br\/wp-content\/uploads\/2026\/08\/ana-paula-araujo.jpg?fit=1200%2C675&ssl=1&resize=1050%2C600 3x"},"classes":[]},{"id":66990,"url":"https:\/\/noticiasribeiraopreto.com.br\/index.php\/2025\/04\/08\/paula-lima-e-chic-hernandez-veja-a-programacao-da-semana-do-livro-leitura-e-biblioteca-de-jardinopolis\/","url_meta":{"origin":91067,"position":1},"title":"Paula Lima e Chic Hernandez: Veja a programa\u00e7\u00e3o da Semana do Livro, Leitura e Biblioteca de Jardin\u00f3polis","author":"noticiasribeiraopreto.com.br","date":"8 de April de 2025","format":false,"excerpt":"Acontece entre os dias 10 e 13 de abril a sexta edi\u00e7\u00e3o da Semana do Livro, Leitura e Biblioteca de Jardin\u00f3polis, na regi\u00e3o de Ribeir\u00e3o Preto. A programa\u00e7\u00e3o conta com shows de Paula Lima e Chic Hernandez. A entrada \u00e9 gratuita. As atividades acontecem na Pra\u00e7a da Matriz. Nesta edi\u00e7\u00e3o,\u2026","rel":"","context":"In &quot;Not\u00edcias de Ribeir\u00e3o Preto-SP e Regi\u00e3o&quot;","block_context":{"text":"Not\u00edcias de Ribeir\u00e3o Preto-SP e Regi\u00e3o","link":"https:\/\/noticiasribeiraopreto.com.br\/index.php\/category\/noticias-de-ribeirao-preto-sp-e-regiao-ismael-colosi\/"},"img":{"alt_text":"","src":"https:\/\/i0.wp.com\/noticiasribeiraopreto.com.br\/wp-content\/uploads\/2025\/04\/0d110ce2-0bdd-4cb4-a579-18d8f28cd043-960x742-1_2025-04-08_12-01-32_jpeg_2025-04-08_12-01-32.webp.webp?fit=960%2C742&ssl=1&resize=350%2C200","width":350,"height":200,"srcset":"https:\/\/i0.wp.com\/noticiasribeiraopreto.com.br\/wp-content\/uploads\/2025\/04\/0d110ce2-0bdd-4cb4-a579-18d8f28cd043-960x742-1_2025-04-08_12-01-32_jpeg_2025-04-08_12-01-32.webp.webp?fit=960%2C742&ssl=1&resize=350%2C200 1x, https:\/\/i0.wp.com\/noticiasribeiraopreto.com.br\/wp-content\/uploads\/2025\/04\/0d110ce2-0bdd-4cb4-a579-18d8f28cd043-960x742-1_2025-04-08_12-01-32_jpeg_2025-04-08_12-01-32.webp.webp?fit=960%2C742&ssl=1&resize=525%2C300 1.5x, https:\/\/i0.wp.com\/noticiasribeiraopreto.com.br\/wp-content\/uploads\/2025\/04\/0d110ce2-0bdd-4cb4-a579-18d8f28cd043-960x742-1_2025-04-08_12-01-32_jpeg_2025-04-08_12-01-32.webp.webp?fit=960%2C742&ssl=1&resize=700%2C400 2x"},"classes":[]},{"id":76327,"url":"https:\/\/noticiasribeiraopreto.com.br\/index.php\/2025\/08\/26\/sesi-ribeirao-preto-promove-feira-de-troca-de-livros-e-contacao-de-historias\/","url_meta":{"origin":91067,"position":2},"title":"Sesi Ribeir\u00e3o Preto promove feira de troca de livros e conta\u00e7\u00e3o de hist\u00f3rias","author":"noticiasribeiraopreto.com.br","date":"26 de August de 2025","format":false,"excerpt":"O Sesi Ribeir\u00e3o Preto recebe no pr\u00f3ximo dia 7 de setembro uma programa\u00e7\u00e3o cultural gratuita voltada para toda a fam\u00edlia. Das 14h \u00e0s 18h, o p\u00fablico poder\u00e1 participar da Feira de Troca de Livros, e, \u00e0s 16h, prestigiar a apresenta\u00e7\u00e3o da Tricotando Palavras, que traz ao palco contos populares do\u2026","rel":"","context":"In &quot;Not\u00edcias de Ribeir\u00e3o Preto-SP e Regi\u00e3o&quot;","block_context":{"text":"Not\u00edcias de Ribeir\u00e3o Preto-SP e Regi\u00e3o","link":"https:\/\/noticiasribeiraopreto.com.br\/index.php\/category\/noticias-de-ribeirao-preto-sp-e-regiao-ismael-colosi\/"},"img":{"alt_text":"","src":"https:\/\/i0.wp.com\/noticiasribeiraopreto.com.br\/wp-content\/uploads\/2025\/08\/6ca73552-6c46-46c7-bdae-e67d405f6388_2025-08-25_14-21-39.webp.webp?fit=1066%2C600&ssl=1&resize=350%2C200","width":350,"height":200,"srcset":"https:\/\/i0.wp.com\/noticiasribeiraopreto.com.br\/wp-content\/uploads\/2025\/08\/6ca73552-6c46-46c7-bdae-e67d405f6388_2025-08-25_14-21-39.webp.webp?fit=1066%2C600&ssl=1&resize=350%2C200 1x, https:\/\/i0.wp.com\/noticiasribeiraopreto.com.br\/wp-content\/uploads\/2025\/08\/6ca73552-6c46-46c7-bdae-e67d405f6388_2025-08-25_14-21-39.webp.webp?fit=1066%2C600&ssl=1&resize=525%2C300 1.5x, https:\/\/i0.wp.com\/noticiasribeiraopreto.com.br\/wp-content\/uploads\/2025\/08\/6ca73552-6c46-46c7-bdae-e67d405f6388_2025-08-25_14-21-39.webp.webp?fit=1066%2C600&ssl=1&resize=700%2C400 2x, https:\/\/i0.wp.com\/noticiasribeiraopreto.com.br\/wp-content\/uploads\/2025\/08\/6ca73552-6c46-46c7-bdae-e67d405f6388_2025-08-25_14-21-39.webp.webp?fit=1066%2C600&ssl=1&resize=1050%2C600 3x"},"classes":[]},{"id":75804,"url":"https:\/\/noticiasribeiraopreto.com.br\/index.php\/2025\/08\/15\/veja-a-programacao-da-feira-do-livro-de-ribeirao-preto-evento-comeca-nesta-sexta\/","url_meta":{"origin":91067,"position":3},"title":"Veja a programa\u00e7\u00e3o da Feira do Livro de Ribeir\u00e3o Preto; evento come\u00e7a nesta sexta","author":"noticiasribeiraopreto.com.br","date":"15 de August de 2025","format":false,"excerpt":"A 24\u00aa FIL (Feira Internacional do Livro de Ribeir\u00e3o Preto) abre oficialmente nesta sexta-feira (15), \u00e0s 19h30, no Theatro Pedro II. A recep\u00e7\u00e3o fica por conta do Coral Unaerp, seguido por um espet\u00e1culo dirigido por Gracyela Gitirana. Clique aqui\u00a0e veja a programa\u00e7\u00e3o completa. Com o tema \u201cFuturos Poss\u00edveis: entre linhas\u2026","rel":"","context":"In &quot;Not\u00edcias de Ribeir\u00e3o Preto-SP e Regi\u00e3o&quot;","block_context":{"text":"Not\u00edcias de Ribeir\u00e3o Preto-SP e Regi\u00e3o","link":"https:\/\/noticiasribeiraopreto.com.br\/index.php\/category\/noticias-de-ribeirao-preto-sp-e-regiao-ismael-colosi\/"},"img":{"alt_text":"","src":"https:\/\/i0.wp.com\/noticiasribeiraopreto.com.br\/wp-content\/uploads\/2025\/08\/a384ca67-ba2c-458d-b5bc-c1aa1591a44e_2024-08-06_16-06-42_jpg_2024-08-06_16-06-43.webp.webp?fit=990%2C660&ssl=1&resize=350%2C200","width":350,"height":200,"srcset":"https:\/\/i0.wp.com\/noticiasribeiraopreto.com.br\/wp-content\/uploads\/2025\/08\/a384ca67-ba2c-458d-b5bc-c1aa1591a44e_2024-08-06_16-06-42_jpg_2024-08-06_16-06-43.webp.webp?fit=990%2C660&ssl=1&resize=350%2C200 1x, https:\/\/i0.wp.com\/noticiasribeiraopreto.com.br\/wp-content\/uploads\/2025\/08\/a384ca67-ba2c-458d-b5bc-c1aa1591a44e_2024-08-06_16-06-42_jpg_2024-08-06_16-06-43.webp.webp?fit=990%2C660&ssl=1&resize=525%2C300 1.5x, https:\/\/i0.wp.com\/noticiasribeiraopreto.com.br\/wp-content\/uploads\/2025\/08\/a384ca67-ba2c-458d-b5bc-c1aa1591a44e_2024-08-06_16-06-42_jpg_2024-08-06_16-06-43.webp.webp?fit=990%2C660&ssl=1&resize=700%2C400 2x"},"classes":[]},{"id":58274,"url":"https:\/\/noticiasribeiraopreto.com.br\/index.php\/2024\/09\/23\/ana-maria-braga-visita-casa-e-cidade-em-que-viveu-na-regiao-de-ribeirao-video\/","url_meta":{"origin":91067,"position":4},"title":"Ana Maria Braga visita casa e cidade em que viveu na regi\u00e3o de Ribeir\u00e3o; V\u00eddeo","author":"noticiasribeiraopreto.com.br","date":"23 de September de 2024","format":false,"excerpt":"A chef de cozinha e jornalista Ana Maria Braga fez um passeio de carro por S\u00e3o Joaquim da Barra, na regi\u00e3o de Ribeir\u00e3o Preto, na \u00faltima sexta-feira (20). A apresentadora do Programa Mais Voc\u00ea, da TV Globo, \u00e9 nascida no munic\u00edpio. Em suas redes sociais, a comunicadora de 75 anos\u2026","rel":"","context":"In &quot;Not\u00edcias de Ribeir\u00e3o Preto-SP e Regi\u00e3o&quot;","block_context":{"text":"Not\u00edcias de Ribeir\u00e3o Preto-SP e Regi\u00e3o","link":"https:\/\/noticiasribeiraopreto.com.br\/index.php\/category\/noticias-de-ribeirao-preto-sp-e-regiao-ismael-colosi\/"},"img":{"alt_text":"","src":"https:\/\/i0.wp.com\/noticiasribeiraopreto.com.br\/wp-content\/uploads\/2024\/09\/Copia-de-Copia-de-Copia-de-TAMANHO-EXATO-PARA-FOTOS-NO-SISTEMA-NOVO-68_2024-09-23_18-24-24_png_2024-09-23_18-24-24.webp.webp?fit=1200%2C675&ssl=1&resize=350%2C200","width":350,"height":200,"srcset":"https:\/\/i0.wp.com\/noticiasribeiraopreto.com.br\/wp-content\/uploads\/2024\/09\/Copia-de-Copia-de-Copia-de-TAMANHO-EXATO-PARA-FOTOS-NO-SISTEMA-NOVO-68_2024-09-23_18-24-24_png_2024-09-23_18-24-24.webp.webp?fit=1200%2C675&ssl=1&resize=350%2C200 1x, https:\/\/i0.wp.com\/noticiasribeiraopreto.com.br\/wp-content\/uploads\/2024\/09\/Copia-de-Copia-de-Copia-de-TAMANHO-EXATO-PARA-FOTOS-NO-SISTEMA-NOVO-68_2024-09-23_18-24-24_png_2024-09-23_18-24-24.webp.webp?fit=1200%2C675&ssl=1&resize=525%2C300 1.5x, https:\/\/i0.wp.com\/noticiasribeiraopreto.com.br\/wp-content\/uploads\/2024\/09\/Copia-de-Copia-de-Copia-de-TAMANHO-EXATO-PARA-FOTOS-NO-SISTEMA-NOVO-68_2024-09-23_18-24-24_png_2024-09-23_18-24-24.webp.webp?fit=1200%2C675&ssl=1&resize=700%2C400 2x, https:\/\/i0.wp.com\/noticiasribeiraopreto.com.br\/wp-content\/uploads\/2024\/09\/Copia-de-Copia-de-Copia-de-TAMANHO-EXATO-PARA-FOTOS-NO-SISTEMA-NOVO-68_2024-09-23_18-24-24_png_2024-09-23_18-24-24.webp.webp?fit=1200%2C675&ssl=1&resize=1050%2C600 3x"},"classes":[]},{"id":89373,"url":"https:\/\/noticiasribeiraopreto.com.br\/index.php\/2026\/08\/04\/programacao-da-feira-internacional-do-livro-de-ribeirao-preto-tem-data-marcada-para-ser-apresentada-veja-quando\/","url_meta":{"origin":91067,"position":5},"title":"Programa\u00e7\u00e3o da Feira Internacional do Livro de Ribeir\u00e3o Preto tem data marcada para ser apresentada; Veja quando","author":"noticiasribeiraopreto.com.br","date":"4 de August de 2026","format":false,"excerpt":"A Funda\u00e7\u00e3o do Livro e Leitura de Ribeir\u00e3o Preto apresenta a programa\u00e7\u00e3o oficial da 25\u00aa edi\u00e7\u00e3o da FIL (Feira Internacional do Livro), que tem como tema central \u201cX, Y, Z, Alpha, Beta \u2013 Gera\u00e7\u00f5es Liter\u00e1rias\u201d. O evento acontece nesta sexta-feira (7), \u00e0s 9h, no Stream Hot\u00e9is e re\u00fane imprensa, patrocinadores,\u2026","rel":"","context":"In &quot;Not\u00edcias de Ribeir\u00e3o Preto-SP e Regi\u00e3o&quot;","block_context":{"text":"Not\u00edcias de Ribeir\u00e3o Preto-SP e Regi\u00e3o","link":"https:\/\/noticiasribeiraopreto.com.br\/index.php\/category\/noticias-de-ribeirao-preto-sp-e-regiao-ismael-colosi\/"},"img":{"alt_text":"","src":"https:\/\/i0.wp.com\/noticiasribeiraopreto.com.br\/wp-content\/uploads\/2026\/08\/Lancamento-Oficial-da-Programacao-acontece-07-de-agosto-de-2026-sexta-feira-as-9h.jpeg?fit=960%2C461&ssl=1&resize=350%2C200","width":350,"height":200,"srcset":"https:\/\/i0.wp.com\/noticiasribeiraopreto.com.br\/wp-content\/uploads\/2026\/08\/Lancamento-Oficial-da-Programacao-acontece-07-de-agosto-de-2026-sexta-feira-as-9h.jpeg?fit=960%2C461&ssl=1&resize=350%2C200 1x, https:\/\/i0.wp.com\/noticiasribeiraopreto.com.br\/wp-content\/uploads\/2026\/08\/Lancamento-Oficial-da-Programacao-acontece-07-de-agosto-de-2026-sexta-feira-as-9h.jpeg?fit=960%2C461&ssl=1&resize=525%2C300 1.5x, https:\/\/i0.wp.com\/noticiasribeiraopreto.com.br\/wp-content\/uploads\/2026\/08\/Lancamento-Oficial-da-Programacao-acontece-07-de-agosto-de-2026-sexta-feira-as-9h.jpeg?fit=960%2C461&ssl=1&resize=700%2C400 2x"},"classes":[]}],"jetpack_sharing_enabled":true,"jetpack_shortlink":"https:\/\/wp.me\/peQAOb-nGP","jetpack_featured_media_url":"https:\/\/i0.wp.com\/noticiasribeiraopreto.com.br\/wp-content\/uploads\/2026\/09\/ana-paula-araujo.jpg?fit=1200%2C675&ssl=1","_links":{"self":[{"href":"https:\/\/noticiasribeiraopreto.com.br\/index.php\/wp-json\/wp\/v2\/posts\/91067","targetHints":{"allow":["GET"]}}],"collection":[{"href":"https:\/\/noticiasribeiraopreto.com.br\/index.php\/wp-json\/wp\/v2\/posts"}],"about":[{"href":"https:\/\/noticiasribeiraopreto.com.br\/index.php\/wp-json\/wp\/v2\/types\/post"}],"author":[{"embeddable":true,"href":"https:\/\/noticiasribeiraopreto.com.br\/index.php\/wp-json\/wp\/v2\/users\/1"}],"replies":[{"embeddable":true,"href":"https:\/\/noticiasribeiraopreto.com.br\/index.php\/wp-json\/wp\/v2\/comments?post=91067"}],"version-history":[{"count":0,"href":"https:\/\/noticiasribeiraopreto.com.br\/index.php\/wp-json\/wp\/v2\/posts\/91067\/revisions"}],"wp:featuredmedia":[{"embeddable":true,"href":"https:\/\/noticiasribeiraopreto.com.br\/index.php\/wp-json\/wp\/v2\/media\/91068"}],"wp:attachment":[{"href":"https:\/\/noticiasribeiraopreto.com.br\/index.php\/wp-json\/wp\/v2\/media?parent=91067"}],"wp:term":[{"taxonomy":"category","embeddable":true,"href":"https:\/\/noticiasribeiraopreto.com.br\/index.php\/wp-json\/wp\/v2\/categories?post=91067"},{"taxonomy":"post_tag","embeddable":true,"href":"https:\/\/noticiasribeiraopreto.com.br\/index.php\/wp-json\/wp\/v2\/tags?post=91067"}],"curies":[{"name":"wp","href":"https:\/\/api.w.org\/{rel}","templated":true}]}}