{"id":91069,"date":"2026-09-04T06:40:21","date_gmt":"2026-09-04T09:40:21","guid":{"rendered":"https:\/\/noticiasribeiraopreto.com.br\/index.php\/2026\/09\/04\/prefeitura-tenta-multar-construtora\/"},"modified":"2026-09-04T06:40:21","modified_gmt":"2026-09-04T09:40:21","slug":"prefeitura-tenta-multar-construtora","status":"publish","type":"post","link":"https:\/\/noticiasribeiraopreto.com.br\/index.php\/2026\/09\/04\/prefeitura-tenta-multar-construtora\/","title":{"rendered":"Prefeitura tenta multar construtora &#8211; Tribuna Ribeir\u00e3o"},"content":{"rendered":"<div class='code-block code-block-1' style='margin: 8px 0 8px auto; text-align: right; display: block; clear: both;'>\n<p><a href=\"https:\/\/wa.link\/vpicfd\"><img data-recalc-dims=\"1\" class=\"wp-image-4922\" style=\"aspect-ratio: 2.0253164556962027; width: 561px; height: auto;\" src=\"https:\/\/i0.wp.com\/ismaelcolosi.com.br\/wp-content\/uploads\/2023\/11\/grupo-de-empregos-whatsapp-e-facebook-ismael-colosi-vagas.jpg?ssl=1\" alt=\"\" \/><\/a><\/p>\n<!-- \/wp:image -->\n<\/div>\n<p> <br \/>\n<\/p>\n<div>\n<p class=\"p1\"><i>Primeira tentativa de multar Construtora Metropolitana ocorreu em 2023, mas Tribunal de Justi\u00e7a anulou cobran\u00e7a<\/i><\/p>\n<p>A prefeitura de Ribeir\u00e3o Preto tenta, pela segunda vez, aplicar multa de R$ 2.861.442,58 \u00e0 Construtora Metropolitana S.A., vencedora da licita\u00e7\u00e3o das obras de revitaliza\u00e7\u00e3o, restaura\u00e7\u00e3o e constru\u00e7\u00e3o de corredor de \u00f4nibus na centen\u00e1ria avenida Nove de Julho que teve o contrato rescindido de forma unilateral pela administra\u00e7\u00e3o municipal em dezembro de 2023.<\/p>\n<p>Tanto a contrata\u00e7\u00e3o quanto a rescis\u00e3o ocorreram na gest\u00e3o do ent\u00e3o prefeito Duarte Nogueira (na \u00e9poca no PSDB, hoje no PSD). As obras na avenida Nove de Julho come\u00e7aram em 23 de julho de 2023. Em dezembro do mesmo ano, 40% dos trabalhos deveriam estar conclu\u00eddos.<\/p>\n<p>Por\u00e9m, apenas 8% foram realizados pela Construtora Metropolitana, que teve o contrato rescindido unilateralmente p\u00e9la prefeitura sob o argumento de n\u00e3o cumprimento do cronograma definido em contrato. Recebeu R$ 2.517.675,94 \u2013 o valor remanescente era de R$ 28.614.425,83.<\/p>\n<p>A empresa Era-T\u00e9cnica Engenharia Constru\u00e7\u00f5es e Servi\u00e7os Ltda. venceu o novo certame lan\u00e7ado pela administra\u00e7\u00e3o com a proposta no valor global de R$ 32.411.776,19. No total, a obra custou R$ 34.929.452,13 aos cofres p\u00fablicos. A avenida foi liberada ao tr\u00e1fego no final de mar\u00e7o do ano passado. Os problemas na Nove de Julho renderam den\u00fancia ao Minist\u00e9rio P\u00fabico de S\u00e3o Paulo (MPSP).<\/p>\n<p>Ap\u00f3s a rescis\u00e3o, a Construtora Metropolitana foi autuada pela prefeitura de Ribeir\u00e3o Preto e levou multa de multa de R$ 2.861.442,58 \u2013 referente aos 10% do valor remanescente de R$ 28.614.425,83. Neste caso, ainda teria que devolver dinheiro.<\/p>\n<p>Por\u00e9m, o juiz Gustavo M\u00fcller Lorenzato, da 1\u00aa Vara da Fazenda P\u00fablica, anulou o processo administrativo movido pela prefeitura de Ribeir\u00e3o Preto contra a Construtora Metropolitana, e a administra\u00e7\u00e3o municipal recorreu ao Tribunal de Justi\u00e7a de S\u00e3o Paulo (TJSP), sem sucesso.<\/p>\n<p>Agora, a gest\u00e3o Ricardo Silva (PSD) tenta novamente autuar a construtora, segundo edital de aplica\u00e7\u00e3o de penalidade publicado no Di\u00e1rio Oficial do Munic\u00edpio (DOM) de 1\u00ba de setembro. O Tribunal de Justi\u00e7a anulou a a\u00e7\u00e3o por entender que o direito de defesa da empresa n\u00e3o havia sido devidamente respeitado. Na \u00e9poca, tamb\u00e9m foi anulada a reten\u00e7\u00e3o do seguro-garantia no valor de R$ 1.556.000.<\/p>\n<p>Em abril de 2024, as obras de restauro e dos corredores de transporte foram retomadas pela Era-T\u00e9cnica Engenharia. As obras foram conclu\u00eddas depois de muitos atrasos, e a via foi liberada ao tr\u00e1fego em 27 de mar\u00e7o de 2025, mas a Nove de Julho ainda apresenta problemas, como a soltura de parte dos paralelep\u00edpedos.<\/p>\n<p>No primeiro semestre deste ano, em maio, a centen\u00e1ria avenida Nove de Julho, um dos cart\u00f5es postais de Ribeir\u00e3o Preto e importante corredor que serve de via de liga\u00e7\u00e3o entre o Centro e bairros da Zona Sul da cidade, voltou a ser interditada para obras de reparo e manuten\u00e7\u00e3o do pavimento de paralelep\u00edpedos e troca da tubula\u00e7\u00e3o de galeria de \u00e1guas pluviais.<\/p>\n<p>Em nota enviada ao Tribuna, a prefeitura informa que aplicou nova penalidade, em raz\u00e3o de irregularidades e atrasos registrados durante a execu\u00e7\u00e3o do contrato, em 2023. Diz que a atual gest\u00e3o optou por retomar o processo de cobran\u00e7a ap\u00f3s an\u00e1lise das informa\u00e7\u00f5es e dos documentos.<\/p>\n<p>Agora, a empresa ser\u00e1 notificada e ter\u00e1 prazo de cinco dias \u00fateis para apresentar recurso administrativo. Caso n\u00e3o haja manifesta\u00e7\u00e3o, a penalidade ser\u00e1 publicada no Di\u00e1rio Oficial do Munic\u00edpio e cadastrada no Tribunal de Contas do Estado de S\u00e3o Paulo (TCESP). A reportagem n\u00e3o conseguiu falar com a empresa at\u00e9 o fechamento desta edi\u00e7\u00e3o.<\/p>\n<div style=\"background-color: #f4f4f5; border: 1px solid #d4d4d8; padding: 15px; margin: 20px 0; border-radius: 6px; font-family: sans-serif; line-height: 1.5;\">\n    <span style=\"color: #27272a;\">Inscreva-se em nosso Canal no Whatsapp e fique por dentro de tudo que acontece na regi\u00e3o. <\/span><br \/>\n    <a href=\"https:\/\/whatsapp.com\/channel\/0029VanuE2o7z4kYjo0XVS3u\" target=\"_blank\" rel=\"noopener noreferrer\" style=\"color: #16a34a; font-weight: bold; text-decoration: underline;\">Clique Aqui!<\/a>\n<\/div>\n<\/div>\n<p><br \/>\n<br \/><a href=\"https:\/\/www.tribunaribeirao.com.br\/prefeitura-tenta-multar-construtora\/\">Texto original daqui <\/a><\/p>\n<!-- CONTENT END 1 -->\n","protected":false},"excerpt":{"rendered":"<p>Primeira tentativa de multar Construtora Metropolitana ocorreu em 2023, mas Tribunal de Justi\u00e7a anulou cobran\u00e7a A prefeitura de Ribeir\u00e3o Preto tenta, pela segunda vez, aplicar&#8230;<\/p>\n","protected":false},"author":1,"featured_media":91070,"comment_status":"","ping_status":"","sticky":false,"template":"","format":"standard","meta":{"advanced_seo_description":"","jetpack_seo_html_title":"","jetpack_seo_noindex":false,"jetpack_seo_schema_type":"","_jetpack_newsletter_access":"","_jetpack_dont_email_post_to_subs":false,"_jetpack_newsletter_tier_id":0,"_jetpack_memberships_contains_paywalled_content":false,"_jetpack_feature_clip_id":0,"_jetpack_memberships_contains_paid_content":false,"footnotes":"","jetpack_publicize_message":"","jetpack_publicize_feature_enabled":true,"jetpack_social_post_already_shared":true,"jetpack_social_options":{"image_generator_settings":{"template":"highway","default_image_id":0,"font":"","enabled":false},"version":2},"jetpack_post_was_ever_published":false},"categories":[11],"tags":[2254,758,244,26,843,786],"class_list":["post-91069","post","type-post","status-publish","format-standard","has-post-thumbnail","hentry","category-noticias-de-ribeirao-preto-sp-e-regiao-ismael-colosi","tag-construtora","tag-multar","tag-prefeitura","tag-ribeirao","tag-tenta","tag-tribuna"],"jetpack_publicize_connections":[],"jetpack-related-posts":[{"id":16657,"url":"https:\/\/noticiasribeiraopreto.com.br\/index.php\/2023\/12\/16\/nove-de-julho-prefeitura-notifica-oficialmente-construtora-responsavel\/","url_meta":{"origin":91069,"position":0},"title":"Nove de Julho: Prefeitura notifica oficialmente construtora respons\u00e1vel","author":"noticiasribeiraopreto.com.br","date":"16 de December de 2023","format":false,"excerpt":"15 de dezembro de 2023 | 15:4615 de dezembro de 2023 | 16:28 0A secretaria municipal de Obras P\u00fablicas de Ribeir\u00e3o Preto anunciou, nesta sexta-feira, 15 de dezembro, que notificou oficialmente a construtora Metropolitana, sobre a multa que ser\u00e1 aplicada \u00e0 empresa no valor de R$ 2.861.442,58, A multa corresponde\u2026","rel":"","context":"In &quot;Not\u00edcias de Ribeir\u00e3o Preto-SP e Regi\u00e3o&quot;","block_context":{"text":"Not\u00edcias de Ribeir\u00e3o Preto-SP e Regi\u00e3o","link":"https:\/\/noticiasribeiraopreto.com.br\/index.php\/category\/noticias-de-ribeirao-preto-sp-e-regiao-ismael-colosi\/"},"img":{"alt_text":"","src":"https:\/\/i0.wp.com\/noticiasribeiraopreto.com.br\/wp-content\/uploads\/2023\/12\/NoveRP-Alfredo-Risk-Arquivo-1-scaled.jpg?fit=1000%2C523&ssl=1&resize=350%2C200","width":350,"height":200,"srcset":"https:\/\/i0.wp.com\/noticiasribeiraopreto.com.br\/wp-content\/uploads\/2023\/12\/NoveRP-Alfredo-Risk-Arquivo-1-scaled.jpg?fit=1000%2C523&ssl=1&resize=350%2C200 1x, https:\/\/i0.wp.com\/noticiasribeiraopreto.com.br\/wp-content\/uploads\/2023\/12\/NoveRP-Alfredo-Risk-Arquivo-1-scaled.jpg?fit=1000%2C523&ssl=1&resize=525%2C300 1.5x, https:\/\/i0.wp.com\/noticiasribeiraopreto.com.br\/wp-content\/uploads\/2023\/12\/NoveRP-Alfredo-Risk-Arquivo-1-scaled.jpg?fit=1000%2C523&ssl=1&resize=700%2C400 2x"},"classes":[]},{"id":81422,"url":"https:\/\/noticiasribeiraopreto.com.br\/index.php\/2026\/01\/05\/prefeitura-pode-acionar-construtora-por-problemas-na-nove-de-julho\/","url_meta":{"origin":91069,"position":1},"title":"Prefeitura pode acionar construtora por problemas na Nove de Julho","author":"noticiasribeiraopreto.com.br","date":"5 de January de 2026","format":false,"excerpt":"\r \r \r 5 de janeiro de 2026 16:23 \r Compartilhar0 A Prefeitura de Ribeir\u00e3o Preto, por meio da Secretaria Municipal de Obras P\u00fablicas, poder\u00e1 acionar judicialmente a Construtora Era-T\u00e9cnica Engenharia Constru\u00e7\u00f5es e Servi\u00e7os Ltda., que concluiu a reforma e a revitaliza\u00e7\u00e3o da Avenida Nove de Julho. A informa\u00e7\u00e3o foi\u2026","rel":"","context":"In &quot;Not\u00edcias de Ribeir\u00e3o Preto-SP e Regi\u00e3o&quot;","block_context":{"text":"Not\u00edcias de Ribeir\u00e3o Preto-SP e Regi\u00e3o","link":"https:\/\/noticiasribeiraopreto.com.br\/index.php\/category\/noticias-de-ribeirao-preto-sp-e-regiao-ismael-colosi\/"},"img":{"alt_text":"","src":"https:\/\/i0.wp.com\/noticiasribeiraopreto.com.br\/wp-content\/uploads\/2026\/01\/Nove-de-Julho-1.jpg?fit=800%2C500&ssl=1&resize=350%2C200","width":350,"height":200,"srcset":"https:\/\/i0.wp.com\/noticiasribeiraopreto.com.br\/wp-content\/uploads\/2026\/01\/Nove-de-Julho-1.jpg?fit=800%2C500&ssl=1&resize=350%2C200 1x, https:\/\/i0.wp.com\/noticiasribeiraopreto.com.br\/wp-content\/uploads\/2026\/01\/Nove-de-Julho-1.jpg?fit=800%2C500&ssl=1&resize=525%2C300 1.5x, https:\/\/i0.wp.com\/noticiasribeiraopreto.com.br\/wp-content\/uploads\/2026\/01\/Nove-de-Julho-1.jpg?fit=800%2C500&ssl=1&resize=700%2C400 2x"},"classes":[]},{"id":60877,"url":"https:\/\/noticiasribeiraopreto.com.br\/index.php\/2024\/11\/27\/multa-por-rescisao-do-contrato-da-obra-da-nove-de-julho-e-anulada-entenda\/","url_meta":{"origin":91069,"position":2},"title":"Multa por rescis\u00e3o do contrato da obra da Nove de Julho \u00e9 anulada; Entenda","author":"noticiasribeiraopreto.com.br","date":"27 de November de 2024","format":false,"excerpt":"O juiz Gustavo M\u00fcller Lorenzato, da 1\u00aa Vara da Fazenda P\u00fablica de Ribeir\u00e3o Preto, anulou o processo administrativo da Prefeitura de Ribeir\u00e3o Preto contra a Construtora Metropolitana, que rescindiu unilateralmente o contrato das obras para o restauro da avenida Nove de Julho. Atualmente, a obra \u00e9 tocada pela Era-T\u00e9cnica Engenharia\u2026","rel":"","context":"In &quot;Not\u00edcias de Ribeir\u00e3o Preto-SP e Regi\u00e3o&quot;","block_context":{"text":"Not\u00edcias de Ribeir\u00e3o Preto-SP e Regi\u00e3o","link":"https:\/\/noticiasribeiraopreto.com.br\/index.php\/category\/noticias-de-ribeirao-preto-sp-e-regiao-ismael-colosi\/"},"img":{"alt_text":"","src":"https:\/\/i0.wp.com\/noticiasribeiraopreto.com.br\/wp-content\/uploads\/2024\/11\/avenida-nove-de-julho_2024-11-27_21-14-21_jpeg_2024-11-27_21-14-21.webp.webp?fit=1200%2C900&ssl=1&resize=350%2C200","width":350,"height":200,"srcset":"https:\/\/i0.wp.com\/noticiasribeiraopreto.com.br\/wp-content\/uploads\/2024\/11\/avenida-nove-de-julho_2024-11-27_21-14-21_jpeg_2024-11-27_21-14-21.webp.webp?fit=1200%2C900&ssl=1&resize=350%2C200 1x, https:\/\/i0.wp.com\/noticiasribeiraopreto.com.br\/wp-content\/uploads\/2024\/11\/avenida-nove-de-julho_2024-11-27_21-14-21_jpeg_2024-11-27_21-14-21.webp.webp?fit=1200%2C900&ssl=1&resize=525%2C300 1.5x, https:\/\/i0.wp.com\/noticiasribeiraopreto.com.br\/wp-content\/uploads\/2024\/11\/avenida-nove-de-julho_2024-11-27_21-14-21_jpeg_2024-11-27_21-14-21.webp.webp?fit=1200%2C900&ssl=1&resize=700%2C400 2x, https:\/\/i0.wp.com\/noticiasribeiraopreto.com.br\/wp-content\/uploads\/2024\/11\/avenida-nove-de-julho_2024-11-27_21-14-21_jpeg_2024-11-27_21-14-21.webp.webp?fit=1200%2C900&ssl=1&resize=1050%2C600 3x"},"classes":[]},{"id":29481,"url":"https:\/\/noticiasribeiraopreto.com.br\/index.php\/2024\/01\/18\/novela-da-nove-de-julho-construtora-tem-liminar-para-retomar-obra-em-ribeirao\/","url_meta":{"origin":91069,"position":3},"title":"Novela da Nove de Julho: Construtora tem liminar para retomar obra em Ribeir\u00e3o","author":"noticiasribeiraopreto.com.br","date":"18 de January de 2024","format":false,"excerpt":"A 1\u00aa Vara da Fazenda P\u00fablica de Ribeir\u00e3o Preto concedeu uma liminar, no final de dezembro, para a Construtora Metropolitana que suspende a decis\u00e3o da Prefeitura de Ribeir\u00e3o Preto que rescindiu o contrato das obras de restauro da avenida Nove de Julho. O acordo foi rompido pelo Executivo no in\u00edcio\u2026","rel":"","context":"In &quot;Not\u00edcias de Ribeir\u00e3o Preto-SP e Regi\u00e3o&quot;","block_context":{"text":"Not\u00edcias de Ribeir\u00e3o Preto-SP e Regi\u00e3o","link":"https:\/\/noticiasribeiraopreto.com.br\/index.php\/category\/noticias-de-ribeirao-preto-sp-e-regiao-ismael-colosi\/"},"img":{"alt_text":"","src":"https:\/\/i0.wp.com\/noticiasribeiraopreto.com.br\/wp-content\/uploads\/2024\/01\/WhatsApp-Image-2023-12-20-at-10.47.41.jpeg?fit=1200%2C675&ssl=1&resize=350%2C200","width":350,"height":200,"srcset":"https:\/\/i0.wp.com\/noticiasribeiraopreto.com.br\/wp-content\/uploads\/2024\/01\/WhatsApp-Image-2023-12-20-at-10.47.41.jpeg?fit=1200%2C675&ssl=1&resize=350%2C200 1x, https:\/\/i0.wp.com\/noticiasribeiraopreto.com.br\/wp-content\/uploads\/2024\/01\/WhatsApp-Image-2023-12-20-at-10.47.41.jpeg?fit=1200%2C675&ssl=1&resize=525%2C300 1.5x, https:\/\/i0.wp.com\/noticiasribeiraopreto.com.br\/wp-content\/uploads\/2024\/01\/WhatsApp-Image-2023-12-20-at-10.47.41.jpeg?fit=1200%2C675&ssl=1&resize=700%2C400 2x, https:\/\/i0.wp.com\/noticiasribeiraopreto.com.br\/wp-content\/uploads\/2024\/01\/WhatsApp-Image-2023-12-20-at-10.47.41.jpeg?fit=1200%2C675&ssl=1&resize=1050%2C600 3x"},"classes":[]},{"id":9054,"url":"https:\/\/noticiasribeiraopreto.com.br\/index.php\/2023\/12\/01\/prefeitura-de-ribeirao-vai-decidir-futuro-da-obra-na-nove-de-julho-semana-que-vem\/","url_meta":{"origin":91069,"position":4},"title":"Prefeitura de Ribeir\u00e3o decide futuro da obra na Nove de Julho semana que vem","author":"noticiasribeiraopreto.com.br","date":"1 de December de 2023","format":false,"excerpt":"A Prefeitura de Ribeir\u00e3o Preto decide na pr\u00f3xima semana o futuro da obra de revitaliza\u00e7\u00e3o da avenida Nove de Julho, alvo de reclama\u00e7\u00f5es de moradores e comerciantes por conta da lentid\u00e3o dos servi\u00e7os. O munic\u00edpio informou que na semana passada notificou a construtora Metropolitana, empresa respons\u00e1vel pelas obras, e cobra\u2026","rel":"","context":"In &quot;Not\u00edcias de Ribeir\u00e3o Preto-SP e Regi\u00e3o&quot;","block_context":{"text":"Not\u00edcias de Ribeir\u00e3o Preto-SP e Regi\u00e3o","link":"https:\/\/noticiasribeiraopreto.com.br\/index.php\/category\/noticias-de-ribeirao-preto-sp-e-regiao-ismael-colosi\/"},"img":{"alt_text":"","src":"https:\/\/i0.wp.com\/noticiasribeiraopreto.com.br\/wp-content\/uploads\/2023\/12\/avenida-nove-de-julho-2.jpeg?fit=1200%2C675&ssl=1&resize=350%2C200","width":350,"height":200,"srcset":"https:\/\/i0.wp.com\/noticiasribeiraopreto.com.br\/wp-content\/uploads\/2023\/12\/avenida-nove-de-julho-2.jpeg?fit=1200%2C675&ssl=1&resize=350%2C200 1x, https:\/\/i0.wp.com\/noticiasribeiraopreto.com.br\/wp-content\/uploads\/2023\/12\/avenida-nove-de-julho-2.jpeg?fit=1200%2C675&ssl=1&resize=525%2C300 1.5x, https:\/\/i0.wp.com\/noticiasribeiraopreto.com.br\/wp-content\/uploads\/2023\/12\/avenida-nove-de-julho-2.jpeg?fit=1200%2C675&ssl=1&resize=700%2C400 2x, https:\/\/i0.wp.com\/noticiasribeiraopreto.com.br\/wp-content\/uploads\/2023\/12\/avenida-nove-de-julho-2.jpeg?fit=1200%2C675&ssl=1&resize=1050%2C600 3x"},"classes":[]},{"id":2300,"url":"https:\/\/noticiasribeiraopreto.com.br\/index.php\/2023\/11\/15\/nove-de-julho-segunda-colocada-pode-assumir-obras\/","url_meta":{"origin":91069,"position":5},"title":"Nove de Julho: segunda colocada pode assumir obras \u00a0","author":"noticiasribeiraopreto.com.br","date":"15 de November de 2023","format":false,"excerpt":"15 de novembro de 2023 | 9:0314 de novembro de 2023 | 19:28 0Levantamento do Tribuna junto a fontes ligadas ao governo Duarte Nogueira (PSDB) indica que a prefeitura de Ribeir\u00e3o Preto tem um \u201cPlano B\u201d para as obras de revitaliza\u00e7\u00e3o, restauro e constru\u00e7\u00e3o de corredor de \u00f4nibus na centen\u00e1ria\u2026","rel":"","context":"In &quot;Not\u00edcias de Ribeir\u00e3o Preto-SP e Regi\u00e3o&quot;","block_context":{"text":"Not\u00edcias de Ribeir\u00e3o Preto-SP e Regi\u00e3o","link":"https:\/\/noticiasribeiraopreto.com.br\/index.php\/category\/noticias-de-ribeirao-preto-sp-e-regiao-ismael-colosi\/"},"img":{"alt_text":"","src":"https:\/\/i0.wp.com\/noticiasribeiraopreto.com.br\/wp-content\/uploads\/2023\/11\/nove-scaled.jpg?fit=1000%2C560&ssl=1&resize=350%2C200","width":350,"height":200,"srcset":"https:\/\/i0.wp.com\/noticiasribeiraopreto.com.br\/wp-content\/uploads\/2023\/11\/nove-scaled.jpg?fit=1000%2C560&ssl=1&resize=350%2C200 1x, https:\/\/i0.wp.com\/noticiasribeiraopreto.com.br\/wp-content\/uploads\/2023\/11\/nove-scaled.jpg?fit=1000%2C560&ssl=1&resize=525%2C300 1.5x, https:\/\/i0.wp.com\/noticiasribeiraopreto.com.br\/wp-content\/uploads\/2023\/11\/nove-scaled.jpg?fit=1000%2C560&ssl=1&resize=700%2C400 2x"},"classes":[]}],"jetpack_sharing_enabled":true,"jetpack_shortlink":"https:\/\/wp.me\/peQAOb-nGR","jetpack_featured_media_url":"https:\/\/i0.wp.com\/noticiasribeiraopreto.com.br\/wp-content\/uploads\/2026\/09\/NoveRP-Alfredo-Risk-Arquivo-scaled.jpg?fit=1170%2C780&ssl=1","_links":{"self":[{"href":"https:\/\/noticiasribeiraopreto.com.br\/index.php\/wp-json\/wp\/v2\/posts\/91069","targetHints":{"allow":["GET"]}}],"collection":[{"href":"https:\/\/noticiasribeiraopreto.com.br\/index.php\/wp-json\/wp\/v2\/posts"}],"about":[{"href":"https:\/\/noticiasribeiraopreto.com.br\/index.php\/wp-json\/wp\/v2\/types\/post"}],"author":[{"embeddable":true,"href":"https:\/\/noticiasribeiraopreto.com.br\/index.php\/wp-json\/wp\/v2\/users\/1"}],"replies":[{"embeddable":true,"href":"https:\/\/noticiasribeiraopreto.com.br\/index.php\/wp-json\/wp\/v2\/comments?post=91069"}],"version-history":[{"count":0,"href":"https:\/\/noticiasribeiraopreto.com.br\/index.php\/wp-json\/wp\/v2\/posts\/91069\/revisions"}],"wp:featuredmedia":[{"embeddable":true,"href":"https:\/\/noticiasribeiraopreto.com.br\/index.php\/wp-json\/wp\/v2\/media\/91070"}],"wp:attachment":[{"href":"https:\/\/noticiasribeiraopreto.com.br\/index.php\/wp-json\/wp\/v2\/media?parent=91069"}],"wp:term":[{"taxonomy":"category","embeddable":true,"href":"https:\/\/noticiasribeiraopreto.com.br\/index.php\/wp-json\/wp\/v2\/categories?post=91069"},{"taxonomy":"post_tag","embeddable":true,"href":"https:\/\/noticiasribeiraopreto.com.br\/index.php\/wp-json\/wp\/v2\/tags?post=91069"}],"curies":[{"name":"wp","href":"https:\/\/api.w.org\/{rel}","templated":true}]}}