{"id":91073,"date":"2026-09-04T07:40:53","date_gmt":"2026-09-04T10:40:53","guid":{"rendered":"https:\/\/noticiasribeiraopreto.com.br\/index.php\/2026\/09\/04\/penultimo-dia-da-fil-tem-thalita-reboucas-e-sergio-vaz-entre-os-destaques-da-programacao\/"},"modified":"2026-09-04T07:40:53","modified_gmt":"2026-09-04T10:40:53","slug":"penultimo-dia-da-fil-tem-thalita-reboucas-e-sergio-vaz-entre-os-destaques-da-programacao","status":"publish","type":"post","link":"https:\/\/noticiasribeiraopreto.com.br\/index.php\/2026\/09\/04\/penultimo-dia-da-fil-tem-thalita-reboucas-e-sergio-vaz-entre-os-destaques-da-programacao\/","title":{"rendered":"Pen\u00faltimo dia da FIL tem Thalita Rebou\u00e7as e S\u00e9rgio Vaz entre os destaques da programa\u00e7\u00e3o"},"content":{"rendered":"<div class='code-block code-block-1' style='margin: 8px 0 8px auto; text-align: right; display: block; clear: both;'>\n<p><a href=\"https:\/\/wa.link\/vpicfd\"><img data-recalc-dims=\"1\" class=\"wp-image-4922\" style=\"aspect-ratio: 2.0253164556962027; width: 561px; height: auto;\" src=\"https:\/\/i0.wp.com\/ismaelcolosi.com.br\/wp-content\/uploads\/2023\/11\/grupo-de-empregos-whatsapp-e-facebook-ismael-colosi-vagas.jpg?ssl=1\" alt=\"\" \/><\/a><\/p>\n<!-- \/wp:image -->\n<\/div>\n<p> <br \/>\n<\/p>\n<div>\n<p>Literatura, mem\u00f3ria, ancestralidade, m\u00fasica e forma\u00e7\u00e3o de leitores atravessam a programa\u00e7\u00e3o da 25\u00aa FIL \u2013 Feira Internacional do Livro de Ribeir\u00e3o Preto nesta sexta-feira (04). <strong>As atividades come\u00e7am pela manh\u00e3 e seguem at\u00e9 a noite em espa\u00e7os como o Theatro Pedro II, a Pra\u00e7a XV de Novembro, a Biblioteca Sinh\u00e1 Junqueira, o Centro Cultural Palace e a Esplanada do Theatro Pedro II.<\/strong><\/p>\n<p>A conviv\u00eancia entre repert\u00f3rios, linguagens e p\u00fablicos encontra rela\u00e7\u00e3o com o tema \u201cX, Y, Z, Alpha, Beta \u2013 Gera\u00e7\u00f5es Liter\u00e1rias\u201d. Para Adriana Silva, presidente da Funda\u00e7\u00e3o do Livro e Leitura de Ribeir\u00e3o Preto e curadora da FIL, a literatura estabelece conex\u00f5es que n\u00e3o obedecem necessariamente aos marcos cronol\u00f3gicos usados para definir as gera\u00e7\u00f5es. <strong>\u201cA literatura atravessa o tempo, que n\u00e3o \u00e9 na mesma cronologia das gera\u00e7\u00f5es. As gera\u00e7\u00f5es t\u00eam marcos hist\u00f3ricos que as colocam como findadas e iniciadas e a literatura costura, mas tamb\u00e9m \u00e9 impactada\u201d, afirma.<\/strong><\/p>\n<p>Segundo a curadora,<strong> nestes seis dias de feira, o p\u00fablico p\u00f4de perceber que formatos, temas e modos de leitura se transformam, mas na opini\u00e3o dela, a palavra continua exercendo sua fun\u00e7\u00e3o de registro e transmiss\u00e3o<\/strong>. \u201cA escrita, independente do formato, \u00e9 essa manifesta\u00e7\u00e3o do conhecimento, \u00e9 esse registro do saber, \u00e9 esse registro das indaga\u00e7\u00f5es\u201d, observa.<\/p>\n<p>Edgard de Castro, vice-presidente da Funda\u00e7\u00e3o do Livro e Leitura de Ribeir\u00e3o Preto, relaciona esse movimento \u00e0 pr\u00f3pria experi\u00eancia proporcionada pela feira. \u201cQuando falamos em gera\u00e7\u00f5es, n\u00e3o estamos falando de grupos isolados. A literatura \u00e9 um dos lugares em que experi\u00eancias de tempos distintos se encontram. Cada leitor chega com sua hist\u00f3ria, entra em contato com outras e participa dessa continuidade. \u00c9 esse di\u00e1logo que a FIL sempre procurou promover nestes 25 anos ao reunir p\u00fablicos, autores e linguagens em um mesmo espa\u00e7o\u201d, afirma.<\/p>\n<h2>Manh\u00e3 aproxima literatura, oralidade e diferentes formas de cria\u00e7\u00e3o<\/h2>\n<p>A programa\u00e7\u00e3o <strong>come\u00e7a \u00e0s 8h, com atividades na Pra\u00e7a XV de Novembro<\/strong>. No Espa\u00e7o Favela, a arte-educadora L\u00eddia Quaresma conduz a oficina \u201cConstru\u00e7\u00e3o da mem\u00f3ria\u201d, que trabalha uma maquete inspirada nas viv\u00eancias de alunos do Corassol. <strong>\u00c0s 8h30, o estande da Prefeitura recebe uma interven\u00e7\u00e3o de declama\u00e7\u00e3o de poemas, aproximando o p\u00fablico de autores e estilos por meio da oralidade.<\/strong><\/p>\n<p>\u00c0s 9h, na Usina do Saber, Kamila Andrade apresenta a oficina \u201cTudo que aprendi rimando\u201d, que percorre manifesta\u00e7\u00f5es como repente nordestino, partido-alto e rap para mostrar caminhos da rima e da improvisa\u00e7\u00e3o no Brasil. No mesmo hor\u00e1rio, o Ambient de Leitura recebe o espet\u00e1culo circense \u201cO fabuloso laborat\u00f3rio\u201d, da Cia. N\u00f3s Mesmos Que Somos a Gente.<\/p>\n<p>A escritora Kiusam de Oliveira participa da programa\u00e7\u00e3o \u00e0s 10h, na Tenda Sesc Senac, com a conta\u00e7\u00e3o \u201cO mundo no Black Power de Tay\u00f3\u201d. A hist\u00f3ria acompanha uma menina que encontra no cabelo black power refer\u00eancias de ancestralidade e identidade e aborda pertencimento, autoestima e cultura afro-brasileira.<\/p>\n<p>\u00c0s 10h30, a interven\u00e7\u00e3o \u201cHist\u00f3rias fant\u00e1sticas\u201d, do Grupo Taturana, ocupa a Esplanada do Theatro Pedro II combinando teatro narrativo e teatro em miniatura. No mesmo hor\u00e1rio, mulheres com idades entre 67 e 92 anos participantes da oficina de teatro do CRAS 1 apresentam \u201cVozes da experi\u00eancia que protegem a inf\u00e2ncia\u201d, no estande da Prefeitura, em uma montagem constru\u00edda a partir de hist\u00f3rias de vida.<\/p>\n<h2>Combinando Palavras re\u00fane S\u00e9rgio Vaz, Aline Neli e Thalita Rebou\u00e7as<\/h2>\n<p>O Combinando Palavras realiza nesta sexta-feira tr\u00eas encontros previamente agendados com estudantes, reunindo autores de trajet\u00f3rias e p\u00fablicos distintos. \u00c0s 8h30, S\u00e9rgio Vaz encontra estudantes da Rede Estadual na Sala Principal do Theatro Pedro II. Poeta, escritor e articulador cultural, Vaz \u00e9 fundador da Cooperifa \u2013 Cooperativa Cultural da Periferia \u2013 e idealizador da Semana de Arte Moderna da Periferia. Sua trajet\u00f3ria est\u00e1 ligada h\u00e1 mais de tr\u00eas d\u00e9cadas \u00e0 produ\u00e7\u00e3o e \u00e0 circula\u00e7\u00e3o da poesia nas periferias de S\u00e3o Paulo.<\/p>\n<p><strong>\u00c0s 10h, Aline Neli participa de atividade com estudantes da Adevirp, no Audit\u00f3rio Meira Junior do Theatro Pedro II<\/strong>. Escritora, pesquisadora, educadora e artista transdisciplinar, nascida em Uberaba (MG) e radicada em Ribeir\u00e3o Preto, Aline desenvolve trabalhos que aproximam literatura, educa\u00e7\u00e3o e quest\u00f5es socioambientais. \u00c9 autora de As Incr\u00edveis Crian\u00e7as Biomas, obra voltada ao p\u00fablico infantil que aborda a rela\u00e7\u00e3o entre inf\u00e2ncia, natureza e os biomas brasileiros.<\/p>\n<p>\u00c0s<strong> 14h, a escritora Thalita Rebou\u00e7as, autora infantojuvenil homenageada pela 25\u00aa FIL, encontra alunos da Rede Estadual na Sala Principal do Theatro Pedro II.<\/strong> Os tr\u00eas compromissos integram a programa\u00e7\u00e3o exclusiva para p\u00fablicos previamente agendados. Jornalista e escritora carioca, Thalita iniciou sua trajet\u00f3ria liter\u00e1ria em 1999 e construiu uma carreira voltada especialmente aos leitores jovens. Soma 27 t\u00edtulos publicados, com obras lan\u00e7adas em mais de 20 pa\u00edses, al\u00e9m de adapta\u00e7\u00f5es para cinema, teatro e televis\u00e3o.<\/p>\n<p>Criado em 2017, o Combinando Palavras chega \u00e0 oitava edi\u00e7\u00e3o com mais de 60 mil estudantes participantes, 62 autores trabalhados e mais de 300 escolas e institui\u00e7\u00f5es parceiras. O encontro com os escritores representa a conclus\u00e3o de um percurso que envolve forma\u00e7\u00e3o de professores, leitura das obras e atividades realizadas anteriormente nas escolas.<\/p>\n<h2>Tarde passa por saberes ind\u00edgenas, leitura e meio ambiente<\/h2>\n<p>Ao meio-dia, a Tenda Sesc Senac recebe o sarau \u201cEspalhando sementes\u201d, do Sarau Ayrum\u00e3. Conduzido por mulheres ind\u00edgenas em contexto urbano, o encontro re\u00fane poesia, m\u00fasica, oralidade e narrativas ancestrais.<\/p>\n<p>\u00c0s <strong>15h, a palestra \u201cA cria\u00e7\u00e3o na cosmovis\u00e3o guarani\u201d, no estande da Prefeitura, apresenta perspectivas guarani sobre a cria\u00e7\u00e3o do mundo e inclui viv\u00eancia de canto ind\u00edgena.<\/strong> No mesmo hor\u00e1rio, no Espa\u00e7o Favela, Aline Botelho conduz a oficina \u201cClube do leitor\u201d, dedicada \u00e0 cria\u00e7\u00e3o e condu\u00e7\u00e3o de grupos de leitura.<\/p>\n<p>Literatura e gastronomia se encontram \u00e0s 15h30, na Tenda Sesc Senac, no bate-papo \u201cComida como narrativa: O Ganso Marisco e Capitu v\u00eam para o jantar\u201d, com Breno Lerner e Denise Godinho e media\u00e7\u00e3o de Vera Abriata. <strong>A conversa parte de ingredientes, receitas e mem\u00f3rias para discutir como a comida tamb\u00e9m pode contar hist\u00f3rias e revelar refer\u00eancias culturais.<\/strong><\/p>\n<p><strong>\u00c0s 17h, no mesmo espa\u00e7o, Kamila Camilo e Maria Zulmira de Souza participam do bate-papo \u201cPara entender (quase) tudo sobre biodiversidade\u201d<\/strong>, que relaciona preserva\u00e7\u00e3o da vida, sociedade, desenvolvimento, degrada\u00e7\u00e3o dos ecossistemas e mudan\u00e7as clim\u00e1ticas.<\/p>\n<h2>\nMem\u00f3ria, conversa e m\u00fasica ocupam a programa\u00e7\u00e3o noturna<\/h2>\n<p>\u00c0s 19h, o Audit\u00f3rio Meira Junior do Theatro Pedro II recebe a Sess\u00e3o Homenageada com Daniela Penha, sob media\u00e7\u00e3o de Juliana Judice. Jornalista, escritora e pesquisadora de Ribeir\u00e3o Preto, Daniela desenvolve trabalhos ligados \u00e0 literatura, mem\u00f3ria, jornalismo, educa\u00e7\u00e3o e direitos socioambientais.<\/p>\n<p>Criadora do portal Hist\u00f3ria do Dia, projeto iniciado em 2017 que utiliza jornalismo liter\u00e1rio e hist\u00f3ria oral para registrar trajet\u00f3rias de pessoas comuns, a autora re\u00fane cerca de 500 perfis biogr\u00e1ficos no acervo digital. Daniela \u00e9 autora de seis livros, pesquisadora do Gepalle \u2013 Grupo de Estudos e Pesquisas sobre Alfabetiza\u00e7\u00e3o, Leitura e Letramento \u2013 e integra a equipe da Rep\u00f3rter Brasil.<\/p>\n<p>Tamb\u00e9m \u00e0s 19h, a Biblioteca Sinh\u00e1 Junqueira recebe a Roda de Conversa com Marina Helou, com media\u00e7\u00e3o de Marlene de C\u00e1ssia Trivellato Ferreira, docente do Centro Universit\u00e1rio Bar\u00e3o de Mau\u00e1. A atividade, inclu\u00edda posteriormente na programa\u00e7\u00e3o, acontece no audit\u00f3rio da biblioteca.<\/p>\n<p><strong>Na Tenda Sesc Senac, no mesmo hor\u00e1rio, a cantora, compositora e multi-instrumentista Mari Merenda apresenta o show \u201cReverbo\u201d, com repert\u00f3rio autoral que transita por ritmos brasileiros, pop, R&amp;B e refer\u00eancias da m\u00fasica eletr\u00f4nica.<\/strong><\/p>\n<h2>Thalita Rebou\u00e7as celebra trajet\u00f3ria na Sala Principal<\/h2>\n<p>\u00c0s 20h30, a programa\u00e7\u00e3o da Sala Principal do Theatro Pedro II se volta novamente para Thalita Rebou\u00e7as, desta vez em atividade aberta ao p\u00fablico.<strong> A confer\u00eancia \u201c25 anos de Thalita Rebou\u00e7as\u201d percorre sua trajet\u00f3ria como escritora, a rela\u00e7\u00e3o constru\u00edda com os leitores e as mudan\u00e7as da literatura destinada ao p\u00fablico jovem ao longo das \u00faltimas d\u00e9cadas.<\/strong><\/p>\n<p>A programa\u00e7\u00e3o desta sexta-feira inclui ainda oficinas, conta\u00e7\u00f5es de hist\u00f3rias, visitas mediadas, atividades educativas e interven\u00e7\u00f5es distribu\u00eddas pelos espa\u00e7os da FIL.<\/p>\n<h2>Servi\u00e7o<\/h2>\n<p><strong>25\u00aa FIL \u2013 Feira Internacional do Livro de Ribeir\u00e3o Preto<\/strong><br \/><strong>Per\u00edodo:<\/strong> de 30 de agosto a 5 de setembro de 2026<br \/><strong>Locais:<\/strong> mais de 20 locais, com destaque para Pra\u00e7a XV de Novembro, Esplanada e Theatro Pedro II, Biblioteca Sinh\u00e1 Junqueira, Centro Cultural Palace, Cineclube Cauim, Museu Casa da Mem\u00f3ria Italiana e Teatro do Sesi Ribeir\u00e3o Preto<br \/><strong>Entrada:<\/strong> gratuita<br \/><strong>Programa\u00e7\u00e3o completa do dia:<\/strong> https:\/\/docs.google.com\/document\/d\/1EBpNIqOpWAXkReOTXRlKcQt7bYYMoh2QHbos_OcEWjA\/edit?usp=sharing<br \/><strong>Mais informa\u00e7\u00f5es:<\/strong> www.fundacaodolivroeleiturarp.com<\/p>\n<h3>Sobre a FIL<\/h3>\n<p>A FIL \u2013 Feira Internacional do Livro de Ribeir\u00e3o Preto chega \u00e0 25\u00aa edi\u00e7\u00e3o em 2026. <strong>Realizada pela Funda\u00e7\u00e3o do Livro e Leitura de Ribeir\u00e3o Preto, a programa\u00e7\u00e3o re\u00fane debates, encontros com autores nacionais e internacionais, atividades educativas, a\u00e7\u00f5es de forma\u00e7\u00e3o de leitores e iniciativas culturais em diferentes espa\u00e7os da cidade.<\/strong> Ao longo das 24 edi\u00e7\u00f5es realizadas at\u00e9 2025, a FIL registrou cerca de 7 milh\u00f5es de visitantes e a participa\u00e7\u00e3o de mais de 3 mil autores. O evento mobiliza estudantes, educadores, escritores e o p\u00fablico em geral em atividades relacionadas ao livro, \u00e0 leitura, \u00e0 educa\u00e7\u00e3o e \u00e0 circula\u00e7\u00e3o de ideias.<\/p>\n<p>A 25\u00aa edi\u00e7\u00e3o ser\u00e1 realizada de 30 de agosto a 5 de setembro de 2026 e ter\u00e1 como tema \u201cX, Y, Z, Alpha, Beta \u2013 Gera\u00e7\u00f5es Liter\u00e1rias\u201d, com uma programa\u00e7\u00e3o dedicada \u00e0s diferentes formas de produzir, transmitir e renovar a literatura ao longo do tempo.<\/p>\n<\/div>\n<p><br \/>\n<br \/><a href=\"https:\/\/thmais.com.br\/cidades\/ribeirao-preto\/penultimo-dia-da-fil-tem-thalita-reboucas-e-sergio-vaz-entre-os-destaques-da-programacao\/\">Link para o texto original aqui <\/a><\/p>\n<!-- CONTENT END 1 -->\n","protected":false},"excerpt":{"rendered":"<p>Literatura, mem\u00f3ria, ancestralidade, m\u00fasica e forma\u00e7\u00e3o de leitores atravessam a programa\u00e7\u00e3o da 25\u00aa FIL \u2013 Feira Internacional do Livro de Ribeir\u00e3o Preto nesta sexta-feira (04)&#8230;.<\/p>\n","protected":false},"author":1,"featured_media":91074,"comment_status":"","ping_status":"","sticky":false,"template":"","format":"standard","meta":{"advanced_seo_description":"","jetpack_seo_html_title":"","jetpack_seo_noindex":false,"jetpack_seo_schema_type":"","_jetpack_newsletter_access":"","_jetpack_dont_email_post_to_subs":false,"_jetpack_newsletter_tier_id":0,"_jetpack_memberships_contains_paywalled_content":false,"_jetpack_feature_clip_id":0,"_jetpack_memberships_contains_paid_content":false,"footnotes":"","jetpack_publicize_message":"","jetpack_publicize_feature_enabled":true,"jetpack_social_post_already_shared":true,"jetpack_social_options":{"image_generator_settings":{"template":"highway","default_image_id":0,"font":"","enabled":false},"version":2},"jetpack_post_was_ever_published":false},"categories":[11],"tags":[6364,142,389,8908,8828,4686,8921,70,8923,6456,1003,162,8922,8924],"class_list":["post-91073","post","type-post","status-publish","format-standard","has-post-thumbnail","hentry","category-noticias-de-ribeirao-preto-sp-e-regiao-ismael-colosi","tag-destaques","tag-dia","tag-entre","tag-feira-internacional-do-livro","tag-fil","tag-noticias","tag-penultimo","tag-programacao","tag-reboucas","tag-ribeirao-preto","tag-sergio","tag-tem","tag-thalita","tag-vaz"],"jetpack_publicize_connections":[],"jetpack-related-posts":[{"id":89373,"url":"https:\/\/noticiasribeiraopreto.com.br\/index.php\/2026\/08\/04\/programacao-da-feira-internacional-do-livro-de-ribeirao-preto-tem-data-marcada-para-ser-apresentada-veja-quando\/","url_meta":{"origin":91073,"position":0},"title":"Programa\u00e7\u00e3o da Feira Internacional do Livro de Ribeir\u00e3o Preto tem data marcada para ser apresentada; Veja quando","author":"noticiasribeiraopreto.com.br","date":"4 de August de 2026","format":false,"excerpt":"A Funda\u00e7\u00e3o do Livro e Leitura de Ribeir\u00e3o Preto apresenta a programa\u00e7\u00e3o oficial da 25\u00aa edi\u00e7\u00e3o da FIL (Feira Internacional do Livro), que tem como tema central \u201cX, Y, Z, Alpha, Beta \u2013 Gera\u00e7\u00f5es Liter\u00e1rias\u201d. O evento acontece nesta sexta-feira (7), \u00e0s 9h, no Stream Hot\u00e9is e re\u00fane imprensa, patrocinadores,\u2026","rel":"","context":"In &quot;Not\u00edcias de Ribeir\u00e3o Preto-SP e Regi\u00e3o&quot;","block_context":{"text":"Not\u00edcias de Ribeir\u00e3o Preto-SP e Regi\u00e3o","link":"https:\/\/noticiasribeiraopreto.com.br\/index.php\/category\/noticias-de-ribeirao-preto-sp-e-regiao-ismael-colosi\/"},"img":{"alt_text":"","src":"https:\/\/i0.wp.com\/noticiasribeiraopreto.com.br\/wp-content\/uploads\/2026\/08\/Lancamento-Oficial-da-Programacao-acontece-07-de-agosto-de-2026-sexta-feira-as-9h.jpeg?fit=960%2C461&ssl=1&resize=350%2C200","width":350,"height":200,"srcset":"https:\/\/i0.wp.com\/noticiasribeiraopreto.com.br\/wp-content\/uploads\/2026\/08\/Lancamento-Oficial-da-Programacao-acontece-07-de-agosto-de-2026-sexta-feira-as-9h.jpeg?fit=960%2C461&ssl=1&resize=350%2C200 1x, https:\/\/i0.wp.com\/noticiasribeiraopreto.com.br\/wp-content\/uploads\/2026\/08\/Lancamento-Oficial-da-Programacao-acontece-07-de-agosto-de-2026-sexta-feira-as-9h.jpeg?fit=960%2C461&ssl=1&resize=525%2C300 1.5x, https:\/\/i0.wp.com\/noticiasribeiraopreto.com.br\/wp-content\/uploads\/2026\/08\/Lancamento-Oficial-da-Programacao-acontece-07-de-agosto-de-2026-sexta-feira-as-9h.jpeg?fit=960%2C461&ssl=1&resize=700%2C400 2x"},"classes":[]},{"id":89559,"url":"https:\/\/noticiasribeiraopreto.com.br\/index.php\/2026\/08\/07\/feira-do-livro-anuncia-programacao-da-25a-edicao-com-mais-de-350-atividades-gratuitas-em-ribeirao\/","url_meta":{"origin":91073,"position":1},"title":"Feira do Livro anuncia programa\u00e7\u00e3o da 25\u00aa edi\u00e7\u00e3o com mais de 350 atividades gratuitas em Ribeir\u00e3o","author":"noticiasribeiraopreto.com.br","date":"7 de August de 2026","format":false,"excerpt":"O lan\u00e7amento oficial da programa\u00e7\u00e3o da 25\u00aa edi\u00e7\u00e3o da Feira Internacional do Livro (FIL) de Ribeir\u00e3o Preto aconteceu nesta quinta-feira (7), em um hotel no Centro da cidade, e reuniu autoridades, organizadores e convidados. Neste ano, o evento ter\u00e1 mais de 350 atividades gratuitas, distribu\u00eddas em 20 espa\u00e7os culturais, entre\u2026","rel":"","context":"In &quot;Not\u00edcias de Ribeir\u00e3o Preto-SP e Regi\u00e3o&quot;","block_context":{"text":"Not\u00edcias de Ribeir\u00e3o Preto-SP e Regi\u00e3o","link":"https:\/\/noticiasribeiraopreto.com.br\/index.php\/category\/noticias-de-ribeirao-preto-sp-e-regiao-ismael-colosi\/"},"img":{"alt_text":"","src":"https:\/\/i0.wp.com\/noticiasribeiraopreto.com.br\/wp-content\/uploads\/2026\/08\/feira-do-livro.jpg?fit=1200%2C675&ssl=1&resize=350%2C200","width":350,"height":200,"srcset":"https:\/\/i0.wp.com\/noticiasribeiraopreto.com.br\/wp-content\/uploads\/2026\/08\/feira-do-livro.jpg?fit=1200%2C675&ssl=1&resize=350%2C200 1x, https:\/\/i0.wp.com\/noticiasribeiraopreto.com.br\/wp-content\/uploads\/2026\/08\/feira-do-livro.jpg?fit=1200%2C675&ssl=1&resize=525%2C300 1.5x, https:\/\/i0.wp.com\/noticiasribeiraopreto.com.br\/wp-content\/uploads\/2026\/08\/feira-do-livro.jpg?fit=1200%2C675&ssl=1&resize=700%2C400 2x, https:\/\/i0.wp.com\/noticiasribeiraopreto.com.br\/wp-content\/uploads\/2026\/08\/feira-do-livro.jpg?fit=1200%2C675&ssl=1&resize=1050%2C600 3x"},"classes":[]},{"id":91040,"url":"https:\/\/noticiasribeiraopreto.com.br\/index.php\/2026\/09\/03\/grupo-galpao-literatura-internacional-e-debates-sobre-juventude-movimentam-a-fil-nesta-quinta-feira\/","url_meta":{"origin":91073,"position":2},"title":"Grupo Galp\u00e3o, literatura internacional e debates sobre juventude movimentam a FIL nesta quinta-feira","author":"noticiasribeiraopreto.com.br","date":"3 de September de 2026","format":false,"excerpt":"A programa\u00e7\u00e3o da 25\u00aa FIL \u2013 Feira Internacional do Livro de Ribeir\u00e3o Preto segue nesta quinta-feira (03) com atividades que percorrem diferentes temas e linguagens, do empreendedorismo e da forma\u00e7\u00e3o de leitores aos debates sobre sustentabilidade, viol\u00eancia, juventude e rela\u00e7\u00f5es entre gera\u00e7\u00f5es. Ao longo do dia, escritores, artistas, educadores e\u2026","rel":"","context":"In &quot;Not\u00edcias de Ribeir\u00e3o Preto-SP e Regi\u00e3o&quot;","block_context":{"text":"Not\u00edcias de Ribeir\u00e3o Preto-SP e Regi\u00e3o","link":"https:\/\/noticiasribeiraopreto.com.br\/index.php\/category\/noticias-de-ribeirao-preto-sp-e-regiao-ismael-colosi\/"},"img":{"alt_text":"","src":"https:\/\/i0.wp.com\/noticiasribeiraopreto.com.br\/wp-content\/uploads\/2026\/09\/WhatsApp-Image-2026-08-31-at-10.58.08-1.jpeg?fit=1200%2C900&ssl=1&resize=350%2C200","width":350,"height":200,"srcset":"https:\/\/i0.wp.com\/noticiasribeiraopreto.com.br\/wp-content\/uploads\/2026\/09\/WhatsApp-Image-2026-08-31-at-10.58.08-1.jpeg?fit=1200%2C900&ssl=1&resize=350%2C200 1x, https:\/\/i0.wp.com\/noticiasribeiraopreto.com.br\/wp-content\/uploads\/2026\/09\/WhatsApp-Image-2026-08-31-at-10.58.08-1.jpeg?fit=1200%2C900&ssl=1&resize=525%2C300 1.5x, https:\/\/i0.wp.com\/noticiasribeiraopreto.com.br\/wp-content\/uploads\/2026\/09\/WhatsApp-Image-2026-08-31-at-10.58.08-1.jpeg?fit=1200%2C900&ssl=1&resize=700%2C400 2x, https:\/\/i0.wp.com\/noticiasribeiraopreto.com.br\/wp-content\/uploads\/2026\/09\/WhatsApp-Image-2026-08-31-at-10.58.08-1.jpeg?fit=1200%2C900&ssl=1&resize=1050%2C600 3x"},"classes":[]},{"id":90959,"url":"https:\/\/noticiasribeiraopreto.com.br\/index.php\/2026\/09\/02\/mia-couto-e-destaque-da-programacao-da-fil-nesta-quarta\/","url_meta":{"origin":91073,"position":3},"title":"Mia Couto \u00e9 destaque da programa\u00e7\u00e3o da FIL nesta quarta","author":"noticiasribeiraopreto.com.br","date":"2 de September de 2026","format":false,"excerpt":"Literatura, oralidade, m\u00fasica, mem\u00f3ria, juventude e ancestralidade atravessam a programa\u00e7\u00e3o da 25\u00aa FIL \u2013 Feira Internacional do Livro de Ribeir\u00e3o Preto nesta quarta-feira (02). Das primeiras atividades da manh\u00e3 aos encontros da noite, a agenda ocupa a Pra\u00e7a XV de Novembro, a Esplanada e a Sala Principal do Theatro Pedro\u2026","rel":"","context":"In &quot;Not\u00edcias de Ribeir\u00e3o Preto-SP e Regi\u00e3o&quot;","block_context":{"text":"Not\u00edcias de Ribeir\u00e3o Preto-SP e Regi\u00e3o","link":"https:\/\/noticiasribeiraopreto.com.br\/index.php\/category\/noticias-de-ribeirao-preto-sp-e-regiao-ismael-colosi\/"},"img":{"alt_text":"","src":"https:\/\/i0.wp.com\/noticiasribeiraopreto.com.br\/wp-content\/uploads\/2026\/09\/WhatsApp-Image-2026-09-02-at-06.41.26.jpeg?fit=1200%2C900&ssl=1&resize=350%2C200","width":350,"height":200,"srcset":"https:\/\/i0.wp.com\/noticiasribeiraopreto.com.br\/wp-content\/uploads\/2026\/09\/WhatsApp-Image-2026-09-02-at-06.41.26.jpeg?fit=1200%2C900&ssl=1&resize=350%2C200 1x, https:\/\/i0.wp.com\/noticiasribeiraopreto.com.br\/wp-content\/uploads\/2026\/09\/WhatsApp-Image-2026-09-02-at-06.41.26.jpeg?fit=1200%2C900&ssl=1&resize=525%2C300 1.5x, https:\/\/i0.wp.com\/noticiasribeiraopreto.com.br\/wp-content\/uploads\/2026\/09\/WhatsApp-Image-2026-09-02-at-06.41.26.jpeg?fit=1200%2C900&ssl=1&resize=700%2C400 2x, https:\/\/i0.wp.com\/noticiasribeiraopreto.com.br\/wp-content\/uploads\/2026\/09\/WhatsApp-Image-2026-09-02-at-06.41.26.jpeg?fit=1200%2C900&ssl=1&resize=1050%2C600 3x"},"classes":[]},{"id":90817,"url":"https:\/\/noticiasribeiraopreto.com.br\/index.php\/2026\/08\/31\/fil-ribeirao-preto-programacao-segunda-feira-31\/","url_meta":{"origin":91073,"position":4},"title":"FIL Ribeir\u00e3o Preto tem programa\u00e7\u00e3o com literatura, m\u00fasica e debates nesta segunda (31)","author":"noticiasribeiraopreto.com.br","date":"31 de August de 2026","format":false,"excerpt":"A programa\u00e7\u00e3o da 25\u00aa FIL \u2013 Feira Internacional do Livro de Ribeir\u00e3o Preto continua nesta segunda-feira (31), com atividades voltadas \u00e0 literatura, \u00e0 educa\u00e7\u00e3o, \u00e0 cultura digital, \u00e0 diversidade, \u00e0 forma\u00e7\u00e3o de leitores e \u00e0s rela\u00e7\u00f5es entre arte e sociedade.Ao longo do dia, a FIL ter\u00e1 confer\u00eancia, conta\u00e7\u00f5es de hist\u00f3rias,\u2026","rel":"","context":"In &quot;Not\u00edcias de Ribeir\u00e3o Preto-SP e Regi\u00e3o&quot;","block_context":{"text":"Not\u00edcias de Ribeir\u00e3o Preto-SP e Regi\u00e3o","link":"https:\/\/noticiasribeiraopreto.com.br\/index.php\/category\/noticias-de-ribeirao-preto-sp-e-regiao-ismael-colosi\/"},"img":{"alt_text":"","src":"https:\/\/i0.wp.com\/noticiasribeiraopreto.com.br\/wp-content\/uploads\/2026\/08\/Feira-do-Livro_2025-2.jpg?fit=1200%2C800&ssl=1&resize=350%2C200","width":350,"height":200,"srcset":"https:\/\/i0.wp.com\/noticiasribeiraopreto.com.br\/wp-content\/uploads\/2026\/08\/Feira-do-Livro_2025-2.jpg?fit=1200%2C800&ssl=1&resize=350%2C200 1x, https:\/\/i0.wp.com\/noticiasribeiraopreto.com.br\/wp-content\/uploads\/2026\/08\/Feira-do-Livro_2025-2.jpg?fit=1200%2C800&ssl=1&resize=525%2C300 1.5x, https:\/\/i0.wp.com\/noticiasribeiraopreto.com.br\/wp-content\/uploads\/2026\/08\/Feira-do-Livro_2025-2.jpg?fit=1200%2C800&ssl=1&resize=700%2C400 2x, https:\/\/i0.wp.com\/noticiasribeiraopreto.com.br\/wp-content\/uploads\/2026\/08\/Feira-do-Livro_2025-2.jpg?fit=1200%2C800&ssl=1&resize=1050%2C600 3x"},"classes":[]},{"id":55461,"url":"https:\/\/noticiasribeiraopreto.com.br\/index.php\/2024\/08\/02\/veja-a-programacao-desta-sexta-feira-na-feira-do-livro-de-ribeirao-preto\/","url_meta":{"origin":91073,"position":5},"title":"Veja a programa\u00e7\u00e3o desta sexta-feira na Feira do Livro de Ribeir\u00e3o Preto","author":"noticiasribeiraopreto.com.br","date":"2 de August de 2024","format":false,"excerpt":"Esta sexta-feira (2), \u00e9 o segundo dia da\u00a023\u00aa Feira Internacional do Livro de Ribeir\u00e3o Preto, que segue at\u00e9 o dia 11 de agosto. A programa\u00e7\u00e3o oferece mais de\u00a0400 atividades gratuitas\u00a0no Centro de Ribeir\u00e3o Preto. \u00a0 O tema central da Feira este ano \u00e9: \u201cCotidianos po\u00e9ticos: Do \u00e9pico de Cam\u00f5es \u00e0s\u2026","rel":"","context":"In &quot;Not\u00edcias de Ribeir\u00e3o Preto-SP e Regi\u00e3o&quot;","block_context":{"text":"Not\u00edcias de Ribeir\u00e3o Preto-SP e Regi\u00e3o","link":"https:\/\/noticiasribeiraopreto.com.br\/index.php\/category\/noticias-de-ribeirao-preto-sp-e-regiao-ismael-colosi\/"},"img":{"alt_text":"","src":"https:\/\/i0.wp.com\/noticiasribeiraopreto.com.br\/wp-content\/uploads\/2024\/08\/sesc-na-FIL_2024-08-01_14-36-39_jpeg_2024-08-01_14-36-39.webp.webp?fit=1200%2C800&ssl=1&resize=350%2C200","width":350,"height":200,"srcset":"https:\/\/i0.wp.com\/noticiasribeiraopreto.com.br\/wp-content\/uploads\/2024\/08\/sesc-na-FIL_2024-08-01_14-36-39_jpeg_2024-08-01_14-36-39.webp.webp?fit=1200%2C800&ssl=1&resize=350%2C200 1x, https:\/\/i0.wp.com\/noticiasribeiraopreto.com.br\/wp-content\/uploads\/2024\/08\/sesc-na-FIL_2024-08-01_14-36-39_jpeg_2024-08-01_14-36-39.webp.webp?fit=1200%2C800&ssl=1&resize=525%2C300 1.5x, https:\/\/i0.wp.com\/noticiasribeiraopreto.com.br\/wp-content\/uploads\/2024\/08\/sesc-na-FIL_2024-08-01_14-36-39_jpeg_2024-08-01_14-36-39.webp.webp?fit=1200%2C800&ssl=1&resize=700%2C400 2x, https:\/\/i0.wp.com\/noticiasribeiraopreto.com.br\/wp-content\/uploads\/2024\/08\/sesc-na-FIL_2024-08-01_14-36-39_jpeg_2024-08-01_14-36-39.webp.webp?fit=1200%2C800&ssl=1&resize=1050%2C600 3x"},"classes":[]}],"jetpack_sharing_enabled":true,"jetpack_shortlink":"https:\/\/wp.me\/peQAOb-nGV","jetpack_featured_media_url":"https:\/\/i0.wp.com\/noticiasribeiraopreto.com.br\/wp-content\/uploads\/2026\/09\/1788518454_WhatsApp-Image-2026-09-02-at-06.41.26.jpeg?fit=1600%2C1200&ssl=1","_links":{"self":[{"href":"https:\/\/noticiasribeiraopreto.com.br\/index.php\/wp-json\/wp\/v2\/posts\/91073","targetHints":{"allow":["GET"]}}],"collection":[{"href":"https:\/\/noticiasribeiraopreto.com.br\/index.php\/wp-json\/wp\/v2\/posts"}],"about":[{"href":"https:\/\/noticiasribeiraopreto.com.br\/index.php\/wp-json\/wp\/v2\/types\/post"}],"author":[{"embeddable":true,"href":"https:\/\/noticiasribeiraopreto.com.br\/index.php\/wp-json\/wp\/v2\/users\/1"}],"replies":[{"embeddable":true,"href":"https:\/\/noticiasribeiraopreto.com.br\/index.php\/wp-json\/wp\/v2\/comments?post=91073"}],"version-history":[{"count":0,"href":"https:\/\/noticiasribeiraopreto.com.br\/index.php\/wp-json\/wp\/v2\/posts\/91073\/revisions"}],"wp:featuredmedia":[{"embeddable":true,"href":"https:\/\/noticiasribeiraopreto.com.br\/index.php\/wp-json\/wp\/v2\/media\/91074"}],"wp:attachment":[{"href":"https:\/\/noticiasribeiraopreto.com.br\/index.php\/wp-json\/wp\/v2\/media?parent=91073"}],"wp:term":[{"taxonomy":"category","embeddable":true,"href":"https:\/\/noticiasribeiraopreto.com.br\/index.php\/wp-json\/wp\/v2\/categories?post=91073"},{"taxonomy":"post_tag","embeddable":true,"href":"https:\/\/noticiasribeiraopreto.com.br\/index.php\/wp-json\/wp\/v2\/tags?post=91073"}],"curies":[{"name":"wp","href":"https:\/\/api.w.org\/{rel}","templated":true}]}}