{"id":91075,"date":"2026-09-04T07:58:53","date_gmt":"2026-09-04T10:58:53","guid":{"rendered":"https:\/\/noticiasribeiraopreto.com.br\/index.php\/2026\/09\/04\/gcm-sera-responsavel-pela-elaboracao-do-plano-de-seguranca-publica-e-defesa-social-de-ribeirao-preto\/"},"modified":"2026-09-04T07:58:53","modified_gmt":"2026-09-04T10:58:53","slug":"gcm-sera-responsavel-pela-elaboracao-do-plano-de-seguranca-publica-e-defesa-social-de-ribeirao-preto","status":"publish","type":"post","link":"https:\/\/noticiasribeiraopreto.com.br\/index.php\/2026\/09\/04\/gcm-sera-responsavel-pela-elaboracao-do-plano-de-seguranca-publica-e-defesa-social-de-ribeirao-preto\/","title":{"rendered":"GCM ser\u00e1 respons\u00e1vel pela elabora\u00e7\u00e3o do Plano de Seguran\u00e7a P\u00fablica e Defesa Social de Ribeir\u00e3o Preto"},"content":{"rendered":"<div class='code-block code-block-1' style='margin: 8px 0 8px auto; text-align: right; display: block; clear: both;'>\n<p><a href=\"https:\/\/wa.link\/vpicfd\"><img data-recalc-dims=\"1\" class=\"wp-image-4922\" style=\"aspect-ratio: 2.0253164556962027; width: 561px; height: auto;\" src=\"https:\/\/i0.wp.com\/ismaelcolosi.com.br\/wp-content\/uploads\/2023\/11\/grupo-de-empregos-whatsapp-e-facebook-ismael-colosi-vagas.jpg?ssl=1\" alt=\"\" \/><\/a><\/p>\n<!-- \/wp:image -->\n<\/div>\n<p> <br \/>\n<\/p>\n<div>\n<p>Conforme determinado por Portaria publicada no <strong>Di\u00e1rio Oficial<\/strong> desta quinta-feira (03), a <strong>Guarda Civil Metropolitana, por meio de um Grupo de Trabalho, realizar\u00e1 estudos visando a elabora\u00e7\u00e3o da Proposta T\u00e9cnica do Plano Municipal de Seguran\u00e7a P\u00fablica e Defesa Social de Ribeir\u00e3o Preto.<\/strong><\/p>\n<p>O Grupo de Trabalho ter\u00e1 por finalidade <strong>realizar estudos, levantamentos, diagn\u00f3sticos e demais atividades t\u00e9cnicas<\/strong> destinadas \u00e0 elabora\u00e7\u00e3o de proposta do Plano Municipal de Seguran\u00e7a P\u00fablica e Defesa Social de Ribeir\u00e3o Preto.<\/p>\n<p>Compete ao Grupo de Trabalho:<\/p>\n<p><strong>I \u2013<\/strong> realizar levantamento e an\u00e1lise da legisla\u00e7\u00e3o e das diretrizes aplic\u00e1veis \u00e0 seguran\u00e7a p\u00fablica e defesa social no \u00e2mbito municipal;<br \/><strong>II<\/strong> \u2013 levantar, sistematizar e analisar dados e informa\u00e7\u00f5es relacionados \u00e0 seguran\u00e7a p\u00fablica, preven\u00e7\u00e3o da viol\u00eancia e prote\u00e7\u00e3o municipal preventiva;<br \/><strong>III<\/strong> \u2013 elaborar diagn\u00f3stico t\u00e9cnico da situa\u00e7\u00e3o da seguran\u00e7a p\u00fablica no Munic\u00edpio, a partir dos dados e informa\u00e7\u00f5es dispon\u00edveis;<br \/><strong>IV<\/strong> \u2013 identificar programas, projetos, servi\u00e7os e a\u00e7\u00f5es municipais relacionados direta ou indiretamente \u00e0 seguran\u00e7a p\u00fablica e defesa social;<br \/><strong>V \u2013<\/strong> propor diretrizes, objetivos, prioridades, a\u00e7\u00f5es estrat\u00e9gicas, metas e indicadores para composi\u00e7\u00e3o do Plano Municipal;<br \/><strong>VI<\/strong> \u2013 estudar mecanismos de integra\u00e7\u00e3o entre a Guarda Civil Metropolitana, os demais \u00f3rg\u00e3os integrantes do Sistema \u00danico de Seguran\u00e7a P\u00fablica \u2013 SUSP e as pol\u00edticas p\u00fablicas municipais correlatas;<br \/><strong>VII<\/strong> \u2013 identificar mecanismos de participa\u00e7\u00e3o social, acompanhamento, monitoramento e avalia\u00e7\u00e3o das a\u00e7\u00f5es propostas; e<br \/><strong>VIII<\/strong> \u2013 elaborar a proposta t\u00e9cnica do Plano Municipal de Seguran\u00e7a P\u00fablica e Defesa Social de Ribeir\u00e3o Preto.<\/p>\n<p>Para o desenvolvimento de suas atividades, o Grupo de Trabalho poder\u00e1:<\/p>\n<p><strong>I \u2013<\/strong> solicitar \u00e0s unidades administrativas e operacionais da GCM-RP documentos, informa\u00e7\u00f5es, estat\u00edsticas, relat\u00f3rios e demais subs\u00eddios necess\u00e1rios;<br \/><strong>II \u2013<\/strong> propor \u00e0 Superintend\u00eancia a solicita\u00e7\u00e3o de informa\u00e7\u00f5es ou colabora\u00e7\u00e3o de outros \u00f3rg\u00e3os e entidades da Administra\u00e7\u00e3o P\u00fablica;<br \/><strong>III<\/strong> \u2013 propor a realiza\u00e7\u00e3o de reuni\u00f5es t\u00e9cnicas, consultas, oficinas e demais atividades destinadas \u00e0 obten\u00e7\u00e3o de subs\u00eddios para os trabalhos; e<br \/><strong>IV \u2013<\/strong> propor o convite de representantes de \u00f3rg\u00e3os p\u00fablicos, institui\u00e7\u00f5es integrantes do SUSP, institui\u00e7\u00f5es acad\u00eamicas, conselhos, entidades da sociedade civil e especialistas que possam contribuir tecnicamente para a elabora\u00e7\u00e3o da proposta.<\/p>\n<p>Na elabora\u00e7\u00e3o da proposta t\u00e9cnica do Plano Municipal de Seguran\u00e7a P\u00fablica e Defesa Social poder\u00e3o ser contemplados, entre outros, os seguintes eixos:<\/p>\n<p><strong>I \u2013<\/strong> preven\u00e7\u00e3o da viol\u00eancia e da criminalidade;<br \/><strong>II \u2013<\/strong> prote\u00e7\u00e3o municipal preventiva;<br \/><strong>III<\/strong> \u2013 integra\u00e7\u00e3o entre os \u00f3rg\u00e3os de seguran\u00e7a p\u00fablica;<br \/><strong>IV<\/strong> \u2013 prote\u00e7\u00e3o de pessoas e grupos em situa\u00e7\u00e3o de vulnerabilidade;<br \/><strong>V<\/strong> \u2013 seguran\u00e7a escolar e preven\u00e7\u00e3o da viol\u00eancia no ambiente educacional;<br \/><strong>VI \u2013<\/strong> ordenamento urbano e preven\u00e7\u00e3o situacional;<br \/><strong>VII \u2013<\/strong> tecnologia, videomonitoramento, intelig\u00eancia e integra\u00e7\u00e3o de dados;<br \/><strong>VIII<\/strong> \u2013 qualifica\u00e7\u00e3o e valoriza\u00e7\u00e3o dos profissionais de seguran\u00e7a p\u00fablica municipal;<br \/><strong>IX<\/strong> \u2013 integra\u00e7\u00e3o entre seguran\u00e7a p\u00fablica e demais pol\u00edticas p\u00fablicas municipais; e<br \/><strong>X<\/strong> \u2013 defini\u00e7\u00e3o de metas, indicadores e mecanismos de monitoramento e avalia\u00e7\u00e3o.<\/p>\n<p>Ao t\u00e9rmino dos trabalhos, o Grupo de Trabalho apresentar\u00e1 ao Superintendente Comandante:<\/p>\n<p><strong>I \u2013<\/strong> relat\u00f3rio t\u00e9cnico conclusivo;<br \/><strong>II \u2013<\/strong> diagn\u00f3stico elaborado com base nos dados e informa\u00e7\u00f5es disponibilizados;<br \/><strong>III \u2013<\/strong> proposta t\u00e9cnica do Plano Municipal de Seguran\u00e7a P\u00fablica e Defesa Social de Ribeir\u00e3o Preto; e<br \/><strong>IV<\/strong> \u2013 proposta de diretrizes, a\u00e7\u00f5es estrat\u00e9gicas, metas, indicadores e mecanismos de acompanhamento e avalia\u00e7\u00e3o.<\/p>\n<p>A proposta<strong>, ap\u00f3s conclu\u00edda em 90 dias \u2013 com possibilidade de prorroga\u00e7\u00e3o do prazo,<\/strong> ser\u00e1 encaminhada \u00e0s autoridades municipais competentes para <strong>an\u00e1lise e ado\u00e7\u00e3o das provid\u00eancias cab\u00edveis.<\/strong><\/p>\n<p><strong>Comp\u00f5em o Grupo:<\/strong> Jair Ivan da Silva \u2013 Coordenador; Andr\u00e9 Luiz Tavares \u2013 Membro; Andr\u00e9 Luiz da Silva Santana \u2013 Membro; Carlos Henrique Arantes \u2013 Membro; Vanessa Bregge da Silva Dadalt \u2013 Membro.<\/p>\n<p>\u00a0<\/p>\n<\/div>\n<p><br \/>\n<br \/><a href=\"https:\/\/thmais.com.br\/cidades\/ribeirao-preto\/gcm-sera-responsavel-pela-elaboracao-do-plano-de-seguranca-publica-e-defesa-social-de-ribeirao-preto\/\">Link para o texto original aqui <\/a><\/p>\n<!-- CONTENT END 1 -->\n","protected":false},"excerpt":{"rendered":"<p>Conforme determinado por Portaria publicada no Di\u00e1rio Oficial desta quinta-feira (03), a Guarda Civil Metropolitana, por meio de um Grupo de Trabalho, realizar\u00e1 estudos visando&#8230;<\/p>\n","protected":false},"author":1,"featured_media":91076,"comment_status":"","ping_status":"","sticky":false,"template":"","format":"standard","meta":{"advanced_seo_description":"","jetpack_seo_html_title":"","jetpack_seo_noindex":false,"jetpack_seo_schema_type":"","_jetpack_newsletter_access":"","_jetpack_dont_email_post_to_subs":false,"_jetpack_newsletter_tier_id":0,"_jetpack_memberships_contains_paywalled_content":false,"_jetpack_feature_clip_id":0,"_jetpack_memberships_contains_paid_content":false,"footnotes":"","jetpack_publicize_message":"","jetpack_publicize_feature_enabled":true,"jetpack_social_post_already_shared":true,"jetpack_social_options":{"image_generator_settings":{"template":"highway","default_image_id":0,"font":"","enabled":false},"version":2},"jetpack_post_was_ever_published":false},"categories":[11],"tags":[544,8925,8927,1049,7728,188,698,8926,27,1404,2255,26,6456,1878,172,1754],"class_list":["post-91075","post","type-post","status-publish","format-standard","has-post-thumbnail","hentry","category-noticias-de-ribeirao-preto-sp-e-regiao-ismael-colosi","tag-defesa","tag-defesa-social","tag-elaboracao","tag-gcm","tag-guarda-civil-metropolitana","tag-pela","tag-plano","tag-plano-de-seguranca","tag-preto","tag-publica","tag-responsavel","tag-ribeirao","tag-ribeirao-preto","tag-seguranca","tag-sera","tag-social"],"jetpack_publicize_connections":[],"jetpack-related-posts":[{"id":58006,"url":"https:\/\/noticiasribeiraopreto.com.br\/index.php\/2024\/09\/16\/veja-as-propostas-para-seguranca-publica-dos-candidatos-a-prefeito-em-ribeirao-preto\/","url_meta":{"origin":91075,"position":0},"title":"Veja as propostas para seguran\u00e7a p\u00fablica dos candidatos a prefeito em Ribeir\u00e3o Preto","author":"noticiasribeiraopreto.com.br","date":"16 de September de 2024","format":false,"excerpt":"O portal acidade on reuniu as propostas dos candidatos \u00e0 Prefeitura de Ribeir\u00e3o Preto relacionadas \u00e0 seguran\u00e7a p\u00fablica, t\u00f3pico apontado como um dos problemas mais graves no munic\u00edpio, segundo o resultado da pesquisa Quaest, contratada pela EPTV. Al\u00e9m deste, o eleitorado da cidade tamb\u00e9m disse que as \u00e1reas da sa\u00fade\u2026","rel":"","context":"In &quot;Not\u00edcias de Ribeir\u00e3o Preto-SP e Regi\u00e3o&quot;","block_context":{"text":"Not\u00edcias de Ribeir\u00e3o Preto-SP e Regi\u00e3o","link":"https:\/\/noticiasribeiraopreto.com.br\/index.php\/category\/noticias-de-ribeirao-preto-sp-e-regiao-ismael-colosi\/"},"img":{"alt_text":"","src":"https:\/\/i0.wp.com\/noticiasribeiraopreto.com.br\/wp-content\/uploads\/2024\/09\/Copia-de-Copia-de-Copia-de-TAMANHO-EXATO-PARA-FOTOS-NO-SISTEMA-NOVO-50_2024-09-16_18-33-26_png_2024-09-16_18-33-26.webp.webp?fit=1200%2C675&ssl=1&resize=350%2C200","width":350,"height":200,"srcset":"https:\/\/i0.wp.com\/noticiasribeiraopreto.com.br\/wp-content\/uploads\/2024\/09\/Copia-de-Copia-de-Copia-de-TAMANHO-EXATO-PARA-FOTOS-NO-SISTEMA-NOVO-50_2024-09-16_18-33-26_png_2024-09-16_18-33-26.webp.webp?fit=1200%2C675&ssl=1&resize=350%2C200 1x, https:\/\/i0.wp.com\/noticiasribeiraopreto.com.br\/wp-content\/uploads\/2024\/09\/Copia-de-Copia-de-Copia-de-TAMANHO-EXATO-PARA-FOTOS-NO-SISTEMA-NOVO-50_2024-09-16_18-33-26_png_2024-09-16_18-33-26.webp.webp?fit=1200%2C675&ssl=1&resize=525%2C300 1.5x, https:\/\/i0.wp.com\/noticiasribeiraopreto.com.br\/wp-content\/uploads\/2024\/09\/Copia-de-Copia-de-Copia-de-TAMANHO-EXATO-PARA-FOTOS-NO-SISTEMA-NOVO-50_2024-09-16_18-33-26_png_2024-09-16_18-33-26.webp.webp?fit=1200%2C675&ssl=1&resize=700%2C400 2x, https:\/\/i0.wp.com\/noticiasribeiraopreto.com.br\/wp-content\/uploads\/2024\/09\/Copia-de-Copia-de-Copia-de-TAMANHO-EXATO-PARA-FOTOS-NO-SISTEMA-NOVO-50_2024-09-16_18-33-26_png_2024-09-16_18-33-26.webp.webp?fit=1200%2C675&ssl=1&resize=1050%2C600 3x"},"classes":[]},{"id":70647,"url":"https:\/\/noticiasribeiraopreto.com.br\/index.php\/2025\/05\/28\/gcm-esta-mais-perto-de-virar-policia\/","url_meta":{"origin":91075,"position":1},"title":"GCM est\u00e1 mais perto de virar Pol\u00edcia","author":"noticiasribeiraopreto.com.br","date":"28 de May de 2025","format":false,"excerpt":"28 de maio de 2025 16:013 Compartilhar0 A Guarda Civil Metropolitana (GCM) de Ribeir\u00e3o Preto est\u00e1 mais perto de virar Pol\u00edcia Metropolitana. O Senado Federal aprovou, na noite de ter\u00e7a-feira, 27 de maio, a Proposta de Emenda Constitucional (PEC) que incorpora as guardas municipais e os agentes de tr\u00e2nsito aos\u2026","rel":"","context":"In &quot;Not\u00edcias de Ribeir\u00e3o Preto-SP e Regi\u00e3o&quot;","block_context":{"text":"Not\u00edcias de Ribeir\u00e3o Preto-SP e Regi\u00e3o","link":"https:\/\/noticiasribeiraopreto.com.br\/index.php\/category\/noticias-de-ribeirao-preto-sp-e-regiao-ismael-colosi\/"},"img":{"alt_text":"","src":"https:\/\/i0.wp.com\/noticiasribeiraopreto.com.br\/wp-content\/uploads\/2025\/05\/GuardaGCM-Guilherme-Sircili-2-scaled.jpg?fit=750%2C500&ssl=1&resize=350%2C200","width":350,"height":200,"srcset":"https:\/\/i0.wp.com\/noticiasribeiraopreto.com.br\/wp-content\/uploads\/2025\/05\/GuardaGCM-Guilherme-Sircili-2-scaled.jpg?fit=750%2C500&ssl=1&resize=350%2C200 1x, https:\/\/i0.wp.com\/noticiasribeiraopreto.com.br\/wp-content\/uploads\/2025\/05\/GuardaGCM-Guilherme-Sircili-2-scaled.jpg?fit=750%2C500&ssl=1&resize=525%2C300 1.5x, https:\/\/i0.wp.com\/noticiasribeiraopreto.com.br\/wp-content\/uploads\/2025\/05\/GuardaGCM-Guilherme-Sircili-2-scaled.jpg?fit=750%2C500&ssl=1&resize=700%2C400 2x"},"classes":[]},{"id":75398,"url":"https:\/\/noticiasribeiraopreto.com.br\/index.php\/2025\/08\/08\/secretaria-elabora-plano-para-clima\/","url_meta":{"origin":91075,"position":2},"title":"Secretaria elabora plano para clima","author":"noticiasribeiraopreto.com.br","date":"8 de August de 2025","format":false,"excerpt":"Plano Municipal de Adapta\u00e7\u00e3o e Resili\u00eancia Clim\u00e1tica est\u00e1 em fase de constru\u00e7\u00e3o e vem sendo desenvolvido de forma multissetorial e participativa A prefeitura de Ribeir\u00e3o Preto, por meio da Secretaria Municipal de Meio Ambiente, est\u00e1 elaborando o primeiro Plano Municipal de Adapta\u00e7\u00e3o e Resili\u00eancia Clim\u00e1tica, instrumento estrat\u00e9gico que visa fortalecer\u2026","rel":"","context":"In &quot;Not\u00edcias de Ribeir\u00e3o Preto-SP e Regi\u00e3o&quot;","block_context":{"text":"Not\u00edcias de Ribeir\u00e3o Preto-SP e Regi\u00e3o","link":"https:\/\/noticiasribeiraopreto.com.br\/index.php\/category\/noticias-de-ribeirao-preto-sp-e-regiao-ismael-colosi\/"},"img":{"alt_text":"","src":"https:\/\/i0.wp.com\/noticiasribeiraopreto.com.br\/wp-content\/uploads\/2025\/08\/ClimaRP-Alfredo-Risk-scaled.jpg?fit=1170%2C780&ssl=1&resize=350%2C200","width":350,"height":200,"srcset":"https:\/\/i0.wp.com\/noticiasribeiraopreto.com.br\/wp-content\/uploads\/2025\/08\/ClimaRP-Alfredo-Risk-scaled.jpg?fit=1170%2C780&ssl=1&resize=350%2C200 1x, https:\/\/i0.wp.com\/noticiasribeiraopreto.com.br\/wp-content\/uploads\/2025\/08\/ClimaRP-Alfredo-Risk-scaled.jpg?fit=1170%2C780&ssl=1&resize=525%2C300 1.5x, https:\/\/i0.wp.com\/noticiasribeiraopreto.com.br\/wp-content\/uploads\/2025\/08\/ClimaRP-Alfredo-Risk-scaled.jpg?fit=1170%2C780&ssl=1&resize=700%2C400 2x, https:\/\/i0.wp.com\/noticiasribeiraopreto.com.br\/wp-content\/uploads\/2025\/08\/ClimaRP-Alfredo-Risk-scaled.jpg?fit=1170%2C780&ssl=1&resize=1050%2C600 3x"},"classes":[]},{"id":65344,"url":"https:\/\/noticiasribeiraopreto.com.br\/index.php\/2025\/03\/19\/mudanca-de-nome-da-gcm-para-policia-metropolitana-gera-conflito-judicial-em-ribeirao-preto\/","url_meta":{"origin":91075,"position":3},"title":"Mudan\u00e7a de Nome da GCM para Pol\u00edcia Metropolitana Gera Conflito Judicial em Ribeir\u00e3o Preto","author":"noticiasribeiraopreto.com.br","date":"19 de March de 2025","format":false,"excerpt":"A recente decis\u00e3o da Prefeitura de Ribeir\u00e3o Preto de alterar o nome da Guarda Civil Municipal (GCM) para \u201cPol\u00edcia Metropolitana\u201d gerou controv\u00e9rsias e provocou uma rea\u00e7\u00e3o judicial da Procuradoria Geral do Estado de S\u00e3o Paulo (PGE). A mudan\u00e7a, anunciada como parte de um projeto de valoriza\u00e7\u00e3o e moderniza\u00e7\u00e3o da corpora\u00e7\u00e3o,\u2026","rel":"","context":"In &quot;Not\u00edcias de Ribeir\u00e3o Preto-SP e Regi\u00e3o&quot;","block_context":{"text":"Not\u00edcias de Ribeir\u00e3o Preto-SP e Regi\u00e3o","link":"https:\/\/noticiasribeiraopreto.com.br\/index.php\/category\/noticias-de-ribeirao-preto-sp-e-regiao-ismael-colosi\/"},"img":{"alt_text":"","src":"https:\/\/i0.wp.com\/noticiasribeiraopreto.com.br\/wp-content\/uploads\/2025\/03\/20230206123620267595i-1-1200x675-1.jpg?fit=1200%2C675&ssl=1&resize=350%2C200","width":350,"height":200,"srcset":"https:\/\/i0.wp.com\/noticiasribeiraopreto.com.br\/wp-content\/uploads\/2025\/03\/20230206123620267595i-1-1200x675-1.jpg?fit=1200%2C675&ssl=1&resize=350%2C200 1x, https:\/\/i0.wp.com\/noticiasribeiraopreto.com.br\/wp-content\/uploads\/2025\/03\/20230206123620267595i-1-1200x675-1.jpg?fit=1200%2C675&ssl=1&resize=525%2C300 1.5x, https:\/\/i0.wp.com\/noticiasribeiraopreto.com.br\/wp-content\/uploads\/2025\/03\/20230206123620267595i-1-1200x675-1.jpg?fit=1200%2C675&ssl=1&resize=700%2C400 2x, https:\/\/i0.wp.com\/noticiasribeiraopreto.com.br\/wp-content\/uploads\/2025\/03\/20230206123620267595i-1-1200x675-1.jpg?fit=1200%2C675&ssl=1&resize=1050%2C600 3x"},"classes":[]},{"id":64378,"url":"https:\/\/noticiasribeiraopreto.com.br\/index.php\/2025\/03\/07\/camara-de-ribeirao-aprova-projeto-que-denomina-a-gcm-de-policia-metropolitana\/","url_meta":{"origin":91075,"position":4},"title":"C\u00e2mara de Ribeir\u00e3o aprova projeto que denomina a GCM de Pol\u00edcia Metropolitana","author":"noticiasribeiraopreto.com.br","date":"7 de March de 2025","format":false,"excerpt":"A C\u00e2mara de Ribeir\u00e3o Preto aprovou, em definitivo, o projeto de lei complementar 6\/2025 que transforma a GCM (Guarda Civil Metropolitana) de Ribeir\u00e3o Preto em Pol\u00edcia Metropolitana. A segunda vota\u00e7\u00e3o da proposta, que \u00e9 de autoria do chefe do Executivo, foi realizada na sess\u00e3o de quinta-feira (6). O projeto recebeu\u2026","rel":"","context":"In &quot;Not\u00edcias de Ribeir\u00e3o Preto-SP e Regi\u00e3o&quot;","block_context":{"text":"Not\u00edcias de Ribeir\u00e3o Preto-SP e Regi\u00e3o","link":"https:\/\/noticiasribeiraopreto.com.br\/index.php\/category\/noticias-de-ribeirao-preto-sp-e-regiao-ismael-colosi\/"},"img":{"alt_text":"","src":"https:\/\/i0.wp.com\/noticiasribeiraopreto.com.br\/wp-content\/uploads\/2025\/02\/AnyConv.com__guarda-civil-metropolitana_2024-07-03_19-49-25.webp.webp?fit=1200%2C800&ssl=1&resize=350%2C200","width":350,"height":200,"srcset":"https:\/\/i0.wp.com\/noticiasribeiraopreto.com.br\/wp-content\/uploads\/2025\/02\/AnyConv.com__guarda-civil-metropolitana_2024-07-03_19-49-25.webp.webp?fit=1200%2C800&ssl=1&resize=350%2C200 1x, https:\/\/i0.wp.com\/noticiasribeiraopreto.com.br\/wp-content\/uploads\/2025\/02\/AnyConv.com__guarda-civil-metropolitana_2024-07-03_19-49-25.webp.webp?fit=1200%2C800&ssl=1&resize=525%2C300 1.5x, https:\/\/i0.wp.com\/noticiasribeiraopreto.com.br\/wp-content\/uploads\/2025\/02\/AnyConv.com__guarda-civil-metropolitana_2024-07-03_19-49-25.webp.webp?fit=1200%2C800&ssl=1&resize=700%2C400 2x, https:\/\/i0.wp.com\/noticiasribeiraopreto.com.br\/wp-content\/uploads\/2025\/02\/AnyConv.com__guarda-civil-metropolitana_2024-07-03_19-49-25.webp.webp?fit=1200%2C800&ssl=1&resize=1050%2C600 3x"},"classes":[]},{"id":86450,"url":"https:\/\/noticiasribeiraopreto.com.br\/index.php\/2026\/06\/13\/ribeirao-preto-avanca-na-construcao-de-plano-climatico-e-apresenta-projecoes-para-os-proximos-30-anos\/","url_meta":{"origin":91075,"position":5},"title":"Ribeir\u00e3o Preto avan\u00e7a na constru\u00e7\u00e3o de plano clim\u00e1tico e apresenta proje\u00e7\u00f5es para os pr\u00f3ximos 30 anos &#8211; THMais","author":"noticiasribeiraopreto.com.br","date":"13 de June de 2026","format":false,"excerpt":"A Prefeitura de Ribeir\u00e3o Preto, por meio da Secretaria Municipal de Meio Ambiente, Agricultura e Sustentabilidade, realizou na \u00faltima quinta-feira (11) a primeira audi\u00eancia p\u00fablica do Plano Municipal de Adapta\u00e7\u00e3o e Resili\u00eancia Clim\u00e1tica (PARC). O encontro marcou uma importante etapa na constru\u00e7\u00e3o do plano e apresentou \u00e0 popula\u00e7\u00e3o um diagn\u00f3stico\u2026","rel":"","context":"In &quot;Not\u00edcias de Ribeir\u00e3o Preto-SP e Regi\u00e3o&quot;","block_context":{"text":"Not\u00edcias de Ribeir\u00e3o Preto-SP e Regi\u00e3o","link":"https:\/\/noticiasribeiraopreto.com.br\/index.php\/category\/noticias-de-ribeirao-preto-sp-e-regiao-ismael-colosi\/"},"img":{"alt_text":"","src":"https:\/\/i0.wp.com\/noticiasribeiraopreto.com.br\/wp-content\/uploads\/2026\/06\/IMG_2595.jpeg?fit=1200%2C800&ssl=1&resize=350%2C200","width":350,"height":200,"srcset":"https:\/\/i0.wp.com\/noticiasribeiraopreto.com.br\/wp-content\/uploads\/2026\/06\/IMG_2595.jpeg?fit=1200%2C800&ssl=1&resize=350%2C200 1x, https:\/\/i0.wp.com\/noticiasribeiraopreto.com.br\/wp-content\/uploads\/2026\/06\/IMG_2595.jpeg?fit=1200%2C800&ssl=1&resize=525%2C300 1.5x, https:\/\/i0.wp.com\/noticiasribeiraopreto.com.br\/wp-content\/uploads\/2026\/06\/IMG_2595.jpeg?fit=1200%2C800&ssl=1&resize=700%2C400 2x, https:\/\/i0.wp.com\/noticiasribeiraopreto.com.br\/wp-content\/uploads\/2026\/06\/IMG_2595.jpeg?fit=1200%2C800&ssl=1&resize=1050%2C600 3x"},"classes":[]}],"jetpack_sharing_enabled":true,"jetpack_shortlink":"https:\/\/wp.me\/peQAOb-nGX","jetpack_featured_media_url":"https:\/\/i0.wp.com\/noticiasribeiraopreto.com.br\/wp-content\/uploads\/2026\/09\/WhatsApp-Image-2025-11-13-at-07.44.58.jpeg?fit=984%2C616&ssl=1","_links":{"self":[{"href":"https:\/\/noticiasribeiraopreto.com.br\/index.php\/wp-json\/wp\/v2\/posts\/91075","targetHints":{"allow":["GET"]}}],"collection":[{"href":"https:\/\/noticiasribeiraopreto.com.br\/index.php\/wp-json\/wp\/v2\/posts"}],"about":[{"href":"https:\/\/noticiasribeiraopreto.com.br\/index.php\/wp-json\/wp\/v2\/types\/post"}],"author":[{"embeddable":true,"href":"https:\/\/noticiasribeiraopreto.com.br\/index.php\/wp-json\/wp\/v2\/users\/1"}],"replies":[{"embeddable":true,"href":"https:\/\/noticiasribeiraopreto.com.br\/index.php\/wp-json\/wp\/v2\/comments?post=91075"}],"version-history":[{"count":0,"href":"https:\/\/noticiasribeiraopreto.com.br\/index.php\/wp-json\/wp\/v2\/posts\/91075\/revisions"}],"wp:featuredmedia":[{"embeddable":true,"href":"https:\/\/noticiasribeiraopreto.com.br\/index.php\/wp-json\/wp\/v2\/media\/91076"}],"wp:attachment":[{"href":"https:\/\/noticiasribeiraopreto.com.br\/index.php\/wp-json\/wp\/v2\/media?parent=91075"}],"wp:term":[{"taxonomy":"category","embeddable":true,"href":"https:\/\/noticiasribeiraopreto.com.br\/index.php\/wp-json\/wp\/v2\/categories?post=91075"},{"taxonomy":"post_tag","embeddable":true,"href":"https:\/\/noticiasribeiraopreto.com.br\/index.php\/wp-json\/wp\/v2\/tags?post=91075"}],"curies":[{"name":"wp","href":"https:\/\/api.w.org\/{rel}","templated":true}]}}