{"id":91077,"date":"2026-09-04T08:02:13","date_gmt":"2026-09-04T11:02:13","guid":{"rendered":"https:\/\/noticiasribeiraopreto.com.br\/index.php\/2026\/09\/04\/frente-fria-muda-o-tempo-no-fim-de-semana-e-ribeirao-pode-ter-temporal-e-ventos-fortes\/"},"modified":"2026-09-04T08:02:13","modified_gmt":"2026-09-04T11:02:13","slug":"frente-fria-muda-o-tempo-no-fim-de-semana-e-ribeirao-pode-ter-temporal-e-ventos-fortes","status":"publish","type":"post","link":"https:\/\/noticiasribeiraopreto.com.br\/index.php\/2026\/09\/04\/frente-fria-muda-o-tempo-no-fim-de-semana-e-ribeirao-pode-ter-temporal-e-ventos-fortes\/","title":{"rendered":"Frente fria muda o tempo no fim de semana e Ribeir\u00e3o pode ter temporal e ventos fortes"},"content":{"rendered":"<div class='code-block code-block-1' style='margin: 8px 0 8px auto; text-align: right; display: block; clear: both;'>\n<p><a href=\"https:\/\/wa.link\/vpicfd\"><img data-recalc-dims=\"1\" class=\"wp-image-4922\" style=\"aspect-ratio: 2.0253164556962027; width: 561px; height: auto;\" src=\"https:\/\/i0.wp.com\/ismaelcolosi.com.br\/wp-content\/uploads\/2023\/11\/grupo-de-empregos-whatsapp-e-facebook-ismael-colosi-vagas.jpg?ssl=1\" alt=\"\" \/><\/a><\/p>\n<!-- \/wp:image -->\n<\/div>\n<p> <br \/>\n<\/p>\n<p>Uma <strong>nova frente fria<\/strong>, associada a um <strong>sistema de baixa press\u00e3o<\/strong> no oceano, come\u00e7a a influenciar o tempo no <strong>Estado de S\u00e3o Paulo<\/strong> entre a tarde e a noite desta<strong> sexta-feira (4)<\/strong>.<\/p>\n<p>Em <strong>Ribeir\u00e3o Preto<\/strong>, o dia come\u00e7a com sol e nevoeiro nas primeiras horas da manh\u00e3. Ao longo do dia, a nebulosidade aumenta, <strong>com muitas nuvens previstas para a tarde e a noite<\/strong>.<strong> <\/strong>As temperaturas ficam entre <strong>16\u00b0C<\/strong> e <strong>33\u00b0C<\/strong>.<\/p>\n<p>J\u00e1 no<strong> s\u00e1bado (5)<\/strong>, o dia come\u00e7a com sol entre muitas nuvens, mas a instabilidade aumenta durante a tarde, com previs\u00e3o de <strong>pancadas de chuva e trovoadas<\/strong>.<mark class=\"has-inline-color\"> <strong>\u00c0 noite, h\u00e1 possibilidade de temporal.<\/strong><\/mark><\/p>\n<p>As temperaturas ficam entre <strong>19\u00b0C <\/strong>e <strong>34\u00b0C<\/strong>. Tamb\u00e9m h\u00e1 previs\u00e3o de <strong>ventos mais fortes, com rajadas que podem chegar a 62 km\/h,<\/strong> conforme previs\u00e3o da <strong><a href=\"https:\/\/www.climatempo.com.br\/\" target=\"_blank\" data-type=\"link\" data-id=\"https:\/\/www.climatempo.com.br\/\" rel=\"noreferrer noopener\">Climatempo<\/a><\/strong>.<\/p>\n<p>No <strong>domingo (6)<\/strong>, a mudan\u00e7a no tempo fica mais evidente, com <strong>chuva forte logo pela manh\u00e3<\/strong>, seguida por algumas aberturas de sol \u00e0 tarde e novas pancadas de chuva, que podem continuar durante a noite. As temperaturas variam entre <strong>16\u00b0C<\/strong> e<strong> 23\u00b0C<\/strong>.<\/p>\n<figure class=\"wp-block-image size-large\"><figcaption class=\"wp-element-caption\">Frente fria traz possibilidade de temporal para Ribeir\u00e3o \u2013 Foto: Mariana Queiroz <\/figcaption><\/figure>\n<p class=\"has-text-align-center has-cyan-bluish-gray-background-color has-background\"><em>Receba not\u00edcias do\u00a0<strong>acidade on Ribeir\u00e3o\u00a0<\/strong>no WhatsApp e fique por dentro de tudo! Basta acessar o link<a href=\"https:\/\/chat.whatsapp.com\/DfXwcjKVIddHUT3BvnQuPZ?mode=hqctshi\" target=\"_blank\" rel=\"noreferrer noopener\">\u00a0aqui<\/a>!<\/em><\/p>\n<h2 class=\"wp-block-heading\"><strong>Nova frente fria chega a SP<\/strong><\/h2>\n<p>Em entrevista ao <strong>acidade on<\/strong>, a <strong>meteorologista Jos\u00e9lia Pegorim<\/strong>, explicou que essa nova <strong>frente fria<\/strong> vai provocar chuva generalizada no estado de S\u00e3o Paulo, com possibilidade de epis\u00f3dios de <strong>intensidade moderada a forte na regi\u00e3o.<\/strong><\/p>\n<p>O cen\u00e1rio ocorre ap\u00f3s a <strong>passagem de outra frente fria no in\u00edcio de setembro<\/strong>. Segundo a meteorologista, esse primeiro sistema provocou volumes de chuva entre 10 e 20 mil\u00edmetros.<\/p>\n<p><mark class=\"has-inline-color\">Para setembro, a m\u00e9dia de precipita\u00e7\u00e3o na regi\u00e3o de Ribeir\u00e3o Preto varia entre 60 e 80 mil\u00edmetros.<\/mark><\/p>\n<blockquote class=\"instagram-media\" data-instgrm-permalink=\"https:\/\/www.instagram.com\/reel\/Dc10y_vFK4u\/?utm_source=ig_embed&amp;utm_campaign=loading\" data-instgrm-version=\"14\">\n<div> <a href=\"https:\/\/www.instagram.com\/reel\/Dc10y_vFK4u\/?utm_source=ig_embed&amp;utm_campaign=loading\" target=\"_blank\" rel=\"noopener\"> <\/p>\n<div>\n<div><\/div>\n<div>\n<div><\/div>\n<div><\/div>\n<\/div>\n<\/div>\n<div><\/div>\n<div><\/div>\n<div>\n<div>Ver essa foto no Instagram<\/div>\n<\/div>\n<div><\/div>\n<div>\n<div>\n<div><\/div>\n<div><\/div>\n<div><\/div>\n<\/div>\n<div>\n<div><\/div>\n<div><\/div>\n<\/div>\n<div>\n<div><\/div>\n<div><\/div>\n<div><\/div>\n<\/div>\n<\/div>\n<div>\n<div><\/div>\n<div><\/div>\n<\/div>\n<p><\/a><\/p>\n<p><a href=\"https:\/\/www.instagram.com\/reel\/Dc10y_vFK4u\/?utm_source=ig_embed&amp;utm_campaign=loading\" target=\"_blank\" rel=\"noopener\">Um post compartilhado por acidade on Ribeir\u00e3o (@acidadeonribeirao)<\/a><\/p>\n<\/div>\n<\/blockquote>\n<h3 class=\"wp-block-heading\"><strong>E como fica o feriado?<\/strong><\/h3>\n<p>Depois da passagem da frente fria, <strong>o tempo deve mudar novamente por causa da chegada de ar frio<\/strong>. <mark class=\"has-inline-color\">A entrada dessa massa de ar deve provocar queda nas temperaturas em <strong>Ribeir\u00e3o Preto e regi\u00e3o<\/strong>.<\/mark><\/p>\n<p>No <strong>feriado de 7 de Setembro<\/strong>, a expectativa \u00e9 de que a chuva diminua. Segundo Jos\u00e9lia, o principal destaque para a data ser\u00e1 a queda de temperatura provocada pela chegada do ar frio.<\/p>\n<p>Conforme previs\u00e3o estendida, o dia ser\u00e1 de sol com muitas nuvens durante o dia, per\u00edodos de c\u00e9u nublado e noite com muitas nuvens. <strong>Os term\u00f4metros variam entre 15\u00baC e 20\u00baC.<\/strong><\/p>\n<figure class=\"wp-block-image size-full\"><img data-recalc-dims=\"1\" loading=\"lazy\" decoding=\"async\" width=\"1024\" height=\"576\" src=\"https:\/\/i0.wp.com\/www.acidadeon.com\/ribeiraopreto\/wp-content\/uploads\/sites\/3\/2026\/07\/calcadao_ribeirao_1024x576_22052020190437_2026-07-12_21-51-57.webp?resize=1024%2C576&#038;ssl=1\" alt=\"Ap\u00f3s frente fria, temperaturas caem em Ribeir\u00e3o Preto - Foto: Weber Sian.\" class=\"wp-image-165411\" title=\"Frente fria muda o tempo no fim de semana e Ribeir\u00e3o pode ter temporal e ventos fortes 2\"><figcaption class=\"wp-element-caption\">Ap\u00f3s frente fria, temperaturas caem em Ribeir\u00e3o Preto \u2013 Foto: Weber Sian.<\/figcaption><\/figure>\n<h2 class=\"wp-block-heading\"><strong>Confira a previs\u00e3o para os pr\u00f3ximos 5 dias em Ribeir\u00e3o Preto<\/strong><\/h2>\n<ul class=\"wp-block-list\">\n<li><strong>Sexta-feira (4):<\/strong> Dia de sol, com nevoeiro ao amanhecer. Muitas nuvens \u00e0 tarde e \u00e0 noite. M\u00ednima de 16\u00baC e m\u00e1xima de 33\u00baC;<\/li>\n<\/ul>\n<ul class=\"wp-block-list\">\n<li><strong>S\u00e1bado (5):<\/strong> Sol com muitas nuvens e pancadas de chuva \u00e0 tarde. \u00c0 noite ocorre temporal. M\u00ednima de 19\u00baC e m\u00e1xima de 34\u00baC;<\/li>\n<\/ul>\n<ul class=\"wp-block-list\">\n<li><strong>Domingo (6):<\/strong> Chuva forte de manh\u00e3. Aberturas de sol \u00e0 tarde e pancadas de chuva que v\u00e3o at\u00e9 a noite. M\u00ednima de 16\u00baC e m\u00e1xima de 23\u00baC;<\/li>\n<\/ul>\n<ul class=\"wp-block-list\">\n<li><strong>Segunda-feira (7):<\/strong> Sol com muitas nuvens durante o dia e per\u00edodos de c\u00e9u nublado. Noite com muitas nuvens. M\u00ednima de 16\u00baC e m\u00e1xima de 27\u00baC;<\/li>\n<\/ul>\n<ul class=\"wp-block-list\">\n<li><strong>Ter\u00e7a-feira (8):<\/strong> Sol com muitas nuvens. Pancadas de chuva \u00e0 tarde e \u00e0 noite. M\u00ednima de 16\u00baC e m\u00e1xima de 27\u00baC.<\/li>\n<\/ul>\n<p><strong><em>Fonte: <\/em><\/strong><em>Climatempo<\/em><\/p>\n<figure class=\"wp-block-image size-large\"><img data-recalc-dims=\"1\" loading=\"lazy\" decoding=\"async\" width=\"1024\" height=\"576\" src=\"https:\/\/i0.wp.com\/www.acidadeon.com\/ribeiraopreto\/wp-content\/uploads\/sites\/3\/2026\/09\/previsao-tempo-ribeirao-final-de-semana-1024x576.jpg?resize=1024%2C576&#038;ssl=1\" alt=\"Previs\u00e3o estendida da Climatempo para Ribeir\u00e3o Preto - Foto: Climatempo.\" class=\"wp-image-173643\" title=\"Frente fria muda o tempo no fim de semana e Ribeir\u00e3o pode ter temporal e ventos fortes 3\"><figcaption class=\"wp-element-caption\">Previs\u00e3o estendida da Climatempo para Ribeir\u00e3o Preto \u2013 Foto: Climatempo.<\/figcaption><\/figure>\n<p class=\"has-text-align-center has-cyan-bluish-gray-background-color has-background\"><em>Fa\u00e7a uma den\u00fancia ou sugira uma reportagem sobre\u00a0<strong>Ribeir\u00e3o Preto\u00a0<\/strong>e regi\u00e3o por meio do WhatsApp do\u00a0<strong>acidade on Ribeir\u00e3o<\/strong>: (16) 99117-7802.<\/em><\/p>\n<\/p>\n<p>O post Frente fria muda o tempo no fim de semana e Ribeir\u00e3o pode ter temporal e ventos fortes apareceu primeiro em ACidade ON Ribeir\u00e3o Preto.<\/p>\n<p><script async src=\"\/\/www.instagram.com\/embed.js\"><\/script><br \/>\n<br \/><br \/>\n<br \/><a href=\"https:\/\/www.acidadeon.com\/ribeiraopreto\/cotidiano\/frente-fria-muda-o-tempo-no-fim-de-semana-e-ribeirao-pode-ter-temporal-e-ventos-fortes\/\">Link para o texto original aqui <\/a><\/p>\n<!-- CONTENT END 1 -->\n","protected":false},"excerpt":{"rendered":"<p>Uma nova frente fria, associada a um sistema de baixa press\u00e3o no oceano, come\u00e7a a influenciar o tempo no Estado de S\u00e3o Paulo entre a&#8230;<\/p>\n","protected":false},"author":1,"featured_media":91078,"comment_status":"","ping_status":"","sticky":false,"template":"","format":"standard","meta":{"advanced_seo_description":"","jetpack_seo_html_title":"","jetpack_seo_noindex":false,"jetpack_seo_schema_type":"","_jetpack_newsletter_access":"","_jetpack_dont_email_post_to_subs":false,"_jetpack_newsletter_tier_id":0,"_jetpack_memberships_contains_paywalled_content":false,"_jetpack_feature_clip_id":0,"_jetpack_memberships_contains_paid_content":false,"footnotes":"","jetpack_publicize_message":"","jetpack_publicize_feature_enabled":true,"jetpack_social_post_already_shared":true,"jetpack_social_options":{"image_generator_settings":{"template":"highway","default_image_id":0,"font":"","enabled":false},"version":2},"jetpack_post_was_ever_published":false},"categories":[11],"tags":[125,2391,490,7201,491,3747,217,26,126,351,3196,502,248],"class_list":["post-91077","post","type-post","status-publish","format-standard","has-post-thumbnail","hentry","category-noticias-de-ribeirao-preto-sp-e-regiao-ismael-colosi","tag-fim","tag-fortes","tag-frente","tag-frente-fria","tag-fria","tag-muda","tag-pode","tag-ribeirao","tag-semana","tag-tempo","tag-temporal","tag-ter","tag-ventos"],"jetpack_publicize_connections":[],"jetpack-related-posts":[{"id":84335,"url":"https:\/\/noticiasribeiraopreto.com.br\/index.php\/2026\/04\/07\/frente-fria-vira-o-tempo-no-interior-de-sp-e-traz-risco-de-temporais-veja-previsao\/","url_meta":{"origin":91077,"position":0},"title":"Frente fria vira o tempo no interior de SP e traz risco de temporais; Veja previs\u00e3o","author":"noticiasribeiraopreto.com.br","date":"7 de April de 2026","format":false,"excerpt":"Ler o resumo da not\u00edcia Frente fria muda o tempo no interior de SP a partir desta quarta-feira (8), com risco de temporais. Pancadas de chuva podem ocorrer desde as primeiras horas do dia, especialmente no nordeste Paulista e divisa com Minas Gerais. Instabilidades devem se intensificar e atuar de\u2026","rel":"","context":"In &quot;Not\u00edcias de Ribeir\u00e3o Preto-SP e Regi\u00e3o&quot;","block_context":{"text":"Not\u00edcias de Ribeir\u00e3o Preto-SP e Regi\u00e3o","link":"https:\/\/noticiasribeiraopreto.com.br\/index.php\/category\/noticias-de-ribeirao-preto-sp-e-regiao-ismael-colosi\/"},"img":{"alt_text":"","src":"https:\/\/i0.wp.com\/noticiasribeiraopreto.com.br\/wp-content\/uploads\/2026\/04\/chuva_sexta_08_2024-12-30_19-10-10_jpg_2024-12-30_19-10-11-1024x683.webp.webp?fit=1024%2C683&ssl=1&resize=350%2C200","width":350,"height":200,"srcset":"https:\/\/i0.wp.com\/noticiasribeiraopreto.com.br\/wp-content\/uploads\/2026\/04\/chuva_sexta_08_2024-12-30_19-10-10_jpg_2024-12-30_19-10-11-1024x683.webp.webp?fit=1024%2C683&ssl=1&resize=350%2C200 1x, https:\/\/i0.wp.com\/noticiasribeiraopreto.com.br\/wp-content\/uploads\/2026\/04\/chuva_sexta_08_2024-12-30_19-10-10_jpg_2024-12-30_19-10-11-1024x683.webp.webp?fit=1024%2C683&ssl=1&resize=525%2C300 1.5x, https:\/\/i0.wp.com\/noticiasribeiraopreto.com.br\/wp-content\/uploads\/2026\/04\/chuva_sexta_08_2024-12-30_19-10-10_jpg_2024-12-30_19-10-11-1024x683.webp.webp?fit=1024%2C683&ssl=1&resize=700%2C400 2x"},"classes":[]},{"id":87833,"url":"https:\/\/noticiasribeiraopreto.com.br\/index.php\/2026\/07\/09\/frente-fria-muda-o-tempo-e-traz-risco-de-temporais-no-fim-de-semana\/","url_meta":{"origin":91077,"position":1},"title":"Frente fria muda o tempo e traz risco de temporais no fim de semana","author":"noticiasribeiraopreto.com.br","date":"9 de July de 2026","format":false,"excerpt":"Uma nova frente fria avan\u00e7a pelo Sul do pa\u00eds nesta sexta-feira (10), provocando temporais, e deve chegar ao Sudeste durante o fim de semana, causando instabilidade em algumas regi\u00f5es do estado de S\u00e3o Paulo. Nesta quinta-feira (9), o tempo segue est\u00e1vel, no entanto, a previs\u00e3o \u00e9 de mudan\u00e7a a partir\u2026","rel":"","context":"In &quot;Not\u00edcias de Ribeir\u00e3o Preto-SP e Regi\u00e3o&quot;","block_context":{"text":"Not\u00edcias de Ribeir\u00e3o Preto-SP e Regi\u00e3o","link":"https:\/\/noticiasribeiraopreto.com.br\/index.php\/category\/noticias-de-ribeirao-preto-sp-e-regiao-ismael-colosi\/"},"img":{"alt_text":"","src":"https:\/\/i0.wp.com\/noticiasribeiraopreto.com.br\/wp-content\/uploads\/2026\/07\/frente-fria-traz-tempestades-e-risco-de-mais-de-100-mm-de-chuva-1783605937277_1024.webp.webp?fit=1024%2C744&ssl=1&resize=350%2C200","width":350,"height":200,"srcset":"https:\/\/i0.wp.com\/noticiasribeiraopreto.com.br\/wp-content\/uploads\/2026\/07\/frente-fria-traz-tempestades-e-risco-de-mais-de-100-mm-de-chuva-1783605937277_1024.webp.webp?fit=1024%2C744&ssl=1&resize=350%2C200 1x, https:\/\/i0.wp.com\/noticiasribeiraopreto.com.br\/wp-content\/uploads\/2026\/07\/frente-fria-traz-tempestades-e-risco-de-mais-de-100-mm-de-chuva-1783605937277_1024.webp.webp?fit=1024%2C744&ssl=1&resize=525%2C300 1.5x, https:\/\/i0.wp.com\/noticiasribeiraopreto.com.br\/wp-content\/uploads\/2026\/07\/frente-fria-traz-tempestades-e-risco-de-mais-de-100-mm-de-chuva-1783605937277_1024.webp.webp?fit=1024%2C744&ssl=1&resize=700%2C400 2x"},"classes":[]},{"id":60582,"url":"https:\/\/noticiasribeiraopreto.com.br\/index.php\/2024\/11\/18\/frente-fria-interior-de-sp-tera-chuva-e-queda-na-temperatura\/","url_meta":{"origin":91077,"position":2},"title":"Frente fria: Interior de SP ter\u00e1 chuva e queda na temperatura","author":"noticiasribeiraopreto.com.br","date":"18 de November de 2024","format":false,"excerpt":"Para al\u00edvio de muitas pessoas, as chuvas que est\u00e3o afetando o Sudeste do pa\u00eds devem dar uma pausa nos pr\u00f3ximos dias. No entanto, uma nova frente fria est\u00e1 se aproximando gradualmente e dever\u00e1 causar chuvas fortes ao longo da semana \u2013 confira os detalhes abaixo. A frente fria j\u00e1 come\u00e7ou?\u2026","rel":"","context":"In &quot;Not\u00edcias de Ribeir\u00e3o Preto-SP e Regi\u00e3o&quot;","block_context":{"text":"Not\u00edcias de Ribeir\u00e3o Preto-SP e Regi\u00e3o","link":"https:\/\/noticiasribeiraopreto.com.br\/index.php\/category\/noticias-de-ribeirao-preto-sp-e-regiao-ismael-colosi\/"},"img":{"alt_text":"","src":"https:\/\/i0.wp.com\/noticiasribeiraopreto.com.br\/wp-content\/uploads\/2024\/08\/ceu-nublado_2024-08-10_12-38-56_jpeg_2024-08-10_12-38-56.webp.webp?fit=1200%2C903&ssl=1&resize=350%2C200","width":350,"height":200,"srcset":"https:\/\/i0.wp.com\/noticiasribeiraopreto.com.br\/wp-content\/uploads\/2024\/08\/ceu-nublado_2024-08-10_12-38-56_jpeg_2024-08-10_12-38-56.webp.webp?fit=1200%2C903&ssl=1&resize=350%2C200 1x, https:\/\/i0.wp.com\/noticiasribeiraopreto.com.br\/wp-content\/uploads\/2024\/08\/ceu-nublado_2024-08-10_12-38-56_jpeg_2024-08-10_12-38-56.webp.webp?fit=1200%2C903&ssl=1&resize=525%2C300 1.5x, https:\/\/i0.wp.com\/noticiasribeiraopreto.com.br\/wp-content\/uploads\/2024\/08\/ceu-nublado_2024-08-10_12-38-56_jpeg_2024-08-10_12-38-56.webp.webp?fit=1200%2C903&ssl=1&resize=700%2C400 2x, https:\/\/i0.wp.com\/noticiasribeiraopreto.com.br\/wp-content\/uploads\/2024\/08\/ceu-nublado_2024-08-10_12-38-56_jpeg_2024-08-10_12-38-56.webp.webp?fit=1200%2C903&ssl=1&resize=1050%2C600 3x"},"classes":[]},{"id":87279,"url":"https:\/\/noticiasribeiraopreto.com.br\/index.php\/2026\/06\/30\/frente-fria-e-ar-polar-mudam-o-tempo-e-derrubam-as-temperaturas\/","url_meta":{"origin":91077,"position":3},"title":"Frente fria e ar polar mudam o tempo e derrubam as temperaturas","author":"noticiasribeiraopreto.com.br","date":"30 de June de 2026","format":false,"excerpt":"Uma nova frente fria deve mudar o tempo no estado de S\u00e3o Paulo a partir desta sexta-feira (3), trazendo aumento da nebulosidade, chuva e uma nova queda nas temperaturas. De acordo com os meteorologistas, esse sistema ser\u00e1 formado ap\u00f3s o aprofundamento de uma \u00e1rea de baixa press\u00e3o sobre o oceano,\u2026","rel":"","context":"In &quot;Not\u00edcias de Ribeir\u00e3o Preto-SP e Regi\u00e3o&quot;","block_context":{"text":"Not\u00edcias de Ribeir\u00e3o Preto-SP e Regi\u00e3o","link":"https:\/\/noticiasribeiraopreto.com.br\/index.php\/category\/noticias-de-ribeirao-preto-sp-e-regiao-ismael-colosi\/"},"img":{"alt_text":"","src":"https:\/\/i0.wp.com\/noticiasribeiraopreto.com.br\/wp-content\/uploads\/2026\/06\/Mirage-Circus_2026-06-30_20-43-29.webp.webp?fit=1200%2C675&ssl=1&resize=350%2C200","width":350,"height":200,"srcset":"https:\/\/i0.wp.com\/noticiasribeiraopreto.com.br\/wp-content\/uploads\/2026\/06\/Mirage-Circus_2026-06-30_20-43-29.webp.webp?fit=1200%2C675&ssl=1&resize=350%2C200 1x, https:\/\/i0.wp.com\/noticiasribeiraopreto.com.br\/wp-content\/uploads\/2026\/06\/Mirage-Circus_2026-06-30_20-43-29.webp.webp?fit=1200%2C675&ssl=1&resize=525%2C300 1.5x, https:\/\/i0.wp.com\/noticiasribeiraopreto.com.br\/wp-content\/uploads\/2026\/06\/Mirage-Circus_2026-06-30_20-43-29.webp.webp?fit=1200%2C675&ssl=1&resize=700%2C400 2x, https:\/\/i0.wp.com\/noticiasribeiraopreto.com.br\/wp-content\/uploads\/2026\/06\/Mirage-Circus_2026-06-30_20-43-29.webp.webp?fit=1200%2C675&ssl=1&resize=1050%2C600 3x"},"classes":[]},{"id":90864,"url":"https:\/\/noticiasribeiraopreto.com.br\/index.php\/2026\/09\/01\/com-chegada-de-frente-fria-ribeirao-pode-ter-minima-invertida-veja-previsao\/","url_meta":{"origin":91077,"position":4},"title":"Com chegada de frente fria, Ribeir\u00e3o pode ter m\u00ednima invertida; Veja previs\u00e3o","author":"noticiasribeiraopreto.com.br","date":"1 de September de 2026","format":false,"excerpt":"Ap\u00f3s dias marcados por tempo seco e altas temperaturas, uma nova frente fria avan\u00e7a elo Estado de S\u00e3o Paulo nesta ter\u00e7a-feira (1\u00ba) e provoca chuva forte, temporais e queda significativa das temperaturas em diversas regi\u00f5es, inclusive em Ribeir\u00e3o Preto. De acordo com a Climatempo, o dia come\u00e7a com sol entre\u2026","rel":"","context":"In &quot;Not\u00edcias de Ribeir\u00e3o Preto-SP e Regi\u00e3o&quot;","block_context":{"text":"Not\u00edcias de Ribeir\u00e3o Preto-SP e Regi\u00e3o","link":"https:\/\/noticiasribeiraopreto.com.br\/index.php\/category\/noticias-de-ribeirao-preto-sp-e-regiao-ismael-colosi\/"},"img":{"alt_text":"","src":"https:\/\/i0.wp.com\/noticiasribeiraopreto.com.br\/wp-content\/uploads\/2026\/09\/WhatsApp-Image-2025-11-08-at-10.56.13_2025-11-08_14-04-47.webp.webp?fit=1200%2C903&ssl=1&resize=350%2C200","width":350,"height":200,"srcset":"https:\/\/i0.wp.com\/noticiasribeiraopreto.com.br\/wp-content\/uploads\/2026\/09\/WhatsApp-Image-2025-11-08-at-10.56.13_2025-11-08_14-04-47.webp.webp?fit=1200%2C903&ssl=1&resize=350%2C200 1x, https:\/\/i0.wp.com\/noticiasribeiraopreto.com.br\/wp-content\/uploads\/2026\/09\/WhatsApp-Image-2025-11-08-at-10.56.13_2025-11-08_14-04-47.webp.webp?fit=1200%2C903&ssl=1&resize=525%2C300 1.5x, https:\/\/i0.wp.com\/noticiasribeiraopreto.com.br\/wp-content\/uploads\/2026\/09\/WhatsApp-Image-2025-11-08-at-10.56.13_2025-11-08_14-04-47.webp.webp?fit=1200%2C903&ssl=1&resize=700%2C400 2x, https:\/\/i0.wp.com\/noticiasribeiraopreto.com.br\/wp-content\/uploads\/2026\/09\/WhatsApp-Image-2025-11-08-at-10.56.13_2025-11-08_14-04-47.webp.webp?fit=1200%2C903&ssl=1&resize=1050%2C600 3x"},"classes":[]},{"id":83130,"url":"https:\/\/noticiasribeiraopreto.com.br\/index.php\/2026\/03\/10\/frente-fria-fora-do-normal-traz-chuva-forte-para-o-estado-de-sp-veja-previsao\/","url_meta":{"origin":91077,"position":5},"title":"Frente fria &#8216;fora do normal&#8217; traz chuva forte para o estado de SP; Veja previs\u00e3o","author":"noticiasribeiraopreto.com.br","date":"10 de March de 2026","format":false,"excerpt":"A atua\u00e7\u00e3o de uma massa de ar polar come\u00e7a a influenciar o tempo em parte das regi\u00f5es Sul e Sudeste do Brasil nesta segunda semana de mar\u00e7o, segundo a previs\u00e3o da Climatempo. Esse sistema provoca a entrada de ar mais frio e \u00famido, e favorece temperaturas mais amenas e a\u2026","rel":"","context":"In &quot;Not\u00edcias de Ribeir\u00e3o Preto-SP e Regi\u00e3o&quot;","block_context":{"text":"Not\u00edcias de Ribeir\u00e3o Preto-SP e Regi\u00e3o","link":"https:\/\/noticiasribeiraopreto.com.br\/index.php\/category\/noticias-de-ribeirao-preto-sp-e-regiao-ismael-colosi\/"},"img":{"alt_text":"","src":"https:\/\/i0.wp.com\/noticiasribeiraopreto.com.br\/wp-content\/uploads\/2025\/11\/chuva_sexta_06_2024-11-29_16-33-16.webp.webp?fit=1024%2C768&ssl=1&resize=350%2C200","width":350,"height":200,"srcset":"https:\/\/i0.wp.com\/noticiasribeiraopreto.com.br\/wp-content\/uploads\/2025\/11\/chuva_sexta_06_2024-11-29_16-33-16.webp.webp?fit=1024%2C768&ssl=1&resize=350%2C200 1x, https:\/\/i0.wp.com\/noticiasribeiraopreto.com.br\/wp-content\/uploads\/2025\/11\/chuva_sexta_06_2024-11-29_16-33-16.webp.webp?fit=1024%2C768&ssl=1&resize=525%2C300 1.5x, https:\/\/i0.wp.com\/noticiasribeiraopreto.com.br\/wp-content\/uploads\/2025\/11\/chuva_sexta_06_2024-11-29_16-33-16.webp.webp?fit=1024%2C768&ssl=1&resize=700%2C400 2x"},"classes":[]}],"jetpack_sharing_enabled":true,"jetpack_shortlink":"https:\/\/wp.me\/peQAOb-nGZ","jetpack_featured_media_url":"https:\/\/i0.wp.com\/noticiasribeiraopreto.com.br\/wp-content\/uploads\/2026\/09\/Imagem-do-WhatsApp-de-2025-12-08-as-13.59.15_de4078cb_2025-12-08_17-07-48-1024x576.webp.webp?fit=1024%2C576&ssl=1","_links":{"self":[{"href":"https:\/\/noticiasribeiraopreto.com.br\/index.php\/wp-json\/wp\/v2\/posts\/91077","targetHints":{"allow":["GET"]}}],"collection":[{"href":"https:\/\/noticiasribeiraopreto.com.br\/index.php\/wp-json\/wp\/v2\/posts"}],"about":[{"href":"https:\/\/noticiasribeiraopreto.com.br\/index.php\/wp-json\/wp\/v2\/types\/post"}],"author":[{"embeddable":true,"href":"https:\/\/noticiasribeiraopreto.com.br\/index.php\/wp-json\/wp\/v2\/users\/1"}],"replies":[{"embeddable":true,"href":"https:\/\/noticiasribeiraopreto.com.br\/index.php\/wp-json\/wp\/v2\/comments?post=91077"}],"version-history":[{"count":0,"href":"https:\/\/noticiasribeiraopreto.com.br\/index.php\/wp-json\/wp\/v2\/posts\/91077\/revisions"}],"wp:featuredmedia":[{"embeddable":true,"href":"https:\/\/noticiasribeiraopreto.com.br\/index.php\/wp-json\/wp\/v2\/media\/91078"}],"wp:attachment":[{"href":"https:\/\/noticiasribeiraopreto.com.br\/index.php\/wp-json\/wp\/v2\/media?parent=91077"}],"wp:term":[{"taxonomy":"category","embeddable":true,"href":"https:\/\/noticiasribeiraopreto.com.br\/index.php\/wp-json\/wp\/v2\/categories?post=91077"},{"taxonomy":"post_tag","embeddable":true,"href":"https:\/\/noticiasribeiraopreto.com.br\/index.php\/wp-json\/wp\/v2\/tags?post=91077"}],"curies":[{"name":"wp","href":"https:\/\/api.w.org\/{rel}","templated":true}]}}