{"id":91079,"date":"2026-09-04T08:55:21","date_gmt":"2026-09-04T11:55:21","guid":{"rendered":"https:\/\/noticiasribeiraopreto.com.br\/index.php\/2026\/09\/04\/acidente-na-anhanguera-deixa-uma-pessoa-morta-e-outra-em-estado-grave-no-interior-de-sp\/"},"modified":"2026-09-04T08:55:21","modified_gmt":"2026-09-04T11:55:21","slug":"acidente-na-anhanguera-deixa-uma-pessoa-morta-e-outra-em-estado-grave-no-interior-de-sp","status":"publish","type":"post","link":"https:\/\/noticiasribeiraopreto.com.br\/index.php\/2026\/09\/04\/acidente-na-anhanguera-deixa-uma-pessoa-morta-e-outra-em-estado-grave-no-interior-de-sp\/","title":{"rendered":"Acidente na Anhanguera deixa uma pessoa morta e outra em estado grave no interior de SP"},"content":{"rendered":"<div class='code-block code-block-1' style='margin: 8px 0 8px auto; text-align: right; display: block; clear: both;'>\n<p><a href=\"https:\/\/wa.link\/vpicfd\"><img data-recalc-dims=\"1\" class=\"wp-image-4922\" style=\"aspect-ratio: 2.0253164556962027; width: 561px; height: auto;\" src=\"https:\/\/i0.wp.com\/ismaelcolosi.com.br\/wp-content\/uploads\/2023\/11\/grupo-de-empregos-whatsapp-e-facebook-ismael-colosi-vagas.jpg?ssl=1\" alt=\"\" \/><\/a><\/p>\n<!-- \/wp:image -->\n<\/div>\n<p> <br \/>\n<\/p>\n<p><strong>Uma pessoa morreu<\/strong> e<strong> outra est\u00e1 em estado grave<\/strong> ap\u00f3s uma <strong>colis\u00e3o frontal<\/strong> entre uma picape e uma SUV na madrugada desta sexta-feira (4), na <strong>rodovia Anhanguera (SP-330)<\/strong>, em <strong>Ituverava<\/strong>, no interior de S\u00e3o Paulo.<\/p>\n<p>O acidente aconteceu por volta das 3h25, no km 419, no sentido Norte. Segundo informa\u00e7\u00f5es do <strong>CCM da Artesp<\/strong>, o<mark class=\"has-inline-color\"> motorista da picape teria sido surpreendido pela SUV, que trafegava na contram\u00e3o, e n\u00e3o conseguiu evitar a batida<\/mark>.<\/p>\n<p><strong>Com o impacto, duas pessoas ficaram feridas gravemente.<\/strong> <mark class=\"has-inline-color\"><strong>Conforme o CCM, uma delas, que estava como passageira, morreu por volta das 5h40<\/strong> \u2013 n\u00e3o h\u00e1 informa\u00e7\u00f5es sobre a identidade dos envolvidos.<\/mark><\/p>\n<p>O motorista da SUV n\u00e3o teve ferimentos graves. De acordo com a apura\u00e7\u00e3o da <strong>EPTV<\/strong>, <strong>ele foi preso em flagrante e encaminhando para a delegacia de Ituverava<\/strong>.<\/p>\n<figure class=\"wp-block-gallery has-nested-images columns-default is-cropped wp-block-gallery-1 is-layout-flex wp-block-gallery-is-layout-flex\">\n<figure class=\"wp-block-image size-large\"><figcaption class=\"wp-element-caption\">Foto: CCM\/ Artesp.<\/figcaption><\/figure>\n<figure class=\"wp-block-image size-large\"><img data-recalc-dims=\"1\" loading=\"lazy\" decoding=\"async\" width=\"1024\" height=\"576\" data-id=\"173653\" src=\"https:\/\/i0.wp.com\/www.acidadeon.com\/ribeiraopreto\/wp-content\/uploads\/sites\/3\/2026\/09\/anhanguera-ituverava-4-1024x576.jpg?resize=1024%2C576&#038;ssl=1\" alt=\"Acidente aconteceu na madrugada desta sexta-feira (4) - Foto: CCM\/ Anhanguera.\" class=\"wp-image-173653\" title=\"Acidente na Anhanguera deixa uma pessoa morta e outra em estado grave no interior de SP 2\"><figcaption class=\"wp-element-caption\">Foto: CCM\/ Artesp.<\/figcaption><\/figure>\n<figure class=\"wp-block-image size-large\"><img data-recalc-dims=\"1\" loading=\"lazy\" decoding=\"async\" width=\"1024\" height=\"576\" data-id=\"173654\" src=\"https:\/\/i0.wp.com\/www.acidadeon.com\/ribeiraopreto\/wp-content\/uploads\/sites\/3\/2026\/09\/anhanguera-ituverava-3-1024x576.jpg?resize=1024%2C576&#038;ssl=1\" alt=\"Acidente aconteceu na madrugada desta sexta-feira (4) - Foto: CCM\/ Anhanguera.\" class=\"wp-image-173654\" title=\"Acidente na Anhanguera deixa uma pessoa morta e outra em estado grave no interior de SP 3\"><figcaption class=\"wp-element-caption\"> Foto: CCM\/ Artesp.<\/figcaption><\/figure>\n<\/figure>\n<p class=\"has-text-align-center has-cyan-bluish-gray-background-color has-background\"><em>Receba not\u00edcias do\u00a0<strong>acidade on Ribeir\u00e3o\u00a0<\/strong>no WhatsApp e fique por dentro de tudo! Basta acessar o link<a href=\"https:\/\/chat.whatsapp.com\/DfXwcjKVIddHUT3BvnQuPZ?mode=hqctshi\" target=\"_blank\" rel=\"noreferrer noopener\">\u00a0aqui<\/a>!<\/em><\/p>\n<h2 class=\"wp-block-heading\"><strong>Acidente na Anhanguera<\/strong><\/h2>\n<p>Ap\u00f3s o acidente na rodovia Anhanguera, <strong>todas as faixas e o acostamento no sentido Norte precisaram ser interditados<\/strong> para o trabalho das equipes.<\/p>\n<p><strong>A libera\u00e7\u00e3o parcial aconteceu por volta das 4h04<\/strong>. At\u00e9 a publica\u00e7\u00e3o desse texto, <strong>o local ainda apresentava congestionamento<\/strong> de aproximadamente 2 quil\u00f4metros.<\/p>\n<figure class=\"wp-block-gallery has-nested-images columns-default is-cropped wp-block-gallery-2 is-layout-flex wp-block-gallery-is-layout-flex\">\n<figure class=\"wp-block-image size-large\"><img data-recalc-dims=\"1\" loading=\"lazy\" decoding=\"async\" width=\"1024\" height=\"576\" data-id=\"173657\" src=\"https:\/\/i0.wp.com\/www.acidadeon.com\/ribeiraopreto\/wp-content\/uploads\/sites\/3\/2026\/09\/anhanguera-ituverava-1024x576.jpg?resize=1024%2C576&#038;ssl=1\" alt=\"Acidente aconteceu na madrugada desta sexta-feira (4) - Foto: CCM\/ Anhanguera.\" class=\"wp-image-173657\" title=\"Acidente na Anhanguera deixa uma pessoa morta e outra em estado grave no interior de SP 4\"><figcaption class=\"wp-element-caption\">Foto: CCM\/ Artesp.<\/figcaption><\/figure>\n<figure class=\"wp-block-image size-large\"><img data-recalc-dims=\"1\" loading=\"lazy\" decoding=\"async\" width=\"1024\" height=\"576\" data-id=\"173656\" src=\"https:\/\/i0.wp.com\/www.acidadeon.com\/ribeiraopreto\/wp-content\/uploads\/sites\/3\/2026\/09\/anhanguera-ituverava-1-1024x576.jpg?resize=1024%2C576&#038;ssl=1\" alt=\"Acidente aconteceu na madrugada desta sexta-feira (4) - Foto: CCM\/ Anhanguera.\" class=\"wp-image-173656\" title=\"Acidente na Anhanguera deixa uma pessoa morta e outra em estado grave no interior de SP 5\"><figcaption class=\"wp-element-caption\">Foto: CCM\/ Artesp.<\/figcaption><\/figure>\n<figure class=\"wp-block-image size-large\"><img data-recalc-dims=\"1\" loading=\"lazy\" decoding=\"async\" width=\"1024\" height=\"576\" data-id=\"173655\" src=\"https:\/\/i0.wp.com\/www.acidadeon.com\/ribeiraopreto\/wp-content\/uploads\/sites\/3\/2026\/09\/anhanguera-ituverava-2-1024x576.jpg?resize=1024%2C576&#038;ssl=1\" alt=\"Acidente aconteceu na madrugada desta sexta-feira (4) - Foto: CCM\/ Anhanguera.\" class=\"wp-image-173655\" title=\"Acidente na Anhanguera deixa uma pessoa morta e outra em estado grave no interior de SP 6\"><figcaption class=\"wp-element-caption\">Foto: CCM\/ Artesp.<\/figcaption><\/figure>\n<\/figure>\n<p class=\"has-text-align-center has-cyan-bluish-gray-background-color has-background\"><em>Fa\u00e7a uma den\u00fancia ou sugira uma reportagem sobre\u00a0<strong>Ribeir\u00e3o Preto\u00a0<\/strong>e regi\u00e3o por meio do WhatsApp do\u00a0<strong>acidade on Ribeir\u00e3o<\/strong>: (16) 99117-7802.<\/em><\/p>\n<p>O post Acidente na Anhanguera deixa uma pessoa morta e outra em estado grave no interior de SP apareceu primeiro em ACidade ON Ribeir\u00e3o Preto.<\/p>\n<p><br \/>\n<br \/><a href=\"https:\/\/www.acidadeon.com\/ribeiraopreto\/cotidiano\/acidente-na-anhanguera-deixa-uma-pessoa-morta-e-outra-em-estado-grave-no-interior-de-sp\/\">Link para o texto original aqui <\/a><\/p>\n<!-- CONTENT END 1 -->\n","protected":false},"excerpt":{"rendered":"<p>Uma pessoa morreu e outra est\u00e1 em estado grave ap\u00f3s uma colis\u00e3o frontal entre uma picape e uma SUV na madrugada desta sexta-feira (4), na&#8230;<\/p>\n","protected":false},"author":1,"featured_media":91080,"comment_status":"","ping_status":"","sticky":false,"template":"","format":"standard","meta":{"advanced_seo_description":"","jetpack_seo_html_title":"","jetpack_seo_noindex":false,"jetpack_seo_schema_type":"","_jetpack_newsletter_access":"","_jetpack_dont_email_post_to_subs":false,"_jetpack_newsletter_tier_id":0,"_jetpack_memberships_contains_paywalled_content":false,"_jetpack_feature_clip_id":0,"_jetpack_memberships_contains_paid_content":false,"footnotes":"","jetpack_publicize_message":"","jetpack_publicize_feature_enabled":true,"jetpack_social_post_already_shared":true,"jetpack_social_options":{"image_generator_settings":{"template":"highway","default_image_id":0,"font":"","enabled":false},"version":2},"jetpack_post_was_ever_published":false},"categories":[11],"tags":[74,1433,77,160,841,237,4421,2023,3357,85],"class_list":["post-91079","post","type-post","status-publish","format-standard","has-post-thumbnail","hentry","category-noticias-de-ribeirao-preto-sp-e-regiao-ismael-colosi","tag-acidente","tag-anhanguera","tag-deixa","tag-estado","tag-grave","tag-interior","tag-morta","tag-outra","tag-pessoa","tag-uma"],"jetpack_publicize_connections":[],"jetpack-related-posts":[{"id":90035,"url":"https:\/\/noticiasribeiraopreto.com.br\/index.php\/2026\/08\/15\/acidente-deixa-uma-pessoa-morta-e-outra-em-estado-grave-em-rodovia-da-regiao\/","url_meta":{"origin":91079,"position":0},"title":"Acidente deixa uma pessoa morta e outra em estado grave em rodovia da regi\u00e3o","author":"noticiasribeiraopreto.com.br","date":"15 de August de 2026","format":false,"excerpt":"Uma pessoa morreu e outra ficou em estado grave ap\u00f3s um acidente na manh\u00e3 deste s\u00e1bado (15), na rodovia Ant\u00f4nio Machado Sant\u2019Anna (SP-255), em Guatapar\u00e1, no interior de S\u00e3o Paulo. A ocorr\u00eancia aconteceu no km 34,6, no sentido Norte. Din\u00e2mica do acidente Segundo informa\u00e7\u00f5es apuradas no local, o motorista perdeu\u2026","rel":"","context":"In &quot;Not\u00edcias de Ribeir\u00e3o Preto-SP e Regi\u00e3o&quot;","block_context":{"text":"Not\u00edcias de Ribeir\u00e3o Preto-SP e Regi\u00e3o","link":"https:\/\/noticiasribeiraopreto.com.br\/index.php\/category\/noticias-de-ribeirao-preto-sp-e-regiao-ismael-colosi\/"},"img":{"alt_text":"","src":"https:\/\/i0.wp.com\/noticiasribeiraopreto.com.br\/wp-content\/uploads\/2026\/08\/doacao-de-sangue-4.png?fit=1200%2C675&ssl=1&resize=350%2C200","width":350,"height":200,"srcset":"https:\/\/i0.wp.com\/noticiasribeiraopreto.com.br\/wp-content\/uploads\/2026\/08\/doacao-de-sangue-4.png?fit=1200%2C675&ssl=1&resize=350%2C200 1x, https:\/\/i0.wp.com\/noticiasribeiraopreto.com.br\/wp-content\/uploads\/2026\/08\/doacao-de-sangue-4.png?fit=1200%2C675&ssl=1&resize=525%2C300 1.5x, https:\/\/i0.wp.com\/noticiasribeiraopreto.com.br\/wp-content\/uploads\/2026\/08\/doacao-de-sangue-4.png?fit=1200%2C675&ssl=1&resize=700%2C400 2x, https:\/\/i0.wp.com\/noticiasribeiraopreto.com.br\/wp-content\/uploads\/2026\/08\/doacao-de-sangue-4.png?fit=1200%2C675&ssl=1&resize=1050%2C600 3x"},"classes":[]},{"id":58690,"url":"https:\/\/noticiasribeiraopreto.com.br\/index.php\/2024\/10\/03\/acidente-com-tres-veiculos-deixa-uma-pessoa-morta-no-interior-de-sp\/","url_meta":{"origin":91079,"position":1},"title":"Acidente com tr\u00eas ve\u00edculos deixa uma pessoa morta no interior de SP","author":"noticiasribeiraopreto.com.br","date":"3 de October de 2024","format":false,"excerpt":"Um acidente entre um caminh\u00e3o e duas caminhonetes, deixou uma pessoa morta e outra em estado grave, na tarde desta quinta-feira (3), na rodovia F\u00e1cio Talarico, entre Franca e S\u00e3o Jos\u00e9 da Bela Vista, no interior de S\u00e3o Paulo. De acordo com a Pol\u00edcia Militar Rodovi\u00e1ria, o motorista que morreu\u2026","rel":"","context":"In &quot;Not\u00edcias de Ribeir\u00e3o Preto-SP e Regi\u00e3o&quot;","block_context":{"text":"Not\u00edcias de Ribeir\u00e3o Preto-SP e Regi\u00e3o","link":"https:\/\/noticiasribeiraopreto.com.br\/index.php\/category\/noticias-de-ribeirao-preto-sp-e-regiao-ismael-colosi\/"},"img":{"alt_text":"","src":"https:\/\/i0.wp.com\/noticiasribeiraopreto.com.br\/wp-content\/uploads\/2024\/10\/Copia-de-Copia-de-Copia-de-TAMANHO-EXATO-PARA-FOTOS-NO-SISTEMA-NOVO-58_2024-10-03_22-37-03_png_2024-10-03_22-37-04.webp.webp?fit=1200%2C675&ssl=1&resize=350%2C200","width":350,"height":200,"srcset":"https:\/\/i0.wp.com\/noticiasribeiraopreto.com.br\/wp-content\/uploads\/2024\/10\/Copia-de-Copia-de-Copia-de-TAMANHO-EXATO-PARA-FOTOS-NO-SISTEMA-NOVO-58_2024-10-03_22-37-03_png_2024-10-03_22-37-04.webp.webp?fit=1200%2C675&ssl=1&resize=350%2C200 1x, https:\/\/i0.wp.com\/noticiasribeiraopreto.com.br\/wp-content\/uploads\/2024\/10\/Copia-de-Copia-de-Copia-de-TAMANHO-EXATO-PARA-FOTOS-NO-SISTEMA-NOVO-58_2024-10-03_22-37-03_png_2024-10-03_22-37-04.webp.webp?fit=1200%2C675&ssl=1&resize=525%2C300 1.5x, https:\/\/i0.wp.com\/noticiasribeiraopreto.com.br\/wp-content\/uploads\/2024\/10\/Copia-de-Copia-de-Copia-de-TAMANHO-EXATO-PARA-FOTOS-NO-SISTEMA-NOVO-58_2024-10-03_22-37-03_png_2024-10-03_22-37-04.webp.webp?fit=1200%2C675&ssl=1&resize=700%2C400 2x, https:\/\/i0.wp.com\/noticiasribeiraopreto.com.br\/wp-content\/uploads\/2024\/10\/Copia-de-Copia-de-Copia-de-TAMANHO-EXATO-PARA-FOTOS-NO-SISTEMA-NOVO-58_2024-10-03_22-37-03_png_2024-10-03_22-37-04.webp.webp?fit=1200%2C675&ssl=1&resize=1050%2C600 3x"},"classes":[]},{"id":76218,"url":"https:\/\/noticiasribeiraopreto.com.br\/index.php\/2025\/08\/25\/acidente-entre-caminhoes-deixa-uma-pessoa-em-estado-grave-na-rodovia-anhanguera\/","url_meta":{"origin":91079,"position":2},"title":"Acidente entre caminh\u00f5es deixa uma pessoa em estado grave na rodovia Anhanguera","author":"noticiasribeiraopreto.com.br","date":"25 de August de 2025","format":false,"excerpt":"Uma pessoa foi socorrida em estado grave ap\u00f3s um acidente envolvendo dois caminh\u00f5es no final da noite deste domingo (24), na rodovia Anhanguera (SP-330), em Ribeir\u00e3o Preto. Segundo o Centro de Informa\u00e7\u00f5es (CCI) da Artesp, a colis\u00e3o aconteceu perto do km 306. Os ve\u00edculos seguiam sentido norte quando, por motivos\u2026","rel":"","context":"In &quot;Not\u00edcias de Ribeir\u00e3o Preto-SP e Regi\u00e3o&quot;","block_context":{"text":"Not\u00edcias de Ribeir\u00e3o Preto-SP e Regi\u00e3o","link":"https:\/\/noticiasribeiraopreto.com.br\/index.php\/category\/noticias-de-ribeirao-preto-sp-e-regiao-ismael-colosi\/"},"img":{"alt_text":"","src":"https:\/\/i0.wp.com\/noticiasribeiraopreto.com.br\/wp-content\/uploads\/2025\/08\/download-28_2025-08-25_11-35-48.webp.webp?fit=600%2C338&ssl=1&resize=350%2C200","width":350,"height":200,"srcset":"https:\/\/i0.wp.com\/noticiasribeiraopreto.com.br\/wp-content\/uploads\/2025\/08\/download-28_2025-08-25_11-35-48.webp.webp?fit=600%2C338&ssl=1&resize=350%2C200 1x, https:\/\/i0.wp.com\/noticiasribeiraopreto.com.br\/wp-content\/uploads\/2025\/08\/download-28_2025-08-25_11-35-48.webp.webp?fit=600%2C338&ssl=1&resize=525%2C300 1.5x"},"classes":[]},{"id":65758,"url":"https:\/\/noticiasribeiraopreto.com.br\/index.php\/2025\/03\/24\/acidente-deixa-uma-pessoa-morta-e-duas-em-estado-grave-em-rodovia-na-regiao-de-ribeirao\/","url_meta":{"origin":91079,"position":3},"title":"Acidente deixa uma pessoa morta e duas em estado grave em rodovia na regi\u00e3o de Ribeir\u00e3o","author":"noticiasribeiraopreto.com.br","date":"24 de March de 2025","format":false,"excerpt":"Uma pessoa morreu e tr\u00eas pessoas ficaram feridas em estado grave em um acidente na rodovia Armando de Salles Oliveira, em Monte Azul Paulista, na regi\u00e3o de Ribeir\u00e3o Preto. O acidente aconteceu no final da manh\u00e3 deste domingo (23). Segundo o DER-SP (Departamento de Estradas de Rodagem de S\u00e3o Paulo),\u2026","rel":"","context":"In &quot;Not\u00edcias de Ribeir\u00e3o Preto-SP e Regi\u00e3o&quot;","block_context":{"text":"Not\u00edcias de Ribeir\u00e3o Preto-SP e Regi\u00e3o","link":"https:\/\/noticiasribeiraopreto.com.br\/index.php\/category\/noticias-de-ribeirao-preto-sp-e-regiao-ismael-colosi\/"},"img":{"alt_text":"","src":"https:\/\/i0.wp.com\/noticiasribeiraopreto.com.br\/wp-content\/uploads\/2025\/03\/ACIDENTE-MONTE-AZUL_2025-03-23_21-10-39_jpg_2025-03-23_21-10-39.webp.webp?fit=1200%2C707&ssl=1&resize=350%2C200","width":350,"height":200,"srcset":"https:\/\/i0.wp.com\/noticiasribeiraopreto.com.br\/wp-content\/uploads\/2025\/03\/ACIDENTE-MONTE-AZUL_2025-03-23_21-10-39_jpg_2025-03-23_21-10-39.webp.webp?fit=1200%2C707&ssl=1&resize=350%2C200 1x, https:\/\/i0.wp.com\/noticiasribeiraopreto.com.br\/wp-content\/uploads\/2025\/03\/ACIDENTE-MONTE-AZUL_2025-03-23_21-10-39_jpg_2025-03-23_21-10-39.webp.webp?fit=1200%2C707&ssl=1&resize=525%2C300 1.5x, https:\/\/i0.wp.com\/noticiasribeiraopreto.com.br\/wp-content\/uploads\/2025\/03\/ACIDENTE-MONTE-AZUL_2025-03-23_21-10-39_jpg_2025-03-23_21-10-39.webp.webp?fit=1200%2C707&ssl=1&resize=700%2C400 2x, https:\/\/i0.wp.com\/noticiasribeiraopreto.com.br\/wp-content\/uploads\/2025\/03\/ACIDENTE-MONTE-AZUL_2025-03-23_21-10-39_jpg_2025-03-23_21-10-39.webp.webp?fit=1200%2C707&ssl=1&resize=1050%2C600 3x"},"classes":[]},{"id":74263,"url":"https:\/\/noticiasribeiraopreto.com.br\/index.php\/2025\/07\/18\/acidente-grave-na-rodovia-anhanguera-deixa-um-morto-e-tres-feridos\/","url_meta":{"origin":91079,"position":4},"title":"Acidente grave na rodovia Anhanguera deixa um morto e tr\u00eas feridos","author":"noticiasribeiraopreto.com.br","date":"18 de July de 2025","format":false,"excerpt":"Um acidente envolvendo um carro e um utilit\u00e1rio deixou uma pessoa morta e outras tr\u00eas feridas na rodovia Anhanguera (SP-330), em S\u00e3o Sim\u00e3o, na regi\u00e3o de Ribeir\u00e3o Preto, na tarde desta sexta-feira (18). Segundo a Ag\u00eancia de Transporte do Estado de S\u00e3o Paulo (Artesp), uma faixa da rodovia permanece interditada\u2026","rel":"","context":"In &quot;Not\u00edcias de Ribeir\u00e3o Preto-SP e Regi\u00e3o&quot;","block_context":{"text":"Not\u00edcias de Ribeir\u00e3o Preto-SP e Regi\u00e3o","link":"https:\/\/noticiasribeiraopreto.com.br\/index.php\/category\/noticias-de-ribeirao-preto-sp-e-regiao-ismael-colosi\/"},"img":{"alt_text":"","src":"https:\/\/i0.wp.com\/noticiasribeiraopreto.com.br\/wp-content\/uploads\/2025\/07\/Copia-de-Copia-de-Copia-de-TAMANHO-EXATO-PARA-FOTOS-NO-SISTEMA-NOVO-2025-07-18T154917.637_2025-07-18_18-54-00.webp.webp?fit=1200%2C675&ssl=1&resize=350%2C200","width":350,"height":200,"srcset":"https:\/\/i0.wp.com\/noticiasribeiraopreto.com.br\/wp-content\/uploads\/2025\/07\/Copia-de-Copia-de-Copia-de-TAMANHO-EXATO-PARA-FOTOS-NO-SISTEMA-NOVO-2025-07-18T154917.637_2025-07-18_18-54-00.webp.webp?fit=1200%2C675&ssl=1&resize=350%2C200 1x, https:\/\/i0.wp.com\/noticiasribeiraopreto.com.br\/wp-content\/uploads\/2025\/07\/Copia-de-Copia-de-Copia-de-TAMANHO-EXATO-PARA-FOTOS-NO-SISTEMA-NOVO-2025-07-18T154917.637_2025-07-18_18-54-00.webp.webp?fit=1200%2C675&ssl=1&resize=525%2C300 1.5x, https:\/\/i0.wp.com\/noticiasribeiraopreto.com.br\/wp-content\/uploads\/2025\/07\/Copia-de-Copia-de-Copia-de-TAMANHO-EXATO-PARA-FOTOS-NO-SISTEMA-NOVO-2025-07-18T154917.637_2025-07-18_18-54-00.webp.webp?fit=1200%2C675&ssl=1&resize=700%2C400 2x, https:\/\/i0.wp.com\/noticiasribeiraopreto.com.br\/wp-content\/uploads\/2025\/07\/Copia-de-Copia-de-Copia-de-TAMANHO-EXATO-PARA-FOTOS-NO-SISTEMA-NOVO-2025-07-18T154917.637_2025-07-18_18-54-00.webp.webp?fit=1200%2C675&ssl=1&resize=1050%2C600 3x"},"classes":[]},{"id":90084,"url":"https:\/\/noticiasribeiraopreto.com.br\/index.php\/2026\/08\/17\/caminhonete-entra-na-contramao-bate-e-deixa-6-vitimas-na-anhanguera\/","url_meta":{"origin":91079,"position":5},"title":"Caminhonete entra na contram\u00e3o, bate e deixa 6 v\u00edtimas na Anhanguera","author":"noticiasribeiraopreto.com.br","date":"17 de August de 2026","format":false,"excerpt":"Uma batida entre duas caminhonetes deixou seis v\u00edtimas \u2013 duas em estado grave \u2013 na madrugada desta segunda-feira (17), no km 307 da pista norte (sentido interior) da rodovia Anhanguera (SP-330), em Ribeir\u00e3o Preto. Segundo o CCM (Centro de Controle Multimodal) da Artesp (Ag\u00eancia de Transporte do Estado de S\u00e3o\u2026","rel":"","context":"In &quot;Not\u00edcias de Ribeir\u00e3o Preto-SP e Regi\u00e3o&quot;","block_context":{"text":"Not\u00edcias de Ribeir\u00e3o Preto-SP e Regi\u00e3o","link":"https:\/\/noticiasribeiraopreto.com.br\/index.php\/category\/noticias-de-ribeirao-preto-sp-e-regiao-ismael-colosi\/"},"img":{"alt_text":"","src":"https:\/\/i0.wp.com\/noticiasribeiraopreto.com.br\/wp-content\/uploads\/2026\/08\/WhatsApp-Image-2026-08-17-at-06.28.47.jpeg?fit=1200%2C900&ssl=1&resize=350%2C200","width":350,"height":200,"srcset":"https:\/\/i0.wp.com\/noticiasribeiraopreto.com.br\/wp-content\/uploads\/2026\/08\/WhatsApp-Image-2026-08-17-at-06.28.47.jpeg?fit=1200%2C900&ssl=1&resize=350%2C200 1x, https:\/\/i0.wp.com\/noticiasribeiraopreto.com.br\/wp-content\/uploads\/2026\/08\/WhatsApp-Image-2026-08-17-at-06.28.47.jpeg?fit=1200%2C900&ssl=1&resize=525%2C300 1.5x, https:\/\/i0.wp.com\/noticiasribeiraopreto.com.br\/wp-content\/uploads\/2026\/08\/WhatsApp-Image-2026-08-17-at-06.28.47.jpeg?fit=1200%2C900&ssl=1&resize=700%2C400 2x, https:\/\/i0.wp.com\/noticiasribeiraopreto.com.br\/wp-content\/uploads\/2026\/08\/WhatsApp-Image-2026-08-17-at-06.28.47.jpeg?fit=1200%2C900&ssl=1&resize=1050%2C600 3x"},"classes":[]}],"jetpack_sharing_enabled":true,"jetpack_shortlink":"https:\/\/wp.me\/peQAOb-nH1","jetpack_featured_media_url":"https:\/\/i0.wp.com\/noticiasribeiraopreto.com.br\/wp-content\/uploads\/2026\/09\/acidente-anhanguera-ituverava.jpg?fit=1200%2C675&ssl=1","_links":{"self":[{"href":"https:\/\/noticiasribeiraopreto.com.br\/index.php\/wp-json\/wp\/v2\/posts\/91079","targetHints":{"allow":["GET"]}}],"collection":[{"href":"https:\/\/noticiasribeiraopreto.com.br\/index.php\/wp-json\/wp\/v2\/posts"}],"about":[{"href":"https:\/\/noticiasribeiraopreto.com.br\/index.php\/wp-json\/wp\/v2\/types\/post"}],"author":[{"embeddable":true,"href":"https:\/\/noticiasribeiraopreto.com.br\/index.php\/wp-json\/wp\/v2\/users\/1"}],"replies":[{"embeddable":true,"href":"https:\/\/noticiasribeiraopreto.com.br\/index.php\/wp-json\/wp\/v2\/comments?post=91079"}],"version-history":[{"count":0,"href":"https:\/\/noticiasribeiraopreto.com.br\/index.php\/wp-json\/wp\/v2\/posts\/91079\/revisions"}],"wp:featuredmedia":[{"embeddable":true,"href":"https:\/\/noticiasribeiraopreto.com.br\/index.php\/wp-json\/wp\/v2\/media\/91080"}],"wp:attachment":[{"href":"https:\/\/noticiasribeiraopreto.com.br\/index.php\/wp-json\/wp\/v2\/media?parent=91079"}],"wp:term":[{"taxonomy":"category","embeddable":true,"href":"https:\/\/noticiasribeiraopreto.com.br\/index.php\/wp-json\/wp\/v2\/categories?post=91079"},{"taxonomy":"post_tag","embeddable":true,"href":"https:\/\/noticiasribeiraopreto.com.br\/index.php\/wp-json\/wp\/v2\/tags?post=91079"}],"curies":[{"name":"wp","href":"https:\/\/api.w.org\/{rel}","templated":true}]}}