{"id":91081,"date":"2026-09-04T09:04:28","date_gmt":"2026-09-04T12:04:28","guid":{"rendered":"https:\/\/noticiasribeiraopreto.com.br\/index.php\/2026\/09\/04\/feriadao-em-ribeirao-preto-tem-shows-festivais-exposicoes-e-programacao-para-toda-a-familia\/"},"modified":"2026-09-04T09:04:28","modified_gmt":"2026-09-04T12:04:28","slug":"feriadao-em-ribeirao-preto-tem-shows-festivais-exposicoes-e-programacao-para-toda-a-familia","status":"publish","type":"post","link":"https:\/\/noticiasribeiraopreto.com.br\/index.php\/2026\/09\/04\/feriadao-em-ribeirao-preto-tem-shows-festivais-exposicoes-e-programacao-para-toda-a-familia\/","title":{"rendered":"Feriad\u00e3o em Ribeir\u00e3o Preto tem shows, festivais, exposi\u00e7\u00f5es e programa\u00e7\u00e3o para toda a fam\u00edlia"},"content":{"rendered":"<div class='code-block code-block-1' style='margin: 8px 0 8px auto; text-align: right; display: block; clear: both;'>\n<p><a href=\"https:\/\/wa.link\/vpicfd\"><img data-recalc-dims=\"1\" class=\"wp-image-4922\" style=\"aspect-ratio: 2.0253164556962027; width: 561px; height: auto;\" src=\"https:\/\/i0.wp.com\/ismaelcolosi.com.br\/wp-content\/uploads\/2023\/11\/grupo-de-empregos-whatsapp-e-facebook-ismael-colosi-vagas.jpg?ssl=1\" alt=\"\" \/><\/a><\/p>\n<!-- \/wp:image -->\n<\/div>\n<p> <br \/>\n<\/p>\n<p>Est\u00e1 sem ideia do que fazer em <strong>Ribeir\u00e3o Preto<\/strong> neste <strong>feriad\u00e3o<\/strong>? A cidade tem op\u00e7\u00f5es para quem quer aproveitar os dias de folga. <strong>A programa\u00e7\u00e3o come\u00e7a nesta sexta-feira (4) e segue at\u00e9 segunda-feira (7).<\/strong><\/p>\n<p>Entre os destaques est\u00e3o a <strong>Feira do Livro<\/strong>, que segue at\u00e9 s\u00e1bado (5), <strong>festival de rock<\/strong>, <strong>exposi\u00e7\u00f5es<\/strong>, <strong>conta\u00e7\u00e3o de hist\u00f3rias para as crian\u00e7as<\/strong>, <strong>show de pagode<\/strong> e o <strong>tradicional Desfile de 7 de Setembro<\/strong>.<\/p>\n<p>Al\u00e9m dessas atra\u00e7\u00f5es, <strong>Ribeir\u00e3o <\/strong>tamb\u00e9m tem m\u00fasica, teatro e outras op\u00e7\u00f5es de lazer para curtir com a fam\u00edlia ou com os amigos. <mark class=\"has-inline-color\"> Clique no evento de interesse para ir direto aos detalhes ou continue navegando pela reportagem e confira a agenda completa.<\/mark><\/p>\n<div class=\"wp-block-rank-math-toc-block\" id=\"rank-math-toc\">\n<nav>\n<ul>\n<li class=\"\">Feira Internacional do Livro<\/li>\n<li class=\"\">Ana Paula Ara\u00fajo na Feira Internacional do Livro<\/li>\n<li class=\"\">S\u00e9rie \u201cBrasil Regional\u201d<\/li>\n<li class=\"\">Diogo Portugal \u2013 Impr\u00f3prio para Pol\u00edticos<\/li>\n<li class=\"\">Humberto Braz\u00e3o<\/li>\n<li class=\"\">Tasha &amp; Tracie<\/li>\n<li class=\"\">Festival Mundo Asi\u00e1tico<\/li>\n<li class=\"\">CASACOR<\/li>\n<li class=\"\">\u00d3pera e Outros Cantos<\/li>\n<li class=\"\">Encontro de felinos raros<\/li>\n<li class=\"\">Lyrium Festival<\/li>\n<li class=\"\">Tit\u00e3s<\/li>\n<li class=\"\">Pi\u00e1 e os Quintais da Imagina\u00e7\u00e3o<\/li>\n<li class=\"\">Masterclass de canto l\u00edrico<\/li>\n<li class=\"\">La Boh\u00e8me<\/li>\n<li class=\"\">Exibi\u00e7\u00e3o de filme \u2013 Como Treinar o Seu Drag\u00e3o<\/li>\n<li class=\"\">Oficina de cria\u00e7\u00e3o para crian\u00e7as<\/li>\n<li class=\"\">Amaz\u00f4nia na Mala<\/li>\n<li class=\"\">Arena do Novinho<\/li>\n<li class=\"\">Final da Liga Caipira de Freestyle<\/li>\n<li class=\"\">Di Prop\u00f3sito<\/li>\n<li class=\"\">Concertos USP na Catedral<\/li>\n<li class=\"\">Desfile de 7 de Setembro<\/li>\n<li class=\"\">Exposi\u00e7\u00e3o inspirada em Frida Kahlo<\/li>\n<li class=\"\">Exposi\u00e7\u00e3o do Chaves<\/li>\n<li class=\"\">Exposi\u00e7\u00e3o de Vespa<\/li>\n<\/ul>\n<\/nav>\n<\/div>\n<p class=\"has-text-align-center has-cyan-bluish-gray-background-color has-background\"><em>Receba not\u00edcias do\u00a0<strong>acidade on Ribeir\u00e3o\u00a0<\/strong>no WhatsApp e fique por dentro de tudo! Basta acessar o link<a href=\"https:\/\/chat.whatsapp.com\/DfXwcjKVIddHUT3BvnQuPZ?mode=hqctshi\" target=\"_blank\" rel=\"noreferrer noopener\">\u00a0aqui<\/a>!<\/em><\/p>\n<h2 class=\"wp-block-heading\" id=\"o-que-fazer-em-ribeirao-preto\"><strong>O que fazer em Ribeir\u00e3o Preto?<\/strong><\/h2>\n<h3 class=\"wp-block-heading\" id=\"feira-internacional-do-livro\"><strong>Feira Internacional do Livro<\/strong><\/h3>\n<p>A 25\u00aa edi\u00e7\u00e3o da Feira Internacional do Livro de Ribeir\u00e3o Preto (FIL) chega \u00e0 reta final neste final de semana, com atividades gratuitas distribu\u00eddas por diversos espa\u00e7os da cidade at\u00e9 s\u00e1bado (5).<\/p>\n<p>O p\u00fablico pode aproveitar os \u00faltimos dias para conferir palestras, debates, oficinas, conta\u00e7\u00f5es de hist\u00f3rias e encontros com grandes nomes da cultura nacional, como a escritora Thalita Rebou\u00e7as, o cineasta Jo\u00e3o Batista de Andrade e o ator H\u00e9lio de La Pe\u00f1a.<\/p>\n<p>A programa\u00e7\u00e3o detalhada de hor\u00e1rios e locais espec\u00edficos pode ser consultada nos canais oficiais do evento \u2013 <a href=\"https:\/\/www.fundacaodolivroeleiturarp.com\/fil\" target=\"_blank\" data-type=\"link\" data-id=\"https:\/\/www.fundacaodolivroeleiturarp.com\/fil\" rel=\"noreferrer noopener\">clique aqui para acessar<\/a>.<\/p>\n<h4 class=\"wp-block-heading\" id=\"servico\"><strong>Servi\u00e7o<\/strong><\/h4>\n<ul class=\"wp-block-list\">\n<li>Quando: at\u00e9 5 de setembro de 2026<\/li>\n<li>Hor\u00e1rio: programa\u00e7\u00f5es di\u00e1rias em hor\u00e1rios variados conforme a grade de cada espa\u00e7o cultural<\/li>\n<li>Local: distribu\u00eddo por mais de 20 espa\u00e7os culturais em Ribeir\u00e3o Preto (como Theatro Pedro II, Esplanada e Centro Cultural Palace)<\/li>\n<li>Entrada gratuita<\/li>\n<\/ul>\n<figure class=\"wp-block-image size-large\"><figcaption class=\"wp-element-caption\">Feira do Livro de Ribeir\u00e3o Preto \u2013 Foto: B\u00e1rbara Santos <\/figcaption><\/figure>\n<h3 class=\"wp-block-heading\" id=\"ana-paula-araujo-na-feira-internacional-do-livro\"><strong>Ana Paula Ara\u00fajo na Feira Internacional do Livro<\/strong><\/h3>\n<p>A jornalista e escritora Ana Paula Ara\u00fajo participa nesta sexta-feira (04) da Feira Internacional do Livro de Ribeir\u00e3o Preto. A apresentadora do Bom Dia Brasil conversa com o p\u00fablico sobre a carreira no jornalismo e os livros publicados por ela, em painel mediado pelo jornalista Heitor Moreira, da EPTV.<\/p>\n<p>O encontro acontece no Theatro Pedro II, \u00e0s 18h30, com entrada gratuita. Ap\u00f3s o painel, Ana Paula tamb\u00e9m participa de uma sess\u00e3o de aut\u00f3grafos. Os ingressos ser\u00e3o distribu\u00eddos no ponto de informa\u00e7\u00f5es da Feira do Livro uma hora antes do in\u00edcio da atividade.<\/p>\n<h4 class=\"wp-block-heading\" id=\"servico-1\"><strong>Servi\u00e7o<\/strong><\/h4>\n<ul class=\"wp-block-list\">\n<li>Quando: sexta-feira (04\/09)<\/li>\n<li>Hor\u00e1rio: 18h30<\/li>\n<li>Local: Theatro Pedro II \u2013 Ribeir\u00e3o Preto<\/li>\n<li>Entrada: gratuita<\/li>\n<li>Ingressos: retirada no ponto de informa\u00e7\u00f5es da Feira do Livro, uma hora antes do evento<\/li>\n<\/ul>\n<figure class=\"wp-block-image size-large\"><img data-recalc-dims=\"1\" loading=\"lazy\" decoding=\"async\" width=\"1024\" height=\"576\" src=\"https:\/\/i0.wp.com\/www.acidadeon.com\/ribeiraopreto\/wp-content\/uploads\/sites\/3\/2026\/09\/Ana-Paula-Araujo-apresentadora-do-Bom-Dia-Brasil-1024x576.jpeg?resize=1024%2C576&#038;ssl=1\" alt=\"Ana Paula Ara\u00fajo, apresentadora do Bom Dia Brasil - Foto: divulga\u00e7\u00e3o\" class=\"wp-image-173531\" title=\"Feriad\u00e3o em Ribeir\u00e3o Preto tem shows, festivais, exposi\u00e7\u00f5es e programa\u00e7\u00e3o para toda a fam\u00edlia 2\"><figcaption class=\"wp-element-caption\">Ana Paula Ara\u00fajo, apresentadora do Bom Dia Brasil \u2013 Foto: divulga\u00e7\u00e3o<\/figcaption><\/figure>\n<h3 class=\"wp-block-heading\" id=\"serie-brasil-regional\"><strong>S\u00e9rie \u201cBrasil Regional\u201d<\/strong><\/h3>\n<p>A s\u00e9rie \u201cBrasil Regional\u201d encerra a programa\u00e7\u00e3o do Teatro Minaz com um show especial em homenagem ao cantor, compositor e violonista Noel Rosa nessa sexta-feira (4), \u00e0s 20h.<\/p>\n<p>A apresenta\u00e7\u00e3o prop\u00f5e um mergulho na constru\u00e7\u00e3o da identidade sonora brasileira, valorizando repert\u00f3rios em que o conjunto regional formado por viol\u00f5es, cavaquinho, pandeiro e solista desempenha um papel central na interpreta\u00e7\u00e3o de choros, valsas e sambas.<\/p>\n<h4 class=\"wp-block-heading\" id=\"servico-2\"><strong>Servi\u00e7o<\/strong><\/h4>\n<ul class=\"wp-block-list\">\n<li>Quando: sexta-feira (4 de setembro)<\/li>\n<li>Hor\u00e1rio: a partir das 20h<\/li>\n<li>Local: Teatro Minaz \u2013 ua Carlos Chagas, 273 \u2013 Jardim Paulista<\/li>\n<li>Ingressos online (<a href=\"https:\/\/www.minaz.com.br\/event-details\/brasil-regional-homenagem-a-noel-rosa\" target=\"_blank\" data-type=\"link\" data-id=\"https:\/\/www.minaz.com.br\/event-details\/brasil-regional-homenagem-a-noel-rosa\" rel=\"noreferrer noopener\">clique aqui<\/a>)<\/li>\n<\/ul>\n<figure class=\"wp-block-image size-large\"><img data-recalc-dims=\"1\" loading=\"lazy\" decoding=\"async\" width=\"1024\" height=\"576\" src=\"https:\/\/i0.wp.com\/www.acidadeon.com\/ribeiraopreto\/wp-content\/uploads\/sites\/3\/2025\/03\/Copia-de-Copia-de-Copia-de-TAMANHO-EXATO-PARA-FOTOS-NO-SISTEMA-NOVO-23_2025-03-12_11-53-22_jpg_2025-03-12_11-53-22-1024x576.webp?resize=1024%2C576&#038;ssl=1\" alt=\"Evento ser\u00e1 realizado no Teatro Minaz, em Ribeir\u00e3o Preto - Foto: Claudio Frateshi\" class=\"wp-image-110328\" title=\"Feriad\u00e3o em Ribeir\u00e3o Preto tem shows, festivais, exposi\u00e7\u00f5es e programa\u00e7\u00e3o para toda a fam\u00edlia 3\"><figcaption class=\"wp-element-caption\">Evento ser\u00e1 realizado no Teatro Minaz, em Ribeir\u00e3o Preto \u2013 Foto: Claudio Frateshi<\/figcaption><\/figure>\n<h3 class=\"wp-block-heading\" id=\"diogo-portugal-improprio-para-politicos\"><strong>Diogo Portugal \u2013 Impr\u00f3prio para Pol\u00edticos<\/strong><\/h3>\n<p>Precursor do stand-up comedy no Brasil, o humorista Diogo Portugal estreia em Ribeir\u00e3o Preto o seu novo espet\u00e1culo, intitulado \u201cImpr\u00f3prio para Pol\u00edticos\u201d nesta sexta-feira (4).<\/p>\n<p>A apresenta\u00e7\u00e3o traz um show afiado que transforma os absurdos da pol\u00edtica brasileira em piadas inteligentes, contando com textos bem constru\u00eddos, ritmo \u00e1gil e um olhar cr\u00edtico sobre as atualidades do pa\u00eds.<\/p>\n<h4 class=\"wp-block-heading\" id=\"servico-3\"><strong>Servi\u00e7o<\/strong><\/h4>\n<ul class=\"wp-block-list\">\n<li>Quando: sexta-feira (04\/09)<\/li>\n<li>Hor\u00e1rio: \u00e0s 21h<\/li>\n<li>Local: Teatro Santarosa \u2013 rua Cear\u00e1, 381 \u2013 Itanhang\u00e1, Ribeir\u00e3o Preto \u2013 SP<\/li>\n<li>Ingressos online (<a href=\"https:\/\/www.sympla.com.br\/evento\/diogo-portugal-apresenta-seu-novo-show-improprio-para-politicos-em-ribeirao-preto-sp\/3531413?share_id=copiarlink\" target=\"_blank\" data-type=\"link\" data-id=\"https:\/\/www.sympla.com.br\/evento\/diogo-portugal-apresenta-seu-novo-show-improprio-para-politicos-em-ribeirao-preto-sp\/3531413?share_id=copiarlink\" rel=\"noreferrer noopener\">clique aqui<\/a>)<\/li>\n<\/ul>\n<figure class=\"wp-block-image size-large\"><img data-recalc-dims=\"1\" loading=\"lazy\" decoding=\"async\" width=\"1024\" height=\"576\" src=\"https:\/\/i0.wp.com\/www.acidadeon.com\/ribeiraopreto\/wp-content\/uploads\/sites\/3\/2026\/09\/agenda-cultural-ribeirao-1024x576.jpg?resize=1024%2C576&#038;ssl=1\" alt=\"Diogo Portugal se apresenta em Ribeir\u00e3o Preto - Foto: divulga\u00e7\u00e3o.\" class=\"wp-image-173536\" title=\"Feriad\u00e3o em Ribeir\u00e3o Preto tem shows, festivais, exposi\u00e7\u00f5es e programa\u00e7\u00e3o para toda a fam\u00edlia 4\"><figcaption class=\"wp-element-caption\">Diogo Portugal se apresenta em Ribeir\u00e3o Preto \u2013 Foto: divulga\u00e7\u00e3o.<\/figcaption><\/figure>\n<h3 class=\"wp-block-heading\" id=\"humberto-brazao\"><strong>Humberto Braz\u00e3o<\/strong><\/h3>\n<p>O cantor Humberto Braz\u00e3o se apresenta nesta sexta-feira (04), no Hard Rock Caf\u00e9 Ribeir\u00e3o Preto, em uma noite dedicada aos cl\u00e1ssicos do pop rock.<\/p>\n<p>O artista promete um show ac\u00fastico com vers\u00f5es de sucessos de nomes como U2, Bon Jovi e Pearl Jam, al\u00e9m de outros artistas consagrados do g\u00eanero.<\/p>\n<h4 class=\"wp-block-heading\" id=\"servico-4\"><strong>Servi\u00e7o<\/strong><\/h4>\n<ul class=\"wp-block-list\">\n<li>Quando: sexta-feira (04\/09)<\/li>\n<li>Hor\u00e1rio: 21h<\/li>\n<li>Local: Hard Rock Caf\u00e9 Ribeir\u00e3o Preto<\/li>\n<li>Entrada: ingressos a partir de R$ 50<\/li>\n<li>Online: <a href=\"https:\/\/www.sympla.com.br\/evento\/hard-rock-cafe-ribeirao-preto\/3536165\" target=\"_blank\" data-type=\"link\" data-id=\"https:\/\/www.sympla.com.br\/evento\/hard-rock-cafe-ribeirao-preto\/3536165\" rel=\"noreferrer noopener\">clique aqui<\/a><\/li>\n<\/ul>\n<figure class=\"wp-block-image size-large\"><img data-recalc-dims=\"1\" loading=\"lazy\" decoding=\"async\" width=\"1024\" height=\"576\" src=\"https:\/\/i0.wp.com\/www.acidadeon.com\/ribeiraopreto\/wp-content\/uploads\/sites\/3\/2026\/09\/agenda-cultural-ribeirao-1-1024x576.jpg?resize=1024%2C576&#038;ssl=1\" alt=\"Apresenta\u00e7\u00e3o acontece no Hard Rock Cafe - Foto: divulga\u00e7\u00e3o.\" class=\"wp-image-173537\" title=\"Feriad\u00e3o em Ribeir\u00e3o Preto tem shows, festivais, exposi\u00e7\u00f5es e programa\u00e7\u00e3o para toda a fam\u00edlia 5\"><figcaption class=\"wp-element-caption\">Apresenta\u00e7\u00e3o acontece no Hard Rock Cafe \u2013 Foto: divulga\u00e7\u00e3o.<\/figcaption><\/figure>\n<h3 class=\"wp-block-heading\" id=\"tasha-tracie\"><strong>Tasha &amp; Tracie<\/strong><\/h3>\n<p>As irm\u00e3s Tasha &amp; Tracie chegam a Ribeir\u00e3o Preto nesta sexta-feira (04) com a tour \u201cSerena e V\u00eanus \u2013 A Experi\u00eancia\u201d. A apresenta\u00e7\u00e3o acontece no GOA Lounge, a partir das 19h, e conta tamb\u00e9m com shows de abertura de LuhdoClick, BlackStar e DJ Nataxxa.<\/p>\n<p>O evento \u00e9 voltado para maiores de 18 anos e os ingressos est\u00e3o no \u00faltimo lote, a partir de R$ 95, com vendas pela internet.<\/p>\n<h4 class=\"wp-block-heading\" id=\"servico-5\"><strong>Servi\u00e7o<\/strong><\/h4>\n<ul class=\"wp-block-list\">\n<li>Quando: sexta-feira (04\/09)<\/li>\n<li>Hor\u00e1rio: a partir das 19h<\/li>\n<li>Local: GOA Lounge \u2013 rua Comandante Marcondes Salgado, 1621 \u2013 Jardim Sumar\u00e9<\/li>\n<li>Entrada: ingressos a partir de R$ 95 \u2013 <a href=\"https:\/\/www.sympla.com.br\/evento\/tasha-e-tracie-apresentam-serena-e-venus-a-experiencia-goa\/3454976?algoliaID=619997f93a107d1c62964a235097b32a\" target=\"_blank\" data-type=\"link\" data-id=\"https:\/\/www.sympla.com.br\/evento\/tasha-e-tracie-apresentam-serena-e-venus-a-experiencia-goa\/3454976?algoliaID=619997f93a107d1c62964a235097b32a\" rel=\"noreferrer noopener\">clique aqui<\/a><\/li>\n<\/ul>\n<figure class=\"wp-block-image size-large\"><img data-recalc-dims=\"1\" loading=\"lazy\" decoding=\"async\" width=\"1024\" height=\"576\" src=\"https:\/\/i0.wp.com\/www.acidadeon.com\/ribeiraopreto\/wp-content\/uploads\/sites\/3\/2026\/09\/agenda-cultural-ribeirao-2-1024x576.jpg?resize=1024%2C576&#038;ssl=1\" alt=\"Tasha &amp; Tracie se apresentam em Ribeir\u00e3o Preto - Foto: Isabelle India.\" class=\"wp-image-173538\" title=\"Feriad\u00e3o em Ribeir\u00e3o Preto tem shows, festivais, exposi\u00e7\u00f5es e programa\u00e7\u00e3o para toda a fam\u00edlia 6\"><figcaption class=\"wp-element-caption\">Tasha &amp; Tracie se apresentam em Ribeir\u00e3o Preto \u2013 Foto: Isabelle India.<\/figcaption><\/figure>\n<h3 class=\"wp-block-heading\" id=\"festival-mundo-asiatico\"><strong>Festival Mundo Asi\u00e1tico<\/strong><\/h3>\n<p>O Festival Mundo Asi\u00e1tico retorna a Ribeir\u00e3o Preto entre sexta-feira (04) e segunda-feira (07), feriado da Independ\u00eancia, com uma programa\u00e7\u00e3o dedicada \u00e0 cultura e \u00e0 gastronomia coreana e asi\u00e1tica.<\/p>\n<p>O evento re\u00fane mais de 100 expositores na Pra\u00e7a Jo\u00e3o Marchesi, com pratos como kimchi, tteokbokki, lamen e sushi, al\u00e9m de atra\u00e7\u00f5es relacionadas ao K-pop, doramas, anime e cultura geek.<\/p>\n<p>Entre os destaques est\u00e3o o painel de My Hero Academia com os dubladores Lipe Volpatto e Nestor Chiesse, no domingo (06), e o encontro com o humorista Muca Muri\u00e7oca, na segunda-feira (07).<\/p>\n<p>A programa\u00e7\u00e3o tamb\u00e9m conta com apresenta\u00e7\u00f5es de K-pop, concursos de cosplay, dublagem ao vivo e shows tributos. A entrada \u00e9 gratuita e o festival funciona das 10h \u00e0s 23h.<\/p>\n<h4 class=\"wp-block-heading\" id=\"servico-6\"><strong>Servi\u00e7o<\/strong><\/h4>\n<ul class=\"wp-block-list\">\n<li>Quando: sexta-feira a segunda-feira (04 a 07\/09)<\/li>\n<li>Hor\u00e1rio: das 10h \u00e0s 23h<\/li>\n<li>Local: Pra\u00e7a Jo\u00e3o Marchesi \u2013 Jardim S\u00e3o Luiz, Ribeir\u00e3o Preto<\/li>\n<li>Entrada: gratuita<\/li>\n<\/ul>\n<figure class=\"wp-block-image size-large\"><img data-recalc-dims=\"1\" loading=\"lazy\" decoding=\"async\" width=\"1024\" height=\"683\" src=\"https:\/\/i0.wp.com\/www.acidadeon.com\/ribeiraopreto\/wp-content\/uploads\/sites\/3\/2026\/08\/festival-mundo-asiativo-4-1024x683.jpg?resize=1024%2C683&#038;ssl=1\" alt=\"cultura e gastronomia asi\u00e1tica\" class=\"wp-image-172745\" title=\"Feriad\u00e3o em Ribeir\u00e3o Preto tem shows, festivais, exposi\u00e7\u00f5es e programa\u00e7\u00e3o para toda a fam\u00edlia 7\"><figcaption class=\"wp-element-caption\">Evento acontece em Ribeir\u00e3o Preto \u2013 Foto: divulga\u00e7\u00e3o<\/figcaption><\/figure>\n<h3 class=\"wp-block-heading\" id=\"casacor\"><strong>CASACOR<\/strong><\/h3>\n<p>A CASACOR Ribeir\u00e3o Preto 2026 est\u00e1 em cartaz, no bairro Jardim Sumar\u00e9. Com o tema \u201cMente e Cora\u00e7\u00e3o\u201d, a mostra re\u00fane 30 ambientes assinados por profissionais de arquitetura, design de interiores, paisagismo e arte, propondo uma reflex\u00e3o sobre o lar como espa\u00e7o de reconex\u00e3o e bem-estar.<\/p>\n<p>Al\u00e9m dos ambientes, o p\u00fablico pode encontrar lojas e opera\u00e7\u00f5es gastron\u00f4micas com acesso livre. A mostra funciona de ter\u00e7a a domingo, das 15h \u00e0s 21h, com acesso e bilheteria at\u00e9 as 20h15. Os ingressos est\u00e3o dispon\u00edveis pela internet.<\/p>\n<h4 class=\"wp-block-heading\" id=\"servico-7\"><strong>Servi\u00e7o<\/strong><\/h4>\n<ul class=\"wp-block-list\">\n<li>Quando: at\u00e9 12 de outubro<\/li>\n<li>Hor\u00e1rio: ter\u00e7a a domingo, das 15h \u00e0s 21h<\/li>\n<li>Local: Avenida Sumar\u00e9, 590 \u2013 Jardim Sumar\u00e9<\/li>\n<li>Entrada: ingressos \u00e0 venda \u2013 <a href=\"https:\/\/casacor.com.br\/pt-BR\/mostras\/ribeirao-preto-2026\" data-type=\"link\" data-id=\"https:\/\/casacor.com.br\/pt-BR\/mostras\/ribeirao-preto-2026\" target=\"_blank\" rel=\"noreferrer noopener\">online<\/a><\/li>\n<\/ul>\n<figure class=\"wp-block-image size-large\"><img data-recalc-dims=\"1\" loading=\"lazy\" decoding=\"async\" width=\"1024\" height=\"576\" src=\"https:\/\/i0.wp.com\/www.acidadeon.com\/ribeiraopreto\/wp-content\/uploads\/sites\/3\/2026\/03\/palace-46_2026-03-05_16-14-35-1024x576.webp?resize=1024%2C576&#038;ssl=1\" alt=\"Casar\u00e3o escolhido para a Casacor 2026 em Ribeir\u00e3o Preto - Foto: Mariana Queiroz\" class=\"wp-image-147797\" title=\"Feriad\u00e3o em Ribeir\u00e3o Preto tem shows, festivais, exposi\u00e7\u00f5es e programa\u00e7\u00e3o para toda a fam\u00edlia 8\"><figcaption class=\"wp-element-caption\">Casar\u00e3o escolhido para a Casacor 2026 em Ribeir\u00e3o Preto \u2013 Foto: Mariana Queiroz<\/figcaption><\/figure>\n<h3 class=\"wp-block-heading\" id=\"opera-e-outros-cantos\"><strong>\u00d3pera e Outros Cantos<\/strong><\/h3>\n<p>O baixo-bar\u00edtono Luis-Felipe Sousa e o maestro e pianista Ramon Theobald apresentam neste s\u00e1bado (05) o recital \u201c\u00d3pera e Outros Cantos\u201d, no Teatro Minaz, em Ribeir\u00e3o Preto.<\/p>\n<p>O espet\u00e1culo prop\u00f5e uma viagem musical sobre a passagem do tempo, reunindo obras de compositores de diferentes \u00e9pocas, idiomas e culturas.<\/p>\n<p>O repert\u00f3rio passa por nomes como Gounod, Tosti, Gomes, Schubert, Strauss e Ravel, explorando temas como juventude, mem\u00f3ria, amor, perda e transforma\u00e7\u00e3o.<\/p>\n<p>Os ingressos custam R$ 40 (inteira) e R$ 20 (meia-entrada), com possibilidade de valor antecipado.<\/p>\n<h4 class=\"wp-block-heading\" id=\"servico-8\"><strong>Servi\u00e7o<\/strong><\/h4>\n<ul class=\"wp-block-list\">\n<li>Quando: s\u00e1bado (05\/09)<\/li>\n<li>Hor\u00e1rio: 20h \u00e0s 21h15<\/li>\n<li>Local: Rua Carlos Chagas, 273 \u2013 Jardim Paulista<\/li>\n<li>Entrada: R$ 40 inteira e R$ 20 meia-entrada ou valor antecipado \u2013 <a href=\"https:\/\/www.minaz.com.br\/event-details\/opera-e-outros-cantos-luis-felipe-sousa-e-ramon-theobald\" target=\"_blank\" data-type=\"link\" data-id=\"https:\/\/www.minaz.com.br\/event-details\/opera-e-outros-cantos-luis-felipe-sousa-e-ramon-theobald\" rel=\"noreferrer noopener\">clique aqui<\/a><\/li>\n<\/ul>\n<figure class=\"wp-block-image size-full\"><img data-recalc-dims=\"1\" loading=\"lazy\" decoding=\"async\" width=\"930\" height=\"602\" src=\"https:\/\/i0.wp.com\/www.acidadeon.com\/ribeiraopreto\/wp-content\/uploads\/sites\/3\/2024\/08\/teatro-minaz_2024-08-14_15-55-47_png_2024-08-14_15-55-47.webp?resize=930%2C602&#038;ssl=1\" alt=\"Teatro Minaz - Foto: Reprodu\u00e7\u00e3o\/ Teatro Minaz\" class=\"wp-image-90374\" title=\"Feriad\u00e3o em Ribeir\u00e3o Preto tem shows, festivais, exposi\u00e7\u00f5es e programa\u00e7\u00e3o para toda a fam\u00edlia 9\"><figcaption class=\"wp-element-caption\">Teatro Minaz \u2013 Foto: Reprodu\u00e7\u00e3o\/ Teatro Minaz<\/figcaption><\/figure>\n<h3 class=\"wp-block-heading\" id=\"encontro-de-felinos-raros\"><strong>Encontro de felinos raros<\/strong><\/h3>\n<p>Ribeir\u00e3o Preto recebe neste domingo (06) o \u201cEncontro dos Felinos Mais Raros do Mundo\u201d, promovido pela Casa dos Bigodes.<\/p>\n<p>O evento re\u00fane nove ra\u00e7as de gatos, incluindo Maine Coon e Munchkin, em uma experi\u00eancia voltada para quem gosta de conhecer mais sobre o universo felino. A visita\u00e7\u00e3o \u00e9 feita em sess\u00f5es de 30 minutos, com vagas limitadas.<\/p>\n<p>Al\u00e9m de conhecer os animais, o p\u00fablico poder\u00e1 conversar com criadores e especialistas sobre comportamento, nutri\u00e7\u00e3o e cuidados com os gatos.<\/p>\n<p>O evento conta com acompanhamento veterin\u00e1rio e ambiente climatizado. Os ingressos custam R$ 45 e, como a\u00e7\u00e3o solid\u00e1ria, os visitantes s\u00e3o convidados a levar 1 kg de ra\u00e7\u00e3o seca para gatos, que ser\u00e1 destinado a ONGs parceiras.<\/p>\n<h4 class=\"wp-block-heading\" id=\"servico-9\"><strong>Servi\u00e7o<\/strong><\/h4>\n<ul class=\"wp-block-list\">\n<li>Quando: domingo (06\/09)<\/li>\n<li>Hor\u00e1rio: sess\u00f5es a partir das 10h<\/li>\n<li>Local: Rua Mariano Pedroso de Almeida, 280 \u2013 Alto da Boa Vista<\/li>\n<li>Entrada: R$ 45 \u2013 online (<a href=\"https:\/\/www.sympla.com.br\/evento\/o-encontro-dos-felinos-mais-raro-do-mundo\/3545703?algoliaID=20f9cb29721cdc58de550295f80a3b07\" data-type=\"link\" data-id=\"https:\/\/www.sympla.com.br\/evento\/o-encontro-dos-felinos-mais-raro-do-mundo\/3545703?algoliaID=20f9cb29721cdc58de550295f80a3b07\" target=\"_blank\" rel=\"noreferrer noopener\">clique aqui<\/a>)<\/li>\n<\/ul>\n<figure class=\"wp-block-image size-large\"><img data-recalc-dims=\"1\" loading=\"lazy\" decoding=\"async\" width=\"1024\" height=\"576\" src=\"https:\/\/i0.wp.com\/www.acidadeon.com\/ribeiraopreto\/wp-content\/uploads\/sites\/3\/2026\/08\/lazer-e-cultura-11-1024x576.jpg?resize=1024%2C576&#038;ssl=1\" alt=\"Encontro de Felinos acontece em Ribeir\u00e3o Preto - Foto: canva.\" class=\"wp-image-169602\" title=\"Feriad\u00e3o em Ribeir\u00e3o Preto tem shows, festivais, exposi\u00e7\u00f5es e programa\u00e7\u00e3o para toda a fam\u00edlia 10\"><figcaption class=\"wp-element-caption\">Encontro de Felinos acontece em Ribeir\u00e3o Preto \u2013 Foto: canva.<\/figcaption><\/figure>\n<h3 class=\"wp-block-heading\" id=\"lyrium-festival\"><strong>Lyrium Festival<\/strong><\/h3>\n<p>O Lyrium Festival chega \u00e0 14\u00aa edi\u00e7\u00e3o neste s\u00e1bado (05), na F\u00e1brica de Extintores, em Ribeir\u00e3o Preto. Com o tema \u201cBlack Wedding\u201d, o evento re\u00fane seis atra\u00e7\u00f5es em dois palcos, com repert\u00f3rio dedicado ao rock e ao metal dos anos 2000.<\/p>\n<p>Entre os nomes est\u00e3o tributos a Avenged Sevenfold, System of a Down e Blink-182, al\u00e9m de apresenta\u00e7\u00f5es de Three Days Grace e bandas de alternative metal.<\/p>\n<p>A programa\u00e7\u00e3o come\u00e7a \u00e0s 22h e segue durante cinco horas de m\u00fasica, sem intervalos. Os ingressos est\u00e3o no 4\u00ba lote, por R$ 45.<\/p>\n<h4 class=\"wp-block-heading\" id=\"servico-10\">Servi\u00e7o<\/h4>\n<ul class=\"wp-block-list\">\n<li>Quando: s\u00e1bado (05\/09)<\/li>\n<li>Hor\u00e1rio: a partir das 22h<\/li>\n<li>Local: Rua Fl\u00e1vio Uch\u00f4a, 2161 \u2013 Ribeir\u00e3o Preto<\/li>\n<li>Entrada: R$ 45 \u2013 online (<a href=\"https:\/\/www.sympla.com.br\/evento\/lyrium-festival-14\/3532056?share_id=copiarlink\" data-type=\"link\" data-id=\"https:\/\/www.sympla.com.br\/evento\/lyrium-festival-14\/3532056?share_id=copiarlink\" target=\"_blank\" rel=\"noreferrer noopener\">clique aqui<\/a>)<\/li>\n<\/ul>\n<figure class=\"wp-block-image size-large\"><img data-recalc-dims=\"1\" loading=\"lazy\" decoding=\"async\" width=\"1024\" height=\"576\" src=\"https:\/\/i0.wp.com\/www.acidadeon.com\/ribeiraopreto\/wp-content\/uploads\/sites\/3\/2026\/09\/agenda-cultural-ribeirao-3-1024x576.jpg?resize=1024%2C576&#038;ssl=1\" alt=\"Lyrium Festival acontece em Ribeir\u00e3o Preto - Foto: divulga\u00e7\u00e3o. \" class=\"wp-image-173539\" title=\"Feriad\u00e3o em Ribeir\u00e3o Preto tem shows, festivais, exposi\u00e7\u00f5es e programa\u00e7\u00e3o para toda a fam\u00edlia 11\"><figcaption class=\"wp-element-caption\">Lyrium Festival acontece em Ribeir\u00e3o Preto \u2013 Foto: divulga\u00e7\u00e3o. <\/figcaption><\/figure>\n<h3 class=\"wp-block-heading\" id=\"titas\"><strong>Tit\u00e3s<\/strong><\/h3>\n<p>Os Tit\u00e3s chegam a Ribeir\u00e3o Preto neste s\u00e1bado (05) com a turn\u00ea \u201cCabe\u00e7a Dinossauro\u201d, que celebra os 40 anos de um dos \u00e1lbuns mais marcantes do rock nacional.<\/p>\n<p>O show acontece no Multiplan Hall e revisita cl\u00e1ssicos do disco lan\u00e7ado em 1986, como \u201cPol\u00edcia\u201d, \u201cIgreja\u201d, \u201cBichos Escrotos\u201d e \u201cAAUU\u201d.<\/p>\n<p>A apresenta\u00e7\u00e3o re\u00fane Branco Mello, S\u00e9rgio Britto e Tony Bellotto, acompanhados por Beto Lee, M\u00e1rio Fabre e Alexandre de Orio. Os ingressos ainda est\u00e3o dispon\u00edveis de forma online.<\/p>\n<h4 class=\"wp-block-heading\" id=\"servico-11\"><strong>Servi\u00e7o<\/strong><\/h4>\n<ul class=\"wp-block-list\">\n<li>Quando: s\u00e1bado (05\/09)<\/li>\n<li>Hor\u00e1rio: 21h<\/li>\n<li>Local: Multiplan Hall \u2013 Ribeir\u00e3o Shopping, avenida Coronel Fernando Ferreira Leite, 1540 \u2013 Jardim Nova Alian\u00e7a<\/li>\n<li>Ingressos online (<a href=\"https:\/\/www.eventim.com.br\/event\/titas-cabeca-dinossauro-40-anos-multiplan-hall-ribeirao-preto-21671556\/\" target=\"_blank\" data-type=\"link\" data-id=\"https:\/\/www.eventim.com.br\/event\/titas-cabeca-dinossauro-40-anos-multiplan-hall-ribeirao-preto-21671556\/\" rel=\"noreferrer noopener\">clique aqui<\/a>)<\/li>\n<\/ul>\n<figure class=\"wp-block-image size-large\"><img data-recalc-dims=\"1\" loading=\"lazy\" decoding=\"async\" width=\"1024\" height=\"683\" src=\"https:\/\/i0.wp.com\/www.acidadeon.com\/ribeiraopreto\/wp-content\/uploads\/sites\/3\/2026\/05\/titas-ribeirao-preto_2026-05-11_17-17-33-1024x683.webp?resize=1024%2C683&#038;ssl=1\" alt=\"Tit\u00e3s trazem nova turn\u00ea para Ribeir\u00e3o Preto - Foto: reprodu\u00e7\u00e3o.\" class=\"wp-image-155696\" title=\"Feriad\u00e3o em Ribeir\u00e3o Preto tem shows, festivais, exposi\u00e7\u00f5es e programa\u00e7\u00e3o para toda a fam\u00edlia 12\"><figcaption class=\"wp-element-caption\">Tit\u00e3s trazem nova turn\u00ea para Ribeir\u00e3o Preto \u2013 Foto: reprodu\u00e7\u00e3o.<\/figcaption><\/figure>\n<h3 class=\"wp-block-heading\" id=\"pia-e-os-quintais-da-imaginacao\"><strong>Pi\u00e1 e os Quintais da Imagina\u00e7\u00e3o<\/strong><\/h3>\n<p>O espet\u00e1culo \u201cPi\u00e1 e os Quintais da Imagina\u00e7\u00e3o\u201d chega ao Teatro do SESI Ribeir\u00e3o Preto neste s\u00e1bado (05), com um repert\u00f3rio in\u00e9dito criado e cantado por Lili Flor &amp; Paulo Pixu.<\/p>\n<p>A apresenta\u00e7\u00e3o celebra a inf\u00e2ncia e a natureza a partir do imagin\u00e1rio dos quintais brasileiros, com m\u00fasicas que passeiam por elementos como passarinhos, borboletas, o mar e a cidade.<\/p>\n<p>A atividade faz parte da Mostra SESI-SP de M\u00fasica Erudita e prop\u00f5e um encontro com a m\u00fasica e a criatividade para toda a fam\u00edlia. A apresenta\u00e7\u00e3o acontece das 17h \u00e0s 18h, no Teatro do SESI, com entrada gratuita.<\/p>\n<h4 class=\"wp-block-heading\" id=\"servico-12\"><strong>Servi\u00e7o<\/strong><\/h4>\n<ul class=\"wp-block-list\">\n<li>Quando: s\u00e1bado (05\/09)<\/li>\n<li>Hor\u00e1rio: das 17h \u00e0s 18h<\/li>\n<li>Local: Rua Jo\u00e3o Ignachiti, 20-364 \u2013 Jardim Castelo Branco<\/li>\n<li>Entrada: gratuita \u2013 ingresso deve ser retirado atrav\u00e9s do \u201c<a href=\"https:\/\/www.sesisp.org.br\/evento\/d6d76e18-26f3-42a1-a4fc-d6ae768d7b68\/pia-e-os-quintais-da-imaginacao\" target=\"_blank\" data-type=\"link\" data-id=\"https:\/\/www.sesisp.org.br\/evento\/d6d76e18-26f3-42a1-a4fc-d6ae768d7b68\/pia-e-os-quintais-da-imaginacao\" rel=\"noreferrer noopener\">Meu Sesi<\/a>\u201d<\/li>\n<\/ul>\n<figure class=\"wp-block-image size-large\"><img data-recalc-dims=\"1\" loading=\"lazy\" decoding=\"async\" width=\"1024\" height=\"576\" src=\"https:\/\/i0.wp.com\/www.acidadeon.com\/ribeiraopreto\/wp-content\/uploads\/sites\/3\/2026\/09\/agenda-cultural-ribeirao-4-1024x576.jpg?resize=1024%2C576&#038;ssl=1\" alt=\"&quot;Pi\u00e1 e os Quintais da Imagina\u00e7\u00e3o&quot; ser\u00e1 apresentado no Sesi de Ribeir\u00e3o Preto - Foto: divulga\u00e7\u00e3o. \n\" class=\"wp-image-173540\" title=\"Feriad\u00e3o em Ribeir\u00e3o Preto tem shows, festivais, exposi\u00e7\u00f5es e programa\u00e7\u00e3o para toda a fam\u00edlia 13\"><figcaption class=\"wp-element-caption\">\u201cPi\u00e1 e os Quintais da Imagina\u00e7\u00e3o\u201d ser\u00e1 apresentado no Sesi de Ribeir\u00e3o Preto \u2013 Foto: divulga\u00e7\u00e3o. <br \/><\/figcaption><\/figure>\n<h3 class=\"wp-block-heading\" id=\"masterclass-de-canto-lirico\"><strong>Masterclass de canto l\u00edrico<\/strong><\/h3>\n<p>O maestro e pianista Ramon Theobald ministra neste domingo (06) uma masterclass de canto l\u00edrico no Teatro Minaz, em Ribeir\u00e3o Preto. A atividade aborda aspectos musicais e t\u00e9cnico-vocais do repert\u00f3rio l\u00edrico, com aten\u00e7\u00e3o \u00e0 interpreta\u00e7\u00e3o e \u00e0 prepara\u00e7\u00e3o de cantores.<\/p>\n<p>Voltada para cantores l\u00edricos profissionais e em forma\u00e7\u00e3o, a masterclass prop\u00f5e um espa\u00e7o de aprofundamento art\u00edstico com um profissional de atua\u00e7\u00e3o internacional. A atividade acontece das 10h \u00e0s 13h, no Teatro Minaz.<\/p>\n<h4 class=\"wp-block-heading\" id=\"servico-13\"><strong>Servi\u00e7o<\/strong><\/h4>\n<ul class=\"wp-block-list\">\n<li>Quando: domingo (06\/09)<\/li>\n<li>Hor\u00e1rio: das 10h \u00e0s 13h<\/li>\n<li>Local: Rua Carlos Chagas, 273 \u2013 Jardim Paulista<\/li>\n<\/ul>\n<figure class=\"wp-block-image size-large\"><img data-recalc-dims=\"1\" loading=\"lazy\" decoding=\"async\" width=\"1024\" height=\"576\" src=\"https:\/\/i0.wp.com\/www.acidadeon.com\/ribeiraopreto\/wp-content\/uploads\/sites\/3\/2025\/03\/Copia-de-Copia-de-Copia-de-TAMANHO-EXATO-PARA-FOTOS-NO-SISTEMA-NOVO-23_2025-03-12_11-53-22_jpg_2025-03-12_11-53-22-1024x576.webp?resize=1024%2C576&#038;ssl=1\" alt=\"Evento ser\u00e1 realizado no Teatro Minaz, em Ribeir\u00e3o Preto - Foto: Claudio Frateshi\" class=\"wp-image-110328\" title=\"Feriad\u00e3o em Ribeir\u00e3o Preto tem shows, festivais, exposi\u00e7\u00f5es e programa\u00e7\u00e3o para toda a fam\u00edlia 3\"><figcaption class=\"wp-element-caption\">Evento ser\u00e1 realizado no Teatro Minaz, em Ribeir\u00e3o Preto \u2013 Foto: Claudio Frateshi<\/figcaption><\/figure>\n<h3 class=\"wp-block-heading\" id=\"la-boheme\"><strong>La Boh\u00e8me<\/strong><\/h3>\n<p>O Teatro Minaz exibe neste domingo (06) uma produ\u00e7\u00e3o de \u201cLa Boh\u00e8me\u201d, de Giacomo Puccini, em uma grava\u00e7\u00e3o da Op\u00e9ra National de Paris.<\/p>\n<p>A \u00f3pera em quatro atos acompanha a hist\u00f3ria de amor entre o poeta Rodolfo e Mimi, em meio \u00e0 vida de artistas que enfrentam dificuldades financeiras e sonham com uma realidade diferente.<\/p>\n<p>A montagem tem dire\u00e7\u00e3o de Claus Guth e transporta a hist\u00f3ria para um futuro marcado pela falta de esperan\u00e7a, em que a arte e o amor aparecem como formas de transcend\u00eancia. A exibi\u00e7\u00e3o acontece das 17h \u00e0s 19h, com entrada gratuita.<\/p>\n<h4 class=\"wp-block-heading\" id=\"servico-14\"><strong>Servi\u00e7o<\/strong><\/h4>\n<ul class=\"wp-block-list\">\n<li>Quando: domingo (06\/09)<\/li>\n<li>Hor\u00e1rio: das 17h \u00e0s 19h<\/li>\n<li>Local: Rua Carlos Chagas, 273 \u2013 Jardim Paulista<\/li>\n<li>Entrada: gratuita<\/li>\n<\/ul>\n<figure class=\"wp-block-image size-full\"><img data-recalc-dims=\"1\" loading=\"lazy\" decoding=\"async\" width=\"930\" height=\"602\" src=\"https:\/\/i0.wp.com\/www.acidadeon.com\/ribeiraopreto\/wp-content\/uploads\/sites\/3\/2024\/08\/teatro-minaz_2024-08-14_15-55-47_png_2024-08-14_15-55-47.webp?resize=930%2C602&#038;ssl=1\" alt=\"Teatro Minaz - Foto: Reprodu\u00e7\u00e3o\/ Teatro Minaz\" class=\"wp-image-90374\" title=\"Feriad\u00e3o em Ribeir\u00e3o Preto tem shows, festivais, exposi\u00e7\u00f5es e programa\u00e7\u00e3o para toda a fam\u00edlia 9\"><figcaption class=\"wp-element-caption\">Teatro Minaz \u2013 Foto: Reprodu\u00e7\u00e3o\/ Teatro Minaz<\/figcaption><\/figure>\n<h3 class=\"wp-block-heading\" id=\"exibicao-de-filme-como-treinar-o-seu-dragao\"><strong>Exibi\u00e7\u00e3o de filme \u2013 Como Treinar o Seu Drag\u00e3o<\/strong><\/h3>\n<p>O filme \u201cComo Treinar o Seu Drag\u00e3o\u201d, dirigido por Dean DeBlois, ser\u00e1 exibido neste domingo (06), \u00e0s 16h, no Galp\u00e3o do Sesc Ribeir\u00e3o Preto.<\/p>\n<p>A produ\u00e7\u00e3o acompanha Solu\u00e7o, filho do chefe de uma tribo viking que vive em guerra com drag\u00f5es, e sua amizade inesperada com Banguela, um raro drag\u00e3o F\u00faria da Noite.<\/p>\n<p>A anima\u00e7\u00e3o mostra como a rela\u00e7\u00e3o entre os dois desafia a tradi\u00e7\u00e3o dos vikings e pode transformar a conviv\u00eancia entre humanos e drag\u00f5es.<\/p>\n<p>A sess\u00e3o \u00e9 gratuita, tem classifica\u00e7\u00e3o indicativa de 6 anos e conta com 70 lugares. Os ingressos devem ser retirados uma hora antes da exibi\u00e7\u00e3o.<\/p>\n<h4 class=\"wp-block-heading\" id=\"servico-15\"><strong>Servi\u00e7o<\/strong><\/h4>\n<ul class=\"wp-block-list\">\n<li>Quando: domingo (06\/09)<\/li>\n<li>Hor\u00e1rio: 16h<\/li>\n<li>Local: Sesc Ribeir\u00e3o Preto \u2013 rua Tibiri\u00e7\u00e1, 50<\/li>\n<li>Entrada: gratuita, com retirada de ingressos 1 hora antes<\/li>\n<\/ul>\n<figure class=\"wp-block-image size-large\"><img data-recalc-dims=\"1\" loading=\"lazy\" decoding=\"async\" width=\"1024\" height=\"576\" src=\"https:\/\/i0.wp.com\/www.acidadeon.com\/ribeiraopreto\/wp-content\/uploads\/sites\/3\/2026\/09\/agenda-cultural-ribeirao-5-1024x576.jpg?resize=1024%2C576&#038;ssl=1\" alt=\"Filme &quot;Como Treinar o Seu Drag\u00e3o&quot; ser\u00e1 exibido no Sesc - Foto: divulga\u00e7\u00e3o.\" class=\"wp-image-173542\" title=\"Feriad\u00e3o em Ribeir\u00e3o Preto tem shows, festivais, exposi\u00e7\u00f5es e programa\u00e7\u00e3o para toda a fam\u00edlia 16\"><figcaption class=\"wp-element-caption\">Filme \u201cComo Treinar o Seu Drag\u00e3o\u201d ser\u00e1 exibido no Sesc \u2013 Foto: Divulga\u00e7\u00e3o\/Paramount Pictures.<\/figcaption><\/figure>\n<h3 class=\"wp-block-heading\" id=\"oficina-de-criacao-para-criancas\"><strong>Oficina de cria\u00e7\u00e3o para crian\u00e7as<\/strong><\/h3>\n<p>A oficina \u201cEu Drag\u00e3o, Meu Amigo\u201d acontece neste domingo (06), \u00e0s 14h, no Espa\u00e7o Intergeracional do Sesc Ribeir\u00e3o Preto. Inspirada na amizade entre Solu\u00e7o e Banguela, a atividade convida crian\u00e7as e fam\u00edlias a criarem seus pr\u00f3prios drag\u00f5es usando papel, colagens, desenhos e materiais coloridos.<\/p>\n<p>A atividade \u00e9 gratuita e recomendada para crian\u00e7as de 6 a 12 anos, que devem estar acompanhadas por um adulto respons\u00e1vel. S\u00e3o 70 vagas, com distribui\u00e7\u00e3o de senhas 30 minutos antes do in\u00edcio.<\/p>\n<h4 class=\"wp-block-heading\" id=\"servico-16\"><strong>Servi\u00e7o<\/strong><\/h4>\n<ul class=\"wp-block-list\">\n<li>Quando: domingo (06\/09)<\/li>\n<li>Hor\u00e1rio: 14h<\/li>\n<li>Local: Sesc Ribeir\u00e3o Preto \u2013 rua Tibiri\u00e7\u00e1, 50<\/li>\n<li>Entrada: gratuita<\/li>\n<li>Vagas: 70, com senhas distribu\u00eddas 30 minutos antes<\/li>\n<\/ul>\n<figure class=\"wp-block-image size-full\"><img data-recalc-dims=\"1\" decoding=\"async\" src=\"https:\/\/i0.wp.com\/www.acidadeon.com\/ribeiraopreto\/wp-content\/uploads\/sites\/3\/2023\/08\/sesc_1200x675_06102021182314.jpg?ssl=1\" alt=\"Sesc Ribeir\u00e3o Preto - Foto: Comunica\u00e7\u00e3o\/Sesc.\" class=\"wp-image-40666\" title=\"Feriad\u00e3o em Ribeir\u00e3o Preto tem shows, festivais, exposi\u00e7\u00f5es e programa\u00e7\u00e3o para toda a fam\u00edlia 17\"><figcaption class=\"wp-element-caption\">Sesc Ribeir\u00e3o Preto \u2013 Foto: Comunica\u00e7\u00e3o\/Sesc.<\/figcaption><\/figure>\n<h3 class=\"wp-block-heading\" id=\"amazonia-na-mala\"><strong>Amaz\u00f4nia na Mala<\/strong><\/h3>\n<p>A conta\u00e7\u00e3o de hist\u00f3rias \u201cAmaz\u00f4nia na Mala\u201d acontece neste domingo (06), \u00e0s 16h, no Espa\u00e7o LER do SESI Ribeir\u00e3o Preto.<\/p>\n<p>Idealizado e apresentado pelo narrador Kadu Santoro, o projeto acompanha a trajet\u00f3ria de um ribeirinho que parte de Bel\u00e9m de canoa e, durante o caminho, encontra personagens do imagin\u00e1rio popular amaz\u00f4nico.<\/p>\n<p>A narrativa apresenta figuras como a on\u00e7a-pintada, a Matinta Pereira, o Curupira e a Cobra Grande, que tamb\u00e9m aparecem em cena para interagir com o p\u00fablico.<\/p>\n<p>A atividade valoriza a cultura oral, os saberes da floresta e as identidades amaz\u00f4nicas, aproximando crian\u00e7as e fam\u00edlias da diversidade cultural brasileira.<\/p>\n<h4 class=\"wp-block-heading\" id=\"servico-17\"><strong>Servi\u00e7o<\/strong><\/h4>\n<ul class=\"wp-block-list\">\n<li>Quando: domingo (06\/09)<\/li>\n<li>Hor\u00e1rio: 16h<\/li>\n<li>Local: Espa\u00e7o LER \u2013 Rua Jo\u00e3o Ignacchitti, s\/n \u2013 SESI Ribeir\u00e3o Preto<\/li>\n<li>Entrada: gratuita \u2013<a href=\"https:\/\/www.sesisp.org.br\/evento\/3f15a1c8-2b5b-4e65-a75e-c573bfee4251\/amazonia-na-mala\" target=\"_blank\" data-type=\"link\" data-id=\"https:\/\/www.sesisp.org.br\/evento\/3f15a1c8-2b5b-4e65-a75e-c573bfee4251\/amazonia-na-mala\" rel=\"noreferrer noopener\"> ingresso deve ser retirado atrav\u00e9s do \u201cMeu Sesi\u201d<\/a><\/li>\n<\/ul>\n<figure class=\"wp-block-image size-large\"><img data-recalc-dims=\"1\" loading=\"lazy\" decoding=\"async\" width=\"1024\" height=\"576\" src=\"https:\/\/i0.wp.com\/www.acidadeon.com\/ribeiraopreto\/wp-content\/uploads\/sites\/3\/2026\/09\/agenda-cultural-ribeirao-6-1024x576.jpg?resize=1024%2C576&#038;ssl=1\" alt=\"Apresenta\u00e7\u00e3o acontece no Sesi de Ribeir\u00e3o Preto - Foto: divulga\u00e7\u00e3o. \" class=\"wp-image-173543\" title=\"Feriad\u00e3o em Ribeir\u00e3o Preto tem shows, festivais, exposi\u00e7\u00f5es e programa\u00e7\u00e3o para toda a fam\u00edlia 18\"><figcaption class=\"wp-element-caption\">Apresenta\u00e7\u00e3o acontece no Sesi de Ribeir\u00e3o Preto \u2013 Foto: divulga\u00e7\u00e3o. <\/figcaption><\/figure>\n<h3 class=\"wp-block-heading\" id=\"arena-do-novinho\"><strong>Arena do Novinho<\/strong><\/h3>\n<p>A Arena do Novinho, no Novo Shopping Ribeir\u00e3o Preto, recebe uma programa\u00e7\u00e3o especial e gratuita para crian\u00e7as entre s\u00e1bado (05) e segunda-feira (07).<\/p>\n<p>Das 14h \u00e0s 20h, o espa\u00e7o promove oficinas de fantoches, nas quais os pequenos podem criar seus pr\u00f3prios personagens e soltar a imagina\u00e7\u00e3o.<\/p>\n<p>A programa\u00e7\u00e3o tamb\u00e9m conta com uma conta\u00e7\u00e3o de hist\u00f3rias interativa, sempre \u00e0s 16h, com participa\u00e7\u00e3o das crian\u00e7as na constru\u00e7\u00e3o da narrativa.<\/p>\n<p>Pais e respons\u00e1veis tamb\u00e9m s\u00e3o convidados a acompanhar as atividades, que s\u00e3o uma op\u00e7\u00e3o de lazer em fam\u00edlia durante o feriado prolongado.<\/p>\n<h4 class=\"wp-block-heading\" id=\"servico-18\"><strong>Servi\u00e7o<\/strong><\/h4>\n<ul class=\"wp-block-list\">\n<li>Quando: s\u00e1bado a segunda-feira (05 a 07\/09)<\/li>\n<li>Hor\u00e1rio: das 14h \u00e0s 20h; conta\u00e7\u00e3o de hist\u00f3rias \u00e0s 16h<\/li>\n<li>Local: Novo Shopping \u2013 Avenida Presidente Kennedy, 1.500 \u2013 Ribeir\u00e3o Preto<\/li>\n<li>Entrada: gratuita<\/li>\n<\/ul>\n<figure class=\"wp-block-image size-large\"><img data-recalc-dims=\"1\" loading=\"lazy\" decoding=\"async\" width=\"1024\" height=\"576\" src=\"https:\/\/i0.wp.com\/www.acidadeon.com\/ribeiraopreto\/wp-content\/uploads\/sites\/3\/2026\/05\/arena-do-novinho-ribeirao_2026-05-21_16-36-21-1024x576.webp?resize=1024%2C576&#038;ssl=1\" alt=\"Novo Shopping oferece atividades para a fam\u00edlia neste final de semana - Foto: divulga\u00e7\u00e3o.\" class=\"wp-image-157244\" title=\"Feriad\u00e3o em Ribeir\u00e3o Preto tem shows, festivais, exposi\u00e7\u00f5es e programa\u00e7\u00e3o para toda a fam\u00edlia 19\"><figcaption class=\"wp-element-caption\">Novo Shopping oferece atividades para a fam\u00edlia neste final de semana \u2013 Foto: divulga\u00e7\u00e3o. <\/figcaption><\/figure>\n<h3 class=\"wp-block-heading\" id=\"final-da-liga-caipira-de-freestyle\"><strong>Final da Liga Caipira de Freestyle<\/strong><\/h3>\n<p>A Grande Final da Liga Caipira de Freestyle acontece neste domingo (06), a partir das 14h, no Est\u00e1dio do Comercial, em Ribeir\u00e3o Preto.<\/p>\n<p>Depois de passar por 26 cidades, realizar 49 batalhas e reunir 384 MCs, a competi\u00e7\u00e3o chega \u00e0 \u00faltima etapa com 16 finalistas disputando o t\u00edtulo da temporada.<\/p>\n<p>Al\u00e9m das batalhas de freestyle, o evento ter\u00e1 apresenta\u00e7\u00f5es de breaking, pocket shows com artistas convidados, DJs e espa\u00e7o de conviv\u00eancia dedicado \u00e0 cultura urbana. A entrada \u00e9 gratuita, na modalidade ingresso solid\u00e1rio, com vendas dispon\u00edveis at\u00e9 o dia do evento.<\/p>\n<h4 class=\"wp-block-heading\" id=\"servico-19\"><strong>Servi\u00e7o<\/strong><\/h4>\n<ul class=\"wp-block-list\">\n<li>Quando: domingo (06\/09)<\/li>\n<li>Hor\u00e1rio: a partir das 14h<\/li>\n<li>Local: avenida Doutor Pl\u00ednio de Castro Prado \u2013 Est\u00e1dio do Comercial, Ribeir\u00e3o Preto<\/li>\n<li>Entrada: gratuita, com ingresso solid\u00e1rio (<a href=\"https:\/\/www.sympla.com.br\/evento\/liga-caipira-de-freestyle-ii\/3532424?share_id=copiarlink\" target=\"_blank\" data-type=\"link\" data-id=\"https:\/\/www.sympla.com.br\/evento\/liga-caipira-de-freestyle-ii\/3532424?share_id=copiarlink\" rel=\"noreferrer noopener\">clique aqui)<\/a><\/li>\n<\/ul>\n<figure class=\"wp-block-image size-large\"><img data-recalc-dims=\"1\" loading=\"lazy\" decoding=\"async\" width=\"1024\" height=\"576\" src=\"https:\/\/i0.wp.com\/www.acidadeon.com\/ribeiraopreto\/wp-content\/uploads\/sites\/3\/2024\/03\/Copia-de-Copia-de-TAMANHO-EXATO-PARA-FOTOS-NO-SISTEMA-NOVO-61-1024x576.jpg?resize=1024%2C576&#038;ssl=1\" alt=\"Apresenta\u00e7\u00e3o acontece no Est\u00e1dio Palma Travassos - Foto: Bruno Bellomi.\" class=\"wp-image-73705\" title=\"Feriad\u00e3o em Ribeir\u00e3o Preto tem shows, festivais, exposi\u00e7\u00f5es e programa\u00e7\u00e3o para toda a fam\u00edlia 20\"><figcaption class=\"wp-element-caption\">Apresenta\u00e7\u00e3o acontece no Est\u00e1dio Palma Travassos \u2013 Foto: Bruno Bellomi.<\/figcaption><\/figure>\n<h3 class=\"wp-block-heading\" id=\"di-proposito\"><strong>Di Prop\u00f3sito<\/strong><\/h3>\n<p>O grupo Di Prop\u00f3sito apresenta neste domingo (06), no Point RP, em Ribeir\u00e3o Preto, o projeto \u201cEncontrin\u201d, formato criado para aproximar artistas e p\u00fablico em uma experi\u00eancia mais intimista.<\/p>\n<p>O show re\u00fane sucessos do grupo, cl\u00e1ssicos do pagode e momentos de improviso, em uma apresenta\u00e7\u00e3o com mais de tr\u00eas horas de dura\u00e7\u00e3o.<\/p>\n<h4 class=\"wp-block-heading\" id=\"servico-20\"><strong>Servi\u00e7o<\/strong><\/h4>\n<ul class=\"wp-block-list\">\n<li>Quando: domingo (06\/09)<\/li>\n<li>Hor\u00e1rio: a partir das 16h<\/li>\n<li>Local: Point RP \u2013 rua Edgar Rodrigues, 200 \u2013 Ribeir\u00e2nia<\/li>\n<li>Entrada: online \u2013 <a href=\"https:\/\/duoticket.com.br\/evento\/8483\/Encontrin-com-diPROPOSITO-no-Point?utm_source=ig&amp;utm_medium=social&amp;utm_content=link_in_bio&amp;fbclid=PAcGRvZgJleHRuA2FlbQIxMQBzcnRjBmFwcF9pZA85MzY2MTk3NDMzOTI0NTkAAaenqytSSrnI8H-zItJ89WKqwG11m1DHHXLVtUwMPF4winCVOUppEOoOsoIb_A_aem_v8mS5--mugwApsMiAfEzUg\" target=\"_blank\" data-type=\"link\" data-id=\"https:\/\/duoticket.com.br\/evento\/8483\/Encontrin-com-diPROPOSITO-no-Point?utm_source=ig&amp;utm_medium=social&amp;utm_content=link_in_bio&amp;fbclid=PAcGRvZgJleHRuA2FlbQIxMQBzcnRjBmFwcF9pZA85MzY2MTk3NDMzOTI0NTkAAaenqytSSrnI8H-zItJ89WKqwG11m1DHHXLVtUwMPF4winCVOUppEOoOsoIb_A_aem_v8mS5--mugwApsMiAfEzUg\" rel=\"noreferrer noopener\">clique aqui<\/a><\/li>\n<\/ul>\n<figure class=\"wp-block-image size-large\"><img data-recalc-dims=\"1\" loading=\"lazy\" decoding=\"async\" width=\"1024\" height=\"576\" src=\"https:\/\/i0.wp.com\/www.acidadeon.com\/ribeiraopreto\/wp-content\/uploads\/sites\/3\/2026\/09\/agenda-cultural-ribeirao-7-1024x576.jpg?resize=1024%2C576&#038;ssl=1\" alt=\"Di Prop\u00f3sito se apresenta em Ribeir\u00e3o Preto - Foto:  Foto: Ricardo Brunini \/ Divulga\u00e7\u00e3o.\" class=\"wp-image-173544\" title=\"Feriad\u00e3o em Ribeir\u00e3o Preto tem shows, festivais, exposi\u00e7\u00f5es e programa\u00e7\u00e3o para toda a fam\u00edlia 21\"><figcaption class=\"wp-element-caption\">Di Prop\u00f3sito se apresenta em Ribeir\u00e3o Preto \u2013 Foto:  Foto: Ricardo Brunini \/ Divulga\u00e7\u00e3o.<\/figcaption><\/figure>\n<h3 class=\"wp-block-heading\" id=\"concertos-usp-na-catedral\"><strong>Concertos USP na Catedral<\/strong><\/h3>\n<p>O projeto Concertos USP na Catedral recebe neste domingo (06), \u00e0s 20h, o violonista Gustavo Silveira Costa para um recital solo na Catedral Metropolitana de Ribeir\u00e3o Preto.<\/p>\n<p>A apresenta\u00e7\u00e3o re\u00fane obras de compositores brasileiros e percorre cerca de um s\u00e9culo da produ\u00e7\u00e3o musical do pa\u00eds, com entrada gratuita.<\/p>\n<p>O repert\u00f3rio inclui composi\u00e7\u00f5es e arranjos inspirados em nomes como Ernesto Nazareth, Heitor Villa-Lobos, Tom Jobim, Ant\u00f4nio Madureira e Paulo Bellinati.<\/p>\n<p>O concerto acontece ap\u00f3s a missa e integra a programa\u00e7\u00e3o mensal promovida pela USP em parceria com a Catedral Metropolitana, sob curadoria art\u00edstica de Rubens Russomanno Ricciardi.<\/p>\n<h4 class=\"wp-block-heading\" id=\"servico-21\"><strong>Servi\u00e7o<\/strong><\/h4>\n<ul class=\"wp-block-list\">\n<li>Quando: domingo (06\/09)<\/li>\n<li>Hor\u00e1rio: 20h, ap\u00f3s a missa<\/li>\n<li>Local: Catedral Metropolitana de Ribeir\u00e3o Preto<\/li>\n<li>Entrada: gratuita<\/li>\n<\/ul>\n<figure class=\"wp-block-image size-large\"><img data-recalc-dims=\"1\" loading=\"lazy\" decoding=\"async\" width=\"1024\" height=\"683\" src=\"https:\/\/i0.wp.com\/www.acidadeon.com\/ribeiraopreto\/wp-content\/uploads\/sites\/3\/2025\/09\/d86b3ae7-8d76-4449-8e0b-7a354771b4a4_2025-09-02_15-13-23-1024x683.webp?resize=1024%2C683&#038;ssl=1\" alt=\"Concerto USP acontece na Catedral de Ribeir\u00e3o Preto - Foto: Divulga\u00e7\u00e3o\" class=\"wp-image-127798\" title=\"Feriad\u00e3o em Ribeir\u00e3o Preto tem shows, festivais, exposi\u00e7\u00f5es e programa\u00e7\u00e3o para toda a fam\u00edlia 22\"><figcaption class=\"wp-element-caption\">Concerto USP acontece na Catedral de Ribeir\u00e3o Preto \u2013 Foto: Divulga\u00e7\u00e3o <\/figcaption><\/figure>\n<h3 class=\"wp-block-heading\" id=\"desfile-de-7-de-setembro\"><strong>Desfile de 7 de Setembro<\/strong><\/h3>\n<p>Ribeir\u00e3o Preto realiza nesta segunda-feira (07) o tradicional Desfile C\u00edvico de 7 de Setembro, em celebra\u00e7\u00e3o aos 204 anos da Independ\u00eancia do Brasil.<\/p>\n<p>A programa\u00e7\u00e3o come\u00e7a \u00e0s 8h, na avenida Paschoal Innecchi, e re\u00fane for\u00e7as de seguran\u00e7a, escolas, entidades sociais, grupos comunit\u00e1rios e institui\u00e7\u00f5es.<\/p>\n<p>Entre as atra\u00e7\u00f5es est\u00e3o bandas da Pol\u00edcia Militar e da APAE, o Tiro de Guerra, a Guarda Civil Metropolitana, grupos de escoteiros, institui\u00e7\u00f5es de ensino, apresenta\u00e7\u00f5es culturais e cortejos de ve\u00edculos. O evento \u00e9 aberto ao p\u00fablico e a participa\u00e7\u00e3o \u00e9 gratuita.<\/p>\n<h4 class=\"wp-block-heading\" id=\"servico-22\"><strong>Servi\u00e7o<\/strong><\/h4>\n<ul class=\"wp-block-list\">\n<li>Quando: segunda-feira (07\/09)<\/li>\n<li>Hor\u00e1rio: a partir das 8h<\/li>\n<li>Local: Avenida Paschoal Innecchi \u2013 Ribeir\u00e3o Preto<\/li>\n<li>Entrada: gratuita<\/li>\n<\/ul>\n<figure class=\"wp-block-image size-large\"><img data-recalc-dims=\"1\" loading=\"lazy\" decoding=\"async\" width=\"1024\" height=\"768\" src=\"https:\/\/i0.wp.com\/www.acidadeon.com\/ribeiraopreto\/wp-content\/uploads\/sites\/3\/2024\/09\/7-de-setembro_2024-09-07_12-22-06_jpeg_2024-09-07_12-22-06-1024x768.webp?resize=1024%2C768&#038;ssl=1\" alt=\"desfile de 7 de setembro\" class=\"wp-image-92647\" title=\"Feriad\u00e3o em Ribeir\u00e3o Preto tem shows, festivais, exposi\u00e7\u00f5es e programa\u00e7\u00e3o para toda a fam\u00edlia 23\"><figcaption class=\"wp-element-caption\">Desfile acontece na avenida Cavalheiro Paschoal Innechi (Foto: Leonardo Santos)<\/figcaption><\/figure>\n<h3 class=\"wp-block-heading\" id=\"exposicao-inspirada-em-frida-kahlo\"><strong>Exposi\u00e7\u00e3o inspirada em Frida Kahlo<\/strong><\/h3>\n<p>A exposi\u00e7\u00e3o inspirada na obra e na personalidade da pintora mexicana Frida Kahlo est\u00e1 em cartaz no Novo Ateli\u00ea \u2013 Espa\u00e7o das Artes, no Novo Shopping, em Ribeir\u00e3o Preto. Assinada pela artista Nice Forti, a mostra re\u00fane pinturas que reinterpretam elementos da trajet\u00f3ria de Frida, com refer\u00eancias a cores, flores, s\u00edmbolos e \u00e0 cultura mexicana.<\/p>\n<p>A visita\u00e7\u00e3o \u00e9 gratuita e segue 30 de setembro, diariamente, das 10h \u00e0s 22h, durante o hor\u00e1rio de funcionamento do shopping.<\/p>\n<p>As obras exploram temas como identidade, for\u00e7a, mem\u00f3ria e a rela\u00e7\u00e3o entre vida e arte, a partir do olhar contempor\u00e2neo de Nice Forti, artista que participa da cena cultural de Ribeir\u00e3o Preto.<\/p>\n<h4 class=\"wp-block-heading\" id=\"servico-23\"><strong>Servi\u00e7o<\/strong><\/h4>\n<ul class=\"wp-block-list\">\n<li>Quando: at\u00e9 quarta-feira (30\/09)<\/li>\n<li>Hor\u00e1rio: das 10h \u00e0s 22h<\/li>\n<li>Local: Novo Ateli\u00ea \u2013 Espa\u00e7o das Artes, Novo Shopping \u2013 Ribeir\u00e3o Preto<\/li>\n<li>Entrada: gratuita<\/li>\n<\/ul>\n<figure class=\"wp-block-image size-large\"><img data-recalc-dims=\"1\" loading=\"lazy\" decoding=\"async\" width=\"1024\" height=\"576\" src=\"https:\/\/i0.wp.com\/www.acidadeon.com\/ribeiraopreto\/wp-content\/uploads\/sites\/3\/2026\/09\/frida-1024x576.jpg?resize=1024%2C576&#038;ssl=1\" alt=\"Exposi\u00e7\u00e3o inspirada em Frida Kahlo chega a Ribeir\u00e3o Preto - Foto: Divulga\u00e7\u00e3o\" class=\"wp-image-173264\" title=\"Feriad\u00e3o em Ribeir\u00e3o Preto tem shows, festivais, exposi\u00e7\u00f5es e programa\u00e7\u00e3o para toda a fam\u00edlia 24\"><figcaption class=\"wp-element-caption\">Exposi\u00e7\u00e3o inspirada em Frida Kahlo chega a Ribeir\u00e3o Preto \u2013 Foto: Divulga\u00e7\u00e3o<\/figcaption><\/figure>\n<h3 class=\"wp-block-heading\" id=\"exposicao-do-chaves\"><strong>Exposi\u00e7\u00e3o do Chaves<\/strong><\/h3>\n<p>\u201cChaves: A Exposi\u00e7\u00e3o\u201d est\u00e1 em cartaz no Shopping Iguatemi Ribeir\u00e3o Preto e re\u00fane cen\u00e1rios, figurinos, roteiros e objetos relacionados ao universo do seriado.<\/p>\n<p>A mostra celebra os 40 anos de exibi\u00e7\u00e3o de \u201cChaves\u201d no Brasil e recria espa\u00e7os conhecidos pelo p\u00fablico, como a Vila, a casa do Seu Madruga, a casa da Dona Florinda e o segundo p\u00e1tio.<\/p>\n<p>A exposi\u00e7\u00e3o tamb\u00e9m apresenta ambientes que foram mencionados nos epis\u00f3dios, mas nunca apareceram na televis\u00e3o, al\u00e9m de um espa\u00e7o dedicado a Roberto G\u00f3mez Bola\u00f1os e refer\u00eancias ao personagem Chapolin Colorado.<\/p>\n<p>A visita dura cerca de uma hora, tem classifica\u00e7\u00e3o livre e os ingressos custam a partir de R$ 20.<\/p>\n<h4 class=\"wp-block-heading\" id=\"servico-24\"><strong>Servi\u00e7o<\/strong><\/h4>\n<ul class=\"wp-block-list\">\n<li>Hor\u00e1rio: ter\u00e7a a sexta, das 12h \u00e0s 20h; s\u00e1bados, das 10h \u00e0s 21h; domingos e feriados, das 12h \u00e0s 20h<\/li>\n<li>Local: Shopping Iguatemi Ribeir\u00e3o Preto \u2013 Piso Superior<\/li>\n<li>Entrada: ingressos a partir de R$ 20 \u2013 <a href=\"https:\/\/expochaves.com.br\/\" target=\"_blank\" data-type=\"link\" data-id=\"https:\/\/expochaves.com.br\/\" rel=\"noreferrer noopener\">online<\/a><\/li>\n<\/ul>\n<figure class=\"wp-block-image size-large\"><img data-recalc-dims=\"1\" loading=\"lazy\" decoding=\"async\" width=\"1024\" height=\"576\" src=\"https:\/\/i0.wp.com\/www.acidadeon.com\/ribeiraopreto\/wp-content\/uploads\/sites\/3\/2026\/08\/chaves-ribeirao-preto-1024x576.jpg?resize=1024%2C576&#038;ssl=1\" alt=\"Exposi\u00e7\u00e3o do Chaves chega a Ribeir\u00e3o Preto - Foto: V\u00edtor Neves\/ acidade on.\" class=\"wp-image-172769\" title=\"Feriad\u00e3o em Ribeir\u00e3o Preto tem shows, festivais, exposi\u00e7\u00f5es e programa\u00e7\u00e3o para toda a fam\u00edlia 25\"><figcaption class=\"wp-element-caption\">Exposi\u00e7\u00e3o do Chaves chega a Ribeir\u00e3o Preto \u2013 Foto: V\u00edtor Neves\/ acidade on.<\/figcaption><\/figure>\n<h3 class=\"wp-block-heading\" id=\"exposicao-de-vespa\"><strong>Exposi\u00e7\u00e3o de Vespa<\/strong><\/h3>\n<p>O Shopping Santa \u00darsula recebe uma exposi\u00e7\u00e3o gratuita em comemora\u00e7\u00e3o aos 80 anos da Vespa. A mostra re\u00fane scooters de diferentes \u00e9pocas e pode ser visitada neste fim de semana no Piso T\u00e9rreo do shopping, em Ribeir\u00e3o Preto.<\/p>\n<p>Entre os modelos est\u00e3o exemplares produzidos entre as d\u00e9cadas de 1950 e 1980, como a M4, de 1962, a 150 Super, de 1978, e diferentes vers\u00f5es da PX 200.<\/p>\n<h4 class=\"wp-block-heading\" id=\"servico-25\"><strong>Servi\u00e7o<\/strong><\/h4>\n<ul class=\"wp-block-list\">\n<li>Quando: prorrogada at\u00e9 o dia 20 de setembro<\/li>\n<li>Hor\u00e1rio: sexta e s\u00e1bado, das 9h \u00e0s 21h; domingo, das 14h \u00e0s 20h<\/li>\n<li>Local: Shopping Santa \u00darsula \u2013 Rua S\u00e3o Jos\u00e9, 933 \u2013 Higien\u00f3polis<\/li>\n<li>Entrada gratuita<\/li>\n<\/ul>\n<figure class=\"wp-block-image size-large\"><img data-recalc-dims=\"1\" loading=\"lazy\" decoding=\"async\" width=\"1024\" height=\"683\" src=\"https:\/\/i0.wp.com\/www.acidadeon.com\/ribeiraopreto\/wp-content\/uploads\/sites\/3\/2026\/08\/41-IMG_8828-1024x683.jpg?resize=1024%2C683&#038;ssl=1\" alt=\"Exposi\u00e7\u00e3o de vespa acontece em Ribeir\u00e3o Preto -Foto: T\u00e1bata Barbosa\" class=\"wp-image-170727\" title=\"Feriad\u00e3o em Ribeir\u00e3o Preto tem shows, festivais, exposi\u00e7\u00f5es e programa\u00e7\u00e3o para toda a fam\u00edlia 26\"><figcaption class=\"wp-element-caption\">Exposi\u00e7\u00e3o de vespa acontece em Ribeir\u00e3o Preto \u2013 Foto: T\u00e1bata Barbosa<\/figcaption><\/figure>\n<p class=\"has-text-align-center has-cyan-bluish-gray-background-color has-background\"><em>Fa\u00e7a uma den\u00fancia ou sugira uma reportagem sobre\u00a0<strong>Ribeir\u00e3o Preto\u00a0<\/strong>e regi\u00e3o por meio do WhatsApp do\u00a0<strong>acidade on Ribeir\u00e3o<\/strong>: (16) 99117-7802.<\/em><\/p>\n<\/p>\n<p>O post Feriad\u00e3o em Ribeir\u00e3o Preto tem shows, festivais, exposi\u00e7\u00f5es e programa\u00e7\u00e3o para toda a fam\u00edlia apareceu primeiro em ACidade ON Ribeir\u00e3o Preto.<\/p>\n<p><br \/>\n<br \/><a href=\"https:\/\/www.acidadeon.com\/ribeiraopreto\/lazer-e-cultura\/feriadao-em-ribeirao-preto-tem-shows-festivais-exposicoes-e-programacao-para-toda-a-familia\/\">Link para o texto original aqui <\/a><\/p>\n<!-- CONTENT END 1 -->\n","protected":false},"excerpt":{"rendered":"<p>Est\u00e1 sem ideia do que fazer em Ribeir\u00e3o Preto neste feriad\u00e3o? A cidade tem op\u00e7\u00f5es para quem quer aproveitar os dias de folga. A programa\u00e7\u00e3o&#8230;<\/p>\n","protected":false},"author":1,"featured_media":91082,"comment_status":"","ping_status":"","sticky":false,"template":"","format":"standard","meta":{"advanced_seo_description":"","jetpack_seo_html_title":"","jetpack_seo_noindex":false,"jetpack_seo_schema_type":"","_jetpack_newsletter_access":"","_jetpack_dont_email_post_to_subs":false,"_jetpack_newsletter_tier_id":0,"_jetpack_memberships_contains_paywalled_content":false,"_jetpack_feature_clip_id":0,"_jetpack_memberships_contains_paid_content":false,"footnotes":"","jetpack_publicize_message":"","jetpack_publicize_feature_enabled":true,"jetpack_social_post_already_shared":true,"jetpack_social_options":{"image_generator_settings":{"template":"highway","default_image_id":0,"font":"","enabled":false},"version":2},"jetpack_post_was_ever_published":false},"categories":[11],"tags":[8928,73,4201,1989,71,27,70,26,6456,1692,162,72],"class_list":["post-91081","post","type-post","status-publish","format-standard","has-post-thumbnail","hentry","category-noticias-de-ribeirao-preto-sp-e-regiao-ismael-colosi","tag-exposicoes","tag-familia","tag-feriadao","tag-festivais","tag-para","tag-preto","tag-programacao","tag-ribeirao","tag-ribeirao-preto","tag-shows","tag-tem","tag-toda"],"jetpack_publicize_connections":[],"jetpack-related-posts":[{"id":64189,"url":"https:\/\/noticiasribeiraopreto.com.br\/index.php\/2025\/03\/04\/ribeiraoshopping-e-shoppingsantaursula-tem-programacao-e-horarios-especiais-nesta-terca-feira-4\/","url_meta":{"origin":91081,"position":0},"title":"Ribeir\u00e3oShopping e ShoppingSanta\u00darsula t\u00eam programa\u00e7\u00e3o e hor\u00e1rios especiais nesta ter\u00e7a-feira, 4","author":"noticiasribeiraopreto.com.br","date":"4 de March de 2025","format":false,"excerpt":"O Ribeir\u00e3oShopping e ShoppingSanta\u00darsula oferecem uma programa\u00e7\u00e3o especial para a fam\u00edlia e pets nesta ter\u00e7a-feira de Carnaval, dia 4 de mar\u00e7o. As atividades s\u00e3o gratuitas e para participar os interessados devem baixar o app Multi e seguir as orienta\u00e7\u00f5es para se inscrever, por meio de resgate ou troca de pontos.\u2026","rel":"","context":"In &quot;Not\u00edcias de Ribeir\u00e3o Preto-SP e Regi\u00e3o&quot;","block_context":{"text":"Not\u00edcias de Ribeir\u00e3o Preto-SP e Regi\u00e3o","link":"https:\/\/noticiasribeiraopreto.com.br\/index.php\/category\/noticias-de-ribeirao-preto-sp-e-regiao-ismael-colosi\/"},"img":{"alt_text":"","src":"https:\/\/i0.wp.com\/noticiasribeiraopreto.com.br\/wp-content\/uploads\/2025\/03\/WhatsApp-Image-2025-03-04-at-12.09.26.jpeg?fit=800%2C533&ssl=1&resize=350%2C200","width":350,"height":200,"srcset":"https:\/\/i0.wp.com\/noticiasribeiraopreto.com.br\/wp-content\/uploads\/2025\/03\/WhatsApp-Image-2025-03-04-at-12.09.26.jpeg?fit=800%2C533&ssl=1&resize=350%2C200 1x, https:\/\/i0.wp.com\/noticiasribeiraopreto.com.br\/wp-content\/uploads\/2025\/03\/WhatsApp-Image-2025-03-04-at-12.09.26.jpeg?fit=800%2C533&ssl=1&resize=525%2C300 1.5x, https:\/\/i0.wp.com\/noticiasribeiraopreto.com.br\/wp-content\/uploads\/2025\/03\/WhatsApp-Image-2025-03-04-at-12.09.26.jpeg?fit=800%2C533&ssl=1&resize=700%2C400 2x"},"classes":[]},{"id":63968,"url":"https:\/\/noticiasribeiraopreto.com.br\/index.php\/2025\/02\/26\/shoppings-de-ribeirao-preto-tem-programacao-especial-de-carnaval-confira\/","url_meta":{"origin":91081,"position":1},"title":"Shoppings de Ribeir\u00e3o Preto t\u00eam programa\u00e7\u00e3o especial de Carnaval; Confira","author":"noticiasribeiraopreto.com.br","date":"26 de February de 2025","format":false,"excerpt":"Faltando poucos dias para o Carnaval, os centros comerciais de Ribeir\u00e3o Preto e regi\u00e3o divulgaram suas programa\u00e7\u00f5es para comemorar a data. Entre as atividades culturais oferecidas est\u00e3o: \u201cpequeno trio el\u00e9trico\u201d, bailinhos com DJ, pinturas faciais, oficinas tem\u00e1ticas e mais. Confira a programa\u00e7\u00e3o: Ribeir\u00e3o Shopping A programa\u00e7\u00e3o especial de Carnaval, contar\u00e1\u2026","rel":"","context":"In &quot;Not\u00edcias de Ribeir\u00e3o Preto-SP e Regi\u00e3o&quot;","block_context":{"text":"Not\u00edcias de Ribeir\u00e3o Preto-SP e Regi\u00e3o","link":"https:\/\/noticiasribeiraopreto.com.br\/index.php\/category\/noticias-de-ribeirao-preto-sp-e-regiao-ismael-colosi\/"},"img":{"alt_text":"","src":"https:\/\/i0.wp.com\/noticiasribeiraopreto.com.br\/wp-content\/uploads\/2025\/02\/1-3.jpg?fit=1200%2C675&ssl=1&resize=350%2C200","width":350,"height":200,"srcset":"https:\/\/i0.wp.com\/noticiasribeiraopreto.com.br\/wp-content\/uploads\/2025\/02\/1-3.jpg?fit=1200%2C675&ssl=1&resize=350%2C200 1x, https:\/\/i0.wp.com\/noticiasribeiraopreto.com.br\/wp-content\/uploads\/2025\/02\/1-3.jpg?fit=1200%2C675&ssl=1&resize=525%2C300 1.5x, https:\/\/i0.wp.com\/noticiasribeiraopreto.com.br\/wp-content\/uploads\/2025\/02\/1-3.jpg?fit=1200%2C675&ssl=1&resize=700%2C400 2x, https:\/\/i0.wp.com\/noticiasribeiraopreto.com.br\/wp-content\/uploads\/2025\/02\/1-3.jpg?fit=1200%2C675&ssl=1&resize=1050%2C600 3x"},"classes":[]},{"id":60452,"url":"https:\/\/noticiasribeiraopreto.com.br\/index.php\/2024\/11\/14\/feriadao-veja-os-melhores-horarios-para-pegar-a-estrada-na-regiao-de-ribeirao-preto\/","url_meta":{"origin":91081,"position":2},"title":"Feriad\u00e3o: Veja os melhores hor\u00e1rios para pegar a estrada na regi\u00e3o de Ribeir\u00e3o Preto","author":"noticiasribeiraopreto.com.br","date":"14 de November de 2024","format":false,"excerpt":"Quase 1,5 milh\u00e3o de ve\u00edculos devem passar pelas rodovias da regi\u00e3o de Ribeir\u00e3o Preto no feriad\u00e3o da Proclama\u00e7\u00e3o da Rep\u00fablica \u2013 entre 15 e 18 de novembro. De acordo com a Arteris ViaPaulista, uma das concession\u00e1rias que administram rodovias na regi\u00e3o, o dia de maior movimento ser\u00e1 nesta quinta-feira (14).\u2026","rel":"","context":"In &quot;Not\u00edcias de Ribeir\u00e3o Preto-SP e Regi\u00e3o&quot;","block_context":{"text":"Not\u00edcias de Ribeir\u00e3o Preto-SP e Regi\u00e3o","link":"https:\/\/noticiasribeiraopreto.com.br\/index.php\/category\/noticias-de-ribeirao-preto-sp-e-regiao-ismael-colosi\/"},"img":{"alt_text":"","src":"https:\/\/i0.wp.com\/noticiasribeiraopreto.com.br\/wp-content\/uploads\/2024\/09\/trevao-ribeirao-preto_2024-09-12_17-08-13_jpeg_2024-09-12_17-08-13.webp.webp?fit=1200%2C652&ssl=1&resize=350%2C200","width":350,"height":200,"srcset":"https:\/\/i0.wp.com\/noticiasribeiraopreto.com.br\/wp-content\/uploads\/2024\/09\/trevao-ribeirao-preto_2024-09-12_17-08-13_jpeg_2024-09-12_17-08-13.webp.webp?fit=1200%2C652&ssl=1&resize=350%2C200 1x, https:\/\/i0.wp.com\/noticiasribeiraopreto.com.br\/wp-content\/uploads\/2024\/09\/trevao-ribeirao-preto_2024-09-12_17-08-13_jpeg_2024-09-12_17-08-13.webp.webp?fit=1200%2C652&ssl=1&resize=525%2C300 1.5x, https:\/\/i0.wp.com\/noticiasribeiraopreto.com.br\/wp-content\/uploads\/2024\/09\/trevao-ribeirao-preto_2024-09-12_17-08-13_jpeg_2024-09-12_17-08-13.webp.webp?fit=1200%2C652&ssl=1&resize=700%2C400 2x, https:\/\/i0.wp.com\/noticiasribeiraopreto.com.br\/wp-content\/uploads\/2024\/09\/trevao-ribeirao-preto_2024-09-12_17-08-13_jpeg_2024-09-12_17-08-13.webp.webp?fit=1200%2C652&ssl=1&resize=1050%2C600 3x"},"classes":[]},{"id":67932,"url":"https:\/\/noticiasribeiraopreto.com.br\/index.php\/2025\/04\/20\/nao-sabe-o-que-fazer-no-feriadao-confira-opcoes-de-cachoeiras-na-regiao-de-ribeirao\/","url_meta":{"origin":91081,"position":3},"title":"N\u00e3o sabe o que fazer no feriad\u00e3o? Confira op\u00e7\u00f5es de cachoeiras na regi\u00e3o de Ribeir\u00e3o","author":"noticiasribeiraopreto.com.br","date":"20 de April de 2025","format":false,"excerpt":"O feriado de Tiradentes \u00e9 celebrado nesta segunda-feira (21) e se voc\u00ea busca uma op\u00e7\u00e3o de contato com a natureza na regi\u00e3o de Ribeir\u00e3o Preto, a reportagem do acidade on preparou um roteiro com cinco cachoeiras acess\u00edveis para \u201cbate-volta\u201d ou passeios aos finais de semana. >>>FIQUE POR DENTRO: Feriad\u00e3o: veja\u2026","rel":"","context":"In &quot;Not\u00edcias de Ribeir\u00e3o Preto-SP e Regi\u00e3o&quot;","block_context":{"text":"Not\u00edcias de Ribeir\u00e3o Preto-SP e Regi\u00e3o","link":"https:\/\/noticiasribeiraopreto.com.br\/index.php\/category\/noticias-de-ribeirao-preto-sp-e-regiao-ismael-colosi\/"},"img":{"alt_text":"","src":"https:\/\/i0.wp.com\/noticiasribeiraopreto.com.br\/wp-content\/uploads\/2025\/04\/Copia-de-Copia-de-Copia-de-TAMANHO-EXATO-PARA-FOTOS-NO-SISTEMA-NOVO-2025-04-20T163258.743_2025-04-20_19-33-04.webp.webp?fit=1200%2C675&ssl=1&resize=350%2C200","width":350,"height":200,"srcset":"https:\/\/i0.wp.com\/noticiasribeiraopreto.com.br\/wp-content\/uploads\/2025\/04\/Copia-de-Copia-de-Copia-de-TAMANHO-EXATO-PARA-FOTOS-NO-SISTEMA-NOVO-2025-04-20T163258.743_2025-04-20_19-33-04.webp.webp?fit=1200%2C675&ssl=1&resize=350%2C200 1x, https:\/\/i0.wp.com\/noticiasribeiraopreto.com.br\/wp-content\/uploads\/2025\/04\/Copia-de-Copia-de-Copia-de-TAMANHO-EXATO-PARA-FOTOS-NO-SISTEMA-NOVO-2025-04-20T163258.743_2025-04-20_19-33-04.webp.webp?fit=1200%2C675&ssl=1&resize=525%2C300 1.5x, https:\/\/i0.wp.com\/noticiasribeiraopreto.com.br\/wp-content\/uploads\/2025\/04\/Copia-de-Copia-de-Copia-de-TAMANHO-EXATO-PARA-FOTOS-NO-SISTEMA-NOVO-2025-04-20T163258.743_2025-04-20_19-33-04.webp.webp?fit=1200%2C675&ssl=1&resize=700%2C400 2x, https:\/\/i0.wp.com\/noticiasribeiraopreto.com.br\/wp-content\/uploads\/2025\/04\/Copia-de-Copia-de-Copia-de-TAMANHO-EXATO-PARA-FOTOS-NO-SISTEMA-NOVO-2025-04-20T163258.743_2025-04-20_19-33-04.webp.webp?fit=1200%2C675&ssl=1&resize=1050%2C600 3x"},"classes":[]},{"id":52431,"url":"https:\/\/noticiasribeiraopreto.com.br\/index.php\/2024\/06\/07\/joao-rock-rodeios-e-feira-de-adocao-veja-a-programacao-do-fim-de-semana-em-ribeirao-e-regiao\/","url_meta":{"origin":91081,"position":4},"title":"Jo\u00e3o Rock, rodeios e feira de ado\u00e7\u00e3o: Veja a programa\u00e7\u00e3o do fim de semana em Ribeir\u00e3o e regi\u00e3o","author":"noticiasribeiraopreto.com.br","date":"7 de June de 2024","format":false,"excerpt":"Ribeir\u00e3o Preto e regi\u00e3o contam com uma programa\u00e7\u00e3o especial para todos os gostos neste fim de semana. Entre os destaques, est\u00e3o: Jo\u00e3o Rock, Minaz Rock, feira de ado\u00e7\u00e3o de animais e dois rodeios. Confira a agenda cultural completa: Jo\u00e3o Rock Um dos maiores festivais de m\u00fasica do pa\u00eds acontece neste\u2026","rel":"","context":"In &quot;Not\u00edcias de Ribeir\u00e3o Preto-SP e Regi\u00e3o&quot;","block_context":{"text":"Not\u00edcias de Ribeir\u00e3o Preto-SP e Regi\u00e3o","link":"https:\/\/noticiasribeiraopreto.com.br\/index.php\/category\/noticias-de-ribeirao-preto-sp-e-regiao-ismael-colosi\/"},"img":{"alt_text":"","src":"https:\/\/i0.wp.com\/noticiasribeiraopreto.com.br\/wp-content\/uploads\/2024\/06\/Copia-de-Copia-de-TAMANHO-EXATO-PARA-FOTOS-NO-SISTEMA-NOVO-7_2024-06-07_14-03-08_jpg_2024-06-07_14-03-08.webp.webp?fit=1200%2C675&ssl=1&resize=350%2C200","width":350,"height":200,"srcset":"https:\/\/i0.wp.com\/noticiasribeiraopreto.com.br\/wp-content\/uploads\/2024\/06\/Copia-de-Copia-de-TAMANHO-EXATO-PARA-FOTOS-NO-SISTEMA-NOVO-7_2024-06-07_14-03-08_jpg_2024-06-07_14-03-08.webp.webp?fit=1200%2C675&ssl=1&resize=350%2C200 1x, https:\/\/i0.wp.com\/noticiasribeiraopreto.com.br\/wp-content\/uploads\/2024\/06\/Copia-de-Copia-de-TAMANHO-EXATO-PARA-FOTOS-NO-SISTEMA-NOVO-7_2024-06-07_14-03-08_jpg_2024-06-07_14-03-08.webp.webp?fit=1200%2C675&ssl=1&resize=525%2C300 1.5x, https:\/\/i0.wp.com\/noticiasribeiraopreto.com.br\/wp-content\/uploads\/2024\/06\/Copia-de-Copia-de-TAMANHO-EXATO-PARA-FOTOS-NO-SISTEMA-NOVO-7_2024-06-07_14-03-08_jpg_2024-06-07_14-03-08.webp.webp?fit=1200%2C675&ssl=1&resize=700%2C400 2x, https:\/\/i0.wp.com\/noticiasribeiraopreto.com.br\/wp-content\/uploads\/2024\/06\/Copia-de-Copia-de-TAMANHO-EXATO-PARA-FOTOS-NO-SISTEMA-NOVO-7_2024-06-07_14-03-08_jpg_2024-06-07_14-03-08.webp.webp?fit=1200%2C675&ssl=1&resize=1050%2C600 3x"},"classes":[]},{"id":87886,"url":"https:\/\/noticiasribeiraopreto.com.br\/index.php\/2026\/07\/10\/ferias-em-ribeirao-preto-veja-o-que-fazer-nos-shoppings-durante-o-recesso-escolar\/","url_meta":{"origin":91081,"position":5},"title":"F\u00e9rias em Ribeir\u00e3o Preto: veja o que fazer nos shoppings durante o recesso escolar","author":"noticiasribeiraopreto.com.br","date":"10 de July de 2026","format":false,"excerpt":"Com as f\u00e9rias escolares de julho, os shoppings de Ribeir\u00e3o Preto prepararam uma programa\u00e7\u00e3o com op\u00e7\u00f5es de lazer para crian\u00e7as, adolescentes e fam\u00edlias. Entre as atra\u00e7\u00f5es est\u00e3o atividades gratuitas, exposi\u00e7\u00f5es, espa\u00e7os de brincadeiras, cinema e experi\u00eancias tem\u00e1ticas. Abaixo, confira a programa\u00e7\u00e3o divulga pelos estabelecimentos. Leia a reportagem completa ou clique\u2026","rel":"","context":"In &quot;Not\u00edcias de Ribeir\u00e3o Preto-SP e Regi\u00e3o&quot;","block_context":{"text":"Not\u00edcias de Ribeir\u00e3o Preto-SP e Regi\u00e3o","link":"https:\/\/noticiasribeiraopreto.com.br\/index.php\/category\/noticias-de-ribeirao-preto-sp-e-regiao-ismael-colosi\/"},"img":{"alt_text":"","src":"https:\/\/i0.wp.com\/noticiasribeiraopreto.com.br\/wp-content\/uploads\/2026\/07\/mirage-circus-7_2026-07-10_18-26-57.webp.webp?fit=1200%2C675&ssl=1&resize=350%2C200","width":350,"height":200,"srcset":"https:\/\/i0.wp.com\/noticiasribeiraopreto.com.br\/wp-content\/uploads\/2026\/07\/mirage-circus-7_2026-07-10_18-26-57.webp.webp?fit=1200%2C675&ssl=1&resize=350%2C200 1x, https:\/\/i0.wp.com\/noticiasribeiraopreto.com.br\/wp-content\/uploads\/2026\/07\/mirage-circus-7_2026-07-10_18-26-57.webp.webp?fit=1200%2C675&ssl=1&resize=525%2C300 1.5x, https:\/\/i0.wp.com\/noticiasribeiraopreto.com.br\/wp-content\/uploads\/2026\/07\/mirage-circus-7_2026-07-10_18-26-57.webp.webp?fit=1200%2C675&ssl=1&resize=700%2C400 2x, https:\/\/i0.wp.com\/noticiasribeiraopreto.com.br\/wp-content\/uploads\/2026\/07\/mirage-circus-7_2026-07-10_18-26-57.webp.webp?fit=1200%2C675&ssl=1&resize=1050%2C600 3x"},"classes":[]}],"jetpack_sharing_enabled":true,"jetpack_shortlink":"https:\/\/wp.me\/peQAOb-nH3","jetpack_featured_media_url":"https:\/\/i0.wp.com\/noticiasribeiraopreto.com.br\/wp-content\/uploads\/2026\/09\/roubo-idosa-ribeirao-preto-6.jpg?fit=1200%2C675&ssl=1","_links":{"self":[{"href":"https:\/\/noticiasribeiraopreto.com.br\/index.php\/wp-json\/wp\/v2\/posts\/91081","targetHints":{"allow":["GET"]}}],"collection":[{"href":"https:\/\/noticiasribeiraopreto.com.br\/index.php\/wp-json\/wp\/v2\/posts"}],"about":[{"href":"https:\/\/noticiasribeiraopreto.com.br\/index.php\/wp-json\/wp\/v2\/types\/post"}],"author":[{"embeddable":true,"href":"https:\/\/noticiasribeiraopreto.com.br\/index.php\/wp-json\/wp\/v2\/users\/1"}],"replies":[{"embeddable":true,"href":"https:\/\/noticiasribeiraopreto.com.br\/index.php\/wp-json\/wp\/v2\/comments?post=91081"}],"version-history":[{"count":0,"href":"https:\/\/noticiasribeiraopreto.com.br\/index.php\/wp-json\/wp\/v2\/posts\/91081\/revisions"}],"wp:featuredmedia":[{"embeddable":true,"href":"https:\/\/noticiasribeiraopreto.com.br\/index.php\/wp-json\/wp\/v2\/media\/91082"}],"wp:attachment":[{"href":"https:\/\/noticiasribeiraopreto.com.br\/index.php\/wp-json\/wp\/v2\/media?parent=91081"}],"wp:term":[{"taxonomy":"category","embeddable":true,"href":"https:\/\/noticiasribeiraopreto.com.br\/index.php\/wp-json\/wp\/v2\/categories?post=91081"},{"taxonomy":"post_tag","embeddable":true,"href":"https:\/\/noticiasribeiraopreto.com.br\/index.php\/wp-json\/wp\/v2\/tags?post=91081"}],"curies":[{"name":"wp","href":"https:\/\/api.w.org\/{rel}","templated":true}]}}