{"id":91084,"date":"2026-09-04T09:52:33","date_gmt":"2026-09-04T12:52:33","guid":{"rendered":"https:\/\/noticiasribeiraopreto.com.br\/index.php\/2026\/09\/04\/ninguem-deve-ser-poupado-diz-augusto-cury-sobre-ministros-do-stf-durante-agenda-em-ribeirao-preto\/"},"modified":"2026-09-04T09:52:33","modified_gmt":"2026-09-04T12:52:33","slug":"ninguem-deve-ser-poupado-diz-augusto-cury-sobre-ministros-do-stf-durante-agenda-em-ribeirao-preto","status":"publish","type":"post","link":"https:\/\/noticiasribeiraopreto.com.br\/index.php\/2026\/09\/04\/ninguem-deve-ser-poupado-diz-augusto-cury-sobre-ministros-do-stf-durante-agenda-em-ribeirao-preto\/","title":{"rendered":"\u2018Ningu\u00e9m deve ser poupado\u2019, diz Augusto Cury sobre ministros do STF durante agenda em Ribeir\u00e3o Preto"},"content":{"rendered":"<div class='code-block code-block-1' style='margin: 8px 0 8px auto; text-align: right; display: block; clear: both;'>\n<p><a href=\"https:\/\/wa.link\/vpicfd\"><img data-recalc-dims=\"1\" class=\"wp-image-4922\" style=\"aspect-ratio: 2.0253164556962027; width: 561px; height: auto;\" src=\"https:\/\/i0.wp.com\/ismaelcolosi.com.br\/wp-content\/uploads\/2023\/11\/grupo-de-empregos-whatsapp-e-facebook-ismael-colosi-vagas.jpg?ssl=1\" alt=\"\" \/><\/a><\/p>\n<!-- \/wp:image -->\n<\/div>\n<p> <br \/>\n<\/p>\n<p>Terceiro colocado nas mais recentes pesquisas de inten\u00e7\u00e3o de voto, o candidato \u00e0 Presid\u00eancia da Rep\u00fablica nas Elei\u00e7\u00f5es 2026 <strong>Augusto Cury (Avante) <\/strong>participou de agenda em Ribeir\u00e3o Preto nesta quinta-feira (3). O escritor criticou o cen\u00e1rio de polariza\u00e7\u00e3o pol\u00edtica no<strong> STF (Supremo Tribunal Federal)<\/strong>.<\/p>\n<p class=\"has-cyan-bluish-gray-background-color has-background\"><em>Receba not\u00edcias do\u00a0<strong>acidade on Ribeir\u00e3o\u00a0<\/strong>no WhatsApp e fique por dentro de tudo! Basta acessar o link<a href=\"https:\/\/chat.whatsapp.com\/DfXwcjKVIddHUT3BvnQuPZ?mode=hqctshi\" target=\"_blank\" rel=\"noreferrer noopener\">\u00a0aqui<\/a>!<\/em><\/p>\n<p>Em evento realizado em uma igreja na zona Leste, o candidato, que mora em Ribeir\u00e3o Preto, disse que os ministros do Supremo devem dar \u201cexemplo de honestidade \u00e0 sociedade\u201d. Cury ainda falou sobre a perda de credibilidade das institui\u00e7\u00f5es p\u00fablicas.<\/p>\n<p><strong>Leia mais:<\/strong><br \/>Feriad\u00e3o em Ribeir\u00e3o Preto tem shows, festivais, exposi\u00e7\u00f5es e programa\u00e7\u00e3o para toda a fam\u00edlia<\/p>\n<blockquote class=\"wp-block-quote is-layout-flow wp-block-quote-is-layout-flow\">\n<p>\u201cToda pessoa que tem um cargo p\u00fablico \u00e9 um empregado do contribuinte e da sociedade e tem que provar ser inocente. E, se n\u00e3o provar, tem que ser culpado e levado \u00e0s barras da Justi\u00e7a at\u00e9 as \u00faltimas consequ\u00eancias. Eu sempre dei treinamento para a Associa\u00e7\u00e3o de Magistrados do Brasil, inclusive para o Minist\u00e9rio P\u00fablico, e gratuitamente fiz h\u00e1 muito tempo, eu tenho feito isso, e ningu\u00e9m deve ser isento, ningu\u00e9m deve ser poupado\u201d, disse.<\/p>\n<\/blockquote>\n<p>O candidato classifica a atual crise no STF como \u201cdramaticamente triste\u201d. O escritor ainda enfatizou a quebra de confian\u00e7a da popula\u00e7\u00e3o nos \u00f3rg\u00e3os de Estado e sustentou que ocupantes de cargos p\u00fablicos devem prestar contas com rigor absoluto.<\/p>\n<p class=\"has-cyan-bluish-gray-background-color has-background\"><em>Fa\u00e7a uma den\u00fancia ou sugira uma reportagem sobre\u00a0<strong>Ribeir\u00e3o Preto\u00a0<\/strong>e regi\u00e3o por meio do WhatsApp do\u00a0<strong>acidade on Ribeir\u00e3o<\/strong>: (16) 99117-7802.<\/em><\/p>\n<h2 class=\"wp-block-heading\"><strong>Ficou sabendo?<\/strong><\/h2>\n<h3 class=\"wp-block-heading\"><strong>Pesquisa Datafolha: Lula tem 38% e Fl\u00e1vio Bolsonaro 33% no 1\u00ba turno; Cury chega a 8%<\/strong><\/h3>\n<figure class=\"wp-block-image size-large\"><figcaption class=\"wp-element-caption\">Lula e Fl\u00e1vio Bolsonaro lideram pesquisa eleitoral (Foto: Marina Ramos \/ C\u00e2mara dos Deputados\/Carlos Moura\/Ag\u00eancia Senado)<\/figcaption><\/figure>\n<p>Uma nova pesquisa Datafolha divulgada nesta quinta-feira (3) mostra o<strong>\u00a0presidente Lula (PT)<\/strong>\u00a0na lideran\u00e7a da corrida presidencial, com\u00a0<strong>38% das inten\u00e7\u00f5es de voto no primeiro turno. Fl\u00e1vio Bolsonaro (PL)\u00a0<\/strong>aparece em\u00a0<strong>segundo lugar<\/strong>, com\u00a0<strong>33%.<\/strong><\/p>\n<p>O destaque do levantamento \u00e9 a ascens\u00e3o de<strong>\u00a0Augusto Cury (Avante)<\/strong>, que subiu seis pontos em rela\u00e7\u00e3o \u00e0 pesquisa anterior e isolou-se no terceiro lugar, agora com<strong>\u00a08%<\/strong>. Em seguida v\u00eam\u00a0<strong>Ronaldo Caiado (PSD)<\/strong>, com<strong>\u00a04%<\/strong>;\u00a0<strong>Renan Santos (Miss\u00e3o)<\/strong>, com\u00a0<strong>3%<\/strong>;\u00a0<strong>Romeu Zema (Novo)<\/strong>, com\u00a0<strong>2%<\/strong>; e<strong>\u00a0Samara (UP)<\/strong>\u00a0e\u00a0<strong>Edmilson Costa (PCB)<\/strong>, com\u00a0<strong>1%<\/strong>\u00a0cada. Os demais candidatos n\u00e3o pontuaram.<\/p>\n<h3 class=\"wp-block-heading\"><strong>Segundo turno tem empate t\u00e9cnico<\/strong><\/h3>\n<p>Em um eventual segundo turno entre Lula e Fl\u00e1vio Bolsonaro, o presidente aparece \u00e0 frente por 46% a 44% \u2014 uma diferen\u00e7a dentro da margem de erro, configurando um empate t\u00e9cnico.<\/p>\n<p>Compara\u00e7\u00e3o com pesquisa anterior<\/p>\n<p>Na rodada anterior, feita h\u00e1 duas semanas, Lula tinha 39% e Fl\u00e1vio Bolsonaro, 33%. Caiado marcava 5%, Renan Santos, 4%, Zema, 3%, e Cury, apenas 2% \u2014 o que refor\u00e7a o salto do candidato do Avante nesta nova pesquisa.<\/p>\n<p>Nos cen\u00e1rios de segundo turno simulados naquele levantamento anterior, Lula venceria Caiado por 47% a 40%, o candidato do Novo por 48% a 38%, e o do Miss\u00e3o por 47% a 37%.<\/p>\n<h2 class=\"wp-block-heading\"><strong>Ficha t\u00e9cnica<\/strong><\/h2>\n<p>A pesquisa Datafolha ouviu 2.002 eleitores em 125 cidades brasileiras, nos dias 1\u00ba e 2 de setembro. A margem de erro \u00e9 de dois pontos percentuais, para mais ou para menos. O levantamento foi contratado pela TV Globo e pela Folha de S.Paulo e est\u00e1 registrado no TSE sob o c\u00f3digo BR-03669\/2026.<\/p>\n<figure class=\"wp-block-gallery has-nested-images columns-default is-cropped wp-block-gallery-1 is-layout-flex wp-block-gallery-is-layout-flex\">\n<figure class=\"wp-block-image size-large\"><img data-recalc-dims=\"1\" loading=\"lazy\" decoding=\"async\" width=\"768\" height=\"576\" data-id=\"173038\" src=\"https:\/\/i0.wp.com\/www.acidadeon.com\/ribeiraopreto\/wp-content\/uploads\/sites\/3\/2026\/08\/lula.webp?resize=768%2C576&#038;ssl=1\" alt=\"lula\" class=\"wp-image-173038\" title=\"&apos;Ningu\u00e9m deve ser poupado&apos;, diz Augusto Cury sobre ministros do STF durante agenda em Ribeir\u00e3o Preto 2\"><figcaption class=\"wp-element-caption\">Lula (Foto: Ricardo Stuckert)<\/figcaption><\/figure>\n<figure class=\"wp-block-image size-large\"><img data-recalc-dims=\"1\" loading=\"lazy\" decoding=\"async\" width=\"1024\" height=\"683\" data-id=\"173037\" src=\"https:\/\/i0.wp.com\/www.acidadeon.com\/ribeiraopreto\/wp-content\/uploads\/sites\/3\/2026\/08\/flavio-bolsonaro-1024x683.jpg?resize=1024%2C683&#038;ssl=1\" alt=\"flavio bolsonaro\" class=\"wp-image-173037\" title=\"&apos;Ningu\u00e9m deve ser poupado&apos;, diz Augusto Cury sobre ministros do STF durante agenda em Ribeir\u00e3o Preto 3\"><figcaption class=\"wp-element-caption\">Fl\u00e1vio Bolsonaro (Foto: Geraldo Magela\/Ag\u00eancia Senado)<\/figcaption><\/figure>\n<figure class=\"wp-block-image size-large\"><img data-recalc-dims=\"1\" loading=\"lazy\" decoding=\"async\" width=\"1024\" height=\"768\" data-id=\"153984\" src=\"https:\/\/i0.wp.com\/www.acidadeon.com\/ribeiraopreto\/wp-content\/uploads\/sites\/3\/2026\/04\/WhatsApp-Image-2026-04-29-at-11.40.08_2026-04-29_15-48-38-1024x768.webp?resize=1024%2C768&#038;ssl=1\" alt=\"Ronaldo Caiado\" class=\"wp-image-153984\" title=\"&apos;Ningu\u00e9m deve ser poupado&apos;, diz Augusto Cury sobre ministros do STF durante agenda em Ribeir\u00e3o Preto 4\"><figcaption class=\"wp-element-caption\">O pr\u00e9-candidato \u00e0 Presid\u00eancia Ronaldo Caiado (PSD) \u2013 Foto: Ricardo Canaveze<\/figcaption><\/figure>\n<figure class=\"wp-block-image size-large\"><img data-recalc-dims=\"1\" loading=\"lazy\" decoding=\"async\" width=\"1024\" height=\"541\" data-id=\"150008\" src=\"https:\/\/i0.wp.com\/www.acidadeon.com\/ribeiraopreto\/wp-content\/uploads\/sites\/3\/2026\/03\/zema_2026-03-25_20-42-42-1024x541.webp?resize=1024%2C541&#038;ssl=1\" alt=\"zema 2026 03 25 20 42 42\" class=\"wp-image-150008\" title=\"&apos;Ningu\u00e9m deve ser poupado&apos;, diz Augusto Cury sobre ministros do STF durante agenda em Ribeir\u00e3o Preto 5\"><figcaption class=\"wp-element-caption\">Romeu Zema esteve em Ribeir\u00e3o Preto nesta quarta-feira (25) (Foto: reprodu\u00e7\u00e3o\/EPTV)<\/figcaption><\/figure>\n<figure class=\"wp-block-image size-large\"><img data-recalc-dims=\"1\" loading=\"lazy\" decoding=\"async\" width=\"1024\" height=\"681\" data-id=\"172903\" src=\"https:\/\/i0.wp.com\/www.acidadeon.com\/ribeiraopreto\/wp-content\/uploads\/sites\/3\/2026\/08\/escritor-augusto-cury-1024x681.jpeg?resize=1024%2C681&#038;ssl=1\" alt=\"augusto cury\" class=\"wp-image-172903\" title=\"&apos;Ningu\u00e9m deve ser poupado&apos;, diz Augusto Cury sobre ministros do STF durante agenda em Ribeir\u00e3o Preto 6\"><figcaption class=\"wp-element-caption\">Augusto Cury visitou a Festa do Pe\u00e3o de Barretos na sexta-feira (Foto: Guilherme Soares)<\/figcaption><\/figure>\n<figure class=\"wp-block-image size-large\"><img data-recalc-dims=\"1\" loading=\"lazy\" decoding=\"async\" width=\"1024\" height=\"576\" data-id=\"173170\" src=\"https:\/\/i0.wp.com\/www.acidadeon.com\/ribeiraopreto\/wp-content\/uploads\/sites\/3\/2026\/09\/eleicoes-2026-pesquisas-1-1024x576.jpg?resize=1024%2C576&#038;ssl=1\" alt=\"Renan Santos (Miss\u00e3o), candidato a presidente do Brasil - Foto: S\u00e9rgio Lima\/Novo Selo\" class=\"wp-image-173170\" title=\"&apos;Ningu\u00e9m deve ser poupado&apos;, diz Augusto Cury sobre ministros do STF durante agenda em Ribeir\u00e3o Preto 7\"><figcaption class=\"wp-element-caption\">Renan Santos (Miss\u00e3o), candidato a presidente do Brasil \u2013 Foto: S\u00e9rgio Lima\/Novo Selo<\/figcaption><\/figure>\n<\/figure>\n<p><strong><br \/><\/strong><\/p>\n<p>O post \u2018Ningu\u00e9m deve ser poupado\u2019, diz Augusto Cury sobre ministros do STF durante agenda em Ribeir\u00e3o Preto apareceu primeiro em ACidade ON Ribeir\u00e3o Preto.<\/p>\n<p><br \/>\n<br \/><a href=\"https:\/\/www.acidadeon.com\/ribeiraopreto\/politica\/eleicoes\/ninguem-deve-ser-poupado-diz-augusto-cury-sobre-ministros-do-stf-durante-agenda-em-ribeirao-preto\/\">Link para o texto original aqui <\/a><\/p>\n<!-- CONTENT END 1 -->\n","protected":false},"excerpt":{"rendered":"<p>Terceiro colocado nas mais recentes pesquisas de inten\u00e7\u00e3o de voto, o candidato \u00e0 Presid\u00eancia da Rep\u00fablica nas Elei\u00e7\u00f5es 2026 Augusto Cury (Avante) participou de agenda&#8230;<\/p>\n","protected":false},"author":1,"featured_media":91085,"comment_status":"","ping_status":"","sticky":false,"template":"","format":"standard","meta":{"advanced_seo_description":"","jetpack_seo_html_title":"","jetpack_seo_noindex":false,"jetpack_seo_schema_type":"","_jetpack_newsletter_access":"","_jetpack_dont_email_post_to_subs":false,"_jetpack_newsletter_tier_id":0,"_jetpack_memberships_contains_paywalled_content":false,"_jetpack_feature_clip_id":0,"_jetpack_memberships_contains_paid_content":false,"footnotes":"","jetpack_publicize_message":"","jetpack_publicize_feature_enabled":true,"jetpack_social_post_already_shared":true,"jetpack_social_options":{"image_generator_settings":{"template":"highway","default_image_id":0,"font":"","enabled":false},"version":2},"jetpack_post_was_ever_published":false},"categories":[11],"tags":[3645,7600,1933,239,1498,324,4186,1762,8929,27,26,845,468,892],"class_list":["post-91084","post","type-post","status-publish","format-standard","has-post-thumbnail","hentry","category-noticias-de-ribeirao-preto-sp-e-regiao-ismael-colosi","tag-agenda","tag-augusto","tag-cury","tag-deve","tag-diz","tag-durante","tag-ministros","tag-ninguem","tag-poupado","tag-preto","tag-ribeirao","tag-ser","tag-sobre","tag-stf"],"jetpack_publicize_connections":[],"jetpack-related-posts":[{"id":73114,"url":"https:\/\/noticiasribeiraopreto.com.br\/index.php\/2025\/06\/25\/evento-em-ribeirao-debate-saude-mental-com-augusto-cury-e-hudson-de-araujo\/","url_meta":{"origin":91084,"position":0},"title":"Evento em Ribeir\u00e3o debate sa\u00fade mental com Augusto Cury e Hudson de Ara\u00fajo","author":"noticiasribeiraopreto.com.br","date":"25 de June de 2025","format":false,"excerpt":"O psiquiatra Augusto Cury e o m\u00e9dico do trabalho Hudson de Ara\u00fajo participam de um encontro em Ribeir\u00e3o Preto, nesta quarta-feira (25), para discutir sobre sa\u00fade mental no ambiente corporativo. Com o tema \u201cSa\u00fade Mental e o Ambiente nas Empresas: riscos psicossociais\u201d, o evento acontece a partir das 19h30, no\u2026","rel":"","context":"In &quot;Not\u00edcias de Ribeir\u00e3o Preto-SP e Regi\u00e3o&quot;","block_context":{"text":"Not\u00edcias de Ribeir\u00e3o Preto-SP e Regi\u00e3o","link":"https:\/\/noticiasribeiraopreto.com.br\/index.php\/category\/noticias-de-ribeirao-preto-sp-e-regiao-ismael-colosi\/"},"img":{"alt_text":"","src":"https:\/\/i0.wp.com\/noticiasribeiraopreto.com.br\/wp-content\/uploads\/2025\/06\/handsome-business-man-working-desk_2025-06-25_14-07-48.webp.webp?fit=1200%2C800&ssl=1&resize=350%2C200","width":350,"height":200,"srcset":"https:\/\/i0.wp.com\/noticiasribeiraopreto.com.br\/wp-content\/uploads\/2025\/06\/handsome-business-man-working-desk_2025-06-25_14-07-48.webp.webp?fit=1200%2C800&ssl=1&resize=350%2C200 1x, https:\/\/i0.wp.com\/noticiasribeiraopreto.com.br\/wp-content\/uploads\/2025\/06\/handsome-business-man-working-desk_2025-06-25_14-07-48.webp.webp?fit=1200%2C800&ssl=1&resize=525%2C300 1.5x, https:\/\/i0.wp.com\/noticiasribeiraopreto.com.br\/wp-content\/uploads\/2025\/06\/handsome-business-man-working-desk_2025-06-25_14-07-48.webp.webp?fit=1200%2C800&ssl=1&resize=700%2C400 2x, https:\/\/i0.wp.com\/noticiasribeiraopreto.com.br\/wp-content\/uploads\/2025\/06\/handsome-business-man-working-desk_2025-06-25_14-07-48.webp.webp?fit=1200%2C800&ssl=1&resize=1050%2C600 3x"},"classes":[]},{"id":75101,"url":"https:\/\/noticiasribeiraopreto.com.br\/index.php\/2025\/08\/03\/entenda-o-que-ministro-do-stf-veio-fazer-em-ribeirao-preto\/","url_meta":{"origin":91084,"position":1},"title":"Entenda o que ministro do STF veio fazer em Ribeir\u00e3o Preto","author":"noticiasribeiraopreto.com.br","date":"3 de August de 2025","format":false,"excerpt":"O ministro Luiz Fux, do STF (Supremo Tribunal Federal), esteve em Ribeir\u00e3o Preto na \u00faltima sexta-feira (1\u00ba de agosto). O ministro participou de uma Aula Magna na sede da OAB (Ordem dos Advogados do Brasil) de Ribeir\u00e3o Preto, junto com ministros do STJ (Superior Tribunal de Justi\u00e7a) e TST (Tribunal\u2026","rel":"","context":"In &quot;Not\u00edcias de Ribeir\u00e3o Preto-SP e Regi\u00e3o&quot;","block_context":{"text":"Not\u00edcias de Ribeir\u00e3o Preto-SP e Regi\u00e3o","link":"https:\/\/noticiasribeiraopreto.com.br\/index.php\/category\/noticias-de-ribeirao-preto-sp-e-regiao-ismael-colosi\/"},"img":{"alt_text":"","src":"https:\/\/i0.wp.com\/noticiasribeiraopreto.com.br\/wp-content\/uploads\/2025\/08\/luiz-fux_2025-08-03_17-25-28.webp.webp?fit=1200%2C800&ssl=1&resize=350%2C200","width":350,"height":200,"srcset":"https:\/\/i0.wp.com\/noticiasribeiraopreto.com.br\/wp-content\/uploads\/2025\/08\/luiz-fux_2025-08-03_17-25-28.webp.webp?fit=1200%2C800&ssl=1&resize=350%2C200 1x, https:\/\/i0.wp.com\/noticiasribeiraopreto.com.br\/wp-content\/uploads\/2025\/08\/luiz-fux_2025-08-03_17-25-28.webp.webp?fit=1200%2C800&ssl=1&resize=525%2C300 1.5x, https:\/\/i0.wp.com\/noticiasribeiraopreto.com.br\/wp-content\/uploads\/2025\/08\/luiz-fux_2025-08-03_17-25-28.webp.webp?fit=1200%2C800&ssl=1&resize=700%2C400 2x, https:\/\/i0.wp.com\/noticiasribeiraopreto.com.br\/wp-content\/uploads\/2025\/08\/luiz-fux_2025-08-03_17-25-28.webp.webp?fit=1200%2C800&ssl=1&resize=1050%2C600 3x"},"classes":[]},{"id":90985,"url":"https:\/\/noticiasribeiraopreto.com.br\/index.php\/2026\/09\/02\/justica-eleitoral-proibe-uso-de-foto-de-bolsonaro-em-propaganda-de-candidato-a-deputado\/","url_meta":{"origin":91084,"position":2},"title":"Justi\u00e7a Eleitoral pro\u00edbe uso de foto de Bolsonaro em propaganda de candidato a deputado","author":"noticiasribeiraopreto.com.br","date":"2 de September de 2026","format":false,"excerpt":"A Justi\u00e7a Eleitoral de S\u00e3o Paulo proibiu o deputado estadual e candidato \u00e0 reelei\u00e7\u00e3o Lucas Bove (PL) de reutilizar materiais de campanha que associam sua imagem \u00e0 do ex-presidente Jair Bolsonaro (PL). A decis\u00e3o do Tribunal Regional Eleitoral de S\u00e3o Paulo (TRE-SP) analisou uma representa\u00e7\u00e3o apresentada pela vereadora de Ribeir\u00e3o\u2026","rel":"","context":"In &quot;Not\u00edcias de Ribeir\u00e3o Preto-SP e Regi\u00e3o&quot;","block_context":{"text":"Not\u00edcias de Ribeir\u00e3o Preto-SP e Regi\u00e3o","link":"https:\/\/noticiasribeiraopreto.com.br\/index.php\/category\/noticias-de-ribeirao-preto-sp-e-regiao-ismael-colosi\/"},"img":{"alt_text":"","src":"https:\/\/i0.wp.com\/noticiasribeiraopreto.com.br\/wp-content\/uploads\/2026\/09\/bolsonaro_2025-11-23_16-53-17.webp.webp?fit=1200%2C687&ssl=1&resize=350%2C200","width":350,"height":200,"srcset":"https:\/\/i0.wp.com\/noticiasribeiraopreto.com.br\/wp-content\/uploads\/2026\/09\/bolsonaro_2025-11-23_16-53-17.webp.webp?fit=1200%2C687&ssl=1&resize=350%2C200 1x, https:\/\/i0.wp.com\/noticiasribeiraopreto.com.br\/wp-content\/uploads\/2026\/09\/bolsonaro_2025-11-23_16-53-17.webp.webp?fit=1200%2C687&ssl=1&resize=525%2C300 1.5x, https:\/\/i0.wp.com\/noticiasribeiraopreto.com.br\/wp-content\/uploads\/2026\/09\/bolsonaro_2025-11-23_16-53-17.webp.webp?fit=1200%2C687&ssl=1&resize=700%2C400 2x, https:\/\/i0.wp.com\/noticiasribeiraopreto.com.br\/wp-content\/uploads\/2026\/09\/bolsonaro_2025-11-23_16-53-17.webp.webp?fit=1200%2C687&ssl=1&resize=1050%2C600 3x"},"classes":[]},{"id":73342,"url":"https:\/\/noticiasribeiraopreto.com.br\/index.php\/2025\/06\/30\/theatro-pedro-ii-recebe-peca-inspirada-em-romance-de-augusto-cury\/","url_meta":{"origin":91084,"position":3},"title":"Theatro Pedro II recebe pe\u00e7a inspirada em romance de Augusto Cury","author":"noticiasribeiraopreto.com.br","date":"30 de June de 2025","format":false,"excerpt":"O Theatro Pedro II recebe no dia 13 de julho, a partir das 19h, uma pe\u00e7a adaptada do consagrado romance de Augusto Cury, \u201cO Homem Mais Inteligente da Hist\u00f3ria\u201d. Os ingressos custam a partir de R$ 70. Integram o elenco do espet\u00e1culo os atores Daniel Satti, Priscilla Dieminger, Renan Rezende,\u2026","rel":"","context":"In &quot;Not\u00edcias de Ribeir\u00e3o Preto-SP e Regi\u00e3o&quot;","block_context":{"text":"Not\u00edcias de Ribeir\u00e3o Preto-SP e Regi\u00e3o","link":"https:\/\/noticiasribeiraopreto.com.br\/index.php\/category\/noticias-de-ribeirao-preto-sp-e-regiao-ismael-colosi\/"},"img":{"alt_text":"","src":"https:\/\/i0.wp.com\/noticiasribeiraopreto.com.br\/wp-content\/uploads\/2025\/06\/IMF_4648_2025-06-30_14-18-25.webp.webp?fit=1200%2C800&ssl=1&resize=350%2C200","width":350,"height":200,"srcset":"https:\/\/i0.wp.com\/noticiasribeiraopreto.com.br\/wp-content\/uploads\/2025\/06\/IMF_4648_2025-06-30_14-18-25.webp.webp?fit=1200%2C800&ssl=1&resize=350%2C200 1x, https:\/\/i0.wp.com\/noticiasribeiraopreto.com.br\/wp-content\/uploads\/2025\/06\/IMF_4648_2025-06-30_14-18-25.webp.webp?fit=1200%2C800&ssl=1&resize=525%2C300 1.5x, https:\/\/i0.wp.com\/noticiasribeiraopreto.com.br\/wp-content\/uploads\/2025\/06\/IMF_4648_2025-06-30_14-18-25.webp.webp?fit=1200%2C800&ssl=1&resize=700%2C400 2x, https:\/\/i0.wp.com\/noticiasribeiraopreto.com.br\/wp-content\/uploads\/2025\/06\/IMF_4648_2025-06-30_14-18-25.webp.webp?fit=1200%2C800&ssl=1&resize=1050%2C600 3x"},"classes":[]},{"id":91060,"url":"https:\/\/noticiasribeiraopreto.com.br\/index.php\/2026\/09\/03\/pesquisa-datafolha-lula-tem-38-e-flavio-bolsonaro-33-no-1o-turno-cury-chega-a-8\/","url_meta":{"origin":91084,"position":4},"title":"Pesquisa Datafolha: Lula tem 38% e Fl\u00e1vio Bolsonaro 33% no 1\u00ba turno; Cury chega a 8%","author":"noticiasribeiraopreto.com.br","date":"3 de September de 2026","format":false,"excerpt":"Uma nova pesquisa Datafolha divulgada nesta quinta-feira (3) mostra o presidente Lula (PT) na lideran\u00e7a da corrida presidencial, com 38% das inten\u00e7\u00f5es de voto no primeiro turno. Fl\u00e1vio Bolsonaro (PL) aparece em segundo lugar, com 33%. O destaque do levantamento \u00e9 a ascens\u00e3o de Augusto Cury (Avante), que subiu seis\u2026","rel":"","context":"In &quot;Not\u00edcias de Ribeir\u00e3o Preto-SP e Regi\u00e3o&quot;","block_context":{"text":"Not\u00edcias de Ribeir\u00e3o Preto-SP e Regi\u00e3o","link":"https:\/\/noticiasribeiraopreto.com.br\/index.php\/category\/noticias-de-ribeirao-preto-sp-e-regiao-ismael-colosi\/"},"img":{"alt_text":"","src":"https:\/\/i0.wp.com\/noticiasribeiraopreto.com.br\/wp-content\/uploads\/2026\/09\/lula-flavio-bolsonaro.jpeg?fit=1200%2C674&ssl=1&resize=350%2C200","width":350,"height":200,"srcset":"https:\/\/i0.wp.com\/noticiasribeiraopreto.com.br\/wp-content\/uploads\/2026\/09\/lula-flavio-bolsonaro.jpeg?fit=1200%2C674&ssl=1&resize=350%2C200 1x, https:\/\/i0.wp.com\/noticiasribeiraopreto.com.br\/wp-content\/uploads\/2026\/09\/lula-flavio-bolsonaro.jpeg?fit=1200%2C674&ssl=1&resize=525%2C300 1.5x, https:\/\/i0.wp.com\/noticiasribeiraopreto.com.br\/wp-content\/uploads\/2026\/09\/lula-flavio-bolsonaro.jpeg?fit=1200%2C674&ssl=1&resize=700%2C400 2x, https:\/\/i0.wp.com\/noticiasribeiraopreto.com.br\/wp-content\/uploads\/2026\/09\/lula-flavio-bolsonaro.jpeg?fit=1200%2C674&ssl=1&resize=1050%2C600 3x"},"classes":[]},{"id":90866,"url":"https:\/\/noticiasribeiraopreto.com.br\/index.php\/2026\/09\/01\/pesquisas-para-presidente-lula-e-bolsonaro-lideram-e-cury-chama-atencao\/","url_meta":{"origin":91084,"position":5},"title":"Pesquisas para presidente: Lula e Bolsonaro lideram, e Cury chama aten\u00e7\u00e3o","author":"noticiasribeiraopreto.com.br","date":"1 de September de 2026","format":false,"excerpt":"A pesquisa Real Time Big Data, divulgada nesta ter\u00e7a-feira (1\u00ba), mostra Luiz In\u00e1cio Lula da Silva (PT) na lideran\u00e7a da disputa pela Presid\u00eancia da Rep\u00fablica no primeiro turno. O presidente aparece com 38% das inten\u00e7\u00f5es de voto, seguido por Fl\u00e1vio Bolsonaro (PL), com 30%, e Augusto Cury (Avante), com 11%.\u2026","rel":"","context":"In &quot;Not\u00edcias de Ribeir\u00e3o Preto-SP e Regi\u00e3o&quot;","block_context":{"text":"Not\u00edcias de Ribeir\u00e3o Preto-SP e Regi\u00e3o","link":"https:\/\/noticiasribeiraopreto.com.br\/index.php\/category\/noticias-de-ribeirao-preto-sp-e-regiao-ismael-colosi\/"},"img":{"alt_text":"","src":"https:\/\/i0.wp.com\/noticiasribeiraopreto.com.br\/wp-content\/uploads\/2026\/09\/lula-bolsonaro-cury-eleicoes-2026.jpg?fit=1200%2C675&ssl=1&resize=350%2C200","width":350,"height":200,"srcset":"https:\/\/i0.wp.com\/noticiasribeiraopreto.com.br\/wp-content\/uploads\/2026\/09\/lula-bolsonaro-cury-eleicoes-2026.jpg?fit=1200%2C675&ssl=1&resize=350%2C200 1x, https:\/\/i0.wp.com\/noticiasribeiraopreto.com.br\/wp-content\/uploads\/2026\/09\/lula-bolsonaro-cury-eleicoes-2026.jpg?fit=1200%2C675&ssl=1&resize=525%2C300 1.5x, https:\/\/i0.wp.com\/noticiasribeiraopreto.com.br\/wp-content\/uploads\/2026\/09\/lula-bolsonaro-cury-eleicoes-2026.jpg?fit=1200%2C675&ssl=1&resize=700%2C400 2x, https:\/\/i0.wp.com\/noticiasribeiraopreto.com.br\/wp-content\/uploads\/2026\/09\/lula-bolsonaro-cury-eleicoes-2026.jpg?fit=1200%2C675&ssl=1&resize=1050%2C600 3x"},"classes":[]}],"jetpack_sharing_enabled":true,"jetpack_shortlink":"https:\/\/wp.me\/peQAOb-nH6","jetpack_featured_media_url":"https:\/\/i0.wp.com\/noticiasribeiraopreto.com.br\/wp-content\/uploads\/2026\/09\/augusto-cury-ribeirao-preto.jpeg?fit=1599%2C899&ssl=1","_links":{"self":[{"href":"https:\/\/noticiasribeiraopreto.com.br\/index.php\/wp-json\/wp\/v2\/posts\/91084","targetHints":{"allow":["GET"]}}],"collection":[{"href":"https:\/\/noticiasribeiraopreto.com.br\/index.php\/wp-json\/wp\/v2\/posts"}],"about":[{"href":"https:\/\/noticiasribeiraopreto.com.br\/index.php\/wp-json\/wp\/v2\/types\/post"}],"author":[{"embeddable":true,"href":"https:\/\/noticiasribeiraopreto.com.br\/index.php\/wp-json\/wp\/v2\/users\/1"}],"replies":[{"embeddable":true,"href":"https:\/\/noticiasribeiraopreto.com.br\/index.php\/wp-json\/wp\/v2\/comments?post=91084"}],"version-history":[{"count":0,"href":"https:\/\/noticiasribeiraopreto.com.br\/index.php\/wp-json\/wp\/v2\/posts\/91084\/revisions"}],"wp:featuredmedia":[{"embeddable":true,"href":"https:\/\/noticiasribeiraopreto.com.br\/index.php\/wp-json\/wp\/v2\/media\/91085"}],"wp:attachment":[{"href":"https:\/\/noticiasribeiraopreto.com.br\/index.php\/wp-json\/wp\/v2\/media?parent=91084"}],"wp:term":[{"taxonomy":"category","embeddable":true,"href":"https:\/\/noticiasribeiraopreto.com.br\/index.php\/wp-json\/wp\/v2\/categories?post=91084"},{"taxonomy":"post_tag","embeddable":true,"href":"https:\/\/noticiasribeiraopreto.com.br\/index.php\/wp-json\/wp\/v2\/tags?post=91084"}],"curies":[{"name":"wp","href":"https:\/\/api.w.org\/{rel}","templated":true}]}}