{"id":91086,"date":"2026-09-04T10:26:08","date_gmt":"2026-09-04T13:26:08","guid":{"rendered":"https:\/\/noticiasribeiraopreto.com.br\/index.php\/2026\/09\/04\/mp-pede-arquivamento-de-acusacao-contra-elizabete\/"},"modified":"2026-09-04T10:26:08","modified_gmt":"2026-09-04T13:26:08","slug":"mp-pede-arquivamento-de-acusacao-contra-elizabete","status":"publish","type":"post","link":"https:\/\/noticiasribeiraopreto.com.br\/index.php\/2026\/09\/04\/mp-pede-arquivamento-de-acusacao-contra-elizabete\/","title":{"rendered":"MP pede arquivamento de acusa\u00e7\u00e3o contra Elizabete"},"content":{"rendered":"<div class='code-block code-block-1' style='margin: 8px 0 8px auto; text-align: right; display: block; clear: both;'>\n<p><a href=\"https:\/\/wa.link\/vpicfd\"><img data-recalc-dims=\"1\" class=\"wp-image-4922\" style=\"aspect-ratio: 2.0253164556962027; width: 561px; height: auto;\" src=\"https:\/\/i0.wp.com\/ismaelcolosi.com.br\/wp-content\/uploads\/2023\/11\/grupo-de-empregos-whatsapp-e-facebook-ismael-colosi-vagas.jpg?ssl=1\" alt=\"\" \/><\/a><\/p>\n<!-- \/wp:image -->\n<\/div>\n<p> <br \/>\n<\/p>\n<div id=\"\">&#13;<\/p>\n<h2 class=\"penci-post-subtitle\">Idosa ainda \u00e9 r\u00e9 em mais tr\u00eas casos: os feminic\u00eddios de sua nora e filha e a tentativa de homic\u00eddio contra uma amiga<\/h2>\n<p>&#13;<\/p>\n<p>&#13;<br \/>\n\t\t\t\t\t\t\t\t\t<span class=\"entry-meta-item penci-posted-on\"><i class=\"fa fa-clock-o\"\/><time class=\"entry-date published updated\" datetime=\"2026-09-04T10:25:31-03:00\">4 de setembro de 2026 10:25<\/time><\/span><span class=\"entry-meta-item penci-post-countview\"\/>\t\t\t\t\t\t\t\t<\/p>\n<p><!-- .entry-meta -->&#13;<br \/>\n\t\t\t\t\t\t\t\t<span class=\"penci-social-buttons penci-social-share-footer\"><span class=\"penci-social-share-text\">Compartilhar<\/span><a href=\"#\" class=\"penci-post-like penci_post-meta_item  single-like-button penci-social-item like\" data-post_id=\"476069\" title=\"Like\" data-like=\"Like\" data-unlike=\"Unlike\"><i class=\"fa fa-thumbs-o-up\"\/><span class=\"penci-share-number\">1<\/span><\/a><i class=\"fa fa-facebook\"\/><a class=\"penci-social-item twitter\" target=\"_blank\" rel=\"noopener\" title=\"\" href=\"https:\/\/twitter.com\/intent\/tweet?text=MP%20pede%20arquivamento%20de%20acusa\u00e7\u00e3o%20contra%20Elizabete%20-%20https:\/\/www.tribunaribeirao.com.br\/mp-pede-arquivamento-de-acusacao-contra-elizabete\/\"><i class=\"fa fa-twitter\"\/><\/a><i class=\"fa fa-linkedin\"\/><i class=\"fa fa-whatsapp\"\/><i class=\"fa fa-telegram\"\/><i class=\"fa fa-envelope\"\/><\/span>\t\t\t\t\t\t\t<\/div>\n<div>\n<p>| Por: Adalberto Luque |<\/p>\n<p>O Minist\u00e9rio P\u00fablico pediu o arquivamento da investiga\u00e7\u00e3o que apurava a poss\u00edvel participa\u00e7\u00e3o de Elizabete Eug\u00eanio Arraba\u00e7a na morte de \u00c9lede Guidi, ocorrida em dezembro de 2016, em Pontal. O pedido foi protocolado nesta quinta-feira (3) pelo promotor de Justi\u00e7a Patrick Carvalho Silva.<\/p>\n<p>Segundo o promotor, embora a investiga\u00e7\u00e3o tenha reunido circunst\u00e2ncias que levantaram suspeitas sobre Elizabete, n\u00e3o h\u00e1 provas suficientes para afirmar que \u00c9lede tenha sido v\u00edtima de homic\u00eddio por envenenamento. A morte, inicialmente registrada como natural, teve como causa apontada na necropsia insufici\u00eancia respirat\u00f3ria aguda grave, com edema pulmonar e pneumonite. N\u00e3o foi realizado exame toxicol\u00f3gico na \u00e9poca.<\/p>\n<p>As amostras que restaram do exame foram consideradas inadequadas para uma an\u00e1lise toxicol\u00f3gica. O m\u00e9dico respons\u00e1vel pela revis\u00e3o da necropsia tamb\u00e9m informou que os sinais encontrados poderiam estar relacionados a processos infecciosos, inflamat\u00f3rios ou outras condi\u00e7\u00f5es e que, ap\u00f3s tantos anos, uma exuma\u00e7\u00e3o ou an\u00e1lise dos materiais preservados teria baixa possibilidade de produzir informa\u00e7\u00f5es \u00fateis.<\/p>\n<p>O promotor reconheceu que havia elementos que justificaram a investiga\u00e7\u00e3o, como a presen\u00e7a de Elizabete na casa da v\u00edtima no dia da morte, seu comportamento na cozinha e a exist\u00eancia de uma d\u00edvida entre as duas. A d\u00edvida, por\u00e9m, era de aproximadamente R$ 3 mil, tinha mais de 20 anos, n\u00e3o possu\u00eda documenta\u00e7\u00e3o e estava inserida em uma rela\u00e7\u00e3o de amizade e parentesco.<\/p>\n<p>Para o promotor, esses elementos s\u00e3o apenas circunstanciais e n\u00e3o comprovam que \u00c9lede tenha sido envenenada nem que Elizabete tenha provocado sua morte. O promotor tamb\u00e9m destacou que o fato de ela ser investigada ou acusada em outros epis\u00f3dios envolvendo suposto envenenamento n\u00e3o permite, por si s\u00f3, atribuir a ela a morte de \u00c9lede.<\/p>\n<p>Com as dilig\u00eancias complementares realizadas e sem novas medidas capazes de superar a falta de provas, o Minist\u00e9rio P\u00fablico concluiu que n\u00e3o h\u00e1 elementos para apresentar den\u00fancia. O arquivamento, segundo o promotor, n\u00e3o impede a reabertura da investiga\u00e7\u00e3o caso surjam novas provas.<\/p>\n<p>O advogado de Elizabete, Bruno Corr\u00eaa Ribeiro, disse que a defesa sempre defendeu que ela fosse impronunciada por n\u00e3o haver provas contra ela e, neste caso, nem sequer evid\u00eancias de que tenha ocorrido envenenamento. Ribeiro destacou que Elizabete nega todos os crimes dos quais foi acusada e est\u00e1 trabalhando para provar isso tamb\u00e9m nos outros casos.<\/p>\n<p><strong>Entenda o caso<\/strong><\/p>\n<p>Elizabete Eug\u00eanio Arraba\u00e7a responde a outros dois processos relacionados a mortes e a uma tentativa de homic\u00eddio. Entre os casos est\u00e3o os feminic\u00eddios de Larissa Talle Le\u00f4ncio Rodrigues, sua nora, e Nathalia Garnica, sua filha, al\u00e9m da tentativa de homic\u00eddio contra Neusa Maria Costa de Andrade Ghioto, amiga de Elizabete.<\/p>\n<figure id=\"attachment_476070\" aria-describedby=\"caption-attachment-476070\" style=\"width: 892px\" class=\"wp-caption alignnone\"><figcaption id=\"caption-attachment-476070\" class=\"wp-caption-text\">Elizabete ainda responde pelos feminic\u00eddios de Larissa (esq) e Nathalia (dir), al\u00e9m da tentativa de homic\u00eddio de uma amiga (Fotos: Redes Sociais)<\/figcaption><\/figure>\n<p>As investiga\u00e7\u00f5es desses casos apontaram para a suspeita de uso de veneno nas tr\u00eas ocorr\u00eancias. A apura\u00e7\u00e3o da morte de \u00c9lede Guidi tamb\u00e9m passou a ser analisada sob essa possibilidade depois que surgiram elementos relacionados \u00e0s outras investiga\u00e7\u00f5es envolvendo Elizabete.<\/p>\n<p>No caso de \u00c9lede, por\u00e9m, o Minist\u00e9rio P\u00fablico concluiu que n\u00e3o foi poss\u00edvel comprovar sequer que a morte tenha sido provocada por envenenamento. A necropsia apontou insufici\u00eancia respirat\u00f3ria aguda grave, decorrente de edema pulmonar e pneumonite, e n\u00e3o houve exame toxicol\u00f3gico \u00e0 \u00e9poca. As amostras que restaram foram consideradas inadequadas para uma an\u00e1lise posterior.<\/p>\n<p>Com o pedido de arquivamento, Elizabete permanece respondendo aos outros tr\u00eas casos. No processo que apura a morte de Larissa, ela responde ao lado do filho, o m\u00e9dico ortopedista Luiz Ant\u00f4nio Garnica, que era casado com a v\u00edtima.<\/p>\n<div style=\"background-color: #f4f4f5; border: 1px solid #d4d4d8; padding: 15px; margin: 20px 0; border-radius: 6px; font-family: sans-serif; line-height: 1.5;\">\n    <span style=\"color: #27272a;\">Inscreva-se em nosso Canal no Whatsapp e fique por dentro de tudo que acontece na regi\u00e3o. <\/span><br \/>\n    <a href=\"https:\/\/whatsapp.com\/channel\/0029VanuE2o7z4kYjo0XVS3u\" target=\"_blank\" rel=\"noopener noreferrer\" style=\"color: #16a34a; font-weight: bold; text-decoration: underline;\">Clique Aqui!<\/a>\n<\/div>\n<\/div>\n<p><script async src=\"\/\/platform.twitter.com\/widgets.js\" charset=\"utf-8\"><\/script><br \/>\n<br \/><br \/>\n<br \/><a href=\"https:\/\/www.tribunaribeirao.com.br\/mp-pede-arquivamento-de-acusacao-contra-elizabete\/\">Texto original daqui <\/a><\/p>\n<!-- CONTENT END 1 -->\n","protected":false},"excerpt":{"rendered":"<p>&#13; Idosa ainda \u00e9 r\u00e9 em mais tr\u00eas casos: os feminic\u00eddios de sua nora e filha e a tentativa de homic\u00eddio contra uma amiga &#13;&#8230;<\/p>\n","protected":false},"author":1,"featured_media":91087,"comment_status":"","ping_status":"","sticky":false,"template":"","format":"standard","meta":{"advanced_seo_description":"","jetpack_seo_html_title":"","jetpack_seo_noindex":false,"jetpack_seo_schema_type":"","_jetpack_newsletter_access":"","_jetpack_dont_email_post_to_subs":false,"_jetpack_newsletter_tier_id":0,"_jetpack_memberships_contains_paywalled_content":false,"_jetpack_feature_clip_id":0,"_jetpack_memberships_contains_paid_content":false,"footnotes":"","jetpack_publicize_message":"","jetpack_publicize_feature_enabled":true,"jetpack_social_post_already_shared":true,"jetpack_social_options":{"image_generator_settings":{"template":"highway","default_image_id":0,"font":"","enabled":false},"version":2},"jetpack_post_was_ever_published":false},"categories":[11],"tags":[8931,8930,109,6497,21],"class_list":["post-91086","post","type-post","status-publish","format-standard","has-post-thumbnail","hentry","category-noticias-de-ribeirao-preto-sp-e-regiao-ismael-colosi","tag-acusacao","tag-arquivamento","tag-contra","tag-elizabete","tag-pede"],"jetpack_publicize_connections":[],"jetpack-related-posts":[{"id":81948,"url":"https:\/\/noticiasribeiraopreto.com.br\/index.php\/2026\/01\/31\/mp-denuncia-elizabete-arrabaca-por-tentativa-de-homicidio-contra-amiga\/","url_meta":{"origin":91086,"position":0},"title":"MP denuncia Elizabete Arraba\u00e7a por tentativa de homic\u00eddio contra amiga","author":"noticiasribeiraopreto.com.br","date":"31 de January de 2026","format":false,"excerpt":"O Minist\u00e9rio P\u00fablico denunciou Elizabete Eug\u00eanio Arraba\u00e7a por tentativa de homic\u00eddio contra a amiga Neusa Maria Costa de Andrade Ghiotto, em Pontal, na regi\u00e3o de Ribeir\u00e3o Preto. A den\u00fancia foi apresentada pelo promotor de Justi\u00e7a Vinicius Pascueto Amaral, da Vara Criminal do munic\u00edpio. De acordo com o MP, Elizabete teria\u2026","rel":"","context":"In &quot;Not\u00edcias de Ribeir\u00e3o Preto-SP e Regi\u00e3o&quot;","block_context":{"text":"Not\u00edcias de Ribeir\u00e3o Preto-SP e Regi\u00e3o","link":"https:\/\/noticiasribeiraopreto.com.br\/index.php\/category\/noticias-de-ribeirao-preto-sp-e-regiao-ismael-colosi\/"},"img":{"alt_text":"","src":"https:\/\/i0.wp.com\/noticiasribeiraopreto.com.br\/wp-content\/uploads\/2025\/06\/Copia-de-Copia-de-Copia-de-TAMANHO-EXATO-PARA-FOTOS-NO-SISTEMA-NOVO-2025-06-28T184923.591_2025-06-28_21-49-29.webp.webp?fit=1200%2C675&ssl=1&resize=350%2C200","width":350,"height":200,"srcset":"https:\/\/i0.wp.com\/noticiasribeiraopreto.com.br\/wp-content\/uploads\/2025\/06\/Copia-de-Copia-de-Copia-de-TAMANHO-EXATO-PARA-FOTOS-NO-SISTEMA-NOVO-2025-06-28T184923.591_2025-06-28_21-49-29.webp.webp?fit=1200%2C675&ssl=1&resize=350%2C200 1x, https:\/\/i0.wp.com\/noticiasribeiraopreto.com.br\/wp-content\/uploads\/2025\/06\/Copia-de-Copia-de-Copia-de-TAMANHO-EXATO-PARA-FOTOS-NO-SISTEMA-NOVO-2025-06-28T184923.591_2025-06-28_21-49-29.webp.webp?fit=1200%2C675&ssl=1&resize=525%2C300 1.5x, https:\/\/i0.wp.com\/noticiasribeiraopreto.com.br\/wp-content\/uploads\/2025\/06\/Copia-de-Copia-de-Copia-de-TAMANHO-EXATO-PARA-FOTOS-NO-SISTEMA-NOVO-2025-06-28T184923.591_2025-06-28_21-49-29.webp.webp?fit=1200%2C675&ssl=1&resize=700%2C400 2x, https:\/\/i0.wp.com\/noticiasribeiraopreto.com.br\/wp-content\/uploads\/2025\/06\/Copia-de-Copia-de-Copia-de-TAMANHO-EXATO-PARA-FOTOS-NO-SISTEMA-NOVO-2025-06-28T184923.591_2025-06-28_21-49-29.webp.webp?fit=1200%2C675&ssl=1&resize=1050%2C600 3x"},"classes":[]},{"id":85354,"url":"https:\/\/noticiasribeiraopreto.com.br\/index.php\/2026\/04\/30\/policia-arquiva-inquerito-contra-elizabete\/","url_meta":{"origin":91086,"position":1},"title":"Pol\u00edcia arquiva inqu\u00e9rito contra Elizabete","author":"noticiasribeiraopreto.com.br","date":"30 de April de 2026","format":false,"excerpt":"| Por: Adalberto Luque | A Pol\u00edcia Civil encerrou o inqu\u00e9rito que apurava se \u00c9lede Guidi teria sido morta por envenenamento por sua amiga, Elizabete Eug\u00eanio Arraba\u00e7a. O caso foi arquivado por falta de provas e pela impossibilidade de realizar o exame no cad\u00e1ver. O caso foi arquivado pela Delegacia\u2026","rel":"","context":"In &quot;Not\u00edcias de Ribeir\u00e3o Preto-SP e Regi\u00e3o&quot;","block_context":{"text":"Not\u00edcias de Ribeir\u00e3o Preto-SP e Regi\u00e3o","link":"https:\/\/noticiasribeiraopreto.com.br\/index.php\/category\/noticias-de-ribeirao-preto-sp-e-regiao-ismael-colosi\/"},"img":{"alt_text":"","src":"https:\/\/i0.wp.com\/noticiasribeiraopreto.com.br\/wp-content\/uploads\/2026\/04\/MortePRO-Mae-Reproducao.jpg?fit=540%2C432&ssl=1&resize=350%2C200","width":350,"height":200,"srcset":"https:\/\/i0.wp.com\/noticiasribeiraopreto.com.br\/wp-content\/uploads\/2026\/04\/MortePRO-Mae-Reproducao.jpg?fit=540%2C432&ssl=1&resize=350%2C200 1x, https:\/\/i0.wp.com\/noticiasribeiraopreto.com.br\/wp-content\/uploads\/2026\/04\/MortePRO-Mae-Reproducao.jpg?fit=540%2C432&ssl=1&resize=525%2C300 1.5x"},"classes":[]},{"id":78621,"url":"https:\/\/noticiasribeiraopreto.com.br\/index.php\/2025\/10\/14\/caso-larissa-medico-mantem-acusacao-contra-mae-por-morte-da-professora-em-ribeirao\/","url_meta":{"origin":91086,"position":2},"title":"Caso Larissa: m\u00e9dico mant\u00e9m acusa\u00e7\u00e3o contra m\u00e3e por morte da professora em Ribeir\u00e3o","author":"noticiasribeiraopreto.com.br","date":"14 de October de 2025","format":false,"excerpt":"Durante audi\u00eancia de instru\u00e7\u00e3o, realizada nesta ter\u00e7a-feira (14), o m\u00e9dico Luiz Ant\u00f4nio Garnica manteve a acusa\u00e7\u00e3o contra a m\u00e3e, Elizabete Arraba\u00e7a, pela morte da professora de pilates Larissa Rodrigues, em mar\u00e7o deste ano em Ribeir\u00e3o Preto. >>> FIQUE POR DENTRO: Confira a cobertura completa sobre o \u2018Caso Larissa\u2019 clicando aqui\u2026","rel":"","context":"In &quot;Not\u00edcias de Ribeir\u00e3o Preto-SP e Regi\u00e3o&quot;","block_context":{"text":"Not\u00edcias de Ribeir\u00e3o Preto-SP e Regi\u00e3o","link":"https:\/\/noticiasribeiraopreto.com.br\/index.php\/category\/noticias-de-ribeirao-preto-sp-e-regiao-ismael-colosi\/"},"img":{"alt_text":"","src":"https:\/\/i0.wp.com\/noticiasribeiraopreto.com.br\/wp-content\/uploads\/2025\/07\/Copia-de-Copia-de-Copia-de-TAMANHO-EXATO-PARA-FOTOS-NO-SISTEMA-NOVO-2025-07-01T135245.697_2025-07-01_16-52-51.webp.webp?fit=1200%2C675&ssl=1&resize=350%2C200","width":350,"height":200,"srcset":"https:\/\/i0.wp.com\/noticiasribeiraopreto.com.br\/wp-content\/uploads\/2025\/07\/Copia-de-Copia-de-Copia-de-TAMANHO-EXATO-PARA-FOTOS-NO-SISTEMA-NOVO-2025-07-01T135245.697_2025-07-01_16-52-51.webp.webp?fit=1200%2C675&ssl=1&resize=350%2C200 1x, https:\/\/i0.wp.com\/noticiasribeiraopreto.com.br\/wp-content\/uploads\/2025\/07\/Copia-de-Copia-de-Copia-de-TAMANHO-EXATO-PARA-FOTOS-NO-SISTEMA-NOVO-2025-07-01T135245.697_2025-07-01_16-52-51.webp.webp?fit=1200%2C675&ssl=1&resize=525%2C300 1.5x, https:\/\/i0.wp.com\/noticiasribeiraopreto.com.br\/wp-content\/uploads\/2025\/07\/Copia-de-Copia-de-Copia-de-TAMANHO-EXATO-PARA-FOTOS-NO-SISTEMA-NOVO-2025-07-01T135245.697_2025-07-01_16-52-51.webp.webp?fit=1200%2C675&ssl=1&resize=700%2C400 2x, https:\/\/i0.wp.com\/noticiasribeiraopreto.com.br\/wp-content\/uploads\/2025\/07\/Copia-de-Copia-de-Copia-de-TAMANHO-EXATO-PARA-FOTOS-NO-SISTEMA-NOVO-2025-07-01T135245.697_2025-07-01_16-52-51.webp.webp?fit=1200%2C675&ssl=1&resize=1050%2C600 3x"},"classes":[]},{"id":90815,"url":"https:\/\/noticiasribeiraopreto.com.br\/index.php\/2026\/08\/31\/justica-define-se-elizabete-sera-submetida-a-novo-juri-popular\/","url_meta":{"origin":91086,"position":3},"title":"Justi\u00e7a define se Elizabete ser\u00e1 submetida a novo j\u00fari popular","author":"noticiasribeiraopreto.com.br","date":"31 de August de 2026","format":false,"excerpt":"| Por: Adalberto Luque | Come\u00e7a hoje, \u00e0s 13h30, a audi\u00eancia de instru\u00e7\u00e3o e julgamento de Elizabete Arraba\u00e7a, acusada de feminic\u00eddio contra a pr\u00f3pria filha, Nathalia Garnica, que morreu em fevereiro do ano passado. A sess\u00e3o ser\u00e1 realizada no F\u00f3rum de Pontal, na regi\u00e3o metropolitana de Ribeir\u00e3o Preto, de forma\u2026","rel":"","context":"In &quot;Not\u00edcias de Ribeir\u00e3o Preto-SP e Regi\u00e3o&quot;","block_context":{"text":"Not\u00edcias de Ribeir\u00e3o Preto-SP e Regi\u00e3o","link":"https:\/\/noticiasribeiraopreto.com.br\/index.php\/category\/noticias-de-ribeirao-preto-sp-e-regiao-ismael-colosi\/"},"img":{"alt_text":"","src":"https:\/\/i0.wp.com\/noticiasribeiraopreto.com.br\/wp-content\/uploads\/2026\/08\/MortePRO-Nat-Reproducao.jpg?fit=906%2C752&ssl=1&resize=350%2C200","width":350,"height":200,"srcset":"https:\/\/i0.wp.com\/noticiasribeiraopreto.com.br\/wp-content\/uploads\/2026\/08\/MortePRO-Nat-Reproducao.jpg?fit=906%2C752&ssl=1&resize=350%2C200 1x, https:\/\/i0.wp.com\/noticiasribeiraopreto.com.br\/wp-content\/uploads\/2026\/08\/MortePRO-Nat-Reproducao.jpg?fit=906%2C752&ssl=1&resize=525%2C300 1.5x, https:\/\/i0.wp.com\/noticiasribeiraopreto.com.br\/wp-content\/uploads\/2026\/08\/MortePRO-Nat-Reproducao.jpg?fit=906%2C752&ssl=1&resize=700%2C400 2x"},"classes":[]},{"id":80089,"url":"https:\/\/noticiasribeiraopreto.com.br\/index.php\/2025\/11\/14\/defesa-pede-revogacao-da-prisao-de-elizabete\/","url_meta":{"origin":91086,"position":4},"title":"Defesa pede revoga\u00e7\u00e3o da pris\u00e3o de Elizabete","author":"noticiasribeiraopreto.com.br","date":"14 de November de 2025","format":false,"excerpt":"Nas alega\u00e7\u00f5es finais, advogados apontam falta de provas, inexist\u00eancia de envenenamento progressivo e desrespeito de legisla\u00e7\u00e3o sobre sigilo telef\u00f4nico 14 de novembro de 2025 12:37 Compartilhar1Por: Adalberto Luque \u2013O advogado de Elizabete Eug\u00eanio Arraba\u00e7a, de 68 anos, acusada pela morte da nora, a professora Larissa Talle Le\u00f4ncio Rodrigues, pediu a\u2026","rel":"","context":"In &quot;Not\u00edcias de Ribeir\u00e3o Preto-SP e Regi\u00e3o&quot;","block_context":{"text":"Not\u00edcias de Ribeir\u00e3o Preto-SP e Regi\u00e3o","link":"https:\/\/noticiasribeiraopreto.com.br\/index.php\/category\/noticias-de-ribeirao-preto-sp-e-regiao-ismael-colosi\/"},"img":{"alt_text":"","src":"https:\/\/i0.wp.com\/noticiasribeiraopreto.com.br\/wp-content\/uploads\/2025\/11\/MortePRO-Mae-Alfredo-Risk.jpg?fit=567%2C738&ssl=1&resize=350%2C200","width":350,"height":200,"srcset":"https:\/\/i0.wp.com\/noticiasribeiraopreto.com.br\/wp-content\/uploads\/2025\/11\/MortePRO-Mae-Alfredo-Risk.jpg?fit=567%2C738&ssl=1&resize=350%2C200 1x, https:\/\/i0.wp.com\/noticiasribeiraopreto.com.br\/wp-content\/uploads\/2025\/11\/MortePRO-Mae-Alfredo-Risk.jpg?fit=567%2C738&ssl=1&resize=525%2C300 1.5x"},"classes":[]},{"id":82408,"url":"https:\/\/noticiasribeiraopreto.com.br\/index.php\/2026\/02\/13\/medico-acusado-de-matar-esposa-e-transferido-de-penitenciaria-no-interior-de-sp\/","url_meta":{"origin":91086,"position":5},"title":"M\u00e9dico acusado de matar esposa \u00e9 transferido de penitenci\u00e1ria no interior de SP","author":"noticiasribeiraopreto.com.br","date":"13 de February de 2026","format":false,"excerpt":"O m\u00e9dico Luiz Antonio Garnica, r\u00e9u acusado de matar a esposa, a professora Larissa Rodrigues, foi transferido de unidade prisional no interior de S\u00e3o Paulo. Ele estava h\u00e1 nove meses no Centro de Deten\u00e7\u00e3o Provis\u00f3ria (CDP) de Serra Azul e agora foi encaminhado para a penitenci\u00e1ria de Potim, no Vale\u2026","rel":"","context":"In &quot;Not\u00edcias de Ribeir\u00e3o Preto-SP e Regi\u00e3o&quot;","block_context":{"text":"Not\u00edcias de Ribeir\u00e3o Preto-SP e Regi\u00e3o","link":"https:\/\/noticiasribeiraopreto.com.br\/index.php\/category\/noticias-de-ribeirao-preto-sp-e-regiao-ismael-colosi\/"},"img":{"alt_text":"","src":"https:\/\/i0.wp.com\/noticiasribeiraopreto.com.br\/wp-content\/uploads\/2026\/02\/Copia-de-Copia-de-Copia-de-TAMANHO-EXATO-PARA-FOTOS-NO-SISTEMA-NOVO-61_2025-05-11_18-41-35.webp.webp?fit=1200%2C675&ssl=1&resize=350%2C200","width":350,"height":200,"srcset":"https:\/\/i0.wp.com\/noticiasribeiraopreto.com.br\/wp-content\/uploads\/2026\/02\/Copia-de-Copia-de-Copia-de-TAMANHO-EXATO-PARA-FOTOS-NO-SISTEMA-NOVO-61_2025-05-11_18-41-35.webp.webp?fit=1200%2C675&ssl=1&resize=350%2C200 1x, https:\/\/i0.wp.com\/noticiasribeiraopreto.com.br\/wp-content\/uploads\/2026\/02\/Copia-de-Copia-de-Copia-de-TAMANHO-EXATO-PARA-FOTOS-NO-SISTEMA-NOVO-61_2025-05-11_18-41-35.webp.webp?fit=1200%2C675&ssl=1&resize=525%2C300 1.5x, https:\/\/i0.wp.com\/noticiasribeiraopreto.com.br\/wp-content\/uploads\/2026\/02\/Copia-de-Copia-de-Copia-de-TAMANHO-EXATO-PARA-FOTOS-NO-SISTEMA-NOVO-61_2025-05-11_18-41-35.webp.webp?fit=1200%2C675&ssl=1&resize=700%2C400 2x, https:\/\/i0.wp.com\/noticiasribeiraopreto.com.br\/wp-content\/uploads\/2026\/02\/Copia-de-Copia-de-Copia-de-TAMANHO-EXATO-PARA-FOTOS-NO-SISTEMA-NOVO-61_2025-05-11_18-41-35.webp.webp?fit=1200%2C675&ssl=1&resize=1050%2C600 3x"},"classes":[]}],"jetpack_sharing_enabled":true,"jetpack_shortlink":"https:\/\/wp.me\/peQAOb-nH8","jetpack_featured_media_url":"https:\/\/i0.wp.com\/noticiasribeiraopreto.com.br\/wp-content\/uploads\/2026\/09\/MortePRO-Mae-Reproducao.jpg?fit=540%2C432&ssl=1","_links":{"self":[{"href":"https:\/\/noticiasribeiraopreto.com.br\/index.php\/wp-json\/wp\/v2\/posts\/91086","targetHints":{"allow":["GET"]}}],"collection":[{"href":"https:\/\/noticiasribeiraopreto.com.br\/index.php\/wp-json\/wp\/v2\/posts"}],"about":[{"href":"https:\/\/noticiasribeiraopreto.com.br\/index.php\/wp-json\/wp\/v2\/types\/post"}],"author":[{"embeddable":true,"href":"https:\/\/noticiasribeiraopreto.com.br\/index.php\/wp-json\/wp\/v2\/users\/1"}],"replies":[{"embeddable":true,"href":"https:\/\/noticiasribeiraopreto.com.br\/index.php\/wp-json\/wp\/v2\/comments?post=91086"}],"version-history":[{"count":0,"href":"https:\/\/noticiasribeiraopreto.com.br\/index.php\/wp-json\/wp\/v2\/posts\/91086\/revisions"}],"wp:featuredmedia":[{"embeddable":true,"href":"https:\/\/noticiasribeiraopreto.com.br\/index.php\/wp-json\/wp\/v2\/media\/91087"}],"wp:attachment":[{"href":"https:\/\/noticiasribeiraopreto.com.br\/index.php\/wp-json\/wp\/v2\/media?parent=91086"}],"wp:term":[{"taxonomy":"category","embeddable":true,"href":"https:\/\/noticiasribeiraopreto.com.br\/index.php\/wp-json\/wp\/v2\/categories?post=91086"},{"taxonomy":"post_tag","embeddable":true,"href":"https:\/\/noticiasribeiraopreto.com.br\/index.php\/wp-json\/wp\/v2\/tags?post=91086"}],"curies":[{"name":"wp","href":"https:\/\/api.w.org\/{rel}","templated":true}]}}