{"id":91088,"date":"2026-09-04T10:42:06","date_gmt":"2026-09-04T13:42:06","guid":{"rendered":"https:\/\/noticiasribeiraopreto.com.br\/index.php\/2026\/09\/04\/familia-e-feita-refem-durante-roubo-a-residencia-na-regiao-de-ribeirao-preto\/"},"modified":"2026-09-04T10:42:06","modified_gmt":"2026-09-04T13:42:06","slug":"familia-e-feita-refem-durante-roubo-a-residencia-na-regiao-de-ribeirao-preto","status":"publish","type":"post","link":"https:\/\/noticiasribeiraopreto.com.br\/index.php\/2026\/09\/04\/familia-e-feita-refem-durante-roubo-a-residencia-na-regiao-de-ribeirao-preto\/","title":{"rendered":"Fam\u00edlia \u00e9 feita ref\u00e9m durante roubo a resid\u00eancia na regi\u00e3o de Ribeir\u00e3o Preto"},"content":{"rendered":"<div class='code-block code-block-1' style='margin: 8px 0 8px auto; text-align: right; display: block; clear: both;'>\n<p><a href=\"https:\/\/wa.link\/vpicfd\"><img data-recalc-dims=\"1\" class=\"wp-image-4922\" style=\"aspect-ratio: 2.0253164556962027; width: 561px; height: auto;\" src=\"https:\/\/i0.wp.com\/ismaelcolosi.com.br\/wp-content\/uploads\/2023\/11\/grupo-de-empregos-whatsapp-e-facebook-ismael-colosi-vagas.jpg?ssl=1\" alt=\"\" \/><\/a><\/p>\n<!-- \/wp:image -->\n<\/div>\n<p> <br \/>\n<\/p>\n<p>Uma <strong>fam\u00edlia foi amarrada e feita ref\u00e9m<\/strong> durante um roubo \u00e0 resid\u00eancia onde mora, em <strong>Jardin\u00f3polis<\/strong>, cidade da <strong>regi\u00e3o de Ribeir\u00e3o Preto<\/strong>, nesta sexta-feira (4).<\/p>\n<p>De acordo com as informa\u00e7\u00f5es da <strong>Pol\u00edcia Militar (PM)<\/strong>, os criminosos invadiram a resid\u00eancia durante a madrugada, na regi\u00e3o central da cidade.<\/p>\n<p>Segundo a corpora\u00e7\u00e3o, eles renderam as v\u00edtimas e levaram diversos pertences do im\u00f3vel, entre eles uma <strong>televis\u00e3o<\/strong>, <strong>joias<\/strong>, <strong>eletr\u00f4nicos<\/strong>, <strong>perfumes<\/strong>, <strong>roupas <\/strong>e um <strong>ve\u00edculo<\/strong>.<\/p>\n<p>Ainda de acordo com as informa\u00e7\u00f5es da <strong>Pol\u00edcia Militar<\/strong>, a fam\u00edlia conseguiu se soltar por volta das 6h30 e acionou as equipes. <mark class=\"has-inline-color\">C\u00e2meras de seguran\u00e7a registraram o momento em que os criminosos fogem do local com o carro da fam\u00edlia \u2013 veja logo abaixo.<\/mark><\/p>\n<p>Durante o atendimento da ocorr\u00eancia, o<strong>s policiais conseguiram localizar um dos dispositivos que havia sido levado pelos criminosos, com sinal pr\u00f3ximo ao bairro Vila Santa Luzia<\/strong>.<\/p>\n<p>Com a localiza\u00e7\u00e3o, as equipes foram at\u00e9 a regi\u00e3o e, com o apoio de um <strong>drone<\/strong>, identificaram um homem que fazia o transbordo de mochilas para o interior de uma resid\u00eancia.<\/p>\n<blockquote class=\"tiktok-embed\" cite=\"https:\/\/www.tiktok.com\/@acidadeonribeiraopreto\/video\/7681673539375680789\" data-video-id=\"7681673539375680789\">\n<section> <a target=\"_blank\" title=\"@acidadeonribeiraopreto\" href=\"https:\/\/www.tiktok.com\/@acidadeonribeiraopreto?refer=embed\" rel=\"noopener\">@acidadeonribeiraopreto<\/a>  Uma fam\u00edlia foi amarrada e feita ref\u00e9m durante um assalto \u00e0 resid\u00eancia onde mora, em Jardin\u00f3polis, na regi\u00e3o de Ribeir\u00e3o Preto, na madrugada desta sexta-feira (4). Os criminosos roubaram eletr\u00f4nicos, joias, roupas, perfumes e o carro da fam\u00edlia.  Ap\u00f3s conseguir se libertar, por volta das 6h30, a fam\u00edlia acionou a Pol\u00edcia Militar. Durante o atendimento, os policiais localizaram o sinal de um dos aparelhos roubados pr\u00f3ximo ao bairro Vila Santa Luzia. Com apoio de um drone, a PM identificou um homem transferindo mochilas para dentro de uma resid\u00eancia.  No im\u00f3vel, os policiais encontraram parte dos objetos roubados, uma arma, muni\u00e7\u00f5es, tr\u00eas simulacros, roupas usadas no crime, m\u00e1scaras e outros materiais. Uma mulher foi detida durante a abordagem. Segundo a PM, ela seria namorada de um dos envolvidos.  As equipes continuam as buscas pelo ve\u00edculo levado da resid\u00eancia, com apoio do helic\u00f3ptero \u00c1guia. A ocorr\u00eancia foi encaminhada para a Delegacia de Pol\u00edcia de Jardin\u00f3polis.  Confira todos os detalhes no site  acidadeon.com\/ribeiraopreto <a title=\"ribeiraopreto\" target=\"_blank\" href=\"https:\/\/www.tiktok.com\/tag\/ribeiraopreto?refer=embed\" rel=\"noopener\">#ribeiraopreto<\/a> <a title=\"jardinopolis\" target=\"_blank\" href=\"https:\/\/www.tiktok.com\/tag\/jardinopolis?refer=embed\" rel=\"noopener\">#jardinopolis<\/a> <a title=\"pol\u00edciamilitar\" target=\"_blank\" href=\"https:\/\/www.tiktok.com\/tag\/pol%C3%ADciamilitar?refer=embed\" rel=\"noopener\">#pol\u00edciamilitar<\/a> <a title=\"fiqueon\" target=\"_blank\" href=\"https:\/\/www.tiktok.com\/tag\/fiqueon?refer=embed\" rel=\"noopener\">#fiqueon<\/a> <a target=\"_blank\" title=\"\u266c Minimal for news \/ news suspense(1169746) - Hiraoka Kotaro\" href=\"https:\/\/www.tiktok.com\/music\/Minimal-for-news-news-suspense-1169746-7055051802865862658?refer=embed\" rel=\"noopener\">\u266c Minimal for news \/ news suspense(1169746) \u2013 Hiraoka Kotaro<\/a> <\/section>\n<\/blockquote>\n<p class=\"has-text-align-center has-cyan-bluish-gray-background-color has-background\"><em>Receba not\u00edcias do\u00a0<strong>acidade on Ribeir\u00e3o\u00a0<\/strong>no WhatsApp e fique por dentro de tudo! Basta acessar o link<a href=\"https:\/\/chat.whatsapp.com\/DfXwcjKVIddHUT3BvnQuPZ?mode=hqctshi\" target=\"_blank\" rel=\"noreferrer noopener\">\u00a0aqui<\/a>!<\/em><\/p>\n<h2 class=\"wp-block-heading\"><strong>Drone auxilia PM na localiza\u00e7\u00e3o de suspeito<\/strong><\/h2>\n<p>Diante da movimenta\u00e7\u00e3o, as equipes foram at\u00e9 o endere\u00e7o para realizar a <strong>abordagem dos suspeitos<\/strong>. Durante a a\u00e7\u00e3o, os policiais localizaram <strong>parte dos pertences levados da resid\u00eancia da fam\u00edlia<\/strong>, incluindo uma televis\u00e3o.<\/p>\n<p><mark class=\"has-inline-color\">No im\u00f3vel tamb\u00e9m foram apreendidos uma arma de fogo, muni\u00e7\u00f5es, tr\u00eas simulacros de arma, al\u00e9m das roupas que teriam sido utilizadas pelos criminosos, balaclava e m\u00e1scaras.<\/mark><\/p>\n<p>Os policiais tamb\u00e9m encontraram um ve\u00edculo que teria sido utilizado durante o roubo e a chave do Fiat Argo levado da resid\u00eancia. <strong>O autom\u00f3vel roubado, no entanto, ainda n\u00e3o havia sido localizado at\u00e9 a \u00faltima atualiza\u00e7\u00e3o da ocorr\u00eancia.<\/strong><\/p>\n<figure class=\"wp-block-gallery has-nested-images columns-default is-cropped wp-block-gallery-1 is-layout-flex wp-block-gallery-is-layout-flex\">\n<figure class=\"wp-block-image size-large\"><figcaption class=\"wp-element-caption\">Roubo aconteceu durante a madrugada em Jardin\u00f3polis \u2013 Foto: Pol\u00edcia Militar.<\/figcaption><\/figure>\n<figure class=\"wp-block-image size-large\"><img data-recalc-dims=\"1\" loading=\"lazy\" decoding=\"async\" width=\"1024\" height=\"576\" data-id=\"173678\" src=\"https:\/\/i0.wp.com\/www.acidadeon.com\/ribeiraopreto\/wp-content\/uploads\/sites\/3\/2026\/09\/roubo-jardinopolis-familia-1024x576.jpg?resize=1024%2C576&#038;ssl=1\" alt=\"Roubo aconteceu durante a madrugada em Jardin\u00f3polis - Foto: Pol\u00edcia Militar.\" class=\"wp-image-173678\" title=\"Fam\u00edlia \u00e9 feita ref\u00e9m durante roubo a resid\u00eancia na regi\u00e3o de Ribeir\u00e3o Preto 2\"><figcaption class=\"wp-element-caption\">Roubo aconteceu durante a madrugada em Jardin\u00f3polis \u2013 Foto: Pol\u00edcia Militar.<\/figcaption><\/figure>\n<figure class=\"wp-block-image size-large\"><img data-recalc-dims=\"1\" loading=\"lazy\" decoding=\"async\" width=\"1024\" height=\"576\" data-id=\"173676\" src=\"https:\/\/i0.wp.com\/www.acidadeon.com\/ribeiraopreto\/wp-content\/uploads\/sites\/3\/2026\/09\/roubo-jardinopolis-familia-2-1024x576.jpg?resize=1024%2C576&#038;ssl=1\" alt=\"Roubo aconteceu durante a madrugada em Jardin\u00f3polis - Foto: Pol\u00edcia Militar.\" class=\"wp-image-173676\" title=\"Fam\u00edlia \u00e9 feita ref\u00e9m durante roubo a resid\u00eancia na regi\u00e3o de Ribeir\u00e3o Preto 3\"><figcaption class=\"wp-element-caption\">Roubo aconteceu durante a madrugada em Jardin\u00f3polis \u2013 Foto: Pol\u00edcia Militar.<\/figcaption><\/figure>\n<\/figure>\n<h2 class=\"wp-block-heading\"><strong>Mulher foi detida durante abordagem<\/strong><\/h2>\n<p>Ainda de acordo com as informa\u00e7\u00f5es da <strong>Pol\u00edcia Militar<\/strong>, <strong><mark class=\"has-inline-color\">uma mulher foi detida na resid\u00eancia onde os policiais encontraram os objetos.<\/mark><\/strong><\/p>\n<p>No momento em que a mulher percebeu a presen\u00e7a das equipes policiais, a mulher arremessou o celular contra o ch\u00e3o, danificando a tela do aparelho.<\/p>\n<p>Segundo os agentes, <strong>ela seria namorada do homem apontado como respons\u00e1vel pelo roubo<\/strong>. No im\u00f3vel tamb\u00e9m foram encontrados documentos relacionados ao suspeito.<\/p>\n<p><strong>As equipes da Pol\u00edcia Militar continuam as buscas pelos envolvidos, com o apoio do helic\u00f3ptero \u00c1guia<\/strong>. A ocorr\u00eancia foi encaminhada para a <strong>Delegacia de Pol\u00edcia de Jardin\u00f3polis<\/strong>, onde o caso ser\u00e1 registrado e investigado.<\/p>\n<figure class=\"wp-block-gallery has-nested-images columns-default is-cropped wp-block-gallery-2 is-layout-flex wp-block-gallery-is-layout-flex\">\n<figure class=\"wp-block-image size-large\"><img data-recalc-dims=\"1\" loading=\"lazy\" decoding=\"async\" width=\"1024\" height=\"576\" data-id=\"173675\" src=\"https:\/\/i0.wp.com\/www.acidadeon.com\/ribeiraopreto\/wp-content\/uploads\/sites\/3\/2026\/09\/roubo-jardinopolis-familia-3-1024x576.jpg?resize=1024%2C576&#038;ssl=1\" alt=\"Roubo aconteceu durante a madrugada em Jardin\u00f3polis - Foto: Pol\u00edcia Militar.\" class=\"wp-image-173675\" title=\"Fam\u00edlia \u00e9 feita ref\u00e9m durante roubo a resid\u00eancia na regi\u00e3o de Ribeir\u00e3o Preto 4\"><figcaption class=\"wp-element-caption\">Roubo aconteceu durante a madrugada em Jardin\u00f3polis \u2013 Foto: Pol\u00edcia Militar.<\/figcaption><\/figure>\n<figure class=\"wp-block-image size-large\"><img data-recalc-dims=\"1\" loading=\"lazy\" decoding=\"async\" width=\"1024\" height=\"576\" data-id=\"173677\" src=\"https:\/\/i0.wp.com\/www.acidadeon.com\/ribeiraopreto\/wp-content\/uploads\/sites\/3\/2026\/09\/roubo-jardinopolis-familia-1-1024x576.jpg?resize=1024%2C576&#038;ssl=1\" alt=\"Roubo aconteceu durante a madrugada em Jardin\u00f3polis - Foto: Pol\u00edcia Militar.\" class=\"wp-image-173677\" title=\"Fam\u00edlia \u00e9 feita ref\u00e9m durante roubo a resid\u00eancia na regi\u00e3o de Ribeir\u00e3o Preto 5\"><figcaption class=\"wp-element-caption\">Roubo aconteceu durante a madrugada em Jardin\u00f3polis \u2013 Foto: Pol\u00edcia Militar.<\/figcaption><\/figure>\n<\/figure>\n<p class=\"has-text-align-center has-cyan-bluish-gray-background-color has-background\"><em>Fa\u00e7a uma den\u00fancia ou sugira uma reportagem sobre\u00a0<strong>Ribeir\u00e3o Preto\u00a0<\/strong>e regi\u00e3o por meio do WhatsApp do\u00a0<strong>acidade on Ribeir\u00e3o<\/strong>: (16) 99117-7802.<\/em><\/p>\n<\/p>\n<p>O post Fam\u00edlia \u00e9 feita ref\u00e9m durante roubo a resid\u00eancia na regi\u00e3o de Ribeir\u00e3o Preto apareceu primeiro em ACidade ON Ribeir\u00e3o Preto.<\/p>\n<p><script async src=\"\/\/www.tiktok.com\/embed.js\"><\/script><br \/>\n<br \/><br \/>\n<br \/><a href=\"https:\/\/www.acidadeon.com\/ribeiraopreto\/cotidiano\/familia-e-feita-refem-durante-roubo-a-residencia-na-regiao-de-ribeirao-preto\/\">Link para o texto original aqui <\/a><\/p>\n<!-- CONTENT END 1 -->\n","protected":false},"excerpt":{"rendered":"<p>Uma fam\u00edlia foi amarrada e feita ref\u00e9m durante um roubo \u00e0 resid\u00eancia onde mora, em Jardin\u00f3polis, cidade da regi\u00e3o de Ribeir\u00e3o Preto, nesta sexta-feira (4)&#8230;.<\/p>\n","protected":false},"author":1,"featured_media":91089,"comment_status":"","ping_status":"","sticky":false,"template":"","format":"standard","meta":{"advanced_seo_description":"","jetpack_seo_html_title":"","jetpack_seo_noindex":false,"jetpack_seo_schema_type":"","_jetpack_newsletter_access":"","_jetpack_dont_email_post_to_subs":false,"_jetpack_newsletter_tier_id":0,"_jetpack_memberships_contains_paywalled_content":false,"_jetpack_feature_clip_id":0,"_jetpack_memberships_contains_paid_content":false,"footnotes":"","jetpack_publicize_message":"","jetpack_publicize_feature_enabled":true,"jetpack_social_post_already_shared":true,"jetpack_social_options":{"image_generator_settings":{"template":"highway","default_image_id":0,"font":"","enabled":false},"version":2},"jetpack_post_was_ever_published":false},"categories":[11],"tags":[324,73,4641,27,5501,277,942,26,999],"class_list":["post-91088","post","type-post","status-publish","format-standard","has-post-thumbnail","hentry","category-noticias-de-ribeirao-preto-sp-e-regiao-ismael-colosi","tag-durante","tag-familia","tag-feita","tag-preto","tag-refem","tag-regiao","tag-residencia","tag-ribeirao","tag-roubo"],"jetpack_publicize_connections":[],"jetpack-related-posts":[{"id":85009,"url":"https:\/\/noticiasribeiraopreto.com.br\/index.php\/2026\/04\/20\/jovem-e-feita-refem-e-levada-no-proprio-carro-por-assaltantes-durante-roubo-a-residencia\/","url_meta":{"origin":91088,"position":0},"title":"Jovem \u00e9 feita ref\u00e9m e levada no pr\u00f3prio carro por assaltantes durante roubo a resid\u00eancia","author":"noticiasribeiraopreto.com.br","date":"20 de April de 2026","format":false,"excerpt":"Ler o resumo da not\u00edcia \r Jovem de 20\u202fanos foi feita ref\u00e9m por tr\u00eas assaltantes armados durante roubo a resid\u00eancia no Jardim Beluzo, Viradouro, na noite de s\u00e1bado (18).\r Os criminosos reviraram a casa e furtaram celular, bijuterias e o ve\u00edculo da v\u00edtima.\r A jovem foi levada no pr\u00f3prio carro,\u2026","rel":"","context":"In &quot;Not\u00edcias de Ribeir\u00e3o Preto-SP e Regi\u00e3o&quot;","block_context":{"text":"Not\u00edcias de Ribeir\u00e3o Preto-SP e Regi\u00e3o","link":"https:\/\/noticiasribeiraopreto.com.br\/index.php\/category\/noticias-de-ribeirao-preto-sp-e-regiao-ismael-colosi\/"},"img":{"alt_text":"","src":"https:\/\/i0.wp.com\/noticiasribeiraopreto.com.br\/wp-content\/uploads\/2026\/04\/LUZ-POLICIA_2025-09-12_13-17-49.webp.webp?fit=1200%2C672&ssl=1&resize=350%2C200","width":350,"height":200,"srcset":"https:\/\/i0.wp.com\/noticiasribeiraopreto.com.br\/wp-content\/uploads\/2026\/04\/LUZ-POLICIA_2025-09-12_13-17-49.webp.webp?fit=1200%2C672&ssl=1&resize=350%2C200 1x, https:\/\/i0.wp.com\/noticiasribeiraopreto.com.br\/wp-content\/uploads\/2026\/04\/LUZ-POLICIA_2025-09-12_13-17-49.webp.webp?fit=1200%2C672&ssl=1&resize=525%2C300 1.5x, https:\/\/i0.wp.com\/noticiasribeiraopreto.com.br\/wp-content\/uploads\/2026\/04\/LUZ-POLICIA_2025-09-12_13-17-49.webp.webp?fit=1200%2C672&ssl=1&resize=700%2C400 2x, https:\/\/i0.wp.com\/noticiasribeiraopreto.com.br\/wp-content\/uploads\/2026\/04\/LUZ-POLICIA_2025-09-12_13-17-49.webp.webp?fit=1200%2C672&ssl=1&resize=1050%2C600 3x"},"classes":[]},{"id":57596,"url":"https:\/\/noticiasribeiraopreto.com.br\/index.php\/2024\/09\/05\/assaltantes-fazem-casal-refem-agridem-vitima-e-roubam-cofre-vazio-em-ribeirao\/","url_meta":{"origin":91088,"position":1},"title":"Assaltantes fazem casal ref\u00e9m, agridem v\u00edtima e roubam cofre vazio em Ribeir\u00e3o","author":"noticiasribeiraopreto.com.br","date":"5 de September de 2024","format":false,"excerpt":"Dois criminosos, um dos quais com uma arma de fogo, fizeram um casal ref\u00e9m e agrediram uma das v\u00edtimas durante um assalto no in\u00edcio da noite desta quarta-feira (4), no bairro Campos El\u00edseos, zona Norte de Ribeir\u00e3o Preto. Segundo o boletim de ocorr\u00eancia (BO), a v\u00edtima \u2013 um homem de\u2026","rel":"","context":"In &quot;Not\u00edcias de Ribeir\u00e3o Preto-SP e Regi\u00e3o&quot;","block_context":{"text":"Not\u00edcias de Ribeir\u00e3o Preto-SP e Regi\u00e3o","link":"https:\/\/noticiasribeiraopreto.com.br\/index.php\/category\/noticias-de-ribeirao-preto-sp-e-regiao-ismael-colosi\/"},"img":{"alt_text":"","src":"https:\/\/i0.wp.com\/noticiasribeiraopreto.com.br\/wp-content\/uploads\/2024\/09\/pm_qru_1024x576_25052021184558.jpg?fit=1024%2C576&ssl=1&resize=350%2C200","width":350,"height":200,"srcset":"https:\/\/i0.wp.com\/noticiasribeiraopreto.com.br\/wp-content\/uploads\/2024\/09\/pm_qru_1024x576_25052021184558.jpg?fit=1024%2C576&ssl=1&resize=350%2C200 1x, https:\/\/i0.wp.com\/noticiasribeiraopreto.com.br\/wp-content\/uploads\/2024\/09\/pm_qru_1024x576_25052021184558.jpg?fit=1024%2C576&ssl=1&resize=525%2C300 1.5x, https:\/\/i0.wp.com\/noticiasribeiraopreto.com.br\/wp-content\/uploads\/2024\/09\/pm_qru_1024x576_25052021184558.jpg?fit=1024%2C576&ssl=1&resize=700%2C400 2x"},"classes":[]},{"id":86505,"url":"https:\/\/noticiasribeiraopreto.com.br\/index.php\/2026\/06\/15\/video-bandidos-fazem-familia-refem-na-zona-leste\/","url_meta":{"origin":91088,"position":2},"title":"V\u00cdDEO &#8211; Bandidos fazem fam\u00edlia ref\u00e9m na zona Leste","author":"noticiasribeiraopreto.com.br","date":"15 de June de 2026","format":false,"excerpt":"\r \r \r Dupla armada e encapuzada invadiu \u00e1rea de lazer para roubar e deixou pessoas em p\u00e2nico durante assalto\r \r 15 de junho de 2026 11:2515 de junho de 2026 11:25 \r Compartilhar0 \r \r | Por: Adalberto Luque | Uma fam\u00edlia foi feita ref\u00e9m e amea\u00e7ada com armas\u2026","rel":"","context":"In &quot;Not\u00edcias de Ribeir\u00e3o Preto-SP e Regi\u00e3o&quot;","block_context":{"text":"Not\u00edcias de Ribeir\u00e3o Preto-SP e Regi\u00e3o","link":"https:\/\/noticiasribeiraopreto.com.br\/index.php\/category\/noticias-de-ribeirao-preto-sp-e-regiao-ismael-colosi\/"},"img":{"alt_text":"","src":"https:\/\/i0.wp.com\/noticiasribeiraopreto.com.br\/wp-content\/uploads\/2026\/06\/15-jun-2026-assaltochacara.jpg?fit=1114%2C622&ssl=1&resize=350%2C200","width":350,"height":200,"srcset":"https:\/\/i0.wp.com\/noticiasribeiraopreto.com.br\/wp-content\/uploads\/2026\/06\/15-jun-2026-assaltochacara.jpg?fit=1114%2C622&ssl=1&resize=350%2C200 1x, https:\/\/i0.wp.com\/noticiasribeiraopreto.com.br\/wp-content\/uploads\/2026\/06\/15-jun-2026-assaltochacara.jpg?fit=1114%2C622&ssl=1&resize=525%2C300 1.5x, https:\/\/i0.wp.com\/noticiasribeiraopreto.com.br\/wp-content\/uploads\/2026\/06\/15-jun-2026-assaltochacara.jpg?fit=1114%2C622&ssl=1&resize=700%2C400 2x, https:\/\/i0.wp.com\/noticiasribeiraopreto.com.br\/wp-content\/uploads\/2026\/06\/15-jun-2026-assaltochacara.jpg?fit=1114%2C622&ssl=1&resize=1050%2C600 3x"},"classes":[]},{"id":77319,"url":"https:\/\/noticiasribeiraopreto.com.br\/index.php\/2025\/09\/16\/homem-morre-apos-resistir-a-prisao-em-rp\/","url_meta":{"origin":91088,"position":3},"title":"Homem morre ap\u00f3s resistir \u00e0 pris\u00e3o em RP","author":"noticiasribeiraopreto.com.br","date":"16 de September de 2025","format":false,"excerpt":"Ele e um comparsa haviam feito uma fam\u00edlia ref\u00e9m, roubando seus pertences e o carro no Sul de Minas Gerais 16 de setembro de 2025 10:353 Compartilhar0 Um homem morreu ap\u00f3s reagir \u00e0 pris\u00e3o no final da tarde desta segunda-feira (15). Ele e outro homem s\u00e3o suspeitos de fazer uma\u2026","rel":"","context":"In &quot;Not\u00edcias de Ribeir\u00e3o Preto-SP e Regi\u00e3o&quot;","block_context":{"text":"Not\u00edcias de Ribeir\u00e3o Preto-SP e Regi\u00e3o","link":"https:\/\/noticiasribeiraopreto.com.br\/index.php\/category\/noticias-de-ribeirao-preto-sp-e-regiao-ismael-colosi\/"},"img":{"alt_text":"","src":"https:\/\/i0.wp.com\/noticiasribeiraopreto.com.br\/wp-content\/uploads\/2025\/09\/BAEP-2-Foto-Divulgacao-PM-1.jpg?fit=624%2C455&ssl=1&resize=350%2C200","width":350,"height":200,"srcset":"https:\/\/i0.wp.com\/noticiasribeiraopreto.com.br\/wp-content\/uploads\/2025\/09\/BAEP-2-Foto-Divulgacao-PM-1.jpg?fit=624%2C455&ssl=1&resize=350%2C200 1x, https:\/\/i0.wp.com\/noticiasribeiraopreto.com.br\/wp-content\/uploads\/2025\/09\/BAEP-2-Foto-Divulgacao-PM-1.jpg?fit=624%2C455&ssl=1&resize=525%2C300 1.5x"},"classes":[]},{"id":78598,"url":"https:\/\/noticiasribeiraopreto.com.br\/index.php\/2025\/10\/14\/vitima-e-amarrada-durante-roubo-a-residencia-na-regiao-de-ribeirao-preto\/","url_meta":{"origin":91088,"position":4},"title":"V\u00edtima \u00e9 amarrada durante roubo a resid\u00eancia na regi\u00e3o de Ribeir\u00e3o Preto","author":"noticiasribeiraopreto.com.br","date":"14 de October de 2025","format":false,"excerpt":"Uma v\u00edtima foi amarrada em um roubo a resid\u00eancia na noite desta segunda-feira (13), em Miguel\u00f3polis, a 130 quil\u00f4metros de Ribeir\u00e3o Preto. Segundo a PM (Pol\u00edcia Militar), tr\u00eas criminosos encapuzados e um deles com arma de fogo invadiram a casa, na rua Casemiro Almeida Barreto, anunciaram o assalto e amarraram\u2026","rel":"","context":"In &quot;Not\u00edcias de Ribeir\u00e3o Preto-SP e Regi\u00e3o&quot;","block_context":{"text":"Not\u00edcias de Ribeir\u00e3o Preto-SP e Regi\u00e3o","link":"https:\/\/noticiasribeiraopreto.com.br\/index.php\/category\/noticias-de-ribeirao-preto-sp-e-regiao-ismael-colosi\/"},"img":{"alt_text":"","src":"https:\/\/i0.wp.com\/noticiasribeiraopreto.com.br\/wp-content\/uploads\/2025\/10\/WhatsApp-Image-2025-10-14-at-12.49.01_2025-10-14_15-51-46.webp.webp?fit=1200%2C675&ssl=1&resize=350%2C200","width":350,"height":200,"srcset":"https:\/\/i0.wp.com\/noticiasribeiraopreto.com.br\/wp-content\/uploads\/2025\/10\/WhatsApp-Image-2025-10-14-at-12.49.01_2025-10-14_15-51-46.webp.webp?fit=1200%2C675&ssl=1&resize=350%2C200 1x, https:\/\/i0.wp.com\/noticiasribeiraopreto.com.br\/wp-content\/uploads\/2025\/10\/WhatsApp-Image-2025-10-14-at-12.49.01_2025-10-14_15-51-46.webp.webp?fit=1200%2C675&ssl=1&resize=525%2C300 1.5x, https:\/\/i0.wp.com\/noticiasribeiraopreto.com.br\/wp-content\/uploads\/2025\/10\/WhatsApp-Image-2025-10-14-at-12.49.01_2025-10-14_15-51-46.webp.webp?fit=1200%2C675&ssl=1&resize=700%2C400 2x, https:\/\/i0.wp.com\/noticiasribeiraopreto.com.br\/wp-content\/uploads\/2025\/10\/WhatsApp-Image-2025-10-14-at-12.49.01_2025-10-14_15-51-46.webp.webp?fit=1200%2C675&ssl=1&resize=1050%2C600 3x"},"classes":[]},{"id":49318,"url":"https:\/\/noticiasribeiraopreto.com.br\/index.php\/2024\/05\/09\/pai-mantem-filho-refem-na-zona-oeste-de-ribeirao-preto\/","url_meta":{"origin":91088,"position":5},"title":"Pai mant\u00e9m filho ref\u00e9m na zona Oeste de Ribeir\u00e3o Preto","author":"noticiasribeiraopreto.com.br","date":"9 de May de 2024","format":false,"excerpt":"Uma crian\u00e7a de nove anos foi feita ref\u00e9m pelo pai por cerca de duas horas, na noite desta quinta-feira (9), na rua Carlos Macedo de Mattos, no Jardim Paulo Gomes Romeu, zona Oeste de Ribeir\u00e3o Preto. De acordo com a Pol\u00edcia Militar, a crian\u00e7a necessita de cuidados especiais e vive\u2026","rel":"","context":"In &quot;Not\u00edcias de Ribeir\u00e3o Preto-SP e Regi\u00e3o&quot;","block_context":{"text":"Not\u00edcias de Ribeir\u00e3o Preto-SP e Regi\u00e3o","link":"https:\/\/noticiasribeiraopreto.com.br\/index.php\/category\/noticias-de-ribeirao-preto-sp-e-regiao-ismael-colosi\/"},"img":{"alt_text":"","src":"https:\/\/i0.wp.com\/noticiasribeiraopreto.com.br\/wp-content\/uploads\/2024\/05\/IMG_1978_2024-05-10_02-39-47_jpeg_2024-05-10_02-39-47.webp.webp?fit=750%2C654&ssl=1&resize=350%2C200","width":350,"height":200,"srcset":"https:\/\/i0.wp.com\/noticiasribeiraopreto.com.br\/wp-content\/uploads\/2024\/05\/IMG_1978_2024-05-10_02-39-47_jpeg_2024-05-10_02-39-47.webp.webp?fit=750%2C654&ssl=1&resize=350%2C200 1x, https:\/\/i0.wp.com\/noticiasribeiraopreto.com.br\/wp-content\/uploads\/2024\/05\/IMG_1978_2024-05-10_02-39-47_jpeg_2024-05-10_02-39-47.webp.webp?fit=750%2C654&ssl=1&resize=525%2C300 1.5x, https:\/\/i0.wp.com\/noticiasribeiraopreto.com.br\/wp-content\/uploads\/2024\/05\/IMG_1978_2024-05-10_02-39-47_jpeg_2024-05-10_02-39-47.webp.webp?fit=750%2C654&ssl=1&resize=700%2C400 2x"},"classes":[]}],"jetpack_sharing_enabled":true,"jetpack_shortlink":"https:\/\/wp.me\/peQAOb-nHa","jetpack_featured_media_url":"https:\/\/i0.wp.com\/noticiasribeiraopreto.com.br\/wp-content\/uploads\/2026\/09\/roubo-casa-jardinopolis-1.jpg?fit=1200%2C675&ssl=1","_links":{"self":[{"href":"https:\/\/noticiasribeiraopreto.com.br\/index.php\/wp-json\/wp\/v2\/posts\/91088","targetHints":{"allow":["GET"]}}],"collection":[{"href":"https:\/\/noticiasribeiraopreto.com.br\/index.php\/wp-json\/wp\/v2\/posts"}],"about":[{"href":"https:\/\/noticiasribeiraopreto.com.br\/index.php\/wp-json\/wp\/v2\/types\/post"}],"author":[{"embeddable":true,"href":"https:\/\/noticiasribeiraopreto.com.br\/index.php\/wp-json\/wp\/v2\/users\/1"}],"replies":[{"embeddable":true,"href":"https:\/\/noticiasribeiraopreto.com.br\/index.php\/wp-json\/wp\/v2\/comments?post=91088"}],"version-history":[{"count":0,"href":"https:\/\/noticiasribeiraopreto.com.br\/index.php\/wp-json\/wp\/v2\/posts\/91088\/revisions"}],"wp:featuredmedia":[{"embeddable":true,"href":"https:\/\/noticiasribeiraopreto.com.br\/index.php\/wp-json\/wp\/v2\/media\/91089"}],"wp:attachment":[{"href":"https:\/\/noticiasribeiraopreto.com.br\/index.php\/wp-json\/wp\/v2\/media?parent=91088"}],"wp:term":[{"taxonomy":"category","embeddable":true,"href":"https:\/\/noticiasribeiraopreto.com.br\/index.php\/wp-json\/wp\/v2\/categories?post=91088"},{"taxonomy":"post_tag","embeddable":true,"href":"https:\/\/noticiasribeiraopreto.com.br\/index.php\/wp-json\/wp\/v2\/tags?post=91088"}],"curies":[{"name":"wp","href":"https:\/\/api.w.org\/{rel}","templated":true}]}}