{"id":91090,"date":"2026-09-04T10:59:40","date_gmt":"2026-09-04T13:59:40","guid":{"rendered":"https:\/\/noticiasribeiraopreto.com.br\/index.php\/2026\/09\/04\/homem-e-preso-por-golpe-que-usava-nome-da-ambev\/"},"modified":"2026-09-04T10:59:40","modified_gmt":"2026-09-04T13:59:40","slug":"homem-e-preso-por-golpe-que-usava-nome-da-ambev","status":"publish","type":"post","link":"https:\/\/noticiasribeiraopreto.com.br\/index.php\/2026\/09\/04\/homem-e-preso-por-golpe-que-usava-nome-da-ambev\/","title":{"rendered":"Homem \u00e9 preso por golpe que usava nome da Ambev"},"content":{"rendered":"<div class='code-block code-block-1' style='margin: 8px 0 8px auto; text-align: right; display: block; clear: both;'>\n<p><a href=\"https:\/\/wa.link\/vpicfd\"><img data-recalc-dims=\"1\" class=\"wp-image-4922\" style=\"aspect-ratio: 2.0253164556962027; width: 561px; height: auto;\" src=\"https:\/\/i0.wp.com\/ismaelcolosi.com.br\/wp-content\/uploads\/2023\/11\/grupo-de-empregos-whatsapp-e-facebook-ismael-colosi-vagas.jpg?ssl=1\" alt=\"\" \/><\/a><\/p>\n<!-- \/wp:image -->\n<\/div>\n<p> <br \/>\n<\/p>\n<div id=\"\">&#13;<\/p>\n<h2 class=\"penci-post-subtitle\">Investiga\u00e7\u00e3o da Pol\u00edcia Civil de Barretos identificou suspeito preso na Capital, com R$ 100 mil em dinheiro; golpe causou preju\u00edzo de R$ 120 mil<\/h2>\n<p>&#13;<\/p>\n<p>&#13;<br \/>\n\t\t\t\t\t\t\t\t\t<span class=\"entry-meta-item penci-posted-on\"><i class=\"fa fa-clock-o\"\/><time class=\"entry-date published\" datetime=\"2026-09-04T10:55:42-03:00\">4 de setembro de 2026 10:55<\/time><time class=\"updated\" datetime=\"2026-09-04T10:56:30-03:00\">4 de setembro de 2026 10:56<\/time><\/span><span class=\"entry-meta-item penci-post-countview\"\/>\t\t\t\t\t\t\t\t<\/p>\n<p><!-- .entry-meta -->&#13;<br \/>\n\t\t\t\t\t\t\t\t<span class=\"penci-social-buttons penci-social-share-footer\"><span class=\"penci-social-share-text\">Compartilhar<\/span><a href=\"#\" class=\"penci-post-like penci_post-meta_item  single-like-button penci-social-item like\" data-post_id=\"476072\" title=\"Like\" data-like=\"Like\" data-unlike=\"Unlike\"><i class=\"fa fa-thumbs-o-up\"\/><span class=\"penci-share-number\">2<\/span><\/a><i class=\"fa fa-facebook\"\/><a class=\"penci-social-item twitter\" target=\"_blank\" rel=\"noopener\" title=\"\" href=\"https:\/\/twitter.com\/intent\/tweet?text=Homem%20\u00e9%20preso%20por%20golpe%20que%20usava%20nome%20da%20Ambev%20-%20https:\/\/www.tribunaribeirao.com.br\/homem-e-preso-por-golpe-que-usava-nome-da-ambev\/\"><i class=\"fa fa-twitter\"\/><\/a><i class=\"fa fa-linkedin\"\/><i class=\"fa fa-whatsapp\"\/><i class=\"fa fa-telegram\"\/><i class=\"fa fa-envelope\"\/><\/span>\t\t\t\t\t\t\t<\/div>\n<div>\n<p>| Por: Adalberto Luque |<\/p>\n<p>Um homem de 36 anos foi preso, na manh\u00e3 desta sexta-feira (4), por aplicar um golpe que usava a identidade visual da Ambev para atrair v\u00edtimas. A pris\u00e3o ocorreu no bairro de Itaquera, na zona Leste da Capital, e \u00e9 resultado de uma investiga\u00e7\u00e3o realizada pela Central de Pol\u00edcia Judici\u00e1ria (CPJ) de Barretos, cidade distante 130 km de Ribeir\u00e3o Preto.<\/p>\n<p>A investiga\u00e7\u00e3o come\u00e7ou depois que uma v\u00edtima de Barretos procurou a Pol\u00edcia Civil e relatou ter sido enganada por pessoas que se apresentavam como representantes da Ambev. Ao pesquisar na internet por um fornecedor de bebidas, ela encontrou um n\u00famero de telefone que aparentava estar vinculado \u00e0 empresa.<\/p>\n<p>Durante as conversas, os criminosos se apresentaram como funcion\u00e1rios respons\u00e1veis pelo atendimento comercial. A v\u00edtima fez pagamentos por meio de PIX, acreditando que estava comprando bebidas para uma comemora\u00e7\u00e3o particular.<\/p>\n<figure id=\"attachment_476075\" aria-describedby=\"caption-attachment-476075\" style=\"width: 792px\" class=\"wp-caption alignnone\"><figcaption id=\"caption-attachment-476075\" class=\"wp-caption-text\">Suspeito foi preso por policiais civis da regi\u00e3o na zona Leste da Capital (Foto: Divulga\u00e7\u00e3o)<\/figcaption><\/figure>\n<p>Depois dos pagamentos, ela foi orientada a instalar um suposto aplicativo da empresa. Durante o procedimento, os criminosos conseguiram bloquear o celular da v\u00edtima remotamente.<\/p>\n<p>Ao procurar as institui\u00e7\u00f5es banc\u00e1rias, a v\u00edtima constatou que haviam sido realizadas diversas movimenta\u00e7\u00f5es financeiras sem autoriza\u00e7\u00e3o. Tamb\u00e9m foram contratados empr\u00e9stimos em seu nome, causando um preju\u00edzo estimado em mais de R$ 120 mil.<\/p>\n<p>Segundo o delegado Gustavo coelho, no decorrer da investiga\u00e7\u00e3o, a Pol\u00edcia Civil identificou que o mesmo tipo de golpe havia sido aplicado contra outras v\u00edtimas no Estado de S\u00e3o Paulo. Os investigadores descobriram ainda uma estrutura respons\u00e1vel pela cria\u00e7\u00e3o e divulga\u00e7\u00e3o de an\u00fancios falsos relacionados \u00e0 marca Ambev.<\/p>\n<figure id=\"attachment_476074\" aria-describedby=\"caption-attachment-476074\" style=\"width: 1061px\" class=\"wp-caption alignnone\"><img data-recalc-dims=\"1\" loading=\"lazy\" decoding=\"async\" class=\"size-full wp-image-476074 lazyload\" src=\"https:\/\/i0.wp.com\/www.tribunaribeirao.com.br\/wp-content\/uploads\/2026\/09\/04-set-2026-golpeambev2.jpg?resize=1061%2C631&#038;ssl=1\" alt=\"\" width=\"1061\" height=\"631\" srcset=\"https:\/\/www.tribunaribeirao.com.br\/wp-content\/uploads\/2026\/09\/04-set-2026-golpeambev2.jpg 1061w, https:\/\/www.tribunaribeirao.com.br\/wp-content\/uploads\/2026\/09\/04-set-2026-golpeambev2-300x178.jpg 300w, https:\/\/www.tribunaribeirao.com.br\/wp-content\/uploads\/2026\/09\/04-set-2026-golpeambev2-1024x609.jpg 1024w, https:\/\/www.tribunaribeirao.com.br\/wp-content\/uploads\/2026\/09\/04-set-2026-golpeambev2-768x457.jpg 768w, https:\/\/www.tribunaribeirao.com.br\/wp-content\/uploads\/2026\/09\/04-set-2026-golpeambev2-960x571.jpg 960w, https:\/\/www.tribunaribeirao.com.br\/wp-content\/uploads\/2026\/09\/04-set-2026-golpeambev2-673x400.jpg 673w, https:\/\/www.tribunaribeirao.com.br\/wp-content\/uploads\/2026\/09\/04-set-2026-golpeambev2-585x348.jpg 585w\" data-sizes=\"(max-width: 1061px) 100vw, 1061px\" style=\"--smush-placeholder-width: 1061px; --smush-placeholder-aspect-ratio: 1061\/631;\"\/><figcaption id=\"caption-attachment-476074\" class=\"wp-caption-text\">O delegado Gustavo Coelho disse que, no decorrer das investiga\u00e7\u00f5es, os policiais descobriram que o golpe j\u00e1 havia causado preju\u00edzo a outras pessoas, em diferentes regi\u00f5es do Estado (Foto: Divulga\u00e7\u00e3o)<\/figcaption><\/figure>\n<p>Os an\u00fancios eram utilizados para atrair as v\u00edtimas e encaminh\u00e1-las para canais de atendimento controlados pelos criminosos. A investiga\u00e7\u00e3o identificou o homem de 36 anos, residente na cidade de S\u00e3o Paulo, como um dos envolvidos no esquema.<\/p>\n<p>Com os elementos reunidos durante a investiga\u00e7\u00e3o, a Pol\u00edcia Civil pediu \u00e0 Justi\u00e7a a pris\u00e3o preventiva do suspeito e a expedi\u00e7\u00e3o de um mandado de busca e apreens\u00e3o no endere\u00e7o localizado na Capital. Os pedidos foram autorizados pelo Poder Judici\u00e1rio.<\/p>\n<p>Durante a opera\u00e7\u00e3o, o homem foi localizado e preso. Na busca realizada na resid\u00eancia, os policiais encontraram R$ 100 mil em dinheiro e aparelhos eletr\u00f4nicos.<\/p>\n<p>A Pol\u00edcia Civil continua analisando o material apreendido e realizando outras dilig\u00eancias para esclarecer completamente os fatos, identificar poss\u00edveis comparsas e apurar a participa\u00e7\u00e3o dos envolvidos.<\/p>\n<div style=\"background-color: #f4f4f5; border: 1px solid #d4d4d8; padding: 15px; margin: 20px 0; border-radius: 6px; font-family: sans-serif; line-height: 1.5;\">\n    <span style=\"color: #27272a;\">Inscreva-se em nosso Canal no Whatsapp e fique por dentro de tudo que acontece na regi\u00e3o. <\/span><br \/>\n    <a href=\"https:\/\/whatsapp.com\/channel\/0029VanuE2o7z4kYjo0XVS3u\" target=\"_blank\" rel=\"noopener noreferrer\" style=\"color: #16a34a; font-weight: bold; text-decoration: underline;\">Clique Aqui!<\/a>\n<\/div>\n<\/div>\n<p><script async src=\"\/\/platform.twitter.com\/widgets.js\" charset=\"utf-8\"><\/script><br \/>\n<br \/><br \/>\n<br \/><a href=\"https:\/\/www.tribunaribeirao.com.br\/homem-e-preso-por-golpe-que-usava-nome-da-ambev\/\">Texto original daqui <\/a><\/p>\n<!-- CONTENT END 1 -->\n","protected":false},"excerpt":{"rendered":"<p>&#13; Investiga\u00e7\u00e3o da Pol\u00edcia Civil de Barretos identificou suspeito preso na Capital, com R$ 100 mil em dinheiro; golpe causou preju\u00edzo de R$ 120 mil&#8230;<\/p>\n","protected":false},"author":1,"featured_media":91091,"comment_status":"","ping_status":"","sticky":false,"template":"","format":"standard","meta":{"advanced_seo_description":"","jetpack_seo_html_title":"","jetpack_seo_noindex":false,"jetpack_seo_schema_type":"","_jetpack_newsletter_access":"","_jetpack_dont_email_post_to_subs":false,"_jetpack_newsletter_tier_id":0,"_jetpack_memberships_contains_paywalled_content":false,"_jetpack_feature_clip_id":0,"_jetpack_memberships_contains_paid_content":false,"footnotes":"","jetpack_publicize_message":"","jetpack_publicize_feature_enabled":true,"jetpack_social_post_already_shared":true,"jetpack_social_options":{"image_generator_settings":{"template":"highway","default_image_id":0,"font":"","enabled":false},"version":2},"jetpack_post_was_ever_published":false},"categories":[11],"tags":[8933,25,59,1804,134,36,8932],"class_list":["post-91090","post","type-post","status-publish","format-standard","has-post-thumbnail","hentry","category-noticias-de-ribeirao-preto-sp-e-regiao-ismael-colosi","tag-ambev","tag-golpe","tag-homem","tag-nome","tag-por","tag-preso","tag-usava"],"jetpack_publicize_connections":[],"jetpack-related-posts":[{"id":81274,"url":"https:\/\/noticiasribeiraopreto.com.br\/index.php\/2025\/12\/30\/homem-e-preso-por-golpe-do-falso-resgate-de-animais-de-estimacao-em-franca\/","url_meta":{"origin":91090,"position":0},"title":"Homem \u00e9 preso por golpe do falso resgate de animais de estima\u00e7\u00e3o em Franca","author":"noticiasribeiraopreto.com.br","date":"30 de December de 2025","format":false,"excerpt":"\r \r \r 30 de dezembro de 2025 13:22 \r Compartilhar0 Um homem, de 29 anos, foi preso pela Pol\u00edcia Civil, nesta ter\u00e7a-feira (30), supeito de extorquir pessoas que tentavam recuperar animais de estima\u00e7\u00e3o perdidos com campanhas pelas redes sociais. Segundo a investiga\u00e7\u00e3o, ele entrava em contato, fingia estar com\u2026","rel":"","context":"In &quot;Not\u00edcias de Ribeir\u00e3o Preto-SP e Regi\u00e3o&quot;","block_context":{"text":"Not\u00edcias de Ribeir\u00e3o Preto-SP e Regi\u00e3o","link":"https:\/\/noticiasribeiraopreto.com.br\/index.php\/category\/noticias-de-ribeirao-preto-sp-e-regiao-ismael-colosi\/"},"img":{"alt_text":"","src":"https:\/\/i0.wp.com\/noticiasribeiraopreto.com.br\/wp-content\/uploads\/2025\/12\/Captura-de-tela-2025-12-30-131453.png?fit=424%2C246&ssl=1&resize=350%2C200","width":350,"height":200},"classes":[]},{"id":89162,"url":"https:\/\/noticiasribeiraopreto.com.br\/index.php\/2026\/07\/31\/ex-gerente-de-empresa-de-turismo-e-preso-por-aplicar-golpes-em-clientes-na-regiao-de-ribeirao-preto-prejuizos-ultrapassam-r-100-mil\/","url_meta":{"origin":91090,"position":1},"title":"Ex-gerente de empresa de turismo \u00e9 preso por aplicar golpes em clientes na regi\u00e3o de Ribeir\u00e3o Preto; Preju\u00edzos ultrapassam R$ 100 mil","author":"noticiasribeiraopreto.com.br","date":"31 de July de 2026","format":false,"excerpt":"Um ex-gerente de 27 anos de uma ag\u00eancia de turismo de Barretos, na regi\u00e3o de Ribeir\u00e3o Preto, foi preso nesta sexta-feira (31) em S\u00e3o Carlos acusado de aplicar golpes em clientes. Ele \u00e9 investigado por furto qualificado, estelionato e falsifica\u00e7\u00e3o de documento. Os nomes do suspeito e da ag\u00eancia n\u00e3o\u2026","rel":"","context":"In &quot;Not\u00edcias de Ribeir\u00e3o Preto-SP e Regi\u00e3o&quot;","block_context":{"text":"Not\u00edcias de Ribeir\u00e3o Preto-SP e Regi\u00e3o","link":"https:\/\/noticiasribeiraopreto.com.br\/index.php\/category\/noticias-de-ribeirao-preto-sp-e-regiao-ismael-colosi\/"},"img":{"alt_text":"","src":"https:\/\/i0.wp.com\/noticiasribeiraopreto.com.br\/wp-content\/uploads\/2026\/07\/Ex-gerente-de-empresa-de-turismo-e-preso-por-aplicar-golpes-em-clientes-na-regiao-de-Ribeirao-Preto.jpeg?fit=1179%2C652&ssl=1&resize=350%2C200","width":350,"height":200,"srcset":"https:\/\/i0.wp.com\/noticiasribeiraopreto.com.br\/wp-content\/uploads\/2026\/07\/Ex-gerente-de-empresa-de-turismo-e-preso-por-aplicar-golpes-em-clientes-na-regiao-de-Ribeirao-Preto.jpeg?fit=1179%2C652&ssl=1&resize=350%2C200 1x, https:\/\/i0.wp.com\/noticiasribeiraopreto.com.br\/wp-content\/uploads\/2026\/07\/Ex-gerente-de-empresa-de-turismo-e-preso-por-aplicar-golpes-em-clientes-na-regiao-de-Ribeirao-Preto.jpeg?fit=1179%2C652&ssl=1&resize=525%2C300 1.5x, https:\/\/i0.wp.com\/noticiasribeiraopreto.com.br\/wp-content\/uploads\/2026\/07\/Ex-gerente-de-empresa-de-turismo-e-preso-por-aplicar-golpes-em-clientes-na-regiao-de-Ribeirao-Preto.jpeg?fit=1179%2C652&ssl=1&resize=700%2C400 2x, https:\/\/i0.wp.com\/noticiasribeiraopreto.com.br\/wp-content\/uploads\/2026\/07\/Ex-gerente-de-empresa-de-turismo-e-preso-por-aplicar-golpes-em-clientes-na-regiao-de-Ribeirao-Preto.jpeg?fit=1179%2C652&ssl=1&resize=1050%2C600 3x"},"classes":[]},{"id":49664,"url":"https:\/\/noticiasribeiraopreto.com.br\/index.php\/2024\/05\/12\/suspeitos-de-aplicar-golpe-de-r-240-mil-em-idoso-sao-presos-em-ribeirao-preto\/","url_meta":{"origin":91090,"position":2},"title":"Suspeitos de aplicar golpe de R$ 240 mil em idoso s\u00e3o presos em Ribeir\u00e3o Preto","author":"noticiasribeiraopreto.com.br","date":"12 de May de 2024","format":false,"excerpt":"A Pol\u00edcia Civil de Sert\u00e3ozinho prendeu, na manh\u00e3 deste domingo (12), tr\u00eas suspeitos de aplicarem o golpe do bilhete premiado em um idoso, de 77 anos, em Jaboticabal, na regi\u00e3o de Ribeir\u00e3o Preto. Na ocasi\u00e3o, a v\u00edtima perdeu R$ 240 mil. Segundo o delegado DIG\/Dise Rodrigo Bortoletto, eles receberam den\u00fancia\u2026","rel":"","context":"In &quot;Not\u00edcias de Ribeir\u00e3o Preto-SP e Regi\u00e3o&quot;","block_context":{"text":"Not\u00edcias de Ribeir\u00e3o Preto-SP e Regi\u00e3o","link":"https:\/\/noticiasribeiraopreto.com.br\/index.php\/category\/noticias-de-ribeirao-preto-sp-e-regiao-ismael-colosi\/"},"img":{"alt_text":"","src":"https:\/\/i0.wp.com\/noticiasribeiraopreto.com.br\/wp-content\/uploads\/2024\/05\/Capturar_2024-05-12_18-15-42_jpg_2024-05-12_18-15-42.webp.webp?fit=790%2C475&ssl=1&resize=350%2C200","width":350,"height":200,"srcset":"https:\/\/i0.wp.com\/noticiasribeiraopreto.com.br\/wp-content\/uploads\/2024\/05\/Capturar_2024-05-12_18-15-42_jpg_2024-05-12_18-15-42.webp.webp?fit=790%2C475&ssl=1&resize=350%2C200 1x, https:\/\/i0.wp.com\/noticiasribeiraopreto.com.br\/wp-content\/uploads\/2024\/05\/Capturar_2024-05-12_18-15-42_jpg_2024-05-12_18-15-42.webp.webp?fit=790%2C475&ssl=1&resize=525%2C300 1.5x, https:\/\/i0.wp.com\/noticiasribeiraopreto.com.br\/wp-content\/uploads\/2024\/05\/Capturar_2024-05-12_18-15-42_jpg_2024-05-12_18-15-42.webp.webp?fit=790%2C475&ssl=1&resize=700%2C400 2x"},"classes":[]},{"id":84437,"url":"https:\/\/noticiasribeiraopreto.com.br\/index.php\/2026\/04\/09\/apos-deixar-ribeirao-preto-homem-apontado-como-lider-de-quadrilha-suspeita-de-golpes-estaria-na-china\/","url_meta":{"origin":91090,"position":3},"title":"Ap\u00f3s deixar Ribeir\u00e3o Preto, homem apontado como l\u00edder de quadrilha suspeita de golpes estaria na China","author":"noticiasribeiraopreto.com.br","date":"9 de April de 2026","format":false,"excerpt":"Ler o resumo da not\u00edcia Homem apontado como l\u00edder de quadrilha de golpes com compras faturadas deixou Ribeir\u00e3o Preto e est\u00e1 na China, segundo investiga\u00e7\u00e3o. Opera\u00e7\u00e3o da Pol\u00edcia Civil cumpre nove mandados de busca e apreens\u00e3o em Ribeir\u00e3o Preto e Limeira nesta quinta-feira (9). Quadrilha usava dados de empresas reais\u2026","rel":"","context":"In &quot;Not\u00edcias de Ribeir\u00e3o Preto-SP e Regi\u00e3o&quot;","block_context":{"text":"Not\u00edcias de Ribeir\u00e3o Preto-SP e Regi\u00e3o","link":"https:\/\/noticiasribeiraopreto.com.br\/index.php\/category\/noticias-de-ribeirao-preto-sp-e-regiao-ismael-colosi\/"},"img":{"alt_text":"","src":"https:\/\/i0.wp.com\/noticiasribeiraopreto.com.br\/wp-content\/uploads\/2026\/04\/delegado_2026-04-09_14-51-25.webp.webp?fit=1200%2C803&ssl=1&resize=350%2C200","width":350,"height":200,"srcset":"https:\/\/i0.wp.com\/noticiasribeiraopreto.com.br\/wp-content\/uploads\/2026\/04\/delegado_2026-04-09_14-51-25.webp.webp?fit=1200%2C803&ssl=1&resize=350%2C200 1x, https:\/\/i0.wp.com\/noticiasribeiraopreto.com.br\/wp-content\/uploads\/2026\/04\/delegado_2026-04-09_14-51-25.webp.webp?fit=1200%2C803&ssl=1&resize=525%2C300 1.5x, https:\/\/i0.wp.com\/noticiasribeiraopreto.com.br\/wp-content\/uploads\/2026\/04\/delegado_2026-04-09_14-51-25.webp.webp?fit=1200%2C803&ssl=1&resize=700%2C400 2x, https:\/\/i0.wp.com\/noticiasribeiraopreto.com.br\/wp-content\/uploads\/2026\/04\/delegado_2026-04-09_14-51-25.webp.webp?fit=1200%2C803&ssl=1&resize=1050%2C600 3x"},"classes":[]},{"id":90896,"url":"https:\/\/noticiasribeiraopreto.com.br\/index.php\/2026\/09\/01\/agua-na-cerveja-homem-e-preso-apos-golpe-com-pix\/","url_meta":{"origin":91090,"position":4},"title":"\u00c1gua na cerveja: homem \u00e9 preso ap\u00f3s golpe com PIX","author":"noticiasribeiraopreto.com.br","date":"1 de September de 2026","format":false,"excerpt":"\r Suspeito teria realizado compras de cervejas totalizando alto valor, com pagamentos que foram posteriormente cancelados ou n\u00e3o chegaram a ser creditados\r \r 1 de setembro de 2026 13:28 \r Compartilhar2 | Por: Adalberto Luque | Um homem foi preso em flagrante na noite desta segunda-feira (31), ap\u00f3s ser apontado\u2026","rel":"","context":"In &quot;Not\u00edcias de Ribeir\u00e3o Preto-SP e Regi\u00e3o&quot;","block_context":{"text":"Not\u00edcias de Ribeir\u00e3o Preto-SP e Regi\u00e3o","link":"https:\/\/noticiasribeiraopreto.com.br\/index.php\/category\/noticias-de-ribeirao-preto-sp-e-regiao-ismael-colosi\/"},"img":{"alt_text":"","src":"https:\/\/i0.wp.com\/noticiasribeiraopreto.com.br\/wp-content\/uploads\/2026\/09\/01-set-2026-golpedacerveja1-scaled.jpg?fit=1200%2C675&ssl=1&resize=350%2C200","width":350,"height":200,"srcset":"https:\/\/i0.wp.com\/noticiasribeiraopreto.com.br\/wp-content\/uploads\/2026\/09\/01-set-2026-golpedacerveja1-scaled.jpg?fit=1200%2C675&ssl=1&resize=350%2C200 1x, https:\/\/i0.wp.com\/noticiasribeiraopreto.com.br\/wp-content\/uploads\/2026\/09\/01-set-2026-golpedacerveja1-scaled.jpg?fit=1200%2C675&ssl=1&resize=525%2C300 1.5x, https:\/\/i0.wp.com\/noticiasribeiraopreto.com.br\/wp-content\/uploads\/2026\/09\/01-set-2026-golpedacerveja1-scaled.jpg?fit=1200%2C675&ssl=1&resize=700%2C400 2x, https:\/\/i0.wp.com\/noticiasribeiraopreto.com.br\/wp-content\/uploads\/2026\/09\/01-set-2026-golpedacerveja1-scaled.jpg?fit=1200%2C675&ssl=1&resize=1050%2C600 3x"},"classes":[]},{"id":78466,"url":"https:\/\/noticiasribeiraopreto.com.br\/index.php\/2025\/10\/10\/homem-tenta-fazer-emprestimo-de-r-3-milhoes-em-nome-do-ceo-do-magazine-luiza-e-e-preso-em-franca\/","url_meta":{"origin":91090,"position":5},"title":"Homem tenta fazer empr\u00e9stimo de R$ 3 milh\u00f5es em nome do CEO do Magazine Luiza e \u00e9 preso em Franca","author":"noticiasribeiraopreto.com.br","date":"10 de October de 2025","format":false,"excerpt":"Um homem foi preso em Franca, cidade a 90 quil\u00f4metros de Ribeir\u00e3o Preto, ap\u00f3s tentar aplicar um golpe usando os dados do CEO do Magazine Luiza, Frederico Trajano, filho de Luiza Helena Trajano, na tarde desta sexta-feira (10). Segundo a PM (Pol\u00edcia Militar), um funcion\u00e1rio de uma ag\u00eancia da Caixa\u2026","rel":"","context":"In &quot;Not\u00edcias de Ribeir\u00e3o Preto-SP e Regi\u00e3o&quot;","block_context":{"text":"Not\u00edcias de Ribeir\u00e3o Preto-SP e Regi\u00e3o","link":"https:\/\/noticiasribeiraopreto.com.br\/index.php\/category\/noticias-de-ribeirao-preto-sp-e-regiao-ismael-colosi\/"},"img":{"alt_text":"","src":"https:\/\/i0.wp.com\/noticiasribeiraopreto.com.br\/wp-content\/uploads\/2025\/10\/Copia-de-Copia-de-Copia-de-TAMANHO-EXATO-PARA-FOTOS-NO-SISTEMA-NOVO-2025-10-10T200438.749_2025-10-10_23-04-44.webp.webp?fit=1200%2C675&ssl=1&resize=350%2C200","width":350,"height":200,"srcset":"https:\/\/i0.wp.com\/noticiasribeiraopreto.com.br\/wp-content\/uploads\/2025\/10\/Copia-de-Copia-de-Copia-de-TAMANHO-EXATO-PARA-FOTOS-NO-SISTEMA-NOVO-2025-10-10T200438.749_2025-10-10_23-04-44.webp.webp?fit=1200%2C675&ssl=1&resize=350%2C200 1x, https:\/\/i0.wp.com\/noticiasribeiraopreto.com.br\/wp-content\/uploads\/2025\/10\/Copia-de-Copia-de-Copia-de-TAMANHO-EXATO-PARA-FOTOS-NO-SISTEMA-NOVO-2025-10-10T200438.749_2025-10-10_23-04-44.webp.webp?fit=1200%2C675&ssl=1&resize=525%2C300 1.5x, https:\/\/i0.wp.com\/noticiasribeiraopreto.com.br\/wp-content\/uploads\/2025\/10\/Copia-de-Copia-de-Copia-de-TAMANHO-EXATO-PARA-FOTOS-NO-SISTEMA-NOVO-2025-10-10T200438.749_2025-10-10_23-04-44.webp.webp?fit=1200%2C675&ssl=1&resize=700%2C400 2x, https:\/\/i0.wp.com\/noticiasribeiraopreto.com.br\/wp-content\/uploads\/2025\/10\/Copia-de-Copia-de-Copia-de-TAMANHO-EXATO-PARA-FOTOS-NO-SISTEMA-NOVO-2025-10-10T200438.749_2025-10-10_23-04-44.webp.webp?fit=1200%2C675&ssl=1&resize=1050%2C600 3x"},"classes":[]}],"jetpack_sharing_enabled":true,"jetpack_shortlink":"https:\/\/wp.me\/peQAOb-nHc","jetpack_featured_media_url":"https:\/\/i0.wp.com\/noticiasribeiraopreto.com.br\/wp-content\/uploads\/2026\/09\/04-set-2026-golpeambev1-scaled.jpg?fit=1040%2C780&ssl=1","_links":{"self":[{"href":"https:\/\/noticiasribeiraopreto.com.br\/index.php\/wp-json\/wp\/v2\/posts\/91090","targetHints":{"allow":["GET"]}}],"collection":[{"href":"https:\/\/noticiasribeiraopreto.com.br\/index.php\/wp-json\/wp\/v2\/posts"}],"about":[{"href":"https:\/\/noticiasribeiraopreto.com.br\/index.php\/wp-json\/wp\/v2\/types\/post"}],"author":[{"embeddable":true,"href":"https:\/\/noticiasribeiraopreto.com.br\/index.php\/wp-json\/wp\/v2\/users\/1"}],"replies":[{"embeddable":true,"href":"https:\/\/noticiasribeiraopreto.com.br\/index.php\/wp-json\/wp\/v2\/comments?post=91090"}],"version-history":[{"count":0,"href":"https:\/\/noticiasribeiraopreto.com.br\/index.php\/wp-json\/wp\/v2\/posts\/91090\/revisions"}],"wp:featuredmedia":[{"embeddable":true,"href":"https:\/\/noticiasribeiraopreto.com.br\/index.php\/wp-json\/wp\/v2\/media\/91091"}],"wp:attachment":[{"href":"https:\/\/noticiasribeiraopreto.com.br\/index.php\/wp-json\/wp\/v2\/media?parent=91090"}],"wp:term":[{"taxonomy":"category","embeddable":true,"href":"https:\/\/noticiasribeiraopreto.com.br\/index.php\/wp-json\/wp\/v2\/categories?post=91090"},{"taxonomy":"post_tag","embeddable":true,"href":"https:\/\/noticiasribeiraopreto.com.br\/index.php\/wp-json\/wp\/v2\/tags?post=91090"}],"curies":[{"name":"wp","href":"https:\/\/api.w.org\/{rel}","templated":true}]}}