{"id":91092,"date":"2026-09-04T11:05:13","date_gmt":"2026-09-04T14:05:13","guid":{"rendered":"https:\/\/noticiasribeiraopreto.com.br\/index.php\/2026\/09\/04\/estudo-da-usp-em-ribeirao-preto-seleciona-voluntarias-para-analise-de-fios-de-cabelo\/"},"modified":"2026-09-04T11:05:13","modified_gmt":"2026-09-04T14:05:13","slug":"estudo-da-usp-em-ribeirao-preto-seleciona-voluntarias-para-analise-de-fios-de-cabelo","status":"publish","type":"post","link":"https:\/\/noticiasribeiraopreto.com.br\/index.php\/2026\/09\/04\/estudo-da-usp-em-ribeirao-preto-seleciona-voluntarias-para-analise-de-fios-de-cabelo\/","title":{"rendered":"Estudo da USP em Ribeir\u00e3o Preto seleciona volunt\u00e1rias para an\u00e1lise de fios de cabelo"},"content":{"rendered":"<div class='code-block code-block-1' style='margin: 8px 0 8px auto; text-align: right; display: block; clear: both;'>\n<p><a href=\"https:\/\/wa.link\/vpicfd\"><img data-recalc-dims=\"1\" class=\"wp-image-4922\" style=\"aspect-ratio: 2.0253164556962027; width: 561px; height: auto;\" src=\"https:\/\/i0.wp.com\/ismaelcolosi.com.br\/wp-content\/uploads\/2023\/11\/grupo-de-empregos-whatsapp-e-facebook-ismael-colosi-vagas.jpg?ssl=1\" alt=\"\" \/><\/a><\/p>\n<!-- \/wp:image -->\n<\/div>\n<p> <br \/>\n<\/p>\n<p>A <a href=\"https:\/\/fcfrp.usp.br\/pt\/\" data-type=\"link\" data-id=\"https:\/\/fcfrp.usp.br\/pt\/\" target=\"_blank\" rel=\"noopener\">FCFRP (Faculdade de Ci\u00eancias Farmac\u00eauticas de Ribeir\u00e3o Preto)<\/a> da <strong><a href=\"https:\/\/www5.usp.br\/\" data-type=\"link\" data-id=\"https:\/\/www5.usp.br\/\" target=\"_blank\" rel=\"noopener\">USP (Universidade de S\u00e3o Paulo) <\/a><\/strong>procura por mulheres com idades entre 18 a 35 anos, com cabelos cacheados, crespos, ondulados ou lisos e sem qu\u00edmica para participar de um estudo cl\u00ednico sobre a caracteriza\u00e7\u00e3o mec\u00e2nica do cabelo brasileiro.<\/p>\n<p class=\"has-cyan-bluish-gray-background-color has-background\"><em>Receba not\u00edcias do\u00a0<strong>acidade on Ribeir\u00e3o\u00a0<\/strong>no WhatsApp e fique por dentro de tudo! Basta acessar o link<a href=\"https:\/\/chat.whatsapp.com\/DfXwcjKVIddHUT3BvnQuPZ?mode=hqctshi\" target=\"_blank\" rel=\"noreferrer noopener\">\u00a0aqui<\/a>!<\/em><\/p>\n<p>A pesquisa \u00e9 desenvolvida pelo Neatec (N\u00facleo de Estudos Avan\u00e7ados em Tecnologia de Cosm\u00e9ticos), coordenado pela professora Patricia Maia Campos. A participa\u00e7\u00e3o consiste na doa\u00e7\u00e3o de apenas 20 fios de cabelo, que ser\u00e3o analisados em laborat\u00f3rio.<\/p>\n<h2 class=\"wp-block-heading\"><strong>Como participar do estudo?<\/strong><\/h2>\n<p>As interessadas em participar ou obter mais informa\u00e7\u00f5es devem entrar em contato com a pesquisadora Amanda pelo WhatsApp (16) 98840-6895.<\/p>\n<p><em>Com informa\u00e7\u00f5es\u00a0 Vinicius Pereira\/ Jornal da USP.<\/em><\/p>\n<p><strong>Leia mais:<br \/><\/strong>Feriad\u00e3o em Ribeir\u00e3o Preto tem shows, festivais, exposi\u00e7\u00f5es e programa\u00e7\u00e3o para toda a fam\u00edlia<\/p>\n<p class=\"has-cyan-bluish-gray-background-color has-background\"><em>Fa\u00e7a uma den\u00fancia ou sugira uma reportagem sobre\u00a0<strong>Ribeir\u00e3o Preto\u00a0<\/strong>e regi\u00e3o por meio do WhatsApp do\u00a0<strong>acidade on Ribeir\u00e3o<\/strong>: (16) 99117-7802.<\/em><\/p>\n<h2 class=\"wp-block-heading\"><strong>Ficou sabendo?<\/strong><\/h2>\n<h3 class=\"wp-block-heading\"><strong>Hospital das Cl\u00ednicas abre inscri\u00e7\u00f5es para curso t\u00e9cnico gratuito de enfermagem<\/strong><\/h3>\n<figure class=\"wp-block-image size-large\"><figcaption class=\"wp-element-caption\">Hospital das Cl\u00ednicas oferece curso gratuito de t\u00e9cnico em enfermagem \u2013 Foto: Magnific.<\/figcaption><\/figure>\n<p>O\u00a0<strong>Centro Interescolar do Hospital das Cl\u00ednicas\u00a0<\/strong>da\u00a0<strong>Faculdade de Medicina de Ribeir\u00e3o Preto (HCFMRP-USP)<\/strong>\u00a0abriu inscri\u00e7\u00f5es para o\u00a0<strong>processo seletivo<\/strong>\u00a0do\u00a0<strong>curso t\u00e9cnico em enfermagem<\/strong>.<\/p>\n<p>Ao todo, s\u00e3o oferecidas\u00a0<strong>160 vagas divididas nos per\u00edodos da manh\u00e3, tarde e noite<\/strong>\u00a0\u2013 saiba mais logo abaixo.<\/p>\n<p>As inscri\u00e7\u00f5es devem ser feitas exclusivamente pela\u00a0<strong>internet (<a href=\"https:\/\/www.hcribeirao.sp.gov.br\/hcfmrp\" target=\"_blank\" rel=\"noreferrer noopener\">clique aqui<\/a>) at\u00e9 o dia 18 de setembro de 2026<\/strong>.\u00a0<mark>A taxa de inscri\u00e7\u00e3o \u00e9 de R$ 84,52.<\/mark><\/p>\n<p>O\u00a0<strong>curso \u00e9 gratuito<\/strong>\u00a0e integra o eixo tecnol\u00f3gico de Ambiente e Sa\u00fade, preparando profissionais para atua\u00e7\u00e3o na \u00e1rea de enfermagem por meio de aulas te\u00f3ricas, pr\u00e1ticas e est\u00e1gios supervisionados.<\/p>\n<figure class=\"wp-block-image\"><img data-recalc-dims=\"1\" loading=\"lazy\" decoding=\"async\" width=\"1024\" height=\"576\" src=\"https:\/\/i0.wp.com\/www.acidadeon.com\/ribeiraopreto\/wp-content\/uploads\/sites\/3\/2025\/09\/Copia-de-Copia-de-TAMANHO-EXATO-PARA-FOTOS-NO-SISTEMA-NOVO_2024-07-10_14-29-47_jpg_2024-07-10_14-29-47-1068x601-4-1024x576.webp?resize=1024%2C576&#038;ssl=1\" alt=\"Hospital das Cl\u00ednicas publica processo seletivo para curso de t\u00e9cnico de enfermagem \u2013 Foto: Divulga\u00e7\u00e3o.\" class=\"wp-image-129740\" title=\"Hospital das Cl\u00ednicas abre inscri\u00e7\u00f5es para curso t\u00e9cnico gratuito de enfermagem 1\"><figcaption class=\"wp-element-caption\">Hospital das Cl\u00ednicas publica processo seletivo para curso de t\u00e9cnico de enfermagem \u2013 Foto: Divulga\u00e7\u00e3o.<strong><br \/><\/strong><\/figcaption><\/figure>\n<p><strong>Viu essa?<\/strong><br \/>Feira do Livro recebe nesta sexta a apresentadora do Bom Dia Brasil, Ana Paula Ara\u00fajo; Confira a programa\u00e7\u00e3o<\/p>\n<h2 class=\"wp-block-heading\"><strong>Quem pode se inscrever no curso t\u00e9cnico em Enfermagem?<\/strong><\/h2>\n<p>Para participar do processo seletivo do hospital, deve ter\u00a0<strong>18 anos completos at\u00e9 a data da matr\u00edcula<\/strong>\u00a0e\u00a0<strong>possuir certificado de conclus\u00e3o do Ensino M\u00e9dio\u00a0<\/strong>ou declara\u00e7\u00e3o de conclus\u00e3o emitida pela escola.<\/p>\n<h2 class=\"wp-block-heading\"><strong>Como ser\u00e1 a prova do processo seletivo?<\/strong><\/h2>\n<p>O exame de sele\u00e7\u00e3o ser\u00e1 composto por uma prova objetiva com 50 quest\u00f5es de m\u00faltipla escolha de n\u00edvel m\u00e9dio. A avalia\u00e7\u00e3o ter\u00e1 a seguinte distribui\u00e7\u00e3o:<\/p>\n<ul class=\"wp-block-list\">\n<li>15 quest\u00f5es de Portugu\u00eas;<\/li>\n<li>10 quest\u00f5es de Matem\u00e1tica;<\/li>\n<li>15 quest\u00f5es de Biologia;<\/li>\n<li>10 quest\u00f5es de Inform\u00e1tica.<\/li>\n<\/ul>\n<p>Cada quest\u00e3o valer\u00e1 dois pontos, totalizando 100 pontos. Para ser considerado habilitado, o candidato dever\u00e1 obter nota m\u00ednima de 50 pontos. A prova ter\u00e1 dura\u00e7\u00e3o de tr\u00eas horas.<\/p>\n<figure class=\"wp-block-image\"><img data-recalc-dims=\"1\" loading=\"lazy\" decoding=\"async\" width=\"1024\" height=\"736\" src=\"https:\/\/i0.wp.com\/www.acidadeon.com\/ribeiraopreto\/wp-content\/uploads\/sites\/3\/2024\/09\/hc-ribeirao-preto_2024-09-19_13-13-53_jpg_2024-09-19_13-13-53-1024x736.webp?resize=1024%2C736&#038;ssl=1\" alt=\"Hospital das Cl\u00ednicas publica edital de novo concurso p\u00fablico \u2013 Foto: Divulga\u00e7\u00e3o.\" class=\"wp-image-93820\" title=\"Hospital das Cl\u00ednicas abre inscri\u00e7\u00f5es para curso t\u00e9cnico gratuito de enfermagem 2\"><figcaption class=\"wp-element-caption\">Processo seletivo oferece turmas de enfermagem de manh\u00e3, tarde e noite \u2013 Foto: Divulga\u00e7\u00e3o.<\/figcaption><\/figure>\n<h2 class=\"wp-block-heading\"><strong>Quando ser\u00e1 a prova do Hospital das Cl\u00ednicas?<\/strong><\/h2>\n<p>A data, o hor\u00e1rio e o local do exame ainda\u00a0<strong>ser\u00e3o divulgados em edital espec\u00edfico<\/strong>, publicado no site do Hospital das Cl\u00ednicas de Ribeir\u00e3o Preto com pelo menos cinco dias \u00fateis de anteced\u00eancia.<\/p>\n<p>A convoca\u00e7\u00e3o ser\u00e1 de responsabilidade dos candidatos, que dever\u00e3o acompanhar as publica\u00e7\u00f5es oficiais do processo seletivo.<\/p>\n<h2 class=\"wp-block-heading\"><strong>Qual ser\u00e1 o hor\u00e1rio das aulas?<\/strong><\/h2>\n<p>De acordo com o edital, as aulas t\u00eam in\u00edcio previsto para o dia 19 de outubro de 2026. Os cursos ser\u00e3o oferecidos nos seguintes hor\u00e1rios:<\/p>\n<ul class=\"wp-block-list\">\n<li><strong>Manh\u00e3<\/strong>: 40 vagas. As aulas ser\u00e3o ministradas de segunda \u00e0 sexta-feira no per\u00edodo da manh\u00e3 das 08h \u00e0s 12h15h;<\/li>\n<li><strong>Tarde<\/strong>: 40 vagas. As aulas ser\u00e3o ministradas de segunda \u00e0 sexta-feira no per\u00edodo da manh\u00e3 das 13h \u00e0s 17h15;<\/li>\n<li><strong>Noite<\/strong>: 80 vagas. As aulas ser\u00e3o ministradas de segunda \u00e0 sexta-feira no per\u00edodo noturno das 18h30 \u00e0s 22h45.<\/li>\n<\/ul>\n<figure class=\"wp-block-image\"><img data-recalc-dims=\"1\" loading=\"lazy\" decoding=\"async\" width=\"1024\" height=\"690\" src=\"https:\/\/i0.wp.com\/www.acidadeon.com\/ribeiraopreto\/wp-content\/uploads\/sites\/3\/2026\/07\/curso_2026-07-12_20-44-36-1024x690.webp?resize=1024%2C690&#038;ssl=1\" alt=\"Curso de f\u00e9rias ser\u00e1 realizado na Escola de Enfermagem da USP - Foto: Divulga\u00e7\u00e3o\" class=\"wp-image-165398\" title=\"Hospital das Cl\u00ednicas abre inscri\u00e7\u00f5es para curso t\u00e9cnico gratuito de enfermagem 3\"><figcaption class=\"wp-element-caption\">Curso de f\u00e9rias ser\u00e1 realizado na Escola de Enfermagem da USP \u2013 Foto: Divulga\u00e7\u00e3o<\/figcaption><\/figure>\n<p><\/p>\n<p>O post Estudo da USP em Ribeir\u00e3o Preto seleciona volunt\u00e1rias para an\u00e1lise de fios de cabelo apareceu primeiro em ACidade ON Ribeir\u00e3o Preto.<\/p>\n<p><br \/>\n<br \/><a href=\"https:\/\/www.acidadeon.com\/ribeiraopreto\/cotidiano\/estudo-da-usp-em-ribeirao-preto-seleciona-voluntarias-para-analise-de-fios-de-cabelo\/\">Link para o texto original aqui <\/a><\/p>\n<!-- CONTENT END 1 -->\n","protected":false},"excerpt":{"rendered":"<p>A FCFRP (Faculdade de Ci\u00eancias Farmac\u00eauticas de Ribeir\u00e3o Preto) da USP (Universidade de S\u00e3o Paulo) procura por mulheres com idades entre 18 a 35 anos,&#8230;<\/p>\n","protected":false},"author":1,"featured_media":91093,"comment_status":"","ping_status":"","sticky":false,"template":"","format":"standard","meta":{"advanced_seo_description":"","jetpack_seo_html_title":"","jetpack_seo_noindex":false,"jetpack_seo_schema_type":"","_jetpack_newsletter_access":"","_jetpack_dont_email_post_to_subs":false,"_jetpack_newsletter_tier_id":0,"_jetpack_memberships_contains_paywalled_content":false,"_jetpack_feature_clip_id":0,"_jetpack_memberships_contains_paid_content":false,"footnotes":"","jetpack_publicize_message":"","jetpack_publicize_feature_enabled":true,"jetpack_social_post_already_shared":true,"jetpack_social_options":{"image_generator_settings":{"template":"highway","default_image_id":0,"font":"","enabled":false},"version":2},"jetpack_post_was_ever_published":false},"categories":[11],"tags":[1507,8934,2378,5473,71,27,26,7499,872,7541],"class_list":["post-91092","post","type-post","status-publish","format-standard","has-post-thumbnail","hentry","category-noticias-de-ribeirao-preto-sp-e-regiao-ismael-colosi","tag-analise","tag-cabelo","tag-estudo","tag-fios","tag-para","tag-preto","tag-ribeirao","tag-seleciona","tag-usp","tag-voluntarias"],"jetpack_publicize_connections":[],"jetpack-related-posts":[{"id":88384,"url":"https:\/\/noticiasribeiraopreto.com.br\/index.php\/2026\/07\/18\/usp-de-ribeirao-preto-recruta-voluntarias-para-estudo-clinico-sobre-formulacao-cosmetica\/","url_meta":{"origin":91092,"position":0},"title":"USP de Ribeir\u00e3o Preto recruta volunt\u00e1rias para estudo cl\u00ednico sobre formula\u00e7\u00e3o cosm\u00e9tica","author":"noticiasribeiraopreto.com.br","date":"18 de July de 2026","format":false,"excerpt":"A Faculdade de Ci\u00eancias Farmac\u00eauticas de Ribeir\u00e3o Preto da USP est\u00e1 recrutando volunt\u00e1rias com idade entre 18 e 35 anos para participar de um estudo cl\u00ednico. A pesquisa avaliar\u00e1 uma formula\u00e7\u00e3o cosm\u00e9tica em stick aquoso (bast\u00e3o \u00e0 base de \u00e1gua), destinada ao tratamento de pele oleosa e acneica. O estudo\u2026","rel":"","context":"In &quot;Not\u00edcias de Ribeir\u00e3o Preto-SP e Regi\u00e3o&quot;","block_context":{"text":"Not\u00edcias de Ribeir\u00e3o Preto-SP e Regi\u00e3o","link":"https:\/\/noticiasribeiraopreto.com.br\/index.php\/category\/noticias-de-ribeirao-preto-sp-e-regiao-ismael-colosi\/"},"img":{"alt_text":"","src":"https:\/\/i0.wp.com\/noticiasribeiraopreto.com.br\/wp-content\/uploads\/2026\/07\/USP-recruta-voluntarias-para-estudo-sobre-formulacao-cosmetica-Imagem-Freepik.jpeg?fit=1200%2C675&ssl=1&resize=350%2C200","width":350,"height":200,"srcset":"https:\/\/i0.wp.com\/noticiasribeiraopreto.com.br\/wp-content\/uploads\/2026\/07\/USP-recruta-voluntarias-para-estudo-sobre-formulacao-cosmetica-Imagem-Freepik.jpeg?fit=1200%2C675&ssl=1&resize=350%2C200 1x, https:\/\/i0.wp.com\/noticiasribeiraopreto.com.br\/wp-content\/uploads\/2026\/07\/USP-recruta-voluntarias-para-estudo-sobre-formulacao-cosmetica-Imagem-Freepik.jpeg?fit=1200%2C675&ssl=1&resize=525%2C300 1.5x, https:\/\/i0.wp.com\/noticiasribeiraopreto.com.br\/wp-content\/uploads\/2026\/07\/USP-recruta-voluntarias-para-estudo-sobre-formulacao-cosmetica-Imagem-Freepik.jpeg?fit=1200%2C675&ssl=1&resize=700%2C400 2x, https:\/\/i0.wp.com\/noticiasribeiraopreto.com.br\/wp-content\/uploads\/2026\/07\/USP-recruta-voluntarias-para-estudo-sobre-formulacao-cosmetica-Imagem-Freepik.jpeg?fit=1200%2C675&ssl=1&resize=1050%2C600 3x"},"classes":[]},{"id":79811,"url":"https:\/\/noticiasribeiraopreto.com.br\/index.php\/2025\/11\/07\/beber-cerveja-e-refrigerante-pode-causar-queda-de-cabelo-pesquisadores-apontam-relacao\/","url_meta":{"origin":91092,"position":1},"title":"Beber cerveja e refrigerante pode causar queda de cabelo? Pesquisadores apontam rela\u00e7\u00e3o","author":"noticiasribeiraopreto.com.br","date":"7 de November de 2025","format":false,"excerpt":"A queda de cabelo \u00e9 uma condi\u00e7\u00e3o que afeta milh\u00f5es de pessoas e pode ter v\u00e1rias origens. Fatores gen\u00e9ticos, altera\u00e7\u00f5es hormonais, defici\u00eancias nutricionais, uso de produtos qu\u00edmicos e estresse est\u00e3o entre as causas mais conhecidas. Agora, uma nova pesquisa da Universidade do Porto, em Portugal, analisou se o consumo de\u2026","rel":"","context":"In &quot;Not\u00edcias de Ribeir\u00e3o Preto-SP e Regi\u00e3o&quot;","block_context":{"text":"Not\u00edcias de Ribeir\u00e3o Preto-SP e Regi\u00e3o","link":"https:\/\/noticiasribeiraopreto.com.br\/index.php\/category\/noticias-de-ribeirao-preto-sp-e-regiao-ismael-colosi\/"},"img":{"alt_text":"","src":"https:\/\/i0.wp.com\/noticiasribeiraopreto.com.br\/wp-content\/uploads\/2025\/11\/palace-25_2025-11-07_22-48-25.webp.webp?fit=1200%2C675&ssl=1&resize=350%2C200","width":350,"height":200,"srcset":"https:\/\/i0.wp.com\/noticiasribeiraopreto.com.br\/wp-content\/uploads\/2025\/11\/palace-25_2025-11-07_22-48-25.webp.webp?fit=1200%2C675&ssl=1&resize=350%2C200 1x, https:\/\/i0.wp.com\/noticiasribeiraopreto.com.br\/wp-content\/uploads\/2025\/11\/palace-25_2025-11-07_22-48-25.webp.webp?fit=1200%2C675&ssl=1&resize=525%2C300 1.5x, https:\/\/i0.wp.com\/noticiasribeiraopreto.com.br\/wp-content\/uploads\/2025\/11\/palace-25_2025-11-07_22-48-25.webp.webp?fit=1200%2C675&ssl=1&resize=700%2C400 2x, https:\/\/i0.wp.com\/noticiasribeiraopreto.com.br\/wp-content\/uploads\/2025\/11\/palace-25_2025-11-07_22-48-25.webp.webp?fit=1200%2C675&ssl=1&resize=1050%2C600 3x"},"classes":[]},{"id":87699,"url":"https:\/\/noticiasribeiraopreto.com.br\/index.php\/2026\/07\/08\/usp-busca-voluntarias-para-estudo-sobre-hiperpigmentacao-das-axilas\/","url_meta":{"origin":91092,"position":2},"title":"USP busca volunt\u00e1rias para estudo sobre hiperpigmenta\u00e7\u00e3o das axilas","author":"noticiasribeiraopreto.com.br","date":"8 de July de 2026","format":false,"excerpt":"A Faculdade de Ci\u00eancias Farmac\u00eauticas de Ribeir\u00e3o Preto (FCFRP) da USP busca volunt\u00e1rias de 18 a 30 anos para participarem de uma pesquisa de inicia\u00e7\u00e3o cient\u00edfica sobre a hiperpigmenta\u00e7\u00e3o nas axilas, caracterizada pelo escurecimento da pele nessa regi\u00e3o.O estudo ter\u00e1 dura\u00e7\u00e3o de 90 dias, com previs\u00e3o de in\u00edcio em agosto\u2026","rel":"","context":"In &quot;Not\u00edcias de Ribeir\u00e3o Preto-SP e Regi\u00e3o&quot;","block_context":{"text":"Not\u00edcias de Ribeir\u00e3o Preto-SP e Regi\u00e3o","link":"https:\/\/noticiasribeiraopreto.com.br\/index.php\/category\/noticias-de-ribeirao-preto-sp-e-regiao-ismael-colosi\/"},"img":{"alt_text":"","src":"https:\/\/i0.wp.com\/noticiasribeiraopreto.com.br\/wp-content\/uploads\/2026\/07\/Captura-de-tela-2026-07-08-092558.png?fit=905%2C607&ssl=1&resize=350%2C200","width":350,"height":200,"srcset":"https:\/\/i0.wp.com\/noticiasribeiraopreto.com.br\/wp-content\/uploads\/2026\/07\/Captura-de-tela-2026-07-08-092558.png?fit=905%2C607&ssl=1&resize=350%2C200 1x, https:\/\/i0.wp.com\/noticiasribeiraopreto.com.br\/wp-content\/uploads\/2026\/07\/Captura-de-tela-2026-07-08-092558.png?fit=905%2C607&ssl=1&resize=525%2C300 1.5x, https:\/\/i0.wp.com\/noticiasribeiraopreto.com.br\/wp-content\/uploads\/2026\/07\/Captura-de-tela-2026-07-08-092558.png?fit=905%2C607&ssl=1&resize=700%2C400 2x"},"classes":[]},{"id":76621,"url":"https:\/\/noticiasribeiraopreto.com.br\/index.php\/2025\/09\/02\/faculdade-de-medicina-de-ribeirao-precisa-de-voluntarias-para-estudos-com-ayahuasca\/","url_meta":{"origin":91092,"position":3},"title":"Faculdade de Medicina de Ribeir\u00e3o precisa de volunt\u00e1rias para estudos com ayahuasca","author":"noticiasribeiraopreto.com.br","date":"2 de September de 2025","format":false,"excerpt":"A Faculdade de Medicina de Ribeir\u00e3o Preto da USP est\u00e1 em busca de volunt\u00e1rias para dois estudos com ayahuasca, bebida feita a partir da chacrona (Psychotria viridis) e do cip\u00f3 jagube ou mariri (Banisteriopsis caapi), e cetamina, um anest\u00e9sico. Efeito no ciclo menstrual O primeiro estudo busca avaliar o efeito\u2026","rel":"","context":"In &quot;Not\u00edcias de Ribeir\u00e3o Preto-SP e Regi\u00e3o&quot;","block_context":{"text":"Not\u00edcias de Ribeir\u00e3o Preto-SP e Regi\u00e3o","link":"https:\/\/noticiasribeiraopreto.com.br\/index.php\/category\/noticias-de-ribeirao-preto-sp-e-regiao-ismael-colosi\/"},"img":{"alt_text":"","src":"https:\/\/i0.wp.com\/noticiasribeiraopreto.com.br\/wp-content\/uploads\/2025\/09\/ayahuasca.jpg?fit=1000%2C751&ssl=1&resize=350%2C200","width":350,"height":200,"srcset":"https:\/\/i0.wp.com\/noticiasribeiraopreto.com.br\/wp-content\/uploads\/2025\/09\/ayahuasca.jpg?fit=1000%2C751&ssl=1&resize=350%2C200 1x, https:\/\/i0.wp.com\/noticiasribeiraopreto.com.br\/wp-content\/uploads\/2025\/09\/ayahuasca.jpg?fit=1000%2C751&ssl=1&resize=525%2C300 1.5x, https:\/\/i0.wp.com\/noticiasribeiraopreto.com.br\/wp-content\/uploads\/2025\/09\/ayahuasca.jpg?fit=1000%2C751&ssl=1&resize=700%2C400 2x"},"classes":[]},{"id":57602,"url":"https:\/\/noticiasribeiraopreto.com.br\/index.php\/2024\/09\/05\/usp-ribeirao-busca-voluntarias-negras-para-pesquisa-sobre-cosmeticos\/","url_meta":{"origin":91092,"position":4},"title":"USP Ribeir\u00e3o busca volunt\u00e1rias negras para pesquisa sobre cosm\u00e9ticos","author":"noticiasribeiraopreto.com.br","date":"5 de September de 2024","format":false,"excerpt":"A Faculdade de Ci\u00eancias Farmac\u00eauticas de Ribeir\u00e3o Preto (FCFRP), da USP, precisa de volunt\u00e1rias para um estudo cl\u00ednico sobre cosm\u00e9ticos para pele negra. Mulheres negras com idades entre 18 e 32 anos podem participar. As volunt\u00e1rias passar\u00e3o por testes n\u00e3o invasivos e procedimentos que n\u00e3o causam dor ou desconforto. De\u2026","rel":"","context":"In &quot;Not\u00edcias de Ribeir\u00e3o Preto-SP e Regi\u00e3o&quot;","block_context":{"text":"Not\u00edcias de Ribeir\u00e3o Preto-SP e Regi\u00e3o","link":"https:\/\/noticiasribeiraopreto.com.br\/index.php\/category\/noticias-de-ribeirao-preto-sp-e-regiao-ismael-colosi\/"},"img":{"alt_text":"","src":"https:\/\/i0.wp.com\/noticiasribeiraopreto.com.br\/wp-content\/uploads\/2024\/09\/positive-curly-haired-woman-applies-facial-clay-mask-keeps-hands-together-looks-with-dreamy-expression_2024-09-05_13-56-43_jpg_2024-09-05_13-56-47-scaled.webp.webp?fit=1200%2C955&ssl=1&resize=350%2C200","width":350,"height":200,"srcset":"https:\/\/i0.wp.com\/noticiasribeiraopreto.com.br\/wp-content\/uploads\/2024\/09\/positive-curly-haired-woman-applies-facial-clay-mask-keeps-hands-together-looks-with-dreamy-expression_2024-09-05_13-56-43_jpg_2024-09-05_13-56-47-scaled.webp.webp?fit=1200%2C955&ssl=1&resize=350%2C200 1x, https:\/\/i0.wp.com\/noticiasribeiraopreto.com.br\/wp-content\/uploads\/2024\/09\/positive-curly-haired-woman-applies-facial-clay-mask-keeps-hands-together-looks-with-dreamy-expression_2024-09-05_13-56-43_jpg_2024-09-05_13-56-47-scaled.webp.webp?fit=1200%2C955&ssl=1&resize=525%2C300 1.5x, https:\/\/i0.wp.com\/noticiasribeiraopreto.com.br\/wp-content\/uploads\/2024\/09\/positive-curly-haired-woman-applies-facial-clay-mask-keeps-hands-together-looks-with-dreamy-expression_2024-09-05_13-56-43_jpg_2024-09-05_13-56-47-scaled.webp.webp?fit=1200%2C955&ssl=1&resize=700%2C400 2x, https:\/\/i0.wp.com\/noticiasribeiraopreto.com.br\/wp-content\/uploads\/2024\/09\/positive-curly-haired-woman-applies-facial-clay-mask-keeps-hands-together-looks-with-dreamy-expression_2024-09-05_13-56-43_jpg_2024-09-05_13-56-47-scaled.webp.webp?fit=1200%2C955&ssl=1&resize=1050%2C600 3x"},"classes":[]},{"id":84844,"url":"https:\/\/noticiasribeiraopreto.com.br\/index.php\/2026\/04\/16\/usp-ribeirao-preto-seleciona-voluntarios-para-pesquisa-sobre-corpo-masculino\/","url_meta":{"origin":91092,"position":5},"title":"USP Ribeir\u00e3o Preto seleciona volunt\u00e1rios para pesquisa sobre corpo masculino","author":"noticiasribeiraopreto.com.br","date":"16 de April de 2026","format":false,"excerpt":"Ler o resumo da not\u00edcia USP Ribeir\u00e3o Preto abre recrutamento de volunt\u00e1rios para pesquisa sobre percep\u00e7\u00e3o da imagem corporal masculina. Podem participar homens de 18 a 59 anos da Facultaded de Medicina de Ribeir\u00e3o Preto. A participa\u00e7\u00e3o consiste em preencher formul\u00e1rio digital com dura\u00e7\u00e3o aproximada de 15 minutos. O estudo\u2026","rel":"","context":"In &quot;Not\u00edcias de Ribeir\u00e3o Preto-SP e Regi\u00e3o&quot;","block_context":{"text":"Not\u00edcias de Ribeir\u00e3o Preto-SP e Regi\u00e3o","link":"https:\/\/noticiasribeiraopreto.com.br\/index.php\/category\/noticias-de-ribeirao-preto-sp-e-regiao-ismael-colosi\/"},"img":{"alt_text":"","src":"https:\/\/i0.wp.com\/noticiasribeiraopreto.com.br\/wp-content\/uploads\/2026\/04\/man-near-mirror-scrutinizing-himself_2026-04-16_18-29-31.webp.webp?fit=1200%2C798&ssl=1&resize=350%2C200","width":350,"height":200,"srcset":"https:\/\/i0.wp.com\/noticiasribeiraopreto.com.br\/wp-content\/uploads\/2026\/04\/man-near-mirror-scrutinizing-himself_2026-04-16_18-29-31.webp.webp?fit=1200%2C798&ssl=1&resize=350%2C200 1x, https:\/\/i0.wp.com\/noticiasribeiraopreto.com.br\/wp-content\/uploads\/2026\/04\/man-near-mirror-scrutinizing-himself_2026-04-16_18-29-31.webp.webp?fit=1200%2C798&ssl=1&resize=525%2C300 1.5x, https:\/\/i0.wp.com\/noticiasribeiraopreto.com.br\/wp-content\/uploads\/2026\/04\/man-near-mirror-scrutinizing-himself_2026-04-16_18-29-31.webp.webp?fit=1200%2C798&ssl=1&resize=700%2C400 2x, https:\/\/i0.wp.com\/noticiasribeiraopreto.com.br\/wp-content\/uploads\/2026\/04\/man-near-mirror-scrutinizing-himself_2026-04-16_18-29-31.webp.webp?fit=1200%2C798&ssl=1&resize=1050%2C600 3x"},"classes":[]}],"jetpack_sharing_enabled":true,"jetpack_shortlink":"https:\/\/wp.me\/peQAOb-nHe","jetpack_featured_media_url":"https:\/\/i0.wp.com\/noticiasribeiraopreto.com.br\/wp-content\/uploads\/2026\/09\/1788530714_curso-tecnico-enfermagem.jpg?fit=1200%2C675&ssl=1","_links":{"self":[{"href":"https:\/\/noticiasribeiraopreto.com.br\/index.php\/wp-json\/wp\/v2\/posts\/91092","targetHints":{"allow":["GET"]}}],"collection":[{"href":"https:\/\/noticiasribeiraopreto.com.br\/index.php\/wp-json\/wp\/v2\/posts"}],"about":[{"href":"https:\/\/noticiasribeiraopreto.com.br\/index.php\/wp-json\/wp\/v2\/types\/post"}],"author":[{"embeddable":true,"href":"https:\/\/noticiasribeiraopreto.com.br\/index.php\/wp-json\/wp\/v2\/users\/1"}],"replies":[{"embeddable":true,"href":"https:\/\/noticiasribeiraopreto.com.br\/index.php\/wp-json\/wp\/v2\/comments?post=91092"}],"version-history":[{"count":0,"href":"https:\/\/noticiasribeiraopreto.com.br\/index.php\/wp-json\/wp\/v2\/posts\/91092\/revisions"}],"wp:featuredmedia":[{"embeddable":true,"href":"https:\/\/noticiasribeiraopreto.com.br\/index.php\/wp-json\/wp\/v2\/media\/91093"}],"wp:attachment":[{"href":"https:\/\/noticiasribeiraopreto.com.br\/index.php\/wp-json\/wp\/v2\/media?parent=91092"}],"wp:term":[{"taxonomy":"category","embeddable":true,"href":"https:\/\/noticiasribeiraopreto.com.br\/index.php\/wp-json\/wp\/v2\/categories?post=91092"},{"taxonomy":"post_tag","embeddable":true,"href":"https:\/\/noticiasribeiraopreto.com.br\/index.php\/wp-json\/wp\/v2\/tags?post=91092"}],"curies":[{"name":"wp","href":"https:\/\/api.w.org\/{rel}","templated":true}]}}