{"id":91096,"date":"2026-09-04T11:45:41","date_gmt":"2026-09-04T14:45:41","guid":{"rendered":"https:\/\/noticiasribeiraopreto.com.br\/index.php\/2026\/09\/04\/estudantes-terao-onibus-gratuito-neste-sabado-para-a-feira-internacional-do-livro-de-ribeirao-preto\/"},"modified":"2026-09-04T11:45:41","modified_gmt":"2026-09-04T14:45:41","slug":"estudantes-terao-onibus-gratuito-neste-sabado-para-a-feira-internacional-do-livro-de-ribeirao-preto","status":"publish","type":"post","link":"https:\/\/noticiasribeiraopreto.com.br\/index.php\/2026\/09\/04\/estudantes-terao-onibus-gratuito-neste-sabado-para-a-feira-internacional-do-livro-de-ribeirao-preto\/","title":{"rendered":"Estudantes ter\u00e3o \u00f4nibus gratuito neste s\u00e1bado para a Feira Internacional do Livro de Ribeir\u00e3o Preto"},"content":{"rendered":"<div class='code-block code-block-1' style='margin: 8px 0 8px auto; text-align: right; display: block; clear: both;'>\n<p><a href=\"https:\/\/wa.link\/vpicfd\"><img data-recalc-dims=\"1\" class=\"wp-image-4922\" style=\"aspect-ratio: 2.0253164556962027; width: 561px; height: auto;\" src=\"https:\/\/i0.wp.com\/ismaelcolosi.com.br\/wp-content\/uploads\/2023\/11\/grupo-de-empregos-whatsapp-e-facebook-ismael-colosi-vagas.jpg?ssl=1\" alt=\"\" \/><\/a><\/p>\n<!-- \/wp:image -->\n<\/div>\n<p> <br \/>\n<\/p>\n<div data-td-block-uid=\"tdi_137\">\n<div class=\"tdb-block-inner td-fix-index\">\n<p>A Prefeitura de Ribeir\u00e3o Preto, por meio da RP Mobi e do cons\u00f3rcio Pr\u00f3Urbano, oferece novamente <strong>transporte coletivo gratuito aos estudantes neste s\u00e1bado (05) para o deslocamento at\u00e9 a 25\u00aa Feira Internacional do Livro de Ribeir\u00e3o Preto (FIL)<\/strong>, \u00faltimo dia do evento.<\/p>\n<p>O benef\u00edcio j\u00e1 foi disponibilizado no \u00faltimo domingo (30), e retorna neste s\u00e1bado como forma de facilitar o acesso dos estudantes \u00e0s atividades culturais e de incentivo \u00e0 leitura realizadas durante a Feira.<\/p>\n<p>Para utilizar a gratuidade, <strong>o estudante dever\u00e1 apresentar a carteira de estudante ao embarcar.<\/strong> Cada estudante tamb\u00e9m poder\u00e1 levar um acompanhante, que ter\u00e1 direito \u00e0 gratuidade e dever\u00e1 embarcar com a libera\u00e7\u00e3o do motorista.<\/p>\n<p>A iniciativa busca<strong> facilitar o deslocamento do p\u00fablico estudantil e ampliar o acesso \u00e0 programa\u00e7\u00e3o da Feira Internacional do Livro, que re\u00fane atividades culturais, educativas e de incentivo \u00e0 leitura.<\/strong><\/p>\n<h2>Servi\u00e7o<\/h2>\n<p><strong>\u00d4nibus gratuito para estudantes \u2013 Feira Internacional do Livro<\/strong><\/p>\n<p><strong>Quando:<\/strong> s\u00e1bado, 5 de setembro<br \/><strong>Quem pode utilizar:<\/strong> estudantes com carteira de estudante<br \/><strong>Acompanhante:<\/strong> cada estudante poder\u00e1 levar um acompanhante, com gratuidade mediante libera\u00e7\u00e3o do motorista.<\/p>\n<p><strong>Aten\u00e7\u00e3o:<\/strong> \u00e9 obrigat\u00f3ria a apresenta\u00e7\u00e3o da carteira de estudante para ter acesso ao benef\u00edcio.<\/p>\n<\/div>\n<\/div>\n<p><br \/>\n<br \/><a href=\"https:\/\/thmais.com.br\/cidades\/ribeirao-preto\/estudantes-terao-onibus-gratuito-neste-sabado-para-a-feira-internacional-do-livro-de-ribeirao-preto\/\">Link para o texto original aqui <\/a><\/p>\n<!-- CONTENT END 1 -->\n","protected":false},"excerpt":{"rendered":"<p>A Prefeitura de Ribeir\u00e3o Preto, por meio da RP Mobi e do cons\u00f3rcio Pr\u00f3Urbano, oferece novamente transporte coletivo gratuito aos estudantes neste s\u00e1bado (05) para&#8230;<\/p>\n","protected":false},"author":1,"featured_media":91097,"comment_status":"","ping_status":"","sticky":false,"template":"","format":"standard","meta":{"advanced_seo_description":"","jetpack_seo_html_title":"","jetpack_seo_noindex":false,"jetpack_seo_schema_type":"","_jetpack_newsletter_access":"","_jetpack_dont_email_post_to_subs":false,"_jetpack_newsletter_tier_id":0,"_jetpack_memberships_contains_paywalled_content":false,"_jetpack_feature_clip_id":0,"_jetpack_memberships_contains_paid_content":false,"footnotes":"","jetpack_publicize_message":"","jetpack_publicize_feature_enabled":true,"jetpack_social_post_already_shared":true,"jetpack_social_options":{"image_generator_settings":{"template":"highway","default_image_id":0,"font":"","enabled":false},"version":2},"jetpack_post_was_ever_published":false},"categories":[11],"tags":[823,1387,202,8908,361,1620,508,263,4686,335,8935,71,27,26,6456,264,1048],"class_list":["post-91096","post","type-post","status-publish","format-standard","has-post-thumbnail","hentry","category-noticias-de-ribeirao-preto-sp-e-regiao-ismael-colosi","tag-cultura","tag-estudantes","tag-feira","tag-feira-internacional-do-livro","tag-gratuito","tag-internacional","tag-livro","tag-neste","tag-noticias","tag-onibus","tag-onibus-de-graca","tag-para","tag-preto","tag-ribeirao","tag-ribeirao-preto","tag-sabado","tag-terao"],"jetpack_publicize_connections":[],"jetpack-related-posts":[{"id":75598,"url":"https:\/\/noticiasribeiraopreto.com.br\/index.php\/2025\/08\/12\/estudante-de-ribeirao-preto-lanca-livro-sobre-prevencao-de-afogamentos-infantis\/","url_meta":{"origin":91096,"position":0},"title":"Estudante de Ribeir\u00e3o Preto lan\u00e7a livro sobre preven\u00e7\u00e3o de afogamentos infantis","author":"noticiasribeiraopreto.com.br","date":"12 de August de 2025","format":false,"excerpt":"O estudante do 6\u00ba ano do Col\u00e9gio Marista Champagnat Davi Assef, de apenas 10 anos, lan\u00e7a neste s\u00e1bado (16), a partir das 15h, no Centro Cultural Palace, em Ribeir\u00e3o Preto, um livro sobre a preven\u00e7\u00e3o de afogamentos infantis: \u201cO Menino Que Transforma Crian\u00e7as em Tubar\u00f5es\u201d. O lan\u00e7amento do livro integra\u2026","rel":"","context":"In &quot;Not\u00edcias de Ribeir\u00e3o Preto-SP e Regi\u00e3o&quot;","block_context":{"text":"Not\u00edcias de Ribeir\u00e3o Preto-SP e Regi\u00e3o","link":"https:\/\/noticiasribeiraopreto.com.br\/index.php\/category\/noticias-de-ribeirao-preto-sp-e-regiao-ismael-colosi\/"},"img":{"alt_text":"","src":"https:\/\/i0.wp.com\/noticiasribeiraopreto.com.br\/wp-content\/uploads\/2025\/08\/Davi-1_2025-08-12_13-19-09.webp.webp?fit=1200%2C900&ssl=1&resize=350%2C200","width":350,"height":200,"srcset":"https:\/\/i0.wp.com\/noticiasribeiraopreto.com.br\/wp-content\/uploads\/2025\/08\/Davi-1_2025-08-12_13-19-09.webp.webp?fit=1200%2C900&ssl=1&resize=350%2C200 1x, https:\/\/i0.wp.com\/noticiasribeiraopreto.com.br\/wp-content\/uploads\/2025\/08\/Davi-1_2025-08-12_13-19-09.webp.webp?fit=1200%2C900&ssl=1&resize=525%2C300 1.5x, https:\/\/i0.wp.com\/noticiasribeiraopreto.com.br\/wp-content\/uploads\/2025\/08\/Davi-1_2025-08-12_13-19-09.webp.webp?fit=1200%2C900&ssl=1&resize=700%2C400 2x, https:\/\/i0.wp.com\/noticiasribeiraopreto.com.br\/wp-content\/uploads\/2025\/08\/Davi-1_2025-08-12_13-19-09.webp.webp?fit=1200%2C900&ssl=1&resize=1050%2C600 3x"},"classes":[]},{"id":90904,"url":"https:\/\/noticiasribeiraopreto.com.br\/index.php\/2026\/09\/01\/feira-do-livro-de-ribeirao-preto-celebra-25-anos\/","url_meta":{"origin":91096,"position":1},"title":"Feira do Livro de Ribeir\u00e3o Preto celebra 25 anos","author":"noticiasribeiraopreto.com.br","date":"1 de September de 2026","format":false,"excerpt":"Feira Internacional do Livro de Ribeir\u00e3o Preto celebra 25 anos com mais de 350 atividades A Feira Internacional do Livro de Ribeir\u00e3o Preto chega \u00e0 sua 25\u00aa edi\u00e7\u00e3o celebrando uma trajet\u00f3ria marcada pela literatura, cultura, educa\u00e7\u00e3o e forma\u00e7\u00e3o de novos leitores. Em entrevista ao Momento da Fam\u00edlia, Adriana Silva, curadora\u2026","rel":"","context":"In &quot;Not\u00edcias de Ribeir\u00e3o Preto-SP e Regi\u00e3o&quot;","block_context":{"text":"Not\u00edcias de Ribeir\u00e3o Preto-SP e Regi\u00e3o","link":"https:\/\/noticiasribeiraopreto.com.br\/index.php\/category\/noticias-de-ribeirao-preto-sp-e-regiao-ismael-colosi\/"},"img":{"alt_text":"","src":"https:\/\/i0.wp.com\/noticiasribeiraopreto.com.br\/wp-content\/uploads\/2026\/09\/Foto-1-1.png?fit=1200%2C675&ssl=1&resize=350%2C200","width":350,"height":200,"srcset":"https:\/\/i0.wp.com\/noticiasribeiraopreto.com.br\/wp-content\/uploads\/2026\/09\/Foto-1-1.png?fit=1200%2C675&ssl=1&resize=350%2C200 1x, https:\/\/i0.wp.com\/noticiasribeiraopreto.com.br\/wp-content\/uploads\/2026\/09\/Foto-1-1.png?fit=1200%2C675&ssl=1&resize=525%2C300 1.5x, https:\/\/i0.wp.com\/noticiasribeiraopreto.com.br\/wp-content\/uploads\/2026\/09\/Foto-1-1.png?fit=1200%2C675&ssl=1&resize=700%2C400 2x, https:\/\/i0.wp.com\/noticiasribeiraopreto.com.br\/wp-content\/uploads\/2026\/09\/Foto-1-1.png?fit=1200%2C675&ssl=1&resize=1050%2C600 3x"},"classes":[]},{"id":75962,"url":"https:\/\/noticiasribeiraopreto.com.br\/index.php\/2025\/08\/19\/estudante-de-ribeirao-preto-apresenta-jogo-de-tabuleiro-na-feira-do-livro\/","url_meta":{"origin":91096,"position":2},"title":"Estudante de Ribeir\u00e3o Preto apresenta jogo de tabuleiro na Feira do Livro","author":"noticiasribeiraopreto.com.br","date":"19 de August de 2025","format":false,"excerpt":"O estudante Gabriel Augusto Amaral Correia, de 15 anos, apresenta nesta ter\u00e7a-feira (19), durante a FIL (Feira Internacional do Livro) de Ribeir\u00e3o Preto, o jogo de tabuleiro \u201cAndando pelo Brasil\u201d. Os visitantes podem conferir o jogo no estande da prefeitura, \u00e0s 14h. Gabriel \u00e9 aluno do 9\u00ba ano do ensino\u2026","rel":"","context":"In &quot;Not\u00edcias de Ribeir\u00e3o Preto-SP e Regi\u00e3o&quot;","block_context":{"text":"Not\u00edcias de Ribeir\u00e3o Preto-SP e Regi\u00e3o","link":"https:\/\/noticiasribeiraopreto.com.br\/index.php\/category\/noticias-de-ribeirao-preto-sp-e-regiao-ismael-colosi\/"},"img":{"alt_text":"","src":"https:\/\/i0.wp.com\/noticiasribeiraopreto.com.br\/wp-content\/uploads\/2025\/08\/Copia-de-Copia-de-Copia-de-TAMANHO-EXATO-PARA-FOTOS-NO-SISTEMA-NOVO-2025-02-06T150906.341_2025-02-06_18-09-43_png_2025-02-06_18-09-43.webp.webp?fit=1200%2C675&ssl=1&resize=350%2C200","width":350,"height":200,"srcset":"https:\/\/i0.wp.com\/noticiasribeiraopreto.com.br\/wp-content\/uploads\/2025\/08\/Copia-de-Copia-de-Copia-de-TAMANHO-EXATO-PARA-FOTOS-NO-SISTEMA-NOVO-2025-02-06T150906.341_2025-02-06_18-09-43_png_2025-02-06_18-09-43.webp.webp?fit=1200%2C675&ssl=1&resize=350%2C200 1x, https:\/\/i0.wp.com\/noticiasribeiraopreto.com.br\/wp-content\/uploads\/2025\/08\/Copia-de-Copia-de-Copia-de-TAMANHO-EXATO-PARA-FOTOS-NO-SISTEMA-NOVO-2025-02-06T150906.341_2025-02-06_18-09-43_png_2025-02-06_18-09-43.webp.webp?fit=1200%2C675&ssl=1&resize=525%2C300 1.5x, https:\/\/i0.wp.com\/noticiasribeiraopreto.com.br\/wp-content\/uploads\/2025\/08\/Copia-de-Copia-de-Copia-de-TAMANHO-EXATO-PARA-FOTOS-NO-SISTEMA-NOVO-2025-02-06T150906.341_2025-02-06_18-09-43_png_2025-02-06_18-09-43.webp.webp?fit=1200%2C675&ssl=1&resize=700%2C400 2x, https:\/\/i0.wp.com\/noticiasribeiraopreto.com.br\/wp-content\/uploads\/2025\/08\/Copia-de-Copia-de-Copia-de-TAMANHO-EXATO-PARA-FOTOS-NO-SISTEMA-NOVO-2025-02-06T150906.341_2025-02-06_18-09-43_png_2025-02-06_18-09-43.webp.webp?fit=1200%2C675&ssl=1&resize=1050%2C600 3x"},"classes":[]},{"id":54637,"url":"https:\/\/noticiasribeiraopreto.com.br\/index.php\/2024\/07\/15\/feira-internacional-do-livro-de-ribeirao-preto-abre-processo-seletivo-para-voluntarios\/","url_meta":{"origin":91096,"position":3},"title":"Feira Internacional do Livro de Ribeir\u00e3o Preto abre processo seletivo para volunt\u00e1rios","author":"noticiasribeiraopreto.com.br","date":"15 de July de 2024","format":false,"excerpt":"A 23\u00aa FIL (Feira Internacional do Livro) est\u00e1 com processo seletivo aberto para volunt\u00e1rios que queiram trabalhar durante o evento. As vagas, que s\u00e3o limitadas, s\u00e3o para atendimento ao p\u00fablico e servi\u00e7os gerais. Os interessados em prestarem os servi\u00e7os, voluntariamente, devem enviar os curr\u00edculos para o e-mail voluntario@fundacaodolivroeleitura.com.br. As oportunidades\u2026","rel":"","context":"In &quot;Not\u00edcias de Ribeir\u00e3o Preto-SP e Regi\u00e3o&quot;","block_context":{"text":"Not\u00edcias de Ribeir\u00e3o Preto-SP e Regi\u00e3o","link":"https:\/\/noticiasribeiraopreto.com.br\/index.php\/category\/noticias-de-ribeirao-preto-sp-e-regiao-ismael-colosi\/"},"img":{"alt_text":"","src":"https:\/\/i0.wp.com\/noticiasribeiraopreto.com.br\/wp-content\/uploads\/2024\/07\/Copia-de-Copia-de-TAMANHO-EXATO-PARA-FOTOS-NO-SISTEMA-NOVO-22_2024-07-15_20-06-36_jpg_2024-07-15_20-06-36.webp.webp?fit=1200%2C675&ssl=1&resize=350%2C200","width":350,"height":200,"srcset":"https:\/\/i0.wp.com\/noticiasribeiraopreto.com.br\/wp-content\/uploads\/2024\/07\/Copia-de-Copia-de-TAMANHO-EXATO-PARA-FOTOS-NO-SISTEMA-NOVO-22_2024-07-15_20-06-36_jpg_2024-07-15_20-06-36.webp.webp?fit=1200%2C675&ssl=1&resize=350%2C200 1x, https:\/\/i0.wp.com\/noticiasribeiraopreto.com.br\/wp-content\/uploads\/2024\/07\/Copia-de-Copia-de-TAMANHO-EXATO-PARA-FOTOS-NO-SISTEMA-NOVO-22_2024-07-15_20-06-36_jpg_2024-07-15_20-06-36.webp.webp?fit=1200%2C675&ssl=1&resize=525%2C300 1.5x, https:\/\/i0.wp.com\/noticiasribeiraopreto.com.br\/wp-content\/uploads\/2024\/07\/Copia-de-Copia-de-TAMANHO-EXATO-PARA-FOTOS-NO-SISTEMA-NOVO-22_2024-07-15_20-06-36_jpg_2024-07-15_20-06-36.webp.webp?fit=1200%2C675&ssl=1&resize=700%2C400 2x, https:\/\/i0.wp.com\/noticiasribeiraopreto.com.br\/wp-content\/uploads\/2024\/07\/Copia-de-Copia-de-TAMANHO-EXATO-PARA-FOTOS-NO-SISTEMA-NOVO-22_2024-07-15_20-06-36_jpg_2024-07-15_20-06-36.webp.webp?fit=1200%2C675&ssl=1&resize=1050%2C600 3x"},"classes":[]},{"id":89200,"url":"https:\/\/noticiasribeiraopreto.com.br\/index.php\/2026\/07\/31\/estudante-de-13-anos-de-ribeirao-preto-conquista-prata-em-olimpiada-internacional-de-matematica\/","url_meta":{"origin":91096,"position":4},"title":"Estudante de 13 anos de Ribeir\u00e3o Preto conquista prata em Olimp\u00edada Internacional de Matem\u00e1tica","author":"noticiasribeiraopreto.com.br","date":"31 de July de 2026","format":false,"excerpt":"O estudante Alexandre Kenzo Kato Watanabe, de 13 anos, de Ribeir\u00e3o Preto, conquistou a medalha de prata na etapa global da Olimp\u00edada Internacional Copernicus de Matem\u00e1tica, realizada em Nova York, nos Estados Unidos. A competi\u00e7\u00e3o reuniu estudantes de diferentes pa\u00edses e ocorreu entre os dias 26 e 31 de julho.\u2026","rel":"","context":"In &quot;Not\u00edcias de Ribeir\u00e3o Preto-SP e Regi\u00e3o&quot;","block_context":{"text":"Not\u00edcias de Ribeir\u00e3o Preto-SP e Regi\u00e3o","link":"https:\/\/noticiasribeiraopreto.com.br\/index.php\/category\/noticias-de-ribeirao-preto-sp-e-regiao-ismael-colosi\/"},"img":{"alt_text":"","src":"https:\/\/i0.wp.com\/noticiasribeiraopreto.com.br\/wp-content\/uploads\/2026\/07\/joao-rock.png?fit=1200%2C675&ssl=1&resize=350%2C200","width":350,"height":200,"srcset":"https:\/\/i0.wp.com\/noticiasribeiraopreto.com.br\/wp-content\/uploads\/2026\/07\/joao-rock.png?fit=1200%2C675&ssl=1&resize=350%2C200 1x, https:\/\/i0.wp.com\/noticiasribeiraopreto.com.br\/wp-content\/uploads\/2026\/07\/joao-rock.png?fit=1200%2C675&ssl=1&resize=525%2C300 1.5x, https:\/\/i0.wp.com\/noticiasribeiraopreto.com.br\/wp-content\/uploads\/2026\/07\/joao-rock.png?fit=1200%2C675&ssl=1&resize=700%2C400 2x, https:\/\/i0.wp.com\/noticiasribeiraopreto.com.br\/wp-content\/uploads\/2026\/07\/joao-rock.png?fit=1200%2C675&ssl=1&resize=1050%2C600 3x"},"classes":[]},{"id":90987,"url":"https:\/\/noticiasribeiraopreto.com.br\/index.php\/2026\/09\/02\/mia-couto-destaca-a-relacao-com-jovens-na-feira-internacional-do-livro-esperanca-na-escrita\/","url_meta":{"origin":91096,"position":5},"title":"Mia Couto destaca a rela\u00e7\u00e3o com jovens na Feira Internacional do Livro: \u201cEsperan\u00e7a na escrita\u201d","author":"noticiasribeiraopreto.com.br","date":"2 de September de 2026","format":false,"excerpt":"Escritor, bi\u00f3logo e jornalista mo\u00e7ambicano, Mia Couto \u00e9 um dos destaques da 25\u00b0 edi\u00e7\u00e3o da Feira Internacional do Livro de Ribeir\u00e3o Preto.O escritor, um dos mais requisitados da l\u00edngua portuguesa contempor\u00e2nea, participa do evento pela segunda vez. \u201cParece sempre a primeira, porque ela (a FIL) \u00e9 t\u00e3o inovadora\u201d, avaliou.Durante entrevista\u2026","rel":"","context":"In &quot;Not\u00edcias de Ribeir\u00e3o Preto-SP e Regi\u00e3o&quot;","block_context":{"text":"Not\u00edcias de Ribeir\u00e3o Preto-SP e Regi\u00e3o","link":"https:\/\/noticiasribeiraopreto.com.br\/index.php\/category\/noticias-de-ribeirao-preto-sp-e-regiao-ismael-colosi\/"},"img":{"alt_text":"","src":"https:\/\/i0.wp.com\/noticiasribeiraopreto.com.br\/wp-content\/uploads\/2026\/09\/WhatsApp-Image-2026-09-02-at-11.07.25.jpeg?fit=1200%2C900&ssl=1&resize=350%2C200","width":350,"height":200,"srcset":"https:\/\/i0.wp.com\/noticiasribeiraopreto.com.br\/wp-content\/uploads\/2026\/09\/WhatsApp-Image-2026-09-02-at-11.07.25.jpeg?fit=1200%2C900&ssl=1&resize=350%2C200 1x, https:\/\/i0.wp.com\/noticiasribeiraopreto.com.br\/wp-content\/uploads\/2026\/09\/WhatsApp-Image-2026-09-02-at-11.07.25.jpeg?fit=1200%2C900&ssl=1&resize=525%2C300 1.5x, https:\/\/i0.wp.com\/noticiasribeiraopreto.com.br\/wp-content\/uploads\/2026\/09\/WhatsApp-Image-2026-09-02-at-11.07.25.jpeg?fit=1200%2C900&ssl=1&resize=700%2C400 2x, https:\/\/i0.wp.com\/noticiasribeiraopreto.com.br\/wp-content\/uploads\/2026\/09\/WhatsApp-Image-2026-09-02-at-11.07.25.jpeg?fit=1200%2C900&ssl=1&resize=1050%2C600 3x"},"classes":[]}],"jetpack_sharing_enabled":true,"jetpack_shortlink":"https:\/\/wp.me\/peQAOb-nHi","jetpack_featured_media_url":"https:\/\/i0.wp.com\/noticiasribeiraopreto.com.br\/wp-content\/uploads\/2026\/09\/entrega_onibus_eletrico_-_foto_fernando_gonzaga_04.jpg?fit=1620%2C1080&ssl=1","_links":{"self":[{"href":"https:\/\/noticiasribeiraopreto.com.br\/index.php\/wp-json\/wp\/v2\/posts\/91096","targetHints":{"allow":["GET"]}}],"collection":[{"href":"https:\/\/noticiasribeiraopreto.com.br\/index.php\/wp-json\/wp\/v2\/posts"}],"about":[{"href":"https:\/\/noticiasribeiraopreto.com.br\/index.php\/wp-json\/wp\/v2\/types\/post"}],"author":[{"embeddable":true,"href":"https:\/\/noticiasribeiraopreto.com.br\/index.php\/wp-json\/wp\/v2\/users\/1"}],"replies":[{"embeddable":true,"href":"https:\/\/noticiasribeiraopreto.com.br\/index.php\/wp-json\/wp\/v2\/comments?post=91096"}],"version-history":[{"count":0,"href":"https:\/\/noticiasribeiraopreto.com.br\/index.php\/wp-json\/wp\/v2\/posts\/91096\/revisions"}],"wp:featuredmedia":[{"embeddable":true,"href":"https:\/\/noticiasribeiraopreto.com.br\/index.php\/wp-json\/wp\/v2\/media\/91097"}],"wp:attachment":[{"href":"https:\/\/noticiasribeiraopreto.com.br\/index.php\/wp-json\/wp\/v2\/media?parent=91096"}],"wp:term":[{"taxonomy":"category","embeddable":true,"href":"https:\/\/noticiasribeiraopreto.com.br\/index.php\/wp-json\/wp\/v2\/categories?post=91096"},{"taxonomy":"post_tag","embeddable":true,"href":"https:\/\/noticiasribeiraopreto.com.br\/index.php\/wp-json\/wp\/v2\/tags?post=91096"}],"curies":[{"name":"wp","href":"https:\/\/api.w.org\/{rel}","templated":true}]}}