{"id":91098,"date":"2026-09-04T11:48:14","date_gmt":"2026-09-04T14:48:14","guid":{"rendered":"https:\/\/noticiasribeiraopreto.com.br\/index.php\/2026\/09\/04\/mecanico-de-29-anos-que-morreu-em-acidente-na-anhanguera-viajava-a-trabalho\/"},"modified":"2026-09-04T11:48:14","modified_gmt":"2026-09-04T14:48:14","slug":"mecanico-de-29-anos-que-morreu-em-acidente-na-anhanguera-viajava-a-trabalho","status":"publish","type":"post","link":"https:\/\/noticiasribeiraopreto.com.br\/index.php\/2026\/09\/04\/mecanico-de-29-anos-que-morreu-em-acidente-na-anhanguera-viajava-a-trabalho\/","title":{"rendered":"Mec\u00e2nico de 29 anos que morreu em acidente na Anhanguera viajava a trabalho"},"content":{"rendered":"<div class='code-block code-block-1' style='margin: 8px 0 8px auto; text-align: right; display: block; clear: both;'>\n<p><a href=\"https:\/\/wa.link\/vpicfd\"><img data-recalc-dims=\"1\" class=\"wp-image-4922\" style=\"aspect-ratio: 2.0253164556962027; width: 561px; height: auto;\" src=\"https:\/\/i0.wp.com\/ismaelcolosi.com.br\/wp-content\/uploads\/2023\/11\/grupo-de-empregos-whatsapp-e-facebook-ismael-colosi-vagas.jpg?ssl=1\" alt=\"\" \/><\/a><\/p>\n<!-- \/wp:image -->\n<\/div>\n<p> <br \/>\n<\/p>\n<p>Foi identificado como <strong>Wesley Rodrigues Maciel<\/strong>, de 29 anos, a v\u00edtima do acidente entre uma picape e uma SUV na madrugada desta sexta-feira (4), na <strong>rodovia Anhanguera (SP-330)<\/strong>, em <strong>Ituverava<\/strong>, no interior de S\u00e3o Paulo.<\/p>\n<p>De acordo com apura\u00e7\u00e3o da <strong>EPTV<\/strong>, o homem era <strong>mec\u00e2nico<\/strong> e seguia para <strong>Maril\u00e2ndia (ES)<\/strong>, acompanhado do chefe, para realizar um servi\u00e7o. <strong><mark class=\"has-inline-color\">Os dois viajavam na picape envolvida na batida<\/mark><\/strong><\/p>\n<p>Ap\u00f3s o acidente, <strong>Wesley chegou a ser socorrido e foi levado para a Santa Casa de Ituverava<\/strong>, mas n\u00e3o resistiu aos ferimentos e <strong>morreu<\/strong>.<\/p>\n<p>O outro ocupante da picape tamb\u00e9m ficou ferido e <strong>permanece internado em estado grave<\/strong>.<\/p>\n<figure class=\"wp-block-image size-large\"><figcaption class=\"wp-element-caption\">Acidente aconteceu na madrugada desta sexta-feira (4) \u2013 Foto: CCM\/ Anhanguera.<\/figcaption><\/figure>\n<p class=\"has-text-align-center has-cyan-bluish-gray-background-color has-background\"><em>Receba not\u00edcias do\u00a0<strong>acidade on Ribeir\u00e3o\u00a0<\/strong>no WhatsApp e fique por dentro de tudo! Basta acessar o link<a href=\"https:\/\/chat.whatsapp.com\/DfXwcjKVIddHUT3BvnQuPZ?mode=hqctshi\" target=\"_blank\" rel=\"noreferrer noopener\">\u00a0aqui<\/a>!<\/em><\/p>\n<h2 class=\"wp-block-heading\"><strong>Relembre o acidente na Anhanguera<\/strong><\/h2>\n<p>A batida aconteceu por volta das <strong>3h30<\/strong>, no km 419 da rodovia <strong>Anhanguera<\/strong>, em <strong>Ituverava<\/strong>, no sentido Minas Gerais.<\/p>\n<p>Segundo informa\u00e7\u00f5es do <strong>CCM<\/strong> <strong>da Artesp<\/strong>, os dois trabalhadores estavam na picape quando uma Land Rover invadiu a pista pela contram\u00e3o e atingiu o ve\u00edculo \u2013 <strong>ainda n\u00e3o h\u00e1 informa\u00e7\u00f5es sobre o que levou o motorista da SUV a trafegar na contram\u00e3o.<\/strong><\/p>\n<p><strong>O motorista da SUV n\u00e3o ficou ferido<\/strong>. Ele foi detido e preso em flagrante por suspeita de embriaguez ao volante. <strong><mark class=\"has-inline-color\">At\u00e9 a publica\u00e7\u00e3o desse texto, a identidade do envolvido n\u00e3o havia sido divulgada.<\/mark><\/strong><\/p>\n<p>O homem permanece na <strong>Delegacia de Ituverava<\/strong>, onde o caso foi registrado e ser\u00e1 investigado.<\/p>\n<p>Ap\u00f3s a colis\u00e3o, uma das faixas da r<strong>odovia Anhanguera precisou ser interditada<\/strong> por mais de uma hora para o atendimento da ocorr\u00eancia e a remo\u00e7\u00e3o dos ve\u00edculos.<\/p>\n<figure class=\"wp-block-gallery has-nested-images columns-default is-cropped wp-block-gallery-1 is-layout-flex wp-block-gallery-is-layout-flex\">\n<figure class=\"wp-block-image size-large\"><img data-recalc-dims=\"1\" loading=\"lazy\" decoding=\"async\" width=\"1024\" height=\"576\" data-id=\"173652\" src=\"https:\/\/i0.wp.com\/www.acidadeon.com\/ribeiraopreto\/wp-content\/uploads\/sites\/3\/2026\/09\/anhanguera-ituverava-5-1024x576.jpg?resize=1024%2C576&#038;ssl=1\" alt=\"Acidente aconteceu na madrugada desta sexta-feira (4) - Foto: CCM\/ Anhanguera.\" class=\"wp-image-173652\" title=\"Mec\u00e2nico de 29 anos que morreu em acidente na Anhanguera viajava a trabalho 2\"><figcaption class=\"wp-element-caption\">Acidente aconteceu na madrugada desta sexta-feira (4) \u2013 Foto: CCM\/ Anhanguera.<\/figcaption><\/figure>\n<figure class=\"wp-block-image size-large\"><img data-recalc-dims=\"1\" loading=\"lazy\" decoding=\"async\" width=\"1024\" height=\"576\" data-id=\"173653\" src=\"https:\/\/i0.wp.com\/www.acidadeon.com\/ribeiraopreto\/wp-content\/uploads\/sites\/3\/2026\/09\/anhanguera-ituverava-4-1024x576.jpg?resize=1024%2C576&#038;ssl=1\" alt=\"Acidente aconteceu na madrugada desta sexta-feira (4) - Foto: CCM\/ Anhanguera.\" class=\"wp-image-173653\" title=\"Mec\u00e2nico de 29 anos que morreu em acidente na Anhanguera viajava a trabalho 3\"><figcaption class=\"wp-element-caption\">Acidente aconteceu na madrugada desta sexta-feira (4) \u2013 Foto: CCM\/ Anhanguera.<\/figcaption><\/figure>\n<figure class=\"wp-block-image size-large\"><img data-recalc-dims=\"1\" loading=\"lazy\" decoding=\"async\" width=\"1024\" height=\"576\" data-id=\"173654\" src=\"https:\/\/i0.wp.com\/www.acidadeon.com\/ribeiraopreto\/wp-content\/uploads\/sites\/3\/2026\/09\/anhanguera-ituverava-3-1024x576.jpg?resize=1024%2C576&#038;ssl=1\" alt=\"Acidente aconteceu na madrugada desta sexta-feira (4) - Foto: CCM\/ Anhanguera.\" class=\"wp-image-173654\" title=\"Mec\u00e2nico de 29 anos que morreu em acidente na Anhanguera viajava a trabalho 4\"><figcaption class=\"wp-element-caption\">Acidente aconteceu na madrugada desta sexta-feira (4) \u2013 Foto: CCM\/ Anhanguera.<\/figcaption><\/figure>\n<\/figure>\n<p class=\"has-text-align-center has-cyan-bluish-gray-background-color has-background\"><em>Fa\u00e7a uma den\u00fancia ou sugira uma reportagem sobre\u00a0<strong>Ribeir\u00e3o Preto\u00a0<\/strong>e regi\u00e3o por meio do WhatsApp do\u00a0<strong>acidade on Ribeir\u00e3o<\/strong>: (16) 99117-7802.<\/em><\/p>\n<p>O post Mec\u00e2nico de 29 anos que morreu em acidente na Anhanguera viajava a trabalho apareceu primeiro em ACidade ON Ribeir\u00e3o Preto.<\/p>\n<p><br \/>\n<br \/><a href=\"https:\/\/www.acidadeon.com\/ribeiraopreto\/cotidiano\/mecanico-de-29-anos-que-morreu-em-acidente-na-anhanguera-viajava-a-trabalho\/\">Link para o texto original aqui <\/a><\/p>\n<!-- CONTENT END 1 -->\n","protected":false},"excerpt":{"rendered":"<p>Foi identificado como Wesley Rodrigues Maciel, de 29 anos, a v\u00edtima do acidente entre uma picape e uma SUV na madrugada desta sexta-feira (4), na&#8230;<\/p>\n","protected":false},"author":1,"featured_media":91099,"comment_status":"","ping_status":"","sticky":false,"template":"","format":"standard","meta":{"advanced_seo_description":"","jetpack_seo_html_title":"","jetpack_seo_noindex":false,"jetpack_seo_schema_type":"","_jetpack_newsletter_access":"","_jetpack_dont_email_post_to_subs":false,"_jetpack_newsletter_tier_id":0,"_jetpack_memberships_contains_paywalled_content":false,"_jetpack_feature_clip_id":0,"_jetpack_memberships_contains_paid_content":false,"footnotes":"","jetpack_publicize_message":"","jetpack_publicize_feature_enabled":true,"jetpack_social_post_already_shared":true,"jetpack_social_options":{"image_generator_settings":{"template":"highway","default_image_id":0,"font":"","enabled":false},"version":2},"jetpack_post_was_ever_published":false},"categories":[11],"tags":[74,1433,84,7226,3128,583,804],"class_list":["post-91098","post","type-post","status-publish","format-standard","has-post-thumbnail","hentry","category-noticias-de-ribeirao-preto-sp-e-regiao-ismael-colosi","tag-acidente","tag-anhanguera","tag-anos","tag-mecanico","tag-morreu","tag-trabalho","tag-viajava"],"jetpack_publicize_connections":[],"jetpack-related-posts":[{"id":91079,"url":"https:\/\/noticiasribeiraopreto.com.br\/index.php\/2026\/09\/04\/acidente-na-anhanguera-deixa-uma-pessoa-morta-e-outra-em-estado-grave-no-interior-de-sp\/","url_meta":{"origin":91098,"position":0},"title":"Acidente na Anhanguera deixa uma pessoa morta e outra em estado grave no interior de SP","author":"noticiasribeiraopreto.com.br","date":"4 de September de 2026","format":false,"excerpt":"Uma pessoa morreu e outra est\u00e1 em estado grave ap\u00f3s uma colis\u00e3o frontal entre uma picape e uma SUV na madrugada desta sexta-feira (4), na rodovia Anhanguera (SP-330), em Ituverava, no interior de S\u00e3o Paulo. O acidente aconteceu por volta das 3h25, no km 419, no sentido Norte. Segundo informa\u00e7\u00f5es\u2026","rel":"","context":"In &quot;Not\u00edcias de Ribeir\u00e3o Preto-SP e Regi\u00e3o&quot;","block_context":{"text":"Not\u00edcias de Ribeir\u00e3o Preto-SP e Regi\u00e3o","link":"https:\/\/noticiasribeiraopreto.com.br\/index.php\/category\/noticias-de-ribeirao-preto-sp-e-regiao-ismael-colosi\/"},"img":{"alt_text":"","src":"https:\/\/i0.wp.com\/noticiasribeiraopreto.com.br\/wp-content\/uploads\/2026\/09\/acidente-anhanguera-ituverava.jpg?fit=1200%2C675&ssl=1&resize=350%2C200","width":350,"height":200,"srcset":"https:\/\/i0.wp.com\/noticiasribeiraopreto.com.br\/wp-content\/uploads\/2026\/09\/acidente-anhanguera-ituverava.jpg?fit=1200%2C675&ssl=1&resize=350%2C200 1x, https:\/\/i0.wp.com\/noticiasribeiraopreto.com.br\/wp-content\/uploads\/2026\/09\/acidente-anhanguera-ituverava.jpg?fit=1200%2C675&ssl=1&resize=525%2C300 1.5x, https:\/\/i0.wp.com\/noticiasribeiraopreto.com.br\/wp-content\/uploads\/2026\/09\/acidente-anhanguera-ituverava.jpg?fit=1200%2C675&ssl=1&resize=700%2C400 2x, https:\/\/i0.wp.com\/noticiasribeiraopreto.com.br\/wp-content\/uploads\/2026\/09\/acidente-anhanguera-ituverava.jpg?fit=1200%2C675&ssl=1&resize=1050%2C600 3x"},"classes":[]},{"id":74358,"url":"https:\/\/noticiasribeiraopreto.com.br\/index.php\/2025\/07\/21\/jovem-de-24-anos-morre-em-acidente-na-rodovia-anhanguera\/","url_meta":{"origin":91098,"position":1},"title":"Jovem de 24 anos morre em acidente na rodovia Anhanguera","author":"noticiasribeiraopreto.com.br","date":"21 de July de 2025","format":false,"excerpt":"Um jovem de 24 anos morreu depois de sofrer um acidente com a picape que dirigia na madrugada deste domingo (20), no km 399 da rodovia Anhanguera (SP-330), em Guar\u00e1, a 90 quil\u00f4metros de Ribeir\u00e3o Preto. Segundo informa\u00e7\u00f5es, Matheus Henrique Assagra Ferreira havia sa\u00eddo da Bahia e seguia para S\u00e3o\u2026","rel":"","context":"In &quot;Not\u00edcias de Ribeir\u00e3o Preto-SP e Regi\u00e3o&quot;","block_context":{"text":"Not\u00edcias de Ribeir\u00e3o Preto-SP e Regi\u00e3o","link":"https:\/\/noticiasribeiraopreto.com.br\/index.php\/category\/noticias-de-ribeirao-preto-sp-e-regiao-ismael-colosi\/"},"img":{"alt_text":"","src":"https:\/\/i0.wp.com\/noticiasribeiraopreto.com.br\/wp-content\/uploads\/2025\/07\/MATHEUS_2025-07-21_11-49-25.webp.webp?fit=1200%2C746&ssl=1&resize=350%2C200","width":350,"height":200,"srcset":"https:\/\/i0.wp.com\/noticiasribeiraopreto.com.br\/wp-content\/uploads\/2025\/07\/MATHEUS_2025-07-21_11-49-25.webp.webp?fit=1200%2C746&ssl=1&resize=350%2C200 1x, https:\/\/i0.wp.com\/noticiasribeiraopreto.com.br\/wp-content\/uploads\/2025\/07\/MATHEUS_2025-07-21_11-49-25.webp.webp?fit=1200%2C746&ssl=1&resize=525%2C300 1.5x, https:\/\/i0.wp.com\/noticiasribeiraopreto.com.br\/wp-content\/uploads\/2025\/07\/MATHEUS_2025-07-21_11-49-25.webp.webp?fit=1200%2C746&ssl=1&resize=700%2C400 2x, https:\/\/i0.wp.com\/noticiasribeiraopreto.com.br\/wp-content\/uploads\/2025\/07\/MATHEUS_2025-07-21_11-49-25.webp.webp?fit=1200%2C746&ssl=1&resize=1050%2C600 3x"},"classes":[]},{"id":57693,"url":"https:\/\/noticiasribeiraopreto.com.br\/index.php\/2024\/09\/07\/anhanguera-e-interditada-apos-acidente-na-regiao-de-ribeirao-uma-pessoa-morreu\/","url_meta":{"origin":91098,"position":2},"title":"Anhanguera \u00e9 interditada ap\u00f3s acidente na regi\u00e3o de Ribeir\u00e3o; uma pessoa morreu","author":"noticiasribeiraopreto.com.br","date":"7 de September de 2024","format":false,"excerpt":"Uma pessoa morreu em um acidente na rodovia Anhanguera, na altura de Ituverava, na regi\u00e3o de Ribeir\u00e3o Preto, no final da manh\u00e3 deste s\u00e1bado (7). Por conta do acidente, a Anhanguera precisou ser interditada. O bloqueio aconteceu na altura do quil\u00f4metro 426, em Buritizal, no sentido Ribeir\u00e3o Preto, e na\u2026","rel":"","context":"In &quot;Not\u00edcias de Ribeir\u00e3o Preto-SP e Regi\u00e3o&quot;","block_context":{"text":"Not\u00edcias de Ribeir\u00e3o Preto-SP e Regi\u00e3o","link":"https:\/\/noticiasribeiraopreto.com.br\/index.php\/category\/noticias-de-ribeirao-preto-sp-e-regiao-ismael-colosi\/"},"img":{"alt_text":"","src":"https:\/\/i0.wp.com\/noticiasribeiraopreto.com.br\/wp-content\/uploads\/2024\/09\/ACIDENTE-ANHANGUERA_2024-09-07_16-53-46_jpg_2024-09-07_16-53-46.webp.webp?fit=896%2C541&ssl=1&resize=350%2C200","width":350,"height":200,"srcset":"https:\/\/i0.wp.com\/noticiasribeiraopreto.com.br\/wp-content\/uploads\/2024\/09\/ACIDENTE-ANHANGUERA_2024-09-07_16-53-46_jpg_2024-09-07_16-53-46.webp.webp?fit=896%2C541&ssl=1&resize=350%2C200 1x, https:\/\/i0.wp.com\/noticiasribeiraopreto.com.br\/wp-content\/uploads\/2024\/09\/ACIDENTE-ANHANGUERA_2024-09-07_16-53-46_jpg_2024-09-07_16-53-46.webp.webp?fit=896%2C541&ssl=1&resize=525%2C300 1.5x, https:\/\/i0.wp.com\/noticiasribeiraopreto.com.br\/wp-content\/uploads\/2024\/09\/ACIDENTE-ANHANGUERA_2024-09-07_16-53-46_jpg_2024-09-07_16-53-46.webp.webp?fit=896%2C541&ssl=1&resize=700%2C400 2x"},"classes":[]},{"id":54020,"url":"https:\/\/noticiasribeiraopreto.com.br\/index.php\/2024\/06\/27\/identificado-motorista-morto-ao-descer-de-picape-apos-acidente-em-rodovia-de-ribeirao\/","url_meta":{"origin":91098,"position":3},"title":"Identificado motorista morto ao descer de picape ap\u00f3s acidente em rodovia de Ribeir\u00e3o","author":"noticiasribeiraopreto.com.br","date":"27 de June de 2024","format":false,"excerpt":"A Pol\u00edcia Civil identificou o motorista morto ap\u00f3s descer do ve\u00edculo em um acidente de tr\u00e2nsito e ser atropelado na noite desta quarta-feira (26), na rodovia Jos\u00e9 Fregonesi (SP-328), que liga Ribeir\u00e3o Preto a Bonfim Paulista. Segundo o boletim de ocorr\u00eancia (BO), Luiz Arnaldo de Souza, de 54 anos, morreu\u2026","rel":"","context":"In &quot;Not\u00edcias de Ribeir\u00e3o Preto-SP e Regi\u00e3o&quot;","block_context":{"text":"Not\u00edcias de Ribeir\u00e3o Preto-SP e Regi\u00e3o","link":"https:\/\/noticiasribeiraopreto.com.br\/index.php\/category\/noticias-de-ribeirao-preto-sp-e-regiao-ismael-colosi\/"},"img":{"alt_text":"","src":"https:\/\/i0.wp.com\/noticiasribeiraopreto.com.br\/wp-content\/uploads\/2024\/06\/ACIDENTE_2024-06-27_11-55-18_jpg_2024-06-27_11-55-18.webp.webp?fit=1200%2C685&ssl=1&resize=350%2C200","width":350,"height":200,"srcset":"https:\/\/i0.wp.com\/noticiasribeiraopreto.com.br\/wp-content\/uploads\/2024\/06\/ACIDENTE_2024-06-27_11-55-18_jpg_2024-06-27_11-55-18.webp.webp?fit=1200%2C685&ssl=1&resize=350%2C200 1x, https:\/\/i0.wp.com\/noticiasribeiraopreto.com.br\/wp-content\/uploads\/2024\/06\/ACIDENTE_2024-06-27_11-55-18_jpg_2024-06-27_11-55-18.webp.webp?fit=1200%2C685&ssl=1&resize=525%2C300 1.5x, https:\/\/i0.wp.com\/noticiasribeiraopreto.com.br\/wp-content\/uploads\/2024\/06\/ACIDENTE_2024-06-27_11-55-18_jpg_2024-06-27_11-55-18.webp.webp?fit=1200%2C685&ssl=1&resize=700%2C400 2x, https:\/\/i0.wp.com\/noticiasribeiraopreto.com.br\/wp-content\/uploads\/2024\/06\/ACIDENTE_2024-06-27_11-55-18_jpg_2024-06-27_11-55-18.webp.webp?fit=1200%2C685&ssl=1&resize=1050%2C600 3x"},"classes":[]},{"id":76949,"url":"https:\/\/noticiasribeiraopreto.com.br\/index.php\/2025\/09\/09\/caminhao-tomba-e-motorista-morre-na-rodovia-anhanguera\/","url_meta":{"origin":91098,"position":4},"title":"Caminh\u00e3o tomba e motorista morre na rodovia Anhanguera","author":"noticiasribeiraopreto.com.br","date":"9 de September de 2025","format":false,"excerpt":"O motorista de um caminh\u00e3o carregado com aves morreu ap\u00f3s o ve\u00edculo tombar na rodovia Anhanguera (SP-330), em Ituverava, cidade a 100 quil\u00f4metros de Ribeir\u00e3o Preto, na manh\u00e3 desta ter\u00e7a-feira (09). De acordo com o CCI (Centro de Controle de Informa\u00e7\u00f5es) da Artesp, o caminh\u00e3o trafegava no sentido sul pr\u00f3ximo\u2026","rel":"","context":"In &quot;Not\u00edcias de Ribeir\u00e3o Preto-SP e Regi\u00e3o&quot;","block_context":{"text":"Not\u00edcias de Ribeir\u00e3o Preto-SP e Regi\u00e3o","link":"https:\/\/noticiasribeiraopreto.com.br\/index.php\/category\/noticias-de-ribeirao-preto-sp-e-regiao-ismael-colosi\/"},"img":{"alt_text":"","src":"https:\/\/i0.wp.com\/noticiasribeiraopreto.com.br\/wp-content\/uploads\/2025\/09\/download-39_2025-09-09_14-06-28.webp.webp?fit=1200%2C900&ssl=1&resize=350%2C200","width":350,"height":200,"srcset":"https:\/\/i0.wp.com\/noticiasribeiraopreto.com.br\/wp-content\/uploads\/2025\/09\/download-39_2025-09-09_14-06-28.webp.webp?fit=1200%2C900&ssl=1&resize=350%2C200 1x, https:\/\/i0.wp.com\/noticiasribeiraopreto.com.br\/wp-content\/uploads\/2025\/09\/download-39_2025-09-09_14-06-28.webp.webp?fit=1200%2C900&ssl=1&resize=525%2C300 1.5x, https:\/\/i0.wp.com\/noticiasribeiraopreto.com.br\/wp-content\/uploads\/2025\/09\/download-39_2025-09-09_14-06-28.webp.webp?fit=1200%2C900&ssl=1&resize=700%2C400 2x, https:\/\/i0.wp.com\/noticiasribeiraopreto.com.br\/wp-content\/uploads\/2025\/09\/download-39_2025-09-09_14-06-28.webp.webp?fit=1200%2C900&ssl=1&resize=1050%2C600 3x"},"classes":[]},{"id":70998,"url":"https:\/\/noticiasribeiraopreto.com.br\/index.php\/2025\/06\/01\/acidente-envolve-onibus-e-picape-de-concessionaria-na-regiao-de-ribeirao-preto\/","url_meta":{"origin":91098,"position":5},"title":"Acidente envolve \u00f4nibus e picape de concession\u00e1ria na regi\u00e3o de Ribeir\u00e3o Preto","author":"noticiasribeiraopreto.com.br","date":"1 de June de 2025","format":false,"excerpt":"Um acidente envolveu um \u00f4nibus e uma picape da concession\u00e1ria Econoroeste na manh\u00e3 deste domingo (1), no km 150 da rodovia Nem\u00e9sio Cadetti (SP-333), em Taquaritinga, a 80 quil\u00f4metros de Ribeir\u00e3o Preto. Segundo a Artesp (Ag\u00eancia de Transporte do Estado de S\u00e3o Paulo), uma v\u00edtima que estava na picape sofreu\u2026","rel":"","context":"In &quot;Not\u00edcias de Ribeir\u00e3o Preto-SP e Regi\u00e3o&quot;","block_context":{"text":"Not\u00edcias de Ribeir\u00e3o Preto-SP e Regi\u00e3o","link":"https:\/\/noticiasribeiraopreto.com.br\/index.php\/category\/noticias-de-ribeirao-preto-sp-e-regiao-ismael-colosi\/"},"img":{"alt_text":"","src":"https:\/\/i0.wp.com\/noticiasribeiraopreto.com.br\/wp-content\/uploads\/2025\/06\/ACIDENTE-_2025-06-01_15-00-43.webp.webp?fit=1200%2C742&ssl=1&resize=350%2C200","width":350,"height":200,"srcset":"https:\/\/i0.wp.com\/noticiasribeiraopreto.com.br\/wp-content\/uploads\/2025\/06\/ACIDENTE-_2025-06-01_15-00-43.webp.webp?fit=1200%2C742&ssl=1&resize=350%2C200 1x, https:\/\/i0.wp.com\/noticiasribeiraopreto.com.br\/wp-content\/uploads\/2025\/06\/ACIDENTE-_2025-06-01_15-00-43.webp.webp?fit=1200%2C742&ssl=1&resize=525%2C300 1.5x, https:\/\/i0.wp.com\/noticiasribeiraopreto.com.br\/wp-content\/uploads\/2025\/06\/ACIDENTE-_2025-06-01_15-00-43.webp.webp?fit=1200%2C742&ssl=1&resize=700%2C400 2x, https:\/\/i0.wp.com\/noticiasribeiraopreto.com.br\/wp-content\/uploads\/2025\/06\/ACIDENTE-_2025-06-01_15-00-43.webp.webp?fit=1200%2C742&ssl=1&resize=1050%2C600 3x"},"classes":[]}],"jetpack_sharing_enabled":true,"jetpack_shortlink":"https:\/\/wp.me\/peQAOb-nHk","jetpack_featured_media_url":"https:\/\/i0.wp.com\/noticiasribeiraopreto.com.br\/wp-content\/uploads\/2026\/09\/roubo-jardinopolis-familia-4.jpg?fit=1200%2C675&ssl=1","_links":{"self":[{"href":"https:\/\/noticiasribeiraopreto.com.br\/index.php\/wp-json\/wp\/v2\/posts\/91098","targetHints":{"allow":["GET"]}}],"collection":[{"href":"https:\/\/noticiasribeiraopreto.com.br\/index.php\/wp-json\/wp\/v2\/posts"}],"about":[{"href":"https:\/\/noticiasribeiraopreto.com.br\/index.php\/wp-json\/wp\/v2\/types\/post"}],"author":[{"embeddable":true,"href":"https:\/\/noticiasribeiraopreto.com.br\/index.php\/wp-json\/wp\/v2\/users\/1"}],"replies":[{"embeddable":true,"href":"https:\/\/noticiasribeiraopreto.com.br\/index.php\/wp-json\/wp\/v2\/comments?post=91098"}],"version-history":[{"count":0,"href":"https:\/\/noticiasribeiraopreto.com.br\/index.php\/wp-json\/wp\/v2\/posts\/91098\/revisions"}],"wp:featuredmedia":[{"embeddable":true,"href":"https:\/\/noticiasribeiraopreto.com.br\/index.php\/wp-json\/wp\/v2\/media\/91099"}],"wp:attachment":[{"href":"https:\/\/noticiasribeiraopreto.com.br\/index.php\/wp-json\/wp\/v2\/media?parent=91098"}],"wp:term":[{"taxonomy":"category","embeddable":true,"href":"https:\/\/noticiasribeiraopreto.com.br\/index.php\/wp-json\/wp\/v2\/categories?post=91098"},{"taxonomy":"post_tag","embeddable":true,"href":"https:\/\/noticiasribeiraopreto.com.br\/index.php\/wp-json\/wp\/v2\/tags?post=91098"}],"curies":[{"name":"wp","href":"https:\/\/api.w.org\/{rel}","templated":true}]}}