{"id":91100,"date":"2026-09-04T12:04:10","date_gmt":"2026-09-04T15:04:10","guid":{"rendered":"https:\/\/noticiasribeiraopreto.com.br\/index.php\/2026\/09\/04\/video-pm-usa-drone-para-localizar-assaltantes-que-fizeram-refens\/"},"modified":"2026-09-04T12:04:10","modified_gmt":"2026-09-04T15:04:10","slug":"video-pm-usa-drone-para-localizar-assaltantes-que-fizeram-refens","status":"publish","type":"post","link":"https:\/\/noticiasribeiraopreto.com.br\/index.php\/2026\/09\/04\/video-pm-usa-drone-para-localizar-assaltantes-que-fizeram-refens\/","title":{"rendered":"V\u00cdDEO &#8211; PM usa drone para localizar assaltantes que fizeram ref\u00e9ns"},"content":{"rendered":"<div class='code-block code-block-1' style='margin: 8px 0 8px auto; text-align: right; display: block; clear: both;'>\n<p><a href=\"https:\/\/wa.link\/vpicfd\"><img data-recalc-dims=\"1\" class=\"wp-image-4922\" style=\"aspect-ratio: 2.0253164556962027; width: 561px; height: auto;\" src=\"https:\/\/i0.wp.com\/ismaelcolosi.com.br\/wp-content\/uploads\/2023\/11\/grupo-de-empregos-whatsapp-e-facebook-ismael-colosi-vagas.jpg?ssl=1\" alt=\"\" \/><\/a><\/p>\n<!-- \/wp:image -->\n<\/div>\n<p> <br \/>\n<\/p>\n<div id=\"\">&#13;<\/p>\n<h2 class=\"penci-post-subtitle\">V\u00edtimas foram amarradas e s\u00f3 conseguiram se libertar horas depois; PM localizou parte dos objetos roubados e prendeu uma mulher<\/h2>\n<p>&#13;<\/p>\n<p>&#13;<br \/>\n\t\t\t\t\t\t\t\t\t<span class=\"entry-meta-item penci-posted-on\"><i class=\"fa fa-clock-o\"\/><time class=\"entry-date published updated\" datetime=\"2026-09-04T12:00:47-03:00\">4 de setembro de 2026 12:00<\/time><\/span><span class=\"entry-meta-item penci-post-countview\"\/>\t\t\t\t\t\t\t\t<\/p>\n<p><!-- .entry-meta -->&#13;<br \/>\n\t\t\t\t\t\t\t\t<span class=\"penci-social-buttons penci-social-share-footer\"><span class=\"penci-social-share-text\">Compartilhar<\/span><a href=\"#\" class=\"penci-post-like penci_post-meta_item  single-like-button penci-social-item like\" data-post_id=\"476081\" title=\"Like\" data-like=\"Like\" data-unlike=\"Unlike\"><i class=\"fa fa-thumbs-o-up\"\/><span class=\"penci-share-number\">2<\/span><\/a><i class=\"fa fa-facebook\"\/><a class=\"penci-social-item twitter\" target=\"_blank\" rel=\"noopener\" title=\"\" href=\"https:\/\/twitter.com\/intent\/tweet?text=V\u00cdDEO%20-%20PM%20usa%20drone%20para%20localizar%20assaltantes%20que%20fizeram%20ref\u00e9ns%20-%20https:\/\/www.tribunaribeirao.com.br\/video-pm-usa-drone-para-localizar-assaltantes-que-fizeram-refens\/\"><i class=\"fa fa-twitter\"\/><\/a><i class=\"fa fa-linkedin\"\/><i class=\"fa fa-whatsapp\"\/><i class=\"fa fa-telegram\"\/><i class=\"fa fa-envelope\"\/><\/span>\t\t\t\t\t\t\t<\/div>\n<div>\n<p>| Por: Adalberto Luque |<\/p>\n<p>Uma fam\u00edlia foi mantida ref\u00e9m e amarrada durante um roubo a uma resid\u00eancia, na madrugada desta sexta-feira (4). O assalto ocorreu em Jardin\u00f3polis, na regi\u00e3o metropolitana de Ribeir\u00e3o Preto. Os criminosos levaram televis\u00e3o, joias, equipamentos eletr\u00f4nicos, perfumes, roupas e um ve\u00edculo Fiat Argo.<\/p>\n<p>As v\u00edtimas s\u00f3 conseguiram se soltar ap\u00f3s as 06h30, quando acionaram a Pol\u00edcia Militar. Durante o atendimento da ocorr\u00eancia, os policiais conseguiram obter a localiza\u00e7\u00e3o aproximada de um dos dispositivos levados pelos criminosos, que apontou para a regi\u00e3o do bairro Vila Santa Luzia, a cerca de dois quil\u00f4metros da casa onde ocorreu o assalto.<\/p>\n<figure id=\"attachment_476083\" aria-describedby=\"caption-attachment-476083\" style=\"width: 1200px\" class=\"wp-caption alignnone\"><figcaption id=\"caption-attachment-476083\" class=\"wp-caption-text\">Parte dos objetos roubados pela quadrilha foi recuperado pela PM (Foto: Divulga\u00e7\u00e3o)<\/figcaption><\/figure>\n<p>Com o apoio de um drone, os policiais visualizaram um homem fazendo o transbordo de mochilas para dentro de uma resid\u00eancia. As equipes foram at\u00e9 o endere\u00e7o e fizeram a abordagem, localizando parte dos pertences roubados, al\u00e9m de uma arma de fogo, muni\u00e7\u00f5es e tr\u00eas simulacros.<\/p>\n<p>Tamb\u00e9m foram apreendidas as roupas utilizadas no roubo, balaclavas, m\u00e1scaras, uma televis\u00e3o, o ve\u00edculo usado pelo grupo na a\u00e7\u00e3o e a chave do Fiat Argo levado da fam\u00edlia.<\/p>\n<p>Uma mulher foi detida na resid\u00eancia. Segundo a PM, ela \u00e9 namorada do homem apontado como respons\u00e1vel pelo roubo. No im\u00f3vel tamb\u00e9m foi localizado um documento que poder\u00e1 ser utilizado no indiciamento do suspeito.<\/p>\n<figure id=\"attachment_476084\" aria-describedby=\"caption-attachment-476084\" style=\"width: 1119px\" class=\"wp-caption alignnone\"><img data-recalc-dims=\"1\" loading=\"lazy\" decoding=\"async\" class=\"size-full wp-image-476084 lazyload\" src=\"https:\/\/i0.wp.com\/www.tribunaribeirao.com.br\/wp-content\/uploads\/2026\/09\/04-set-2026-roubojardinopolis2.jpg?resize=1119%2C630&#038;ssl=1\" alt=\"\" width=\"1119\" height=\"630\" srcset=\"https:\/\/www.tribunaribeirao.com.br\/wp-content\/uploads\/2026\/09\/04-set-2026-roubojardinopolis2.jpg 1119w, https:\/\/www.tribunaribeirao.com.br\/wp-content\/uploads\/2026\/09\/04-set-2026-roubojardinopolis2-300x169.jpg 300w, https:\/\/www.tribunaribeirao.com.br\/wp-content\/uploads\/2026\/09\/04-set-2026-roubojardinopolis2-1024x577.jpg 1024w, https:\/\/www.tribunaribeirao.com.br\/wp-content\/uploads\/2026\/09\/04-set-2026-roubojardinopolis2-768x432.jpg 768w, https:\/\/www.tribunaribeirao.com.br\/wp-content\/uploads\/2026\/09\/04-set-2026-roubojardinopolis2-960x540.jpg 960w, https:\/\/www.tribunaribeirao.com.br\/wp-content\/uploads\/2026\/09\/04-set-2026-roubojardinopolis2-710x400.jpg 710w, https:\/\/www.tribunaribeirao.com.br\/wp-content\/uploads\/2026\/09\/04-set-2026-roubojardinopolis2-585x329.jpg 585w\" data-sizes=\"(max-width: 1119px) 100vw, 1119px\" style=\"--smush-placeholder-width: 1119px; --smush-placeholder-aspect-ratio: 1119\/630;\"\/><figcaption id=\"caption-attachment-476084\" class=\"wp-caption-text\">Roupas usadas pelos criminosos tamb\u00e9m foram apreendidas e buscas continuam (Foto: Divulga\u00e7\u00e3o)<\/figcaption><\/figure>\n<p>Ao perceber a chegada das equipes policiais, a mulher arremessou o pr\u00f3prio celular contra o ch\u00e3o, danificando a tela. A mulher foi levada para a delegacia de Jardin\u00f3polis e vai responder por tentativa de destruir evid\u00eancias.<\/p>\n<p>Enquanto as equipes em terra permaneciam com as buscas, o helic\u00f3ptero \u00c1guia, da Pol\u00edcia Militar, tamb\u00e9m foi empregado na tentativa de localizar o Fiat Argo levado da resid\u00eancia. N\u00e3o h\u00e1 informa\u00e7\u00e3o de feridos entre as v\u00edtimas do roubo.<\/p>\n<div style=\"background-color: #f4f4f5; border: 1px solid #d4d4d8; padding: 15px; margin: 20px 0; border-radius: 6px; font-family: sans-serif; line-height: 1.5;\">\n    <span style=\"color: #27272a;\">Inscreva-se em nosso Canal no Whatsapp e fique por dentro de tudo que acontece na regi\u00e3o. <\/span><br \/>\n    <a href=\"https:\/\/whatsapp.com\/channel\/0029VanuE2o7z4kYjo0XVS3u\" target=\"_blank\" rel=\"noopener noreferrer\" style=\"color: #16a34a; font-weight: bold; text-decoration: underline;\">Clique Aqui!<\/a>\n<\/div>\n<\/div>\n<p><script async src=\"\/\/platform.twitter.com\/widgets.js\" charset=\"utf-8\"><\/script><br \/>\n<br \/><br \/>\n<br \/><a href=\"https:\/\/www.tribunaribeirao.com.br\/video-pm-usa-drone-para-localizar-assaltantes-que-fizeram-refens\/\">Texto original daqui <\/a><\/p>\n<!-- CONTENT END 1 -->\n","protected":false},"excerpt":{"rendered":"<p>&#13; V\u00edtimas foram amarradas e s\u00f3 conseguiram se libertar horas depois; PM localizou parte dos objetos roubados e prendeu uma mulher &#13; &#13; 4 de&#8230;<\/p>\n","protected":false},"author":1,"featured_media":91101,"comment_status":"","ping_status":"","sticky":false,"template":"","format":"standard","meta":{"advanced_seo_description":"","jetpack_seo_html_title":"","jetpack_seo_noindex":false,"jetpack_seo_schema_type":"","_jetpack_newsletter_access":"","_jetpack_dont_email_post_to_subs":false,"_jetpack_newsletter_tier_id":0,"_jetpack_memberships_contains_paywalled_content":false,"_jetpack_feature_clip_id":0,"_jetpack_memberships_contains_paid_content":false,"footnotes":"","jetpack_publicize_message":"","jetpack_publicize_feature_enabled":true,"jetpack_social_post_already_shared":true,"jetpack_social_options":{"image_generator_settings":{"template":"highway","default_image_id":0,"font":"","enabled":false},"version":2},"jetpack_post_was_ever_published":false},"categories":[11],"tags":[2785,3704,8675,7036,71,976,4183,67],"class_list":["post-91100","post","type-post","status-publish","format-standard","has-post-thumbnail","hentry","category-noticias-de-ribeirao-preto-sp-e-regiao-ismael-colosi","tag-assaltantes","tag-drone","tag-fizeram","tag-localizar","tag-para","tag-refens","tag-usa","tag-video"],"jetpack_publicize_connections":[],"jetpack-related-posts":[{"id":19641,"url":"https:\/\/noticiasribeiraopreto.com.br\/index.php\/2023\/12\/22\/video-pm-recupera-carga-de-medicamentos-e-liberta-refens\/","url_meta":{"origin":91100,"position":0},"title":"V\u00cdDEO &#8211; PM recupera carga de medicamentos e libera ref\u00e9ns","author":"noticiasribeiraopreto.com.br","date":"22 de December de 2023","format":false,"excerpt":"V\u00edtimas estavam trancadas no ba\u00fa de caminh\u00e3o que transportava medicamentos e teve produtos roubados entre Casa Branca e Vargem Grande do Sul 22 de dezembro de 2023 | 17:0322 de dezembro de 2023 | 17:06 2Por: Adalberto LuqueDois homens foram presos, na madrugada desta sexta-feira (22), ap\u00f3s serem parados por\u2026","rel":"","context":"In &quot;Not\u00edcias de Ribeir\u00e3o Preto-SP e Regi\u00e3o&quot;","block_context":{"text":"Not\u00edcias de Ribeir\u00e3o Preto-SP e Regi\u00e3o","link":"https:\/\/noticiasribeiraopreto.com.br\/index.php\/category\/noticias-de-ribeirao-preto-sp-e-regiao-ismael-colosi\/"},"img":{"alt_text":"","src":"https:\/\/i0.wp.com\/noticiasribeiraopreto.com.br\/wp-content\/uploads\/2023\/12\/00-22-dez-2023-caminhao-remedios-foto-pm-divulgacao.jpg?fit=782%2C645&ssl=1&resize=350%2C200","width":350,"height":200,"srcset":"https:\/\/i0.wp.com\/noticiasribeiraopreto.com.br\/wp-content\/uploads\/2023\/12\/00-22-dez-2023-caminhao-remedios-foto-pm-divulgacao.jpg?fit=782%2C645&ssl=1&resize=350%2C200 1x, https:\/\/i0.wp.com\/noticiasribeiraopreto.com.br\/wp-content\/uploads\/2023\/12\/00-22-dez-2023-caminhao-remedios-foto-pm-divulgacao.jpg?fit=782%2C645&ssl=1&resize=525%2C300 1.5x, https:\/\/i0.wp.com\/noticiasribeiraopreto.com.br\/wp-content\/uploads\/2023\/12\/00-22-dez-2023-caminhao-remedios-foto-pm-divulgacao.jpg?fit=782%2C645&ssl=1&resize=700%2C400 2x"},"classes":[]},{"id":77986,"url":"https:\/\/noticiasribeiraopreto.com.br\/index.php\/2025\/09\/30\/motorista-de-caminhao-e-mecanico-sao-feitos-refens-durante-assalto\/","url_meta":{"origin":91100,"position":1},"title":"Motorista de caminh\u00e3o e mec\u00e2nico s\u00e3o feitos ref\u00e9ns durante assalto","author":"noticiasribeiraopreto.com.br","date":"30 de September de 2025","format":false,"excerpt":"Um motorista de caminh\u00e3o e um mec\u00e2nico foram feitos de ref\u00e9ns em um roubo na noite desta segunda-feira (29), \u00e0s margens da rodovia Jos\u00e9 Fregonezi (SP-328), em Cravinhos, na regi\u00e3o de Ribeir\u00e3o Preto. Segundo o boletim de ocorr\u00eancia (BO), as v\u00edtimas estavam com o ve\u00edculo junto de uma planta\u00e7\u00e3o de\u2026","rel":"","context":"In &quot;Not\u00edcias de Ribeir\u00e3o Preto-SP e Regi\u00e3o&quot;","block_context":{"text":"Not\u00edcias de Ribeir\u00e3o Preto-SP e Regi\u00e3o","link":"https:\/\/noticiasribeiraopreto.com.br\/index.php\/category\/noticias-de-ribeirao-preto-sp-e-regiao-ismael-colosi\/"},"img":{"alt_text":"","src":"https:\/\/i0.wp.com\/noticiasribeiraopreto.com.br\/wp-content\/uploads\/2025\/09\/LUZ-POLICIA_2025-09-18_12-53-42.webp.webp?fit=1200%2C672&ssl=1&resize=350%2C200","width":350,"height":200,"srcset":"https:\/\/i0.wp.com\/noticiasribeiraopreto.com.br\/wp-content\/uploads\/2025\/09\/LUZ-POLICIA_2025-09-18_12-53-42.webp.webp?fit=1200%2C672&ssl=1&resize=350%2C200 1x, https:\/\/i0.wp.com\/noticiasribeiraopreto.com.br\/wp-content\/uploads\/2025\/09\/LUZ-POLICIA_2025-09-18_12-53-42.webp.webp?fit=1200%2C672&ssl=1&resize=525%2C300 1.5x, https:\/\/i0.wp.com\/noticiasribeiraopreto.com.br\/wp-content\/uploads\/2025\/09\/LUZ-POLICIA_2025-09-18_12-53-42.webp.webp?fit=1200%2C672&ssl=1&resize=700%2C400 2x, https:\/\/i0.wp.com\/noticiasribeiraopreto.com.br\/wp-content\/uploads\/2025\/09\/LUZ-POLICIA_2025-09-18_12-53-42.webp.webp?fit=1200%2C672&ssl=1&resize=1050%2C600 3x"},"classes":[]},{"id":73871,"url":"https:\/\/noticiasribeiraopreto.com.br\/index.php\/2025\/07\/11\/assaltantes-levam-r-1-mi-de-agencia-bancaria-na-regiao\/","url_meta":{"origin":91100,"position":2},"title":"Assaltantes levam R$ 1 mi de ag\u00eancia banc\u00e1ria na regi\u00e3o","author":"noticiasribeiraopreto.com.br","date":"11 de July de 2025","format":false,"excerpt":"Homens estavam armados e encapuzados; 17 funcion\u00e1rios foram feitos ref\u00e9ns, mas n\u00e3o houve feridos 11 de julho de 2025 12:2911 de julho de 2025 12:328 Compartilhar1 Por: Adalberto Luque Uma ag\u00eancia da Caixa Econ\u00f4mica Federal foi assaltada na manh\u00e3 desta sexta-feira (11) em Monte Alto, cidade da regi\u00e3o metropolitana de\u2026","rel":"","context":"In &quot;Not\u00edcias de Ribeir\u00e3o Preto-SP e Regi\u00e3o&quot;","block_context":{"text":"Not\u00edcias de Ribeir\u00e3o Preto-SP e Regi\u00e3o","link":"https:\/\/noticiasribeiraopreto.com.br\/index.php\/category\/noticias-de-ribeirao-preto-sp-e-regiao-ismael-colosi\/"},"img":{"alt_text":"","src":"https:\/\/i0.wp.com\/noticiasribeiraopreto.com.br\/wp-content\/uploads\/2025\/07\/11-jul-2025-roubocaixafederal1-scaled.jpg?fit=800%2C450&ssl=1&resize=350%2C200","width":350,"height":200,"srcset":"https:\/\/i0.wp.com\/noticiasribeiraopreto.com.br\/wp-content\/uploads\/2025\/07\/11-jul-2025-roubocaixafederal1-scaled.jpg?fit=800%2C450&ssl=1&resize=350%2C200 1x, https:\/\/i0.wp.com\/noticiasribeiraopreto.com.br\/wp-content\/uploads\/2025\/07\/11-jul-2025-roubocaixafederal1-scaled.jpg?fit=800%2C450&ssl=1&resize=525%2C300 1.5x, https:\/\/i0.wp.com\/noticiasribeiraopreto.com.br\/wp-content\/uploads\/2025\/07\/11-jul-2025-roubocaixafederal1-scaled.jpg?fit=800%2C450&ssl=1&resize=700%2C400 2x"},"classes":[]},{"id":76824,"url":"https:\/\/noticiasribeiraopreto.com.br\/index.php\/2025\/09\/05\/assalto-em-clinica-de-ribeirao-preto-mantem-20-refens-e-causa-morte-de-animal\/","url_meta":{"origin":91100,"position":3},"title":"Assalto em cl\u00ednica de Ribeir\u00e3o Preto mant\u00e9m 20 ref\u00e9ns e causa morte de animal","author":"noticiasribeiraopreto.com.br","date":"5 de September de 2025","format":false,"excerpt":"Pelo menos 20 pessoas foram feitas ref\u00e9ns na tarde desta sexta-feira (5), em uma cl\u00ednica veterin\u00e1ria no Campos El\u00edseos, em Ribeir\u00e3o Preto. Dois homens entraram no estabelecimento vestindo camisetas da Pol\u00edcia Civil e anunciaram o assalto. Foto: C\u00e2mera de seguran\u00e7a C\u00e2meras de seguran\u00e7a registraram os criminosos levando funcion\u00e1rios e clientes\u2026","rel":"","context":"In &quot;Not\u00edcias de Ribeir\u00e3o Preto-SP e Regi\u00e3o&quot;","block_context":{"text":"Not\u00edcias de Ribeir\u00e3o Preto-SP e Regi\u00e3o","link":"https:\/\/noticiasribeiraopreto.com.br\/index.php\/category\/noticias-de-ribeirao-preto-sp-e-regiao-ismael-colosi\/"},"img":{"alt_text":"","src":"https:\/\/i0.wp.com\/noticiasribeiraopreto.com.br\/wp-content\/uploads\/2025\/09\/Copia-de-Copia-de-Copia-de-TAMANHO-EXATO-PARA-FOTOS-NO-SISTEMA-NOVO-2025-09-05T190212.389_2025-09-05_22-04-27.webp.webp?fit=1200%2C675&ssl=1&resize=350%2C200","width":350,"height":200,"srcset":"https:\/\/i0.wp.com\/noticiasribeiraopreto.com.br\/wp-content\/uploads\/2025\/09\/Copia-de-Copia-de-Copia-de-TAMANHO-EXATO-PARA-FOTOS-NO-SISTEMA-NOVO-2025-09-05T190212.389_2025-09-05_22-04-27.webp.webp?fit=1200%2C675&ssl=1&resize=350%2C200 1x, https:\/\/i0.wp.com\/noticiasribeiraopreto.com.br\/wp-content\/uploads\/2025\/09\/Copia-de-Copia-de-Copia-de-TAMANHO-EXATO-PARA-FOTOS-NO-SISTEMA-NOVO-2025-09-05T190212.389_2025-09-05_22-04-27.webp.webp?fit=1200%2C675&ssl=1&resize=525%2C300 1.5x, https:\/\/i0.wp.com\/noticiasribeiraopreto.com.br\/wp-content\/uploads\/2025\/09\/Copia-de-Copia-de-Copia-de-TAMANHO-EXATO-PARA-FOTOS-NO-SISTEMA-NOVO-2025-09-05T190212.389_2025-09-05_22-04-27.webp.webp?fit=1200%2C675&ssl=1&resize=700%2C400 2x, https:\/\/i0.wp.com\/noticiasribeiraopreto.com.br\/wp-content\/uploads\/2025\/09\/Copia-de-Copia-de-Copia-de-TAMANHO-EXATO-PARA-FOTOS-NO-SISTEMA-NOVO-2025-09-05T190212.389_2025-09-05_22-04-27.webp.webp?fit=1200%2C675&ssl=1&resize=1050%2C600 3x"},"classes":[]},{"id":75602,"url":"https:\/\/noticiasribeiraopreto.com.br\/index.php\/2025\/08\/12\/homem-e-preso-suspeito-de-integrar-quadrilha-que-roubou-casa-de-ex-prefeito\/","url_meta":{"origin":91100,"position":4},"title":"Homem \u00e9 preso suspeito de integrar quadrilha que roubou casa de ex-prefeito","author":"noticiasribeiraopreto.com.br","date":"12 de August de 2025","format":false,"excerpt":"A Pol\u00edcia Civil prendeu na manh\u00e3 desta ter\u00e7a-feira (12) um homem de 26 anos suspeito de integrar uma quadrilha que roubou a resid\u00eancia do ex-prefeito de Barretos\u00a0Uebe Rezeck, na regi\u00e3o central da cidade, a 130 quil\u00f4metros de Ribeir\u00e3o Preto. Assista ao v\u00eddeo abaixo. O crime ocorreu em dezembro de 2024\u2026","rel":"","context":"In &quot;Not\u00edcias de Ribeir\u00e3o Preto-SP e Regi\u00e3o&quot;","block_context":{"text":"Not\u00edcias de Ribeir\u00e3o Preto-SP e Regi\u00e3o","link":"https:\/\/noticiasribeiraopreto.com.br\/index.php\/category\/noticias-de-ribeirao-preto-sp-e-regiao-ismael-colosi\/"},"img":{"alt_text":"","src":"https:\/\/i0.wp.com\/noticiasribeiraopreto.com.br\/wp-content\/uploads\/2025\/08\/POLICIA-CIVIL_2025-08-12_13-12-19.webp.webp?fit=1200%2C713&ssl=1&resize=350%2C200","width":350,"height":200,"srcset":"https:\/\/i0.wp.com\/noticiasribeiraopreto.com.br\/wp-content\/uploads\/2025\/08\/POLICIA-CIVIL_2025-08-12_13-12-19.webp.webp?fit=1200%2C713&ssl=1&resize=350%2C200 1x, https:\/\/i0.wp.com\/noticiasribeiraopreto.com.br\/wp-content\/uploads\/2025\/08\/POLICIA-CIVIL_2025-08-12_13-12-19.webp.webp?fit=1200%2C713&ssl=1&resize=525%2C300 1.5x, https:\/\/i0.wp.com\/noticiasribeiraopreto.com.br\/wp-content\/uploads\/2025\/08\/POLICIA-CIVIL_2025-08-12_13-12-19.webp.webp?fit=1200%2C713&ssl=1&resize=700%2C400 2x, https:\/\/i0.wp.com\/noticiasribeiraopreto.com.br\/wp-content\/uploads\/2025\/08\/POLICIA-CIVIL_2025-08-12_13-12-19.webp.webp?fit=1200%2C713&ssl=1&resize=1050%2C600 3x"},"classes":[]},{"id":86925,"url":"https:\/\/noticiasribeiraopreto.com.br\/index.php\/2026\/06\/24\/pm-prende-homem-que-fez-refens-em-onibus-que-levava-pacientes-para-hospital-em-ribeirao-preto\/","url_meta":{"origin":91100,"position":5},"title":"PM prende homem que fez ref\u00e9ns em \u00f4nibus que levava pacientes para hospital em Ribeir\u00e3o Preto","author":"noticiasribeiraopreto.com.br","date":"24 de June de 2026","format":false,"excerpt":"Um homem de 31 anos foi preso pela Pol\u00edcia Militar na manh\u00e3 desta ter\u00e7a-feira (23) ap\u00f3s invadir um \u00f4nibus da Prefeitura de Santa Rita do Passa Quatro que transportava pacientes para consultas no Hospital das Cl\u00ednicas de Ribeir\u00e3o Preto e manter 12 pessoas ref\u00e9ns durante o trajeto. O caso terminou\u2026","rel":"","context":"In &quot;Not\u00edcias de Ribeir\u00e3o Preto-SP e Regi\u00e3o&quot;","block_context":{"text":"Not\u00edcias de Ribeir\u00e3o Preto-SP e Regi\u00e3o","link":"https:\/\/noticiasribeiraopreto.com.br\/index.php\/category\/noticias-de-ribeirao-preto-sp-e-regiao-ismael-colosi\/"},"img":{"alt_text":"","src":"https:\/\/i0.wp.com\/noticiasribeiraopreto.com.br\/wp-content\/uploads\/2026\/06\/WhatsApp-Image-2026-06-23-at-12.05.07-1024x576-1.jpeg?fit=1024%2C576&ssl=1&resize=350%2C200","width":350,"height":200,"srcset":"https:\/\/i0.wp.com\/noticiasribeiraopreto.com.br\/wp-content\/uploads\/2026\/06\/WhatsApp-Image-2026-06-23-at-12.05.07-1024x576-1.jpeg?fit=1024%2C576&ssl=1&resize=350%2C200 1x, https:\/\/i0.wp.com\/noticiasribeiraopreto.com.br\/wp-content\/uploads\/2026\/06\/WhatsApp-Image-2026-06-23-at-12.05.07-1024x576-1.jpeg?fit=1024%2C576&ssl=1&resize=525%2C300 1.5x, https:\/\/i0.wp.com\/noticiasribeiraopreto.com.br\/wp-content\/uploads\/2026\/06\/WhatsApp-Image-2026-06-23-at-12.05.07-1024x576-1.jpeg?fit=1024%2C576&ssl=1&resize=700%2C400 2x"},"classes":[]}],"jetpack_sharing_enabled":true,"jetpack_shortlink":"https:\/\/wp.me\/peQAOb-nHm","jetpack_featured_media_url":"https:\/\/i0.wp.com\/noticiasribeiraopreto.com.br\/wp-content\/uploads\/2026\/09\/04-set-2026-roubojardinopolis0-scaled.jpg?fit=1085%2C780&ssl=1","_links":{"self":[{"href":"https:\/\/noticiasribeiraopreto.com.br\/index.php\/wp-json\/wp\/v2\/posts\/91100","targetHints":{"allow":["GET"]}}],"collection":[{"href":"https:\/\/noticiasribeiraopreto.com.br\/index.php\/wp-json\/wp\/v2\/posts"}],"about":[{"href":"https:\/\/noticiasribeiraopreto.com.br\/index.php\/wp-json\/wp\/v2\/types\/post"}],"author":[{"embeddable":true,"href":"https:\/\/noticiasribeiraopreto.com.br\/index.php\/wp-json\/wp\/v2\/users\/1"}],"replies":[{"embeddable":true,"href":"https:\/\/noticiasribeiraopreto.com.br\/index.php\/wp-json\/wp\/v2\/comments?post=91100"}],"version-history":[{"count":0,"href":"https:\/\/noticiasribeiraopreto.com.br\/index.php\/wp-json\/wp\/v2\/posts\/91100\/revisions"}],"wp:featuredmedia":[{"embeddable":true,"href":"https:\/\/noticiasribeiraopreto.com.br\/index.php\/wp-json\/wp\/v2\/media\/91101"}],"wp:attachment":[{"href":"https:\/\/noticiasribeiraopreto.com.br\/index.php\/wp-json\/wp\/v2\/media?parent=91100"}],"wp:term":[{"taxonomy":"category","embeddable":true,"href":"https:\/\/noticiasribeiraopreto.com.br\/index.php\/wp-json\/wp\/v2\/categories?post=91100"},{"taxonomy":"post_tag","embeddable":true,"href":"https:\/\/noticiasribeiraopreto.com.br\/index.php\/wp-json\/wp\/v2\/tags?post=91100"}],"curies":[{"name":"wp","href":"https:\/\/api.w.org\/{rel}","templated":true}]}}