{"id":91102,"date":"2026-09-04T12:06:33","date_gmt":"2026-09-04T15:06:33","guid":{"rendered":"https:\/\/noticiasribeiraopreto.com.br\/index.php\/2026\/09\/04\/inmet-publica-dois-alertas-para-o-interior-de-sp-veja-os-locais\/"},"modified":"2026-09-04T12:06:33","modified_gmt":"2026-09-04T15:06:33","slug":"inmet-publica-dois-alertas-para-o-interior-de-sp-veja-os-locais","status":"publish","type":"post","link":"https:\/\/noticiasribeiraopreto.com.br\/index.php\/2026\/09\/04\/inmet-publica-dois-alertas-para-o-interior-de-sp-veja-os-locais\/","title":{"rendered":"Inmet publica dois alertas para o interior de SP; veja os locais"},"content":{"rendered":"<div class='code-block code-block-1' style='margin: 8px 0 8px auto; text-align: right; display: block; clear: both;'>\n<p><a href=\"https:\/\/wa.link\/vpicfd\"><img data-recalc-dims=\"1\" class=\"wp-image-4922\" style=\"aspect-ratio: 2.0253164556962027; width: 561px; height: auto;\" src=\"https:\/\/i0.wp.com\/ismaelcolosi.com.br\/wp-content\/uploads\/2023\/11\/grupo-de-empregos-whatsapp-e-facebook-ismael-colosi-vagas.jpg?ssl=1\" alt=\"\" \/><\/a><\/p>\n<!-- \/wp:image -->\n<\/div>\n<p> <br \/>\n<\/p>\n<p>O<a href=\"https:\/\/portal.inmet.gov.br\/\" data-type=\"link\" data-id=\"https:\/\/portal.inmet.gov.br\/\" target=\"_blank\" rel=\"noopener\"> Inmet (Instituto Nacional de Meteorologia) <\/a>publicou dois alertas amarelos de perigo potencial para o interior de S\u00e3o Paulo. Os avisos s\u00e3o v\u00e1lidos at\u00e9 o final desta sexta-feira (4).<\/p>\n<p class=\"has-cyan-bluish-gray-background-color has-background\"><em>Receba not\u00edcias do\u00a0<strong>acidade on Ribeir\u00e3o\u00a0<\/strong>no WhatsApp e fique por dentro de tudo! Basta acessar o link<a href=\"https:\/\/chat.whatsapp.com\/DfXwcjKVIddHUT3BvnQuPZ?mode=hqctshi\" target=\"_blank\" rel=\"noreferrer noopener\">\u00a0aqui<\/a>!<\/em><\/p>\n<h2 class=\"wp-block-heading\"><strong>Confira os alertas do Inmet<\/strong><\/h2>\n<h3 class=\"wp-block-heading\"><strong>Baixa umidade<\/strong><\/h3>\n<p>Segundo o \u00f3rg\u00e3o, as regi\u00f5es Central e Norte do interior de S\u00e3o Paulo est\u00e3o em alerta para baixa umidade do ar, que deve variar entre 20% e 30%. Por isso, h\u00e1 baixo risco de inc\u00eandios florestais e \u00e0 sa\u00fade.<\/p>\n<p><strong>As \u00e1reas afetadas s\u00e3o:<\/strong><\/p>\n<ul class=\"wp-block-list\">\n<li>Ribeir\u00e3o Preto, S\u00e3o Jos\u00e9 do Rio Preto, Campinas, Piracicaba, Araraquara, Bauru, Ara\u00e7atuba, al\u00e9m da Grande S\u00e3o Paulo.<\/li>\n<\/ul>\n<h3 class=\"wp-block-heading\"><strong>Instru\u00e7\u00f5es<\/strong><\/h3>\n<ul class=\"wp-block-list\">\n<li>Beba bastante l\u00edquido.<\/li>\n<\/ul>\n<ul class=\"wp-block-list\">\n<li>Evite desgaste f\u00edsico nas horas mais secas.<\/li>\n<\/ul>\n<ul class=\"wp-block-list\">\n<li>Evite exposi\u00e7\u00e3o ao sol nas horas mais quentes do dia.<\/li>\n<\/ul>\n<p>Obtenha mais informa\u00e7\u00f5es junto \u00e0 Defesa Civil (telefone 199) e ao Corpo de Bombeiros (telefone 193).<\/p>\n<h3 class=\"wp-block-heading\"><strong>Tempestade<\/strong><\/h3>\n<figure class=\"wp-block-image size-large\"><figcaption class=\"wp-element-caption\">Cidades de S\u00e3o Paulo t\u00eam alerta de tempestade (Fonte: Inmet)<\/figcaption><\/figure>\n<p>O outro aviso do Inmet, de tempestade, \u00e9 v\u00e1lido para o litoral e sul do estado de S\u00e3o Paulo. Segundo o alerta, pode chover o acumulado de at\u00e9 50 mil\u00edmetros ao longo do dia, ou entre 20 e 30 mil\u00edmetros no per\u00edodo de uma hora.<\/p>\n<p>Al\u00e9m disso, existe a possibilidade de ventos entre 40km\/h e 60 km\/h e queda de granizo.<\/p>\n<p><strong>Veja as \u00e1reas afetadas<\/strong><\/p>\n<ul class=\"wp-block-list\">\n<li>Itapetininga, Bauru, Presidente Prudente, Mar\u00edlia, Assis, Litoral Sul Paulista, Vale do Para\u00edba, Piracicaba e Grande S\u00e3o Paulo.<\/li>\n<\/ul>\n<h3 class=\"wp-block-heading\"><strong>Instru\u00e7\u00f5es<\/strong><\/h3>\n<ul class=\"wp-block-list\">\n<li>Em caso de rajadas de vento: n\u00e3o se abrigue debaixo de \u00e1rvores, pois h\u00e1 leve risco de queda e descargas el\u00e9tricas e n\u00e3o estacione ve\u00edculos pr\u00f3ximos a torres de transmiss\u00e3o e placas de propaganda.<\/li>\n<\/ul>\n<ul class=\"wp-block-list\">\n<li>Evite usar aparelhos eletr\u00f4nicos ligados \u00e0 tomada.<\/li>\n<\/ul>\n<ul class=\"wp-block-list\">\n<li>Obtenha mais informa\u00e7\u00f5es junto \u00e0 Defesa Civil (telefone 199) e ao Corpo de Bombeiros (telefone 193).<\/li>\n<\/ul>\n<figure class=\"wp-block-gallery has-nested-images columns-default is-cropped wp-block-gallery-1 is-layout-flex wp-block-gallery-is-layout-flex\">\n<figure class=\"wp-block-image size-large\"><img data-recalc-dims=\"1\" loading=\"lazy\" decoding=\"async\" width=\"1024\" height=\"576\" data-id=\"173648\" src=\"https:\/\/i0.wp.com\/www.acidadeon.com\/ribeiraopreto\/wp-content\/uploads\/sites\/3\/2026\/09\/previsao-tempo-ribeirao-1-1024x576.jpg?resize=1024%2C576&#038;ssl=1\" alt=\"Frente fria provoca chuva em Ribeir\u00e3o Preto - Foto de arquivo: Ricardo Canaveze \/ acidade on\" class=\"wp-image-173648\" title=\"Inmet publica dois alertas para o interior de SP; veja os locais 2\"><figcaption class=\"wp-element-caption\">Frente fria provoca chuva \u2013 Foto de arquivo: Ricardo Canaveze \/ acidade on<\/figcaption><\/figure>\n<figure class=\"wp-block-image size-large\"><img data-recalc-dims=\"1\" loading=\"lazy\" decoding=\"async\" width=\"1024\" height=\"576\" data-id=\"89377\" src=\"https:\/\/i0.wp.com\/www.acidadeon.com\/ribeiraopreto\/wp-content\/uploads\/sites\/3\/2024\/07\/Copia-de-Copia-de-TAMANHO-EXATO-PARA-FOTOS-NO-SISTEMA-NOVO-1_2024-08-01_00-38-03_png_2024-08-01_00-38-03-1024x576.webp?resize=1024%2C576&#038;ssl=1\" alt=\"Baixa umidade coloca Ribeir\u00e3o Preto em alerta - Foto: Freepik\" class=\"wp-image-89377\" title=\"Inmet publica dois alertas para o interior de SP; veja os locais 3\"><figcaption class=\"wp-element-caption\">Baixa umidade coloca estado de SP em alerta \u2013 Foto: Freepik<\/figcaption><\/figure>\n<\/figure>\n<p class=\"has-cyan-bluish-gray-background-color has-background\"><em>Fa\u00e7a uma den\u00fancia ou sugira uma reportagem sobre\u00a0<strong>Ribeir\u00e3o Preto\u00a0<\/strong>e regi\u00e3o por meio do WhatsApp do\u00a0<strong>acidade on Ribeir\u00e3o<\/strong>: (16) 99117-7802.<\/em><\/p>\n<h2 class=\"wp-block-heading\"><strong>Ficou sabendo?<\/strong><\/h2>\n<h3 class=\"wp-block-heading\"><strong>Ribeir\u00e3o Preto entra na rota de nova frente fria com chuva forte e queda de temperatura<\/strong><\/h3>\n<p>Uma<strong>nova frente fria deve avan\u00e7ar sobre o estado de S\u00e3o Paulo neste fim de semana<\/strong>\u00a0e aumentar as condi\u00e7\u00f5es para chuva em Ribeir\u00e3o Preto. Em conversa com o\u00a0<em>acidade on,<\/em>\u00a0a meteorologista\u00a0<strong>Jos\u00e9lia Pegorim, da Climatempo<\/strong>, explicou que o sistema deve provocar chuva generalizada no estado, com possibilidade de epis\u00f3dios de intensidade moderada a forte na regi\u00e3o.<\/p>\n<p>A previs\u00e3o indica que a frente fria deve provocar chuva principalmente\u00a0<strong>na tarde e na noite de s\u00e1bado (5)<\/strong>\u00a0e tamb\u00e9m durante o\u00a0<strong>domingo (6)<\/strong>.<\/p>\n<figure class=\"wp-block-image\"><img data-recalc-dims=\"1\" loading=\"lazy\" decoding=\"async\" width=\"1024\" height=\"461\" src=\"https:\/\/i0.wp.com\/www.acidadeon.com\/ribeiraopreto\/wp-content\/uploads\/sites\/3\/2026\/02\/nuvens-chuva-ribeirao-preto_2026-02-12_12-20-30-1024x461.webp?resize=1024%2C461&#038;ssl=1\" alt=\"Ribeir\u00e3o Preto aparece em alerta para tempestade - Foto: Ricardo Canaveze.\" class=\"wp-image-145403\" title=\"Ribeir\u00e3o Preto entra na rota de nova frente fria com chuva forte e queda de temperatura 1\"><figcaption class=\"wp-element-caption\">Foto: Ricardo Canaveze.<\/figcaption><\/figure>\n<h2 class=\"wp-block-heading\">Chuva deve ganhar for\u00e7a no fim de semana<\/h2>\n<p>De acordo com Jos\u00e9lia, a frente fria chega ao estado com for\u00e7a e deve provocar instabilidade em diferentes regi\u00f5es de S\u00e3o Paulo. Em Ribeir\u00e3o Preto, a previs\u00e3o aponta possibilidade de chuva moderada a forte durante a passagem do sistema.<\/p>\n<figure class=\"wp-block-image\"><img data-recalc-dims=\"1\" loading=\"lazy\" decoding=\"async\" width=\"774\" height=\"626\" src=\"https:\/\/i0.wp.com\/www.acidadeon.com\/ribeiraopreto\/wp-content\/uploads\/sites\/3\/2026\/09\/image-41.png?resize=774%2C626&#038;ssl=1\" alt=\"image 41\" class=\"wp-image-173598\" title=\"Ribeir\u00e3o Preto entra na rota de nova frente fria com chuva forte e queda de temperatura 2\"><figcaption class=\"wp-element-caption\">Foto: Climatempo<\/figcaption><\/figure>\n<p>O cen\u00e1rio ocorre ap\u00f3s a passagem de outra frente fria no in\u00edcio de setembro. Segundo a meteorologista, esse primeiro sistema provocou volumes de chuva entre\u00a0<strong>10 e 20 mil\u00edmetros<\/strong>.<\/p>\n<p>Para setembro, a m\u00e9dia de precipita\u00e7\u00e3o na regi\u00e3o de Ribeir\u00e3o Preto varia entre\u00a0<strong>60 e 80 mil\u00edmetros<\/strong>.<video height=\"1920\" width=\"1080\" controls=\"\" src=\"https:\/\/www.acidadeon.com\/ribeiraopreto\/wp-content\/uploads\/sites\/3\/2026\/09\/Opcao-1-2026-09-03T160224.470.mp4\"><\/video><\/p>\n<p><strong><br \/><\/strong><\/p>\n<h2 class=\"wp-block-heading\">Feriado ter\u00e1 queda de temperatura<\/h2>\n<p>Depois da passagem da frente fria, o tempo deve mudar novamente por causa da chegada de\u00a0<strong>ar frio<\/strong>. A entrada dessa massa de ar deve provocar queda nas temperaturas em Ribeir\u00e3o Preto e regi\u00e3o.<\/p>\n<p>No\u00a0<strong>feriado de 7 de Setembro<\/strong>, a expectativa \u00e9 de que a chuva diminua. Segundo Jos\u00e9lia, o principal destaque para a data ser\u00e1 a queda de temperatura provocada pela chegada do ar frio.<\/p>\n<figure class=\"wp-block-image\"><img data-recalc-dims=\"1\" loading=\"lazy\" decoding=\"async\" width=\"1024\" height=\"576\" src=\"https:\/\/i0.wp.com\/www.acidadeon.com\/ribeiraopreto\/wp-content\/uploads\/sites\/3\/2026\/09\/alerta-tempestade-inmet-1024x576.jpg?resize=1024%2C576&#038;ssl=1\" alt=\"Inmet emite alerta para o risco de tempestade no estado de SP - Foto: Marcello Casal Jr\/ Ag\u00eancia Brasil.\" class=\"wp-image-173182\" title=\"Ribeir\u00e3o Preto entra na rota de nova frente fria com chuva forte e queda de temperatura 3\"><figcaption class=\"wp-element-caption\">Foto: Marcello Casal Jr\/ Ag\u00eancia Brasil.<\/figcaption><\/figure>\n<p>O post Inmet publica dois alertas para o interior de SP; veja os locais apareceu primeiro em ACidade ON Ribeir\u00e3o Preto.<\/p>\n<p><br \/>\n<br \/><a href=\"https:\/\/www.acidadeon.com\/ribeiraopreto\/cotidiano\/inmet-publica-dois-alertas-para-o-interior-de-sp-veja-os-locais\/\">Link para o texto original aqui <\/a><\/p>\n<!-- CONTENT END 1 -->\n","protected":false},"excerpt":{"rendered":"<p>O Inmet (Instituto Nacional de Meteorologia) publicou dois alertas amarelos de perigo potencial para o interior de S\u00e3o Paulo. Os avisos s\u00e3o v\u00e1lidos at\u00e9 o&#8230;<\/p>\n","protected":false},"author":1,"featured_media":91103,"comment_status":"","ping_status":"","sticky":false,"template":"","format":"standard","meta":{"advanced_seo_description":"","jetpack_seo_html_title":"","jetpack_seo_noindex":false,"jetpack_seo_schema_type":"","_jetpack_newsletter_access":"","_jetpack_dont_email_post_to_subs":false,"_jetpack_newsletter_tier_id":0,"_jetpack_memberships_contains_paywalled_content":false,"_jetpack_feature_clip_id":0,"_jetpack_memberships_contains_paid_content":false,"footnotes":"","jetpack_publicize_message":"","jetpack_publicize_feature_enabled":true,"jetpack_social_post_already_shared":true,"jetpack_social_options":{"image_generator_settings":{"template":"highway","default_image_id":0,"font":"","enabled":false},"version":2},"jetpack_post_was_ever_published":false},"categories":[11],"tags":[4258,618,1578,237,624,71,1404,7187,48],"class_list":["post-91102","post","type-post","status-publish","format-standard","has-post-thumbnail","hentry","category-noticias-de-ribeirao-preto-sp-e-regiao-ismael-colosi","tag-alertas","tag-dois","tag-inmet","tag-interior","tag-locais","tag-para","tag-publica","tag-sp","tag-veja"],"jetpack_publicize_connections":[],"jetpack-related-posts":[{"id":90477,"url":"https:\/\/noticiasribeiraopreto.com.br\/index.php\/2026\/08\/23\/umidade-despenca-e-pode-chegar-a-12-no-interior-de-sp-veja-cidades-em-alerta\/","url_meta":{"origin":91102,"position":0},"title":"Umidade despenca e pode chegar a 12% no interior de SP; Veja cidades em alerta","author":"noticiasribeiraopreto.com.br","date":"23 de August de 2026","format":false,"excerpt":"O Instituto Nacional de Meteorologia (Inmet) emitiu dois novos alertas de baixa umidade para o interior de S\u00e3o Paulo neste domingo (23). Os avisos s\u00e3o classificados nas cores amarela e laranja e atingem diferentes regi\u00f5es do estado \u2014 veja abaixo quais. De acordo com o \u00f3rg\u00e3o, o alerta amarelo indica\u2026","rel":"","context":"In &quot;Not\u00edcias de Ribeir\u00e3o Preto-SP e Regi\u00e3o&quot;","block_context":{"text":"Not\u00edcias de Ribeir\u00e3o Preto-SP e Regi\u00e3o","link":"https:\/\/noticiasribeiraopreto.com.br\/index.php\/category\/noticias-de-ribeirao-preto-sp-e-regiao-ismael-colosi\/"},"img":{"alt_text":"","src":"https:\/\/i0.wp.com\/noticiasribeiraopreto.com.br\/wp-content\/uploads\/2026\/08\/alerta-inmet.jpg?fit=1200%2C675&ssl=1&resize=350%2C200","width":350,"height":200,"srcset":"https:\/\/i0.wp.com\/noticiasribeiraopreto.com.br\/wp-content\/uploads\/2026\/08\/alerta-inmet.jpg?fit=1200%2C675&ssl=1&resize=350%2C200 1x, https:\/\/i0.wp.com\/noticiasribeiraopreto.com.br\/wp-content\/uploads\/2026\/08\/alerta-inmet.jpg?fit=1200%2C675&ssl=1&resize=525%2C300 1.5x, https:\/\/i0.wp.com\/noticiasribeiraopreto.com.br\/wp-content\/uploads\/2026\/08\/alerta-inmet.jpg?fit=1200%2C675&ssl=1&resize=700%2C400 2x, https:\/\/i0.wp.com\/noticiasribeiraopreto.com.br\/wp-content\/uploads\/2026\/08\/alerta-inmet.jpg?fit=1200%2C675&ssl=1&resize=1050%2C600 3x"},"classes":[]},{"id":80354,"url":"https:\/\/noticiasribeiraopreto.com.br\/index.php\/2025\/11\/20\/inmet-publica-alerta-amarelo-para-o-interior-de-sp-veja-os-locais-afetados\/","url_meta":{"origin":91102,"position":1},"title":"Inmet publica alerta amarelo para o interior de SP; Veja os locais afetados","author":"noticiasribeiraopreto.com.br","date":"20 de November de 2025","format":false,"excerpt":"O Inmet (Instituto Nacional de Meteorologia) publicou nesta quinta-feira (20) um alerta amarelo de perigo potencial para baixa umidade no interior de S\u00e3o Paulo. O aviso \u00e9 v\u00e1lido at\u00e9 as 19h de hoje. Segundo o Inmet, a umidade relativa do ar pode variar entre 20% e 30%. As regi\u00f5es afetadas\u2026","rel":"","context":"In &quot;Not\u00edcias de Ribeir\u00e3o Preto-SP e Regi\u00e3o&quot;","block_context":{"text":"Not\u00edcias de Ribeir\u00e3o Preto-SP e Regi\u00e3o","link":"https:\/\/noticiasribeiraopreto.com.br\/index.php\/category\/noticias-de-ribeirao-preto-sp-e-regiao-ismael-colosi\/"},"img":{"alt_text":"","src":"https:\/\/i0.wp.com\/noticiasribeiraopreto.com.br\/wp-content\/uploads\/2025\/11\/alerta-inmet_2025-11-20_15-30-36.webp.webp?fit=1200%2C809&ssl=1&resize=350%2C200","width":350,"height":200,"srcset":"https:\/\/i0.wp.com\/noticiasribeiraopreto.com.br\/wp-content\/uploads\/2025\/11\/alerta-inmet_2025-11-20_15-30-36.webp.webp?fit=1200%2C809&ssl=1&resize=350%2C200 1x, https:\/\/i0.wp.com\/noticiasribeiraopreto.com.br\/wp-content\/uploads\/2025\/11\/alerta-inmet_2025-11-20_15-30-36.webp.webp?fit=1200%2C809&ssl=1&resize=525%2C300 1.5x, https:\/\/i0.wp.com\/noticiasribeiraopreto.com.br\/wp-content\/uploads\/2025\/11\/alerta-inmet_2025-11-20_15-30-36.webp.webp?fit=1200%2C809&ssl=1&resize=700%2C400 2x, https:\/\/i0.wp.com\/noticiasribeiraopreto.com.br\/wp-content\/uploads\/2025\/11\/alerta-inmet_2025-11-20_15-30-36.webp.webp?fit=1200%2C809&ssl=1&resize=1050%2C600 3x"},"classes":[]},{"id":59968,"url":"https:\/\/noticiasribeiraopreto.com.br\/index.php\/2024\/11\/03\/inmet-publica-alerta-de-chuvas-para-o-interior-de-sp-veja-os-locais\/","url_meta":{"origin":91102,"position":2},"title":"Inmet publica alerta de chuvas para o interior de SP; Veja os locais","author":"noticiasribeiraopreto.com.br","date":"3 de November de 2024","format":false,"excerpt":"O Inmet (Instituto Nacional de Meteorologia) publicou um alerta de chuvas intensas para o interior de S\u00e3o Paulo na manh\u00e3 deste domingo (3). Segundo o aviso, o alerta \u00e9 v\u00e1lido para o per\u00edodo entre \u00e0s 10h deste domingo e 10h de segunda-feira (4). De acordo com o Inmet, pode chover\u2026","rel":"","context":"In &quot;Not\u00edcias de Ribeir\u00e3o Preto-SP e Regi\u00e3o&quot;","block_context":{"text":"Not\u00edcias de Ribeir\u00e3o Preto-SP e Regi\u00e3o","link":"https:\/\/noticiasribeiraopreto.com.br\/index.php\/category\/noticias-de-ribeirao-preto-sp-e-regiao-ismael-colosi\/"},"img":{"alt_text":"","src":"https:\/\/i0.wp.com\/noticiasribeiraopreto.com.br\/wp-content\/uploads\/2024\/10\/chuva-3_2024-10-09_20-06-20_jpeg_2024-10-09_20-06-21.webp.webp?fit=1200%2C900&ssl=1&resize=350%2C200","width":350,"height":200,"srcset":"https:\/\/i0.wp.com\/noticiasribeiraopreto.com.br\/wp-content\/uploads\/2024\/10\/chuva-3_2024-10-09_20-06-20_jpeg_2024-10-09_20-06-21.webp.webp?fit=1200%2C900&ssl=1&resize=350%2C200 1x, https:\/\/i0.wp.com\/noticiasribeiraopreto.com.br\/wp-content\/uploads\/2024\/10\/chuva-3_2024-10-09_20-06-20_jpeg_2024-10-09_20-06-21.webp.webp?fit=1200%2C900&ssl=1&resize=525%2C300 1.5x, https:\/\/i0.wp.com\/noticiasribeiraopreto.com.br\/wp-content\/uploads\/2024\/10\/chuva-3_2024-10-09_20-06-20_jpeg_2024-10-09_20-06-21.webp.webp?fit=1200%2C900&ssl=1&resize=700%2C400 2x, https:\/\/i0.wp.com\/noticiasribeiraopreto.com.br\/wp-content\/uploads\/2024\/10\/chuva-3_2024-10-09_20-06-20_jpeg_2024-10-09_20-06-21.webp.webp?fit=1200%2C900&ssl=1&resize=1050%2C600 3x"},"classes":[]},{"id":89703,"url":"https:\/\/noticiasribeiraopreto.com.br\/index.php\/2026\/08\/10\/inmet-alerta-cidades-do-interior-de-sp-para-baixa-umidade-do-ar-veja-quais\/","url_meta":{"origin":91102,"position":3},"title":"Inmet alerta cidades do interior de SP para baixa umidade do ar; Veja quais","author":"noticiasribeiraopreto.com.br","date":"10 de August de 2026","format":false,"excerpt":"O\u00a0Inmet (Instituto Nacional de Meteorologia)\u00a0emitiu alertas para baixa umidade do ar em cidades do interior de S\u00e3o Paulo, incluindo Ribeir\u00e3o Preto e munic\u00edpios da regi\u00e3o. Os avisos valem das 12h \u00e0s 18h desta segunda-feira (10). Receba not\u00edcias do\u00a0acidade on Ribeir\u00e3o\u00a0no WhatsApp e fique por dentro de tudo! Basta acessar o\u2026","rel":"","context":"In &quot;Not\u00edcias de Ribeir\u00e3o Preto-SP e Regi\u00e3o&quot;","block_context":{"text":"Not\u00edcias de Ribeir\u00e3o Preto-SP e Regi\u00e3o","link":"https:\/\/noticiasribeiraopreto.com.br\/index.php\/category\/noticias-de-ribeirao-preto-sp-e-regiao-ismael-colosi\/"},"img":{"alt_text":"","src":"https:\/\/i0.wp.com\/noticiasribeiraopreto.com.br\/wp-content\/uploads\/2026\/08\/mapa-5.jpg?fit=1200%2C766&ssl=1&resize=350%2C200","width":350,"height":200,"srcset":"https:\/\/i0.wp.com\/noticiasribeiraopreto.com.br\/wp-content\/uploads\/2026\/08\/mapa-5.jpg?fit=1200%2C766&ssl=1&resize=350%2C200 1x, https:\/\/i0.wp.com\/noticiasribeiraopreto.com.br\/wp-content\/uploads\/2026\/08\/mapa-5.jpg?fit=1200%2C766&ssl=1&resize=525%2C300 1.5x, https:\/\/i0.wp.com\/noticiasribeiraopreto.com.br\/wp-content\/uploads\/2026\/08\/mapa-5.jpg?fit=1200%2C766&ssl=1&resize=700%2C400 2x, https:\/\/i0.wp.com\/noticiasribeiraopreto.com.br\/wp-content\/uploads\/2026\/08\/mapa-5.jpg?fit=1200%2C766&ssl=1&resize=1050%2C600 3x"},"classes":[]},{"id":77344,"url":"https:\/\/noticiasribeiraopreto.com.br\/index.php\/2025\/09\/16\/interior-de-sao-paulo-tem-alerta-de-tempestade-veja-os-locais\/","url_meta":{"origin":91102,"position":4},"title":"Interior de S\u00e3o Paulo tem alerta de tempestade; Veja os locais","author":"noticiasribeiraopreto.com.br","date":"16 de September de 2025","format":false,"excerpt":"O Inmet (Instituto Nacional de Meteorologia) publicou nesta ter\u00e7a-feira (16) dois alertas de perigo potencial de tempestade para o interior de S\u00e3o Paulo. Um dos avisos \u00e9 v\u00e1lido at\u00e9 10h de quarta-feira (17). Segundo o Inmet, pode chover entre 20 e 30 mil\u00edmetros no per\u00edodo de uma hora, com ventos\u2026","rel":"","context":"In &quot;Not\u00edcias de Ribeir\u00e3o Preto-SP e Regi\u00e3o&quot;","block_context":{"text":"Not\u00edcias de Ribeir\u00e3o Preto-SP e Regi\u00e3o","link":"https:\/\/noticiasribeiraopreto.com.br\/index.php\/category\/noticias-de-ribeirao-preto-sp-e-regiao-ismael-colosi\/"},"img":{"alt_text":"","src":"https:\/\/i0.wp.com\/noticiasribeiraopreto.com.br\/wp-content\/uploads\/2025\/09\/inmet_2025-09-16_14-38-49.webp.webp?fit=1200%2C740&ssl=1&resize=350%2C200","width":350,"height":200,"srcset":"https:\/\/i0.wp.com\/noticiasribeiraopreto.com.br\/wp-content\/uploads\/2025\/09\/inmet_2025-09-16_14-38-49.webp.webp?fit=1200%2C740&ssl=1&resize=350%2C200 1x, https:\/\/i0.wp.com\/noticiasribeiraopreto.com.br\/wp-content\/uploads\/2025\/09\/inmet_2025-09-16_14-38-49.webp.webp?fit=1200%2C740&ssl=1&resize=525%2C300 1.5x, https:\/\/i0.wp.com\/noticiasribeiraopreto.com.br\/wp-content\/uploads\/2025\/09\/inmet_2025-09-16_14-38-49.webp.webp?fit=1200%2C740&ssl=1&resize=700%2C400 2x, https:\/\/i0.wp.com\/noticiasribeiraopreto.com.br\/wp-content\/uploads\/2025\/09\/inmet_2025-09-16_14-38-49.webp.webp?fit=1200%2C740&ssl=1&resize=1050%2C600 3x"},"classes":[]},{"id":67177,"url":"https:\/\/noticiasribeiraopreto.com.br\/index.php\/2025\/04\/10\/inmet-publica-alerta-de-chuvas-para-o-interior-de-sp-veja-os-locais-2\/","url_meta":{"origin":91102,"position":5},"title":"Inmet publica alerta de chuvas para o interior de SP; Veja os locais","author":"noticiasribeiraopreto.com.br","date":"10 de April de 2025","format":false,"excerpt":"O Inmet (Instituto Nacional de Meteorologia) publicou um novo alerta de chuvas intensas para o interior de S\u00e3o Paulo. O aviso \u00e9 v\u00e1lido at\u00e9 as 10h de sexta-feira (11). Segundo o alerta, pode chover o acumulado de at\u00e9 50 mil\u00edmetros por dia, com ventos intensos entre 40 km\/h e 60\u2026","rel":"","context":"In &quot;Not\u00edcias de Ribeir\u00e3o Preto-SP e Regi\u00e3o&quot;","block_context":{"text":"Not\u00edcias de Ribeir\u00e3o Preto-SP e Regi\u00e3o","link":"https:\/\/noticiasribeiraopreto.com.br\/index.php\/category\/noticias-de-ribeirao-preto-sp-e-regiao-ismael-colosi\/"},"img":{"alt_text":"","src":"https:\/\/i0.wp.com\/noticiasribeiraopreto.com.br\/wp-content\/uploads\/2025\/03\/CHUVA-RIBEIRAO-PRETO_2025-03-23_20-40-26_jpg_2025-03-23_20-40-26.webp.webp?fit=1030%2C644&ssl=1&resize=350%2C200","width":350,"height":200,"srcset":"https:\/\/i0.wp.com\/noticiasribeiraopreto.com.br\/wp-content\/uploads\/2025\/03\/CHUVA-RIBEIRAO-PRETO_2025-03-23_20-40-26_jpg_2025-03-23_20-40-26.webp.webp?fit=1030%2C644&ssl=1&resize=350%2C200 1x, https:\/\/i0.wp.com\/noticiasribeiraopreto.com.br\/wp-content\/uploads\/2025\/03\/CHUVA-RIBEIRAO-PRETO_2025-03-23_20-40-26_jpg_2025-03-23_20-40-26.webp.webp?fit=1030%2C644&ssl=1&resize=525%2C300 1.5x, https:\/\/i0.wp.com\/noticiasribeiraopreto.com.br\/wp-content\/uploads\/2025\/03\/CHUVA-RIBEIRAO-PRETO_2025-03-23_20-40-26_jpg_2025-03-23_20-40-26.webp.webp?fit=1030%2C644&ssl=1&resize=700%2C400 2x"},"classes":[]}],"jetpack_sharing_enabled":true,"jetpack_shortlink":"https:\/\/wp.me\/peQAOb-nHo","jetpack_featured_media_url":"https:\/\/i0.wp.com\/noticiasribeiraopreto.com.br\/wp-content\/uploads\/2026\/09\/alerta-inmet-tempestade-1024x576.jpeg?fit=1024%2C576&ssl=1","_links":{"self":[{"href":"https:\/\/noticiasribeiraopreto.com.br\/index.php\/wp-json\/wp\/v2\/posts\/91102","targetHints":{"allow":["GET"]}}],"collection":[{"href":"https:\/\/noticiasribeiraopreto.com.br\/index.php\/wp-json\/wp\/v2\/posts"}],"about":[{"href":"https:\/\/noticiasribeiraopreto.com.br\/index.php\/wp-json\/wp\/v2\/types\/post"}],"author":[{"embeddable":true,"href":"https:\/\/noticiasribeiraopreto.com.br\/index.php\/wp-json\/wp\/v2\/users\/1"}],"replies":[{"embeddable":true,"href":"https:\/\/noticiasribeiraopreto.com.br\/index.php\/wp-json\/wp\/v2\/comments?post=91102"}],"version-history":[{"count":0,"href":"https:\/\/noticiasribeiraopreto.com.br\/index.php\/wp-json\/wp\/v2\/posts\/91102\/revisions"}],"wp:featuredmedia":[{"embeddable":true,"href":"https:\/\/noticiasribeiraopreto.com.br\/index.php\/wp-json\/wp\/v2\/media\/91103"}],"wp:attachment":[{"href":"https:\/\/noticiasribeiraopreto.com.br\/index.php\/wp-json\/wp\/v2\/media?parent=91102"}],"wp:term":[{"taxonomy":"category","embeddable":true,"href":"https:\/\/noticiasribeiraopreto.com.br\/index.php\/wp-json\/wp\/v2\/categories?post=91102"},{"taxonomy":"post_tag","embeddable":true,"href":"https:\/\/noticiasribeiraopreto.com.br\/index.php\/wp-json\/wp\/v2\/tags?post=91102"}],"curies":[{"name":"wp","href":"https:\/\/api.w.org\/{rel}","templated":true}]}}