{"id":91105,"date":"2026-09-04T12:34:06","date_gmt":"2026-09-04T15:34:06","guid":{"rendered":"https:\/\/noticiasribeiraopreto.com.br\/index.php\/2026\/09\/04\/festival-celebra-o-rock-dos-anos-2000-neste-fim-de-semana-em-ribeirao-preto-veja-como-adquirir-ingressos\/"},"modified":"2026-09-04T12:34:06","modified_gmt":"2026-09-04T15:34:06","slug":"festival-celebra-o-rock-dos-anos-2000-neste-fim-de-semana-em-ribeirao-preto-veja-como-adquirir-ingressos","status":"publish","type":"post","link":"https:\/\/noticiasribeiraopreto.com.br\/index.php\/2026\/09\/04\/festival-celebra-o-rock-dos-anos-2000-neste-fim-de-semana-em-ribeirao-preto-veja-como-adquirir-ingressos\/","title":{"rendered":"Festival celebra o rock dos anos 2000 neste fim de semana em Ribeir\u00e3o Preto; Veja como adquirir ingressos"},"content":{"rendered":"<div class='code-block code-block-1' style='margin: 8px 0 8px auto; text-align: right; display: block; clear: both;'>\n<p><a href=\"https:\/\/wa.link\/vpicfd\"><img data-recalc-dims=\"1\" class=\"wp-image-4922\" style=\"aspect-ratio: 2.0253164556962027; width: 561px; height: auto;\" src=\"https:\/\/i0.wp.com\/ismaelcolosi.com.br\/wp-content\/uploads\/2023\/11\/grupo-de-empregos-whatsapp-e-facebook-ismael-colosi-vagas.jpg?ssl=1\" alt=\"\" \/><\/a><\/p>\n<!-- \/wp:image -->\n<\/div>\n<p> <br \/>\n<\/p>\n<p><strong>Ribeir\u00e3o Preto<\/strong> recebe neste <strong>s\u00e1bado (5)<\/strong>, <strong>a partir das 22h<\/strong>, a 14\u00aa edi\u00e7\u00e3o do <strong>Lyrium Festival <\/strong>na <strong>F\u00e1brica de Extintores<\/strong>. O evento celebra o rock dos anos 2000 e contempor\u00e2neo, trazendo repert\u00f3rios de nomes que dominaram as parada mundiais do g\u00eanero.<\/p>\n<figure class=\"wp-block-image size-large\"><figcaption class=\"wp-element-caption\">14\u00aa edi\u00e7\u00e3o do Lyrium Festival acontece neste s\u00e1bado (5) \u2013 Foto: divulga\u00e7\u00e3o<\/figcaption><\/figure>\n<p class=\"has-very-light-gray-to-cyan-bluish-gray-gradient-background has-background\"><em>Receba not\u00edcias do\u00a0<strong>acidade on Ribeir\u00e3o\u00a0<\/strong>no WhatsApp e fique por dentro de tudo! Basta acessar o link<a href=\"https:\/\/chat.whatsapp.com\/DfXwcjKVIddHUT3BvnQuPZ?mode=hqctshi\" target=\"_blank\" rel=\"noreferrer noopener\">\u00a0aqui<\/a>!<\/em><\/p>\n<p>A pen\u00faltima edi\u00e7\u00e3o do evento em 2026 promete <mark class=\"has-inline-color\">dois palcos simult\u00e2neos, bandas se revezando sem intervalos, cinco horas de m\u00fasica e tributos a grupos do rock nacional e internacional<\/mark>.<\/p>\n<blockquote class=\"wp-block-quote is-layout-flow wp-block-quote-is-layout-flow\">\n<p>A cada edi\u00e7\u00e3o, os f\u00e3s adotam um dress code tem\u00e1tico surpresa; desta vez, o tema escolhido \u00e9 Black Wedding.\u201dN\u00e3o \u00e9 moda e n\u00e3o \u00e9 uma balada, \u00e9 uma experi\u00eancia \u00fanica aguardada com muita ansiedade por todos\u201d, comenta Dan Castells, produtor do evento.<\/p>\n<\/blockquote>\n<figure class=\"wp-block-image size-large\"><img data-recalc-dims=\"1\" loading=\"lazy\" decoding=\"async\" width=\"1024\" height=\"576\" src=\"https:\/\/i0.wp.com\/www.acidadeon.com\/ribeiraopreto\/wp-content\/uploads\/sites\/3\/2026\/09\/Lyrium-Festival-4-1024x576.jpeg?resize=1024%2C576&#038;ssl=1\" alt=\"14\u00aa edi\u00e7\u00e3o do Lyrium Festival acontece neste s\u00e1bado (5) - Foto: divulga\u00e7\u00e3o\" class=\"wp-image-173693\" title=\"Festival celebra o rock dos anos 2000 neste fim de semana em Ribeir\u00e3o Preto; Veja como adquirir ingressos 2\"><figcaption class=\"wp-element-caption\">14\u00aa edi\u00e7\u00e3o do Lyrium Festival acontece neste s\u00e1bado (5) \u2013 Foto: divulga\u00e7\u00e3o<\/figcaption><\/figure>\n<h2 class=\"wp-block-heading\"><strong>Confira a Line-up<\/strong><\/h2>\n<p>A programa\u00e7\u00e3o re\u00fane tributos a  nomes que marcaram as paradas mundiais do rock nas \u00faltimas d\u00e9cadas.<\/p>\n<ul class=\"wp-block-list\">\n<li>Vers\u00e3o 2 (especial System of a Down)<\/li>\n<li>Undercover (especial Evanescence, Paramore e Pink)<\/li>\n<li>Lips of Deceit (especial Avenged Sevenfold)<\/li>\n<li>Everlong (especial Three Days Grace)<\/li>\n<li>Dammit! (especial Blink-182)<\/li>\n<li>Lyrium (especial Korn, Creed e Rammstein \u2013 nu metal e rock alternativo) <\/li>\n<\/ul>\n<p>A<strong>entrada <\/strong>\u00e9 <strong>proibida <\/strong>para <strong>menores <\/strong>de<strong>18 anos<\/strong>. Caso tenha interesse em adquirir <strong>ingressos antecipados clique <\/strong><mark class=\"has-inline-color\"><a href=\"https:\/\/www.sympla.com.br\/evento\/lyrium-festival-14\/3532056?algoliaID=fb08aa5c284183af7022bfa32bd69297\" data-type=\"link\" data-id=\"Sympla.com.br\" target=\"_blank\" rel=\"noopener\">neste link<\/a>.<\/mark><\/p>\n<figure class=\"wp-block-image size-large\"><img data-recalc-dims=\"1\" loading=\"lazy\" decoding=\"async\" width=\"1024\" height=\"576\" src=\"https:\/\/i0.wp.com\/www.acidadeon.com\/ribeiraopreto\/wp-content\/uploads\/sites\/3\/2026\/09\/Lyrium-Festival-1024x576.jpeg?resize=1024%2C576&#038;ssl=1\" alt=\"14\u00aa edi\u00e7\u00e3o do Lyrium Festival acontece neste s\u00e1bado (5) - Foto: divulga\u00e7\u00e3o\" class=\"wp-image-173694\" title=\"Festival celebra o rock dos anos 2000 neste fim de semana em Ribeir\u00e3o Preto; Veja como adquirir ingressos 3\"><figcaption class=\"wp-element-caption\">14\u00aa edi\u00e7\u00e3o do Lyrium Festival acontece neste s\u00e1bado (5) \u2013 Foto: divulga\u00e7\u00e3o<\/figcaption><\/figure>\n<h2 class=\"wp-block-heading\"><strong>Servi\u00e7o<\/strong><\/h2>\n<p><strong>14\u00ba Lyrium Festival<\/strong><\/p>\n<p><strong>Data:<\/strong> 5 de setembro (s\u00e1bado).<br \/><strong>Local:<\/strong> F\u00e1brica de Extintores.<br \/><strong>Endere\u00e7o: <\/strong>Rua Fl\u00e1vio Uch\u00f4a, 2161, Ribeir\u00e3o Preto \u2013 SP.<br \/><strong>Ingressos antecipados: <\/strong>Dispon\u00edveis <a href=\"https:\/\/www.sympla.com.br\/evento\/lyrium-festival-14\/3532056?algoliaID=fb08aa5c284183af7022bfa32bd69297\" data-type=\"link\" data-id=\"https:\/\/www.sympla.com.br\/evento\/lyrium-festival-14\/3532056?algoliaID=fb08aa5c284183af7022bfa32bd69297\" target=\"_blank\" rel=\"noopener\">neste link<\/a>.<br \/><strong>Classifica\u00e7\u00e3o: <\/strong>Entrada proibida para menores de 18 anos.<br \/><strong>Redes Sociais:<\/strong> <a href=\"https:\/\/www.instagram.com\/lyriumfestival\/\" data-type=\"link\" data-id=\"https:\/\/www.instagram.com\/lyriumfestival\/\" target=\"_blank\" rel=\"noopener\">@lyriumfestival<\/a> no Instagram.<\/p>\n<figure class=\"wp-block-gallery has-nested-images columns-default is-cropped wp-block-gallery-1 is-layout-flex wp-block-gallery-is-layout-flex\">\n<figure class=\"wp-block-image size-large\"><img data-recalc-dims=\"1\" loading=\"lazy\" decoding=\"async\" width=\"1024\" height=\"576\" data-id=\"173691\" src=\"https:\/\/i0.wp.com\/www.acidadeon.com\/ribeiraopreto\/wp-content\/uploads\/sites\/3\/2026\/09\/Lyrium-Festival-2-1024x576.jpeg?resize=1024%2C576&#038;ssl=1\" alt=\"14\u00aa edi\u00e7\u00e3o do Lyrium Festival acontece neste s\u00e1bado (5) - Foto: divulga\u00e7\u00e3o\" class=\"wp-image-173691\" title=\"Festival celebra o rock dos anos 2000 neste fim de semana em Ribeir\u00e3o Preto; Veja como adquirir ingressos 4\"><figcaption class=\"wp-element-caption\">Foto: divulga\u00e7\u00e3o<\/figcaption><\/figure>\n<figure class=\"wp-block-image size-large\"><img data-recalc-dims=\"1\" loading=\"lazy\" decoding=\"async\" width=\"1024\" height=\"576\" data-id=\"173693\" src=\"https:\/\/i0.wp.com\/www.acidadeon.com\/ribeiraopreto\/wp-content\/uploads\/sites\/3\/2026\/09\/Lyrium-Festival-4-1024x576.jpeg?resize=1024%2C576&#038;ssl=1\" alt=\"14\u00aa edi\u00e7\u00e3o do Lyrium Festival acontece neste s\u00e1bado (5) - Foto: divulga\u00e7\u00e3o\" class=\"wp-image-173693\" title=\"Festival celebra o rock dos anos 2000 neste fim de semana em Ribeir\u00e3o Preto; Veja como adquirir ingressos 5\"><figcaption class=\"wp-element-caption\"> Foto: divulga\u00e7\u00e3o<\/figcaption><\/figure>\n<figure class=\"wp-block-image size-large\"><img data-recalc-dims=\"1\" loading=\"lazy\" decoding=\"async\" width=\"1024\" height=\"576\" data-id=\"173694\" src=\"https:\/\/i0.wp.com\/www.acidadeon.com\/ribeiraopreto\/wp-content\/uploads\/sites\/3\/2026\/09\/Lyrium-Festival-1024x576.jpeg?resize=1024%2C576&#038;ssl=1\" alt=\"14\u00aa edi\u00e7\u00e3o do Lyrium Festival acontece neste s\u00e1bado (5) - Foto: divulga\u00e7\u00e3o\" class=\"wp-image-173694\" title=\"Festival celebra o rock dos anos 2000 neste fim de semana em Ribeir\u00e3o Preto; Veja como adquirir ingressos 6\"><figcaption class=\"wp-element-caption\"> Foto: divulga\u00e7\u00e3o<\/figcaption><\/figure>\n<\/figure>\n<p class=\"has-very-light-gray-to-cyan-bluish-gray-gradient-background has-background\"><em>Fa\u00e7a uma den\u00fancia ou sugira uma reportagem sobre\u00a0<strong>Ribeir\u00e3o Preto\u00a0<\/strong>e regi\u00e3o por meio do WhatsApp do\u00a0<strong>acidade on Ribeir\u00e3o<\/strong>: (16) 99117-7802.<\/em><\/p>\n<p>O post Festival celebra o rock dos anos 2000 neste fim de semana em Ribeir\u00e3o Preto; Veja como adquirir ingressos apareceu primeiro em ACidade ON Ribeir\u00e3o Preto.<\/p>\n<p><script async src=\"\/\/www.instagram.com\/embed.js\"><\/script><br \/>\n<br \/><br \/>\n<br \/><a href=\"https:\/\/www.acidadeon.com\/ribeiraopreto\/lazer-e-cultura\/festival-celebra-o-rock-dos-anos-2000-neste-fim-de-semana-em-ribeirao-preto-veja-como-adquirir-ingressos\/\">Link para o texto original aqui <\/a><\/p>\n<!-- CONTENT END 1 -->\n","protected":false},"excerpt":{"rendered":"<p>Ribeir\u00e3o Preto recebe neste s\u00e1bado (5), a partir das 22h, a 14\u00aa edi\u00e7\u00e3o do Lyrium Festival na F\u00e1brica de Extintores. O evento celebra o rock&#8230;<\/p>\n","protected":false},"author":1,"featured_media":91106,"comment_status":"","ping_status":"","sticky":false,"template":"","format":"standard","meta":{"advanced_seo_description":"","jetpack_seo_html_title":"","jetpack_seo_noindex":false,"jetpack_seo_schema_type":"","_jetpack_newsletter_access":"","_jetpack_dont_email_post_to_subs":false,"_jetpack_newsletter_tier_id":0,"_jetpack_memberships_contains_paywalled_content":false,"_jetpack_feature_clip_id":0,"_jetpack_memberships_contains_paid_content":false,"footnotes":"","jetpack_publicize_message":"","jetpack_publicize_feature_enabled":true,"jetpack_social_post_already_shared":true,"jetpack_social_options":{"image_generator_settings":{"template":"highway","default_image_id":0,"font":"","enabled":false},"version":2},"jetpack_post_was_ever_published":false},"categories":[11],"tags":[7954,84,1921,265,470,141,125,370,263,27,26,1603,126,48],"class_list":["post-91105","post","type-post","status-publish","format-standard","has-post-thumbnail","hentry","category-noticias-de-ribeirao-preto-sp-e-regiao-ismael-colosi","tag-adquirir","tag-anos","tag-celebra","tag-como","tag-dos","tag-festival","tag-fim","tag-ingressos","tag-neste","tag-preto","tag-ribeirao","tag-rock","tag-semana","tag-veja"],"jetpack_publicize_connections":[],"jetpack-related-posts":[{"id":65546,"url":"https:\/\/noticiasribeiraopreto.com.br\/index.php\/2025\/03\/21\/capital-inicial-samba-e-festival-gastronomico-veja-o-que-fazer-no-fim-de-semana-em-ribeirao-preto\/","url_meta":{"origin":91105,"position":0},"title":"Capital Inicial, samba e festival gastron\u00f4mico: Veja o que fazer no fim de semana em Ribeir\u00e3o Preto","author":"noticiasribeiraopreto.com.br","date":"21 de March de 2025","format":false,"excerpt":"Neste fim de semana, a regi\u00e3o de Ribeir\u00e3o Preto conta com diversas op\u00e7\u00f5es para quem quiser curtir o fim de semana. A programa\u00e7\u00e3o tem shows, festival gastron\u00f4mico e stand-up. Veja as op\u00e7\u00f5es: Capital Inicial A banda\u00a0Capital Inicial\u00a0desembarca em\u00a0Ribeir\u00e3o Preto\u00a0no pr\u00f3ximo\u00a0s\u00e1bado (22)\u00a0com a turn\u00ea \u201cAc\u00fastico 25 anos\u201d, que celebra\u00a025 anos\u00a0do \u00e1lbum\u2026","rel":"","context":"In &quot;Not\u00edcias de Ribeir\u00e3o Preto-SP e Regi\u00e3o&quot;","block_context":{"text":"Not\u00edcias de Ribeir\u00e3o Preto-SP e Regi\u00e3o","link":"https:\/\/noticiasribeiraopreto.com.br\/index.php\/category\/noticias-de-ribeirao-preto-sp-e-regiao-ismael-colosi\/"},"img":{"alt_text":"","src":"https:\/\/i0.wp.com\/noticiasribeiraopreto.com.br\/wp-content\/uploads\/2024\/11\/foto_-Fernando-Schlaepfer_2024-11-13_15-07-26_jpg_2024-11-13_15-07-27.webp.webp?fit=1200%2C750&ssl=1&resize=350%2C200","width":350,"height":200,"srcset":"https:\/\/i0.wp.com\/noticiasribeiraopreto.com.br\/wp-content\/uploads\/2024\/11\/foto_-Fernando-Schlaepfer_2024-11-13_15-07-26_jpg_2024-11-13_15-07-27.webp.webp?fit=1200%2C750&ssl=1&resize=350%2C200 1x, https:\/\/i0.wp.com\/noticiasribeiraopreto.com.br\/wp-content\/uploads\/2024\/11\/foto_-Fernando-Schlaepfer_2024-11-13_15-07-26_jpg_2024-11-13_15-07-27.webp.webp?fit=1200%2C750&ssl=1&resize=525%2C300 1.5x, https:\/\/i0.wp.com\/noticiasribeiraopreto.com.br\/wp-content\/uploads\/2024\/11\/foto_-Fernando-Schlaepfer_2024-11-13_15-07-26_jpg_2024-11-13_15-07-27.webp.webp?fit=1200%2C750&ssl=1&resize=700%2C400 2x, https:\/\/i0.wp.com\/noticiasribeiraopreto.com.br\/wp-content\/uploads\/2024\/11\/foto_-Fernando-Schlaepfer_2024-11-13_15-07-26_jpg_2024-11-13_15-07-27.webp.webp?fit=1200%2C750&ssl=1&resize=1050%2C600 3x"},"classes":[]},{"id":73253,"url":"https:\/\/noticiasribeiraopreto.com.br\/index.php\/2025\/06\/27\/ribeirao-preto-recebe-6a-edicao-de-festival-pe-na-porta-neste-final-de-semana\/","url_meta":{"origin":91105,"position":1},"title":"Ribeir\u00e3o Preto recebe 6\u00aa edi\u00e7\u00e3o de &#8216;Festival P\u00e9 na Porta&#8217; neste final de semana","author":"noticiasribeiraopreto.com.br","date":"27 de June de 2025","format":false,"excerpt":"O Teatro de Arena de Ribeir\u00e3o Preto recebe neste domingo (29), a partir das 15h, a 6\u00aa edi\u00e7\u00e3o do Festival P\u00e9 na Porta, que celebra a m\u00fasica independente e cultural local. A entrada \u00e9 gratuita e haver\u00e1 arrecada\u00e7\u00e3o de um quilo de alimento n\u00e3o perec\u00edvel. A programa\u00e7\u00e3o oferece mais de\u2026","rel":"","context":"In &quot;Not\u00edcias de Ribeir\u00e3o Preto-SP e Regi\u00e3o&quot;","block_context":{"text":"Not\u00edcias de Ribeir\u00e3o Preto-SP e Regi\u00e3o","link":"https:\/\/noticiasribeiraopreto.com.br\/index.php\/category\/noticias-de-ribeirao-preto-sp-e-regiao-ismael-colosi\/"},"img":{"alt_text":"","src":"https:\/\/i0.wp.com\/noticiasribeiraopreto.com.br\/wp-content\/uploads\/2025\/06\/show_2025-06-27_15-01-23.webp.webp?fit=1200%2C804&ssl=1&resize=350%2C200","width":350,"height":200,"srcset":"https:\/\/i0.wp.com\/noticiasribeiraopreto.com.br\/wp-content\/uploads\/2025\/06\/show_2025-06-27_15-01-23.webp.webp?fit=1200%2C804&ssl=1&resize=350%2C200 1x, https:\/\/i0.wp.com\/noticiasribeiraopreto.com.br\/wp-content\/uploads\/2025\/06\/show_2025-06-27_15-01-23.webp.webp?fit=1200%2C804&ssl=1&resize=525%2C300 1.5x, https:\/\/i0.wp.com\/noticiasribeiraopreto.com.br\/wp-content\/uploads\/2025\/06\/show_2025-06-27_15-01-23.webp.webp?fit=1200%2C804&ssl=1&resize=700%2C400 2x, https:\/\/i0.wp.com\/noticiasribeiraopreto.com.br\/wp-content\/uploads\/2025\/06\/show_2025-06-27_15-01-23.webp.webp?fit=1200%2C804&ssl=1&resize=1050%2C600 3x"},"classes":[]},{"id":57872,"url":"https:\/\/noticiasribeiraopreto.com.br\/index.php\/2024\/09\/12\/ribeirao-preto-recebe-festival-de-rock-no-fim-de-semana\/","url_meta":{"origin":91105,"position":2},"title":"Ribeir\u00e3o Preto recebe festival de rock no fim de semana","author":"noticiasribeiraopreto.com.br","date":"12 de September de 2024","format":false,"excerpt":"A primeira edi\u00e7\u00e3o do Tribos Rock Fest, um festival de rock com dois dias, acontece neste fim de semana em Ribeir\u00e3o Preto. A line-up conta com 16 bandas. O evento come\u00e7a neste s\u00e1bado (14), \u00e0s 15h. J\u00e1 no domingo (15), os port\u00f5es abrem \u00e0s 13h e os shows iniciam \u00e0s\u2026","rel":"","context":"In &quot;Not\u00edcias de Ribeir\u00e3o Preto-SP e Regi\u00e3o&quot;","block_context":{"text":"Not\u00edcias de Ribeir\u00e3o Preto-SP e Regi\u00e3o","link":"https:\/\/noticiasribeiraopreto.com.br\/index.php\/category\/noticias-de-ribeirao-preto-sp-e-regiao-ismael-colosi\/"},"img":{"alt_text":"","src":"https:\/\/i0.wp.com\/noticiasribeiraopreto.com.br\/wp-content\/uploads\/2024\/09\/hostile-886029_1280_2024-09-12_13-24-43_jpg_2024-09-12_13-24-43.webp.webp?fit=1200%2C800&ssl=1&resize=350%2C200","width":350,"height":200,"srcset":"https:\/\/i0.wp.com\/noticiasribeiraopreto.com.br\/wp-content\/uploads\/2024\/09\/hostile-886029_1280_2024-09-12_13-24-43_jpg_2024-09-12_13-24-43.webp.webp?fit=1200%2C800&ssl=1&resize=350%2C200 1x, https:\/\/i0.wp.com\/noticiasribeiraopreto.com.br\/wp-content\/uploads\/2024\/09\/hostile-886029_1280_2024-09-12_13-24-43_jpg_2024-09-12_13-24-43.webp.webp?fit=1200%2C800&ssl=1&resize=525%2C300 1.5x, https:\/\/i0.wp.com\/noticiasribeiraopreto.com.br\/wp-content\/uploads\/2024\/09\/hostile-886029_1280_2024-09-12_13-24-43_jpg_2024-09-12_13-24-43.webp.webp?fit=1200%2C800&ssl=1&resize=700%2C400 2x, https:\/\/i0.wp.com\/noticiasribeiraopreto.com.br\/wp-content\/uploads\/2024\/09\/hostile-886029_1280_2024-09-12_13-24-43_jpg_2024-09-12_13-24-43.webp.webp?fit=1200%2C800&ssl=1&resize=1050%2C600 3x"},"classes":[]},{"id":89785,"url":"https:\/\/noticiasribeiraopreto.com.br\/index.php\/2026\/08\/11\/ribeirao-preto-recebe-integrante-dos-racionais-mcs-em-festival-veja-como-adquirir-ingressos\/","url_meta":{"origin":91105,"position":3},"title":"Ribeir\u00e3o Preto recebe integrante dos Racionais MC\u2019s em festival; Veja como adquirir ingressos","author":"noticiasribeiraopreto.com.br","date":"11 de August de 2026","format":false,"excerpt":"Ribeir\u00e3o Preto ser\u00e1 palco, no pr\u00f3ximo s\u00e1bado (15), de mais uma edi\u00e7\u00e3o do Nugroove, evento que busca ocupar a cidade com m\u00fasica, cultura e protagonismo negro. O festival acontece a partir das 22h, na Ch\u00e1cara Mar\u00e7al. A principal atra\u00e7\u00e3o \u00e9 KL Jay, DJ e integrante dos Racionais MC\u2019s. Al\u00e9m de\u2026","rel":"","context":"In &quot;Not\u00edcias de Ribeir\u00e3o Preto-SP e Regi\u00e3o&quot;","block_context":{"text":"Not\u00edcias de Ribeir\u00e3o Preto-SP e Regi\u00e3o","link":"https:\/\/noticiasribeiraopreto.com.br\/index.php\/category\/noticias-de-ribeirao-preto-sp-e-regiao-ismael-colosi\/"},"img":{"alt_text":"","src":"https:\/\/i0.wp.com\/noticiasribeiraopreto.com.br\/wp-content\/uploads\/2026\/08\/KL-Jay-DJ-e-integrante-dos-Racionais-MCs.jpeg?fit=1079%2C550&ssl=1&resize=350%2C200","width":350,"height":200,"srcset":"https:\/\/i0.wp.com\/noticiasribeiraopreto.com.br\/wp-content\/uploads\/2026\/08\/KL-Jay-DJ-e-integrante-dos-Racionais-MCs.jpeg?fit=1079%2C550&ssl=1&resize=350%2C200 1x, https:\/\/i0.wp.com\/noticiasribeiraopreto.com.br\/wp-content\/uploads\/2026\/08\/KL-Jay-DJ-e-integrante-dos-Racionais-MCs.jpeg?fit=1079%2C550&ssl=1&resize=525%2C300 1.5x, https:\/\/i0.wp.com\/noticiasribeiraopreto.com.br\/wp-content\/uploads\/2026\/08\/KL-Jay-DJ-e-integrante-dos-Racionais-MCs.jpeg?fit=1079%2C550&ssl=1&resize=700%2C400 2x, https:\/\/i0.wp.com\/noticiasribeiraopreto.com.br\/wp-content\/uploads\/2026\/08\/KL-Jay-DJ-e-integrante-dos-Racionais-MCs.jpeg?fit=1079%2C550&ssl=1&resize=1050%2C600 3x"},"classes":[]},{"id":72200,"url":"https:\/\/noticiasribeiraopreto.com.br\/index.php\/2025\/06\/14\/ainda-da-tempo-veja-como-comprar-ingressos-para-o-joao-rock\/","url_meta":{"origin":91105,"position":4},"title":"Ainda d\u00e1 tempo: Veja como comprar ingressos para o Jo\u00e3o Rock","author":"noticiasribeiraopreto.com.br","date":"14 de June de 2025","format":false,"excerpt":"A\u00a022\u00aa edi\u00e7\u00e3o\u00a0do festival\u00a0Jo\u00e3o Rock\u00a0acontece neste\u00a0s\u00e1bado (14), no\u00a0Parque Permanente de Exposi\u00e7\u00f5es, em\u00a0Ribeir\u00e3o Preto.\u00a0Os port\u00f5es abrem a partir das 12h30. O evento conta com uma maratona de m\u00fasica e re\u00fane nomes do rock, rap, MPB e reggae, em quatro palcos que recebem 36 atra\u00e7\u00f5es. Os interessados em ir ao festival ainda podem\u2026","rel":"","context":"In &quot;Not\u00edcias de Ribeir\u00e3o Preto-SP e Regi\u00e3o&quot;","block_context":{"text":"Not\u00edcias de Ribeir\u00e3o Preto-SP e Regi\u00e3o","link":"https:\/\/noticiasribeiraopreto.com.br\/index.php\/category\/noticias-de-ribeirao-preto-sp-e-regiao-ismael-colosi\/"},"img":{"alt_text":"","src":"https:\/\/i0.wp.com\/noticiasribeiraopreto.com.br\/wp-content\/uploads\/2025\/06\/pulseira-joao-rock_2025-06-14_13-52-29.webp.webp?fit=1200%2C675&ssl=1&resize=350%2C200","width":350,"height":200,"srcset":"https:\/\/i0.wp.com\/noticiasribeiraopreto.com.br\/wp-content\/uploads\/2025\/06\/pulseira-joao-rock_2025-06-14_13-52-29.webp.webp?fit=1200%2C675&ssl=1&resize=350%2C200 1x, https:\/\/i0.wp.com\/noticiasribeiraopreto.com.br\/wp-content\/uploads\/2025\/06\/pulseira-joao-rock_2025-06-14_13-52-29.webp.webp?fit=1200%2C675&ssl=1&resize=525%2C300 1.5x, https:\/\/i0.wp.com\/noticiasribeiraopreto.com.br\/wp-content\/uploads\/2025\/06\/pulseira-joao-rock_2025-06-14_13-52-29.webp.webp?fit=1200%2C675&ssl=1&resize=700%2C400 2x, https:\/\/i0.wp.com\/noticiasribeiraopreto.com.br\/wp-content\/uploads\/2025\/06\/pulseira-joao-rock_2025-06-14_13-52-29.webp.webp?fit=1200%2C675&ssl=1&resize=1050%2C600 3x"},"classes":[]},{"id":54704,"url":"https:\/\/noticiasribeiraopreto.com.br\/index.php\/2024\/07\/19\/so-pra-contrariar-caipiro-rock-e-concerto-de-inverno-veja-o-que-fazer-em-ribeirao-e-regiao-no-fim-de-semana\/","url_meta":{"origin":91105,"position":5},"title":"S\u00f3 Pra Contrariar, Caipiro Rock e Concerto de Inverno: Veja o que fazer em Ribeir\u00e3o e regi\u00e3o no fim de semana","author":"noticiasribeiraopreto.com.br","date":"19 de July de 2024","format":false,"excerpt":"O fim de semana chegou e conta com diversas op\u00e7\u00f5es para curtir em Ribeir\u00e3o Preto e regi\u00e3o. Entre os destaques, est\u00e3o o show do S\u00f3 Pra Contrariar, o Festival Caipiro Rock e a apresenta\u00e7\u00e3o da Banda da Juventude no 3\u00ba Concerto de Inverno, de Sert\u00e3ozinho. Veja a lista S\u00f3 Pra\u2026","rel":"","context":"In &quot;Not\u00edcias de Ribeir\u00e3o Preto-SP e Regi\u00e3o&quot;","block_context":{"text":"Not\u00edcias de Ribeir\u00e3o Preto-SP e Regi\u00e3o","link":"https:\/\/noticiasribeiraopreto.com.br\/index.php\/category\/noticias-de-ribeirao-preto-sp-e-regiao-ismael-colosi\/"},"img":{"alt_text":"","src":"https:\/\/i0.wp.com\/noticiasribeiraopreto.com.br\/wp-content\/uploads\/2024\/07\/eventos-ribeirao-preto_2024-07-19_17-55-44_jpeg_2024-07-19_17-55-44.webp.webp?fit=1200%2C674&ssl=1&resize=350%2C200","width":350,"height":200,"srcset":"https:\/\/i0.wp.com\/noticiasribeiraopreto.com.br\/wp-content\/uploads\/2024\/07\/eventos-ribeirao-preto_2024-07-19_17-55-44_jpeg_2024-07-19_17-55-44.webp.webp?fit=1200%2C674&ssl=1&resize=350%2C200 1x, https:\/\/i0.wp.com\/noticiasribeiraopreto.com.br\/wp-content\/uploads\/2024\/07\/eventos-ribeirao-preto_2024-07-19_17-55-44_jpeg_2024-07-19_17-55-44.webp.webp?fit=1200%2C674&ssl=1&resize=525%2C300 1.5x, https:\/\/i0.wp.com\/noticiasribeiraopreto.com.br\/wp-content\/uploads\/2024\/07\/eventos-ribeirao-preto_2024-07-19_17-55-44_jpeg_2024-07-19_17-55-44.webp.webp?fit=1200%2C674&ssl=1&resize=700%2C400 2x, https:\/\/i0.wp.com\/noticiasribeiraopreto.com.br\/wp-content\/uploads\/2024\/07\/eventos-ribeirao-preto_2024-07-19_17-55-44_jpeg_2024-07-19_17-55-44.webp.webp?fit=1200%2C674&ssl=1&resize=1050%2C600 3x"},"classes":[]}],"jetpack_sharing_enabled":true,"jetpack_shortlink":"https:\/\/wp.me\/peQAOb-nHr","jetpack_featured_media_url":"https:\/\/i0.wp.com\/noticiasribeiraopreto.com.br\/wp-content\/uploads\/2026\/09\/Lyrium-Festival.jpeg?fit=1600%2C900&ssl=1","_links":{"self":[{"href":"https:\/\/noticiasribeiraopreto.com.br\/index.php\/wp-json\/wp\/v2\/posts\/91105","targetHints":{"allow":["GET"]}}],"collection":[{"href":"https:\/\/noticiasribeiraopreto.com.br\/index.php\/wp-json\/wp\/v2\/posts"}],"about":[{"href":"https:\/\/noticiasribeiraopreto.com.br\/index.php\/wp-json\/wp\/v2\/types\/post"}],"author":[{"embeddable":true,"href":"https:\/\/noticiasribeiraopreto.com.br\/index.php\/wp-json\/wp\/v2\/users\/1"}],"replies":[{"embeddable":true,"href":"https:\/\/noticiasribeiraopreto.com.br\/index.php\/wp-json\/wp\/v2\/comments?post=91105"}],"version-history":[{"count":0,"href":"https:\/\/noticiasribeiraopreto.com.br\/index.php\/wp-json\/wp\/v2\/posts\/91105\/revisions"}],"wp:featuredmedia":[{"embeddable":true,"href":"https:\/\/noticiasribeiraopreto.com.br\/index.php\/wp-json\/wp\/v2\/media\/91106"}],"wp:attachment":[{"href":"https:\/\/noticiasribeiraopreto.com.br\/index.php\/wp-json\/wp\/v2\/media?parent=91105"}],"wp:term":[{"taxonomy":"category","embeddable":true,"href":"https:\/\/noticiasribeiraopreto.com.br\/index.php\/wp-json\/wp\/v2\/categories?post=91105"},{"taxonomy":"post_tag","embeddable":true,"href":"https:\/\/noticiasribeiraopreto.com.br\/index.php\/wp-json\/wp\/v2\/tags?post=91105"}],"curies":[{"name":"wp","href":"https:\/\/api.w.org\/{rel}","templated":true}]}}