{"id":91107,"date":"2026-09-04T13:49:14","date_gmt":"2026-09-04T16:49:14","guid":{"rendered":"https:\/\/noticiasribeiraopreto.com.br\/index.php\/2026\/09\/04\/com-padre-marcelo-rossi-festival-hallel-comeca-nesta-sexta-feira-em-franca-veja-a-programacao\/"},"modified":"2026-09-04T13:49:14","modified_gmt":"2026-09-04T16:49:14","slug":"com-padre-marcelo-rossi-festival-hallel-comeca-nesta-sexta-feira-em-franca-veja-a-programacao","status":"publish","type":"post","link":"https:\/\/noticiasribeiraopreto.com.br\/index.php\/2026\/09\/04\/com-padre-marcelo-rossi-festival-hallel-comeca-nesta-sexta-feira-em-franca-veja-a-programacao\/","title":{"rendered":"Com Padre Marcelo Rossi, Festival Hallel come\u00e7a nesta sexta-feira em Franca; veja a programa\u00e7\u00e3o"},"content":{"rendered":"<div class='code-block code-block-1' style='margin: 8px 0 8px auto; text-align: right; display: block; clear: both;'>\n<p><a href=\"https:\/\/wa.link\/vpicfd\"><img data-recalc-dims=\"1\" class=\"wp-image-4922\" style=\"aspect-ratio: 2.0253164556962027; width: 561px; height: auto;\" src=\"https:\/\/i0.wp.com\/ismaelcolosi.com.br\/wp-content\/uploads\/2023\/11\/grupo-de-empregos-whatsapp-e-facebook-ismael-colosi-vagas.jpg?ssl=1\" alt=\"\" \/><\/a><\/p>\n<!-- \/wp:image -->\n<\/div>\n<p> <br \/>\n<\/p>\n<p>O festival de m\u00fasica cat\u00f3lica <strong>Hallel<\/strong> come\u00e7a nesta sexta-feira (4) em <strong>Franca<\/strong>, no interior de S\u00e3o Paulo, e segue at\u00e9 a pr\u00f3xima segunda-feira (7). O evento \u00e9 realizado no Parque de Exposi\u00e7\u00f5es Fernando Costa e promete reunir 80 atra\u00e7\u00f5es, incluindo<strong> Padre Marcelo Rossi <\/strong>\u2013 veja a programa\u00e7\u00e3o abaixo.\u00a0<\/p>\n<figure class=\"wp-block-gallery has-nested-images columns-default is-cropped wp-block-gallery-1 is-layout-flex wp-block-gallery-is-layout-flex\">\n<figure class=\"wp-block-image size-large\"><\/figure>\n<figure class=\"wp-block-image size-large\"><img data-recalc-dims=\"1\" loading=\"lazy\" decoding=\"async\" width=\"819\" height=\"1024\" data-id=\"173715\" src=\"https:\/\/i0.wp.com\/www.acidadeon.com\/ribeiraopreto\/wp-content\/uploads\/sites\/3\/2026\/09\/hallel-2026-2-819x1024.jpg?resize=819%2C1024&#038;ssl=1\" alt=\"hallel 2026 2\" class=\"wp-image-173715\" title=\"Com Padre Marcelo Rossi, Festival Hallel come\u00e7a nesta sexta-feira em Franca; veja a programa\u00e7\u00e3o 2\"><\/figure>\n<figure class=\"wp-block-image size-large\"><img data-recalc-dims=\"1\" loading=\"lazy\" decoding=\"async\" width=\"819\" height=\"1024\" data-id=\"173714\" src=\"https:\/\/i0.wp.com\/www.acidadeon.com\/ribeiraopreto\/wp-content\/uploads\/sites\/3\/2026\/09\/hallel-2026-3-819x1024.jpg?resize=819%2C1024&#038;ssl=1\" alt=\"hallel 2026 3\" class=\"wp-image-173714\" title=\"Com Padre Marcelo Rossi, Festival Hallel come\u00e7a nesta sexta-feira em Franca; veja a programa\u00e7\u00e3o 3\"><\/figure>\n<figure class=\"wp-block-image size-large\"><img data-recalc-dims=\"1\" loading=\"lazy\" decoding=\"async\" width=\"819\" height=\"1024\" data-id=\"173716\" src=\"https:\/\/i0.wp.com\/www.acidadeon.com\/ribeiraopreto\/wp-content\/uploads\/sites\/3\/2026\/09\/hallel-2026-4-819x1024.jpg?resize=819%2C1024&#038;ssl=1\" alt=\"hallel 2026 4\" class=\"wp-image-173716\" title=\"Com Padre Marcelo Rossi, Festival Hallel come\u00e7a nesta sexta-feira em Franca; veja a programa\u00e7\u00e3o 4\"><\/figure>\n<\/figure>\n<p class=\"has-cyan-bluish-gray-background-color has-background\"><em>Receba not\u00edcias do\u00a0<strong>acidade on Ribeir\u00e3o\u00a0<\/strong>no WhatsApp e fique por dentro de tudo! Basta acessar o link<a href=\"https:\/\/chat.whatsapp.com\/DfXwcjKVIddHUT3BvnQuPZ?mode=hqctshi\" target=\"_blank\" rel=\"noreferrer noopener\">\u00a0aqui<\/a>!<\/em><\/p>\n<h2 class=\"wp-block-heading\"><strong>Atra\u00e7\u00f5es<\/strong><\/h2>\n<p>O Hallel 2026 ainda recebe padre F\u00e1bio de Melo, padre Chrystian Shankar, Rosa de Saron, Anjos de Resgate, Colo de Deus e, pela primeira vez, o Instituto Hesed. O festival tem entrada gratuita.<\/p>\n<p>Tamb\u00e9m integram a programa\u00e7\u00e3o os padres Adriano Zandon\u00e1, Bruno, C\u00e9lio Adriano Cintra, Diego Gon\u00e7alves, Wallace Hon\u00f3rio, Raphael Rom\u00e3o, Fabiano Roberto, F\u00e1bio Francisco, Germano, al\u00e9m de Frei Adener e outros evangelizadores convidados.<\/p>\n<p>Na programa\u00e7\u00e3o musical tamb\u00e9m est\u00e3o confirmados Rosa de Saron, Anjos de Resgate, Colo de Deus, Fl\u00e1vio Vitor, Juninho Cassimiro, Joaquim Jos\u00e9, Minist\u00e9rio Gerados pela Imaculada, al\u00e9m de dezenas de minist\u00e9rios de m\u00fasica de diferentes estados.<\/p>\n<p>Para o presidente do Hallel Franca, Gabriel Faleiros, a 39\u00aa edi\u00e7\u00e3o reafirma a proposta do evento de acolher pessoas de diferentes idades e realidades por meio da m\u00fasica e da evangeliza\u00e7\u00e3o.<\/p>\n<p>\u201cO tema \u2018Eu sou o caminho, a verdade e a vida\u2019 nos convida a olhar para Cristo como refer\u00eancia para a vida e para a esperan\u00e7a. O Hallel nasceu com a miss\u00e3o de anunciar essa mensagem e, por isso, mant\u00e9m a entrada gratuita, permitindo que qualquer pessoa possa participar, viver essa experi\u00eancia de f\u00e9 e encontrar um espa\u00e7o de acolhimento, independentemente da sua condi\u00e7\u00e3o\u201d, afirma.<\/p>\n<p class=\"has-cyan-bluish-gray-background-color has-background\"><em>Fa\u00e7a uma den\u00fancia ou sugira uma reportagem sobre\u00a0<strong>Ribeir\u00e3o Preto\u00a0<\/strong>e regi\u00e3o por meio do WhatsApp do\u00a0<strong>acidade on Ribeir\u00e3o<\/strong>: (16) 99117-7802.<\/em><\/p>\n<h2 class=\"wp-block-heading\"><strong>Ficou sabendo?<\/strong><\/h2>\n<h3 class=\"wp-block-heading\"><strong>Hallel Franca movimenta cadeia de servi\u00e7os e mobiliza 3 mil volunt\u00e1rios<\/strong><\/h3>\n<figure class=\"wp-block-image size-large\"><img data-recalc-dims=\"1\" loading=\"lazy\" decoding=\"async\" width=\"1024\" height=\"683\" src=\"https:\/\/i0.wp.com\/www.acidadeon.com\/ribeiraopreto\/wp-content\/uploads\/sites\/3\/2026\/09\/hallel-2026-4-1-1024x683.jpg?resize=1024%2C683&#038;ssl=1\" alt=\"hallel 2026 4 1\" class=\"wp-image-173720\" title=\"Com Padre Marcelo Rossi, Festival Hallel come\u00e7a nesta sexta-feira em Franca; veja a programa\u00e7\u00e3o 5\"><figcaption class=\"wp-element-caption\">Hallel Franca movimenta hot\u00e9is, transporte, alimenta\u00e7\u00e3o e com\u00e9rcio em Franca (Foto: divulga\u00e7\u00e3o)<\/figcaption><\/figure>\n<p>Antes mesmo de o primeiro show come\u00e7ar, o Hallel j\u00e1 movimenta Franca. A 39\u00aa edi\u00e7\u00e3o do evento, que ser\u00e1 realizada de 4 a 7 de setembro, com entrada gratuita, envolve uma rede que ultrapassa os limites do Parque de Exposi\u00e7\u00f5es Fernando Costa e mobiliza hot\u00e9is, empresas de transporte, alimenta\u00e7\u00e3o, com\u00e9rcio e cerca de 3 mil volunt\u00e1rios.<\/p>\n<p>Durante os quatro dias, ser\u00e3o mais de 80 atra\u00e7\u00f5es, entre shows, prega\u00e7\u00f5es, momentos de ora\u00e7\u00e3o e evangeliza\u00e7\u00e3o, al\u00e9m de mais de 20 missas. Para receber o p\u00fablico, aproximadamente 19 mil metros quadrados de estrutura ser\u00e3o utilizados dentro do Parque Fernando Costa, entre tendas, palco central e outros espa\u00e7os do evento.<\/p>\n<p>Cerca de 3 mil volunt\u00e1rios atuam em diferentes frentes, da recep\u00e7\u00e3o e orienta\u00e7\u00e3o do p\u00fablico \u00e0 organiza\u00e7\u00e3o dos espa\u00e7os, pra\u00e7a de alimenta\u00e7\u00e3o e apoio \u00e0s atividades. A mobiliza\u00e7\u00e3o re\u00fane pessoas de grupos, comunidades e movimentos que dedicam parte de seu tempo \u00e0 realiza\u00e7\u00e3o do festival.<\/p>\n<p>Exemplo de voluntariado \u00e9 o casal de aposentados Jo\u00e3o e Terezinha Rodrigues, ambos de 81 anos, que coordenam a barraca da fogazza h\u00e1 mais de duas d\u00e9cadas e transformaram o servi\u00e7o comunit\u00e1rio em uma tradi\u00e7\u00e3o familiar. \u201cPara a nossa fam\u00edlia, o Hallel n\u00e3o \u00e9 apenas um evento, \u00e9 parte da nossa vida. A cada ano, reunimos amigos para servir com alegria, e \u00e9 emocionante ver tanta gente unida pela f\u00e9, pela fraternidade e pelo desejo de fazer o bem\u201d, destacam.<\/p>\n<p>A movimenta\u00e7\u00e3o tamb\u00e9m chega \u00e0 rede hoteleira. No Hotel Dan Inn Franca, a ocupa\u00e7\u00e3o para o per\u00edodo est\u00e1 atualmente em torno de 70%, com expectativa de chegar a 100% nos pr\u00f3ximos dias, seguindo o comportamento de edi\u00e7\u00f5es anteriores. Segundo a gerente geral Fl\u00e1via Trindade, a procura aumenta \u00e0 medida que o evento se aproxima.<\/p>\n<blockquote class=\"wp-block-quote is-layout-flow wp-block-quote-is-layout-flow\">\n<p>\u201cTodos os anos percebemos um aumento significativo na procura por hospedagem durante o Hallel. A expectativa \u00e9 que a ocupa\u00e7\u00e3o chegue a 100%, por isso recomendamos que os participantes que ainda n\u00e3o fizeram sua reserva e antecipem para garantir a hospedagem e evitar a falta de disponibilidade\u201d.<\/p>\n<\/blockquote>\n<p>O movimento tamb\u00e9m alcan\u00e7a munic\u00edpios pr\u00f3ximos. No Hotel Hava\u00ed, em Patroc\u00ednio Paulista, o gerente Anderson Borges destaca o aumento da demanda durante o per\u00edodo.<\/p>\n<p>\u201cNosso hotel sempre fica cheio nesse per\u00edodo do Hallel, movimenta bastante. \u00c9 um evento que tem grande import\u00e2ncia para n\u00f3s. Percebemos que tem crescido muito o turismo religioso em nossa regi\u00e3o\u201d, revela.<\/p>\n<h2 class=\"wp-block-heading\"><\/h2>\n<p>O post Com Padre Marcelo Rossi, Festival Hallel come\u00e7a nesta sexta-feira em Franca; veja a programa\u00e7\u00e3o apareceu primeiro em ACidade ON Ribeir\u00e3o Preto.<\/p>\n<p><br \/>\n<br \/><a href=\"https:\/\/www.acidadeon.com\/ribeiraopreto\/lazer-e-cultura\/com-padre-marcelo-rossi-festival-hallel-comeca-nesta-sexta-feira-em-franca-veja-a-programacao\/\">Link para o texto original aqui <\/a><\/p>\n<!-- CONTENT END 1 -->\n","protected":false},"excerpt":{"rendered":"<p>O festival de m\u00fasica cat\u00f3lica Hallel come\u00e7a nesta sexta-feira (4) em Franca, no interior de S\u00e3o Paulo, e segue at\u00e9 a pr\u00f3xima segunda-feira (7). O&#8230;<\/p>\n","protected":false},"author":1,"featured_media":91108,"comment_status":"","ping_status":"","sticky":false,"template":"","format":"standard","meta":{"advanced_seo_description":"","jetpack_seo_html_title":"","jetpack_seo_noindex":false,"jetpack_seo_schema_type":"","_jetpack_newsletter_access":"","_jetpack_dont_email_post_to_subs":false,"_jetpack_newsletter_tier_id":0,"_jetpack_memberships_contains_paywalled_content":false,"_jetpack_feature_clip_id":0,"_jetpack_memberships_contains_paid_content":false,"footnotes":"","jetpack_publicize_message":"","jetpack_publicize_feature_enabled":true,"jetpack_social_post_already_shared":true,"jetpack_social_options":{"image_generator_settings":{"template":"highway","default_image_id":0,"font":"","enabled":false},"version":2},"jetpack_post_was_ever_published":false},"categories":[11],"tags":[206,141,957,8936,1583,207,3006,70,7239,1160,48],"class_list":["post-91107","post","type-post","status-publish","format-standard","has-post-thumbnail","hentry","category-noticias-de-ribeirao-preto-sp-e-regiao-ismael-colosi","tag-comeca","tag-festival","tag-franca","tag-hallel","tag-marcelo","tag-nesta","tag-padre","tag-programacao","tag-rossi","tag-sextafeira","tag-veja"],"jetpack_publicize_connections":[],"jetpack-related-posts":[{"id":57652,"url":"https:\/\/noticiasribeiraopreto.com.br\/index.php\/2024\/09\/06\/padre-marcelo-rossi-realiza-missa-em-festival-catolico-na-regiao-de-ribeirao\/","url_meta":{"origin":91107,"position":0},"title":"Padre Marcelo Rossi realiza missa em festival cat\u00f3lico na regi\u00e3o de Ribeir\u00e3o","author":"noticiasribeiraopreto.com.br","date":"6 de September de 2024","format":false,"excerpt":"Com mais de 350 atra\u00e7\u00f5es entre padres, m\u00fasicos e pregadores, a 37\u00aa edi\u00e7\u00e3o do Hallel Franca, um dos maiores festivais cat\u00f3licos da Am\u00e9rica Latina come\u00e7a nesta sexta-feira (6) e segue at\u00e9 domingo (8), no Parque de Exposi\u00e7\u00f5es \u201cFernando Costa\u201d, em Franca, na regi\u00e3o de Ribeir\u00e3o Preto. O tema desta edi\u00e7\u00e3o\u2026","rel":"","context":"In &quot;Not\u00edcias de Ribeir\u00e3o Preto-SP e Regi\u00e3o&quot;","block_context":{"text":"Not\u00edcias de Ribeir\u00e3o Preto-SP e Regi\u00e3o","link":"https:\/\/noticiasribeiraopreto.com.br\/index.php\/category\/noticias-de-ribeirao-preto-sp-e-regiao-ismael-colosi\/"},"img":{"alt_text":"","src":"https:\/\/i0.wp.com\/noticiasribeiraopreto.com.br\/wp-content\/uploads\/2024\/09\/WhatsApp-Image-2024-09-06-at-09.37.29_2024-09-06_14-25-57_jpeg_2024-09-06_14-25-57.webp.webp?fit=800%2C533&ssl=1&resize=350%2C200","width":350,"height":200,"srcset":"https:\/\/i0.wp.com\/noticiasribeiraopreto.com.br\/wp-content\/uploads\/2024\/09\/WhatsApp-Image-2024-09-06-at-09.37.29_2024-09-06_14-25-57_jpeg_2024-09-06_14-25-57.webp.webp?fit=800%2C533&ssl=1&resize=350%2C200 1x, https:\/\/i0.wp.com\/noticiasribeiraopreto.com.br\/wp-content\/uploads\/2024\/09\/WhatsApp-Image-2024-09-06-at-09.37.29_2024-09-06_14-25-57_jpeg_2024-09-06_14-25-57.webp.webp?fit=800%2C533&ssl=1&resize=525%2C300 1.5x, https:\/\/i0.wp.com\/noticiasribeiraopreto.com.br\/wp-content\/uploads\/2024\/09\/WhatsApp-Image-2024-09-06-at-09.37.29_2024-09-06_14-25-57_jpeg_2024-09-06_14-25-57.webp.webp?fit=800%2C533&ssl=1&resize=700%2C400 2x"},"classes":[]},{"id":77121,"url":"https:\/\/noticiasribeiraopreto.com.br\/index.php\/2025\/09\/11\/hallel-franca-2025-comeca-nesta-sexta-confira-a-programacao\/","url_meta":{"origin":91107,"position":1},"title":"Hallel Franca 2025 come\u00e7a nesta sexta; confira a programa\u00e7\u00e3o","author":"noticiasribeiraopreto.com.br","date":"11 de September de 2025","format":false,"excerpt":"O Hallel Franca 2025, um dos maiores festivais de m\u00fasica cat\u00f3lica da Am\u00e9rica Latina, tem in\u00edcio nesta sexta-feira (12) e segue at\u00e9 domingo (14), no Parque de Exposi\u00e7\u00f5es Fernando Costa, em Franca. A entrada \u00e9 gratuita, e o evento conta com shows, prega\u00e7\u00f5es, missas, confiss\u00f5es, capela e mais. O tema\u2026","rel":"","context":"In &quot;Not\u00edcias de Ribeir\u00e3o Preto-SP e Regi\u00e3o&quot;","block_context":{"text":"Not\u00edcias de Ribeir\u00e3o Preto-SP e Regi\u00e3o","link":"https:\/\/noticiasribeiraopreto.com.br\/index.php\/category\/noticias-de-ribeirao-preto-sp-e-regiao-ismael-colosi\/"},"img":{"alt_text":"","src":"https:\/\/i0.wp.com\/noticiasribeiraopreto.com.br\/wp-content\/uploads\/2025\/09\/WhatsApp-Image-2025-09-11-at-12.44.59_2025-09-11_15-45-49.webp.webp?fit=1200%2C774&ssl=1&resize=350%2C200","width":350,"height":200,"srcset":"https:\/\/i0.wp.com\/noticiasribeiraopreto.com.br\/wp-content\/uploads\/2025\/09\/WhatsApp-Image-2025-09-11-at-12.44.59_2025-09-11_15-45-49.webp.webp?fit=1200%2C774&ssl=1&resize=350%2C200 1x, https:\/\/i0.wp.com\/noticiasribeiraopreto.com.br\/wp-content\/uploads\/2025\/09\/WhatsApp-Image-2025-09-11-at-12.44.59_2025-09-11_15-45-49.webp.webp?fit=1200%2C774&ssl=1&resize=525%2C300 1.5x, https:\/\/i0.wp.com\/noticiasribeiraopreto.com.br\/wp-content\/uploads\/2025\/09\/WhatsApp-Image-2025-09-11-at-12.44.59_2025-09-11_15-45-49.webp.webp?fit=1200%2C774&ssl=1&resize=700%2C400 2x, https:\/\/i0.wp.com\/noticiasribeiraopreto.com.br\/wp-content\/uploads\/2025\/09\/WhatsApp-Image-2025-09-11-at-12.44.59_2025-09-11_15-45-49.webp.webp?fit=1200%2C774&ssl=1&resize=1050%2C600 3x"},"classes":[]},{"id":81583,"url":"https:\/\/noticiasribeiraopreto.com.br\/index.php\/2026\/01\/10\/padre-marcelo-rossi-lanca-livros-com-sessao-de-autografos-em-ribeirao-preto\/","url_meta":{"origin":91107,"position":2},"title":"Padre Marcelo Rossi lan\u00e7a livros com sess\u00e3o de aut\u00f3grafos em Ribeir\u00e3o Preto","author":"noticiasribeiraopreto.com.br","date":"10 de January de 2026","format":false,"excerpt":"No dia 14 de janeiro, o sacerdote, cantor e escritor Padre Marcelo Rossi estar\u00e1 no Shopping Iguatemi Ribeir\u00e3o Preto para lan\u00e7ar seus livros \u201cP\u00edlulas de F\u00e9 e Sabedoria\u201d e \u201cBatismo no Esp\u00edrito\u201d e autografar exemplares para o p\u00fablico. O evento acontece das 10h \u00e0s 22h, em parceria com a Livraria\u2026","rel":"","context":"In &quot;Not\u00edcias de Ribeir\u00e3o Preto-SP e Regi\u00e3o&quot;","block_context":{"text":"Not\u00edcias de Ribeir\u00e3o Preto-SP e Regi\u00e3o","link":"https:\/\/noticiasribeiraopreto.com.br\/index.php\/category\/noticias-de-ribeirao-preto-sp-e-regiao-ismael-colosi\/"},"img":{"alt_text":"","src":"https:\/\/i0.wp.com\/noticiasribeiraopreto.com.br\/wp-content\/uploads\/2026\/01\/SnapInsta-Ai_3738926050207440565_2026-01-09_17-55-12.webp.webp?fit=1080%2C720&ssl=1&resize=350%2C200","width":350,"height":200,"srcset":"https:\/\/i0.wp.com\/noticiasribeiraopreto.com.br\/wp-content\/uploads\/2026\/01\/SnapInsta-Ai_3738926050207440565_2026-01-09_17-55-12.webp.webp?fit=1080%2C720&ssl=1&resize=350%2C200 1x, https:\/\/i0.wp.com\/noticiasribeiraopreto.com.br\/wp-content\/uploads\/2026\/01\/SnapInsta-Ai_3738926050207440565_2026-01-09_17-55-12.webp.webp?fit=1080%2C720&ssl=1&resize=525%2C300 1.5x, https:\/\/i0.wp.com\/noticiasribeiraopreto.com.br\/wp-content\/uploads\/2026\/01\/SnapInsta-Ai_3738926050207440565_2026-01-09_17-55-12.webp.webp?fit=1080%2C720&ssl=1&resize=700%2C400 2x, https:\/\/i0.wp.com\/noticiasribeiraopreto.com.br\/wp-content\/uploads\/2026\/01\/SnapInsta-Ai_3738926050207440565_2026-01-09_17-55-12.webp.webp?fit=1080%2C720&ssl=1&resize=1050%2C600 3x"},"classes":[]},{"id":31153,"url":"https:\/\/noticiasribeiraopreto.com.br\/index.php\/2024\/01\/21\/top-10-musicas-catolicas-mais-tocadas-do-brasil-em-2024\/","url_meta":{"origin":91107,"position":3},"title":"Top 10 m\u00fasicas Cat\u00f3licas mais tocadas do Brasil em 2024","author":"noticiasribeiraopreto.com.br","date":"21 de January de 2024","format":false,"excerpt":"Confira as top m\u00fasicas cat\u00f3licas mais tocadas. Ou\u00e7a as melhores m\u00fasicas cat\u00f3licas mais tocadas nas r\u00e1dios do Brasil e consequentemente no Youtube. S\u00e3o os maiores sucessos do g\u00eanero cat\u00f3lico que s\u00e3o mais ouvidas tanto nas r\u00e1dios, como nas missas, nas igrejas e na internet. Portanto, aproveite para ouvir o top\u2026","rel":"","context":"In &quot;Blog&quot;","block_context":{"text":"Blog","link":"https:\/\/noticiasribeiraopreto.com.br\/index.php\/category\/blog\/"},"img":{"alt_text":"","src":"https:\/\/i0.wp.com\/noticiasribeiraopreto.com.br\/wp-content\/uploads\/2024\/01\/Musicas-catolicas-mais-tocadas.jpg?fit=1200%2C799&ssl=1&resize=350%2C200","width":350,"height":200,"srcset":"https:\/\/i0.wp.com\/noticiasribeiraopreto.com.br\/wp-content\/uploads\/2024\/01\/Musicas-catolicas-mais-tocadas.jpg?fit=1200%2C799&ssl=1&resize=350%2C200 1x, https:\/\/i0.wp.com\/noticiasribeiraopreto.com.br\/wp-content\/uploads\/2024\/01\/Musicas-catolicas-mais-tocadas.jpg?fit=1200%2C799&ssl=1&resize=525%2C300 1.5x, https:\/\/i0.wp.com\/noticiasribeiraopreto.com.br\/wp-content\/uploads\/2024\/01\/Musicas-catolicas-mais-tocadas.jpg?fit=1200%2C799&ssl=1&resize=700%2C400 2x, https:\/\/i0.wp.com\/noticiasribeiraopreto.com.br\/wp-content\/uploads\/2024\/01\/Musicas-catolicas-mais-tocadas.jpg?fit=1200%2C799&ssl=1&resize=1050%2C600 3x"},"classes":[]},{"id":77156,"url":"https:\/\/noticiasribeiraopreto.com.br\/index.php\/2025\/09\/12\/fim-de-semana-em-ribeirao-preto-e-regiao-tem-muita-musica-stand-up-e-gastronomia-confira\/","url_meta":{"origin":91107,"position":4},"title":"Fim de semana em Ribeir\u00e3o Preto e regi\u00e3o tem muita m\u00fasica, stand-up e gastronomia; Confira","author":"noticiasribeiraopreto.com.br","date":"12 de September de 2025","format":false,"excerpt":"Shows, espet\u00e1culos teatrais e festivais gastron\u00f4micos est\u00e3o entre as atra\u00e7\u00f5es do fim de semana em Ribeir\u00e3o Preto e regi\u00e3o. A programa\u00e7\u00e3o re\u00fane atividades gratuitas e pagas para quem deseja aproveitar fora de casa. Os destaques s\u00e3o: nesta sexta-feira (12), a banda Lagum se apresenta em Ribeir\u00e3o Preto, a m\u00fasica continua\u2026","rel":"","context":"In &quot;Not\u00edcias de Ribeir\u00e3o Preto-SP e Regi\u00e3o&quot;","block_context":{"text":"Not\u00edcias de Ribeir\u00e3o Preto-SP e Regi\u00e3o","link":"https:\/\/noticiasribeiraopreto.com.br\/index.php\/category\/noticias-de-ribeirao-preto-sp-e-regiao-ismael-colosi\/"},"img":{"alt_text":"","src":"https:\/\/i0.wp.com\/noticiasribeiraopreto.com.br\/wp-content\/uploads\/2025\/09\/Copia-de-Copia-de-Copia-de-TAMANHO-EXATO-PARA-FOTOS-NO-SISTEMA-NOVO-2_2025-09-12_13-06-01.webp.webp?fit=1200%2C675&ssl=1&resize=350%2C200","width":350,"height":200,"srcset":"https:\/\/i0.wp.com\/noticiasribeiraopreto.com.br\/wp-content\/uploads\/2025\/09\/Copia-de-Copia-de-Copia-de-TAMANHO-EXATO-PARA-FOTOS-NO-SISTEMA-NOVO-2_2025-09-12_13-06-01.webp.webp?fit=1200%2C675&ssl=1&resize=350%2C200 1x, https:\/\/i0.wp.com\/noticiasribeiraopreto.com.br\/wp-content\/uploads\/2025\/09\/Copia-de-Copia-de-Copia-de-TAMANHO-EXATO-PARA-FOTOS-NO-SISTEMA-NOVO-2_2025-09-12_13-06-01.webp.webp?fit=1200%2C675&ssl=1&resize=525%2C300 1.5x, https:\/\/i0.wp.com\/noticiasribeiraopreto.com.br\/wp-content\/uploads\/2025\/09\/Copia-de-Copia-de-Copia-de-TAMANHO-EXATO-PARA-FOTOS-NO-SISTEMA-NOVO-2_2025-09-12_13-06-01.webp.webp?fit=1200%2C675&ssl=1&resize=700%2C400 2x, https:\/\/i0.wp.com\/noticiasribeiraopreto.com.br\/wp-content\/uploads\/2025\/09\/Copia-de-Copia-de-Copia-de-TAMANHO-EXATO-PARA-FOTOS-NO-SISTEMA-NOVO-2_2025-09-12_13-06-01.webp.webp?fit=1200%2C675&ssl=1&resize=1050%2C600 3x"},"classes":[]},{"id":70172,"url":"https:\/\/noticiasribeiraopreto.com.br\/index.php\/2025\/05\/23\/jornal-da-franca-franca-tem-apresentacoes-musicais-gratuitas-neste-fim-de-semana-veja-programacao\/","url_meta":{"origin":91107,"position":5},"title":"Jornal da Franca &#8211; Franca tem apresenta\u00e7\u00f5es musicais gratuitas neste fim de semana; veja programa\u00e7\u00e3o!","author":"noticiasribeiraopreto.com.br","date":"23 de May de 2025","format":false,"excerpt":"compartilhar no whatsapp compartilhar no telegram compartilhar no facebook compartilhar no linkedin Grupo Memory, Tiago Bertoloni e Paulo Gimenes se apresentam de sexta a domingo na rodovi\u00e1ria e Poliesportivo Tiago Bertoloni se apresenta neste s\u00e1bado a partir das 9h30 no Poliesportivo \u00a0 O projeto M\u00fasica ao Alcance de Todos retorna\u2026","rel":"","context":"In &quot;Not\u00edcias de Franca-SP&quot;","block_context":{"text":"Not\u00edcias de Franca-SP","link":"https:\/\/noticiasribeiraopreto.com.br\/index.php\/category\/noticias-de-ribeirao-preto-sp-e-regiao-ismael-colosi\/noticias-franca-sp\/"},"img":{"alt_text":"","src":"https:\/\/i0.wp.com\/noticiasribeiraopreto.com.br\/wp-content\/uploads\/2025\/05\/tiago-bertoloni.jpeg?fit=1079%2C1074&ssl=1&resize=350%2C200","width":350,"height":200,"srcset":"https:\/\/i0.wp.com\/noticiasribeiraopreto.com.br\/wp-content\/uploads\/2025\/05\/tiago-bertoloni.jpeg?fit=1079%2C1074&ssl=1&resize=350%2C200 1x, https:\/\/i0.wp.com\/noticiasribeiraopreto.com.br\/wp-content\/uploads\/2025\/05\/tiago-bertoloni.jpeg?fit=1079%2C1074&ssl=1&resize=525%2C300 1.5x, https:\/\/i0.wp.com\/noticiasribeiraopreto.com.br\/wp-content\/uploads\/2025\/05\/tiago-bertoloni.jpeg?fit=1079%2C1074&ssl=1&resize=700%2C400 2x, https:\/\/i0.wp.com\/noticiasribeiraopreto.com.br\/wp-content\/uploads\/2025\/05\/tiago-bertoloni.jpeg?fit=1079%2C1074&ssl=1&resize=1050%2C600 3x"},"classes":[]}],"jetpack_sharing_enabled":true,"jetpack_shortlink":"https:\/\/wp.me\/peQAOb-nHt","jetpack_featured_media_url":"https:\/\/i0.wp.com\/noticiasribeiraopreto.com.br\/wp-content\/uploads\/2026\/09\/hallel-2026-4-1-1024x683.jpg?fit=1024%2C683&ssl=1","_links":{"self":[{"href":"https:\/\/noticiasribeiraopreto.com.br\/index.php\/wp-json\/wp\/v2\/posts\/91107","targetHints":{"allow":["GET"]}}],"collection":[{"href":"https:\/\/noticiasribeiraopreto.com.br\/index.php\/wp-json\/wp\/v2\/posts"}],"about":[{"href":"https:\/\/noticiasribeiraopreto.com.br\/index.php\/wp-json\/wp\/v2\/types\/post"}],"author":[{"embeddable":true,"href":"https:\/\/noticiasribeiraopreto.com.br\/index.php\/wp-json\/wp\/v2\/users\/1"}],"replies":[{"embeddable":true,"href":"https:\/\/noticiasribeiraopreto.com.br\/index.php\/wp-json\/wp\/v2\/comments?post=91107"}],"version-history":[{"count":0,"href":"https:\/\/noticiasribeiraopreto.com.br\/index.php\/wp-json\/wp\/v2\/posts\/91107\/revisions"}],"wp:featuredmedia":[{"embeddable":true,"href":"https:\/\/noticiasribeiraopreto.com.br\/index.php\/wp-json\/wp\/v2\/media\/91108"}],"wp:attachment":[{"href":"https:\/\/noticiasribeiraopreto.com.br\/index.php\/wp-json\/wp\/v2\/media?parent=91107"}],"wp:term":[{"taxonomy":"category","embeddable":true,"href":"https:\/\/noticiasribeiraopreto.com.br\/index.php\/wp-json\/wp\/v2\/categories?post=91107"},{"taxonomy":"post_tag","embeddable":true,"href":"https:\/\/noticiasribeiraopreto.com.br\/index.php\/wp-json\/wp\/v2\/tags?post=91107"}],"curies":[{"name":"wp","href":"https:\/\/api.w.org\/{rel}","templated":true}]}}