{"id":91109,"date":"2026-09-04T13:53:35","date_gmt":"2026-09-04T16:53:35","guid":{"rendered":"https:\/\/noticiasribeiraopreto.com.br\/index.php\/2026\/09\/04\/desfile-de-7-desetembro-altera-transito-em-ribeirao-preto-veja-interdicoes\/"},"modified":"2026-09-04T13:53:35","modified_gmt":"2026-09-04T16:53:35","slug":"desfile-de-7-desetembro-altera-transito-em-ribeirao-preto-veja-interdicoes","status":"publish","type":"post","link":"https:\/\/noticiasribeiraopreto.com.br\/index.php\/2026\/09\/04\/desfile-de-7-desetembro-altera-transito-em-ribeirao-preto-veja-interdicoes\/","title":{"rendered":"Desfile de 7 de Setembro altera tr\u00e2nsito em Ribeir\u00e3o Preto; veja interdi\u00e7\u00f5es"},"content":{"rendered":"<div class='code-block code-block-1' style='margin: 8px 0 8px auto; text-align: right; display: block; clear: both;'>\n<p><a href=\"https:\/\/wa.link\/vpicfd\"><img data-recalc-dims=\"1\" class=\"wp-image-4922\" style=\"aspect-ratio: 2.0253164556962027; width: 561px; height: auto;\" src=\"https:\/\/i0.wp.com\/ismaelcolosi.com.br\/wp-content\/uploads\/2023\/11\/grupo-de-empregos-whatsapp-e-facebook-ismael-colosi-vagas.jpg?ssl=1\" alt=\"\" \/><\/a><\/p>\n<!-- \/wp:image -->\n<\/div>\n<p> <br \/>\n<\/p>\n<p>O <strong>desfile c\u00edvico de 7 de Setembro vai provocar mudan\u00e7as no tr\u00e2nsito de Ribeir\u00e3o Preto <\/strong>na pr\u00f3xima segunda-feira (7). A RP Mobi vai interditar a<strong> avenida Cavalheiro Paschoal Innechi<\/strong>, nos dois sentidos, e vias pr\u00f3ximas ao local do evento, no<strong> Jardim Independ\u00eancia.<\/strong><\/p>\n<div class=\"wp-block-rank-math-toc-block\" id=\"rank-math-toc\">\n<h2>Veja tamb\u00e9m<\/h2>\n<nav>\n<ul>\n<li class=\"\">Como acessar o Jardim Independ\u00eancia?<\/li>\n<li class=\"\">\u00d4nibus ter\u00e3o ve\u00edculos extras<\/li>\n<\/ul>\n<\/nav>\n<\/div>\n<p>Os bloqueios come\u00e7am \u00e0s 6h e permanecem at\u00e9 o encerramento do desfile. <strong>A programa\u00e7\u00e3o tem in\u00edcio \u00e0s 7h.<\/strong><\/p>\n<p>As vias paralelas \u00e0 avenida Cavalheiro Paschoal Innechi, no trecho entre a avenida Paris e a rua M\u00e9xico, tamb\u00e9m ter\u00e3o interdi\u00e7\u00f5es. O cruzamento das avenidas Coronel Quito Junqueira e Cavalheiro Paschoal Innechi ficar\u00e1 bloqueado durante a opera\u00e7\u00e3o.<\/p>\n<div class=\"wp-block-image\">\n<figure class=\"aligncenter size-large\"><\/figure>\n<\/div>\n<h2 class=\"wp-block-heading\" id=\"como-acessar-o-jardim-independencia\">Como acessar o Jardim Independ\u00eancia?<\/h2>\n<p>Motoristas que chegam da regi\u00e3o Central poder\u00e3o entrar no Jardim Independ\u00eancia pela rua Capit\u00e3o Os\u00f3rio Junqueira.<\/p>\n<p>Quem vem da regi\u00e3o Norte poder\u00e1 utilizar a rua M\u00e9xico para acessar o bairro. J\u00e1 o acesso \u00e0 avenida Meira J\u00fanior poder\u00e1 acontecer pela avenida Coronel Quito Junqueira, na regi\u00e3o do Educand\u00e1rio.<\/p>\n<div class=\"wp-block-image\">\n<figure class=\"aligncenter size-large\"><img data-recalc-dims=\"1\" loading=\"lazy\" decoding=\"async\" width=\"1024\" height=\"683\" src=\"https:\/\/i0.wp.com\/www.acidadeon.com\/ribeiraopreto\/wp-content\/uploads\/sites\/3\/2026\/05\/a.ok_.interdicao_domingo02_2026-05-14_19-36-53-1024x683.webp?resize=1024%2C683&#038;ssl=1\" alt=\"Interdi\u00e7\u00e3o no tr\u00e2nsito - Fotos: Divulga\u00e7\u00e3o\" class=\"wp-image-156291\" title=\"Desfile de 7 de Setembro altera tr\u00e2nsito em Ribeir\u00e3o Preto; veja interdi\u00e7\u00f5es 7\"><figcaption class=\"wp-element-caption\">Interdi\u00e7\u00e3o no tr\u00e2nsito \u2013 Fotos: Divulga\u00e7\u00e3o<\/p>\n<\/figcaption><\/figure>\n<\/div>\n<p>A RP Mobi recomenda que os motoristas evitem as proximidades do desfile e utilizem rotas alternativas durante o per\u00edodo de interdi\u00e7\u00e3o.<\/p>\n<div class=\"wp-block-image\">\n<figure class=\"aligncenter size-large\"><img data-recalc-dims=\"1\" loading=\"lazy\" decoding=\"async\" width=\"1024\" height=\"576\" src=\"https:\/\/i0.wp.com\/www.acidadeon.com\/ribeiraopreto\/wp-content\/uploads\/sites\/3\/2026\/09\/desfile-setembro-1024x576.jpg?resize=1024%2C576&#038;ssl=1\" alt=\"desfile setembro\" class=\"wp-image-173721\" title=\"Desfile de 7 de Setembro altera tr\u00e2nsito em Ribeir\u00e3o Preto; veja interdi\u00e7\u00f5es 8\"><figcaption class=\"wp-element-caption\">Foto: Guilherme Sircili<\/figcaption><\/figure>\n<\/div>\n<p><em>Receba not\u00edcias do\u00a0<strong>acidade on Ribeir\u00e3o\u00a0<\/strong>no WhatsApp e fique por dentro de tudo! Basta acessar o link<a href=\"https:\/\/chat.whatsapp.com\/DfXwcjKVIddHUT3BvnQuPZ?mode=hqctshi\" target=\"_blank\" rel=\"noreferrer noopener\">\u00a0aqui<\/a>!<\/em><\/p>\n<h2 class=\"wp-block-heading\" id=\"onibus-terao-veiculos-extras\">\u00d4nibus ter\u00e3o ve\u00edculos extras<\/h2>\n<p>As altera\u00e7\u00f5es tamb\u00e9m v\u00e3o afetar o transporte coletivo urbano. As linhas 102 (Jardim Independ\u00eancia), 202 (Jardim Iara), 220 (Parque de Exposi\u00e7\u00f5es), 199 (Circular 1), 299 (Circular 2), 399 (Circular 3) e 902 (Norte-Sul 2) ter\u00e3o ve\u00edculos extras entre 6h e 12h, conforme a demanda.<\/p>\n<div class=\"wp-block-image\">\n<figure class=\"aligncenter size-large\"><img data-recalc-dims=\"1\" loading=\"lazy\" decoding=\"async\" width=\"1024\" height=\"682\" src=\"https:\/\/i0.wp.com\/www.acidadeon.com\/ribeiraopreto\/wp-content\/uploads\/sites\/3\/2026\/07\/WhatsApp-Image-2026-07-23-at-15.31.37-1024x682.jpeg?resize=1024%2C682&#038;ssl=1\" alt=\"Foto: Divulga\u00e7\u00e3o\" class=\"wp-image-167333\" title=\"Desfile de 7 de Setembro altera tr\u00e2nsito em Ribeir\u00e3o Preto; veja interdi\u00e7\u00f5es 9\"><figcaption class=\"wp-element-caption\">Foto: Divulga\u00e7\u00e3o<\/figcaption><\/figure>\n<\/div>\n<p>Os \u00f4nibus seguir\u00e3o os mesmos desvios definidos para os demais ve\u00edculos.<\/p>\n<p class=\"has-text-align-center\"><em>Fa\u00e7a uma den\u00fancia ou sugira uma reportagem sobre\u00a0<strong>Ribeir\u00e3o Preto\u00a0<\/strong>e regi\u00e3o por meio do WhatsApp do\u00a0<strong>acidade on Ribeir\u00e3o<\/strong>: (16) 99117-7802.<\/em><\/p>\n<\/p>\n<p>O post Desfile de 7 de Setembro altera tr\u00e2nsito em Ribeir\u00e3o Preto; veja interdi\u00e7\u00f5es apareceu primeiro em ACidade ON Ribeir\u00e3o Preto.<\/p>\n<p><br \/>\n<br \/><a href=\"https:\/\/www.acidadeon.com\/ribeiraopreto\/cotidiano\/desfile-de-7-desetembro-altera-transito-em-ribeirao-preto-veja-interdicoes\/\">Link para o texto original aqui <\/a><\/p>\n<!-- CONTENT END 1 -->\n","protected":false},"excerpt":{"rendered":"<p>O desfile c\u00edvico de 7 de Setembro vai provocar mudan\u00e7as no tr\u00e2nsito de Ribeir\u00e3o Preto na pr\u00f3xima segunda-feira (7). A RP Mobi vai interditar a&#8230;<\/p>\n","protected":false},"author":1,"featured_media":91110,"comment_status":"","ping_status":"","sticky":false,"template":"","format":"standard","meta":{"advanced_seo_description":"","jetpack_seo_html_title":"","jetpack_seo_noindex":false,"jetpack_seo_schema_type":"","_jetpack_newsletter_access":"","_jetpack_dont_email_post_to_subs":false,"_jetpack_newsletter_tier_id":0,"_jetpack_memberships_contains_paywalled_content":false,"_jetpack_feature_clip_id":0,"_jetpack_memberships_contains_paid_content":false,"footnotes":"","jetpack_publicize_message":"","jetpack_publicize_feature_enabled":true,"jetpack_social_post_already_shared":true,"jetpack_social_options":{"image_generator_settings":{"template":"highway","default_image_id":0,"font":"","enabled":false},"version":2},"jetpack_post_was_ever_published":false},"categories":[11],"tags":[2614,3429,8937,680,27,26,3398,1092,48],"class_list":["post-91109","post","type-post","status-publish","format-standard","has-post-thumbnail","hentry","category-noticias-de-ribeirao-preto-sp-e-regiao-ismael-colosi","tag-altera","tag-desfile","tag-interd","tag-interdicoes","tag-preto","tag-ribeirao","tag-setembro","tag-transito","tag-veja"],"jetpack_publicize_connections":[],"jetpack-related-posts":[{"id":76832,"url":"https:\/\/noticiasribeiraopreto.com.br\/index.php\/2025\/09\/06\/veja-quais-ruas-de-ribeirao-preto-estarao-interditadas-para-o-desfile-de-7-de-setembro\/","url_meta":{"origin":91109,"position":0},"title":"Veja quais ruas de Ribeir\u00e3o Preto estar\u00e3o interditadas para o desfile de 7 de Setembro","author":"noticiasribeiraopreto.com.br","date":"6 de September de 2025","format":false,"excerpt":"A avenida Cavalheiro Paschoal Innechi, em Ribeir\u00e3o Preto, ser\u00e1 interditada nos dois sentidos neste domingo (7), juntamente com as vias paralelas, em raz\u00e3o do desfile c\u00edvico do Dia da Independ\u00eancia do Brasil. De acordo com a RP Mobi, todas as vias paralelas \u00e0 avenida, entre a avenida Paris e a\u2026","rel":"","context":"In &quot;Not\u00edcias de Ribeir\u00e3o Preto-SP e Regi\u00e3o&quot;","block_context":{"text":"Not\u00edcias de Ribeir\u00e3o Preto-SP e Regi\u00e3o","link":"https:\/\/noticiasribeiraopreto.com.br\/index.php\/category\/noticias-de-ribeirao-preto-sp-e-regiao-ismael-colosi\/"},"img":{"alt_text":"","src":"https:\/\/i0.wp.com\/noticiasribeiraopreto.com.br\/wp-content\/uploads\/2025\/09\/7-de-setembro_2024-09-07_12-22-06_jpeg_2024-09-07_12-22-06.webp.webp?fit=1200%2C900&ssl=1&resize=350%2C200","width":350,"height":200,"srcset":"https:\/\/i0.wp.com\/noticiasribeiraopreto.com.br\/wp-content\/uploads\/2025\/09\/7-de-setembro_2024-09-07_12-22-06_jpeg_2024-09-07_12-22-06.webp.webp?fit=1200%2C900&ssl=1&resize=350%2C200 1x, https:\/\/i0.wp.com\/noticiasribeiraopreto.com.br\/wp-content\/uploads\/2025\/09\/7-de-setembro_2024-09-07_12-22-06_jpeg_2024-09-07_12-22-06.webp.webp?fit=1200%2C900&ssl=1&resize=525%2C300 1.5x, https:\/\/i0.wp.com\/noticiasribeiraopreto.com.br\/wp-content\/uploads\/2025\/09\/7-de-setembro_2024-09-07_12-22-06_jpeg_2024-09-07_12-22-06.webp.webp?fit=1200%2C900&ssl=1&resize=700%2C400 2x, https:\/\/i0.wp.com\/noticiasribeiraopreto.com.br\/wp-content\/uploads\/2025\/09\/7-de-setembro_2024-09-07_12-22-06_jpeg_2024-09-07_12-22-06.webp.webp?fit=1200%2C900&ssl=1&resize=1050%2C600 3x"},"classes":[]},{"id":57680,"url":"https:\/\/noticiasribeiraopreto.com.br\/index.php\/2024\/09\/06\/vias-da-zona-norte-serao-interditadas-para-desfile-civico-em-ribeirao-veja-quais\/","url_meta":{"origin":91109,"position":1},"title":"Vias da zona Norte ser\u00e3o interditadas para desfile c\u00edvico em Ribeir\u00e3o; Veja quais","author":"noticiasribeiraopreto.com.br","date":"6 de September de 2024","format":false,"excerpt":"A RP Mobi far\u00e1 neste s\u00e1bado (7) a interdi\u00e7\u00e3o de vias do Jardim Independ\u00eancia, na zona Norte de Ribeir\u00e3o Preto, a partir das 6h, devido ao desfile c\u00edvico do Dia da Independ\u00eancia do Brasil. Neste ano, o evento come\u00e7ar\u00e1 mais cedo, \u00e0s 7h, por causa das condi\u00e7\u00f5es clim\u00e1ticas e calor\u2026","rel":"","context":"In &quot;Not\u00edcias de Ribeir\u00e3o Preto-SP e Regi\u00e3o&quot;","block_context":{"text":"Not\u00edcias de Ribeir\u00e3o Preto-SP e Regi\u00e3o","link":"https:\/\/noticiasribeiraopreto.com.br\/index.php\/category\/noticias-de-ribeirao-preto-sp-e-regiao-ismael-colosi\/"},"img":{"alt_text":"","src":"https:\/\/i0.wp.com\/noticiasribeiraopreto.com.br\/wp-content\/uploads\/2024\/09\/7_de_setembro_fernando_gonzaga_3.jpeg?fit=1200%2C800&ssl=1&resize=350%2C200","width":350,"height":200,"srcset":"https:\/\/i0.wp.com\/noticiasribeiraopreto.com.br\/wp-content\/uploads\/2024\/09\/7_de_setembro_fernando_gonzaga_3.jpeg?fit=1200%2C800&ssl=1&resize=350%2C200 1x, https:\/\/i0.wp.com\/noticiasribeiraopreto.com.br\/wp-content\/uploads\/2024\/09\/7_de_setembro_fernando_gonzaga_3.jpeg?fit=1200%2C800&ssl=1&resize=525%2C300 1.5x, https:\/\/i0.wp.com\/noticiasribeiraopreto.com.br\/wp-content\/uploads\/2024\/09\/7_de_setembro_fernando_gonzaga_3.jpeg?fit=1200%2C800&ssl=1&resize=700%2C400 2x, https:\/\/i0.wp.com\/noticiasribeiraopreto.com.br\/wp-content\/uploads\/2024\/09\/7_de_setembro_fernando_gonzaga_3.jpeg?fit=1200%2C800&ssl=1&resize=1050%2C600 3x"},"classes":[]},{"id":57682,"url":"https:\/\/noticiasribeiraopreto.com.br\/index.php\/2024\/09\/07\/ribeirao-preto-realiza-desfile-em-comemoracao-aos-202-anos-da-independencia-do-brasil\/","url_meta":{"origin":91109,"position":2},"title":"Ribeir\u00e3o Preto realiza desfile em comemora\u00e7\u00e3o aos 202 anos da Independ\u00eancia do Brasil","author":"noticiasribeiraopreto.com.br","date":"7 de September de 2024","format":false,"excerpt":"Foi realizado em Ribeir\u00e3o Preto na manh\u00e3 deste s\u00e1bado, o desfile de 7 de Setembro, em comemora\u00e7\u00e3o aos 202 anos da Independ\u00eancia do Brasil. O desfile come\u00e7ou por volta das 7h e aconteceu na avenida Cavalheiro Paschoal Innechi, no Jardim Independ\u00eancia. VEJA O V\u00cdDEO Ver essa foto no Instagram Uma\u2026","rel":"","context":"In &quot;Not\u00edcias de Ribeir\u00e3o Preto-SP e Regi\u00e3o&quot;","block_context":{"text":"Not\u00edcias de Ribeir\u00e3o Preto-SP e Regi\u00e3o","link":"https:\/\/noticiasribeiraopreto.com.br\/index.php\/category\/noticias-de-ribeirao-preto-sp-e-regiao-ismael-colosi\/"},"img":{"alt_text":"","src":"https:\/\/i0.wp.com\/noticiasribeiraopreto.com.br\/wp-content\/uploads\/2024\/09\/7-de-setembro_2024-09-07_12-22-06_jpeg_2024-09-07_12-22-06.webp.webp?fit=1200%2C900&ssl=1&resize=350%2C200","width":350,"height":200,"srcset":"https:\/\/i0.wp.com\/noticiasribeiraopreto.com.br\/wp-content\/uploads\/2024\/09\/7-de-setembro_2024-09-07_12-22-06_jpeg_2024-09-07_12-22-06.webp.webp?fit=1200%2C900&ssl=1&resize=350%2C200 1x, https:\/\/i0.wp.com\/noticiasribeiraopreto.com.br\/wp-content\/uploads\/2024\/09\/7-de-setembro_2024-09-07_12-22-06_jpeg_2024-09-07_12-22-06.webp.webp?fit=1200%2C900&ssl=1&resize=525%2C300 1.5x, https:\/\/i0.wp.com\/noticiasribeiraopreto.com.br\/wp-content\/uploads\/2024\/09\/7-de-setembro_2024-09-07_12-22-06_jpeg_2024-09-07_12-22-06.webp.webp?fit=1200%2C900&ssl=1&resize=700%2C400 2x, https:\/\/i0.wp.com\/noticiasribeiraopreto.com.br\/wp-content\/uploads\/2024\/09\/7-de-setembro_2024-09-07_12-22-06_jpeg_2024-09-07_12-22-06.webp.webp?fit=1200%2C900&ssl=1&resize=1050%2C600 3x"},"classes":[]},{"id":76861,"url":"https:\/\/noticiasribeiraopreto.com.br\/index.php\/2025\/09\/07\/ribeirao-celebra-203-anos-da-independencia-do-brasil-com-desfile-civico-veja-video\/","url_meta":{"origin":91109,"position":3},"title":"Ribeir\u00e3o celebra 203 anos da Independ\u00eancia do Brasil com desfile c\u00edvico; Veja v\u00eddeo","author":"noticiasribeiraopreto.com.br","date":"7 de September de 2025","format":false,"excerpt":"A manh\u00e3 deste domingo (7) em Ribeir\u00e3o Preto foi marcada pela comemora\u00e7\u00e3o dos 203 anos da Independ\u00eancia do Brasil, com a realiza\u00e7\u00e3o do tradicional desfile c\u00edvico \u2013 veja v\u00eddeo abaixo. O evento teve in\u00edcio por volta das 8h30, na avenida Cavalheiro Paschoal Innechi, localizada no Jardim Independ\u00eancia. Organizado pela GCM\u2026","rel":"","context":"In &quot;Not\u00edcias de Ribeir\u00e3o Preto-SP e Regi\u00e3o&quot;","block_context":{"text":"Not\u00edcias de Ribeir\u00e3o Preto-SP e Regi\u00e3o","link":"https:\/\/noticiasribeiraopreto.com.br\/index.php\/category\/noticias-de-ribeirao-preto-sp-e-regiao-ismael-colosi\/"},"img":{"alt_text":"","src":"https:\/\/i0.wp.com\/noticiasribeiraopreto.com.br\/wp-content\/uploads\/2025\/09\/WhatsApp-Image-2025-09-07-at-10.55.41_2025-09-07_14-00-19.webp.webp?fit=1200%2C900&ssl=1&resize=350%2C200","width":350,"height":200,"srcset":"https:\/\/i0.wp.com\/noticiasribeiraopreto.com.br\/wp-content\/uploads\/2025\/09\/WhatsApp-Image-2025-09-07-at-10.55.41_2025-09-07_14-00-19.webp.webp?fit=1200%2C900&ssl=1&resize=350%2C200 1x, https:\/\/i0.wp.com\/noticiasribeiraopreto.com.br\/wp-content\/uploads\/2025\/09\/WhatsApp-Image-2025-09-07-at-10.55.41_2025-09-07_14-00-19.webp.webp?fit=1200%2C900&ssl=1&resize=525%2C300 1.5x, https:\/\/i0.wp.com\/noticiasribeiraopreto.com.br\/wp-content\/uploads\/2025\/09\/WhatsApp-Image-2025-09-07-at-10.55.41_2025-09-07_14-00-19.webp.webp?fit=1200%2C900&ssl=1&resize=700%2C400 2x, https:\/\/i0.wp.com\/noticiasribeiraopreto.com.br\/wp-content\/uploads\/2025\/09\/WhatsApp-Image-2025-09-07-at-10.55.41_2025-09-07_14-00-19.webp.webp?fit=1200%2C900&ssl=1&resize=1050%2C600 3x"},"classes":[]},{"id":76577,"url":"https:\/\/noticiasribeiraopreto.com.br\/index.php\/2025\/09\/01\/ribeirao-preto-celebra-7-de-setembro-com-desfile-civico-e-mais-de-40-grupos-participantes\/","url_meta":{"origin":91109,"position":4},"title":"Ribeir\u00e3o Preto celebra 7 de Setembro com desfile c\u00edvico e mais de 40 grupos participantes","author":"noticiasribeiraopreto.com.br","date":"1 de September de 2025","format":false,"excerpt":"O tradicional desfile c\u00edvico de 7 de setembro, em Ribeir\u00e3o Preto, acontece no domingo (7) a partir das 8h, na avenida Cavalheiro Paschoal Inecchi, no Jardim Independ\u00eancia, zona Norte da cidade. O evento celebra os 203 anos da Independ\u00eancia do Brasil e deve reunir cerca de 2 mil participantes, al\u00e9m\u2026","rel":"","context":"In &quot;Not\u00edcias de Ribeir\u00e3o Preto-SP e Regi\u00e3o&quot;","block_context":{"text":"Not\u00edcias de Ribeir\u00e3o Preto-SP e Regi\u00e3o","link":"https:\/\/noticiasribeiraopreto.com.br\/index.php\/category\/noticias-de-ribeirao-preto-sp-e-regiao-ismael-colosi\/"},"img":{"alt_text":"","src":"https:\/\/i0.wp.com\/noticiasribeiraopreto.com.br\/wp-content\/uploads\/2025\/09\/7_de_setembro_fernando_gonzaga_3.jpeg?fit=1200%2C800&ssl=1&resize=350%2C200","width":350,"height":200,"srcset":"https:\/\/i0.wp.com\/noticiasribeiraopreto.com.br\/wp-content\/uploads\/2025\/09\/7_de_setembro_fernando_gonzaga_3.jpeg?fit=1200%2C800&ssl=1&resize=350%2C200 1x, https:\/\/i0.wp.com\/noticiasribeiraopreto.com.br\/wp-content\/uploads\/2025\/09\/7_de_setembro_fernando_gonzaga_3.jpeg?fit=1200%2C800&ssl=1&resize=525%2C300 1.5x, https:\/\/i0.wp.com\/noticiasribeiraopreto.com.br\/wp-content\/uploads\/2025\/09\/7_de_setembro_fernando_gonzaga_3.jpeg?fit=1200%2C800&ssl=1&resize=700%2C400 2x, https:\/\/i0.wp.com\/noticiasribeiraopreto.com.br\/wp-content\/uploads\/2025\/09\/7_de_setembro_fernando_gonzaga_3.jpeg?fit=1200%2C800&ssl=1&resize=1050%2C600 3x"},"classes":[]},{"id":57623,"url":"https:\/\/noticiasribeiraopreto.com.br\/index.php\/2024\/09\/05\/ribeirao-tera-desfile-civico-de-7-de-setembro-neste-sabado-veja-detalhes\/","url_meta":{"origin":91109,"position":5},"title":"Ribeir\u00e3o ter\u00e1 desfile c\u00edvico de 7 de setembro neste s\u00e1bado; veja detalhes","author":"noticiasribeiraopreto.com.br","date":"5 de September de 2024","format":false,"excerpt":"O tradicional desfile c\u00edvico de 7 de setembro, em Ribeir\u00e3o Preto, acontece neste s\u00e1bado (7) a partir das 7h, na avenida Cavalheiro Paschoal Inecchi, no Jardim Independ\u00eancia, zona Norte da cidade. Devido as condi\u00e7\u00f5es clim\u00e1ticas, o evento que sempre aconteceu \u00e0s 8h foi adiantado em uma hora e acontecer\u00e1 \u00e0s\u2026","rel":"","context":"In &quot;Not\u00edcias de Ribeir\u00e3o Preto-SP e Regi\u00e3o&quot;","block_context":{"text":"Not\u00edcias de Ribeir\u00e3o Preto-SP e Regi\u00e3o","link":"https:\/\/noticiasribeiraopreto.com.br\/index.php\/category\/noticias-de-ribeirao-preto-sp-e-regiao-ismael-colosi\/"},"img":{"alt_text":"","src":"https:\/\/i0.wp.com\/noticiasribeiraopreto.com.br\/wp-content\/uploads\/2024\/09\/WhatsApp-Image-2023-09-07-at-09.39.45_2024-09-05_19-27-19_jpeg_2024-09-05_19-27-19.webp.webp?fit=1200%2C675&ssl=1&resize=350%2C200","width":350,"height":200,"srcset":"https:\/\/i0.wp.com\/noticiasribeiraopreto.com.br\/wp-content\/uploads\/2024\/09\/WhatsApp-Image-2023-09-07-at-09.39.45_2024-09-05_19-27-19_jpeg_2024-09-05_19-27-19.webp.webp?fit=1200%2C675&ssl=1&resize=350%2C200 1x, https:\/\/i0.wp.com\/noticiasribeiraopreto.com.br\/wp-content\/uploads\/2024\/09\/WhatsApp-Image-2023-09-07-at-09.39.45_2024-09-05_19-27-19_jpeg_2024-09-05_19-27-19.webp.webp?fit=1200%2C675&ssl=1&resize=525%2C300 1.5x, https:\/\/i0.wp.com\/noticiasribeiraopreto.com.br\/wp-content\/uploads\/2024\/09\/WhatsApp-Image-2023-09-07-at-09.39.45_2024-09-05_19-27-19_jpeg_2024-09-05_19-27-19.webp.webp?fit=1200%2C675&ssl=1&resize=700%2C400 2x, https:\/\/i0.wp.com\/noticiasribeiraopreto.com.br\/wp-content\/uploads\/2024\/09\/WhatsApp-Image-2023-09-07-at-09.39.45_2024-09-05_19-27-19_jpeg_2024-09-05_19-27-19.webp.webp?fit=1200%2C675&ssl=1&resize=1050%2C600 3x"},"classes":[]}],"jetpack_sharing_enabled":true,"jetpack_shortlink":"https:\/\/wp.me\/peQAOb-nHv","jetpack_featured_media_url":"https:\/\/i0.wp.com\/noticiasribeiraopreto.com.br\/wp-content\/uploads\/2026\/09\/desfile-setembro-1.jpg?fit=1200%2C675&ssl=1","_links":{"self":[{"href":"https:\/\/noticiasribeiraopreto.com.br\/index.php\/wp-json\/wp\/v2\/posts\/91109","targetHints":{"allow":["GET"]}}],"collection":[{"href":"https:\/\/noticiasribeiraopreto.com.br\/index.php\/wp-json\/wp\/v2\/posts"}],"about":[{"href":"https:\/\/noticiasribeiraopreto.com.br\/index.php\/wp-json\/wp\/v2\/types\/post"}],"author":[{"embeddable":true,"href":"https:\/\/noticiasribeiraopreto.com.br\/index.php\/wp-json\/wp\/v2\/users\/1"}],"replies":[{"embeddable":true,"href":"https:\/\/noticiasribeiraopreto.com.br\/index.php\/wp-json\/wp\/v2\/comments?post=91109"}],"version-history":[{"count":0,"href":"https:\/\/noticiasribeiraopreto.com.br\/index.php\/wp-json\/wp\/v2\/posts\/91109\/revisions"}],"wp:featuredmedia":[{"embeddable":true,"href":"https:\/\/noticiasribeiraopreto.com.br\/index.php\/wp-json\/wp\/v2\/media\/91110"}],"wp:attachment":[{"href":"https:\/\/noticiasribeiraopreto.com.br\/index.php\/wp-json\/wp\/v2\/media?parent=91109"}],"wp:term":[{"taxonomy":"category","embeddable":true,"href":"https:\/\/noticiasribeiraopreto.com.br\/index.php\/wp-json\/wp\/v2\/categories?post=91109"},{"taxonomy":"post_tag","embeddable":true,"href":"https:\/\/noticiasribeiraopreto.com.br\/index.php\/wp-json\/wp\/v2\/tags?post=91109"}],"curies":[{"name":"wp","href":"https:\/\/api.w.org\/{rel}","templated":true}]}}