{"id":91113,"date":"2026-09-04T14:58:25","date_gmt":"2026-09-04T17:58:25","guid":{"rendered":"https:\/\/noticiasribeiraopreto.com.br\/index.php\/2026\/09\/04\/justica-mantem-prisao-de-acusada-de-tentar-matar-namorado-com-acai-envenenado\/"},"modified":"2026-09-04T14:58:25","modified_gmt":"2026-09-04T17:58:25","slug":"justica-mantem-prisao-de-acusada-de-tentar-matar-namorado-com-acai-envenenado","status":"publish","type":"post","link":"https:\/\/noticiasribeiraopreto.com.br\/index.php\/2026\/09\/04\/justica-mantem-prisao-de-acusada-de-tentar-matar-namorado-com-acai-envenenado\/","title":{"rendered":"Justi\u00e7a mant\u00e9m pris\u00e3o de acusada de tentar matar namorado com a\u00e7a\u00ed envenenado"},"content":{"rendered":"<div class='code-block code-block-1' style='margin: 8px 0 8px auto; text-align: right; display: block; clear: both;'>\n<p><a href=\"https:\/\/wa.link\/vpicfd\"><img data-recalc-dims=\"1\" class=\"wp-image-4922\" style=\"aspect-ratio: 2.0253164556962027; width: 561px; height: auto;\" src=\"https:\/\/i0.wp.com\/ismaelcolosi.com.br\/wp-content\/uploads\/2023\/11\/grupo-de-empregos-whatsapp-e-facebook-ismael-colosi-vagas.jpg?ssl=1\" alt=\"\" \/><\/a><\/p>\n<!-- \/wp:image -->\n<\/div>\n<p> <br \/>\n<\/p>\n<p>O <strong>Tribunal de Justi\u00e7a de S\u00e3o Paulo<\/strong> decidiu manter a pris\u00e3o preventiva de <strong>Larissa de Souza Batista<\/strong>, acusada de tentar matar o namorado, <strong>Adenilson Ferreira Parente<\/strong>, com a\u00e7a\u00ed envenenado. A decis\u00e3o aconteceu na quinta-feira (3), mesmo ap\u00f3s o Minist\u00e9rio P\u00fablico se manifestar favoravelmente \u00e0 liberdade da acusada a partir de um pedido apresentado pela defesa.<\/p>\n<div class=\"wp-block-rank-math-toc-block\" id=\"rank-math-toc\">\n<h2>Entenda<\/h2>\n<nav>\n<ul>\n<li class=\"\">Acusada nega tentativa de homic\u00eddio<\/li>\n<li class=\"\">Por que a Justi\u00e7a manteve a pris\u00e3o?<\/li>\n<li class=\"\">Relembre o caso<\/li>\n<\/ul>\n<\/nav>\n<\/div>\n<p><strong>Larissa est\u00e1 presa preventivamente na Penitenci\u00e1ria Feminina de Mogi Gua\u00e7u desde 15 de abril.<\/strong> Antes da pris\u00e3o, ela ficou foragida por dois dias e acabou localizada em um hotel em Ribeir\u00e3o Preto.<\/p>\n<p>A defesa de Larissa n\u00e3o havia se manifestado at\u00e9 a \u00faltima atualiza\u00e7\u00e3o.<\/p>\n<div class=\"wp-block-image\">\n<figure class=\"aligncenter size-full\"><figcaption class=\"wp-element-caption\">Foto: C\u00e2mera de seguran\u00e7a<\/figcaption><\/figure>\n<\/div>\n<h2 class=\"wp-block-heading\" id=\"acusada-nega-tentativa-de-homicidio\">Acusada nega tentativa de homic\u00eddio<\/h2>\n<p>Durante a audi\u00eancia de instru\u00e7\u00e3o realizada na ter\u00e7a-feira (1\u00ba), Larissa negou ter tentado matar Adenilson. Segundo a vers\u00e3o apresentada por ela \u00e0 Justi\u00e7a, o conte\u00fado registrado pelas c\u00e2meras de seguran\u00e7a no dia do caso mostrava a adi\u00e7\u00e3o de leite condensado extra ao a\u00e7a\u00ed, e n\u00e3o de uma subst\u00e2ncia t\u00f3xica.<\/p>\n<p>Larissa e Adenilson continuam em um relacionamento. Durante o depoimento, a v\u00edtima afirmou que acredita na vers\u00e3o apresentada pela namorada.<\/p>\n<div class=\"wp-block-image\">\n<figure class=\"aligncenter size-full\"><img data-recalc-dims=\"1\" loading=\"lazy\" decoding=\"async\" width=\"1000\" height=\"626\" src=\"https:\/\/i0.wp.com\/www.acidadeon.com\/ribeiraopreto\/wp-content\/uploads\/sites\/3\/2026\/09\/image-39.png?resize=1000%2C626&#038;ssl=1\" alt=\"justi\u00e7a\" class=\"wp-image-173589\" title=\"Justi\u00e7a mant\u00e9m pris\u00e3o de acusada de tentar matar namorado com a\u00e7a\u00ed envenenado 2\"><figcaption class=\"wp-element-caption\">Foto: Divulga\u00e7\u00e3o<\/figcaption><\/figure>\n<\/div>\n<p class=\"has-text-align-center has-small-font-size\"><em>Receba not\u00edcias do\u00a0<strong>acidade on Ribeir\u00e3o\u00a0<\/strong>no WhatsApp e fique por dentro de tudo! Basta acessar o link<a href=\"https:\/\/chat.whatsapp.com\/DfXwcjKVIddHUT3BvnQuPZ?mode=hqctshi\" target=\"_blank\" rel=\"noreferrer noopener\">\u00a0aqui<\/a>!<\/em><\/p>\n<h2 class=\"wp-block-heading\" id=\"por-que-a-justica-manteve-a-prisao\">Por que a Justi\u00e7a manteve a pris\u00e3o?<\/h2>\n<p>Na decis\u00e3o, a ju\u00edza Marta Rodrigues Maffeis apontou <strong>ind\u00edcios robustos de autoria<\/strong> e considerou o impacto do caso sobre terceiros, incluindo preju\u00edzos ao estabelecimento relacionado \u00e0 ocorr\u00eancia.<\/p>\n<p>A magistrada tamb\u00e9m citou o <strong>risco de interfer\u00eancia no processo e de destrui\u00e7\u00e3o de provas telem\u00e1ticas<\/strong>. Segundo a investiga\u00e7\u00e3o, o celular de Larissa foi formatado no mesmo dia em que a pol\u00edcia cumpriu o mandado de busca e apreens\u00e3o.<\/p>\n<p>Outro ponto considerado pela Justi\u00e7a foi o <strong>risco de fuga<\/strong>. Larissa teria usado um nome falso para se hospedar no hotel onde permaneceu escondida durante os dois dias em que ficou foragida.<\/p>\n<h2 class=\"wp-block-heading\" id=\"relembre-o-caso\">Relembre o caso<\/h2>\n<p>O caso aconteceu no dia 5 de fevereiro, quando Larissa foi at\u00e9 uma loja de a\u00e7a\u00ed na zona Leste de Ribeir\u00e3o Preto, retirar o pedido de dois copos de a\u00e7a\u00ed.<\/p>\n<p>Imagens de c\u00e2mera de seguran\u00e7a mostram que na porta da resid\u00eancia dos envolvidos, Larissa entrega um dos copos para Adenilson, que deixa o produto no ch\u00e3o e sai do local. Na sequ\u00eancia, as imagens mostram a mulher recolhendo o copo de a\u00e7a\u00ed do ch\u00e3o e entrando na resid\u00eancia.<\/p>\n<div class=\"wp-block-image\">\n<figure class=\"aligncenter size-full\"><img data-recalc-dims=\"1\" loading=\"lazy\" decoding=\"async\" width=\"984\" height=\"553\" src=\"https:\/\/i0.wp.com\/www.acidadeon.com\/ribeiraopreto\/wp-content\/uploads\/sites\/3\/2026\/04\/image_2026-04-13_21-30-19.webp?resize=984%2C553&#038;ssl=1\" alt=\"larissa de souza\" class=\"wp-image-152288\" title=\"Justi\u00e7a mant\u00e9m pris\u00e3o de acusada de tentar matar namorado com a\u00e7a\u00ed envenenado 3\"><figcaption class=\"wp-element-caption\">Larissa de Souza \u2013 Imagem: Reprodu\u00e7\u00e3o \/ EPTV<\/figcaption><\/figure>\n<\/div>\n<p>Por volta das 20h, o casal retornou ao local, reclamou do sabor estranho e devolveu o a\u00e7a\u00ed, que foi descartado. O homem precisou ser internado na Unidade de Terapia Intensiva (UTI) do Hospital das Cl\u00ednicas, mas se recuperou e passa bem.<\/p>\n<hr class=\"wp-block-separator has-alpha-channel-opacity\">\n<p class=\"has-text-align-center has-small-font-size\"><em>Fa\u00e7a uma den\u00fancia ou sugira uma reportagem sobre\u00a0<strong>Ribeir\u00e3o Preto\u00a0<\/strong>e regi\u00e3o por meio do WhatsApp do\u00a0<strong>acidade on Ribeir\u00e3o<\/strong>: (16) 99117-7802.<\/em><\/p>\n<\/p>\n<p>O post Justi\u00e7a mant\u00e9m pris\u00e3o de acusada de tentar matar namorado com a\u00e7a\u00ed envenenado apareceu primeiro em ACidade ON Ribeir\u00e3o Preto.<\/p>\n<p><br \/>\n<br \/><a href=\"https:\/\/www.acidadeon.com\/ribeiraopreto\/cotidiano\/justica-mantem-prisao-de-acusada-de-tentar-matar-namorado-com-acai-envenenado\/\">Link para o texto original aqui <\/a><\/p>\n<!-- CONTENT END 1 -->\n","protected":false},"excerpt":{"rendered":"<p>O Tribunal de Justi\u00e7a de S\u00e3o Paulo decidiu manter a pris\u00e3o preventiva de Larissa de Souza Batista, acusada de tentar matar o namorado, Adenilson Ferreira&#8230;<\/p>\n","protected":false},"author":1,"featured_media":91114,"comment_status":"","ping_status":"","sticky":false,"template":"","format":"standard","meta":{"advanced_seo_description":"","jetpack_seo_html_title":"","jetpack_seo_noindex":false,"jetpack_seo_schema_type":"","_jetpack_newsletter_access":"","_jetpack_dont_email_post_to_subs":false,"_jetpack_newsletter_tier_id":0,"_jetpack_memberships_contains_paywalled_content":false,"_jetpack_feature_clip_id":0,"_jetpack_memberships_contains_paid_content":false,"footnotes":"","jetpack_publicize_message":"","jetpack_publicize_feature_enabled":true,"jetpack_social_post_already_shared":true,"jetpack_social_options":{"image_generator_settings":{"template":"highway","default_image_id":0,"font":"","enabled":false},"version":2},"jetpack_post_was_ever_published":false},"categories":[11],"tags":[7429,2024,8876,988,2139,112,4819,22,1179],"class_list":["post-91113","post","type-post","status-publish","format-standard","has-post-thumbnail","hentry","category-noticias-de-ribeirao-preto-sp-e-regiao-ismael-colosi","tag-acai","tag-acusada","tag-envenenado","tag-justica","tag-mantem","tag-matar","tag-namorado","tag-prisao","tag-tentar"],"jetpack_publicize_connections":[],"jetpack-related-posts":[{"id":84758,"url":"https:\/\/noticiasribeiraopreto.com.br\/index.php\/2026\/04\/15\/suspeita-de-tentar-matar-namorado-com-acai-envenenado-e-presa\/","url_meta":{"origin":91113,"position":0},"title":"Suspeita de tentar matar namorado com a\u00e7a\u00ed envenenado \u00e9 presa","author":"noticiasribeiraopreto.com.br","date":"15 de April de 2026","format":false,"excerpt":"Ler o resumo da not\u00edcia \r Mat\u00e9ria refere-se \u00e0 Quermesse de Santa Rita.\r N\u00e3o h\u00e1 detalhes adicionais sobre o evento na mat\u00e9ria fornecida.\r A mulher suspeita de tentar matar o namorado com a\u00e7a\u00ed envenenado, em Ribeir\u00e3o Preto, foi presa nesta quarta-feira (15) pela Pol\u00edcia Civil. Larissa de Souza teve a\u2026","rel":"","context":"In &quot;Not\u00edcias de Ribeir\u00e3o Preto-SP e Regi\u00e3o&quot;","block_context":{"text":"Not\u00edcias de Ribeir\u00e3o Preto-SP e Regi\u00e3o","link":"https:\/\/noticiasribeiraopreto.com.br\/index.php\/category\/noticias-de-ribeirao-preto-sp-e-regiao-ismael-colosi\/"},"img":{"alt_text":"","src":"https:\/\/i0.wp.com\/noticiasribeiraopreto.com.br\/wp-content\/uploads\/2026\/04\/image_2026-04-13_21-30-19.webp.webp?fit=984%2C553&ssl=1&resize=350%2C200","width":350,"height":200,"srcset":"https:\/\/i0.wp.com\/noticiasribeiraopreto.com.br\/wp-content\/uploads\/2026\/04\/image_2026-04-13_21-30-19.webp.webp?fit=984%2C553&ssl=1&resize=350%2C200 1x, https:\/\/i0.wp.com\/noticiasribeiraopreto.com.br\/wp-content\/uploads\/2026\/04\/image_2026-04-13_21-30-19.webp.webp?fit=984%2C553&ssl=1&resize=525%2C300 1.5x, https:\/\/i0.wp.com\/noticiasribeiraopreto.com.br\/wp-content\/uploads\/2026\/04\/image_2026-04-13_21-30-19.webp.webp?fit=984%2C553&ssl=1&resize=700%2C400 2x"},"classes":[]},{"id":84682,"url":"https:\/\/noticiasribeiraopreto.com.br\/index.php\/2026\/04\/14\/acai-envenenado-mulher-suspeita-de-tentar-matar-namorado-e-considerada-foragida\/","url_meta":{"origin":91113,"position":1},"title":"A\u00e7a\u00ed envenenado: Mulher suspeita de tentar matar namorado \u00e9 considerada foragida","author":"noticiasribeiraopreto.com.br","date":"14 de April de 2026","format":false,"excerpt":"Ler o resumo da not\u00edcia Larissa de Souza teve pris\u00e3o preventiva decretada por suspeita de envenenar o namorado com a\u00e7a\u00ed; ela \u00e9 considerada foragida. A ordem de pris\u00e3o foi expedida na segunda-feira (13) por volta das 17h, mas a suspecta n\u00e3o foi encontrada. O namorado Adenilson Parente tamb\u00e9m n\u00e3o foi\u2026","rel":"","context":"In &quot;Not\u00edcias de Ribeir\u00e3o Preto-SP e Regi\u00e3o&quot;","block_context":{"text":"Not\u00edcias de Ribeir\u00e3o Preto-SP e Regi\u00e3o","link":"https:\/\/noticiasribeiraopreto.com.br\/index.php\/category\/noticias-de-ribeirao-preto-sp-e-regiao-ismael-colosi\/"},"img":{"alt_text":"","src":"https:\/\/i0.wp.com\/noticiasribeiraopreto.com.br\/wp-content\/uploads\/2026\/04\/image_2026-04-13_21-30-19.webp.webp?fit=984%2C553&ssl=1&resize=350%2C200","width":350,"height":200,"srcset":"https:\/\/i0.wp.com\/noticiasribeiraopreto.com.br\/wp-content\/uploads\/2026\/04\/image_2026-04-13_21-30-19.webp.webp?fit=984%2C553&ssl=1&resize=350%2C200 1x, https:\/\/i0.wp.com\/noticiasribeiraopreto.com.br\/wp-content\/uploads\/2026\/04\/image_2026-04-13_21-30-19.webp.webp?fit=984%2C553&ssl=1&resize=525%2C300 1.5x, https:\/\/i0.wp.com\/noticiasribeiraopreto.com.br\/wp-content\/uploads\/2026\/04\/image_2026-04-13_21-30-19.webp.webp?fit=984%2C553&ssl=1&resize=700%2C400 2x"},"classes":[]},{"id":84677,"url":"https:\/\/noticiasribeiraopreto.com.br\/index.php\/2026\/04\/14\/video-caso-acai-larissa-e-considerada-foragida\/","url_meta":{"origin":91113,"position":2},"title":"V\u00cdDEO &#8211; Caso A\u00e7a\u00ed: Larissa \u00e9 considerada foragida","author":"noticiasribeiraopreto.com.br","date":"14 de April de 2026","format":false,"excerpt":"| Por: Adalberto Luque | O delegado Fernando Bravo, da Delegacia de Homic\u00eddios da Divis\u00e3o Especializada de Investiga\u00e7\u00f5es Criminais (DEIC) disse, na manh\u00e3 desta ter\u00e7a-feira (14), que Larissa Batista de Sousa \u00e9 considerada foragida pela Pol\u00edcia Civil. A mulher foi acusada pela tentativa de homic\u00eddio contra seu am\u00e1sio, Adenilson Ferreira\u2026","rel":"","context":"In &quot;Not\u00edcias de Ribeir\u00e3o Preto-SP e Regi\u00e3o&quot;","block_context":{"text":"Not\u00edcias de Ribeir\u00e3o Preto-SP e Regi\u00e3o","link":"https:\/\/noticiasribeiraopreto.com.br\/index.php\/category\/noticias-de-ribeirao-preto-sp-e-regiao-ismael-colosi\/"},"img":{"alt_text":"","src":"https:\/\/i0.wp.com\/noticiasribeiraopreto.com.br\/wp-content\/uploads\/2026\/04\/14-mar-2026-acaichumbinho1.jpg?fit=876%2C780&ssl=1&resize=350%2C200","width":350,"height":200,"srcset":"https:\/\/i0.wp.com\/noticiasribeiraopreto.com.br\/wp-content\/uploads\/2026\/04\/14-mar-2026-acaichumbinho1.jpg?fit=876%2C780&ssl=1&resize=350%2C200 1x, https:\/\/i0.wp.com\/noticiasribeiraopreto.com.br\/wp-content\/uploads\/2026\/04\/14-mar-2026-acaichumbinho1.jpg?fit=876%2C780&ssl=1&resize=525%2C300 1.5x, https:\/\/i0.wp.com\/noticiasribeiraopreto.com.br\/wp-content\/uploads\/2026\/04\/14-mar-2026-acaichumbinho1.jpg?fit=876%2C780&ssl=1&resize=700%2C400 2x"},"classes":[]},{"id":90963,"url":"https:\/\/noticiasribeiraopreto.com.br\/index.php\/2026\/09\/02\/justica-ouve-testemunhas-em-caso-de-acai-envenenado-em-ribeirao-preto\/","url_meta":{"origin":91113,"position":3},"title":"Justi\u00e7a ouve testemunhas em caso de a\u00e7a\u00ed envenenado em Ribeir\u00e3o Preto","author":"noticiasribeiraopreto.com.br","date":"2 de September de 2026","format":false,"excerpt":"A Justi\u00e7a deu in\u00edcio nesta ter\u00e7a-feira (1\u00ba) as audi\u00eancias de instru\u00e7\u00e3o do processo contra Larissa de Souza Batista, acusada pelo Minist\u00e9rio P\u00fablico de tentar matar o namorado, Adenilson Ferreira Parente, ap\u00f3s ele passar mal ao consumir um a\u00e7a\u00ed com chumbinho em Ribeir\u00e3o Preto. De acordo com as informa\u00e7\u00f5es da EPTV,\u2026","rel":"","context":"In &quot;Not\u00edcias de Ribeir\u00e3o Preto-SP e Regi\u00e3o&quot;","block_context":{"text":"Not\u00edcias de Ribeir\u00e3o Preto-SP e Regi\u00e3o","link":"https:\/\/noticiasribeiraopreto.com.br\/index.php\/category\/noticias-de-ribeirao-preto-sp-e-regiao-ismael-colosi\/"},"img":{"alt_text":"","src":"https:\/\/i0.wp.com\/noticiasribeiraopreto.com.br\/wp-content\/uploads\/2026\/09\/acai-envenenado-ribeirao-preto-1.jpg?fit=1200%2C675&ssl=1&resize=350%2C200","width":350,"height":200,"srcset":"https:\/\/i0.wp.com\/noticiasribeiraopreto.com.br\/wp-content\/uploads\/2026\/09\/acai-envenenado-ribeirao-preto-1.jpg?fit=1200%2C675&ssl=1&resize=350%2C200 1x, https:\/\/i0.wp.com\/noticiasribeiraopreto.com.br\/wp-content\/uploads\/2026\/09\/acai-envenenado-ribeirao-preto-1.jpg?fit=1200%2C675&ssl=1&resize=525%2C300 1.5x, https:\/\/i0.wp.com\/noticiasribeiraopreto.com.br\/wp-content\/uploads\/2026\/09\/acai-envenenado-ribeirao-preto-1.jpg?fit=1200%2C675&ssl=1&resize=700%2C400 2x, https:\/\/i0.wp.com\/noticiasribeiraopreto.com.br\/wp-content\/uploads\/2026\/09\/acai-envenenado-ribeirao-preto-1.jpg?fit=1200%2C675&ssl=1&resize=1050%2C600 3x"},"classes":[]},{"id":84651,"url":"https:\/\/noticiasribeiraopreto.com.br\/index.php\/2026\/04\/13\/caso-do-acai-envenenado-justica-decreta-prisao-de-suspeita-em-ribeirao-preto\/","url_meta":{"origin":91113,"position":4},"title":"Caso do a\u00e7a\u00ed envenenado: Justi\u00e7a decreta pris\u00e3o de suspeita em Ribeir\u00e3o Preto","author":"noticiasribeiraopreto.com.br","date":"13 de April de 2026","format":false,"excerpt":"Ler o resumo da not\u00edcia Justi\u00e7a decreta pris\u00e3o preventiva de Larissa de Souza por suspeita de tentar matar o namorado com a\u00e7a\u00ed adulterado em Ribeir\u00e3o Preto. Caso ocorreu em 5 de fevereiro; decis\u00e3o foi tomada nesta segunda-feira (13) ap\u00f3s recebimento da den\u00fancia do Minist\u00e9rio P\u00fablico. A ju\u00edza Marta Rodrigues Maffeis\u2026","rel":"","context":"In &quot;Not\u00edcias de Ribeir\u00e3o Preto-SP e Regi\u00e3o&quot;","block_context":{"text":"Not\u00edcias de Ribeir\u00e3o Preto-SP e Regi\u00e3o","link":"https:\/\/noticiasribeiraopreto.com.br\/index.php\/category\/noticias-de-ribeirao-preto-sp-e-regiao-ismael-colosi\/"},"img":{"alt_text":"","src":"https:\/\/i0.wp.com\/noticiasribeiraopreto.com.br\/wp-content\/uploads\/2026\/03\/namorada-acai_2026-03-17_15-17-04.webp.webp?fit=1200%2C735&ssl=1&resize=350%2C200","width":350,"height":200,"srcset":"https:\/\/i0.wp.com\/noticiasribeiraopreto.com.br\/wp-content\/uploads\/2026\/03\/namorada-acai_2026-03-17_15-17-04.webp.webp?fit=1200%2C735&ssl=1&resize=350%2C200 1x, https:\/\/i0.wp.com\/noticiasribeiraopreto.com.br\/wp-content\/uploads\/2026\/03\/namorada-acai_2026-03-17_15-17-04.webp.webp?fit=1200%2C735&ssl=1&resize=525%2C300 1.5x, https:\/\/i0.wp.com\/noticiasribeiraopreto.com.br\/wp-content\/uploads\/2026\/03\/namorada-acai_2026-03-17_15-17-04.webp.webp?fit=1200%2C735&ssl=1&resize=700%2C400 2x, https:\/\/i0.wp.com\/noticiasribeiraopreto.com.br\/wp-content\/uploads\/2026\/03\/namorada-acai_2026-03-17_15-17-04.webp.webp?fit=1200%2C735&ssl=1&resize=1050%2C600 3x"},"classes":[]},{"id":91058,"url":"https:\/\/noticiasribeiraopreto.com.br\/index.php\/2026\/09\/03\/caso-acai-com-chumbinho-justica-nega-liberdade-para-larissa\/","url_meta":{"origin":91113,"position":5},"title":"Caso a\u00e7a\u00ed com chumbinho: Justi\u00e7a nega liberdade para Larissa","author":"noticiasribeiraopreto.com.br","date":"3 de September de 2026","format":false,"excerpt":"\r Liberdade provis\u00f3ria foi negada e magistrada estabeleceu prazo de cinco dias para MP e defesa apresentarem suas alega\u00e7\u00f5es finais\r \r 3 de setembro de 2026 18:25 \r Compartilhar2 | Por: Adalberto Luque | A Justi\u00e7a negou liberdade provis\u00f3ria para Larissa de Souza Rodrigues, acusada de tentativa de homic\u00eddio contra\u2026","rel":"","context":"In &quot;Not\u00edcias de Ribeir\u00e3o Preto-SP e Regi\u00e3o&quot;","block_context":{"text":"Not\u00edcias de Ribeir\u00e3o Preto-SP e Regi\u00e3o","link":"https:\/\/noticiasribeiraopreto.com.br\/index.php\/category\/noticias-de-ribeirao-preto-sp-e-regiao-ismael-colosi\/"},"img":{"alt_text":"","src":"https:\/\/i0.wp.com\/noticiasribeiraopreto.com.br\/wp-content\/uploads\/2026\/09\/1788470878_15-abr-2026-acaicomchumbinho4-scaled.jpg?fit=1170%2C780&ssl=1&resize=350%2C200","width":350,"height":200,"srcset":"https:\/\/i0.wp.com\/noticiasribeiraopreto.com.br\/wp-content\/uploads\/2026\/09\/1788470878_15-abr-2026-acaicomchumbinho4-scaled.jpg?fit=1170%2C780&ssl=1&resize=350%2C200 1x, https:\/\/i0.wp.com\/noticiasribeiraopreto.com.br\/wp-content\/uploads\/2026\/09\/1788470878_15-abr-2026-acaicomchumbinho4-scaled.jpg?fit=1170%2C780&ssl=1&resize=525%2C300 1.5x, https:\/\/i0.wp.com\/noticiasribeiraopreto.com.br\/wp-content\/uploads\/2026\/09\/1788470878_15-abr-2026-acaicomchumbinho4-scaled.jpg?fit=1170%2C780&ssl=1&resize=700%2C400 2x, https:\/\/i0.wp.com\/noticiasribeiraopreto.com.br\/wp-content\/uploads\/2026\/09\/1788470878_15-abr-2026-acaicomchumbinho4-scaled.jpg?fit=1170%2C780&ssl=1&resize=1050%2C600 3x"},"classes":[]}],"jetpack_sharing_enabled":true,"jetpack_shortlink":"https:\/\/wp.me\/peQAOb-nHz","jetpack_featured_media_url":"https:\/\/i0.wp.com\/noticiasribeiraopreto.com.br\/wp-content\/uploads\/2026\/09\/1788544707_depoimento-larissa-acai.jpg?fit=1200%2C675&ssl=1","_links":{"self":[{"href":"https:\/\/noticiasribeiraopreto.com.br\/index.php\/wp-json\/wp\/v2\/posts\/91113","targetHints":{"allow":["GET"]}}],"collection":[{"href":"https:\/\/noticiasribeiraopreto.com.br\/index.php\/wp-json\/wp\/v2\/posts"}],"about":[{"href":"https:\/\/noticiasribeiraopreto.com.br\/index.php\/wp-json\/wp\/v2\/types\/post"}],"author":[{"embeddable":true,"href":"https:\/\/noticiasribeiraopreto.com.br\/index.php\/wp-json\/wp\/v2\/users\/1"}],"replies":[{"embeddable":true,"href":"https:\/\/noticiasribeiraopreto.com.br\/index.php\/wp-json\/wp\/v2\/comments?post=91113"}],"version-history":[{"count":0,"href":"https:\/\/noticiasribeiraopreto.com.br\/index.php\/wp-json\/wp\/v2\/posts\/91113\/revisions"}],"wp:featuredmedia":[{"embeddable":true,"href":"https:\/\/noticiasribeiraopreto.com.br\/index.php\/wp-json\/wp\/v2\/media\/91114"}],"wp:attachment":[{"href":"https:\/\/noticiasribeiraopreto.com.br\/index.php\/wp-json\/wp\/v2\/media?parent=91113"}],"wp:term":[{"taxonomy":"category","embeddable":true,"href":"https:\/\/noticiasribeiraopreto.com.br\/index.php\/wp-json\/wp\/v2\/categories?post=91113"},{"taxonomy":"post_tag","embeddable":true,"href":"https:\/\/noticiasribeiraopreto.com.br\/index.php\/wp-json\/wp\/v2\/tags?post=91113"}],"curies":[{"name":"wp","href":"https:\/\/api.w.org\/{rel}","templated":true}]}}