{"id":91115,"date":"2026-09-04T15:02:45","date_gmt":"2026-09-04T18:02:45","guid":{"rendered":"https:\/\/noticiasribeiraopreto.com.br\/index.php\/2026\/09\/04\/feriado-em-alerta-em-sp-frente-fria-traz-chuva-intensa-e-derruba-termometros-para-ate-5c-veja-regioes-afetadas\/"},"modified":"2026-09-04T15:02:45","modified_gmt":"2026-09-04T18:02:45","slug":"feriado-em-alerta-em-sp-frente-fria-traz-chuva-intensa-e-derruba-termometros-para-ate-5c-veja-regioes-afetadas","status":"publish","type":"post","link":"https:\/\/noticiasribeiraopreto.com.br\/index.php\/2026\/09\/04\/feriado-em-alerta-em-sp-frente-fria-traz-chuva-intensa-e-derruba-termometros-para-ate-5c-veja-regioes-afetadas\/","title":{"rendered":"Feriado em alerta em SP: frente fria traz chuva intensa e derruba term\u00f4metros para at\u00e9 5\u00b0C; veja regi\u00f5es afetadas"},"content":{"rendered":"<div class='code-block code-block-1' style='margin: 8px 0 8px auto; text-align: right; display: block; clear: both;'>\n<p><a href=\"https:\/\/wa.link\/vpicfd\"><img data-recalc-dims=\"1\" class=\"wp-image-4922\" style=\"aspect-ratio: 2.0253164556962027; width: 561px; height: auto;\" src=\"https:\/\/i0.wp.com\/ismaelcolosi.com.br\/wp-content\/uploads\/2023\/11\/grupo-de-empregos-whatsapp-e-facebook-ismael-colosi-vagas.jpg?ssl=1\" alt=\"\" \/><\/a><\/p>\n<!-- \/wp:image -->\n<\/div>\n<p> <br \/>\n<\/p>\n<p>Quem planejou viajar ou aproveitar os dias de folga no feriado prolongado precisar\u00e1 recalcular a rota em S\u00e3o Paulo. A aproxima\u00e7\u00e3o de uma frente fria vai virar o tempo em v\u00e1rias partes do estado entre este s\u00e1bado (5) e a pr\u00f3xima segunda-feira (7), trazendo tempestades volumosas e um tombo at\u00edpico nos term\u00f4metros logo no in\u00edcio da semana.<\/p>\n<p class=\"has-cyan-bluish-gray-background-color has-background\"><em>Receba not\u00edcias do\u00a0<strong>acidade on Ribeir\u00e3o\u00a0<\/strong>no WhatsApp e fique por dentro de tudo! Basta acessar o link<a href=\"https:\/\/chat.whatsapp.com\/DfXwcjKVIddHUT3BvnQuPZ?mode=hqctshi\" target=\"_blank\" rel=\"noreferrer noopener\">\u00a0aqui<\/a>!<\/em><\/p>\n<p>A mudan\u00e7a no tempo ganha for\u00e7a j\u00e1 na noite desta sexta-feira (4) e deve se intensificar durante a madrugada de s\u00e1bado (5), com acumulados que podem atingir marcas expressivas entre 70 e 100 mil\u00edmetros.<\/p>\n<h2 class=\"wp-block-heading\" id=\"regioes-com-maior-risco-de-temporal\"><strong>Regi\u00f5es com maior risco de temporal<\/strong><\/h2>\n<p>A Defesa Civil estadual entrou em regime de monitoramento refor\u00e7ado e j\u00e1 alinha planos de conting\u00eancia com prefeituras para acelerar o socorro em pontos cr\u00edticos. O alerta vermelho para risco de inunda\u00e7\u00f5es, enxurradas e deslizamentos de encostas concentra-se especialmente em quatro setores:<\/p>\n<ul class=\"wp-block-list\">\n<li>Regi\u00e3o Metropolitana de S\u00e3o Paulo<\/li>\n<\/ul>\n<ul class=\"wp-block-list\">\n<li>Baixada Santista<\/li>\n<\/ul>\n<ul class=\"wp-block-list\">\n<li>Litoral Norte<\/li>\n<\/ul>\n<ul class=\"wp-block-list\">\n<li>Vale do Ribeira<\/li>\n<\/ul>\n<figure class=\"wp-block-image size-large\"><figcaption class=\"wp-element-caption\">Fonte: Defesa Civil SP<\/figcaption><\/figure>\n<h2 class=\"wp-block-heading\" id=\"queda-brusca-de-temperatura-no-feriado\"><strong>Queda brusca de temperatura<\/strong> no feriado<\/h2>\n<p>Al\u00e9m da instabilidade com \u00e1gua cont\u00ednua, o avan\u00e7o da massa de ar frio provocar\u00e1 um decl\u00ednio acentuado nas temperaturas entre segunda-feira (7) e quarta-feira (9). Os valores previstos mostram marcas t\u00edpicas de inverno rigoroso:<\/p>\n<p>Regi\u00e3o \/ M\u00ednima prevista\u00a0<\/p>\n<ul class=\"wp-block-list\">\n<li>Serra da Mantiqueira \u2013 por volta de 5\u00b0C\u00a0<\/li>\n<\/ul>\n<ul class=\"wp-block-list\">\n<li>Interior de SP \u2013 entre 7\u00b0C e 8\u00b0C\u00a0<\/li>\n<\/ul>\n<ul class=\"wp-block-list\">\n<li>Capital (Grande SP) \u2013 perto de 11\u00b0C\u00a0<\/li>\n<\/ul>\n<h2 class=\"wp-block-heading\" id=\"como-se-proteger-e-o-que-observar-em-casa\"><strong>Como se proteger e o que observar em casa<\/strong><\/h2>\n<p>Com o solo encharcado e ventos moderados a fortes, a recomenda\u00e7\u00e3o oficial exige aten\u00e7\u00e3o redobrada da popula\u00e7\u00e3o:<\/p>\n<ul class=\"wp-block-list\">\n<li>Sinais de deslizamento: observe se h\u00e1 rachaduras novas nas paredes, portas ou janelas que come\u00e7am a emperrar repentinamente, al\u00e9m de postes e \u00e1rvores inclinados perto do im\u00f3vel.<\/li>\n<\/ul>\n<ul class=\"wp-block-list\">\n<li>Nas ruas: jamais tente atravessar enxurradas ou vias alagadas a p\u00e9 ou com ve\u00edculo. Permane\u00e7a longe de \u00e1rvores e coberturas met\u00e1licas fr\u00e1geis.<\/li>\n<\/ul>\n<ul class=\"wp-block-list\">\n<li>No litoral: banho de mar e passeios de barco devem ser suspensos devido \u00e0 forte agita\u00e7\u00e3o mar\u00edtima prevista para todo o final de semana.<\/li>\n<\/ul>\n<p>Para receber avisos em tempo real diretamente no aparelho sem custo, envie um SMS com o n\u00famero do seu CEP para 40199 ou consulte o aplicativo oficial Alerta SP.<\/p>\n<p>Emerg\u00eancias: Defesa Civil (199), Bombeiros (193) e Pol\u00edcia Militar (190).<\/p>\n<figure class=\"wp-block-gallery has-nested-images columns-default is-cropped wp-block-gallery-1 is-layout-flex wp-block-gallery-is-layout-flex\">\n<figure class=\"wp-block-image size-large\"><img data-recalc-dims=\"1\" loading=\"lazy\" decoding=\"async\" width=\"1024\" height=\"576\" data-id=\"173648\" src=\"https:\/\/i0.wp.com\/www.acidadeon.com\/ribeiraopreto\/wp-content\/uploads\/sites\/3\/2026\/09\/previsao-tempo-ribeirao-1-1024x576.jpg?resize=1024%2C576&#038;ssl=1\" alt=\"Frente fria provoca chuva em Ribeir\u00e3o Preto - Foto de arquivo: Ricardo Canaveze \/ acidade on\" class=\"wp-image-173648\" title=\"Feriado em alerta em SP: frente fria traz chuva intensa e derruba term\u00f4metros para at\u00e9 5\u00b0C; veja regi\u00f5es afetadas 2\"><figcaption class=\"wp-element-caption\"> Foto de arquivo: Ricardo Canaveze \/ acidade on<\/figcaption><\/figure>\n<figure class=\"wp-block-image size-large\"><img data-recalc-dims=\"1\" loading=\"lazy\" decoding=\"async\" width=\"1024\" height=\"576\" data-id=\"173182\" src=\"https:\/\/i0.wp.com\/www.acidadeon.com\/ribeiraopreto\/wp-content\/uploads\/sites\/3\/2026\/09\/alerta-tempestade-inmet-1024x576.jpg?resize=1024%2C576&#038;ssl=1\" alt=\"feriado\" class=\"wp-image-173182\" title=\"Feriado em alerta em SP: frente fria traz chuva intensa e derruba term\u00f4metros para at\u00e9 5\u00b0C; veja regi\u00f5es afetadas 3\"><figcaption class=\"wp-element-caption\">Foto: Marcello Casal Jr\/ Ag\u00eancia Brasil.<\/figcaption><\/figure>\n<\/figure>\n<p class=\"has-cyan-bluish-gray-background-color has-background\"><em>Fa\u00e7a uma den\u00fancia ou sugira uma reportagem sobre\u00a0<strong>Ribeir\u00e3o Preto\u00a0<\/strong>e regi\u00e3o por meio do WhatsApp do\u00a0<strong>acidade on Ribeir\u00e3o<\/strong>: (16) 99117-7802.<\/em><\/p>\n<h2 class=\"wp-block-heading\" id=\"ficou-sabendo\"><strong>Ficou sabendo?<\/strong><\/h2>\n<h3 class=\"wp-block-heading\" id=\"ribeirao-preto-entra-na-rota-de-nova-frente-fria-com-chuva-forte-e-queda-de-temperatura\"><strong>Ribeir\u00e3o Preto entra na rota de nova frente fria com chuva forte e queda de temperatura<\/strong><\/h3>\n<p>Uma<strong>nova frente fria deve avan\u00e7ar sobre o estado de S\u00e3o Paulo neste fim de semana<\/strong>\u00a0e aumentar as condi\u00e7\u00f5es para chuva em Ribeir\u00e3o Preto. Em conversa com o\u00a0<em>acidade on,<\/em>\u00a0a meteorologista\u00a0<strong>Jos\u00e9lia Pegorim, da Climatempo<\/strong>, explicou que o sistema deve provocar chuva generalizada no estado, com possibilidade de epis\u00f3dios de intensidade moderada a forte na regi\u00e3o.<\/p>\n<p>A previs\u00e3o indica que a frente fria deve provocar chuva principalmente\u00a0<strong>na tarde e na noite de s\u00e1bado (5)<\/strong>\u00a0e tamb\u00e9m durante o\u00a0<strong>domingo (6)<\/strong>.<\/p>\n<figure class=\"wp-block-image\"><img data-recalc-dims=\"1\" loading=\"lazy\" decoding=\"async\" width=\"1024\" height=\"461\" src=\"https:\/\/i0.wp.com\/www.acidadeon.com\/ribeiraopreto\/wp-content\/uploads\/sites\/3\/2026\/02\/nuvens-chuva-ribeirao-preto_2026-02-12_12-20-30-1024x461.webp?resize=1024%2C461&#038;ssl=1\" alt=\"Ribeir\u00e3o Preto aparece em alerta para tempestade - Foto: Ricardo Canaveze.\" class=\"wp-image-145403\" title=\"Ribeir\u00e3o Preto entra na rota de nova frente fria com chuva forte e queda de temperatura 1\"><figcaption class=\"wp-element-caption\">Foto: Ricardo Canaveze.<\/figcaption><\/figure>\n<h2 class=\"wp-block-heading\" id=\"chuva-deve-ganhar-forca-no-fim-de-semana\">Chuva deve ganhar for\u00e7a no fim de semana<\/h2>\n<p>De acordo com Jos\u00e9lia, a frente fria chega ao estado com for\u00e7a e deve provocar instabilidade em diferentes regi\u00f5es de S\u00e3o Paulo. Em Ribeir\u00e3o Preto, a previs\u00e3o aponta possibilidade de chuva moderada a forte durante a passagem do sistema.<\/p>\n<figure class=\"wp-block-image\"><img data-recalc-dims=\"1\" loading=\"lazy\" decoding=\"async\" width=\"774\" height=\"626\" src=\"https:\/\/i0.wp.com\/www.acidadeon.com\/ribeiraopreto\/wp-content\/uploads\/sites\/3\/2026\/09\/image-41.png?resize=774%2C626&#038;ssl=1\" alt=\"image 41\" class=\"wp-image-173598\" title=\"Ribeir\u00e3o Preto entra na rota de nova frente fria com chuva forte e queda de temperatura 2\"><figcaption class=\"wp-element-caption\">Foto: Climatempo<\/figcaption><\/figure>\n<p>O cen\u00e1rio ocorre ap\u00f3s a passagem de outra frente fria no in\u00edcio de setembro. Segundo a meteorologista, esse primeiro sistema provocou volumes de chuva entre\u00a0<strong>10 e 20 mil\u00edmetros<\/strong>.<\/p>\n<p>Para setembro, a m\u00e9dia de precipita\u00e7\u00e3o na regi\u00e3o de Ribeir\u00e3o Preto varia entre\u00a0<strong>60 e 80 mil\u00edmetros<\/strong>.<video height=\"1920\" width=\"1080\" controls=\"\" src=\"https:\/\/www.acidadeon.com\/ribeiraopreto\/wp-content\/uploads\/sites\/3\/2026\/09\/Opcao-1-2026-09-03T160224.470.mp4\"><\/video><\/p>\n<h2 class=\"wp-block-heading\" id=\"feriado-tera-queda-de-temperatura\">Feriado ter\u00e1 queda de temperatura<\/h2>\n<p>Depois da passagem da frente fria, o tempo deve mudar novamente por causa da chegada de\u00a0<strong>ar frio<\/strong>. A entrada dessa massa de ar deve provocar queda nas temperaturas em Ribeir\u00e3o Preto e regi\u00e3o.<\/p>\n<p>No\u00a0<strong>feriado de 7 de Setembro<\/strong>, a expectativa \u00e9 de que a chuva diminua. Segundo Jos\u00e9lia, o principal destaque para a data ser\u00e1 a queda de temperatura provocada pela chegada do ar frio.<\/p>\n<figure class=\"wp-block-image\"><img data-recalc-dims=\"1\" loading=\"lazy\" decoding=\"async\" width=\"1024\" height=\"576\" src=\"https:\/\/i0.wp.com\/www.acidadeon.com\/ribeiraopreto\/wp-content\/uploads\/sites\/3\/2026\/09\/alerta-tempestade-inmet-1024x576.jpg?resize=1024%2C576&#038;ssl=1\" alt=\"Inmet emite alerta para o risco de tempestade no estado de SP - Foto: Marcello Casal Jr\/ Ag\u00eancia Brasil.\" class=\"wp-image-173182\" title=\"Ribeir\u00e3o Preto entra na rota de nova frente fria com chuva forte e queda de temperatura 3\"><figcaption class=\"wp-element-caption\">Foto: Marcello Casal Jr\/ Ag\u00eancia Brasil.<\/figcaption><\/figure>\n<div class=\"wp-block-rank-math-toc-block\" id=\"rank-math-toc\">\n<nav>\n<ul>\n<li class=\"\">Regi\u00f5es com maior risco de temporal<\/li>\n<li class=\"\">Queda brusca de temperatura no feriado<\/li>\n<li class=\"\">Como se proteger e o que observar em casa<\/li>\n<li class=\"\">Ficou sabendo?\n<ul>\n<li class=\"\">Ribeir\u00e3o Preto entra na rota de nova frente fria com chuva forte e queda de temperatura<\/li>\n<\/ul>\n<\/li>\n<li class=\"\">Chuva deve ganhar for\u00e7a no fim de semana<\/li>\n<li class=\"\">Feriado ter\u00e1 queda de temperatura<\/li>\n<\/ul>\n<\/nav>\n<\/div>\n<p>O post Feriado em alerta em SP: frente fria traz chuva intensa e derruba term\u00f4metros para at\u00e9 5\u00b0C; veja regi\u00f5es afetadas apareceu primeiro em ACidade ON Ribeir\u00e3o Preto.<\/p>\n<p><br \/>\n<br \/><a href=\"https:\/\/www.acidadeon.com\/ribeiraopreto\/cotidiano\/feriado-em-alerta-em-sp-frente-fria-traz-chuva-intensa-e-derruba-termometros-para-ate-5c-veja-regioes-afetadas\/\">Link para o texto original aqui <\/a><\/p>\n<!-- CONTENT END 1 -->\n","protected":false},"excerpt":{"rendered":"<p>Quem planejou viajar ou aproveitar os dias de folga no feriado prolongado precisar\u00e1 recalcular a rota em S\u00e3o Paulo. A aproxima\u00e7\u00e3o de uma frente fria&#8230;<\/p>\n","protected":false},"author":1,"featured_media":91116,"comment_status":"","ping_status":"","sticky":false,"template":"","format":"standard","meta":{"advanced_seo_description":"","jetpack_seo_html_title":"","jetpack_seo_noindex":false,"jetpack_seo_schema_type":"","_jetpack_newsletter_access":"","_jetpack_dont_email_post_to_subs":false,"_jetpack_newsletter_tier_id":0,"_jetpack_memberships_contains_paywalled_content":false,"_jetpack_feature_clip_id":0,"_jetpack_memberships_contains_paid_content":false,"footnotes":"","jetpack_publicize_message":"","jetpack_publicize_feature_enabled":true,"jetpack_social_post_already_shared":true,"jetpack_social_options":{"image_generator_settings":{"template":"highway","default_image_id":0,"font":"","enabled":false},"version":2},"jetpack_post_was_ever_published":false},"categories":[11],"tags":[382,163,103,224,1929,377,490,491,7305,71,3022,8513,702,48],"class_list":["post-91115","post","type-post","status-publish","format-standard","has-post-thumbnail","hentry","category-noticias-de-ribeirao-preto-sp-e-regiao-ismael-colosi","tag-afetadas","tag-alerta","tag-ate","tag-chuva","tag-derruba","tag-feriado","tag-frente","tag-fria","tag-intensa","tag-para","tag-regioes","tag-termometros","tag-traz","tag-veja"],"jetpack_publicize_connections":[],"jetpack-related-posts":[{"id":86744,"url":"https:\/\/noticiasribeiraopreto.com.br\/index.php\/2026\/06\/19\/frente-fria-traz-chuva-e-derruba-temperaturas-veja-quando-o-tempo-muda\/","url_meta":{"origin":91115,"position":0},"title":"Frente fria traz chuva e derruba temperaturas; veja quando o tempo muda","author":"noticiasribeiraopreto.com.br","date":"19 de June de 2026","format":false,"excerpt":"Moradores de Ribeir\u00e3o Preto devem preparar os casacos e os guarda-chuvas. Uma intensa massa de ar polar avan\u00e7a pelo estado de S\u00e3o Paulo e pode quebrar a sequ\u00eancia de dias secos e quentes no interior. O Instituto Nacional de Meteorologia (Inmet) e a Climatempo alertam para uma virada radical no\u2026","rel":"","context":"In &quot;Not\u00edcias de Ribeir\u00e3o Preto-SP e Regi\u00e3o&quot;","block_context":{"text":"Not\u00edcias de Ribeir\u00e3o Preto-SP e Regi\u00e3o","link":"https:\/\/noticiasribeiraopreto.com.br\/index.php\/category\/noticias-de-ribeirao-preto-sp-e-regiao-ismael-colosi\/"},"img":{"alt_text":"","src":"https:\/\/i0.wp.com\/noticiasribeiraopreto.com.br\/wp-content\/uploads\/2026\/06\/neblina_2026-03-14_12-39-06.webp.webp?fit=1200%2C679&ssl=1&resize=350%2C200","width":350,"height":200,"srcset":"https:\/\/i0.wp.com\/noticiasribeiraopreto.com.br\/wp-content\/uploads\/2026\/06\/neblina_2026-03-14_12-39-06.webp.webp?fit=1200%2C679&ssl=1&resize=350%2C200 1x, https:\/\/i0.wp.com\/noticiasribeiraopreto.com.br\/wp-content\/uploads\/2026\/06\/neblina_2026-03-14_12-39-06.webp.webp?fit=1200%2C679&ssl=1&resize=525%2C300 1.5x, https:\/\/i0.wp.com\/noticiasribeiraopreto.com.br\/wp-content\/uploads\/2026\/06\/neblina_2026-03-14_12-39-06.webp.webp?fit=1200%2C679&ssl=1&resize=700%2C400 2x, https:\/\/i0.wp.com\/noticiasribeiraopreto.com.br\/wp-content\/uploads\/2026\/06\/neblina_2026-03-14_12-39-06.webp.webp?fit=1200%2C679&ssl=1&resize=1050%2C600 3x"},"classes":[]},{"id":51375,"url":"https:\/\/noticiasribeiraopreto.com.br\/index.php\/2024\/05\/25\/chegada-de-frente-fria-aumenta-o-risco-de-chuvas-intensas-no-interior-de-sp-veja-regioes-afetadas\/","url_meta":{"origin":91115,"position":1},"title":"Chegada de frente fria aumenta o risco de chuvas intensas no interior de SP; Veja regi\u00f5es afetadas","author":"noticiasribeiraopreto.com.br","date":"25 de May de 2024","format":false,"excerpt":"A frente fria que chegou ao interior do estado de S\u00e3o Paulo nesta sexta-feira (24) j\u00e1 provocou pancadas de chuva em algumas cidades na tarde de ontem, como foi o caso de Ribeir\u00e3o Preto. A expectativa, de acordo com a Climatempo, \u00e9 de que esse sistema provoque muita nebulosidade e\u2026","rel":"","context":"In &quot;Not\u00edcias de Ribeir\u00e3o Preto-SP e Regi\u00e3o&quot;","block_context":{"text":"Not\u00edcias de Ribeir\u00e3o Preto-SP e Regi\u00e3o","link":"https:\/\/noticiasribeiraopreto.com.br\/index.php\/category\/noticias-de-ribeirao-preto-sp-e-regiao-ismael-colosi\/"},"img":{"alt_text":"","src":"https:\/\/i0.wp.com\/noticiasribeiraopreto.com.br\/wp-content\/uploads\/2024\/05\/chuva-forte.jpg?fit=1200%2C765&ssl=1&resize=350%2C200","width":350,"height":200,"srcset":"https:\/\/i0.wp.com\/noticiasribeiraopreto.com.br\/wp-content\/uploads\/2024\/05\/chuva-forte.jpg?fit=1200%2C765&ssl=1&resize=350%2C200 1x, https:\/\/i0.wp.com\/noticiasribeiraopreto.com.br\/wp-content\/uploads\/2024\/05\/chuva-forte.jpg?fit=1200%2C765&ssl=1&resize=525%2C300 1.5x, https:\/\/i0.wp.com\/noticiasribeiraopreto.com.br\/wp-content\/uploads\/2024\/05\/chuva-forte.jpg?fit=1200%2C765&ssl=1&resize=700%2C400 2x, https:\/\/i0.wp.com\/noticiasribeiraopreto.com.br\/wp-content\/uploads\/2024\/05\/chuva-forte.jpg?fit=1200%2C765&ssl=1&resize=1050%2C600 3x"},"classes":[]},{"id":90336,"url":"https:\/\/noticiasribeiraopreto.com.br\/index.php\/2026\/08\/20\/frente-fria-leva-chuva-e-ventania-a-sp-veja-areas\/","url_meta":{"origin":91115,"position":2},"title":"Frente fria leva chuva e ventania a SP; veja \u00e1reas","author":"noticiasribeiraopreto.com.br","date":"20 de August de 2026","format":false,"excerpt":"Uma frente fria em avan\u00e7o pelo Sudeste derruba as temperaturas na capital paulista e no estado de S\u00e3o Paulo entre esta quinta-feira (20) e sexta-feira. A Defesa Civil alerta para a maior presen\u00e7a de nuvens na sexta, o que impede a eleva\u00e7\u00e3o dos term\u00f4metros. Os term\u00f4metros na Grande S\u00e3o Paulo\u2026","rel":"","context":"In &quot;Not\u00edcias de Ribeir\u00e3o Preto-SP e Regi\u00e3o&quot;","block_context":{"text":"Not\u00edcias de Ribeir\u00e3o Preto-SP e Regi\u00e3o","link":"https:\/\/noticiasribeiraopreto.com.br\/index.php\/category\/noticias-de-ribeirao-preto-sp-e-regiao-ismael-colosi\/"},"img":{"alt_text":"","src":"https:\/\/i0.wp.com\/noticiasribeiraopreto.com.br\/wp-content\/uploads\/2026\/08\/domingo-2026-01-16T173803.687_2026-01-16_20-38-08.webp.webp?fit=1200%2C675&ssl=1&resize=350%2C200","width":350,"height":200,"srcset":"https:\/\/i0.wp.com\/noticiasribeiraopreto.com.br\/wp-content\/uploads\/2026\/08\/domingo-2026-01-16T173803.687_2026-01-16_20-38-08.webp.webp?fit=1200%2C675&ssl=1&resize=350%2C200 1x, https:\/\/i0.wp.com\/noticiasribeiraopreto.com.br\/wp-content\/uploads\/2026\/08\/domingo-2026-01-16T173803.687_2026-01-16_20-38-08.webp.webp?fit=1200%2C675&ssl=1&resize=525%2C300 1.5x, https:\/\/i0.wp.com\/noticiasribeiraopreto.com.br\/wp-content\/uploads\/2026\/08\/domingo-2026-01-16T173803.687_2026-01-16_20-38-08.webp.webp?fit=1200%2C675&ssl=1&resize=700%2C400 2x, https:\/\/i0.wp.com\/noticiasribeiraopreto.com.br\/wp-content\/uploads\/2026\/08\/domingo-2026-01-16T173803.687_2026-01-16_20-38-08.webp.webp?fit=1200%2C675&ssl=1&resize=1050%2C600 3x"},"classes":[]},{"id":51341,"url":"https:\/\/noticiasribeiraopreto.com.br\/index.php\/2024\/05\/25\/frente-fria-chega-e-derruba-temperatura-no-interior-de-sp-veja-como-fica-ribeirao\/","url_meta":{"origin":91115,"position":3},"title":"Frente fria chega e derruba temperatura no interior de SP; Veja como fica Ribeir\u00e3o","author":"noticiasribeiraopreto.com.br","date":"25 de May de 2024","format":false,"excerpt":"A passagem de uma frente fria pelo interior do estado de S\u00e3o Paulo, neste final de semana, causou uma queda acentuada nas temperaturas de diversas regi\u00f5es. De acordo com a meteorologia, essa massa de ar frio de origem polar \u00e9 a mais intensa no Brasil neste ano, at\u00e9 agora. Neste\u2026","rel":"","context":"In &quot;Not\u00edcias de Ribeir\u00e3o Preto-SP e Regi\u00e3o&quot;","block_context":{"text":"Not\u00edcias de Ribeir\u00e3o Preto-SP e Regi\u00e3o","link":"https:\/\/noticiasribeiraopreto.com.br\/index.php\/category\/noticias-de-ribeirao-preto-sp-e-regiao-ismael-colosi\/"},"img":{"alt_text":"","src":"https:\/\/i0.wp.com\/noticiasribeiraopreto.com.br\/wp-content\/uploads\/2024\/05\/WhatsApp-Image-2024-05-25-at-10.12.29_2024-05-25_13-12-53_jpeg_2024-05-25_13-12-54.webp.webp?fit=1200%2C900&ssl=1&resize=350%2C200","width":350,"height":200,"srcset":"https:\/\/i0.wp.com\/noticiasribeiraopreto.com.br\/wp-content\/uploads\/2024\/05\/WhatsApp-Image-2024-05-25-at-10.12.29_2024-05-25_13-12-53_jpeg_2024-05-25_13-12-54.webp.webp?fit=1200%2C900&ssl=1&resize=350%2C200 1x, https:\/\/i0.wp.com\/noticiasribeiraopreto.com.br\/wp-content\/uploads\/2024\/05\/WhatsApp-Image-2024-05-25-at-10.12.29_2024-05-25_13-12-53_jpeg_2024-05-25_13-12-54.webp.webp?fit=1200%2C900&ssl=1&resize=525%2C300 1.5x, https:\/\/i0.wp.com\/noticiasribeiraopreto.com.br\/wp-content\/uploads\/2024\/05\/WhatsApp-Image-2024-05-25-at-10.12.29_2024-05-25_13-12-53_jpeg_2024-05-25_13-12-54.webp.webp?fit=1200%2C900&ssl=1&resize=700%2C400 2x, https:\/\/i0.wp.com\/noticiasribeiraopreto.com.br\/wp-content\/uploads\/2024\/05\/WhatsApp-Image-2024-05-25-at-10.12.29_2024-05-25_13-12-53_jpeg_2024-05-25_13-12-54.webp.webp?fit=1200%2C900&ssl=1&resize=1050%2C600 3x"},"classes":[]},{"id":56123,"url":"https:\/\/noticiasribeiraopreto.com.br\/index.php\/2024\/08\/09\/frente-fria-interior-de-sp-tem-alerta-para-chuvas-intensas-veja-cidades-afetadas\/","url_meta":{"origin":91115,"position":4},"title":"Frente fria: interior de SP tem alerta para chuvas intensas; Veja cidades afetadas","author":"noticiasribeiraopreto.com.br","date":"9 de August de 2024","format":false,"excerpt":"Uma forte frente fria come\u00e7ou a atuar sobre interior do Estado de S\u00e3o Paulo nesta sexta-feira (9) e promete deixar as temperaturas mais baixas neste final de semana. Por conta desse cen\u00e1rio, o Instituto de Meteorologia (Inmet) emitiu um alerta de perigo potencial para chuvas intensas em diversas regi\u00f5es, inclusive\u2026","rel":"","context":"In &quot;Not\u00edcias de Ribeir\u00e3o Preto-SP e Regi\u00e3o&quot;","block_context":{"text":"Not\u00edcias de Ribeir\u00e3o Preto-SP e Regi\u00e3o","link":"https:\/\/noticiasribeiraopreto.com.br\/index.php\/category\/noticias-de-ribeirao-preto-sp-e-regiao-ismael-colosi\/"},"img":{"alt_text":"","src":"https:\/\/i0.wp.com\/noticiasribeiraopreto.com.br\/wp-content\/uploads\/2024\/08\/CicloneextratropicalgrandeeintensoprovocaalertaVejaaprevisodotempo_Tamanho_2_image.jpg?fit=1200%2C900&ssl=1&resize=350%2C200","width":350,"height":200,"srcset":"https:\/\/i0.wp.com\/noticiasribeiraopreto.com.br\/wp-content\/uploads\/2024\/08\/CicloneextratropicalgrandeeintensoprovocaalertaVejaaprevisodotempo_Tamanho_2_image.jpg?fit=1200%2C900&ssl=1&resize=350%2C200 1x, https:\/\/i0.wp.com\/noticiasribeiraopreto.com.br\/wp-content\/uploads\/2024\/08\/CicloneextratropicalgrandeeintensoprovocaalertaVejaaprevisodotempo_Tamanho_2_image.jpg?fit=1200%2C900&ssl=1&resize=525%2C300 1.5x, https:\/\/i0.wp.com\/noticiasribeiraopreto.com.br\/wp-content\/uploads\/2024\/08\/CicloneextratropicalgrandeeintensoprovocaalertaVejaaprevisodotempo_Tamanho_2_image.jpg?fit=1200%2C900&ssl=1&resize=700%2C400 2x, https:\/\/i0.wp.com\/noticiasribeiraopreto.com.br\/wp-content\/uploads\/2024\/08\/CicloneextratropicalgrandeeintensoprovocaalertaVejaaprevisodotempo_Tamanho_2_image.jpg?fit=1200%2C900&ssl=1&resize=1050%2C600 3x"},"classes":[]},{"id":79151,"url":"https:\/\/noticiasribeiraopreto.com.br\/index.php\/2025\/10\/25\/inmet-emite-alerta-de-perigo-potencial-para-o-interior-de-sp-confira-regioes-afetadas\/","url_meta":{"origin":91115,"position":5},"title":"Inmet emite alerta de perigo potencial para o interior de SP; Confira regi\u00f5es afetadas","author":"noticiasribeiraopreto.com.br","date":"25 de October de 2025","format":false,"excerpt":"O Inmet (Instituto Nacional de Meteorologia) emitiu um novo alerta de perigo potencial para abaixa umidade do ar no interior de S\u00e3o Paulo neste s\u00e1bado (25). De acordo com o \u00f3rg\u00e3o, a umidade relativa do ar pode variar entre 20% e 30% em diferentes regi\u00f5es. Apesar de baixo, o Inmet\u2026","rel":"","context":"In &quot;Not\u00edcias de Ribeir\u00e3o Preto-SP e Regi\u00e3o&quot;","block_context":{"text":"Not\u00edcias de Ribeir\u00e3o Preto-SP e Regi\u00e3o","link":"https:\/\/noticiasribeiraopreto.com.br\/index.php\/category\/noticias-de-ribeirao-preto-sp-e-regiao-ismael-colosi\/"},"img":{"alt_text":"","src":"https:\/\/i0.wp.com\/noticiasribeiraopreto.com.br\/wp-content\/uploads\/2025\/10\/20230711_174150-scaled.jpg?fit=1200%2C540&ssl=1&resize=350%2C200","width":350,"height":200,"srcset":"https:\/\/i0.wp.com\/noticiasribeiraopreto.com.br\/wp-content\/uploads\/2025\/10\/20230711_174150-scaled.jpg?fit=1200%2C540&ssl=1&resize=350%2C200 1x, https:\/\/i0.wp.com\/noticiasribeiraopreto.com.br\/wp-content\/uploads\/2025\/10\/20230711_174150-scaled.jpg?fit=1200%2C540&ssl=1&resize=525%2C300 1.5x, https:\/\/i0.wp.com\/noticiasribeiraopreto.com.br\/wp-content\/uploads\/2025\/10\/20230711_174150-scaled.jpg?fit=1200%2C540&ssl=1&resize=700%2C400 2x, https:\/\/i0.wp.com\/noticiasribeiraopreto.com.br\/wp-content\/uploads\/2025\/10\/20230711_174150-scaled.jpg?fit=1200%2C540&ssl=1&resize=1050%2C600 3x"},"classes":[]}],"jetpack_sharing_enabled":true,"jetpack_shortlink":"https:\/\/wp.me\/peQAOb-nHB","jetpack_featured_media_url":"https:\/\/i0.wp.com\/noticiasribeiraopreto.com.br\/wp-content\/uploads\/2026\/09\/defesa-civil-chuva-sao-paulo.jpeg?fit=1599%2C899&ssl=1","_links":{"self":[{"href":"https:\/\/noticiasribeiraopreto.com.br\/index.php\/wp-json\/wp\/v2\/posts\/91115","targetHints":{"allow":["GET"]}}],"collection":[{"href":"https:\/\/noticiasribeiraopreto.com.br\/index.php\/wp-json\/wp\/v2\/posts"}],"about":[{"href":"https:\/\/noticiasribeiraopreto.com.br\/index.php\/wp-json\/wp\/v2\/types\/post"}],"author":[{"embeddable":true,"href":"https:\/\/noticiasribeiraopreto.com.br\/index.php\/wp-json\/wp\/v2\/users\/1"}],"replies":[{"embeddable":true,"href":"https:\/\/noticiasribeiraopreto.com.br\/index.php\/wp-json\/wp\/v2\/comments?post=91115"}],"version-history":[{"count":0,"href":"https:\/\/noticiasribeiraopreto.com.br\/index.php\/wp-json\/wp\/v2\/posts\/91115\/revisions"}],"wp:featuredmedia":[{"embeddable":true,"href":"https:\/\/noticiasribeiraopreto.com.br\/index.php\/wp-json\/wp\/v2\/media\/91116"}],"wp:attachment":[{"href":"https:\/\/noticiasribeiraopreto.com.br\/index.php\/wp-json\/wp\/v2\/media?parent=91115"}],"wp:term":[{"taxonomy":"category","embeddable":true,"href":"https:\/\/noticiasribeiraopreto.com.br\/index.php\/wp-json\/wp\/v2\/categories?post=91115"},{"taxonomy":"post_tag","embeddable":true,"href":"https:\/\/noticiasribeiraopreto.com.br\/index.php\/wp-json\/wp\/v2\/tags?post=91115"}],"curies":[{"name":"wp","href":"https:\/\/api.w.org\/{rel}","templated":true}]}}