{"id":91117,"date":"2026-09-04T15:23:02","date_gmt":"2026-09-04T18:23:02","guid":{"rendered":"https:\/\/noticiasribeiraopreto.com.br\/index.php\/2026\/09\/04\/feriado-de-7-de-setembro-veja-o-que-abre-e-fecha-nos-servicos-publicos-em-ribeirao-preto\/"},"modified":"2026-09-04T15:23:02","modified_gmt":"2026-09-04T18:23:02","slug":"feriado-de-7-de-setembro-veja-o-que-abre-e-fecha-nos-servicos-publicos-em-ribeirao-preto","status":"publish","type":"post","link":"https:\/\/noticiasribeiraopreto.com.br\/index.php\/2026\/09\/04\/feriado-de-7-de-setembro-veja-o-que-abre-e-fecha-nos-servicos-publicos-em-ribeirao-preto\/","title":{"rendered":"Feriado de 7 de Setembro: veja o que abre e fecha nos servi\u00e7os p\u00fablicos em Ribeir\u00e3o Preto"},"content":{"rendered":"<div class='code-block code-block-1' style='margin: 8px 0 8px auto; text-align: right; display: block; clear: both;'>\n<p><a href=\"https:\/\/wa.link\/vpicfd\"><img data-recalc-dims=\"1\" class=\"wp-image-4922\" style=\"aspect-ratio: 2.0253164556962027; width: 561px; height: auto;\" src=\"https:\/\/i0.wp.com\/ismaelcolosi.com.br\/wp-content\/uploads\/2023\/11\/grupo-de-empregos-whatsapp-e-facebook-ismael-colosi-vagas.jpg?ssl=1\" alt=\"\" \/><\/a><\/p>\n<!-- \/wp:image -->\n<\/div>\n<p> <br \/>\n<\/p>\n<p>O feriado da <strong>Independ\u00eancia do Brasil<\/strong>, celebrado na segunda-feira (7), altera o funcionamento de servi\u00e7os p\u00fablicos em <strong>Ribeir\u00e3o Preto<\/strong>. Segundo a Prefeitura, as <strong>unidades que prestam servi\u00e7os essenciais manter\u00e3o o atendimento durante o feriado.<\/strong><\/p>\n<div class=\"wp-block-rank-math-toc-block\" id=\"rank-math-toc\">\n<h2>Veja cada hor\u00e1rio<\/h2>\n<nav>\n<ul>\n<li class=\"\">Sa\u00fade<\/li>\n<li class=\"\">Transporte p\u00fablico<\/li>\n<li class=\"\">Assist\u00eancia Social<\/li>\n<li class=\"\">Saerp<\/li>\n<li class=\"\">Parques e Zool\u00f3gico<\/li>\n<li class=\"\">Coleta de lixo e Ecopontos<\/li>\n<li class=\"\">Poupatempo<\/li>\n<li class=\"\">Seguran\u00e7a e Defesa Civil<\/li>\n<\/ul>\n<\/nav>\n<\/div>\n<p>As <strong>reparti\u00e7\u00f5es p\u00fablicas municipais n\u00e3o ter\u00e3o expediente na segunda-feira <\/strong>e retomam o atendimento normal na ter\u00e7a-feira (8), a partir das 8h.<\/p>\n<p>Confira como funcionam os principais servi\u00e7os p\u00fablicos de Ribeir\u00e3o Preto durante o feriado de 7 de Setembro.<\/p>\n<h2 class=\"wp-block-heading\" id=\"saude\">Sa\u00fade<\/h2>\n<p>As unidades de pronto atendimento com funcionamento 24 horas atender\u00e3o normalmente durante o feriado.<\/p>\n<p>Entre as unidades est\u00e3o:<\/p>\n<ul class=\"wp-block-list\">\n<li><strong>UPA Leste:<\/strong><br \/>Avenida 13 de Maio, 353, Jardim Paulistano;<\/li>\n<li><strong>UPA Norte:<\/strong><br \/>Avenida Euclydes de Figueiredo, 295, Adelino Simioni;<\/li>\n<li><strong>UPA Oeste:<\/strong><br \/>Rua Teresina, 678, Sumarezinho;<\/li>\n<li><strong>UPA Sul:<\/strong><br \/>Rua Franco da Rocha, 1.270, Vila Virg\u00ednia;<\/li>\n<li><strong>PAM (Pronto Atendimento em Sa\u00fade Mental):<\/strong><br \/>Rua Bruno Pelicani, 70, Quintino Facci II.<\/li>\n<\/ul>\n<p>As <strong>UBSs e USFs<\/strong> n\u00e3o ter\u00e3o atendimento na segunda-feira (7). A medida tamb\u00e9m vale para a <strong>UBS Bonfim Paulista\/Mamoru Kobayashi<\/strong>. As unidades retomam as atividades na ter\u00e7a-feira (8).<\/p>\n<div class=\"wp-block-image\">\n<figure class=\"aligncenter size-large is-resized\"><figcaption class=\"wp-element-caption\">UPA vai funcionar 24h (Foto: Fernando Gonzaga\/Prefeitura de Ribeir\u00e3o Preto)<\/figcaption><\/figure>\n<\/div>\n<p class=\"has-text-align-center has-small-font-size\"><em>Receba not\u00edcias do\u00a0<strong>acidade on Ribeir\u00e3o\u00a0<\/strong>no WhatsApp e fique por dentro de tudo! Basta acessar o link<a href=\"https:\/\/chat.whatsapp.com\/DfXwcjKVIddHUT3BvnQuPZ?mode=hqctshi\" target=\"_blank\" rel=\"noreferrer noopener\">\u00a0aqui<\/a>!<\/em><\/p>\n<h2 class=\"wp-block-heading\" id=\"transporte-publico\">Transporte p\u00fablico<\/h2>\n<p>Os \u00f4nibus do transporte coletivo de Ribeir\u00e3o Preto circular\u00e3o com <strong>hor\u00e1rios de domingo<\/strong> durante o feriado de 7 de Setembro.<\/p>\n<p>Os postos e terminais ter\u00e3o os seguintes hor\u00e1rios:<\/p>\n<ul class=\"wp-block-list\">\n<li><strong>Central de Vendas e Benef\u00edcios:<\/strong> fechada no dia 7<\/li>\n<li><strong>Atendimento telef\u00f4nico \u2013 0800 16 16 001:<\/strong> das 6h \u00e0s 23h<\/li>\n<li><strong>Terminal Dra. Evangelina:<\/strong> das 6h \u00e0s 22h<\/li>\n<li><strong>Terminais de bairro:<\/strong> das 8h \u00e0s 12h<\/li>\n<li><strong>Terminal Ribeir\u00e3o Shopping:<\/strong> das 6h \u00e0s 18h<\/li>\n<li><strong>Terminal HC:<\/strong> das 6h \u00e0s 12h<\/li>\n<\/ul>\n<h2 class=\"wp-block-heading\" id=\"assistencia-social\">Assist\u00eancia Social<\/h2>\n<p>Os servi\u00e7os de <strong>abordagem social e acolhimento<\/strong> funcionar\u00e3o normalmente durante o feriado.<\/p>\n<p>Em situa\u00e7\u00f5es emergenciais, a popula\u00e7\u00e3o pode entrar em contato com o <strong>FAS \u2013 Fale Assist\u00eancia Social<\/strong> pelos telefones <strong>161<\/strong> e <strong>0800 773 0161<\/strong>.<\/p>\n<h2 class=\"wp-block-heading\" id=\"saerp\">Saerp<\/h2>\n<p>A <strong>Saerp<\/strong> manter\u00e1 equipes de plant\u00e3o para atender ocorr\u00eancias emergenciais durante o feriado.<\/p>\n<p>A Central de Atendimento funcionar\u00e1 normalmente pelo telefone <strong>0800 115 0115<\/strong>.<\/p>\n<h2 class=\"wp-block-heading\" id=\"parques-e-zoologico\">Parques e Zool\u00f3gico<\/h2>\n<p>Os parques municipais de Ribeir\u00e3o Preto funcionar\u00e3o normalmente na segunda-feira (7).<\/p>\n<p>O <strong>Bosque e Zool\u00f3gico Municipal Dr. F\u00e1bio Barreto<\/strong>, no entanto, <strong>permanecer\u00e1 fechado para manuten\u00e7\u00e3o.<\/strong><\/p>\n<div class=\"wp-block-image\">\n<figure class=\"aligncenter size-large\"><img data-recalc-dims=\"1\" loading=\"lazy\" decoding=\"async\" width=\"1024\" height=\"576\" src=\"https:\/\/i0.wp.com\/www.acidadeon.com\/ribeiraopreto\/wp-content\/uploads\/sites\/3\/2026\/08\/bosque-zoo-de-ribeirao--1024x576.jpg?resize=1024%2C576&#038;ssl=1\" alt=\"Bosque de Ribeir\u00e3o Preto - Foto: Guilherme Sircili\" class=\"wp-image-171332\" title=\"Feriado de 7 de Setembro: veja o que abre e fecha nos servi\u00e7os p\u00fablicos em Ribeir\u00e3o Preto 2\"><figcaption class=\"wp-element-caption\">Bosque de Ribeir\u00e3o Preto \u2013 Foto: Guilherme Sircili<\/figcaption><\/figure>\n<\/div>\n<h2 class=\"wp-block-heading\" id=\"coleta-de-lixo-e-ecopontos\">Coleta de lixo e Ecopontos<\/h2>\n<p>A <strong>coleta de lixo<\/strong> seguir\u00e1 normalmente durante todo o feriado.<\/p>\n<p>Os <strong>Ecopontos<\/strong> tamb\u00e9m funcionar\u00e3o normalmente, das <strong>7h \u00e0s 19h<\/strong>.<\/p>\n<div class=\"wp-block-image\">\n<figure class=\"aligncenter size-large\"><img data-recalc-dims=\"1\" loading=\"lazy\" decoding=\"async\" width=\"1024\" height=\"681\" src=\"https:\/\/i0.wp.com\/www.acidadeon.com\/ribeiraopreto\/wp-content\/uploads\/sites\/3\/2026\/06\/WhatsApp-Image-2026-06-08-at-12.46.55_2026-06-08_17-12-25-1024x681.webp?resize=1024%2C681&#038;ssl=1\" alt=\"WhatsApp Image 2026 06 08 at 12.46.55 2026 06 08 17 12 25\" class=\"wp-image-160071\" title=\"Feriado de 7 de Setembro: veja o que abre e fecha nos servi\u00e7os p\u00fablicos em Ribeir\u00e3o Preto 3\"><figcaption class=\"wp-element-caption\">Foto: Fernando Gonzaga<\/figcaption><\/figure>\n<\/div>\n<p>Para situa\u00e7\u00f5es emergenciais relacionadas aos servi\u00e7os municipais, o morador pode acionar o <strong>SAM (Servi\u00e7o de Atendimento ao Mun\u00edcipe)<\/strong> pelo telefone <strong>156<\/strong>.<\/p>\n<h2 class=\"wp-block-heading\" id=\"poupatempo\">Poupatempo<\/h2>\n<p>O <strong>Poupatempo<\/strong> n\u00e3o ter\u00e1 atendimento na segunda-feira (7).<\/p>\n<p>A unidade retoma o funcionamento na ter\u00e7a-feira (8), das <strong>9h \u00e0s 17h<\/strong>.<\/p>\n<div class=\"wp-block-image\">\n<figure class=\"aligncenter size-large\"><img data-recalc-dims=\"1\" loading=\"lazy\" decoding=\"async\" width=\"1024\" height=\"681\" src=\"https:\/\/i0.wp.com\/www.acidadeon.com\/ribeiraopreto\/wp-content\/uploads\/sites\/3\/2023\/11\/predio_novo_-_foto_guilherme_sircili_2-1-1024x681.jpg?resize=1024%2C681&#038;ssl=1\" alt=\"15 de Novembro \u00e9 feriado nacional - Foto: Guilherme Sircili\/ CCS\" class=\"wp-image-60859\" title=\"Feriado de 7 de Setembro: veja o que abre e fecha nos servi\u00e7os p\u00fablicos em Ribeir\u00e3o Preto 4\"><figcaption class=\"wp-element-caption\">Foto: Guilherme Sircili\/ CCS<\/figcaption><\/figure>\n<\/div>\n<h2 class=\"wp-block-heading\" id=\"seguranca-e-defesa-civil\">Seguran\u00e7a e Defesa Civil<\/h2>\n<p>A <strong>Guarda Civil Metropolitana<\/strong> mant\u00e9m atendimento 24 horas pelo telefone <strong>153<\/strong>.<\/p>\n<p>A <strong>Defesa Civil<\/strong> tamb\u00e9m atende 24 horas pelo telefone <strong>199<\/strong>.<\/p>\n<hr class=\"wp-block-separator has-alpha-channel-opacity\">\n<p class=\"has-text-align-center has-small-font-size\"><em>Fa\u00e7a uma den\u00fancia ou sugira uma reportagem sobre\u00a0<strong>Ribeir\u00e3o Preto\u00a0<\/strong>e regi\u00e3o por meio do WhatsApp do\u00a0<strong>acidade on Ribeir\u00e3o<\/strong>: (16) 99117-7802.<\/em><\/p>\n<\/p>\n<p>O post Feriado de 7 de Setembro: veja o que abre e fecha nos servi\u00e7os p\u00fablicos em Ribeir\u00e3o Preto apareceu primeiro em ACidade ON Ribeir\u00e3o Preto.<\/p>\n<p><br \/>\n<br \/><a href=\"https:\/\/www.acidadeon.com\/ribeiraopreto\/cotidiano\/feriado-de-7-de-setembro-veja-o-que-abre-e-fecha-nos-servicos-publicos-em-ribeirao-preto\/\">Link para o texto original aqui <\/a><\/p>\n<!-- CONTENT END 1 -->\n","protected":false},"excerpt":{"rendered":"<p>O feriado da Independ\u00eancia do Brasil, celebrado na segunda-feira (7), altera o funcionamento de servi\u00e7os p\u00fablicos em Ribeir\u00e3o Preto. Segundo a Prefeitura, as unidades que&#8230;<\/p>\n","protected":false},"author":1,"featured_media":57349,"comment_status":"","ping_status":"","sticky":false,"template":"","format":"standard","meta":{"advanced_seo_description":"","jetpack_seo_html_title":"","jetpack_seo_noindex":false,"jetpack_seo_schema_type":"","_jetpack_newsletter_access":"","_jetpack_dont_email_post_to_subs":false,"_jetpack_newsletter_tier_id":0,"_jetpack_memberships_contains_paywalled_content":false,"_jetpack_feature_clip_id":0,"_jetpack_memberships_contains_paid_content":false,"footnotes":"","jetpack_publicize_message":"","jetpack_publicize_feature_enabled":true,"jetpack_social_post_already_shared":true,"jetpack_social_options":{"image_generator_settings":{"template":"highway","default_image_id":0,"font":"","enabled":false},"version":2},"jetpack_post_was_ever_published":false},"categories":[11],"tags":[210,726,377,896,27,767,26,1998,3398,48],"class_list":["post-91117","post","type-post","status-publish","format-standard","has-post-thumbnail","hentry","category-noticias-de-ribeirao-preto-sp-e-regiao-ismael-colosi","tag-abre","tag-fecha","tag-feriado","tag-nos","tag-preto","tag-publicos","tag-ribeirao","tag-servicos","tag-setembro","tag-veja"],"jetpack_publicize_connections":[],"jetpack-related-posts":[{"id":1919,"url":"https:\/\/noticiasribeiraopreto.com.br\/index.php\/2023\/11\/14\/feriado-veja-o-que-abre-e-fecha-nos-servicos-publicos-em-ribeirao-preto\/","url_meta":{"origin":91117,"position":0},"title":"Feriado: Veja o que abre e fecha nos servi\u00e7os p\u00fablicos em Ribeir\u00e3o Preto\u00a0","author":"noticiasribeiraopreto.com.br","date":"14 de November de 2023","format":false,"excerpt":"No feriado da Proclama\u00e7\u00e3o da Rep\u00fablica, nesta quarta-feira (15), os servi\u00e7os essenciais ser\u00e3o mantidos no munic\u00edpio pela Prefeitura de Ribeir\u00e3o Preto. As reparti\u00e7\u00f5es p\u00fablicas fecham na quarta (15) e s\u00f3 reabrem na quinta-feira (17). \u00a0 Veja o que abre e fecha\u00a0 SA\u00daDE\u00a0 UPA Leste \u2013 Avenida Treze de Maio, 353:\u2026","rel":"","context":"In &quot;Not\u00edcias de Ribeir\u00e3o Preto-SP e Regi\u00e3o&quot;","block_context":{"text":"Not\u00edcias de Ribeir\u00e3o Preto-SP e Regi\u00e3o","link":"https:\/\/noticiasribeiraopreto.com.br\/index.php\/category\/noticias-de-ribeirao-preto-sp-e-regiao-ismael-colosi\/"},"img":{"alt_text":"","src":"https:\/\/i0.wp.com\/noticiasribeiraopreto.com.br\/wp-content\/uploads\/2023\/11\/predio_novo_-_foto_guilherme_sircili_2-1.jpg?fit=1200%2C799&ssl=1&resize=350%2C200","width":350,"height":200,"srcset":"https:\/\/i0.wp.com\/noticiasribeiraopreto.com.br\/wp-content\/uploads\/2023\/11\/predio_novo_-_foto_guilherme_sircili_2-1.jpg?fit=1200%2C799&ssl=1&resize=350%2C200 1x, https:\/\/i0.wp.com\/noticiasribeiraopreto.com.br\/wp-content\/uploads\/2023\/11\/predio_novo_-_foto_guilherme_sircili_2-1.jpg?fit=1200%2C799&ssl=1&resize=525%2C300 1.5x, https:\/\/i0.wp.com\/noticiasribeiraopreto.com.br\/wp-content\/uploads\/2023\/11\/predio_novo_-_foto_guilherme_sircili_2-1.jpg?fit=1200%2C799&ssl=1&resize=700%2C400 2x, https:\/\/i0.wp.com\/noticiasribeiraopreto.com.br\/wp-content\/uploads\/2023\/11\/predio_novo_-_foto_guilherme_sircili_2-1.jpg?fit=1200%2C799&ssl=1&resize=1050%2C600 3x"},"classes":[]},{"id":60620,"url":"https:\/\/noticiasribeiraopreto.com.br\/index.php\/2024\/11\/19\/consciencia-negra-veja-o-que-abre-e-fecha-nos-servicos-publicos-de-ribeirao\/","url_meta":{"origin":91117,"position":1},"title":"Consci\u00eancia Negra: veja o que abre e fecha nos servi\u00e7os p\u00fablicos de Ribeir\u00e3o","author":"noticiasribeiraopreto.com.br","date":"19 de November de 2024","format":false,"excerpt":"O feriado da Consci\u00eancia Negra ser\u00e1 celebrado pela primeira vez em todo o Brasil, nesta quarta-feira (20). Com isso, os hor\u00e1rios de funcionamento dos servi\u00e7os p\u00fablicos em Ribeir\u00e3o Preto sofrem mudan\u00e7as. De acordo com a Prefeitura, setores essenciais, como sa\u00fade, transporte, seguran\u00e7a e coleta de lixo, seguir\u00e3o com plant\u00f5es e\u2026","rel":"","context":"In &quot;Not\u00edcias de Ribeir\u00e3o Preto-SP e Regi\u00e3o&quot;","block_context":{"text":"Not\u00edcias de Ribeir\u00e3o Preto-SP e Regi\u00e3o","link":"https:\/\/noticiasribeiraopreto.com.br\/index.php\/category\/noticias-de-ribeirao-preto-sp-e-regiao-ismael-colosi\/"},"img":{"alt_text":"","src":"https:\/\/i0.wp.com\/noticiasribeiraopreto.com.br\/wp-content\/uploads\/2024\/11\/predio_novo_-_foto_guilherme_sircili_2.jpg?fit=1200%2C799&ssl=1&resize=350%2C200","width":350,"height":200,"srcset":"https:\/\/i0.wp.com\/noticiasribeiraopreto.com.br\/wp-content\/uploads\/2024\/11\/predio_novo_-_foto_guilherme_sircili_2.jpg?fit=1200%2C799&ssl=1&resize=350%2C200 1x, https:\/\/i0.wp.com\/noticiasribeiraopreto.com.br\/wp-content\/uploads\/2024\/11\/predio_novo_-_foto_guilherme_sircili_2.jpg?fit=1200%2C799&ssl=1&resize=525%2C300 1.5x, https:\/\/i0.wp.com\/noticiasribeiraopreto.com.br\/wp-content\/uploads\/2024\/11\/predio_novo_-_foto_guilherme_sircili_2.jpg?fit=1200%2C799&ssl=1&resize=700%2C400 2x, https:\/\/i0.wp.com\/noticiasribeiraopreto.com.br\/wp-content\/uploads\/2024\/11\/predio_novo_-_foto_guilherme_sircili_2.jpg?fit=1200%2C799&ssl=1&resize=1050%2C600 3x"},"classes":[]},{"id":20129,"url":"https:\/\/noticiasribeiraopreto.com.br\/index.php\/2023\/12\/24\/feriado-veja-o-que-abre-e-fecha-nos-servicos-da-prefeitura-de-ribeirao-preto\/","url_meta":{"origin":91117,"position":2},"title":"Feriado: Veja o que abre e fecha nos servi\u00e7os da Prefeitura de Ribeir\u00e3o Preto","author":"noticiasribeiraopreto.com.br","date":"24 de December de 2023","format":false,"excerpt":"A prefeitura de Ribeir\u00e3o Preto manter\u00e1 em funcionamento os servi\u00e7os p\u00fablicos essenciais na segunda-feira (25), dia de Natal. Atendem normalmente servi\u00e7os de urg\u00eancias e emerg\u00eancias em sa\u00fade e Guarda Civil Metropolitana (GCM). Reparti\u00e7\u00f5es p\u00fablicas permanecer\u00e3o fechadas na segunda (25), retornando \u00e0 normalidade na ter\u00e7a-feira, dia 26, a partir do meio-dia.\u2026","rel":"","context":"In &quot;Not\u00edcias de Ribeir\u00e3o Preto-SP e Regi\u00e3o&quot;","block_context":{"text":"Not\u00edcias de Ribeir\u00e3o Preto-SP e Regi\u00e3o","link":"https:\/\/noticiasribeiraopreto.com.br\/index.php\/category\/noticias-de-ribeirao-preto-sp-e-regiao-ismael-colosi\/"},"img":{"alt_text":"","src":"https:\/\/i0.wp.com\/noticiasribeiraopreto.com.br\/wp-content\/uploads\/2023\/12\/upa.jpg?fit=1200%2C799&ssl=1&resize=350%2C200","width":350,"height":200,"srcset":"https:\/\/i0.wp.com\/noticiasribeiraopreto.com.br\/wp-content\/uploads\/2023\/12\/upa.jpg?fit=1200%2C799&ssl=1&resize=350%2C200 1x, https:\/\/i0.wp.com\/noticiasribeiraopreto.com.br\/wp-content\/uploads\/2023\/12\/upa.jpg?fit=1200%2C799&ssl=1&resize=525%2C300 1.5x, https:\/\/i0.wp.com\/noticiasribeiraopreto.com.br\/wp-content\/uploads\/2023\/12\/upa.jpg?fit=1200%2C799&ssl=1&resize=700%2C400 2x, https:\/\/i0.wp.com\/noticiasribeiraopreto.com.br\/wp-content\/uploads\/2023\/12\/upa.jpg?fit=1200%2C799&ssl=1&resize=1050%2C600 3x"},"classes":[]},{"id":53215,"url":"https:\/\/noticiasribeiraopreto.com.br\/index.php\/2024\/06\/17\/veja-o-que-abre-e-fecha-nos-servicos-publicos-durante-o-aniversario-de-ribeirao-preto\/","url_meta":{"origin":91117,"position":3},"title":"Veja o que abre e fecha nos servi\u00e7os p\u00fablicos durante o anivers\u00e1rio de Ribeir\u00e3o Preto","author":"noticiasribeiraopreto.com.br","date":"17 de June de 2024","format":false,"excerpt":"Ribeir\u00e3o Preto celebra 168 anos nesta quarta-feira (19) e, por conta disso, os hor\u00e1rios de funcionamento dos servi\u00e7os p\u00fablicos da cidade sofrem mudan\u00e7as. Os servi\u00e7os p\u00fablicos essenciais ser\u00e3o mantidos no munic\u00edpio e as reparti\u00e7\u00f5es p\u00fablicas estar\u00e3o fechadas, retornando ao funcionamento normal na quinta-feira (20). Confira os hor\u00e1rios de funcionamento: Sa\u00fade\u2026","rel":"","context":"In &quot;Not\u00edcias de Ribeir\u00e3o Preto-SP e Regi\u00e3o&quot;","block_context":{"text":"Not\u00edcias de Ribeir\u00e3o Preto-SP e Regi\u00e3o","link":"https:\/\/noticiasribeiraopreto.com.br\/index.php\/category\/noticias-de-ribeirao-preto-sp-e-regiao-ismael-colosi\/"},"img":{"alt_text":"","src":"https:\/\/i0.wp.com\/noticiasribeiraopreto.com.br\/wp-content\/uploads\/2024\/06\/totem_eu_amo_ribeirao_-_foto_fernando_gonzaga_2_2024-06-04_11-49-25_jpeg_2024-06-04_11-49-25.webp.webp?fit=1200%2C800&ssl=1&resize=350%2C200","width":350,"height":200,"srcset":"https:\/\/i0.wp.com\/noticiasribeiraopreto.com.br\/wp-content\/uploads\/2024\/06\/totem_eu_amo_ribeirao_-_foto_fernando_gonzaga_2_2024-06-04_11-49-25_jpeg_2024-06-04_11-49-25.webp.webp?fit=1200%2C800&ssl=1&resize=350%2C200 1x, https:\/\/i0.wp.com\/noticiasribeiraopreto.com.br\/wp-content\/uploads\/2024\/06\/totem_eu_amo_ribeirao_-_foto_fernando_gonzaga_2_2024-06-04_11-49-25_jpeg_2024-06-04_11-49-25.webp.webp?fit=1200%2C800&ssl=1&resize=525%2C300 1.5x, https:\/\/i0.wp.com\/noticiasribeiraopreto.com.br\/wp-content\/uploads\/2024\/06\/totem_eu_amo_ribeirao_-_foto_fernando_gonzaga_2_2024-06-04_11-49-25_jpeg_2024-06-04_11-49-25.webp.webp?fit=1200%2C800&ssl=1&resize=700%2C400 2x, https:\/\/i0.wp.com\/noticiasribeiraopreto.com.br\/wp-content\/uploads\/2024\/06\/totem_eu_amo_ribeirao_-_foto_fernando_gonzaga_2_2024-06-04_11-49-25_jpeg_2024-06-04_11-49-25.webp.webp?fit=1200%2C800&ssl=1&resize=1050%2C600 3x"},"classes":[]},{"id":22228,"url":"https:\/\/noticiasribeiraopreto.com.br\/index.php\/2023\/12\/29\/confira-o-que-abre-e-fecha-nos-servicos-da-prefeitura-de-ribeirao-durante-o-feriado-prolongado\/","url_meta":{"origin":91117,"position":4},"title":"Confira o que abre e fecha nos servi\u00e7os da Prefeitura de Ribeir\u00e3o durante o feriado prolongado","author":"noticiasribeiraopreto.com.br","date":"29 de December de 2023","format":false,"excerpt":"Devido ao feriado prolongado de Ano Novo, os \u00f3rg\u00e3os municipais de Ribeir\u00e3o Preto ter\u00e3o altera\u00e7\u00f5es nos hor\u00e1rios de atendimento, at\u00e9 o dia 2 de janeiro de 2024. O Poupatempo, por exemplo, est\u00e1 com o atendimento suspenso at\u00e9 \u00e0s 13h, da pr\u00f3xima ter\u00e7a-feira (2). De acordo com a Prefeitura da cidade,\u2026","rel":"","context":"In &quot;Not\u00edcias de Ribeir\u00e3o Preto-SP e Regi\u00e3o&quot;","block_context":{"text":"Not\u00edcias de Ribeir\u00e3o Preto-SP e Regi\u00e3o","link":"https:\/\/noticiasribeiraopreto.com.br\/index.php\/category\/noticias-de-ribeirao-preto-sp-e-regiao-ismael-colosi\/"},"img":{"alt_text":"","src":"https:\/\/i0.wp.com\/noticiasribeiraopreto.com.br\/wp-content\/uploads\/2023\/12\/1703864851_predio_novo_-_foto_guilherme_sircili_2.jpg?fit=1200%2C799&ssl=1&resize=350%2C200","width":350,"height":200,"srcset":"https:\/\/i0.wp.com\/noticiasribeiraopreto.com.br\/wp-content\/uploads\/2023\/12\/1703864851_predio_novo_-_foto_guilherme_sircili_2.jpg?fit=1200%2C799&ssl=1&resize=350%2C200 1x, https:\/\/i0.wp.com\/noticiasribeiraopreto.com.br\/wp-content\/uploads\/2023\/12\/1703864851_predio_novo_-_foto_guilherme_sircili_2.jpg?fit=1200%2C799&ssl=1&resize=525%2C300 1.5x, https:\/\/i0.wp.com\/noticiasribeiraopreto.com.br\/wp-content\/uploads\/2023\/12\/1703864851_predio_novo_-_foto_guilherme_sircili_2.jpg?fit=1200%2C799&ssl=1&resize=700%2C400 2x, https:\/\/i0.wp.com\/noticiasribeiraopreto.com.br\/wp-content\/uploads\/2023\/12\/1703864851_predio_novo_-_foto_guilherme_sircili_2.jpg?fit=1200%2C799&ssl=1&resize=1050%2C600 3x"},"classes":[]},{"id":87732,"url":"https:\/\/noticiasribeiraopreto.com.br\/index.php\/2026\/07\/08\/confira-o-que-abre-e-fecha-no-feriado-de-9-de-julho-em-ribeirao-preto\/","url_meta":{"origin":91117,"position":5},"title":"Confira o que abre e fecha no feriado de 9 de Julho em Ribeir\u00e3o Preto","author":"noticiasribeiraopreto.com.br","date":"8 de July de 2026","format":false,"excerpt":"O feriado estadual da Revolu\u00e7\u00e3o Constitucionalista, celebrado nesta quinta-feira (9), altera o funcionamento de servi\u00e7os p\u00fablicos, com\u00e9rcio e shoppings em Ribeir\u00e3o Preto. As reparti\u00e7\u00f5es p\u00fablicas municipais estar\u00e3o fechadas na quinta-feira e na sexta-feira (10), devido ao ponto facultativo. O atendimento ser\u00e1 retomado na segunda-feira (13), a partir das 8h. Servi\u00e7os\u2026","rel":"","context":"In &quot;Not\u00edcias de Ribeir\u00e3o Preto-SP e Regi\u00e3o&quot;","block_context":{"text":"Not\u00edcias de Ribeir\u00e3o Preto-SP e Regi\u00e3o","link":"https:\/\/noticiasribeiraopreto.com.br\/index.php\/category\/noticias-de-ribeirao-preto-sp-e-regiao-ismael-colosi\/"},"img":{"alt_text":"","src":"https:\/\/i0.wp.com\/noticiasribeiraopreto.com.br\/wp-content\/uploads\/2026\/07\/calcadao-comercio-riberiao_2026-05-06_17-23-01.webp.webp?fit=1200%2C799&ssl=1&resize=350%2C200","width":350,"height":200,"srcset":"https:\/\/i0.wp.com\/noticiasribeiraopreto.com.br\/wp-content\/uploads\/2026\/07\/calcadao-comercio-riberiao_2026-05-06_17-23-01.webp.webp?fit=1200%2C799&ssl=1&resize=350%2C200 1x, https:\/\/i0.wp.com\/noticiasribeiraopreto.com.br\/wp-content\/uploads\/2026\/07\/calcadao-comercio-riberiao_2026-05-06_17-23-01.webp.webp?fit=1200%2C799&ssl=1&resize=525%2C300 1.5x, https:\/\/i0.wp.com\/noticiasribeiraopreto.com.br\/wp-content\/uploads\/2026\/07\/calcadao-comercio-riberiao_2026-05-06_17-23-01.webp.webp?fit=1200%2C799&ssl=1&resize=700%2C400 2x, https:\/\/i0.wp.com\/noticiasribeiraopreto.com.br\/wp-content\/uploads\/2026\/07\/calcadao-comercio-riberiao_2026-05-06_17-23-01.webp.webp?fit=1200%2C799&ssl=1&resize=1050%2C600 3x"},"classes":[]}],"jetpack_sharing_enabled":true,"jetpack_shortlink":"https:\/\/wp.me\/peQAOb-nHD","jetpack_featured_media_url":"https:\/\/i0.wp.com\/noticiasribeiraopreto.com.br\/wp-content\/uploads\/2024\/08\/PORTICO-FERNANDO-GONZAGA_2024-07-05_14-45-59_jpeg_2024-07-05_14-45-59.webp.webp?fit=1200%2C800&ssl=1","_links":{"self":[{"href":"https:\/\/noticiasribeiraopreto.com.br\/index.php\/wp-json\/wp\/v2\/posts\/91117","targetHints":{"allow":["GET"]}}],"collection":[{"href":"https:\/\/noticiasribeiraopreto.com.br\/index.php\/wp-json\/wp\/v2\/posts"}],"about":[{"href":"https:\/\/noticiasribeiraopreto.com.br\/index.php\/wp-json\/wp\/v2\/types\/post"}],"author":[{"embeddable":true,"href":"https:\/\/noticiasribeiraopreto.com.br\/index.php\/wp-json\/wp\/v2\/users\/1"}],"replies":[{"embeddable":true,"href":"https:\/\/noticiasribeiraopreto.com.br\/index.php\/wp-json\/wp\/v2\/comments?post=91117"}],"version-history":[{"count":0,"href":"https:\/\/noticiasribeiraopreto.com.br\/index.php\/wp-json\/wp\/v2\/posts\/91117\/revisions"}],"wp:featuredmedia":[{"embeddable":true,"href":"https:\/\/noticiasribeiraopreto.com.br\/index.php\/wp-json\/wp\/v2\/media\/57349"}],"wp:attachment":[{"href":"https:\/\/noticiasribeiraopreto.com.br\/index.php\/wp-json\/wp\/v2\/media?parent=91117"}],"wp:term":[{"taxonomy":"category","embeddable":true,"href":"https:\/\/noticiasribeiraopreto.com.br\/index.php\/wp-json\/wp\/v2\/categories?post=91117"},{"taxonomy":"post_tag","embeddable":true,"href":"https:\/\/noticiasribeiraopreto.com.br\/index.php\/wp-json\/wp\/v2\/tags?post=91117"}],"curies":[{"name":"wp","href":"https:\/\/api.w.org\/{rel}","templated":true}]}}