{"id":91118,"date":"2026-09-04T16:07:06","date_gmt":"2026-09-04T19:07:06","guid":{"rendered":"https:\/\/noticiasribeiraopreto.com.br\/index.php\/2026\/09\/04\/nova-caneta-emagrecedora-chega-as-farmacias-brasileiras-por-r-333\/"},"modified":"2026-09-04T16:07:06","modified_gmt":"2026-09-04T19:07:06","slug":"nova-caneta-emagrecedora-chega-as-farmacias-brasileiras-por-r-333","status":"publish","type":"post","link":"https:\/\/noticiasribeiraopreto.com.br\/index.php\/2026\/09\/04\/nova-caneta-emagrecedora-chega-as-farmacias-brasileiras-por-r-333\/","title":{"rendered":"Nova caneta emagrecedora chega \u00e0s farm\u00e1cias brasileiras por R$ 333"},"content":{"rendered":"<div class='code-block code-block-1' style='margin: 8px 0 8px auto; text-align: right; display: block; clear: both;'>\n<p><a href=\"https:\/\/wa.link\/vpicfd\"><img data-recalc-dims=\"1\" class=\"wp-image-4922\" style=\"aspect-ratio: 2.0253164556962027; width: 561px; height: auto;\" src=\"https:\/\/i0.wp.com\/ismaelcolosi.com.br\/wp-content\/uploads\/2023\/11\/grupo-de-empregos-whatsapp-e-facebook-ismael-colosi-vagas.jpg?ssl=1\" alt=\"\" \/><\/a><\/p>\n<!-- \/wp:image -->\n<\/div>\n<p> <br \/>\n<\/p>\n<p>Uma <strong>nova caneta emagrecedora chega \u00e0s farm\u00e1cias brasileiras nesta sexta-feira (4)<\/strong>. A Semavy, produzida pela Mantecorp, utiliza semaglutida e ter\u00e1 pre\u00e7o de R$ 333 na apresenta\u00e7\u00e3o de 1 mg. Segundo a fabricante, <strong>uma caneta corresponde a tr\u00eas meses de tratamento.<\/strong><\/p>\n<p>A <a href=\"https:\/\/www.gov.br\/anvisa\/pt-br\" data-type=\"link\" data-id=\"https:\/\/www.gov.br\/anvisa\/pt-br\" target=\"_blank\" rel=\"noopener\">Ag\u00eancia Nacional de Vigil\u00e2ncia Sanit\u00e1ria (Anvisa)<\/a> concedeu o registro da Semavy em 29 de julho. Na mesma decis\u00e3o, o \u00f3rg\u00e3o autorizou outras quatro marcas que utilizam semaglutida: Zempneo, Orsema, Seemasun e Owozy.<\/p>\n<div class=\"wp-block-image\">\n<figure class=\"aligncenter size-full\"><figcaption class=\"wp-element-caption\">Foto: Divulga\u00e7\u00e3o<\/figcaption><\/figure>\n<\/div>\n<p class=\"has-text-align-center has-small-font-size\"><em>Receba not\u00edcias do\u00a0<strong>acidade on Ribeir\u00e3o\u00a0<\/strong>no WhatsApp e fique por dentro de tudo! Basta acessar o link<a href=\"https:\/\/chat.whatsapp.com\/DfXwcjKVIddHUT3BvnQuPZ?mode=hqctshi\" target=\"_blank\" rel=\"noreferrer noopener\">\u00a0aqui<\/a>!<\/em><\/p>\n<h2 class=\"wp-block-heading\">Como funciona a nova caneta emagrecedora?<\/h2>\n<p>A <strong>semaglutida<\/strong> \u00e9 uma subst\u00e2ncia utilizada no tratamento do diabetes tipo 2. Em doses espec\u00edficas, o princ\u00edpio ativo tamb\u00e9m auxilia no controle do peso.<\/p>\n<p>A Semavy utiliza semaglutida produzida por s\u00edntese qu\u00edmica. Nesse processo, a ind\u00fastria utiliza rea\u00e7\u00f5es realizadas em laborat\u00f3rio para formar a mol\u00e9cula, sem depender de organismos vivos.<\/p>\n<div class=\"wp-block-image\">\n<figure class=\"aligncenter size-large\"><img data-recalc-dims=\"1\" loading=\"lazy\" decoding=\"async\" width=\"1024\" height=\"710\" src=\"https:\/\/i0.wp.com\/www.acidadeon.com\/ribeiraopreto\/wp-content\/uploads\/sites\/3\/2026\/08\/canetas-emagrecedoras-2-1024x710.jpg?resize=1024%2C710&#038;ssl=1\" alt=\"obesidade\" class=\"wp-image-169877\" title=\"Nova caneta emagrecedora chega \u00e0s farm\u00e1cias brasileiras por R$ 333 2\"><figcaption class=\"wp-element-caption\">Foto: Reprodu\u00e7\u00e3o<\/figcaption><\/figure>\n<\/div>\n<p>A estrutura qu\u00edmica da subst\u00e2ncia produzida por esse m\u00e9todo corresponde \u00e0 da semaglutida original. O processo tamb\u00e9m permite ampliar a produ\u00e7\u00e3o, caracter\u00edstica que pode contribuir para a redu\u00e7\u00e3o dos custos de fabrica\u00e7\u00e3o.<\/p>\n<div class=\"wp-block-image\">\n<figure class=\"aligncenter size-large\"><img data-recalc-dims=\"1\" loading=\"lazy\" decoding=\"async\" width=\"1024\" height=\"576\" src=\"https:\/\/i0.wp.com\/www.acidadeon.com\/ribeiraopreto\/wp-content\/uploads\/sites\/3\/2026\/08\/anvisa-aprova-medicamento-2-1024x576.jpg?resize=1024%2C576&#038;ssl=1\" alt=\"Anvisa aprova segundo gen\u00e9rico de semaglutida em caneta injet\u00e1vel - Foto: Rafa Neddermeyer\/ Ag\u00eancia Brasil;\" class=\"wp-image-172424\" title=\"Nova caneta emagrecedora chega \u00e0s farm\u00e1cias brasileiras por R$ 333 3\"><figcaption class=\"wp-element-caption\">Foto: Rafa Neddermeyer\/ Ag\u00eancia Brasil<\/figcaption><\/figure>\n<\/div>\n<p><sup><sub>Com informa\u00e7\u00f5es do G1<\/sub><\/sup><\/p>\n<hr class=\"wp-block-separator has-alpha-channel-opacity\">\n<p class=\"has-text-align-center has-small-font-size\"><em>Fa\u00e7a uma den\u00fancia ou sugira uma reportagem sobre\u00a0<strong>Ribeir\u00e3o Preto\u00a0<\/strong>e regi\u00e3o por meio do WhatsApp do\u00a0<strong>acidade on Ribeir\u00e3o<\/strong>: (16) 99117-7802.<\/em><\/p>\n<p>O post Nova caneta emagrecedora chega \u00e0s farm\u00e1cias brasileiras por R$ 333 apareceu primeiro em ACidade ON Ribeir\u00e3o Preto.<\/p>\n<p><br \/>\n<br \/><a href=\"https:\/\/www.acidadeon.com\/ribeiraopreto\/saude\/nova-caneta-emagrecedora-chega-as-farmacias-brasileiras-por-r-333\/\">Link para o texto original aqui <\/a><\/p>\n<!-- CONTENT END 1 -->\n","protected":false},"excerpt":{"rendered":"<p>Uma nova caneta emagrecedora chega \u00e0s farm\u00e1cias brasileiras nesta sexta-feira (4). A Semavy, produzida pela Mantecorp, utiliza semaglutida e ter\u00e1 pre\u00e7o de R$ 333 na&#8230;<\/p>\n","protected":false},"author":1,"featured_media":91119,"comment_status":"","ping_status":"","sticky":false,"template":"","format":"standard","meta":{"advanced_seo_description":"","jetpack_seo_html_title":"","jetpack_seo_noindex":false,"jetpack_seo_schema_type":"","_jetpack_newsletter_access":"","_jetpack_dont_email_post_to_subs":false,"_jetpack_newsletter_tier_id":0,"_jetpack_memberships_contains_paywalled_content":false,"_jetpack_feature_clip_id":0,"_jetpack_memberships_contains_paid_content":false,"footnotes":"","jetpack_publicize_message":"","jetpack_publicize_feature_enabled":true,"jetpack_social_post_already_shared":true,"jetpack_social_options":{"image_generator_settings":{"template":"highway","default_image_id":0,"font":"","enabled":false},"version":2},"jetpack_post_was_ever_published":false},"categories":[11],"tags":[2967,1455,8560,531,8939,8940,422,134],"class_list":["post-91118","post","type-post","status-publish","format-standard","has-post-thumbnail","hentry","category-noticias-de-ribeirao-preto-sp-e-regiao-ismael-colosi","tag-as","tag-brasileiras","tag-caneta","tag-chega","tag-emagrecedora","tag-farmacias","tag-nova","tag-por"],"jetpack_publicize_connections":[],"jetpack-related-posts":[{"id":75022,"url":"https:\/\/noticiasribeiraopreto.com.br\/index.php\/2025\/08\/01\/caneta-emagrecedora-produzida-no-interior-de-sp-chega-as-farmacias-veja-o-preco\/","url_meta":{"origin":91118,"position":0},"title":"Caneta emagrecedora produzida no interior de SP chega \u00e0s farm\u00e1cias; veja o pre\u00e7o","author":"noticiasribeiraopreto.com.br","date":"1 de August de 2025","format":false,"excerpt":"A farmac\u00eautica EMS come\u00e7a a vender na pr\u00f3xima segunda-feira (4) as primeiras canetas produzidas integralmente no Brasil para o tratamento da obesidade e da diabetes tipo 2. A fabrica\u00e7\u00e3o acontece na unidade da empresa em Hortol\u00e2ndia, no interior de S\u00e3o Paulo. O mercado receber\u00e1 duas vers\u00f5es do medicamento: Olire, indicado\u2026","rel":"","context":"In &quot;Not\u00edcias de Ribeir\u00e3o Preto-SP e Regi\u00e3o&quot;","block_context":{"text":"Not\u00edcias de Ribeir\u00e3o Preto-SP e Regi\u00e3o","link":"https:\/\/noticiasribeiraopreto.com.br\/index.php\/category\/noticias-de-ribeirao-preto-sp-e-regiao-ismael-colosi\/"},"img":{"alt_text":"","src":"https:\/\/i0.wp.com\/noticiasribeiraopreto.com.br\/wp-content\/uploads\/2025\/08\/high-angle-diabetic-woman-checking-her-glucose-level_2025-04-16_23-31-08_jpg_2025-04-16_23-31-11-1024x681.webp.webp?fit=1024%2C681&ssl=1&resize=350%2C200","width":350,"height":200,"srcset":"https:\/\/i0.wp.com\/noticiasribeiraopreto.com.br\/wp-content\/uploads\/2025\/08\/high-angle-diabetic-woman-checking-her-glucose-level_2025-04-16_23-31-08_jpg_2025-04-16_23-31-11-1024x681.webp.webp?fit=1024%2C681&ssl=1&resize=350%2C200 1x, https:\/\/i0.wp.com\/noticiasribeiraopreto.com.br\/wp-content\/uploads\/2025\/08\/high-angle-diabetic-woman-checking-her-glucose-level_2025-04-16_23-31-08_jpg_2025-04-16_23-31-11-1024x681.webp.webp?fit=1024%2C681&ssl=1&resize=525%2C300 1.5x, https:\/\/i0.wp.com\/noticiasribeiraopreto.com.br\/wp-content\/uploads\/2025\/08\/high-angle-diabetic-woman-checking-her-glucose-level_2025-04-16_23-31-08_jpg_2025-04-16_23-31-11-1024x681.webp.webp?fit=1024%2C681&ssl=1&resize=700%2C400 2x"},"classes":[]},{"id":91122,"url":"https:\/\/noticiasribeiraopreto.com.br\/index.php\/2026\/09\/04\/esperanca-para-lito-sousa-anvisa-autoriza-importacao-urgente-de-medicamento-contra-doenca-rara\/","url_meta":{"origin":91118,"position":1},"title":"Esperan\u00e7a para Lito Sousa: Anvisa autoriza importa\u00e7\u00e3o urgente de medicamento contra doen\u00e7a rara","author":"noticiasribeiraopreto.com.br","date":"4 de September de 2026","format":false,"excerpt":"A Anvisa (Ag\u00eancia Nacional de Vigil\u00e2ncia Sanit\u00e1ria) autorizou nesta sexta-feira (4), em car\u00e1ter excepcional, a importa\u00e7\u00e3o e o uso do f\u00e1rmaco experimental ALN-6457 (siRNA conjugado a C16 dirigido \u00e0 prote\u00edna pri\u00f4nica) para tratar o influenciador e especialista em avia\u00e7\u00e3o Lito Sousa. Ele enfrenta o diagn\u00f3stico da doen\u00e7a de Creutzfeldt-Jakob (DCJ).\u2026","rel":"","context":"In &quot;Not\u00edcias de Ribeir\u00e3o Preto-SP e Regi\u00e3o&quot;","block_context":{"text":"Not\u00edcias de Ribeir\u00e3o Preto-SP e Regi\u00e3o","link":"https:\/\/noticiasribeiraopreto.com.br\/index.php\/category\/noticias-de-ribeirao-preto-sp-e-regiao-ismael-colosi\/"},"img":{"alt_text":"","src":"https:\/\/i0.wp.com\/noticiasribeiraopreto.com.br\/wp-content\/uploads\/2026\/09\/lito-sousa.jpeg?fit=1200%2C674&ssl=1&resize=350%2C200","width":350,"height":200,"srcset":"https:\/\/i0.wp.com\/noticiasribeiraopreto.com.br\/wp-content\/uploads\/2026\/09\/lito-sousa.jpeg?fit=1200%2C674&ssl=1&resize=350%2C200 1x, https:\/\/i0.wp.com\/noticiasribeiraopreto.com.br\/wp-content\/uploads\/2026\/09\/lito-sousa.jpeg?fit=1200%2C674&ssl=1&resize=525%2C300 1.5x, https:\/\/i0.wp.com\/noticiasribeiraopreto.com.br\/wp-content\/uploads\/2026\/09\/lito-sousa.jpeg?fit=1200%2C674&ssl=1&resize=700%2C400 2x, https:\/\/i0.wp.com\/noticiasribeiraopreto.com.br\/wp-content\/uploads\/2026\/09\/lito-sousa.jpeg?fit=1200%2C674&ssl=1&resize=1050%2C600 3x"},"classes":[]},{"id":90124,"url":"https:\/\/noticiasribeiraopreto.com.br\/index.php\/2026\/08\/17\/anvisa-aprova-1o-generico-de-caneta-de-semaglutida-no-brasil\/","url_meta":{"origin":91118,"position":2},"title":"Anvisa aprova 1\u00ba gen\u00e9rico de caneta de semaglutida no Brasil","author":"noticiasribeiraopreto.com.br","date":"17 de August de 2026","format":false,"excerpt":"A Anvisa (Ag\u00eancia Nacional de Vigil\u00e2ncia Sanit\u00e1ria) aprovou dois novos medicamentos injet\u00e1veis \u00e0 base de semaglutida obtida por via sint\u00e9tica, incluindo o primeiro gen\u00e9rico do Pa\u00eds. Os registros foram publicados no DOU (Di\u00e1rio Oficial da Uni\u00e3o) desta segunda (17). Receba not\u00edcias do\u00a0acidade on Ribeir\u00e3o\u00a0no WhatsApp e fique por dentro de\u2026","rel":"","context":"In &quot;Not\u00edcias de Ribeir\u00e3o Preto-SP e Regi\u00e3o&quot;","block_context":{"text":"Not\u00edcias de Ribeir\u00e3o Preto-SP e Regi\u00e3o","link":"https:\/\/noticiasribeiraopreto.com.br\/index.php\/category\/noticias-de-ribeirao-preto-sp-e-regiao-ismael-colosi\/"},"img":{"alt_text":"","src":"https:\/\/i0.wp.com\/noticiasribeiraopreto.com.br\/wp-content\/uploads\/2026\/08\/caneta-emagracedora_2026-01-21_17-17-22.webp.webp?fit=1200%2C800&ssl=1&resize=350%2C200","width":350,"height":200,"srcset":"https:\/\/i0.wp.com\/noticiasribeiraopreto.com.br\/wp-content\/uploads\/2026\/08\/caneta-emagracedora_2026-01-21_17-17-22.webp.webp?fit=1200%2C800&ssl=1&resize=350%2C200 1x, https:\/\/i0.wp.com\/noticiasribeiraopreto.com.br\/wp-content\/uploads\/2026\/08\/caneta-emagracedora_2026-01-21_17-17-22.webp.webp?fit=1200%2C800&ssl=1&resize=525%2C300 1.5x, https:\/\/i0.wp.com\/noticiasribeiraopreto.com.br\/wp-content\/uploads\/2026\/08\/caneta-emagracedora_2026-01-21_17-17-22.webp.webp?fit=1200%2C800&ssl=1&resize=700%2C400 2x, https:\/\/i0.wp.com\/noticiasribeiraopreto.com.br\/wp-content\/uploads\/2026\/08\/caneta-emagracedora_2026-01-21_17-17-22.webp.webp?fit=1200%2C800&ssl=1&resize=1050%2C600 3x"},"classes":[]},{"id":90955,"url":"https:\/\/noticiasribeiraopreto.com.br\/index.php\/2026\/09\/02\/vereadores-rejeitam-veto-a-canetas-emagrecedoras\/","url_meta":{"origin":91118,"position":3},"title":"Vereadores rejeitam veto \u2028a canetas emagrecedoras","author":"noticiasribeiraopreto.com.br","date":"2 de September de 2026","format":false,"excerpt":"\r \r \r 2 de setembro de 2026 07:39 \r Compartilhar0 Por vinte votos, a C\u00e2mara de Vereadores rejeitou, na sess\u00e3o de segunda-feira, 31 de agosto, o veto do prefeito Ricardo Silva (PSD) ao projeto de lei que institui, em Ribeir\u00e3o Preto, a pol\u00edtica p\u00fablica para atender pacientes com diabetes\u2026","rel":"","context":"In &quot;Not\u00edcias de Ribeir\u00e3o Preto-SP e Regi\u00e3o&quot;","block_context":{"text":"Not\u00edcias de Ribeir\u00e3o Preto-SP e Regi\u00e3o","link":"https:\/\/noticiasribeiraopreto.com.br\/index.php\/category\/noticias-de-ribeirao-preto-sp-e-regiao-ismael-colosi\/"},"img":{"alt_text":"","src":"https:\/\/i0.wp.com\/noticiasribeiraopreto.com.br\/wp-content\/uploads\/2026\/09\/CanetasRP-Rafa-Neddermeyer-Ag.Br_.jpg?fit=1170%2C700&ssl=1&resize=350%2C200","width":350,"height":200,"srcset":"https:\/\/i0.wp.com\/noticiasribeiraopreto.com.br\/wp-content\/uploads\/2026\/09\/CanetasRP-Rafa-Neddermeyer-Ag.Br_.jpg?fit=1170%2C700&ssl=1&resize=350%2C200 1x, https:\/\/i0.wp.com\/noticiasribeiraopreto.com.br\/wp-content\/uploads\/2026\/09\/CanetasRP-Rafa-Neddermeyer-Ag.Br_.jpg?fit=1170%2C700&ssl=1&resize=525%2C300 1.5x, https:\/\/i0.wp.com\/noticiasribeiraopreto.com.br\/wp-content\/uploads\/2026\/09\/CanetasRP-Rafa-Neddermeyer-Ag.Br_.jpg?fit=1170%2C700&ssl=1&resize=700%2C400 2x, https:\/\/i0.wp.com\/noticiasribeiraopreto.com.br\/wp-content\/uploads\/2026\/09\/CanetasRP-Rafa-Neddermeyer-Ag.Br_.jpg?fit=1170%2C700&ssl=1&resize=1050%2C600 3x"},"classes":[]},{"id":89055,"url":"https:\/\/noticiasribeiraopreto.com.br\/index.php\/2026\/07\/29\/anvisa-aprova-5-novas-canetas-emagrecedoras-veja-quais\/","url_meta":{"origin":91118,"position":4},"title":"Anvisa aprova 5 novas canetas emagrecedoras; veja quais","author":"noticiasribeiraopreto.com.br","date":"29 de July de 2026","format":false,"excerpt":"A Anvisa (Ag\u00eancia Nacional de Vigil\u00e2ncia Sanit\u00e1ria) aprovou o registro de cinco novas canetas de semaglutida, indicadas para o tratamento de pacientes adultos com diabetes mellitus tipo 2, sem controle suficiente. Popularmente, esses medicamentos s\u00e3o chamados de canetas emagrecedoras porque ajudam na perda de peso. Receba not\u00edcias do\u00a0acidade on Ribeir\u00e3o\u00a0no\u2026","rel":"","context":"In &quot;Not\u00edcias de Ribeir\u00e3o Preto-SP e Regi\u00e3o&quot;","block_context":{"text":"Not\u00edcias de Ribeir\u00e3o Preto-SP e Regi\u00e3o","link":"https:\/\/noticiasribeiraopreto.com.br\/index.php\/category\/noticias-de-ribeirao-preto-sp-e-regiao-ismael-colosi\/"},"img":{"alt_text":"","src":"https:\/\/i0.wp.com\/noticiasribeiraopreto.com.br\/wp-content\/uploads\/2026\/07\/caneta.jpg?fit=1170%2C700&ssl=1&resize=350%2C200","width":350,"height":200,"srcset":"https:\/\/i0.wp.com\/noticiasribeiraopreto.com.br\/wp-content\/uploads\/2026\/07\/caneta.jpg?fit=1170%2C700&ssl=1&resize=350%2C200 1x, https:\/\/i0.wp.com\/noticiasribeiraopreto.com.br\/wp-content\/uploads\/2026\/07\/caneta.jpg?fit=1170%2C700&ssl=1&resize=525%2C300 1.5x, https:\/\/i0.wp.com\/noticiasribeiraopreto.com.br\/wp-content\/uploads\/2026\/07\/caneta.jpg?fit=1170%2C700&ssl=1&resize=700%2C400 2x, https:\/\/i0.wp.com\/noticiasribeiraopreto.com.br\/wp-content\/uploads\/2026\/07\/caneta.jpg?fit=1170%2C700&ssl=1&resize=1050%2C600 3x"},"classes":[]},{"id":67658,"url":"https:\/\/noticiasribeiraopreto.com.br\/index.php\/2025\/04\/16\/anvisa-restringe-venda-de-canetas-emagrecedoras-veja-o-que-muda\/","url_meta":{"origin":91118,"position":5},"title":"Anvisa restringe venda de canetas emagrecedoras; veja o que muda","author":"noticiasribeiraopreto.com.br","date":"16 de April de 2025","format":false,"excerpt":"Nesta quarta-feira (16), a Diretoria Colegiada da Anvisa aprovou novas regras para a prescri\u00e7\u00e3o e a dispensa\u00e7\u00e3o de medicamentos agonistas do receptor GLP-1. Com a nova medida, se torna obrigat\u00f3ria a reten\u00e7\u00e3o de receita m\u00e9dica para a venda desses medicamentos. Entre os medicamentos afetados est\u00e3o semaglutida, liraglutida, dulaglutida, exenatida, tirzepatida\u2026","rel":"","context":"In &quot;Not\u00edcias de Ribeir\u00e3o Preto-SP e Regi\u00e3o&quot;","block_context":{"text":"Not\u00edcias de Ribeir\u00e3o Preto-SP e Regi\u00e3o","link":"https:\/\/noticiasribeiraopreto.com.br\/index.php\/category\/noticias-de-ribeirao-preto-sp-e-regiao-ismael-colosi\/"},"img":{"alt_text":"","src":"https:\/\/i0.wp.com\/noticiasribeiraopreto.com.br\/wp-content\/uploads\/2025\/04\/high-angle-diabetic-woman-checking-her-glucose-level_2025-04-16_23-31-08_jpg_2025-04-16_23-31-11-scaled.webp.webp?fit=1200%2C798&ssl=1&resize=350%2C200","width":350,"height":200,"srcset":"https:\/\/i0.wp.com\/noticiasribeiraopreto.com.br\/wp-content\/uploads\/2025\/04\/high-angle-diabetic-woman-checking-her-glucose-level_2025-04-16_23-31-08_jpg_2025-04-16_23-31-11-scaled.webp.webp?fit=1200%2C798&ssl=1&resize=350%2C200 1x, https:\/\/i0.wp.com\/noticiasribeiraopreto.com.br\/wp-content\/uploads\/2025\/04\/high-angle-diabetic-woman-checking-her-glucose-level_2025-04-16_23-31-08_jpg_2025-04-16_23-31-11-scaled.webp.webp?fit=1200%2C798&ssl=1&resize=525%2C300 1.5x, https:\/\/i0.wp.com\/noticiasribeiraopreto.com.br\/wp-content\/uploads\/2025\/04\/high-angle-diabetic-woman-checking-her-glucose-level_2025-04-16_23-31-08_jpg_2025-04-16_23-31-11-scaled.webp.webp?fit=1200%2C798&ssl=1&resize=700%2C400 2x, https:\/\/i0.wp.com\/noticiasribeiraopreto.com.br\/wp-content\/uploads\/2025\/04\/high-angle-diabetic-woman-checking-her-glucose-level_2025-04-16_23-31-08_jpg_2025-04-16_23-31-11-scaled.webp.webp?fit=1200%2C798&ssl=1&resize=1050%2C600 3x"},"classes":[]}],"jetpack_sharing_enabled":true,"jetpack_shortlink":"https:\/\/wp.me\/peQAOb-nHE","jetpack_featured_media_url":"https:\/\/i0.wp.com\/noticiasribeiraopreto.com.br\/wp-content\/uploads\/2026\/09\/anvisa-aprova-medicamento-1.jpg?fit=1200%2C675&ssl=1","_links":{"self":[{"href":"https:\/\/noticiasribeiraopreto.com.br\/index.php\/wp-json\/wp\/v2\/posts\/91118","targetHints":{"allow":["GET"]}}],"collection":[{"href":"https:\/\/noticiasribeiraopreto.com.br\/index.php\/wp-json\/wp\/v2\/posts"}],"about":[{"href":"https:\/\/noticiasribeiraopreto.com.br\/index.php\/wp-json\/wp\/v2\/types\/post"}],"author":[{"embeddable":true,"href":"https:\/\/noticiasribeiraopreto.com.br\/index.php\/wp-json\/wp\/v2\/users\/1"}],"replies":[{"embeddable":true,"href":"https:\/\/noticiasribeiraopreto.com.br\/index.php\/wp-json\/wp\/v2\/comments?post=91118"}],"version-history":[{"count":0,"href":"https:\/\/noticiasribeiraopreto.com.br\/index.php\/wp-json\/wp\/v2\/posts\/91118\/revisions"}],"wp:featuredmedia":[{"embeddable":true,"href":"https:\/\/noticiasribeiraopreto.com.br\/index.php\/wp-json\/wp\/v2\/media\/91119"}],"wp:attachment":[{"href":"https:\/\/noticiasribeiraopreto.com.br\/index.php\/wp-json\/wp\/v2\/media?parent=91118"}],"wp:term":[{"taxonomy":"category","embeddable":true,"href":"https:\/\/noticiasribeiraopreto.com.br\/index.php\/wp-json\/wp\/v2\/categories?post=91118"},{"taxonomy":"post_tag","embeddable":true,"href":"https:\/\/noticiasribeiraopreto.com.br\/index.php\/wp-json\/wp\/v2\/tags?post=91118"}],"curies":[{"name":"wp","href":"https:\/\/api.w.org\/{rel}","templated":true}]}}