{"id":91120,"date":"2026-09-04T16:11:04","date_gmt":"2026-09-04T19:11:04","guid":{"rendered":"https:\/\/noticiasribeiraopreto.com.br\/index.php\/2026\/09\/04\/eleicoes-2026-cidades-oferecem-transporte-gratuito-a-pessoas-com-deficiencia-confira-onde-e-como-pedir\/"},"modified":"2026-09-04T16:11:04","modified_gmt":"2026-09-04T19:11:04","slug":"eleicoes-2026-cidades-oferecem-transporte-gratuito-a-pessoas-com-deficiencia-confira-onde-e-como-pedir","status":"publish","type":"post","link":"https:\/\/noticiasribeiraopreto.com.br\/index.php\/2026\/09\/04\/eleicoes-2026-cidades-oferecem-transporte-gratuito-a-pessoas-com-deficiencia-confira-onde-e-como-pedir\/","title":{"rendered":"Elei\u00e7\u00f5es 2026: cidades oferecem transporte gratuito a pessoas com defici\u00eancia; confira onde e como pedir"},"content":{"rendered":"<div class='code-block code-block-1' style='margin: 8px 0 8px auto; text-align: right; display: block; clear: both;'>\n<p><a href=\"https:\/\/wa.link\/vpicfd\"><img data-recalc-dims=\"1\" class=\"wp-image-4922\" style=\"aspect-ratio: 2.0253164556962027; width: 561px; height: auto;\" src=\"https:\/\/i0.wp.com\/ismaelcolosi.com.br\/wp-content\/uploads\/2023\/11\/grupo-de-empregos-whatsapp-e-facebook-ismael-colosi-vagas.jpg?ssl=1\" alt=\"\" \/><\/a><\/p>\n<!-- \/wp:image -->\n<\/div>\n<p> <br \/>\n<\/p>\n<p>Pessoas com defici\u00eancia ou mobilidade reduzida que enfrentam dificuldades para chegar aos seus locais de vota\u00e7\u00e3o t\u00eam at\u00e9 14 de setembro para solicitar o transporte individual gratuito para o 1\u00ba turno das <strong>Elei\u00e7\u00f5es 2026<\/strong>. Mais de 300 cidades do estado de S\u00e3o Paulo v\u00e3o oferecer o servi\u00e7o \u2013 <a href=\"https:\/\/www.tre-sp.jus.br\/eleicoes\/eleicoes-2026\/transporte-de-eleitores-e-programa-seu-voto-importa?tab=ancora-4\" data-type=\"link\" data-id=\"https:\/\/www.tre-sp.jus.br\/eleicoes\/eleicoes-2026\/transporte-de-eleitores-e-programa-seu-voto-importa?tab=ancora-4\" target=\"_blank\" rel=\"noopener\">clique aqui <\/a>e veja a lista completa.<\/p>\n<p class=\"has-cyan-bluish-gray-background-color has-background\"><em>Receba not\u00edcias do\u00a0<strong>acidade on Ribeir\u00e3o\u00a0<\/strong>no WhatsApp e fique por dentro de tudo! Basta acessar o link<a href=\"https:\/\/chat.whatsapp.com\/DfXwcjKVIddHUT3BvnQuPZ?mode=hqctshi\" target=\"_blank\" rel=\"noreferrer noopener\">\u00a0aqui<\/a>!<\/em><\/p>\n<div class=\"wp-block-rank-math-toc-block\" id=\"rank-math-toc\">\n<nav>\n<ul>\n<li class=\"\">Como pedir?<\/li>\n<li class=\"\">Quem pode pedir?<\/li>\n<li class=\"\">Informa\u00e7\u00f5es necess\u00e1rias no formul\u00e1rio<\/li>\n<li class=\"\">D\u00favidas e contatos<\/li>\n<\/ul>\n<\/nav>\n<\/div>\n<h2 class=\"wp-block-heading\" id=\"como-pedir\"><strong>Como pedir?<\/strong><\/h2>\n<p>O pedido pode ser feito por meio deste formul\u00e1rio on-line, com acesso pelas credenciais da plataforma <a href=\"http:\/\/gov.br\" target=\"_blank\" rel=\"noopener\">Gov.br<\/a> <a href=\"https:\/\/seu-voto-importa.tre-sp.jus.br\/\" data-type=\"link\" data-id=\"https:\/\/seu-voto-importa.tre-sp.jus.br\/\" target=\"_blank\" rel=\"noopener\">(clique aqui).<\/a> O servi\u00e7o depende da disponibilidade de ve\u00edculos e da avalia\u00e7\u00e3o do grau de limita\u00e7\u00e3o dos solicitantes.<\/p>\n<p>O transporte \u00e9 oferecido pelo Tribunal Regional Eleitoral de S\u00e3o Paulo (TRE-SP), mediante parceria com prefeituras municipais e o governo de S\u00e3o Paulo, por meio do Programa Ligado, servi\u00e7o gratuito destinado a estudantes com defici\u00eancia ou mobilidade reduzida severa da rede estadual de ensino.\u00a0<\/p>\n<p>A solicita\u00e7\u00e3o pode ser feita pelo pr\u00f3prio eleitor, por curador ou procurador. Tamb\u00e9m \u00e9 poss\u00edvel fazer o pedido presencialmente nos cart\u00f3rios eleitorais <a href=\"https:\/\/www.tre-sp.jus.br\/servicos-eleitorais\/consulta-a-zonas-eleitorais\" data-type=\"link\" data-id=\"https:\/\/www.tre-sp.jus.br\/servicos-eleitorais\/consulta-a-zonas-eleitorais\" target=\"_blank\" rel=\"noopener\">(confira aqui endere\u00e7os e telefones)<\/a>.\u00a0<\/p>\n<h2 class=\"wp-block-heading\" id=\"quem-pode-pedir\"><strong>Quem pode pedir?<\/strong><\/h2>\n<p>Para requerer o transporte no dia das elei\u00e7\u00f5es, basta fazer uma autodeclara\u00e7\u00e3o. S\u00e3o consideradas pessoas com mobilidade reduzida aquelas que apresentam dificuldade permanente ou tempor\u00e1ria, para se movimentar, incluindo idosos, gestantes, lactantes, pessoas com crian\u00e7a de colo e pessoas obesas.<\/p>\n<p>O pedido, no entanto, n\u00e3o garante automaticamente o fornecimento do transporte. A disponibiliza\u00e7\u00e3o depende da exist\u00eancia de ve\u00edculos no munic\u00edpio e leva em considera\u00e7\u00e3o fatores como o grau de limita\u00e7\u00e3o da pessoa, a aus\u00eancia de transporte p\u00fablico acess\u00edvel na localidade e a dist\u00e2ncia at\u00e9 o local de vota\u00e7\u00e3o.<\/p>\n<h2 class=\"wp-block-heading\" id=\"informacoes-necessarias-no-formulario\"><strong>Informa\u00e7\u00f5es necess\u00e1rias no formul\u00e1rio<\/strong><\/h2>\n<p>Ao preencher o formul\u00e1rio, a eleitora ou o eleitor dever\u00e1 informar, al\u00e9m dos dados pessoais, o endere\u00e7o onde deseja ser buscado e se h\u00e1 transporte p\u00fablico dispon\u00edvel no trajeto at\u00e9 o local de vota\u00e7\u00e3o. Tamb\u00e9m ser\u00e1 necess\u00e1rio indicar se haver\u00e1 necessidade de acompanhante ou animal de assist\u00eancia, o tipo de defici\u00eancia f\u00edsica, visual, auditiva, mental ou intelectual e o grau de dificuldade de locomo\u00e7\u00e3o, inclusive se h\u00e1 uso de cadeira de rodas.<\/p>\n<p>\u00c9 poss\u00edvel solicitar o servi\u00e7o para o primeiro turno, para o segundo ou para ambos. Caso haja segundo turno, o prazo para fazer o pedido termina em 5 de outubro. O resultado ser\u00e1 encaminhado ao e-mail informado no cadastro at\u00e9 48 horas antes da elei\u00e7\u00e3o. Em caso de indeferimento, n\u00e3o ser\u00e1 poss\u00edvel apresentar recurso.<\/p>\n<figure class=\"wp-block-gallery has-nested-images columns-default is-cropped wp-block-gallery-1 is-layout-flex wp-block-gallery-is-layout-flex\">\n<figure class=\"wp-block-image size-large\"><figcaption class=\"wp-element-caption\"> Foto: Marcelo Camargo\/ Ag\u00eancia Brasil.<\/figcaption><\/figure>\n<figure class=\"wp-block-image size-large\"><img data-recalc-dims=\"1\" loading=\"lazy\" decoding=\"async\" width=\"1024\" height=\"576\" data-id=\"94263\" src=\"https:\/\/i0.wp.com\/www.acidadeon.com\/ribeiraopreto\/wp-content\/uploads\/sites\/3\/2024\/09\/Copia-de-Copia-de-Copia-de-TAMANHO-EXATO-PARA-FOTOS-NO-SISTEMA-NOVO-43_2024-09-24_15-25-10_png_2024-09-24_15-25-10-1024x576.webp?resize=1024%2C576&#038;ssl=1\" alt=\"Copia de Copia de Copia de TAMANHO EXATO PARA FOTOS NO SISTEMA NOVO 43 2024 09 24 15 25 10 png 2024 09 24 15 25 10\" class=\"wp-image-94263\" title=\"Elei\u00e7\u00f5es 2026: cidades oferecem transporte gratuito a pessoas com defici\u00eancia; confira onde e como pedir 5\"><figcaption class=\"wp-element-caption\">Foto: TRE-SP<\/figcaption><\/figure>\n<figure class=\"wp-block-image size-large\"><img data-recalc-dims=\"1\" decoding=\"async\" data-id=\"32528\" src=\"https:\/\/i0.wp.com\/www.acidadeon.com\/ribeiraopreto\/wp-content\/uploads\/sites\/3\/2023\/08\/20220619_025216403_nova_urna_1200x675_13122021172453.jpg?ssl=1\" alt=\"Primeiro turno das elei\u00e7\u00f5es de 2026 acontece no dia 4 de outubro - Foto: Divulga\u00e7\u00e3o\/ TSE.\" class=\"wp-image-32528\" title=\"Elei\u00e7\u00f5es 2026: cidades oferecem transporte gratuito a pessoas com defici\u00eancia; confira onde e como pedir 6\"><figcaption class=\"wp-element-caption\"> Foto: Divulga\u00e7\u00e3o\/ TSE.<\/figcaption><\/figure>\n<figure class=\"wp-block-image size-large\"><img data-recalc-dims=\"1\" decoding=\"async\" data-id=\"31676\" src=\"https:\/\/i0.wp.com\/www.acidadeon.com\/ribeiraopreto\/wp-content\/uploads\/sites\/3\/2023\/08\/20220809_065515007_eleicoes_eleicao_1200x675_02072022110043.jpg?ssl=1\" alt=\"\" class=\"wp-image-31676\" title=\"Elei\u00e7\u00f5es 2026: cidades oferecem transporte gratuito a pessoas com defici\u00eancia; confira onde e como pedir 7\"><\/figure>\n<\/figure>\n<p>O transporte especial gratuito garante o deslocamento de ida e volta entre o endere\u00e7o informado no pedido e o respectivo local de vota\u00e7\u00e3o oficial. O servi\u00e7o \u00e9 restrito ao territ\u00f3rio do pr\u00f3prio munic\u00edpio, n\u00e3o sendo permitidos deslocamentos entre cidades diferentes. Al\u00e9m disso, o endere\u00e7o informado como ponto de partida na ida dever\u00e1 ser o mesmo utilizado como destino na volta.<\/p>\n<p>Tamb\u00e9m n\u00e3o \u00e9 poss\u00edvel solicitar o transporte pelo programa para quem tem t\u00edtulo de outro estado e, nessa elei\u00e7\u00e3o, pediu a transfer\u00eancia tempor\u00e1ria do voto para votar em S\u00e3o Paulo, pois a iniciativa atende exclusivamente ao deslocamento de eleitoras e eleitores com inscri\u00e7\u00e3o eleitoral no estado.<\/p>\n<p>O transporte \u00e9 destinado somente para o exerc\u00edcio do voto. Caso a eleitora ou o eleitor precise justificar \u00e0 aus\u00eancia na urna, \u00e9 recomendado que fa\u00e7a isso no dia e hor\u00e1rio da elei\u00e7\u00e3o (das 8 \u00e0s 17 horas) por meio do aplicativo e-T\u00edtulo.\u00a0<\/p>\n<p>Ap\u00f3s o dia da elei\u00e7\u00e3o, o eleitor pode justificar sua aus\u00eancia em at\u00e9 60 dias tamb\u00e9m pelo aplicativo, pelo Autoatendimento Eleitoral no site do TSE ou presencialmente, em qualquer cart\u00f3rio eleitoral.<\/p>\n<h2 class=\"wp-block-heading\" id=\"duvidas-e-contatos\"><strong>D\u00favidas e contatos<\/strong><\/h2>\n<p>Para informa\u00e7\u00f5es gerais sobre o programa Seu Voto Importa, a eleitora ou o eleitor pode entrar em contato com a Central de Atendimento (n\u00famero 148) ou procurar qualquer cart\u00f3rio eleitoral. D\u00favidas sobre o resultado da solicita\u00e7\u00e3o devem ser encaminhadas pelo e-mail indicado na mensagem enviada sobre o deferimento ou indeferimento do pedido.<\/p>\n<p>J\u00e1 quest\u00f5es operacionais no dia da vota\u00e7\u00e3o, como atraso do ve\u00edculo ou problemas no embarque, devem ser tratadas diretamente pelo telefone de plant\u00e3o informado no e-mail de deferimento.<\/p>\n<p class=\"has-cyan-bluish-gray-background-color has-background\"><em>Fa\u00e7a uma den\u00fancia ou sugira uma reportagem sobre\u00a0<strong>Ribeir\u00e3o Preto\u00a0<\/strong>e regi\u00e3o por meio do WhatsApp do\u00a0<strong>acidade on Ribeir\u00e3o<\/strong>: (16) 99117-7802.<\/em><\/p>\n<p>O post Elei\u00e7\u00f5es 2026: cidades oferecem transporte gratuito a pessoas com defici\u00eancia; confira onde e como pedir apareceu primeiro em ACidade ON Ribeir\u00e3o Preto.<\/p>\n<p><br \/>\n<br \/><a href=\"https:\/\/www.acidadeon.com\/ribeiraopreto\/politica\/eleicoes\/eleicoes-2026-cidades-oferecem-transporte-gratuito-a-pessoas-com-deficiencia-confira-onde-e-como-pedir\/\">Link para o texto original aqui <\/a><\/p>\n<!-- CONTENT END 1 -->\n","protected":false},"excerpt":{"rendered":"<p>Pessoas com defici\u00eancia ou mobilidade reduzida que enfrentam dificuldades para chegar aos seus locais de vota\u00e7\u00e3o t\u00eam at\u00e9 14 de setembro para solicitar o transporte&#8230;<\/p>\n","protected":false},"author":1,"featured_media":91121,"comment_status":"","ping_status":"","sticky":false,"template":"","format":"standard","meta":{"advanced_seo_description":"","jetpack_seo_html_title":"","jetpack_seo_noindex":false,"jetpack_seo_schema_type":"","_jetpack_newsletter_access":"","_jetpack_dont_email_post_to_subs":false,"_jetpack_newsletter_tier_id":0,"_jetpack_memberships_contains_paywalled_content":false,"_jetpack_feature_clip_id":0,"_jetpack_memberships_contains_paid_content":false,"footnotes":"","jetpack_publicize_message":"","jetpack_publicize_feature_enabled":true,"jetpack_social_post_already_shared":true,"jetpack_social_options":{"image_generator_settings":{"template":"highway","default_image_id":0,"font":"","enabled":false},"version":2},"jetpack_post_was_ever_published":false},"categories":[11],"tags":[250,265,269,689,1328,361,8941,1798,7108,581,2729],"class_list":["post-91120","post","type-post","status-publish","format-standard","has-post-thumbnail","hentry","category-noticias-de-ribeirao-preto-sp-e-regiao-ismael-colosi","tag-cidades","tag-como","tag-confira","tag-deficiencia","tag-eleicoes","tag-gratuito","tag-oferecem","tag-onde","tag-pedir","tag-pessoas","tag-transporte"],"jetpack_publicize_connections":[],"jetpack-related-posts":[{"id":58749,"url":"https:\/\/noticiasribeiraopreto.com.br\/index.php\/2024\/10\/05\/ribeirao-preto-tem-onibus-gratuito-neste-domingo-de-eleicoes-confira-horario\/","url_meta":{"origin":91120,"position":0},"title":"Ribeir\u00e3o Preto tem \u00f4nibus gratuito neste domingo de elei\u00e7\u00f5es; Confira hor\u00e1rio","author":"noticiasribeiraopreto.com.br","date":"5 de October de 2024","format":false,"excerpt":"O transporte p\u00fablico de Ribeir\u00e3o Preto ser\u00e1 gratuito neste domingo (6), data do primeiro turno das elei\u00e7\u00f5es municipais de 2024. O decreto assinado pelo prefeito Duarte Nogueira (PSDB) estabelece o passe livre nos \u00f4nibus entre 6h e 20h. A medida determina que a frota seja suficiente para transportar todos os\u2026","rel":"","context":"In &quot;Not\u00edcias de Ribeir\u00e3o Preto-SP e Regi\u00e3o&quot;","block_context":{"text":"Not\u00edcias de Ribeir\u00e3o Preto-SP e Regi\u00e3o","link":"https:\/\/noticiasribeiraopreto.com.br\/index.php\/category\/noticias-de-ribeirao-preto-sp-e-regiao-ismael-colosi\/"},"img":{"alt_text":"","src":"https:\/\/i0.wp.com\/noticiasribeiraopreto.com.br\/wp-content\/uploads\/2024\/10\/Copia-de-Copia-de-TAMANHO-EXATO-PARA-FOTOS-NO-SISTEMA-NOVO-48.webp.webp?fit=1200%2C675&ssl=1&resize=350%2C200","width":350,"height":200,"srcset":"https:\/\/i0.wp.com\/noticiasribeiraopreto.com.br\/wp-content\/uploads\/2024\/10\/Copia-de-Copia-de-TAMANHO-EXATO-PARA-FOTOS-NO-SISTEMA-NOVO-48.webp.webp?fit=1200%2C675&ssl=1&resize=350%2C200 1x, https:\/\/i0.wp.com\/noticiasribeiraopreto.com.br\/wp-content\/uploads\/2024\/10\/Copia-de-Copia-de-TAMANHO-EXATO-PARA-FOTOS-NO-SISTEMA-NOVO-48.webp.webp?fit=1200%2C675&ssl=1&resize=525%2C300 1.5x, https:\/\/i0.wp.com\/noticiasribeiraopreto.com.br\/wp-content\/uploads\/2024\/10\/Copia-de-Copia-de-TAMANHO-EXATO-PARA-FOTOS-NO-SISTEMA-NOVO-48.webp.webp?fit=1200%2C675&ssl=1&resize=700%2C400 2x, https:\/\/i0.wp.com\/noticiasribeiraopreto.com.br\/wp-content\/uploads\/2024\/10\/Copia-de-Copia-de-TAMANHO-EXATO-PARA-FOTOS-NO-SISTEMA-NOVO-48.webp.webp?fit=1200%2C675&ssl=1&resize=1050%2C600 3x"},"classes":[]},{"id":90599,"url":"https:\/\/noticiasribeiraopreto.com.br\/index.php\/2026\/08\/25\/eleicoes-2026-horario-eleitoral-gratuito-comeca-nesta-sexta-na-tv-e-no-radio\/","url_meta":{"origin":91120,"position":1},"title":"Elei\u00e7\u00f5es 2026: hor\u00e1rio eleitoral gratuito come\u00e7a nesta sexta na TV e no r\u00e1dio","author":"noticiasribeiraopreto.com.br","date":"25 de August de 2026","format":false,"excerpt":"Come\u00e7a nesta sexta-feira (28) o hor\u00e1rio eleitoral gratuito para o 1\u00ba turno das Elei\u00e7\u00f5es 2026, veiculado por emissoras de r\u00e1dio e TV. Tamb\u00e9m conhecida como propaganda eleitoral gratuita, \u00e9 o tempo destinado a candidatos e candidatas para divulgar ideias e propostas de campanhas. A veicula\u00e7\u00e3o acontece de segunda a s\u00e1bado\u2026","rel":"","context":"In &quot;Not\u00edcias de Ribeir\u00e3o Preto-SP e Regi\u00e3o&quot;","block_context":{"text":"Not\u00edcias de Ribeir\u00e3o Preto-SP e Regi\u00e3o","link":"https:\/\/noticiasribeiraopreto.com.br\/index.php\/category\/noticias-de-ribeirao-preto-sp-e-regiao-ismael-colosi\/"},"img":{"alt_text":"","src":"https:\/\/i0.wp.com\/noticiasribeiraopreto.com.br\/wp-content\/uploads\/2026\/08\/tv.jpg?fit=1200%2C800&ssl=1&resize=350%2C200","width":350,"height":200,"srcset":"https:\/\/i0.wp.com\/noticiasribeiraopreto.com.br\/wp-content\/uploads\/2026\/08\/tv.jpg?fit=1200%2C800&ssl=1&resize=350%2C200 1x, https:\/\/i0.wp.com\/noticiasribeiraopreto.com.br\/wp-content\/uploads\/2026\/08\/tv.jpg?fit=1200%2C800&ssl=1&resize=525%2C300 1.5x, https:\/\/i0.wp.com\/noticiasribeiraopreto.com.br\/wp-content\/uploads\/2026\/08\/tv.jpg?fit=1200%2C800&ssl=1&resize=700%2C400 2x, https:\/\/i0.wp.com\/noticiasribeiraopreto.com.br\/wp-content\/uploads\/2026\/08\/tv.jpg?fit=1200%2C800&ssl=1&resize=1050%2C600 3x"},"classes":[]},{"id":58760,"url":"https:\/\/noticiasribeiraopreto.com.br\/index.php\/2024\/10\/06\/eleicoes-2024-477-mil-eleitores-vao-as-urnas-em-ribeirao-preto-neste-domingo\/","url_meta":{"origin":91120,"position":2},"title":"Elei\u00e7\u00f5es 2024: 477 mil eleitores v\u00e3o \u00e0s urnas em Ribeir\u00e3o Preto neste domingo","author":"noticiasribeiraopreto.com.br","date":"6 de October de 2024","format":false,"excerpt":"O 1\u00ba turno das\u00a0elei\u00e7\u00f5es municipais de 2024\u00a0acontece neste domingo (6), das 8h \u00e0s 17h. E,\u00a0Ribeir\u00e3o Preto\u00a0conta 115 locais de vota\u00e7\u00e3o e mais de 477 mil eleitores registrados\u00a0para escolher o pr\u00f3ximo prefeito e os 22 vereadores a partir de 1\u00ba de janeiro de 2025. Veja no mapa interativo os endere\u00e7os de\u2026","rel":"","context":"In &quot;Not\u00edcias de Ribeir\u00e3o Preto-SP e Regi\u00e3o&quot;","block_context":{"text":"Not\u00edcias de Ribeir\u00e3o Preto-SP e Regi\u00e3o","link":"https:\/\/noticiasribeiraopreto.com.br\/index.php\/category\/noticias-de-ribeirao-preto-sp-e-regiao-ismael-colosi\/"},"img":{"alt_text":"","src":"https:\/\/i0.wp.com\/noticiasribeiraopreto.com.br\/wp-content\/uploads\/2024\/09\/trevao-ribeirao-preto_2024-09-12_17-08-13_jpeg_2024-09-12_17-08-13.webp.webp?fit=1200%2C652&ssl=1&resize=350%2C200","width":350,"height":200,"srcset":"https:\/\/i0.wp.com\/noticiasribeiraopreto.com.br\/wp-content\/uploads\/2024\/09\/trevao-ribeirao-preto_2024-09-12_17-08-13_jpeg_2024-09-12_17-08-13.webp.webp?fit=1200%2C652&ssl=1&resize=350%2C200 1x, https:\/\/i0.wp.com\/noticiasribeiraopreto.com.br\/wp-content\/uploads\/2024\/09\/trevao-ribeirao-preto_2024-09-12_17-08-13_jpeg_2024-09-12_17-08-13.webp.webp?fit=1200%2C652&ssl=1&resize=525%2C300 1.5x, https:\/\/i0.wp.com\/noticiasribeiraopreto.com.br\/wp-content\/uploads\/2024\/09\/trevao-ribeirao-preto_2024-09-12_17-08-13_jpeg_2024-09-12_17-08-13.webp.webp?fit=1200%2C652&ssl=1&resize=700%2C400 2x, https:\/\/i0.wp.com\/noticiasribeiraopreto.com.br\/wp-content\/uploads\/2024\/09\/trevao-ribeirao-preto_2024-09-12_17-08-13_jpeg_2024-09-12_17-08-13.webp.webp?fit=1200%2C652&ssl=1&resize=1050%2C600 3x"},"classes":[]},{"id":90763,"url":"https:\/\/noticiasribeiraopreto.com.br\/index.php\/2026\/08\/31\/eleicoes-2026-saiba-o-que-e-permitido-e-proibido-no-dia-da-votacao\/","url_meta":{"origin":91120,"position":3},"title":"Elei\u00e7\u00f5es 2026: saiba o que \u00e9 permitido e proibido no dia da vota\u00e7\u00e3o","author":"noticiasribeiraopreto.com.br","date":"31 de August de 2026","format":false,"excerpt":"Com a proximidade do primeiro turno das Elei\u00e7\u00f5es 2026, em 4 de outubro, muitos eleitores se perguntam sobre o que podem e o que n\u00e3o podem fazer antes e durante a vota\u00e7\u00e3o.\u00a0 Para orient\u00e1-los, o Tribunal Superior Eleitoral (TSE) formulou o\u00a0\u2018Manual do Eleitor\u2019, que re\u00fane em um \u00fanico documento um\u2026","rel":"","context":"In &quot;Not\u00edcias de Ribeir\u00e3o Preto-SP e Regi\u00e3o&quot;","block_context":{"text":"Not\u00edcias de Ribeir\u00e3o Preto-SP e Regi\u00e3o","link":"https:\/\/noticiasribeiraopreto.com.br\/index.php\/category\/noticias-de-ribeirao-preto-sp-e-regiao-ismael-colosi\/"},"img":{"alt_text":"","src":"https:\/\/i0.wp.com\/noticiasribeiraopreto.com.br\/wp-content\/uploads\/2024\/09\/urna-nova_2024-09-20_19-00-21_jpg_2024-09-20_19-00-21.webp.webp?fit=1170%2C700&ssl=1&resize=350%2C200","width":350,"height":200,"srcset":"https:\/\/i0.wp.com\/noticiasribeiraopreto.com.br\/wp-content\/uploads\/2024\/09\/urna-nova_2024-09-20_19-00-21_jpg_2024-09-20_19-00-21.webp.webp?fit=1170%2C700&ssl=1&resize=350%2C200 1x, https:\/\/i0.wp.com\/noticiasribeiraopreto.com.br\/wp-content\/uploads\/2024\/09\/urna-nova_2024-09-20_19-00-21_jpg_2024-09-20_19-00-21.webp.webp?fit=1170%2C700&ssl=1&resize=525%2C300 1.5x, https:\/\/i0.wp.com\/noticiasribeiraopreto.com.br\/wp-content\/uploads\/2024\/09\/urna-nova_2024-09-20_19-00-21_jpg_2024-09-20_19-00-21.webp.webp?fit=1170%2C700&ssl=1&resize=700%2C400 2x, https:\/\/i0.wp.com\/noticiasribeiraopreto.com.br\/wp-content\/uploads\/2024\/09\/urna-nova_2024-09-20_19-00-21_jpg_2024-09-20_19-00-21.webp.webp?fit=1170%2C700&ssl=1&resize=1050%2C600 3x"},"classes":[]},{"id":81383,"url":"https:\/\/noticiasribeiraopreto.com.br\/index.php\/2026\/01\/04\/entenda-situacao-dos-museus-e-de-nova-secretaria-de-ribeirao-preto\/","url_meta":{"origin":91120,"position":4},"title":"Entenda situa\u00e7\u00e3o dos museus e de nova secretaria de Ribeir\u00e3o Preto","author":"noticiasribeiraopreto.com.br","date":"4 de January de 2026","format":false,"excerpt":"O prefeito de Ribeir\u00e3o Preto, Ricardo Silva (PSD), disse que a Administra\u00e7\u00e3o Municipal ainda aguarda um parecer da Secretaria Municipal da Cultura para definir a situa\u00e7\u00e3o do complexo dos museus do Caf\u00e9 e Hist\u00f3rico. Na \u00faltima parte da entrevista concedida ao acidade on Ribeir\u00e3o, o prefeito tamb\u00e9m falou como deve\u2026","rel":"","context":"In &quot;Not\u00edcias de Ribeir\u00e3o Preto-SP e Regi\u00e3o&quot;","block_context":{"text":"Not\u00edcias de Ribeir\u00e3o Preto-SP e Regi\u00e3o","link":"https:\/\/noticiasribeiraopreto.com.br\/index.php\/category\/noticias-de-ribeirao-preto-sp-e-regiao-ismael-colosi\/"},"img":{"alt_text":"","src":"https:\/\/i0.wp.com\/noticiasribeiraopreto.com.br\/wp-content\/uploads\/2026\/01\/Copia-de-Copia-de-TAMANHO-EXATO-PARA-FOTOS-NO-SISTEMA-NOVO-28_2024-05-02_20-13-58_jpg_2024-05-02_20-13-59.webp.webp?fit=1200%2C675&ssl=1&resize=350%2C200","width":350,"height":200,"srcset":"https:\/\/i0.wp.com\/noticiasribeiraopreto.com.br\/wp-content\/uploads\/2026\/01\/Copia-de-Copia-de-TAMANHO-EXATO-PARA-FOTOS-NO-SISTEMA-NOVO-28_2024-05-02_20-13-58_jpg_2024-05-02_20-13-59.webp.webp?fit=1200%2C675&ssl=1&resize=350%2C200 1x, https:\/\/i0.wp.com\/noticiasribeiraopreto.com.br\/wp-content\/uploads\/2026\/01\/Copia-de-Copia-de-TAMANHO-EXATO-PARA-FOTOS-NO-SISTEMA-NOVO-28_2024-05-02_20-13-58_jpg_2024-05-02_20-13-59.webp.webp?fit=1200%2C675&ssl=1&resize=525%2C300 1.5x, https:\/\/i0.wp.com\/noticiasribeiraopreto.com.br\/wp-content\/uploads\/2026\/01\/Copia-de-Copia-de-TAMANHO-EXATO-PARA-FOTOS-NO-SISTEMA-NOVO-28_2024-05-02_20-13-58_jpg_2024-05-02_20-13-59.webp.webp?fit=1200%2C675&ssl=1&resize=700%2C400 2x, https:\/\/i0.wp.com\/noticiasribeiraopreto.com.br\/wp-content\/uploads\/2026\/01\/Copia-de-Copia-de-TAMANHO-EXATO-PARA-FOTOS-NO-SISTEMA-NOVO-28_2024-05-02_20-13-58_jpg_2024-05-02_20-13-59.webp.webp?fit=1200%2C675&ssl=1&resize=1050%2C600 3x"},"classes":[]},{"id":87930,"url":"https:\/\/noticiasribeiraopreto.com.br\/index.php\/2026\/07\/11\/eleicoes-2026-veja-as-principais-datas-do-calendario-eleitoral\/","url_meta":{"origin":91120,"position":5},"title":"Elei\u00e7\u00f5es 2026: veja as principais datas do calend\u00e1rio eleitoral","author":"noticiasribeiraopreto.com.br","date":"11 de July de 2026","format":false,"excerpt":"Os eleitores voltam \u00e0s urnas no dia 4 de outubro, durante o primeiro turno das Elei\u00e7\u00f5es 2026, para escolher os pr\u00f3ximos representantes dos cargos de presidente da Rep\u00fablica, governador, senador, deputado federal e deputado estadual. Com isso, at\u00e9 a data da vota\u00e7\u00e3o, eleitores, candidatos e partidos precisam ficar atentos aos\u2026","rel":"","context":"In &quot;Not\u00edcias de Ribeir\u00e3o Preto-SP e Regi\u00e3o&quot;","block_context":{"text":"Not\u00edcias de Ribeir\u00e3o Preto-SP e Regi\u00e3o","link":"https:\/\/noticiasribeiraopreto.com.br\/index.php\/category\/noticias-de-ribeirao-preto-sp-e-regiao-ismael-colosi\/"},"img":{"alt_text":"","src":"https:\/\/i0.wp.com\/noticiasribeiraopreto.com.br\/wp-content\/uploads\/2026\/07\/eleicoes_2026-07-11_15-18-50.webp.webp?fit=1200%2C675&ssl=1&resize=350%2C200","width":350,"height":200,"srcset":"https:\/\/i0.wp.com\/noticiasribeiraopreto.com.br\/wp-content\/uploads\/2026\/07\/eleicoes_2026-07-11_15-18-50.webp.webp?fit=1200%2C675&ssl=1&resize=350%2C200 1x, https:\/\/i0.wp.com\/noticiasribeiraopreto.com.br\/wp-content\/uploads\/2026\/07\/eleicoes_2026-07-11_15-18-50.webp.webp?fit=1200%2C675&ssl=1&resize=525%2C300 1.5x, https:\/\/i0.wp.com\/noticiasribeiraopreto.com.br\/wp-content\/uploads\/2026\/07\/eleicoes_2026-07-11_15-18-50.webp.webp?fit=1200%2C675&ssl=1&resize=700%2C400 2x, https:\/\/i0.wp.com\/noticiasribeiraopreto.com.br\/wp-content\/uploads\/2026\/07\/eleicoes_2026-07-11_15-18-50.webp.webp?fit=1200%2C675&ssl=1&resize=1050%2C600 3x"},"classes":[]}],"jetpack_sharing_enabled":true,"jetpack_shortlink":"https:\/\/wp.me\/peQAOb-nHG","jetpack_featured_media_url":"https:\/\/i0.wp.com\/noticiasribeiraopreto.com.br\/wp-content\/uploads\/2026\/09\/urna-eletronica-2026.jpeg?fit=1599%2C899&ssl=1","_links":{"self":[{"href":"https:\/\/noticiasribeiraopreto.com.br\/index.php\/wp-json\/wp\/v2\/posts\/91120","targetHints":{"allow":["GET"]}}],"collection":[{"href":"https:\/\/noticiasribeiraopreto.com.br\/index.php\/wp-json\/wp\/v2\/posts"}],"about":[{"href":"https:\/\/noticiasribeiraopreto.com.br\/index.php\/wp-json\/wp\/v2\/types\/post"}],"author":[{"embeddable":true,"href":"https:\/\/noticiasribeiraopreto.com.br\/index.php\/wp-json\/wp\/v2\/users\/1"}],"replies":[{"embeddable":true,"href":"https:\/\/noticiasribeiraopreto.com.br\/index.php\/wp-json\/wp\/v2\/comments?post=91120"}],"version-history":[{"count":0,"href":"https:\/\/noticiasribeiraopreto.com.br\/index.php\/wp-json\/wp\/v2\/posts\/91120\/revisions"}],"wp:featuredmedia":[{"embeddable":true,"href":"https:\/\/noticiasribeiraopreto.com.br\/index.php\/wp-json\/wp\/v2\/media\/91121"}],"wp:attachment":[{"href":"https:\/\/noticiasribeiraopreto.com.br\/index.php\/wp-json\/wp\/v2\/media?parent=91120"}],"wp:term":[{"taxonomy":"category","embeddable":true,"href":"https:\/\/noticiasribeiraopreto.com.br\/index.php\/wp-json\/wp\/v2\/categories?post=91120"},{"taxonomy":"post_tag","embeddable":true,"href":"https:\/\/noticiasribeiraopreto.com.br\/index.php\/wp-json\/wp\/v2\/tags?post=91120"}],"curies":[{"name":"wp","href":"https:\/\/api.w.org\/{rel}","templated":true}]}}