{"id":91122,"date":"2026-09-04T17:05:20","date_gmt":"2026-09-04T20:05:20","guid":{"rendered":"https:\/\/noticiasribeiraopreto.com.br\/index.php\/2026\/09\/04\/esperanca-para-lito-sousa-anvisa-autoriza-importacao-urgente-de-medicamento-contra-doenca-rara\/"},"modified":"2026-09-04T17:05:20","modified_gmt":"2026-09-04T20:05:20","slug":"esperanca-para-lito-sousa-anvisa-autoriza-importacao-urgente-de-medicamento-contra-doenca-rara","status":"publish","type":"post","link":"https:\/\/noticiasribeiraopreto.com.br\/index.php\/2026\/09\/04\/esperanca-para-lito-sousa-anvisa-autoriza-importacao-urgente-de-medicamento-contra-doenca-rara\/","title":{"rendered":"Esperan\u00e7a para Lito Sousa: Anvisa autoriza importa\u00e7\u00e3o urgente de medicamento contra doen\u00e7a rara"},"content":{"rendered":"<div class='code-block code-block-1' style='margin: 8px 0 8px auto; text-align: right; display: block; clear: both;'>\n<p><a href=\"https:\/\/wa.link\/vpicfd\"><img data-recalc-dims=\"1\" class=\"wp-image-4922\" style=\"aspect-ratio: 2.0253164556962027; width: 561px; height: auto;\" src=\"https:\/\/i0.wp.com\/ismaelcolosi.com.br\/wp-content\/uploads\/2023\/11\/grupo-de-empregos-whatsapp-e-facebook-ismael-colosi-vagas.jpg?ssl=1\" alt=\"\" \/><\/a><\/p>\n<!-- \/wp:image -->\n<\/div>\n<p> <br \/>\n<\/p>\n<p>A<strong><a href=\"https:\/\/www.gov.br\/anvisa\/pt-br\" data-type=\"link\" data-id=\"https:\/\/www.gov.br\/anvisa\/pt-br\" target=\"_blank\" rel=\"noopener\"> Anvisa (Ag\u00eancia Nacional de Vigil\u00e2ncia Sanit\u00e1ria)<\/a><\/strong> autorizou nesta sexta-feira (4), em car\u00e1ter excepcional, a importa\u00e7\u00e3o e o uso do f\u00e1rmaco experimental ALN-6457 (siRNA conjugado a C16 dirigido \u00e0 prote\u00edna pri\u00f4nica) para tratar o influenciador e especialista em avia\u00e7\u00e3o <strong>Lito Sousa<\/strong>. Ele enfrenta o diagn\u00f3stico da doen\u00e7a de<strong> Creutzfeldt-Jakob (DCJ).<\/strong><\/p>\n<p class=\"has-cyan-bluish-gray-background-color has-background\"><em>Receba not\u00edcias do\u00a0<strong>acidade on Ribeir\u00e3o\u00a0<\/strong>no WhatsApp e fique por dentro de tudo! Basta acessar o link<a href=\"https:\/\/chat.whatsapp.com\/DfXwcjKVIddHUT3BvnQuPZ?mode=hqctshi\" target=\"_blank\" rel=\"noreferrer noopener\">\u00a0aqui<\/a>!<\/em><\/p>\n<p>De acordo com a ag\u00eancia reguladora, a libera\u00e7\u00e3o considerou a evolu\u00e7\u00e3o r\u00e1pida, irrevers\u00edvel e letal da enfermidade, al\u00e9m da inexist\u00eancia de um patrocinador ou representante legal com registro do produto em territ\u00f3rio nacional. Mila, esposa de Lito, confirmou a decis\u00e3o nas plataformas digitais e estimou a entrega da medica\u00e7\u00e3o entre 7 e 9 dias. \u201cUm dia de vit\u00f3ria! Bora que esse rem\u00e9dio precisa chegar logo!\u201d.<\/p>\n<blockquote class=\"instagram-media\" data-instgrm-permalink=\"https:\/\/www.instagram.com\/reel\/Dc3luSmkUAJ\/?utm_source=ig_embed&amp;utm_campaign=loading\" data-instgrm-version=\"14\">\n<div> <a href=\"https:\/\/www.instagram.com\/reel\/Dc3luSmkUAJ\/?utm_source=ig_embed&amp;utm_campaign=loading\" target=\"_blank\" rel=\"noopener\"> <\/p>\n<div>\n<div><\/div>\n<div>\n<div><\/div>\n<div><\/div>\n<\/div>\n<\/div>\n<div><\/div>\n<div><\/div>\n<div>\n<div>Ver essa foto no Instagram<\/div>\n<\/div>\n<div><\/div>\n<div>\n<div>\n<div><\/div>\n<div><\/div>\n<div><\/div>\n<\/div>\n<div>\n<div><\/div>\n<div><\/div>\n<\/div>\n<div>\n<div><\/div>\n<div><\/div>\n<div><\/div>\n<\/div>\n<\/div>\n<div>\n<div><\/div>\n<div><\/div>\n<\/div>\n<p><\/a><\/p>\n<p><a href=\"https:\/\/www.instagram.com\/reel\/Dc3luSmkUAJ\/?utm_source=ig_embed&amp;utm_campaign=loading\" target=\"_blank\" rel=\"noopener\">Um post compartilhado por Lito Sousa (@lito)<\/a><\/p>\n<\/div>\n<\/blockquote>\n<h2 class=\"wp-block-heading\"><strong>Esperan\u00e7a e rotina de cuidados em casa<\/strong><\/h2>\n<p>J\u00e1 em casa, ap\u00f3s per\u00edodo de interna\u00e7\u00e3o no hospital, Lito comentou as novas perspectivas em v\u00eddeo divulgado tamb\u00e9m nesta sexta-feira. \u201cN\u00e3o quero dar spoiler, quero que o rem\u00e9dio chegue na minha m\u00e3o para eu explicar tudo para voc\u00eas. Naquele dia eu tinha 0% de escapar dessa doen\u00e7a e agora eu tenho 0,1%\u201d, disse.<\/p>\n<p>O criador de conte\u00fado ressaltou que, embora o caminho at\u00e9 a reabilita\u00e7\u00e3o completa ainda seja longo e continue com inflama\u00e7\u00e3o no c\u00e9rebro, suas fun\u00e7\u00f5es cognitivas e mem\u00f3rias continuam preservadas. \u201cEu vou ter muito trabalho depois que eu melhorar. Estou longe do meu ideal, continuo com inflama\u00e7\u00e3o no c\u00e9rebro, mas, felizmente, a minha cogni\u00e7\u00e3o n\u00e3o foi afetada e continuo lembrando do passado<\/p>\n<p>No mesmo v\u00eddeo, Lito Sousa manteve a rotina ao analisar a decolagem fora da pista de um Boeing 787-9 da Vietnam Airlines, ocorrida em 15 de agosto no aeroporto de Munique, na Alemanha, na qual a aeronave sofreu um toque de cauda no solo (tail strike).<\/p>\n<figure class=\"wp-block-gallery has-nested-images columns-default is-cropped wp-block-gallery-1 is-layout-flex wp-block-gallery-is-layout-flex\">\n<figure class=\"wp-block-image size-large\"><figcaption class=\"wp-element-caption\">Lito Sousa, do canal Avi\u00f5es e M\u00fasicas (Foto: reprodu\u00e7\u00e3o\/Instagram)<\/figcaption><\/figure>\n<figure class=\"wp-block-image size-large\"><img data-recalc-dims=\"1\" loading=\"lazy\" decoding=\"async\" width=\"1024\" height=\"613\" data-id=\"152078\" src=\"https:\/\/i0.wp.com\/www.acidadeon.com\/ribeiraopreto\/wp-content\/uploads\/sites\/3\/2026\/04\/0d7a5833-1024x613.webp?resize=1024%2C613&#038;ssl=1\" alt=\"anvisa\" class=\"wp-image-152078\" title=\"Esperan\u00e7a para Lito Sousa: Anvisa autoriza importa\u00e7\u00e3o urgente de medicamento contra doen\u00e7a rara 2\"><figcaption class=\"wp-element-caption\">Foto: Valter Campanato \/ Ag\u00eancia Brasil<\/figcaption><\/figure>\n<\/figure>\n<h2 class=\"wp-block-heading\"><strong>O hist\u00f3rico do diagn\u00f3stico<\/strong><\/h2>\n<p>A doen\u00e7a de Creutzfeldt-Jakob \u00e9 uma condi\u00e7\u00e3o neurodegenerativa rara deflagrada por pr\u00edons (prote\u00ednas com dobramento incorreto). O dist\u00farbio costuma desencadear decl\u00ednio cognitivo r\u00e1pido, desordens motoras, espasmos e tremores. At\u00e9 o momento, a medicina n\u00e3o disp\u00f5e de cura para a DCJ, e os protocolos convencionais concentram-se no suporte paliativo e al\u00edvio de sintomas.<\/p>\n<p>A investiga\u00e7\u00e3o m\u00e9dica come\u00e7ou h\u00e1 cerca de quatro meses, logo ap\u00f3s o diagn\u00f3stico de um c\u00e2ncer de pr\u00f3stata. Durante o planejamento terap\u00eautico oncol\u00f3gico, Lito notou os primeiros sinais neurol\u00f3gicos: dorm\u00eancia, perda progressiva da coordena\u00e7\u00e3o e dificuldade para digitar textos com o bra\u00e7o e a m\u00e3o esquerdos.<\/p>\n<p>Ap\u00f3s procurar o Hospital Israelita Albert Einstein, na Zona Sul de S\u00e3o Paulo, o influenciador realizou baterias de exames at\u00e9 a confirma\u00e7\u00e3o do quadro de DCJ. Recentemente, ele chegou a relatar evolu\u00e7\u00e3o positiva na mobilidade da m\u00e3o esquerda, que estava praticamente im\u00f3vel e voltou a registrar movimentos parciais durante o per\u00edodo em que esteve internado.<\/p>\n<p><em>Com informa\u00e7\u00f5es Leonardo Siqueira\/Estad\u00e3o Conte\u00fado<\/em><\/p>\n<p class=\"has-cyan-bluish-gray-background-color has-background\"><em>Fa\u00e7a uma den\u00fancia ou sugira uma reportagem sobre\u00a0<strong>Ribeir\u00e3o Preto\u00a0<\/strong>e regi\u00e3o por meio do WhatsApp do\u00a0<strong>acidade on Ribeir\u00e3o<\/strong>: (16) 99117-7802.<\/em><\/p>\n<h2 class=\"wp-block-heading\"><strong>Ficou sabendo?<\/strong><\/h2>\n<h3 class=\"wp-block-heading\"><strong>Nova caneta emagrecedora chega \u00e0s farm\u00e1cias brasileiras por R$ 333<\/strong><\/h3>\n<figure class=\"wp-block-image size-large\"><img data-recalc-dims=\"1\" loading=\"lazy\" decoding=\"async\" width=\"1024\" height=\"576\" src=\"https:\/\/i0.wp.com\/www.acidadeon.com\/ribeiraopreto\/wp-content\/uploads\/sites\/3\/2026\/08\/anvisa-aprova-medicamento-1-1024x576.jpg?resize=1024%2C576&#038;ssl=1\" alt=\"Anvisa aprova segundo gen\u00e9rico de semaglutida em caneta injet\u00e1vel - Foto: Rafa Neddermeyer\/ Ag\u00eancia Brasil;\" class=\"wp-image-172423\" title=\"Esperan\u00e7a para Lito Sousa: Anvisa autoriza importa\u00e7\u00e3o urgente de medicamento contra doen\u00e7a rara 3\"><figcaption class=\"wp-element-caption\"> \u2013 Foto: Rafa Neddermeyer\/ Ag\u00eancia Brasil;<\/figcaption><\/figure>\n<p>Uma\u00a0<strong>nova caneta emagrecedora chega \u00e0s farm\u00e1cias brasileiras nesta sexta-feira (4)<\/strong>. A Semavy, produzida pela Mantecorp, utiliza semaglutida e ter\u00e1 pre\u00e7o de R$ 333 na apresenta\u00e7\u00e3o de 1 mg. Segundo a fabricante,\u00a0<strong>uma caneta corresponde a tr\u00eas meses de tratamento.<\/strong><\/p>\n<p>A\u00a0<a href=\"https:\/\/www.gov.br\/anvisa\/pt-br\" target=\"_blank\" rel=\"noreferrer noopener\">Ag\u00eancia Nacional de Vigil\u00e2ncia Sanit\u00e1ria (Anvisa)<\/a>\u00a0concedeu o registro da Semavy em 29 de julho. Na mesma decis\u00e3o, o \u00f3rg\u00e3o autorizou outras quatro marcas que utilizam semaglutida: Zempneo, Orsema, Seemasun e Owozy.<\/p>\n<figure class=\"wp-block-image\"><img data-recalc-dims=\"1\" loading=\"lazy\" decoding=\"async\" width=\"1000\" height=\"562\" src=\"https:\/\/i0.wp.com\/www.acidadeon.com\/ribeiraopreto\/wp-content\/uploads\/sites\/3\/2026\/09\/image-47.png?resize=1000%2C562&#038;ssl=1\" alt=\"image 47\" class=\"wp-image-173739\" title=\"Nova caneta emagrecedora chega \u00e0s farm\u00e1cias brasileiras por R$ 333 1\"><figcaption class=\"wp-element-caption\">Foto: Divulga\u00e7\u00e3o<\/figcaption><\/figure>\n<p><em>Receba not\u00edcias do\u00a0<strong>acidade on Ribeir\u00e3o\u00a0<\/strong>no WhatsApp e fique por dentro de tudo! Basta acessar o link<a href=\"https:\/\/chat.whatsapp.com\/DfXwcjKVIddHUT3BvnQuPZ?mode=hqctshi\" target=\"_blank\" rel=\"noreferrer noopener\">\u00a0aqui<\/a>!<\/em><\/p>\n<h2 class=\"wp-block-heading\">Como funciona a nova caneta emagrecedora?<\/h2>\n<p>A\u00a0<strong>semaglutida<\/strong>\u00a0\u00e9 uma subst\u00e2ncia utilizada no tratamento do diabetes tipo 2. Em doses espec\u00edficas, o princ\u00edpio ativo tamb\u00e9m auxilia no controle do peso.<\/p>\n<p>A Semavy utiliza semaglutida produzida por s\u00edntese qu\u00edmica. Nesse processo, a ind\u00fastria utiliza rea\u00e7\u00f5es realizadas em laborat\u00f3rio para formar a mol\u00e9cula, sem depender de organismos vivos.<\/p>\n<figure class=\"wp-block-image\"><img data-recalc-dims=\"1\" loading=\"lazy\" decoding=\"async\" width=\"1024\" height=\"710\" src=\"https:\/\/i0.wp.com\/www.acidadeon.com\/ribeiraopreto\/wp-content\/uploads\/sites\/3\/2026\/08\/canetas-emagrecedoras-2-1024x710.jpg?resize=1024%2C710&#038;ssl=1\" alt=\"obesidade\" class=\"wp-image-169877\" title=\"Nova caneta emagrecedora chega \u00e0s farm\u00e1cias brasileiras por R$ 333 2\"><figcaption class=\"wp-element-caption\">Foto: Reprodu\u00e7\u00e3o<\/figcaption><\/figure>\n<p>A estrutura qu\u00edmica da subst\u00e2ncia produzida por esse m\u00e9todo corresponde \u00e0 da semaglutida original. O processo tamb\u00e9m permite ampliar a produ\u00e7\u00e3o, caracter\u00edstica que pode contribuir para a redu\u00e7\u00e3o dos custos de fabrica\u00e7\u00e3o.<\/p>\n<figure class=\"wp-block-image\"><img data-recalc-dims=\"1\" loading=\"lazy\" decoding=\"async\" width=\"1024\" height=\"576\" src=\"https:\/\/i0.wp.com\/www.acidadeon.com\/ribeiraopreto\/wp-content\/uploads\/sites\/3\/2026\/08\/anvisa-aprova-medicamento-2-1024x576.jpg?resize=1024%2C576&#038;ssl=1\" alt=\"Anvisa aprova segundo gen\u00e9rico de semaglutida em caneta injet\u00e1vel - Foto: Rafa Neddermeyer\/ Ag\u00eancia Brasil;\" class=\"wp-image-172424\" title=\"Nova caneta emagrecedora chega \u00e0s farm\u00e1cias brasileiras por R$ 333 3\"><figcaption class=\"wp-element-caption\">Foto: Rafa Neddermeyer\/ Ag\u00eancia Brasil<\/figcaption><\/figure>\n<p><strong><br \/><\/strong><\/p>\n<p>O post Esperan\u00e7a para Lito Sousa: Anvisa autoriza importa\u00e7\u00e3o urgente de medicamento contra doen\u00e7a rara apareceu primeiro em ACidade ON Ribeir\u00e3o Preto.<\/p>\n<p><script async src=\"\/\/www.instagram.com\/embed.js\"><\/script><br \/>\n<br \/><br \/>\n<br \/><a href=\"https:\/\/www.acidadeon.com\/ribeiraopreto\/saude\/esperanca-para-lito-sousa-anvisa-autoriza-importacao-urgente-de-medicamento-contra-doenca-rara\/\">Link para o texto original aqui <\/a><\/p>\n<!-- CONTENT END 1 -->\n","protected":false},"excerpt":{"rendered":"<p>A Anvisa (Ag\u00eancia Nacional de Vigil\u00e2ncia Sanit\u00e1ria) autorizou nesta sexta-feira (4), em car\u00e1ter excepcional, a importa\u00e7\u00e3o e o uso do f\u00e1rmaco experimental ALN-6457 (siRNA conjugado&#8230;<\/p>\n","protected":false},"author":1,"featured_media":91123,"comment_status":"","ping_status":"","sticky":false,"template":"","format":"standard","meta":{"advanced_seo_description":"","jetpack_seo_html_title":"","jetpack_seo_noindex":false,"jetpack_seo_schema_type":"","_jetpack_newsletter_access":"","_jetpack_dont_email_post_to_subs":false,"_jetpack_newsletter_tier_id":0,"_jetpack_memberships_contains_paywalled_content":false,"_jetpack_feature_clip_id":0,"_jetpack_memberships_contains_paid_content":false,"footnotes":"","jetpack_publicize_message":"","jetpack_publicize_feature_enabled":true,"jetpack_social_post_already_shared":true,"jetpack_social_options":{"image_generator_settings":{"template":"highway","default_image_id":0,"font":"","enabled":false},"version":2},"jetpack_post_was_ever_published":false},"categories":[11],"tags":[1436,2203,109,4982,5790,1738,8666,3353,71,8665,8667,1569],"class_list":["post-91122","post","type-post","status-publish","format-standard","has-post-thumbnail","hentry","category-noticias-de-ribeirao-preto-sp-e-regiao-ismael-colosi","tag-anvisa","tag-autoriza","tag-contra","tag-doenca","tag-esperanca","tag-importacao","tag-lito","tag-medicamento","tag-para","tag-rara","tag-sousa","tag-urgente"],"jetpack_publicize_connections":[],"jetpack-related-posts":[{"id":90383,"url":"https:\/\/noticiasribeiraopreto.com.br\/index.php\/2026\/08\/21\/o-que-e-a-doenca-de-creutzfeldt-jakob-condicao-rara-de-lito-sousa\/","url_meta":{"origin":91122,"position":0},"title":"O que \u00e9 a doen\u00e7a de Creutzfeldt-Jakob, condi\u00e7\u00e3o rara de Lito Sousa","author":"noticiasribeiraopreto.com.br","date":"21 de August de 2026","format":false,"excerpt":"A mulher do influenciador e mec\u00e2nico de avi\u00e3o Lito Sousa, Mila Seidl, informou nesta sexta-feira (21), que o marido, de 59 anos, foi diagnosticado com a doen\u00e7a degenerativa Creutzfeldt-Jakob, que \u00e9 rara, fatal e n\u00e3o tem cura. Lito foi o criador do canal Avi\u00f5es e M\u00fasicas, que tem 2,6 milh\u00f5es\u2026","rel":"","context":"In &quot;Not\u00edcias de Ribeir\u00e3o Preto-SP e Regi\u00e3o&quot;","block_context":{"text":"Not\u00edcias de Ribeir\u00e3o Preto-SP e Regi\u00e3o","link":"https:\/\/noticiasribeiraopreto.com.br\/index.php\/category\/noticias-de-ribeirao-preto-sp-e-regiao-ismael-colosi\/"},"img":{"alt_text":"","src":"https:\/\/i0.wp.com\/noticiasribeiraopreto.com.br\/wp-content\/uploads\/2026\/08\/lito-sousa.jpeg?fit=1200%2C675&ssl=1&resize=350%2C200","width":350,"height":200,"srcset":"https:\/\/i0.wp.com\/noticiasribeiraopreto.com.br\/wp-content\/uploads\/2026\/08\/lito-sousa.jpeg?fit=1200%2C675&ssl=1&resize=350%2C200 1x, https:\/\/i0.wp.com\/noticiasribeiraopreto.com.br\/wp-content\/uploads\/2026\/08\/lito-sousa.jpeg?fit=1200%2C675&ssl=1&resize=525%2C300 1.5x, https:\/\/i0.wp.com\/noticiasribeiraopreto.com.br\/wp-content\/uploads\/2026\/08\/lito-sousa.jpeg?fit=1200%2C675&ssl=1&resize=700%2C400 2x, https:\/\/i0.wp.com\/noticiasribeiraopreto.com.br\/wp-content\/uploads\/2026\/08\/lito-sousa.jpeg?fit=1200%2C675&ssl=1&resize=1050%2C600 3x"},"classes":[]},{"id":88338,"url":"https:\/\/noticiasribeiraopreto.com.br\/index.php\/2026\/07\/17\/anvisa-suspende-importacao-de-colirios-e-geis-para-olhos-veja-a-marca-afetada\/","url_meta":{"origin":91122,"position":1},"title":"Anvisa suspende importa\u00e7\u00e3o de col\u00edrios e g\u00e9is para olhos; veja a marca afetada","author":"noticiasribeiraopreto.com.br","date":"17 de July de 2026","format":false,"excerpt":"A Ag\u00eancia Nacional de Vigil\u00e2ncia Sanit\u00e1ria (Anvisa) determinou a suspens\u00e3o da importa\u00e7\u00e3o de medicamentos fabricados pela empresa Excelvision, respons\u00e1vel pela produ\u00e7\u00e3o de col\u00edrios e g\u00e9is oft\u00e1lmicos comercializados por diferentes marcas internacionais. A medida preventiva foi publicada nesta sexta-feira (17) no Di\u00e1rio Oficial da Uni\u00e3o (DOU) e impede a entrada dos\u2026","rel":"","context":"In &quot;Not\u00edcias de Ribeir\u00e3o Preto-SP e Regi\u00e3o&quot;","block_context":{"text":"Not\u00edcias de Ribeir\u00e3o Preto-SP e Regi\u00e3o","link":"https:\/\/noticiasribeiraopreto.com.br\/index.php\/category\/noticias-de-ribeirao-preto-sp-e-regiao-ismael-colosi\/"},"img":{"alt_text":"","src":"https:\/\/i0.wp.com\/noticiasribeiraopreto.com.br\/wp-content\/uploads\/2026\/07\/doctor-pouring-some-eye-drops-patient-1024x683.jpg?fit=1024%2C683&ssl=1&resize=350%2C200","width":350,"height":200,"srcset":"https:\/\/i0.wp.com\/noticiasribeiraopreto.com.br\/wp-content\/uploads\/2026\/07\/doctor-pouring-some-eye-drops-patient-1024x683.jpg?fit=1024%2C683&ssl=1&resize=350%2C200 1x, https:\/\/i0.wp.com\/noticiasribeiraopreto.com.br\/wp-content\/uploads\/2026\/07\/doctor-pouring-some-eye-drops-patient-1024x683.jpg?fit=1024%2C683&ssl=1&resize=525%2C300 1.5x, https:\/\/i0.wp.com\/noticiasribeiraopreto.com.br\/wp-content\/uploads\/2026\/07\/doctor-pouring-some-eye-drops-patient-1024x683.jpg?fit=1024%2C683&ssl=1&resize=700%2C400 2x"},"classes":[]},{"id":44963,"url":"https:\/\/noticiasribeiraopreto.com.br\/index.php\/2024\/04\/01\/anvisa-autoriza-registro-de-vacina-que-previne-bronquiolite-em-bebes\/","url_meta":{"origin":91122,"position":2},"title":"Anvisa autoriza registro de vacina que previne bronquiolite em beb\u00eas","author":"noticiasribeiraopreto.com.br","date":"1 de April de 2024","format":false,"excerpt":"1 de abril de 2024 | 14:001 de abril de 2024 | 13:10 0 A Ag\u00eancia Nacional de Vigil\u00e2ncia Sanit\u00e1ria (Anvisa) autorizou o registro da vacina Abrysvo, da farmac\u00eautica Pfizer. A dose combate o v\u00edrus sincicial respirat\u00f3rio (VSR), causador de infec\u00e7\u00f5es no trato respirat\u00f3rio, como a bronquiolite. A resolu\u00e7\u00e3o foi\u2026","rel":"","context":"In &quot;Not\u00edcias de Ribeir\u00e3o Preto-SP e Regi\u00e3o&quot;","block_context":{"text":"Not\u00edcias de Ribeir\u00e3o Preto-SP e Regi\u00e3o","link":"https:\/\/noticiasribeiraopreto.com.br\/index.php\/category\/noticias-de-ribeirao-preto-sp-e-regiao-ismael-colosi\/"},"img":{"alt_text":"","src":"https:\/\/i0.wp.com\/noticiasribeiraopreto.com.br\/wp-content\/uploads\/2024\/04\/5cc9bf05-fe79-44c1-8f96-5c686b60afab.jpg?fit=800%2C479&ssl=1&resize=350%2C200","width":350,"height":200,"srcset":"https:\/\/i0.wp.com\/noticiasribeiraopreto.com.br\/wp-content\/uploads\/2024\/04\/5cc9bf05-fe79-44c1-8f96-5c686b60afab.jpg?fit=800%2C479&ssl=1&resize=350%2C200 1x, https:\/\/i0.wp.com\/noticiasribeiraopreto.com.br\/wp-content\/uploads\/2024\/04\/5cc9bf05-fe79-44c1-8f96-5c686b60afab.jpg?fit=800%2C479&ssl=1&resize=525%2C300 1.5x, https:\/\/i0.wp.com\/noticiasribeiraopreto.com.br\/wp-content\/uploads\/2024\/04\/5cc9bf05-fe79-44c1-8f96-5c686b60afab.jpg?fit=800%2C479&ssl=1&resize=700%2C400 2x"},"classes":[]},{"id":21789,"url":"https:\/\/noticiasribeiraopreto.com.br\/index.php\/2023\/12\/28\/juiz-de-ribeirao-autoriza-que-farmacia-fabrique-produtos-a-base-de-cannabis\/","url_meta":{"origin":91122,"position":3},"title":"Juiz de Ribeir\u00e3o autoriza que farm\u00e1cia fabrique produtos \u00e0 base de cannabis","author":"noticiasribeiraopreto.com.br","date":"28 de December de 2023","format":false,"excerpt":"O juiz federal Peter de Paula Pires, da 5\u00aa Vara Federal de Ribeir\u00e3o Preto, autorizou uma farm\u00e1cia de manipula\u00e7\u00e3o a fabricar no Brasil produtos \u00e0 base da planta cannabis, popularmente conhecida como maconha. A condi\u00e7\u00e3o \u00e9 que esses produtos tenham a comercializa\u00e7\u00e3o autorizada pela Anvisa (Ag\u00eancia Nacional de Vigil\u00e2ncia Sanit\u00e1ria).\u00a0\u2026","rel":"","context":"In &quot;Not\u00edcias de Ribeir\u00e3o Preto-SP e Regi\u00e3o&quot;","block_context":{"text":"Not\u00edcias de Ribeir\u00e3o Preto-SP e Regi\u00e3o","link":"https:\/\/noticiasribeiraopreto.com.br\/index.php\/category\/noticias-de-ribeirao-preto-sp-e-regiao-ismael-colosi\/"},"img":{"alt_text":"","src":"https:\/\/i0.wp.com\/noticiasribeiraopreto.com.br\/wp-content\/uploads\/2023\/12\/oleo-de-cannabis.jpg?fit=1200%2C800&ssl=1&resize=350%2C200","width":350,"height":200,"srcset":"https:\/\/i0.wp.com\/noticiasribeiraopreto.com.br\/wp-content\/uploads\/2023\/12\/oleo-de-cannabis.jpg?fit=1200%2C800&ssl=1&resize=350%2C200 1x, https:\/\/i0.wp.com\/noticiasribeiraopreto.com.br\/wp-content\/uploads\/2023\/12\/oleo-de-cannabis.jpg?fit=1200%2C800&ssl=1&resize=525%2C300 1.5x, https:\/\/i0.wp.com\/noticiasribeiraopreto.com.br\/wp-content\/uploads\/2023\/12\/oleo-de-cannabis.jpg?fit=1200%2C800&ssl=1&resize=700%2C400 2x, https:\/\/i0.wp.com\/noticiasribeiraopreto.com.br\/wp-content\/uploads\/2023\/12\/oleo-de-cannabis.jpg?fit=1200%2C800&ssl=1&resize=1050%2C600 3x"},"classes":[]},{"id":89055,"url":"https:\/\/noticiasribeiraopreto.com.br\/index.php\/2026\/07\/29\/anvisa-aprova-5-novas-canetas-emagrecedoras-veja-quais\/","url_meta":{"origin":91122,"position":4},"title":"Anvisa aprova 5 novas canetas emagrecedoras; veja quais","author":"noticiasribeiraopreto.com.br","date":"29 de July de 2026","format":false,"excerpt":"A Anvisa (Ag\u00eancia Nacional de Vigil\u00e2ncia Sanit\u00e1ria) aprovou o registro de cinco novas canetas de semaglutida, indicadas para o tratamento de pacientes adultos com diabetes mellitus tipo 2, sem controle suficiente. Popularmente, esses medicamentos s\u00e3o chamados de canetas emagrecedoras porque ajudam na perda de peso. Receba not\u00edcias do\u00a0acidade on Ribeir\u00e3o\u00a0no\u2026","rel":"","context":"In &quot;Not\u00edcias de Ribeir\u00e3o Preto-SP e Regi\u00e3o&quot;","block_context":{"text":"Not\u00edcias de Ribeir\u00e3o Preto-SP e Regi\u00e3o","link":"https:\/\/noticiasribeiraopreto.com.br\/index.php\/category\/noticias-de-ribeirao-preto-sp-e-regiao-ismael-colosi\/"},"img":{"alt_text":"","src":"https:\/\/i0.wp.com\/noticiasribeiraopreto.com.br\/wp-content\/uploads\/2026\/07\/caneta.jpg?fit=1170%2C700&ssl=1&resize=350%2C200","width":350,"height":200,"srcset":"https:\/\/i0.wp.com\/noticiasribeiraopreto.com.br\/wp-content\/uploads\/2026\/07\/caneta.jpg?fit=1170%2C700&ssl=1&resize=350%2C200 1x, https:\/\/i0.wp.com\/noticiasribeiraopreto.com.br\/wp-content\/uploads\/2026\/07\/caneta.jpg?fit=1170%2C700&ssl=1&resize=525%2C300 1.5x, https:\/\/i0.wp.com\/noticiasribeiraopreto.com.br\/wp-content\/uploads\/2026\/07\/caneta.jpg?fit=1170%2C700&ssl=1&resize=700%2C400 2x, https:\/\/i0.wp.com\/noticiasribeiraopreto.com.br\/wp-content\/uploads\/2026\/07\/caneta.jpg?fit=1170%2C700&ssl=1&resize=1050%2C600 3x"},"classes":[]},{"id":10884,"url":"https:\/\/noticiasribeiraopreto.com.br\/index.php\/2023\/12\/05\/registro-de-vacina-contra-bronquiolite-e-aprovado-pela-anvisa\/","url_meta":{"origin":91122,"position":5},"title":"Registro de vacina contra bronquiolite \u00e9 aprovado pela Anvisa \u2013 Folha de Ribeir\u00e3o","author":"noticiasribeiraopreto.com.br","date":"5 de December de 2023","format":false,"excerpt":"A Ag\u00eancia Nacional de Vigil\u00e2ncia Sanit\u00e1ria (Anvisa) aprovou, nesta segunda-feira (4), o registro de uma vacina indicada para a preven\u00e7\u00e3o da doen\u00e7a do trato respirat\u00f3rio inferior causada pelo v\u00edrus sincicial respirat\u00f3rio (VSR). Trata-se do principal v\u00edrus causador de bronquiolite. O imunizante aprovado \u00e9 registrado como Arexvy, produzido pela empresa GlaxoSmith\u2026","rel":"","context":"In &quot;Not\u00edcias de Ribeir\u00e3o Preto-SP e Regi\u00e3o&quot;","block_context":{"text":"Not\u00edcias de Ribeir\u00e3o Preto-SP e Regi\u00e3o","link":"https:\/\/noticiasribeiraopreto.com.br\/index.php\/category\/noticias-de-ribeirao-preto-sp-e-regiao-ismael-colosi\/"},"img":{"alt_text":"","src":"","width":0,"height":0},"classes":[]}],"jetpack_sharing_enabled":true,"jetpack_shortlink":"https:\/\/wp.me\/peQAOb-nHI","jetpack_featured_media_url":"https:\/\/i0.wp.com\/noticiasribeiraopreto.com.br\/wp-content\/uploads\/2026\/09\/lito-sousa.jpeg?fit=1600%2C899&ssl=1","_links":{"self":[{"href":"https:\/\/noticiasribeiraopreto.com.br\/index.php\/wp-json\/wp\/v2\/posts\/91122","targetHints":{"allow":["GET"]}}],"collection":[{"href":"https:\/\/noticiasribeiraopreto.com.br\/index.php\/wp-json\/wp\/v2\/posts"}],"about":[{"href":"https:\/\/noticiasribeiraopreto.com.br\/index.php\/wp-json\/wp\/v2\/types\/post"}],"author":[{"embeddable":true,"href":"https:\/\/noticiasribeiraopreto.com.br\/index.php\/wp-json\/wp\/v2\/users\/1"}],"replies":[{"embeddable":true,"href":"https:\/\/noticiasribeiraopreto.com.br\/index.php\/wp-json\/wp\/v2\/comments?post=91122"}],"version-history":[{"count":0,"href":"https:\/\/noticiasribeiraopreto.com.br\/index.php\/wp-json\/wp\/v2\/posts\/91122\/revisions"}],"wp:featuredmedia":[{"embeddable":true,"href":"https:\/\/noticiasribeiraopreto.com.br\/index.php\/wp-json\/wp\/v2\/media\/91123"}],"wp:attachment":[{"href":"https:\/\/noticiasribeiraopreto.com.br\/index.php\/wp-json\/wp\/v2\/media?parent=91122"}],"wp:term":[{"taxonomy":"category","embeddable":true,"href":"https:\/\/noticiasribeiraopreto.com.br\/index.php\/wp-json\/wp\/v2\/categories?post=91122"},{"taxonomy":"post_tag","embeddable":true,"href":"https:\/\/noticiasribeiraopreto.com.br\/index.php\/wp-json\/wp\/v2\/tags?post=91122"}],"curies":[{"name":"wp","href":"https:\/\/api.w.org\/{rel}","templated":true}]}}