{"id":91124,"date":"2026-09-04T18:12:27","date_gmt":"2026-09-04T21:12:27","guid":{"rendered":"https:\/\/noticiasribeiraopreto.com.br\/index.php\/2026\/09\/04\/caminhoes-e-onibus-ficam-proibidos-de-passar-sob-viaduto-de-ribeirao-preto-entenda\/"},"modified":"2026-09-04T18:12:27","modified_gmt":"2026-09-04T21:12:27","slug":"caminhoes-e-onibus-ficam-proibidos-de-passar-sob-viaduto-de-ribeirao-preto-entenda","status":"publish","type":"post","link":"https:\/\/noticiasribeiraopreto.com.br\/index.php\/2026\/09\/04\/caminhoes-e-onibus-ficam-proibidos-de-passar-sob-viaduto-de-ribeirao-preto-entenda\/","title":{"rendered":"Caminh\u00f5es e \u00f4nibus ficam proibidos de passar sob viaduto de Ribeir\u00e3o Preto; entenda"},"content":{"rendered":"<div class='code-block code-block-1' style='margin: 8px 0 8px auto; text-align: right; display: block; clear: both;'>\n<p><a href=\"https:\/\/wa.link\/vpicfd\"><img data-recalc-dims=\"1\" class=\"wp-image-4922\" style=\"aspect-ratio: 2.0253164556962027; width: 561px; height: auto;\" src=\"https:\/\/i0.wp.com\/ismaelcolosi.com.br\/wp-content\/uploads\/2023\/11\/grupo-de-empregos-whatsapp-e-facebook-ismael-colosi-vagas.jpg?ssl=1\" alt=\"\" \/><\/a><\/p>\n<!-- \/wp:image -->\n<\/div>\n<p> <br \/>\n<\/p>\n<p>A <strong>Entrevias Concession\u00e1ria de Rodovia<\/strong>s vai implantar, a partir das 14h deste s\u00e1bado (5), uma restri\u00e7\u00e3o de largura na passagem inferior do viaduto do km 316+800, na rodovia Prefeito Ant\u00f4nio Duarte Nogueira (SP-322), em \u00e1rea urbana de Ribeir\u00e3o Preto. <\/p>\n<p>A medida, de car\u00e1ter preventivo, pro\u00edbe a circula\u00e7\u00e3o de<strong> caminh\u00f5es e \u00f4nibus nos dois sentidos do trecho<\/strong>, entre as <strong>avenidas Adelmo Perdizza e Caramuru<\/strong>, por prazo indeterminado.<\/p>\n<div class=\"wp-block-image\">\n<figure class=\"aligncenter size-full\"><img data-recalc-dims=\"1\" decoding=\"async\" src=\"https:\/\/i0.wp.com\/www.acidadeon.com\/ribeiraopreto\/wp-content\/uploads\/sites\/3\/2023\/08\/acesso_da_1200x675_31012022075057.jpg?ssl=1\" alt=\"caminh\u00e3o\n\" class=\"wp-image-22707\" title=\"Caminh\u00f5es e \u00f4nibus ficam proibidos de passar sob viaduto de Ribeir\u00e3o Preto; entenda 1\"><figcaption class=\"wp-element-caption\">Acesso da avenida Adelmo Perdizza, na zona Sul de Ribeir\u00e3o Preto (Foto: Michelle Souza\/CBN Ribeir\u00e3o)<\/figcaption><\/figure>\n<\/div>\n<p class=\"has-text-align-center\"><em>Receba not\u00edcias do\u00a0<strong>acidade on Ribeir\u00e3o\u00a0<\/strong>no WhatsApp e fique por dentro de tudo! Basta acessar o link<a href=\"https:\/\/chat.whatsapp.com\/DfXwcjKVIddHUT3BvnQuPZ?mode=hqctshi\" target=\"_blank\" rel=\"noreferrer noopener\">\u00a0aqui<\/a>!<\/em><\/p>\n<h2 class=\"wp-block-heading\">Entenda a medida<\/h2>\n<p>A restri\u00e7\u00e3o foi adotada depois que a estrutura do viaduto foi atingida por um caminh\u00e3o com altura acima da permitida para o local. Uma inspe\u00e7\u00e3o do projetista respons\u00e1vel constatou que n\u00e3o h\u00e1 risco de colapso, mas a concession\u00e1ria optou por impedir a passagem de ve\u00edculos pesados para evitar que novos impactos agravem o dano j\u00e1 existente. <\/p>\n<p>A Entrevias informou que j\u00e1 iniciou a elabora\u00e7\u00e3o do projeto de recupera\u00e7\u00e3o da base do viaduto.<\/p>\n<p>Os ve\u00edculos de passeio continuam autorizados a trafegar normalmente pela passagem inferior, mas a concession\u00e1ria pede redu\u00e7\u00e3o de velocidade no trecho, j\u00e1 que a pista foi estreitada.<\/p>\n<div class=\"wp-block-image\">\n<figure class=\"aligncenter size-full\"><\/figure>\n<\/div>\n<h2 class=\"wp-block-heading\">Sinaliza\u00e7\u00e3o e fiscaliza\u00e7\u00e3o<\/h2>\n<p>Para orientar os motoristas, a Entrevias instalou placas de \u201cProibido Tr\u00e2nsito de Ve\u00edculo Pesado\u201d e \u201cLargura Limitada a 2 metros\u201d nos dois sentidos de aproxima\u00e7\u00e3o do viaduto. Barreiras r\u00edgidas tamb\u00e9m foram colocadas sob a estrutura, estreitando as pistas para que apenas ve\u00edculos de at\u00e9 2 metros de largura consigam passar \u2014 o que exclui caminh\u00f5es e \u00f4nibus.<\/p>\n<div class=\"wp-block-image\">\n<figure class=\"aligncenter size-large\"><img data-recalc-dims=\"1\" loading=\"lazy\" decoding=\"async\" width=\"1024\" height=\"768\" src=\"https:\/\/i0.wp.com\/www.acidadeon.com\/ribeiraopreto\/wp-content\/uploads\/sites\/3\/2024\/04\/AnyConv.com__adelmo-perdizza-1-1024x768.webp?resize=1024%2C768&#038;ssl=1\" alt=\"adelmo perdizza\" class=\"wp-image-76976\" title=\"Caminh\u00f5es e \u00f4nibus ficam proibidos de passar sob viaduto de Ribeir\u00e3o Preto; entenda 3\"><figcaption class=\"wp-element-caption\">Avenida Adelmo Perdizza \u2013 Foto: Divulga\u00e7\u00e3o \/ CCS<\/figcaption><\/figure>\n<\/div>\n<p>A concession\u00e1ria orienta que, ao avistar a sinaliza\u00e7\u00e3o, motoristas de caminh\u00e3o e \u00f4nibus utilizem a primeira sa\u00edda dispon\u00edvel para refazer a rota. A partir deste s\u00e1bado, equipes da Entrevias tamb\u00e9m v\u00e3o permanecer 24 horas por dia em viaturas nas proximidades da passagem inferior para refor\u00e7ar a orienta\u00e7\u00e3o e organizar o tr\u00e1fego no local.<\/p>\n<hr class=\"wp-block-separator has-alpha-channel-opacity\">\n<p class=\"has-text-align-center\"><em>Fa\u00e7a uma den\u00fancia ou sugira uma reportagem sobre\u00a0<strong>Ribeir\u00e3o Preto\u00a0<\/strong>e regi\u00e3o por meio do WhatsApp do\u00a0<strong>acidade on Ribeir\u00e3o<\/strong>: (16) 99117-7802.<\/em><\/p>\n<\/p>\n<p>O post Caminh\u00f5es e \u00f4nibus ficam proibidos de passar sob viaduto de Ribeir\u00e3o Preto; entenda apareceu primeiro em ACidade ON Ribeir\u00e3o Preto.<\/p>\n<p><br \/>\n<br \/><a href=\"https:\/\/www.acidadeon.com\/ribeiraopreto\/cotidiano\/caminhoes-e-onibus-ficam-proibidos-de-passar-sob-viaduto-de-ribeirao-preto-entenda\/\">Link para o texto original aqui <\/a><\/p>\n<!-- CONTENT END 1 -->\n","protected":false},"excerpt":{"rendered":"<p>A Entrevias Concession\u00e1ria de Rodovias vai implantar, a partir das 14h deste s\u00e1bado (5), uma restri\u00e7\u00e3o de largura na passagem inferior do viaduto do km&#8230;<\/p>\n","protected":false},"author":1,"featured_media":91125,"comment_status":"","ping_status":"","sticky":false,"template":"","format":"standard","meta":{"advanced_seo_description":"","jetpack_seo_html_title":"","jetpack_seo_noindex":false,"jetpack_seo_schema_type":"","_jetpack_newsletter_access":"","_jetpack_dont_email_post_to_subs":false,"_jetpack_newsletter_tier_id":0,"_jetpack_memberships_contains_paywalled_content":false,"_jetpack_feature_clip_id":0,"_jetpack_memberships_contains_paid_content":false,"footnotes":"","jetpack_publicize_message":"","jetpack_publicize_feature_enabled":true,"jetpack_social_post_already_shared":true,"jetpack_social_options":{"image_generator_settings":{"template":"highway","default_image_id":0,"font":"","enabled":false},"version":2},"jetpack_post_was_ever_published":false},"categories":[11],"tags":[8942,390,33,233,335,903,27,8683,26,1658,171],"class_list":["post-91124","post","type-post","status-publish","format-standard","has-post-thumbnail","hentry","category-noticias-de-ribeirao-preto-sp-e-regiao-ismael-colosi","tag-caminh","tag-caminhoes","tag-entenda","tag-ficam","tag-onibus","tag-passar","tag-preto","tag-proibidos","tag-ribeirao","tag-sob","tag-viaduto"],"jetpack_publicize_connections":[],"jetpack-related-posts":[{"id":82373,"url":"https:\/\/noticiasribeiraopreto.com.br\/index.php\/2026\/02\/12\/chuva-volta-a-alagar-avenida-na-zona-sul-de-ribeirao-preto\/","url_meta":{"origin":91124,"position":0},"title":"Chuva volta a alagar avenida na zona Sul de Ribeir\u00e3o Preto","author":"noticiasribeiraopreto.com.br","date":"12 de February de 2026","format":false,"excerpt":"A avenida Adelmo Perdizza voltou a ficar alagada com a forte chuva durante a noite desta quarta-feira (11) e madrugada desta quinta-feira (12), na altura do viaduto de acesso ao Anel Vi\u00e1rio Sul de Ribeir\u00e3o Preto. A avenida e as al\u00e7as de acesso pelo Anel Vi\u00e1rio Sul (rodovia Ant\u00f4nio Duarte\u2026","rel":"","context":"In &quot;Not\u00edcias de Ribeir\u00e3o Preto-SP e Regi\u00e3o&quot;","block_context":{"text":"Not\u00edcias de Ribeir\u00e3o Preto-SP e Regi\u00e3o","link":"https:\/\/noticiasribeiraopreto.com.br\/index.php\/category\/noticias-de-ribeirao-preto-sp-e-regiao-ismael-colosi\/"},"img":{"alt_text":"","src":"https:\/\/i0.wp.com\/noticiasribeiraopreto.com.br\/wp-content\/uploads\/2026\/02\/WhatsApp-Image-2026-02-12-at-06.55.45_2026-02-12_10-20-47.webp.webp?fit=1200%2C675&ssl=1&resize=350%2C200","width":350,"height":200,"srcset":"https:\/\/i0.wp.com\/noticiasribeiraopreto.com.br\/wp-content\/uploads\/2026\/02\/WhatsApp-Image-2026-02-12-at-06.55.45_2026-02-12_10-20-47.webp.webp?fit=1200%2C675&ssl=1&resize=350%2C200 1x, https:\/\/i0.wp.com\/noticiasribeiraopreto.com.br\/wp-content\/uploads\/2026\/02\/WhatsApp-Image-2026-02-12-at-06.55.45_2026-02-12_10-20-47.webp.webp?fit=1200%2C675&ssl=1&resize=525%2C300 1.5x, https:\/\/i0.wp.com\/noticiasribeiraopreto.com.br\/wp-content\/uploads\/2026\/02\/WhatsApp-Image-2026-02-12-at-06.55.45_2026-02-12_10-20-47.webp.webp?fit=1200%2C675&ssl=1&resize=700%2C400 2x, https:\/\/i0.wp.com\/noticiasribeiraopreto.com.br\/wp-content\/uploads\/2026\/02\/WhatsApp-Image-2026-02-12-at-06.55.45_2026-02-12_10-20-47.webp.webp?fit=1200%2C675&ssl=1&resize=1050%2C600 3x"},"classes":[]},{"id":82298,"url":"https:\/\/noticiasribeiraopreto.com.br\/index.php\/2026\/02\/10\/saiba-quais-ruas-e-avenidas-estao-interditadas-em-ribeirao-preto-por-causa-da-chuva\/","url_meta":{"origin":91124,"position":1},"title":"Saiba quais ruas e avenidas est\u00e3o interditadas em Ribeir\u00e3o Preto por causa da chuva","author":"noticiasribeiraopreto.com.br","date":"10 de February de 2026","format":false,"excerpt":"Dois trechos da zona Norte de Ribeir\u00e3o Preto precisaram ser interditados na manh\u00e3 desta ter\u00e7a-feira (10), ap\u00f3s o registro de um alagamento na avenida Cavalheiro Paschoal Innecchi, pr\u00f3ximo ao n\u00famero 1.633, no bairro Jardim Independ\u00eancia. De acordo com a RP Mobi, devido a quantidade de \u00e1gua no local, o acesso\u2026","rel":"","context":"In &quot;Not\u00edcias de Ribeir\u00e3o Preto-SP e Regi\u00e3o&quot;","block_context":{"text":"Not\u00edcias de Ribeir\u00e3o Preto-SP e Regi\u00e3o","link":"https:\/\/noticiasribeiraopreto.com.br\/index.php\/category\/noticias-de-ribeirao-preto-sp-e-regiao-ismael-colosi\/"},"img":{"alt_text":"","src":"https:\/\/i0.wp.com\/noticiasribeiraopreto.com.br\/wp-content\/uploads\/2026\/02\/domingo_2026-02-10_11-51-32.webp.webp?fit=1200%2C675&ssl=1&resize=350%2C200","width":350,"height":200,"srcset":"https:\/\/i0.wp.com\/noticiasribeiraopreto.com.br\/wp-content\/uploads\/2026\/02\/domingo_2026-02-10_11-51-32.webp.webp?fit=1200%2C675&ssl=1&resize=350%2C200 1x, https:\/\/i0.wp.com\/noticiasribeiraopreto.com.br\/wp-content\/uploads\/2026\/02\/domingo_2026-02-10_11-51-32.webp.webp?fit=1200%2C675&ssl=1&resize=525%2C300 1.5x, https:\/\/i0.wp.com\/noticiasribeiraopreto.com.br\/wp-content\/uploads\/2026\/02\/domingo_2026-02-10_11-51-32.webp.webp?fit=1200%2C675&ssl=1&resize=700%2C400 2x, https:\/\/i0.wp.com\/noticiasribeiraopreto.com.br\/wp-content\/uploads\/2026\/02\/domingo_2026-02-10_11-51-32.webp.webp?fit=1200%2C675&ssl=1&resize=1050%2C600 3x"},"classes":[]},{"id":82302,"url":"https:\/\/noticiasribeiraopreto.com.br\/index.php\/2026\/02\/10\/avenida-adelmo-perdizza-fica-alagada-apos-chuva-intensa-na-madrugada-veja-video\/","url_meta":{"origin":91124,"position":2},"title":"Avenida Adelmo Perdizza fica alagada ap\u00f3s chuva intensa na madrugada; Veja v\u00eddeo","author":"noticiasribeiraopreto.com.br","date":"10 de February de 2026","format":false,"excerpt":"A avenida Adelmo Perdizza ficou debaixo d\u2019\u00e1gua com a forte chuva durante a madrugada desta ter\u00e7a-feira (10), na altura do viaduto de acesso para o Anel Vi\u00e1rio Sul de Ribeir\u00e3o Preto. O local est\u00e1 totalmente interditado para quem vem da rodovia e quer acessar a avenida. No sentido contr\u00e1rio, quem\u2026","rel":"","context":"In &quot;Not\u00edcias de Ribeir\u00e3o Preto-SP e Regi\u00e3o&quot;","block_context":{"text":"Not\u00edcias de Ribeir\u00e3o Preto-SP e Regi\u00e3o","link":"https:\/\/noticiasribeiraopreto.com.br\/index.php\/category\/noticias-de-ribeirao-preto-sp-e-regiao-ismael-colosi\/"},"img":{"alt_text":"","src":"https:\/\/i0.wp.com\/noticiasribeiraopreto.com.br\/wp-content\/uploads\/2026\/02\/20260210_071320.jpg_2026-02-10_11-01-56.webp.webp?fit=1200%2C675&ssl=1&resize=350%2C200","width":350,"height":200,"srcset":"https:\/\/i0.wp.com\/noticiasribeiraopreto.com.br\/wp-content\/uploads\/2026\/02\/20260210_071320.jpg_2026-02-10_11-01-56.webp.webp?fit=1200%2C675&ssl=1&resize=350%2C200 1x, https:\/\/i0.wp.com\/noticiasribeiraopreto.com.br\/wp-content\/uploads\/2026\/02\/20260210_071320.jpg_2026-02-10_11-01-56.webp.webp?fit=1200%2C675&ssl=1&resize=525%2C300 1.5x, https:\/\/i0.wp.com\/noticiasribeiraopreto.com.br\/wp-content\/uploads\/2026\/02\/20260210_071320.jpg_2026-02-10_11-01-56.webp.webp?fit=1200%2C675&ssl=1&resize=700%2C400 2x, https:\/\/i0.wp.com\/noticiasribeiraopreto.com.br\/wp-content\/uploads\/2026\/02\/20260210_071320.jpg_2026-02-10_11-01-56.webp.webp?fit=1200%2C675&ssl=1&resize=1050%2C600 3x"},"classes":[]},{"id":46262,"url":"https:\/\/noticiasribeiraopreto.com.br\/index.php\/2024\/04\/10\/voce-conhece-todas-as-acoes-e-obras-de-mobilidade-em-ribeirao\/","url_meta":{"origin":91124,"position":3},"title":"Voc\u00ea conhece todas as a\u00e7\u00f5es e obras de mobilidade em Ribeir\u00e3o?","author":"noticiasribeiraopreto.com.br","date":"10 de April de 2024","format":false,"excerpt":"Constru\u00e7\u00e3o de corredor de \u00f4nibus e ciclovia na Av. do Caf\u00e9. Voc\u00ea vai para casa, para o trabalho ou para o rol\u00ea? Seja qual for o seu destino, a Prefeitura de Ribeir\u00e3o melhora o seu caminho para voc\u00ea chegar aonde precisa com mais agilidade, conforto e seguran\u00e7a. S\u00e3o 20 obras\u2026","rel":"","context":"In &quot;Not\u00edcias de Ribeir\u00e3o Preto-SP e Regi\u00e3o&quot;","block_context":{"text":"Not\u00edcias de Ribeir\u00e3o Preto-SP e Regi\u00e3o","link":"https:\/\/noticiasribeiraopreto.com.br\/index.php\/category\/noticias-de-ribeirao-preto-sp-e-regiao-ismael-colosi\/"},"img":{"alt_text":"","src":"https:\/\/i0.wp.com\/noticiasribeiraopreto.com.br\/wp-content\/uploads\/2024\/04\/001-1024x576.png?fit=1024%2C576&ssl=1&resize=350%2C200","width":350,"height":200,"srcset":"https:\/\/i0.wp.com\/noticiasribeiraopreto.com.br\/wp-content\/uploads\/2024\/04\/001-1024x576.png?fit=1024%2C576&ssl=1&resize=350%2C200 1x, https:\/\/i0.wp.com\/noticiasribeiraopreto.com.br\/wp-content\/uploads\/2024\/04\/001-1024x576.png?fit=1024%2C576&ssl=1&resize=525%2C300 1.5x, https:\/\/i0.wp.com\/noticiasribeiraopreto.com.br\/wp-content\/uploads\/2024\/04\/001-1024x576.png?fit=1024%2C576&ssl=1&resize=700%2C400 2x"},"classes":[]},{"id":83189,"url":"https:\/\/noticiasribeiraopreto.com.br\/index.php\/2026\/03\/12\/avenida-adelmo-perdizza-e-liberada-apos-chuva-causar-alagamento-em-ribeirao-preto\/","url_meta":{"origin":91124,"position":4},"title":"Avenida Adelmo Perdizza \u00e9 liberada ap\u00f3s chuva causar alagamento em Ribeir\u00e3o Preto","author":"noticiasribeiraopreto.com.br","date":"12 de March de 2026","format":false,"excerpt":"A avenida Adelmo Perdizza foi liberada ao tr\u00e2nsito nesta quinta-feira (12), depois de um alagamento provocado pela chuva, que bloqueou a via nesta quarta-feira (11), em Ribeir\u00e3o Preto. Segundo a\u00a0RP Mobi, o alagamento foi registrado na\u00a0altura do n\u00famero 1.231, no bairro Residencial Florida. H\u00e1 um m\u00eas, a avenida tamb\u00e9m foi\u2026","rel":"","context":"In &quot;Not\u00edcias de Ribeir\u00e3o Preto-SP e Regi\u00e3o&quot;","block_context":{"text":"Not\u00edcias de Ribeir\u00e3o Preto-SP e Regi\u00e3o","link":"https:\/\/noticiasribeiraopreto.com.br\/index.php\/category\/noticias-de-ribeirao-preto-sp-e-regiao-ismael-colosi\/"},"img":{"alt_text":"","src":"https:\/\/i0.wp.com\/noticiasribeiraopreto.com.br\/wp-content\/uploads\/2026\/02\/adelmo-perdizza_2026-02-10_20-52-37.webp.webp?fit=899%2C612&ssl=1&resize=350%2C200","width":350,"height":200,"srcset":"https:\/\/i0.wp.com\/noticiasribeiraopreto.com.br\/wp-content\/uploads\/2026\/02\/adelmo-perdizza_2026-02-10_20-52-37.webp.webp?fit=899%2C612&ssl=1&resize=350%2C200 1x, https:\/\/i0.wp.com\/noticiasribeiraopreto.com.br\/wp-content\/uploads\/2026\/02\/adelmo-perdizza_2026-02-10_20-52-37.webp.webp?fit=899%2C612&ssl=1&resize=525%2C300 1.5x, https:\/\/i0.wp.com\/noticiasribeiraopreto.com.br\/wp-content\/uploads\/2026\/02\/adelmo-perdizza_2026-02-10_20-52-37.webp.webp?fit=899%2C612&ssl=1&resize=700%2C400 2x"},"classes":[]},{"id":68659,"url":"https:\/\/noticiasribeiraopreto.com.br\/index.php\/2025\/04\/27\/vai-a-agrishow-confira-cinco-rotas-alternativas-para-chegar-ao-evento\/","url_meta":{"origin":91124,"position":5},"title":"Vai \u00e0 Agrishow? Confira cinco rotas alternativas para chegar ao evento","author":"noticiasribeiraopreto.com.br","date":"27 de April de 2025","format":false,"excerpt":"Para facilitar o acesso \u00e0 Agrishow, a RP Mobi sugere cinco rotas alternativas para chegar at\u00e9 o local. O objetivo \u00e9 evitar o tr\u00e1fego intenso na avenida Patriarca, que fica congestionada durante o per\u00edodo do evento. As rotas alternativas s\u00e3o sinalizadas com placas laranja, indicando o caminho a ser seguido.\u2026","rel":"","context":"In &quot;Not\u00edcias de Ribeir\u00e3o Preto-SP e Regi\u00e3o&quot;","block_context":{"text":"Not\u00edcias de Ribeir\u00e3o Preto-SP e Regi\u00e3o","link":"https:\/\/noticiasribeiraopreto.com.br\/index.php\/category\/noticias-de-ribeirao-preto-sp-e-regiao-ismael-colosi\/"},"img":{"alt_text":"","src":"https:\/\/i0.wp.com\/noticiasribeiraopreto.com.br\/wp-content\/uploads\/2025\/04\/Copia-de-Copia-de-Copia-de-TAMANHO-EXATO-PARA-FOTOS-NO-SISTEMA-NOVO-19_2025-04-27_17-24-49.webp.webp?fit=1200%2C675&ssl=1&resize=350%2C200","width":350,"height":200,"srcset":"https:\/\/i0.wp.com\/noticiasribeiraopreto.com.br\/wp-content\/uploads\/2025\/04\/Copia-de-Copia-de-Copia-de-TAMANHO-EXATO-PARA-FOTOS-NO-SISTEMA-NOVO-19_2025-04-27_17-24-49.webp.webp?fit=1200%2C675&ssl=1&resize=350%2C200 1x, https:\/\/i0.wp.com\/noticiasribeiraopreto.com.br\/wp-content\/uploads\/2025\/04\/Copia-de-Copia-de-Copia-de-TAMANHO-EXATO-PARA-FOTOS-NO-SISTEMA-NOVO-19_2025-04-27_17-24-49.webp.webp?fit=1200%2C675&ssl=1&resize=525%2C300 1.5x, https:\/\/i0.wp.com\/noticiasribeiraopreto.com.br\/wp-content\/uploads\/2025\/04\/Copia-de-Copia-de-Copia-de-TAMANHO-EXATO-PARA-FOTOS-NO-SISTEMA-NOVO-19_2025-04-27_17-24-49.webp.webp?fit=1200%2C675&ssl=1&resize=700%2C400 2x, https:\/\/i0.wp.com\/noticiasribeiraopreto.com.br\/wp-content\/uploads\/2025\/04\/Copia-de-Copia-de-Copia-de-TAMANHO-EXATO-PARA-FOTOS-NO-SISTEMA-NOVO-19_2025-04-27_17-24-49.webp.webp?fit=1200%2C675&ssl=1&resize=1050%2C600 3x"},"classes":[]}],"jetpack_sharing_enabled":true,"jetpack_shortlink":"https:\/\/wp.me\/peQAOb-nHK","jetpack_featured_media_url":"https:\/\/i0.wp.com\/noticiasribeiraopreto.com.br\/wp-content\/uploads\/2026\/09\/ribeirao-entrando-em-Ribeirao_2026-06-18_19-27-47.webp.webp?fit=1200%2C675&ssl=1","_links":{"self":[{"href":"https:\/\/noticiasribeiraopreto.com.br\/index.php\/wp-json\/wp\/v2\/posts\/91124","targetHints":{"allow":["GET"]}}],"collection":[{"href":"https:\/\/noticiasribeiraopreto.com.br\/index.php\/wp-json\/wp\/v2\/posts"}],"about":[{"href":"https:\/\/noticiasribeiraopreto.com.br\/index.php\/wp-json\/wp\/v2\/types\/post"}],"author":[{"embeddable":true,"href":"https:\/\/noticiasribeiraopreto.com.br\/index.php\/wp-json\/wp\/v2\/users\/1"}],"replies":[{"embeddable":true,"href":"https:\/\/noticiasribeiraopreto.com.br\/index.php\/wp-json\/wp\/v2\/comments?post=91124"}],"version-history":[{"count":0,"href":"https:\/\/noticiasribeiraopreto.com.br\/index.php\/wp-json\/wp\/v2\/posts\/91124\/revisions"}],"wp:featuredmedia":[{"embeddable":true,"href":"https:\/\/noticiasribeiraopreto.com.br\/index.php\/wp-json\/wp\/v2\/media\/91125"}],"wp:attachment":[{"href":"https:\/\/noticiasribeiraopreto.com.br\/index.php\/wp-json\/wp\/v2\/media?parent=91124"}],"wp:term":[{"taxonomy":"category","embeddable":true,"href":"https:\/\/noticiasribeiraopreto.com.br\/index.php\/wp-json\/wp\/v2\/categories?post=91124"},{"taxonomy":"post_tag","embeddable":true,"href":"https:\/\/noticiasribeiraopreto.com.br\/index.php\/wp-json\/wp\/v2\/tags?post=91124"}],"curies":[{"name":"wp","href":"https:\/\/api.w.org\/{rel}","templated":true}]}}