{"id":91126,"date":"2026-09-04T19:03:37","date_gmt":"2026-09-04T22:03:37","guid":{"rendered":"https:\/\/noticiasribeiraopreto.com.br\/index.php\/2026\/09\/04\/suspeito-de-participar-de-assalto-e-de-fazer-familia-refem-se-entrega-a-policia\/"},"modified":"2026-09-04T19:03:37","modified_gmt":"2026-09-04T22:03:37","slug":"suspeito-de-participar-de-assalto-e-de-fazer-familia-refem-se-entrega-a-policia","status":"publish","type":"post","link":"https:\/\/noticiasribeiraopreto.com.br\/index.php\/2026\/09\/04\/suspeito-de-participar-de-assalto-e-de-fazer-familia-refem-se-entrega-a-policia\/","title":{"rendered":"Suspeito de participar de assalto e de fazer fam\u00edlia ref\u00e9m se entrega \u00e0 pol\u00edcia"},"content":{"rendered":"<div class='code-block code-block-1' style='margin: 8px 0 8px auto; text-align: right; display: block; clear: both;'>\n<p><a href=\"https:\/\/wa.link\/vpicfd\"><img data-recalc-dims=\"1\" class=\"wp-image-4922\" style=\"aspect-ratio: 2.0253164556962027; width: 561px; height: auto;\" src=\"https:\/\/i0.wp.com\/ismaelcolosi.com.br\/wp-content\/uploads\/2023\/11\/grupo-de-empregos-whatsapp-e-facebook-ismael-colosi-vagas.jpg?ssl=1\" alt=\"\" \/><\/a><\/p>\n<!-- \/wp:image -->\n<\/div>\n<p> <br \/>\n<\/p>\n<p>Um dos suspeitos de participar do assalto em que uma fam\u00edlia foi feita ref\u00e9m em <strong>Jardin\u00f3polis, na regi\u00e3o de Ribeir\u00e3o Preto,<\/strong> se entregou \u00e0 Pol\u00edcia Militar na tarde desta sexta-feira (4). <strong>Yran Felipe Parente Ferreira, de 19 anos, foi preso em flagrante<\/strong> e deve passar por audi\u00eancia de cust\u00f3dia.<\/p>\n<p>Segundo a Pol\u00edcia Militar, Yran \u00e9 namorado da mulher de 21 anos que havia sido presa horas antes com parte dos objetos roubados da resid\u00eancia.<\/p>\n<div class=\"wp-block-image\">\n<figure class=\"aligncenter size-full\"><figcaption class=\"wp-element-caption\">Suspeito \u2013 Foto: Divulga\u00e7\u00e3o<\/figcaption><\/figure>\n<\/div>\n<p>Ainda de acordo com a corpora\u00e7\u00e3o, o jovem possui uma passagem anterior pela pol\u00edcia por tr\u00e1fico de drogas. A defesa de Yran n\u00e3o havia sido localizada at\u00e9 a \u00faltima atualiza\u00e7\u00e3o desta reportagem.<\/p>\n<p>Al\u00e9m dele, <strong>outros tr\u00eas homens s\u00e3o suspeitos de participa\u00e7\u00e3o no crime e continuam foragidos<\/strong>.<\/p>\n<h2 class=\"wp-block-heading\">Objetos roubados s\u00e3o recuperados<\/h2>\n<p>Durante a a\u00e7\u00e3o criminosa, os suspeitos levaram eletr\u00f4nicos, televis\u00e3o, joias, perfumes, roupas e o carro da fam\u00edlia.<\/p>\n<p>Parte dos objetos foi recuperada ap\u00f3s a Pol\u00edcia Militar rastrear um dos dispositivos roubados. O sinal indicou uma localiza\u00e7\u00e3o no bairro Vila Santa Luzia.<\/p>\n<div class=\"wp-block-image\">\n<figure class=\"aligncenter size-full\"><img data-recalc-dims=\"1\" loading=\"lazy\" decoding=\"async\" width=\"1000\" height=\"566\" src=\"https:\/\/i0.wp.com\/www.acidadeon.com\/ribeiraopreto\/wp-content\/uploads\/sites\/3\/2026\/09\/image-51.png?resize=1000%2C566&#038;ssl=1\" alt=\"image 51\" class=\"wp-image-173765\" title=\"Suspeito de participar de assalto e de fazer fam\u00edlia ref\u00e9m se entrega \u00e0 pol\u00edcia 2\"><\/figure>\n<\/div>\n<p>O tenente Guilherme Zanardo informou que o rastreamento ajudou os policiais a localizar o im\u00f3vel onde parte dos produtos estava.<\/p>\n<p>O carro da fam\u00edlia tamb\u00e9m foi encontrado na tarde desta sexta-feira em uma \u00e1rea de mata de Jardin\u00f3polis.<\/p>\n<p>No im\u00f3vel, os policiais apreenderam uma arma de fogo calibre .44, muni\u00e7\u00f5es, tr\u00eas simulacros de arma, m\u00e1scaras, balaclavas e roupas que podem ter sido utilizadas durante o assalto.<\/p>\n<p class=\"has-text-align-center\"><em>Receba not\u00edcias do\u00a0<strong>acidade on Ribeir\u00e3o\u00a0<\/strong>no WhatsApp e fique por dentro de tudo! Basta acessar o link<a href=\"https:\/\/chat.whatsapp.com\/DfXwcjKVIddHUT3BvnQuPZ?mode=hqctshi\" target=\"_blank\" rel=\"noreferrer noopener\">\u00a0aqui<\/a>!<\/em><\/p>\n<h2 class=\"wp-block-heading\">Assalto aconteceu durante a madrugada<\/h2>\n<p>O crime aconteceu por volta das <strong>4h<\/strong>, no bairro Vila Santa Luzia. Quatro homens armados invadiram a resid\u00eancia e renderam os moradores.<\/p>\n<p>As v\u00edtimas relataram \u00e0 Pol\u00edcia Militar que os criminosos fizeram amea\u00e7as com armas longas.<\/p>\n<p>Segundo a corpora\u00e7\u00e3o, os suspeitos pularam o muro lateral da casa. Eles usavam roupas pretas e cobriam o rosto com m\u00e1scaras e balaclavas.<\/p>\n<div class=\"wp-block-image\">\n<figure class=\"aligncenter size-large\"><img data-recalc-dims=\"1\" loading=\"lazy\" decoding=\"async\" width=\"1024\" height=\"576\" src=\"https:\/\/i0.wp.com\/www.acidadeon.com\/ribeiraopreto\/wp-content\/uploads\/sites\/3\/2026\/09\/roubo-casa-jardinopolis-1-1024x576.jpg?resize=1024%2C576&#038;ssl=1\" alt=\"Roubo aconteceu durante a madrugada em Jardin\u00f3polis - Foto: Pol\u00edcia Militar.\" class=\"wp-image-173682\" title=\"Suspeito de participar de assalto e de fazer fam\u00edlia ref\u00e9m se entrega \u00e0 pol\u00edcia 3\"><figcaption class=\"wp-element-caption\">Roubo aconteceu durante a madrugada em Jardin\u00f3polis \u2013 Foto: Pol\u00edcia Militar.<\/figcaption><\/figure>\n<\/div>\n<p>Durante o assalto, o grupo roubou eletr\u00f4nicos, uma televis\u00e3o, joias, perfumes, roupas e o ve\u00edculo da fam\u00edlia.<\/p>\n<p>Imagens de c\u00e2meras de seguran\u00e7a registraram o momento em que um dos suspeitos abriu o port\u00e3o da garagem, por volta das <strong>6h20<\/strong>. Na sequ\u00eancia, o grupo fugiu levando o carro.<\/p>\n<p>Cerca de dez minutos depois, as v\u00edtimas conseguiram acionar a Pol\u00edcia Militar e relatar o crime.<\/p>\n<h2 class=\"wp-block-heading\">Drone auxiliou nas buscas<\/h2>\n<p>O rastreamento de um dos aparelhos roubados indicou uma localiza\u00e7\u00e3o aproximada a cerca de um quil\u00f4metro da resid\u00eancia assaltada, ainda no bairro Vila Santa Luzia.<\/p>\n<p>Durante as buscas, um drone da Pol\u00edcia Militar registrou uma pessoa transferindo mochilas de um ve\u00edculo para dentro de uma casa.<\/p>\n<p>A movimenta\u00e7\u00e3o chamou a aten\u00e7\u00e3o dos policiais, que foram at\u00e9 o im\u00f3vel.<\/p>\n<p>Durante a abordagem, a mulher de 21 anos, namorada de Yran, tentou danificar o pr\u00f3prio celular, segundo a PM.<\/p>\n<figure class=\"wp-block-gallery has-nested-images columns-default is-cropped wp-block-gallery-1 is-layout-flex wp-block-gallery-is-layout-flex\">\n<figure class=\"wp-block-image size-large\"><img data-recalc-dims=\"1\" loading=\"lazy\" decoding=\"async\" width=\"1024\" height=\"576\" data-id=\"173677\" src=\"https:\/\/i0.wp.com\/www.acidadeon.com\/ribeiraopreto\/wp-content\/uploads\/sites\/3\/2026\/09\/roubo-jardinopolis-familia-1-1024x576.jpg?resize=1024%2C576&#038;ssl=1\" alt=\"Roubo aconteceu durante a madrugada em Jardin\u00f3polis - Foto: Pol\u00edcia Militar.\" class=\"wp-image-173677\" title=\"Suspeito de participar de assalto e de fazer fam\u00edlia ref\u00e9m se entrega \u00e0 pol\u00edcia 4\"><figcaption class=\"wp-element-caption\">Roubo aconteceu durante a madrugada em Jardin\u00f3polis \u2013 Foto: Pol\u00edcia Militar.<\/figcaption><\/figure>\n<figure class=\"wp-block-image size-large\"><img data-recalc-dims=\"1\" loading=\"lazy\" decoding=\"async\" width=\"1024\" height=\"576\" data-id=\"173676\" src=\"https:\/\/i0.wp.com\/www.acidadeon.com\/ribeiraopreto\/wp-content\/uploads\/sites\/3\/2026\/09\/roubo-jardinopolis-familia-2-1024x576.jpg?resize=1024%2C576&#038;ssl=1\" alt=\"Roubo aconteceu durante a madrugada em Jardin\u00f3polis - Foto: Pol\u00edcia Militar.\" class=\"wp-image-173676\" title=\"Suspeito de participar de assalto e de fazer fam\u00edlia ref\u00e9m se entrega \u00e0 pol\u00edcia 5\"><figcaption class=\"wp-element-caption\">Roubo aconteceu durante a madrugada em Jardin\u00f3polis \u2013 Foto: Pol\u00edcia Militar.<\/figcaption><\/figure>\n<figure class=\"wp-block-image size-large\"><img data-recalc-dims=\"1\" loading=\"lazy\" decoding=\"async\" width=\"1024\" height=\"576\" data-id=\"173675\" src=\"https:\/\/i0.wp.com\/www.acidadeon.com\/ribeiraopreto\/wp-content\/uploads\/sites\/3\/2026\/09\/roubo-jardinopolis-familia-3-1024x576.jpg?resize=1024%2C576&#038;ssl=1\" alt=\"Roubo aconteceu durante a madrugada em Jardin\u00f3polis - Foto: Pol\u00edcia Militar.\" class=\"wp-image-173675\" title=\"Suspeito de participar de assalto e de fazer fam\u00edlia ref\u00e9m se entrega \u00e0 pol\u00edcia 6\"><figcaption class=\"wp-element-caption\">Roubo aconteceu durante a madrugada em Jardin\u00f3polis \u2013 Foto: Pol\u00edcia Militar.<\/figcaption><\/figure>\n<\/figure>\n<p>No local, os policiais encontraram parte dos perfumes, joias e eletr\u00f4nicos roubados, al\u00e9m da televis\u00e3o.<\/p>\n<p>A equipe tamb\u00e9m localizou um ve\u00edculo que, segundo a corpora\u00e7\u00e3o, teria sido usado pelos criminosos durante a fuga.<\/p>\n<p>De acordo com o tenente Guilherme Zanardo, a mulher contou aos policiais que o grupo chegou ao im\u00f3vel depois do assalto.<\/p>\n<blockquote class=\"wp-block-quote is-layout-flow wp-block-quote-is-layout-flow\">\n<p>\u201cEla informou que o namorado havia chegado recentemente com o ve\u00edculo e mais tr\u00eas amigos, deixou o ve\u00edculo na resid\u00eancia e fugiu a p\u00e9. Ela ficou respons\u00e1vel por guardar as coisas que estavam no carro.\u201d<\/p>\n<\/blockquote>\n<hr class=\"wp-block-separator has-alpha-channel-opacity\">\n<p class=\"has-text-align-center has-small-font-size\"><em>Fa\u00e7a uma den\u00fancia ou sugira uma reportagem sobre\u00a0<strong>Ribeir\u00e3o Preto\u00a0<\/strong>e regi\u00e3o por meio do WhatsApp do\u00a0<strong>acidade on Ribeir\u00e3o<\/strong>: (16) 99117-7802.<\/em><\/p>\n<p><mark class=\"has-inline-color has-white-color\">suspeito<\/mark><\/p>\n<p>O post Suspeito de participar de assalto e de fazer fam\u00edlia ref\u00e9m se entrega \u00e0 pol\u00edcia apareceu primeiro em ACidade ON Ribeir\u00e3o Preto.<\/p>\n<p><br \/>\n<br \/><a href=\"https:\/\/www.acidadeon.com\/ribeiraopreto\/cotidiano\/suspeito-de-participar-de-assalto-e-de-fazer-familia-refem-se-entrega-a-policia\/\">Link para o texto original aqui <\/a><\/p>\n<!-- CONTENT END 1 -->\n","protected":false},"excerpt":{"rendered":"<p>Um dos suspeitos de participar do assalto em que uma fam\u00edlia foi feita ref\u00e9m em Jardin\u00f3polis, na regi\u00e3o de Ribeir\u00e3o Preto, se entregou \u00e0 Pol\u00edcia&#8230;<\/p>\n","protected":false},"author":1,"featured_media":91127,"comment_status":"","ping_status":"","sticky":false,"template":"","format":"standard","meta":{"advanced_seo_description":"","jetpack_seo_html_title":"","jetpack_seo_noindex":false,"jetpack_seo_schema_type":"","_jetpack_newsletter_access":"","_jetpack_dont_email_post_to_subs":false,"_jetpack_newsletter_tier_id":0,"_jetpack_memberships_contains_paywalled_content":false,"_jetpack_feature_clip_id":0,"_jetpack_memberships_contains_paid_content":false,"footnotes":"","jetpack_publicize_message":"","jetpack_publicize_feature_enabled":true,"jetpack_social_post_already_shared":true,"jetpack_social_options":{"image_generator_settings":{"template":"highway","default_image_id":0,"font":"","enabled":false},"version":2},"jetpack_post_was_ever_published":false},"categories":[11],"tags":[111,1398,73,284,467,20,5501,24],"class_list":["post-91126","post","type-post","status-publish","format-standard","has-post-thumbnail","hentry","category-noticias-de-ribeirao-preto-sp-e-regiao-ismael-colosi","tag-assalto","tag-entrega","tag-familia","tag-fazer","tag-participar","tag-policia","tag-refem","tag-suspeito"],"jetpack_publicize_connections":[],"jetpack-related-posts":[{"id":91088,"url":"https:\/\/noticiasribeiraopreto.com.br\/index.php\/2026\/09\/04\/familia-e-feita-refem-durante-roubo-a-residencia-na-regiao-de-ribeirao-preto\/","url_meta":{"origin":91126,"position":0},"title":"Fam\u00edlia \u00e9 feita ref\u00e9m durante roubo a resid\u00eancia na regi\u00e3o de Ribeir\u00e3o Preto","author":"noticiasribeiraopreto.com.br","date":"4 de September de 2026","format":false,"excerpt":"Uma fam\u00edlia foi amarrada e feita ref\u00e9m durante um roubo \u00e0 resid\u00eancia onde mora, em Jardin\u00f3polis, cidade da regi\u00e3o de Ribeir\u00e3o Preto, nesta sexta-feira (4). De acordo com as informa\u00e7\u00f5es da Pol\u00edcia Militar (PM), os criminosos invadiram a resid\u00eancia durante a madrugada, na regi\u00e3o central da cidade. Segundo a corpora\u00e7\u00e3o,\u2026","rel":"","context":"In &quot;Not\u00edcias de Ribeir\u00e3o Preto-SP e Regi\u00e3o&quot;","block_context":{"text":"Not\u00edcias de Ribeir\u00e3o Preto-SP e Regi\u00e3o","link":"https:\/\/noticiasribeiraopreto.com.br\/index.php\/category\/noticias-de-ribeirao-preto-sp-e-regiao-ismael-colosi\/"},"img":{"alt_text":"","src":"https:\/\/i0.wp.com\/noticiasribeiraopreto.com.br\/wp-content\/uploads\/2026\/09\/roubo-casa-jardinopolis-1.jpg?fit=1200%2C675&ssl=1&resize=350%2C200","width":350,"height":200,"srcset":"https:\/\/i0.wp.com\/noticiasribeiraopreto.com.br\/wp-content\/uploads\/2026\/09\/roubo-casa-jardinopolis-1.jpg?fit=1200%2C675&ssl=1&resize=350%2C200 1x, https:\/\/i0.wp.com\/noticiasribeiraopreto.com.br\/wp-content\/uploads\/2026\/09\/roubo-casa-jardinopolis-1.jpg?fit=1200%2C675&ssl=1&resize=525%2C300 1.5x, https:\/\/i0.wp.com\/noticiasribeiraopreto.com.br\/wp-content\/uploads\/2026\/09\/roubo-casa-jardinopolis-1.jpg?fit=1200%2C675&ssl=1&resize=700%2C400 2x, https:\/\/i0.wp.com\/noticiasribeiraopreto.com.br\/wp-content\/uploads\/2026\/09\/roubo-casa-jardinopolis-1.jpg?fit=1200%2C675&ssl=1&resize=1050%2C600 3x"},"classes":[]},{"id":29658,"url":"https:\/\/noticiasribeiraopreto.com.br\/index.php\/2024\/01\/18\/familia-vive-momentos-de-terror-ao-ser-mantida-refem-e-testemunhar-confronto-com-a-policia-desfecho-tragico-e-exposto\/","url_meta":{"origin":91126,"position":1},"title":"Fam\u00edlia vive momentos de terror ao ser mantida ref\u00e9m e testemunhar confronto com a pol\u00edcia, desfecho tr\u00e1gico \u00e9 exposto","author":"noticiasribeiraopreto.com.br","date":"18 de January de 2024","format":false,"excerpt":"Uma fam\u00edlia viveu momentos de puro terror ao ser mantida ref\u00e9m e testemunhar o cerco dos agentes de seguran\u00e7a. O caso teve como cen\u00e1rio a cidade de Itapo\u00e1, localizado na regi\u00e3o Norte de Santa Catarina, na madrugada desta quinta-feira (18).Ainda de acordo com as informa\u00e7\u00f5es repassadas pelos agentes da Pol\u00edcia\u2026","rel":"","context":"In &quot;Blog&quot;","block_context":{"text":"Blog","link":"https:\/\/noticiasribeiraopreto.com.br\/index.php\/category\/blog\/"},"img":{"alt_text":"","src":"https:\/\/i0.wp.com\/noticiasribeiraopreto.com.br\/wp-content\/uploads\/2024\/01\/postimg-65a9dd2028a0b8235.jpg?fit=1200%2C628&ssl=1&resize=350%2C200","width":350,"height":200,"srcset":"https:\/\/i0.wp.com\/noticiasribeiraopreto.com.br\/wp-content\/uploads\/2024\/01\/postimg-65a9dd2028a0b8235.jpg?fit=1200%2C628&ssl=1&resize=350%2C200 1x, https:\/\/i0.wp.com\/noticiasribeiraopreto.com.br\/wp-content\/uploads\/2024\/01\/postimg-65a9dd2028a0b8235.jpg?fit=1200%2C628&ssl=1&resize=525%2C300 1.5x, https:\/\/i0.wp.com\/noticiasribeiraopreto.com.br\/wp-content\/uploads\/2024\/01\/postimg-65a9dd2028a0b8235.jpg?fit=1200%2C628&ssl=1&resize=700%2C400 2x, https:\/\/i0.wp.com\/noticiasribeiraopreto.com.br\/wp-content\/uploads\/2024\/01\/postimg-65a9dd2028a0b8235.jpg?fit=1200%2C628&ssl=1&resize=1050%2C600 3x"},"classes":[]},{"id":77319,"url":"https:\/\/noticiasribeiraopreto.com.br\/index.php\/2025\/09\/16\/homem-morre-apos-resistir-a-prisao-em-rp\/","url_meta":{"origin":91126,"position":2},"title":"Homem morre ap\u00f3s resistir \u00e0 pris\u00e3o em RP","author":"noticiasribeiraopreto.com.br","date":"16 de September de 2025","format":false,"excerpt":"Ele e um comparsa haviam feito uma fam\u00edlia ref\u00e9m, roubando seus pertences e o carro no Sul de Minas Gerais 16 de setembro de 2025 10:353 Compartilhar0 Um homem morreu ap\u00f3s reagir \u00e0 pris\u00e3o no final da tarde desta segunda-feira (15). Ele e outro homem s\u00e3o suspeitos de fazer uma\u2026","rel":"","context":"In &quot;Not\u00edcias de Ribeir\u00e3o Preto-SP e Regi\u00e3o&quot;","block_context":{"text":"Not\u00edcias de Ribeir\u00e3o Preto-SP e Regi\u00e3o","link":"https:\/\/noticiasribeiraopreto.com.br\/index.php\/category\/noticias-de-ribeirao-preto-sp-e-regiao-ismael-colosi\/"},"img":{"alt_text":"","src":"https:\/\/i0.wp.com\/noticiasribeiraopreto.com.br\/wp-content\/uploads\/2025\/09\/BAEP-2-Foto-Divulgacao-PM-1.jpg?fit=624%2C455&ssl=1&resize=350%2C200","width":350,"height":200,"srcset":"https:\/\/i0.wp.com\/noticiasribeiraopreto.com.br\/wp-content\/uploads\/2025\/09\/BAEP-2-Foto-Divulgacao-PM-1.jpg?fit=624%2C455&ssl=1&resize=350%2C200 1x, https:\/\/i0.wp.com\/noticiasribeiraopreto.com.br\/wp-content\/uploads\/2025\/09\/BAEP-2-Foto-Divulgacao-PM-1.jpg?fit=624%2C455&ssl=1&resize=525%2C300 1.5x"},"classes":[]},{"id":57596,"url":"https:\/\/noticiasribeiraopreto.com.br\/index.php\/2024\/09\/05\/assaltantes-fazem-casal-refem-agridem-vitima-e-roubam-cofre-vazio-em-ribeirao\/","url_meta":{"origin":91126,"position":3},"title":"Assaltantes fazem casal ref\u00e9m, agridem v\u00edtima e roubam cofre vazio em Ribeir\u00e3o","author":"noticiasribeiraopreto.com.br","date":"5 de September de 2024","format":false,"excerpt":"Dois criminosos, um dos quais com uma arma de fogo, fizeram um casal ref\u00e9m e agrediram uma das v\u00edtimas durante um assalto no in\u00edcio da noite desta quarta-feira (4), no bairro Campos El\u00edseos, zona Norte de Ribeir\u00e3o Preto. Segundo o boletim de ocorr\u00eancia (BO), a v\u00edtima \u2013 um homem de\u2026","rel":"","context":"In &quot;Not\u00edcias de Ribeir\u00e3o Preto-SP e Regi\u00e3o&quot;","block_context":{"text":"Not\u00edcias de Ribeir\u00e3o Preto-SP e Regi\u00e3o","link":"https:\/\/noticiasribeiraopreto.com.br\/index.php\/category\/noticias-de-ribeirao-preto-sp-e-regiao-ismael-colosi\/"},"img":{"alt_text":"","src":"https:\/\/i0.wp.com\/noticiasribeiraopreto.com.br\/wp-content\/uploads\/2024\/09\/pm_qru_1024x576_25052021184558.jpg?fit=1024%2C576&ssl=1&resize=350%2C200","width":350,"height":200,"srcset":"https:\/\/i0.wp.com\/noticiasribeiraopreto.com.br\/wp-content\/uploads\/2024\/09\/pm_qru_1024x576_25052021184558.jpg?fit=1024%2C576&ssl=1&resize=350%2C200 1x, https:\/\/i0.wp.com\/noticiasribeiraopreto.com.br\/wp-content\/uploads\/2024\/09\/pm_qru_1024x576_25052021184558.jpg?fit=1024%2C576&ssl=1&resize=525%2C300 1.5x, https:\/\/i0.wp.com\/noticiasribeiraopreto.com.br\/wp-content\/uploads\/2024\/09\/pm_qru_1024x576_25052021184558.jpg?fit=1024%2C576&ssl=1&resize=700%2C400 2x"},"classes":[]},{"id":35225,"url":"https:\/\/noticiasribeiraopreto.com.br\/index.php\/2024\/02\/05\/homem-e-feito-de-refem-apos-sair-de-bar-e-agredido-durante-assalto-em-ribeirao\/","url_meta":{"origin":91126,"position":4},"title":"Homem \u00e9 feito de ref\u00e9m ap\u00f3s sair de bar e agredido durante assalto em Ribeir\u00e3o","author":"noticiasribeiraopreto.com.br","date":"5 de February de 2024","format":false,"excerpt":"Um homem de 35 anos foi feito de ref\u00e9m ao sair de um bar e acabou agredido durante um assalto na madrugada deste domingo (4), em Ribeir\u00e3o Preto. A v\u00edtima relatou \u00e0 Pol\u00edcia Civil que os criminosos levaram um celular e um cart\u00e3o banc\u00e1rio em nome de sua irm\u00e3, e\u2026","rel":"","context":"In &quot;Not\u00edcias de Ribeir\u00e3o Preto-SP e Regi\u00e3o&quot;","block_context":{"text":"Not\u00edcias de Ribeir\u00e3o Preto-SP e Regi\u00e3o","link":"https:\/\/noticiasribeiraopreto.com.br\/index.php\/category\/noticias-de-ribeirao-preto-sp-e-regiao-ismael-colosi\/"},"img":{"alt_text":"","src":"https:\/\/i0.wp.com\/noticiasribeiraopreto.com.br\/wp-content\/uploads\/2024\/02\/cpj_policia_1200x675_30012022162443.jpg?fit=1200%2C675&ssl=1&resize=350%2C200","width":350,"height":200,"srcset":"https:\/\/i0.wp.com\/noticiasribeiraopreto.com.br\/wp-content\/uploads\/2024\/02\/cpj_policia_1200x675_30012022162443.jpg?fit=1200%2C675&ssl=1&resize=350%2C200 1x, https:\/\/i0.wp.com\/noticiasribeiraopreto.com.br\/wp-content\/uploads\/2024\/02\/cpj_policia_1200x675_30012022162443.jpg?fit=1200%2C675&ssl=1&resize=525%2C300 1.5x, https:\/\/i0.wp.com\/noticiasribeiraopreto.com.br\/wp-content\/uploads\/2024\/02\/cpj_policia_1200x675_30012022162443.jpg?fit=1200%2C675&ssl=1&resize=700%2C400 2x, https:\/\/i0.wp.com\/noticiasribeiraopreto.com.br\/wp-content\/uploads\/2024\/02\/cpj_policia_1200x675_30012022162443.jpg?fit=1200%2C675&ssl=1&resize=1050%2C600 3x"},"classes":[]},{"id":48530,"url":"https:\/\/noticiasribeiraopreto.com.br\/index.php\/2024\/05\/03\/motorista-e-feito-refem-e-mercadorias-do-correios-sao-roubadas-em-ribeirao-preto\/","url_meta":{"origin":91126,"position":5},"title":"Motorista \u00e9 feito ref\u00e9m e mercadorias do Correios s\u00e3o roubadas em Ribeir\u00e3o Preto","author":"noticiasribeiraopreto.com.br","date":"3 de May de 2024","format":false,"excerpt":"A Pol\u00edcia Militar de Ribeir\u00e3o Preto se mobilizou na manh\u00e3 desta sexta-feira (3) durante um roubo, com ref\u00e9m, de um carro com mercadorias do Correios.\u00a0 O crime aconteceu no bairro Ribeir\u00e3o Verde, zona leste da cidade. Segundo a PM (Pol\u00edcia Militar), uma equipe que estava em patrulhamento pr\u00f3ximo a rodovia\u2026","rel":"","context":"In &quot;Not\u00edcias de Ribeir\u00e3o Preto-SP e Regi\u00e3o&quot;","block_context":{"text":"Not\u00edcias de Ribeir\u00e3o Preto-SP e Regi\u00e3o","link":"https:\/\/noticiasribeiraopreto.com.br\/index.php\/category\/noticias-de-ribeirao-preto-sp-e-regiao-ismael-colosi\/"},"img":{"alt_text":"","src":"https:\/\/i0.wp.com\/noticiasribeiraopreto.com.br\/wp-content\/uploads\/2024\/05\/correios__1024x576_25022021133124.jpg?fit=1024%2C576&ssl=1&resize=350%2C200","width":350,"height":200,"srcset":"https:\/\/i0.wp.com\/noticiasribeiraopreto.com.br\/wp-content\/uploads\/2024\/05\/correios__1024x576_25022021133124.jpg?fit=1024%2C576&ssl=1&resize=350%2C200 1x, https:\/\/i0.wp.com\/noticiasribeiraopreto.com.br\/wp-content\/uploads\/2024\/05\/correios__1024x576_25022021133124.jpg?fit=1024%2C576&ssl=1&resize=525%2C300 1.5x, https:\/\/i0.wp.com\/noticiasribeiraopreto.com.br\/wp-content\/uploads\/2024\/05\/correios__1024x576_25022021133124.jpg?fit=1024%2C576&ssl=1&resize=700%2C400 2x"},"classes":[]}],"jetpack_sharing_enabled":true,"jetpack_shortlink":"https:\/\/wp.me\/peQAOb-nHM","jetpack_featured_media_url":"https:\/\/i0.wp.com\/noticiasribeiraopreto.com.br\/wp-content\/uploads\/2026\/09\/1788559418_roubo-casa-jardinopolis-1.jpg?fit=1200%2C675&ssl=1","_links":{"self":[{"href":"https:\/\/noticiasribeiraopreto.com.br\/index.php\/wp-json\/wp\/v2\/posts\/91126","targetHints":{"allow":["GET"]}}],"collection":[{"href":"https:\/\/noticiasribeiraopreto.com.br\/index.php\/wp-json\/wp\/v2\/posts"}],"about":[{"href":"https:\/\/noticiasribeiraopreto.com.br\/index.php\/wp-json\/wp\/v2\/types\/post"}],"author":[{"embeddable":true,"href":"https:\/\/noticiasribeiraopreto.com.br\/index.php\/wp-json\/wp\/v2\/users\/1"}],"replies":[{"embeddable":true,"href":"https:\/\/noticiasribeiraopreto.com.br\/index.php\/wp-json\/wp\/v2\/comments?post=91126"}],"version-history":[{"count":0,"href":"https:\/\/noticiasribeiraopreto.com.br\/index.php\/wp-json\/wp\/v2\/posts\/91126\/revisions"}],"wp:featuredmedia":[{"embeddable":true,"href":"https:\/\/noticiasribeiraopreto.com.br\/index.php\/wp-json\/wp\/v2\/media\/91127"}],"wp:attachment":[{"href":"https:\/\/noticiasribeiraopreto.com.br\/index.php\/wp-json\/wp\/v2\/media?parent=91126"}],"wp:term":[{"taxonomy":"category","embeddable":true,"href":"https:\/\/noticiasribeiraopreto.com.br\/index.php\/wp-json\/wp\/v2\/categories?post=91126"},{"taxonomy":"post_tag","embeddable":true,"href":"https:\/\/noticiasribeiraopreto.com.br\/index.php\/wp-json\/wp\/v2\/tags?post=91126"}],"curies":[{"name":"wp","href":"https:\/\/api.w.org\/{rel}","templated":true}]}}