{"id":91128,"date":"2026-09-04T20:44:23","date_gmt":"2026-09-04T23:44:23","guid":{"rendered":"https:\/\/noticiasribeiraopreto.com.br\/index.php\/2026\/09\/04\/shopping-de-ribeirao-preto-recebe-atracoes-gratuitas-inspiradas-em-moana-2\/"},"modified":"2026-09-04T20:44:23","modified_gmt":"2026-09-04T23:44:23","slug":"shopping-de-ribeirao-preto-recebe-atracoes-gratuitas-inspiradas-em-moana-2","status":"publish","type":"post","link":"https:\/\/noticiasribeiraopreto.com.br\/index.php\/2026\/09\/04\/shopping-de-ribeirao-preto-recebe-atracoes-gratuitas-inspiradas-em-moana-2\/","title":{"rendered":"Shopping de Ribeir\u00e3o Preto recebe atra\u00e7\u00f5es gratuitas inspiradas em Moana 2"},"content":{"rendered":"<div class='code-block code-block-1' style='margin: 8px 0 8px auto; text-align: right; display: block; clear: both;'>\n<p><a href=\"https:\/\/wa.link\/vpicfd\"><img data-recalc-dims=\"1\" class=\"wp-image-4922\" style=\"aspect-ratio: 2.0253164556962027; width: 561px; height: auto;\" src=\"https:\/\/i0.wp.com\/ismaelcolosi.com.br\/wp-content\/uploads\/2023\/11\/grupo-de-empregos-whatsapp-e-facebook-ismael-colosi-vagas.jpg?ssl=1\" alt=\"\" \/><\/a><\/p>\n<!-- \/wp:image -->\n<\/div>\n<p> <br \/>\n<\/p>\n<p>O Ribeir\u00e3o Shopping recebe, a partir deste s\u00e1bado (5), um circuito infantil inspirado no filme <strong>Moana 2<\/strong>. A atra\u00e7\u00e3o fica na Pra\u00e7a de Eventos A at\u00e9 12 de outubro e oferece atividades gratuitas para crian\u00e7as de 4 a 12 anos.<\/p>\n<p>Para participar, os respons\u00e1veis precisam fazer o check-in pelo aplicativo Multi. O circuito re\u00fane brincadeiras que exploram desafios de navega\u00e7\u00e3o, pontaria, coordena\u00e7\u00e3o e aventura.<\/p>\n<div class=\"wp-block-image\">\n<figure class=\"aligncenter size-large\"><figcaption class=\"wp-element-caption\">Foto: Divulga\u00e7\u00e3o<\/figcaption><\/figure>\n<\/div>\n<p><em>Receba not\u00edcias do\u00a0<strong>acidade on Ribeir\u00e3o\u00a0<\/strong>no WhatsApp e fique por dentro de tudo! Basta acessar o link<a href=\"https:\/\/chat.whatsapp.com\/DfXwcjKVIddHUT3BvnQuPZ?mode=hqctshi\" target=\"_blank\" rel=\"noreferrer noopener\">\u00a0aqui<\/a>!<\/em><\/p>\n<h3 class=\"wp-block-heading\">Atra\u00e7\u00f5es re\u00fanem diferentes brincadeiras<\/h3>\n<p>Uma das atividades \u00e9 \u201cNavegando com a Moana\u201d. Nela, as crian\u00e7as precisam conduzir uma bolinha por um percurso at\u00e9 o destino final sem deix\u00e1-la cair.<\/p>\n<p>O espa\u00e7o tamb\u00e9m conta com labirintos, oficina de gesso, piscina de bolinhas e tiro ao alvo. Al\u00e9m das brincadeiras, a estrutura possui espa\u00e7os tem\u00e1ticos para fotos.<\/p>\n<div class=\"wp-block-image\">\n<figure class=\"aligncenter size-large\"><img data-recalc-dims=\"1\" loading=\"lazy\" decoding=\"async\" width=\"1024\" height=\"576\" src=\"https:\/\/i0.wp.com\/www.acidadeon.com\/ribeiraopreto\/wp-content\/uploads\/sites\/3\/2026\/09\/WhatsApp-Image-2026-09-04-at-19.45.58-1024x576.jpeg?resize=1024%2C576&#038;ssl=1\" alt=\"WhatsApp Image 2026 09 04 at 19.45.58\" class=\"wp-image-173772\" title=\"Shopping de Ribeir\u00e3o Preto recebe atra\u00e7\u00f5es gratuitas inspiradas em Moana 2 2\"><figcaption class=\"wp-element-caption\">Foto: Divulga\u00e7\u00e3o<\/figcaption><\/figure>\n<\/div>\n<p>A proposta permite que as crian\u00e7as passem por diferentes etapas durante a experi\u00eancia, com atividades inspiradas no universo da personagem da Disney.<\/p>\n<h2 class=\"wp-block-heading\">Hor\u00e1rios do circuito<\/h2>\n<p>O circuito funciona de domingo a sexta-feira, das 14h \u00e0s 20h. Aos s\u00e1bados, o hor\u00e1rio \u00e9 das 12h \u00e0s 20h.<\/p>\n<p>A atra\u00e7\u00e3o tem entrada gratuita, mas exige check-in pelo aplicativo Multi.<\/p>\n<div class=\"wp-block-image\">\n<figure class=\"aligncenter size-large\"><img data-recalc-dims=\"1\" loading=\"lazy\" decoding=\"async\" width=\"1024\" height=\"682\" src=\"https:\/\/i0.wp.com\/www.acidadeon.com\/ribeiraopreto\/wp-content\/uploads\/sites\/3\/2026\/05\/link-1_2026-05-18_20-44-59-1024x682.webp?resize=1024%2C682&#038;ssl=1\" alt=\"Cirurgi\u00e3-dentista foi a sorteada na promo\u00e7\u00e3o de Dia dos Pais do Ribeir\u00e3o Shopping \u2013 Foto: Divulga\u00e7\u00e3o.\" class=\"wp-image-156741\" title=\"Shopping de Ribeir\u00e3o Preto recebe atra\u00e7\u00f5es gratuitas inspiradas em Moana 2 3\"><figcaption class=\"wp-element-caption\">Ribeir\u00e3o Shopping \u2013 Foto: Divulga\u00e7\u00e3o.<\/figcaption><\/figure>\n<\/div>\n<p><em>Fa\u00e7a uma den\u00fancia ou sugira uma reportagem sobre\u00a0<strong>Ribeir\u00e3o Preto\u00a0<\/strong>e regi\u00e3o por meio do WhatsApp do\u00a0<strong>acidade on Ribeir\u00e3o<\/strong>: (16) 99117-7802.<\/em><\/p>\n<p>O post Shopping de Ribeir\u00e3o Preto recebe atra\u00e7\u00f5es gratuitas inspiradas em Moana 2 apareceu primeiro em ACidade ON Ribeir\u00e3o Preto.<\/p>\n<p><br \/>\n<br \/><a href=\"https:\/\/www.acidadeon.com\/ribeiraopreto\/cotidiano\/shopping-de-ribeirao-preto-recebe-atracoes-gratuitas-inspiradas-em-moana-2\/\">Link para o texto original aqui <\/a><\/p>\n<!-- CONTENT END 1 -->\n","protected":false},"excerpt":{"rendered":"<p>O Ribeir\u00e3o Shopping recebe, a partir deste s\u00e1bado (5), um circuito infantil inspirado no filme Moana 2. A atra\u00e7\u00e3o fica na Pra\u00e7a de Eventos A&#8230;<\/p>\n","protected":false},"author":1,"featured_media":91129,"comment_status":"","ping_status":"","sticky":false,"template":"","format":"standard","meta":{"advanced_seo_description":"","jetpack_seo_html_title":"","jetpack_seo_noindex":false,"jetpack_seo_schema_type":"","_jetpack_newsletter_access":"","_jetpack_dont_email_post_to_subs":false,"_jetpack_newsletter_tier_id":0,"_jetpack_memberships_contains_paywalled_content":false,"_jetpack_feature_clip_id":0,"_jetpack_memberships_contains_paid_content":false,"footnotes":"","jetpack_publicize_message":"","jetpack_publicize_feature_enabled":true,"jetpack_social_post_already_shared":true,"jetpack_social_options":{"image_generator_settings":{"template":"highway","default_image_id":0,"font":"","enabled":false},"version":2},"jetpack_post_was_ever_published":false},"categories":[11],"tags":[8943,1677,211,8944,8945,27,407,26,302],"class_list":["post-91128","post","type-post","status-publish","format-standard","has-post-thumbnail","hentry","category-noticias-de-ribeirao-preto-sp-e-regiao-ismael-colosi","tag-atrac","tag-atracoes","tag-gratuitas","tag-inspiradas","tag-moana","tag-preto","tag-recebe","tag-ribeirao","tag-shopping"],"jetpack_publicize_connections":[],"jetpack-related-posts":[{"id":80748,"url":"https:\/\/noticiasribeiraopreto.com.br\/index.php\/2025\/12\/12\/circuito-de-natal-leva-desfile-e-programacao-gratuita-a-cidade-da-regiao-de-ribeirao-preto\/","url_meta":{"origin":91128,"position":0},"title":"Circuito de Natal leva desfile e programa\u00e7\u00e3o gratuita a cidade da regi\u00e3o de Ribeir\u00e3o Preto","author":"noticiasribeiraopreto.com.br","date":"12 de December de 2025","format":false,"excerpt":"A regi\u00e3o de Ribeir\u00e3o Preto se prepara para receber mais uma edi\u00e7\u00e3o do Circuito Credicitrus de Natal, que encerra a temporada 2025 em Barretos, neste s\u00e1bado (13), a partir das 17h, na Pra\u00e7a Francisco Barreto, no Centro. O evento j\u00e1 passou por Pitangueiras, Mogi Mirim, Monte Apraz\u00edvel e Len\u00e7\u00f3is Paulista\u2026","rel":"","context":"In &quot;Not\u00edcias de Ribeir\u00e3o Preto-SP e Regi\u00e3o&quot;","block_context":{"text":"Not\u00edcias de Ribeir\u00e3o Preto-SP e Regi\u00e3o","link":"https:\/\/noticiasribeiraopreto.com.br\/index.php\/category\/noticias-de-ribeirao-preto-sp-e-regiao-ismael-colosi\/"},"img":{"alt_text":"","src":"https:\/\/i0.wp.com\/noticiasribeiraopreto.com.br\/wp-content\/uploads\/2025\/12\/Circuito-Pitangueiras-565_2025-12-12_17-47-10.webp.webp?fit=1200%2C800&ssl=1&resize=350%2C200","width":350,"height":200,"srcset":"https:\/\/i0.wp.com\/noticiasribeiraopreto.com.br\/wp-content\/uploads\/2025\/12\/Circuito-Pitangueiras-565_2025-12-12_17-47-10.webp.webp?fit=1200%2C800&ssl=1&resize=350%2C200 1x, https:\/\/i0.wp.com\/noticiasribeiraopreto.com.br\/wp-content\/uploads\/2025\/12\/Circuito-Pitangueiras-565_2025-12-12_17-47-10.webp.webp?fit=1200%2C800&ssl=1&resize=525%2C300 1.5x, https:\/\/i0.wp.com\/noticiasribeiraopreto.com.br\/wp-content\/uploads\/2025\/12\/Circuito-Pitangueiras-565_2025-12-12_17-47-10.webp.webp?fit=1200%2C800&ssl=1&resize=700%2C400 2x, https:\/\/i0.wp.com\/noticiasribeiraopreto.com.br\/wp-content\/uploads\/2025\/12\/Circuito-Pitangueiras-565_2025-12-12_17-47-10.webp.webp?fit=1200%2C800&ssl=1&resize=1050%2C600 3x"},"classes":[]},{"id":71962,"url":"https:\/\/noticiasribeiraopreto.com.br\/index.php\/2025\/06\/11\/cinema-ao-ar-livre-e-pipoca-de-graca-ribeirao-preto-recebe-projeto-movido-a-energia-solar\/","url_meta":{"origin":91128,"position":1},"title":"Cinema ao ar livre e pipoca de gra\u00e7a? Ribeir\u00e3o Preto recebe projeto movido a energia solar","author":"noticiasribeiraopreto.com.br","date":"11 de June de 2025","format":false,"excerpt":"O projeto Cine C\u00e9u, cinema itinerante movido a energia solar, chega a Ribeir\u00e3o Preto com 10 sess\u00f5es gratuitas ao ar livre entre 13 de junho e 9 de agosto, em pra\u00e7as, escolas e centros comunit\u00e1rios. A programa\u00e7\u00e3o conta com a exibi\u00e7\u00e3o do filme \u201cMoana \u2013 Um Mar de Aventuras\u201d, al\u00e9m\u2026","rel":"","context":"In &quot;Not\u00edcias de Ribeir\u00e3o Preto-SP e Regi\u00e3o&quot;","block_context":{"text":"Not\u00edcias de Ribeir\u00e3o Preto-SP e Regi\u00e3o","link":"https:\/\/noticiasribeiraopreto.com.br\/index.php\/category\/noticias-de-ribeirao-preto-sp-e-regiao-ismael-colosi\/"},"img":{"alt_text":"","src":"https:\/\/i0.wp.com\/noticiasribeiraopreto.com.br\/wp-content\/uploads\/2025\/06\/a.ok_.cinema.capa_1_2025-06-11_20-57-38.webp.webp?fit=1000%2C666&ssl=1&resize=350%2C200","width":350,"height":200,"srcset":"https:\/\/i0.wp.com\/noticiasribeiraopreto.com.br\/wp-content\/uploads\/2025\/06\/a.ok_.cinema.capa_1_2025-06-11_20-57-38.webp.webp?fit=1000%2C666&ssl=1&resize=350%2C200 1x, https:\/\/i0.wp.com\/noticiasribeiraopreto.com.br\/wp-content\/uploads\/2025\/06\/a.ok_.cinema.capa_1_2025-06-11_20-57-38.webp.webp?fit=1000%2C666&ssl=1&resize=525%2C300 1.5x, https:\/\/i0.wp.com\/noticiasribeiraopreto.com.br\/wp-content\/uploads\/2025\/06\/a.ok_.cinema.capa_1_2025-06-11_20-57-38.webp.webp?fit=1000%2C666&ssl=1&resize=700%2C400 2x"},"classes":[]},{"id":87622,"url":"https:\/\/noticiasribeiraopreto.com.br\/index.php\/2026\/07\/06\/shopping-de-ribeirao-preto-recebe-atracao-inedita-inspirada-em-toy-story\/","url_meta":{"origin":91128,"position":2},"title":"Toy Story: shopping de Ribeir\u00e3o Preto recebe atra\u00e7\u00e3o in\u00e9dita com jogos e cen\u00e1rios tem\u00e1ticos","author":"noticiasribeiraopreto.com.br","date":"6 de July de 2026","format":false,"excerpt":"O Ribeir\u00e3o Shopping, na zona Sul da cidade, recebe uma atra\u00e7\u00e3o imersiva in\u00e9dita inspirada na franquia da Toy Story durante o per\u00edodo de f\u00e9rias escolares. A experi\u00eancia ocupa a Pra\u00e7a de Eventos A e tem entrada gratuita mediante resgate pelo aplicativo Multi. Voltada para crian\u00e7as e fam\u00edlias, a atra\u00e7\u00e3o prop\u00f5e\u2026","rel":"","context":"In &quot;Not\u00edcias de Ribeir\u00e3o Preto-SP e Regi\u00e3o&quot;","block_context":{"text":"Not\u00edcias de Ribeir\u00e3o Preto-SP e Regi\u00e3o","link":"https:\/\/noticiasribeiraopreto.com.br\/index.php\/category\/noticias-de-ribeirao-preto-sp-e-regiao-ismael-colosi\/"},"img":{"alt_text":"","src":"https:\/\/i0.wp.com\/noticiasribeiraopreto.com.br\/wp-content\/uploads\/2026\/07\/IMG_2023_2026-07-06_20-08-42.webp.webp?fit=1200%2C800&ssl=1&resize=350%2C200","width":350,"height":200,"srcset":"https:\/\/i0.wp.com\/noticiasribeiraopreto.com.br\/wp-content\/uploads\/2026\/07\/IMG_2023_2026-07-06_20-08-42.webp.webp?fit=1200%2C800&ssl=1&resize=350%2C200 1x, https:\/\/i0.wp.com\/noticiasribeiraopreto.com.br\/wp-content\/uploads\/2026\/07\/IMG_2023_2026-07-06_20-08-42.webp.webp?fit=1200%2C800&ssl=1&resize=525%2C300 1.5x, https:\/\/i0.wp.com\/noticiasribeiraopreto.com.br\/wp-content\/uploads\/2026\/07\/IMG_2023_2026-07-06_20-08-42.webp.webp?fit=1200%2C800&ssl=1&resize=700%2C400 2x, https:\/\/i0.wp.com\/noticiasribeiraopreto.com.br\/wp-content\/uploads\/2026\/07\/IMG_2023_2026-07-06_20-08-42.webp.webp?fit=1200%2C800&ssl=1&resize=1050%2C600 3x"},"classes":[]},{"id":62638,"url":"https:\/\/noticiasribeiraopreto.com.br\/index.php\/2025\/01\/20\/shopping-de-ribeirao-preto-recebe-experiencia-imersiva-com-atracoes-gratuitas\/","url_meta":{"origin":91128,"position":3},"title":"Shopping de Ribeir\u00e3o Preto recebe experi\u00eancia imersiva com atra\u00e7\u00f5es gratuitas","author":"noticiasribeiraopreto.com.br","date":"20 de January de 2025","format":false,"excerpt":"O Shopping Iguatemi de Ribeir\u00e3o Preto recebe a partir desta segunda-feira (20), uma experi\u00eancia gratuita da Disney+ que re\u00fane grandes marcas da cultura pop em atividades interativas e imersivas. A atra\u00e7\u00e3o acontece at\u00e9 o dia 20 de fevereiro, e re\u00fane \u00e1reas tem\u00e1ticas inspiradas em marcas da The Walt Disney Company,\u2026","rel":"","context":"In &quot;Not\u00edcias de Ribeir\u00e3o Preto-SP e Regi\u00e3o&quot;","block_context":{"text":"Not\u00edcias de Ribeir\u00e3o Preto-SP e Regi\u00e3o","link":"https:\/\/noticiasribeiraopreto.com.br\/index.php\/category\/noticias-de-ribeirao-preto-sp-e-regiao-ismael-colosi\/"},"img":{"alt_text":"","src":"https:\/\/i0.wp.com\/noticiasribeiraopreto.com.br\/wp-content\/uploads\/2025\/01\/Copia-de-Copia-de-Copia-de-TAMANHO-EXATO-PARA-FOTOS-NO-SISTEMA-NOVO-2025-01-20T125329.957_2025-01-20_15-54-11_png_2025-01-20_15-54-11.webp.webp?fit=1200%2C675&ssl=1&resize=350%2C200","width":350,"height":200,"srcset":"https:\/\/i0.wp.com\/noticiasribeiraopreto.com.br\/wp-content\/uploads\/2025\/01\/Copia-de-Copia-de-Copia-de-TAMANHO-EXATO-PARA-FOTOS-NO-SISTEMA-NOVO-2025-01-20T125329.957_2025-01-20_15-54-11_png_2025-01-20_15-54-11.webp.webp?fit=1200%2C675&ssl=1&resize=350%2C200 1x, https:\/\/i0.wp.com\/noticiasribeiraopreto.com.br\/wp-content\/uploads\/2025\/01\/Copia-de-Copia-de-Copia-de-TAMANHO-EXATO-PARA-FOTOS-NO-SISTEMA-NOVO-2025-01-20T125329.957_2025-01-20_15-54-11_png_2025-01-20_15-54-11.webp.webp?fit=1200%2C675&ssl=1&resize=525%2C300 1.5x, https:\/\/i0.wp.com\/noticiasribeiraopreto.com.br\/wp-content\/uploads\/2025\/01\/Copia-de-Copia-de-Copia-de-TAMANHO-EXATO-PARA-FOTOS-NO-SISTEMA-NOVO-2025-01-20T125329.957_2025-01-20_15-54-11_png_2025-01-20_15-54-11.webp.webp?fit=1200%2C675&ssl=1&resize=700%2C400 2x, https:\/\/i0.wp.com\/noticiasribeiraopreto.com.br\/wp-content\/uploads\/2025\/01\/Copia-de-Copia-de-Copia-de-TAMANHO-EXATO-PARA-FOTOS-NO-SISTEMA-NOVO-2025-01-20T125329.957_2025-01-20_15-54-11_png_2025-01-20_15-54-11.webp.webp?fit=1200%2C675&ssl=1&resize=1050%2C600 3x"},"classes":[]},{"id":60888,"url":"https:\/\/noticiasribeiraopreto.com.br\/index.php\/2024\/11\/28\/moana-2-e-a-contadora-de-filmes-estreiam-nos-cinemas-de-ribeirao-preto\/","url_meta":{"origin":91128,"position":4},"title":"\u2018Moana 2\u2019 e \u2018A Contadora de Filmes\u2019 estreiam nos cinemas de Ribeir\u00e3o Preto","author":"noticiasribeiraopreto.com.br","date":"28 de November de 2024","format":false,"excerpt":"Esta quinta-feira (28) \u00e9 marcada pelo lan\u00e7amento de dois filmes nos cinemas de Ribeir\u00e3o Preto. Uma das grandes apostas do ano \u201cMoana 2\u201d e o longa chileno \u201cA Contadora de Filmes\u201d entram em cartaz. Ribeir\u00e3o Preto conta com quatro cinemas, o UCI localizado no Ribeir\u00e3o Shopping, o Cinep\u00f3lis nos shoppings\u2026","rel":"","context":"In &quot;Not\u00edcias de Ribeir\u00e3o Preto-SP e Regi\u00e3o&quot;","block_context":{"text":"Not\u00edcias de Ribeir\u00e3o Preto-SP e Regi\u00e3o","link":"https:\/\/noticiasribeiraopreto.com.br\/index.php\/category\/noticias-de-ribeirao-preto-sp-e-regiao-ismael-colosi\/"},"img":{"alt_text":"","src":"https:\/\/i0.wp.com\/noticiasribeiraopreto.com.br\/wp-content\/uploads\/2024\/11\/novo-poster-moana_2024-11-28_12-14-29.webp.webp?fit=1200%2C675&ssl=1&resize=350%2C200","width":350,"height":200,"srcset":"https:\/\/i0.wp.com\/noticiasribeiraopreto.com.br\/wp-content\/uploads\/2024\/11\/novo-poster-moana_2024-11-28_12-14-29.webp.webp?fit=1200%2C675&ssl=1&resize=350%2C200 1x, https:\/\/i0.wp.com\/noticiasribeiraopreto.com.br\/wp-content\/uploads\/2024\/11\/novo-poster-moana_2024-11-28_12-14-29.webp.webp?fit=1200%2C675&ssl=1&resize=525%2C300 1.5x, https:\/\/i0.wp.com\/noticiasribeiraopreto.com.br\/wp-content\/uploads\/2024\/11\/novo-poster-moana_2024-11-28_12-14-29.webp.webp?fit=1200%2C675&ssl=1&resize=700%2C400 2x, https:\/\/i0.wp.com\/noticiasribeiraopreto.com.br\/wp-content\/uploads\/2024\/11\/novo-poster-moana_2024-11-28_12-14-29.webp.webp?fit=1200%2C675&ssl=1&resize=1050%2C600 3x"},"classes":[]},{"id":89787,"url":"https:\/\/noticiasribeiraopreto.com.br\/index.php\/2026\/08\/11\/praca-tera-noite-com-musica-gastronomia-capoeira-e-atracoes-gratuitas-veja-quando\/","url_meta":{"origin":91128,"position":5},"title":"Pra\u00e7a ter\u00e1 noite com m\u00fasica, gastronomia, capoeira e atra\u00e7\u00f5es gratuitas; Veja quando","author":"noticiasribeiraopreto.com.br","date":"11 de August de 2026","format":false,"excerpt":"Ribeir\u00e3o Preto recebe, nesta quinta-feira (13), mais uma edi\u00e7\u00e3o do \u201cRol\u00ea na Pra\u00e7a\u201d, que desta vez ter\u00e1 uma programa\u00e7\u00e3o especial em celebra\u00e7\u00e3o ao Dia dos Pais. O evento ser\u00e1 realizado das 18h \u00e0s 22h, na Pra\u00e7a do Canh\u00e3o, na zona Leste da cidade. Com entrada gratuita, a programa\u00e7\u00e3o re\u00fane atra\u00e7\u00f5es\u2026","rel":"","context":"In &quot;Not\u00edcias de Ribeir\u00e3o Preto-SP e Regi\u00e3o&quot;","block_context":{"text":"Not\u00edcias de Ribeir\u00e3o Preto-SP e Regi\u00e3o","link":"https:\/\/noticiasribeiraopreto.com.br\/index.php\/category\/noticias-de-ribeirao-preto-sp-e-regiao-ismael-colosi\/"},"img":{"alt_text":"","src":"https:\/\/i0.wp.com\/noticiasribeiraopreto.com.br\/wp-content\/uploads\/2026\/08\/1786464153_whatsapp-2.jpg?fit=1200%2C675&ssl=1&resize=350%2C200","width":350,"height":200,"srcset":"https:\/\/i0.wp.com\/noticiasribeiraopreto.com.br\/wp-content\/uploads\/2026\/08\/1786464153_whatsapp-2.jpg?fit=1200%2C675&ssl=1&resize=350%2C200 1x, https:\/\/i0.wp.com\/noticiasribeiraopreto.com.br\/wp-content\/uploads\/2026\/08\/1786464153_whatsapp-2.jpg?fit=1200%2C675&ssl=1&resize=525%2C300 1.5x, https:\/\/i0.wp.com\/noticiasribeiraopreto.com.br\/wp-content\/uploads\/2026\/08\/1786464153_whatsapp-2.jpg?fit=1200%2C675&ssl=1&resize=700%2C400 2x, https:\/\/i0.wp.com\/noticiasribeiraopreto.com.br\/wp-content\/uploads\/2026\/08\/1786464153_whatsapp-2.jpg?fit=1200%2C675&ssl=1&resize=1050%2C600 3x"},"classes":[]}],"jetpack_sharing_enabled":true,"jetpack_shortlink":"https:\/\/wp.me\/peQAOb-nHO","jetpack_featured_media_url":"https:\/\/i0.wp.com\/noticiasribeiraopreto.com.br\/wp-content\/uploads\/2026\/09\/WhatsApp-Image-2026-09-04-at-19.45.58-1-3-1024x576.jpeg?fit=1024%2C576&ssl=1","_links":{"self":[{"href":"https:\/\/noticiasribeiraopreto.com.br\/index.php\/wp-json\/wp\/v2\/posts\/91128","targetHints":{"allow":["GET"]}}],"collection":[{"href":"https:\/\/noticiasribeiraopreto.com.br\/index.php\/wp-json\/wp\/v2\/posts"}],"about":[{"href":"https:\/\/noticiasribeiraopreto.com.br\/index.php\/wp-json\/wp\/v2\/types\/post"}],"author":[{"embeddable":true,"href":"https:\/\/noticiasribeiraopreto.com.br\/index.php\/wp-json\/wp\/v2\/users\/1"}],"replies":[{"embeddable":true,"href":"https:\/\/noticiasribeiraopreto.com.br\/index.php\/wp-json\/wp\/v2\/comments?post=91128"}],"version-history":[{"count":0,"href":"https:\/\/noticiasribeiraopreto.com.br\/index.php\/wp-json\/wp\/v2\/posts\/91128\/revisions"}],"wp:featuredmedia":[{"embeddable":true,"href":"https:\/\/noticiasribeiraopreto.com.br\/index.php\/wp-json\/wp\/v2\/media\/91129"}],"wp:attachment":[{"href":"https:\/\/noticiasribeiraopreto.com.br\/index.php\/wp-json\/wp\/v2\/media?parent=91128"}],"wp:term":[{"taxonomy":"category","embeddable":true,"href":"https:\/\/noticiasribeiraopreto.com.br\/index.php\/wp-json\/wp\/v2\/categories?post=91128"},{"taxonomy":"post_tag","embeddable":true,"href":"https:\/\/noticiasribeiraopreto.com.br\/index.php\/wp-json\/wp\/v2\/tags?post=91128"}],"curies":[{"name":"wp","href":"https:\/\/api.w.org\/{rel}","templated":true}]}}