{"id":91130,"date":"2026-09-04T20:56:45","date_gmt":"2026-09-04T23:56:45","guid":{"rendered":"https:\/\/noticiasribeiraopreto.com.br\/index.php\/2026\/09\/04\/motorista-de-carro-de-luxo-que-causou-acidente-fatal-na-anhanguera-e-identificado\/"},"modified":"2026-09-04T20:56:45","modified_gmt":"2026-09-04T23:56:45","slug":"motorista-de-carro-de-luxo-que-causou-acidente-fatal-na-anhanguera-e-identificado","status":"publish","type":"post","link":"https:\/\/noticiasribeiraopreto.com.br\/index.php\/2026\/09\/04\/motorista-de-carro-de-luxo-que-causou-acidente-fatal-na-anhanguera-e-identificado\/","title":{"rendered":"Motorista de carro de luxo que causou acidente fatal na Anhanguera \u00e9 identificado"},"content":{"rendered":"<div class='code-block code-block-1' style='margin: 8px 0 8px auto; text-align: right; display: block; clear: both;'>\n<p><a href=\"https:\/\/wa.link\/vpicfd\"><img data-recalc-dims=\"1\" class=\"wp-image-4922\" style=\"aspect-ratio: 2.0253164556962027; width: 561px; height: auto;\" src=\"https:\/\/i0.wp.com\/ismaelcolosi.com.br\/wp-content\/uploads\/2023\/11\/grupo-de-empregos-whatsapp-e-facebook-ismael-colosi-vagas.jpg?ssl=1\" alt=\"\" \/><\/a><\/p>\n<!-- \/wp:image -->\n<\/div>\n<p> <br \/>\n<\/p>\n<p>O <strong>motorista do carro de luxo envolvido no acidente que matou um mec\u00e2nico de 29 anos<\/strong> na madrugada desta sexta-feira (4), na rodovia Anhanguera, em Ituverava, no interior de S\u00e3o Paulo, foi identificado como o empres\u00e1rio e engenheiro <strong>Jean Carlos Rodrigues<\/strong>, de 59 anos.<\/p>\n<h2 class=\"wp-block-heading\">Motorista estava sem CNH <\/h2>\n<p>Segundo informa\u00e7\u00f5es apuradas pela EPTV, <strong>Jean Carlos dirigia sem habilita\u00e7\u00e3o e apresentava n\u00edvel de \u00e1lcool no sangue quase tr\u00eas vezes acima do limite permitido<\/strong>. Ele teria invadido a contram\u00e3o e atingido uma picape ocupada por dois trabalhadores.<\/p>\n<p>O mec\u00e2nico Wesley Rodrigues Maciel, de 29 anos, estava na picape e morreu ap\u00f3s ser socorrido e encaminhado ao hospital. Ele viajava a trabalho acompanhado de um colega, que tamb\u00e9m <strong>ficou ferido e permanece internado em estado grave.<\/strong><\/p>\n<p class=\"has-text-align-center has-small-font-size\"><em>Receba not\u00edcias do\u00a0<strong>acidade on Ribeir\u00e3o\u00a0<\/strong>no WhatsApp e fique por dentro de tudo! Basta acessar o link<a href=\"https:\/\/chat.whatsapp.com\/DfXwcjKVIddHUT3BvnQuPZ?mode=hqctshi\" target=\"_blank\" rel=\"noreferrer noopener\">\u00a0aqui<\/a>!<\/em><\/p>\n<div class=\"wp-block-image\">\n<figure class=\"aligncenter size-large\"><figcaption class=\"wp-element-caption\">Acidente aconteceu na madrugada desta sexta-feira (4) \u2013 Foto: CCM\/ Anhanguera.<\/figcaption><\/figure>\n<\/div>\n<h2 class=\"wp-block-heading\">Motorista foi preso em flagrante<\/h2>\n<p><strong>Jean Carlos n\u00e3o sofreu ferimentos no acidente e foi preso em flagrante. <\/strong>De acordo com as informa\u00e7\u00f5es da ocorr\u00eancia, ele deve responder por homic\u00eddio culposo na dire\u00e7\u00e3o de ve\u00edculo automotor, com agravante relacionado \u00e0 embriaguez ao volante.<\/p>\n<p>O motorista tamb\u00e9m foi autuado por dirigir sem habilita\u00e7\u00e3o.<\/p>\n<figure class=\"wp-block-gallery has-nested-images columns-default is-cropped wp-block-gallery-1 is-layout-flex wp-block-gallery-is-layout-flex\">\n<figure class=\"wp-block-image size-large\"><img data-recalc-dims=\"1\" loading=\"lazy\" decoding=\"async\" width=\"1024\" height=\"576\" data-id=\"173655\" src=\"https:\/\/i0.wp.com\/www.acidadeon.com\/ribeiraopreto\/wp-content\/uploads\/sites\/3\/2026\/09\/anhanguera-ituverava-2-1024x576.jpg?resize=1024%2C576&#038;ssl=1\" alt=\"Acidente aconteceu na madrugada desta sexta-feira (4) - Foto: CCM\/ Anhanguera.\" class=\"wp-image-173655\" title=\"Motorista de carro de luxo que causou acidente fatal na Anhanguera \u00e9 identificado 2\"><figcaption class=\"wp-element-caption\">Acidente aconteceu na madrugada desta sexta-feira (4) \u2013 Foto: CCM\/ Anhanguera.<\/figcaption><\/figure>\n<figure class=\"wp-block-image size-large\"><img data-recalc-dims=\"1\" loading=\"lazy\" decoding=\"async\" width=\"1024\" height=\"576\" data-id=\"173653\" src=\"https:\/\/i0.wp.com\/www.acidadeon.com\/ribeiraopreto\/wp-content\/uploads\/sites\/3\/2026\/09\/anhanguera-ituverava-4-1024x576.jpg?resize=1024%2C576&#038;ssl=1\" alt=\"Acidente aconteceu na madrugada desta sexta-feira (4) - Foto: CCM\/ Anhanguera.\" class=\"wp-image-173653\" title=\"Motorista de carro de luxo que causou acidente fatal na Anhanguera \u00e9 identificado 3\"><figcaption class=\"wp-element-caption\">Acidente aconteceu na madrugada desta sexta-feira (4) \u2013 Foto: CCM\/ Anhanguera.<\/figcaption><\/figure>\n<figure class=\"wp-block-image size-large\"><img data-recalc-dims=\"1\" loading=\"lazy\" decoding=\"async\" width=\"1024\" height=\"576\" data-id=\"173652\" src=\"https:\/\/i0.wp.com\/www.acidadeon.com\/ribeiraopreto\/wp-content\/uploads\/sites\/3\/2026\/09\/anhanguera-ituverava-5-1024x576.jpg?resize=1024%2C576&#038;ssl=1\" alt=\"Acidente aconteceu na madrugada desta sexta-feira (4) - Foto: CCM\/ Anhanguera.\" class=\"wp-image-173652\" title=\"Motorista de carro de luxo que causou acidente fatal na Anhanguera \u00e9 identificado 4\"><figcaption class=\"wp-element-caption\">Acidente aconteceu na madrugada desta sexta-feira (4) \u2013 Foto: CCM\/ Anhanguera.<\/figcaption><\/figure>\n<\/figure>\n<hr class=\"wp-block-separator has-alpha-channel-opacity\">\n<p class=\"has-text-align-center has-small-font-size\"><em>Fa\u00e7a uma den\u00fancia ou sugira uma reportagem sobre\u00a0<strong>Ribeir\u00e3o Preto\u00a0<\/strong>e regi\u00e3o por meio do WhatsApp do\u00a0<strong>acidade on Ribeir\u00e3o<\/strong>: (16) 99117-7802.<\/em><\/p>\n<\/p>\n<p>O post Motorista de carro de luxo que causou acidente fatal na Anhanguera \u00e9 identificado apareceu primeiro em ACidade ON Ribeir\u00e3o Preto.<\/p>\n<p><br \/>\n<br \/><a href=\"https:\/\/www.acidadeon.com\/ribeiraopreto\/cotidiano\/motorista-de-carro-de-luxo-que-causou-acidente-fatal-na-anhanguera-e-identificado\/\">Link para o texto original aqui <\/a><\/p>\n<!-- CONTENT END 1 -->\n","protected":false},"excerpt":{"rendered":"<p>O motorista do carro de luxo envolvido no acidente que matou um mec\u00e2nico de 29 anos na madrugada desta sexta-feira (4), na rodovia Anhanguera, em&#8230;<\/p>\n","protected":false},"author":1,"featured_media":91131,"comment_status":"","ping_status":"","sticky":false,"template":"","format":"standard","meta":{"advanced_seo_description":"","jetpack_seo_html_title":"","jetpack_seo_noindex":false,"jetpack_seo_schema_type":"","_jetpack_newsletter_access":"","_jetpack_dont_email_post_to_subs":false,"_jetpack_newsletter_tier_id":0,"_jetpack_memberships_contains_paywalled_content":false,"_jetpack_feature_clip_id":0,"_jetpack_memberships_contains_paid_content":false,"footnotes":"","jetpack_publicize_message":"","jetpack_publicize_feature_enabled":true,"jetpack_social_post_already_shared":true,"jetpack_social_options":{"image_generator_settings":{"template":"highway","default_image_id":0,"font":"","enabled":false},"version":2},"jetpack_post_was_ever_published":false},"categories":[11],"tags":[74,1433,295,7990,392,7350,455,319],"class_list":["post-91130","post","type-post","status-publish","format-standard","has-post-thumbnail","hentry","category-noticias-de-ribeirao-preto-sp-e-regiao-ismael-colosi","tag-acidente","tag-anhanguera","tag-carro","tag-causou","tag-fatal","tag-identificado","tag-luxo","tag-motorista"],"jetpack_publicize_connections":[],"jetpack-related-posts":[{"id":91098,"url":"https:\/\/noticiasribeiraopreto.com.br\/index.php\/2026\/09\/04\/mecanico-de-29-anos-que-morreu-em-acidente-na-anhanguera-viajava-a-trabalho\/","url_meta":{"origin":91130,"position":0},"title":"Mec\u00e2nico de 29 anos que morreu em acidente na Anhanguera viajava a trabalho","author":"noticiasribeiraopreto.com.br","date":"4 de September de 2026","format":false,"excerpt":"Foi identificado como Wesley Rodrigues Maciel, de 29 anos, a v\u00edtima do acidente entre uma picape e uma SUV na madrugada desta sexta-feira (4), na rodovia Anhanguera (SP-330), em Ituverava, no interior de S\u00e3o Paulo. De acordo com apura\u00e7\u00e3o da EPTV, o homem era mec\u00e2nico e seguia para Maril\u00e2ndia (ES),\u2026","rel":"","context":"In &quot;Not\u00edcias de Ribeir\u00e3o Preto-SP e Regi\u00e3o&quot;","block_context":{"text":"Not\u00edcias de Ribeir\u00e3o Preto-SP e Regi\u00e3o","link":"https:\/\/noticiasribeiraopreto.com.br\/index.php\/category\/noticias-de-ribeirao-preto-sp-e-regiao-ismael-colosi\/"},"img":{"alt_text":"","src":"https:\/\/i0.wp.com\/noticiasribeiraopreto.com.br\/wp-content\/uploads\/2026\/09\/roubo-jardinopolis-familia-4.jpg?fit=1200%2C675&ssl=1&resize=350%2C200","width":350,"height":200,"srcset":"https:\/\/i0.wp.com\/noticiasribeiraopreto.com.br\/wp-content\/uploads\/2026\/09\/roubo-jardinopolis-familia-4.jpg?fit=1200%2C675&ssl=1&resize=350%2C200 1x, https:\/\/i0.wp.com\/noticiasribeiraopreto.com.br\/wp-content\/uploads\/2026\/09\/roubo-jardinopolis-familia-4.jpg?fit=1200%2C675&ssl=1&resize=525%2C300 1.5x, https:\/\/i0.wp.com\/noticiasribeiraopreto.com.br\/wp-content\/uploads\/2026\/09\/roubo-jardinopolis-familia-4.jpg?fit=1200%2C675&ssl=1&resize=700%2C400 2x, https:\/\/i0.wp.com\/noticiasribeiraopreto.com.br\/wp-content\/uploads\/2026\/09\/roubo-jardinopolis-familia-4.jpg?fit=1200%2C675&ssl=1&resize=1050%2C600 3x"},"classes":[]},{"id":90908,"url":"https:\/\/noticiasribeiraopreto.com.br\/index.php\/2026\/09\/01\/motorista-de-caminhonete-que-atingiu-carro-estacionado-em-alta-velocidade-e-identificado\/","url_meta":{"origin":91130,"position":1},"title":"Identificado motorista de caminhonete em alta velocidade que atingiu carro estacionado","author":"noticiasribeiraopreto.com.br","date":"1 de September de 2026","format":false,"excerpt":"O motorista da caminhonete que estava em alta velocidade e atingiu um carro estacionado em Batatais, na regi\u00e3o de Ribeir\u00e3o Preto, no \u00faltimo s\u00e1bado (29), foi identificado como Marcelo Costa Gomes. Segundo as investiga\u00e7\u00f5es, o farmac\u00eautico \u00e9 o homem que aparece inicialmente gesticulando ao lado de um carro branco estacionado.\u2026","rel":"","context":"In &quot;Not\u00edcias de Ribeir\u00e3o Preto-SP e Regi\u00e3o&quot;","block_context":{"text":"Not\u00edcias de Ribeir\u00e3o Preto-SP e Regi\u00e3o","link":"https:\/\/noticiasribeiraopreto.com.br\/index.php\/category\/noticias-de-ribeirao-preto-sp-e-regiao-ismael-colosi\/"},"img":{"alt_text":"","src":"https:\/\/i0.wp.com\/noticiasribeiraopreto.com.br\/wp-content\/uploads\/2026\/09\/acidente-batatais-1-1.jpg?fit=1200%2C675&ssl=1&resize=350%2C200","width":350,"height":200,"srcset":"https:\/\/i0.wp.com\/noticiasribeiraopreto.com.br\/wp-content\/uploads\/2026\/09\/acidente-batatais-1-1.jpg?fit=1200%2C675&ssl=1&resize=350%2C200 1x, https:\/\/i0.wp.com\/noticiasribeiraopreto.com.br\/wp-content\/uploads\/2026\/09\/acidente-batatais-1-1.jpg?fit=1200%2C675&ssl=1&resize=525%2C300 1.5x, https:\/\/i0.wp.com\/noticiasribeiraopreto.com.br\/wp-content\/uploads\/2026\/09\/acidente-batatais-1-1.jpg?fit=1200%2C675&ssl=1&resize=700%2C400 2x, https:\/\/i0.wp.com\/noticiasribeiraopreto.com.br\/wp-content\/uploads\/2026\/09\/acidente-batatais-1-1.jpg?fit=1200%2C675&ssl=1&resize=1050%2C600 3x"},"classes":[]},{"id":80918,"url":"https:\/\/noticiasribeiraopreto.com.br\/index.php\/2025\/12\/18\/video-acidente-entre-carro-e-caminhoes-parou-anhanguera\/","url_meta":{"origin":91130,"position":2},"title":"V\u00cdDEO &#8211; Acidente entre carro e caminh\u00f5es parou Anhanguera","author":"noticiasribeiraopreto.com.br","date":"18 de December de 2025","format":false,"excerpt":"\r \r \r Colis\u00e3o ocorreu na pista sentido a Ribeir\u00e3o Preto e motorista do carro foi resgatado consciente ap\u00f3s ficar preso nas ferragens\r \r 18 de dezembro de 2025 09:0818 de dezembro de 2025 09:08 \r Compartilhar2 \r Por: Adalberto Luque Um grave acidente causou enorme congestionamento na Rodovia Anhanguera\u2026","rel":"","context":"In &quot;Not\u00edcias de Ribeir\u00e3o Preto-SP e Regi\u00e3o&quot;","block_context":{"text":"Not\u00edcias de Ribeir\u00e3o Preto-SP e Regi\u00e3o","link":"https:\/\/noticiasribeiraopreto.com.br\/index.php\/category\/noticias-de-ribeirao-preto-sp-e-regiao-ismael-colosi\/"},"img":{"alt_text":"","src":"https:\/\/i0.wp.com\/noticiasribeiraopreto.com.br\/wp-content\/uploads\/2025\/12\/18-dez-2025-acidenteanhanguera0-scaled.jpg?fit=951%2C780&ssl=1&resize=350%2C200","width":350,"height":200,"srcset":"https:\/\/i0.wp.com\/noticiasribeiraopreto.com.br\/wp-content\/uploads\/2025\/12\/18-dez-2025-acidenteanhanguera0-scaled.jpg?fit=951%2C780&ssl=1&resize=350%2C200 1x, https:\/\/i0.wp.com\/noticiasribeiraopreto.com.br\/wp-content\/uploads\/2025\/12\/18-dez-2025-acidenteanhanguera0-scaled.jpg?fit=951%2C780&ssl=1&resize=525%2C300 1.5x, https:\/\/i0.wp.com\/noticiasribeiraopreto.com.br\/wp-content\/uploads\/2025\/12\/18-dez-2025-acidenteanhanguera0-scaled.jpg?fit=951%2C780&ssl=1&resize=700%2C400 2x"},"classes":[]},{"id":51785,"url":"https:\/\/noticiasribeiraopreto.com.br\/index.php\/2024\/05\/30\/identificado-motorista-morto-em-acidente-com-onibus-de-excursao-na-anhanguera\/","url_meta":{"origin":91130,"position":3},"title":"Identificado motorista morto em acidente com \u00f4nibus de excurs\u00e3o na Anhanguera","author":"noticiasribeiraopreto.com.br","date":"30 de May de 2024","format":false,"excerpt":"A Pol\u00edcia Civil identificou o motorista de um \u00f4nibus de excurs\u00e3o que morreu na madrugada desta quinta-feira (30), em um acidente com o ve\u00edculo que transportava 66 pessoas, no km 301 da rodovia Anhanguera (SP-330), em trecho de descida entre Cravinhos e Ribeir\u00e3o Preto. Segundo o boletim de ocorr\u00eancia (BO),\u2026","rel":"","context":"In &quot;Not\u00edcias de Ribeir\u00e3o Preto-SP e Regi\u00e3o&quot;","block_context":{"text":"Not\u00edcias de Ribeir\u00e3o Preto-SP e Regi\u00e3o","link":"https:\/\/noticiasribeiraopreto.com.br\/index.php\/category\/noticias-de-ribeirao-preto-sp-e-regiao-ismael-colosi\/"},"img":{"alt_text":"","src":"https:\/\/i0.wp.com\/noticiasribeiraopreto.com.br\/wp-content\/uploads\/2024\/05\/WhatsApp-Image-2024-05-30-at-11.44.49_2024-05-30_14-45-12_jpeg_2024-05-30_14-45-13.webp.webp?fit=1200%2C675&ssl=1&resize=350%2C200","width":350,"height":200,"srcset":"https:\/\/i0.wp.com\/noticiasribeiraopreto.com.br\/wp-content\/uploads\/2024\/05\/WhatsApp-Image-2024-05-30-at-11.44.49_2024-05-30_14-45-12_jpeg_2024-05-30_14-45-13.webp.webp?fit=1200%2C675&ssl=1&resize=350%2C200 1x, https:\/\/i0.wp.com\/noticiasribeiraopreto.com.br\/wp-content\/uploads\/2024\/05\/WhatsApp-Image-2024-05-30-at-11.44.49_2024-05-30_14-45-12_jpeg_2024-05-30_14-45-13.webp.webp?fit=1200%2C675&ssl=1&resize=525%2C300 1.5x, https:\/\/i0.wp.com\/noticiasribeiraopreto.com.br\/wp-content\/uploads\/2024\/05\/WhatsApp-Image-2024-05-30-at-11.44.49_2024-05-30_14-45-12_jpeg_2024-05-30_14-45-13.webp.webp?fit=1200%2C675&ssl=1&resize=700%2C400 2x, https:\/\/i0.wp.com\/noticiasribeiraopreto.com.br\/wp-content\/uploads\/2024\/05\/WhatsApp-Image-2024-05-30-at-11.44.49_2024-05-30_14-45-12_jpeg_2024-05-30_14-45-13.webp.webp?fit=1200%2C675&ssl=1&resize=1050%2C600 3x"},"classes":[]},{"id":54020,"url":"https:\/\/noticiasribeiraopreto.com.br\/index.php\/2024\/06\/27\/identificado-motorista-morto-ao-descer-de-picape-apos-acidente-em-rodovia-de-ribeirao\/","url_meta":{"origin":91130,"position":4},"title":"Identificado motorista morto ao descer de picape ap\u00f3s acidente em rodovia de Ribeir\u00e3o","author":"noticiasribeiraopreto.com.br","date":"27 de June de 2024","format":false,"excerpt":"A Pol\u00edcia Civil identificou o motorista morto ap\u00f3s descer do ve\u00edculo em um acidente de tr\u00e2nsito e ser atropelado na noite desta quarta-feira (26), na rodovia Jos\u00e9 Fregonesi (SP-328), que liga Ribeir\u00e3o Preto a Bonfim Paulista. Segundo o boletim de ocorr\u00eancia (BO), Luiz Arnaldo de Souza, de 54 anos, morreu\u2026","rel":"","context":"In &quot;Not\u00edcias de Ribeir\u00e3o Preto-SP e Regi\u00e3o&quot;","block_context":{"text":"Not\u00edcias de Ribeir\u00e3o Preto-SP e Regi\u00e3o","link":"https:\/\/noticiasribeiraopreto.com.br\/index.php\/category\/noticias-de-ribeirao-preto-sp-e-regiao-ismael-colosi\/"},"img":{"alt_text":"","src":"https:\/\/i0.wp.com\/noticiasribeiraopreto.com.br\/wp-content\/uploads\/2024\/06\/ACIDENTE_2024-06-27_11-55-18_jpg_2024-06-27_11-55-18.webp.webp?fit=1200%2C685&ssl=1&resize=350%2C200","width":350,"height":200,"srcset":"https:\/\/i0.wp.com\/noticiasribeiraopreto.com.br\/wp-content\/uploads\/2024\/06\/ACIDENTE_2024-06-27_11-55-18_jpg_2024-06-27_11-55-18.webp.webp?fit=1200%2C685&ssl=1&resize=350%2C200 1x, https:\/\/i0.wp.com\/noticiasribeiraopreto.com.br\/wp-content\/uploads\/2024\/06\/ACIDENTE_2024-06-27_11-55-18_jpg_2024-06-27_11-55-18.webp.webp?fit=1200%2C685&ssl=1&resize=525%2C300 1.5x, https:\/\/i0.wp.com\/noticiasribeiraopreto.com.br\/wp-content\/uploads\/2024\/06\/ACIDENTE_2024-06-27_11-55-18_jpg_2024-06-27_11-55-18.webp.webp?fit=1200%2C685&ssl=1&resize=700%2C400 2x, https:\/\/i0.wp.com\/noticiasribeiraopreto.com.br\/wp-content\/uploads\/2024\/06\/ACIDENTE_2024-06-27_11-55-18_jpg_2024-06-27_11-55-18.webp.webp?fit=1200%2C685&ssl=1&resize=1050%2C600 3x"},"classes":[]},{"id":53896,"url":"https:\/\/noticiasribeiraopreto.com.br\/index.php\/2024\/06\/25\/crianca-de-4-anos-morre-apos-acidente-com-carro-de-luxo-no-interior-de-sao-paulo\/","url_meta":{"origin":91130,"position":5},"title":"Crian\u00e7a de 4 anos morre ap\u00f3s acidente com carro de luxo no interior de S\u00e3o Paulo","author":"noticiasribeiraopreto.com.br","date":"25 de June de 2024","format":false,"excerpt":"Um acidente causado por uma BMW resultou na morte de uma crian\u00e7a de 4 anos em Bragan\u00e7a Paulista, no interior de S\u00e3o Paulo. A batida ocorreu no domingo (23). De acordo com a SSP-SP (Secretaria de Estado da Seguran\u00e7a P\u00fablica de S\u00e3o Paulo), o motorista de 36 anos foi preso\u2026","rel":"","context":"In &quot;Not\u00edcias de Ribeir\u00e3o Preto-SP e Regi\u00e3o&quot;","block_context":{"text":"Not\u00edcias de Ribeir\u00e3o Preto-SP e Regi\u00e3o","link":"https:\/\/noticiasribeiraopreto.com.br\/index.php\/category\/noticias-de-ribeirao-preto-sp-e-regiao-ismael-colosi\/"},"img":{"alt_text":"","src":"https:\/\/i0.wp.com\/noticiasribeiraopreto.com.br\/wp-content\/uploads\/2024\/06\/1719369803_PMR-3.jpg?fit=1200%2C907&ssl=1&resize=350%2C200","width":350,"height":200,"srcset":"https:\/\/i0.wp.com\/noticiasribeiraopreto.com.br\/wp-content\/uploads\/2024\/06\/1719369803_PMR-3.jpg?fit=1200%2C907&ssl=1&resize=350%2C200 1x, https:\/\/i0.wp.com\/noticiasribeiraopreto.com.br\/wp-content\/uploads\/2024\/06\/1719369803_PMR-3.jpg?fit=1200%2C907&ssl=1&resize=525%2C300 1.5x, https:\/\/i0.wp.com\/noticiasribeiraopreto.com.br\/wp-content\/uploads\/2024\/06\/1719369803_PMR-3.jpg?fit=1200%2C907&ssl=1&resize=700%2C400 2x, https:\/\/i0.wp.com\/noticiasribeiraopreto.com.br\/wp-content\/uploads\/2024\/06\/1719369803_PMR-3.jpg?fit=1200%2C907&ssl=1&resize=1050%2C600 3x"},"classes":[]}],"jetpack_sharing_enabled":true,"jetpack_shortlink":"https:\/\/wp.me\/peQAOb-nHQ","jetpack_featured_media_url":"https:\/\/i0.wp.com\/noticiasribeiraopreto.com.br\/wp-content\/uploads\/2026\/09\/motorista-anhanguera.jpg?fit=1200%2C675&ssl=1","_links":{"self":[{"href":"https:\/\/noticiasribeiraopreto.com.br\/index.php\/wp-json\/wp\/v2\/posts\/91130","targetHints":{"allow":["GET"]}}],"collection":[{"href":"https:\/\/noticiasribeiraopreto.com.br\/index.php\/wp-json\/wp\/v2\/posts"}],"about":[{"href":"https:\/\/noticiasribeiraopreto.com.br\/index.php\/wp-json\/wp\/v2\/types\/post"}],"author":[{"embeddable":true,"href":"https:\/\/noticiasribeiraopreto.com.br\/index.php\/wp-json\/wp\/v2\/users\/1"}],"replies":[{"embeddable":true,"href":"https:\/\/noticiasribeiraopreto.com.br\/index.php\/wp-json\/wp\/v2\/comments?post=91130"}],"version-history":[{"count":0,"href":"https:\/\/noticiasribeiraopreto.com.br\/index.php\/wp-json\/wp\/v2\/posts\/91130\/revisions"}],"wp:featuredmedia":[{"embeddable":true,"href":"https:\/\/noticiasribeiraopreto.com.br\/index.php\/wp-json\/wp\/v2\/media\/91131"}],"wp:attachment":[{"href":"https:\/\/noticiasribeiraopreto.com.br\/index.php\/wp-json\/wp\/v2\/media?parent=91130"}],"wp:term":[{"taxonomy":"category","embeddable":true,"href":"https:\/\/noticiasribeiraopreto.com.br\/index.php\/wp-json\/wp\/v2\/categories?post=91130"},{"taxonomy":"post_tag","embeddable":true,"href":"https:\/\/noticiasribeiraopreto.com.br\/index.php\/wp-json\/wp\/v2\/tags?post=91130"}],"curies":[{"name":"wp","href":"https:\/\/api.w.org\/{rel}","templated":true}]}}